{"id":81299,"date":"2017-10-02T18:40:06","date_gmt":"2017-10-02T18:40:06","guid":{"rendered":"http:\/\/candas365.es\/noticias\/?p=81299"},"modified":"2017-10-02T18:40:06","modified_gmt":"2017-10-02T18:40:06","slug":"xix-jornadas-municipio-y-drogodependencias-en-oviedo","status":"publish","type":"post","link":"https:\/\/candas365.es\/noticias\/xix-jornadas-municipio-y-drogodependencias-en-oviedo\/","title":{"rendered":"XIX Jornadas Municipio y Drogodependencias en Oviedo"},"content":{"rendered":"<p><img fetchpriority=\"high\" decoding=\"async\" class=\"alignleft size-medium wp-image-39230\" src=\"https:\/\/candas365.es\/noticias\/wp-content\/uploads\/2016\/12\/AUDITORIO-360x198.jpg\" alt=\"\" width=\"360\" height=\"198\" srcset=\"https:\/\/candas365.es\/noticias\/wp-content\/uploads\/2016\/12\/AUDITORIO-360x198.jpg 360w, https:\/\/candas365.es\/noticias\/wp-content\/uploads\/2016\/12\/AUDITORIO-650x357.jpg 650w, https:\/\/candas365.es\/noticias\/wp-content\/uploads\/2016\/12\/AUDITORIO-150x82.jpg 150w, https:\/\/candas365.es\/noticias\/wp-content\/uploads\/2016\/12\/AUDITORIO-450x247.jpg 450w, https:\/\/candas365.es\/noticias\/wp-content\/uploads\/2016\/12\/AUDITORIO.jpg 655w\" sizes=\"(max-width: 360px) 100vw, 360px\" \/>Los d\u00edas 4 y 5 de octubre tendr\u00e1n lugar las XIX Jornadas Municipio y Drogodependencias en la sala de c\u00e1mara del Auditorio Palacio de Congresos Pr\u00edncipe Felipe de Oviedo, organizadas por el Plan Municipal sobre Drogas, que es fruto de la colaboraci\u00f3n entre el Ayuntamiento de Oviedo y la Fundaci\u00f3n CESPA-Proyecto Hombre.<\/p>\n<p>En esta cita anual, que alcanza su decimonovena edici\u00f3n, y bajo el lema \u201cPersona-contexto-drogas\u201d, se analizar\u00e1 desde la perspectiva de la prevenci\u00f3n ambiental, la necesidad de desarrollar de manera coordinada y complementaria actuaciones dirigidas a los contextos y a las personas para aumentar la probabilidad de \u00e9xito de las intervenciones preventivas.<\/p>\n<p>Este evento reunir\u00e1 a m\u00e1s de 270 profesionales, agentes sociales, estudiantes y personas interesadas en el fen\u00f3meno de los consumos de drogas y las drogodependencias. Durante los dos d\u00edas de Jornadas habr\u00e1 ponencias, talleres, y mesas de experiencias relacionadas con la tem\u00e1tica propuesta para esta edici\u00f3n.<\/p>\n<p>As\u00ed mismo, distintas entidades del \u00e1mbito de la intervenci\u00f3n socio sanitaria, que desarrollan su trabajo en el campo de las drogodependencias, instalar\u00e1n mesas informativas en el vest\u00edbulo del Auditorio donde difundir\u00e1n informaci\u00f3n sobre las actividades que realizan<\/p>\n<p>&nbsp;<\/p>\n","protected":false},"excerpt":{"rendered":"<p>Los d\u00edas 4 y 5 de octubre tendr\u00e1n lugar las XIX Jornadas Municipio y Drogodependencias en la sala de c\u00e1mara del Auditorio Palacio de Congresos Pr\u00edncipe Felipe de Oviedo, organizadas por el Plan Municipal sobre Drogas, que es fruto de la colaboraci\u00f3n entre el Ayuntamiento de Oviedo y la Fundaci\u00f3n CESPA-Proyecto Hombre. En esta cita<\/p>\n","protected":false},"author":1,"featured_media":39230,"comment_status":"closed","ping_status":"closed","sticky":false,"template":"","format":"standard","meta":{"footnotes":""},"categories":[1],"tags":[],"class_list":{"0":"post-81299","1":"post","2":"type-post","3":"status-publish","4":"format-standard","5":"has-post-thumbnail","7":"category-agenda"},"aioseo_notices":[],"aioseo_head":"\n\t\t<!-- All in One SEO Pro 4.9.6.2 - aioseo.com -->\n\t<meta name=\"description\" content=\"Los d\u00edas 4 y 5 de octubre tendr\u00e1n lugar las XIX Jornadas Municipio y Drogodependencias en la sala de c\u00e1mara del Auditorio Palacio de Congresos Pr\u00edncipe Felipe de Oviedo, organizadas por el Plan Municipal sobre Drogas, que es fruto de la colaboraci\u00f3n entre el Ayuntamiento de Oviedo y la Fundaci\u00f3n CESPA-Proyecto Hombre. En esta cita\" \/>\n\t<meta name=\"robots\" content=\"max-image-preview:large\" \/>\n\t<meta name=\"author\" content=\"Cand\u00e1s 365\"\/>\n\t<meta name=\"google-site-verification\" content=\"UA-32230408-1\" \/>\n\t<meta name=\"msvalidate.01\" content=\"354F3CDFB2DA171B47FBE9ABF1F88D5\" \/>\n\t<meta name=\"keywords\" content=\"agenda\" \/>\n\t<link rel=\"canonical\" href=\"https:\/\/candas365.es\/noticias\/xix-jornadas-municipio-y-drogodependencias-en-oviedo\/\" \/>\n\t<meta name=\"generator\" content=\"All in One SEO Pro (AIOSEO) 4.9.6.2\" \/>\n\t\t<meta property=\"og:locale\" content=\"es_ES\" \/>\n\t\t<meta property=\"og:site_name\" content=\"Cand\u00e1s 365\" \/>\n\t\t<meta property=\"og:type\" content=\"article\" \/>\n\t\t<meta property=\"og:title\" content=\"XIX Jornadas Municipio y Drogodependencias en Oviedo | Cand\u00e1s 365\" \/>\n\t\t<meta property=\"og:description\" content=\"Los d\u00edas 4 y 5 de octubre tendr\u00e1n lugar las XIX Jornadas Municipio y Drogodependencias en la sala de c\u00e1mara del Auditorio Palacio de Congresos Pr\u00edncipe Felipe de Oviedo, organizadas por el Plan Municipal sobre Drogas, que es fruto de la colaboraci\u00f3n entre el Ayuntamiento de Oviedo y la Fundaci\u00f3n CESPA-Proyecto Hombre. En esta cita\" \/>\n\t\t<meta property=\"og:url\" content=\"https:\/\/candas365.es\/noticias\/xix-jornadas-municipio-y-drogodependencias-en-oviedo\/\" \/>\n\t\t<meta property=\"og:image\" content=\"https:\/\/candas365.es\/noticias\/wp-content\/uploads\/2016\/12\/AUDITORIO.jpg\" \/>\n\t\t<meta property=\"og:image:secure_url\" content=\"https:\/\/candas365.es\/noticias\/wp-content\/uploads\/2016\/12\/AUDITORIO.jpg\" \/>\n\t\t<meta property=\"og:image:width\" content=\"655\" \/>\n\t\t<meta property=\"og:image:height\" content=\"360\" \/>\n\t\t<meta property=\"article:published_time\" content=\"2017-10-02T18:40:06+00:00\" \/>\n\t\t<meta property=\"article:modified_time\" content=\"2017-10-02T18:40:06+00:00\" \/>\n\t\t<meta property=\"article:publisher\" content=\"https:\/\/www.facebook.com\/Nachofdezber\" \/>\n\t\t<meta property=\"article:author\" content=\"https:\/\/www.facebook.com\/carrenoactualidad\" \/>\n\t\t<meta name=\"twitter:card\" content=\"summary_large_image\" \/>\n\t\t<meta name=\"twitter:site\" content=\"@NabercoDigital\" \/>\n\t\t<meta name=\"twitter:title\" content=\"XIX Jornadas Municipio y Drogodependencias en Oviedo | Cand\u00e1s 365\" \/>\n\t\t<meta name=\"twitter:description\" content=\"Los d\u00edas 4 y 5 de octubre tendr\u00e1n lugar las XIX Jornadas Municipio y Drogodependencias en la sala de c\u00e1mara del Auditorio Palacio de Congresos Pr\u00edncipe Felipe de Oviedo, organizadas por el Plan Municipal sobre Drogas, que es fruto de la colaboraci\u00f3n entre el Ayuntamiento de Oviedo y la Fundaci\u00f3n CESPA-Proyecto Hombre. En esta cita\" \/>\n\t\t<meta name=\"twitter:creator\" content=\"@nbasturias\" \/>\n\t\t<meta name=\"twitter:image\" content=\"https:\/\/candas365.es\/noticias\/wp-content\/uploads\/2016\/12\/AUDITORIO.jpg\" \/>\n\t\t<meta name=\"twitter:label1\" content=\"Escrito por\" \/>\n\t\t<meta name=\"twitter:data1\" content=\"Cand\u00e1s 365\" \/>\n\t\t<meta name=\"twitter:label2\" content=\"Tiempo de lectura estimado\" \/>\n\t\t<meta name=\"twitter:data2\" content=\"1 minuto\" \/>\n\t\t<script type=\"application\/ld+json\" class=\"aioseo-schema\">\n\t\t\t{\"@context\":\"https:\\\/\\\/schema.org\",\"@graph\":[{\"@type\":\"BreadcrumbList\",\"@id\":\"https:\\\/\\\/candas365.es\\\/noticias\\\/xix-jornadas-municipio-y-drogodependencias-en-oviedo\\\/#breadcrumblist\",\"itemListElement\":[{\"@type\":\"ListItem\",\"@id\":\"https:\\\/\\\/candas365.es\\\/noticias#listItem\",\"position\":1,\"name\":\"Home\",\"item\":\"https:\\\/\\\/candas365.es\\\/noticias\",\"nextItem\":{\"@type\":\"ListItem\",\"@id\":\"https:\\\/\\\/candas365.es\\\/noticias\\\/category\\\/agenda\\\/#listItem\",\"name\":\"Agenda\"}},{\"@type\":\"ListItem\",\"@id\":\"https:\\\/\\\/candas365.es\\\/noticias\\\/category\\\/agenda\\\/#listItem\",\"position\":2,\"name\":\"Agenda\",\"item\":\"https:\\\/\\\/candas365.es\\\/noticias\\\/category\\\/agenda\\\/\",\"nextItem\":{\"@type\":\"ListItem\",\"@id\":\"https:\\\/\\\/candas365.es\\\/noticias\\\/xix-jornadas-municipio-y-drogodependencias-en-oviedo\\\/#listItem\",\"name\":\"XIX Jornadas Municipio y Drogodependencias en Oviedo\"},\"previousItem\":{\"@type\":\"ListItem\",\"@id\":\"https:\\\/\\\/candas365.es\\\/noticias#listItem\",\"name\":\"Home\"}},{\"@type\":\"ListItem\",\"@id\":\"https:\\\/\\\/candas365.es\\\/noticias\\\/xix-jornadas-municipio-y-drogodependencias-en-oviedo\\\/#listItem\",\"position\":3,\"name\":\"XIX Jornadas Municipio y Drogodependencias en Oviedo\",\"previousItem\":{\"@type\":\"ListItem\",\"@id\":\"https:\\\/\\\/candas365.es\\\/noticias\\\/category\\\/agenda\\\/#listItem\",\"name\":\"Agenda\"}}]},{\"@type\":\"NewsArticle\",\"@id\":\"https:\\\/\\\/candas365.es\\\/noticias\\\/xix-jornadas-municipio-y-drogodependencias-en-oviedo\\\/#newsarticle\",\"name\":\"XIX Jornadas Municipio y Drogodependencias en Oviedo | Cand\\u00e1s 365\",\"headline\":\"XIX Jornadas Municipio y Drogodependencias en Oviedo\",\"author\":{\"@id\":\"https:\\\/\\\/candas365.es\\\/noticias\\\/author\\\/admin\\\/#author\"},\"publisher\":{\"@id\":\"https:\\\/\\\/candas365.es\\\/noticias\\\/#organization\"},\"image\":{\"@type\":\"ImageObject\",\"url\":\"https:\\\/\\\/candas365.es\\\/noticias\\\/wp-content\\\/uploads\\\/2016\\\/12\\\/AUDITORIO.jpg\",\"width\":655,\"height\":360},\"datePublished\":\"2017-10-02T18:40:06+02:00\",\"dateModified\":\"2017-10-02T18:40:06+02:00\",\"inLanguage\":\"es-ES\",\"mainEntityOfPage\":{\"@id\":\"https:\\\/\\\/candas365.es\\\/noticias\\\/xix-jornadas-municipio-y-drogodependencias-en-oviedo\\\/#webpage\"},\"isPartOf\":{\"@id\":\"https:\\\/\\\/candas365.es\\\/noticias\\\/xix-jornadas-municipio-y-drogodependencias-en-oviedo\\\/#webpage\"},\"articleSection\":\"Agenda\",\"dateline\":\"Publicado el octubre 2, 2017.\"},{\"@type\":\"Organization\",\"@id\":\"https:\\\/\\\/candas365.es\\\/noticias\\\/#organization\",\"name\":\"Cand\\u00e1s 365\",\"description\":\"Cand\\u00e1s 365 es un diario digital independiente, fundado en 2012, con base en Asturias. Informamos con rigor sobre actualidad, sociedad, cultura y ocio, con una mirada local y global.\",\"url\":\"https:\\\/\\\/candas365.es\\\/noticias\\\/\",\"email\":\"info@candas365.es\",\"telephone\":\"+34652131393\",\"foundingDate\":\"2012-06-10\",\"logo\":{\"@type\":\"ImageObject\",\"url\":\"https:\\\/\\\/candas365.es\\\/noticias\\\/wp-content\\\/uploads\\\/2024\\\/09\\\/Candas-365-Redes.jpg\",\"@id\":\"https:\\\/\\\/candas365.es\\\/noticias\\\/xix-jornadas-municipio-y-drogodependencias-en-oviedo\\\/#organizationLogo\",\"width\":1152,\"height\":864,\"caption\":\"Cand\\u00e1s 365 Redes\"},\"image\":{\"@id\":\"https:\\\/\\\/candas365.es\\\/noticias\\\/xix-jornadas-municipio-y-drogodependencias-en-oviedo\\\/#organizationLogo\"},\"sameAs\":[\"https:\\\/\\\/www.facebook.com\\\/Nachofdezber\",\"https:\\\/\\\/x.com\\\/NabercoDigital\",\"https:\\\/\\\/www.instagram.com\\\/nachofdezber\\\/\",\"https:\\\/\\\/www.youtube.com\\\/channel\\\/UCZP-2wLEB9Rv6erhFmqVnvg\"],\"address\":{\"@id\":\"https:\\\/\\\/candas365.es\\\/noticias\\\/#postaladdress\",\"@type\":\"PostalAddress\",\"streetAddress\":\"san antonio 4, san antonio 4\",\"postalCode\":\"33430\",\"addressLocality\":\"Cand\\u00e1s\",\"addressRegion\":\"Asturias\",\"addressCountry\":\"ES\"}},{\"@type\":\"Person\",\"@id\":\"https:\\\/\\\/candas365.es\\\/noticias\\\/author\\\/admin\\\/#author\",\"url\":\"https:\\\/\\\/candas365.es\\\/noticias\\\/author\\\/admin\\\/\",\"name\":\"Cand\\u00e1s 365\",\"image\":{\"@type\":\"ImageObject\",\"@id\":\"https:\\\/\\\/candas365.es\\\/noticias\\\/xix-jornadas-municipio-y-drogodependencias-en-oviedo\\\/#authorImage\",\"url\":\"https:\\\/\\\/secure.gravatar.com\\\/avatar\\\/496a8e03d0c493ede1718b7934145dbdf8d89be1036b0eec9544e1094c9de390?s=96&d=mm&r=g\",\"width\":96,\"height\":96,\"caption\":\"Cand\\u00e1s 365\"},\"sameAs\":[\"https:\\\/\\\/www.facebook.com\\\/carrenoactualidad\",\"https:\\\/\\\/twitter.com\\\/nbasturias\",\"https:\\\/\\\/www.instagram.com\\\/nachofdezber\\\/\",\"https:\\\/\\\/www.youtube.com\\\/channel\\\/UCZP-2wLEB9Rv6erhFmqVnvg\"]},{\"@type\":\"WebPage\",\"@id\":\"https:\\\/\\\/candas365.es\\\/noticias\\\/xix-jornadas-municipio-y-drogodependencias-en-oviedo\\\/#webpage\",\"url\":\"https:\\\/\\\/candas365.es\\\/noticias\\\/xix-jornadas-municipio-y-drogodependencias-en-oviedo\\\/\",\"name\":\"XIX Jornadas Municipio y Drogodependencias en Oviedo | Cand\\u00e1s 365\",\"description\":\"Los d\\u00edas 4 y 5 de octubre tendr\\u00e1n lugar las XIX Jornadas Municipio y Drogodependencias en la sala de c\\u00e1mara del Auditorio Palacio de Congresos Pr\\u00edncipe Felipe de Oviedo, organizadas por el Plan Municipal sobre Drogas, que es fruto de la colaboraci\\u00f3n entre el Ayuntamiento de Oviedo y la Fundaci\\u00f3n CESPA-Proyecto Hombre. En esta cita\",\"inLanguage\":\"es-ES\",\"isPartOf\":{\"@id\":\"https:\\\/\\\/candas365.es\\\/noticias\\\/#website\"},\"breadcrumb\":{\"@id\":\"https:\\\/\\\/candas365.es\\\/noticias\\\/xix-jornadas-municipio-y-drogodependencias-en-oviedo\\\/#breadcrumblist\"},\"author\":{\"@id\":\"https:\\\/\\\/candas365.es\\\/noticias\\\/author\\\/admin\\\/#author\"},\"creator\":{\"@id\":\"https:\\\/\\\/candas365.es\\\/noticias\\\/author\\\/admin\\\/#author\"},\"image\":{\"@type\":\"ImageObject\",\"url\":\"https:\\\/\\\/candas365.es\\\/noticias\\\/wp-content\\\/uploads\\\/2016\\\/12\\\/AUDITORIO.jpg\",\"@id\":\"https:\\\/\\\/candas365.es\\\/noticias\\\/xix-jornadas-municipio-y-drogodependencias-en-oviedo\\\/#mainImage\",\"width\":655,\"height\":360},\"primaryImageOfPage\":{\"@id\":\"https:\\\/\\\/candas365.es\\\/noticias\\\/xix-jornadas-municipio-y-drogodependencias-en-oviedo\\\/#mainImage\"},\"datePublished\":\"2017-10-02T18:40:06+02:00\",\"dateModified\":\"2017-10-02T18:40:06+02:00\"},{\"@type\":\"WebSite\",\"@id\":\"https:\\\/\\\/candas365.es\\\/noticias\\\/#website\",\"url\":\"https:\\\/\\\/candas365.es\\\/noticias\\\/\",\"name\":\"Cand\\u00e1s 365\",\"alternateName\":\"Cand\\u00e1s 365 Noticias\",\"description\":\"Actualidad desde Carre\\u00f1o para el mundo\",\"inLanguage\":\"es-ES\",\"publisher\":{\"@id\":\"https:\\\/\\\/candas365.es\\\/noticias\\\/#organization\"}}]}\n\t\t<\/script>\n\t\t<!-- All in One SEO Pro -->\r\n\t\t<title>XIX Jornadas Municipio y Drogodependencias en Oviedo | Cand\u00e1s 365<\/title>\n\n","aioseo_head_json":{"title":"XIX Jornadas Municipio y Drogodependencias en Oviedo | Cand\u00e1s 365","description":"Los d\u00edas 4 y 5 de octubre tendr\u00e1n lugar las XIX Jornadas Municipio y Drogodependencias en la sala de c\u00e1mara del Auditorio Palacio de Congresos Pr\u00edncipe Felipe de Oviedo, organizadas por el Plan Municipal sobre Drogas, que es fruto de la colaboraci\u00f3n entre el Ayuntamiento de Oviedo y la Fundaci\u00f3n CESPA-Proyecto Hombre. En esta cita","canonical_url":"https:\/\/candas365.es\/noticias\/xix-jornadas-municipio-y-drogodependencias-en-oviedo\/","robots":"max-image-preview:large","keywords":"agenda","webmasterTools":{"google-site-verification":"UA-32230408-1","msvalidate.01":"354F3CDFB2DA171B47FBE9ABF1F88D5","miscellaneous":""},"schema":{"@context":"https:\/\/schema.org","@graph":[{"@type":"BreadcrumbList","@id":"https:\/\/candas365.es\/noticias\/xix-jornadas-municipio-y-drogodependencias-en-oviedo\/#breadcrumblist","itemListElement":[{"@type":"ListItem","@id":"https:\/\/candas365.es\/noticias#listItem","position":1,"name":"Home","item":"https:\/\/candas365.es\/noticias","nextItem":{"@type":"ListItem","@id":"https:\/\/candas365.es\/noticias\/category\/agenda\/#listItem","name":"Agenda"}},{"@type":"ListItem","@id":"https:\/\/candas365.es\/noticias\/category\/agenda\/#listItem","position":2,"name":"Agenda","item":"https:\/\/candas365.es\/noticias\/category\/agenda\/","nextItem":{"@type":"ListItem","@id":"https:\/\/candas365.es\/noticias\/xix-jornadas-municipio-y-drogodependencias-en-oviedo\/#listItem","name":"XIX Jornadas Municipio y Drogodependencias en Oviedo"},"previousItem":{"@type":"ListItem","@id":"https:\/\/candas365.es\/noticias#listItem","name":"Home"}},{"@type":"ListItem","@id":"https:\/\/candas365.es\/noticias\/xix-jornadas-municipio-y-drogodependencias-en-oviedo\/#listItem","position":3,"name":"XIX Jornadas Municipio y Drogodependencias en Oviedo","previousItem":{"@type":"ListItem","@id":"https:\/\/candas365.es\/noticias\/category\/agenda\/#listItem","name":"Agenda"}}]},{"@type":"NewsArticle","@id":"https:\/\/candas365.es\/noticias\/xix-jornadas-municipio-y-drogodependencias-en-oviedo\/#newsarticle","name":"XIX Jornadas Municipio y Drogodependencias en Oviedo | Cand\u00e1s 365","headline":"XIX Jornadas Municipio y Drogodependencias en Oviedo","author":{"@id":"https:\/\/candas365.es\/noticias\/author\/admin\/#author"},"publisher":{"@id":"https:\/\/candas365.es\/noticias\/#organization"},"image":{"@type":"ImageObject","url":"https:\/\/candas365.es\/noticias\/wp-content\/uploads\/2016\/12\/AUDITORIO.jpg","width":655,"height":360},"datePublished":"2017-10-02T18:40:06+02:00","dateModified":"2017-10-02T18:40:06+02:00","inLanguage":"es-ES","mainEntityOfPage":{"@id":"https:\/\/candas365.es\/noticias\/xix-jornadas-municipio-y-drogodependencias-en-oviedo\/#webpage"},"isPartOf":{"@id":"https:\/\/candas365.es\/noticias\/xix-jornadas-municipio-y-drogodependencias-en-oviedo\/#webpage"},"articleSection":"Agenda","dateline":"Publicado el octubre 2, 2017."},{"@type":"Organization","@id":"https:\/\/candas365.es\/noticias\/#organization","name":"Cand\u00e1s 365","description":"Cand\u00e1s 365 es un diario digital independiente, fundado en 2012, con base en Asturias. Informamos con rigor sobre actualidad, sociedad, cultura y ocio, con una mirada local y global.","url":"https:\/\/candas365.es\/noticias\/","email":"info@candas365.es","telephone":"+34652131393","foundingDate":"2012-06-10","logo":{"@type":"ImageObject","url":"https:\/\/candas365.es\/noticias\/wp-content\/uploads\/2024\/09\/Candas-365-Redes.jpg","@id":"https:\/\/candas365.es\/noticias\/xix-jornadas-municipio-y-drogodependencias-en-oviedo\/#organizationLogo","width":1152,"height":864,"caption":"Cand\u00e1s 365 Redes"},"image":{"@id":"https:\/\/candas365.es\/noticias\/xix-jornadas-municipio-y-drogodependencias-en-oviedo\/#organizationLogo"},"sameAs":["https:\/\/www.facebook.com\/Nachofdezber","https:\/\/x.com\/NabercoDigital","https:\/\/www.instagram.com\/nachofdezber\/","https:\/\/www.youtube.com\/channel\/UCZP-2wLEB9Rv6erhFmqVnvg"],"address":{"@id":"https:\/\/candas365.es\/noticias\/#postaladdress","@type":"PostalAddress","streetAddress":"san antonio 4, san antonio 4","postalCode":"33430","addressLocality":"Cand\u00e1s","addressRegion":"Asturias","addressCountry":"ES"}},{"@type":"Person","@id":"https:\/\/candas365.es\/noticias\/author\/admin\/#author","url":"https:\/\/candas365.es\/noticias\/author\/admin\/","name":"Cand\u00e1s 365","image":{"@type":"ImageObject","@id":"https:\/\/candas365.es\/noticias\/xix-jornadas-municipio-y-drogodependencias-en-oviedo\/#authorImage","url":"https:\/\/secure.gravatar.com\/avatar\/496a8e03d0c493ede1718b7934145dbdf8d89be1036b0eec9544e1094c9de390?s=96&d=mm&r=g","width":96,"height":96,"caption":"Cand\u00e1s 365"},"sameAs":["https:\/\/www.facebook.com\/carrenoactualidad","https:\/\/twitter.com\/nbasturias","https:\/\/www.instagram.com\/nachofdezber\/","https:\/\/www.youtube.com\/channel\/UCZP-2wLEB9Rv6erhFmqVnvg"]},{"@type":"WebPage","@id":"https:\/\/candas365.es\/noticias\/xix-jornadas-municipio-y-drogodependencias-en-oviedo\/#webpage","url":"https:\/\/candas365.es\/noticias\/xix-jornadas-municipio-y-drogodependencias-en-oviedo\/","name":"XIX Jornadas Municipio y Drogodependencias en Oviedo | Cand\u00e1s 365","description":"Los d\u00edas 4 y 5 de octubre tendr\u00e1n lugar las XIX Jornadas Municipio y Drogodependencias en la sala de c\u00e1mara del Auditorio Palacio de Congresos Pr\u00edncipe Felipe de Oviedo, organizadas por el Plan Municipal sobre Drogas, que es fruto de la colaboraci\u00f3n entre el Ayuntamiento de Oviedo y la Fundaci\u00f3n CESPA-Proyecto Hombre. En esta cita","inLanguage":"es-ES","isPartOf":{"@id":"https:\/\/candas365.es\/noticias\/#website"},"breadcrumb":{"@id":"https:\/\/candas365.es\/noticias\/xix-jornadas-municipio-y-drogodependencias-en-oviedo\/#breadcrumblist"},"author":{"@id":"https:\/\/candas365.es\/noticias\/author\/admin\/#author"},"creator":{"@id":"https:\/\/candas365.es\/noticias\/author\/admin\/#author"},"image":{"@type":"ImageObject","url":"https:\/\/candas365.es\/noticias\/wp-content\/uploads\/2016\/12\/AUDITORIO.jpg","@id":"https:\/\/candas365.es\/noticias\/xix-jornadas-municipio-y-drogodependencias-en-oviedo\/#mainImage","width":655,"height":360},"primaryImageOfPage":{"@id":"https:\/\/candas365.es\/noticias\/xix-jornadas-municipio-y-drogodependencias-en-oviedo\/#mainImage"},"datePublished":"2017-10-02T18:40:06+02:00","dateModified":"2017-10-02T18:40:06+02:00"},{"@type":"WebSite","@id":"https:\/\/candas365.es\/noticias\/#website","url":"https:\/\/candas365.es\/noticias\/","name":"Cand\u00e1s 365","alternateName":"Cand\u00e1s 365 Noticias","description":"Actualidad desde Carre\u00f1o para el mundo","inLanguage":"es-ES","publisher":{"@id":"https:\/\/candas365.es\/noticias\/#organization"}}]},"og:locale":"es_ES","og:site_name":"Cand\u00e1s 365","og:type":"article","og:title":"XIX Jornadas Municipio y Drogodependencias en Oviedo | Cand\u00e1s 365","og:description":"Los d\u00edas 4 y 5 de octubre tendr\u00e1n lugar las XIX Jornadas Municipio y Drogodependencias en la sala de c\u00e1mara del Auditorio Palacio de Congresos Pr\u00edncipe Felipe de Oviedo, organizadas por el Plan Municipal sobre Drogas, que es fruto de la colaboraci\u00f3n entre el Ayuntamiento de Oviedo y la Fundaci\u00f3n CESPA-Proyecto Hombre. En esta cita","og:url":"https:\/\/candas365.es\/noticias\/xix-jornadas-municipio-y-drogodependencias-en-oviedo\/","og:image":"https:\/\/candas365.es\/noticias\/wp-content\/uploads\/2016\/12\/AUDITORIO.jpg","og:image:secure_url":"https:\/\/candas365.es\/noticias\/wp-content\/uploads\/2016\/12\/AUDITORIO.jpg","og:image:width":655,"og:image:height":360,"article:published_time":"2017-10-02T18:40:06+00:00","article:modified_time":"2017-10-02T18:40:06+00:00","article:publisher":"https:\/\/www.facebook.com\/Nachofdezber","article:author":"https:\/\/www.facebook.com\/carrenoactualidad","twitter:card":"summary_large_image","twitter:site":"@NabercoDigital","twitter:title":"XIX Jornadas Municipio y Drogodependencias en Oviedo | Cand\u00e1s 365","twitter:description":"Los d\u00edas 4 y 5 de octubre tendr\u00e1n lugar las XIX Jornadas Municipio y Drogodependencias en la sala de c\u00e1mara del Auditorio Palacio de Congresos Pr\u00edncipe Felipe de Oviedo, organizadas por el Plan Municipal sobre Drogas, que es fruto de la colaboraci\u00f3n entre el Ayuntamiento de Oviedo y la Fundaci\u00f3n CESPA-Proyecto Hombre. En esta cita","twitter:creator":"@nbasturias","twitter:image":"https:\/\/candas365.es\/noticias\/wp-content\/uploads\/2016\/12\/AUDITORIO.jpg","twitter:label1":"Escrito por","twitter:data1":"Cand\u00e1s 365","twitter:label2":"Tiempo de lectura estimado","twitter:data2":"1 minuto"},"aioseo_meta_data":{"post_id":"81299","title":null,"description":null,"keywords":null,"keyphrases":null,"primary_term":null,"canonical_url":null,"og_title":null,"og_description":null,"og_object_type":"default","og_image_type":"default","og_image_url":null,"og_image_width":null,"og_image_height":null,"og_image_custom_url":null,"og_image_custom_fields":null,"og_video":null,"og_custom_url":null,"og_article_section":null,"og_article_tags":null,"twitter_use_og":false,"twitter_card":"default","twitter_image_type":"default","twitter_image_url":null,"twitter_image_custom_url":null,"twitter_image_custom_fields":null,"twitter_title":null,"twitter_description":null,"schema":{"blockGraphs":[],"customGraphs":[],"default":{"data":{"Article":[],"Course":[],"Dataset":[],"FAQPage":[],"Movie":[],"Person":[],"Product":[],"ProductReview":[],"Car":[],"Recipe":[],"Service":[],"SoftwareApplication":[],"WebPage":[]},"graphName":"","isEnabled":true},"graphs":[],"defaultGraph":"","defaultPostTypeGraph":""},"schema_type":null,"schema_type_options":null,"pillar_content":false,"robots_default":true,"robots_noindex":false,"robots_noarchive":false,"robots_nosnippet":false,"robots_nofollow":false,"robots_noimageindex":false,"robots_noodp":false,"robots_notranslate":false,"robots_max_snippet":null,"robots_max_videopreview":null,"robots_max_imagepreview":"large","priority":null,"frequency":null,"location":null,"local_seo":null,"seo_analyzer_scan_date":"2025-08-26 01:40:29","breadcrumb_settings":null,"limit_modified_date":false,"reviewed_by":null,"open_ai":null,"ai":null,"created":"2020-12-21 12:42:55","updated":"2025-08-26 01:40:29"},"aioseo_breadcrumb":"<div class=\"aioseo-breadcrumbs\"><span class=\"aioseo-breadcrumb\">\n\t<a href=\"https:\/\/candas365.es\/noticias\" title=\"Home\">Home<\/a>\n<\/span><span class=\"aioseo-breadcrumb-separator\">&ndash;<\/span><span class=\"aioseo-breadcrumb\">\n\t<a href=\"https:\/\/candas365.es\/noticias\/category\/agenda\/\" title=\"Agenda\">Agenda<\/a>\n<\/span><span class=\"aioseo-breadcrumb-separator\">&ndash;<\/span><span class=\"aioseo-breadcrumb\">\n\tXIX Jornadas Municipio y Drogodependencias en Oviedo\n<\/span><\/div>","aioseo_breadcrumb_json":[{"label":"Home","link":"https:\/\/candas365.es\/noticias"},{"label":"Agenda","link":"https:\/\/candas365.es\/noticias\/category\/agenda\/"},{"label":"XIX Jornadas Municipio y Drogodependencias en Oviedo","link":"https:\/\/candas365.es\/noticias\/xix-jornadas-municipio-y-drogodependencias-en-oviedo\/"}],"_links":{"self":[{"href":"https:\/\/candas365.es\/noticias\/wp-json\/wp\/v2\/posts\/81299","targetHints":{"allow":["GET"]}}],"collection":[{"href":"https:\/\/candas365.es\/noticias\/wp-json\/wp\/v2\/posts"}],"about":[{"href":"https:\/\/candas365.es\/noticias\/wp-json\/wp\/v2\/types\/post"}],"author":[{"embeddable":true,"href":"https:\/\/candas365.es\/noticias\/wp-json\/wp\/v2\/users\/1"}],"replies":[{"embeddable":true,"href":"https:\/\/candas365.es\/noticias\/wp-json\/wp\/v2\/comments?post=81299"}],"version-history":[{"count":0,"href":"https:\/\/candas365.es\/noticias\/wp-json\/wp\/v2\/posts\/81299\/revisions"}],"wp:featuredmedia":[{"embeddable":true,"href":"https:\/\/candas365.es\/noticias\/wp-json\/wp\/v2\/media\/39230"}],"wp:attachment":[{"href":"https:\/\/candas365.es\/noticias\/wp-json\/wp\/v2\/media?parent=81299"}],"wp:term":[{"taxonomy":"category","embeddable":true,"href":"https:\/\/candas365.es\/noticias\/wp-json\/wp\/v2\/categories?post=81299"},{"taxonomy":"post_tag","embeddable":true,"href":"https:\/\/candas365.es\/noticias\/wp-json\/wp\/v2\/tags?post=81299"}],"curies":[{"name":"wp","href":"https:\/\/api.w.org\/{rel}","templated":true}]}}