{"id":81225,"date":"2017-10-01T21:21:38","date_gmt":"2017-10-01T21:21:38","guid":{"rendered":"http:\/\/candas365.es\/noticias\/?p=81225"},"modified":"2017-10-01T21:21:38","modified_gmt":"2017-10-01T21:21:38","slug":"comer-seguro-el-lunes-en-comando-actualidad","status":"publish","type":"post","link":"https:\/\/candas365.es\/noticias\/comer-seguro-el-lunes-en-comando-actualidad\/","title":{"rendered":"\u201cComer Seguro\u201d el lunes en Comando actualidad"},"content":{"rendered":"<p><img fetchpriority=\"high\" decoding=\"async\" class=\"alignleft size-medium wp-image-81226\" src=\"https:\/\/candas365.es\/noticias\/wp-content\/uploads\/2017\/10\/tele06217-360x198.jpg\" alt=\"\" width=\"360\" height=\"198\" srcset=\"https:\/\/candas365.es\/noticias\/wp-content\/uploads\/2017\/10\/tele06217-360x198.jpg 360w, https:\/\/candas365.es\/noticias\/wp-content\/uploads\/2017\/10\/tele06217-768x422.jpg 768w, https:\/\/candas365.es\/noticias\/wp-content\/uploads\/2017\/10\/tele06217-655x360.jpg 655w, https:\/\/candas365.es\/noticias\/wp-content\/uploads\/2017\/10\/tele06217-696x385.jpg 696w, https:\/\/candas365.es\/noticias\/wp-content\/uploads\/2017\/10\/tele06217-1068x587.jpg 1068w, https:\/\/candas365.es\/noticias\/wp-content\/uploads\/2017\/10\/tele06217-764x420.jpg 764w, https:\/\/candas365.es\/noticias\/wp-content\/uploads\/2017\/10\/tele06217.jpg 1180w\" sizes=\"(max-width: 360px) 100vw, 360px\" \/>El equipo de \u2018Comando actualidad\u2019 se pregunta esta semana por la vigilancia que se hace a los alimentos que ingerimos. \u00bfQu\u00e9 controles pasan desde el campo hasta nuestra mesa? Los qu\u00edmicos son necesarios para luchar contra plagas y enfermedades, pero \u00bfpueden producir alg\u00fan efecto en nuestro organismo? Este lunes, en el reportaje \u2018Comer seguro\u2019.<\/p>\n<p>C\u00e9sar ha vaciado la nave en la que cr\u00eda a 2.500 gallinas para desinfectarla. Abdul y Toni se embuten en trajes especiales y se aprietan contra el rostro las m\u00e1scaras mientras roc\u00edan la nave con un qu\u00edmico que mata insectos y par\u00e1sitos. La mezcla que esparcen no debe tocarles la piel y es peligroso inhalar sus gases. Esta imagen ser repite en miles de granjas de Espa\u00f1a despu\u00e9s de la \u00faltima alerta alimentaria conocida en Europa: la de los huevos contaminados por friponil. Un insecticida prohibido en la cadena alimentaria que contamin\u00f3 huevos en Holanda. Por fortuna ning\u00fan huevo contaminado lleg\u00f3 a Espa\u00f1a.<\/p>\n<p>Marieta Fern\u00e1ndez limpia la piel de una naranja y corta un tomate mientras explica que, cuando se los coma, a su organismo llegar\u00e1n restos de los qu\u00edmicos que ayudaron al agricultor a hacer crecer la cosecha y a evitar plagas. Esta investigadora y profesora de la Universidad de Granada lleva m\u00e1s de 20 a\u00f1os analizando el efecto que tienen los pesticidas en nuestra salud. Estudia los restos que encuentra en nuestra sangre, u\u00f1as, placenta, semen o saliva. Aunque el DDT se prohibi\u00f3 en los a\u00f1os 80, en su laboratorio siguen apareciendo restos en los an\u00e1lisis.<\/p>\n<p>Mar\u00eda Jos\u00e9 visita mercados, bares, restaurantes, colegios y guarder\u00edas a diario y por sorpresa. Lleva 25 a\u00f1os realizando inspecciones sanitarias. Es una de las miles de veterinarias que han aprobado una oposici\u00f3n en Espa\u00f1a y que, contratadas por los ayuntamientos, levantan actas, ponen multas y hacen un seguimiento a los alimentos que ingerimos en todos los municipios y ciudades espa\u00f1oles. Montse toma muestras de un descomunal pez espada en Mercamadrid, el gran mercado mayorista en el que compra la gran parte de los mercados de abastos. Es una de las diez inspectoras que toman muestras cada d\u00eda a toneladas de fruta, verdura, carne y pescado. Hoy busca restos de mercurio y metales en el pescado y el marisco que ingerimos.<\/p>\n<p>Bajo el mar de pl\u00e1stico almeriense, en la huerta m\u00e1s grande Europa, agentes del Seprona vigilan el uso de los productos fitosanitarios utilizados por los agricultores para combatir las plagas. S\u00f3lo en Almer\u00eda hay medio millar de almacenes que vende pesticidas, plaguicidas y productos fitosanitarios. Somos el pa\u00eds del mundo que m\u00e1s qu\u00edmicos de este tipo utiliza.<\/p>\n<p>&nbsp;<\/p>\n","protected":false},"excerpt":{"rendered":"<p>El equipo de \u2018Comando actualidad\u2019 se pregunta esta semana por la vigilancia que se hace a los alimentos que ingerimos. \u00bfQu\u00e9 controles pasan desde el campo hasta nuestra mesa? Los qu\u00edmicos son necesarios para luchar contra plagas y enfermedades, pero \u00bfpueden producir alg\u00fan efecto en nuestro organismo? Este lunes, en el reportaje \u2018Comer seguro\u2019. C\u00e9sar<\/p>\n","protected":false},"author":1,"featured_media":81226,"comment_status":"closed","ping_status":"closed","sticky":false,"template":"","format":"standard","meta":{"footnotes":""},"categories":[1],"tags":[],"class_list":{"0":"post-81225","1":"post","2":"type-post","3":"status-publish","4":"format-standard","5":"has-post-thumbnail","7":"category-agenda"},"aioseo_notices":[],"aioseo_head":"\n\t\t<!-- All in One SEO Pro 4.9.6.2 - aioseo.com -->\n\t<meta name=\"description\" content=\"El equipo de \u2018Comando actualidad\u2019 se pregunta esta semana por la vigilancia que se hace a los alimentos que ingerimos. \u00bfQu\u00e9 controles pasan desde el campo hasta nuestra mesa? Los qu\u00edmicos son necesarios para luchar contra plagas y enfermedades, pero \u00bfpueden producir alg\u00fan efecto en nuestro organismo? Este lunes, en el reportaje \u2018Comer seguro\u2019. C\u00e9sar\" \/>\n\t<meta name=\"robots\" content=\"max-image-preview:large\" \/>\n\t<meta name=\"author\" content=\"Cand\u00e1s 365\"\/>\n\t<meta name=\"google-site-verification\" content=\"UA-32230408-1\" \/>\n\t<meta name=\"msvalidate.01\" content=\"354F3CDFB2DA171B47FBE9ABF1F88D5\" \/>\n\t<meta name=\"keywords\" content=\"agenda\" \/>\n\t<link rel=\"canonical\" href=\"https:\/\/candas365.es\/noticias\/comer-seguro-el-lunes-en-comando-actualidad\/\" \/>\n\t<meta name=\"generator\" content=\"All in One SEO Pro (AIOSEO) 4.9.6.2\" \/>\n\t\t<meta property=\"og:locale\" content=\"es_ES\" \/>\n\t\t<meta property=\"og:site_name\" content=\"Cand\u00e1s 365\" \/>\n\t\t<meta property=\"og:type\" content=\"article\" \/>\n\t\t<meta property=\"og:title\" content=\"\u201cComer Seguro\u201d el lunes en Comando actualidad | Cand\u00e1s 365\" \/>\n\t\t<meta property=\"og:description\" content=\"El equipo de \u2018Comando actualidad\u2019 se pregunta esta semana por la vigilancia que se hace a los alimentos que ingerimos. \u00bfQu\u00e9 controles pasan desde el campo hasta nuestra mesa? Los qu\u00edmicos son necesarios para luchar contra plagas y enfermedades, pero \u00bfpueden producir alg\u00fan efecto en nuestro organismo? Este lunes, en el reportaje \u2018Comer seguro\u2019. C\u00e9sar\" \/>\n\t\t<meta property=\"og:url\" content=\"https:\/\/candas365.es\/noticias\/comer-seguro-el-lunes-en-comando-actualidad\/\" \/>\n\t\t<meta property=\"og:image\" content=\"https:\/\/candas365.es\/noticias\/wp-content\/uploads\/2017\/10\/tele06217.jpg\" \/>\n\t\t<meta property=\"og:image:secure_url\" content=\"https:\/\/candas365.es\/noticias\/wp-content\/uploads\/2017\/10\/tele06217.jpg\" \/>\n\t\t<meta property=\"og:image:width\" content=\"1180\" \/>\n\t\t<meta property=\"og:image:height\" content=\"649\" \/>\n\t\t<meta property=\"article:published_time\" content=\"2017-10-01T21:21:38+00:00\" \/>\n\t\t<meta property=\"article:modified_time\" content=\"2017-10-01T21:21:38+00:00\" \/>\n\t\t<meta property=\"article:publisher\" content=\"https:\/\/www.facebook.com\/Nachofdezber\" \/>\n\t\t<meta property=\"article:author\" content=\"https:\/\/www.facebook.com\/carrenoactualidad\" \/>\n\t\t<meta name=\"twitter:card\" content=\"summary_large_image\" \/>\n\t\t<meta name=\"twitter:site\" content=\"@NabercoDigital\" \/>\n\t\t<meta name=\"twitter:title\" content=\"\u201cComer Seguro\u201d el lunes en Comando actualidad | Cand\u00e1s 365\" \/>\n\t\t<meta name=\"twitter:description\" content=\"El equipo de \u2018Comando actualidad\u2019 se pregunta esta semana por la vigilancia que se hace a los alimentos que ingerimos. \u00bfQu\u00e9 controles pasan desde el campo hasta nuestra mesa? Los qu\u00edmicos son necesarios para luchar contra plagas y enfermedades, pero \u00bfpueden producir alg\u00fan efecto en nuestro organismo? Este lunes, en el reportaje \u2018Comer seguro\u2019. C\u00e9sar\" \/>\n\t\t<meta name=\"twitter:creator\" content=\"@nbasturias\" \/>\n\t\t<meta name=\"twitter:image\" content=\"https:\/\/candas365.es\/noticias\/wp-content\/uploads\/2017\/10\/tele06217.jpg\" \/>\n\t\t<meta name=\"twitter:label1\" content=\"Escrito por\" \/>\n\t\t<meta name=\"twitter:data1\" content=\"Cand\u00e1s 365\" \/>\n\t\t<meta name=\"twitter:label2\" content=\"Tiempo de lectura estimado\" \/>\n\t\t<meta name=\"twitter:data2\" content=\"2 minutos\" \/>\n\t\t<script type=\"application\/ld+json\" class=\"aioseo-schema\">\n\t\t\t{\"@context\":\"https:\\\/\\\/schema.org\",\"@graph\":[{\"@type\":\"BreadcrumbList\",\"@id\":\"https:\\\/\\\/candas365.es\\\/noticias\\\/comer-seguro-el-lunes-en-comando-actualidad\\\/#breadcrumblist\",\"itemListElement\":[{\"@type\":\"ListItem\",\"@id\":\"https:\\\/\\\/candas365.es\\\/noticias#listItem\",\"position\":1,\"name\":\"Home\",\"item\":\"https:\\\/\\\/candas365.es\\\/noticias\",\"nextItem\":{\"@type\":\"ListItem\",\"@id\":\"https:\\\/\\\/candas365.es\\\/noticias\\\/category\\\/agenda\\\/#listItem\",\"name\":\"Agenda\"}},{\"@type\":\"ListItem\",\"@id\":\"https:\\\/\\\/candas365.es\\\/noticias\\\/category\\\/agenda\\\/#listItem\",\"position\":2,\"name\":\"Agenda\",\"item\":\"https:\\\/\\\/candas365.es\\\/noticias\\\/category\\\/agenda\\\/\",\"nextItem\":{\"@type\":\"ListItem\",\"@id\":\"https:\\\/\\\/candas365.es\\\/noticias\\\/comer-seguro-el-lunes-en-comando-actualidad\\\/#listItem\",\"name\":\"\\u201cComer Seguro\\u201d el lunes en Comando actualidad\"},\"previousItem\":{\"@type\":\"ListItem\",\"@id\":\"https:\\\/\\\/candas365.es\\\/noticias#listItem\",\"name\":\"Home\"}},{\"@type\":\"ListItem\",\"@id\":\"https:\\\/\\\/candas365.es\\\/noticias\\\/comer-seguro-el-lunes-en-comando-actualidad\\\/#listItem\",\"position\":3,\"name\":\"\\u201cComer Seguro\\u201d el lunes en Comando actualidad\",\"previousItem\":{\"@type\":\"ListItem\",\"@id\":\"https:\\\/\\\/candas365.es\\\/noticias\\\/category\\\/agenda\\\/#listItem\",\"name\":\"Agenda\"}}]},{\"@type\":\"NewsArticle\",\"@id\":\"https:\\\/\\\/candas365.es\\\/noticias\\\/comer-seguro-el-lunes-en-comando-actualidad\\\/#newsarticle\",\"name\":\"\\u201cComer Seguro\\u201d el lunes en Comando actualidad | Cand\\u00e1s 365\",\"headline\":\"\\u201cComer Seguro\\u201d el lunes en Comando actualidad\",\"author\":{\"@id\":\"https:\\\/\\\/candas365.es\\\/noticias\\\/author\\\/admin\\\/#author\"},\"publisher\":{\"@id\":\"https:\\\/\\\/candas365.es\\\/noticias\\\/#organization\"},\"image\":{\"@type\":\"ImageObject\",\"url\":\"https:\\\/\\\/candas365.es\\\/noticias\\\/wp-content\\\/uploads\\\/2017\\\/10\\\/tele06217.jpg\",\"width\":1180,\"height\":649},\"datePublished\":\"2017-10-01T21:21:38+02:00\",\"dateModified\":\"2017-10-01T21:21:38+02:00\",\"inLanguage\":\"es-ES\",\"mainEntityOfPage\":{\"@id\":\"https:\\\/\\\/candas365.es\\\/noticias\\\/comer-seguro-el-lunes-en-comando-actualidad\\\/#webpage\"},\"isPartOf\":{\"@id\":\"https:\\\/\\\/candas365.es\\\/noticias\\\/comer-seguro-el-lunes-en-comando-actualidad\\\/#webpage\"},\"articleSection\":\"Agenda\",\"dateline\":\"Publicado el octubre 1, 2017.\"},{\"@type\":\"Organization\",\"@id\":\"https:\\\/\\\/candas365.es\\\/noticias\\\/#organization\",\"name\":\"Cand\\u00e1s 365\",\"description\":\"Cand\\u00e1s 365 es un diario digital independiente, fundado en 2012, con base en Asturias. Informamos con rigor sobre actualidad, sociedad, cultura y ocio, con una mirada local y global.\",\"url\":\"https:\\\/\\\/candas365.es\\\/noticias\\\/\",\"email\":\"info@candas365.es\",\"telephone\":\"+34652131393\",\"foundingDate\":\"2012-06-10\",\"logo\":{\"@type\":\"ImageObject\",\"url\":\"https:\\\/\\\/candas365.es\\\/noticias\\\/wp-content\\\/uploads\\\/2024\\\/09\\\/Candas-365-Redes.jpg\",\"@id\":\"https:\\\/\\\/candas365.es\\\/noticias\\\/comer-seguro-el-lunes-en-comando-actualidad\\\/#organizationLogo\",\"width\":1152,\"height\":864,\"caption\":\"Cand\\u00e1s 365 Redes\"},\"image\":{\"@id\":\"https:\\\/\\\/candas365.es\\\/noticias\\\/comer-seguro-el-lunes-en-comando-actualidad\\\/#organizationLogo\"},\"sameAs\":[\"https:\\\/\\\/www.facebook.com\\\/Nachofdezber\",\"https:\\\/\\\/x.com\\\/NabercoDigital\",\"https:\\\/\\\/www.instagram.com\\\/nachofdezber\\\/\",\"https:\\\/\\\/www.youtube.com\\\/channel\\\/UCZP-2wLEB9Rv6erhFmqVnvg\"],\"address\":{\"@id\":\"https:\\\/\\\/candas365.es\\\/noticias\\\/#postaladdress\",\"@type\":\"PostalAddress\",\"streetAddress\":\"san antonio 4, san antonio 4\",\"postalCode\":\"33430\",\"addressLocality\":\"Cand\\u00e1s\",\"addressRegion\":\"Asturias\",\"addressCountry\":\"ES\"}},{\"@type\":\"Person\",\"@id\":\"https:\\\/\\\/candas365.es\\\/noticias\\\/author\\\/admin\\\/#author\",\"url\":\"https:\\\/\\\/candas365.es\\\/noticias\\\/author\\\/admin\\\/\",\"name\":\"Cand\\u00e1s 365\",\"image\":{\"@type\":\"ImageObject\",\"@id\":\"https:\\\/\\\/candas365.es\\\/noticias\\\/comer-seguro-el-lunes-en-comando-actualidad\\\/#authorImage\",\"url\":\"https:\\\/\\\/secure.gravatar.com\\\/avatar\\\/496a8e03d0c493ede1718b7934145dbdf8d89be1036b0eec9544e1094c9de390?s=96&d=mm&r=g\",\"width\":96,\"height\":96,\"caption\":\"Cand\\u00e1s 365\"},\"sameAs\":[\"https:\\\/\\\/www.facebook.com\\\/carrenoactualidad\",\"https:\\\/\\\/twitter.com\\\/nbasturias\",\"https:\\\/\\\/www.instagram.com\\\/nachofdezber\\\/\",\"https:\\\/\\\/www.youtube.com\\\/channel\\\/UCZP-2wLEB9Rv6erhFmqVnvg\"]},{\"@type\":\"WebPage\",\"@id\":\"https:\\\/\\\/candas365.es\\\/noticias\\\/comer-seguro-el-lunes-en-comando-actualidad\\\/#webpage\",\"url\":\"https:\\\/\\\/candas365.es\\\/noticias\\\/comer-seguro-el-lunes-en-comando-actualidad\\\/\",\"name\":\"\\u201cComer Seguro\\u201d el lunes en Comando actualidad | Cand\\u00e1s 365\",\"description\":\"El equipo de \\u2018Comando actualidad\\u2019 se pregunta esta semana por la vigilancia que se hace a los alimentos que ingerimos. \\u00bfQu\\u00e9 controles pasan desde el campo hasta nuestra mesa? Los qu\\u00edmicos son necesarios para luchar contra plagas y enfermedades, pero \\u00bfpueden producir alg\\u00fan efecto en nuestro organismo? Este lunes, en el reportaje \\u2018Comer seguro\\u2019. C\\u00e9sar\",\"inLanguage\":\"es-ES\",\"isPartOf\":{\"@id\":\"https:\\\/\\\/candas365.es\\\/noticias\\\/#website\"},\"breadcrumb\":{\"@id\":\"https:\\\/\\\/candas365.es\\\/noticias\\\/comer-seguro-el-lunes-en-comando-actualidad\\\/#breadcrumblist\"},\"author\":{\"@id\":\"https:\\\/\\\/candas365.es\\\/noticias\\\/author\\\/admin\\\/#author\"},\"creator\":{\"@id\":\"https:\\\/\\\/candas365.es\\\/noticias\\\/author\\\/admin\\\/#author\"},\"image\":{\"@type\":\"ImageObject\",\"url\":\"https:\\\/\\\/candas365.es\\\/noticias\\\/wp-content\\\/uploads\\\/2017\\\/10\\\/tele06217.jpg\",\"@id\":\"https:\\\/\\\/candas365.es\\\/noticias\\\/comer-seguro-el-lunes-en-comando-actualidad\\\/#mainImage\",\"width\":1180,\"height\":649},\"primaryImageOfPage\":{\"@id\":\"https:\\\/\\\/candas365.es\\\/noticias\\\/comer-seguro-el-lunes-en-comando-actualidad\\\/#mainImage\"},\"datePublished\":\"2017-10-01T21:21:38+02:00\",\"dateModified\":\"2017-10-01T21:21:38+02:00\"},{\"@type\":\"WebSite\",\"@id\":\"https:\\\/\\\/candas365.es\\\/noticias\\\/#website\",\"url\":\"https:\\\/\\\/candas365.es\\\/noticias\\\/\",\"name\":\"Cand\\u00e1s 365\",\"alternateName\":\"Cand\\u00e1s 365 Noticias\",\"description\":\"Actualidad desde Carre\\u00f1o para el mundo\",\"inLanguage\":\"es-ES\",\"publisher\":{\"@id\":\"https:\\\/\\\/candas365.es\\\/noticias\\\/#organization\"}}]}\n\t\t<\/script>\n\t\t<!-- All in One SEO Pro -->\r\n\t\t<title>\u201cComer Seguro\u201d el lunes en Comando actualidad | Cand\u00e1s 365<\/title>\n\n","aioseo_head_json":{"title":"\u201cComer Seguro\u201d el lunes en Comando actualidad | Cand\u00e1s 365","description":"El equipo de \u2018Comando actualidad\u2019 se pregunta esta semana por la vigilancia que se hace a los alimentos que ingerimos. \u00bfQu\u00e9 controles pasan desde el campo hasta nuestra mesa? Los qu\u00edmicos son necesarios para luchar contra plagas y enfermedades, pero \u00bfpueden producir alg\u00fan efecto en nuestro organismo? Este lunes, en el reportaje \u2018Comer seguro\u2019. C\u00e9sar","canonical_url":"https:\/\/candas365.es\/noticias\/comer-seguro-el-lunes-en-comando-actualidad\/","robots":"max-image-preview:large","keywords":"agenda","webmasterTools":{"google-site-verification":"UA-32230408-1","msvalidate.01":"354F3CDFB2DA171B47FBE9ABF1F88D5","miscellaneous":""},"schema":{"@context":"https:\/\/schema.org","@graph":[{"@type":"BreadcrumbList","@id":"https:\/\/candas365.es\/noticias\/comer-seguro-el-lunes-en-comando-actualidad\/#breadcrumblist","itemListElement":[{"@type":"ListItem","@id":"https:\/\/candas365.es\/noticias#listItem","position":1,"name":"Home","item":"https:\/\/candas365.es\/noticias","nextItem":{"@type":"ListItem","@id":"https:\/\/candas365.es\/noticias\/category\/agenda\/#listItem","name":"Agenda"}},{"@type":"ListItem","@id":"https:\/\/candas365.es\/noticias\/category\/agenda\/#listItem","position":2,"name":"Agenda","item":"https:\/\/candas365.es\/noticias\/category\/agenda\/","nextItem":{"@type":"ListItem","@id":"https:\/\/candas365.es\/noticias\/comer-seguro-el-lunes-en-comando-actualidad\/#listItem","name":"\u201cComer Seguro\u201d el lunes en Comando actualidad"},"previousItem":{"@type":"ListItem","@id":"https:\/\/candas365.es\/noticias#listItem","name":"Home"}},{"@type":"ListItem","@id":"https:\/\/candas365.es\/noticias\/comer-seguro-el-lunes-en-comando-actualidad\/#listItem","position":3,"name":"\u201cComer Seguro\u201d el lunes en Comando actualidad","previousItem":{"@type":"ListItem","@id":"https:\/\/candas365.es\/noticias\/category\/agenda\/#listItem","name":"Agenda"}}]},{"@type":"NewsArticle","@id":"https:\/\/candas365.es\/noticias\/comer-seguro-el-lunes-en-comando-actualidad\/#newsarticle","name":"\u201cComer Seguro\u201d el lunes en Comando actualidad | Cand\u00e1s 365","headline":"\u201cComer Seguro\u201d el lunes en Comando actualidad","author":{"@id":"https:\/\/candas365.es\/noticias\/author\/admin\/#author"},"publisher":{"@id":"https:\/\/candas365.es\/noticias\/#organization"},"image":{"@type":"ImageObject","url":"https:\/\/candas365.es\/noticias\/wp-content\/uploads\/2017\/10\/tele06217.jpg","width":1180,"height":649},"datePublished":"2017-10-01T21:21:38+02:00","dateModified":"2017-10-01T21:21:38+02:00","inLanguage":"es-ES","mainEntityOfPage":{"@id":"https:\/\/candas365.es\/noticias\/comer-seguro-el-lunes-en-comando-actualidad\/#webpage"},"isPartOf":{"@id":"https:\/\/candas365.es\/noticias\/comer-seguro-el-lunes-en-comando-actualidad\/#webpage"},"articleSection":"Agenda","dateline":"Publicado el octubre 1, 2017."},{"@type":"Organization","@id":"https:\/\/candas365.es\/noticias\/#organization","name":"Cand\u00e1s 365","description":"Cand\u00e1s 365 es un diario digital independiente, fundado en 2012, con base en Asturias. Informamos con rigor sobre actualidad, sociedad, cultura y ocio, con una mirada local y global.","url":"https:\/\/candas365.es\/noticias\/","email":"info@candas365.es","telephone":"+34652131393","foundingDate":"2012-06-10","logo":{"@type":"ImageObject","url":"https:\/\/candas365.es\/noticias\/wp-content\/uploads\/2024\/09\/Candas-365-Redes.jpg","@id":"https:\/\/candas365.es\/noticias\/comer-seguro-el-lunes-en-comando-actualidad\/#organizationLogo","width":1152,"height":864,"caption":"Cand\u00e1s 365 Redes"},"image":{"@id":"https:\/\/candas365.es\/noticias\/comer-seguro-el-lunes-en-comando-actualidad\/#organizationLogo"},"sameAs":["https:\/\/www.facebook.com\/Nachofdezber","https:\/\/x.com\/NabercoDigital","https:\/\/www.instagram.com\/nachofdezber\/","https:\/\/www.youtube.com\/channel\/UCZP-2wLEB9Rv6erhFmqVnvg"],"address":{"@id":"https:\/\/candas365.es\/noticias\/#postaladdress","@type":"PostalAddress","streetAddress":"san antonio 4, san antonio 4","postalCode":"33430","addressLocality":"Cand\u00e1s","addressRegion":"Asturias","addressCountry":"ES"}},{"@type":"Person","@id":"https:\/\/candas365.es\/noticias\/author\/admin\/#author","url":"https:\/\/candas365.es\/noticias\/author\/admin\/","name":"Cand\u00e1s 365","image":{"@type":"ImageObject","@id":"https:\/\/candas365.es\/noticias\/comer-seguro-el-lunes-en-comando-actualidad\/#authorImage","url":"https:\/\/secure.gravatar.com\/avatar\/496a8e03d0c493ede1718b7934145dbdf8d89be1036b0eec9544e1094c9de390?s=96&d=mm&r=g","width":96,"height":96,"caption":"Cand\u00e1s 365"},"sameAs":["https:\/\/www.facebook.com\/carrenoactualidad","https:\/\/twitter.com\/nbasturias","https:\/\/www.instagram.com\/nachofdezber\/","https:\/\/www.youtube.com\/channel\/UCZP-2wLEB9Rv6erhFmqVnvg"]},{"@type":"WebPage","@id":"https:\/\/candas365.es\/noticias\/comer-seguro-el-lunes-en-comando-actualidad\/#webpage","url":"https:\/\/candas365.es\/noticias\/comer-seguro-el-lunes-en-comando-actualidad\/","name":"\u201cComer Seguro\u201d el lunes en Comando actualidad | Cand\u00e1s 365","description":"El equipo de \u2018Comando actualidad\u2019 se pregunta esta semana por la vigilancia que se hace a los alimentos que ingerimos. \u00bfQu\u00e9 controles pasan desde el campo hasta nuestra mesa? Los qu\u00edmicos son necesarios para luchar contra plagas y enfermedades, pero \u00bfpueden producir alg\u00fan efecto en nuestro organismo? Este lunes, en el reportaje \u2018Comer seguro\u2019. C\u00e9sar","inLanguage":"es-ES","isPartOf":{"@id":"https:\/\/candas365.es\/noticias\/#website"},"breadcrumb":{"@id":"https:\/\/candas365.es\/noticias\/comer-seguro-el-lunes-en-comando-actualidad\/#breadcrumblist"},"author":{"@id":"https:\/\/candas365.es\/noticias\/author\/admin\/#author"},"creator":{"@id":"https:\/\/candas365.es\/noticias\/author\/admin\/#author"},"image":{"@type":"ImageObject","url":"https:\/\/candas365.es\/noticias\/wp-content\/uploads\/2017\/10\/tele06217.jpg","@id":"https:\/\/candas365.es\/noticias\/comer-seguro-el-lunes-en-comando-actualidad\/#mainImage","width":1180,"height":649},"primaryImageOfPage":{"@id":"https:\/\/candas365.es\/noticias\/comer-seguro-el-lunes-en-comando-actualidad\/#mainImage"},"datePublished":"2017-10-01T21:21:38+02:00","dateModified":"2017-10-01T21:21:38+02:00"},{"@type":"WebSite","@id":"https:\/\/candas365.es\/noticias\/#website","url":"https:\/\/candas365.es\/noticias\/","name":"Cand\u00e1s 365","alternateName":"Cand\u00e1s 365 Noticias","description":"Actualidad desde Carre\u00f1o para el mundo","inLanguage":"es-ES","publisher":{"@id":"https:\/\/candas365.es\/noticias\/#organization"}}]},"og:locale":"es_ES","og:site_name":"Cand\u00e1s 365","og:type":"article","og:title":"\u201cComer Seguro\u201d el lunes en Comando actualidad | Cand\u00e1s 365","og:description":"El equipo de \u2018Comando actualidad\u2019 se pregunta esta semana por la vigilancia que se hace a los alimentos que ingerimos. \u00bfQu\u00e9 controles pasan desde el campo hasta nuestra mesa? Los qu\u00edmicos son necesarios para luchar contra plagas y enfermedades, pero \u00bfpueden producir alg\u00fan efecto en nuestro organismo? Este lunes, en el reportaje \u2018Comer seguro\u2019. C\u00e9sar","og:url":"https:\/\/candas365.es\/noticias\/comer-seguro-el-lunes-en-comando-actualidad\/","og:image":"https:\/\/candas365.es\/noticias\/wp-content\/uploads\/2017\/10\/tele06217.jpg","og:image:secure_url":"https:\/\/candas365.es\/noticias\/wp-content\/uploads\/2017\/10\/tele06217.jpg","og:image:width":1180,"og:image:height":649,"article:published_time":"2017-10-01T21:21:38+00:00","article:modified_time":"2017-10-01T21:21:38+00:00","article:publisher":"https:\/\/www.facebook.com\/Nachofdezber","article:author":"https:\/\/www.facebook.com\/carrenoactualidad","twitter:card":"summary_large_image","twitter:site":"@NabercoDigital","twitter:title":"\u201cComer Seguro\u201d el lunes en Comando actualidad | Cand\u00e1s 365","twitter:description":"El equipo de \u2018Comando actualidad\u2019 se pregunta esta semana por la vigilancia que se hace a los alimentos que ingerimos. \u00bfQu\u00e9 controles pasan desde el campo hasta nuestra mesa? Los qu\u00edmicos son necesarios para luchar contra plagas y enfermedades, pero \u00bfpueden producir alg\u00fan efecto en nuestro organismo? Este lunes, en el reportaje \u2018Comer seguro\u2019. C\u00e9sar","twitter:creator":"@nbasturias","twitter:image":"https:\/\/candas365.es\/noticias\/wp-content\/uploads\/2017\/10\/tele06217.jpg","twitter:label1":"Escrito por","twitter:data1":"Cand\u00e1s 365","twitter:label2":"Tiempo de lectura estimado","twitter:data2":"2 minutos"},"aioseo_meta_data":{"post_id":"81225","title":null,"description":null,"keywords":null,"keyphrases":null,"primary_term":null,"canonical_url":null,"og_title":null,"og_description":null,"og_object_type":"default","og_image_type":"default","og_image_url":null,"og_image_width":null,"og_image_height":null,"og_image_custom_url":null,"og_image_custom_fields":null,"og_video":null,"og_custom_url":null,"og_article_section":null,"og_article_tags":null,"twitter_use_og":false,"twitter_card":"default","twitter_image_type":"default","twitter_image_url":null,"twitter_image_custom_url":null,"twitter_image_custom_fields":null,"twitter_title":null,"twitter_description":null,"schema":{"blockGraphs":[],"customGraphs":[],"default":{"data":{"Article":[],"Course":[],"Dataset":[],"FAQPage":[],"Movie":[],"Person":[],"Product":[],"ProductReview":[],"Car":[],"Recipe":[],"Service":[],"SoftwareApplication":[],"WebPage":[]},"graphName":"","isEnabled":true},"graphs":[],"defaultGraph":"","defaultPostTypeGraph":""},"schema_type":null,"schema_type_options":null,"pillar_content":false,"robots_default":true,"robots_noindex":false,"robots_noarchive":false,"robots_nosnippet":false,"robots_nofollow":false,"robots_noimageindex":false,"robots_noodp":false,"robots_notranslate":false,"robots_max_snippet":null,"robots_max_videopreview":null,"robots_max_imagepreview":"large","priority":null,"frequency":null,"location":null,"local_seo":null,"seo_analyzer_scan_date":"2025-08-26 01:34:18","breadcrumb_settings":null,"limit_modified_date":false,"reviewed_by":null,"open_ai":null,"ai":null,"created":"2020-12-21 12:42:55","updated":"2025-08-26 01:34:18"},"aioseo_breadcrumb":"<div class=\"aioseo-breadcrumbs\"><span class=\"aioseo-breadcrumb\">\n\t<a href=\"https:\/\/candas365.es\/noticias\" title=\"Home\">Home<\/a>\n<\/span><span class=\"aioseo-breadcrumb-separator\">&ndash;<\/span><span class=\"aioseo-breadcrumb\">\n\t<a href=\"https:\/\/candas365.es\/noticias\/category\/agenda\/\" title=\"Agenda\">Agenda<\/a>\n<\/span><span class=\"aioseo-breadcrumb-separator\">&ndash;<\/span><span class=\"aioseo-breadcrumb\">\n\t\u201cComer Seguro\u201d el lunes en Comando actualidad\n<\/span><\/div>","aioseo_breadcrumb_json":[{"label":"Home","link":"https:\/\/candas365.es\/noticias"},{"label":"Agenda","link":"https:\/\/candas365.es\/noticias\/category\/agenda\/"},{"label":"\u201cComer Seguro\u201d el lunes en Comando actualidad","link":"https:\/\/candas365.es\/noticias\/comer-seguro-el-lunes-en-comando-actualidad\/"}],"_links":{"self":[{"href":"https:\/\/candas365.es\/noticias\/wp-json\/wp\/v2\/posts\/81225","targetHints":{"allow":["GET"]}}],"collection":[{"href":"https:\/\/candas365.es\/noticias\/wp-json\/wp\/v2\/posts"}],"about":[{"href":"https:\/\/candas365.es\/noticias\/wp-json\/wp\/v2\/types\/post"}],"author":[{"embeddable":true,"href":"https:\/\/candas365.es\/noticias\/wp-json\/wp\/v2\/users\/1"}],"replies":[{"embeddable":true,"href":"https:\/\/candas365.es\/noticias\/wp-json\/wp\/v2\/comments?post=81225"}],"version-history":[{"count":0,"href":"https:\/\/candas365.es\/noticias\/wp-json\/wp\/v2\/posts\/81225\/revisions"}],"wp:featuredmedia":[{"embeddable":true,"href":"https:\/\/candas365.es\/noticias\/wp-json\/wp\/v2\/media\/81226"}],"wp:attachment":[{"href":"https:\/\/candas365.es\/noticias\/wp-json\/wp\/v2\/media?parent=81225"}],"wp:term":[{"taxonomy":"category","embeddable":true,"href":"https:\/\/candas365.es\/noticias\/wp-json\/wp\/v2\/categories?post=81225"},{"taxonomy":"post_tag","embeddable":true,"href":"https:\/\/candas365.es\/noticias\/wp-json\/wp\/v2\/tags?post=81225"}],"curies":[{"name":"wp","href":"https:\/\/api.w.org\/{rel}","templated":true}]}}