{"id":81222,"date":"2017-10-01T21:14:21","date_gmt":"2017-10-01T21:14:21","guid":{"rendered":"http:\/\/candas365.es\/noticias\/?p=81222"},"modified":"2017-10-01T21:14:21","modified_gmt":"2017-10-01T21:14:21","slug":"en-portada-estrena-el-reportaje-tu-casa-es-nuestra","status":"publish","type":"post","link":"https:\/\/candas365.es\/noticias\/en-portada-estrena-el-reportaje-tu-casa-es-nuestra\/","title":{"rendered":"\u2018En Portada\u2019 estrena el reportaje \u2018Tu casa es nuestra\u2019"},"content":{"rendered":"<p><img fetchpriority=\"high\" decoding=\"async\" class=\"alignleft size-medium wp-image-81223\" src=\"https:\/\/candas365.es\/noticias\/wp-content\/uploads\/2017\/10\/tele021017-360x240.jpg\" alt=\"\" width=\"360\" height=\"240\" srcset=\"https:\/\/candas365.es\/noticias\/wp-content\/uploads\/2017\/10\/tele021017-360x240.jpg 360w, https:\/\/candas365.es\/noticias\/wp-content\/uploads\/2017\/10\/tele021017-768x512.jpg 768w, https:\/\/candas365.es\/noticias\/wp-content\/uploads\/2017\/10\/tele021017-655x437.jpg 655w, https:\/\/candas365.es\/noticias\/wp-content\/uploads\/2017\/10\/tele021017-696x464.jpg 696w, https:\/\/candas365.es\/noticias\/wp-content\/uploads\/2017\/10\/tele021017-1068x712.jpg 1068w, https:\/\/candas365.es\/noticias\/wp-content\/uploads\/2017\/10\/tele021017-630x420.jpg 630w, https:\/\/candas365.es\/noticias\/wp-content\/uploads\/2017\/10\/tele021017-84x55.jpg 84w, https:\/\/candas365.es\/noticias\/wp-content\/uploads\/2017\/10\/tele021017.jpg 1180w\" sizes=\"(max-width: 360px) 100vw, 360px\" \/>\u2018En Portada\u2019 estrena el reportaje \u2018Tu casa es nuestra\u2019 en el que muestra la trama de los desahucios en Varsovia. Un equipo del programa ha viajado a Polonia donde miles de inquilinos han sido desalojados de sus casas, despu\u00e9s de que el edificio en el que viv\u00edan, de propiedad p\u00fablica, pasara a manos privadas. Los afectados cuentan a \u2018En Portada\u2019 hasta d\u00f3nde puede llegar la intimidaci\u00f3n por parte de los nuevos propietarios.<\/p>\n<p>Muchos arrendatarios est\u00e1n viviendo aut\u00e9nticas pesadillas en Varsovia, porque algunos de los nuevos propietarios los presionan (con una subida desorbitada del alquiler o, incluso, mediante intimidaci\u00f3n y acoso) para que abandonen su hogar, a fin de poder vender o alquilar las viviendas a un precio mucho mayor.<\/p>\n<p>Inquilinos, activistas y algunas instituciones denuncian un proceso al que han denominado \u201creprivatizaci\u00f3n salvaje\u201d. Se\u00f1alan a propietarios sin escr\u00fapulos y a una \u201cmafia\u201d que utiliza todo tipo de estratagemas para forzar el desalojo de quienes se resisten a marcharse, y para silenciar a las voces cr\u00edticas que se alzan en contra.<\/p>\n<p>Una ONG en defensa de los inquilinos y periodistas de investigaci\u00f3n han destapado las conexiones entre algunos funcionarios del Ayuntamiento de Varsovia y grandes inversores inmobiliarios, envueltos en este proceso de reprivatizaci\u00f3n. La fiscal\u00eda y la Oficina Central Anticorrupci\u00f3n ya han practicado varias detenciones y siguen investigando una posible trama de corrupci\u00f3n.<\/p>\n<p>El proceso de reprivatizaci\u00f3n se inici\u00f3 en Polonia con la llegada de la democracia en 1989. Varsovia qued\u00f3 pr\u00e1cticamente arrasada durante la II Guerra Mundial y el r\u00e9gimen comunista puso en marcha la r\u00e1pida reconstrucci\u00f3n de la capital y la nacionalizaci\u00f3n de la propiedad. En las \u00faltimas d\u00e9cadas, antiguos due\u00f1os han empezado a reclamar sus derechos sobre la propiedad nacionalizada. Pero la ausencia de una legislaci\u00f3n y de una vigilancia por parte de las autoridades ha llevado al desahucio y a la pr\u00e1ctica indefensi\u00f3n de unos 40.000 inquilinos s\u00f3lo en la capital polaca.<\/p>\n<p>\u2018Tu casa es la nuestra\u2019 es un reportaje para todos los p\u00fablicos con gui\u00f3n de Yolanda \u00c1lvarez; realizaci\u00f3n de \u00c1ngel Barroso; imagen de Jos\u00e9 Mar\u00eda Ortiz; sonido de Gema Carrillo; montaje de Javier S\u00e1ez; y producci\u00f3n de Ana Pastor y Lourdes Calvo.<\/p>\n","protected":false},"excerpt":{"rendered":"<p>\u2018En Portada\u2019 estrena el reportaje \u2018Tu casa es nuestra\u2019 en el que muestra la trama de los desahucios en Varsovia. Un equipo del programa ha viajado a Polonia donde miles de inquilinos han sido desalojados de sus casas, despu\u00e9s de que el edificio en el que viv\u00edan, de propiedad p\u00fablica, pasara a manos privadas. Los<\/p>\n","protected":false},"author":1,"featured_media":81223,"comment_status":"closed","ping_status":"closed","sticky":false,"template":"","format":"standard","meta":{"footnotes":""},"categories":[1],"tags":[],"class_list":{"0":"post-81222","1":"post","2":"type-post","3":"status-publish","4":"format-standard","5":"has-post-thumbnail","7":"category-agenda"},"aioseo_notices":[],"aioseo_head":"\n\t\t<!-- All in One SEO Pro 4.9.6.2 - aioseo.com -->\n\t<meta name=\"description\" content=\"\u2018En Portada\u2019 estrena el reportaje \u2018Tu casa es nuestra\u2019 en el que muestra la trama de los desahucios en Varsovia. Un equipo del programa ha viajado a Polonia donde miles de inquilinos han sido desalojados de sus casas, despu\u00e9s de que el edificio en el que viv\u00edan, de propiedad p\u00fablica, pasara a manos privadas. Los\" \/>\n\t<meta name=\"robots\" content=\"max-image-preview:large\" \/>\n\t<meta name=\"author\" content=\"Cand\u00e1s 365\"\/>\n\t<meta name=\"google-site-verification\" content=\"UA-32230408-1\" \/>\n\t<meta name=\"msvalidate.01\" content=\"354F3CDFB2DA171B47FBE9ABF1F88D5\" \/>\n\t<meta name=\"keywords\" content=\"agenda\" \/>\n\t<link rel=\"canonical\" href=\"https:\/\/candas365.es\/noticias\/en-portada-estrena-el-reportaje-tu-casa-es-nuestra\/\" \/>\n\t<meta name=\"generator\" content=\"All in One SEO Pro (AIOSEO) 4.9.6.2\" \/>\n\t\t<meta property=\"og:locale\" content=\"es_ES\" \/>\n\t\t<meta property=\"og:site_name\" content=\"Cand\u00e1s 365\" \/>\n\t\t<meta property=\"og:type\" content=\"article\" \/>\n\t\t<meta property=\"og:title\" content=\"\u2018En Portada\u2019 estrena el reportaje \u2018Tu casa es nuestra\u2019 | Cand\u00e1s 365\" \/>\n\t\t<meta property=\"og:description\" content=\"\u2018En Portada\u2019 estrena el reportaje \u2018Tu casa es nuestra\u2019 en el que muestra la trama de los desahucios en Varsovia. Un equipo del programa ha viajado a Polonia donde miles de inquilinos han sido desalojados de sus casas, despu\u00e9s de que el edificio en el que viv\u00edan, de propiedad p\u00fablica, pasara a manos privadas. Los\" \/>\n\t\t<meta property=\"og:url\" content=\"https:\/\/candas365.es\/noticias\/en-portada-estrena-el-reportaje-tu-casa-es-nuestra\/\" \/>\n\t\t<meta property=\"og:image\" content=\"https:\/\/candas365.es\/noticias\/wp-content\/uploads\/2017\/10\/tele021017.jpg\" \/>\n\t\t<meta property=\"og:image:secure_url\" content=\"https:\/\/candas365.es\/noticias\/wp-content\/uploads\/2017\/10\/tele021017.jpg\" \/>\n\t\t<meta property=\"og:image:width\" content=\"1180\" \/>\n\t\t<meta property=\"og:image:height\" content=\"787\" \/>\n\t\t<meta property=\"article:published_time\" content=\"2017-10-01T21:14:21+00:00\" \/>\n\t\t<meta property=\"article:modified_time\" content=\"2017-10-01T21:14:21+00:00\" \/>\n\t\t<meta property=\"article:publisher\" content=\"https:\/\/www.facebook.com\/Nachofdezber\" \/>\n\t\t<meta property=\"article:author\" content=\"https:\/\/www.facebook.com\/carrenoactualidad\" \/>\n\t\t<meta name=\"twitter:card\" content=\"summary_large_image\" \/>\n\t\t<meta name=\"twitter:site\" content=\"@NabercoDigital\" \/>\n\t\t<meta name=\"twitter:title\" content=\"\u2018En Portada\u2019 estrena el reportaje \u2018Tu casa es nuestra\u2019 | Cand\u00e1s 365\" \/>\n\t\t<meta name=\"twitter:description\" content=\"\u2018En Portada\u2019 estrena el reportaje \u2018Tu casa es nuestra\u2019 en el que muestra la trama de los desahucios en Varsovia. Un equipo del programa ha viajado a Polonia donde miles de inquilinos han sido desalojados de sus casas, despu\u00e9s de que el edificio en el que viv\u00edan, de propiedad p\u00fablica, pasara a manos privadas. Los\" \/>\n\t\t<meta name=\"twitter:creator\" content=\"@nbasturias\" \/>\n\t\t<meta name=\"twitter:image\" content=\"https:\/\/candas365.es\/noticias\/wp-content\/uploads\/2017\/10\/tele021017.jpg\" \/>\n\t\t<meta name=\"twitter:label1\" content=\"Escrito por\" \/>\n\t\t<meta name=\"twitter:data1\" content=\"Cand\u00e1s 365\" \/>\n\t\t<meta name=\"twitter:label2\" content=\"Tiempo de lectura estimado\" \/>\n\t\t<meta name=\"twitter:data2\" content=\"2 minutos\" \/>\n\t\t<script type=\"application\/ld+json\" class=\"aioseo-schema\">\n\t\t\t{\"@context\":\"https:\\\/\\\/schema.org\",\"@graph\":[{\"@type\":\"BreadcrumbList\",\"@id\":\"https:\\\/\\\/candas365.es\\\/noticias\\\/en-portada-estrena-el-reportaje-tu-casa-es-nuestra\\\/#breadcrumblist\",\"itemListElement\":[{\"@type\":\"ListItem\",\"@id\":\"https:\\\/\\\/candas365.es\\\/noticias#listItem\",\"position\":1,\"name\":\"Home\",\"item\":\"https:\\\/\\\/candas365.es\\\/noticias\",\"nextItem\":{\"@type\":\"ListItem\",\"@id\":\"https:\\\/\\\/candas365.es\\\/noticias\\\/category\\\/agenda\\\/#listItem\",\"name\":\"Agenda\"}},{\"@type\":\"ListItem\",\"@id\":\"https:\\\/\\\/candas365.es\\\/noticias\\\/category\\\/agenda\\\/#listItem\",\"position\":2,\"name\":\"Agenda\",\"item\":\"https:\\\/\\\/candas365.es\\\/noticias\\\/category\\\/agenda\\\/\",\"nextItem\":{\"@type\":\"ListItem\",\"@id\":\"https:\\\/\\\/candas365.es\\\/noticias\\\/en-portada-estrena-el-reportaje-tu-casa-es-nuestra\\\/#listItem\",\"name\":\"\\u2018En Portada\\u2019 estrena el reportaje \\u2018Tu casa es nuestra\\u2019\"},\"previousItem\":{\"@type\":\"ListItem\",\"@id\":\"https:\\\/\\\/candas365.es\\\/noticias#listItem\",\"name\":\"Home\"}},{\"@type\":\"ListItem\",\"@id\":\"https:\\\/\\\/candas365.es\\\/noticias\\\/en-portada-estrena-el-reportaje-tu-casa-es-nuestra\\\/#listItem\",\"position\":3,\"name\":\"\\u2018En Portada\\u2019 estrena el reportaje \\u2018Tu casa es nuestra\\u2019\",\"previousItem\":{\"@type\":\"ListItem\",\"@id\":\"https:\\\/\\\/candas365.es\\\/noticias\\\/category\\\/agenda\\\/#listItem\",\"name\":\"Agenda\"}}]},{\"@type\":\"NewsArticle\",\"@id\":\"https:\\\/\\\/candas365.es\\\/noticias\\\/en-portada-estrena-el-reportaje-tu-casa-es-nuestra\\\/#newsarticle\",\"name\":\"\\u2018En Portada\\u2019 estrena el reportaje \\u2018Tu casa es nuestra\\u2019 | Cand\\u00e1s 365\",\"headline\":\"\\u2018En Portada\\u2019 estrena el reportaje \\u2018Tu casa es nuestra\\u2019\",\"author\":{\"@id\":\"https:\\\/\\\/candas365.es\\\/noticias\\\/author\\\/admin\\\/#author\"},\"publisher\":{\"@id\":\"https:\\\/\\\/candas365.es\\\/noticias\\\/#organization\"},\"image\":{\"@type\":\"ImageObject\",\"url\":\"https:\\\/\\\/candas365.es\\\/noticias\\\/wp-content\\\/uploads\\\/2017\\\/10\\\/tele021017.jpg\",\"width\":1180,\"height\":787},\"datePublished\":\"2017-10-01T21:14:21+02:00\",\"dateModified\":\"2017-10-01T21:14:21+02:00\",\"inLanguage\":\"es-ES\",\"mainEntityOfPage\":{\"@id\":\"https:\\\/\\\/candas365.es\\\/noticias\\\/en-portada-estrena-el-reportaje-tu-casa-es-nuestra\\\/#webpage\"},\"isPartOf\":{\"@id\":\"https:\\\/\\\/candas365.es\\\/noticias\\\/en-portada-estrena-el-reportaje-tu-casa-es-nuestra\\\/#webpage\"},\"articleSection\":\"Agenda\",\"dateline\":\"Publicado el octubre 1, 2017.\"},{\"@type\":\"Organization\",\"@id\":\"https:\\\/\\\/candas365.es\\\/noticias\\\/#organization\",\"name\":\"Cand\\u00e1s 365\",\"description\":\"Cand\\u00e1s 365 es un diario digital independiente, fundado en 2012, con base en Asturias. Informamos con rigor sobre actualidad, sociedad, cultura y ocio, con una mirada local y global.\",\"url\":\"https:\\\/\\\/candas365.es\\\/noticias\\\/\",\"email\":\"info@candas365.es\",\"telephone\":\"+34652131393\",\"foundingDate\":\"2012-06-10\",\"logo\":{\"@type\":\"ImageObject\",\"url\":\"https:\\\/\\\/candas365.es\\\/noticias\\\/wp-content\\\/uploads\\\/2024\\\/09\\\/Candas-365-Redes.jpg\",\"@id\":\"https:\\\/\\\/candas365.es\\\/noticias\\\/en-portada-estrena-el-reportaje-tu-casa-es-nuestra\\\/#organizationLogo\",\"width\":1152,\"height\":864,\"caption\":\"Cand\\u00e1s 365 Redes\"},\"image\":{\"@id\":\"https:\\\/\\\/candas365.es\\\/noticias\\\/en-portada-estrena-el-reportaje-tu-casa-es-nuestra\\\/#organizationLogo\"},\"sameAs\":[\"https:\\\/\\\/www.facebook.com\\\/Nachofdezber\",\"https:\\\/\\\/x.com\\\/NabercoDigital\",\"https:\\\/\\\/www.instagram.com\\\/nachofdezber\\\/\",\"https:\\\/\\\/www.youtube.com\\\/channel\\\/UCZP-2wLEB9Rv6erhFmqVnvg\"],\"address\":{\"@id\":\"https:\\\/\\\/candas365.es\\\/noticias\\\/#postaladdress\",\"@type\":\"PostalAddress\",\"streetAddress\":\"san antonio 4, san antonio 4\",\"postalCode\":\"33430\",\"addressLocality\":\"Cand\\u00e1s\",\"addressRegion\":\"Asturias\",\"addressCountry\":\"ES\"}},{\"@type\":\"Person\",\"@id\":\"https:\\\/\\\/candas365.es\\\/noticias\\\/author\\\/admin\\\/#author\",\"url\":\"https:\\\/\\\/candas365.es\\\/noticias\\\/author\\\/admin\\\/\",\"name\":\"Cand\\u00e1s 365\",\"image\":{\"@type\":\"ImageObject\",\"@id\":\"https:\\\/\\\/candas365.es\\\/noticias\\\/en-portada-estrena-el-reportaje-tu-casa-es-nuestra\\\/#authorImage\",\"url\":\"https:\\\/\\\/secure.gravatar.com\\\/avatar\\\/496a8e03d0c493ede1718b7934145dbdf8d89be1036b0eec9544e1094c9de390?s=96&d=mm&r=g\",\"width\":96,\"height\":96,\"caption\":\"Cand\\u00e1s 365\"},\"sameAs\":[\"https:\\\/\\\/www.facebook.com\\\/carrenoactualidad\",\"https:\\\/\\\/twitter.com\\\/nbasturias\",\"https:\\\/\\\/www.instagram.com\\\/nachofdezber\\\/\",\"https:\\\/\\\/www.youtube.com\\\/channel\\\/UCZP-2wLEB9Rv6erhFmqVnvg\"]},{\"@type\":\"WebPage\",\"@id\":\"https:\\\/\\\/candas365.es\\\/noticias\\\/en-portada-estrena-el-reportaje-tu-casa-es-nuestra\\\/#webpage\",\"url\":\"https:\\\/\\\/candas365.es\\\/noticias\\\/en-portada-estrena-el-reportaje-tu-casa-es-nuestra\\\/\",\"name\":\"\\u2018En Portada\\u2019 estrena el reportaje \\u2018Tu casa es nuestra\\u2019 | Cand\\u00e1s 365\",\"description\":\"\\u2018En Portada\\u2019 estrena el reportaje \\u2018Tu casa es nuestra\\u2019 en el que muestra la trama de los desahucios en Varsovia. Un equipo del programa ha viajado a Polonia donde miles de inquilinos han sido desalojados de sus casas, despu\\u00e9s de que el edificio en el que viv\\u00edan, de propiedad p\\u00fablica, pasara a manos privadas. Los\",\"inLanguage\":\"es-ES\",\"isPartOf\":{\"@id\":\"https:\\\/\\\/candas365.es\\\/noticias\\\/#website\"},\"breadcrumb\":{\"@id\":\"https:\\\/\\\/candas365.es\\\/noticias\\\/en-portada-estrena-el-reportaje-tu-casa-es-nuestra\\\/#breadcrumblist\"},\"author\":{\"@id\":\"https:\\\/\\\/candas365.es\\\/noticias\\\/author\\\/admin\\\/#author\"},\"creator\":{\"@id\":\"https:\\\/\\\/candas365.es\\\/noticias\\\/author\\\/admin\\\/#author\"},\"image\":{\"@type\":\"ImageObject\",\"url\":\"https:\\\/\\\/candas365.es\\\/noticias\\\/wp-content\\\/uploads\\\/2017\\\/10\\\/tele021017.jpg\",\"@id\":\"https:\\\/\\\/candas365.es\\\/noticias\\\/en-portada-estrena-el-reportaje-tu-casa-es-nuestra\\\/#mainImage\",\"width\":1180,\"height\":787},\"primaryImageOfPage\":{\"@id\":\"https:\\\/\\\/candas365.es\\\/noticias\\\/en-portada-estrena-el-reportaje-tu-casa-es-nuestra\\\/#mainImage\"},\"datePublished\":\"2017-10-01T21:14:21+02:00\",\"dateModified\":\"2017-10-01T21:14:21+02:00\"},{\"@type\":\"WebSite\",\"@id\":\"https:\\\/\\\/candas365.es\\\/noticias\\\/#website\",\"url\":\"https:\\\/\\\/candas365.es\\\/noticias\\\/\",\"name\":\"Cand\\u00e1s 365\",\"alternateName\":\"Cand\\u00e1s 365 Noticias\",\"description\":\"Actualidad desde Carre\\u00f1o para el mundo\",\"inLanguage\":\"es-ES\",\"publisher\":{\"@id\":\"https:\\\/\\\/candas365.es\\\/noticias\\\/#organization\"}}]}\n\t\t<\/script>\n\t\t<!-- All in One SEO Pro -->\r\n\t\t<title>\u2018En Portada\u2019 estrena el reportaje \u2018Tu casa es nuestra\u2019 | Cand\u00e1s 365<\/title>\n\n","aioseo_head_json":{"title":"\u2018En Portada\u2019 estrena el reportaje \u2018Tu casa es nuestra\u2019 | Cand\u00e1s 365","description":"\u2018En Portada\u2019 estrena el reportaje \u2018Tu casa es nuestra\u2019 en el que muestra la trama de los desahucios en Varsovia. Un equipo del programa ha viajado a Polonia donde miles de inquilinos han sido desalojados de sus casas, despu\u00e9s de que el edificio en el que viv\u00edan, de propiedad p\u00fablica, pasara a manos privadas. Los","canonical_url":"https:\/\/candas365.es\/noticias\/en-portada-estrena-el-reportaje-tu-casa-es-nuestra\/","robots":"max-image-preview:large","keywords":"agenda","webmasterTools":{"google-site-verification":"UA-32230408-1","msvalidate.01":"354F3CDFB2DA171B47FBE9ABF1F88D5","miscellaneous":""},"schema":{"@context":"https:\/\/schema.org","@graph":[{"@type":"BreadcrumbList","@id":"https:\/\/candas365.es\/noticias\/en-portada-estrena-el-reportaje-tu-casa-es-nuestra\/#breadcrumblist","itemListElement":[{"@type":"ListItem","@id":"https:\/\/candas365.es\/noticias#listItem","position":1,"name":"Home","item":"https:\/\/candas365.es\/noticias","nextItem":{"@type":"ListItem","@id":"https:\/\/candas365.es\/noticias\/category\/agenda\/#listItem","name":"Agenda"}},{"@type":"ListItem","@id":"https:\/\/candas365.es\/noticias\/category\/agenda\/#listItem","position":2,"name":"Agenda","item":"https:\/\/candas365.es\/noticias\/category\/agenda\/","nextItem":{"@type":"ListItem","@id":"https:\/\/candas365.es\/noticias\/en-portada-estrena-el-reportaje-tu-casa-es-nuestra\/#listItem","name":"\u2018En Portada\u2019 estrena el reportaje \u2018Tu casa es nuestra\u2019"},"previousItem":{"@type":"ListItem","@id":"https:\/\/candas365.es\/noticias#listItem","name":"Home"}},{"@type":"ListItem","@id":"https:\/\/candas365.es\/noticias\/en-portada-estrena-el-reportaje-tu-casa-es-nuestra\/#listItem","position":3,"name":"\u2018En Portada\u2019 estrena el reportaje \u2018Tu casa es nuestra\u2019","previousItem":{"@type":"ListItem","@id":"https:\/\/candas365.es\/noticias\/category\/agenda\/#listItem","name":"Agenda"}}]},{"@type":"NewsArticle","@id":"https:\/\/candas365.es\/noticias\/en-portada-estrena-el-reportaje-tu-casa-es-nuestra\/#newsarticle","name":"\u2018En Portada\u2019 estrena el reportaje \u2018Tu casa es nuestra\u2019 | Cand\u00e1s 365","headline":"\u2018En Portada\u2019 estrena el reportaje \u2018Tu casa es nuestra\u2019","author":{"@id":"https:\/\/candas365.es\/noticias\/author\/admin\/#author"},"publisher":{"@id":"https:\/\/candas365.es\/noticias\/#organization"},"image":{"@type":"ImageObject","url":"https:\/\/candas365.es\/noticias\/wp-content\/uploads\/2017\/10\/tele021017.jpg","width":1180,"height":787},"datePublished":"2017-10-01T21:14:21+02:00","dateModified":"2017-10-01T21:14:21+02:00","inLanguage":"es-ES","mainEntityOfPage":{"@id":"https:\/\/candas365.es\/noticias\/en-portada-estrena-el-reportaje-tu-casa-es-nuestra\/#webpage"},"isPartOf":{"@id":"https:\/\/candas365.es\/noticias\/en-portada-estrena-el-reportaje-tu-casa-es-nuestra\/#webpage"},"articleSection":"Agenda","dateline":"Publicado el octubre 1, 2017."},{"@type":"Organization","@id":"https:\/\/candas365.es\/noticias\/#organization","name":"Cand\u00e1s 365","description":"Cand\u00e1s 365 es un diario digital independiente, fundado en 2012, con base en Asturias. Informamos con rigor sobre actualidad, sociedad, cultura y ocio, con una mirada local y global.","url":"https:\/\/candas365.es\/noticias\/","email":"info@candas365.es","telephone":"+34652131393","foundingDate":"2012-06-10","logo":{"@type":"ImageObject","url":"https:\/\/candas365.es\/noticias\/wp-content\/uploads\/2024\/09\/Candas-365-Redes.jpg","@id":"https:\/\/candas365.es\/noticias\/en-portada-estrena-el-reportaje-tu-casa-es-nuestra\/#organizationLogo","width":1152,"height":864,"caption":"Cand\u00e1s 365 Redes"},"image":{"@id":"https:\/\/candas365.es\/noticias\/en-portada-estrena-el-reportaje-tu-casa-es-nuestra\/#organizationLogo"},"sameAs":["https:\/\/www.facebook.com\/Nachofdezber","https:\/\/x.com\/NabercoDigital","https:\/\/www.instagram.com\/nachofdezber\/","https:\/\/www.youtube.com\/channel\/UCZP-2wLEB9Rv6erhFmqVnvg"],"address":{"@id":"https:\/\/candas365.es\/noticias\/#postaladdress","@type":"PostalAddress","streetAddress":"san antonio 4, san antonio 4","postalCode":"33430","addressLocality":"Cand\u00e1s","addressRegion":"Asturias","addressCountry":"ES"}},{"@type":"Person","@id":"https:\/\/candas365.es\/noticias\/author\/admin\/#author","url":"https:\/\/candas365.es\/noticias\/author\/admin\/","name":"Cand\u00e1s 365","image":{"@type":"ImageObject","@id":"https:\/\/candas365.es\/noticias\/en-portada-estrena-el-reportaje-tu-casa-es-nuestra\/#authorImage","url":"https:\/\/secure.gravatar.com\/avatar\/496a8e03d0c493ede1718b7934145dbdf8d89be1036b0eec9544e1094c9de390?s=96&d=mm&r=g","width":96,"height":96,"caption":"Cand\u00e1s 365"},"sameAs":["https:\/\/www.facebook.com\/carrenoactualidad","https:\/\/twitter.com\/nbasturias","https:\/\/www.instagram.com\/nachofdezber\/","https:\/\/www.youtube.com\/channel\/UCZP-2wLEB9Rv6erhFmqVnvg"]},{"@type":"WebPage","@id":"https:\/\/candas365.es\/noticias\/en-portada-estrena-el-reportaje-tu-casa-es-nuestra\/#webpage","url":"https:\/\/candas365.es\/noticias\/en-portada-estrena-el-reportaje-tu-casa-es-nuestra\/","name":"\u2018En Portada\u2019 estrena el reportaje \u2018Tu casa es nuestra\u2019 | Cand\u00e1s 365","description":"\u2018En Portada\u2019 estrena el reportaje \u2018Tu casa es nuestra\u2019 en el que muestra la trama de los desahucios en Varsovia. Un equipo del programa ha viajado a Polonia donde miles de inquilinos han sido desalojados de sus casas, despu\u00e9s de que el edificio en el que viv\u00edan, de propiedad p\u00fablica, pasara a manos privadas. Los","inLanguage":"es-ES","isPartOf":{"@id":"https:\/\/candas365.es\/noticias\/#website"},"breadcrumb":{"@id":"https:\/\/candas365.es\/noticias\/en-portada-estrena-el-reportaje-tu-casa-es-nuestra\/#breadcrumblist"},"author":{"@id":"https:\/\/candas365.es\/noticias\/author\/admin\/#author"},"creator":{"@id":"https:\/\/candas365.es\/noticias\/author\/admin\/#author"},"image":{"@type":"ImageObject","url":"https:\/\/candas365.es\/noticias\/wp-content\/uploads\/2017\/10\/tele021017.jpg","@id":"https:\/\/candas365.es\/noticias\/en-portada-estrena-el-reportaje-tu-casa-es-nuestra\/#mainImage","width":1180,"height":787},"primaryImageOfPage":{"@id":"https:\/\/candas365.es\/noticias\/en-portada-estrena-el-reportaje-tu-casa-es-nuestra\/#mainImage"},"datePublished":"2017-10-01T21:14:21+02:00","dateModified":"2017-10-01T21:14:21+02:00"},{"@type":"WebSite","@id":"https:\/\/candas365.es\/noticias\/#website","url":"https:\/\/candas365.es\/noticias\/","name":"Cand\u00e1s 365","alternateName":"Cand\u00e1s 365 Noticias","description":"Actualidad desde Carre\u00f1o para el mundo","inLanguage":"es-ES","publisher":{"@id":"https:\/\/candas365.es\/noticias\/#organization"}}]},"og:locale":"es_ES","og:site_name":"Cand\u00e1s 365","og:type":"article","og:title":"\u2018En Portada\u2019 estrena el reportaje \u2018Tu casa es nuestra\u2019 | Cand\u00e1s 365","og:description":"\u2018En Portada\u2019 estrena el reportaje \u2018Tu casa es nuestra\u2019 en el que muestra la trama de los desahucios en Varsovia. Un equipo del programa ha viajado a Polonia donde miles de inquilinos han sido desalojados de sus casas, despu\u00e9s de que el edificio en el que viv\u00edan, de propiedad p\u00fablica, pasara a manos privadas. Los","og:url":"https:\/\/candas365.es\/noticias\/en-portada-estrena-el-reportaje-tu-casa-es-nuestra\/","og:image":"https:\/\/candas365.es\/noticias\/wp-content\/uploads\/2017\/10\/tele021017.jpg","og:image:secure_url":"https:\/\/candas365.es\/noticias\/wp-content\/uploads\/2017\/10\/tele021017.jpg","og:image:width":1180,"og:image:height":787,"article:published_time":"2017-10-01T21:14:21+00:00","article:modified_time":"2017-10-01T21:14:21+00:00","article:publisher":"https:\/\/www.facebook.com\/Nachofdezber","article:author":"https:\/\/www.facebook.com\/carrenoactualidad","twitter:card":"summary_large_image","twitter:site":"@NabercoDigital","twitter:title":"\u2018En Portada\u2019 estrena el reportaje \u2018Tu casa es nuestra\u2019 | Cand\u00e1s 365","twitter:description":"\u2018En Portada\u2019 estrena el reportaje \u2018Tu casa es nuestra\u2019 en el que muestra la trama de los desahucios en Varsovia. Un equipo del programa ha viajado a Polonia donde miles de inquilinos han sido desalojados de sus casas, despu\u00e9s de que el edificio en el que viv\u00edan, de propiedad p\u00fablica, pasara a manos privadas. Los","twitter:creator":"@nbasturias","twitter:image":"https:\/\/candas365.es\/noticias\/wp-content\/uploads\/2017\/10\/tele021017.jpg","twitter:label1":"Escrito por","twitter:data1":"Cand\u00e1s 365","twitter:label2":"Tiempo de lectura estimado","twitter:data2":"2 minutos"},"aioseo_meta_data":{"post_id":"81222","title":null,"description":null,"keywords":null,"keyphrases":null,"primary_term":null,"canonical_url":null,"og_title":null,"og_description":null,"og_object_type":"default","og_image_type":"default","og_image_url":null,"og_image_width":null,"og_image_height":null,"og_image_custom_url":null,"og_image_custom_fields":null,"og_video":null,"og_custom_url":null,"og_article_section":null,"og_article_tags":null,"twitter_use_og":false,"twitter_card":"default","twitter_image_type":"default","twitter_image_url":null,"twitter_image_custom_url":null,"twitter_image_custom_fields":null,"twitter_title":null,"twitter_description":null,"schema":{"blockGraphs":[],"customGraphs":[],"default":{"data":{"Article":[],"Course":[],"Dataset":[],"FAQPage":[],"Movie":[],"Person":[],"Product":[],"ProductReview":[],"Car":[],"Recipe":[],"Service":[],"SoftwareApplication":[],"WebPage":[]},"graphName":"","isEnabled":true},"graphs":[],"defaultGraph":"","defaultPostTypeGraph":""},"schema_type":null,"schema_type_options":null,"pillar_content":false,"robots_default":true,"robots_noindex":false,"robots_noarchive":false,"robots_nosnippet":false,"robots_nofollow":false,"robots_noimageindex":false,"robots_noodp":false,"robots_notranslate":false,"robots_max_snippet":null,"robots_max_videopreview":null,"robots_max_imagepreview":"large","priority":null,"frequency":null,"location":null,"local_seo":null,"seo_analyzer_scan_date":"2025-08-26 01:34:17","breadcrumb_settings":null,"limit_modified_date":false,"reviewed_by":null,"open_ai":null,"ai":null,"created":"2020-12-21 12:42:55","updated":"2025-08-26 01:34:17"},"aioseo_breadcrumb":"<div class=\"aioseo-breadcrumbs\"><span class=\"aioseo-breadcrumb\">\n\t<a href=\"https:\/\/candas365.es\/noticias\" title=\"Home\">Home<\/a>\n<\/span><span class=\"aioseo-breadcrumb-separator\">&ndash;<\/span><span class=\"aioseo-breadcrumb\">\n\t<a href=\"https:\/\/candas365.es\/noticias\/category\/agenda\/\" title=\"Agenda\">Agenda<\/a>\n<\/span><span class=\"aioseo-breadcrumb-separator\">&ndash;<\/span><span class=\"aioseo-breadcrumb\">\n\t\u2018En Portada\u2019 estrena el reportaje \u2018Tu casa es nuestra\u2019\n<\/span><\/div>","aioseo_breadcrumb_json":[{"label":"Home","link":"https:\/\/candas365.es\/noticias"},{"label":"Agenda","link":"https:\/\/candas365.es\/noticias\/category\/agenda\/"},{"label":"\u2018En Portada\u2019 estrena el reportaje \u2018Tu casa es nuestra\u2019","link":"https:\/\/candas365.es\/noticias\/en-portada-estrena-el-reportaje-tu-casa-es-nuestra\/"}],"_links":{"self":[{"href":"https:\/\/candas365.es\/noticias\/wp-json\/wp\/v2\/posts\/81222","targetHints":{"allow":["GET"]}}],"collection":[{"href":"https:\/\/candas365.es\/noticias\/wp-json\/wp\/v2\/posts"}],"about":[{"href":"https:\/\/candas365.es\/noticias\/wp-json\/wp\/v2\/types\/post"}],"author":[{"embeddable":true,"href":"https:\/\/candas365.es\/noticias\/wp-json\/wp\/v2\/users\/1"}],"replies":[{"embeddable":true,"href":"https:\/\/candas365.es\/noticias\/wp-json\/wp\/v2\/comments?post=81222"}],"version-history":[{"count":0,"href":"https:\/\/candas365.es\/noticias\/wp-json\/wp\/v2\/posts\/81222\/revisions"}],"wp:featuredmedia":[{"embeddable":true,"href":"https:\/\/candas365.es\/noticias\/wp-json\/wp\/v2\/media\/81223"}],"wp:attachment":[{"href":"https:\/\/candas365.es\/noticias\/wp-json\/wp\/v2\/media?parent=81222"}],"wp:term":[{"taxonomy":"category","embeddable":true,"href":"https:\/\/candas365.es\/noticias\/wp-json\/wp\/v2\/categories?post=81222"},{"taxonomy":"post_tag","embeddable":true,"href":"https:\/\/candas365.es\/noticias\/wp-json\/wp\/v2\/tags?post=81222"}],"curies":[{"name":"wp","href":"https:\/\/api.w.org\/{rel}","templated":true}]}}