{"id":81219,"date":"2017-10-01T21:12:10","date_gmt":"2017-10-01T21:12:10","guid":{"rendered":"http:\/\/candas365.es\/noticias\/?p=81219"},"modified":"2017-10-01T21:12:10","modified_gmt":"2017-10-01T21:12:10","slug":"nueva-entrega-de-el-ministerio-del-tiempo-el-2-de-octubre","status":"publish","type":"post","link":"https:\/\/candas365.es\/noticias\/nueva-entrega-de-el-ministerio-del-tiempo-el-2-de-octubre\/","title":{"rendered":"Nueva entrega de \u201cEl Ministerio del Tiempo\u201d el 2 de octubre"},"content":{"rendered":"<p><img fetchpriority=\"high\" decoding=\"async\" class=\"alignleft size-medium wp-image-81220\" src=\"https:\/\/candas365.es\/noticias\/wp-content\/uploads\/2017\/10\/tele011017-360x203.jpg\" alt=\"\" width=\"360\" height=\"203\" srcset=\"https:\/\/candas365.es\/noticias\/wp-content\/uploads\/2017\/10\/tele011017-360x203.jpg 360w, https:\/\/candas365.es\/noticias\/wp-content\/uploads\/2017\/10\/tele011017-768x432.jpg 768w, https:\/\/candas365.es\/noticias\/wp-content\/uploads\/2017\/10\/tele011017-655x369.jpg 655w, https:\/\/candas365.es\/noticias\/wp-content\/uploads\/2017\/10\/tele011017-696x392.jpg 696w, https:\/\/candas365.es\/noticias\/wp-content\/uploads\/2017\/10\/tele011017-1068x601.jpg 1068w, https:\/\/candas365.es\/noticias\/wp-content\/uploads\/2017\/10\/tele011017-746x420.jpg 746w, https:\/\/candas365.es\/noticias\/wp-content\/uploads\/2017\/10\/tele011017-499x280.jpg 499w, https:\/\/candas365.es\/noticias\/wp-content\/uploads\/2017\/10\/tele011017.jpg 1180w\" sizes=\"(max-width: 360px) 100vw, 360px\" \/>Primera misi\u00f3n con la patrulla para la joven Lola Mendieta en \u2018El Ministerio del Tiempo\u2019. Y no ser\u00e1 f\u00e1cil. Junto a Pacino y Alonso tendr\u00e1 que viajar a 1417 para salvar al Papa Luna, que protege del \u00c1ngel Exterminador un nuevo Libro de las Puertas con el que tambi\u00e9n se puede viajar al futuro. Un sue\u00f1o que Pacino ha tenido desde que era ni\u00f1o\u2026<\/p>\n<p><strong>Cap\u00edtulo 30: \u2018El cisma del tiempo\u2019<\/strong><\/p>\n<p>El \u00c1ngel Exterminador ha raptado a Abraham Levi, rabino creador del Libro de las Puertas y del Ministerio del Tiempo. \u00bfSu objetivo? Que el rabino dise\u00f1e un nuevo Libro para ellos. Huyendo de sus enemigos, Levi llega a 1417 al castillo del Papa Luna, a quien le ruega que proteja el libro.<\/p>\n<p>El Ministerio, al tener noticia de esto, acude al rescate. La joven Lola Mendieta debutar\u00e1 en la patrulla junto a Pacino y Alonso para salvar al Papa Luna. La sorpresa ser\u00e1 que, al ver el nuevo libro, descubrir\u00e1n que no sirve para viajar al pasado, sino tambi\u00e9n al futuro. Y Pacino no puede evitar recordar que \u00e9se es su sue\u00f1o de siempre. Desde que de ni\u00f1o era fan de las aventuras de Diego Valor.<\/p>\n","protected":false},"excerpt":{"rendered":"<p>Primera misi\u00f3n con la patrulla para la joven Lola Mendieta en \u2018El Ministerio del Tiempo\u2019. Y no ser\u00e1 f\u00e1cil. Junto a Pacino y Alonso tendr\u00e1 que viajar a 1417 para salvar al Papa Luna, que protege del \u00c1ngel Exterminador un nuevo Libro de las Puertas con el que tambi\u00e9n se puede viajar al futuro. Un<\/p>\n","protected":false},"author":1,"featured_media":81220,"comment_status":"closed","ping_status":"closed","sticky":false,"template":"","format":"standard","meta":{"footnotes":""},"categories":[1],"tags":[],"class_list":{"0":"post-81219","1":"post","2":"type-post","3":"status-publish","4":"format-standard","5":"has-post-thumbnail","7":"category-agenda"},"aioseo_notices":[],"aioseo_head":"\n\t\t<!-- All in One SEO Pro 4.9.6.2 - aioseo.com -->\n\t<meta name=\"description\" content=\"Primera misi\u00f3n con la patrulla para la joven Lola Mendieta en \u2018El Ministerio del Tiempo\u2019. Y no ser\u00e1 f\u00e1cil. Junto a Pacino y Alonso tendr\u00e1 que viajar a 1417 para salvar al Papa Luna, que protege del \u00c1ngel Exterminador un nuevo Libro de las Puertas con el que tambi\u00e9n se puede viajar al futuro. Un\" \/>\n\t<meta name=\"robots\" content=\"max-image-preview:large\" \/>\n\t<meta name=\"author\" content=\"Cand\u00e1s 365\"\/>\n\t<meta name=\"google-site-verification\" content=\"UA-32230408-1\" \/>\n\t<meta name=\"msvalidate.01\" content=\"354F3CDFB2DA171B47FBE9ABF1F88D5\" \/>\n\t<meta name=\"keywords\" content=\"agenda\" \/>\n\t<link rel=\"canonical\" href=\"https:\/\/candas365.es\/noticias\/nueva-entrega-de-el-ministerio-del-tiempo-el-2-de-octubre\/\" \/>\n\t<meta name=\"generator\" content=\"All in One SEO Pro (AIOSEO) 4.9.6.2\" \/>\n\t\t<meta property=\"og:locale\" content=\"es_ES\" \/>\n\t\t<meta property=\"og:site_name\" content=\"Cand\u00e1s 365\" \/>\n\t\t<meta property=\"og:type\" content=\"article\" \/>\n\t\t<meta property=\"og:title\" content=\"Nueva entrega de \u201cEl Ministerio del Tiempo\u201d el 2 de octubre | Cand\u00e1s 365\" \/>\n\t\t<meta property=\"og:description\" content=\"Primera misi\u00f3n con la patrulla para la joven Lola Mendieta en \u2018El Ministerio del Tiempo\u2019. Y no ser\u00e1 f\u00e1cil. Junto a Pacino y Alonso tendr\u00e1 que viajar a 1417 para salvar al Papa Luna, que protege del \u00c1ngel Exterminador un nuevo Libro de las Puertas con el que tambi\u00e9n se puede viajar al futuro. Un\" \/>\n\t\t<meta property=\"og:url\" content=\"https:\/\/candas365.es\/noticias\/nueva-entrega-de-el-ministerio-del-tiempo-el-2-de-octubre\/\" \/>\n\t\t<meta property=\"og:image\" content=\"https:\/\/candas365.es\/noticias\/wp-content\/uploads\/2017\/10\/tele011017.jpg\" \/>\n\t\t<meta property=\"og:image:secure_url\" content=\"https:\/\/candas365.es\/noticias\/wp-content\/uploads\/2017\/10\/tele011017.jpg\" \/>\n\t\t<meta property=\"og:image:width\" content=\"1180\" \/>\n\t\t<meta property=\"og:image:height\" content=\"664\" \/>\n\t\t<meta property=\"article:published_time\" content=\"2017-10-01T21:12:10+00:00\" \/>\n\t\t<meta property=\"article:modified_time\" content=\"2017-10-01T21:12:10+00:00\" \/>\n\t\t<meta property=\"article:publisher\" content=\"https:\/\/www.facebook.com\/Nachofdezber\" \/>\n\t\t<meta property=\"article:author\" content=\"https:\/\/www.facebook.com\/carrenoactualidad\" \/>\n\t\t<meta name=\"twitter:card\" content=\"summary_large_image\" \/>\n\t\t<meta name=\"twitter:site\" content=\"@NabercoDigital\" \/>\n\t\t<meta name=\"twitter:title\" content=\"Nueva entrega de \u201cEl Ministerio del Tiempo\u201d el 2 de octubre | Cand\u00e1s 365\" \/>\n\t\t<meta name=\"twitter:description\" content=\"Primera misi\u00f3n con la patrulla para la joven Lola Mendieta en \u2018El Ministerio del Tiempo\u2019. Y no ser\u00e1 f\u00e1cil. Junto a Pacino y Alonso tendr\u00e1 que viajar a 1417 para salvar al Papa Luna, que protege del \u00c1ngel Exterminador un nuevo Libro de las Puertas con el que tambi\u00e9n se puede viajar al futuro. Un\" \/>\n\t\t<meta name=\"twitter:creator\" content=\"@nbasturias\" \/>\n\t\t<meta name=\"twitter:image\" content=\"https:\/\/candas365.es\/noticias\/wp-content\/uploads\/2017\/10\/tele011017.jpg\" \/>\n\t\t<meta name=\"twitter:label1\" content=\"Escrito por\" \/>\n\t\t<meta name=\"twitter:data1\" content=\"Cand\u00e1s 365\" \/>\n\t\t<meta name=\"twitter:label2\" content=\"Tiempo de lectura estimado\" \/>\n\t\t<meta name=\"twitter:data2\" content=\"1 minuto\" \/>\n\t\t<script type=\"application\/ld+json\" class=\"aioseo-schema\">\n\t\t\t{\"@context\":\"https:\\\/\\\/schema.org\",\"@graph\":[{\"@type\":\"BreadcrumbList\",\"@id\":\"https:\\\/\\\/candas365.es\\\/noticias\\\/nueva-entrega-de-el-ministerio-del-tiempo-el-2-de-octubre\\\/#breadcrumblist\",\"itemListElement\":[{\"@type\":\"ListItem\",\"@id\":\"https:\\\/\\\/candas365.es\\\/noticias#listItem\",\"position\":1,\"name\":\"Home\",\"item\":\"https:\\\/\\\/candas365.es\\\/noticias\",\"nextItem\":{\"@type\":\"ListItem\",\"@id\":\"https:\\\/\\\/candas365.es\\\/noticias\\\/category\\\/agenda\\\/#listItem\",\"name\":\"Agenda\"}},{\"@type\":\"ListItem\",\"@id\":\"https:\\\/\\\/candas365.es\\\/noticias\\\/category\\\/agenda\\\/#listItem\",\"position\":2,\"name\":\"Agenda\",\"item\":\"https:\\\/\\\/candas365.es\\\/noticias\\\/category\\\/agenda\\\/\",\"nextItem\":{\"@type\":\"ListItem\",\"@id\":\"https:\\\/\\\/candas365.es\\\/noticias\\\/nueva-entrega-de-el-ministerio-del-tiempo-el-2-de-octubre\\\/#listItem\",\"name\":\"Nueva entrega de \\u201cEl Ministerio del Tiempo\\u201d el 2 de octubre\"},\"previousItem\":{\"@type\":\"ListItem\",\"@id\":\"https:\\\/\\\/candas365.es\\\/noticias#listItem\",\"name\":\"Home\"}},{\"@type\":\"ListItem\",\"@id\":\"https:\\\/\\\/candas365.es\\\/noticias\\\/nueva-entrega-de-el-ministerio-del-tiempo-el-2-de-octubre\\\/#listItem\",\"position\":3,\"name\":\"Nueva entrega de \\u201cEl Ministerio del Tiempo\\u201d el 2 de octubre\",\"previousItem\":{\"@type\":\"ListItem\",\"@id\":\"https:\\\/\\\/candas365.es\\\/noticias\\\/category\\\/agenda\\\/#listItem\",\"name\":\"Agenda\"}}]},{\"@type\":\"NewsArticle\",\"@id\":\"https:\\\/\\\/candas365.es\\\/noticias\\\/nueva-entrega-de-el-ministerio-del-tiempo-el-2-de-octubre\\\/#newsarticle\",\"name\":\"Nueva entrega de \\u201cEl Ministerio del Tiempo\\u201d el 2 de octubre | Cand\\u00e1s 365\",\"headline\":\"Nueva entrega de \\u201cEl Ministerio del Tiempo\\u201d el 2 de octubre\",\"author\":{\"@id\":\"https:\\\/\\\/candas365.es\\\/noticias\\\/author\\\/admin\\\/#author\"},\"publisher\":{\"@id\":\"https:\\\/\\\/candas365.es\\\/noticias\\\/#organization\"},\"image\":{\"@type\":\"ImageObject\",\"url\":\"https:\\\/\\\/candas365.es\\\/noticias\\\/wp-content\\\/uploads\\\/2017\\\/10\\\/tele011017.jpg\",\"width\":1180,\"height\":664},\"datePublished\":\"2017-10-01T21:12:10+02:00\",\"dateModified\":\"2017-10-01T21:12:10+02:00\",\"inLanguage\":\"es-ES\",\"mainEntityOfPage\":{\"@id\":\"https:\\\/\\\/candas365.es\\\/noticias\\\/nueva-entrega-de-el-ministerio-del-tiempo-el-2-de-octubre\\\/#webpage\"},\"isPartOf\":{\"@id\":\"https:\\\/\\\/candas365.es\\\/noticias\\\/nueva-entrega-de-el-ministerio-del-tiempo-el-2-de-octubre\\\/#webpage\"},\"articleSection\":\"Agenda\",\"dateline\":\"Publicado el octubre 1, 2017.\"},{\"@type\":\"Organization\",\"@id\":\"https:\\\/\\\/candas365.es\\\/noticias\\\/#organization\",\"name\":\"Cand\\u00e1s 365\",\"description\":\"Cand\\u00e1s 365 es un diario digital independiente, fundado en 2012, con base en Asturias. Informamos con rigor sobre actualidad, sociedad, cultura y ocio, con una mirada local y global.\",\"url\":\"https:\\\/\\\/candas365.es\\\/noticias\\\/\",\"email\":\"info@candas365.es\",\"telephone\":\"+34652131393\",\"foundingDate\":\"2012-06-10\",\"logo\":{\"@type\":\"ImageObject\",\"url\":\"https:\\\/\\\/candas365.es\\\/noticias\\\/wp-content\\\/uploads\\\/2024\\\/09\\\/Candas-365-Redes.jpg\",\"@id\":\"https:\\\/\\\/candas365.es\\\/noticias\\\/nueva-entrega-de-el-ministerio-del-tiempo-el-2-de-octubre\\\/#organizationLogo\",\"width\":1152,\"height\":864,\"caption\":\"Cand\\u00e1s 365 Redes\"},\"image\":{\"@id\":\"https:\\\/\\\/candas365.es\\\/noticias\\\/nueva-entrega-de-el-ministerio-del-tiempo-el-2-de-octubre\\\/#organizationLogo\"},\"sameAs\":[\"https:\\\/\\\/www.facebook.com\\\/Nachofdezber\",\"https:\\\/\\\/x.com\\\/NabercoDigital\",\"https:\\\/\\\/www.instagram.com\\\/nachofdezber\\\/\",\"https:\\\/\\\/www.youtube.com\\\/channel\\\/UCZP-2wLEB9Rv6erhFmqVnvg\"],\"address\":{\"@id\":\"https:\\\/\\\/candas365.es\\\/noticias\\\/#postaladdress\",\"@type\":\"PostalAddress\",\"streetAddress\":\"san antonio 4, san antonio 4\",\"postalCode\":\"33430\",\"addressLocality\":\"Cand\\u00e1s\",\"addressRegion\":\"Asturias\",\"addressCountry\":\"ES\"}},{\"@type\":\"Person\",\"@id\":\"https:\\\/\\\/candas365.es\\\/noticias\\\/author\\\/admin\\\/#author\",\"url\":\"https:\\\/\\\/candas365.es\\\/noticias\\\/author\\\/admin\\\/\",\"name\":\"Cand\\u00e1s 365\",\"image\":{\"@type\":\"ImageObject\",\"@id\":\"https:\\\/\\\/candas365.es\\\/noticias\\\/nueva-entrega-de-el-ministerio-del-tiempo-el-2-de-octubre\\\/#authorImage\",\"url\":\"https:\\\/\\\/secure.gravatar.com\\\/avatar\\\/496a8e03d0c493ede1718b7934145dbdf8d89be1036b0eec9544e1094c9de390?s=96&d=mm&r=g\",\"width\":96,\"height\":96,\"caption\":\"Cand\\u00e1s 365\"},\"sameAs\":[\"https:\\\/\\\/www.facebook.com\\\/carrenoactualidad\",\"https:\\\/\\\/twitter.com\\\/nbasturias\",\"https:\\\/\\\/www.instagram.com\\\/nachofdezber\\\/\",\"https:\\\/\\\/www.youtube.com\\\/channel\\\/UCZP-2wLEB9Rv6erhFmqVnvg\"]},{\"@type\":\"WebPage\",\"@id\":\"https:\\\/\\\/candas365.es\\\/noticias\\\/nueva-entrega-de-el-ministerio-del-tiempo-el-2-de-octubre\\\/#webpage\",\"url\":\"https:\\\/\\\/candas365.es\\\/noticias\\\/nueva-entrega-de-el-ministerio-del-tiempo-el-2-de-octubre\\\/\",\"name\":\"Nueva entrega de \\u201cEl Ministerio del Tiempo\\u201d el 2 de octubre | Cand\\u00e1s 365\",\"description\":\"Primera misi\\u00f3n con la patrulla para la joven Lola Mendieta en \\u2018El Ministerio del Tiempo\\u2019. Y no ser\\u00e1 f\\u00e1cil. Junto a Pacino y Alonso tendr\\u00e1 que viajar a 1417 para salvar al Papa Luna, que protege del \\u00c1ngel Exterminador un nuevo Libro de las Puertas con el que tambi\\u00e9n se puede viajar al futuro. Un\",\"inLanguage\":\"es-ES\",\"isPartOf\":{\"@id\":\"https:\\\/\\\/candas365.es\\\/noticias\\\/#website\"},\"breadcrumb\":{\"@id\":\"https:\\\/\\\/candas365.es\\\/noticias\\\/nueva-entrega-de-el-ministerio-del-tiempo-el-2-de-octubre\\\/#breadcrumblist\"},\"author\":{\"@id\":\"https:\\\/\\\/candas365.es\\\/noticias\\\/author\\\/admin\\\/#author\"},\"creator\":{\"@id\":\"https:\\\/\\\/candas365.es\\\/noticias\\\/author\\\/admin\\\/#author\"},\"image\":{\"@type\":\"ImageObject\",\"url\":\"https:\\\/\\\/candas365.es\\\/noticias\\\/wp-content\\\/uploads\\\/2017\\\/10\\\/tele011017.jpg\",\"@id\":\"https:\\\/\\\/candas365.es\\\/noticias\\\/nueva-entrega-de-el-ministerio-del-tiempo-el-2-de-octubre\\\/#mainImage\",\"width\":1180,\"height\":664},\"primaryImageOfPage\":{\"@id\":\"https:\\\/\\\/candas365.es\\\/noticias\\\/nueva-entrega-de-el-ministerio-del-tiempo-el-2-de-octubre\\\/#mainImage\"},\"datePublished\":\"2017-10-01T21:12:10+02:00\",\"dateModified\":\"2017-10-01T21:12:10+02:00\"},{\"@type\":\"WebSite\",\"@id\":\"https:\\\/\\\/candas365.es\\\/noticias\\\/#website\",\"url\":\"https:\\\/\\\/candas365.es\\\/noticias\\\/\",\"name\":\"Cand\\u00e1s 365\",\"alternateName\":\"Cand\\u00e1s 365 Noticias\",\"description\":\"Actualidad desde Carre\\u00f1o para el mundo\",\"inLanguage\":\"es-ES\",\"publisher\":{\"@id\":\"https:\\\/\\\/candas365.es\\\/noticias\\\/#organization\"}}]}\n\t\t<\/script>\n\t\t<!-- All in One SEO Pro -->\r\n\t\t<title>Nueva entrega de \u201cEl Ministerio del Tiempo\u201d el 2 de octubre | Cand\u00e1s 365<\/title>\n\n","aioseo_head_json":{"title":"Nueva entrega de \u201cEl Ministerio del Tiempo\u201d el 2 de octubre | Cand\u00e1s 365","description":"Primera misi\u00f3n con la patrulla para la joven Lola Mendieta en \u2018El Ministerio del Tiempo\u2019. Y no ser\u00e1 f\u00e1cil. Junto a Pacino y Alonso tendr\u00e1 que viajar a 1417 para salvar al Papa Luna, que protege del \u00c1ngel Exterminador un nuevo Libro de las Puertas con el que tambi\u00e9n se puede viajar al futuro. Un","canonical_url":"https:\/\/candas365.es\/noticias\/nueva-entrega-de-el-ministerio-del-tiempo-el-2-de-octubre\/","robots":"max-image-preview:large","keywords":"agenda","webmasterTools":{"google-site-verification":"UA-32230408-1","msvalidate.01":"354F3CDFB2DA171B47FBE9ABF1F88D5","miscellaneous":""},"schema":{"@context":"https:\/\/schema.org","@graph":[{"@type":"BreadcrumbList","@id":"https:\/\/candas365.es\/noticias\/nueva-entrega-de-el-ministerio-del-tiempo-el-2-de-octubre\/#breadcrumblist","itemListElement":[{"@type":"ListItem","@id":"https:\/\/candas365.es\/noticias#listItem","position":1,"name":"Home","item":"https:\/\/candas365.es\/noticias","nextItem":{"@type":"ListItem","@id":"https:\/\/candas365.es\/noticias\/category\/agenda\/#listItem","name":"Agenda"}},{"@type":"ListItem","@id":"https:\/\/candas365.es\/noticias\/category\/agenda\/#listItem","position":2,"name":"Agenda","item":"https:\/\/candas365.es\/noticias\/category\/agenda\/","nextItem":{"@type":"ListItem","@id":"https:\/\/candas365.es\/noticias\/nueva-entrega-de-el-ministerio-del-tiempo-el-2-de-octubre\/#listItem","name":"Nueva entrega de \u201cEl Ministerio del Tiempo\u201d el 2 de octubre"},"previousItem":{"@type":"ListItem","@id":"https:\/\/candas365.es\/noticias#listItem","name":"Home"}},{"@type":"ListItem","@id":"https:\/\/candas365.es\/noticias\/nueva-entrega-de-el-ministerio-del-tiempo-el-2-de-octubre\/#listItem","position":3,"name":"Nueva entrega de \u201cEl Ministerio del Tiempo\u201d el 2 de octubre","previousItem":{"@type":"ListItem","@id":"https:\/\/candas365.es\/noticias\/category\/agenda\/#listItem","name":"Agenda"}}]},{"@type":"NewsArticle","@id":"https:\/\/candas365.es\/noticias\/nueva-entrega-de-el-ministerio-del-tiempo-el-2-de-octubre\/#newsarticle","name":"Nueva entrega de \u201cEl Ministerio del Tiempo\u201d el 2 de octubre | Cand\u00e1s 365","headline":"Nueva entrega de \u201cEl Ministerio del Tiempo\u201d el 2 de octubre","author":{"@id":"https:\/\/candas365.es\/noticias\/author\/admin\/#author"},"publisher":{"@id":"https:\/\/candas365.es\/noticias\/#organization"},"image":{"@type":"ImageObject","url":"https:\/\/candas365.es\/noticias\/wp-content\/uploads\/2017\/10\/tele011017.jpg","width":1180,"height":664},"datePublished":"2017-10-01T21:12:10+02:00","dateModified":"2017-10-01T21:12:10+02:00","inLanguage":"es-ES","mainEntityOfPage":{"@id":"https:\/\/candas365.es\/noticias\/nueva-entrega-de-el-ministerio-del-tiempo-el-2-de-octubre\/#webpage"},"isPartOf":{"@id":"https:\/\/candas365.es\/noticias\/nueva-entrega-de-el-ministerio-del-tiempo-el-2-de-octubre\/#webpage"},"articleSection":"Agenda","dateline":"Publicado el octubre 1, 2017."},{"@type":"Organization","@id":"https:\/\/candas365.es\/noticias\/#organization","name":"Cand\u00e1s 365","description":"Cand\u00e1s 365 es un diario digital independiente, fundado en 2012, con base en Asturias. Informamos con rigor sobre actualidad, sociedad, cultura y ocio, con una mirada local y global.","url":"https:\/\/candas365.es\/noticias\/","email":"info@candas365.es","telephone":"+34652131393","foundingDate":"2012-06-10","logo":{"@type":"ImageObject","url":"https:\/\/candas365.es\/noticias\/wp-content\/uploads\/2024\/09\/Candas-365-Redes.jpg","@id":"https:\/\/candas365.es\/noticias\/nueva-entrega-de-el-ministerio-del-tiempo-el-2-de-octubre\/#organizationLogo","width":1152,"height":864,"caption":"Cand\u00e1s 365 Redes"},"image":{"@id":"https:\/\/candas365.es\/noticias\/nueva-entrega-de-el-ministerio-del-tiempo-el-2-de-octubre\/#organizationLogo"},"sameAs":["https:\/\/www.facebook.com\/Nachofdezber","https:\/\/x.com\/NabercoDigital","https:\/\/www.instagram.com\/nachofdezber\/","https:\/\/www.youtube.com\/channel\/UCZP-2wLEB9Rv6erhFmqVnvg"],"address":{"@id":"https:\/\/candas365.es\/noticias\/#postaladdress","@type":"PostalAddress","streetAddress":"san antonio 4, san antonio 4","postalCode":"33430","addressLocality":"Cand\u00e1s","addressRegion":"Asturias","addressCountry":"ES"}},{"@type":"Person","@id":"https:\/\/candas365.es\/noticias\/author\/admin\/#author","url":"https:\/\/candas365.es\/noticias\/author\/admin\/","name":"Cand\u00e1s 365","image":{"@type":"ImageObject","@id":"https:\/\/candas365.es\/noticias\/nueva-entrega-de-el-ministerio-del-tiempo-el-2-de-octubre\/#authorImage","url":"https:\/\/secure.gravatar.com\/avatar\/496a8e03d0c493ede1718b7934145dbdf8d89be1036b0eec9544e1094c9de390?s=96&d=mm&r=g","width":96,"height":96,"caption":"Cand\u00e1s 365"},"sameAs":["https:\/\/www.facebook.com\/carrenoactualidad","https:\/\/twitter.com\/nbasturias","https:\/\/www.instagram.com\/nachofdezber\/","https:\/\/www.youtube.com\/channel\/UCZP-2wLEB9Rv6erhFmqVnvg"]},{"@type":"WebPage","@id":"https:\/\/candas365.es\/noticias\/nueva-entrega-de-el-ministerio-del-tiempo-el-2-de-octubre\/#webpage","url":"https:\/\/candas365.es\/noticias\/nueva-entrega-de-el-ministerio-del-tiempo-el-2-de-octubre\/","name":"Nueva entrega de \u201cEl Ministerio del Tiempo\u201d el 2 de octubre | Cand\u00e1s 365","description":"Primera misi\u00f3n con la patrulla para la joven Lola Mendieta en \u2018El Ministerio del Tiempo\u2019. Y no ser\u00e1 f\u00e1cil. Junto a Pacino y Alonso tendr\u00e1 que viajar a 1417 para salvar al Papa Luna, que protege del \u00c1ngel Exterminador un nuevo Libro de las Puertas con el que tambi\u00e9n se puede viajar al futuro. Un","inLanguage":"es-ES","isPartOf":{"@id":"https:\/\/candas365.es\/noticias\/#website"},"breadcrumb":{"@id":"https:\/\/candas365.es\/noticias\/nueva-entrega-de-el-ministerio-del-tiempo-el-2-de-octubre\/#breadcrumblist"},"author":{"@id":"https:\/\/candas365.es\/noticias\/author\/admin\/#author"},"creator":{"@id":"https:\/\/candas365.es\/noticias\/author\/admin\/#author"},"image":{"@type":"ImageObject","url":"https:\/\/candas365.es\/noticias\/wp-content\/uploads\/2017\/10\/tele011017.jpg","@id":"https:\/\/candas365.es\/noticias\/nueva-entrega-de-el-ministerio-del-tiempo-el-2-de-octubre\/#mainImage","width":1180,"height":664},"primaryImageOfPage":{"@id":"https:\/\/candas365.es\/noticias\/nueva-entrega-de-el-ministerio-del-tiempo-el-2-de-octubre\/#mainImage"},"datePublished":"2017-10-01T21:12:10+02:00","dateModified":"2017-10-01T21:12:10+02:00"},{"@type":"WebSite","@id":"https:\/\/candas365.es\/noticias\/#website","url":"https:\/\/candas365.es\/noticias\/","name":"Cand\u00e1s 365","alternateName":"Cand\u00e1s 365 Noticias","description":"Actualidad desde Carre\u00f1o para el mundo","inLanguage":"es-ES","publisher":{"@id":"https:\/\/candas365.es\/noticias\/#organization"}}]},"og:locale":"es_ES","og:site_name":"Cand\u00e1s 365","og:type":"article","og:title":"Nueva entrega de \u201cEl Ministerio del Tiempo\u201d el 2 de octubre | Cand\u00e1s 365","og:description":"Primera misi\u00f3n con la patrulla para la joven Lola Mendieta en \u2018El Ministerio del Tiempo\u2019. Y no ser\u00e1 f\u00e1cil. Junto a Pacino y Alonso tendr\u00e1 que viajar a 1417 para salvar al Papa Luna, que protege del \u00c1ngel Exterminador un nuevo Libro de las Puertas con el que tambi\u00e9n se puede viajar al futuro. Un","og:url":"https:\/\/candas365.es\/noticias\/nueva-entrega-de-el-ministerio-del-tiempo-el-2-de-octubre\/","og:image":"https:\/\/candas365.es\/noticias\/wp-content\/uploads\/2017\/10\/tele011017.jpg","og:image:secure_url":"https:\/\/candas365.es\/noticias\/wp-content\/uploads\/2017\/10\/tele011017.jpg","og:image:width":1180,"og:image:height":664,"article:published_time":"2017-10-01T21:12:10+00:00","article:modified_time":"2017-10-01T21:12:10+00:00","article:publisher":"https:\/\/www.facebook.com\/Nachofdezber","article:author":"https:\/\/www.facebook.com\/carrenoactualidad","twitter:card":"summary_large_image","twitter:site":"@NabercoDigital","twitter:title":"Nueva entrega de \u201cEl Ministerio del Tiempo\u201d el 2 de octubre | Cand\u00e1s 365","twitter:description":"Primera misi\u00f3n con la patrulla para la joven Lola Mendieta en \u2018El Ministerio del Tiempo\u2019. Y no ser\u00e1 f\u00e1cil. Junto a Pacino y Alonso tendr\u00e1 que viajar a 1417 para salvar al Papa Luna, que protege del \u00c1ngel Exterminador un nuevo Libro de las Puertas con el que tambi\u00e9n se puede viajar al futuro. Un","twitter:creator":"@nbasturias","twitter:image":"https:\/\/candas365.es\/noticias\/wp-content\/uploads\/2017\/10\/tele011017.jpg","twitter:label1":"Escrito por","twitter:data1":"Cand\u00e1s 365","twitter:label2":"Tiempo de lectura estimado","twitter:data2":"1 minuto"},"aioseo_meta_data":{"post_id":"81219","title":null,"description":null,"keywords":null,"keyphrases":null,"primary_term":null,"canonical_url":null,"og_title":null,"og_description":null,"og_object_type":"default","og_image_type":"default","og_image_url":null,"og_image_width":null,"og_image_height":null,"og_image_custom_url":null,"og_image_custom_fields":null,"og_video":null,"og_custom_url":null,"og_article_section":null,"og_article_tags":null,"twitter_use_og":false,"twitter_card":"default","twitter_image_type":"default","twitter_image_url":null,"twitter_image_custom_url":null,"twitter_image_custom_fields":null,"twitter_title":null,"twitter_description":null,"schema":{"blockGraphs":[],"customGraphs":[],"default":{"data":{"Article":[],"Course":[],"Dataset":[],"FAQPage":[],"Movie":[],"Person":[],"Product":[],"ProductReview":[],"Car":[],"Recipe":[],"Service":[],"SoftwareApplication":[],"WebPage":[]},"graphName":"","isEnabled":true},"graphs":[],"defaultGraph":"","defaultPostTypeGraph":""},"schema_type":null,"schema_type_options":null,"pillar_content":false,"robots_default":true,"robots_noindex":false,"robots_noarchive":false,"robots_nosnippet":false,"robots_nofollow":false,"robots_noimageindex":false,"robots_noodp":false,"robots_notranslate":false,"robots_max_snippet":null,"robots_max_videopreview":null,"robots_max_imagepreview":"large","priority":null,"frequency":null,"location":null,"local_seo":null,"seo_analyzer_scan_date":"2025-08-26 01:34:16","breadcrumb_settings":null,"limit_modified_date":false,"reviewed_by":null,"open_ai":null,"ai":null,"created":"2020-12-21 12:42:55","updated":"2025-08-26 01:34:16"},"aioseo_breadcrumb":"<div class=\"aioseo-breadcrumbs\"><span class=\"aioseo-breadcrumb\">\n\t<a href=\"https:\/\/candas365.es\/noticias\" title=\"Home\">Home<\/a>\n<\/span><span class=\"aioseo-breadcrumb-separator\">&ndash;<\/span><span class=\"aioseo-breadcrumb\">\n\t<a href=\"https:\/\/candas365.es\/noticias\/category\/agenda\/\" title=\"Agenda\">Agenda<\/a>\n<\/span><span class=\"aioseo-breadcrumb-separator\">&ndash;<\/span><span class=\"aioseo-breadcrumb\">\n\tNueva entrega de \u201cEl Ministerio del Tiempo\u201d el 2 de octubre\n<\/span><\/div>","aioseo_breadcrumb_json":[{"label":"Home","link":"https:\/\/candas365.es\/noticias"},{"label":"Agenda","link":"https:\/\/candas365.es\/noticias\/category\/agenda\/"},{"label":"Nueva entrega de \u201cEl Ministerio del Tiempo\u201d el 2 de octubre","link":"https:\/\/candas365.es\/noticias\/nueva-entrega-de-el-ministerio-del-tiempo-el-2-de-octubre\/"}],"_links":{"self":[{"href":"https:\/\/candas365.es\/noticias\/wp-json\/wp\/v2\/posts\/81219","targetHints":{"allow":["GET"]}}],"collection":[{"href":"https:\/\/candas365.es\/noticias\/wp-json\/wp\/v2\/posts"}],"about":[{"href":"https:\/\/candas365.es\/noticias\/wp-json\/wp\/v2\/types\/post"}],"author":[{"embeddable":true,"href":"https:\/\/candas365.es\/noticias\/wp-json\/wp\/v2\/users\/1"}],"replies":[{"embeddable":true,"href":"https:\/\/candas365.es\/noticias\/wp-json\/wp\/v2\/comments?post=81219"}],"version-history":[{"count":0,"href":"https:\/\/candas365.es\/noticias\/wp-json\/wp\/v2\/posts\/81219\/revisions"}],"wp:featuredmedia":[{"embeddable":true,"href":"https:\/\/candas365.es\/noticias\/wp-json\/wp\/v2\/media\/81220"}],"wp:attachment":[{"href":"https:\/\/candas365.es\/noticias\/wp-json\/wp\/v2\/media?parent=81219"}],"wp:term":[{"taxonomy":"category","embeddable":true,"href":"https:\/\/candas365.es\/noticias\/wp-json\/wp\/v2\/categories?post=81219"},{"taxonomy":"post_tag","embeddable":true,"href":"https:\/\/candas365.es\/noticias\/wp-json\/wp\/v2\/tags?post=81219"}],"curies":[{"name":"wp","href":"https:\/\/api.w.org\/{rel}","templated":true}]}}