{"id":81217,"date":"2017-10-01T21:02:13","date_gmt":"2017-10-01T21:02:13","guid":{"rendered":"http:\/\/candas365.es\/noticias\/?p=81217"},"modified":"2017-10-01T21:02:13","modified_gmt":"2017-10-01T21:02:13","slug":"la-1-comienza-la-temporada-televisiva-con-buenos-datos-de-audiencia","status":"publish","type":"post","link":"https:\/\/candas365.es\/noticias\/la-1-comienza-la-temporada-televisiva-con-buenos-datos-de-audiencia\/","title":{"rendered":"La 1 comienza la temporada televisiva con buenos datos de audiencia"},"content":{"rendered":"<p><img fetchpriority=\"high\" decoding=\"async\" class=\"alignleft size-medium wp-image-76605\" src=\"https:\/\/candas365.es\/noticias\/wp-content\/uploads\/2017\/07\/controls-1527175_960_720-360x270.jpg\" alt=\"\" width=\"360\" height=\"270\" srcset=\"https:\/\/candas365.es\/noticias\/wp-content\/uploads\/2017\/07\/controls-1527175_960_720-360x270.jpg 360w, https:\/\/candas365.es\/noticias\/wp-content\/uploads\/2017\/07\/controls-1527175_960_720-768x576.jpg 768w, https:\/\/candas365.es\/noticias\/wp-content\/uploads\/2017\/07\/controls-1527175_960_720-640x480.jpg 640w, https:\/\/candas365.es\/noticias\/wp-content\/uploads\/2017\/07\/controls-1527175_960_720-80x60.jpg 80w, https:\/\/candas365.es\/noticias\/wp-content\/uploads\/2017\/07\/controls-1527175_960_720-265x198.jpg 265w, https:\/\/candas365.es\/noticias\/wp-content\/uploads\/2017\/07\/controls-1527175_960_720-696x522.jpg 696w, https:\/\/candas365.es\/noticias\/wp-content\/uploads\/2017\/07\/controls-1527175_960_720-560x420.jpg 560w, https:\/\/candas365.es\/noticias\/wp-content\/uploads\/2017\/07\/controls-1527175_960_720-90x67.jpg 90w, https:\/\/candas365.es\/noticias\/wp-content\/uploads\/2017\/07\/controls-1527175_960_720.jpg 960w\" sizes=\"(max-width: 360px) 100vw, 360px\" \/>La 1 abre el curso 2017\/2018 con un 10,8% en septiembre, su mejor arranque de temporada desde 2012 y su media mensual m\u00e1s alta de este a\u00f1o. Un incremento de audiencia en el que han influido los buenos registros de los estrenos de \u2018Estoy vivo\u2019 y \u2018MasterChef Celebrity\u2019 2, el partido clasificatorio para el Mundial Italia-Espa\u00f1a, la Vuelta a Espa\u00f1a y las mejoras en los programas de la ma\u00f1ana (datos oficiales de Kantar Media, incluidos los invitados).<\/p>\n<p><strong>Estrenos en prime time<\/strong><\/p>\n<p>\u2018Estoy vivo\u2019, el thriller policiaco con tintes sobrenaturales protagonizado por Javier Guti\u00e9rrez, Anna Castillo y Alejo Sauras, logr\u00f3 con su primer cap\u00edtulo el mejor estreno de la cadena desde 2015: 2.545.000 espectadores y un 17,1%. Los cuatro episodios emitidos en septiembre han promediado 2.442.000 y 15,8% y han sido l\u00edderes del prime time.<\/p>\n<p>Los martes vuelven a ser de \u2018MasterChef\u2019 y sus celebrities. La segunda edici\u00f3n del talent culinario con famosos ha emitido dos programas este mes, con una media de 2.777.000 seguidores y un 21,3%. Su segunda entrega creci\u00f3 hasta los 2.947.000 y un 24,4%, 5.7 puntos m\u00e1s que en su estreno.<\/p>\n<p>La patrulla de \u2018El Ministerio del Tiempo\u2019 regres\u00f3 tambi\u00e9n este mes ante 1.652.000 personas (10,7%). Los dos episodios emitidos registran una media de 1.647.000 y 10,6%.<\/p>\n<p><strong>Las nuevas ma\u00f1anas de La 1<\/strong><\/p>\n<p>Mar\u00eda Casado volvi\u00f3 al frente de \u2018La ma\u00f1ana\u2019 el d\u00eda 18 y el programa ha registrado 267.000 seguidores y un 8,5%, m\u00e1s de un punto de incremento con respecto a septiembre de la temporada pasada. Obtiene su mejor dato el d\u00eda 19 con 292.000 y 11%.<\/p>\n<p>Las nuevas ma\u00f1anas de La 1 cuentan ahora con Macarena Berl\u00edn como presentadora de \u2018Saber Vivir\u2019 que en estas dos semanas cuenta con una audiencia media de 325.000 espectadores (9,2%).<\/p>\n<p>Y \u2018Amigas y conocidas\u2019, con In\u00e9s Ballester, logra 469.000 espectadores, 9,5%, lo que supone m\u00e1s de un punto de incremento respecto a septiembre de 2016. El d\u00eda 26 registr\u00f3 537.000 y 11,2%, su mejor dato desde marzo.<\/p>\n<p><strong>\u00c9xitos deportivos<\/strong><\/p>\n<p>Lo m\u00e1s visto en La 1 en el mes de septiembre ha sido el partido de vuelta de clasificaci\u00f3n para el Mundial de F\u00fatbol de 2018 entre Italia y Espa\u00f1a, con 5.643.000 espectadores y un 44,8% de cuota. Se convierte as\u00ed en el espacio m\u00e1s visto del a\u00f1o en La 1.<\/p>\n<p>La Vuelta a Espa\u00f1a 2017 ha sido la m\u00e1s vista en La 1 desde 2011, con una media de 1.568.000 espectadores y 13%. La etapa del 9 de septiembre, con 2.750.000 y 20,5% de cuota, fue la m\u00e1s vista de este a\u00f1o y la de mayor seguimiento desde hace 15 a\u00f1os.<\/p>\n<p><strong>L\u00edderes en Informativos<\/strong><\/p>\n<p>RTVE comienza la temporada 2017\/2018 siendo los l\u00edderes informativos por encima de todas las cadenas. Con una media en septiembre de 2.105.000 seguidores y un 15,2% en La 1 y Canal 24 Horas, los Telediarios siguen siendo los m\u00e1s vistos desde hace once meses y primeros en share por cuarto mes consecutivo. El Telediario 1 sigue siendo l\u00edder indiscutible a mediod\u00eda y la segunda edici\u00f3n incrementa el n\u00famero de espectadores en 345.000 con respecto al mes de agosto. Adem\u00e1s el TD-2 ocupa el primer puesto los fines de semana.<\/p>\n<p>En septiembre, el TD-1 logra una media de 2.193.000 personas y 16,7% de lunes a viernes. Es el informativo de sobremesa m\u00e1s visto sin interrupci\u00f3n desde junio de 2015 y tambi\u00e9n el m\u00e1s seguido en cuota desde septiembre de ese a\u00f1o y sube ocho d\u00e9cimas respecto al mes anterior. El TD1, que ha logrado un incremento de 273.000 espectadores en septiembre, se impone al segundo en 302 mil espectadores y 3 puntos de cuota de pantalla.<\/p>\n<p>Los fines de semana los Telediarios tambi\u00e9n lideran desde febrero de 2016 sin interrupci\u00f3n, con una media de 2.123.000 y 16,8%, siete d\u00e9cimas m\u00e1s que el mes pasado, y son l\u00edderes desde hace 20 meses consecutivos, con un incremento de 373.000 espectadores y 7 d\u00e9cimas con respecto agosto. De esta forma se imponen al segundo en 3 puntos y 5 d\u00e9cimas y 478.000 espectadores.<\/p>\n<p>El Telediario 2 cierra el mes con 2.052.000 espectadores y un 13,7% de media, los d\u00edas laborables. En los fines de semana crece respecto a meses anteriores, por lo que ocupa el liderazgo entre todas las cadenas con 1.964.000 espectadores y un 13,8%, dos puntos m\u00e1s de audiencia que en agosto. La diferencia con respecto al segundo es de 300 mil espectadores y 1,1 en cuota de pantalla.<\/p>\n","protected":false},"excerpt":{"rendered":"<p>La 1 abre el curso 2017\/2018 con un 10,8% en septiembre, su mejor arranque de temporada desde 2012 y su media mensual m\u00e1s alta de este a\u00f1o. Un incremento de audiencia en el que han influido los buenos registros de los estrenos de \u2018Estoy vivo\u2019 y \u2018MasterChef Celebrity\u2019 2, el partido clasificatorio para el Mundial<\/p>\n","protected":false},"author":1,"featured_media":76605,"comment_status":"closed","ping_status":"closed","sticky":false,"template":"","format":"standard","meta":{"footnotes":""},"categories":[1],"tags":[],"class_list":{"0":"post-81217","1":"post","2":"type-post","3":"status-publish","4":"format-standard","5":"has-post-thumbnail","7":"category-agenda"},"aioseo_notices":[],"aioseo_head":"\n\t\t<!-- All in One SEO Pro 4.9.6.2 - aioseo.com -->\n\t<meta name=\"description\" content=\"La 1 abre el curso 2017\/2018 con un 10,8% en septiembre, su mejor arranque de temporada desde 2012 y su media mensual m\u00e1s alta de este a\u00f1o. Un incremento de audiencia en el que han influido los buenos registros de los estrenos de \u2018Estoy vivo\u2019 y \u2018MasterChef Celebrity\u2019 2, el partido clasificatorio para el Mundial\" \/>\n\t<meta name=\"robots\" content=\"max-image-preview:large\" \/>\n\t<meta name=\"author\" content=\"Cand\u00e1s 365\"\/>\n\t<meta name=\"google-site-verification\" content=\"UA-32230408-1\" \/>\n\t<meta name=\"msvalidate.01\" content=\"354F3CDFB2DA171B47FBE9ABF1F88D5\" \/>\n\t<meta name=\"keywords\" content=\"agenda\" \/>\n\t<link rel=\"canonical\" href=\"https:\/\/candas365.es\/noticias\/la-1-comienza-la-temporada-televisiva-con-buenos-datos-de-audiencia\/\" \/>\n\t<meta name=\"generator\" content=\"All in One SEO Pro (AIOSEO) 4.9.6.2\" \/>\n\t\t<meta property=\"og:locale\" content=\"es_ES\" \/>\n\t\t<meta property=\"og:site_name\" content=\"Cand\u00e1s 365\" \/>\n\t\t<meta property=\"og:type\" content=\"article\" \/>\n\t\t<meta property=\"og:title\" content=\"La 1 comienza la temporada televisiva con buenos datos de audiencia | Cand\u00e1s 365\" \/>\n\t\t<meta property=\"og:description\" content=\"La 1 abre el curso 2017\/2018 con un 10,8% en septiembre, su mejor arranque de temporada desde 2012 y su media mensual m\u00e1s alta de este a\u00f1o. Un incremento de audiencia en el que han influido los buenos registros de los estrenos de \u2018Estoy vivo\u2019 y \u2018MasterChef Celebrity\u2019 2, el partido clasificatorio para el Mundial\" \/>\n\t\t<meta property=\"og:url\" content=\"https:\/\/candas365.es\/noticias\/la-1-comienza-la-temporada-televisiva-con-buenos-datos-de-audiencia\/\" \/>\n\t\t<meta property=\"og:image\" content=\"https:\/\/candas365.es\/noticias\/wp-content\/uploads\/2017\/07\/controls-1527175_960_720.jpg\" \/>\n\t\t<meta property=\"og:image:secure_url\" content=\"https:\/\/candas365.es\/noticias\/wp-content\/uploads\/2017\/07\/controls-1527175_960_720.jpg\" \/>\n\t\t<meta property=\"og:image:width\" content=\"960\" \/>\n\t\t<meta property=\"og:image:height\" content=\"720\" \/>\n\t\t<meta property=\"article:published_time\" content=\"2017-10-01T21:02:13+00:00\" \/>\n\t\t<meta property=\"article:modified_time\" content=\"2017-10-01T21:02:13+00:00\" \/>\n\t\t<meta property=\"article:publisher\" content=\"https:\/\/www.facebook.com\/Nachofdezber\" \/>\n\t\t<meta property=\"article:author\" content=\"https:\/\/www.facebook.com\/carrenoactualidad\" \/>\n\t\t<meta name=\"twitter:card\" content=\"summary_large_image\" \/>\n\t\t<meta name=\"twitter:site\" content=\"@NabercoDigital\" \/>\n\t\t<meta name=\"twitter:title\" content=\"La 1 comienza la temporada televisiva con buenos datos de audiencia | Cand\u00e1s 365\" \/>\n\t\t<meta name=\"twitter:description\" content=\"La 1 abre el curso 2017\/2018 con un 10,8% en septiembre, su mejor arranque de temporada desde 2012 y su media mensual m\u00e1s alta de este a\u00f1o. Un incremento de audiencia en el que han influido los buenos registros de los estrenos de \u2018Estoy vivo\u2019 y \u2018MasterChef Celebrity\u2019 2, el partido clasificatorio para el Mundial\" \/>\n\t\t<meta name=\"twitter:creator\" content=\"@nbasturias\" \/>\n\t\t<meta name=\"twitter:image\" content=\"https:\/\/candas365.es\/noticias\/wp-content\/uploads\/2017\/07\/controls-1527175_960_720.jpg\" \/>\n\t\t<meta name=\"twitter:label1\" content=\"Escrito por\" \/>\n\t\t<meta name=\"twitter:data1\" content=\"Cand\u00e1s 365\" \/>\n\t\t<meta name=\"twitter:label2\" content=\"Tiempo de lectura estimado\" \/>\n\t\t<meta name=\"twitter:data2\" content=\"4 minutos\" \/>\n\t\t<script type=\"application\/ld+json\" class=\"aioseo-schema\">\n\t\t\t{\"@context\":\"https:\\\/\\\/schema.org\",\"@graph\":[{\"@type\":\"BreadcrumbList\",\"@id\":\"https:\\\/\\\/candas365.es\\\/noticias\\\/la-1-comienza-la-temporada-televisiva-con-buenos-datos-de-audiencia\\\/#breadcrumblist\",\"itemListElement\":[{\"@type\":\"ListItem\",\"@id\":\"https:\\\/\\\/candas365.es\\\/noticias#listItem\",\"position\":1,\"name\":\"Home\",\"item\":\"https:\\\/\\\/candas365.es\\\/noticias\",\"nextItem\":{\"@type\":\"ListItem\",\"@id\":\"https:\\\/\\\/candas365.es\\\/noticias\\\/category\\\/agenda\\\/#listItem\",\"name\":\"Agenda\"}},{\"@type\":\"ListItem\",\"@id\":\"https:\\\/\\\/candas365.es\\\/noticias\\\/category\\\/agenda\\\/#listItem\",\"position\":2,\"name\":\"Agenda\",\"item\":\"https:\\\/\\\/candas365.es\\\/noticias\\\/category\\\/agenda\\\/\",\"nextItem\":{\"@type\":\"ListItem\",\"@id\":\"https:\\\/\\\/candas365.es\\\/noticias\\\/la-1-comienza-la-temporada-televisiva-con-buenos-datos-de-audiencia\\\/#listItem\",\"name\":\"La 1 comienza la temporada televisiva con buenos datos de audiencia\"},\"previousItem\":{\"@type\":\"ListItem\",\"@id\":\"https:\\\/\\\/candas365.es\\\/noticias#listItem\",\"name\":\"Home\"}},{\"@type\":\"ListItem\",\"@id\":\"https:\\\/\\\/candas365.es\\\/noticias\\\/la-1-comienza-la-temporada-televisiva-con-buenos-datos-de-audiencia\\\/#listItem\",\"position\":3,\"name\":\"La 1 comienza la temporada televisiva con buenos datos de audiencia\",\"previousItem\":{\"@type\":\"ListItem\",\"@id\":\"https:\\\/\\\/candas365.es\\\/noticias\\\/category\\\/agenda\\\/#listItem\",\"name\":\"Agenda\"}}]},{\"@type\":\"NewsArticle\",\"@id\":\"https:\\\/\\\/candas365.es\\\/noticias\\\/la-1-comienza-la-temporada-televisiva-con-buenos-datos-de-audiencia\\\/#newsarticle\",\"name\":\"La 1 comienza la temporada televisiva con buenos datos de audiencia | Cand\\u00e1s 365\",\"headline\":\"La 1 comienza la temporada televisiva con buenos datos de audiencia\",\"author\":{\"@id\":\"https:\\\/\\\/candas365.es\\\/noticias\\\/author\\\/admin\\\/#author\"},\"publisher\":{\"@id\":\"https:\\\/\\\/candas365.es\\\/noticias\\\/#organization\"},\"image\":{\"@type\":\"ImageObject\",\"url\":\"https:\\\/\\\/candas365.es\\\/noticias\\\/wp-content\\\/uploads\\\/2017\\\/07\\\/controls-1527175_960_720.jpg\",\"width\":960,\"height\":720},\"datePublished\":\"2017-10-01T21:02:13+02:00\",\"dateModified\":\"2017-10-01T21:02:13+02:00\",\"inLanguage\":\"es-ES\",\"mainEntityOfPage\":{\"@id\":\"https:\\\/\\\/candas365.es\\\/noticias\\\/la-1-comienza-la-temporada-televisiva-con-buenos-datos-de-audiencia\\\/#webpage\"},\"isPartOf\":{\"@id\":\"https:\\\/\\\/candas365.es\\\/noticias\\\/la-1-comienza-la-temporada-televisiva-con-buenos-datos-de-audiencia\\\/#webpage\"},\"articleSection\":\"Agenda\",\"dateline\":\"Publicado el octubre 1, 2017.\"},{\"@type\":\"Organization\",\"@id\":\"https:\\\/\\\/candas365.es\\\/noticias\\\/#organization\",\"name\":\"Cand\\u00e1s 365\",\"description\":\"Cand\\u00e1s 365 es un diario digital independiente, fundado en 2012, con base en Asturias. Informamos con rigor sobre actualidad, sociedad, cultura y ocio, con una mirada local y global.\",\"url\":\"https:\\\/\\\/candas365.es\\\/noticias\\\/\",\"email\":\"info@candas365.es\",\"telephone\":\"+34652131393\",\"foundingDate\":\"2012-06-10\",\"logo\":{\"@type\":\"ImageObject\",\"url\":\"https:\\\/\\\/candas365.es\\\/noticias\\\/wp-content\\\/uploads\\\/2024\\\/09\\\/Candas-365-Redes.jpg\",\"@id\":\"https:\\\/\\\/candas365.es\\\/noticias\\\/la-1-comienza-la-temporada-televisiva-con-buenos-datos-de-audiencia\\\/#organizationLogo\",\"width\":1152,\"height\":864,\"caption\":\"Cand\\u00e1s 365 Redes\"},\"image\":{\"@id\":\"https:\\\/\\\/candas365.es\\\/noticias\\\/la-1-comienza-la-temporada-televisiva-con-buenos-datos-de-audiencia\\\/#organizationLogo\"},\"sameAs\":[\"https:\\\/\\\/www.facebook.com\\\/Nachofdezber\",\"https:\\\/\\\/x.com\\\/NabercoDigital\",\"https:\\\/\\\/www.instagram.com\\\/nachofdezber\\\/\",\"https:\\\/\\\/www.youtube.com\\\/channel\\\/UCZP-2wLEB9Rv6erhFmqVnvg\"],\"address\":{\"@id\":\"https:\\\/\\\/candas365.es\\\/noticias\\\/#postaladdress\",\"@type\":\"PostalAddress\",\"streetAddress\":\"san antonio 4, san antonio 4\",\"postalCode\":\"33430\",\"addressLocality\":\"Cand\\u00e1s\",\"addressRegion\":\"Asturias\",\"addressCountry\":\"ES\"}},{\"@type\":\"Person\",\"@id\":\"https:\\\/\\\/candas365.es\\\/noticias\\\/author\\\/admin\\\/#author\",\"url\":\"https:\\\/\\\/candas365.es\\\/noticias\\\/author\\\/admin\\\/\",\"name\":\"Cand\\u00e1s 365\",\"image\":{\"@type\":\"ImageObject\",\"@id\":\"https:\\\/\\\/candas365.es\\\/noticias\\\/la-1-comienza-la-temporada-televisiva-con-buenos-datos-de-audiencia\\\/#authorImage\",\"url\":\"https:\\\/\\\/secure.gravatar.com\\\/avatar\\\/496a8e03d0c493ede1718b7934145dbdf8d89be1036b0eec9544e1094c9de390?s=96&d=mm&r=g\",\"width\":96,\"height\":96,\"caption\":\"Cand\\u00e1s 365\"},\"sameAs\":[\"https:\\\/\\\/www.facebook.com\\\/carrenoactualidad\",\"https:\\\/\\\/twitter.com\\\/nbasturias\",\"https:\\\/\\\/www.instagram.com\\\/nachofdezber\\\/\",\"https:\\\/\\\/www.youtube.com\\\/channel\\\/UCZP-2wLEB9Rv6erhFmqVnvg\"]},{\"@type\":\"WebPage\",\"@id\":\"https:\\\/\\\/candas365.es\\\/noticias\\\/la-1-comienza-la-temporada-televisiva-con-buenos-datos-de-audiencia\\\/#webpage\",\"url\":\"https:\\\/\\\/candas365.es\\\/noticias\\\/la-1-comienza-la-temporada-televisiva-con-buenos-datos-de-audiencia\\\/\",\"name\":\"La 1 comienza la temporada televisiva con buenos datos de audiencia | Cand\\u00e1s 365\",\"description\":\"La 1 abre el curso 2017\\\/2018 con un 10,8% en septiembre, su mejor arranque de temporada desde 2012 y su media mensual m\\u00e1s alta de este a\\u00f1o. Un incremento de audiencia en el que han influido los buenos registros de los estrenos de \\u2018Estoy vivo\\u2019 y \\u2018MasterChef Celebrity\\u2019 2, el partido clasificatorio para el Mundial\",\"inLanguage\":\"es-ES\",\"isPartOf\":{\"@id\":\"https:\\\/\\\/candas365.es\\\/noticias\\\/#website\"},\"breadcrumb\":{\"@id\":\"https:\\\/\\\/candas365.es\\\/noticias\\\/la-1-comienza-la-temporada-televisiva-con-buenos-datos-de-audiencia\\\/#breadcrumblist\"},\"author\":{\"@id\":\"https:\\\/\\\/candas365.es\\\/noticias\\\/author\\\/admin\\\/#author\"},\"creator\":{\"@id\":\"https:\\\/\\\/candas365.es\\\/noticias\\\/author\\\/admin\\\/#author\"},\"image\":{\"@type\":\"ImageObject\",\"url\":\"https:\\\/\\\/candas365.es\\\/noticias\\\/wp-content\\\/uploads\\\/2017\\\/07\\\/controls-1527175_960_720.jpg\",\"@id\":\"https:\\\/\\\/candas365.es\\\/noticias\\\/la-1-comienza-la-temporada-televisiva-con-buenos-datos-de-audiencia\\\/#mainImage\",\"width\":960,\"height\":720},\"primaryImageOfPage\":{\"@id\":\"https:\\\/\\\/candas365.es\\\/noticias\\\/la-1-comienza-la-temporada-televisiva-con-buenos-datos-de-audiencia\\\/#mainImage\"},\"datePublished\":\"2017-10-01T21:02:13+02:00\",\"dateModified\":\"2017-10-01T21:02:13+02:00\"},{\"@type\":\"WebSite\",\"@id\":\"https:\\\/\\\/candas365.es\\\/noticias\\\/#website\",\"url\":\"https:\\\/\\\/candas365.es\\\/noticias\\\/\",\"name\":\"Cand\\u00e1s 365\",\"alternateName\":\"Cand\\u00e1s 365 Noticias\",\"description\":\"Actualidad desde Carre\\u00f1o para el mundo\",\"inLanguage\":\"es-ES\",\"publisher\":{\"@id\":\"https:\\\/\\\/candas365.es\\\/noticias\\\/#organization\"}}]}\n\t\t<\/script>\n\t\t<!-- All in One SEO Pro -->\r\n\t\t<title>La 1 comienza la temporada televisiva con buenos datos de audiencia | Cand\u00e1s 365<\/title>\n\n","aioseo_head_json":{"title":"La 1 comienza la temporada televisiva con buenos datos de audiencia | Cand\u00e1s 365","description":"La 1 abre el curso 2017\/2018 con un 10,8% en septiembre, su mejor arranque de temporada desde 2012 y su media mensual m\u00e1s alta de este a\u00f1o. Un incremento de audiencia en el que han influido los buenos registros de los estrenos de \u2018Estoy vivo\u2019 y \u2018MasterChef Celebrity\u2019 2, el partido clasificatorio para el Mundial","canonical_url":"https:\/\/candas365.es\/noticias\/la-1-comienza-la-temporada-televisiva-con-buenos-datos-de-audiencia\/","robots":"max-image-preview:large","keywords":"agenda","webmasterTools":{"google-site-verification":"UA-32230408-1","msvalidate.01":"354F3CDFB2DA171B47FBE9ABF1F88D5","miscellaneous":""},"schema":{"@context":"https:\/\/schema.org","@graph":[{"@type":"BreadcrumbList","@id":"https:\/\/candas365.es\/noticias\/la-1-comienza-la-temporada-televisiva-con-buenos-datos-de-audiencia\/#breadcrumblist","itemListElement":[{"@type":"ListItem","@id":"https:\/\/candas365.es\/noticias#listItem","position":1,"name":"Home","item":"https:\/\/candas365.es\/noticias","nextItem":{"@type":"ListItem","@id":"https:\/\/candas365.es\/noticias\/category\/agenda\/#listItem","name":"Agenda"}},{"@type":"ListItem","@id":"https:\/\/candas365.es\/noticias\/category\/agenda\/#listItem","position":2,"name":"Agenda","item":"https:\/\/candas365.es\/noticias\/category\/agenda\/","nextItem":{"@type":"ListItem","@id":"https:\/\/candas365.es\/noticias\/la-1-comienza-la-temporada-televisiva-con-buenos-datos-de-audiencia\/#listItem","name":"La 1 comienza la temporada televisiva con buenos datos de audiencia"},"previousItem":{"@type":"ListItem","@id":"https:\/\/candas365.es\/noticias#listItem","name":"Home"}},{"@type":"ListItem","@id":"https:\/\/candas365.es\/noticias\/la-1-comienza-la-temporada-televisiva-con-buenos-datos-de-audiencia\/#listItem","position":3,"name":"La 1 comienza la temporada televisiva con buenos datos de audiencia","previousItem":{"@type":"ListItem","@id":"https:\/\/candas365.es\/noticias\/category\/agenda\/#listItem","name":"Agenda"}}]},{"@type":"NewsArticle","@id":"https:\/\/candas365.es\/noticias\/la-1-comienza-la-temporada-televisiva-con-buenos-datos-de-audiencia\/#newsarticle","name":"La 1 comienza la temporada televisiva con buenos datos de audiencia | Cand\u00e1s 365","headline":"La 1 comienza la temporada televisiva con buenos datos de audiencia","author":{"@id":"https:\/\/candas365.es\/noticias\/author\/admin\/#author"},"publisher":{"@id":"https:\/\/candas365.es\/noticias\/#organization"},"image":{"@type":"ImageObject","url":"https:\/\/candas365.es\/noticias\/wp-content\/uploads\/2017\/07\/controls-1527175_960_720.jpg","width":960,"height":720},"datePublished":"2017-10-01T21:02:13+02:00","dateModified":"2017-10-01T21:02:13+02:00","inLanguage":"es-ES","mainEntityOfPage":{"@id":"https:\/\/candas365.es\/noticias\/la-1-comienza-la-temporada-televisiva-con-buenos-datos-de-audiencia\/#webpage"},"isPartOf":{"@id":"https:\/\/candas365.es\/noticias\/la-1-comienza-la-temporada-televisiva-con-buenos-datos-de-audiencia\/#webpage"},"articleSection":"Agenda","dateline":"Publicado el octubre 1, 2017."},{"@type":"Organization","@id":"https:\/\/candas365.es\/noticias\/#organization","name":"Cand\u00e1s 365","description":"Cand\u00e1s 365 es un diario digital independiente, fundado en 2012, con base en Asturias. Informamos con rigor sobre actualidad, sociedad, cultura y ocio, con una mirada local y global.","url":"https:\/\/candas365.es\/noticias\/","email":"info@candas365.es","telephone":"+34652131393","foundingDate":"2012-06-10","logo":{"@type":"ImageObject","url":"https:\/\/candas365.es\/noticias\/wp-content\/uploads\/2024\/09\/Candas-365-Redes.jpg","@id":"https:\/\/candas365.es\/noticias\/la-1-comienza-la-temporada-televisiva-con-buenos-datos-de-audiencia\/#organizationLogo","width":1152,"height":864,"caption":"Cand\u00e1s 365 Redes"},"image":{"@id":"https:\/\/candas365.es\/noticias\/la-1-comienza-la-temporada-televisiva-con-buenos-datos-de-audiencia\/#organizationLogo"},"sameAs":["https:\/\/www.facebook.com\/Nachofdezber","https:\/\/x.com\/NabercoDigital","https:\/\/www.instagram.com\/nachofdezber\/","https:\/\/www.youtube.com\/channel\/UCZP-2wLEB9Rv6erhFmqVnvg"],"address":{"@id":"https:\/\/candas365.es\/noticias\/#postaladdress","@type":"PostalAddress","streetAddress":"san antonio 4, san antonio 4","postalCode":"33430","addressLocality":"Cand\u00e1s","addressRegion":"Asturias","addressCountry":"ES"}},{"@type":"Person","@id":"https:\/\/candas365.es\/noticias\/author\/admin\/#author","url":"https:\/\/candas365.es\/noticias\/author\/admin\/","name":"Cand\u00e1s 365","image":{"@type":"ImageObject","@id":"https:\/\/candas365.es\/noticias\/la-1-comienza-la-temporada-televisiva-con-buenos-datos-de-audiencia\/#authorImage","url":"https:\/\/secure.gravatar.com\/avatar\/496a8e03d0c493ede1718b7934145dbdf8d89be1036b0eec9544e1094c9de390?s=96&d=mm&r=g","width":96,"height":96,"caption":"Cand\u00e1s 365"},"sameAs":["https:\/\/www.facebook.com\/carrenoactualidad","https:\/\/twitter.com\/nbasturias","https:\/\/www.instagram.com\/nachofdezber\/","https:\/\/www.youtube.com\/channel\/UCZP-2wLEB9Rv6erhFmqVnvg"]},{"@type":"WebPage","@id":"https:\/\/candas365.es\/noticias\/la-1-comienza-la-temporada-televisiva-con-buenos-datos-de-audiencia\/#webpage","url":"https:\/\/candas365.es\/noticias\/la-1-comienza-la-temporada-televisiva-con-buenos-datos-de-audiencia\/","name":"La 1 comienza la temporada televisiva con buenos datos de audiencia | Cand\u00e1s 365","description":"La 1 abre el curso 2017\/2018 con un 10,8% en septiembre, su mejor arranque de temporada desde 2012 y su media mensual m\u00e1s alta de este a\u00f1o. Un incremento de audiencia en el que han influido los buenos registros de los estrenos de \u2018Estoy vivo\u2019 y \u2018MasterChef Celebrity\u2019 2, el partido clasificatorio para el Mundial","inLanguage":"es-ES","isPartOf":{"@id":"https:\/\/candas365.es\/noticias\/#website"},"breadcrumb":{"@id":"https:\/\/candas365.es\/noticias\/la-1-comienza-la-temporada-televisiva-con-buenos-datos-de-audiencia\/#breadcrumblist"},"author":{"@id":"https:\/\/candas365.es\/noticias\/author\/admin\/#author"},"creator":{"@id":"https:\/\/candas365.es\/noticias\/author\/admin\/#author"},"image":{"@type":"ImageObject","url":"https:\/\/candas365.es\/noticias\/wp-content\/uploads\/2017\/07\/controls-1527175_960_720.jpg","@id":"https:\/\/candas365.es\/noticias\/la-1-comienza-la-temporada-televisiva-con-buenos-datos-de-audiencia\/#mainImage","width":960,"height":720},"primaryImageOfPage":{"@id":"https:\/\/candas365.es\/noticias\/la-1-comienza-la-temporada-televisiva-con-buenos-datos-de-audiencia\/#mainImage"},"datePublished":"2017-10-01T21:02:13+02:00","dateModified":"2017-10-01T21:02:13+02:00"},{"@type":"WebSite","@id":"https:\/\/candas365.es\/noticias\/#website","url":"https:\/\/candas365.es\/noticias\/","name":"Cand\u00e1s 365","alternateName":"Cand\u00e1s 365 Noticias","description":"Actualidad desde Carre\u00f1o para el mundo","inLanguage":"es-ES","publisher":{"@id":"https:\/\/candas365.es\/noticias\/#organization"}}]},"og:locale":"es_ES","og:site_name":"Cand\u00e1s 365","og:type":"article","og:title":"La 1 comienza la temporada televisiva con buenos datos de audiencia | Cand\u00e1s 365","og:description":"La 1 abre el curso 2017\/2018 con un 10,8% en septiembre, su mejor arranque de temporada desde 2012 y su media mensual m\u00e1s alta de este a\u00f1o. Un incremento de audiencia en el que han influido los buenos registros de los estrenos de \u2018Estoy vivo\u2019 y \u2018MasterChef Celebrity\u2019 2, el partido clasificatorio para el Mundial","og:url":"https:\/\/candas365.es\/noticias\/la-1-comienza-la-temporada-televisiva-con-buenos-datos-de-audiencia\/","og:image":"https:\/\/candas365.es\/noticias\/wp-content\/uploads\/2017\/07\/controls-1527175_960_720.jpg","og:image:secure_url":"https:\/\/candas365.es\/noticias\/wp-content\/uploads\/2017\/07\/controls-1527175_960_720.jpg","og:image:width":960,"og:image:height":720,"article:published_time":"2017-10-01T21:02:13+00:00","article:modified_time":"2017-10-01T21:02:13+00:00","article:publisher":"https:\/\/www.facebook.com\/Nachofdezber","article:author":"https:\/\/www.facebook.com\/carrenoactualidad","twitter:card":"summary_large_image","twitter:site":"@NabercoDigital","twitter:title":"La 1 comienza la temporada televisiva con buenos datos de audiencia | Cand\u00e1s 365","twitter:description":"La 1 abre el curso 2017\/2018 con un 10,8% en septiembre, su mejor arranque de temporada desde 2012 y su media mensual m\u00e1s alta de este a\u00f1o. Un incremento de audiencia en el que han influido los buenos registros de los estrenos de \u2018Estoy vivo\u2019 y \u2018MasterChef Celebrity\u2019 2, el partido clasificatorio para el Mundial","twitter:creator":"@nbasturias","twitter:image":"https:\/\/candas365.es\/noticias\/wp-content\/uploads\/2017\/07\/controls-1527175_960_720.jpg","twitter:label1":"Escrito por","twitter:data1":"Cand\u00e1s 365","twitter:label2":"Tiempo de lectura estimado","twitter:data2":"4 minutos"},"aioseo_meta_data":{"post_id":"81217","title":null,"description":null,"keywords":null,"keyphrases":null,"primary_term":null,"canonical_url":null,"og_title":null,"og_description":null,"og_object_type":"default","og_image_type":"default","og_image_url":null,"og_image_width":null,"og_image_height":null,"og_image_custom_url":null,"og_image_custom_fields":null,"og_video":null,"og_custom_url":null,"og_article_section":null,"og_article_tags":null,"twitter_use_og":false,"twitter_card":"default","twitter_image_type":"default","twitter_image_url":null,"twitter_image_custom_url":null,"twitter_image_custom_fields":null,"twitter_title":null,"twitter_description":null,"schema":{"blockGraphs":[],"customGraphs":[],"default":{"data":{"Article":[],"Course":[],"Dataset":[],"FAQPage":[],"Movie":[],"Person":[],"Product":[],"ProductReview":[],"Car":[],"Recipe":[],"Service":[],"SoftwareApplication":[],"WebPage":[]},"graphName":"","isEnabled":true},"graphs":[]},"schema_type":null,"schema_type_options":null,"pillar_content":false,"robots_default":true,"robots_noindex":false,"robots_noarchive":false,"robots_nosnippet":false,"robots_nofollow":false,"robots_noimageindex":false,"robots_noodp":false,"robots_notranslate":false,"robots_max_snippet":null,"robots_max_videopreview":null,"robots_max_imagepreview":"large","priority":null,"frequency":null,"location":null,"local_seo":null,"seo_analyzer_scan_date":"2025-08-26 01:34:15","breadcrumb_settings":null,"limit_modified_date":false,"reviewed_by":null,"open_ai":null,"ai":null,"created":"2020-12-21 12:42:55","updated":"2025-08-26 01:34:15"},"aioseo_breadcrumb":"<div class=\"aioseo-breadcrumbs\"><span class=\"aioseo-breadcrumb\">\n\t<a href=\"https:\/\/candas365.es\/noticias\" title=\"Home\">Home<\/a>\n<\/span><span class=\"aioseo-breadcrumb-separator\">&ndash;<\/span><span class=\"aioseo-breadcrumb\">\n\t<a href=\"https:\/\/candas365.es\/noticias\/category\/agenda\/\" title=\"Agenda\">Agenda<\/a>\n<\/span><span class=\"aioseo-breadcrumb-separator\">&ndash;<\/span><span class=\"aioseo-breadcrumb\">\n\tLa 1 comienza la temporada televisiva con buenos datos de audiencia\n<\/span><\/div>","aioseo_breadcrumb_json":[{"label":"Home","link":"https:\/\/candas365.es\/noticias"},{"label":"Agenda","link":"https:\/\/candas365.es\/noticias\/category\/agenda\/"},{"label":"La 1 comienza la temporada televisiva con buenos datos de audiencia","link":"https:\/\/candas365.es\/noticias\/la-1-comienza-la-temporada-televisiva-con-buenos-datos-de-audiencia\/"}],"_links":{"self":[{"href":"https:\/\/candas365.es\/noticias\/wp-json\/wp\/v2\/posts\/81217","targetHints":{"allow":["GET"]}}],"collection":[{"href":"https:\/\/candas365.es\/noticias\/wp-json\/wp\/v2\/posts"}],"about":[{"href":"https:\/\/candas365.es\/noticias\/wp-json\/wp\/v2\/types\/post"}],"author":[{"embeddable":true,"href":"https:\/\/candas365.es\/noticias\/wp-json\/wp\/v2\/users\/1"}],"replies":[{"embeddable":true,"href":"https:\/\/candas365.es\/noticias\/wp-json\/wp\/v2\/comments?post=81217"}],"version-history":[{"count":0,"href":"https:\/\/candas365.es\/noticias\/wp-json\/wp\/v2\/posts\/81217\/revisions"}],"wp:featuredmedia":[{"embeddable":true,"href":"https:\/\/candas365.es\/noticias\/wp-json\/wp\/v2\/media\/76605"}],"wp:attachment":[{"href":"https:\/\/candas365.es\/noticias\/wp-json\/wp\/v2\/media?parent=81217"}],"wp:term":[{"taxonomy":"category","embeddable":true,"href":"https:\/\/candas365.es\/noticias\/wp-json\/wp\/v2\/categories?post=81217"},{"taxonomy":"post_tag","embeddable":true,"href":"https:\/\/candas365.es\/noticias\/wp-json\/wp\/v2\/tags?post=81217"}],"curies":[{"name":"wp","href":"https:\/\/api.w.org\/{rel}","templated":true}]}}