{"id":81208,"date":"2017-10-01T20:52:05","date_gmt":"2017-10-01T20:52:05","guid":{"rendered":"http:\/\/candas365.es\/noticias\/?p=81208"},"modified":"2017-10-01T20:52:05","modified_gmt":"2017-10-01T20:52:05","slug":"radar-regresa-al-teatro-filarmonica","status":"publish","type":"post","link":"https:\/\/candas365.es\/noticias\/radar-regresa-al-teatro-filarmonica\/","title":{"rendered":"RADAR regresa al Teatro Filarm\u00f3nica"},"content":{"rendered":"<p><img fetchpriority=\"high\" decoding=\"async\" class=\"alignleft size-medium wp-image-81209\" src=\"https:\/\/candas365.es\/noticias\/wp-content\/uploads\/2017\/10\/RADAR_JPG-360x239.jpg\" alt=\"\" width=\"360\" height=\"239\" srcset=\"https:\/\/candas365.es\/noticias\/wp-content\/uploads\/2017\/10\/RADAR_JPG-360x239.jpg 360w, https:\/\/candas365.es\/noticias\/wp-content\/uploads\/2017\/10\/RADAR_JPG-768x510.jpg 768w, https:\/\/candas365.es\/noticias\/wp-content\/uploads\/2017\/10\/RADAR_JPG-655x435.jpg 655w, https:\/\/candas365.es\/noticias\/wp-content\/uploads\/2017\/10\/RADAR_JPG-696x462.jpg 696w, https:\/\/candas365.es\/noticias\/wp-content\/uploads\/2017\/10\/RADAR_JPG-633x420.jpg 633w, https:\/\/candas365.es\/noticias\/wp-content\/uploads\/2017\/10\/RADAR_JPG-84x55.jpg 84w, https:\/\/candas365.es\/noticias\/wp-content\/uploads\/2017\/10\/RADAR_JPG.jpg 800w\" sizes=\"(max-width: 360px) 100vw, 360px\" \/>La programaci\u00f3n cinematogr\u00e1fica de la Fundaci\u00f3n Municipal de Cultura contin\u00faa el pr\u00f3ximo trimestre con RADAR, un ciclo que enfoca las \u00faltimas propuestas del cine m\u00e1s selecto. De octubre a diciembre, el Teatro Filarm\u00f3nica mostrar\u00e1 22 producciones de pa\u00edses tan distintos como Espa\u00f1a, Corea del Sur, L\u00edbano o EE.UU., que estar\u00e1 presente a trav\u00e9s de dos ciclos dedicados a los actores Joan Fontaine y Robert Mitchum por el centenario de sus nacimientos.<\/p>\n<p>RADAR\u00a0ha comenzado el\u00a0domingo, 1 de octubre, con Luces de Par\u00eds, comedia rom\u00e1ntica con una infalible combinaci\u00f3n del talento de Isabelle Huppert y la espl\u00e9ndida ciudad de Par\u00eds. Tras Luces de Par\u00eds, pasar\u00e1n por el Filarm\u00f3nica otras 21 producciones, muchas presentes en los palmar\u00e9s de festivales tan reconocidos como San Sebasti\u00e1n (Lady Macbeth), Sitges (El extra\u00f1o), Karlovy Vary (La profesora), Mar de Plata (Do\u00f1a Clara), M\u00e1laga (La pr\u00f3xima piel, Demonios tus ojos).<\/p>\n<p>El concejal y presidente de la Fundaci\u00f3n Municipal de Cultura, Roberto S\u00e1nchez Ramos, lo ha presentado en una rueda de prensa en la que ha estado acompa\u00f1ado del director de la muestra, Pablo de Mar\u00eda.<\/p>\n<p>El edil S\u00e1nchez Ramos ha destacado la importancia de este ciclo \u00abque cumple la segunda edici\u00f3n y record\u00f3 que 7.000 personas asistieron a la anterior\u00bb.<\/p>\n<p>RADAR contar\u00e1 en esta edici\u00f3n con la presencia de dos realizadores que mantendr\u00e1n un encuentro con el p\u00fablico tras el pase de sus pel\u00edculas: Antonio Morales, que presentar\u00e1 el 22 de octubre Marisa en los bosques (estreno en Asturias) y Pedro Aguilera, que estar\u00e1 en Oviedo con Demonios tus ojos. A estos dos encuentros se sumar\u00e1n otros dos con realizadores de la programaci\u00f3n del 55FICX. \u00abHemos firmado un acuerdo con el Festival de Cine de Gij\u00f3n, un gran acuerdo para las instituciones y tambi\u00e9n para la ciudadan\u00eda\u00bb, indic\u00f3 el presidente de la Fundaci\u00f3n Municipal de Cultura.<\/p>\n<p><strong>Ciclos Fontaine y Mitchum<\/strong><\/p>\n<p>Pablo De Mar\u00eda desglos\u00f3 el programa de RADAR, que en esta edici\u00f3n, explic\u00f3, \u00abrinde homenaje a los actores Joan Fontaine y Robert Mitchum, dos grandes del star system, al celebrarse en 2017 el centenario de sus nacimientos. El Filarm\u00f3nica acoger\u00e1 todos los jueves de octubre cuatro t\u00edtulos de la legendaria Rebeca, pel\u00edcula de Alfred Hitchcock que estar\u00e1 en el ciclo junto a Mujeres, de George Cukor; Alma Rebelde, de Robert Stevenson y Carta de una desconocida, de Max Oph\u00fcls\u00bb. El turno de Mitchum ser\u00e1 en noviembre. \u00abPor la pantalla del Filarm\u00f3nica pasar\u00e1n cuatro t\u00edtulos esenciales de su filmograf\u00eda Retorno al pasado, de Jacques Tourneur; La noche del cazador, de Charles Laughton; El cabo del terror, de J. Lee Thompson y El Dorado,de Howard Hawks\u00bb, a\u00f1adi\u00f3 al tiempo que indicaba, como otra de las novedades los cambios de horario en el ciclo: \u00abTodas las sesiones de RADAR tendr\u00e1n lugar en el Teatro Filarm\u00f3nica. Los jueves a las 20.00 horas y los domingos a las 19:30 horas. La entrada es libre hasta completar aforo\u00bb.<\/p>\n<p>&nbsp;<\/p>\n","protected":false},"excerpt":{"rendered":"<p>La programaci\u00f3n cinematogr\u00e1fica de la Fundaci\u00f3n Municipal de Cultura contin\u00faa el pr\u00f3ximo trimestre con RADAR, un ciclo que enfoca las \u00faltimas propuestas del cine m\u00e1s selecto. De octubre a diciembre, el Teatro Filarm\u00f3nica mostrar\u00e1 22 producciones de pa\u00edses tan distintos como Espa\u00f1a, Corea del Sur, L\u00edbano o EE.UU., que estar\u00e1 presente a trav\u00e9s de dos<\/p>\n","protected":false},"author":1,"featured_media":81209,"comment_status":"closed","ping_status":"closed","sticky":false,"template":"","format":"standard","meta":{"footnotes":""},"categories":[1],"tags":[],"class_list":{"0":"post-81208","1":"post","2":"type-post","3":"status-publish","4":"format-standard","5":"has-post-thumbnail","7":"category-agenda"},"aioseo_notices":[],"aioseo_head":"\n\t\t<!-- All in One SEO Pro 4.9.6.2 - aioseo.com -->\n\t<meta name=\"description\" content=\"La programaci\u00f3n cinematogr\u00e1fica de la Fundaci\u00f3n Municipal de Cultura contin\u00faa el pr\u00f3ximo trimestre con RADAR, un ciclo que enfoca las \u00faltimas propuestas del cine m\u00e1s selecto. De octubre a diciembre, el Teatro Filarm\u00f3nica mostrar\u00e1 22 producciones de pa\u00edses tan distintos como Espa\u00f1a, Corea del Sur, L\u00edbano o EE.UU., que estar\u00e1 presente a trav\u00e9s de dos\" \/>\n\t<meta name=\"robots\" content=\"max-image-preview:large\" \/>\n\t<meta name=\"author\" content=\"Cand\u00e1s 365\"\/>\n\t<meta name=\"google-site-verification\" content=\"UA-32230408-1\" \/>\n\t<meta name=\"msvalidate.01\" content=\"354F3CDFB2DA171B47FBE9ABF1F88D5\" \/>\n\t<meta name=\"keywords\" content=\"agenda\" \/>\n\t<link rel=\"canonical\" href=\"https:\/\/candas365.es\/noticias\/radar-regresa-al-teatro-filarmonica\/\" \/>\n\t<meta name=\"generator\" content=\"All in One SEO Pro (AIOSEO) 4.9.6.2\" \/>\n\t\t<meta property=\"og:locale\" content=\"es_ES\" \/>\n\t\t<meta property=\"og:site_name\" content=\"Cand\u00e1s 365\" \/>\n\t\t<meta property=\"og:type\" content=\"article\" \/>\n\t\t<meta property=\"og:title\" content=\"RADAR regresa al Teatro Filarm\u00f3nica | Cand\u00e1s 365\" \/>\n\t\t<meta property=\"og:description\" content=\"La programaci\u00f3n cinematogr\u00e1fica de la Fundaci\u00f3n Municipal de Cultura contin\u00faa el pr\u00f3ximo trimestre con RADAR, un ciclo que enfoca las \u00faltimas propuestas del cine m\u00e1s selecto. De octubre a diciembre, el Teatro Filarm\u00f3nica mostrar\u00e1 22 producciones de pa\u00edses tan distintos como Espa\u00f1a, Corea del Sur, L\u00edbano o EE.UU., que estar\u00e1 presente a trav\u00e9s de dos\" \/>\n\t\t<meta property=\"og:url\" content=\"https:\/\/candas365.es\/noticias\/radar-regresa-al-teatro-filarmonica\/\" \/>\n\t\t<meta property=\"og:image\" content=\"https:\/\/candas365.es\/noticias\/wp-content\/uploads\/2017\/10\/RADAR_JPG.jpg\" \/>\n\t\t<meta property=\"og:image:secure_url\" content=\"https:\/\/candas365.es\/noticias\/wp-content\/uploads\/2017\/10\/RADAR_JPG.jpg\" \/>\n\t\t<meta property=\"og:image:width\" content=\"800\" \/>\n\t\t<meta property=\"og:image:height\" content=\"531\" \/>\n\t\t<meta property=\"article:published_time\" content=\"2017-10-01T20:52:05+00:00\" \/>\n\t\t<meta property=\"article:modified_time\" content=\"2017-10-01T20:52:05+00:00\" \/>\n\t\t<meta property=\"article:publisher\" content=\"https:\/\/www.facebook.com\/Nachofdezber\" \/>\n\t\t<meta property=\"article:author\" content=\"https:\/\/www.facebook.com\/carrenoactualidad\" \/>\n\t\t<meta name=\"twitter:card\" content=\"summary_large_image\" \/>\n\t\t<meta name=\"twitter:site\" content=\"@NabercoDigital\" \/>\n\t\t<meta name=\"twitter:title\" content=\"RADAR regresa al Teatro Filarm\u00f3nica | Cand\u00e1s 365\" \/>\n\t\t<meta name=\"twitter:description\" content=\"La programaci\u00f3n cinematogr\u00e1fica de la Fundaci\u00f3n Municipal de Cultura contin\u00faa el pr\u00f3ximo trimestre con RADAR, un ciclo que enfoca las \u00faltimas propuestas del cine m\u00e1s selecto. De octubre a diciembre, el Teatro Filarm\u00f3nica mostrar\u00e1 22 producciones de pa\u00edses tan distintos como Espa\u00f1a, Corea del Sur, L\u00edbano o EE.UU., que estar\u00e1 presente a trav\u00e9s de dos\" \/>\n\t\t<meta name=\"twitter:creator\" content=\"@nbasturias\" \/>\n\t\t<meta name=\"twitter:image\" content=\"https:\/\/candas365.es\/noticias\/wp-content\/uploads\/2017\/10\/RADAR_JPG.jpg\" \/>\n\t\t<meta name=\"twitter:label1\" content=\"Escrito por\" \/>\n\t\t<meta name=\"twitter:data1\" content=\"Cand\u00e1s 365\" \/>\n\t\t<meta name=\"twitter:label2\" content=\"Tiempo de lectura estimado\" \/>\n\t\t<meta name=\"twitter:data2\" content=\"3 minutos\" \/>\n\t\t<script type=\"application\/ld+json\" class=\"aioseo-schema\">\n\t\t\t{\"@context\":\"https:\\\/\\\/schema.org\",\"@graph\":[{\"@type\":\"BreadcrumbList\",\"@id\":\"https:\\\/\\\/candas365.es\\\/noticias\\\/radar-regresa-al-teatro-filarmonica\\\/#breadcrumblist\",\"itemListElement\":[{\"@type\":\"ListItem\",\"@id\":\"https:\\\/\\\/candas365.es\\\/noticias#listItem\",\"position\":1,\"name\":\"Home\",\"item\":\"https:\\\/\\\/candas365.es\\\/noticias\",\"nextItem\":{\"@type\":\"ListItem\",\"@id\":\"https:\\\/\\\/candas365.es\\\/noticias\\\/category\\\/agenda\\\/#listItem\",\"name\":\"Agenda\"}},{\"@type\":\"ListItem\",\"@id\":\"https:\\\/\\\/candas365.es\\\/noticias\\\/category\\\/agenda\\\/#listItem\",\"position\":2,\"name\":\"Agenda\",\"item\":\"https:\\\/\\\/candas365.es\\\/noticias\\\/category\\\/agenda\\\/\",\"nextItem\":{\"@type\":\"ListItem\",\"@id\":\"https:\\\/\\\/candas365.es\\\/noticias\\\/radar-regresa-al-teatro-filarmonica\\\/#listItem\",\"name\":\"RADAR regresa al Teatro Filarm\\u00f3nica\"},\"previousItem\":{\"@type\":\"ListItem\",\"@id\":\"https:\\\/\\\/candas365.es\\\/noticias#listItem\",\"name\":\"Home\"}},{\"@type\":\"ListItem\",\"@id\":\"https:\\\/\\\/candas365.es\\\/noticias\\\/radar-regresa-al-teatro-filarmonica\\\/#listItem\",\"position\":3,\"name\":\"RADAR regresa al Teatro Filarm\\u00f3nica\",\"previousItem\":{\"@type\":\"ListItem\",\"@id\":\"https:\\\/\\\/candas365.es\\\/noticias\\\/category\\\/agenda\\\/#listItem\",\"name\":\"Agenda\"}}]},{\"@type\":\"NewsArticle\",\"@id\":\"https:\\\/\\\/candas365.es\\\/noticias\\\/radar-regresa-al-teatro-filarmonica\\\/#newsarticle\",\"name\":\"RADAR regresa al Teatro Filarm\\u00f3nica | Cand\\u00e1s 365\",\"headline\":\"RADAR regresa al Teatro Filarm\\u00f3nica\",\"author\":{\"@id\":\"https:\\\/\\\/candas365.es\\\/noticias\\\/author\\\/admin\\\/#author\"},\"publisher\":{\"@id\":\"https:\\\/\\\/candas365.es\\\/noticias\\\/#organization\"},\"image\":{\"@type\":\"ImageObject\",\"url\":\"https:\\\/\\\/candas365.es\\\/noticias\\\/wp-content\\\/uploads\\\/2017\\\/10\\\/RADAR_JPG.jpg\",\"width\":800,\"height\":531},\"datePublished\":\"2017-10-01T20:52:05+02:00\",\"dateModified\":\"2017-10-01T20:52:05+02:00\",\"inLanguage\":\"es-ES\",\"mainEntityOfPage\":{\"@id\":\"https:\\\/\\\/candas365.es\\\/noticias\\\/radar-regresa-al-teatro-filarmonica\\\/#webpage\"},\"isPartOf\":{\"@id\":\"https:\\\/\\\/candas365.es\\\/noticias\\\/radar-regresa-al-teatro-filarmonica\\\/#webpage\"},\"articleSection\":\"Agenda\",\"dateline\":\"Publicado el octubre 1, 2017.\"},{\"@type\":\"Organization\",\"@id\":\"https:\\\/\\\/candas365.es\\\/noticias\\\/#organization\",\"name\":\"Cand\\u00e1s 365\",\"description\":\"Cand\\u00e1s 365 es un diario digital independiente, fundado en 2012, con base en Asturias. Informamos con rigor sobre actualidad, sociedad, cultura y ocio, con una mirada local y global.\",\"url\":\"https:\\\/\\\/candas365.es\\\/noticias\\\/\",\"email\":\"info@candas365.es\",\"telephone\":\"+34652131393\",\"foundingDate\":\"2012-06-10\",\"logo\":{\"@type\":\"ImageObject\",\"url\":\"https:\\\/\\\/candas365.es\\\/noticias\\\/wp-content\\\/uploads\\\/2024\\\/09\\\/Candas-365-Redes.jpg\",\"@id\":\"https:\\\/\\\/candas365.es\\\/noticias\\\/radar-regresa-al-teatro-filarmonica\\\/#organizationLogo\",\"width\":1152,\"height\":864,\"caption\":\"Cand\\u00e1s 365 Redes\"},\"image\":{\"@id\":\"https:\\\/\\\/candas365.es\\\/noticias\\\/radar-regresa-al-teatro-filarmonica\\\/#organizationLogo\"},\"sameAs\":[\"https:\\\/\\\/www.facebook.com\\\/Nachofdezber\",\"https:\\\/\\\/x.com\\\/NabercoDigital\",\"https:\\\/\\\/www.instagram.com\\\/nachofdezber\\\/\",\"https:\\\/\\\/www.youtube.com\\\/channel\\\/UCZP-2wLEB9Rv6erhFmqVnvg\"],\"address\":{\"@id\":\"https:\\\/\\\/candas365.es\\\/noticias\\\/#postaladdress\",\"@type\":\"PostalAddress\",\"streetAddress\":\"san antonio 4, san antonio 4\",\"postalCode\":\"33430\",\"addressLocality\":\"Cand\\u00e1s\",\"addressRegion\":\"Asturias\",\"addressCountry\":\"ES\"}},{\"@type\":\"Person\",\"@id\":\"https:\\\/\\\/candas365.es\\\/noticias\\\/author\\\/admin\\\/#author\",\"url\":\"https:\\\/\\\/candas365.es\\\/noticias\\\/author\\\/admin\\\/\",\"name\":\"Cand\\u00e1s 365\",\"image\":{\"@type\":\"ImageObject\",\"@id\":\"https:\\\/\\\/candas365.es\\\/noticias\\\/radar-regresa-al-teatro-filarmonica\\\/#authorImage\",\"url\":\"https:\\\/\\\/secure.gravatar.com\\\/avatar\\\/496a8e03d0c493ede1718b7934145dbdf8d89be1036b0eec9544e1094c9de390?s=96&d=mm&r=g\",\"width\":96,\"height\":96,\"caption\":\"Cand\\u00e1s 365\"},\"sameAs\":[\"https:\\\/\\\/www.facebook.com\\\/carrenoactualidad\",\"https:\\\/\\\/twitter.com\\\/nbasturias\",\"https:\\\/\\\/www.instagram.com\\\/nachofdezber\\\/\",\"https:\\\/\\\/www.youtube.com\\\/channel\\\/UCZP-2wLEB9Rv6erhFmqVnvg\"]},{\"@type\":\"WebPage\",\"@id\":\"https:\\\/\\\/candas365.es\\\/noticias\\\/radar-regresa-al-teatro-filarmonica\\\/#webpage\",\"url\":\"https:\\\/\\\/candas365.es\\\/noticias\\\/radar-regresa-al-teatro-filarmonica\\\/\",\"name\":\"RADAR regresa al Teatro Filarm\\u00f3nica | Cand\\u00e1s 365\",\"description\":\"La programaci\\u00f3n cinematogr\\u00e1fica de la Fundaci\\u00f3n Municipal de Cultura contin\\u00faa el pr\\u00f3ximo trimestre con RADAR, un ciclo que enfoca las \\u00faltimas propuestas del cine m\\u00e1s selecto. De octubre a diciembre, el Teatro Filarm\\u00f3nica mostrar\\u00e1 22 producciones de pa\\u00edses tan distintos como Espa\\u00f1a, Corea del Sur, L\\u00edbano o EE.UU., que estar\\u00e1 presente a trav\\u00e9s de dos\",\"inLanguage\":\"es-ES\",\"isPartOf\":{\"@id\":\"https:\\\/\\\/candas365.es\\\/noticias\\\/#website\"},\"breadcrumb\":{\"@id\":\"https:\\\/\\\/candas365.es\\\/noticias\\\/radar-regresa-al-teatro-filarmonica\\\/#breadcrumblist\"},\"author\":{\"@id\":\"https:\\\/\\\/candas365.es\\\/noticias\\\/author\\\/admin\\\/#author\"},\"creator\":{\"@id\":\"https:\\\/\\\/candas365.es\\\/noticias\\\/author\\\/admin\\\/#author\"},\"image\":{\"@type\":\"ImageObject\",\"url\":\"https:\\\/\\\/candas365.es\\\/noticias\\\/wp-content\\\/uploads\\\/2017\\\/10\\\/RADAR_JPG.jpg\",\"@id\":\"https:\\\/\\\/candas365.es\\\/noticias\\\/radar-regresa-al-teatro-filarmonica\\\/#mainImage\",\"width\":800,\"height\":531},\"primaryImageOfPage\":{\"@id\":\"https:\\\/\\\/candas365.es\\\/noticias\\\/radar-regresa-al-teatro-filarmonica\\\/#mainImage\"},\"datePublished\":\"2017-10-01T20:52:05+02:00\",\"dateModified\":\"2017-10-01T20:52:05+02:00\"},{\"@type\":\"WebSite\",\"@id\":\"https:\\\/\\\/candas365.es\\\/noticias\\\/#website\",\"url\":\"https:\\\/\\\/candas365.es\\\/noticias\\\/\",\"name\":\"Cand\\u00e1s 365\",\"alternateName\":\"Cand\\u00e1s 365 Noticias\",\"description\":\"Actualidad desde Carre\\u00f1o para el mundo\",\"inLanguage\":\"es-ES\",\"publisher\":{\"@id\":\"https:\\\/\\\/candas365.es\\\/noticias\\\/#organization\"}}]}\n\t\t<\/script>\n\t\t<!-- All in One SEO Pro -->\r\n\t\t<title>RADAR regresa al Teatro Filarm\u00f3nica | Cand\u00e1s 365<\/title>\n\n","aioseo_head_json":{"title":"RADAR regresa al Teatro Filarm\u00f3nica | Cand\u00e1s 365","description":"La programaci\u00f3n cinematogr\u00e1fica de la Fundaci\u00f3n Municipal de Cultura contin\u00faa el pr\u00f3ximo trimestre con RADAR, un ciclo que enfoca las \u00faltimas propuestas del cine m\u00e1s selecto. De octubre a diciembre, el Teatro Filarm\u00f3nica mostrar\u00e1 22 producciones de pa\u00edses tan distintos como Espa\u00f1a, Corea del Sur, L\u00edbano o EE.UU., que estar\u00e1 presente a trav\u00e9s de dos","canonical_url":"https:\/\/candas365.es\/noticias\/radar-regresa-al-teatro-filarmonica\/","robots":"max-image-preview:large","keywords":"agenda","webmasterTools":{"google-site-verification":"UA-32230408-1","msvalidate.01":"354F3CDFB2DA171B47FBE9ABF1F88D5","miscellaneous":""},"schema":{"@context":"https:\/\/schema.org","@graph":[{"@type":"BreadcrumbList","@id":"https:\/\/candas365.es\/noticias\/radar-regresa-al-teatro-filarmonica\/#breadcrumblist","itemListElement":[{"@type":"ListItem","@id":"https:\/\/candas365.es\/noticias#listItem","position":1,"name":"Home","item":"https:\/\/candas365.es\/noticias","nextItem":{"@type":"ListItem","@id":"https:\/\/candas365.es\/noticias\/category\/agenda\/#listItem","name":"Agenda"}},{"@type":"ListItem","@id":"https:\/\/candas365.es\/noticias\/category\/agenda\/#listItem","position":2,"name":"Agenda","item":"https:\/\/candas365.es\/noticias\/category\/agenda\/","nextItem":{"@type":"ListItem","@id":"https:\/\/candas365.es\/noticias\/radar-regresa-al-teatro-filarmonica\/#listItem","name":"RADAR regresa al Teatro Filarm\u00f3nica"},"previousItem":{"@type":"ListItem","@id":"https:\/\/candas365.es\/noticias#listItem","name":"Home"}},{"@type":"ListItem","@id":"https:\/\/candas365.es\/noticias\/radar-regresa-al-teatro-filarmonica\/#listItem","position":3,"name":"RADAR regresa al Teatro Filarm\u00f3nica","previousItem":{"@type":"ListItem","@id":"https:\/\/candas365.es\/noticias\/category\/agenda\/#listItem","name":"Agenda"}}]},{"@type":"NewsArticle","@id":"https:\/\/candas365.es\/noticias\/radar-regresa-al-teatro-filarmonica\/#newsarticle","name":"RADAR regresa al Teatro Filarm\u00f3nica | Cand\u00e1s 365","headline":"RADAR regresa al Teatro Filarm\u00f3nica","author":{"@id":"https:\/\/candas365.es\/noticias\/author\/admin\/#author"},"publisher":{"@id":"https:\/\/candas365.es\/noticias\/#organization"},"image":{"@type":"ImageObject","url":"https:\/\/candas365.es\/noticias\/wp-content\/uploads\/2017\/10\/RADAR_JPG.jpg","width":800,"height":531},"datePublished":"2017-10-01T20:52:05+02:00","dateModified":"2017-10-01T20:52:05+02:00","inLanguage":"es-ES","mainEntityOfPage":{"@id":"https:\/\/candas365.es\/noticias\/radar-regresa-al-teatro-filarmonica\/#webpage"},"isPartOf":{"@id":"https:\/\/candas365.es\/noticias\/radar-regresa-al-teatro-filarmonica\/#webpage"},"articleSection":"Agenda","dateline":"Publicado el octubre 1, 2017."},{"@type":"Organization","@id":"https:\/\/candas365.es\/noticias\/#organization","name":"Cand\u00e1s 365","description":"Cand\u00e1s 365 es un diario digital independiente, fundado en 2012, con base en Asturias. Informamos con rigor sobre actualidad, sociedad, cultura y ocio, con una mirada local y global.","url":"https:\/\/candas365.es\/noticias\/","email":"info@candas365.es","telephone":"+34652131393","foundingDate":"2012-06-10","logo":{"@type":"ImageObject","url":"https:\/\/candas365.es\/noticias\/wp-content\/uploads\/2024\/09\/Candas-365-Redes.jpg","@id":"https:\/\/candas365.es\/noticias\/radar-regresa-al-teatro-filarmonica\/#organizationLogo","width":1152,"height":864,"caption":"Cand\u00e1s 365 Redes"},"image":{"@id":"https:\/\/candas365.es\/noticias\/radar-regresa-al-teatro-filarmonica\/#organizationLogo"},"sameAs":["https:\/\/www.facebook.com\/Nachofdezber","https:\/\/x.com\/NabercoDigital","https:\/\/www.instagram.com\/nachofdezber\/","https:\/\/www.youtube.com\/channel\/UCZP-2wLEB9Rv6erhFmqVnvg"],"address":{"@id":"https:\/\/candas365.es\/noticias\/#postaladdress","@type":"PostalAddress","streetAddress":"san antonio 4, san antonio 4","postalCode":"33430","addressLocality":"Cand\u00e1s","addressRegion":"Asturias","addressCountry":"ES"}},{"@type":"Person","@id":"https:\/\/candas365.es\/noticias\/author\/admin\/#author","url":"https:\/\/candas365.es\/noticias\/author\/admin\/","name":"Cand\u00e1s 365","image":{"@type":"ImageObject","@id":"https:\/\/candas365.es\/noticias\/radar-regresa-al-teatro-filarmonica\/#authorImage","url":"https:\/\/secure.gravatar.com\/avatar\/496a8e03d0c493ede1718b7934145dbdf8d89be1036b0eec9544e1094c9de390?s=96&d=mm&r=g","width":96,"height":96,"caption":"Cand\u00e1s 365"},"sameAs":["https:\/\/www.facebook.com\/carrenoactualidad","https:\/\/twitter.com\/nbasturias","https:\/\/www.instagram.com\/nachofdezber\/","https:\/\/www.youtube.com\/channel\/UCZP-2wLEB9Rv6erhFmqVnvg"]},{"@type":"WebPage","@id":"https:\/\/candas365.es\/noticias\/radar-regresa-al-teatro-filarmonica\/#webpage","url":"https:\/\/candas365.es\/noticias\/radar-regresa-al-teatro-filarmonica\/","name":"RADAR regresa al Teatro Filarm\u00f3nica | Cand\u00e1s 365","description":"La programaci\u00f3n cinematogr\u00e1fica de la Fundaci\u00f3n Municipal de Cultura contin\u00faa el pr\u00f3ximo trimestre con RADAR, un ciclo que enfoca las \u00faltimas propuestas del cine m\u00e1s selecto. De octubre a diciembre, el Teatro Filarm\u00f3nica mostrar\u00e1 22 producciones de pa\u00edses tan distintos como Espa\u00f1a, Corea del Sur, L\u00edbano o EE.UU., que estar\u00e1 presente a trav\u00e9s de dos","inLanguage":"es-ES","isPartOf":{"@id":"https:\/\/candas365.es\/noticias\/#website"},"breadcrumb":{"@id":"https:\/\/candas365.es\/noticias\/radar-regresa-al-teatro-filarmonica\/#breadcrumblist"},"author":{"@id":"https:\/\/candas365.es\/noticias\/author\/admin\/#author"},"creator":{"@id":"https:\/\/candas365.es\/noticias\/author\/admin\/#author"},"image":{"@type":"ImageObject","url":"https:\/\/candas365.es\/noticias\/wp-content\/uploads\/2017\/10\/RADAR_JPG.jpg","@id":"https:\/\/candas365.es\/noticias\/radar-regresa-al-teatro-filarmonica\/#mainImage","width":800,"height":531},"primaryImageOfPage":{"@id":"https:\/\/candas365.es\/noticias\/radar-regresa-al-teatro-filarmonica\/#mainImage"},"datePublished":"2017-10-01T20:52:05+02:00","dateModified":"2017-10-01T20:52:05+02:00"},{"@type":"WebSite","@id":"https:\/\/candas365.es\/noticias\/#website","url":"https:\/\/candas365.es\/noticias\/","name":"Cand\u00e1s 365","alternateName":"Cand\u00e1s 365 Noticias","description":"Actualidad desde Carre\u00f1o para el mundo","inLanguage":"es-ES","publisher":{"@id":"https:\/\/candas365.es\/noticias\/#organization"}}]},"og:locale":"es_ES","og:site_name":"Cand\u00e1s 365","og:type":"article","og:title":"RADAR regresa al Teatro Filarm\u00f3nica | Cand\u00e1s 365","og:description":"La programaci\u00f3n cinematogr\u00e1fica de la Fundaci\u00f3n Municipal de Cultura contin\u00faa el pr\u00f3ximo trimestre con RADAR, un ciclo que enfoca las \u00faltimas propuestas del cine m\u00e1s selecto. De octubre a diciembre, el Teatro Filarm\u00f3nica mostrar\u00e1 22 producciones de pa\u00edses tan distintos como Espa\u00f1a, Corea del Sur, L\u00edbano o EE.UU., que estar\u00e1 presente a trav\u00e9s de dos","og:url":"https:\/\/candas365.es\/noticias\/radar-regresa-al-teatro-filarmonica\/","og:image":"https:\/\/candas365.es\/noticias\/wp-content\/uploads\/2017\/10\/RADAR_JPG.jpg","og:image:secure_url":"https:\/\/candas365.es\/noticias\/wp-content\/uploads\/2017\/10\/RADAR_JPG.jpg","og:image:width":800,"og:image:height":531,"article:published_time":"2017-10-01T20:52:05+00:00","article:modified_time":"2017-10-01T20:52:05+00:00","article:publisher":"https:\/\/www.facebook.com\/Nachofdezber","article:author":"https:\/\/www.facebook.com\/carrenoactualidad","twitter:card":"summary_large_image","twitter:site":"@NabercoDigital","twitter:title":"RADAR regresa al Teatro Filarm\u00f3nica | Cand\u00e1s 365","twitter:description":"La programaci\u00f3n cinematogr\u00e1fica de la Fundaci\u00f3n Municipal de Cultura contin\u00faa el pr\u00f3ximo trimestre con RADAR, un ciclo que enfoca las \u00faltimas propuestas del cine m\u00e1s selecto. De octubre a diciembre, el Teatro Filarm\u00f3nica mostrar\u00e1 22 producciones de pa\u00edses tan distintos como Espa\u00f1a, Corea del Sur, L\u00edbano o EE.UU., que estar\u00e1 presente a trav\u00e9s de dos","twitter:creator":"@nbasturias","twitter:image":"https:\/\/candas365.es\/noticias\/wp-content\/uploads\/2017\/10\/RADAR_JPG.jpg","twitter:label1":"Escrito por","twitter:data1":"Cand\u00e1s 365","twitter:label2":"Tiempo de lectura estimado","twitter:data2":"3 minutos"},"aioseo_meta_data":{"post_id":"81208","title":null,"description":null,"keywords":null,"keyphrases":null,"primary_term":null,"canonical_url":null,"og_title":null,"og_description":null,"og_object_type":"default","og_image_type":"default","og_image_url":null,"og_image_width":null,"og_image_height":null,"og_image_custom_url":null,"og_image_custom_fields":null,"og_video":null,"og_custom_url":null,"og_article_section":null,"og_article_tags":null,"twitter_use_og":false,"twitter_card":"default","twitter_image_type":"default","twitter_image_url":null,"twitter_image_custom_url":null,"twitter_image_custom_fields":null,"twitter_title":null,"twitter_description":null,"schema":{"blockGraphs":[],"customGraphs":[],"default":{"data":{"Article":[],"Course":[],"Dataset":[],"FAQPage":[],"Movie":[],"Person":[],"Product":[],"ProductReview":[],"Car":[],"Recipe":[],"Service":[],"SoftwareApplication":[],"WebPage":[]},"graphName":"","isEnabled":true},"graphs":[],"defaultGraph":"","defaultPostTypeGraph":""},"schema_type":null,"schema_type_options":null,"pillar_content":false,"robots_default":true,"robots_noindex":false,"robots_noarchive":false,"robots_nosnippet":false,"robots_nofollow":false,"robots_noimageindex":false,"robots_noodp":false,"robots_notranslate":false,"robots_max_snippet":null,"robots_max_videopreview":null,"robots_max_imagepreview":"large","priority":null,"frequency":null,"location":null,"local_seo":null,"seo_analyzer_scan_date":"2025-08-26 01:34:12","breadcrumb_settings":null,"limit_modified_date":false,"reviewed_by":null,"open_ai":null,"ai":null,"created":"2020-12-21 12:42:55","updated":"2025-08-26 01:34:12"},"aioseo_breadcrumb":"<div class=\"aioseo-breadcrumbs\"><span class=\"aioseo-breadcrumb\">\n\t<a href=\"https:\/\/candas365.es\/noticias\" title=\"Home\">Home<\/a>\n<\/span><span class=\"aioseo-breadcrumb-separator\">&ndash;<\/span><span class=\"aioseo-breadcrumb\">\n\t<a href=\"https:\/\/candas365.es\/noticias\/category\/agenda\/\" title=\"Agenda\">Agenda<\/a>\n<\/span><span class=\"aioseo-breadcrumb-separator\">&ndash;<\/span><span class=\"aioseo-breadcrumb\">\n\tRADAR regresa al Teatro Filarm\u00f3nica\n<\/span><\/div>","aioseo_breadcrumb_json":[{"label":"Home","link":"https:\/\/candas365.es\/noticias"},{"label":"Agenda","link":"https:\/\/candas365.es\/noticias\/category\/agenda\/"},{"label":"RADAR regresa al Teatro Filarm\u00f3nica","link":"https:\/\/candas365.es\/noticias\/radar-regresa-al-teatro-filarmonica\/"}],"_links":{"self":[{"href":"https:\/\/candas365.es\/noticias\/wp-json\/wp\/v2\/posts\/81208","targetHints":{"allow":["GET"]}}],"collection":[{"href":"https:\/\/candas365.es\/noticias\/wp-json\/wp\/v2\/posts"}],"about":[{"href":"https:\/\/candas365.es\/noticias\/wp-json\/wp\/v2\/types\/post"}],"author":[{"embeddable":true,"href":"https:\/\/candas365.es\/noticias\/wp-json\/wp\/v2\/users\/1"}],"replies":[{"embeddable":true,"href":"https:\/\/candas365.es\/noticias\/wp-json\/wp\/v2\/comments?post=81208"}],"version-history":[{"count":0,"href":"https:\/\/candas365.es\/noticias\/wp-json\/wp\/v2\/posts\/81208\/revisions"}],"wp:featuredmedia":[{"embeddable":true,"href":"https:\/\/candas365.es\/noticias\/wp-json\/wp\/v2\/media\/81209"}],"wp:attachment":[{"href":"https:\/\/candas365.es\/noticias\/wp-json\/wp\/v2\/media?parent=81208"}],"wp:term":[{"taxonomy":"category","embeddable":true,"href":"https:\/\/candas365.es\/noticias\/wp-json\/wp\/v2\/categories?post=81208"},{"taxonomy":"post_tag","embeddable":true,"href":"https:\/\/candas365.es\/noticias\/wp-json\/wp\/v2\/tags?post=81208"}],"curies":[{"name":"wp","href":"https:\/\/api.w.org\/{rel}","templated":true}]}}