{"id":80919,"date":"2017-09-28T21:13:13","date_gmt":"2017-09-28T21:13:13","guid":{"rendered":"http:\/\/candas365.es\/noticias\/?p=80919"},"modified":"2017-09-28T21:13:13","modified_gmt":"2017-09-28T21:13:13","slug":"la-noche-blanca-2017-de-gijon","status":"publish","type":"post","link":"https:\/\/candas365.es\/noticias\/la-noche-blanca-2017-de-gijon\/","title":{"rendered":"La Noche Blanca 2017 de Gij\u00f3n"},"content":{"rendered":"<p><img fetchpriority=\"high\" decoding=\"async\" class=\"alignleft size-medium wp-image-80920\" src=\"https:\/\/candas365.es\/noticias\/wp-content\/uploads\/2017\/09\/598507_960_720-360x210.jpg\" alt=\"\" width=\"360\" height=\"210\" srcset=\"https:\/\/candas365.es\/noticias\/wp-content\/uploads\/2017\/09\/598507_960_720-360x210.jpg 360w, https:\/\/candas365.es\/noticias\/wp-content\/uploads\/2017\/09\/598507_960_720-768x449.jpg 768w, https:\/\/candas365.es\/noticias\/wp-content\/uploads\/2017\/09\/598507_960_720-655x383.jpg 655w, https:\/\/candas365.es\/noticias\/wp-content\/uploads\/2017\/09\/598507_960_720-696x407.jpg 696w, https:\/\/candas365.es\/noticias\/wp-content\/uploads\/2017\/09\/598507_960_720-719x420.jpg 719w, https:\/\/candas365.es\/noticias\/wp-content\/uploads\/2017\/09\/598507_960_720-172x100.jpg 172w, https:\/\/candas365.es\/noticias\/wp-content\/uploads\/2017\/09\/598507_960_720.jpg 960w\" sizes=\"(max-width: 360px) 100vw, 360px\" \/>Ma\u00f1ana, viernes 29 de septiembre, Gij\u00f3n\/Xix\u00f3n vive La Noche Blanca con un variado programa de actividades en el que tienen cabida exposiciones, m\u00fasica en directo, instalaciones audiovisuales, performances, fotograf\u00eda, talleres o magia de los que se podr\u00e1n disfrutar en las galer\u00edas de otras instituciones participantes.<\/p>\n<p>En lo que se refiere a los centros de la FMCE y UP participan en esta edici\u00f3n tres espacios, la Sala 1 del Centro de Cultura Antiguo Instituto, el Museo Casa Natal de Jovellanos y el Museo de las Termas de Campo Vald\u00e9s, en los que tendr\u00e1n cabida con tres propuestas distintas:<\/p>\n<p>\u00b7 La Sala 1 del CCAI acoger\u00e1 la exposici\u00f3n \u201cEureka\u201d del artista Pablo Armesto. Un homenaje a la obra de Edgar Alan Poe que cuestiona las teor\u00edas conocidas acerca del origen y destino del universo. Recreando de una manera pl\u00e1stica el universo del poeta, Armesto, presenta aqu\u00ed una serie de obras en las que se conjugan diversas t\u00e9cnicas de grabado con elementos electroluminiscentes.<\/p>\n<p>\u00b7 Por su parte en el Museo Casa Natal de Jovellanos y las Termas Romanas de Campo Vald\u00e9s, en una arm\u00f3nica convivencia entre el espacio tradicional del museo y los lenguajes art\u00edsticos actuales, podr\u00e1n verse dos instalaciones, comisariadas por Natalia Alonso Arduengo:<\/p>\n<p>En el Museo de las Termas Romanas de Campo Vald\u00e9s, la artistas Cristina Ferr\u00e1ndez, con el t\u00edtulo conjunto \u201cGeolog\u00eda del tiempo y la deriva\u201d plantea tres instalaciones con las que en interacci\u00f3n con el yacimiento busca reafirmar la historia humana y las eras geol\u00f3gicas, su formaci\u00f3n y devenir, as\u00ed como poner en relevancia la vida de unas ruinas que recogen el c\u00f3digo gen\u00e9tico de la ciudad. A las 21.00h la comisaria de la exposici\u00f3n tendr\u00e1 un encuentro con el p\u00fablico para conocer en m\u00e1s profundidad la propuesta art\u00edstica.<\/p>\n<p>Mientras en el patio central del Museo Casa Natal de Jovellanos, bajo el t\u00edtulo \u201cCiudad Ef\u00edmera\u201d, el Colectivo DV compuesto por Diana Coanda y V\u00edctor Velasco Recio, nos presentar\u00e1 una urbe de ficci\u00f3n, asentada sobre escombros, en la que se juega con la dualidad conceptual buscando deliberar sobre la realidad de la actual ciudad postindustrial. En esta ocasi\u00f3n el encuentro entre el p\u00fablico y la comisaria, que permitir\u00e1 a los asistentes adentrase en las entra\u00f1as de la urbe, ser\u00e1 a las 23.00h.<\/p>\n<p>Las dos instalaciones permanecer\u00e1n abiertas tambi\u00e9n durante todo el fin de semana, si bien en el caso de las Termas Romanas de Campo Vald\u00e9s \u00fanicamente se mantendr\u00e1 una de las intervenciones.<\/p>\n<p>Por otra parte, aprovechado la noche, la exposici\u00f3n \u201cIlustraci\u00f3n y dise\u00f1o gr\u00e1fico en Asturias, 1879 \u2013 1937\u201d que puede verse en la Sala 2 del Centro Cultural Antiguo Instituto, ofrece una visita comentada abierta al p\u00fablico a las 19.00h y tendr\u00e1 un horario especial de apertura hasta las 01:00h.<\/p>\n<p>&nbsp;<\/p>\n","protected":false},"excerpt":{"rendered":"<p>Ma\u00f1ana, viernes 29 de septiembre, Gij\u00f3n\/Xix\u00f3n vive La Noche Blanca con un variado programa de actividades en el que tienen cabida exposiciones, m\u00fasica en directo, instalaciones audiovisuales, performances, fotograf\u00eda, talleres o magia de los que se podr\u00e1n disfrutar en las galer\u00edas de otras instituciones participantes. En lo que se refiere a los centros de la<\/p>\n","protected":false},"author":1,"featured_media":80920,"comment_status":"closed","ping_status":"closed","sticky":false,"template":"","format":"standard","meta":{"footnotes":""},"categories":[1],"tags":[],"class_list":{"0":"post-80919","1":"post","2":"type-post","3":"status-publish","4":"format-standard","5":"has-post-thumbnail","7":"category-agenda"},"aioseo_notices":[],"aioseo_head":"\n\t\t<!-- All in One SEO Pro 4.9.6.2 - aioseo.com -->\n\t<meta name=\"description\" content=\"Ma\u00f1ana, viernes 29 de septiembre, Gij\u00f3n\/Xix\u00f3n vive La Noche Blanca con un variado programa de actividades en el que tienen cabida exposiciones, m\u00fasica en directo, instalaciones audiovisuales, performances, fotograf\u00eda, talleres o magia de los que se podr\u00e1n disfrutar en las galer\u00edas de otras instituciones participantes. En lo que se refiere a los centros de la\" \/>\n\t<meta name=\"robots\" content=\"max-image-preview:large\" \/>\n\t<meta name=\"author\" content=\"Cand\u00e1s 365\"\/>\n\t<meta name=\"google-site-verification\" content=\"UA-32230408-1\" \/>\n\t<meta name=\"msvalidate.01\" content=\"354F3CDFB2DA171B47FBE9ABF1F88D5\" \/>\n\t<meta name=\"keywords\" content=\"agenda\" \/>\n\t<link rel=\"canonical\" href=\"https:\/\/candas365.es\/noticias\/la-noche-blanca-2017-de-gijon\/\" \/>\n\t<meta name=\"generator\" content=\"All in One SEO Pro (AIOSEO) 4.9.6.2\" \/>\n\t\t<meta property=\"og:locale\" content=\"es_ES\" \/>\n\t\t<meta property=\"og:site_name\" content=\"Cand\u00e1s 365\" \/>\n\t\t<meta property=\"og:type\" content=\"article\" \/>\n\t\t<meta property=\"og:title\" content=\"La Noche Blanca 2017 de Gij\u00f3n | Cand\u00e1s 365\" \/>\n\t\t<meta property=\"og:description\" content=\"Ma\u00f1ana, viernes 29 de septiembre, Gij\u00f3n\/Xix\u00f3n vive La Noche Blanca con un variado programa de actividades en el que tienen cabida exposiciones, m\u00fasica en directo, instalaciones audiovisuales, performances, fotograf\u00eda, talleres o magia de los que se podr\u00e1n disfrutar en las galer\u00edas de otras instituciones participantes. En lo que se refiere a los centros de la\" \/>\n\t\t<meta property=\"og:url\" content=\"https:\/\/candas365.es\/noticias\/la-noche-blanca-2017-de-gijon\/\" \/>\n\t\t<meta property=\"og:image\" content=\"https:\/\/candas365.es\/noticias\/wp-content\/uploads\/2017\/09\/598507_960_720.jpg\" \/>\n\t\t<meta property=\"og:image:secure_url\" content=\"https:\/\/candas365.es\/noticias\/wp-content\/uploads\/2017\/09\/598507_960_720.jpg\" \/>\n\t\t<meta property=\"og:image:width\" content=\"960\" \/>\n\t\t<meta property=\"og:image:height\" content=\"561\" \/>\n\t\t<meta property=\"article:published_time\" content=\"2017-09-28T21:13:13+00:00\" \/>\n\t\t<meta property=\"article:modified_time\" content=\"2017-09-28T21:13:13+00:00\" \/>\n\t\t<meta property=\"article:publisher\" content=\"https:\/\/www.facebook.com\/Nachofdezber\" \/>\n\t\t<meta property=\"article:author\" content=\"https:\/\/www.facebook.com\/carrenoactualidad\" \/>\n\t\t<meta name=\"twitter:card\" content=\"summary_large_image\" \/>\n\t\t<meta name=\"twitter:site\" content=\"@NabercoDigital\" \/>\n\t\t<meta name=\"twitter:title\" content=\"La Noche Blanca 2017 de Gij\u00f3n | Cand\u00e1s 365\" \/>\n\t\t<meta name=\"twitter:description\" content=\"Ma\u00f1ana, viernes 29 de septiembre, Gij\u00f3n\/Xix\u00f3n vive La Noche Blanca con un variado programa de actividades en el que tienen cabida exposiciones, m\u00fasica en directo, instalaciones audiovisuales, performances, fotograf\u00eda, talleres o magia de los que se podr\u00e1n disfrutar en las galer\u00edas de otras instituciones participantes. En lo que se refiere a los centros de la\" \/>\n\t\t<meta name=\"twitter:creator\" content=\"@nbasturias\" \/>\n\t\t<meta name=\"twitter:image\" content=\"https:\/\/candas365.es\/noticias\/wp-content\/uploads\/2017\/09\/598507_960_720.jpg\" \/>\n\t\t<meta name=\"twitter:label1\" content=\"Escrito por\" \/>\n\t\t<meta name=\"twitter:data1\" content=\"Cand\u00e1s 365\" \/>\n\t\t<meta name=\"twitter:label2\" content=\"Tiempo de lectura estimado\" \/>\n\t\t<meta name=\"twitter:data2\" content=\"2 minutos\" \/>\n\t\t<script type=\"application\/ld+json\" class=\"aioseo-schema\">\n\t\t\t{\"@context\":\"https:\\\/\\\/schema.org\",\"@graph\":[{\"@type\":\"BreadcrumbList\",\"@id\":\"https:\\\/\\\/candas365.es\\\/noticias\\\/la-noche-blanca-2017-de-gijon\\\/#breadcrumblist\",\"itemListElement\":[{\"@type\":\"ListItem\",\"@id\":\"https:\\\/\\\/candas365.es\\\/noticias#listItem\",\"position\":1,\"name\":\"Home\",\"item\":\"https:\\\/\\\/candas365.es\\\/noticias\",\"nextItem\":{\"@type\":\"ListItem\",\"@id\":\"https:\\\/\\\/candas365.es\\\/noticias\\\/category\\\/agenda\\\/#listItem\",\"name\":\"Agenda\"}},{\"@type\":\"ListItem\",\"@id\":\"https:\\\/\\\/candas365.es\\\/noticias\\\/category\\\/agenda\\\/#listItem\",\"position\":2,\"name\":\"Agenda\",\"item\":\"https:\\\/\\\/candas365.es\\\/noticias\\\/category\\\/agenda\\\/\",\"nextItem\":{\"@type\":\"ListItem\",\"@id\":\"https:\\\/\\\/candas365.es\\\/noticias\\\/la-noche-blanca-2017-de-gijon\\\/#listItem\",\"name\":\"La Noche Blanca 2017 de Gij\\u00f3n\"},\"previousItem\":{\"@type\":\"ListItem\",\"@id\":\"https:\\\/\\\/candas365.es\\\/noticias#listItem\",\"name\":\"Home\"}},{\"@type\":\"ListItem\",\"@id\":\"https:\\\/\\\/candas365.es\\\/noticias\\\/la-noche-blanca-2017-de-gijon\\\/#listItem\",\"position\":3,\"name\":\"La Noche Blanca 2017 de Gij\\u00f3n\",\"previousItem\":{\"@type\":\"ListItem\",\"@id\":\"https:\\\/\\\/candas365.es\\\/noticias\\\/category\\\/agenda\\\/#listItem\",\"name\":\"Agenda\"}}]},{\"@type\":\"NewsArticle\",\"@id\":\"https:\\\/\\\/candas365.es\\\/noticias\\\/la-noche-blanca-2017-de-gijon\\\/#newsarticle\",\"name\":\"La Noche Blanca 2017 de Gij\\u00f3n | Cand\\u00e1s 365\",\"headline\":\"La Noche Blanca 2017 de Gij\\u00f3n\",\"author\":{\"@id\":\"https:\\\/\\\/candas365.es\\\/noticias\\\/author\\\/admin\\\/#author\"},\"publisher\":{\"@id\":\"https:\\\/\\\/candas365.es\\\/noticias\\\/#organization\"},\"image\":{\"@type\":\"ImageObject\",\"url\":\"https:\\\/\\\/candas365.es\\\/noticias\\\/wp-content\\\/uploads\\\/2017\\\/09\\\/598507_960_720.jpg\",\"width\":960,\"height\":561},\"datePublished\":\"2017-09-28T21:13:13+02:00\",\"dateModified\":\"2017-09-28T21:13:13+02:00\",\"inLanguage\":\"es-ES\",\"mainEntityOfPage\":{\"@id\":\"https:\\\/\\\/candas365.es\\\/noticias\\\/la-noche-blanca-2017-de-gijon\\\/#webpage\"},\"isPartOf\":{\"@id\":\"https:\\\/\\\/candas365.es\\\/noticias\\\/la-noche-blanca-2017-de-gijon\\\/#webpage\"},\"articleSection\":\"Agenda\",\"dateline\":\"Publicado el septiembre 28, 2017.\"},{\"@type\":\"Organization\",\"@id\":\"https:\\\/\\\/candas365.es\\\/noticias\\\/#organization\",\"name\":\"Cand\\u00e1s 365\",\"description\":\"Cand\\u00e1s 365 es un diario digital independiente, fundado en 2012, con base en Asturias. Informamos con rigor sobre actualidad, sociedad, cultura y ocio, con una mirada local y global.\",\"url\":\"https:\\\/\\\/candas365.es\\\/noticias\\\/\",\"email\":\"info@candas365.es\",\"telephone\":\"+34652131393\",\"foundingDate\":\"2012-06-10\",\"logo\":{\"@type\":\"ImageObject\",\"url\":\"https:\\\/\\\/candas365.es\\\/noticias\\\/wp-content\\\/uploads\\\/2024\\\/09\\\/Candas-365-Redes.jpg\",\"@id\":\"https:\\\/\\\/candas365.es\\\/noticias\\\/la-noche-blanca-2017-de-gijon\\\/#organizationLogo\",\"width\":1152,\"height\":864,\"caption\":\"Cand\\u00e1s 365 Redes\"},\"image\":{\"@id\":\"https:\\\/\\\/candas365.es\\\/noticias\\\/la-noche-blanca-2017-de-gijon\\\/#organizationLogo\"},\"sameAs\":[\"https:\\\/\\\/www.facebook.com\\\/Nachofdezber\",\"https:\\\/\\\/x.com\\\/NabercoDigital\",\"https:\\\/\\\/www.instagram.com\\\/nachofdezber\\\/\",\"https:\\\/\\\/www.youtube.com\\\/channel\\\/UCZP-2wLEB9Rv6erhFmqVnvg\"],\"address\":{\"@id\":\"https:\\\/\\\/candas365.es\\\/noticias\\\/#postaladdress\",\"@type\":\"PostalAddress\",\"streetAddress\":\"san antonio 4, san antonio 4\",\"postalCode\":\"33430\",\"addressLocality\":\"Cand\\u00e1s\",\"addressRegion\":\"Asturias\",\"addressCountry\":\"ES\"}},{\"@type\":\"Person\",\"@id\":\"https:\\\/\\\/candas365.es\\\/noticias\\\/author\\\/admin\\\/#author\",\"url\":\"https:\\\/\\\/candas365.es\\\/noticias\\\/author\\\/admin\\\/\",\"name\":\"Cand\\u00e1s 365\",\"image\":{\"@type\":\"ImageObject\",\"@id\":\"https:\\\/\\\/candas365.es\\\/noticias\\\/la-noche-blanca-2017-de-gijon\\\/#authorImage\",\"url\":\"https:\\\/\\\/secure.gravatar.com\\\/avatar\\\/496a8e03d0c493ede1718b7934145dbdf8d89be1036b0eec9544e1094c9de390?s=96&d=mm&r=g\",\"width\":96,\"height\":96,\"caption\":\"Cand\\u00e1s 365\"},\"sameAs\":[\"https:\\\/\\\/www.facebook.com\\\/carrenoactualidad\",\"https:\\\/\\\/twitter.com\\\/nbasturias\",\"https:\\\/\\\/www.instagram.com\\\/nachofdezber\\\/\",\"https:\\\/\\\/www.youtube.com\\\/channel\\\/UCZP-2wLEB9Rv6erhFmqVnvg\"]},{\"@type\":\"WebPage\",\"@id\":\"https:\\\/\\\/candas365.es\\\/noticias\\\/la-noche-blanca-2017-de-gijon\\\/#webpage\",\"url\":\"https:\\\/\\\/candas365.es\\\/noticias\\\/la-noche-blanca-2017-de-gijon\\\/\",\"name\":\"La Noche Blanca 2017 de Gij\\u00f3n | Cand\\u00e1s 365\",\"description\":\"Ma\\u00f1ana, viernes 29 de septiembre, Gij\\u00f3n\\\/Xix\\u00f3n vive La Noche Blanca con un variado programa de actividades en el que tienen cabida exposiciones, m\\u00fasica en directo, instalaciones audiovisuales, performances, fotograf\\u00eda, talleres o magia de los que se podr\\u00e1n disfrutar en las galer\\u00edas de otras instituciones participantes. En lo que se refiere a los centros de la\",\"inLanguage\":\"es-ES\",\"isPartOf\":{\"@id\":\"https:\\\/\\\/candas365.es\\\/noticias\\\/#website\"},\"breadcrumb\":{\"@id\":\"https:\\\/\\\/candas365.es\\\/noticias\\\/la-noche-blanca-2017-de-gijon\\\/#breadcrumblist\"},\"author\":{\"@id\":\"https:\\\/\\\/candas365.es\\\/noticias\\\/author\\\/admin\\\/#author\"},\"creator\":{\"@id\":\"https:\\\/\\\/candas365.es\\\/noticias\\\/author\\\/admin\\\/#author\"},\"image\":{\"@type\":\"ImageObject\",\"url\":\"https:\\\/\\\/candas365.es\\\/noticias\\\/wp-content\\\/uploads\\\/2017\\\/09\\\/598507_960_720.jpg\",\"@id\":\"https:\\\/\\\/candas365.es\\\/noticias\\\/la-noche-blanca-2017-de-gijon\\\/#mainImage\",\"width\":960,\"height\":561},\"primaryImageOfPage\":{\"@id\":\"https:\\\/\\\/candas365.es\\\/noticias\\\/la-noche-blanca-2017-de-gijon\\\/#mainImage\"},\"datePublished\":\"2017-09-28T21:13:13+02:00\",\"dateModified\":\"2017-09-28T21:13:13+02:00\"},{\"@type\":\"WebSite\",\"@id\":\"https:\\\/\\\/candas365.es\\\/noticias\\\/#website\",\"url\":\"https:\\\/\\\/candas365.es\\\/noticias\\\/\",\"name\":\"Cand\\u00e1s 365\",\"alternateName\":\"Cand\\u00e1s 365 Noticias\",\"description\":\"Actualidad desde Carre\\u00f1o para el mundo\",\"inLanguage\":\"es-ES\",\"publisher\":{\"@id\":\"https:\\\/\\\/candas365.es\\\/noticias\\\/#organization\"}}]}\n\t\t<\/script>\n\t\t<!-- All in One SEO Pro -->\r\n\t\t<title>La Noche Blanca 2017 de Gij\u00f3n | Cand\u00e1s 365<\/title>\n\n","aioseo_head_json":{"title":"La Noche Blanca 2017 de Gij\u00f3n | Cand\u00e1s 365","description":"Ma\u00f1ana, viernes 29 de septiembre, Gij\u00f3n\/Xix\u00f3n vive La Noche Blanca con un variado programa de actividades en el que tienen cabida exposiciones, m\u00fasica en directo, instalaciones audiovisuales, performances, fotograf\u00eda, talleres o magia de los que se podr\u00e1n disfrutar en las galer\u00edas de otras instituciones participantes. En lo que se refiere a los centros de la","canonical_url":"https:\/\/candas365.es\/noticias\/la-noche-blanca-2017-de-gijon\/","robots":"max-image-preview:large","keywords":"agenda","webmasterTools":{"google-site-verification":"UA-32230408-1","msvalidate.01":"354F3CDFB2DA171B47FBE9ABF1F88D5","miscellaneous":""},"schema":{"@context":"https:\/\/schema.org","@graph":[{"@type":"BreadcrumbList","@id":"https:\/\/candas365.es\/noticias\/la-noche-blanca-2017-de-gijon\/#breadcrumblist","itemListElement":[{"@type":"ListItem","@id":"https:\/\/candas365.es\/noticias#listItem","position":1,"name":"Home","item":"https:\/\/candas365.es\/noticias","nextItem":{"@type":"ListItem","@id":"https:\/\/candas365.es\/noticias\/category\/agenda\/#listItem","name":"Agenda"}},{"@type":"ListItem","@id":"https:\/\/candas365.es\/noticias\/category\/agenda\/#listItem","position":2,"name":"Agenda","item":"https:\/\/candas365.es\/noticias\/category\/agenda\/","nextItem":{"@type":"ListItem","@id":"https:\/\/candas365.es\/noticias\/la-noche-blanca-2017-de-gijon\/#listItem","name":"La Noche Blanca 2017 de Gij\u00f3n"},"previousItem":{"@type":"ListItem","@id":"https:\/\/candas365.es\/noticias#listItem","name":"Home"}},{"@type":"ListItem","@id":"https:\/\/candas365.es\/noticias\/la-noche-blanca-2017-de-gijon\/#listItem","position":3,"name":"La Noche Blanca 2017 de Gij\u00f3n","previousItem":{"@type":"ListItem","@id":"https:\/\/candas365.es\/noticias\/category\/agenda\/#listItem","name":"Agenda"}}]},{"@type":"NewsArticle","@id":"https:\/\/candas365.es\/noticias\/la-noche-blanca-2017-de-gijon\/#newsarticle","name":"La Noche Blanca 2017 de Gij\u00f3n | Cand\u00e1s 365","headline":"La Noche Blanca 2017 de Gij\u00f3n","author":{"@id":"https:\/\/candas365.es\/noticias\/author\/admin\/#author"},"publisher":{"@id":"https:\/\/candas365.es\/noticias\/#organization"},"image":{"@type":"ImageObject","url":"https:\/\/candas365.es\/noticias\/wp-content\/uploads\/2017\/09\/598507_960_720.jpg","width":960,"height":561},"datePublished":"2017-09-28T21:13:13+02:00","dateModified":"2017-09-28T21:13:13+02:00","inLanguage":"es-ES","mainEntityOfPage":{"@id":"https:\/\/candas365.es\/noticias\/la-noche-blanca-2017-de-gijon\/#webpage"},"isPartOf":{"@id":"https:\/\/candas365.es\/noticias\/la-noche-blanca-2017-de-gijon\/#webpage"},"articleSection":"Agenda","dateline":"Publicado el septiembre 28, 2017."},{"@type":"Organization","@id":"https:\/\/candas365.es\/noticias\/#organization","name":"Cand\u00e1s 365","description":"Cand\u00e1s 365 es un diario digital independiente, fundado en 2012, con base en Asturias. Informamos con rigor sobre actualidad, sociedad, cultura y ocio, con una mirada local y global.","url":"https:\/\/candas365.es\/noticias\/","email":"info@candas365.es","telephone":"+34652131393","foundingDate":"2012-06-10","logo":{"@type":"ImageObject","url":"https:\/\/candas365.es\/noticias\/wp-content\/uploads\/2024\/09\/Candas-365-Redes.jpg","@id":"https:\/\/candas365.es\/noticias\/la-noche-blanca-2017-de-gijon\/#organizationLogo","width":1152,"height":864,"caption":"Cand\u00e1s 365 Redes"},"image":{"@id":"https:\/\/candas365.es\/noticias\/la-noche-blanca-2017-de-gijon\/#organizationLogo"},"sameAs":["https:\/\/www.facebook.com\/Nachofdezber","https:\/\/x.com\/NabercoDigital","https:\/\/www.instagram.com\/nachofdezber\/","https:\/\/www.youtube.com\/channel\/UCZP-2wLEB9Rv6erhFmqVnvg"],"address":{"@id":"https:\/\/candas365.es\/noticias\/#postaladdress","@type":"PostalAddress","streetAddress":"san antonio 4, san antonio 4","postalCode":"33430","addressLocality":"Cand\u00e1s","addressRegion":"Asturias","addressCountry":"ES"}},{"@type":"Person","@id":"https:\/\/candas365.es\/noticias\/author\/admin\/#author","url":"https:\/\/candas365.es\/noticias\/author\/admin\/","name":"Cand\u00e1s 365","image":{"@type":"ImageObject","@id":"https:\/\/candas365.es\/noticias\/la-noche-blanca-2017-de-gijon\/#authorImage","url":"https:\/\/secure.gravatar.com\/avatar\/496a8e03d0c493ede1718b7934145dbdf8d89be1036b0eec9544e1094c9de390?s=96&d=mm&r=g","width":96,"height":96,"caption":"Cand\u00e1s 365"},"sameAs":["https:\/\/www.facebook.com\/carrenoactualidad","https:\/\/twitter.com\/nbasturias","https:\/\/www.instagram.com\/nachofdezber\/","https:\/\/www.youtube.com\/channel\/UCZP-2wLEB9Rv6erhFmqVnvg"]},{"@type":"WebPage","@id":"https:\/\/candas365.es\/noticias\/la-noche-blanca-2017-de-gijon\/#webpage","url":"https:\/\/candas365.es\/noticias\/la-noche-blanca-2017-de-gijon\/","name":"La Noche Blanca 2017 de Gij\u00f3n | Cand\u00e1s 365","description":"Ma\u00f1ana, viernes 29 de septiembre, Gij\u00f3n\/Xix\u00f3n vive La Noche Blanca con un variado programa de actividades en el que tienen cabida exposiciones, m\u00fasica en directo, instalaciones audiovisuales, performances, fotograf\u00eda, talleres o magia de los que se podr\u00e1n disfrutar en las galer\u00edas de otras instituciones participantes. En lo que se refiere a los centros de la","inLanguage":"es-ES","isPartOf":{"@id":"https:\/\/candas365.es\/noticias\/#website"},"breadcrumb":{"@id":"https:\/\/candas365.es\/noticias\/la-noche-blanca-2017-de-gijon\/#breadcrumblist"},"author":{"@id":"https:\/\/candas365.es\/noticias\/author\/admin\/#author"},"creator":{"@id":"https:\/\/candas365.es\/noticias\/author\/admin\/#author"},"image":{"@type":"ImageObject","url":"https:\/\/candas365.es\/noticias\/wp-content\/uploads\/2017\/09\/598507_960_720.jpg","@id":"https:\/\/candas365.es\/noticias\/la-noche-blanca-2017-de-gijon\/#mainImage","width":960,"height":561},"primaryImageOfPage":{"@id":"https:\/\/candas365.es\/noticias\/la-noche-blanca-2017-de-gijon\/#mainImage"},"datePublished":"2017-09-28T21:13:13+02:00","dateModified":"2017-09-28T21:13:13+02:00"},{"@type":"WebSite","@id":"https:\/\/candas365.es\/noticias\/#website","url":"https:\/\/candas365.es\/noticias\/","name":"Cand\u00e1s 365","alternateName":"Cand\u00e1s 365 Noticias","description":"Actualidad desde Carre\u00f1o para el mundo","inLanguage":"es-ES","publisher":{"@id":"https:\/\/candas365.es\/noticias\/#organization"}}]},"og:locale":"es_ES","og:site_name":"Cand\u00e1s 365","og:type":"article","og:title":"La Noche Blanca 2017 de Gij\u00f3n | Cand\u00e1s 365","og:description":"Ma\u00f1ana, viernes 29 de septiembre, Gij\u00f3n\/Xix\u00f3n vive La Noche Blanca con un variado programa de actividades en el que tienen cabida exposiciones, m\u00fasica en directo, instalaciones audiovisuales, performances, fotograf\u00eda, talleres o magia de los que se podr\u00e1n disfrutar en las galer\u00edas de otras instituciones participantes. En lo que se refiere a los centros de la","og:url":"https:\/\/candas365.es\/noticias\/la-noche-blanca-2017-de-gijon\/","og:image":"https:\/\/candas365.es\/noticias\/wp-content\/uploads\/2017\/09\/598507_960_720.jpg","og:image:secure_url":"https:\/\/candas365.es\/noticias\/wp-content\/uploads\/2017\/09\/598507_960_720.jpg","og:image:width":960,"og:image:height":561,"article:published_time":"2017-09-28T21:13:13+00:00","article:modified_time":"2017-09-28T21:13:13+00:00","article:publisher":"https:\/\/www.facebook.com\/Nachofdezber","article:author":"https:\/\/www.facebook.com\/carrenoactualidad","twitter:card":"summary_large_image","twitter:site":"@NabercoDigital","twitter:title":"La Noche Blanca 2017 de Gij\u00f3n | Cand\u00e1s 365","twitter:description":"Ma\u00f1ana, viernes 29 de septiembre, Gij\u00f3n\/Xix\u00f3n vive La Noche Blanca con un variado programa de actividades en el que tienen cabida exposiciones, m\u00fasica en directo, instalaciones audiovisuales, performances, fotograf\u00eda, talleres o magia de los que se podr\u00e1n disfrutar en las galer\u00edas de otras instituciones participantes. En lo que se refiere a los centros de la","twitter:creator":"@nbasturias","twitter:image":"https:\/\/candas365.es\/noticias\/wp-content\/uploads\/2017\/09\/598507_960_720.jpg","twitter:label1":"Escrito por","twitter:data1":"Cand\u00e1s 365","twitter:label2":"Tiempo de lectura estimado","twitter:data2":"2 minutos"},"aioseo_meta_data":{"post_id":"80919","title":null,"description":null,"keywords":null,"keyphrases":null,"primary_term":null,"canonical_url":null,"og_title":null,"og_description":null,"og_object_type":"default","og_image_type":"default","og_image_url":null,"og_image_width":null,"og_image_height":null,"og_image_custom_url":null,"og_image_custom_fields":null,"og_video":null,"og_custom_url":null,"og_article_section":null,"og_article_tags":null,"twitter_use_og":false,"twitter_card":"default","twitter_image_type":"default","twitter_image_url":null,"twitter_image_custom_url":null,"twitter_image_custom_fields":null,"twitter_title":null,"twitter_description":null,"schema":{"blockGraphs":[],"customGraphs":[],"default":{"data":{"Article":[],"Course":[],"Dataset":[],"FAQPage":[],"Movie":[],"Person":[],"Product":[],"ProductReview":[],"Car":[],"Recipe":[],"Service":[],"SoftwareApplication":[],"WebPage":[]},"graphName":"","isEnabled":true},"graphs":[],"defaultGraph":"","defaultPostTypeGraph":""},"schema_type":null,"schema_type_options":null,"pillar_content":false,"robots_default":true,"robots_noindex":false,"robots_noarchive":false,"robots_nosnippet":false,"robots_nofollow":false,"robots_noimageindex":false,"robots_noodp":false,"robots_notranslate":false,"robots_max_snippet":null,"robots_max_videopreview":null,"robots_max_imagepreview":"large","priority":null,"frequency":null,"location":null,"local_seo":null,"seo_analyzer_scan_date":"2025-08-26 01:07:24","breadcrumb_settings":null,"limit_modified_date":false,"reviewed_by":null,"open_ai":null,"ai":null,"created":"2020-12-21 12:44:55","updated":"2025-08-26 01:07:24"},"aioseo_breadcrumb":"<div class=\"aioseo-breadcrumbs\"><span class=\"aioseo-breadcrumb\">\n\t<a href=\"https:\/\/candas365.es\/noticias\" title=\"Home\">Home<\/a>\n<\/span><span class=\"aioseo-breadcrumb-separator\">&ndash;<\/span><span class=\"aioseo-breadcrumb\">\n\t<a href=\"https:\/\/candas365.es\/noticias\/category\/agenda\/\" title=\"Agenda\">Agenda<\/a>\n<\/span><span class=\"aioseo-breadcrumb-separator\">&ndash;<\/span><span class=\"aioseo-breadcrumb\">\n\tLa Noche Blanca 2017 de Gij\u00f3n\n<\/span><\/div>","aioseo_breadcrumb_json":[{"label":"Home","link":"https:\/\/candas365.es\/noticias"},{"label":"Agenda","link":"https:\/\/candas365.es\/noticias\/category\/agenda\/"},{"label":"La Noche Blanca 2017 de Gij\u00f3n","link":"https:\/\/candas365.es\/noticias\/la-noche-blanca-2017-de-gijon\/"}],"_links":{"self":[{"href":"https:\/\/candas365.es\/noticias\/wp-json\/wp\/v2\/posts\/80919","targetHints":{"allow":["GET"]}}],"collection":[{"href":"https:\/\/candas365.es\/noticias\/wp-json\/wp\/v2\/posts"}],"about":[{"href":"https:\/\/candas365.es\/noticias\/wp-json\/wp\/v2\/types\/post"}],"author":[{"embeddable":true,"href":"https:\/\/candas365.es\/noticias\/wp-json\/wp\/v2\/users\/1"}],"replies":[{"embeddable":true,"href":"https:\/\/candas365.es\/noticias\/wp-json\/wp\/v2\/comments?post=80919"}],"version-history":[{"count":0,"href":"https:\/\/candas365.es\/noticias\/wp-json\/wp\/v2\/posts\/80919\/revisions"}],"wp:featuredmedia":[{"embeddable":true,"href":"https:\/\/candas365.es\/noticias\/wp-json\/wp\/v2\/media\/80920"}],"wp:attachment":[{"href":"https:\/\/candas365.es\/noticias\/wp-json\/wp\/v2\/media?parent=80919"}],"wp:term":[{"taxonomy":"category","embeddable":true,"href":"https:\/\/candas365.es\/noticias\/wp-json\/wp\/v2\/categories?post=80919"},{"taxonomy":"post_tag","embeddable":true,"href":"https:\/\/candas365.es\/noticias\/wp-json\/wp\/v2\/tags?post=80919"}],"curies":[{"name":"wp","href":"https:\/\/api.w.org\/{rel}","templated":true}]}}