{"id":80885,"date":"2017-09-28T16:10:48","date_gmt":"2017-09-28T16:10:48","guid":{"rendered":"http:\/\/candas365.es\/noticias\/?p=80885"},"modified":"2017-09-28T16:10:48","modified_gmt":"2017-09-28T16:10:48","slug":"el-humor-de-luis-piedrahita-en-laboral-ciudad-de-la-cultura","status":"publish","type":"post","link":"https:\/\/candas365.es\/noticias\/el-humor-de-luis-piedrahita-en-laboral-ciudad-de-la-cultura\/","title":{"rendered":"El humor de Luis Piedrahita en Laboral Ciudad de la Cultura"},"content":{"rendered":"<p><img fetchpriority=\"high\" decoding=\"async\" class=\"alignleft size-medium wp-image-4928\" src=\"https:\/\/candas365.es\/noticias\/wp-content\/uploads\/2014\/11\/Laboral-360x269.jpg\" alt=\"\" width=\"360\" height=\"269\" srcset=\"https:\/\/candas365.es\/noticias\/wp-content\/uploads\/2014\/11\/Laboral.jpg 360w, https:\/\/candas365.es\/noticias\/wp-content\/uploads\/2014\/11\/Laboral-150x112.jpg 150w, https:\/\/candas365.es\/noticias\/wp-content\/uploads\/2014\/11\/Laboral-80x60.jpg 80w, https:\/\/candas365.es\/noticias\/wp-content\/uploads\/2014\/11\/Laboral-265x198.jpg 265w, https:\/\/candas365.es\/noticias\/wp-content\/uploads\/2014\/11\/Laboral-90x67.jpg 90w\" sizes=\"(max-width: 360px) 100vw, 360px\" \/>Luis Piedrahita y la compa\u00f1\u00eda Con Alevos\u00eda Teatro actuar\u00e1n este fin de semana en Laboral Ciudad de la Cultura.<\/p>\n<p>El viernes 29 y s\u00e1bado 30 de septiembre, a las 21:30 horas, Con Alevos\u00eda Teatro vuelve a representar en la Laboral Nan\u00e4 Misericordia, un espect\u00e1culo de terror en el que la l\u00ednea entre el espacio, el int\u00e9rprete y el espectador est\u00e1 en constante cambio. El p\u00fablico no es solo un simple asistente, sino que es c\u00f3mplice de la acci\u00f3n y, en ocasiones, protagonista, ya que los actores necesitan implicar a los miembros del p\u00fablico en la escena para el desarrollo de la misma.<\/p>\n<p>Luis Piedrahita llega el s\u00e1bado 30 de septiembre, a las 20:30 horas, al Teatro de la Laboral con Las am\u00edgdalas de mis am\u00edgdalas son mis am\u00edgdalas, un mon\u00f3logo en el que pretende demostrar que el humor es un arma de construcci\u00f3n masiva.<\/p>\n<p>Pensado para \u201cgente exigente, aseada y con sentido del humor\u201d, en este show el polifac\u00e9tico artista reflexiona sobre las esponjas de ba\u00f1o, las neveras, los ascensores o los hoteles, encontrando un paralelismo inevitable entre estos temas y el alma humana.<\/p>\n<p>Las localidades para Nan\u00e4 Misericordia tienen un precio general de 16 euros y reducido de 14 euros para socios del Club Cultura Asturias y Pasaporte Cultura hasta el d\u00eda antes de cada sesi\u00f3n. Para el mon\u00f3logo de Piedrahita las entradas tienen un precio para foso, patio de butacas y palcos de 19 euros en compra anticipada y 21 euros el mismo d\u00eda del espect\u00e1culo y para anfiteatro, de 15 euros en anticipada y 17 euros el mismo s\u00e1bado.<\/p>\n<p>Las localidades para ambos espect\u00e1culos est\u00e1n disponibles en la Recepci\u00f3n de la Laboral, en la Oficina de Informaci\u00f3n Tur\u00edstica de Asturias en Oviedo, en el Centro Niemeyer en Avil\u00e9s, en entradas.liberbank.es, 902 106 601 y red de cajeros Liberbank.<\/p>\n","protected":false},"excerpt":{"rendered":"<p>Luis Piedrahita y la compa\u00f1\u00eda Con Alevos\u00eda Teatro actuar\u00e1n este fin de semana en Laboral Ciudad de la Cultura. El viernes 29 y s\u00e1bado 30 de septiembre, a las 21:30 horas, Con Alevos\u00eda Teatro vuelve a representar en la Laboral Nan\u00e4 Misericordia, un espect\u00e1culo de terror en el que la l\u00ednea entre el espacio, el<\/p>\n","protected":false},"author":1,"featured_media":4928,"comment_status":"closed","ping_status":"closed","sticky":false,"template":"","format":"standard","meta":{"footnotes":""},"categories":[1],"tags":[],"class_list":{"0":"post-80885","1":"post","2":"type-post","3":"status-publish","4":"format-standard","5":"has-post-thumbnail","7":"category-agenda"},"aioseo_notices":[],"aioseo_head":"\n\t\t<!-- All in One SEO Pro 4.9.6.2 - aioseo.com -->\n\t<meta name=\"description\" content=\"Luis Piedrahita y la compa\u00f1\u00eda Con Alevos\u00eda Teatro actuar\u00e1n este fin de semana en Laboral Ciudad de la Cultura. El viernes 29 y s\u00e1bado 30 de septiembre, a las 21:30 horas, Con Alevos\u00eda Teatro vuelve a representar en la Laboral Nan\u00e4 Misericordia, un espect\u00e1culo de terror en el que la l\u00ednea entre el espacio, el\" \/>\n\t<meta name=\"robots\" content=\"max-image-preview:large\" \/>\n\t<meta name=\"author\" content=\"Cand\u00e1s 365\"\/>\n\t<meta name=\"google-site-verification\" content=\"UA-32230408-1\" \/>\n\t<meta name=\"msvalidate.01\" content=\"354F3CDFB2DA171B47FBE9ABF1F88D5\" \/>\n\t<meta name=\"keywords\" content=\"agenda\" \/>\n\t<link rel=\"canonical\" href=\"https:\/\/candas365.es\/noticias\/el-humor-de-luis-piedrahita-en-laboral-ciudad-de-la-cultura\/\" \/>\n\t<meta name=\"generator\" content=\"All in One SEO Pro (AIOSEO) 4.9.6.2\" \/>\n\t\t<meta property=\"og:locale\" content=\"es_ES\" \/>\n\t\t<meta property=\"og:site_name\" content=\"Cand\u00e1s 365\" \/>\n\t\t<meta property=\"og:type\" content=\"article\" \/>\n\t\t<meta property=\"og:title\" content=\"El humor de Luis Piedrahita en Laboral Ciudad de la Cultura | Cand\u00e1s 365\" \/>\n\t\t<meta property=\"og:description\" content=\"Luis Piedrahita y la compa\u00f1\u00eda Con Alevos\u00eda Teatro actuar\u00e1n este fin de semana en Laboral Ciudad de la Cultura. El viernes 29 y s\u00e1bado 30 de septiembre, a las 21:30 horas, Con Alevos\u00eda Teatro vuelve a representar en la Laboral Nan\u00e4 Misericordia, un espect\u00e1culo de terror en el que la l\u00ednea entre el espacio, el\" \/>\n\t\t<meta property=\"og:url\" content=\"https:\/\/candas365.es\/noticias\/el-humor-de-luis-piedrahita-en-laboral-ciudad-de-la-cultura\/\" \/>\n\t\t<meta property=\"og:image\" content=\"https:\/\/candas365.es\/noticias\/wp-content\/uploads\/2014\/11\/Laboral.jpg\" \/>\n\t\t<meta property=\"og:image:secure_url\" content=\"https:\/\/candas365.es\/noticias\/wp-content\/uploads\/2014\/11\/Laboral.jpg\" \/>\n\t\t<meta property=\"og:image:width\" content=\"360\" \/>\n\t\t<meta property=\"og:image:height\" content=\"269\" \/>\n\t\t<meta property=\"article:published_time\" content=\"2017-09-28T16:10:48+00:00\" \/>\n\t\t<meta property=\"article:modified_time\" content=\"2017-09-28T16:10:48+00:00\" \/>\n\t\t<meta property=\"article:publisher\" content=\"https:\/\/www.facebook.com\/Nachofdezber\" \/>\n\t\t<meta property=\"article:author\" content=\"https:\/\/www.facebook.com\/carrenoactualidad\" \/>\n\t\t<meta name=\"twitter:card\" content=\"summary_large_image\" \/>\n\t\t<meta name=\"twitter:site\" content=\"@NabercoDigital\" \/>\n\t\t<meta name=\"twitter:title\" content=\"El humor de Luis Piedrahita en Laboral Ciudad de la Cultura | Cand\u00e1s 365\" \/>\n\t\t<meta name=\"twitter:description\" content=\"Luis Piedrahita y la compa\u00f1\u00eda Con Alevos\u00eda Teatro actuar\u00e1n este fin de semana en Laboral Ciudad de la Cultura. El viernes 29 y s\u00e1bado 30 de septiembre, a las 21:30 horas, Con Alevos\u00eda Teatro vuelve a representar en la Laboral Nan\u00e4 Misericordia, un espect\u00e1culo de terror en el que la l\u00ednea entre el espacio, el\" \/>\n\t\t<meta name=\"twitter:creator\" content=\"@nbasturias\" \/>\n\t\t<meta name=\"twitter:image\" content=\"https:\/\/candas365.es\/noticias\/wp-content\/uploads\/2014\/11\/Laboral.jpg\" \/>\n\t\t<meta name=\"twitter:label1\" content=\"Escrito por\" \/>\n\t\t<meta name=\"twitter:data1\" content=\"Cand\u00e1s 365\" \/>\n\t\t<meta name=\"twitter:label2\" content=\"Tiempo de lectura estimado\" \/>\n\t\t<meta name=\"twitter:data2\" content=\"2 minutos\" \/>\n\t\t<script type=\"application\/ld+json\" class=\"aioseo-schema\">\n\t\t\t{\"@context\":\"https:\\\/\\\/schema.org\",\"@graph\":[{\"@type\":\"BreadcrumbList\",\"@id\":\"https:\\\/\\\/candas365.es\\\/noticias\\\/el-humor-de-luis-piedrahita-en-laboral-ciudad-de-la-cultura\\\/#breadcrumblist\",\"itemListElement\":[{\"@type\":\"ListItem\",\"@id\":\"https:\\\/\\\/candas365.es\\\/noticias#listItem\",\"position\":1,\"name\":\"Home\",\"item\":\"https:\\\/\\\/candas365.es\\\/noticias\",\"nextItem\":{\"@type\":\"ListItem\",\"@id\":\"https:\\\/\\\/candas365.es\\\/noticias\\\/category\\\/agenda\\\/#listItem\",\"name\":\"Agenda\"}},{\"@type\":\"ListItem\",\"@id\":\"https:\\\/\\\/candas365.es\\\/noticias\\\/category\\\/agenda\\\/#listItem\",\"position\":2,\"name\":\"Agenda\",\"item\":\"https:\\\/\\\/candas365.es\\\/noticias\\\/category\\\/agenda\\\/\",\"nextItem\":{\"@type\":\"ListItem\",\"@id\":\"https:\\\/\\\/candas365.es\\\/noticias\\\/el-humor-de-luis-piedrahita-en-laboral-ciudad-de-la-cultura\\\/#listItem\",\"name\":\"El humor de Luis Piedrahita en Laboral Ciudad de la Cultura\"},\"previousItem\":{\"@type\":\"ListItem\",\"@id\":\"https:\\\/\\\/candas365.es\\\/noticias#listItem\",\"name\":\"Home\"}},{\"@type\":\"ListItem\",\"@id\":\"https:\\\/\\\/candas365.es\\\/noticias\\\/el-humor-de-luis-piedrahita-en-laboral-ciudad-de-la-cultura\\\/#listItem\",\"position\":3,\"name\":\"El humor de Luis Piedrahita en Laboral Ciudad de la Cultura\",\"previousItem\":{\"@type\":\"ListItem\",\"@id\":\"https:\\\/\\\/candas365.es\\\/noticias\\\/category\\\/agenda\\\/#listItem\",\"name\":\"Agenda\"}}]},{\"@type\":\"NewsArticle\",\"@id\":\"https:\\\/\\\/candas365.es\\\/noticias\\\/el-humor-de-luis-piedrahita-en-laboral-ciudad-de-la-cultura\\\/#newsarticle\",\"name\":\"El humor de Luis Piedrahita en Laboral Ciudad de la Cultura | Cand\\u00e1s 365\",\"headline\":\"El humor de Luis Piedrahita en Laboral Ciudad de la Cultura\",\"author\":{\"@id\":\"https:\\\/\\\/candas365.es\\\/noticias\\\/author\\\/admin\\\/#author\"},\"publisher\":{\"@id\":\"https:\\\/\\\/candas365.es\\\/noticias\\\/#organization\"},\"image\":{\"@type\":\"ImageObject\",\"url\":\"https:\\\/\\\/candas365.es\\\/noticias\\\/wp-content\\\/uploads\\\/2014\\\/11\\\/Laboral.jpg\",\"width\":360,\"height\":269},\"datePublished\":\"2017-09-28T16:10:48+02:00\",\"dateModified\":\"2017-09-28T16:10:48+02:00\",\"inLanguage\":\"es-ES\",\"mainEntityOfPage\":{\"@id\":\"https:\\\/\\\/candas365.es\\\/noticias\\\/el-humor-de-luis-piedrahita-en-laboral-ciudad-de-la-cultura\\\/#webpage\"},\"isPartOf\":{\"@id\":\"https:\\\/\\\/candas365.es\\\/noticias\\\/el-humor-de-luis-piedrahita-en-laboral-ciudad-de-la-cultura\\\/#webpage\"},\"articleSection\":\"Agenda\",\"dateline\":\"Publicado el septiembre 28, 2017.\"},{\"@type\":\"Organization\",\"@id\":\"https:\\\/\\\/candas365.es\\\/noticias\\\/#organization\",\"name\":\"Cand\\u00e1s 365\",\"description\":\"Cand\\u00e1s 365 es un diario digital independiente, fundado en 2012, con base en Asturias. Informamos con rigor sobre actualidad, sociedad, cultura y ocio, con una mirada local y global.\",\"url\":\"https:\\\/\\\/candas365.es\\\/noticias\\\/\",\"email\":\"info@candas365.es\",\"telephone\":\"+34652131393\",\"foundingDate\":\"2012-06-10\",\"logo\":{\"@type\":\"ImageObject\",\"url\":\"https:\\\/\\\/candas365.es\\\/noticias\\\/wp-content\\\/uploads\\\/2024\\\/09\\\/Candas-365-Redes.jpg\",\"@id\":\"https:\\\/\\\/candas365.es\\\/noticias\\\/el-humor-de-luis-piedrahita-en-laboral-ciudad-de-la-cultura\\\/#organizationLogo\",\"width\":1152,\"height\":864,\"caption\":\"Cand\\u00e1s 365 Redes\"},\"image\":{\"@id\":\"https:\\\/\\\/candas365.es\\\/noticias\\\/el-humor-de-luis-piedrahita-en-laboral-ciudad-de-la-cultura\\\/#organizationLogo\"},\"sameAs\":[\"https:\\\/\\\/www.facebook.com\\\/Nachofdezber\",\"https:\\\/\\\/x.com\\\/NabercoDigital\",\"https:\\\/\\\/www.instagram.com\\\/nachofdezber\\\/\",\"https:\\\/\\\/www.youtube.com\\\/channel\\\/UCZP-2wLEB9Rv6erhFmqVnvg\"],\"address\":{\"@id\":\"https:\\\/\\\/candas365.es\\\/noticias\\\/#postaladdress\",\"@type\":\"PostalAddress\",\"streetAddress\":\"san antonio 4, san antonio 4\",\"postalCode\":\"33430\",\"addressLocality\":\"Cand\\u00e1s\",\"addressRegion\":\"Asturias\",\"addressCountry\":\"ES\"}},{\"@type\":\"Person\",\"@id\":\"https:\\\/\\\/candas365.es\\\/noticias\\\/author\\\/admin\\\/#author\",\"url\":\"https:\\\/\\\/candas365.es\\\/noticias\\\/author\\\/admin\\\/\",\"name\":\"Cand\\u00e1s 365\",\"image\":{\"@type\":\"ImageObject\",\"@id\":\"https:\\\/\\\/candas365.es\\\/noticias\\\/el-humor-de-luis-piedrahita-en-laboral-ciudad-de-la-cultura\\\/#authorImage\",\"url\":\"https:\\\/\\\/secure.gravatar.com\\\/avatar\\\/496a8e03d0c493ede1718b7934145dbdf8d89be1036b0eec9544e1094c9de390?s=96&d=mm&r=g\",\"width\":96,\"height\":96,\"caption\":\"Cand\\u00e1s 365\"},\"sameAs\":[\"https:\\\/\\\/www.facebook.com\\\/carrenoactualidad\",\"https:\\\/\\\/twitter.com\\\/nbasturias\",\"https:\\\/\\\/www.instagram.com\\\/nachofdezber\\\/\",\"https:\\\/\\\/www.youtube.com\\\/channel\\\/UCZP-2wLEB9Rv6erhFmqVnvg\"]},{\"@type\":\"WebPage\",\"@id\":\"https:\\\/\\\/candas365.es\\\/noticias\\\/el-humor-de-luis-piedrahita-en-laboral-ciudad-de-la-cultura\\\/#webpage\",\"url\":\"https:\\\/\\\/candas365.es\\\/noticias\\\/el-humor-de-luis-piedrahita-en-laboral-ciudad-de-la-cultura\\\/\",\"name\":\"El humor de Luis Piedrahita en Laboral Ciudad de la Cultura | Cand\\u00e1s 365\",\"description\":\"Luis Piedrahita y la compa\\u00f1\\u00eda Con Alevos\\u00eda Teatro actuar\\u00e1n este fin de semana en Laboral Ciudad de la Cultura. El viernes 29 y s\\u00e1bado 30 de septiembre, a las 21:30 horas, Con Alevos\\u00eda Teatro vuelve a representar en la Laboral Nan\\u00e4 Misericordia, un espect\\u00e1culo de terror en el que la l\\u00ednea entre el espacio, el\",\"inLanguage\":\"es-ES\",\"isPartOf\":{\"@id\":\"https:\\\/\\\/candas365.es\\\/noticias\\\/#website\"},\"breadcrumb\":{\"@id\":\"https:\\\/\\\/candas365.es\\\/noticias\\\/el-humor-de-luis-piedrahita-en-laboral-ciudad-de-la-cultura\\\/#breadcrumblist\"},\"author\":{\"@id\":\"https:\\\/\\\/candas365.es\\\/noticias\\\/author\\\/admin\\\/#author\"},\"creator\":{\"@id\":\"https:\\\/\\\/candas365.es\\\/noticias\\\/author\\\/admin\\\/#author\"},\"image\":{\"@type\":\"ImageObject\",\"url\":\"https:\\\/\\\/candas365.es\\\/noticias\\\/wp-content\\\/uploads\\\/2014\\\/11\\\/Laboral.jpg\",\"@id\":\"https:\\\/\\\/candas365.es\\\/noticias\\\/el-humor-de-luis-piedrahita-en-laboral-ciudad-de-la-cultura\\\/#mainImage\",\"width\":360,\"height\":269},\"primaryImageOfPage\":{\"@id\":\"https:\\\/\\\/candas365.es\\\/noticias\\\/el-humor-de-luis-piedrahita-en-laboral-ciudad-de-la-cultura\\\/#mainImage\"},\"datePublished\":\"2017-09-28T16:10:48+02:00\",\"dateModified\":\"2017-09-28T16:10:48+02:00\"},{\"@type\":\"WebSite\",\"@id\":\"https:\\\/\\\/candas365.es\\\/noticias\\\/#website\",\"url\":\"https:\\\/\\\/candas365.es\\\/noticias\\\/\",\"name\":\"Cand\\u00e1s 365\",\"alternateName\":\"Cand\\u00e1s 365 Noticias\",\"description\":\"Actualidad desde Carre\\u00f1o para el mundo\",\"inLanguage\":\"es-ES\",\"publisher\":{\"@id\":\"https:\\\/\\\/candas365.es\\\/noticias\\\/#organization\"}}]}\n\t\t<\/script>\n\t\t<!-- All in One SEO Pro -->\r\n\t\t<title>El humor de Luis Piedrahita en Laboral Ciudad de la Cultura | Cand\u00e1s 365<\/title>\n\n","aioseo_head_json":{"title":"El humor de Luis Piedrahita en Laboral Ciudad de la Cultura | Cand\u00e1s 365","description":"Luis Piedrahita y la compa\u00f1\u00eda Con Alevos\u00eda Teatro actuar\u00e1n este fin de semana en Laboral Ciudad de la Cultura. El viernes 29 y s\u00e1bado 30 de septiembre, a las 21:30 horas, Con Alevos\u00eda Teatro vuelve a representar en la Laboral Nan\u00e4 Misericordia, un espect\u00e1culo de terror en el que la l\u00ednea entre el espacio, el","canonical_url":"https:\/\/candas365.es\/noticias\/el-humor-de-luis-piedrahita-en-laboral-ciudad-de-la-cultura\/","robots":"max-image-preview:large","keywords":"agenda","webmasterTools":{"google-site-verification":"UA-32230408-1","msvalidate.01":"354F3CDFB2DA171B47FBE9ABF1F88D5","miscellaneous":""},"schema":{"@context":"https:\/\/schema.org","@graph":[{"@type":"BreadcrumbList","@id":"https:\/\/candas365.es\/noticias\/el-humor-de-luis-piedrahita-en-laboral-ciudad-de-la-cultura\/#breadcrumblist","itemListElement":[{"@type":"ListItem","@id":"https:\/\/candas365.es\/noticias#listItem","position":1,"name":"Home","item":"https:\/\/candas365.es\/noticias","nextItem":{"@type":"ListItem","@id":"https:\/\/candas365.es\/noticias\/category\/agenda\/#listItem","name":"Agenda"}},{"@type":"ListItem","@id":"https:\/\/candas365.es\/noticias\/category\/agenda\/#listItem","position":2,"name":"Agenda","item":"https:\/\/candas365.es\/noticias\/category\/agenda\/","nextItem":{"@type":"ListItem","@id":"https:\/\/candas365.es\/noticias\/el-humor-de-luis-piedrahita-en-laboral-ciudad-de-la-cultura\/#listItem","name":"El humor de Luis Piedrahita en Laboral Ciudad de la Cultura"},"previousItem":{"@type":"ListItem","@id":"https:\/\/candas365.es\/noticias#listItem","name":"Home"}},{"@type":"ListItem","@id":"https:\/\/candas365.es\/noticias\/el-humor-de-luis-piedrahita-en-laboral-ciudad-de-la-cultura\/#listItem","position":3,"name":"El humor de Luis Piedrahita en Laboral Ciudad de la Cultura","previousItem":{"@type":"ListItem","@id":"https:\/\/candas365.es\/noticias\/category\/agenda\/#listItem","name":"Agenda"}}]},{"@type":"NewsArticle","@id":"https:\/\/candas365.es\/noticias\/el-humor-de-luis-piedrahita-en-laboral-ciudad-de-la-cultura\/#newsarticle","name":"El humor de Luis Piedrahita en Laboral Ciudad de la Cultura | Cand\u00e1s 365","headline":"El humor de Luis Piedrahita en Laboral Ciudad de la Cultura","author":{"@id":"https:\/\/candas365.es\/noticias\/author\/admin\/#author"},"publisher":{"@id":"https:\/\/candas365.es\/noticias\/#organization"},"image":{"@type":"ImageObject","url":"https:\/\/candas365.es\/noticias\/wp-content\/uploads\/2014\/11\/Laboral.jpg","width":360,"height":269},"datePublished":"2017-09-28T16:10:48+02:00","dateModified":"2017-09-28T16:10:48+02:00","inLanguage":"es-ES","mainEntityOfPage":{"@id":"https:\/\/candas365.es\/noticias\/el-humor-de-luis-piedrahita-en-laboral-ciudad-de-la-cultura\/#webpage"},"isPartOf":{"@id":"https:\/\/candas365.es\/noticias\/el-humor-de-luis-piedrahita-en-laboral-ciudad-de-la-cultura\/#webpage"},"articleSection":"Agenda","dateline":"Publicado el septiembre 28, 2017."},{"@type":"Organization","@id":"https:\/\/candas365.es\/noticias\/#organization","name":"Cand\u00e1s 365","description":"Cand\u00e1s 365 es un diario digital independiente, fundado en 2012, con base en Asturias. Informamos con rigor sobre actualidad, sociedad, cultura y ocio, con una mirada local y global.","url":"https:\/\/candas365.es\/noticias\/","email":"info@candas365.es","telephone":"+34652131393","foundingDate":"2012-06-10","logo":{"@type":"ImageObject","url":"https:\/\/candas365.es\/noticias\/wp-content\/uploads\/2024\/09\/Candas-365-Redes.jpg","@id":"https:\/\/candas365.es\/noticias\/el-humor-de-luis-piedrahita-en-laboral-ciudad-de-la-cultura\/#organizationLogo","width":1152,"height":864,"caption":"Cand\u00e1s 365 Redes"},"image":{"@id":"https:\/\/candas365.es\/noticias\/el-humor-de-luis-piedrahita-en-laboral-ciudad-de-la-cultura\/#organizationLogo"},"sameAs":["https:\/\/www.facebook.com\/Nachofdezber","https:\/\/x.com\/NabercoDigital","https:\/\/www.instagram.com\/nachofdezber\/","https:\/\/www.youtube.com\/channel\/UCZP-2wLEB9Rv6erhFmqVnvg"],"address":{"@id":"https:\/\/candas365.es\/noticias\/#postaladdress","@type":"PostalAddress","streetAddress":"san antonio 4, san antonio 4","postalCode":"33430","addressLocality":"Cand\u00e1s","addressRegion":"Asturias","addressCountry":"ES"}},{"@type":"Person","@id":"https:\/\/candas365.es\/noticias\/author\/admin\/#author","url":"https:\/\/candas365.es\/noticias\/author\/admin\/","name":"Cand\u00e1s 365","image":{"@type":"ImageObject","@id":"https:\/\/candas365.es\/noticias\/el-humor-de-luis-piedrahita-en-laboral-ciudad-de-la-cultura\/#authorImage","url":"https:\/\/secure.gravatar.com\/avatar\/496a8e03d0c493ede1718b7934145dbdf8d89be1036b0eec9544e1094c9de390?s=96&d=mm&r=g","width":96,"height":96,"caption":"Cand\u00e1s 365"},"sameAs":["https:\/\/www.facebook.com\/carrenoactualidad","https:\/\/twitter.com\/nbasturias","https:\/\/www.instagram.com\/nachofdezber\/","https:\/\/www.youtube.com\/channel\/UCZP-2wLEB9Rv6erhFmqVnvg"]},{"@type":"WebPage","@id":"https:\/\/candas365.es\/noticias\/el-humor-de-luis-piedrahita-en-laboral-ciudad-de-la-cultura\/#webpage","url":"https:\/\/candas365.es\/noticias\/el-humor-de-luis-piedrahita-en-laboral-ciudad-de-la-cultura\/","name":"El humor de Luis Piedrahita en Laboral Ciudad de la Cultura | Cand\u00e1s 365","description":"Luis Piedrahita y la compa\u00f1\u00eda Con Alevos\u00eda Teatro actuar\u00e1n este fin de semana en Laboral Ciudad de la Cultura. El viernes 29 y s\u00e1bado 30 de septiembre, a las 21:30 horas, Con Alevos\u00eda Teatro vuelve a representar en la Laboral Nan\u00e4 Misericordia, un espect\u00e1culo de terror en el que la l\u00ednea entre el espacio, el","inLanguage":"es-ES","isPartOf":{"@id":"https:\/\/candas365.es\/noticias\/#website"},"breadcrumb":{"@id":"https:\/\/candas365.es\/noticias\/el-humor-de-luis-piedrahita-en-laboral-ciudad-de-la-cultura\/#breadcrumblist"},"author":{"@id":"https:\/\/candas365.es\/noticias\/author\/admin\/#author"},"creator":{"@id":"https:\/\/candas365.es\/noticias\/author\/admin\/#author"},"image":{"@type":"ImageObject","url":"https:\/\/candas365.es\/noticias\/wp-content\/uploads\/2014\/11\/Laboral.jpg","@id":"https:\/\/candas365.es\/noticias\/el-humor-de-luis-piedrahita-en-laboral-ciudad-de-la-cultura\/#mainImage","width":360,"height":269},"primaryImageOfPage":{"@id":"https:\/\/candas365.es\/noticias\/el-humor-de-luis-piedrahita-en-laboral-ciudad-de-la-cultura\/#mainImage"},"datePublished":"2017-09-28T16:10:48+02:00","dateModified":"2017-09-28T16:10:48+02:00"},{"@type":"WebSite","@id":"https:\/\/candas365.es\/noticias\/#website","url":"https:\/\/candas365.es\/noticias\/","name":"Cand\u00e1s 365","alternateName":"Cand\u00e1s 365 Noticias","description":"Actualidad desde Carre\u00f1o para el mundo","inLanguage":"es-ES","publisher":{"@id":"https:\/\/candas365.es\/noticias\/#organization"}}]},"og:locale":"es_ES","og:site_name":"Cand\u00e1s 365","og:type":"article","og:title":"El humor de Luis Piedrahita en Laboral Ciudad de la Cultura | Cand\u00e1s 365","og:description":"Luis Piedrahita y la compa\u00f1\u00eda Con Alevos\u00eda Teatro actuar\u00e1n este fin de semana en Laboral Ciudad de la Cultura. El viernes 29 y s\u00e1bado 30 de septiembre, a las 21:30 horas, Con Alevos\u00eda Teatro vuelve a representar en la Laboral Nan\u00e4 Misericordia, un espect\u00e1culo de terror en el que la l\u00ednea entre el espacio, el","og:url":"https:\/\/candas365.es\/noticias\/el-humor-de-luis-piedrahita-en-laboral-ciudad-de-la-cultura\/","og:image":"https:\/\/candas365.es\/noticias\/wp-content\/uploads\/2014\/11\/Laboral.jpg","og:image:secure_url":"https:\/\/candas365.es\/noticias\/wp-content\/uploads\/2014\/11\/Laboral.jpg","og:image:width":360,"og:image:height":269,"article:published_time":"2017-09-28T16:10:48+00:00","article:modified_time":"2017-09-28T16:10:48+00:00","article:publisher":"https:\/\/www.facebook.com\/Nachofdezber","article:author":"https:\/\/www.facebook.com\/carrenoactualidad","twitter:card":"summary_large_image","twitter:site":"@NabercoDigital","twitter:title":"El humor de Luis Piedrahita en Laboral Ciudad de la Cultura | Cand\u00e1s 365","twitter:description":"Luis Piedrahita y la compa\u00f1\u00eda Con Alevos\u00eda Teatro actuar\u00e1n este fin de semana en Laboral Ciudad de la Cultura. El viernes 29 y s\u00e1bado 30 de septiembre, a las 21:30 horas, Con Alevos\u00eda Teatro vuelve a representar en la Laboral Nan\u00e4 Misericordia, un espect\u00e1culo de terror en el que la l\u00ednea entre el espacio, el","twitter:creator":"@nbasturias","twitter:image":"https:\/\/candas365.es\/noticias\/wp-content\/uploads\/2014\/11\/Laboral.jpg","twitter:label1":"Escrito por","twitter:data1":"Cand\u00e1s 365","twitter:label2":"Tiempo de lectura estimado","twitter:data2":"2 minutos"},"aioseo_meta_data":{"post_id":"80885","title":null,"description":null,"keywords":null,"keyphrases":null,"primary_term":null,"canonical_url":null,"og_title":null,"og_description":null,"og_object_type":"default","og_image_type":"default","og_image_url":null,"og_image_width":null,"og_image_height":null,"og_image_custom_url":null,"og_image_custom_fields":null,"og_video":null,"og_custom_url":null,"og_article_section":null,"og_article_tags":null,"twitter_use_og":false,"twitter_card":"default","twitter_image_type":"default","twitter_image_url":null,"twitter_image_custom_url":null,"twitter_image_custom_fields":null,"twitter_title":null,"twitter_description":null,"schema":{"blockGraphs":[],"customGraphs":[],"default":{"data":{"Article":[],"Course":[],"Dataset":[],"FAQPage":[],"Movie":[],"Person":[],"Product":[],"ProductReview":[],"Car":[],"Recipe":[],"Service":[],"SoftwareApplication":[],"WebPage":[]},"graphName":"","isEnabled":true},"graphs":[],"defaultGraph":"","defaultPostTypeGraph":""},"schema_type":null,"schema_type_options":null,"pillar_content":false,"robots_default":true,"robots_noindex":false,"robots_noarchive":false,"robots_nosnippet":false,"robots_nofollow":false,"robots_noimageindex":false,"robots_noodp":false,"robots_notranslate":false,"robots_max_snippet":null,"robots_max_videopreview":null,"robots_max_imagepreview":"large","priority":null,"frequency":null,"location":null,"local_seo":null,"seo_analyzer_scan_date":"2025-08-26 01:05:08","breadcrumb_settings":null,"limit_modified_date":false,"reviewed_by":null,"open_ai":null,"ai":null,"created":"2020-12-21 12:44:55","updated":"2025-08-26 01:05:08"},"aioseo_breadcrumb":"<div class=\"aioseo-breadcrumbs\"><span class=\"aioseo-breadcrumb\">\n\t<a href=\"https:\/\/candas365.es\/noticias\" title=\"Home\">Home<\/a>\n<\/span><span class=\"aioseo-breadcrumb-separator\">&ndash;<\/span><span class=\"aioseo-breadcrumb\">\n\t<a href=\"https:\/\/candas365.es\/noticias\/category\/agenda\/\" title=\"Agenda\">Agenda<\/a>\n<\/span><span class=\"aioseo-breadcrumb-separator\">&ndash;<\/span><span class=\"aioseo-breadcrumb\">\n\tEl humor de Luis Piedrahita en Laboral Ciudad de la Cultura\n<\/span><\/div>","aioseo_breadcrumb_json":[{"label":"Home","link":"https:\/\/candas365.es\/noticias"},{"label":"Agenda","link":"https:\/\/candas365.es\/noticias\/category\/agenda\/"},{"label":"El humor de Luis Piedrahita en Laboral Ciudad de la Cultura","link":"https:\/\/candas365.es\/noticias\/el-humor-de-luis-piedrahita-en-laboral-ciudad-de-la-cultura\/"}],"_links":{"self":[{"href":"https:\/\/candas365.es\/noticias\/wp-json\/wp\/v2\/posts\/80885","targetHints":{"allow":["GET"]}}],"collection":[{"href":"https:\/\/candas365.es\/noticias\/wp-json\/wp\/v2\/posts"}],"about":[{"href":"https:\/\/candas365.es\/noticias\/wp-json\/wp\/v2\/types\/post"}],"author":[{"embeddable":true,"href":"https:\/\/candas365.es\/noticias\/wp-json\/wp\/v2\/users\/1"}],"replies":[{"embeddable":true,"href":"https:\/\/candas365.es\/noticias\/wp-json\/wp\/v2\/comments?post=80885"}],"version-history":[{"count":0,"href":"https:\/\/candas365.es\/noticias\/wp-json\/wp\/v2\/posts\/80885\/revisions"}],"wp:featuredmedia":[{"embeddable":true,"href":"https:\/\/candas365.es\/noticias\/wp-json\/wp\/v2\/media\/4928"}],"wp:attachment":[{"href":"https:\/\/candas365.es\/noticias\/wp-json\/wp\/v2\/media?parent=80885"}],"wp:term":[{"taxonomy":"category","embeddable":true,"href":"https:\/\/candas365.es\/noticias\/wp-json\/wp\/v2\/categories?post=80885"},{"taxonomy":"post_tag","embeddable":true,"href":"https:\/\/candas365.es\/noticias\/wp-json\/wp\/v2\/tags?post=80885"}],"curies":[{"name":"wp","href":"https:\/\/api.w.org\/{rel}","templated":true}]}}