{"id":80814,"date":"2017-09-26T18:52:25","date_gmt":"2017-09-26T18:52:25","guid":{"rendered":"http:\/\/candas365.es\/noticias\/?p=80814"},"modified":"2017-09-26T18:52:25","modified_gmt":"2017-09-26T18:52:25","slug":"comienza-mostra-espanha-2017","status":"publish","type":"post","link":"https:\/\/candas365.es\/noticias\/comienza-mostra-espanha-2017\/","title":{"rendered":"Comienza Mostra Espanha 2017"},"content":{"rendered":"<p><img fetchpriority=\"high\" decoding=\"async\" class=\"alignleft size-medium wp-image-80815\" src=\"https:\/\/candas365.es\/noticias\/wp-content\/uploads\/2017\/09\/260917mostra-Espanha2-360x239.jpg\" alt=\"\" width=\"360\" height=\"239\" srcset=\"https:\/\/candas365.es\/noticias\/wp-content\/uploads\/2017\/09\/260917mostra-Espanha2-360x239.jpg 360w, https:\/\/candas365.es\/noticias\/wp-content\/uploads\/2017\/09\/260917mostra-Espanha2-84x55.jpg 84w, https:\/\/candas365.es\/noticias\/wp-content\/uploads\/2017\/09\/260917mostra-Espanha2.jpg 496w\" sizes=\"(max-width: 360px) 100vw, 360px\" \/>El pr\u00f3ximo jueves, 28 de septiembre, comienza la Mostra Espanha 2017, una cita ineludible con la cultura espa\u00f1ola y portuguesa ideada para fortalecer los puentes que unen a ambos pa\u00edses.<\/p>\n<p>\u200bEl ministro de Cultura portugu\u00e9s, Antonio Filipe de Castro y el secretario de Estado de Cultura espa\u00f1ol y presidente de Acci\u00f3n Cultural Espa\u00f1ola, Fernando Benzo, ser\u00e1n los encargados de inaugurar la Mostra Espanha en el Museo de Arte Antiga en Lisboa.<\/p>\n<p>En esta quinta edici\u00f3n, la Mostra Espanha ofrece al p\u00fablico portugu\u00e9s un panorama completo de las manifestaciones art\u00edsticas y culturales espa\u00f1olas. En total se han programado una treintena de eventos que abarcan exposiciones de pintura y fotograf\u00eda, encuentros con artistas, intelectuales y profesionales de ambos pa\u00edses, representaciones teatrales y conciertos de m\u00fasica.<\/p>\n<p>La Mostra transcurrir\u00e1 entre los meses de septiembre de 2017 y febrero de 2018 y tendr\u00e1 como sedes las ciudades de Lisboa, Oporto, Set\u00fabal, \u00c9vora, Braga, Almada, Co\u00edmbra, Palmela y Obidos.<\/p>\n<p>La inauguraci\u00f3n contar\u00e1 adem\u00e1s con la presencia de los directores de los Museos Nacional del Prado y de Arte Antiga de Lisboa, Miguel Falomir y Antonio Filipe Pimentel y la directora de Acci\u00f3n Cultural Espa\u00f1ola, Elvira Marco.<\/p>\n<p><strong>Vel\u00e1zquez en el Museo Nacional de Arte Antiga<\/strong><\/p>\n<p>Una de las l\u00edneas maestras del programa es el Ciclo Obras Convidadas, a trav\u00e9s del cual el Museo Nacional de Arte Antiga de Lisboa da a conocer la obra de grandes maestros de la pintura occidental procedentes de destacados museos y colecciones del mundo.<\/p>\n<p>En esta ocasi\u00f3n y formando parte del acto inaugural de Mostra Espanha 2017, se exhibe la obra procedente del Museo del Prado &#8216;Sibila&#8217; de Vel\u00e1zquez, pintor cuya ascendencia paterna era precisamente portuguesa.<\/p>\n<p>En la apertura de la Mostra tambi\u00e9n se ofrecer\u00e1 el concierto Un sue\u00f1o de Locura, interpretado por David Carmona y Tino di Geraldo quienes, a trav\u00e9s de la guitarra y la percusi\u00f3n subrayar\u00e1n las relaciones hispano-lusas en el \u00e1mbito de la creaci\u00f3n y el talento art\u00edstico.<\/p>\n<p><strong>Ciclo Cine Fiesta<\/strong><\/p>\n<p>Otro de los pilares fundamentales de la Mostra ser\u00e1 una nueva edici\u00f3n de Cine Fiesta entre el 29 de septiembre y el 2 de octubre. Se trata de una iniciativa conjunta del Instituto de la Cinematograf\u00eda y las Artes Audiovisuales (ICAA), la Direcci\u00f3n General de Industrias Culturales y del Libro de la Secretar\u00eda de Estado de Cultura, en colaboraci\u00f3n con Luso Mundo, que constituye un verdadero escaparate del cine espa\u00f1ol m\u00e1s actual.<\/p>\n<p>Para esta edici\u00f3n, se han seleccionado 7 pel\u00edculas, entre las que figuran comedias, intriga, thrillers y una pel\u00edcula infantil para dar al p\u00fablico una amplia oferta de g\u00e9neros. Los t\u00edtulos seleccionados son: Contratiempo de Oriol Paulo, El hombre de las mil caras de Alberto Rodr\u00edguez, Que Dios nos perdone de Rodrigo Sorogoyen, El guardi\u00e1n invisible de Fernando Gonz\u00e1lez Molina, El Bar de Alex de la Iglesia, Villaviciosa de al lado de Nacho G. Velilla y La reina de Espa\u00f1a de Fernando Trueba, sin olvidar Ozzy, pel\u00edcula de animaci\u00f3n para ni\u00f1os de Alberto Rodr\u00edguez y Nacho La Casa.<\/p>\n<p>De cada pel\u00edcula se realizar\u00e1n tres pases y se har\u00e1n actividades con centros escolares.<\/p>\n<p><strong>Mostra Espanha<\/strong><\/p>\n<p>Mostra Espanha es un programa de actividades culturales que, con periodicidad bienal, se desarrolla en distintas localidades del pa\u00eds vecino y que tiene como finalidad principal mostrar el dinamismo y la creatividad de las industrias culturales espa\u00f1olas en el momento actual. Su finalidad \u00faltima es ofrecer experiencias para el di\u00e1logo cultural entre los dos pa\u00edses.<\/p>\n<p>La organizaci\u00f3n de Mostra Espanha corre a cargo de la Direcci\u00f3n General de Industrias Culturales del Ministerio espa\u00f1ol de Educaci\u00f3n, Cultura y Deporte en colaboraci\u00f3n con Acci\u00f3n Cultural Espa\u00f1ola (AC\/E). Asimismo se ha contado en cada edici\u00f3n con el apoyo del Gobierno de Portugal, a trav\u00e9s del Ministerio de Cultura, las C\u00e1maras municipales de Oporto, Set\u00fabal, Braga y Lisboa, la Embajada de Espa\u00f1a, el Instituto Cervantes de Lisboa, la Fundaci\u00f3n Jos\u00e9 Saramago y diferentes agentes tanto p\u00fablicos como privados.<\/p>\n<p>&nbsp;<\/p>\n","protected":false},"excerpt":{"rendered":"<p>El pr\u00f3ximo jueves, 28 de septiembre, comienza la Mostra Espanha 2017, una cita ineludible con la cultura espa\u00f1ola y portuguesa ideada para fortalecer los puentes que unen a ambos pa\u00edses. \u200bEl ministro de Cultura portugu\u00e9s, Antonio Filipe de Castro y el secretario de Estado de Cultura espa\u00f1ol y presidente de Acci\u00f3n Cultural Espa\u00f1ola, Fernando Benzo,<\/p>\n","protected":false},"author":1,"featured_media":80815,"comment_status":"closed","ping_status":"closed","sticky":false,"template":"","format":"standard","meta":{"footnotes":""},"categories":[1],"tags":[],"class_list":{"0":"post-80814","1":"post","2":"type-post","3":"status-publish","4":"format-standard","5":"has-post-thumbnail","7":"category-agenda"},"aioseo_notices":[],"aioseo_head":"\n\t\t<!-- All in One SEO Pro 4.9.6.2 - aioseo.com -->\n\t<meta name=\"description\" content=\"El pr\u00f3ximo jueves, 28 de septiembre, comienza la Mostra Espanha 2017, una cita ineludible con la cultura espa\u00f1ola y portuguesa ideada para fortalecer los puentes que unen a ambos pa\u00edses. \u200bEl ministro de Cultura portugu\u00e9s, Antonio Filipe de Castro y el secretario de Estado de Cultura espa\u00f1ol y presidente de Acci\u00f3n Cultural Espa\u00f1ola, Fernando Benzo,\" \/>\n\t<meta name=\"robots\" content=\"max-image-preview:large\" \/>\n\t<meta name=\"author\" content=\"Cand\u00e1s 365\"\/>\n\t<meta name=\"google-site-verification\" content=\"UA-32230408-1\" \/>\n\t<meta name=\"msvalidate.01\" content=\"354F3CDFB2DA171B47FBE9ABF1F88D5\" \/>\n\t<meta name=\"keywords\" content=\"agenda\" \/>\n\t<link rel=\"canonical\" href=\"https:\/\/candas365.es\/noticias\/comienza-mostra-espanha-2017\/\" \/>\n\t<meta name=\"generator\" content=\"All in One SEO Pro (AIOSEO) 4.9.6.2\" \/>\n\t\t<meta property=\"og:locale\" content=\"es_ES\" \/>\n\t\t<meta property=\"og:site_name\" content=\"Cand\u00e1s 365\" \/>\n\t\t<meta property=\"og:type\" content=\"article\" \/>\n\t\t<meta property=\"og:title\" content=\"Comienza Mostra Espanha 2017 | Cand\u00e1s 365\" \/>\n\t\t<meta property=\"og:description\" content=\"El pr\u00f3ximo jueves, 28 de septiembre, comienza la Mostra Espanha 2017, una cita ineludible con la cultura espa\u00f1ola y portuguesa ideada para fortalecer los puentes que unen a ambos pa\u00edses. \u200bEl ministro de Cultura portugu\u00e9s, Antonio Filipe de Castro y el secretario de Estado de Cultura espa\u00f1ol y presidente de Acci\u00f3n Cultural Espa\u00f1ola, Fernando Benzo,\" \/>\n\t\t<meta property=\"og:url\" content=\"https:\/\/candas365.es\/noticias\/comienza-mostra-espanha-2017\/\" \/>\n\t\t<meta property=\"og:image\" content=\"https:\/\/candas365.es\/noticias\/wp-content\/uploads\/2017\/09\/260917mostra-Espanha2.jpg\" \/>\n\t\t<meta property=\"og:image:secure_url\" content=\"https:\/\/candas365.es\/noticias\/wp-content\/uploads\/2017\/09\/260917mostra-Espanha2.jpg\" \/>\n\t\t<meta property=\"og:image:width\" content=\"496\" \/>\n\t\t<meta property=\"og:image:height\" content=\"329\" \/>\n\t\t<meta property=\"article:published_time\" content=\"2017-09-26T18:52:25+00:00\" \/>\n\t\t<meta property=\"article:modified_time\" content=\"2017-09-26T18:52:25+00:00\" \/>\n\t\t<meta property=\"article:publisher\" content=\"https:\/\/www.facebook.com\/Nachofdezber\" \/>\n\t\t<meta property=\"article:author\" content=\"https:\/\/www.facebook.com\/carrenoactualidad\" \/>\n\t\t<meta name=\"twitter:card\" content=\"summary_large_image\" \/>\n\t\t<meta name=\"twitter:site\" content=\"@NabercoDigital\" \/>\n\t\t<meta name=\"twitter:title\" content=\"Comienza Mostra Espanha 2017 | Cand\u00e1s 365\" \/>\n\t\t<meta name=\"twitter:description\" content=\"El pr\u00f3ximo jueves, 28 de septiembre, comienza la Mostra Espanha 2017, una cita ineludible con la cultura espa\u00f1ola y portuguesa ideada para fortalecer los puentes que unen a ambos pa\u00edses. \u200bEl ministro de Cultura portugu\u00e9s, Antonio Filipe de Castro y el secretario de Estado de Cultura espa\u00f1ol y presidente de Acci\u00f3n Cultural Espa\u00f1ola, Fernando Benzo,\" \/>\n\t\t<meta name=\"twitter:creator\" content=\"@nbasturias\" \/>\n\t\t<meta name=\"twitter:image\" content=\"https:\/\/candas365.es\/noticias\/wp-content\/uploads\/2017\/09\/260917mostra-Espanha2.jpg\" \/>\n\t\t<meta name=\"twitter:label1\" content=\"Escrito por\" \/>\n\t\t<meta name=\"twitter:data1\" content=\"Cand\u00e1s 365\" \/>\n\t\t<meta name=\"twitter:label2\" content=\"Tiempo de lectura estimado\" \/>\n\t\t<meta name=\"twitter:data2\" content=\"4 minutos\" \/>\n\t\t<script type=\"application\/ld+json\" class=\"aioseo-schema\">\n\t\t\t{\"@context\":\"https:\\\/\\\/schema.org\",\"@graph\":[{\"@type\":\"BreadcrumbList\",\"@id\":\"https:\\\/\\\/candas365.es\\\/noticias\\\/comienza-mostra-espanha-2017\\\/#breadcrumblist\",\"itemListElement\":[{\"@type\":\"ListItem\",\"@id\":\"https:\\\/\\\/candas365.es\\\/noticias#listItem\",\"position\":1,\"name\":\"Home\",\"item\":\"https:\\\/\\\/candas365.es\\\/noticias\",\"nextItem\":{\"@type\":\"ListItem\",\"@id\":\"https:\\\/\\\/candas365.es\\\/noticias\\\/category\\\/agenda\\\/#listItem\",\"name\":\"Agenda\"}},{\"@type\":\"ListItem\",\"@id\":\"https:\\\/\\\/candas365.es\\\/noticias\\\/category\\\/agenda\\\/#listItem\",\"position\":2,\"name\":\"Agenda\",\"item\":\"https:\\\/\\\/candas365.es\\\/noticias\\\/category\\\/agenda\\\/\",\"nextItem\":{\"@type\":\"ListItem\",\"@id\":\"https:\\\/\\\/candas365.es\\\/noticias\\\/comienza-mostra-espanha-2017\\\/#listItem\",\"name\":\"Comienza Mostra Espanha 2017\"},\"previousItem\":{\"@type\":\"ListItem\",\"@id\":\"https:\\\/\\\/candas365.es\\\/noticias#listItem\",\"name\":\"Home\"}},{\"@type\":\"ListItem\",\"@id\":\"https:\\\/\\\/candas365.es\\\/noticias\\\/comienza-mostra-espanha-2017\\\/#listItem\",\"position\":3,\"name\":\"Comienza Mostra Espanha 2017\",\"previousItem\":{\"@type\":\"ListItem\",\"@id\":\"https:\\\/\\\/candas365.es\\\/noticias\\\/category\\\/agenda\\\/#listItem\",\"name\":\"Agenda\"}}]},{\"@type\":\"NewsArticle\",\"@id\":\"https:\\\/\\\/candas365.es\\\/noticias\\\/comienza-mostra-espanha-2017\\\/#newsarticle\",\"name\":\"Comienza Mostra Espanha 2017 | Cand\\u00e1s 365\",\"headline\":\"Comienza Mostra Espanha 2017\",\"author\":{\"@id\":\"https:\\\/\\\/candas365.es\\\/noticias\\\/author\\\/admin\\\/#author\"},\"publisher\":{\"@id\":\"https:\\\/\\\/candas365.es\\\/noticias\\\/#organization\"},\"image\":{\"@type\":\"ImageObject\",\"url\":\"https:\\\/\\\/candas365.es\\\/noticias\\\/wp-content\\\/uploads\\\/2017\\\/09\\\/260917mostra-Espanha2.jpg\",\"width\":496,\"height\":329},\"datePublished\":\"2017-09-26T18:52:25+02:00\",\"dateModified\":\"2017-09-26T18:52:25+02:00\",\"inLanguage\":\"es-ES\",\"mainEntityOfPage\":{\"@id\":\"https:\\\/\\\/candas365.es\\\/noticias\\\/comienza-mostra-espanha-2017\\\/#webpage\"},\"isPartOf\":{\"@id\":\"https:\\\/\\\/candas365.es\\\/noticias\\\/comienza-mostra-espanha-2017\\\/#webpage\"},\"articleSection\":\"Agenda\",\"dateline\":\"Publicado el septiembre 26, 2017.\"},{\"@type\":\"Organization\",\"@id\":\"https:\\\/\\\/candas365.es\\\/noticias\\\/#organization\",\"name\":\"Cand\\u00e1s 365\",\"description\":\"Cand\\u00e1s 365 es un diario digital independiente, fundado en 2012, con base en Asturias. Informamos con rigor sobre actualidad, sociedad, cultura y ocio, con una mirada local y global.\",\"url\":\"https:\\\/\\\/candas365.es\\\/noticias\\\/\",\"email\":\"info@candas365.es\",\"telephone\":\"+34652131393\",\"foundingDate\":\"2012-06-10\",\"logo\":{\"@type\":\"ImageObject\",\"url\":\"https:\\\/\\\/candas365.es\\\/noticias\\\/wp-content\\\/uploads\\\/2024\\\/09\\\/Candas-365-Redes.jpg\",\"@id\":\"https:\\\/\\\/candas365.es\\\/noticias\\\/comienza-mostra-espanha-2017\\\/#organizationLogo\",\"width\":1152,\"height\":864,\"caption\":\"Cand\\u00e1s 365 Redes\"},\"image\":{\"@id\":\"https:\\\/\\\/candas365.es\\\/noticias\\\/comienza-mostra-espanha-2017\\\/#organizationLogo\"},\"sameAs\":[\"https:\\\/\\\/www.facebook.com\\\/Nachofdezber\",\"https:\\\/\\\/x.com\\\/NabercoDigital\",\"https:\\\/\\\/www.instagram.com\\\/nachofdezber\\\/\",\"https:\\\/\\\/www.youtube.com\\\/channel\\\/UCZP-2wLEB9Rv6erhFmqVnvg\"],\"address\":{\"@id\":\"https:\\\/\\\/candas365.es\\\/noticias\\\/#postaladdress\",\"@type\":\"PostalAddress\",\"streetAddress\":\"san antonio 4, san antonio 4\",\"postalCode\":\"33430\",\"addressLocality\":\"Cand\\u00e1s\",\"addressRegion\":\"Asturias\",\"addressCountry\":\"ES\"}},{\"@type\":\"Person\",\"@id\":\"https:\\\/\\\/candas365.es\\\/noticias\\\/author\\\/admin\\\/#author\",\"url\":\"https:\\\/\\\/candas365.es\\\/noticias\\\/author\\\/admin\\\/\",\"name\":\"Cand\\u00e1s 365\",\"image\":{\"@type\":\"ImageObject\",\"@id\":\"https:\\\/\\\/candas365.es\\\/noticias\\\/comienza-mostra-espanha-2017\\\/#authorImage\",\"url\":\"https:\\\/\\\/secure.gravatar.com\\\/avatar\\\/496a8e03d0c493ede1718b7934145dbdf8d89be1036b0eec9544e1094c9de390?s=96&d=mm&r=g\",\"width\":96,\"height\":96,\"caption\":\"Cand\\u00e1s 365\"},\"sameAs\":[\"https:\\\/\\\/www.facebook.com\\\/carrenoactualidad\",\"https:\\\/\\\/twitter.com\\\/nbasturias\",\"https:\\\/\\\/www.instagram.com\\\/nachofdezber\\\/\",\"https:\\\/\\\/www.youtube.com\\\/channel\\\/UCZP-2wLEB9Rv6erhFmqVnvg\"]},{\"@type\":\"WebPage\",\"@id\":\"https:\\\/\\\/candas365.es\\\/noticias\\\/comienza-mostra-espanha-2017\\\/#webpage\",\"url\":\"https:\\\/\\\/candas365.es\\\/noticias\\\/comienza-mostra-espanha-2017\\\/\",\"name\":\"Comienza Mostra Espanha 2017 | Cand\\u00e1s 365\",\"description\":\"El pr\\u00f3ximo jueves, 28 de septiembre, comienza la Mostra Espanha 2017, una cita ineludible con la cultura espa\\u00f1ola y portuguesa ideada para fortalecer los puentes que unen a ambos pa\\u00edses. \\u200bEl ministro de Cultura portugu\\u00e9s, Antonio Filipe de Castro y el secretario de Estado de Cultura espa\\u00f1ol y presidente de Acci\\u00f3n Cultural Espa\\u00f1ola, Fernando Benzo,\",\"inLanguage\":\"es-ES\",\"isPartOf\":{\"@id\":\"https:\\\/\\\/candas365.es\\\/noticias\\\/#website\"},\"breadcrumb\":{\"@id\":\"https:\\\/\\\/candas365.es\\\/noticias\\\/comienza-mostra-espanha-2017\\\/#breadcrumblist\"},\"author\":{\"@id\":\"https:\\\/\\\/candas365.es\\\/noticias\\\/author\\\/admin\\\/#author\"},\"creator\":{\"@id\":\"https:\\\/\\\/candas365.es\\\/noticias\\\/author\\\/admin\\\/#author\"},\"image\":{\"@type\":\"ImageObject\",\"url\":\"https:\\\/\\\/candas365.es\\\/noticias\\\/wp-content\\\/uploads\\\/2017\\\/09\\\/260917mostra-Espanha2.jpg\",\"@id\":\"https:\\\/\\\/candas365.es\\\/noticias\\\/comienza-mostra-espanha-2017\\\/#mainImage\",\"width\":496,\"height\":329},\"primaryImageOfPage\":{\"@id\":\"https:\\\/\\\/candas365.es\\\/noticias\\\/comienza-mostra-espanha-2017\\\/#mainImage\"},\"datePublished\":\"2017-09-26T18:52:25+02:00\",\"dateModified\":\"2017-09-26T18:52:25+02:00\"},{\"@type\":\"WebSite\",\"@id\":\"https:\\\/\\\/candas365.es\\\/noticias\\\/#website\",\"url\":\"https:\\\/\\\/candas365.es\\\/noticias\\\/\",\"name\":\"Cand\\u00e1s 365\",\"alternateName\":\"Cand\\u00e1s 365 Noticias\",\"description\":\"Actualidad desde Carre\\u00f1o para el mundo\",\"inLanguage\":\"es-ES\",\"publisher\":{\"@id\":\"https:\\\/\\\/candas365.es\\\/noticias\\\/#organization\"}}]}\n\t\t<\/script>\n\t\t<!-- All in One SEO Pro -->\r\n\t\t<title>Comienza Mostra Espanha 2017 | Cand\u00e1s 365<\/title>\n\n","aioseo_head_json":{"title":"Comienza Mostra Espanha 2017 | Cand\u00e1s 365","description":"El pr\u00f3ximo jueves, 28 de septiembre, comienza la Mostra Espanha 2017, una cita ineludible con la cultura espa\u00f1ola y portuguesa ideada para fortalecer los puentes que unen a ambos pa\u00edses. \u200bEl ministro de Cultura portugu\u00e9s, Antonio Filipe de Castro y el secretario de Estado de Cultura espa\u00f1ol y presidente de Acci\u00f3n Cultural Espa\u00f1ola, Fernando Benzo,","canonical_url":"https:\/\/candas365.es\/noticias\/comienza-mostra-espanha-2017\/","robots":"max-image-preview:large","keywords":"agenda","webmasterTools":{"google-site-verification":"UA-32230408-1","msvalidate.01":"354F3CDFB2DA171B47FBE9ABF1F88D5","miscellaneous":""},"schema":{"@context":"https:\/\/schema.org","@graph":[{"@type":"BreadcrumbList","@id":"https:\/\/candas365.es\/noticias\/comienza-mostra-espanha-2017\/#breadcrumblist","itemListElement":[{"@type":"ListItem","@id":"https:\/\/candas365.es\/noticias#listItem","position":1,"name":"Home","item":"https:\/\/candas365.es\/noticias","nextItem":{"@type":"ListItem","@id":"https:\/\/candas365.es\/noticias\/category\/agenda\/#listItem","name":"Agenda"}},{"@type":"ListItem","@id":"https:\/\/candas365.es\/noticias\/category\/agenda\/#listItem","position":2,"name":"Agenda","item":"https:\/\/candas365.es\/noticias\/category\/agenda\/","nextItem":{"@type":"ListItem","@id":"https:\/\/candas365.es\/noticias\/comienza-mostra-espanha-2017\/#listItem","name":"Comienza Mostra Espanha 2017"},"previousItem":{"@type":"ListItem","@id":"https:\/\/candas365.es\/noticias#listItem","name":"Home"}},{"@type":"ListItem","@id":"https:\/\/candas365.es\/noticias\/comienza-mostra-espanha-2017\/#listItem","position":3,"name":"Comienza Mostra Espanha 2017","previousItem":{"@type":"ListItem","@id":"https:\/\/candas365.es\/noticias\/category\/agenda\/#listItem","name":"Agenda"}}]},{"@type":"NewsArticle","@id":"https:\/\/candas365.es\/noticias\/comienza-mostra-espanha-2017\/#newsarticle","name":"Comienza Mostra Espanha 2017 | Cand\u00e1s 365","headline":"Comienza Mostra Espanha 2017","author":{"@id":"https:\/\/candas365.es\/noticias\/author\/admin\/#author"},"publisher":{"@id":"https:\/\/candas365.es\/noticias\/#organization"},"image":{"@type":"ImageObject","url":"https:\/\/candas365.es\/noticias\/wp-content\/uploads\/2017\/09\/260917mostra-Espanha2.jpg","width":496,"height":329},"datePublished":"2017-09-26T18:52:25+02:00","dateModified":"2017-09-26T18:52:25+02:00","inLanguage":"es-ES","mainEntityOfPage":{"@id":"https:\/\/candas365.es\/noticias\/comienza-mostra-espanha-2017\/#webpage"},"isPartOf":{"@id":"https:\/\/candas365.es\/noticias\/comienza-mostra-espanha-2017\/#webpage"},"articleSection":"Agenda","dateline":"Publicado el septiembre 26, 2017."},{"@type":"Organization","@id":"https:\/\/candas365.es\/noticias\/#organization","name":"Cand\u00e1s 365","description":"Cand\u00e1s 365 es un diario digital independiente, fundado en 2012, con base en Asturias. Informamos con rigor sobre actualidad, sociedad, cultura y ocio, con una mirada local y global.","url":"https:\/\/candas365.es\/noticias\/","email":"info@candas365.es","telephone":"+34652131393","foundingDate":"2012-06-10","logo":{"@type":"ImageObject","url":"https:\/\/candas365.es\/noticias\/wp-content\/uploads\/2024\/09\/Candas-365-Redes.jpg","@id":"https:\/\/candas365.es\/noticias\/comienza-mostra-espanha-2017\/#organizationLogo","width":1152,"height":864,"caption":"Cand\u00e1s 365 Redes"},"image":{"@id":"https:\/\/candas365.es\/noticias\/comienza-mostra-espanha-2017\/#organizationLogo"},"sameAs":["https:\/\/www.facebook.com\/Nachofdezber","https:\/\/x.com\/NabercoDigital","https:\/\/www.instagram.com\/nachofdezber\/","https:\/\/www.youtube.com\/channel\/UCZP-2wLEB9Rv6erhFmqVnvg"],"address":{"@id":"https:\/\/candas365.es\/noticias\/#postaladdress","@type":"PostalAddress","streetAddress":"san antonio 4, san antonio 4","postalCode":"33430","addressLocality":"Cand\u00e1s","addressRegion":"Asturias","addressCountry":"ES"}},{"@type":"Person","@id":"https:\/\/candas365.es\/noticias\/author\/admin\/#author","url":"https:\/\/candas365.es\/noticias\/author\/admin\/","name":"Cand\u00e1s 365","image":{"@type":"ImageObject","@id":"https:\/\/candas365.es\/noticias\/comienza-mostra-espanha-2017\/#authorImage","url":"https:\/\/secure.gravatar.com\/avatar\/496a8e03d0c493ede1718b7934145dbdf8d89be1036b0eec9544e1094c9de390?s=96&d=mm&r=g","width":96,"height":96,"caption":"Cand\u00e1s 365"},"sameAs":["https:\/\/www.facebook.com\/carrenoactualidad","https:\/\/twitter.com\/nbasturias","https:\/\/www.instagram.com\/nachofdezber\/","https:\/\/www.youtube.com\/channel\/UCZP-2wLEB9Rv6erhFmqVnvg"]},{"@type":"WebPage","@id":"https:\/\/candas365.es\/noticias\/comienza-mostra-espanha-2017\/#webpage","url":"https:\/\/candas365.es\/noticias\/comienza-mostra-espanha-2017\/","name":"Comienza Mostra Espanha 2017 | Cand\u00e1s 365","description":"El pr\u00f3ximo jueves, 28 de septiembre, comienza la Mostra Espanha 2017, una cita ineludible con la cultura espa\u00f1ola y portuguesa ideada para fortalecer los puentes que unen a ambos pa\u00edses. \u200bEl ministro de Cultura portugu\u00e9s, Antonio Filipe de Castro y el secretario de Estado de Cultura espa\u00f1ol y presidente de Acci\u00f3n Cultural Espa\u00f1ola, Fernando Benzo,","inLanguage":"es-ES","isPartOf":{"@id":"https:\/\/candas365.es\/noticias\/#website"},"breadcrumb":{"@id":"https:\/\/candas365.es\/noticias\/comienza-mostra-espanha-2017\/#breadcrumblist"},"author":{"@id":"https:\/\/candas365.es\/noticias\/author\/admin\/#author"},"creator":{"@id":"https:\/\/candas365.es\/noticias\/author\/admin\/#author"},"image":{"@type":"ImageObject","url":"https:\/\/candas365.es\/noticias\/wp-content\/uploads\/2017\/09\/260917mostra-Espanha2.jpg","@id":"https:\/\/candas365.es\/noticias\/comienza-mostra-espanha-2017\/#mainImage","width":496,"height":329},"primaryImageOfPage":{"@id":"https:\/\/candas365.es\/noticias\/comienza-mostra-espanha-2017\/#mainImage"},"datePublished":"2017-09-26T18:52:25+02:00","dateModified":"2017-09-26T18:52:25+02:00"},{"@type":"WebSite","@id":"https:\/\/candas365.es\/noticias\/#website","url":"https:\/\/candas365.es\/noticias\/","name":"Cand\u00e1s 365","alternateName":"Cand\u00e1s 365 Noticias","description":"Actualidad desde Carre\u00f1o para el mundo","inLanguage":"es-ES","publisher":{"@id":"https:\/\/candas365.es\/noticias\/#organization"}}]},"og:locale":"es_ES","og:site_name":"Cand\u00e1s 365","og:type":"article","og:title":"Comienza Mostra Espanha 2017 | Cand\u00e1s 365","og:description":"El pr\u00f3ximo jueves, 28 de septiembre, comienza la Mostra Espanha 2017, una cita ineludible con la cultura espa\u00f1ola y portuguesa ideada para fortalecer los puentes que unen a ambos pa\u00edses. \u200bEl ministro de Cultura portugu\u00e9s, Antonio Filipe de Castro y el secretario de Estado de Cultura espa\u00f1ol y presidente de Acci\u00f3n Cultural Espa\u00f1ola, Fernando Benzo,","og:url":"https:\/\/candas365.es\/noticias\/comienza-mostra-espanha-2017\/","og:image":"https:\/\/candas365.es\/noticias\/wp-content\/uploads\/2017\/09\/260917mostra-Espanha2.jpg","og:image:secure_url":"https:\/\/candas365.es\/noticias\/wp-content\/uploads\/2017\/09\/260917mostra-Espanha2.jpg","og:image:width":496,"og:image:height":329,"article:published_time":"2017-09-26T18:52:25+00:00","article:modified_time":"2017-09-26T18:52:25+00:00","article:publisher":"https:\/\/www.facebook.com\/Nachofdezber","article:author":"https:\/\/www.facebook.com\/carrenoactualidad","twitter:card":"summary_large_image","twitter:site":"@NabercoDigital","twitter:title":"Comienza Mostra Espanha 2017 | Cand\u00e1s 365","twitter:description":"El pr\u00f3ximo jueves, 28 de septiembre, comienza la Mostra Espanha 2017, una cita ineludible con la cultura espa\u00f1ola y portuguesa ideada para fortalecer los puentes que unen a ambos pa\u00edses. \u200bEl ministro de Cultura portugu\u00e9s, Antonio Filipe de Castro y el secretario de Estado de Cultura espa\u00f1ol y presidente de Acci\u00f3n Cultural Espa\u00f1ola, Fernando Benzo,","twitter:creator":"@nbasturias","twitter:image":"https:\/\/candas365.es\/noticias\/wp-content\/uploads\/2017\/09\/260917mostra-Espanha2.jpg","twitter:label1":"Escrito por","twitter:data1":"Cand\u00e1s 365","twitter:label2":"Tiempo de lectura estimado","twitter:data2":"4 minutos"},"aioseo_meta_data":{"post_id":"80814","title":null,"description":null,"keywords":null,"keyphrases":null,"primary_term":null,"canonical_url":null,"og_title":null,"og_description":null,"og_object_type":"default","og_image_type":"default","og_image_url":null,"og_image_width":null,"og_image_height":null,"og_image_custom_url":null,"og_image_custom_fields":null,"og_video":null,"og_custom_url":null,"og_article_section":null,"og_article_tags":null,"twitter_use_og":false,"twitter_card":"default","twitter_image_type":"default","twitter_image_url":null,"twitter_image_custom_url":null,"twitter_image_custom_fields":null,"twitter_title":null,"twitter_description":null,"schema":{"blockGraphs":[],"customGraphs":[],"default":{"data":{"Article":[],"Course":[],"Dataset":[],"FAQPage":[],"Movie":[],"Person":[],"Product":[],"ProductReview":[],"Car":[],"Recipe":[],"Service":[],"SoftwareApplication":[],"WebPage":[]},"graphName":"","isEnabled":true},"graphs":[]},"schema_type":null,"schema_type_options":null,"pillar_content":false,"robots_default":true,"robots_noindex":false,"robots_noarchive":false,"robots_nosnippet":false,"robots_nofollow":false,"robots_noimageindex":false,"robots_noodp":false,"robots_notranslate":false,"robots_max_snippet":null,"robots_max_videopreview":null,"robots_max_imagepreview":"large","priority":null,"frequency":null,"location":null,"local_seo":null,"seo_analyzer_scan_date":"2025-08-26 00:59:16","breadcrumb_settings":null,"limit_modified_date":false,"reviewed_by":null,"open_ai":null,"ai":null,"created":"2020-12-21 12:45:55","updated":"2025-08-26 00:59:16"},"aioseo_breadcrumb":"<div class=\"aioseo-breadcrumbs\"><span class=\"aioseo-breadcrumb\">\n\t<a href=\"https:\/\/candas365.es\/noticias\" title=\"Home\">Home<\/a>\n<\/span><span class=\"aioseo-breadcrumb-separator\">&ndash;<\/span><span class=\"aioseo-breadcrumb\">\n\t<a href=\"https:\/\/candas365.es\/noticias\/category\/agenda\/\" title=\"Agenda\">Agenda<\/a>\n<\/span><span class=\"aioseo-breadcrumb-separator\">&ndash;<\/span><span class=\"aioseo-breadcrumb\">\n\tComienza Mostra Espanha 2017\n<\/span><\/div>","aioseo_breadcrumb_json":[{"label":"Home","link":"https:\/\/candas365.es\/noticias"},{"label":"Agenda","link":"https:\/\/candas365.es\/noticias\/category\/agenda\/"},{"label":"Comienza Mostra Espanha 2017","link":"https:\/\/candas365.es\/noticias\/comienza-mostra-espanha-2017\/"}],"_links":{"self":[{"href":"https:\/\/candas365.es\/noticias\/wp-json\/wp\/v2\/posts\/80814","targetHints":{"allow":["GET"]}}],"collection":[{"href":"https:\/\/candas365.es\/noticias\/wp-json\/wp\/v2\/posts"}],"about":[{"href":"https:\/\/candas365.es\/noticias\/wp-json\/wp\/v2\/types\/post"}],"author":[{"embeddable":true,"href":"https:\/\/candas365.es\/noticias\/wp-json\/wp\/v2\/users\/1"}],"replies":[{"embeddable":true,"href":"https:\/\/candas365.es\/noticias\/wp-json\/wp\/v2\/comments?post=80814"}],"version-history":[{"count":0,"href":"https:\/\/candas365.es\/noticias\/wp-json\/wp\/v2\/posts\/80814\/revisions"}],"wp:featuredmedia":[{"embeddable":true,"href":"https:\/\/candas365.es\/noticias\/wp-json\/wp\/v2\/media\/80815"}],"wp:attachment":[{"href":"https:\/\/candas365.es\/noticias\/wp-json\/wp\/v2\/media?parent=80814"}],"wp:term":[{"taxonomy":"category","embeddable":true,"href":"https:\/\/candas365.es\/noticias\/wp-json\/wp\/v2\/categories?post=80814"},{"taxonomy":"post_tag","embeddable":true,"href":"https:\/\/candas365.es\/noticias\/wp-json\/wp\/v2\/tags?post=80814"}],"curies":[{"name":"wp","href":"https:\/\/api.w.org\/{rel}","templated":true}]}}