{"id":80267,"date":"2017-09-20T21:24:00","date_gmt":"2017-09-20T21:24:00","guid":{"rendered":"http:\/\/candas365.es\/noticias\/?p=80267"},"modified":"2017-09-21T20:13:36","modified_gmt":"2017-09-21T20:13:36","slug":"jornada-de-puertas-abiertas-en-laboral-ciudad-de-la-cultura-el-24-de-septiembre","status":"publish","type":"post","link":"https:\/\/candas365.es\/noticias\/jornada-de-puertas-abiertas-en-laboral-ciudad-de-la-cultura-el-24-de-septiembre\/","title":{"rendered":"Jornada de Puertas Abiertas en Laboral Ciudad de la Cultura"},"content":{"rendered":"<p><img fetchpriority=\"high\" decoding=\"async\" class=\"alignleft size-medium wp-image-80268\" src=\"https:\/\/candas365.es\/noticias\/wp-content\/uploads\/2017\/09\/Laboral-360x239.jpg\" alt=\"\" width=\"360\" height=\"239\" srcset=\"https:\/\/candas365.es\/noticias\/wp-content\/uploads\/2017\/09\/Laboral-360x239.jpg 360w, https:\/\/candas365.es\/noticias\/wp-content\/uploads\/2017\/09\/Laboral-768x511.jpg 768w, https:\/\/candas365.es\/noticias\/wp-content\/uploads\/2017\/09\/Laboral-655x435.jpg 655w, https:\/\/candas365.es\/noticias\/wp-content\/uploads\/2017\/09\/Laboral-696x463.jpg 696w, https:\/\/candas365.es\/noticias\/wp-content\/uploads\/2017\/09\/Laboral-1068x710.jpg 1068w, https:\/\/candas365.es\/noticias\/wp-content\/uploads\/2017\/09\/Laboral-632x420.jpg 632w, https:\/\/candas365.es\/noticias\/wp-content\/uploads\/2017\/09\/Laboral-84x55.jpg 84w, https:\/\/candas365.es\/noticias\/wp-content\/uploads\/2017\/09\/Laboral.jpg 1280w\" sizes=\"(max-width: 360px) 100vw, 360px\" \/>Laboral Ciudad de la Cultura celebra este domingo 24 de septiembre su Jornada de Puertas Abiertas con actividades gratuitas como visitas, talleres infantiles y una variada programaci\u00f3n art\u00edstica con m\u00fasica, danza o teatro.<\/p>\n<p>El p\u00fablico podr\u00e1 visitar de forma gratuita la Biblioteca de la Facultad de Comercio, Turismo y Ciencias Sociales \u201cJovellanos\u201d, los talleres del Centro Integrado de Formaci\u00f3n Profesional \u201cLa Laboral\u201d, las antiguas Cocinas y Lavander\u00edas o subir al Mirador de la Torre de 10:30 a 15:00 y de 16:00 a 20:00 horas, de forma continuada cada 30 minutos. Tambi\u00e9n se podr\u00e1 conocer el Espacio Permacultural de la Laboral a las 12:00, 13:00, 17:30 y 18:30 horas, la sede de la Radio Televisi\u00f3n del Principado de Asturias (RTPA) a las 11:30, 13:00, 17:00 y 18:30 horas, o participar en una visitar especial al Teatro de la Laboral, guiada por la \u201cvoz del propio teatro\u201d, a las 12:00 y 13:00 horas.<\/p>\n<p>En la Jornada de Puertas Abiertas de la Laboral habr\u00e1 animaci\u00f3n con clown al aire libre de la mano de los alumnos de la Escuela Superior de Arte Dram\u00e1tico a las 11:30, 13:00, 16:30 y 18:00 horas; m\u00fasica de c\u00e1mara en la Sala de Pinturas a las 11:30, 12:30, 17:00 y 18:00 horas y diferentes coreograf\u00edas breves en el Teatro Alejandro Casona de la ESAD a las 11:30, 12:30 y 17:00 horas con el alumnado del Conservatorio Profesional de M\u00fasica y Danza de Gij\u00f3n. La Xata La Rifa ofrecer\u00e1 fragmentos de un musical minero a las 12:30 horas en la Sala 1, Bailadera T\u00edteres mostrar\u00e1 su Caperucita Roja en el Paraninfo a las 12:30, 17:00 y 18:30 horas e Hipn\u00f3tica Circo Teatro representar\u00e1 peque\u00f1as muestras del espect\u00e1culo Buceando el cielo a las 16:30, 17:30 y 18:30 horas en el Teatro de la Laboral.<\/p>\n<p>Adem\u00e1s, Metropolitan Gij\u00f3n ofrecer\u00e1 una master class de yoga a las 11:30 horas en la Iglesia de la Laboral y una de zumba a las 13:00 horas en la Terraza de la Laboral y RetroSwing Gij\u00f3n, una clase para aprender o mejorar el Lindy hop o bailes como el Jazz Step y Shim Sham a las 17:00 horas en la Iglesia.<\/p>\n<p>Para el p\u00fablico infantil de 6 a 12 a\u00f1os habr\u00e1 dos talleres: \u201cLa hora del c\u00f3digo\u201d (12:00, 16:30 y 18:30 h.), en la que los participantes se sumergir\u00e1n en la programaci\u00f3n de ordenadores con profesionales de los Colegios Oficiales de Ingenieros T\u00e9cnicos e Ingenieros en Inform\u00e1tica del Principado de Asturias; y \u201cEntre fogones anda el juego\u201d (12:30 y 17:30 h.), en la que los ni\u00f1os desarrollar\u00e1n una masa b\u00e1sica sazonada con juegos teatrales de movimiento e improvisaci\u00f3n con Nacho Atienza de Mr. V\u00e8rtigo.<\/p>\n<p>Tambi\u00e9n se realizar\u00e1n ascensiones en globo cautivo desde la Plaza C\u00edvica de la Laboral de 10:00 a 12:00 horas, una actividad con las plazas completas y sujeta a condiciones meteorol\u00f3gicas favorables, y en la Cocina de la Laboral preparar\u00e1n un men\u00fa especial con motivo de la Jornada de Puertas Abiertas.<\/p>\n<p>Todas las visitas y actividades son gratuitas.<\/p>\n","protected":false},"excerpt":{"rendered":"<p>Laboral Ciudad de la Cultura celebra este domingo 24 de septiembre su Jornada de Puertas Abiertas con actividades gratuitas como visitas, talleres infantiles y una variada programaci\u00f3n art\u00edstica con m\u00fasica, danza o teatro. El p\u00fablico podr\u00e1 visitar de forma gratuita la Biblioteca de la Facultad de Comercio, Turismo y Ciencias Sociales \u201cJovellanos\u201d, los talleres del<\/p>\n","protected":false},"author":1,"featured_media":80268,"comment_status":"closed","ping_status":"closed","sticky":false,"template":"","format":"standard","meta":{"footnotes":""},"categories":[1],"tags":[],"class_list":{"0":"post-80267","1":"post","2":"type-post","3":"status-publish","4":"format-standard","5":"has-post-thumbnail","7":"category-agenda"},"aioseo_notices":[],"aioseo_head":"\n\t\t<!-- All in One SEO Pro 4.9.6.2 - aioseo.com -->\n\t<meta name=\"description\" content=\"Laboral Ciudad de la Cultura celebra este domingo 24 de septiembre su Jornada de Puertas Abiertas con actividades gratuitas como visitas, talleres infantiles y una variada programaci\u00f3n art\u00edstica con m\u00fasica, danza o teatro. El p\u00fablico podr\u00e1 visitar de forma gratuita la Biblioteca de la Facultad de Comercio, Turismo y Ciencias Sociales \u201cJovellanos\u201d, los talleres del\" \/>\n\t<meta name=\"robots\" content=\"max-image-preview:large\" \/>\n\t<meta name=\"author\" content=\"Cand\u00e1s 365\"\/>\n\t<meta name=\"google-site-verification\" content=\"UA-32230408-1\" \/>\n\t<meta name=\"msvalidate.01\" content=\"354F3CDFB2DA171B47FBE9ABF1F88D5\" \/>\n\t<meta name=\"keywords\" content=\"agenda\" \/>\n\t<link rel=\"canonical\" href=\"https:\/\/candas365.es\/noticias\/jornada-de-puertas-abiertas-en-laboral-ciudad-de-la-cultura-el-24-de-septiembre\/\" \/>\n\t<meta name=\"generator\" content=\"All in One SEO Pro (AIOSEO) 4.9.6.2\" \/>\n\t\t<meta property=\"og:locale\" content=\"es_ES\" \/>\n\t\t<meta property=\"og:site_name\" content=\"Cand\u00e1s 365\" \/>\n\t\t<meta property=\"og:type\" content=\"article\" \/>\n\t\t<meta property=\"og:title\" content=\"Jornada de Puertas Abiertas en Laboral Ciudad de la Cultura | Cand\u00e1s 365\" \/>\n\t\t<meta property=\"og:description\" content=\"Laboral Ciudad de la Cultura celebra este domingo 24 de septiembre su Jornada de Puertas Abiertas con actividades gratuitas como visitas, talleres infantiles y una variada programaci\u00f3n art\u00edstica con m\u00fasica, danza o teatro. El p\u00fablico podr\u00e1 visitar de forma gratuita la Biblioteca de la Facultad de Comercio, Turismo y Ciencias Sociales \u201cJovellanos\u201d, los talleres del\" \/>\n\t\t<meta property=\"og:url\" content=\"https:\/\/candas365.es\/noticias\/jornada-de-puertas-abiertas-en-laboral-ciudad-de-la-cultura-el-24-de-septiembre\/\" \/>\n\t\t<meta property=\"og:image\" content=\"https:\/\/candas365.es\/noticias\/wp-content\/uploads\/2017\/09\/Laboral.jpg\" \/>\n\t\t<meta property=\"og:image:secure_url\" content=\"https:\/\/candas365.es\/noticias\/wp-content\/uploads\/2017\/09\/Laboral.jpg\" \/>\n\t\t<meta property=\"og:image:width\" content=\"1280\" \/>\n\t\t<meta property=\"og:image:height\" content=\"851\" \/>\n\t\t<meta property=\"article:published_time\" content=\"2017-09-20T21:24:00+00:00\" \/>\n\t\t<meta property=\"article:modified_time\" content=\"2017-09-21T20:13:36+00:00\" \/>\n\t\t<meta property=\"article:publisher\" content=\"https:\/\/www.facebook.com\/Nachofdezber\" \/>\n\t\t<meta property=\"article:author\" content=\"https:\/\/www.facebook.com\/carrenoactualidad\" \/>\n\t\t<meta name=\"twitter:card\" content=\"summary_large_image\" \/>\n\t\t<meta name=\"twitter:site\" content=\"@NabercoDigital\" \/>\n\t\t<meta name=\"twitter:title\" content=\"Jornada de Puertas Abiertas en Laboral Ciudad de la Cultura | Cand\u00e1s 365\" \/>\n\t\t<meta name=\"twitter:description\" content=\"Laboral Ciudad de la Cultura celebra este domingo 24 de septiembre su Jornada de Puertas Abiertas con actividades gratuitas como visitas, talleres infantiles y una variada programaci\u00f3n art\u00edstica con m\u00fasica, danza o teatro. El p\u00fablico podr\u00e1 visitar de forma gratuita la Biblioteca de la Facultad de Comercio, Turismo y Ciencias Sociales \u201cJovellanos\u201d, los talleres del\" \/>\n\t\t<meta name=\"twitter:creator\" content=\"@nbasturias\" \/>\n\t\t<meta name=\"twitter:image\" content=\"https:\/\/candas365.es\/noticias\/wp-content\/uploads\/2017\/09\/Laboral.jpg\" \/>\n\t\t<meta name=\"twitter:label1\" content=\"Escrito por\" \/>\n\t\t<meta name=\"twitter:data1\" content=\"Cand\u00e1s 365\" \/>\n\t\t<meta name=\"twitter:label2\" content=\"Tiempo de lectura estimado\" \/>\n\t\t<meta name=\"twitter:data2\" content=\"2 minutos\" \/>\n\t\t<script type=\"application\/ld+json\" class=\"aioseo-schema\">\n\t\t\t{\"@context\":\"https:\\\/\\\/schema.org\",\"@graph\":[{\"@type\":\"BreadcrumbList\",\"@id\":\"https:\\\/\\\/candas365.es\\\/noticias\\\/jornada-de-puertas-abiertas-en-laboral-ciudad-de-la-cultura-el-24-de-septiembre\\\/#breadcrumblist\",\"itemListElement\":[{\"@type\":\"ListItem\",\"@id\":\"https:\\\/\\\/candas365.es\\\/noticias#listItem\",\"position\":1,\"name\":\"Home\",\"item\":\"https:\\\/\\\/candas365.es\\\/noticias\",\"nextItem\":{\"@type\":\"ListItem\",\"@id\":\"https:\\\/\\\/candas365.es\\\/noticias\\\/category\\\/agenda\\\/#listItem\",\"name\":\"Agenda\"}},{\"@type\":\"ListItem\",\"@id\":\"https:\\\/\\\/candas365.es\\\/noticias\\\/category\\\/agenda\\\/#listItem\",\"position\":2,\"name\":\"Agenda\",\"item\":\"https:\\\/\\\/candas365.es\\\/noticias\\\/category\\\/agenda\\\/\",\"nextItem\":{\"@type\":\"ListItem\",\"@id\":\"https:\\\/\\\/candas365.es\\\/noticias\\\/jornada-de-puertas-abiertas-en-laboral-ciudad-de-la-cultura-el-24-de-septiembre\\\/#listItem\",\"name\":\"Jornada de Puertas Abiertas en Laboral Ciudad de la Cultura\"},\"previousItem\":{\"@type\":\"ListItem\",\"@id\":\"https:\\\/\\\/candas365.es\\\/noticias#listItem\",\"name\":\"Home\"}},{\"@type\":\"ListItem\",\"@id\":\"https:\\\/\\\/candas365.es\\\/noticias\\\/jornada-de-puertas-abiertas-en-laboral-ciudad-de-la-cultura-el-24-de-septiembre\\\/#listItem\",\"position\":3,\"name\":\"Jornada de Puertas Abiertas en Laboral Ciudad de la Cultura\",\"previousItem\":{\"@type\":\"ListItem\",\"@id\":\"https:\\\/\\\/candas365.es\\\/noticias\\\/category\\\/agenda\\\/#listItem\",\"name\":\"Agenda\"}}]},{\"@type\":\"NewsArticle\",\"@id\":\"https:\\\/\\\/candas365.es\\\/noticias\\\/jornada-de-puertas-abiertas-en-laboral-ciudad-de-la-cultura-el-24-de-septiembre\\\/#newsarticle\",\"name\":\"Jornada de Puertas Abiertas en Laboral Ciudad de la Cultura | Cand\\u00e1s 365\",\"headline\":\"Jornada de Puertas Abiertas en Laboral Ciudad de la Cultura\",\"author\":{\"@id\":\"https:\\\/\\\/candas365.es\\\/noticias\\\/author\\\/admin\\\/#author\"},\"publisher\":{\"@id\":\"https:\\\/\\\/candas365.es\\\/noticias\\\/#organization\"},\"image\":{\"@type\":\"ImageObject\",\"url\":\"https:\\\/\\\/candas365.es\\\/noticias\\\/wp-content\\\/uploads\\\/2017\\\/09\\\/Laboral.jpg\",\"width\":1280,\"height\":851},\"datePublished\":\"2017-09-20T21:24:00+02:00\",\"dateModified\":\"2017-09-21T20:13:36+02:00\",\"inLanguage\":\"es-ES\",\"mainEntityOfPage\":{\"@id\":\"https:\\\/\\\/candas365.es\\\/noticias\\\/jornada-de-puertas-abiertas-en-laboral-ciudad-de-la-cultura-el-24-de-septiembre\\\/#webpage\"},\"isPartOf\":{\"@id\":\"https:\\\/\\\/candas365.es\\\/noticias\\\/jornada-de-puertas-abiertas-en-laboral-ciudad-de-la-cultura-el-24-de-septiembre\\\/#webpage\"},\"articleSection\":\"Agenda\",\"dateline\":\"Publicado el septiembre 20, 2017.\"},{\"@type\":\"Organization\",\"@id\":\"https:\\\/\\\/candas365.es\\\/noticias\\\/#organization\",\"name\":\"Cand\\u00e1s 365\",\"description\":\"Cand\\u00e1s 365 es un diario digital independiente, fundado en 2012, con base en Asturias. Informamos con rigor sobre actualidad, sociedad, cultura y ocio, con una mirada local y global.\",\"url\":\"https:\\\/\\\/candas365.es\\\/noticias\\\/\",\"email\":\"info@candas365.es\",\"telephone\":\"+34652131393\",\"foundingDate\":\"2012-06-10\",\"logo\":{\"@type\":\"ImageObject\",\"url\":\"https:\\\/\\\/candas365.es\\\/noticias\\\/wp-content\\\/uploads\\\/2024\\\/09\\\/Candas-365-Redes.jpg\",\"@id\":\"https:\\\/\\\/candas365.es\\\/noticias\\\/jornada-de-puertas-abiertas-en-laboral-ciudad-de-la-cultura-el-24-de-septiembre\\\/#organizationLogo\",\"width\":1152,\"height\":864,\"caption\":\"Cand\\u00e1s 365 Redes\"},\"image\":{\"@id\":\"https:\\\/\\\/candas365.es\\\/noticias\\\/jornada-de-puertas-abiertas-en-laboral-ciudad-de-la-cultura-el-24-de-septiembre\\\/#organizationLogo\"},\"sameAs\":[\"https:\\\/\\\/www.facebook.com\\\/Nachofdezber\",\"https:\\\/\\\/x.com\\\/NabercoDigital\",\"https:\\\/\\\/www.instagram.com\\\/nachofdezber\\\/\",\"https:\\\/\\\/www.youtube.com\\\/channel\\\/UCZP-2wLEB9Rv6erhFmqVnvg\"],\"address\":{\"@id\":\"https:\\\/\\\/candas365.es\\\/noticias\\\/#postaladdress\",\"@type\":\"PostalAddress\",\"streetAddress\":\"san antonio 4, san antonio 4\",\"postalCode\":\"33430\",\"addressLocality\":\"Cand\\u00e1s\",\"addressRegion\":\"Asturias\",\"addressCountry\":\"ES\"}},{\"@type\":\"Person\",\"@id\":\"https:\\\/\\\/candas365.es\\\/noticias\\\/author\\\/admin\\\/#author\",\"url\":\"https:\\\/\\\/candas365.es\\\/noticias\\\/author\\\/admin\\\/\",\"name\":\"Cand\\u00e1s 365\",\"image\":{\"@type\":\"ImageObject\",\"@id\":\"https:\\\/\\\/candas365.es\\\/noticias\\\/jornada-de-puertas-abiertas-en-laboral-ciudad-de-la-cultura-el-24-de-septiembre\\\/#authorImage\",\"url\":\"https:\\\/\\\/secure.gravatar.com\\\/avatar\\\/496a8e03d0c493ede1718b7934145dbdf8d89be1036b0eec9544e1094c9de390?s=96&d=mm&r=g\",\"width\":96,\"height\":96,\"caption\":\"Cand\\u00e1s 365\"},\"sameAs\":[\"https:\\\/\\\/www.facebook.com\\\/carrenoactualidad\",\"https:\\\/\\\/twitter.com\\\/nbasturias\",\"https:\\\/\\\/www.instagram.com\\\/nachofdezber\\\/\",\"https:\\\/\\\/www.youtube.com\\\/channel\\\/UCZP-2wLEB9Rv6erhFmqVnvg\"]},{\"@type\":\"WebPage\",\"@id\":\"https:\\\/\\\/candas365.es\\\/noticias\\\/jornada-de-puertas-abiertas-en-laboral-ciudad-de-la-cultura-el-24-de-septiembre\\\/#webpage\",\"url\":\"https:\\\/\\\/candas365.es\\\/noticias\\\/jornada-de-puertas-abiertas-en-laboral-ciudad-de-la-cultura-el-24-de-septiembre\\\/\",\"name\":\"Jornada de Puertas Abiertas en Laboral Ciudad de la Cultura | Cand\\u00e1s 365\",\"description\":\"Laboral Ciudad de la Cultura celebra este domingo 24 de septiembre su Jornada de Puertas Abiertas con actividades gratuitas como visitas, talleres infantiles y una variada programaci\\u00f3n art\\u00edstica con m\\u00fasica, danza o teatro. El p\\u00fablico podr\\u00e1 visitar de forma gratuita la Biblioteca de la Facultad de Comercio, Turismo y Ciencias Sociales \\u201cJovellanos\\u201d, los talleres del\",\"inLanguage\":\"es-ES\",\"isPartOf\":{\"@id\":\"https:\\\/\\\/candas365.es\\\/noticias\\\/#website\"},\"breadcrumb\":{\"@id\":\"https:\\\/\\\/candas365.es\\\/noticias\\\/jornada-de-puertas-abiertas-en-laboral-ciudad-de-la-cultura-el-24-de-septiembre\\\/#breadcrumblist\"},\"author\":{\"@id\":\"https:\\\/\\\/candas365.es\\\/noticias\\\/author\\\/admin\\\/#author\"},\"creator\":{\"@id\":\"https:\\\/\\\/candas365.es\\\/noticias\\\/author\\\/admin\\\/#author\"},\"image\":{\"@type\":\"ImageObject\",\"url\":\"https:\\\/\\\/candas365.es\\\/noticias\\\/wp-content\\\/uploads\\\/2017\\\/09\\\/Laboral.jpg\",\"@id\":\"https:\\\/\\\/candas365.es\\\/noticias\\\/jornada-de-puertas-abiertas-en-laboral-ciudad-de-la-cultura-el-24-de-septiembre\\\/#mainImage\",\"width\":1280,\"height\":851},\"primaryImageOfPage\":{\"@id\":\"https:\\\/\\\/candas365.es\\\/noticias\\\/jornada-de-puertas-abiertas-en-laboral-ciudad-de-la-cultura-el-24-de-septiembre\\\/#mainImage\"},\"datePublished\":\"2017-09-20T21:24:00+02:00\",\"dateModified\":\"2017-09-21T20:13:36+02:00\"},{\"@type\":\"WebSite\",\"@id\":\"https:\\\/\\\/candas365.es\\\/noticias\\\/#website\",\"url\":\"https:\\\/\\\/candas365.es\\\/noticias\\\/\",\"name\":\"Cand\\u00e1s 365\",\"alternateName\":\"Cand\\u00e1s 365 Noticias\",\"description\":\"Actualidad desde Carre\\u00f1o para el mundo\",\"inLanguage\":\"es-ES\",\"publisher\":{\"@id\":\"https:\\\/\\\/candas365.es\\\/noticias\\\/#organization\"}}]}\n\t\t<\/script>\n\t\t<!-- All in One SEO Pro -->\r\n\t\t<title>Jornada de Puertas Abiertas en Laboral Ciudad de la Cultura | Cand\u00e1s 365<\/title>\n\n","aioseo_head_json":{"title":"Jornada de Puertas Abiertas en Laboral Ciudad de la Cultura | Cand\u00e1s 365","description":"Laboral Ciudad de la Cultura celebra este domingo 24 de septiembre su Jornada de Puertas Abiertas con actividades gratuitas como visitas, talleres infantiles y una variada programaci\u00f3n art\u00edstica con m\u00fasica, danza o teatro. El p\u00fablico podr\u00e1 visitar de forma gratuita la Biblioteca de la Facultad de Comercio, Turismo y Ciencias Sociales \u201cJovellanos\u201d, los talleres del","canonical_url":"https:\/\/candas365.es\/noticias\/jornada-de-puertas-abiertas-en-laboral-ciudad-de-la-cultura-el-24-de-septiembre\/","robots":"max-image-preview:large","keywords":"agenda","webmasterTools":{"google-site-verification":"UA-32230408-1","msvalidate.01":"354F3CDFB2DA171B47FBE9ABF1F88D5","miscellaneous":""},"schema":{"@context":"https:\/\/schema.org","@graph":[{"@type":"BreadcrumbList","@id":"https:\/\/candas365.es\/noticias\/jornada-de-puertas-abiertas-en-laboral-ciudad-de-la-cultura-el-24-de-septiembre\/#breadcrumblist","itemListElement":[{"@type":"ListItem","@id":"https:\/\/candas365.es\/noticias#listItem","position":1,"name":"Home","item":"https:\/\/candas365.es\/noticias","nextItem":{"@type":"ListItem","@id":"https:\/\/candas365.es\/noticias\/category\/agenda\/#listItem","name":"Agenda"}},{"@type":"ListItem","@id":"https:\/\/candas365.es\/noticias\/category\/agenda\/#listItem","position":2,"name":"Agenda","item":"https:\/\/candas365.es\/noticias\/category\/agenda\/","nextItem":{"@type":"ListItem","@id":"https:\/\/candas365.es\/noticias\/jornada-de-puertas-abiertas-en-laboral-ciudad-de-la-cultura-el-24-de-septiembre\/#listItem","name":"Jornada de Puertas Abiertas en Laboral Ciudad de la Cultura"},"previousItem":{"@type":"ListItem","@id":"https:\/\/candas365.es\/noticias#listItem","name":"Home"}},{"@type":"ListItem","@id":"https:\/\/candas365.es\/noticias\/jornada-de-puertas-abiertas-en-laboral-ciudad-de-la-cultura-el-24-de-septiembre\/#listItem","position":3,"name":"Jornada de Puertas Abiertas en Laboral Ciudad de la Cultura","previousItem":{"@type":"ListItem","@id":"https:\/\/candas365.es\/noticias\/category\/agenda\/#listItem","name":"Agenda"}}]},{"@type":"NewsArticle","@id":"https:\/\/candas365.es\/noticias\/jornada-de-puertas-abiertas-en-laboral-ciudad-de-la-cultura-el-24-de-septiembre\/#newsarticle","name":"Jornada de Puertas Abiertas en Laboral Ciudad de la Cultura | Cand\u00e1s 365","headline":"Jornada de Puertas Abiertas en Laboral Ciudad de la Cultura","author":{"@id":"https:\/\/candas365.es\/noticias\/author\/admin\/#author"},"publisher":{"@id":"https:\/\/candas365.es\/noticias\/#organization"},"image":{"@type":"ImageObject","url":"https:\/\/candas365.es\/noticias\/wp-content\/uploads\/2017\/09\/Laboral.jpg","width":1280,"height":851},"datePublished":"2017-09-20T21:24:00+02:00","dateModified":"2017-09-21T20:13:36+02:00","inLanguage":"es-ES","mainEntityOfPage":{"@id":"https:\/\/candas365.es\/noticias\/jornada-de-puertas-abiertas-en-laboral-ciudad-de-la-cultura-el-24-de-septiembre\/#webpage"},"isPartOf":{"@id":"https:\/\/candas365.es\/noticias\/jornada-de-puertas-abiertas-en-laboral-ciudad-de-la-cultura-el-24-de-septiembre\/#webpage"},"articleSection":"Agenda","dateline":"Publicado el septiembre 20, 2017."},{"@type":"Organization","@id":"https:\/\/candas365.es\/noticias\/#organization","name":"Cand\u00e1s 365","description":"Cand\u00e1s 365 es un diario digital independiente, fundado en 2012, con base en Asturias. Informamos con rigor sobre actualidad, sociedad, cultura y ocio, con una mirada local y global.","url":"https:\/\/candas365.es\/noticias\/","email":"info@candas365.es","telephone":"+34652131393","foundingDate":"2012-06-10","logo":{"@type":"ImageObject","url":"https:\/\/candas365.es\/noticias\/wp-content\/uploads\/2024\/09\/Candas-365-Redes.jpg","@id":"https:\/\/candas365.es\/noticias\/jornada-de-puertas-abiertas-en-laboral-ciudad-de-la-cultura-el-24-de-septiembre\/#organizationLogo","width":1152,"height":864,"caption":"Cand\u00e1s 365 Redes"},"image":{"@id":"https:\/\/candas365.es\/noticias\/jornada-de-puertas-abiertas-en-laboral-ciudad-de-la-cultura-el-24-de-septiembre\/#organizationLogo"},"sameAs":["https:\/\/www.facebook.com\/Nachofdezber","https:\/\/x.com\/NabercoDigital","https:\/\/www.instagram.com\/nachofdezber\/","https:\/\/www.youtube.com\/channel\/UCZP-2wLEB9Rv6erhFmqVnvg"],"address":{"@id":"https:\/\/candas365.es\/noticias\/#postaladdress","@type":"PostalAddress","streetAddress":"san antonio 4, san antonio 4","postalCode":"33430","addressLocality":"Cand\u00e1s","addressRegion":"Asturias","addressCountry":"ES"}},{"@type":"Person","@id":"https:\/\/candas365.es\/noticias\/author\/admin\/#author","url":"https:\/\/candas365.es\/noticias\/author\/admin\/","name":"Cand\u00e1s 365","image":{"@type":"ImageObject","@id":"https:\/\/candas365.es\/noticias\/jornada-de-puertas-abiertas-en-laboral-ciudad-de-la-cultura-el-24-de-septiembre\/#authorImage","url":"https:\/\/secure.gravatar.com\/avatar\/496a8e03d0c493ede1718b7934145dbdf8d89be1036b0eec9544e1094c9de390?s=96&d=mm&r=g","width":96,"height":96,"caption":"Cand\u00e1s 365"},"sameAs":["https:\/\/www.facebook.com\/carrenoactualidad","https:\/\/twitter.com\/nbasturias","https:\/\/www.instagram.com\/nachofdezber\/","https:\/\/www.youtube.com\/channel\/UCZP-2wLEB9Rv6erhFmqVnvg"]},{"@type":"WebPage","@id":"https:\/\/candas365.es\/noticias\/jornada-de-puertas-abiertas-en-laboral-ciudad-de-la-cultura-el-24-de-septiembre\/#webpage","url":"https:\/\/candas365.es\/noticias\/jornada-de-puertas-abiertas-en-laboral-ciudad-de-la-cultura-el-24-de-septiembre\/","name":"Jornada de Puertas Abiertas en Laboral Ciudad de la Cultura | Cand\u00e1s 365","description":"Laboral Ciudad de la Cultura celebra este domingo 24 de septiembre su Jornada de Puertas Abiertas con actividades gratuitas como visitas, talleres infantiles y una variada programaci\u00f3n art\u00edstica con m\u00fasica, danza o teatro. El p\u00fablico podr\u00e1 visitar de forma gratuita la Biblioteca de la Facultad de Comercio, Turismo y Ciencias Sociales \u201cJovellanos\u201d, los talleres del","inLanguage":"es-ES","isPartOf":{"@id":"https:\/\/candas365.es\/noticias\/#website"},"breadcrumb":{"@id":"https:\/\/candas365.es\/noticias\/jornada-de-puertas-abiertas-en-laboral-ciudad-de-la-cultura-el-24-de-septiembre\/#breadcrumblist"},"author":{"@id":"https:\/\/candas365.es\/noticias\/author\/admin\/#author"},"creator":{"@id":"https:\/\/candas365.es\/noticias\/author\/admin\/#author"},"image":{"@type":"ImageObject","url":"https:\/\/candas365.es\/noticias\/wp-content\/uploads\/2017\/09\/Laboral.jpg","@id":"https:\/\/candas365.es\/noticias\/jornada-de-puertas-abiertas-en-laboral-ciudad-de-la-cultura-el-24-de-septiembre\/#mainImage","width":1280,"height":851},"primaryImageOfPage":{"@id":"https:\/\/candas365.es\/noticias\/jornada-de-puertas-abiertas-en-laboral-ciudad-de-la-cultura-el-24-de-septiembre\/#mainImage"},"datePublished":"2017-09-20T21:24:00+02:00","dateModified":"2017-09-21T20:13:36+02:00"},{"@type":"WebSite","@id":"https:\/\/candas365.es\/noticias\/#website","url":"https:\/\/candas365.es\/noticias\/","name":"Cand\u00e1s 365","alternateName":"Cand\u00e1s 365 Noticias","description":"Actualidad desde Carre\u00f1o para el mundo","inLanguage":"es-ES","publisher":{"@id":"https:\/\/candas365.es\/noticias\/#organization"}}]},"og:locale":"es_ES","og:site_name":"Cand\u00e1s 365","og:type":"article","og:title":"Jornada de Puertas Abiertas en Laboral Ciudad de la Cultura | Cand\u00e1s 365","og:description":"Laboral Ciudad de la Cultura celebra este domingo 24 de septiembre su Jornada de Puertas Abiertas con actividades gratuitas como visitas, talleres infantiles y una variada programaci\u00f3n art\u00edstica con m\u00fasica, danza o teatro. El p\u00fablico podr\u00e1 visitar de forma gratuita la Biblioteca de la Facultad de Comercio, Turismo y Ciencias Sociales \u201cJovellanos\u201d, los talleres del","og:url":"https:\/\/candas365.es\/noticias\/jornada-de-puertas-abiertas-en-laboral-ciudad-de-la-cultura-el-24-de-septiembre\/","og:image":"https:\/\/candas365.es\/noticias\/wp-content\/uploads\/2017\/09\/Laboral.jpg","og:image:secure_url":"https:\/\/candas365.es\/noticias\/wp-content\/uploads\/2017\/09\/Laboral.jpg","og:image:width":1280,"og:image:height":851,"article:published_time":"2017-09-20T21:24:00+00:00","article:modified_time":"2017-09-21T20:13:36+00:00","article:publisher":"https:\/\/www.facebook.com\/Nachofdezber","article:author":"https:\/\/www.facebook.com\/carrenoactualidad","twitter:card":"summary_large_image","twitter:site":"@NabercoDigital","twitter:title":"Jornada de Puertas Abiertas en Laboral Ciudad de la Cultura | Cand\u00e1s 365","twitter:description":"Laboral Ciudad de la Cultura celebra este domingo 24 de septiembre su Jornada de Puertas Abiertas con actividades gratuitas como visitas, talleres infantiles y una variada programaci\u00f3n art\u00edstica con m\u00fasica, danza o teatro. El p\u00fablico podr\u00e1 visitar de forma gratuita la Biblioteca de la Facultad de Comercio, Turismo y Ciencias Sociales \u201cJovellanos\u201d, los talleres del","twitter:creator":"@nbasturias","twitter:image":"https:\/\/candas365.es\/noticias\/wp-content\/uploads\/2017\/09\/Laboral.jpg","twitter:label1":"Escrito por","twitter:data1":"Cand\u00e1s 365","twitter:label2":"Tiempo de lectura estimado","twitter:data2":"2 minutos"},"aioseo_meta_data":{"post_id":"80267","title":null,"description":null,"keywords":null,"keyphrases":null,"primary_term":null,"canonical_url":null,"og_title":null,"og_description":null,"og_object_type":"default","og_image_type":"default","og_image_url":null,"og_image_width":null,"og_image_height":null,"og_image_custom_url":null,"og_image_custom_fields":null,"og_video":null,"og_custom_url":null,"og_article_section":null,"og_article_tags":null,"twitter_use_og":false,"twitter_card":"default","twitter_image_type":"default","twitter_image_url":null,"twitter_image_custom_url":null,"twitter_image_custom_fields":null,"twitter_title":null,"twitter_description":null,"schema":{"blockGraphs":[],"customGraphs":[],"default":{"data":{"Article":[],"Course":[],"Dataset":[],"FAQPage":[],"Movie":[],"Person":[],"Product":[],"ProductReview":[],"Car":[],"Recipe":[],"Service":[],"SoftwareApplication":[],"WebPage":[]},"graphName":"","isEnabled":true},"graphs":[],"defaultGraph":"","defaultPostTypeGraph":""},"schema_type":null,"schema_type_options":null,"pillar_content":false,"robots_default":true,"robots_noindex":false,"robots_noarchive":false,"robots_nosnippet":false,"robots_nofollow":false,"robots_noimageindex":false,"robots_noodp":false,"robots_notranslate":false,"robots_max_snippet":null,"robots_max_videopreview":null,"robots_max_imagepreview":"large","priority":null,"frequency":null,"location":null,"local_seo":null,"seo_analyzer_scan_date":"2025-08-26 00:15:17","breadcrumb_settings":null,"limit_modified_date":false,"reviewed_by":null,"open_ai":null,"ai":null,"created":"2020-12-21 12:47:55","updated":"2025-08-26 00:15:17"},"aioseo_breadcrumb":"<div class=\"aioseo-breadcrumbs\"><span class=\"aioseo-breadcrumb\">\n\t<a href=\"https:\/\/candas365.es\/noticias\" title=\"Home\">Home<\/a>\n<\/span><span class=\"aioseo-breadcrumb-separator\">&ndash;<\/span><span class=\"aioseo-breadcrumb\">\n\t<a href=\"https:\/\/candas365.es\/noticias\/category\/agenda\/\" title=\"Agenda\">Agenda<\/a>\n<\/span><span class=\"aioseo-breadcrumb-separator\">&ndash;<\/span><span class=\"aioseo-breadcrumb\">\n\tJornada de Puertas Abiertas en Laboral Ciudad de la Cultura\n<\/span><\/div>","aioseo_breadcrumb_json":[{"label":"Home","link":"https:\/\/candas365.es\/noticias"},{"label":"Agenda","link":"https:\/\/candas365.es\/noticias\/category\/agenda\/"},{"label":"Jornada de Puertas Abiertas en Laboral Ciudad de la Cultura","link":"https:\/\/candas365.es\/noticias\/jornada-de-puertas-abiertas-en-laboral-ciudad-de-la-cultura-el-24-de-septiembre\/"}],"_links":{"self":[{"href":"https:\/\/candas365.es\/noticias\/wp-json\/wp\/v2\/posts\/80267","targetHints":{"allow":["GET"]}}],"collection":[{"href":"https:\/\/candas365.es\/noticias\/wp-json\/wp\/v2\/posts"}],"about":[{"href":"https:\/\/candas365.es\/noticias\/wp-json\/wp\/v2\/types\/post"}],"author":[{"embeddable":true,"href":"https:\/\/candas365.es\/noticias\/wp-json\/wp\/v2\/users\/1"}],"replies":[{"embeddable":true,"href":"https:\/\/candas365.es\/noticias\/wp-json\/wp\/v2\/comments?post=80267"}],"version-history":[{"count":0,"href":"https:\/\/candas365.es\/noticias\/wp-json\/wp\/v2\/posts\/80267\/revisions"}],"wp:featuredmedia":[{"embeddable":true,"href":"https:\/\/candas365.es\/noticias\/wp-json\/wp\/v2\/media\/80268"}],"wp:attachment":[{"href":"https:\/\/candas365.es\/noticias\/wp-json\/wp\/v2\/media?parent=80267"}],"wp:term":[{"taxonomy":"category","embeddable":true,"href":"https:\/\/candas365.es\/noticias\/wp-json\/wp\/v2\/categories?post=80267"},{"taxonomy":"post_tag","embeddable":true,"href":"https:\/\/candas365.es\/noticias\/wp-json\/wp\/v2\/tags?post=80267"}],"curies":[{"name":"wp","href":"https:\/\/api.w.org\/{rel}","templated":true}]}}