{"id":80216,"date":"2017-09-19T18:59:53","date_gmt":"2017-09-19T18:59:53","guid":{"rendered":"http:\/\/candas365.es\/noticias\/?p=80216"},"modified":"2017-09-19T18:59:53","modified_gmt":"2017-09-19T18:59:53","slug":"ii-ciclo-de-cine-cientifico-en-gijon","status":"publish","type":"post","link":"https:\/\/candas365.es\/noticias\/ii-ciclo-de-cine-cientifico-en-gijon\/","title":{"rendered":"II Ciclo de cine cient\u00edfico, en Gij\u00f3n"},"content":{"rendered":"<p><img fetchpriority=\"high\" decoding=\"async\" class=\"alignleft size-medium wp-image-77992\" src=\"https:\/\/candas365.es\/noticias\/wp-content\/uploads\/2017\/08\/cine-2233692_960_720-360x248.jpg\" alt=\"\" width=\"360\" height=\"248\" srcset=\"https:\/\/candas365.es\/noticias\/wp-content\/uploads\/2017\/08\/cine-2233692_960_720-360x248.jpg 360w, https:\/\/candas365.es\/noticias\/wp-content\/uploads\/2017\/08\/cine-2233692_960_720-768x528.jpg 768w, https:\/\/candas365.es\/noticias\/wp-content\/uploads\/2017\/08\/cine-2233692_960_720-655x450.jpg 655w, https:\/\/candas365.es\/noticias\/wp-content\/uploads\/2017\/08\/cine-2233692_960_720-100x70.jpg 100w, https:\/\/candas365.es\/noticias\/wp-content\/uploads\/2017\/08\/cine-2233692_960_720-218x150.jpg 218w, https:\/\/candas365.es\/noticias\/wp-content\/uploads\/2017\/08\/cine-2233692_960_720-696x479.jpg 696w, https:\/\/candas365.es\/noticias\/wp-content\/uploads\/2017\/08\/cine-2233692_960_720-611x420.jpg 611w, https:\/\/candas365.es\/noticias\/wp-content\/uploads\/2017\/08\/cine-2233692_960_720.jpg 960w\" sizes=\"(max-width: 360px) 100vw, 360px\" \/>Ma\u00f1ana, con la proyecci\u00f3n de la pel\u00edcula \u201cBlade Runner\u201d de Ridley Scott, dar\u00e1 comienzo el segundo ciclo de cine cient\u00edfico que organiza la Fundaci\u00f3n Municipal de Cultura en el marco del programa de divulgaci\u00f3n cient\u00edfica \u201cGij\u00f3n conCiencia\u201d. En este ciclo se proyectar\u00e1n grandes t\u00edtulos del cine en los que se abordan diversas \u00e1reas del conocimiento cient\u00edfico y tecnol\u00f3gico. Clonaciones, grandes matem\u00e1ticos, viajes espaciales y robots estar\u00e1n presentes en una muestra que deja patente que la ciencia forma parte del s\u00e9ptimo arte. Las pel\u00edculas ser\u00e1n presentadas por Jos\u00e9 Ignacio Fern\u00e1ndez del Castro.<\/p>\n<p><strong>Programa:<\/strong><\/p>\n<p>Mi\u00e9rcoles 20: Blade Runner (Ridley Scott, 1982). Duraci\u00f3n:117 minutos. Los \u00c1ngeles, 2019. Tyrell Corporation ha fabricado robots bi\u00f3nicos id\u00e9nticos a los seres humanos pero mucho m\u00e1s fuertes y din\u00e1micos, destinados a trabajar como esclavos en colonias espaciales. Tras la sangrienta rebeli\u00f3n de algunos de estos androides, llamados \u00abreplicantes\u00bb, son \u00abretirados\u00bb (ejecutados) por agentes de polic\u00eda (\u00abblade runners\u00bb).<\/p>\n<p>Jueves 21: Gattaca (Andrew Niccol, 1997). Duraci\u00f3n: 106 minutos. Vincent, concebido \u00aba la vieja usanza\u00bb en una sociedad seleccionada gen\u00e9ticamente mediante fecundaciones in vitro, ha nacido con una deficiencia card\u00edaca que le condena a trabajos socialmente despreciados. Alguien le sugiere c\u00f3mo formar parte de la \u00e9lite social: suplantando a un antiguo deportista, accidentalmente paral\u00edtico. Con su nueva personalidad es seleccionado por la empresa aeroespacial Gattaca para una misi\u00f3n en Tit\u00e1n. Todo va bien hasta que el director del proyecto aparece asesinado.<\/p>\n<p>Viernes 22: El abrazo de la serpiente (Ciro Guerra, 2015). Duraci\u00f3n: 125 minutos. Karamakate de joven un respetado cham\u00e1n, malvive hoy en las profundidades de la selva amaz\u00f3nica convertido en \u00abchullachaqui\u00bb, una especie de c\u00e1scara vac\u00eda de ser humano. Pero sacude la indolencia y recupera sus abandonados saberes para ayudar a un etnobot\u00e1nico norteamericano que busca la m\u00edtica y activa planta secreta llamada \u00abyakruna\u00bb.<\/p>\n","protected":false},"excerpt":{"rendered":"<p>Ma\u00f1ana, con la proyecci\u00f3n de la pel\u00edcula \u201cBlade Runner\u201d de Ridley Scott, dar\u00e1 comienzo el segundo ciclo de cine cient\u00edfico que organiza la Fundaci\u00f3n Municipal de Cultura en el marco del programa de divulgaci\u00f3n cient\u00edfica \u201cGij\u00f3n conCiencia\u201d. En este ciclo se proyectar\u00e1n grandes t\u00edtulos del cine en los que se abordan diversas \u00e1reas del conocimiento<\/p>\n","protected":false},"author":1,"featured_media":77992,"comment_status":"closed","ping_status":"closed","sticky":false,"template":"","format":"standard","meta":{"footnotes":""},"categories":[1],"tags":[],"class_list":{"0":"post-80216","1":"post","2":"type-post","3":"status-publish","4":"format-standard","5":"has-post-thumbnail","7":"category-agenda"},"aioseo_notices":[],"aioseo_head":"\n\t\t<!-- All in One SEO Pro 4.9.6.2 - aioseo.com -->\n\t<meta name=\"description\" content=\"Ma\u00f1ana, con la proyecci\u00f3n de la pel\u00edcula \u201cBlade Runner\u201d de Ridley Scott, dar\u00e1 comienzo el segundo ciclo de cine cient\u00edfico que organiza la Fundaci\u00f3n Municipal de Cultura en el marco del programa de divulgaci\u00f3n cient\u00edfica \u201cGij\u00f3n conCiencia\u201d. En este ciclo se proyectar\u00e1n grandes t\u00edtulos del cine en los que se abordan diversas \u00e1reas del conocimiento\" \/>\n\t<meta name=\"robots\" content=\"max-image-preview:large\" \/>\n\t<meta name=\"author\" content=\"Cand\u00e1s 365\"\/>\n\t<meta name=\"google-site-verification\" content=\"UA-32230408-1\" \/>\n\t<meta name=\"msvalidate.01\" content=\"354F3CDFB2DA171B47FBE9ABF1F88D5\" \/>\n\t<meta name=\"keywords\" content=\"agenda\" \/>\n\t<link rel=\"canonical\" href=\"https:\/\/candas365.es\/noticias\/ii-ciclo-de-cine-cientifico-en-gijon\/\" \/>\n\t<meta name=\"generator\" content=\"All in One SEO Pro (AIOSEO) 4.9.6.2\" \/>\n\t\t<meta property=\"og:locale\" content=\"es_ES\" \/>\n\t\t<meta property=\"og:site_name\" content=\"Cand\u00e1s 365\" \/>\n\t\t<meta property=\"og:type\" content=\"article\" \/>\n\t\t<meta property=\"og:title\" content=\"II Ciclo de cine cient\u00edfico, en Gij\u00f3n | Cand\u00e1s 365\" \/>\n\t\t<meta property=\"og:description\" content=\"Ma\u00f1ana, con la proyecci\u00f3n de la pel\u00edcula \u201cBlade Runner\u201d de Ridley Scott, dar\u00e1 comienzo el segundo ciclo de cine cient\u00edfico que organiza la Fundaci\u00f3n Municipal de Cultura en el marco del programa de divulgaci\u00f3n cient\u00edfica \u201cGij\u00f3n conCiencia\u201d. En este ciclo se proyectar\u00e1n grandes t\u00edtulos del cine en los que se abordan diversas \u00e1reas del conocimiento\" \/>\n\t\t<meta property=\"og:url\" content=\"https:\/\/candas365.es\/noticias\/ii-ciclo-de-cine-cientifico-en-gijon\/\" \/>\n\t\t<meta property=\"og:image\" content=\"https:\/\/candas365.es\/noticias\/wp-content\/uploads\/2017\/08\/cine-2233692_960_720.jpg\" \/>\n\t\t<meta property=\"og:image:secure_url\" content=\"https:\/\/candas365.es\/noticias\/wp-content\/uploads\/2017\/08\/cine-2233692_960_720.jpg\" \/>\n\t\t<meta property=\"og:image:width\" content=\"960\" \/>\n\t\t<meta property=\"og:image:height\" content=\"660\" \/>\n\t\t<meta property=\"article:published_time\" content=\"2017-09-19T18:59:53+00:00\" \/>\n\t\t<meta property=\"article:modified_time\" content=\"2017-09-19T18:59:53+00:00\" \/>\n\t\t<meta property=\"article:publisher\" content=\"https:\/\/www.facebook.com\/Nachofdezber\" \/>\n\t\t<meta property=\"article:author\" content=\"https:\/\/www.facebook.com\/carrenoactualidad\" \/>\n\t\t<meta name=\"twitter:card\" content=\"summary_large_image\" \/>\n\t\t<meta name=\"twitter:site\" content=\"@NabercoDigital\" \/>\n\t\t<meta name=\"twitter:title\" content=\"II Ciclo de cine cient\u00edfico, en Gij\u00f3n | Cand\u00e1s 365\" \/>\n\t\t<meta name=\"twitter:description\" content=\"Ma\u00f1ana, con la proyecci\u00f3n de la pel\u00edcula \u201cBlade Runner\u201d de Ridley Scott, dar\u00e1 comienzo el segundo ciclo de cine cient\u00edfico que organiza la Fundaci\u00f3n Municipal de Cultura en el marco del programa de divulgaci\u00f3n cient\u00edfica \u201cGij\u00f3n conCiencia\u201d. En este ciclo se proyectar\u00e1n grandes t\u00edtulos del cine en los que se abordan diversas \u00e1reas del conocimiento\" \/>\n\t\t<meta name=\"twitter:creator\" content=\"@nbasturias\" \/>\n\t\t<meta name=\"twitter:image\" content=\"https:\/\/candas365.es\/noticias\/wp-content\/uploads\/2017\/08\/cine-2233692_960_720.jpg\" \/>\n\t\t<meta name=\"twitter:label1\" content=\"Escrito por\" \/>\n\t\t<meta name=\"twitter:data1\" content=\"Cand\u00e1s 365\" \/>\n\t\t<meta name=\"twitter:label2\" content=\"Tiempo de lectura estimado\" \/>\n\t\t<meta name=\"twitter:data2\" content=\"2 minutos\" \/>\n\t\t<script type=\"application\/ld+json\" class=\"aioseo-schema\">\n\t\t\t{\"@context\":\"https:\\\/\\\/schema.org\",\"@graph\":[{\"@type\":\"BreadcrumbList\",\"@id\":\"https:\\\/\\\/candas365.es\\\/noticias\\\/ii-ciclo-de-cine-cientifico-en-gijon\\\/#breadcrumblist\",\"itemListElement\":[{\"@type\":\"ListItem\",\"@id\":\"https:\\\/\\\/candas365.es\\\/noticias#listItem\",\"position\":1,\"name\":\"Home\",\"item\":\"https:\\\/\\\/candas365.es\\\/noticias\",\"nextItem\":{\"@type\":\"ListItem\",\"@id\":\"https:\\\/\\\/candas365.es\\\/noticias\\\/category\\\/agenda\\\/#listItem\",\"name\":\"Agenda\"}},{\"@type\":\"ListItem\",\"@id\":\"https:\\\/\\\/candas365.es\\\/noticias\\\/category\\\/agenda\\\/#listItem\",\"position\":2,\"name\":\"Agenda\",\"item\":\"https:\\\/\\\/candas365.es\\\/noticias\\\/category\\\/agenda\\\/\",\"nextItem\":{\"@type\":\"ListItem\",\"@id\":\"https:\\\/\\\/candas365.es\\\/noticias\\\/ii-ciclo-de-cine-cientifico-en-gijon\\\/#listItem\",\"name\":\"II Ciclo de cine cient\\u00edfico, en Gij\\u00f3n\"},\"previousItem\":{\"@type\":\"ListItem\",\"@id\":\"https:\\\/\\\/candas365.es\\\/noticias#listItem\",\"name\":\"Home\"}},{\"@type\":\"ListItem\",\"@id\":\"https:\\\/\\\/candas365.es\\\/noticias\\\/ii-ciclo-de-cine-cientifico-en-gijon\\\/#listItem\",\"position\":3,\"name\":\"II Ciclo de cine cient\\u00edfico, en Gij\\u00f3n\",\"previousItem\":{\"@type\":\"ListItem\",\"@id\":\"https:\\\/\\\/candas365.es\\\/noticias\\\/category\\\/agenda\\\/#listItem\",\"name\":\"Agenda\"}}]},{\"@type\":\"NewsArticle\",\"@id\":\"https:\\\/\\\/candas365.es\\\/noticias\\\/ii-ciclo-de-cine-cientifico-en-gijon\\\/#newsarticle\",\"name\":\"II Ciclo de cine cient\\u00edfico, en Gij\\u00f3n | Cand\\u00e1s 365\",\"headline\":\"II Ciclo de cine cient\\u00edfico, en Gij\\u00f3n\",\"author\":{\"@id\":\"https:\\\/\\\/candas365.es\\\/noticias\\\/author\\\/admin\\\/#author\"},\"publisher\":{\"@id\":\"https:\\\/\\\/candas365.es\\\/noticias\\\/#organization\"},\"image\":{\"@type\":\"ImageObject\",\"url\":\"https:\\\/\\\/candas365.es\\\/noticias\\\/wp-content\\\/uploads\\\/2017\\\/08\\\/cine-2233692_960_720.jpg\",\"width\":960,\"height\":660},\"datePublished\":\"2017-09-19T18:59:53+02:00\",\"dateModified\":\"2017-09-19T18:59:53+02:00\",\"inLanguage\":\"es-ES\",\"mainEntityOfPage\":{\"@id\":\"https:\\\/\\\/candas365.es\\\/noticias\\\/ii-ciclo-de-cine-cientifico-en-gijon\\\/#webpage\"},\"isPartOf\":{\"@id\":\"https:\\\/\\\/candas365.es\\\/noticias\\\/ii-ciclo-de-cine-cientifico-en-gijon\\\/#webpage\"},\"articleSection\":\"Agenda\",\"dateline\":\"Publicado el septiembre 19, 2017.\"},{\"@type\":\"Organization\",\"@id\":\"https:\\\/\\\/candas365.es\\\/noticias\\\/#organization\",\"name\":\"Cand\\u00e1s 365\",\"description\":\"Cand\\u00e1s 365 es un diario digital independiente, fundado en 2012, con base en Asturias. Informamos con rigor sobre actualidad, sociedad, cultura y ocio, con una mirada local y global.\",\"url\":\"https:\\\/\\\/candas365.es\\\/noticias\\\/\",\"email\":\"info@candas365.es\",\"telephone\":\"+34652131393\",\"foundingDate\":\"2012-06-10\",\"logo\":{\"@type\":\"ImageObject\",\"url\":\"https:\\\/\\\/candas365.es\\\/noticias\\\/wp-content\\\/uploads\\\/2024\\\/09\\\/Candas-365-Redes.jpg\",\"@id\":\"https:\\\/\\\/candas365.es\\\/noticias\\\/ii-ciclo-de-cine-cientifico-en-gijon\\\/#organizationLogo\",\"width\":1152,\"height\":864,\"caption\":\"Cand\\u00e1s 365 Redes\"},\"image\":{\"@id\":\"https:\\\/\\\/candas365.es\\\/noticias\\\/ii-ciclo-de-cine-cientifico-en-gijon\\\/#organizationLogo\"},\"sameAs\":[\"https:\\\/\\\/www.facebook.com\\\/Nachofdezber\",\"https:\\\/\\\/x.com\\\/NabercoDigital\",\"https:\\\/\\\/www.instagram.com\\\/nachofdezber\\\/\",\"https:\\\/\\\/www.youtube.com\\\/channel\\\/UCZP-2wLEB9Rv6erhFmqVnvg\"],\"address\":{\"@id\":\"https:\\\/\\\/candas365.es\\\/noticias\\\/#postaladdress\",\"@type\":\"PostalAddress\",\"streetAddress\":\"san antonio 4, san antonio 4\",\"postalCode\":\"33430\",\"addressLocality\":\"Cand\\u00e1s\",\"addressRegion\":\"Asturias\",\"addressCountry\":\"ES\"}},{\"@type\":\"Person\",\"@id\":\"https:\\\/\\\/candas365.es\\\/noticias\\\/author\\\/admin\\\/#author\",\"url\":\"https:\\\/\\\/candas365.es\\\/noticias\\\/author\\\/admin\\\/\",\"name\":\"Cand\\u00e1s 365\",\"image\":{\"@type\":\"ImageObject\",\"@id\":\"https:\\\/\\\/candas365.es\\\/noticias\\\/ii-ciclo-de-cine-cientifico-en-gijon\\\/#authorImage\",\"url\":\"https:\\\/\\\/secure.gravatar.com\\\/avatar\\\/496a8e03d0c493ede1718b7934145dbdf8d89be1036b0eec9544e1094c9de390?s=96&d=mm&r=g\",\"width\":96,\"height\":96,\"caption\":\"Cand\\u00e1s 365\"},\"sameAs\":[\"https:\\\/\\\/www.facebook.com\\\/carrenoactualidad\",\"https:\\\/\\\/twitter.com\\\/nbasturias\",\"https:\\\/\\\/www.instagram.com\\\/nachofdezber\\\/\",\"https:\\\/\\\/www.youtube.com\\\/channel\\\/UCZP-2wLEB9Rv6erhFmqVnvg\"]},{\"@type\":\"WebPage\",\"@id\":\"https:\\\/\\\/candas365.es\\\/noticias\\\/ii-ciclo-de-cine-cientifico-en-gijon\\\/#webpage\",\"url\":\"https:\\\/\\\/candas365.es\\\/noticias\\\/ii-ciclo-de-cine-cientifico-en-gijon\\\/\",\"name\":\"II Ciclo de cine cient\\u00edfico, en Gij\\u00f3n | Cand\\u00e1s 365\",\"description\":\"Ma\\u00f1ana, con la proyecci\\u00f3n de la pel\\u00edcula \\u201cBlade Runner\\u201d de Ridley Scott, dar\\u00e1 comienzo el segundo ciclo de cine cient\\u00edfico que organiza la Fundaci\\u00f3n Municipal de Cultura en el marco del programa de divulgaci\\u00f3n cient\\u00edfica \\u201cGij\\u00f3n conCiencia\\u201d. En este ciclo se proyectar\\u00e1n grandes t\\u00edtulos del cine en los que se abordan diversas \\u00e1reas del conocimiento\",\"inLanguage\":\"es-ES\",\"isPartOf\":{\"@id\":\"https:\\\/\\\/candas365.es\\\/noticias\\\/#website\"},\"breadcrumb\":{\"@id\":\"https:\\\/\\\/candas365.es\\\/noticias\\\/ii-ciclo-de-cine-cientifico-en-gijon\\\/#breadcrumblist\"},\"author\":{\"@id\":\"https:\\\/\\\/candas365.es\\\/noticias\\\/author\\\/admin\\\/#author\"},\"creator\":{\"@id\":\"https:\\\/\\\/candas365.es\\\/noticias\\\/author\\\/admin\\\/#author\"},\"image\":{\"@type\":\"ImageObject\",\"url\":\"https:\\\/\\\/candas365.es\\\/noticias\\\/wp-content\\\/uploads\\\/2017\\\/08\\\/cine-2233692_960_720.jpg\",\"@id\":\"https:\\\/\\\/candas365.es\\\/noticias\\\/ii-ciclo-de-cine-cientifico-en-gijon\\\/#mainImage\",\"width\":960,\"height\":660},\"primaryImageOfPage\":{\"@id\":\"https:\\\/\\\/candas365.es\\\/noticias\\\/ii-ciclo-de-cine-cientifico-en-gijon\\\/#mainImage\"},\"datePublished\":\"2017-09-19T18:59:53+02:00\",\"dateModified\":\"2017-09-19T18:59:53+02:00\"},{\"@type\":\"WebSite\",\"@id\":\"https:\\\/\\\/candas365.es\\\/noticias\\\/#website\",\"url\":\"https:\\\/\\\/candas365.es\\\/noticias\\\/\",\"name\":\"Cand\\u00e1s 365\",\"alternateName\":\"Cand\\u00e1s 365 Noticias\",\"description\":\"Actualidad desde Carre\\u00f1o para el mundo\",\"inLanguage\":\"es-ES\",\"publisher\":{\"@id\":\"https:\\\/\\\/candas365.es\\\/noticias\\\/#organization\"}}]}\n\t\t<\/script>\n\t\t<!-- All in One SEO Pro -->\r\n\t\t<title>II Ciclo de cine cient\u00edfico, en Gij\u00f3n | Cand\u00e1s 365<\/title>\n\n","aioseo_head_json":{"title":"II Ciclo de cine cient\u00edfico, en Gij\u00f3n | Cand\u00e1s 365","description":"Ma\u00f1ana, con la proyecci\u00f3n de la pel\u00edcula \u201cBlade Runner\u201d de Ridley Scott, dar\u00e1 comienzo el segundo ciclo de cine cient\u00edfico que organiza la Fundaci\u00f3n Municipal de Cultura en el marco del programa de divulgaci\u00f3n cient\u00edfica \u201cGij\u00f3n conCiencia\u201d. En este ciclo se proyectar\u00e1n grandes t\u00edtulos del cine en los que se abordan diversas \u00e1reas del conocimiento","canonical_url":"https:\/\/candas365.es\/noticias\/ii-ciclo-de-cine-cientifico-en-gijon\/","robots":"max-image-preview:large","keywords":"agenda","webmasterTools":{"google-site-verification":"UA-32230408-1","msvalidate.01":"354F3CDFB2DA171B47FBE9ABF1F88D5","miscellaneous":""},"schema":{"@context":"https:\/\/schema.org","@graph":[{"@type":"BreadcrumbList","@id":"https:\/\/candas365.es\/noticias\/ii-ciclo-de-cine-cientifico-en-gijon\/#breadcrumblist","itemListElement":[{"@type":"ListItem","@id":"https:\/\/candas365.es\/noticias#listItem","position":1,"name":"Home","item":"https:\/\/candas365.es\/noticias","nextItem":{"@type":"ListItem","@id":"https:\/\/candas365.es\/noticias\/category\/agenda\/#listItem","name":"Agenda"}},{"@type":"ListItem","@id":"https:\/\/candas365.es\/noticias\/category\/agenda\/#listItem","position":2,"name":"Agenda","item":"https:\/\/candas365.es\/noticias\/category\/agenda\/","nextItem":{"@type":"ListItem","@id":"https:\/\/candas365.es\/noticias\/ii-ciclo-de-cine-cientifico-en-gijon\/#listItem","name":"II Ciclo de cine cient\u00edfico, en Gij\u00f3n"},"previousItem":{"@type":"ListItem","@id":"https:\/\/candas365.es\/noticias#listItem","name":"Home"}},{"@type":"ListItem","@id":"https:\/\/candas365.es\/noticias\/ii-ciclo-de-cine-cientifico-en-gijon\/#listItem","position":3,"name":"II Ciclo de cine cient\u00edfico, en Gij\u00f3n","previousItem":{"@type":"ListItem","@id":"https:\/\/candas365.es\/noticias\/category\/agenda\/#listItem","name":"Agenda"}}]},{"@type":"NewsArticle","@id":"https:\/\/candas365.es\/noticias\/ii-ciclo-de-cine-cientifico-en-gijon\/#newsarticle","name":"II Ciclo de cine cient\u00edfico, en Gij\u00f3n | Cand\u00e1s 365","headline":"II Ciclo de cine cient\u00edfico, en Gij\u00f3n","author":{"@id":"https:\/\/candas365.es\/noticias\/author\/admin\/#author"},"publisher":{"@id":"https:\/\/candas365.es\/noticias\/#organization"},"image":{"@type":"ImageObject","url":"https:\/\/candas365.es\/noticias\/wp-content\/uploads\/2017\/08\/cine-2233692_960_720.jpg","width":960,"height":660},"datePublished":"2017-09-19T18:59:53+02:00","dateModified":"2017-09-19T18:59:53+02:00","inLanguage":"es-ES","mainEntityOfPage":{"@id":"https:\/\/candas365.es\/noticias\/ii-ciclo-de-cine-cientifico-en-gijon\/#webpage"},"isPartOf":{"@id":"https:\/\/candas365.es\/noticias\/ii-ciclo-de-cine-cientifico-en-gijon\/#webpage"},"articleSection":"Agenda","dateline":"Publicado el septiembre 19, 2017."},{"@type":"Organization","@id":"https:\/\/candas365.es\/noticias\/#organization","name":"Cand\u00e1s 365","description":"Cand\u00e1s 365 es un diario digital independiente, fundado en 2012, con base en Asturias. Informamos con rigor sobre actualidad, sociedad, cultura y ocio, con una mirada local y global.","url":"https:\/\/candas365.es\/noticias\/","email":"info@candas365.es","telephone":"+34652131393","foundingDate":"2012-06-10","logo":{"@type":"ImageObject","url":"https:\/\/candas365.es\/noticias\/wp-content\/uploads\/2024\/09\/Candas-365-Redes.jpg","@id":"https:\/\/candas365.es\/noticias\/ii-ciclo-de-cine-cientifico-en-gijon\/#organizationLogo","width":1152,"height":864,"caption":"Cand\u00e1s 365 Redes"},"image":{"@id":"https:\/\/candas365.es\/noticias\/ii-ciclo-de-cine-cientifico-en-gijon\/#organizationLogo"},"sameAs":["https:\/\/www.facebook.com\/Nachofdezber","https:\/\/x.com\/NabercoDigital","https:\/\/www.instagram.com\/nachofdezber\/","https:\/\/www.youtube.com\/channel\/UCZP-2wLEB9Rv6erhFmqVnvg"],"address":{"@id":"https:\/\/candas365.es\/noticias\/#postaladdress","@type":"PostalAddress","streetAddress":"san antonio 4, san antonio 4","postalCode":"33430","addressLocality":"Cand\u00e1s","addressRegion":"Asturias","addressCountry":"ES"}},{"@type":"Person","@id":"https:\/\/candas365.es\/noticias\/author\/admin\/#author","url":"https:\/\/candas365.es\/noticias\/author\/admin\/","name":"Cand\u00e1s 365","image":{"@type":"ImageObject","@id":"https:\/\/candas365.es\/noticias\/ii-ciclo-de-cine-cientifico-en-gijon\/#authorImage","url":"https:\/\/secure.gravatar.com\/avatar\/496a8e03d0c493ede1718b7934145dbdf8d89be1036b0eec9544e1094c9de390?s=96&d=mm&r=g","width":96,"height":96,"caption":"Cand\u00e1s 365"},"sameAs":["https:\/\/www.facebook.com\/carrenoactualidad","https:\/\/twitter.com\/nbasturias","https:\/\/www.instagram.com\/nachofdezber\/","https:\/\/www.youtube.com\/channel\/UCZP-2wLEB9Rv6erhFmqVnvg"]},{"@type":"WebPage","@id":"https:\/\/candas365.es\/noticias\/ii-ciclo-de-cine-cientifico-en-gijon\/#webpage","url":"https:\/\/candas365.es\/noticias\/ii-ciclo-de-cine-cientifico-en-gijon\/","name":"II Ciclo de cine cient\u00edfico, en Gij\u00f3n | Cand\u00e1s 365","description":"Ma\u00f1ana, con la proyecci\u00f3n de la pel\u00edcula \u201cBlade Runner\u201d de Ridley Scott, dar\u00e1 comienzo el segundo ciclo de cine cient\u00edfico que organiza la Fundaci\u00f3n Municipal de Cultura en el marco del programa de divulgaci\u00f3n cient\u00edfica \u201cGij\u00f3n conCiencia\u201d. En este ciclo se proyectar\u00e1n grandes t\u00edtulos del cine en los que se abordan diversas \u00e1reas del conocimiento","inLanguage":"es-ES","isPartOf":{"@id":"https:\/\/candas365.es\/noticias\/#website"},"breadcrumb":{"@id":"https:\/\/candas365.es\/noticias\/ii-ciclo-de-cine-cientifico-en-gijon\/#breadcrumblist"},"author":{"@id":"https:\/\/candas365.es\/noticias\/author\/admin\/#author"},"creator":{"@id":"https:\/\/candas365.es\/noticias\/author\/admin\/#author"},"image":{"@type":"ImageObject","url":"https:\/\/candas365.es\/noticias\/wp-content\/uploads\/2017\/08\/cine-2233692_960_720.jpg","@id":"https:\/\/candas365.es\/noticias\/ii-ciclo-de-cine-cientifico-en-gijon\/#mainImage","width":960,"height":660},"primaryImageOfPage":{"@id":"https:\/\/candas365.es\/noticias\/ii-ciclo-de-cine-cientifico-en-gijon\/#mainImage"},"datePublished":"2017-09-19T18:59:53+02:00","dateModified":"2017-09-19T18:59:53+02:00"},{"@type":"WebSite","@id":"https:\/\/candas365.es\/noticias\/#website","url":"https:\/\/candas365.es\/noticias\/","name":"Cand\u00e1s 365","alternateName":"Cand\u00e1s 365 Noticias","description":"Actualidad desde Carre\u00f1o para el mundo","inLanguage":"es-ES","publisher":{"@id":"https:\/\/candas365.es\/noticias\/#organization"}}]},"og:locale":"es_ES","og:site_name":"Cand\u00e1s 365","og:type":"article","og:title":"II Ciclo de cine cient\u00edfico, en Gij\u00f3n | Cand\u00e1s 365","og:description":"Ma\u00f1ana, con la proyecci\u00f3n de la pel\u00edcula \u201cBlade Runner\u201d de Ridley Scott, dar\u00e1 comienzo el segundo ciclo de cine cient\u00edfico que organiza la Fundaci\u00f3n Municipal de Cultura en el marco del programa de divulgaci\u00f3n cient\u00edfica \u201cGij\u00f3n conCiencia\u201d. En este ciclo se proyectar\u00e1n grandes t\u00edtulos del cine en los que se abordan diversas \u00e1reas del conocimiento","og:url":"https:\/\/candas365.es\/noticias\/ii-ciclo-de-cine-cientifico-en-gijon\/","og:image":"https:\/\/candas365.es\/noticias\/wp-content\/uploads\/2017\/08\/cine-2233692_960_720.jpg","og:image:secure_url":"https:\/\/candas365.es\/noticias\/wp-content\/uploads\/2017\/08\/cine-2233692_960_720.jpg","og:image:width":960,"og:image:height":660,"article:published_time":"2017-09-19T18:59:53+00:00","article:modified_time":"2017-09-19T18:59:53+00:00","article:publisher":"https:\/\/www.facebook.com\/Nachofdezber","article:author":"https:\/\/www.facebook.com\/carrenoactualidad","twitter:card":"summary_large_image","twitter:site":"@NabercoDigital","twitter:title":"II Ciclo de cine cient\u00edfico, en Gij\u00f3n | Cand\u00e1s 365","twitter:description":"Ma\u00f1ana, con la proyecci\u00f3n de la pel\u00edcula \u201cBlade Runner\u201d de Ridley Scott, dar\u00e1 comienzo el segundo ciclo de cine cient\u00edfico que organiza la Fundaci\u00f3n Municipal de Cultura en el marco del programa de divulgaci\u00f3n cient\u00edfica \u201cGij\u00f3n conCiencia\u201d. En este ciclo se proyectar\u00e1n grandes t\u00edtulos del cine en los que se abordan diversas \u00e1reas del conocimiento","twitter:creator":"@nbasturias","twitter:image":"https:\/\/candas365.es\/noticias\/wp-content\/uploads\/2017\/08\/cine-2233692_960_720.jpg","twitter:label1":"Escrito por","twitter:data1":"Cand\u00e1s 365","twitter:label2":"Tiempo de lectura estimado","twitter:data2":"2 minutos"},"aioseo_meta_data":{"post_id":"80216","title":null,"description":null,"keywords":null,"keyphrases":null,"primary_term":null,"canonical_url":null,"og_title":null,"og_description":null,"og_object_type":"default","og_image_type":"default","og_image_url":null,"og_image_width":null,"og_image_height":null,"og_image_custom_url":null,"og_image_custom_fields":null,"og_video":null,"og_custom_url":null,"og_article_section":null,"og_article_tags":null,"twitter_use_og":false,"twitter_card":"default","twitter_image_type":"default","twitter_image_url":null,"twitter_image_custom_url":null,"twitter_image_custom_fields":null,"twitter_title":null,"twitter_description":null,"schema":{"blockGraphs":[],"customGraphs":[],"default":{"data":{"Article":[],"Course":[],"Dataset":[],"FAQPage":[],"Movie":[],"Person":[],"Product":[],"ProductReview":[],"Car":[],"Recipe":[],"Service":[],"SoftwareApplication":[],"WebPage":[]},"graphName":"","isEnabled":true},"graphs":[]},"schema_type":null,"schema_type_options":null,"pillar_content":false,"robots_default":true,"robots_noindex":false,"robots_noarchive":false,"robots_nosnippet":false,"robots_nofollow":false,"robots_noimageindex":false,"robots_noodp":false,"robots_notranslate":false,"robots_max_snippet":null,"robots_max_videopreview":null,"robots_max_imagepreview":"large","priority":null,"frequency":null,"location":null,"local_seo":null,"seo_analyzer_scan_date":"2025-08-26 00:11:21","breadcrumb_settings":null,"limit_modified_date":false,"reviewed_by":null,"open_ai":null,"ai":null,"created":"2020-12-21 12:48:58","updated":"2025-08-26 00:11:21"},"aioseo_breadcrumb":"<div class=\"aioseo-breadcrumbs\"><span class=\"aioseo-breadcrumb\">\n\t<a href=\"https:\/\/candas365.es\/noticias\" title=\"Home\">Home<\/a>\n<\/span><span class=\"aioseo-breadcrumb-separator\">&ndash;<\/span><span class=\"aioseo-breadcrumb\">\n\t<a href=\"https:\/\/candas365.es\/noticias\/category\/agenda\/\" title=\"Agenda\">Agenda<\/a>\n<\/span><span class=\"aioseo-breadcrumb-separator\">&ndash;<\/span><span class=\"aioseo-breadcrumb\">\n\tII Ciclo de cine cient\u00edfico, en Gij\u00f3n\n<\/span><\/div>","aioseo_breadcrumb_json":[{"label":"Home","link":"https:\/\/candas365.es\/noticias"},{"label":"Agenda","link":"https:\/\/candas365.es\/noticias\/category\/agenda\/"},{"label":"II Ciclo de cine cient\u00edfico, en Gij\u00f3n","link":"https:\/\/candas365.es\/noticias\/ii-ciclo-de-cine-cientifico-en-gijon\/"}],"_links":{"self":[{"href":"https:\/\/candas365.es\/noticias\/wp-json\/wp\/v2\/posts\/80216","targetHints":{"allow":["GET"]}}],"collection":[{"href":"https:\/\/candas365.es\/noticias\/wp-json\/wp\/v2\/posts"}],"about":[{"href":"https:\/\/candas365.es\/noticias\/wp-json\/wp\/v2\/types\/post"}],"author":[{"embeddable":true,"href":"https:\/\/candas365.es\/noticias\/wp-json\/wp\/v2\/users\/1"}],"replies":[{"embeddable":true,"href":"https:\/\/candas365.es\/noticias\/wp-json\/wp\/v2\/comments?post=80216"}],"version-history":[{"count":0,"href":"https:\/\/candas365.es\/noticias\/wp-json\/wp\/v2\/posts\/80216\/revisions"}],"wp:featuredmedia":[{"embeddable":true,"href":"https:\/\/candas365.es\/noticias\/wp-json\/wp\/v2\/media\/77992"}],"wp:attachment":[{"href":"https:\/\/candas365.es\/noticias\/wp-json\/wp\/v2\/media?parent=80216"}],"wp:term":[{"taxonomy":"category","embeddable":true,"href":"https:\/\/candas365.es\/noticias\/wp-json\/wp\/v2\/categories?post=80216"},{"taxonomy":"post_tag","embeddable":true,"href":"https:\/\/candas365.es\/noticias\/wp-json\/wp\/v2\/tags?post=80216"}],"curies":[{"name":"wp","href":"https:\/\/api.w.org\/{rel}","templated":true}]}}