{"id":79985,"date":"2017-09-16T21:52:14","date_gmt":"2017-09-16T21:52:14","guid":{"rendered":"http:\/\/candas365.es\/noticias\/?p=79985"},"modified":"2017-09-16T21:52:14","modified_gmt":"2017-09-16T21:52:14","slug":"festicam-2017-en-el-valle-del-jerte","status":"publish","type":"post","link":"https:\/\/candas365.es\/noticias\/festicam-2017-en-el-valle-del-jerte\/","title":{"rendered":"FESTICAM 2017 en el Valle del Jerte"},"content":{"rendered":"<p><img fetchpriority=\"high\" decoding=\"async\" class=\"alignleft size-medium wp-image-79986\" src=\"https:\/\/candas365.es\/noticias\/wp-content\/uploads\/2017\/09\/FESTICAM-2017-360x213.jpg\" alt=\"\" width=\"360\" height=\"213\" srcset=\"https:\/\/candas365.es\/noticias\/wp-content\/uploads\/2017\/09\/FESTICAM-2017-360x213.jpg 360w, https:\/\/candas365.es\/noticias\/wp-content\/uploads\/2017\/09\/FESTICAM-2017-768x455.jpg 768w, https:\/\/candas365.es\/noticias\/wp-content\/uploads\/2017\/09\/FESTICAM-2017-655x388.jpg 655w, https:\/\/candas365.es\/noticias\/wp-content\/uploads\/2017\/09\/FESTICAM-2017-696x412.jpg 696w, https:\/\/candas365.es\/noticias\/wp-content\/uploads\/2017\/09\/FESTICAM-2017-1068x633.jpg 1068w, https:\/\/candas365.es\/noticias\/wp-content\/uploads\/2017\/09\/FESTICAM-2017-709x420.jpg 709w, https:\/\/candas365.es\/noticias\/wp-content\/uploads\/2017\/09\/FESTICAM-2017.jpg 1107w\" sizes=\"(max-width: 360px) 100vw, 360px\" \/>FESTICAM, el Festival de Cultura y Artes del Movimiento que se celebra en el Valle del Jerte calienta motores para su segunda edici\u00f3n, la cual tendr\u00e1 lugar en el pueblo de Rebollar durante los d\u00edas 30 de septiembre y 1 de octubre.<\/p>\n<p>Desde la Mancomunidad del Valle del Jerte se pone en marcha por segundo a\u00f1o esta iniciativa que llama a la participaci\u00f3n no s\u00f3lo de los habitantes de la localidad y de toda la comarca, sino que supone la excusa perfecta para acercarse al Valle y vivir una experiencia diferente.<\/p>\n<p>El Festival engloba charlas, muestras, exhibiciones, talleres, workshops, concursos y espect\u00e1culos. Todo ello con una base en com\u00fan: contribuyen al conocimiento de las diferentes posibilidades de movimiento del cuerpo humano desde un punto de vista art\u00edstico y uniendo la cultura, la actividad f\u00edsica y la salud con el medio rural.<\/p>\n<p>El s\u00e1bado (30 de septiembre) tendr\u00e1n lugar por la ma\u00f1ana un taller de acrobacias a cargo de Vaya Theatre Circus y una masterclass de Pole Dance de la mano de Be a Rainbow.<\/p>\n<p>Al filo del mediod\u00eda ser\u00e1 el turno para los concursos (previa inscripci\u00f3n), y habr\u00e1 dos muy diferentes: de Skate y Bailes de Sal\u00f3n y Ritmos Latinos.<\/p>\n<p>Tambi\u00e9n habr\u00e1 espacio para la jota extreme\u00f1a con un taller impartido por el grupo Chulumi.<\/p>\n<p>Ya por la tarde se desarrollar\u00e1n en diferentes localizaciones del municipio un buen n\u00famero de originales y variadas propuestas: taller y exhibici\u00f3n de Bollywood (Al Qamar), taller de Danza Inclusiva (Paspie), masterclass de Danza Africana (Asociaci\u00f3n Mandala), workshop de animation, popping y bonebreaking (Samuel Mart\u00ed, finalista de Got Talent),<\/p>\n<p>A partir de las 19:00 horas llegar\u00e1n los espect\u00e1culos con los montajes \u00abAtempo\u00bb de Vaya Theatre Circus, \u201cPieles\u201d de Cristian P\u00e9rez Company y \u201cLas Expertas\u201d de la compa\u00f1\u00eda Albadulake.<\/p>\n<p>La jornada del domingo estar\u00e1 protagonizada por la Asociaci\u00f3n Gata Circense y su taller de Circo en Familia a la que seguir\u00e1n la final del concurso de Bailes de Sal\u00f3n y Ritmos Latinos, un taller y muestra de Capoeira a cargo de ACD Arte Popular y una muestra de Danza Espa\u00f1ola de la mano de Sara L\u00f3pez.<\/p>\n<p>Cabe destacar que esta edici\u00f3n todas las actividades propuestas son gratuitas. La mayor parte de las actividades y talleres no requieren inscripci\u00f3n previa, excepto el taller de acrobacias y la masterclass de Pole Dance, as\u00ed como los concursos.<\/p>\n<p>&nbsp;<\/p>\n<p>&nbsp;<\/p>\n","protected":false},"excerpt":{"rendered":"<p>FESTICAM, el Festival de Cultura y Artes del Movimiento que se celebra en el Valle del Jerte calienta motores para su segunda edici\u00f3n, la cual tendr\u00e1 lugar en el pueblo de Rebollar durante los d\u00edas 30 de septiembre y 1 de octubre. Desde la Mancomunidad del Valle del Jerte se pone en marcha por segundo<\/p>\n","protected":false},"author":1,"featured_media":79986,"comment_status":"closed","ping_status":"closed","sticky":false,"template":"","format":"standard","meta":{"footnotes":""},"categories":[1],"tags":[],"class_list":{"0":"post-79985","1":"post","2":"type-post","3":"status-publish","4":"format-standard","5":"has-post-thumbnail","7":"category-agenda"},"aioseo_notices":[],"aioseo_head":"\n\t\t<!-- All in One SEO Pro 4.9.6.2 - aioseo.com -->\n\t<meta name=\"description\" content=\"FESTICAM, el Festival de Cultura y Artes del Movimiento que se celebra en el Valle del Jerte calienta motores para su segunda edici\u00f3n, la cual tendr\u00e1 lugar en el pueblo de Rebollar durante los d\u00edas 30 de septiembre y 1 de octubre. Desde la Mancomunidad del Valle del Jerte se pone en marcha por segundo\" \/>\n\t<meta name=\"robots\" content=\"max-image-preview:large\" \/>\n\t<meta name=\"author\" content=\"Cand\u00e1s 365\"\/>\n\t<meta name=\"google-site-verification\" content=\"UA-32230408-1\" \/>\n\t<meta name=\"msvalidate.01\" content=\"354F3CDFB2DA171B47FBE9ABF1F88D5\" \/>\n\t<meta name=\"keywords\" content=\"agenda\" \/>\n\t<link rel=\"canonical\" href=\"https:\/\/candas365.es\/noticias\/festicam-2017-en-el-valle-del-jerte\/\" \/>\n\t<meta name=\"generator\" content=\"All in One SEO Pro (AIOSEO) 4.9.6.2\" \/>\n\t\t<meta property=\"og:locale\" content=\"es_ES\" \/>\n\t\t<meta property=\"og:site_name\" content=\"Cand\u00e1s 365\" \/>\n\t\t<meta property=\"og:type\" content=\"article\" \/>\n\t\t<meta property=\"og:title\" content=\"FESTICAM 2017 en el Valle del Jerte | Cand\u00e1s 365\" \/>\n\t\t<meta property=\"og:description\" content=\"FESTICAM, el Festival de Cultura y Artes del Movimiento que se celebra en el Valle del Jerte calienta motores para su segunda edici\u00f3n, la cual tendr\u00e1 lugar en el pueblo de Rebollar durante los d\u00edas 30 de septiembre y 1 de octubre. Desde la Mancomunidad del Valle del Jerte se pone en marcha por segundo\" \/>\n\t\t<meta property=\"og:url\" content=\"https:\/\/candas365.es\/noticias\/festicam-2017-en-el-valle-del-jerte\/\" \/>\n\t\t<meta property=\"og:image\" content=\"https:\/\/candas365.es\/noticias\/wp-content\/uploads\/2017\/09\/FESTICAM-2017.jpg\" \/>\n\t\t<meta property=\"og:image:secure_url\" content=\"https:\/\/candas365.es\/noticias\/wp-content\/uploads\/2017\/09\/FESTICAM-2017.jpg\" \/>\n\t\t<meta property=\"og:image:width\" content=\"1107\" \/>\n\t\t<meta property=\"og:image:height\" content=\"656\" \/>\n\t\t<meta property=\"article:published_time\" content=\"2017-09-16T21:52:14+00:00\" \/>\n\t\t<meta property=\"article:modified_time\" content=\"2017-09-16T21:52:14+00:00\" \/>\n\t\t<meta property=\"article:publisher\" content=\"https:\/\/www.facebook.com\/Nachofdezber\" \/>\n\t\t<meta property=\"article:author\" content=\"https:\/\/www.facebook.com\/carrenoactualidad\" \/>\n\t\t<meta name=\"twitter:card\" content=\"summary_large_image\" \/>\n\t\t<meta name=\"twitter:site\" content=\"@NabercoDigital\" \/>\n\t\t<meta name=\"twitter:title\" content=\"FESTICAM 2017 en el Valle del Jerte | Cand\u00e1s 365\" \/>\n\t\t<meta name=\"twitter:description\" content=\"FESTICAM, el Festival de Cultura y Artes del Movimiento que se celebra en el Valle del Jerte calienta motores para su segunda edici\u00f3n, la cual tendr\u00e1 lugar en el pueblo de Rebollar durante los d\u00edas 30 de septiembre y 1 de octubre. Desde la Mancomunidad del Valle del Jerte se pone en marcha por segundo\" \/>\n\t\t<meta name=\"twitter:creator\" content=\"@nbasturias\" \/>\n\t\t<meta name=\"twitter:image\" content=\"https:\/\/candas365.es\/noticias\/wp-content\/uploads\/2017\/09\/FESTICAM-2017.jpg\" \/>\n\t\t<meta name=\"twitter:label1\" content=\"Escrito por\" \/>\n\t\t<meta name=\"twitter:data1\" content=\"Cand\u00e1s 365\" \/>\n\t\t<meta name=\"twitter:label2\" content=\"Tiempo de lectura estimado\" \/>\n\t\t<meta name=\"twitter:data2\" content=\"2 minutos\" \/>\n\t\t<script type=\"application\/ld+json\" class=\"aioseo-schema\">\n\t\t\t{\"@context\":\"https:\\\/\\\/schema.org\",\"@graph\":[{\"@type\":\"BreadcrumbList\",\"@id\":\"https:\\\/\\\/candas365.es\\\/noticias\\\/festicam-2017-en-el-valle-del-jerte\\\/#breadcrumblist\",\"itemListElement\":[{\"@type\":\"ListItem\",\"@id\":\"https:\\\/\\\/candas365.es\\\/noticias#listItem\",\"position\":1,\"name\":\"Home\",\"item\":\"https:\\\/\\\/candas365.es\\\/noticias\",\"nextItem\":{\"@type\":\"ListItem\",\"@id\":\"https:\\\/\\\/candas365.es\\\/noticias\\\/category\\\/agenda\\\/#listItem\",\"name\":\"Agenda\"}},{\"@type\":\"ListItem\",\"@id\":\"https:\\\/\\\/candas365.es\\\/noticias\\\/category\\\/agenda\\\/#listItem\",\"position\":2,\"name\":\"Agenda\",\"item\":\"https:\\\/\\\/candas365.es\\\/noticias\\\/category\\\/agenda\\\/\",\"nextItem\":{\"@type\":\"ListItem\",\"@id\":\"https:\\\/\\\/candas365.es\\\/noticias\\\/festicam-2017-en-el-valle-del-jerte\\\/#listItem\",\"name\":\"FESTICAM 2017 en el Valle del Jerte\"},\"previousItem\":{\"@type\":\"ListItem\",\"@id\":\"https:\\\/\\\/candas365.es\\\/noticias#listItem\",\"name\":\"Home\"}},{\"@type\":\"ListItem\",\"@id\":\"https:\\\/\\\/candas365.es\\\/noticias\\\/festicam-2017-en-el-valle-del-jerte\\\/#listItem\",\"position\":3,\"name\":\"FESTICAM 2017 en el Valle del Jerte\",\"previousItem\":{\"@type\":\"ListItem\",\"@id\":\"https:\\\/\\\/candas365.es\\\/noticias\\\/category\\\/agenda\\\/#listItem\",\"name\":\"Agenda\"}}]},{\"@type\":\"NewsArticle\",\"@id\":\"https:\\\/\\\/candas365.es\\\/noticias\\\/festicam-2017-en-el-valle-del-jerte\\\/#newsarticle\",\"name\":\"FESTICAM 2017 en el Valle del Jerte | Cand\\u00e1s 365\",\"headline\":\"FESTICAM 2017 en el Valle del Jerte\",\"author\":{\"@id\":\"https:\\\/\\\/candas365.es\\\/noticias\\\/author\\\/admin\\\/#author\"},\"publisher\":{\"@id\":\"https:\\\/\\\/candas365.es\\\/noticias\\\/#organization\"},\"image\":{\"@type\":\"ImageObject\",\"url\":\"https:\\\/\\\/candas365.es\\\/noticias\\\/wp-content\\\/uploads\\\/2017\\\/09\\\/FESTICAM-2017.jpg\",\"width\":1107,\"height\":656},\"datePublished\":\"2017-09-16T21:52:14+02:00\",\"dateModified\":\"2017-09-16T21:52:14+02:00\",\"inLanguage\":\"es-ES\",\"mainEntityOfPage\":{\"@id\":\"https:\\\/\\\/candas365.es\\\/noticias\\\/festicam-2017-en-el-valle-del-jerte\\\/#webpage\"},\"isPartOf\":{\"@id\":\"https:\\\/\\\/candas365.es\\\/noticias\\\/festicam-2017-en-el-valle-del-jerte\\\/#webpage\"},\"articleSection\":\"Agenda\",\"dateline\":\"Publicado el septiembre 16, 2017.\"},{\"@type\":\"Organization\",\"@id\":\"https:\\\/\\\/candas365.es\\\/noticias\\\/#organization\",\"name\":\"Cand\\u00e1s 365\",\"description\":\"Cand\\u00e1s 365 es un diario digital independiente, fundado en 2012, con base en Asturias. Informamos con rigor sobre actualidad, sociedad, cultura y ocio, con una mirada local y global.\",\"url\":\"https:\\\/\\\/candas365.es\\\/noticias\\\/\",\"email\":\"info@candas365.es\",\"telephone\":\"+34652131393\",\"foundingDate\":\"2012-06-10\",\"logo\":{\"@type\":\"ImageObject\",\"url\":\"https:\\\/\\\/candas365.es\\\/noticias\\\/wp-content\\\/uploads\\\/2024\\\/09\\\/Candas-365-Redes.jpg\",\"@id\":\"https:\\\/\\\/candas365.es\\\/noticias\\\/festicam-2017-en-el-valle-del-jerte\\\/#organizationLogo\",\"width\":1152,\"height\":864,\"caption\":\"Cand\\u00e1s 365 Redes\"},\"image\":{\"@id\":\"https:\\\/\\\/candas365.es\\\/noticias\\\/festicam-2017-en-el-valle-del-jerte\\\/#organizationLogo\"},\"sameAs\":[\"https:\\\/\\\/www.facebook.com\\\/Nachofdezber\",\"https:\\\/\\\/x.com\\\/NabercoDigital\",\"https:\\\/\\\/www.instagram.com\\\/nachofdezber\\\/\",\"https:\\\/\\\/www.youtube.com\\\/channel\\\/UCZP-2wLEB9Rv6erhFmqVnvg\"],\"address\":{\"@id\":\"https:\\\/\\\/candas365.es\\\/noticias\\\/#postaladdress\",\"@type\":\"PostalAddress\",\"streetAddress\":\"san antonio 4, san antonio 4\",\"postalCode\":\"33430\",\"addressLocality\":\"Cand\\u00e1s\",\"addressRegion\":\"Asturias\",\"addressCountry\":\"ES\"}},{\"@type\":\"Person\",\"@id\":\"https:\\\/\\\/candas365.es\\\/noticias\\\/author\\\/admin\\\/#author\",\"url\":\"https:\\\/\\\/candas365.es\\\/noticias\\\/author\\\/admin\\\/\",\"name\":\"Cand\\u00e1s 365\",\"image\":{\"@type\":\"ImageObject\",\"@id\":\"https:\\\/\\\/candas365.es\\\/noticias\\\/festicam-2017-en-el-valle-del-jerte\\\/#authorImage\",\"url\":\"https:\\\/\\\/secure.gravatar.com\\\/avatar\\\/496a8e03d0c493ede1718b7934145dbdf8d89be1036b0eec9544e1094c9de390?s=96&d=mm&r=g\",\"width\":96,\"height\":96,\"caption\":\"Cand\\u00e1s 365\"},\"sameAs\":[\"https:\\\/\\\/www.facebook.com\\\/carrenoactualidad\",\"https:\\\/\\\/twitter.com\\\/nbasturias\",\"https:\\\/\\\/www.instagram.com\\\/nachofdezber\\\/\",\"https:\\\/\\\/www.youtube.com\\\/channel\\\/UCZP-2wLEB9Rv6erhFmqVnvg\"]},{\"@type\":\"WebPage\",\"@id\":\"https:\\\/\\\/candas365.es\\\/noticias\\\/festicam-2017-en-el-valle-del-jerte\\\/#webpage\",\"url\":\"https:\\\/\\\/candas365.es\\\/noticias\\\/festicam-2017-en-el-valle-del-jerte\\\/\",\"name\":\"FESTICAM 2017 en el Valle del Jerte | Cand\\u00e1s 365\",\"description\":\"FESTICAM, el Festival de Cultura y Artes del Movimiento que se celebra en el Valle del Jerte calienta motores para su segunda edici\\u00f3n, la cual tendr\\u00e1 lugar en el pueblo de Rebollar durante los d\\u00edas 30 de septiembre y 1 de octubre. Desde la Mancomunidad del Valle del Jerte se pone en marcha por segundo\",\"inLanguage\":\"es-ES\",\"isPartOf\":{\"@id\":\"https:\\\/\\\/candas365.es\\\/noticias\\\/#website\"},\"breadcrumb\":{\"@id\":\"https:\\\/\\\/candas365.es\\\/noticias\\\/festicam-2017-en-el-valle-del-jerte\\\/#breadcrumblist\"},\"author\":{\"@id\":\"https:\\\/\\\/candas365.es\\\/noticias\\\/author\\\/admin\\\/#author\"},\"creator\":{\"@id\":\"https:\\\/\\\/candas365.es\\\/noticias\\\/author\\\/admin\\\/#author\"},\"image\":{\"@type\":\"ImageObject\",\"url\":\"https:\\\/\\\/candas365.es\\\/noticias\\\/wp-content\\\/uploads\\\/2017\\\/09\\\/FESTICAM-2017.jpg\",\"@id\":\"https:\\\/\\\/candas365.es\\\/noticias\\\/festicam-2017-en-el-valle-del-jerte\\\/#mainImage\",\"width\":1107,\"height\":656},\"primaryImageOfPage\":{\"@id\":\"https:\\\/\\\/candas365.es\\\/noticias\\\/festicam-2017-en-el-valle-del-jerte\\\/#mainImage\"},\"datePublished\":\"2017-09-16T21:52:14+02:00\",\"dateModified\":\"2017-09-16T21:52:14+02:00\"},{\"@type\":\"WebSite\",\"@id\":\"https:\\\/\\\/candas365.es\\\/noticias\\\/#website\",\"url\":\"https:\\\/\\\/candas365.es\\\/noticias\\\/\",\"name\":\"Cand\\u00e1s 365\",\"alternateName\":\"Cand\\u00e1s 365 Noticias\",\"description\":\"Actualidad desde Carre\\u00f1o para el mundo\",\"inLanguage\":\"es-ES\",\"publisher\":{\"@id\":\"https:\\\/\\\/candas365.es\\\/noticias\\\/#organization\"}}]}\n\t\t<\/script>\n\t\t<!-- All in One SEO Pro -->\r\n\t\t<title>FESTICAM 2017 en el Valle del Jerte | Cand\u00e1s 365<\/title>\n\n","aioseo_head_json":{"title":"FESTICAM 2017 en el Valle del Jerte | Cand\u00e1s 365","description":"FESTICAM, el Festival de Cultura y Artes del Movimiento que se celebra en el Valle del Jerte calienta motores para su segunda edici\u00f3n, la cual tendr\u00e1 lugar en el pueblo de Rebollar durante los d\u00edas 30 de septiembre y 1 de octubre. Desde la Mancomunidad del Valle del Jerte se pone en marcha por segundo","canonical_url":"https:\/\/candas365.es\/noticias\/festicam-2017-en-el-valle-del-jerte\/","robots":"max-image-preview:large","keywords":"agenda","webmasterTools":{"google-site-verification":"UA-32230408-1","msvalidate.01":"354F3CDFB2DA171B47FBE9ABF1F88D5","miscellaneous":""},"schema":{"@context":"https:\/\/schema.org","@graph":[{"@type":"BreadcrumbList","@id":"https:\/\/candas365.es\/noticias\/festicam-2017-en-el-valle-del-jerte\/#breadcrumblist","itemListElement":[{"@type":"ListItem","@id":"https:\/\/candas365.es\/noticias#listItem","position":1,"name":"Home","item":"https:\/\/candas365.es\/noticias","nextItem":{"@type":"ListItem","@id":"https:\/\/candas365.es\/noticias\/category\/agenda\/#listItem","name":"Agenda"}},{"@type":"ListItem","@id":"https:\/\/candas365.es\/noticias\/category\/agenda\/#listItem","position":2,"name":"Agenda","item":"https:\/\/candas365.es\/noticias\/category\/agenda\/","nextItem":{"@type":"ListItem","@id":"https:\/\/candas365.es\/noticias\/festicam-2017-en-el-valle-del-jerte\/#listItem","name":"FESTICAM 2017 en el Valle del Jerte"},"previousItem":{"@type":"ListItem","@id":"https:\/\/candas365.es\/noticias#listItem","name":"Home"}},{"@type":"ListItem","@id":"https:\/\/candas365.es\/noticias\/festicam-2017-en-el-valle-del-jerte\/#listItem","position":3,"name":"FESTICAM 2017 en el Valle del Jerte","previousItem":{"@type":"ListItem","@id":"https:\/\/candas365.es\/noticias\/category\/agenda\/#listItem","name":"Agenda"}}]},{"@type":"NewsArticle","@id":"https:\/\/candas365.es\/noticias\/festicam-2017-en-el-valle-del-jerte\/#newsarticle","name":"FESTICAM 2017 en el Valle del Jerte | Cand\u00e1s 365","headline":"FESTICAM 2017 en el Valle del Jerte","author":{"@id":"https:\/\/candas365.es\/noticias\/author\/admin\/#author"},"publisher":{"@id":"https:\/\/candas365.es\/noticias\/#organization"},"image":{"@type":"ImageObject","url":"https:\/\/candas365.es\/noticias\/wp-content\/uploads\/2017\/09\/FESTICAM-2017.jpg","width":1107,"height":656},"datePublished":"2017-09-16T21:52:14+02:00","dateModified":"2017-09-16T21:52:14+02:00","inLanguage":"es-ES","mainEntityOfPage":{"@id":"https:\/\/candas365.es\/noticias\/festicam-2017-en-el-valle-del-jerte\/#webpage"},"isPartOf":{"@id":"https:\/\/candas365.es\/noticias\/festicam-2017-en-el-valle-del-jerte\/#webpage"},"articleSection":"Agenda","dateline":"Publicado el septiembre 16, 2017."},{"@type":"Organization","@id":"https:\/\/candas365.es\/noticias\/#organization","name":"Cand\u00e1s 365","description":"Cand\u00e1s 365 es un diario digital independiente, fundado en 2012, con base en Asturias. Informamos con rigor sobre actualidad, sociedad, cultura y ocio, con una mirada local y global.","url":"https:\/\/candas365.es\/noticias\/","email":"info@candas365.es","telephone":"+34652131393","foundingDate":"2012-06-10","logo":{"@type":"ImageObject","url":"https:\/\/candas365.es\/noticias\/wp-content\/uploads\/2024\/09\/Candas-365-Redes.jpg","@id":"https:\/\/candas365.es\/noticias\/festicam-2017-en-el-valle-del-jerte\/#organizationLogo","width":1152,"height":864,"caption":"Cand\u00e1s 365 Redes"},"image":{"@id":"https:\/\/candas365.es\/noticias\/festicam-2017-en-el-valle-del-jerte\/#organizationLogo"},"sameAs":["https:\/\/www.facebook.com\/Nachofdezber","https:\/\/x.com\/NabercoDigital","https:\/\/www.instagram.com\/nachofdezber\/","https:\/\/www.youtube.com\/channel\/UCZP-2wLEB9Rv6erhFmqVnvg"],"address":{"@id":"https:\/\/candas365.es\/noticias\/#postaladdress","@type":"PostalAddress","streetAddress":"san antonio 4, san antonio 4","postalCode":"33430","addressLocality":"Cand\u00e1s","addressRegion":"Asturias","addressCountry":"ES"}},{"@type":"Person","@id":"https:\/\/candas365.es\/noticias\/author\/admin\/#author","url":"https:\/\/candas365.es\/noticias\/author\/admin\/","name":"Cand\u00e1s 365","image":{"@type":"ImageObject","@id":"https:\/\/candas365.es\/noticias\/festicam-2017-en-el-valle-del-jerte\/#authorImage","url":"https:\/\/secure.gravatar.com\/avatar\/496a8e03d0c493ede1718b7934145dbdf8d89be1036b0eec9544e1094c9de390?s=96&d=mm&r=g","width":96,"height":96,"caption":"Cand\u00e1s 365"},"sameAs":["https:\/\/www.facebook.com\/carrenoactualidad","https:\/\/twitter.com\/nbasturias","https:\/\/www.instagram.com\/nachofdezber\/","https:\/\/www.youtube.com\/channel\/UCZP-2wLEB9Rv6erhFmqVnvg"]},{"@type":"WebPage","@id":"https:\/\/candas365.es\/noticias\/festicam-2017-en-el-valle-del-jerte\/#webpage","url":"https:\/\/candas365.es\/noticias\/festicam-2017-en-el-valle-del-jerte\/","name":"FESTICAM 2017 en el Valle del Jerte | Cand\u00e1s 365","description":"FESTICAM, el Festival de Cultura y Artes del Movimiento que se celebra en el Valle del Jerte calienta motores para su segunda edici\u00f3n, la cual tendr\u00e1 lugar en el pueblo de Rebollar durante los d\u00edas 30 de septiembre y 1 de octubre. Desde la Mancomunidad del Valle del Jerte se pone en marcha por segundo","inLanguage":"es-ES","isPartOf":{"@id":"https:\/\/candas365.es\/noticias\/#website"},"breadcrumb":{"@id":"https:\/\/candas365.es\/noticias\/festicam-2017-en-el-valle-del-jerte\/#breadcrumblist"},"author":{"@id":"https:\/\/candas365.es\/noticias\/author\/admin\/#author"},"creator":{"@id":"https:\/\/candas365.es\/noticias\/author\/admin\/#author"},"image":{"@type":"ImageObject","url":"https:\/\/candas365.es\/noticias\/wp-content\/uploads\/2017\/09\/FESTICAM-2017.jpg","@id":"https:\/\/candas365.es\/noticias\/festicam-2017-en-el-valle-del-jerte\/#mainImage","width":1107,"height":656},"primaryImageOfPage":{"@id":"https:\/\/candas365.es\/noticias\/festicam-2017-en-el-valle-del-jerte\/#mainImage"},"datePublished":"2017-09-16T21:52:14+02:00","dateModified":"2017-09-16T21:52:14+02:00"},{"@type":"WebSite","@id":"https:\/\/candas365.es\/noticias\/#website","url":"https:\/\/candas365.es\/noticias\/","name":"Cand\u00e1s 365","alternateName":"Cand\u00e1s 365 Noticias","description":"Actualidad desde Carre\u00f1o para el mundo","inLanguage":"es-ES","publisher":{"@id":"https:\/\/candas365.es\/noticias\/#organization"}}]},"og:locale":"es_ES","og:site_name":"Cand\u00e1s 365","og:type":"article","og:title":"FESTICAM 2017 en el Valle del Jerte | Cand\u00e1s 365","og:description":"FESTICAM, el Festival de Cultura y Artes del Movimiento que se celebra en el Valle del Jerte calienta motores para su segunda edici\u00f3n, la cual tendr\u00e1 lugar en el pueblo de Rebollar durante los d\u00edas 30 de septiembre y 1 de octubre. Desde la Mancomunidad del Valle del Jerte se pone en marcha por segundo","og:url":"https:\/\/candas365.es\/noticias\/festicam-2017-en-el-valle-del-jerte\/","og:image":"https:\/\/candas365.es\/noticias\/wp-content\/uploads\/2017\/09\/FESTICAM-2017.jpg","og:image:secure_url":"https:\/\/candas365.es\/noticias\/wp-content\/uploads\/2017\/09\/FESTICAM-2017.jpg","og:image:width":1107,"og:image:height":656,"article:published_time":"2017-09-16T21:52:14+00:00","article:modified_time":"2017-09-16T21:52:14+00:00","article:publisher":"https:\/\/www.facebook.com\/Nachofdezber","article:author":"https:\/\/www.facebook.com\/carrenoactualidad","twitter:card":"summary_large_image","twitter:site":"@NabercoDigital","twitter:title":"FESTICAM 2017 en el Valle del Jerte | Cand\u00e1s 365","twitter:description":"FESTICAM, el Festival de Cultura y Artes del Movimiento que se celebra en el Valle del Jerte calienta motores para su segunda edici\u00f3n, la cual tendr\u00e1 lugar en el pueblo de Rebollar durante los d\u00edas 30 de septiembre y 1 de octubre. Desde la Mancomunidad del Valle del Jerte se pone en marcha por segundo","twitter:creator":"@nbasturias","twitter:image":"https:\/\/candas365.es\/noticias\/wp-content\/uploads\/2017\/09\/FESTICAM-2017.jpg","twitter:label1":"Escrito por","twitter:data1":"Cand\u00e1s 365","twitter:label2":"Tiempo de lectura estimado","twitter:data2":"2 minutos"},"aioseo_meta_data":{"post_id":"79985","title":null,"description":null,"keywords":null,"keyphrases":null,"primary_term":null,"canonical_url":null,"og_title":null,"og_description":null,"og_object_type":"default","og_image_type":"default","og_image_url":null,"og_image_width":null,"og_image_height":null,"og_image_custom_url":null,"og_image_custom_fields":null,"og_video":null,"og_custom_url":null,"og_article_section":null,"og_article_tags":null,"twitter_use_og":false,"twitter_card":"default","twitter_image_type":"default","twitter_image_url":null,"twitter_image_custom_url":null,"twitter_image_custom_fields":null,"twitter_title":null,"twitter_description":null,"schema":{"blockGraphs":[],"customGraphs":[],"default":{"data":{"Article":[],"Course":[],"Dataset":[],"FAQPage":[],"Movie":[],"Person":[],"Product":[],"ProductReview":[],"Car":[],"Recipe":[],"Service":[],"SoftwareApplication":[],"WebPage":[]},"graphName":"","isEnabled":true},"graphs":[],"defaultGraph":"","defaultPostTypeGraph":""},"schema_type":null,"schema_type_options":null,"pillar_content":false,"robots_default":true,"robots_noindex":false,"robots_noarchive":false,"robots_nosnippet":false,"robots_nofollow":false,"robots_noimageindex":false,"robots_noodp":false,"robots_notranslate":false,"robots_max_snippet":null,"robots_max_videopreview":null,"robots_max_imagepreview":"large","priority":null,"frequency":null,"location":null,"local_seo":null,"seo_analyzer_scan_date":"2025-08-25 23:53:19","breadcrumb_settings":null,"limit_modified_date":false,"reviewed_by":null,"open_ai":null,"ai":null,"created":"2020-12-21 12:49:56","updated":"2025-08-25 23:53:19"},"aioseo_breadcrumb":"<div class=\"aioseo-breadcrumbs\"><span class=\"aioseo-breadcrumb\">\n\t<a href=\"https:\/\/candas365.es\/noticias\" title=\"Home\">Home<\/a>\n<\/span><span class=\"aioseo-breadcrumb-separator\">&ndash;<\/span><span class=\"aioseo-breadcrumb\">\n\t<a href=\"https:\/\/candas365.es\/noticias\/category\/agenda\/\" title=\"Agenda\">Agenda<\/a>\n<\/span><span class=\"aioseo-breadcrumb-separator\">&ndash;<\/span><span class=\"aioseo-breadcrumb\">\n\tFESTICAM 2017 en el Valle del Jerte\n<\/span><\/div>","aioseo_breadcrumb_json":[{"label":"Home","link":"https:\/\/candas365.es\/noticias"},{"label":"Agenda","link":"https:\/\/candas365.es\/noticias\/category\/agenda\/"},{"label":"FESTICAM 2017 en el Valle del Jerte","link":"https:\/\/candas365.es\/noticias\/festicam-2017-en-el-valle-del-jerte\/"}],"_links":{"self":[{"href":"https:\/\/candas365.es\/noticias\/wp-json\/wp\/v2\/posts\/79985","targetHints":{"allow":["GET"]}}],"collection":[{"href":"https:\/\/candas365.es\/noticias\/wp-json\/wp\/v2\/posts"}],"about":[{"href":"https:\/\/candas365.es\/noticias\/wp-json\/wp\/v2\/types\/post"}],"author":[{"embeddable":true,"href":"https:\/\/candas365.es\/noticias\/wp-json\/wp\/v2\/users\/1"}],"replies":[{"embeddable":true,"href":"https:\/\/candas365.es\/noticias\/wp-json\/wp\/v2\/comments?post=79985"}],"version-history":[{"count":0,"href":"https:\/\/candas365.es\/noticias\/wp-json\/wp\/v2\/posts\/79985\/revisions"}],"wp:featuredmedia":[{"embeddable":true,"href":"https:\/\/candas365.es\/noticias\/wp-json\/wp\/v2\/media\/79986"}],"wp:attachment":[{"href":"https:\/\/candas365.es\/noticias\/wp-json\/wp\/v2\/media?parent=79985"}],"wp:term":[{"taxonomy":"category","embeddable":true,"href":"https:\/\/candas365.es\/noticias\/wp-json\/wp\/v2\/categories?post=79985"},{"taxonomy":"post_tag","embeddable":true,"href":"https:\/\/candas365.es\/noticias\/wp-json\/wp\/v2\/tags?post=79985"}],"curies":[{"name":"wp","href":"https:\/\/api.w.org\/{rel}","templated":true}]}}