{"id":79979,"date":"2017-09-16T21:43:59","date_gmt":"2017-09-16T21:43:59","guid":{"rendered":"http:\/\/candas365.es\/noticias\/?p=79979"},"modified":"2017-09-16T21:43:59","modified_gmt":"2017-09-16T21:43:59","slug":"el-ministerio-del-tiempo-vuelve-el-lunes-con-nuevos-capitulos","status":"publish","type":"post","link":"https:\/\/candas365.es\/noticias\/el-ministerio-del-tiempo-vuelve-el-lunes-con-nuevos-capitulos\/","title":{"rendered":"&#8216;El Ministerio del Tiempo&#8217; vuelve el lunes con nuevos cap\u00edtulos"},"content":{"rendered":"<p><img fetchpriority=\"high\" decoding=\"async\" class=\"alignleft size-medium wp-image-79980\" src=\"https:\/\/candas365.es\/noticias\/wp-content\/uploads\/2017\/09\/1505466299995-360x203.jpg\" alt=\"\" width=\"360\" height=\"203\" srcset=\"https:\/\/candas365.es\/noticias\/wp-content\/uploads\/2017\/09\/1505466299995-360x203.jpg 360w, https:\/\/candas365.es\/noticias\/wp-content\/uploads\/2017\/09\/1505466299995-768x432.jpg 768w, https:\/\/candas365.es\/noticias\/wp-content\/uploads\/2017\/09\/1505466299995-655x368.jpg 655w, https:\/\/candas365.es\/noticias\/wp-content\/uploads\/2017\/09\/1505466299995-696x392.jpg 696w, https:\/\/candas365.es\/noticias\/wp-content\/uploads\/2017\/09\/1505466299995-747x420.jpg 747w, https:\/\/candas365.es\/noticias\/wp-content\/uploads\/2017\/09\/1505466299995-499x280.jpg 499w, https:\/\/candas365.es\/noticias\/wp-content\/uploads\/2017\/09\/1505466299995.jpg 800w\" sizes=\"(max-width: 360px) 100vw, 360px\" \/>&#8216;El Ministerio del Tiempo&#8217; regresa el pr\u00f3ximo lunes 18 a RTVE con la segunda parte de su tercera temporada. Nuevos cap\u00edtulos fieles a la esencia que ha colocado a la ficci\u00f3n producida por RTVE en colaboraci\u00f3n con Onza Entertainment en un lugar de referencia entre la cr\u00edtica y el p\u00fablico espa\u00f1ol e internacional. La marcha de Amelia ha dejado tocada a la patrulla, pero las misiones del Ministerio no pueden parar. La primera ser\u00e1 lograr que &#8216;Viridiana&#8217; de Bu\u00f1uel no desaparezca de la Historia y gane el Festival de Cannes.<\/p>\n<p><strong>Cap\u00edtulo 28: Tiempo de censura<\/strong><\/p>\n<p>La pel\u00edcula &#8216;Viridiana&#8217;, pese a que la Historia dice lo contrario, no ha pasado la censura. Por lo tanto, no podr\u00e1 competir en el Festival de Cannes y ganarlo, algo que fue esencial para la Historia de la cultura espa\u00f1ola. Pacino, Alonso e Irene viajan a 1961 para ayudar a Bu\u00f1uel y a los productores a burlar la censura de las autoridades y enviar una copia de la pel\u00edcula a Francia. Para ello, se har\u00e1n pasar por productores americanos que quieren rodar una pel\u00edcula en Espa\u00f1a.<\/p>\n<p>Para Irene Larra, viajar a 1961 (apenas un a\u00f1o despu\u00e9s de su huida e ingreso en el Ministerio), supone encontrarse con todo su pasado de golpe. Para Pacino, volver a su infancia. Y para Alonso, acometer una misi\u00f3n que va contra sus principios religiosos.<\/p>\n<p>Mientras, la joven Lola Mendieta empezar\u00e1 a saber lo duro que va a ser para ella ser due\u00f1a de su propio destino.<\/p>\n<p><strong>Las claves de los nuevos cap\u00edtulos<\/strong><\/p>\n<p>La guerra entre las sociedades secretas sigue su curso. El \u00c1ngel Exterminador y los Hijos de Padilla viajar\u00e1n por el tiempo para imponer sus reglas y pondr\u00e1n en peligro la existencia del Ministerio. La conquista de Am\u00e9rica, el Papa Luna (encerrado en su castillo de Pe\u00f1\u00edscola), la aparici\u00f3n de refugiados moriscos en pleno siglo XXI, salvar la vida de un maduro Bol\u00edvar, lograr que la Transici\u00f3n llegue a buen puerto protegiendo al futuro presidente Su\u00e1rez\u2026 ser\u00e1n problemas que la patrulla deber\u00e1 resolver con la ayuda de la nueva Lola Mendieta. Y de paso, conseguir que la verbena de la Paloma no desaparezca y que Chicho Ib\u00e1\u00f1ez Serrador logre estrenar &#8216;Historias para no dormir&#8217;.<\/p>\n<p>Misi\u00f3n a misi\u00f3n, el Ministerio resolver\u00e1 los problemas\u2026 pero con un coste demasiado elevado para sus agentes. Porque viajar por el tiempo siempre deja huella en el presente. En la Historia y, tambi\u00e9n, en las vidas de los protagonistas.<\/p>\n<p><strong>La Patrulla se refuerza con la joven Lola<\/strong><\/p>\n<p>Con el recuerdo a\u00fan vivo de Amelia, Pacino y Alonso contar\u00e1n con la ayuda de una joven y dispuesta Lola, protegida en la sombra por Ernesto; Irene se enfrentar\u00e1 a lo m\u00e1s oscuro de su pasado; Angustias lidiar\u00e1 con todos ellos y volver\u00e1 a protagonizar una misi\u00f3n; Vel\u00e1zquez tendr\u00e1 que morderse la lengua al viajar a su \u00e9poca; y Salvador tratar\u00e1 de poner orden en el caos general que se ve acrecentado por la lucha de las dos sociedades secretas, la desaparici\u00f3n del Libro de las Puertas y la llegada de caras nuevas en el Ministerio\u2026<\/p>\n<p>&nbsp;<\/p>\n","protected":false},"excerpt":{"rendered":"<p>&#8216;El Ministerio del Tiempo&#8217; regresa el pr\u00f3ximo lunes 18 a RTVE con la segunda parte de su tercera temporada. Nuevos cap\u00edtulos fieles a la esencia que ha colocado a la ficci\u00f3n producida por RTVE en colaboraci\u00f3n con Onza Entertainment en un lugar de referencia entre la cr\u00edtica y el p\u00fablico espa\u00f1ol e internacional. La marcha<\/p>\n","protected":false},"author":1,"featured_media":79980,"comment_status":"closed","ping_status":"closed","sticky":false,"template":"","format":"standard","meta":{"footnotes":""},"categories":[1],"tags":[],"class_list":{"0":"post-79979","1":"post","2":"type-post","3":"status-publish","4":"format-standard","5":"has-post-thumbnail","7":"category-agenda"},"aioseo_notices":[],"aioseo_head":"\n\t\t<!-- All in One SEO Pro 4.9.6.2 - aioseo.com -->\n\t<meta name=\"description\" content=\"&#039;El Ministerio del Tiempo&#039; regresa el pr\u00f3ximo lunes 18 a RTVE con la segunda parte de su tercera temporada. Nuevos cap\u00edtulos fieles a la esencia que ha colocado a la ficci\u00f3n producida por RTVE en colaboraci\u00f3n con Onza Entertainment en un lugar de referencia entre la cr\u00edtica y el p\u00fablico espa\u00f1ol e internacional. La marcha\" \/>\n\t<meta name=\"robots\" content=\"max-image-preview:large\" \/>\n\t<meta name=\"author\" content=\"Cand\u00e1s 365\"\/>\n\t<meta name=\"google-site-verification\" content=\"UA-32230408-1\" \/>\n\t<meta name=\"msvalidate.01\" content=\"354F3CDFB2DA171B47FBE9ABF1F88D5\" \/>\n\t<meta name=\"keywords\" content=\"agenda\" \/>\n\t<link rel=\"canonical\" href=\"https:\/\/candas365.es\/noticias\/el-ministerio-del-tiempo-vuelve-el-lunes-con-nuevos-capitulos\/\" \/>\n\t<meta name=\"generator\" content=\"All in One SEO Pro (AIOSEO) 4.9.6.2\" \/>\n\t\t<meta property=\"og:locale\" content=\"es_ES\" \/>\n\t\t<meta property=\"og:site_name\" content=\"Cand\u00e1s 365\" \/>\n\t\t<meta property=\"og:type\" content=\"article\" \/>\n\t\t<meta property=\"og:title\" content=\"\u2018El Ministerio del Tiempo\u2019 vuelve el lunes con nuevos cap\u00edtulos | Cand\u00e1s 365\" \/>\n\t\t<meta property=\"og:description\" content=\"&#039;El Ministerio del Tiempo&#039; regresa el pr\u00f3ximo lunes 18 a RTVE con la segunda parte de su tercera temporada. Nuevos cap\u00edtulos fieles a la esencia que ha colocado a la ficci\u00f3n producida por RTVE en colaboraci\u00f3n con Onza Entertainment en un lugar de referencia entre la cr\u00edtica y el p\u00fablico espa\u00f1ol e internacional. La marcha\" \/>\n\t\t<meta property=\"og:url\" content=\"https:\/\/candas365.es\/noticias\/el-ministerio-del-tiempo-vuelve-el-lunes-con-nuevos-capitulos\/\" \/>\n\t\t<meta property=\"og:image\" content=\"https:\/\/candas365.es\/noticias\/wp-content\/uploads\/2017\/09\/1505466299995.jpg\" \/>\n\t\t<meta property=\"og:image:secure_url\" content=\"https:\/\/candas365.es\/noticias\/wp-content\/uploads\/2017\/09\/1505466299995.jpg\" \/>\n\t\t<meta property=\"og:image:width\" content=\"800\" \/>\n\t\t<meta property=\"og:image:height\" content=\"450\" \/>\n\t\t<meta property=\"article:published_time\" content=\"2017-09-16T21:43:59+00:00\" \/>\n\t\t<meta property=\"article:modified_time\" content=\"2017-09-16T21:43:59+00:00\" \/>\n\t\t<meta property=\"article:publisher\" content=\"https:\/\/www.facebook.com\/Nachofdezber\" \/>\n\t\t<meta property=\"article:author\" content=\"https:\/\/www.facebook.com\/carrenoactualidad\" \/>\n\t\t<meta name=\"twitter:card\" content=\"summary_large_image\" \/>\n\t\t<meta name=\"twitter:site\" content=\"@NabercoDigital\" \/>\n\t\t<meta name=\"twitter:title\" content=\"\u2018El Ministerio del Tiempo\u2019 vuelve el lunes con nuevos cap\u00edtulos | Cand\u00e1s 365\" \/>\n\t\t<meta name=\"twitter:description\" content=\"&#039;El Ministerio del Tiempo&#039; regresa el pr\u00f3ximo lunes 18 a RTVE con la segunda parte de su tercera temporada. Nuevos cap\u00edtulos fieles a la esencia que ha colocado a la ficci\u00f3n producida por RTVE en colaboraci\u00f3n con Onza Entertainment en un lugar de referencia entre la cr\u00edtica y el p\u00fablico espa\u00f1ol e internacional. La marcha\" \/>\n\t\t<meta name=\"twitter:creator\" content=\"@nbasturias\" \/>\n\t\t<meta name=\"twitter:image\" content=\"https:\/\/candas365.es\/noticias\/wp-content\/uploads\/2017\/09\/1505466299995.jpg\" \/>\n\t\t<meta name=\"twitter:label1\" content=\"Escrito por\" \/>\n\t\t<meta name=\"twitter:data1\" content=\"Cand\u00e1s 365\" \/>\n\t\t<meta name=\"twitter:label2\" content=\"Tiempo de lectura estimado\" \/>\n\t\t<meta name=\"twitter:data2\" content=\"3 minutos\" \/>\n\t\t<script type=\"application\/ld+json\" class=\"aioseo-schema\">\n\t\t\t{\"@context\":\"https:\\\/\\\/schema.org\",\"@graph\":[{\"@type\":\"BreadcrumbList\",\"@id\":\"https:\\\/\\\/candas365.es\\\/noticias\\\/el-ministerio-del-tiempo-vuelve-el-lunes-con-nuevos-capitulos\\\/#breadcrumblist\",\"itemListElement\":[{\"@type\":\"ListItem\",\"@id\":\"https:\\\/\\\/candas365.es\\\/noticias#listItem\",\"position\":1,\"name\":\"Home\",\"item\":\"https:\\\/\\\/candas365.es\\\/noticias\",\"nextItem\":{\"@type\":\"ListItem\",\"@id\":\"https:\\\/\\\/candas365.es\\\/noticias\\\/category\\\/agenda\\\/#listItem\",\"name\":\"Agenda\"}},{\"@type\":\"ListItem\",\"@id\":\"https:\\\/\\\/candas365.es\\\/noticias\\\/category\\\/agenda\\\/#listItem\",\"position\":2,\"name\":\"Agenda\",\"item\":\"https:\\\/\\\/candas365.es\\\/noticias\\\/category\\\/agenda\\\/\",\"nextItem\":{\"@type\":\"ListItem\",\"@id\":\"https:\\\/\\\/candas365.es\\\/noticias\\\/el-ministerio-del-tiempo-vuelve-el-lunes-con-nuevos-capitulos\\\/#listItem\",\"name\":\"&#8216;El Ministerio del Tiempo&#8217; vuelve el lunes con nuevos cap\\u00edtulos\"},\"previousItem\":{\"@type\":\"ListItem\",\"@id\":\"https:\\\/\\\/candas365.es\\\/noticias#listItem\",\"name\":\"Home\"}},{\"@type\":\"ListItem\",\"@id\":\"https:\\\/\\\/candas365.es\\\/noticias\\\/el-ministerio-del-tiempo-vuelve-el-lunes-con-nuevos-capitulos\\\/#listItem\",\"position\":3,\"name\":\"&#8216;El Ministerio del Tiempo&#8217; vuelve el lunes con nuevos cap\\u00edtulos\",\"previousItem\":{\"@type\":\"ListItem\",\"@id\":\"https:\\\/\\\/candas365.es\\\/noticias\\\/category\\\/agenda\\\/#listItem\",\"name\":\"Agenda\"}}]},{\"@type\":\"NewsArticle\",\"@id\":\"https:\\\/\\\/candas365.es\\\/noticias\\\/el-ministerio-del-tiempo-vuelve-el-lunes-con-nuevos-capitulos\\\/#newsarticle\",\"name\":\"\\u2018El Ministerio del Tiempo\\u2019 vuelve el lunes con nuevos cap\\u00edtulos | Cand\\u00e1s 365\",\"headline\":\"&#8216;El Ministerio del Tiempo&#8217; vuelve el lunes con nuevos cap\\u00edtulos\",\"author\":{\"@id\":\"https:\\\/\\\/candas365.es\\\/noticias\\\/author\\\/admin\\\/#author\"},\"publisher\":{\"@id\":\"https:\\\/\\\/candas365.es\\\/noticias\\\/#organization\"},\"image\":{\"@type\":\"ImageObject\",\"url\":\"https:\\\/\\\/candas365.es\\\/noticias\\\/wp-content\\\/uploads\\\/2017\\\/09\\\/1505466299995.jpg\",\"width\":800,\"height\":450},\"datePublished\":\"2017-09-16T21:43:59+02:00\",\"dateModified\":\"2017-09-16T21:43:59+02:00\",\"inLanguage\":\"es-ES\",\"mainEntityOfPage\":{\"@id\":\"https:\\\/\\\/candas365.es\\\/noticias\\\/el-ministerio-del-tiempo-vuelve-el-lunes-con-nuevos-capitulos\\\/#webpage\"},\"isPartOf\":{\"@id\":\"https:\\\/\\\/candas365.es\\\/noticias\\\/el-ministerio-del-tiempo-vuelve-el-lunes-con-nuevos-capitulos\\\/#webpage\"},\"articleSection\":\"Agenda\",\"dateline\":\"Publicado el septiembre 16, 2017.\"},{\"@type\":\"Organization\",\"@id\":\"https:\\\/\\\/candas365.es\\\/noticias\\\/#organization\",\"name\":\"Cand\\u00e1s 365\",\"description\":\"Cand\\u00e1s 365 es un diario digital independiente, fundado en 2012, con base en Asturias. Informamos con rigor sobre actualidad, sociedad, cultura y ocio, con una mirada local y global.\",\"url\":\"https:\\\/\\\/candas365.es\\\/noticias\\\/\",\"email\":\"info@candas365.es\",\"telephone\":\"+34652131393\",\"foundingDate\":\"2012-06-10\",\"logo\":{\"@type\":\"ImageObject\",\"url\":\"https:\\\/\\\/candas365.es\\\/noticias\\\/wp-content\\\/uploads\\\/2024\\\/09\\\/Candas-365-Redes.jpg\",\"@id\":\"https:\\\/\\\/candas365.es\\\/noticias\\\/el-ministerio-del-tiempo-vuelve-el-lunes-con-nuevos-capitulos\\\/#organizationLogo\",\"width\":1152,\"height\":864,\"caption\":\"Cand\\u00e1s 365 Redes\"},\"image\":{\"@id\":\"https:\\\/\\\/candas365.es\\\/noticias\\\/el-ministerio-del-tiempo-vuelve-el-lunes-con-nuevos-capitulos\\\/#organizationLogo\"},\"sameAs\":[\"https:\\\/\\\/www.facebook.com\\\/Nachofdezber\",\"https:\\\/\\\/x.com\\\/NabercoDigital\",\"https:\\\/\\\/www.instagram.com\\\/nachofdezber\\\/\",\"https:\\\/\\\/www.youtube.com\\\/channel\\\/UCZP-2wLEB9Rv6erhFmqVnvg\"],\"address\":{\"@id\":\"https:\\\/\\\/candas365.es\\\/noticias\\\/#postaladdress\",\"@type\":\"PostalAddress\",\"streetAddress\":\"san antonio 4, san antonio 4\",\"postalCode\":\"33430\",\"addressLocality\":\"Cand\\u00e1s\",\"addressRegion\":\"Asturias\",\"addressCountry\":\"ES\"}},{\"@type\":\"Person\",\"@id\":\"https:\\\/\\\/candas365.es\\\/noticias\\\/author\\\/admin\\\/#author\",\"url\":\"https:\\\/\\\/candas365.es\\\/noticias\\\/author\\\/admin\\\/\",\"name\":\"Cand\\u00e1s 365\",\"image\":{\"@type\":\"ImageObject\",\"@id\":\"https:\\\/\\\/candas365.es\\\/noticias\\\/el-ministerio-del-tiempo-vuelve-el-lunes-con-nuevos-capitulos\\\/#authorImage\",\"url\":\"https:\\\/\\\/secure.gravatar.com\\\/avatar\\\/496a8e03d0c493ede1718b7934145dbdf8d89be1036b0eec9544e1094c9de390?s=96&d=mm&r=g\",\"width\":96,\"height\":96,\"caption\":\"Cand\\u00e1s 365\"},\"sameAs\":[\"https:\\\/\\\/www.facebook.com\\\/carrenoactualidad\",\"https:\\\/\\\/twitter.com\\\/nbasturias\",\"https:\\\/\\\/www.instagram.com\\\/nachofdezber\\\/\",\"https:\\\/\\\/www.youtube.com\\\/channel\\\/UCZP-2wLEB9Rv6erhFmqVnvg\"]},{\"@type\":\"WebPage\",\"@id\":\"https:\\\/\\\/candas365.es\\\/noticias\\\/el-ministerio-del-tiempo-vuelve-el-lunes-con-nuevos-capitulos\\\/#webpage\",\"url\":\"https:\\\/\\\/candas365.es\\\/noticias\\\/el-ministerio-del-tiempo-vuelve-el-lunes-con-nuevos-capitulos\\\/\",\"name\":\"\\u2018El Ministerio del Tiempo\\u2019 vuelve el lunes con nuevos cap\\u00edtulos | Cand\\u00e1s 365\",\"description\":\"'El Ministerio del Tiempo' regresa el pr\\u00f3ximo lunes 18 a RTVE con la segunda parte de su tercera temporada. Nuevos cap\\u00edtulos fieles a la esencia que ha colocado a la ficci\\u00f3n producida por RTVE en colaboraci\\u00f3n con Onza Entertainment en un lugar de referencia entre la cr\\u00edtica y el p\\u00fablico espa\\u00f1ol e internacional. La marcha\",\"inLanguage\":\"es-ES\",\"isPartOf\":{\"@id\":\"https:\\\/\\\/candas365.es\\\/noticias\\\/#website\"},\"breadcrumb\":{\"@id\":\"https:\\\/\\\/candas365.es\\\/noticias\\\/el-ministerio-del-tiempo-vuelve-el-lunes-con-nuevos-capitulos\\\/#breadcrumblist\"},\"author\":{\"@id\":\"https:\\\/\\\/candas365.es\\\/noticias\\\/author\\\/admin\\\/#author\"},\"creator\":{\"@id\":\"https:\\\/\\\/candas365.es\\\/noticias\\\/author\\\/admin\\\/#author\"},\"image\":{\"@type\":\"ImageObject\",\"url\":\"https:\\\/\\\/candas365.es\\\/noticias\\\/wp-content\\\/uploads\\\/2017\\\/09\\\/1505466299995.jpg\",\"@id\":\"https:\\\/\\\/candas365.es\\\/noticias\\\/el-ministerio-del-tiempo-vuelve-el-lunes-con-nuevos-capitulos\\\/#mainImage\",\"width\":800,\"height\":450},\"primaryImageOfPage\":{\"@id\":\"https:\\\/\\\/candas365.es\\\/noticias\\\/el-ministerio-del-tiempo-vuelve-el-lunes-con-nuevos-capitulos\\\/#mainImage\"},\"datePublished\":\"2017-09-16T21:43:59+02:00\",\"dateModified\":\"2017-09-16T21:43:59+02:00\"},{\"@type\":\"WebSite\",\"@id\":\"https:\\\/\\\/candas365.es\\\/noticias\\\/#website\",\"url\":\"https:\\\/\\\/candas365.es\\\/noticias\\\/\",\"name\":\"Cand\\u00e1s 365\",\"alternateName\":\"Cand\\u00e1s 365 Noticias\",\"description\":\"Actualidad desde Carre\\u00f1o para el mundo\",\"inLanguage\":\"es-ES\",\"publisher\":{\"@id\":\"https:\\\/\\\/candas365.es\\\/noticias\\\/#organization\"}}]}\n\t\t<\/script>\n\t\t<!-- All in One SEO Pro -->\r\n\t\t<title>\u2018El Ministerio del Tiempo\u2019 vuelve el lunes con nuevos cap\u00edtulos | Cand\u00e1s 365<\/title>\n\n","aioseo_head_json":{"title":"\u2018El Ministerio del Tiempo\u2019 vuelve el lunes con nuevos cap\u00edtulos | Cand\u00e1s 365","description":"'El Ministerio del Tiempo' regresa el pr\u00f3ximo lunes 18 a RTVE con la segunda parte de su tercera temporada. Nuevos cap\u00edtulos fieles a la esencia que ha colocado a la ficci\u00f3n producida por RTVE en colaboraci\u00f3n con Onza Entertainment en un lugar de referencia entre la cr\u00edtica y el p\u00fablico espa\u00f1ol e internacional. La marcha","canonical_url":"https:\/\/candas365.es\/noticias\/el-ministerio-del-tiempo-vuelve-el-lunes-con-nuevos-capitulos\/","robots":"max-image-preview:large","keywords":"agenda","webmasterTools":{"google-site-verification":"UA-32230408-1","msvalidate.01":"354F3CDFB2DA171B47FBE9ABF1F88D5","miscellaneous":""},"schema":{"@context":"https:\/\/schema.org","@graph":[{"@type":"BreadcrumbList","@id":"https:\/\/candas365.es\/noticias\/el-ministerio-del-tiempo-vuelve-el-lunes-con-nuevos-capitulos\/#breadcrumblist","itemListElement":[{"@type":"ListItem","@id":"https:\/\/candas365.es\/noticias#listItem","position":1,"name":"Home","item":"https:\/\/candas365.es\/noticias","nextItem":{"@type":"ListItem","@id":"https:\/\/candas365.es\/noticias\/category\/agenda\/#listItem","name":"Agenda"}},{"@type":"ListItem","@id":"https:\/\/candas365.es\/noticias\/category\/agenda\/#listItem","position":2,"name":"Agenda","item":"https:\/\/candas365.es\/noticias\/category\/agenda\/","nextItem":{"@type":"ListItem","@id":"https:\/\/candas365.es\/noticias\/el-ministerio-del-tiempo-vuelve-el-lunes-con-nuevos-capitulos\/#listItem","name":"&#8216;El Ministerio del Tiempo&#8217; vuelve el lunes con nuevos cap\u00edtulos"},"previousItem":{"@type":"ListItem","@id":"https:\/\/candas365.es\/noticias#listItem","name":"Home"}},{"@type":"ListItem","@id":"https:\/\/candas365.es\/noticias\/el-ministerio-del-tiempo-vuelve-el-lunes-con-nuevos-capitulos\/#listItem","position":3,"name":"&#8216;El Ministerio del Tiempo&#8217; vuelve el lunes con nuevos cap\u00edtulos","previousItem":{"@type":"ListItem","@id":"https:\/\/candas365.es\/noticias\/category\/agenda\/#listItem","name":"Agenda"}}]},{"@type":"NewsArticle","@id":"https:\/\/candas365.es\/noticias\/el-ministerio-del-tiempo-vuelve-el-lunes-con-nuevos-capitulos\/#newsarticle","name":"\u2018El Ministerio del Tiempo\u2019 vuelve el lunes con nuevos cap\u00edtulos | Cand\u00e1s 365","headline":"&#8216;El Ministerio del Tiempo&#8217; vuelve el lunes con nuevos cap\u00edtulos","author":{"@id":"https:\/\/candas365.es\/noticias\/author\/admin\/#author"},"publisher":{"@id":"https:\/\/candas365.es\/noticias\/#organization"},"image":{"@type":"ImageObject","url":"https:\/\/candas365.es\/noticias\/wp-content\/uploads\/2017\/09\/1505466299995.jpg","width":800,"height":450},"datePublished":"2017-09-16T21:43:59+02:00","dateModified":"2017-09-16T21:43:59+02:00","inLanguage":"es-ES","mainEntityOfPage":{"@id":"https:\/\/candas365.es\/noticias\/el-ministerio-del-tiempo-vuelve-el-lunes-con-nuevos-capitulos\/#webpage"},"isPartOf":{"@id":"https:\/\/candas365.es\/noticias\/el-ministerio-del-tiempo-vuelve-el-lunes-con-nuevos-capitulos\/#webpage"},"articleSection":"Agenda","dateline":"Publicado el septiembre 16, 2017."},{"@type":"Organization","@id":"https:\/\/candas365.es\/noticias\/#organization","name":"Cand\u00e1s 365","description":"Cand\u00e1s 365 es un diario digital independiente, fundado en 2012, con base en Asturias. Informamos con rigor sobre actualidad, sociedad, cultura y ocio, con una mirada local y global.","url":"https:\/\/candas365.es\/noticias\/","email":"info@candas365.es","telephone":"+34652131393","foundingDate":"2012-06-10","logo":{"@type":"ImageObject","url":"https:\/\/candas365.es\/noticias\/wp-content\/uploads\/2024\/09\/Candas-365-Redes.jpg","@id":"https:\/\/candas365.es\/noticias\/el-ministerio-del-tiempo-vuelve-el-lunes-con-nuevos-capitulos\/#organizationLogo","width":1152,"height":864,"caption":"Cand\u00e1s 365 Redes"},"image":{"@id":"https:\/\/candas365.es\/noticias\/el-ministerio-del-tiempo-vuelve-el-lunes-con-nuevos-capitulos\/#organizationLogo"},"sameAs":["https:\/\/www.facebook.com\/Nachofdezber","https:\/\/x.com\/NabercoDigital","https:\/\/www.instagram.com\/nachofdezber\/","https:\/\/www.youtube.com\/channel\/UCZP-2wLEB9Rv6erhFmqVnvg"],"address":{"@id":"https:\/\/candas365.es\/noticias\/#postaladdress","@type":"PostalAddress","streetAddress":"san antonio 4, san antonio 4","postalCode":"33430","addressLocality":"Cand\u00e1s","addressRegion":"Asturias","addressCountry":"ES"}},{"@type":"Person","@id":"https:\/\/candas365.es\/noticias\/author\/admin\/#author","url":"https:\/\/candas365.es\/noticias\/author\/admin\/","name":"Cand\u00e1s 365","image":{"@type":"ImageObject","@id":"https:\/\/candas365.es\/noticias\/el-ministerio-del-tiempo-vuelve-el-lunes-con-nuevos-capitulos\/#authorImage","url":"https:\/\/secure.gravatar.com\/avatar\/496a8e03d0c493ede1718b7934145dbdf8d89be1036b0eec9544e1094c9de390?s=96&d=mm&r=g","width":96,"height":96,"caption":"Cand\u00e1s 365"},"sameAs":["https:\/\/www.facebook.com\/carrenoactualidad","https:\/\/twitter.com\/nbasturias","https:\/\/www.instagram.com\/nachofdezber\/","https:\/\/www.youtube.com\/channel\/UCZP-2wLEB9Rv6erhFmqVnvg"]},{"@type":"WebPage","@id":"https:\/\/candas365.es\/noticias\/el-ministerio-del-tiempo-vuelve-el-lunes-con-nuevos-capitulos\/#webpage","url":"https:\/\/candas365.es\/noticias\/el-ministerio-del-tiempo-vuelve-el-lunes-con-nuevos-capitulos\/","name":"\u2018El Ministerio del Tiempo\u2019 vuelve el lunes con nuevos cap\u00edtulos | Cand\u00e1s 365","description":"'El Ministerio del Tiempo' regresa el pr\u00f3ximo lunes 18 a RTVE con la segunda parte de su tercera temporada. Nuevos cap\u00edtulos fieles a la esencia que ha colocado a la ficci\u00f3n producida por RTVE en colaboraci\u00f3n con Onza Entertainment en un lugar de referencia entre la cr\u00edtica y el p\u00fablico espa\u00f1ol e internacional. La marcha","inLanguage":"es-ES","isPartOf":{"@id":"https:\/\/candas365.es\/noticias\/#website"},"breadcrumb":{"@id":"https:\/\/candas365.es\/noticias\/el-ministerio-del-tiempo-vuelve-el-lunes-con-nuevos-capitulos\/#breadcrumblist"},"author":{"@id":"https:\/\/candas365.es\/noticias\/author\/admin\/#author"},"creator":{"@id":"https:\/\/candas365.es\/noticias\/author\/admin\/#author"},"image":{"@type":"ImageObject","url":"https:\/\/candas365.es\/noticias\/wp-content\/uploads\/2017\/09\/1505466299995.jpg","@id":"https:\/\/candas365.es\/noticias\/el-ministerio-del-tiempo-vuelve-el-lunes-con-nuevos-capitulos\/#mainImage","width":800,"height":450},"primaryImageOfPage":{"@id":"https:\/\/candas365.es\/noticias\/el-ministerio-del-tiempo-vuelve-el-lunes-con-nuevos-capitulos\/#mainImage"},"datePublished":"2017-09-16T21:43:59+02:00","dateModified":"2017-09-16T21:43:59+02:00"},{"@type":"WebSite","@id":"https:\/\/candas365.es\/noticias\/#website","url":"https:\/\/candas365.es\/noticias\/","name":"Cand\u00e1s 365","alternateName":"Cand\u00e1s 365 Noticias","description":"Actualidad desde Carre\u00f1o para el mundo","inLanguage":"es-ES","publisher":{"@id":"https:\/\/candas365.es\/noticias\/#organization"}}]},"og:locale":"es_ES","og:site_name":"Cand\u00e1s 365","og:type":"article","og:title":"\u2018El Ministerio del Tiempo\u2019 vuelve el lunes con nuevos cap\u00edtulos | Cand\u00e1s 365","og:description":"'El Ministerio del Tiempo' regresa el pr\u00f3ximo lunes 18 a RTVE con la segunda parte de su tercera temporada. Nuevos cap\u00edtulos fieles a la esencia que ha colocado a la ficci\u00f3n producida por RTVE en colaboraci\u00f3n con Onza Entertainment en un lugar de referencia entre la cr\u00edtica y el p\u00fablico espa\u00f1ol e internacional. La marcha","og:url":"https:\/\/candas365.es\/noticias\/el-ministerio-del-tiempo-vuelve-el-lunes-con-nuevos-capitulos\/","og:image":"https:\/\/candas365.es\/noticias\/wp-content\/uploads\/2017\/09\/1505466299995.jpg","og:image:secure_url":"https:\/\/candas365.es\/noticias\/wp-content\/uploads\/2017\/09\/1505466299995.jpg","og:image:width":800,"og:image:height":450,"article:published_time":"2017-09-16T21:43:59+00:00","article:modified_time":"2017-09-16T21:43:59+00:00","article:publisher":"https:\/\/www.facebook.com\/Nachofdezber","article:author":"https:\/\/www.facebook.com\/carrenoactualidad","twitter:card":"summary_large_image","twitter:site":"@NabercoDigital","twitter:title":"\u2018El Ministerio del Tiempo\u2019 vuelve el lunes con nuevos cap\u00edtulos | Cand\u00e1s 365","twitter:description":"'El Ministerio del Tiempo' regresa el pr\u00f3ximo lunes 18 a RTVE con la segunda parte de su tercera temporada. Nuevos cap\u00edtulos fieles a la esencia que ha colocado a la ficci\u00f3n producida por RTVE en colaboraci\u00f3n con Onza Entertainment en un lugar de referencia entre la cr\u00edtica y el p\u00fablico espa\u00f1ol e internacional. La marcha","twitter:creator":"@nbasturias","twitter:image":"https:\/\/candas365.es\/noticias\/wp-content\/uploads\/2017\/09\/1505466299995.jpg","twitter:label1":"Escrito por","twitter:data1":"Cand\u00e1s 365","twitter:label2":"Tiempo de lectura estimado","twitter:data2":"3 minutos"},"aioseo_meta_data":{"post_id":"79979","title":null,"description":null,"keywords":null,"keyphrases":null,"primary_term":null,"canonical_url":null,"og_title":null,"og_description":null,"og_object_type":"default","og_image_type":"default","og_image_url":null,"og_image_width":null,"og_image_height":null,"og_image_custom_url":null,"og_image_custom_fields":null,"og_video":null,"og_custom_url":null,"og_article_section":null,"og_article_tags":null,"twitter_use_og":false,"twitter_card":"default","twitter_image_type":"default","twitter_image_url":null,"twitter_image_custom_url":null,"twitter_image_custom_fields":null,"twitter_title":null,"twitter_description":null,"schema":{"blockGraphs":[],"customGraphs":[],"default":{"data":{"Article":[],"Course":[],"Dataset":[],"FAQPage":[],"Movie":[],"Person":[],"Product":[],"ProductReview":[],"Car":[],"Recipe":[],"Service":[],"SoftwareApplication":[],"WebPage":[]},"graphName":"","isEnabled":true},"graphs":[],"defaultGraph":"","defaultPostTypeGraph":""},"schema_type":null,"schema_type_options":null,"pillar_content":false,"robots_default":true,"robots_noindex":false,"robots_noarchive":false,"robots_nosnippet":false,"robots_nofollow":false,"robots_noimageindex":false,"robots_noodp":false,"robots_notranslate":false,"robots_max_snippet":null,"robots_max_videopreview":null,"robots_max_imagepreview":"large","priority":null,"frequency":null,"location":null,"local_seo":null,"seo_analyzer_scan_date":"2025-08-25 23:53:17","breadcrumb_settings":null,"limit_modified_date":false,"reviewed_by":null,"open_ai":null,"ai":null,"created":"2020-12-21 12:49:56","updated":"2025-08-25 23:53:17"},"aioseo_breadcrumb":"<div class=\"aioseo-breadcrumbs\"><span class=\"aioseo-breadcrumb\">\n\t<a href=\"https:\/\/candas365.es\/noticias\" title=\"Home\">Home<\/a>\n<\/span><span class=\"aioseo-breadcrumb-separator\">&ndash;<\/span><span class=\"aioseo-breadcrumb\">\n\t<a href=\"https:\/\/candas365.es\/noticias\/category\/agenda\/\" title=\"Agenda\">Agenda<\/a>\n<\/span><span class=\"aioseo-breadcrumb-separator\">&ndash;<\/span><span class=\"aioseo-breadcrumb\">\n\t\u2018El Ministerio del Tiempo\u2019 vuelve el lunes con nuevos cap\u00edtulos\n<\/span><\/div>","aioseo_breadcrumb_json":[{"label":"Home","link":"https:\/\/candas365.es\/noticias"},{"label":"Agenda","link":"https:\/\/candas365.es\/noticias\/category\/agenda\/"},{"label":"&#8216;El Ministerio del Tiempo&#8217; vuelve el lunes con nuevos cap\u00edtulos","link":"https:\/\/candas365.es\/noticias\/el-ministerio-del-tiempo-vuelve-el-lunes-con-nuevos-capitulos\/"}],"_links":{"self":[{"href":"https:\/\/candas365.es\/noticias\/wp-json\/wp\/v2\/posts\/79979","targetHints":{"allow":["GET"]}}],"collection":[{"href":"https:\/\/candas365.es\/noticias\/wp-json\/wp\/v2\/posts"}],"about":[{"href":"https:\/\/candas365.es\/noticias\/wp-json\/wp\/v2\/types\/post"}],"author":[{"embeddable":true,"href":"https:\/\/candas365.es\/noticias\/wp-json\/wp\/v2\/users\/1"}],"replies":[{"embeddable":true,"href":"https:\/\/candas365.es\/noticias\/wp-json\/wp\/v2\/comments?post=79979"}],"version-history":[{"count":0,"href":"https:\/\/candas365.es\/noticias\/wp-json\/wp\/v2\/posts\/79979\/revisions"}],"wp:featuredmedia":[{"embeddable":true,"href":"https:\/\/candas365.es\/noticias\/wp-json\/wp\/v2\/media\/79980"}],"wp:attachment":[{"href":"https:\/\/candas365.es\/noticias\/wp-json\/wp\/v2\/media?parent=79979"}],"wp:term":[{"taxonomy":"category","embeddable":true,"href":"https:\/\/candas365.es\/noticias\/wp-json\/wp\/v2\/categories?post=79979"},{"taxonomy":"post_tag","embeddable":true,"href":"https:\/\/candas365.es\/noticias\/wp-json\/wp\/v2\/tags?post=79979"}],"curies":[{"name":"wp","href":"https:\/\/api.w.org\/{rel}","templated":true}]}}