{"id":79865,"date":"2017-09-15T16:22:55","date_gmt":"2017-09-15T16:22:55","guid":{"rendered":"http:\/\/candas365.es\/noticias\/?p=79865"},"modified":"2017-09-15T16:22:55","modified_gmt":"2017-09-15T16:22:55","slug":"inauguracion-de-la-exposicion-cuadrante-de-pablo-basagoiti","status":"publish","type":"post","link":"https:\/\/candas365.es\/noticias\/inauguracion-de-la-exposicion-cuadrante-de-pablo-basagoiti\/","title":{"rendered":"Inauguraci\u00f3n de la exposici\u00f3n \u201cCuadrante\u201d de Pablo Basagoiti"},"content":{"rendered":"<p><img fetchpriority=\"high\" decoding=\"async\" class=\"alignleft size-medium wp-image-270\" src=\"https:\/\/candas365.es\/noticias\/wp-content\/uploads\/2014\/09\/agenda-360x238.jpg\" alt=\"\" width=\"360\" height=\"238\" srcset=\"https:\/\/candas365.es\/noticias\/wp-content\/uploads\/2014\/09\/agenda-360x238.jpg 360w, https:\/\/candas365.es\/noticias\/wp-content\/uploads\/2014\/09\/agenda-150x99.jpg 150w, https:\/\/candas365.es\/noticias\/wp-content\/uploads\/2014\/09\/agenda-450x298.jpg 450w, https:\/\/candas365.es\/noticias\/wp-content\/uploads\/2014\/09\/agenda-84x55.jpg 84w, https:\/\/candas365.es\/noticias\/wp-content\/uploads\/2014\/09\/agenda.jpg 500w\" sizes=\"(max-width: 360px) 100vw, 360px\" \/>Cuadrante es un proyecto fotogr\u00e1fico, en el que partiendo de los albores de la ciudad de hoy, Basagoiti toma las riendas de un \u201cviaje\u201d para introducirse en ella, en busca del verdadero car\u00e1cter de la urbe, explorando las experiencias que le aporta y siendo consciente de que est\u00e1 en un lugar concreto.<\/p>\n<p>Acomete por tanto el proyecto, en primer lugar, organizando la urbe en cuadrantes, tal y como lo hacen los mapas callejeros de cualquier ciudad. Luego, ya sobre el terreno, va experimentando y documentando cada uno de ellos y asignando a cada imagen un nombre que coincide con las coordenadas de su cuadrante en el mapa.<\/p>\n<p>En esta exposici\u00f3n muestra algunas de las im\u00e1genes que ha ido tomando a lo largo de sus recorridos por los cuadrantes entorno al C.M.I. El Llano<\/p>\n<p><strong>Pablo Basagoiti<\/strong> (Madrid, 1973) De padre fot\u00f3grafo y escultor, y posteriormente, director de arte del Museo Evaristo Valle, desde muy temprana edad entra en contacto por ello, con todas las disciplinas del arte y conoce a un buen n\u00famero de artistas de diferentes campos, que han dejado, sin duda, huella en su mirada. Sin embargo, es en la fotograf\u00eda donde encuentra su lenguaje.<\/p>\n<p>En esta faceta fotogr\u00e1fica, ha participado en diversos talleres con autores como Gerardo Custance, Mat\u00edas Costa, Miguel Bergasa o Nicol\u00e1s Cancio, as\u00ed como en diversas exposiciones individuales y colectivas, proyectos editoriales y audiovisuales. En 2015, resulta ganador con este proyecto, a\u00fan en ciernes, de los Visionados de portfolios de las jornadas Defoto del Ateneo Obrero de Gij\u00f3n, con el que expone por primera vez en el Museo Barjola de Gij\u00f3n.<\/p>\n<p><em><strong>CMI El Llano. Lunes 18 de septiembre a las 19.30 horas<\/strong><\/em><\/p>\n","protected":false},"excerpt":{"rendered":"<p>Cuadrante es un proyecto fotogr\u00e1fico, en el que partiendo de los albores de la ciudad de hoy, Basagoiti toma las riendas de un \u201cviaje\u201d para introducirse en ella, en busca del verdadero car\u00e1cter de la urbe, explorando las experiencias que le aporta y siendo consciente de que est\u00e1 en un lugar concreto. Acomete por tanto<\/p>\n","protected":false},"author":1,"featured_media":270,"comment_status":"closed","ping_status":"closed","sticky":false,"template":"","format":"standard","meta":{"footnotes":""},"categories":[1],"tags":[],"class_list":{"0":"post-79865","1":"post","2":"type-post","3":"status-publish","4":"format-standard","5":"has-post-thumbnail","7":"category-agenda"},"aioseo_notices":[],"aioseo_head":"\n\t\t<!-- All in One SEO Pro 4.9.6.2 - aioseo.com -->\n\t<meta name=\"description\" content=\"Cuadrante es un proyecto fotogr\u00e1fico, en el que partiendo de los albores de la ciudad de hoy, Basagoiti toma las riendas de un \u201cviaje\u201d para introducirse en ella, en busca del verdadero car\u00e1cter de la urbe, explorando las experiencias que le aporta y siendo consciente de que est\u00e1 en un lugar concreto. Acomete por tanto\" \/>\n\t<meta name=\"robots\" content=\"max-image-preview:large\" \/>\n\t<meta name=\"author\" content=\"Cand\u00e1s 365\"\/>\n\t<meta name=\"google-site-verification\" content=\"UA-32230408-1\" \/>\n\t<meta name=\"msvalidate.01\" content=\"354F3CDFB2DA171B47FBE9ABF1F88D5\" \/>\n\t<meta name=\"keywords\" content=\"agenda\" \/>\n\t<link rel=\"canonical\" href=\"https:\/\/candas365.es\/noticias\/inauguracion-de-la-exposicion-cuadrante-de-pablo-basagoiti\/\" \/>\n\t<meta name=\"generator\" content=\"All in One SEO Pro (AIOSEO) 4.9.6.2\" \/>\n\t\t<meta property=\"og:locale\" content=\"es_ES\" \/>\n\t\t<meta property=\"og:site_name\" content=\"Cand\u00e1s 365\" \/>\n\t\t<meta property=\"og:type\" content=\"article\" \/>\n\t\t<meta property=\"og:title\" content=\"Inauguraci\u00f3n de la exposici\u00f3n \u201cCuadrante\u201d de Pablo Basagoiti | Cand\u00e1s 365\" \/>\n\t\t<meta property=\"og:description\" content=\"Cuadrante es un proyecto fotogr\u00e1fico, en el que partiendo de los albores de la ciudad de hoy, Basagoiti toma las riendas de un \u201cviaje\u201d para introducirse en ella, en busca del verdadero car\u00e1cter de la urbe, explorando las experiencias que le aporta y siendo consciente de que est\u00e1 en un lugar concreto. Acomete por tanto\" \/>\n\t\t<meta property=\"og:url\" content=\"https:\/\/candas365.es\/noticias\/inauguracion-de-la-exposicion-cuadrante-de-pablo-basagoiti\/\" \/>\n\t\t<meta property=\"og:image\" content=\"https:\/\/candas365.es\/noticias\/wp-content\/uploads\/2014\/09\/agenda.jpg\" \/>\n\t\t<meta property=\"og:image:secure_url\" content=\"https:\/\/candas365.es\/noticias\/wp-content\/uploads\/2014\/09\/agenda.jpg\" \/>\n\t\t<meta property=\"og:image:width\" content=\"500\" \/>\n\t\t<meta property=\"og:image:height\" content=\"331\" \/>\n\t\t<meta property=\"article:published_time\" content=\"2017-09-15T16:22:55+00:00\" \/>\n\t\t<meta property=\"article:modified_time\" content=\"2017-09-15T16:22:55+00:00\" \/>\n\t\t<meta property=\"article:publisher\" content=\"https:\/\/www.facebook.com\/Nachofdezber\" \/>\n\t\t<meta property=\"article:author\" content=\"https:\/\/www.facebook.com\/carrenoactualidad\" \/>\n\t\t<meta name=\"twitter:card\" content=\"summary_large_image\" \/>\n\t\t<meta name=\"twitter:site\" content=\"@NabercoDigital\" \/>\n\t\t<meta name=\"twitter:title\" content=\"Inauguraci\u00f3n de la exposici\u00f3n \u201cCuadrante\u201d de Pablo Basagoiti | Cand\u00e1s 365\" \/>\n\t\t<meta name=\"twitter:description\" content=\"Cuadrante es un proyecto fotogr\u00e1fico, en el que partiendo de los albores de la ciudad de hoy, Basagoiti toma las riendas de un \u201cviaje\u201d para introducirse en ella, en busca del verdadero car\u00e1cter de la urbe, explorando las experiencias que le aporta y siendo consciente de que est\u00e1 en un lugar concreto. Acomete por tanto\" \/>\n\t\t<meta name=\"twitter:creator\" content=\"@nbasturias\" \/>\n\t\t<meta name=\"twitter:image\" content=\"https:\/\/candas365.es\/noticias\/wp-content\/uploads\/2014\/09\/agenda.jpg\" \/>\n\t\t<meta name=\"twitter:label1\" content=\"Escrito por\" \/>\n\t\t<meta name=\"twitter:data1\" content=\"Cand\u00e1s 365\" \/>\n\t\t<meta name=\"twitter:label2\" content=\"Tiempo de lectura estimado\" \/>\n\t\t<meta name=\"twitter:data2\" content=\"1 minuto\" \/>\n\t\t<script type=\"application\/ld+json\" class=\"aioseo-schema\">\n\t\t\t{\"@context\":\"https:\\\/\\\/schema.org\",\"@graph\":[{\"@type\":\"BreadcrumbList\",\"@id\":\"https:\\\/\\\/candas365.es\\\/noticias\\\/inauguracion-de-la-exposicion-cuadrante-de-pablo-basagoiti\\\/#breadcrumblist\",\"itemListElement\":[{\"@type\":\"ListItem\",\"@id\":\"https:\\\/\\\/candas365.es\\\/noticias#listItem\",\"position\":1,\"name\":\"Home\",\"item\":\"https:\\\/\\\/candas365.es\\\/noticias\",\"nextItem\":{\"@type\":\"ListItem\",\"@id\":\"https:\\\/\\\/candas365.es\\\/noticias\\\/category\\\/agenda\\\/#listItem\",\"name\":\"Agenda\"}},{\"@type\":\"ListItem\",\"@id\":\"https:\\\/\\\/candas365.es\\\/noticias\\\/category\\\/agenda\\\/#listItem\",\"position\":2,\"name\":\"Agenda\",\"item\":\"https:\\\/\\\/candas365.es\\\/noticias\\\/category\\\/agenda\\\/\",\"nextItem\":{\"@type\":\"ListItem\",\"@id\":\"https:\\\/\\\/candas365.es\\\/noticias\\\/inauguracion-de-la-exposicion-cuadrante-de-pablo-basagoiti\\\/#listItem\",\"name\":\"Inauguraci\\u00f3n de la exposici\\u00f3n \\u201cCuadrante\\u201d de Pablo Basagoiti\"},\"previousItem\":{\"@type\":\"ListItem\",\"@id\":\"https:\\\/\\\/candas365.es\\\/noticias#listItem\",\"name\":\"Home\"}},{\"@type\":\"ListItem\",\"@id\":\"https:\\\/\\\/candas365.es\\\/noticias\\\/inauguracion-de-la-exposicion-cuadrante-de-pablo-basagoiti\\\/#listItem\",\"position\":3,\"name\":\"Inauguraci\\u00f3n de la exposici\\u00f3n \\u201cCuadrante\\u201d de Pablo Basagoiti\",\"previousItem\":{\"@type\":\"ListItem\",\"@id\":\"https:\\\/\\\/candas365.es\\\/noticias\\\/category\\\/agenda\\\/#listItem\",\"name\":\"Agenda\"}}]},{\"@type\":\"NewsArticle\",\"@id\":\"https:\\\/\\\/candas365.es\\\/noticias\\\/inauguracion-de-la-exposicion-cuadrante-de-pablo-basagoiti\\\/#newsarticle\",\"name\":\"Inauguraci\\u00f3n de la exposici\\u00f3n \\u201cCuadrante\\u201d de Pablo Basagoiti | Cand\\u00e1s 365\",\"headline\":\"Inauguraci\\u00f3n de la exposici\\u00f3n \\u201cCuadrante\\u201d de Pablo Basagoiti\",\"author\":{\"@id\":\"https:\\\/\\\/candas365.es\\\/noticias\\\/author\\\/admin\\\/#author\"},\"publisher\":{\"@id\":\"https:\\\/\\\/candas365.es\\\/noticias\\\/#organization\"},\"image\":{\"@type\":\"ImageObject\",\"url\":\"https:\\\/\\\/candas365.es\\\/noticias\\\/wp-content\\\/uploads\\\/2014\\\/09\\\/agenda.jpg\",\"width\":500,\"height\":331},\"datePublished\":\"2017-09-15T16:22:55+02:00\",\"dateModified\":\"2017-09-15T16:22:55+02:00\",\"inLanguage\":\"es-ES\",\"mainEntityOfPage\":{\"@id\":\"https:\\\/\\\/candas365.es\\\/noticias\\\/inauguracion-de-la-exposicion-cuadrante-de-pablo-basagoiti\\\/#webpage\"},\"isPartOf\":{\"@id\":\"https:\\\/\\\/candas365.es\\\/noticias\\\/inauguracion-de-la-exposicion-cuadrante-de-pablo-basagoiti\\\/#webpage\"},\"articleSection\":\"Agenda\",\"dateline\":\"Publicado el septiembre 15, 2017.\"},{\"@type\":\"Organization\",\"@id\":\"https:\\\/\\\/candas365.es\\\/noticias\\\/#organization\",\"name\":\"Cand\\u00e1s 365\",\"description\":\"Cand\\u00e1s 365 es un diario digital independiente, fundado en 2012, con base en Asturias. Informamos con rigor sobre actualidad, sociedad, cultura y ocio, con una mirada local y global.\",\"url\":\"https:\\\/\\\/candas365.es\\\/noticias\\\/\",\"email\":\"info@candas365.es\",\"telephone\":\"+34652131393\",\"foundingDate\":\"2012-06-10\",\"logo\":{\"@type\":\"ImageObject\",\"url\":\"https:\\\/\\\/candas365.es\\\/noticias\\\/wp-content\\\/uploads\\\/2024\\\/09\\\/Candas-365-Redes.jpg\",\"@id\":\"https:\\\/\\\/candas365.es\\\/noticias\\\/inauguracion-de-la-exposicion-cuadrante-de-pablo-basagoiti\\\/#organizationLogo\",\"width\":1152,\"height\":864,\"caption\":\"Cand\\u00e1s 365 Redes\"},\"image\":{\"@id\":\"https:\\\/\\\/candas365.es\\\/noticias\\\/inauguracion-de-la-exposicion-cuadrante-de-pablo-basagoiti\\\/#organizationLogo\"},\"sameAs\":[\"https:\\\/\\\/www.facebook.com\\\/Nachofdezber\",\"https:\\\/\\\/x.com\\\/NabercoDigital\",\"https:\\\/\\\/www.instagram.com\\\/nachofdezber\\\/\",\"https:\\\/\\\/www.youtube.com\\\/channel\\\/UCZP-2wLEB9Rv6erhFmqVnvg\"],\"address\":{\"@id\":\"https:\\\/\\\/candas365.es\\\/noticias\\\/#postaladdress\",\"@type\":\"PostalAddress\",\"streetAddress\":\"san antonio 4, san antonio 4\",\"postalCode\":\"33430\",\"addressLocality\":\"Cand\\u00e1s\",\"addressRegion\":\"Asturias\",\"addressCountry\":\"ES\"}},{\"@type\":\"Person\",\"@id\":\"https:\\\/\\\/candas365.es\\\/noticias\\\/author\\\/admin\\\/#author\",\"url\":\"https:\\\/\\\/candas365.es\\\/noticias\\\/author\\\/admin\\\/\",\"name\":\"Cand\\u00e1s 365\",\"image\":{\"@type\":\"ImageObject\",\"@id\":\"https:\\\/\\\/candas365.es\\\/noticias\\\/inauguracion-de-la-exposicion-cuadrante-de-pablo-basagoiti\\\/#authorImage\",\"url\":\"https:\\\/\\\/secure.gravatar.com\\\/avatar\\\/496a8e03d0c493ede1718b7934145dbdf8d89be1036b0eec9544e1094c9de390?s=96&d=mm&r=g\",\"width\":96,\"height\":96,\"caption\":\"Cand\\u00e1s 365\"},\"sameAs\":[\"https:\\\/\\\/www.facebook.com\\\/carrenoactualidad\",\"https:\\\/\\\/twitter.com\\\/nbasturias\",\"https:\\\/\\\/www.instagram.com\\\/nachofdezber\\\/\",\"https:\\\/\\\/www.youtube.com\\\/channel\\\/UCZP-2wLEB9Rv6erhFmqVnvg\"]},{\"@type\":\"WebPage\",\"@id\":\"https:\\\/\\\/candas365.es\\\/noticias\\\/inauguracion-de-la-exposicion-cuadrante-de-pablo-basagoiti\\\/#webpage\",\"url\":\"https:\\\/\\\/candas365.es\\\/noticias\\\/inauguracion-de-la-exposicion-cuadrante-de-pablo-basagoiti\\\/\",\"name\":\"Inauguraci\\u00f3n de la exposici\\u00f3n \\u201cCuadrante\\u201d de Pablo Basagoiti | Cand\\u00e1s 365\",\"description\":\"Cuadrante es un proyecto fotogr\\u00e1fico, en el que partiendo de los albores de la ciudad de hoy, Basagoiti toma las riendas de un \\u201cviaje\\u201d para introducirse en ella, en busca del verdadero car\\u00e1cter de la urbe, explorando las experiencias que le aporta y siendo consciente de que est\\u00e1 en un lugar concreto. Acomete por tanto\",\"inLanguage\":\"es-ES\",\"isPartOf\":{\"@id\":\"https:\\\/\\\/candas365.es\\\/noticias\\\/#website\"},\"breadcrumb\":{\"@id\":\"https:\\\/\\\/candas365.es\\\/noticias\\\/inauguracion-de-la-exposicion-cuadrante-de-pablo-basagoiti\\\/#breadcrumblist\"},\"author\":{\"@id\":\"https:\\\/\\\/candas365.es\\\/noticias\\\/author\\\/admin\\\/#author\"},\"creator\":{\"@id\":\"https:\\\/\\\/candas365.es\\\/noticias\\\/author\\\/admin\\\/#author\"},\"image\":{\"@type\":\"ImageObject\",\"url\":\"https:\\\/\\\/candas365.es\\\/noticias\\\/wp-content\\\/uploads\\\/2014\\\/09\\\/agenda.jpg\",\"@id\":\"https:\\\/\\\/candas365.es\\\/noticias\\\/inauguracion-de-la-exposicion-cuadrante-de-pablo-basagoiti\\\/#mainImage\",\"width\":500,\"height\":331},\"primaryImageOfPage\":{\"@id\":\"https:\\\/\\\/candas365.es\\\/noticias\\\/inauguracion-de-la-exposicion-cuadrante-de-pablo-basagoiti\\\/#mainImage\"},\"datePublished\":\"2017-09-15T16:22:55+02:00\",\"dateModified\":\"2017-09-15T16:22:55+02:00\"},{\"@type\":\"WebSite\",\"@id\":\"https:\\\/\\\/candas365.es\\\/noticias\\\/#website\",\"url\":\"https:\\\/\\\/candas365.es\\\/noticias\\\/\",\"name\":\"Cand\\u00e1s 365\",\"alternateName\":\"Cand\\u00e1s 365 Noticias\",\"description\":\"Actualidad desde Carre\\u00f1o para el mundo\",\"inLanguage\":\"es-ES\",\"publisher\":{\"@id\":\"https:\\\/\\\/candas365.es\\\/noticias\\\/#organization\"}}]}\n\t\t<\/script>\n\t\t<!-- All in One SEO Pro -->\r\n\t\t<title>Inauguraci\u00f3n de la exposici\u00f3n \u201cCuadrante\u201d de Pablo Basagoiti | Cand\u00e1s 365<\/title>\n\n","aioseo_head_json":{"title":"Inauguraci\u00f3n de la exposici\u00f3n \u201cCuadrante\u201d de Pablo Basagoiti | Cand\u00e1s 365","description":"Cuadrante es un proyecto fotogr\u00e1fico, en el que partiendo de los albores de la ciudad de hoy, Basagoiti toma las riendas de un \u201cviaje\u201d para introducirse en ella, en busca del verdadero car\u00e1cter de la urbe, explorando las experiencias que le aporta y siendo consciente de que est\u00e1 en un lugar concreto. Acomete por tanto","canonical_url":"https:\/\/candas365.es\/noticias\/inauguracion-de-la-exposicion-cuadrante-de-pablo-basagoiti\/","robots":"max-image-preview:large","keywords":"agenda","webmasterTools":{"google-site-verification":"UA-32230408-1","msvalidate.01":"354F3CDFB2DA171B47FBE9ABF1F88D5","miscellaneous":""},"schema":{"@context":"https:\/\/schema.org","@graph":[{"@type":"BreadcrumbList","@id":"https:\/\/candas365.es\/noticias\/inauguracion-de-la-exposicion-cuadrante-de-pablo-basagoiti\/#breadcrumblist","itemListElement":[{"@type":"ListItem","@id":"https:\/\/candas365.es\/noticias#listItem","position":1,"name":"Home","item":"https:\/\/candas365.es\/noticias","nextItem":{"@type":"ListItem","@id":"https:\/\/candas365.es\/noticias\/category\/agenda\/#listItem","name":"Agenda"}},{"@type":"ListItem","@id":"https:\/\/candas365.es\/noticias\/category\/agenda\/#listItem","position":2,"name":"Agenda","item":"https:\/\/candas365.es\/noticias\/category\/agenda\/","nextItem":{"@type":"ListItem","@id":"https:\/\/candas365.es\/noticias\/inauguracion-de-la-exposicion-cuadrante-de-pablo-basagoiti\/#listItem","name":"Inauguraci\u00f3n de la exposici\u00f3n \u201cCuadrante\u201d de Pablo Basagoiti"},"previousItem":{"@type":"ListItem","@id":"https:\/\/candas365.es\/noticias#listItem","name":"Home"}},{"@type":"ListItem","@id":"https:\/\/candas365.es\/noticias\/inauguracion-de-la-exposicion-cuadrante-de-pablo-basagoiti\/#listItem","position":3,"name":"Inauguraci\u00f3n de la exposici\u00f3n \u201cCuadrante\u201d de Pablo Basagoiti","previousItem":{"@type":"ListItem","@id":"https:\/\/candas365.es\/noticias\/category\/agenda\/#listItem","name":"Agenda"}}]},{"@type":"NewsArticle","@id":"https:\/\/candas365.es\/noticias\/inauguracion-de-la-exposicion-cuadrante-de-pablo-basagoiti\/#newsarticle","name":"Inauguraci\u00f3n de la exposici\u00f3n \u201cCuadrante\u201d de Pablo Basagoiti | Cand\u00e1s 365","headline":"Inauguraci\u00f3n de la exposici\u00f3n \u201cCuadrante\u201d de Pablo Basagoiti","author":{"@id":"https:\/\/candas365.es\/noticias\/author\/admin\/#author"},"publisher":{"@id":"https:\/\/candas365.es\/noticias\/#organization"},"image":{"@type":"ImageObject","url":"https:\/\/candas365.es\/noticias\/wp-content\/uploads\/2014\/09\/agenda.jpg","width":500,"height":331},"datePublished":"2017-09-15T16:22:55+02:00","dateModified":"2017-09-15T16:22:55+02:00","inLanguage":"es-ES","mainEntityOfPage":{"@id":"https:\/\/candas365.es\/noticias\/inauguracion-de-la-exposicion-cuadrante-de-pablo-basagoiti\/#webpage"},"isPartOf":{"@id":"https:\/\/candas365.es\/noticias\/inauguracion-de-la-exposicion-cuadrante-de-pablo-basagoiti\/#webpage"},"articleSection":"Agenda","dateline":"Publicado el septiembre 15, 2017."},{"@type":"Organization","@id":"https:\/\/candas365.es\/noticias\/#organization","name":"Cand\u00e1s 365","description":"Cand\u00e1s 365 es un diario digital independiente, fundado en 2012, con base en Asturias. Informamos con rigor sobre actualidad, sociedad, cultura y ocio, con una mirada local y global.","url":"https:\/\/candas365.es\/noticias\/","email":"info@candas365.es","telephone":"+34652131393","foundingDate":"2012-06-10","logo":{"@type":"ImageObject","url":"https:\/\/candas365.es\/noticias\/wp-content\/uploads\/2024\/09\/Candas-365-Redes.jpg","@id":"https:\/\/candas365.es\/noticias\/inauguracion-de-la-exposicion-cuadrante-de-pablo-basagoiti\/#organizationLogo","width":1152,"height":864,"caption":"Cand\u00e1s 365 Redes"},"image":{"@id":"https:\/\/candas365.es\/noticias\/inauguracion-de-la-exposicion-cuadrante-de-pablo-basagoiti\/#organizationLogo"},"sameAs":["https:\/\/www.facebook.com\/Nachofdezber","https:\/\/x.com\/NabercoDigital","https:\/\/www.instagram.com\/nachofdezber\/","https:\/\/www.youtube.com\/channel\/UCZP-2wLEB9Rv6erhFmqVnvg"],"address":{"@id":"https:\/\/candas365.es\/noticias\/#postaladdress","@type":"PostalAddress","streetAddress":"san antonio 4, san antonio 4","postalCode":"33430","addressLocality":"Cand\u00e1s","addressRegion":"Asturias","addressCountry":"ES"}},{"@type":"Person","@id":"https:\/\/candas365.es\/noticias\/author\/admin\/#author","url":"https:\/\/candas365.es\/noticias\/author\/admin\/","name":"Cand\u00e1s 365","image":{"@type":"ImageObject","@id":"https:\/\/candas365.es\/noticias\/inauguracion-de-la-exposicion-cuadrante-de-pablo-basagoiti\/#authorImage","url":"https:\/\/secure.gravatar.com\/avatar\/496a8e03d0c493ede1718b7934145dbdf8d89be1036b0eec9544e1094c9de390?s=96&d=mm&r=g","width":96,"height":96,"caption":"Cand\u00e1s 365"},"sameAs":["https:\/\/www.facebook.com\/carrenoactualidad","https:\/\/twitter.com\/nbasturias","https:\/\/www.instagram.com\/nachofdezber\/","https:\/\/www.youtube.com\/channel\/UCZP-2wLEB9Rv6erhFmqVnvg"]},{"@type":"WebPage","@id":"https:\/\/candas365.es\/noticias\/inauguracion-de-la-exposicion-cuadrante-de-pablo-basagoiti\/#webpage","url":"https:\/\/candas365.es\/noticias\/inauguracion-de-la-exposicion-cuadrante-de-pablo-basagoiti\/","name":"Inauguraci\u00f3n de la exposici\u00f3n \u201cCuadrante\u201d de Pablo Basagoiti | Cand\u00e1s 365","description":"Cuadrante es un proyecto fotogr\u00e1fico, en el que partiendo de los albores de la ciudad de hoy, Basagoiti toma las riendas de un \u201cviaje\u201d para introducirse en ella, en busca del verdadero car\u00e1cter de la urbe, explorando las experiencias que le aporta y siendo consciente de que est\u00e1 en un lugar concreto. Acomete por tanto","inLanguage":"es-ES","isPartOf":{"@id":"https:\/\/candas365.es\/noticias\/#website"},"breadcrumb":{"@id":"https:\/\/candas365.es\/noticias\/inauguracion-de-la-exposicion-cuadrante-de-pablo-basagoiti\/#breadcrumblist"},"author":{"@id":"https:\/\/candas365.es\/noticias\/author\/admin\/#author"},"creator":{"@id":"https:\/\/candas365.es\/noticias\/author\/admin\/#author"},"image":{"@type":"ImageObject","url":"https:\/\/candas365.es\/noticias\/wp-content\/uploads\/2014\/09\/agenda.jpg","@id":"https:\/\/candas365.es\/noticias\/inauguracion-de-la-exposicion-cuadrante-de-pablo-basagoiti\/#mainImage","width":500,"height":331},"primaryImageOfPage":{"@id":"https:\/\/candas365.es\/noticias\/inauguracion-de-la-exposicion-cuadrante-de-pablo-basagoiti\/#mainImage"},"datePublished":"2017-09-15T16:22:55+02:00","dateModified":"2017-09-15T16:22:55+02:00"},{"@type":"WebSite","@id":"https:\/\/candas365.es\/noticias\/#website","url":"https:\/\/candas365.es\/noticias\/","name":"Cand\u00e1s 365","alternateName":"Cand\u00e1s 365 Noticias","description":"Actualidad desde Carre\u00f1o para el mundo","inLanguage":"es-ES","publisher":{"@id":"https:\/\/candas365.es\/noticias\/#organization"}}]},"og:locale":"es_ES","og:site_name":"Cand\u00e1s 365","og:type":"article","og:title":"Inauguraci\u00f3n de la exposici\u00f3n \u201cCuadrante\u201d de Pablo Basagoiti | Cand\u00e1s 365","og:description":"Cuadrante es un proyecto fotogr\u00e1fico, en el que partiendo de los albores de la ciudad de hoy, Basagoiti toma las riendas de un \u201cviaje\u201d para introducirse en ella, en busca del verdadero car\u00e1cter de la urbe, explorando las experiencias que le aporta y siendo consciente de que est\u00e1 en un lugar concreto. Acomete por tanto","og:url":"https:\/\/candas365.es\/noticias\/inauguracion-de-la-exposicion-cuadrante-de-pablo-basagoiti\/","og:image":"https:\/\/candas365.es\/noticias\/wp-content\/uploads\/2014\/09\/agenda.jpg","og:image:secure_url":"https:\/\/candas365.es\/noticias\/wp-content\/uploads\/2014\/09\/agenda.jpg","og:image:width":500,"og:image:height":331,"article:published_time":"2017-09-15T16:22:55+00:00","article:modified_time":"2017-09-15T16:22:55+00:00","article:publisher":"https:\/\/www.facebook.com\/Nachofdezber","article:author":"https:\/\/www.facebook.com\/carrenoactualidad","twitter:card":"summary_large_image","twitter:site":"@NabercoDigital","twitter:title":"Inauguraci\u00f3n de la exposici\u00f3n \u201cCuadrante\u201d de Pablo Basagoiti | Cand\u00e1s 365","twitter:description":"Cuadrante es un proyecto fotogr\u00e1fico, en el que partiendo de los albores de la ciudad de hoy, Basagoiti toma las riendas de un \u201cviaje\u201d para introducirse en ella, en busca del verdadero car\u00e1cter de la urbe, explorando las experiencias que le aporta y siendo consciente de que est\u00e1 en un lugar concreto. Acomete por tanto","twitter:creator":"@nbasturias","twitter:image":"https:\/\/candas365.es\/noticias\/wp-content\/uploads\/2014\/09\/agenda.jpg","twitter:label1":"Escrito por","twitter:data1":"Cand\u00e1s 365","twitter:label2":"Tiempo de lectura estimado","twitter:data2":"1 minuto"},"aioseo_meta_data":{"post_id":"79865","title":null,"description":null,"keywords":null,"keyphrases":null,"primary_term":null,"canonical_url":null,"og_title":null,"og_description":null,"og_object_type":"default","og_image_type":"default","og_image_url":null,"og_image_width":null,"og_image_height":null,"og_image_custom_url":null,"og_image_custom_fields":null,"og_video":null,"og_custom_url":null,"og_article_section":null,"og_article_tags":null,"twitter_use_og":false,"twitter_card":"default","twitter_image_type":"default","twitter_image_url":null,"twitter_image_custom_url":null,"twitter_image_custom_fields":null,"twitter_title":null,"twitter_description":null,"schema":{"blockGraphs":[],"customGraphs":[],"default":{"data":{"Article":[],"Course":[],"Dataset":[],"FAQPage":[],"Movie":[],"Person":[],"Product":[],"ProductReview":[],"Car":[],"Recipe":[],"Service":[],"SoftwareApplication":[],"WebPage":[]},"graphName":"","isEnabled":true},"graphs":[]},"schema_type":null,"schema_type_options":null,"pillar_content":false,"robots_default":true,"robots_noindex":false,"robots_noarchive":false,"robots_nosnippet":false,"robots_nofollow":false,"robots_noimageindex":false,"robots_noodp":false,"robots_notranslate":false,"robots_max_snippet":null,"robots_max_videopreview":null,"robots_max_imagepreview":"large","priority":null,"frequency":null,"location":null,"local_seo":null,"seo_analyzer_scan_date":"2025-08-25 23:43:13","breadcrumb_settings":null,"limit_modified_date":false,"reviewed_by":null,"open_ai":null,"ai":null,"created":"2020-12-21 12:50:56","updated":"2025-08-25 23:43:13"},"aioseo_breadcrumb":"<div class=\"aioseo-breadcrumbs\"><span class=\"aioseo-breadcrumb\">\n\t<a href=\"https:\/\/candas365.es\/noticias\" title=\"Home\">Home<\/a>\n<\/span><span class=\"aioseo-breadcrumb-separator\">&ndash;<\/span><span class=\"aioseo-breadcrumb\">\n\t<a href=\"https:\/\/candas365.es\/noticias\/category\/agenda\/\" title=\"Agenda\">Agenda<\/a>\n<\/span><span class=\"aioseo-breadcrumb-separator\">&ndash;<\/span><span class=\"aioseo-breadcrumb\">\n\tInauguraci\u00f3n de la exposici\u00f3n \u201cCuadrante\u201d de Pablo Basagoiti\n<\/span><\/div>","aioseo_breadcrumb_json":[{"label":"Home","link":"https:\/\/candas365.es\/noticias"},{"label":"Agenda","link":"https:\/\/candas365.es\/noticias\/category\/agenda\/"},{"label":"Inauguraci\u00f3n de la exposici\u00f3n \u201cCuadrante\u201d de Pablo Basagoiti","link":"https:\/\/candas365.es\/noticias\/inauguracion-de-la-exposicion-cuadrante-de-pablo-basagoiti\/"}],"_links":{"self":[{"href":"https:\/\/candas365.es\/noticias\/wp-json\/wp\/v2\/posts\/79865","targetHints":{"allow":["GET"]}}],"collection":[{"href":"https:\/\/candas365.es\/noticias\/wp-json\/wp\/v2\/posts"}],"about":[{"href":"https:\/\/candas365.es\/noticias\/wp-json\/wp\/v2\/types\/post"}],"author":[{"embeddable":true,"href":"https:\/\/candas365.es\/noticias\/wp-json\/wp\/v2\/users\/1"}],"replies":[{"embeddable":true,"href":"https:\/\/candas365.es\/noticias\/wp-json\/wp\/v2\/comments?post=79865"}],"version-history":[{"count":0,"href":"https:\/\/candas365.es\/noticias\/wp-json\/wp\/v2\/posts\/79865\/revisions"}],"wp:featuredmedia":[{"embeddable":true,"href":"https:\/\/candas365.es\/noticias\/wp-json\/wp\/v2\/media\/270"}],"wp:attachment":[{"href":"https:\/\/candas365.es\/noticias\/wp-json\/wp\/v2\/media?parent=79865"}],"wp:term":[{"taxonomy":"category","embeddable":true,"href":"https:\/\/candas365.es\/noticias\/wp-json\/wp\/v2\/categories?post=79865"},{"taxonomy":"post_tag","embeddable":true,"href":"https:\/\/candas365.es\/noticias\/wp-json\/wp\/v2\/tags?post=79865"}],"curies":[{"name":"wp","href":"https:\/\/api.w.org\/{rel}","templated":true}]}}