{"id":79819,"date":"2017-09-14T21:53:55","date_gmt":"2017-09-14T21:53:55","guid":{"rendered":"http:\/\/candas365.es\/noticias\/?p=79819"},"modified":"2017-09-14T21:53:55","modified_gmt":"2017-09-14T21:53:55","slug":"servir-y-proteger-cumple-100-capitulos-en-la-1","status":"publish","type":"post","link":"https:\/\/candas365.es\/noticias\/servir-y-proteger-cumple-100-capitulos-en-la-1\/","title":{"rendered":"&#8216;Servir y proteger&#8217; cumple 100 cap\u00edtulos en La 1"},"content":{"rendered":"<p><img fetchpriority=\"high\" decoding=\"async\" class=\"alignleft size-medium wp-image-79820\" src=\"https:\/\/candas365.es\/noticias\/wp-content\/uploads\/2017\/09\/SP-Tele-360x240.jpg\" alt=\"\" width=\"360\" height=\"240\" srcset=\"https:\/\/candas365.es\/noticias\/wp-content\/uploads\/2017\/09\/SP-Tele-360x240.jpg 360w, https:\/\/candas365.es\/noticias\/wp-content\/uploads\/2017\/09\/SP-Tele-768x512.jpg 768w, https:\/\/candas365.es\/noticias\/wp-content\/uploads\/2017\/09\/SP-Tele-655x437.jpg 655w, https:\/\/candas365.es\/noticias\/wp-content\/uploads\/2017\/09\/SP-Tele-696x464.jpg 696w, https:\/\/candas365.es\/noticias\/wp-content\/uploads\/2017\/09\/SP-Tele-1068x712.jpg 1068w, https:\/\/candas365.es\/noticias\/wp-content\/uploads\/2017\/09\/SP-Tele-630x420.jpg 630w, https:\/\/candas365.es\/noticias\/wp-content\/uploads\/2017\/09\/SP-Tele-84x55.jpg 84w, https:\/\/candas365.es\/noticias\/wp-content\/uploads\/2017\/09\/SP-Tele.jpg 1180w\" sizes=\"(max-width: 360px) 100vw, 360px\" \/>\u2018Servir y proteger&#8217; llega este viernes 16 de septiembre a su emisi\u00f3n n\u00famero 100 en las tardes de La 1 y se prepara para recibir novedades. En las pr\u00f3ximas semanas llegar\u00e1n nuevos personajes, entre ellos, los interpretados por Mar Regueras y Elena Rivera, o el cameo del chef Sergio Fern\u00e1ndez. La serie producida por RTVE en colaboraci\u00f3n con Plano a Plano alcanza este destacable n\u00famero de cap\u00edtulos en plena forma tras la concesi\u00f3n del Premio ALMA al Mejor Gui\u00f3n. Es la primera serie diaria que obtiene este galard\u00f3n en el Festival de Vitoria.<\/p>\n<p>Elena Rivera interpretar\u00e1 a Elena Ruiz, una mujer decidida y valiente que no teme a nadie y que tiene muy claro que piensa conseguir sus objetivos cueste lo que cueste. Por eso, en poco tiempo, Alicia ver\u00e1 en ella a una rival. Elena sorprender\u00e1 a sus compa\u00f1eros por la rapidez con la que puede resolver casos. Una joven inteligente y muy observadora con gran futuro en el Cuerpo, pero con un tal\u00f3n de Aquiles\u2026<\/p>\n<p>Mar Regueras interpretar\u00e1 a Natalia, la esposa del comisario Brem\u00f3n (Juanjo Artero). Su personaje ser\u00e1 fundamental en la historia de amor que vive el comisario con la agente Lola Ramos (Elisa Moulia\u00e1).<\/p>\n<p>Sergio Fern\u00e1ndez se interpretar\u00e1 a s\u00ed mismo en una divertida trama que tendr\u00e1 lugar en el bar La Parra y se relacionar\u00e1, principalmente con los personajes de Salima y Max.<\/p>\n<p>Asimismo, la serie contar\u00e1 pr\u00f3ximamente con la incorporaci\u00f3n del actor Harlys Becerra en el papel de Reynaldo, un apuesto cubano que llega a Espa\u00f1a y que no solo vivir\u00e1 una trama sentimental en el barrio\u2026<\/p>\n<p>\u2018Servir y Proteger&#8217;, con las actrices Luisa Mart\u00edn y Andrea del R\u00edo a la cabeza de un reparto de consagrados int\u00e9rpretes como Juanjo Artero, Juanjo Ballesta, Roberto \u00c1lvarez, Fernando Guill\u00e9n Cuervo\u2026 se ha asentado de forma notable en las sobremesas televisivas, fidelizando a alrededor de un mill\u00f3n de espectadores cada d\u00eda.<\/p>\n","protected":false},"excerpt":{"rendered":"<p>\u2018Servir y proteger&#8217; llega este viernes 16 de septiembre a su emisi\u00f3n n\u00famero 100 en las tardes de La 1 y se prepara para recibir novedades. En las pr\u00f3ximas semanas llegar\u00e1n nuevos personajes, entre ellos, los interpretados por Mar Regueras y Elena Rivera, o el cameo del chef Sergio Fern\u00e1ndez. La serie producida por RTVE<\/p>\n","protected":false},"author":1,"featured_media":79820,"comment_status":"closed","ping_status":"closed","sticky":false,"template":"","format":"standard","meta":{"footnotes":""},"categories":[1],"tags":[],"class_list":{"0":"post-79819","1":"post","2":"type-post","3":"status-publish","4":"format-standard","5":"has-post-thumbnail","7":"category-agenda"},"aioseo_notices":[],"aioseo_head":"\n\t\t<!-- All in One SEO Pro 4.9.6.2 - aioseo.com -->\n\t<meta name=\"description\" content=\"\u2018Servir y proteger&#039; llega este viernes 16 de septiembre a su emisi\u00f3n n\u00famero 100 en las tardes de La 1 y se prepara para recibir novedades. En las pr\u00f3ximas semanas llegar\u00e1n nuevos personajes, entre ellos, los interpretados por Mar Regueras y Elena Rivera, o el cameo del chef Sergio Fern\u00e1ndez. La serie producida por RTVE\" \/>\n\t<meta name=\"robots\" content=\"max-image-preview:large\" \/>\n\t<meta name=\"author\" content=\"Cand\u00e1s 365\"\/>\n\t<meta name=\"google-site-verification\" content=\"UA-32230408-1\" \/>\n\t<meta name=\"msvalidate.01\" content=\"354F3CDFB2DA171B47FBE9ABF1F88D5\" \/>\n\t<meta name=\"keywords\" content=\"agenda\" \/>\n\t<link rel=\"canonical\" href=\"https:\/\/candas365.es\/noticias\/servir-y-proteger-cumple-100-capitulos-en-la-1\/\" \/>\n\t<meta name=\"generator\" content=\"All in One SEO Pro (AIOSEO) 4.9.6.2\" \/>\n\t\t<meta property=\"og:locale\" content=\"es_ES\" \/>\n\t\t<meta property=\"og:site_name\" content=\"Cand\u00e1s 365\" \/>\n\t\t<meta property=\"og:type\" content=\"article\" \/>\n\t\t<meta property=\"og:title\" content=\"\u2018Servir y proteger\u2019 cumple 100 cap\u00edtulos en La 1 | Cand\u00e1s 365\" \/>\n\t\t<meta property=\"og:description\" content=\"\u2018Servir y proteger&#039; llega este viernes 16 de septiembre a su emisi\u00f3n n\u00famero 100 en las tardes de La 1 y se prepara para recibir novedades. En las pr\u00f3ximas semanas llegar\u00e1n nuevos personajes, entre ellos, los interpretados por Mar Regueras y Elena Rivera, o el cameo del chef Sergio Fern\u00e1ndez. La serie producida por RTVE\" \/>\n\t\t<meta property=\"og:url\" content=\"https:\/\/candas365.es\/noticias\/servir-y-proteger-cumple-100-capitulos-en-la-1\/\" \/>\n\t\t<meta property=\"og:image\" content=\"https:\/\/candas365.es\/noticias\/wp-content\/uploads\/2017\/09\/SP-Tele.jpg\" \/>\n\t\t<meta property=\"og:image:secure_url\" content=\"https:\/\/candas365.es\/noticias\/wp-content\/uploads\/2017\/09\/SP-Tele.jpg\" \/>\n\t\t<meta property=\"og:image:width\" content=\"1180\" \/>\n\t\t<meta property=\"og:image:height\" content=\"787\" \/>\n\t\t<meta property=\"article:published_time\" content=\"2017-09-14T21:53:55+00:00\" \/>\n\t\t<meta property=\"article:modified_time\" content=\"2017-09-14T21:53:55+00:00\" \/>\n\t\t<meta property=\"article:publisher\" content=\"https:\/\/www.facebook.com\/Nachofdezber\" \/>\n\t\t<meta property=\"article:author\" content=\"https:\/\/www.facebook.com\/carrenoactualidad\" \/>\n\t\t<meta name=\"twitter:card\" content=\"summary_large_image\" \/>\n\t\t<meta name=\"twitter:site\" content=\"@NabercoDigital\" \/>\n\t\t<meta name=\"twitter:title\" content=\"\u2018Servir y proteger\u2019 cumple 100 cap\u00edtulos en La 1 | Cand\u00e1s 365\" \/>\n\t\t<meta name=\"twitter:description\" content=\"\u2018Servir y proteger&#039; llega este viernes 16 de septiembre a su emisi\u00f3n n\u00famero 100 en las tardes de La 1 y se prepara para recibir novedades. En las pr\u00f3ximas semanas llegar\u00e1n nuevos personajes, entre ellos, los interpretados por Mar Regueras y Elena Rivera, o el cameo del chef Sergio Fern\u00e1ndez. La serie producida por RTVE\" \/>\n\t\t<meta name=\"twitter:creator\" content=\"@nbasturias\" \/>\n\t\t<meta name=\"twitter:image\" content=\"https:\/\/candas365.es\/noticias\/wp-content\/uploads\/2017\/09\/SP-Tele.jpg\" \/>\n\t\t<meta name=\"twitter:label1\" content=\"Escrito por\" \/>\n\t\t<meta name=\"twitter:data1\" content=\"Cand\u00e1s 365\" \/>\n\t\t<meta name=\"twitter:label2\" content=\"Tiempo de lectura estimado\" \/>\n\t\t<meta name=\"twitter:data2\" content=\"2 minutos\" \/>\n\t\t<script type=\"application\/ld+json\" class=\"aioseo-schema\">\n\t\t\t{\"@context\":\"https:\\\/\\\/schema.org\",\"@graph\":[{\"@type\":\"BreadcrumbList\",\"@id\":\"https:\\\/\\\/candas365.es\\\/noticias\\\/servir-y-proteger-cumple-100-capitulos-en-la-1\\\/#breadcrumblist\",\"itemListElement\":[{\"@type\":\"ListItem\",\"@id\":\"https:\\\/\\\/candas365.es\\\/noticias#listItem\",\"position\":1,\"name\":\"Home\",\"item\":\"https:\\\/\\\/candas365.es\\\/noticias\",\"nextItem\":{\"@type\":\"ListItem\",\"@id\":\"https:\\\/\\\/candas365.es\\\/noticias\\\/category\\\/agenda\\\/#listItem\",\"name\":\"Agenda\"}},{\"@type\":\"ListItem\",\"@id\":\"https:\\\/\\\/candas365.es\\\/noticias\\\/category\\\/agenda\\\/#listItem\",\"position\":2,\"name\":\"Agenda\",\"item\":\"https:\\\/\\\/candas365.es\\\/noticias\\\/category\\\/agenda\\\/\",\"nextItem\":{\"@type\":\"ListItem\",\"@id\":\"https:\\\/\\\/candas365.es\\\/noticias\\\/servir-y-proteger-cumple-100-capitulos-en-la-1\\\/#listItem\",\"name\":\"&#8216;Servir y proteger&#8217; cumple 100 cap\\u00edtulos en La 1\"},\"previousItem\":{\"@type\":\"ListItem\",\"@id\":\"https:\\\/\\\/candas365.es\\\/noticias#listItem\",\"name\":\"Home\"}},{\"@type\":\"ListItem\",\"@id\":\"https:\\\/\\\/candas365.es\\\/noticias\\\/servir-y-proteger-cumple-100-capitulos-en-la-1\\\/#listItem\",\"position\":3,\"name\":\"&#8216;Servir y proteger&#8217; cumple 100 cap\\u00edtulos en La 1\",\"previousItem\":{\"@type\":\"ListItem\",\"@id\":\"https:\\\/\\\/candas365.es\\\/noticias\\\/category\\\/agenda\\\/#listItem\",\"name\":\"Agenda\"}}]},{\"@type\":\"NewsArticle\",\"@id\":\"https:\\\/\\\/candas365.es\\\/noticias\\\/servir-y-proteger-cumple-100-capitulos-en-la-1\\\/#newsarticle\",\"name\":\"\\u2018Servir y proteger\\u2019 cumple 100 cap\\u00edtulos en La 1 | Cand\\u00e1s 365\",\"headline\":\"&#8216;Servir y proteger&#8217; cumple 100 cap\\u00edtulos en La 1\",\"author\":{\"@id\":\"https:\\\/\\\/candas365.es\\\/noticias\\\/author\\\/admin\\\/#author\"},\"publisher\":{\"@id\":\"https:\\\/\\\/candas365.es\\\/noticias\\\/#organization\"},\"image\":{\"@type\":\"ImageObject\",\"url\":\"https:\\\/\\\/candas365.es\\\/noticias\\\/wp-content\\\/uploads\\\/2017\\\/09\\\/SP-Tele.jpg\",\"width\":1180,\"height\":787},\"datePublished\":\"2017-09-14T21:53:55+02:00\",\"dateModified\":\"2017-09-14T21:53:55+02:00\",\"inLanguage\":\"es-ES\",\"mainEntityOfPage\":{\"@id\":\"https:\\\/\\\/candas365.es\\\/noticias\\\/servir-y-proteger-cumple-100-capitulos-en-la-1\\\/#webpage\"},\"isPartOf\":{\"@id\":\"https:\\\/\\\/candas365.es\\\/noticias\\\/servir-y-proteger-cumple-100-capitulos-en-la-1\\\/#webpage\"},\"articleSection\":\"Agenda\",\"dateline\":\"Publicado el septiembre 14, 2017.\"},{\"@type\":\"Organization\",\"@id\":\"https:\\\/\\\/candas365.es\\\/noticias\\\/#organization\",\"name\":\"Cand\\u00e1s 365\",\"description\":\"Cand\\u00e1s 365 es un diario digital independiente, fundado en 2012, con base en Asturias. Informamos con rigor sobre actualidad, sociedad, cultura y ocio, con una mirada local y global.\",\"url\":\"https:\\\/\\\/candas365.es\\\/noticias\\\/\",\"email\":\"info@candas365.es\",\"telephone\":\"+34652131393\",\"foundingDate\":\"2012-06-10\",\"logo\":{\"@type\":\"ImageObject\",\"url\":\"https:\\\/\\\/candas365.es\\\/noticias\\\/wp-content\\\/uploads\\\/2024\\\/09\\\/Candas-365-Redes.jpg\",\"@id\":\"https:\\\/\\\/candas365.es\\\/noticias\\\/servir-y-proteger-cumple-100-capitulos-en-la-1\\\/#organizationLogo\",\"width\":1152,\"height\":864,\"caption\":\"Cand\\u00e1s 365 Redes\"},\"image\":{\"@id\":\"https:\\\/\\\/candas365.es\\\/noticias\\\/servir-y-proteger-cumple-100-capitulos-en-la-1\\\/#organizationLogo\"},\"sameAs\":[\"https:\\\/\\\/www.facebook.com\\\/Nachofdezber\",\"https:\\\/\\\/x.com\\\/NabercoDigital\",\"https:\\\/\\\/www.instagram.com\\\/nachofdezber\\\/\",\"https:\\\/\\\/www.youtube.com\\\/channel\\\/UCZP-2wLEB9Rv6erhFmqVnvg\"],\"address\":{\"@id\":\"https:\\\/\\\/candas365.es\\\/noticias\\\/#postaladdress\",\"@type\":\"PostalAddress\",\"streetAddress\":\"san antonio 4, san antonio 4\",\"postalCode\":\"33430\",\"addressLocality\":\"Cand\\u00e1s\",\"addressRegion\":\"Asturias\",\"addressCountry\":\"ES\"}},{\"@type\":\"Person\",\"@id\":\"https:\\\/\\\/candas365.es\\\/noticias\\\/author\\\/admin\\\/#author\",\"url\":\"https:\\\/\\\/candas365.es\\\/noticias\\\/author\\\/admin\\\/\",\"name\":\"Cand\\u00e1s 365\",\"image\":{\"@type\":\"ImageObject\",\"@id\":\"https:\\\/\\\/candas365.es\\\/noticias\\\/servir-y-proteger-cumple-100-capitulos-en-la-1\\\/#authorImage\",\"url\":\"https:\\\/\\\/secure.gravatar.com\\\/avatar\\\/496a8e03d0c493ede1718b7934145dbdf8d89be1036b0eec9544e1094c9de390?s=96&d=mm&r=g\",\"width\":96,\"height\":96,\"caption\":\"Cand\\u00e1s 365\"},\"sameAs\":[\"https:\\\/\\\/www.facebook.com\\\/carrenoactualidad\",\"https:\\\/\\\/twitter.com\\\/nbasturias\",\"https:\\\/\\\/www.instagram.com\\\/nachofdezber\\\/\",\"https:\\\/\\\/www.youtube.com\\\/channel\\\/UCZP-2wLEB9Rv6erhFmqVnvg\"]},{\"@type\":\"WebPage\",\"@id\":\"https:\\\/\\\/candas365.es\\\/noticias\\\/servir-y-proteger-cumple-100-capitulos-en-la-1\\\/#webpage\",\"url\":\"https:\\\/\\\/candas365.es\\\/noticias\\\/servir-y-proteger-cumple-100-capitulos-en-la-1\\\/\",\"name\":\"\\u2018Servir y proteger\\u2019 cumple 100 cap\\u00edtulos en La 1 | Cand\\u00e1s 365\",\"description\":\"\\u2018Servir y proteger' llega este viernes 16 de septiembre a su emisi\\u00f3n n\\u00famero 100 en las tardes de La 1 y se prepara para recibir novedades. En las pr\\u00f3ximas semanas llegar\\u00e1n nuevos personajes, entre ellos, los interpretados por Mar Regueras y Elena Rivera, o el cameo del chef Sergio Fern\\u00e1ndez. La serie producida por RTVE\",\"inLanguage\":\"es-ES\",\"isPartOf\":{\"@id\":\"https:\\\/\\\/candas365.es\\\/noticias\\\/#website\"},\"breadcrumb\":{\"@id\":\"https:\\\/\\\/candas365.es\\\/noticias\\\/servir-y-proteger-cumple-100-capitulos-en-la-1\\\/#breadcrumblist\"},\"author\":{\"@id\":\"https:\\\/\\\/candas365.es\\\/noticias\\\/author\\\/admin\\\/#author\"},\"creator\":{\"@id\":\"https:\\\/\\\/candas365.es\\\/noticias\\\/author\\\/admin\\\/#author\"},\"image\":{\"@type\":\"ImageObject\",\"url\":\"https:\\\/\\\/candas365.es\\\/noticias\\\/wp-content\\\/uploads\\\/2017\\\/09\\\/SP-Tele.jpg\",\"@id\":\"https:\\\/\\\/candas365.es\\\/noticias\\\/servir-y-proteger-cumple-100-capitulos-en-la-1\\\/#mainImage\",\"width\":1180,\"height\":787},\"primaryImageOfPage\":{\"@id\":\"https:\\\/\\\/candas365.es\\\/noticias\\\/servir-y-proteger-cumple-100-capitulos-en-la-1\\\/#mainImage\"},\"datePublished\":\"2017-09-14T21:53:55+02:00\",\"dateModified\":\"2017-09-14T21:53:55+02:00\"},{\"@type\":\"WebSite\",\"@id\":\"https:\\\/\\\/candas365.es\\\/noticias\\\/#website\",\"url\":\"https:\\\/\\\/candas365.es\\\/noticias\\\/\",\"name\":\"Cand\\u00e1s 365\",\"alternateName\":\"Cand\\u00e1s 365 Noticias\",\"description\":\"Actualidad desde Carre\\u00f1o para el mundo\",\"inLanguage\":\"es-ES\",\"publisher\":{\"@id\":\"https:\\\/\\\/candas365.es\\\/noticias\\\/#organization\"}}]}\n\t\t<\/script>\n\t\t<!-- All in One SEO Pro -->\r\n\t\t<title>\u2018Servir y proteger\u2019 cumple 100 cap\u00edtulos en La 1 | Cand\u00e1s 365<\/title>\n\n","aioseo_head_json":{"title":"\u2018Servir y proteger\u2019 cumple 100 cap\u00edtulos en La 1 | Cand\u00e1s 365","description":"\u2018Servir y proteger' llega este viernes 16 de septiembre a su emisi\u00f3n n\u00famero 100 en las tardes de La 1 y se prepara para recibir novedades. En las pr\u00f3ximas semanas llegar\u00e1n nuevos personajes, entre ellos, los interpretados por Mar Regueras y Elena Rivera, o el cameo del chef Sergio Fern\u00e1ndez. La serie producida por RTVE","canonical_url":"https:\/\/candas365.es\/noticias\/servir-y-proteger-cumple-100-capitulos-en-la-1\/","robots":"max-image-preview:large","keywords":"agenda","webmasterTools":{"google-site-verification":"UA-32230408-1","msvalidate.01":"354F3CDFB2DA171B47FBE9ABF1F88D5","miscellaneous":""},"schema":{"@context":"https:\/\/schema.org","@graph":[{"@type":"BreadcrumbList","@id":"https:\/\/candas365.es\/noticias\/servir-y-proteger-cumple-100-capitulos-en-la-1\/#breadcrumblist","itemListElement":[{"@type":"ListItem","@id":"https:\/\/candas365.es\/noticias#listItem","position":1,"name":"Home","item":"https:\/\/candas365.es\/noticias","nextItem":{"@type":"ListItem","@id":"https:\/\/candas365.es\/noticias\/category\/agenda\/#listItem","name":"Agenda"}},{"@type":"ListItem","@id":"https:\/\/candas365.es\/noticias\/category\/agenda\/#listItem","position":2,"name":"Agenda","item":"https:\/\/candas365.es\/noticias\/category\/agenda\/","nextItem":{"@type":"ListItem","@id":"https:\/\/candas365.es\/noticias\/servir-y-proteger-cumple-100-capitulos-en-la-1\/#listItem","name":"&#8216;Servir y proteger&#8217; cumple 100 cap\u00edtulos en La 1"},"previousItem":{"@type":"ListItem","@id":"https:\/\/candas365.es\/noticias#listItem","name":"Home"}},{"@type":"ListItem","@id":"https:\/\/candas365.es\/noticias\/servir-y-proteger-cumple-100-capitulos-en-la-1\/#listItem","position":3,"name":"&#8216;Servir y proteger&#8217; cumple 100 cap\u00edtulos en La 1","previousItem":{"@type":"ListItem","@id":"https:\/\/candas365.es\/noticias\/category\/agenda\/#listItem","name":"Agenda"}}]},{"@type":"NewsArticle","@id":"https:\/\/candas365.es\/noticias\/servir-y-proteger-cumple-100-capitulos-en-la-1\/#newsarticle","name":"\u2018Servir y proteger\u2019 cumple 100 cap\u00edtulos en La 1 | Cand\u00e1s 365","headline":"&#8216;Servir y proteger&#8217; cumple 100 cap\u00edtulos en La 1","author":{"@id":"https:\/\/candas365.es\/noticias\/author\/admin\/#author"},"publisher":{"@id":"https:\/\/candas365.es\/noticias\/#organization"},"image":{"@type":"ImageObject","url":"https:\/\/candas365.es\/noticias\/wp-content\/uploads\/2017\/09\/SP-Tele.jpg","width":1180,"height":787},"datePublished":"2017-09-14T21:53:55+02:00","dateModified":"2017-09-14T21:53:55+02:00","inLanguage":"es-ES","mainEntityOfPage":{"@id":"https:\/\/candas365.es\/noticias\/servir-y-proteger-cumple-100-capitulos-en-la-1\/#webpage"},"isPartOf":{"@id":"https:\/\/candas365.es\/noticias\/servir-y-proteger-cumple-100-capitulos-en-la-1\/#webpage"},"articleSection":"Agenda","dateline":"Publicado el septiembre 14, 2017."},{"@type":"Organization","@id":"https:\/\/candas365.es\/noticias\/#organization","name":"Cand\u00e1s 365","description":"Cand\u00e1s 365 es un diario digital independiente, fundado en 2012, con base en Asturias. Informamos con rigor sobre actualidad, sociedad, cultura y ocio, con una mirada local y global.","url":"https:\/\/candas365.es\/noticias\/","email":"info@candas365.es","telephone":"+34652131393","foundingDate":"2012-06-10","logo":{"@type":"ImageObject","url":"https:\/\/candas365.es\/noticias\/wp-content\/uploads\/2024\/09\/Candas-365-Redes.jpg","@id":"https:\/\/candas365.es\/noticias\/servir-y-proteger-cumple-100-capitulos-en-la-1\/#organizationLogo","width":1152,"height":864,"caption":"Cand\u00e1s 365 Redes"},"image":{"@id":"https:\/\/candas365.es\/noticias\/servir-y-proteger-cumple-100-capitulos-en-la-1\/#organizationLogo"},"sameAs":["https:\/\/www.facebook.com\/Nachofdezber","https:\/\/x.com\/NabercoDigital","https:\/\/www.instagram.com\/nachofdezber\/","https:\/\/www.youtube.com\/channel\/UCZP-2wLEB9Rv6erhFmqVnvg"],"address":{"@id":"https:\/\/candas365.es\/noticias\/#postaladdress","@type":"PostalAddress","streetAddress":"san antonio 4, san antonio 4","postalCode":"33430","addressLocality":"Cand\u00e1s","addressRegion":"Asturias","addressCountry":"ES"}},{"@type":"Person","@id":"https:\/\/candas365.es\/noticias\/author\/admin\/#author","url":"https:\/\/candas365.es\/noticias\/author\/admin\/","name":"Cand\u00e1s 365","image":{"@type":"ImageObject","@id":"https:\/\/candas365.es\/noticias\/servir-y-proteger-cumple-100-capitulos-en-la-1\/#authorImage","url":"https:\/\/secure.gravatar.com\/avatar\/496a8e03d0c493ede1718b7934145dbdf8d89be1036b0eec9544e1094c9de390?s=96&d=mm&r=g","width":96,"height":96,"caption":"Cand\u00e1s 365"},"sameAs":["https:\/\/www.facebook.com\/carrenoactualidad","https:\/\/twitter.com\/nbasturias","https:\/\/www.instagram.com\/nachofdezber\/","https:\/\/www.youtube.com\/channel\/UCZP-2wLEB9Rv6erhFmqVnvg"]},{"@type":"WebPage","@id":"https:\/\/candas365.es\/noticias\/servir-y-proteger-cumple-100-capitulos-en-la-1\/#webpage","url":"https:\/\/candas365.es\/noticias\/servir-y-proteger-cumple-100-capitulos-en-la-1\/","name":"\u2018Servir y proteger\u2019 cumple 100 cap\u00edtulos en La 1 | Cand\u00e1s 365","description":"\u2018Servir y proteger' llega este viernes 16 de septiembre a su emisi\u00f3n n\u00famero 100 en las tardes de La 1 y se prepara para recibir novedades. En las pr\u00f3ximas semanas llegar\u00e1n nuevos personajes, entre ellos, los interpretados por Mar Regueras y Elena Rivera, o el cameo del chef Sergio Fern\u00e1ndez. La serie producida por RTVE","inLanguage":"es-ES","isPartOf":{"@id":"https:\/\/candas365.es\/noticias\/#website"},"breadcrumb":{"@id":"https:\/\/candas365.es\/noticias\/servir-y-proteger-cumple-100-capitulos-en-la-1\/#breadcrumblist"},"author":{"@id":"https:\/\/candas365.es\/noticias\/author\/admin\/#author"},"creator":{"@id":"https:\/\/candas365.es\/noticias\/author\/admin\/#author"},"image":{"@type":"ImageObject","url":"https:\/\/candas365.es\/noticias\/wp-content\/uploads\/2017\/09\/SP-Tele.jpg","@id":"https:\/\/candas365.es\/noticias\/servir-y-proteger-cumple-100-capitulos-en-la-1\/#mainImage","width":1180,"height":787},"primaryImageOfPage":{"@id":"https:\/\/candas365.es\/noticias\/servir-y-proteger-cumple-100-capitulos-en-la-1\/#mainImage"},"datePublished":"2017-09-14T21:53:55+02:00","dateModified":"2017-09-14T21:53:55+02:00"},{"@type":"WebSite","@id":"https:\/\/candas365.es\/noticias\/#website","url":"https:\/\/candas365.es\/noticias\/","name":"Cand\u00e1s 365","alternateName":"Cand\u00e1s 365 Noticias","description":"Actualidad desde Carre\u00f1o para el mundo","inLanguage":"es-ES","publisher":{"@id":"https:\/\/candas365.es\/noticias\/#organization"}}]},"og:locale":"es_ES","og:site_name":"Cand\u00e1s 365","og:type":"article","og:title":"\u2018Servir y proteger\u2019 cumple 100 cap\u00edtulos en La 1 | Cand\u00e1s 365","og:description":"\u2018Servir y proteger' llega este viernes 16 de septiembre a su emisi\u00f3n n\u00famero 100 en las tardes de La 1 y se prepara para recibir novedades. En las pr\u00f3ximas semanas llegar\u00e1n nuevos personajes, entre ellos, los interpretados por Mar Regueras y Elena Rivera, o el cameo del chef Sergio Fern\u00e1ndez. La serie producida por RTVE","og:url":"https:\/\/candas365.es\/noticias\/servir-y-proteger-cumple-100-capitulos-en-la-1\/","og:image":"https:\/\/candas365.es\/noticias\/wp-content\/uploads\/2017\/09\/SP-Tele.jpg","og:image:secure_url":"https:\/\/candas365.es\/noticias\/wp-content\/uploads\/2017\/09\/SP-Tele.jpg","og:image:width":1180,"og:image:height":787,"article:published_time":"2017-09-14T21:53:55+00:00","article:modified_time":"2017-09-14T21:53:55+00:00","article:publisher":"https:\/\/www.facebook.com\/Nachofdezber","article:author":"https:\/\/www.facebook.com\/carrenoactualidad","twitter:card":"summary_large_image","twitter:site":"@NabercoDigital","twitter:title":"\u2018Servir y proteger\u2019 cumple 100 cap\u00edtulos en La 1 | Cand\u00e1s 365","twitter:description":"\u2018Servir y proteger' llega este viernes 16 de septiembre a su emisi\u00f3n n\u00famero 100 en las tardes de La 1 y se prepara para recibir novedades. En las pr\u00f3ximas semanas llegar\u00e1n nuevos personajes, entre ellos, los interpretados por Mar Regueras y Elena Rivera, o el cameo del chef Sergio Fern\u00e1ndez. La serie producida por RTVE","twitter:creator":"@nbasturias","twitter:image":"https:\/\/candas365.es\/noticias\/wp-content\/uploads\/2017\/09\/SP-Tele.jpg","twitter:label1":"Escrito por","twitter:data1":"Cand\u00e1s 365","twitter:label2":"Tiempo de lectura estimado","twitter:data2":"2 minutos"},"aioseo_meta_data":{"post_id":"79819","title":null,"description":null,"keywords":null,"keyphrases":null,"primary_term":null,"canonical_url":null,"og_title":null,"og_description":null,"og_object_type":"default","og_image_type":"default","og_image_url":null,"og_image_width":null,"og_image_height":null,"og_image_custom_url":null,"og_image_custom_fields":null,"og_video":null,"og_custom_url":null,"og_article_section":null,"og_article_tags":null,"twitter_use_og":false,"twitter_card":"default","twitter_image_type":"default","twitter_image_url":null,"twitter_image_custom_url":null,"twitter_image_custom_fields":null,"twitter_title":null,"twitter_description":null,"schema":{"blockGraphs":[],"customGraphs":[],"default":{"data":{"Article":[],"Course":[],"Dataset":[],"FAQPage":[],"Movie":[],"Person":[],"Product":[],"ProductReview":[],"Car":[],"Recipe":[],"Service":[],"SoftwareApplication":[],"WebPage":[]},"graphName":"","isEnabled":true},"graphs":[],"defaultGraph":"","defaultPostTypeGraph":""},"schema_type":null,"schema_type_options":null,"pillar_content":false,"robots_default":true,"robots_noindex":false,"robots_noarchive":false,"robots_nosnippet":false,"robots_nofollow":false,"robots_noimageindex":false,"robots_noodp":false,"robots_notranslate":false,"robots_max_snippet":null,"robots_max_videopreview":null,"robots_max_imagepreview":"large","priority":null,"frequency":null,"location":null,"local_seo":null,"seo_analyzer_scan_date":"2025-08-25 23:39:20","breadcrumb_settings":null,"limit_modified_date":false,"reviewed_by":null,"open_ai":null,"ai":null,"created":"2020-12-21 12:50:56","updated":"2025-08-25 23:39:20"},"aioseo_breadcrumb":"<div class=\"aioseo-breadcrumbs\"><span class=\"aioseo-breadcrumb\">\n\t<a href=\"https:\/\/candas365.es\/noticias\" title=\"Home\">Home<\/a>\n<\/span><span class=\"aioseo-breadcrumb-separator\">&ndash;<\/span><span class=\"aioseo-breadcrumb\">\n\t<a href=\"https:\/\/candas365.es\/noticias\/category\/agenda\/\" title=\"Agenda\">Agenda<\/a>\n<\/span><span class=\"aioseo-breadcrumb-separator\">&ndash;<\/span><span class=\"aioseo-breadcrumb\">\n\t\u2018Servir y proteger\u2019 cumple 100 cap\u00edtulos en La 1\n<\/span><\/div>","aioseo_breadcrumb_json":[{"label":"Home","link":"https:\/\/candas365.es\/noticias"},{"label":"Agenda","link":"https:\/\/candas365.es\/noticias\/category\/agenda\/"},{"label":"&#8216;Servir y proteger&#8217; cumple 100 cap\u00edtulos en La 1","link":"https:\/\/candas365.es\/noticias\/servir-y-proteger-cumple-100-capitulos-en-la-1\/"}],"_links":{"self":[{"href":"https:\/\/candas365.es\/noticias\/wp-json\/wp\/v2\/posts\/79819","targetHints":{"allow":["GET"]}}],"collection":[{"href":"https:\/\/candas365.es\/noticias\/wp-json\/wp\/v2\/posts"}],"about":[{"href":"https:\/\/candas365.es\/noticias\/wp-json\/wp\/v2\/types\/post"}],"author":[{"embeddable":true,"href":"https:\/\/candas365.es\/noticias\/wp-json\/wp\/v2\/users\/1"}],"replies":[{"embeddable":true,"href":"https:\/\/candas365.es\/noticias\/wp-json\/wp\/v2\/comments?post=79819"}],"version-history":[{"count":0,"href":"https:\/\/candas365.es\/noticias\/wp-json\/wp\/v2\/posts\/79819\/revisions"}],"wp:featuredmedia":[{"embeddable":true,"href":"https:\/\/candas365.es\/noticias\/wp-json\/wp\/v2\/media\/79820"}],"wp:attachment":[{"href":"https:\/\/candas365.es\/noticias\/wp-json\/wp\/v2\/media?parent=79819"}],"wp:term":[{"taxonomy":"category","embeddable":true,"href":"https:\/\/candas365.es\/noticias\/wp-json\/wp\/v2\/categories?post=79819"},{"taxonomy":"post_tag","embeddable":true,"href":"https:\/\/candas365.es\/noticias\/wp-json\/wp\/v2\/tags?post=79819"}],"curies":[{"name":"wp","href":"https:\/\/api.w.org\/{rel}","templated":true}]}}