{"id":79614,"date":"2017-09-12T20:24:57","date_gmt":"2017-09-12T20:24:57","guid":{"rendered":"http:\/\/candas365.es\/noticias\/?p=79614"},"modified":"2017-09-12T20:24:57","modified_gmt":"2017-09-12T20:24:57","slug":"jornada-abejas-amenazadas-retos-para-el-apicultor-en-oviedo","status":"publish","type":"post","link":"https:\/\/candas365.es\/noticias\/jornada-abejas-amenazadas-retos-para-el-apicultor-en-oviedo\/","title":{"rendered":"Jornada \u00abAbejas amenazadas. Retos para el apicultor\u00bb, en Oviedo"},"content":{"rendered":"<p><img fetchpriority=\"high\" decoding=\"async\" class=\"alignleft size-medium wp-image-79615\" src=\"https:\/\/candas365.es\/noticias\/wp-content\/uploads\/2017\/09\/326334_960_720-360x240.jpg\" alt=\"\" width=\"360\" height=\"240\" srcset=\"https:\/\/candas365.es\/noticias\/wp-content\/uploads\/2017\/09\/326334_960_720-360x240.jpg 360w, https:\/\/candas365.es\/noticias\/wp-content\/uploads\/2017\/09\/326334_960_720-768x512.jpg 768w, https:\/\/candas365.es\/noticias\/wp-content\/uploads\/2017\/09\/326334_960_720-655x437.jpg 655w, https:\/\/candas365.es\/noticias\/wp-content\/uploads\/2017\/09\/326334_960_720-696x464.jpg 696w, https:\/\/candas365.es\/noticias\/wp-content\/uploads\/2017\/09\/326334_960_720-630x420.jpg 630w, https:\/\/candas365.es\/noticias\/wp-content\/uploads\/2017\/09\/326334_960_720-84x55.jpg 84w, https:\/\/candas365.es\/noticias\/wp-content\/uploads\/2017\/09\/326334_960_720.jpg 960w\" sizes=\"(max-width: 360px) 100vw, 360px\" \/>La consejera de Desarrollo Rural y Recursos Naturales, Mar\u00eda Jes\u00fas \u00c1lvarez, inaugurar\u00e1 el pr\u00f3ximo viernes, d\u00eda 15 de septiembre, en Oviedo, la jornada Abejas amenazadas. Retos para el apicultor, dirigida a todos los profesionales interesados.<\/p>\n<p>El Principado persigue contribuir a la formaci\u00f3n del sector ap\u00edcola que, a pesar de las dificultades, presenta condiciones \u00f3ptimas para un mayor desarrollo y contribuye al mantenimiento de la biodiversidad y la diversificaci\u00f3n de la producci\u00f3n en el medio rural.<\/p>\n<p>En la jornada intervendr\u00e1n cuatro expertos en apicultura. Ar\u00e1nzazu Meana, catedr\u00e1tica de la Facultad de Veterinaria de la Universidad Complutense de Madrid, expondr\u00e1 los nuevos descubrimientos sobre el \u00e1caro Varroa y el par\u00e1sito Nosema; Joao Tom\u00e9, apicultor del Centro de Selecci\u00f3n Vale do Rosmarinho (Portugal), hablar\u00e1 sobre la conservaci\u00f3n y mejora de las abejas ib\u00e9ricas, mientras que Carlos Mar\u00edn, veterinario ap\u00edcola, realizar\u00e1 una exposici\u00f3n sobre las causas de mortalidad de estos insectos en Asturias. Adem\u00e1s, Fina Gonell, ingeniera t\u00e9cnica agr\u00edcola de la empresa catellonense Pajuelo Consultores Av\u00edcolas, disertar\u00e1 sobre el manejo de la alimentaci\u00f3n.<\/p>\n<p>Las charlas tendr\u00e1n lugar en el sal\u00f3n de actos del Edificio Administrativo de Servicios M\u00faltiples (Easmu), ubicado en la calle Trece Rosas de Oviedo, en horario de 9.30 a 15 horas.<\/p>\n<p>&nbsp;<\/p>\n","protected":false},"excerpt":{"rendered":"<p>La consejera de Desarrollo Rural y Recursos Naturales, Mar\u00eda Jes\u00fas \u00c1lvarez, inaugurar\u00e1 el pr\u00f3ximo viernes, d\u00eda 15 de septiembre, en Oviedo, la jornada Abejas amenazadas. Retos para el apicultor, dirigida a todos los profesionales interesados. El Principado persigue contribuir a la formaci\u00f3n del sector ap\u00edcola que, a pesar de las dificultades, presenta condiciones \u00f3ptimas para<\/p>\n","protected":false},"author":1,"featured_media":79615,"comment_status":"closed","ping_status":"closed","sticky":false,"template":"","format":"standard","meta":{"footnotes":""},"categories":[1],"tags":[],"class_list":{"0":"post-79614","1":"post","2":"type-post","3":"status-publish","4":"format-standard","5":"has-post-thumbnail","7":"category-agenda"},"aioseo_notices":[],"aioseo_head":"\n\t\t<!-- All in One SEO Pro 4.9.6.2 - aioseo.com -->\n\t<meta name=\"description\" content=\"La consejera de Desarrollo Rural y Recursos Naturales, Mar\u00eda Jes\u00fas \u00c1lvarez, inaugurar\u00e1 el pr\u00f3ximo viernes, d\u00eda 15 de septiembre, en Oviedo, la jornada Abejas amenazadas. Retos para el apicultor, dirigida a todos los profesionales interesados. El Principado persigue contribuir a la formaci\u00f3n del sector ap\u00edcola que, a pesar de las dificultades, presenta condiciones \u00f3ptimas para\" \/>\n\t<meta name=\"robots\" content=\"max-image-preview:large\" \/>\n\t<meta name=\"author\" content=\"Cand\u00e1s 365\"\/>\n\t<meta name=\"google-site-verification\" content=\"UA-32230408-1\" \/>\n\t<meta name=\"msvalidate.01\" content=\"354F3CDFB2DA171B47FBE9ABF1F88D5\" \/>\n\t<meta name=\"keywords\" content=\"agenda\" \/>\n\t<link rel=\"canonical\" href=\"https:\/\/candas365.es\/noticias\/jornada-abejas-amenazadas-retos-para-el-apicultor-en-oviedo\/\" \/>\n\t<meta name=\"generator\" content=\"All in One SEO Pro (AIOSEO) 4.9.6.2\" \/>\n\t\t<meta property=\"og:locale\" content=\"es_ES\" \/>\n\t\t<meta property=\"og:site_name\" content=\"Cand\u00e1s 365\" \/>\n\t\t<meta property=\"og:type\" content=\"article\" \/>\n\t\t<meta property=\"og:title\" content=\"Jornada \u00abAbejas amenazadas. Retos para el apicultor\u00bb, en Oviedo | Cand\u00e1s 365\" \/>\n\t\t<meta property=\"og:description\" content=\"La consejera de Desarrollo Rural y Recursos Naturales, Mar\u00eda Jes\u00fas \u00c1lvarez, inaugurar\u00e1 el pr\u00f3ximo viernes, d\u00eda 15 de septiembre, en Oviedo, la jornada Abejas amenazadas. Retos para el apicultor, dirigida a todos los profesionales interesados. El Principado persigue contribuir a la formaci\u00f3n del sector ap\u00edcola que, a pesar de las dificultades, presenta condiciones \u00f3ptimas para\" \/>\n\t\t<meta property=\"og:url\" content=\"https:\/\/candas365.es\/noticias\/jornada-abejas-amenazadas-retos-para-el-apicultor-en-oviedo\/\" \/>\n\t\t<meta property=\"og:image\" content=\"https:\/\/candas365.es\/noticias\/wp-content\/uploads\/2017\/09\/326334_960_720.jpg\" \/>\n\t\t<meta property=\"og:image:secure_url\" content=\"https:\/\/candas365.es\/noticias\/wp-content\/uploads\/2017\/09\/326334_960_720.jpg\" \/>\n\t\t<meta property=\"og:image:width\" content=\"960\" \/>\n\t\t<meta property=\"og:image:height\" content=\"640\" \/>\n\t\t<meta property=\"article:published_time\" content=\"2017-09-12T20:24:57+00:00\" \/>\n\t\t<meta property=\"article:modified_time\" content=\"2017-09-12T20:24:57+00:00\" \/>\n\t\t<meta property=\"article:publisher\" content=\"https:\/\/www.facebook.com\/Nachofdezber\" \/>\n\t\t<meta property=\"article:author\" content=\"https:\/\/www.facebook.com\/carrenoactualidad\" \/>\n\t\t<meta name=\"twitter:card\" content=\"summary_large_image\" \/>\n\t\t<meta name=\"twitter:site\" content=\"@NabercoDigital\" \/>\n\t\t<meta name=\"twitter:title\" content=\"Jornada \u00abAbejas amenazadas. Retos para el apicultor\u00bb, en Oviedo | Cand\u00e1s 365\" \/>\n\t\t<meta name=\"twitter:description\" content=\"La consejera de Desarrollo Rural y Recursos Naturales, Mar\u00eda Jes\u00fas \u00c1lvarez, inaugurar\u00e1 el pr\u00f3ximo viernes, d\u00eda 15 de septiembre, en Oviedo, la jornada Abejas amenazadas. Retos para el apicultor, dirigida a todos los profesionales interesados. El Principado persigue contribuir a la formaci\u00f3n del sector ap\u00edcola que, a pesar de las dificultades, presenta condiciones \u00f3ptimas para\" \/>\n\t\t<meta name=\"twitter:creator\" content=\"@nbasturias\" \/>\n\t\t<meta name=\"twitter:image\" content=\"https:\/\/candas365.es\/noticias\/wp-content\/uploads\/2017\/09\/326334_960_720.jpg\" \/>\n\t\t<meta name=\"twitter:label1\" content=\"Escrito por\" \/>\n\t\t<meta name=\"twitter:data1\" content=\"Cand\u00e1s 365\" \/>\n\t\t<meta name=\"twitter:label2\" content=\"Tiempo de lectura estimado\" \/>\n\t\t<meta name=\"twitter:data2\" content=\"1 minuto\" \/>\n\t\t<script type=\"application\/ld+json\" class=\"aioseo-schema\">\n\t\t\t{\"@context\":\"https:\\\/\\\/schema.org\",\"@graph\":[{\"@type\":\"BreadcrumbList\",\"@id\":\"https:\\\/\\\/candas365.es\\\/noticias\\\/jornada-abejas-amenazadas-retos-para-el-apicultor-en-oviedo\\\/#breadcrumblist\",\"itemListElement\":[{\"@type\":\"ListItem\",\"@id\":\"https:\\\/\\\/candas365.es\\\/noticias#listItem\",\"position\":1,\"name\":\"Home\",\"item\":\"https:\\\/\\\/candas365.es\\\/noticias\",\"nextItem\":{\"@type\":\"ListItem\",\"@id\":\"https:\\\/\\\/candas365.es\\\/noticias\\\/category\\\/agenda\\\/#listItem\",\"name\":\"Agenda\"}},{\"@type\":\"ListItem\",\"@id\":\"https:\\\/\\\/candas365.es\\\/noticias\\\/category\\\/agenda\\\/#listItem\",\"position\":2,\"name\":\"Agenda\",\"item\":\"https:\\\/\\\/candas365.es\\\/noticias\\\/category\\\/agenda\\\/\",\"nextItem\":{\"@type\":\"ListItem\",\"@id\":\"https:\\\/\\\/candas365.es\\\/noticias\\\/jornada-abejas-amenazadas-retos-para-el-apicultor-en-oviedo\\\/#listItem\",\"name\":\"Jornada \\u00abAbejas amenazadas. Retos para el apicultor\\u00bb, en Oviedo\"},\"previousItem\":{\"@type\":\"ListItem\",\"@id\":\"https:\\\/\\\/candas365.es\\\/noticias#listItem\",\"name\":\"Home\"}},{\"@type\":\"ListItem\",\"@id\":\"https:\\\/\\\/candas365.es\\\/noticias\\\/jornada-abejas-amenazadas-retos-para-el-apicultor-en-oviedo\\\/#listItem\",\"position\":3,\"name\":\"Jornada \\u00abAbejas amenazadas. Retos para el apicultor\\u00bb, en Oviedo\",\"previousItem\":{\"@type\":\"ListItem\",\"@id\":\"https:\\\/\\\/candas365.es\\\/noticias\\\/category\\\/agenda\\\/#listItem\",\"name\":\"Agenda\"}}]},{\"@type\":\"NewsArticle\",\"@id\":\"https:\\\/\\\/candas365.es\\\/noticias\\\/jornada-abejas-amenazadas-retos-para-el-apicultor-en-oviedo\\\/#newsarticle\",\"name\":\"Jornada \\u00abAbejas amenazadas. Retos para el apicultor\\u00bb, en Oviedo | Cand\\u00e1s 365\",\"headline\":\"Jornada \\u00abAbejas amenazadas. Retos para el apicultor\\u00bb, en Oviedo\",\"author\":{\"@id\":\"https:\\\/\\\/candas365.es\\\/noticias\\\/author\\\/admin\\\/#author\"},\"publisher\":{\"@id\":\"https:\\\/\\\/candas365.es\\\/noticias\\\/#organization\"},\"image\":{\"@type\":\"ImageObject\",\"url\":\"https:\\\/\\\/candas365.es\\\/noticias\\\/wp-content\\\/uploads\\\/2017\\\/09\\\/326334_960_720.jpg\",\"width\":960,\"height\":640},\"datePublished\":\"2017-09-12T20:24:57+02:00\",\"dateModified\":\"2017-09-12T20:24:57+02:00\",\"inLanguage\":\"es-ES\",\"mainEntityOfPage\":{\"@id\":\"https:\\\/\\\/candas365.es\\\/noticias\\\/jornada-abejas-amenazadas-retos-para-el-apicultor-en-oviedo\\\/#webpage\"},\"isPartOf\":{\"@id\":\"https:\\\/\\\/candas365.es\\\/noticias\\\/jornada-abejas-amenazadas-retos-para-el-apicultor-en-oviedo\\\/#webpage\"},\"articleSection\":\"Agenda\",\"dateline\":\"Publicado el septiembre 12, 2017.\"},{\"@type\":\"Organization\",\"@id\":\"https:\\\/\\\/candas365.es\\\/noticias\\\/#organization\",\"name\":\"Cand\\u00e1s 365\",\"description\":\"Cand\\u00e1s 365 es un diario digital independiente, fundado en 2012, con base en Asturias. Informamos con rigor sobre actualidad, sociedad, cultura y ocio, con una mirada local y global.\",\"url\":\"https:\\\/\\\/candas365.es\\\/noticias\\\/\",\"email\":\"info@candas365.es\",\"telephone\":\"+34652131393\",\"foundingDate\":\"2012-06-10\",\"logo\":{\"@type\":\"ImageObject\",\"url\":\"https:\\\/\\\/candas365.es\\\/noticias\\\/wp-content\\\/uploads\\\/2024\\\/09\\\/Candas-365-Redes.jpg\",\"@id\":\"https:\\\/\\\/candas365.es\\\/noticias\\\/jornada-abejas-amenazadas-retos-para-el-apicultor-en-oviedo\\\/#organizationLogo\",\"width\":1152,\"height\":864,\"caption\":\"Cand\\u00e1s 365 Redes\"},\"image\":{\"@id\":\"https:\\\/\\\/candas365.es\\\/noticias\\\/jornada-abejas-amenazadas-retos-para-el-apicultor-en-oviedo\\\/#organizationLogo\"},\"sameAs\":[\"https:\\\/\\\/www.facebook.com\\\/Nachofdezber\",\"https:\\\/\\\/x.com\\\/NabercoDigital\",\"https:\\\/\\\/www.instagram.com\\\/nachofdezber\\\/\",\"https:\\\/\\\/www.youtube.com\\\/channel\\\/UCZP-2wLEB9Rv6erhFmqVnvg\"],\"address\":{\"@id\":\"https:\\\/\\\/candas365.es\\\/noticias\\\/#postaladdress\",\"@type\":\"PostalAddress\",\"streetAddress\":\"san antonio 4, san antonio 4\",\"postalCode\":\"33430\",\"addressLocality\":\"Cand\\u00e1s\",\"addressRegion\":\"Asturias\",\"addressCountry\":\"ES\"}},{\"@type\":\"Person\",\"@id\":\"https:\\\/\\\/candas365.es\\\/noticias\\\/author\\\/admin\\\/#author\",\"url\":\"https:\\\/\\\/candas365.es\\\/noticias\\\/author\\\/admin\\\/\",\"name\":\"Cand\\u00e1s 365\",\"image\":{\"@type\":\"ImageObject\",\"@id\":\"https:\\\/\\\/candas365.es\\\/noticias\\\/jornada-abejas-amenazadas-retos-para-el-apicultor-en-oviedo\\\/#authorImage\",\"url\":\"https:\\\/\\\/secure.gravatar.com\\\/avatar\\\/496a8e03d0c493ede1718b7934145dbdf8d89be1036b0eec9544e1094c9de390?s=96&d=mm&r=g\",\"width\":96,\"height\":96,\"caption\":\"Cand\\u00e1s 365\"},\"sameAs\":[\"https:\\\/\\\/www.facebook.com\\\/carrenoactualidad\",\"https:\\\/\\\/twitter.com\\\/nbasturias\",\"https:\\\/\\\/www.instagram.com\\\/nachofdezber\\\/\",\"https:\\\/\\\/www.youtube.com\\\/channel\\\/UCZP-2wLEB9Rv6erhFmqVnvg\"]},{\"@type\":\"WebPage\",\"@id\":\"https:\\\/\\\/candas365.es\\\/noticias\\\/jornada-abejas-amenazadas-retos-para-el-apicultor-en-oviedo\\\/#webpage\",\"url\":\"https:\\\/\\\/candas365.es\\\/noticias\\\/jornada-abejas-amenazadas-retos-para-el-apicultor-en-oviedo\\\/\",\"name\":\"Jornada \\u00abAbejas amenazadas. Retos para el apicultor\\u00bb, en Oviedo | Cand\\u00e1s 365\",\"description\":\"La consejera de Desarrollo Rural y Recursos Naturales, Mar\\u00eda Jes\\u00fas \\u00c1lvarez, inaugurar\\u00e1 el pr\\u00f3ximo viernes, d\\u00eda 15 de septiembre, en Oviedo, la jornada Abejas amenazadas. Retos para el apicultor, dirigida a todos los profesionales interesados. El Principado persigue contribuir a la formaci\\u00f3n del sector ap\\u00edcola que, a pesar de las dificultades, presenta condiciones \\u00f3ptimas para\",\"inLanguage\":\"es-ES\",\"isPartOf\":{\"@id\":\"https:\\\/\\\/candas365.es\\\/noticias\\\/#website\"},\"breadcrumb\":{\"@id\":\"https:\\\/\\\/candas365.es\\\/noticias\\\/jornada-abejas-amenazadas-retos-para-el-apicultor-en-oviedo\\\/#breadcrumblist\"},\"author\":{\"@id\":\"https:\\\/\\\/candas365.es\\\/noticias\\\/author\\\/admin\\\/#author\"},\"creator\":{\"@id\":\"https:\\\/\\\/candas365.es\\\/noticias\\\/author\\\/admin\\\/#author\"},\"image\":{\"@type\":\"ImageObject\",\"url\":\"https:\\\/\\\/candas365.es\\\/noticias\\\/wp-content\\\/uploads\\\/2017\\\/09\\\/326334_960_720.jpg\",\"@id\":\"https:\\\/\\\/candas365.es\\\/noticias\\\/jornada-abejas-amenazadas-retos-para-el-apicultor-en-oviedo\\\/#mainImage\",\"width\":960,\"height\":640},\"primaryImageOfPage\":{\"@id\":\"https:\\\/\\\/candas365.es\\\/noticias\\\/jornada-abejas-amenazadas-retos-para-el-apicultor-en-oviedo\\\/#mainImage\"},\"datePublished\":\"2017-09-12T20:24:57+02:00\",\"dateModified\":\"2017-09-12T20:24:57+02:00\"},{\"@type\":\"WebSite\",\"@id\":\"https:\\\/\\\/candas365.es\\\/noticias\\\/#website\",\"url\":\"https:\\\/\\\/candas365.es\\\/noticias\\\/\",\"name\":\"Cand\\u00e1s 365\",\"alternateName\":\"Cand\\u00e1s 365 Noticias\",\"description\":\"Actualidad desde Carre\\u00f1o para el mundo\",\"inLanguage\":\"es-ES\",\"publisher\":{\"@id\":\"https:\\\/\\\/candas365.es\\\/noticias\\\/#organization\"}}]}\n\t\t<\/script>\n\t\t<!-- All in One SEO Pro -->\r\n\t\t<title>Jornada \u00abAbejas amenazadas. Retos para el apicultor\u00bb, en Oviedo | Cand\u00e1s 365<\/title>\n\n","aioseo_head_json":{"title":"Jornada \u00abAbejas amenazadas. Retos para el apicultor\u00bb, en Oviedo | Cand\u00e1s 365","description":"La consejera de Desarrollo Rural y Recursos Naturales, Mar\u00eda Jes\u00fas \u00c1lvarez, inaugurar\u00e1 el pr\u00f3ximo viernes, d\u00eda 15 de septiembre, en Oviedo, la jornada Abejas amenazadas. Retos para el apicultor, dirigida a todos los profesionales interesados. El Principado persigue contribuir a la formaci\u00f3n del sector ap\u00edcola que, a pesar de las dificultades, presenta condiciones \u00f3ptimas para","canonical_url":"https:\/\/candas365.es\/noticias\/jornada-abejas-amenazadas-retos-para-el-apicultor-en-oviedo\/","robots":"max-image-preview:large","keywords":"agenda","webmasterTools":{"google-site-verification":"UA-32230408-1","msvalidate.01":"354F3CDFB2DA171B47FBE9ABF1F88D5","miscellaneous":""},"schema":{"@context":"https:\/\/schema.org","@graph":[{"@type":"BreadcrumbList","@id":"https:\/\/candas365.es\/noticias\/jornada-abejas-amenazadas-retos-para-el-apicultor-en-oviedo\/#breadcrumblist","itemListElement":[{"@type":"ListItem","@id":"https:\/\/candas365.es\/noticias#listItem","position":1,"name":"Home","item":"https:\/\/candas365.es\/noticias","nextItem":{"@type":"ListItem","@id":"https:\/\/candas365.es\/noticias\/category\/agenda\/#listItem","name":"Agenda"}},{"@type":"ListItem","@id":"https:\/\/candas365.es\/noticias\/category\/agenda\/#listItem","position":2,"name":"Agenda","item":"https:\/\/candas365.es\/noticias\/category\/agenda\/","nextItem":{"@type":"ListItem","@id":"https:\/\/candas365.es\/noticias\/jornada-abejas-amenazadas-retos-para-el-apicultor-en-oviedo\/#listItem","name":"Jornada \u00abAbejas amenazadas. Retos para el apicultor\u00bb, en Oviedo"},"previousItem":{"@type":"ListItem","@id":"https:\/\/candas365.es\/noticias#listItem","name":"Home"}},{"@type":"ListItem","@id":"https:\/\/candas365.es\/noticias\/jornada-abejas-amenazadas-retos-para-el-apicultor-en-oviedo\/#listItem","position":3,"name":"Jornada \u00abAbejas amenazadas. Retos para el apicultor\u00bb, en Oviedo","previousItem":{"@type":"ListItem","@id":"https:\/\/candas365.es\/noticias\/category\/agenda\/#listItem","name":"Agenda"}}]},{"@type":"NewsArticle","@id":"https:\/\/candas365.es\/noticias\/jornada-abejas-amenazadas-retos-para-el-apicultor-en-oviedo\/#newsarticle","name":"Jornada \u00abAbejas amenazadas. Retos para el apicultor\u00bb, en Oviedo | Cand\u00e1s 365","headline":"Jornada \u00abAbejas amenazadas. Retos para el apicultor\u00bb, en Oviedo","author":{"@id":"https:\/\/candas365.es\/noticias\/author\/admin\/#author"},"publisher":{"@id":"https:\/\/candas365.es\/noticias\/#organization"},"image":{"@type":"ImageObject","url":"https:\/\/candas365.es\/noticias\/wp-content\/uploads\/2017\/09\/326334_960_720.jpg","width":960,"height":640},"datePublished":"2017-09-12T20:24:57+02:00","dateModified":"2017-09-12T20:24:57+02:00","inLanguage":"es-ES","mainEntityOfPage":{"@id":"https:\/\/candas365.es\/noticias\/jornada-abejas-amenazadas-retos-para-el-apicultor-en-oviedo\/#webpage"},"isPartOf":{"@id":"https:\/\/candas365.es\/noticias\/jornada-abejas-amenazadas-retos-para-el-apicultor-en-oviedo\/#webpage"},"articleSection":"Agenda","dateline":"Publicado el septiembre 12, 2017."},{"@type":"Organization","@id":"https:\/\/candas365.es\/noticias\/#organization","name":"Cand\u00e1s 365","description":"Cand\u00e1s 365 es un diario digital independiente, fundado en 2012, con base en Asturias. Informamos con rigor sobre actualidad, sociedad, cultura y ocio, con una mirada local y global.","url":"https:\/\/candas365.es\/noticias\/","email":"info@candas365.es","telephone":"+34652131393","foundingDate":"2012-06-10","logo":{"@type":"ImageObject","url":"https:\/\/candas365.es\/noticias\/wp-content\/uploads\/2024\/09\/Candas-365-Redes.jpg","@id":"https:\/\/candas365.es\/noticias\/jornada-abejas-amenazadas-retos-para-el-apicultor-en-oviedo\/#organizationLogo","width":1152,"height":864,"caption":"Cand\u00e1s 365 Redes"},"image":{"@id":"https:\/\/candas365.es\/noticias\/jornada-abejas-amenazadas-retos-para-el-apicultor-en-oviedo\/#organizationLogo"},"sameAs":["https:\/\/www.facebook.com\/Nachofdezber","https:\/\/x.com\/NabercoDigital","https:\/\/www.instagram.com\/nachofdezber\/","https:\/\/www.youtube.com\/channel\/UCZP-2wLEB9Rv6erhFmqVnvg"],"address":{"@id":"https:\/\/candas365.es\/noticias\/#postaladdress","@type":"PostalAddress","streetAddress":"san antonio 4, san antonio 4","postalCode":"33430","addressLocality":"Cand\u00e1s","addressRegion":"Asturias","addressCountry":"ES"}},{"@type":"Person","@id":"https:\/\/candas365.es\/noticias\/author\/admin\/#author","url":"https:\/\/candas365.es\/noticias\/author\/admin\/","name":"Cand\u00e1s 365","image":{"@type":"ImageObject","@id":"https:\/\/candas365.es\/noticias\/jornada-abejas-amenazadas-retos-para-el-apicultor-en-oviedo\/#authorImage","url":"https:\/\/secure.gravatar.com\/avatar\/496a8e03d0c493ede1718b7934145dbdf8d89be1036b0eec9544e1094c9de390?s=96&d=mm&r=g","width":96,"height":96,"caption":"Cand\u00e1s 365"},"sameAs":["https:\/\/www.facebook.com\/carrenoactualidad","https:\/\/twitter.com\/nbasturias","https:\/\/www.instagram.com\/nachofdezber\/","https:\/\/www.youtube.com\/channel\/UCZP-2wLEB9Rv6erhFmqVnvg"]},{"@type":"WebPage","@id":"https:\/\/candas365.es\/noticias\/jornada-abejas-amenazadas-retos-para-el-apicultor-en-oviedo\/#webpage","url":"https:\/\/candas365.es\/noticias\/jornada-abejas-amenazadas-retos-para-el-apicultor-en-oviedo\/","name":"Jornada \u00abAbejas amenazadas. Retos para el apicultor\u00bb, en Oviedo | Cand\u00e1s 365","description":"La consejera de Desarrollo Rural y Recursos Naturales, Mar\u00eda Jes\u00fas \u00c1lvarez, inaugurar\u00e1 el pr\u00f3ximo viernes, d\u00eda 15 de septiembre, en Oviedo, la jornada Abejas amenazadas. Retos para el apicultor, dirigida a todos los profesionales interesados. El Principado persigue contribuir a la formaci\u00f3n del sector ap\u00edcola que, a pesar de las dificultades, presenta condiciones \u00f3ptimas para","inLanguage":"es-ES","isPartOf":{"@id":"https:\/\/candas365.es\/noticias\/#website"},"breadcrumb":{"@id":"https:\/\/candas365.es\/noticias\/jornada-abejas-amenazadas-retos-para-el-apicultor-en-oviedo\/#breadcrumblist"},"author":{"@id":"https:\/\/candas365.es\/noticias\/author\/admin\/#author"},"creator":{"@id":"https:\/\/candas365.es\/noticias\/author\/admin\/#author"},"image":{"@type":"ImageObject","url":"https:\/\/candas365.es\/noticias\/wp-content\/uploads\/2017\/09\/326334_960_720.jpg","@id":"https:\/\/candas365.es\/noticias\/jornada-abejas-amenazadas-retos-para-el-apicultor-en-oviedo\/#mainImage","width":960,"height":640},"primaryImageOfPage":{"@id":"https:\/\/candas365.es\/noticias\/jornada-abejas-amenazadas-retos-para-el-apicultor-en-oviedo\/#mainImage"},"datePublished":"2017-09-12T20:24:57+02:00","dateModified":"2017-09-12T20:24:57+02:00"},{"@type":"WebSite","@id":"https:\/\/candas365.es\/noticias\/#website","url":"https:\/\/candas365.es\/noticias\/","name":"Cand\u00e1s 365","alternateName":"Cand\u00e1s 365 Noticias","description":"Actualidad desde Carre\u00f1o para el mundo","inLanguage":"es-ES","publisher":{"@id":"https:\/\/candas365.es\/noticias\/#organization"}}]},"og:locale":"es_ES","og:site_name":"Cand\u00e1s 365","og:type":"article","og:title":"Jornada \u00abAbejas amenazadas. Retos para el apicultor\u00bb, en Oviedo | Cand\u00e1s 365","og:description":"La consejera de Desarrollo Rural y Recursos Naturales, Mar\u00eda Jes\u00fas \u00c1lvarez, inaugurar\u00e1 el pr\u00f3ximo viernes, d\u00eda 15 de septiembre, en Oviedo, la jornada Abejas amenazadas. Retos para el apicultor, dirigida a todos los profesionales interesados. El Principado persigue contribuir a la formaci\u00f3n del sector ap\u00edcola que, a pesar de las dificultades, presenta condiciones \u00f3ptimas para","og:url":"https:\/\/candas365.es\/noticias\/jornada-abejas-amenazadas-retos-para-el-apicultor-en-oviedo\/","og:image":"https:\/\/candas365.es\/noticias\/wp-content\/uploads\/2017\/09\/326334_960_720.jpg","og:image:secure_url":"https:\/\/candas365.es\/noticias\/wp-content\/uploads\/2017\/09\/326334_960_720.jpg","og:image:width":960,"og:image:height":640,"article:published_time":"2017-09-12T20:24:57+00:00","article:modified_time":"2017-09-12T20:24:57+00:00","article:publisher":"https:\/\/www.facebook.com\/Nachofdezber","article:author":"https:\/\/www.facebook.com\/carrenoactualidad","twitter:card":"summary_large_image","twitter:site":"@NabercoDigital","twitter:title":"Jornada \u00abAbejas amenazadas. Retos para el apicultor\u00bb, en Oviedo | Cand\u00e1s 365","twitter:description":"La consejera de Desarrollo Rural y Recursos Naturales, Mar\u00eda Jes\u00fas \u00c1lvarez, inaugurar\u00e1 el pr\u00f3ximo viernes, d\u00eda 15 de septiembre, en Oviedo, la jornada Abejas amenazadas. Retos para el apicultor, dirigida a todos los profesionales interesados. El Principado persigue contribuir a la formaci\u00f3n del sector ap\u00edcola que, a pesar de las dificultades, presenta condiciones \u00f3ptimas para","twitter:creator":"@nbasturias","twitter:image":"https:\/\/candas365.es\/noticias\/wp-content\/uploads\/2017\/09\/326334_960_720.jpg","twitter:label1":"Escrito por","twitter:data1":"Cand\u00e1s 365","twitter:label2":"Tiempo de lectura estimado","twitter:data2":"1 minuto"},"aioseo_meta_data":{"post_id":"79614","title":null,"description":null,"keywords":null,"keyphrases":null,"primary_term":null,"canonical_url":null,"og_title":null,"og_description":null,"og_object_type":"default","og_image_type":"default","og_image_url":null,"og_image_width":null,"og_image_height":null,"og_image_custom_url":null,"og_image_custom_fields":null,"og_video":null,"og_custom_url":null,"og_article_section":null,"og_article_tags":null,"twitter_use_og":false,"twitter_card":"default","twitter_image_type":"default","twitter_image_url":null,"twitter_image_custom_url":null,"twitter_image_custom_fields":null,"twitter_title":null,"twitter_description":null,"schema":{"blockGraphs":[],"customGraphs":[],"default":{"data":{"Article":[],"Course":[],"Dataset":[],"FAQPage":[],"Movie":[],"Person":[],"Product":[],"ProductReview":[],"Car":[],"Recipe":[],"Service":[],"SoftwareApplication":[],"WebPage":[]},"graphName":"","isEnabled":true},"graphs":[]},"schema_type":null,"schema_type_options":null,"pillar_content":false,"robots_default":true,"robots_noindex":false,"robots_noarchive":false,"robots_nosnippet":false,"robots_nofollow":false,"robots_noimageindex":false,"robots_noodp":false,"robots_notranslate":false,"robots_max_snippet":null,"robots_max_videopreview":null,"robots_max_imagepreview":"large","priority":null,"frequency":null,"location":null,"local_seo":null,"seo_analyzer_scan_date":"2025-08-25 23:23:15","breadcrumb_settings":null,"limit_modified_date":false,"reviewed_by":null,"open_ai":null,"ai":null,"created":"2020-12-21 12:52:02","updated":"2025-08-25 23:23:15"},"aioseo_breadcrumb":"<div class=\"aioseo-breadcrumbs\"><span class=\"aioseo-breadcrumb\">\n\t<a href=\"https:\/\/candas365.es\/noticias\" title=\"Home\">Home<\/a>\n<\/span><span class=\"aioseo-breadcrumb-separator\">&ndash;<\/span><span class=\"aioseo-breadcrumb\">\n\t<a href=\"https:\/\/candas365.es\/noticias\/category\/agenda\/\" title=\"Agenda\">Agenda<\/a>\n<\/span><span class=\"aioseo-breadcrumb-separator\">&ndash;<\/span><span class=\"aioseo-breadcrumb\">\n\tJornada \u00abAbejas amenazadas. Retos para el apicultor\u00bb, en Oviedo\n<\/span><\/div>","aioseo_breadcrumb_json":[{"label":"Home","link":"https:\/\/candas365.es\/noticias"},{"label":"Agenda","link":"https:\/\/candas365.es\/noticias\/category\/agenda\/"},{"label":"Jornada \u00abAbejas amenazadas. Retos para el apicultor\u00bb, en Oviedo","link":"https:\/\/candas365.es\/noticias\/jornada-abejas-amenazadas-retos-para-el-apicultor-en-oviedo\/"}],"_links":{"self":[{"href":"https:\/\/candas365.es\/noticias\/wp-json\/wp\/v2\/posts\/79614","targetHints":{"allow":["GET"]}}],"collection":[{"href":"https:\/\/candas365.es\/noticias\/wp-json\/wp\/v2\/posts"}],"about":[{"href":"https:\/\/candas365.es\/noticias\/wp-json\/wp\/v2\/types\/post"}],"author":[{"embeddable":true,"href":"https:\/\/candas365.es\/noticias\/wp-json\/wp\/v2\/users\/1"}],"replies":[{"embeddable":true,"href":"https:\/\/candas365.es\/noticias\/wp-json\/wp\/v2\/comments?post=79614"}],"version-history":[{"count":0,"href":"https:\/\/candas365.es\/noticias\/wp-json\/wp\/v2\/posts\/79614\/revisions"}],"wp:featuredmedia":[{"embeddable":true,"href":"https:\/\/candas365.es\/noticias\/wp-json\/wp\/v2\/media\/79615"}],"wp:attachment":[{"href":"https:\/\/candas365.es\/noticias\/wp-json\/wp\/v2\/media?parent=79614"}],"wp:term":[{"taxonomy":"category","embeddable":true,"href":"https:\/\/candas365.es\/noticias\/wp-json\/wp\/v2\/categories?post=79614"},{"taxonomy":"post_tag","embeddable":true,"href":"https:\/\/candas365.es\/noticias\/wp-json\/wp\/v2\/tags?post=79614"}],"curies":[{"name":"wp","href":"https:\/\/api.w.org\/{rel}","templated":true}]}}