{"id":76288,"date":"2017-07-24T12:27:15","date_gmt":"2017-07-24T12:27:15","guid":{"rendered":"http:\/\/candas365.es\/noticias\/?p=76288"},"modified":"2017-07-24T12:27:15","modified_gmt":"2017-07-24T12:27:15","slug":"la-sexta-semifinal-de-festiamas-2017-se-celebrara-en-candas","status":"publish","type":"post","link":"https:\/\/candas365.es\/noticias\/la-sexta-semifinal-de-festiamas-2017-se-celebrara-en-candas\/","title":{"rendered":"La sexta semifinal de Festiamas 2017 se celebrar\u00e1 en Cand\u00e1s"},"content":{"rendered":"<p><img fetchpriority=\"high\" decoding=\"async\" class=\"alignleft size-medium wp-image-76289\" src=\"https:\/\/candas365.es\/noticias\/wp-content\/uploads\/2017\/07\/Presentaci\u00f3nFestiAMAS-360x282.jpg\" alt=\"\" width=\"360\" height=\"282\" srcset=\"https:\/\/candas365.es\/noticias\/wp-content\/uploads\/2017\/07\/Presentaci\u00f3nFestiAMAS-360x282.jpg 360w, https:\/\/candas365.es\/noticias\/wp-content\/uploads\/2017\/07\/Presentaci\u00f3nFestiAMAS-613x480.jpg 613w, https:\/\/candas365.es\/noticias\/wp-content\/uploads\/2017\/07\/Presentaci\u00f3nFestiAMAS-537x420.jpg 537w, https:\/\/candas365.es\/noticias\/wp-content\/uploads\/2017\/07\/Presentaci\u00f3nFestiAMAS.jpg 616w\" sizes=\"(max-width: 360px) 100vw, 360px\" \/>FestiAMAS, es un concurso musical y programa de televisi\u00f3n creado, producido y realizado para ofrecer la m\u00e1xima visibilidad posible a las bandas musicales emergentes en Asturias, alcanza una vez cerrado el plazo de inscripci\u00f3n en 2017 su quinta edici\u00f3n y batiendo el record de grupos inscritos, que se sit\u00faa en 158 formaciones. Se desarrollar\u00e1 en 8 concejos asturianos y Carre\u00f1o ser\u00e1 uno m\u00e1s de los escenarios elegidos para realizarlo.<\/p>\n<p>\u201cEste festival pone en valor la buena m\u00fasica que se realiza en Asturias por nuestros j\u00f3venes grupos y sirve como escaparate para mostrar su trabajo a todos los asturianos y las asturianas. Cand\u00e1s acoger\u00e1, por primera vez, este S\u00e1bado a las 23:45 h. en la Plaza de la Baraga\u00f1a el concierto de semifinales en el que participar\u00e1n cuatro grupos de diferentes estilos pop, country americano, rock alternativo e indi\u201d \u2013 explic\u00f3 la alcaldesa, Amelia Fern\u00e1ndez.<\/p>\n<p>\u201cContactamos con la organizaci\u00f3n de FestiAMAS para seguir innovando en materia de programaci\u00f3n festiva en Carre\u00f1o. As\u00ed ofrecemos conciertos en directo con estilos de m\u00fasica variados con los grupos D&#8217;aki Alhao, Voodoo Grass, Gmorky y Psycho Rubia. Pretendemos variar la programaci\u00f3n que tradicionalmente hacemos en las fiestas y ofrecer m\u00fasica hecha en Asturias en directo. Con ello, esperamos variar para no caer en la monoton\u00eda y acertar con los gustos del p\u00fablico m\u00e1s juvenil. Tambi\u00e9n hacemos esfuerzos para que puedan venir y volver de forma segura a las fiestas usando servicios p\u00fablicos de transporte, b\u00fahos\u201d \u2013 explic\u00f3 Paula Cuervo, concejala de Festejos.<\/p>\n<p>\u201c Las semifinales como la gran final que ser\u00e1 en Oviedo ser\u00e1n emitidas por la Televisi\u00f3n del Principado de Asturias ( TPA). Este concurso surgi\u00f3 en el marco de los Premios Amas, y es muy importante que un municipio como Carre\u00f1o, con tanta trayectoria musical, se sume a la edici\u00f3n del FestiAMAS. Cand\u00e1s en fiestas atrae a mucha gente y es un buen escaparate para mostrar la m\u00fasica que se hace aqu\u00ed. Y a su vez que la villa marinera se muestre por la televisi\u00f3n es una promoci\u00f3n muy buena\u201d \u2013 se\u00f1al\u00f3 David Serna miembro de la organizaci\u00f3n de Premios Amas.<\/p>\n","protected":false},"excerpt":{"rendered":"<p>FestiAMAS, es un concurso musical y programa de televisi\u00f3n creado, producido y realizado para ofrecer la m\u00e1xima visibilidad posible a las bandas musicales emergentes en Asturias, alcanza una vez cerrado el plazo de inscripci\u00f3n en 2017 su quinta edici\u00f3n y batiendo el record de grupos inscritos, que se sit\u00faa en 158 formaciones. Se desarrollar\u00e1 en<\/p>\n","protected":false},"author":1,"featured_media":76289,"comment_status":"closed","ping_status":"closed","sticky":false,"template":"","format":"standard","meta":{"footnotes":""},"categories":[2],"tags":[],"class_list":{"0":"post-76288","1":"post","2":"type-post","3":"status-publish","4":"format-standard","5":"has-post-thumbnail","7":"category-noticias-carreno"},"aioseo_notices":[],"aioseo_head":"\n\t\t<!-- All in One SEO Pro 4.9.6.2 - aioseo.com -->\n\t<meta name=\"description\" content=\"FestiAMAS, es un concurso musical y programa de televisi\u00f3n creado, producido y realizado para ofrecer la m\u00e1xima visibilidad posible a las bandas musicales emergentes en Asturias, alcanza una vez cerrado el plazo de inscripci\u00f3n en 2017 su quinta edici\u00f3n y batiendo el record de grupos inscritos, que se sit\u00faa en 158 formaciones. Se desarrollar\u00e1 en\" \/>\n\t<meta name=\"robots\" content=\"max-image-preview:large\" \/>\n\t<meta name=\"author\" content=\"Cand\u00e1s 365\"\/>\n\t<meta name=\"google-site-verification\" content=\"UA-32230408-1\" \/>\n\t<meta name=\"msvalidate.01\" content=\"354F3CDFB2DA171B47FBE9ABF1F88D5\" \/>\n\t<meta name=\"keywords\" content=\"noticias carre\u00f1o\" \/>\n\t<link rel=\"canonical\" href=\"https:\/\/candas365.es\/noticias\/la-sexta-semifinal-de-festiamas-2017-se-celebrara-en-candas\/\" \/>\n\t<meta name=\"generator\" content=\"All in One SEO Pro (AIOSEO) 4.9.6.2\" \/>\n\t\t<meta property=\"og:locale\" content=\"es_ES\" \/>\n\t\t<meta property=\"og:site_name\" content=\"Cand\u00e1s 365\" \/>\n\t\t<meta property=\"og:type\" content=\"article\" \/>\n\t\t<meta property=\"og:title\" content=\"La sexta semifinal de Festiamas 2017 se celebrar\u00e1 en Cand\u00e1s | Cand\u00e1s 365\" \/>\n\t\t<meta property=\"og:description\" content=\"FestiAMAS, es un concurso musical y programa de televisi\u00f3n creado, producido y realizado para ofrecer la m\u00e1xima visibilidad posible a las bandas musicales emergentes en Asturias, alcanza una vez cerrado el plazo de inscripci\u00f3n en 2017 su quinta edici\u00f3n y batiendo el record de grupos inscritos, que se sit\u00faa en 158 formaciones. Se desarrollar\u00e1 en\" \/>\n\t\t<meta property=\"og:url\" content=\"https:\/\/candas365.es\/noticias\/la-sexta-semifinal-de-festiamas-2017-se-celebrara-en-candas\/\" \/>\n\t\t<meta property=\"og:image\" content=\"https:\/\/candas365.es\/noticias\/wp-content\/uploads\/2017\/07\/Presentaci\u00f3nFestiAMAS.jpg\" \/>\n\t\t<meta property=\"og:image:secure_url\" content=\"https:\/\/candas365.es\/noticias\/wp-content\/uploads\/2017\/07\/Presentaci\u00f3nFestiAMAS.jpg\" \/>\n\t\t<meta property=\"og:image:width\" content=\"616\" \/>\n\t\t<meta property=\"og:image:height\" content=\"482\" \/>\n\t\t<meta property=\"article:published_time\" content=\"2017-07-24T12:27:15+00:00\" \/>\n\t\t<meta property=\"article:modified_time\" content=\"2017-07-24T12:27:15+00:00\" \/>\n\t\t<meta property=\"article:publisher\" content=\"https:\/\/www.facebook.com\/Nachofdezber\" \/>\n\t\t<meta property=\"article:author\" content=\"https:\/\/www.facebook.com\/carrenoactualidad\" \/>\n\t\t<meta name=\"twitter:card\" content=\"summary_large_image\" \/>\n\t\t<meta name=\"twitter:site\" content=\"@NabercoDigital\" \/>\n\t\t<meta name=\"twitter:title\" content=\"La sexta semifinal de Festiamas 2017 se celebrar\u00e1 en Cand\u00e1s | Cand\u00e1s 365\" \/>\n\t\t<meta name=\"twitter:description\" content=\"FestiAMAS, es un concurso musical y programa de televisi\u00f3n creado, producido y realizado para ofrecer la m\u00e1xima visibilidad posible a las bandas musicales emergentes en Asturias, alcanza una vez cerrado el plazo de inscripci\u00f3n en 2017 su quinta edici\u00f3n y batiendo el record de grupos inscritos, que se sit\u00faa en 158 formaciones. Se desarrollar\u00e1 en\" \/>\n\t\t<meta name=\"twitter:creator\" content=\"@nbasturias\" \/>\n\t\t<meta name=\"twitter:image\" content=\"https:\/\/candas365.es\/noticias\/wp-content\/uploads\/2017\/07\/Presentaci\u00f3nFestiAMAS.jpg\" \/>\n\t\t<meta name=\"twitter:label1\" content=\"Escrito por\" \/>\n\t\t<meta name=\"twitter:data1\" content=\"Cand\u00e1s 365\" \/>\n\t\t<meta name=\"twitter:label2\" content=\"Tiempo de lectura estimado\" \/>\n\t\t<meta name=\"twitter:data2\" content=\"2 minutos\" \/>\n\t\t<script type=\"application\/ld+json\" class=\"aioseo-schema\">\n\t\t\t{\"@context\":\"https:\\\/\\\/schema.org\",\"@graph\":[{\"@type\":\"BreadcrumbList\",\"@id\":\"https:\\\/\\\/candas365.es\\\/noticias\\\/la-sexta-semifinal-de-festiamas-2017-se-celebrara-en-candas\\\/#breadcrumblist\",\"itemListElement\":[{\"@type\":\"ListItem\",\"@id\":\"https:\\\/\\\/candas365.es\\\/noticias#listItem\",\"position\":1,\"name\":\"Home\",\"item\":\"https:\\\/\\\/candas365.es\\\/noticias\",\"nextItem\":{\"@type\":\"ListItem\",\"@id\":\"https:\\\/\\\/candas365.es\\\/noticias\\\/category\\\/noticias-carreno\\\/#listItem\",\"name\":\"Noticias Carre\\u00f1o\"}},{\"@type\":\"ListItem\",\"@id\":\"https:\\\/\\\/candas365.es\\\/noticias\\\/category\\\/noticias-carreno\\\/#listItem\",\"position\":2,\"name\":\"Noticias Carre\\u00f1o\",\"item\":\"https:\\\/\\\/candas365.es\\\/noticias\\\/category\\\/noticias-carreno\\\/\",\"nextItem\":{\"@type\":\"ListItem\",\"@id\":\"https:\\\/\\\/candas365.es\\\/noticias\\\/la-sexta-semifinal-de-festiamas-2017-se-celebrara-en-candas\\\/#listItem\",\"name\":\"La sexta semifinal de Festiamas 2017 se celebrar\\u00e1 en Cand\\u00e1s\"},\"previousItem\":{\"@type\":\"ListItem\",\"@id\":\"https:\\\/\\\/candas365.es\\\/noticias#listItem\",\"name\":\"Home\"}},{\"@type\":\"ListItem\",\"@id\":\"https:\\\/\\\/candas365.es\\\/noticias\\\/la-sexta-semifinal-de-festiamas-2017-se-celebrara-en-candas\\\/#listItem\",\"position\":3,\"name\":\"La sexta semifinal de Festiamas 2017 se celebrar\\u00e1 en Cand\\u00e1s\",\"previousItem\":{\"@type\":\"ListItem\",\"@id\":\"https:\\\/\\\/candas365.es\\\/noticias\\\/category\\\/noticias-carreno\\\/#listItem\",\"name\":\"Noticias Carre\\u00f1o\"}}]},{\"@type\":\"NewsArticle\",\"@id\":\"https:\\\/\\\/candas365.es\\\/noticias\\\/la-sexta-semifinal-de-festiamas-2017-se-celebrara-en-candas\\\/#newsarticle\",\"name\":\"La sexta semifinal de Festiamas 2017 se celebrar\\u00e1 en Cand\\u00e1s | Cand\\u00e1s 365\",\"headline\":\"La sexta semifinal de Festiamas 2017 se celebrar\\u00e1 en Cand\\u00e1s\",\"author\":{\"@id\":\"https:\\\/\\\/candas365.es\\\/noticias\\\/author\\\/admin\\\/#author\"},\"publisher\":{\"@id\":\"https:\\\/\\\/candas365.es\\\/noticias\\\/#organization\"},\"image\":{\"@type\":\"ImageObject\",\"url\":\"https:\\\/\\\/candas365.es\\\/noticias\\\/wp-content\\\/uploads\\\/2017\\\/07\\\/Presentaci\\u00f3nFestiAMAS.jpg\",\"width\":616,\"height\":482},\"datePublished\":\"2017-07-24T12:27:15+02:00\",\"dateModified\":\"2017-07-24T12:27:15+02:00\",\"inLanguage\":\"es-ES\",\"mainEntityOfPage\":{\"@id\":\"https:\\\/\\\/candas365.es\\\/noticias\\\/la-sexta-semifinal-de-festiamas-2017-se-celebrara-en-candas\\\/#webpage\"},\"isPartOf\":{\"@id\":\"https:\\\/\\\/candas365.es\\\/noticias\\\/la-sexta-semifinal-de-festiamas-2017-se-celebrara-en-candas\\\/#webpage\"},\"articleSection\":\"Noticias Carre\\u00f1o\",\"dateline\":\"Publicado el julio 24, 2017.\"},{\"@type\":\"Organization\",\"@id\":\"https:\\\/\\\/candas365.es\\\/noticias\\\/#organization\",\"name\":\"Cand\\u00e1s 365\",\"description\":\"Cand\\u00e1s 365 es un diario digital independiente, fundado en 2012, con base en Asturias. Informamos con rigor sobre actualidad, sociedad, cultura y ocio, con una mirada local y global.\",\"url\":\"https:\\\/\\\/candas365.es\\\/noticias\\\/\",\"email\":\"info@candas365.es\",\"telephone\":\"+34652131393\",\"foundingDate\":\"2012-06-10\",\"logo\":{\"@type\":\"ImageObject\",\"url\":\"https:\\\/\\\/candas365.es\\\/noticias\\\/wp-content\\\/uploads\\\/2024\\\/09\\\/Candas-365-Redes.jpg\",\"@id\":\"https:\\\/\\\/candas365.es\\\/noticias\\\/la-sexta-semifinal-de-festiamas-2017-se-celebrara-en-candas\\\/#organizationLogo\",\"width\":1152,\"height\":864,\"caption\":\"Cand\\u00e1s 365 Redes\"},\"image\":{\"@id\":\"https:\\\/\\\/candas365.es\\\/noticias\\\/la-sexta-semifinal-de-festiamas-2017-se-celebrara-en-candas\\\/#organizationLogo\"},\"sameAs\":[\"https:\\\/\\\/www.facebook.com\\\/Nachofdezber\",\"https:\\\/\\\/x.com\\\/NabercoDigital\",\"https:\\\/\\\/www.instagram.com\\\/nachofdezber\\\/\",\"https:\\\/\\\/www.youtube.com\\\/channel\\\/UCZP-2wLEB9Rv6erhFmqVnvg\"],\"address\":{\"@id\":\"https:\\\/\\\/candas365.es\\\/noticias\\\/#postaladdress\",\"@type\":\"PostalAddress\",\"streetAddress\":\"san antonio 4, san antonio 4\",\"postalCode\":\"33430\",\"addressLocality\":\"Cand\\u00e1s\",\"addressRegion\":\"Asturias\",\"addressCountry\":\"ES\"}},{\"@type\":\"Person\",\"@id\":\"https:\\\/\\\/candas365.es\\\/noticias\\\/author\\\/admin\\\/#author\",\"url\":\"https:\\\/\\\/candas365.es\\\/noticias\\\/author\\\/admin\\\/\",\"name\":\"Cand\\u00e1s 365\",\"image\":{\"@type\":\"ImageObject\",\"@id\":\"https:\\\/\\\/candas365.es\\\/noticias\\\/la-sexta-semifinal-de-festiamas-2017-se-celebrara-en-candas\\\/#authorImage\",\"url\":\"https:\\\/\\\/secure.gravatar.com\\\/avatar\\\/496a8e03d0c493ede1718b7934145dbdf8d89be1036b0eec9544e1094c9de390?s=96&d=mm&r=g\",\"width\":96,\"height\":96,\"caption\":\"Cand\\u00e1s 365\"},\"sameAs\":[\"https:\\\/\\\/www.facebook.com\\\/carrenoactualidad\",\"https:\\\/\\\/twitter.com\\\/nbasturias\",\"https:\\\/\\\/www.instagram.com\\\/nachofdezber\\\/\",\"https:\\\/\\\/www.youtube.com\\\/channel\\\/UCZP-2wLEB9Rv6erhFmqVnvg\"]},{\"@type\":\"WebPage\",\"@id\":\"https:\\\/\\\/candas365.es\\\/noticias\\\/la-sexta-semifinal-de-festiamas-2017-se-celebrara-en-candas\\\/#webpage\",\"url\":\"https:\\\/\\\/candas365.es\\\/noticias\\\/la-sexta-semifinal-de-festiamas-2017-se-celebrara-en-candas\\\/\",\"name\":\"La sexta semifinal de Festiamas 2017 se celebrar\\u00e1 en Cand\\u00e1s | Cand\\u00e1s 365\",\"description\":\"FestiAMAS, es un concurso musical y programa de televisi\\u00f3n creado, producido y realizado para ofrecer la m\\u00e1xima visibilidad posible a las bandas musicales emergentes en Asturias, alcanza una vez cerrado el plazo de inscripci\\u00f3n en 2017 su quinta edici\\u00f3n y batiendo el record de grupos inscritos, que se sit\\u00faa en 158 formaciones. Se desarrollar\\u00e1 en\",\"inLanguage\":\"es-ES\",\"isPartOf\":{\"@id\":\"https:\\\/\\\/candas365.es\\\/noticias\\\/#website\"},\"breadcrumb\":{\"@id\":\"https:\\\/\\\/candas365.es\\\/noticias\\\/la-sexta-semifinal-de-festiamas-2017-se-celebrara-en-candas\\\/#breadcrumblist\"},\"author\":{\"@id\":\"https:\\\/\\\/candas365.es\\\/noticias\\\/author\\\/admin\\\/#author\"},\"creator\":{\"@id\":\"https:\\\/\\\/candas365.es\\\/noticias\\\/author\\\/admin\\\/#author\"},\"image\":{\"@type\":\"ImageObject\",\"url\":\"https:\\\/\\\/candas365.es\\\/noticias\\\/wp-content\\\/uploads\\\/2017\\\/07\\\/Presentaci\\u00f3nFestiAMAS.jpg\",\"@id\":\"https:\\\/\\\/candas365.es\\\/noticias\\\/la-sexta-semifinal-de-festiamas-2017-se-celebrara-en-candas\\\/#mainImage\",\"width\":616,\"height\":482},\"primaryImageOfPage\":{\"@id\":\"https:\\\/\\\/candas365.es\\\/noticias\\\/la-sexta-semifinal-de-festiamas-2017-se-celebrara-en-candas\\\/#mainImage\"},\"datePublished\":\"2017-07-24T12:27:15+02:00\",\"dateModified\":\"2017-07-24T12:27:15+02:00\"},{\"@type\":\"WebSite\",\"@id\":\"https:\\\/\\\/candas365.es\\\/noticias\\\/#website\",\"url\":\"https:\\\/\\\/candas365.es\\\/noticias\\\/\",\"name\":\"Cand\\u00e1s 365\",\"alternateName\":\"Cand\\u00e1s 365 Noticias\",\"description\":\"Actualidad desde Carre\\u00f1o para el mundo\",\"inLanguage\":\"es-ES\",\"publisher\":{\"@id\":\"https:\\\/\\\/candas365.es\\\/noticias\\\/#organization\"}}]}\n\t\t<\/script>\n\t\t<!-- All in One SEO Pro -->\r\n\t\t<title>La sexta semifinal de Festiamas 2017 se celebrar\u00e1 en Cand\u00e1s | Cand\u00e1s 365<\/title>\n\n","aioseo_head_json":{"title":"La sexta semifinal de Festiamas 2017 se celebrar\u00e1 en Cand\u00e1s | Cand\u00e1s 365","description":"FestiAMAS, es un concurso musical y programa de televisi\u00f3n creado, producido y realizado para ofrecer la m\u00e1xima visibilidad posible a las bandas musicales emergentes en Asturias, alcanza una vez cerrado el plazo de inscripci\u00f3n en 2017 su quinta edici\u00f3n y batiendo el record de grupos inscritos, que se sit\u00faa en 158 formaciones. Se desarrollar\u00e1 en","canonical_url":"https:\/\/candas365.es\/noticias\/la-sexta-semifinal-de-festiamas-2017-se-celebrara-en-candas\/","robots":"max-image-preview:large","keywords":"noticias carre\u00f1o","webmasterTools":{"google-site-verification":"UA-32230408-1","msvalidate.01":"354F3CDFB2DA171B47FBE9ABF1F88D5","miscellaneous":""},"schema":{"@context":"https:\/\/schema.org","@graph":[{"@type":"BreadcrumbList","@id":"https:\/\/candas365.es\/noticias\/la-sexta-semifinal-de-festiamas-2017-se-celebrara-en-candas\/#breadcrumblist","itemListElement":[{"@type":"ListItem","@id":"https:\/\/candas365.es\/noticias#listItem","position":1,"name":"Home","item":"https:\/\/candas365.es\/noticias","nextItem":{"@type":"ListItem","@id":"https:\/\/candas365.es\/noticias\/category\/noticias-carreno\/#listItem","name":"Noticias Carre\u00f1o"}},{"@type":"ListItem","@id":"https:\/\/candas365.es\/noticias\/category\/noticias-carreno\/#listItem","position":2,"name":"Noticias Carre\u00f1o","item":"https:\/\/candas365.es\/noticias\/category\/noticias-carreno\/","nextItem":{"@type":"ListItem","@id":"https:\/\/candas365.es\/noticias\/la-sexta-semifinal-de-festiamas-2017-se-celebrara-en-candas\/#listItem","name":"La sexta semifinal de Festiamas 2017 se celebrar\u00e1 en Cand\u00e1s"},"previousItem":{"@type":"ListItem","@id":"https:\/\/candas365.es\/noticias#listItem","name":"Home"}},{"@type":"ListItem","@id":"https:\/\/candas365.es\/noticias\/la-sexta-semifinal-de-festiamas-2017-se-celebrara-en-candas\/#listItem","position":3,"name":"La sexta semifinal de Festiamas 2017 se celebrar\u00e1 en Cand\u00e1s","previousItem":{"@type":"ListItem","@id":"https:\/\/candas365.es\/noticias\/category\/noticias-carreno\/#listItem","name":"Noticias Carre\u00f1o"}}]},{"@type":"NewsArticle","@id":"https:\/\/candas365.es\/noticias\/la-sexta-semifinal-de-festiamas-2017-se-celebrara-en-candas\/#newsarticle","name":"La sexta semifinal de Festiamas 2017 se celebrar\u00e1 en Cand\u00e1s | Cand\u00e1s 365","headline":"La sexta semifinal de Festiamas 2017 se celebrar\u00e1 en Cand\u00e1s","author":{"@id":"https:\/\/candas365.es\/noticias\/author\/admin\/#author"},"publisher":{"@id":"https:\/\/candas365.es\/noticias\/#organization"},"image":{"@type":"ImageObject","url":"https:\/\/candas365.es\/noticias\/wp-content\/uploads\/2017\/07\/Presentaci\u00f3nFestiAMAS.jpg","width":616,"height":482},"datePublished":"2017-07-24T12:27:15+02:00","dateModified":"2017-07-24T12:27:15+02:00","inLanguage":"es-ES","mainEntityOfPage":{"@id":"https:\/\/candas365.es\/noticias\/la-sexta-semifinal-de-festiamas-2017-se-celebrara-en-candas\/#webpage"},"isPartOf":{"@id":"https:\/\/candas365.es\/noticias\/la-sexta-semifinal-de-festiamas-2017-se-celebrara-en-candas\/#webpage"},"articleSection":"Noticias Carre\u00f1o","dateline":"Publicado el julio 24, 2017."},{"@type":"Organization","@id":"https:\/\/candas365.es\/noticias\/#organization","name":"Cand\u00e1s 365","description":"Cand\u00e1s 365 es un diario digital independiente, fundado en 2012, con base en Asturias. Informamos con rigor sobre actualidad, sociedad, cultura y ocio, con una mirada local y global.","url":"https:\/\/candas365.es\/noticias\/","email":"info@candas365.es","telephone":"+34652131393","foundingDate":"2012-06-10","logo":{"@type":"ImageObject","url":"https:\/\/candas365.es\/noticias\/wp-content\/uploads\/2024\/09\/Candas-365-Redes.jpg","@id":"https:\/\/candas365.es\/noticias\/la-sexta-semifinal-de-festiamas-2017-se-celebrara-en-candas\/#organizationLogo","width":1152,"height":864,"caption":"Cand\u00e1s 365 Redes"},"image":{"@id":"https:\/\/candas365.es\/noticias\/la-sexta-semifinal-de-festiamas-2017-se-celebrara-en-candas\/#organizationLogo"},"sameAs":["https:\/\/www.facebook.com\/Nachofdezber","https:\/\/x.com\/NabercoDigital","https:\/\/www.instagram.com\/nachofdezber\/","https:\/\/www.youtube.com\/channel\/UCZP-2wLEB9Rv6erhFmqVnvg"],"address":{"@id":"https:\/\/candas365.es\/noticias\/#postaladdress","@type":"PostalAddress","streetAddress":"san antonio 4, san antonio 4","postalCode":"33430","addressLocality":"Cand\u00e1s","addressRegion":"Asturias","addressCountry":"ES"}},{"@type":"Person","@id":"https:\/\/candas365.es\/noticias\/author\/admin\/#author","url":"https:\/\/candas365.es\/noticias\/author\/admin\/","name":"Cand\u00e1s 365","image":{"@type":"ImageObject","@id":"https:\/\/candas365.es\/noticias\/la-sexta-semifinal-de-festiamas-2017-se-celebrara-en-candas\/#authorImage","url":"https:\/\/secure.gravatar.com\/avatar\/496a8e03d0c493ede1718b7934145dbdf8d89be1036b0eec9544e1094c9de390?s=96&d=mm&r=g","width":96,"height":96,"caption":"Cand\u00e1s 365"},"sameAs":["https:\/\/www.facebook.com\/carrenoactualidad","https:\/\/twitter.com\/nbasturias","https:\/\/www.instagram.com\/nachofdezber\/","https:\/\/www.youtube.com\/channel\/UCZP-2wLEB9Rv6erhFmqVnvg"]},{"@type":"WebPage","@id":"https:\/\/candas365.es\/noticias\/la-sexta-semifinal-de-festiamas-2017-se-celebrara-en-candas\/#webpage","url":"https:\/\/candas365.es\/noticias\/la-sexta-semifinal-de-festiamas-2017-se-celebrara-en-candas\/","name":"La sexta semifinal de Festiamas 2017 se celebrar\u00e1 en Cand\u00e1s | Cand\u00e1s 365","description":"FestiAMAS, es un concurso musical y programa de televisi\u00f3n creado, producido y realizado para ofrecer la m\u00e1xima visibilidad posible a las bandas musicales emergentes en Asturias, alcanza una vez cerrado el plazo de inscripci\u00f3n en 2017 su quinta edici\u00f3n y batiendo el record de grupos inscritos, que se sit\u00faa en 158 formaciones. Se desarrollar\u00e1 en","inLanguage":"es-ES","isPartOf":{"@id":"https:\/\/candas365.es\/noticias\/#website"},"breadcrumb":{"@id":"https:\/\/candas365.es\/noticias\/la-sexta-semifinal-de-festiamas-2017-se-celebrara-en-candas\/#breadcrumblist"},"author":{"@id":"https:\/\/candas365.es\/noticias\/author\/admin\/#author"},"creator":{"@id":"https:\/\/candas365.es\/noticias\/author\/admin\/#author"},"image":{"@type":"ImageObject","url":"https:\/\/candas365.es\/noticias\/wp-content\/uploads\/2017\/07\/Presentaci\u00f3nFestiAMAS.jpg","@id":"https:\/\/candas365.es\/noticias\/la-sexta-semifinal-de-festiamas-2017-se-celebrara-en-candas\/#mainImage","width":616,"height":482},"primaryImageOfPage":{"@id":"https:\/\/candas365.es\/noticias\/la-sexta-semifinal-de-festiamas-2017-se-celebrara-en-candas\/#mainImage"},"datePublished":"2017-07-24T12:27:15+02:00","dateModified":"2017-07-24T12:27:15+02:00"},{"@type":"WebSite","@id":"https:\/\/candas365.es\/noticias\/#website","url":"https:\/\/candas365.es\/noticias\/","name":"Cand\u00e1s 365","alternateName":"Cand\u00e1s 365 Noticias","description":"Actualidad desde Carre\u00f1o para el mundo","inLanguage":"es-ES","publisher":{"@id":"https:\/\/candas365.es\/noticias\/#organization"}}]},"og:locale":"es_ES","og:site_name":"Cand\u00e1s 365","og:type":"article","og:title":"La sexta semifinal de Festiamas 2017 se celebrar\u00e1 en Cand\u00e1s | Cand\u00e1s 365","og:description":"FestiAMAS, es un concurso musical y programa de televisi\u00f3n creado, producido y realizado para ofrecer la m\u00e1xima visibilidad posible a las bandas musicales emergentes en Asturias, alcanza una vez cerrado el plazo de inscripci\u00f3n en 2017 su quinta edici\u00f3n y batiendo el record de grupos inscritos, que se sit\u00faa en 158 formaciones. Se desarrollar\u00e1 en","og:url":"https:\/\/candas365.es\/noticias\/la-sexta-semifinal-de-festiamas-2017-se-celebrara-en-candas\/","og:image":"https:\/\/candas365.es\/noticias\/wp-content\/uploads\/2017\/07\/Presentaci\u00f3nFestiAMAS.jpg","og:image:secure_url":"https:\/\/candas365.es\/noticias\/wp-content\/uploads\/2017\/07\/Presentaci\u00f3nFestiAMAS.jpg","og:image:width":616,"og:image:height":482,"article:published_time":"2017-07-24T12:27:15+00:00","article:modified_time":"2017-07-24T12:27:15+00:00","article:publisher":"https:\/\/www.facebook.com\/Nachofdezber","article:author":"https:\/\/www.facebook.com\/carrenoactualidad","twitter:card":"summary_large_image","twitter:site":"@NabercoDigital","twitter:title":"La sexta semifinal de Festiamas 2017 se celebrar\u00e1 en Cand\u00e1s | Cand\u00e1s 365","twitter:description":"FestiAMAS, es un concurso musical y programa de televisi\u00f3n creado, producido y realizado para ofrecer la m\u00e1xima visibilidad posible a las bandas musicales emergentes en Asturias, alcanza una vez cerrado el plazo de inscripci\u00f3n en 2017 su quinta edici\u00f3n y batiendo el record de grupos inscritos, que se sit\u00faa en 158 formaciones. Se desarrollar\u00e1 en","twitter:creator":"@nbasturias","twitter:image":"https:\/\/candas365.es\/noticias\/wp-content\/uploads\/2017\/07\/Presentaci\u00f3nFestiAMAS.jpg","twitter:label1":"Escrito por","twitter:data1":"Cand\u00e1s 365","twitter:label2":"Tiempo de lectura estimado","twitter:data2":"2 minutos"},"aioseo_meta_data":{"post_id":"76288","title":null,"description":null,"keywords":null,"keyphrases":null,"primary_term":null,"canonical_url":null,"og_title":null,"og_description":null,"og_object_type":"default","og_image_type":"default","og_image_url":null,"og_image_width":null,"og_image_height":null,"og_image_custom_url":null,"og_image_custom_fields":null,"og_video":null,"og_custom_url":null,"og_article_section":null,"og_article_tags":null,"twitter_use_og":false,"twitter_card":"default","twitter_image_type":"default","twitter_image_url":null,"twitter_image_custom_url":null,"twitter_image_custom_fields":null,"twitter_title":null,"twitter_description":null,"schema":{"blockGraphs":[],"customGraphs":[],"default":{"data":{"Article":[],"Course":[],"Dataset":[],"FAQPage":[],"Movie":[],"Person":[],"Product":[],"ProductReview":[],"Car":[],"Recipe":[],"Service":[],"SoftwareApplication":[],"WebPage":[]},"graphName":"","isEnabled":true},"graphs":[],"defaultGraph":"","defaultPostTypeGraph":""},"schema_type":null,"schema_type_options":null,"pillar_content":false,"robots_default":true,"robots_noindex":false,"robots_noarchive":false,"robots_nosnippet":false,"robots_nofollow":false,"robots_noimageindex":false,"robots_noodp":false,"robots_notranslate":false,"robots_max_snippet":null,"robots_max_videopreview":null,"robots_max_imagepreview":"large","priority":null,"frequency":null,"location":null,"local_seo":null,"seo_analyzer_scan_date":"2025-08-25 19:10:10","breadcrumb_settings":null,"limit_modified_date":false,"reviewed_by":null,"open_ai":null,"ai":null,"created":"2020-12-21 12:56:04","updated":"2025-08-25 19:10:10"},"aioseo_breadcrumb":"<div class=\"aioseo-breadcrumbs\"><span class=\"aioseo-breadcrumb\">\n\t<a href=\"https:\/\/candas365.es\/noticias\" title=\"Home\">Home<\/a>\n<\/span><span class=\"aioseo-breadcrumb-separator\">&ndash;<\/span><span class=\"aioseo-breadcrumb\">\n\t<a href=\"https:\/\/candas365.es\/noticias\/category\/noticias-carreno\/\" title=\"Noticias Carre\u00f1o\">Noticias Carre\u00f1o<\/a>\n<\/span><span class=\"aioseo-breadcrumb-separator\">&ndash;<\/span><span class=\"aioseo-breadcrumb\">\n\tLa sexta semifinal de Festiamas 2017 se celebrar\u00e1 en Cand\u00e1s\n<\/span><\/div>","aioseo_breadcrumb_json":[{"label":"Home","link":"https:\/\/candas365.es\/noticias"},{"label":"Noticias Carre\u00f1o","link":"https:\/\/candas365.es\/noticias\/category\/noticias-carreno\/"},{"label":"La sexta semifinal de Festiamas 2017 se celebrar\u00e1 en Cand\u00e1s","link":"https:\/\/candas365.es\/noticias\/la-sexta-semifinal-de-festiamas-2017-se-celebrara-en-candas\/"}],"_links":{"self":[{"href":"https:\/\/candas365.es\/noticias\/wp-json\/wp\/v2\/posts\/76288","targetHints":{"allow":["GET"]}}],"collection":[{"href":"https:\/\/candas365.es\/noticias\/wp-json\/wp\/v2\/posts"}],"about":[{"href":"https:\/\/candas365.es\/noticias\/wp-json\/wp\/v2\/types\/post"}],"author":[{"embeddable":true,"href":"https:\/\/candas365.es\/noticias\/wp-json\/wp\/v2\/users\/1"}],"replies":[{"embeddable":true,"href":"https:\/\/candas365.es\/noticias\/wp-json\/wp\/v2\/comments?post=76288"}],"version-history":[{"count":0,"href":"https:\/\/candas365.es\/noticias\/wp-json\/wp\/v2\/posts\/76288\/revisions"}],"wp:featuredmedia":[{"embeddable":true,"href":"https:\/\/candas365.es\/noticias\/wp-json\/wp\/v2\/media\/76289"}],"wp:attachment":[{"href":"https:\/\/candas365.es\/noticias\/wp-json\/wp\/v2\/media?parent=76288"}],"wp:term":[{"taxonomy":"category","embeddable":true,"href":"https:\/\/candas365.es\/noticias\/wp-json\/wp\/v2\/categories?post=76288"},{"taxonomy":"post_tag","embeddable":true,"href":"https:\/\/candas365.es\/noticias\/wp-json\/wp\/v2\/tags?post=76288"}],"curies":[{"name":"wp","href":"https:\/\/api.w.org\/{rel}","templated":true}]}}