{"id":76121,"date":"2017-07-21T07:19:44","date_gmt":"2017-07-21T07:19:44","guid":{"rendered":"http:\/\/candas365.es\/noticias\/?p=76121"},"modified":"2017-07-21T07:19:44","modified_gmt":"2017-07-21T07:19:44","slug":"aumentan-en-espana-los-casos-de-ninos-que-sufren-tdah","status":"publish","type":"post","link":"https:\/\/candas365.es\/noticias\/aumentan-en-espana-los-casos-de-ninos-que-sufren-tdah\/","title":{"rendered":"Aumentan en Espa\u00f1a los casos de ni\u00f1os que sufren TDAH"},"content":{"rendered":"<p><img fetchpriority=\"high\" decoding=\"async\" class=\"alignleft size-medium wp-image-76122\" src=\"https:\/\/candas365.es\/noticias\/wp-content\/uploads\/2017\/07\/1500532995_TDAH_en_ninos-360x240.jpg\" alt=\"\" width=\"360\" height=\"240\" srcset=\"https:\/\/candas365.es\/noticias\/wp-content\/uploads\/2017\/07\/1500532995_TDAH_en_ninos-360x240.jpg 360w, https:\/\/candas365.es\/noticias\/wp-content\/uploads\/2017\/07\/1500532995_TDAH_en_ninos-768x512.jpg 768w, https:\/\/candas365.es\/noticias\/wp-content\/uploads\/2017\/07\/1500532995_TDAH_en_ninos-655x437.jpg 655w, https:\/\/candas365.es\/noticias\/wp-content\/uploads\/2017\/07\/1500532995_TDAH_en_ninos-696x464.jpg 696w, https:\/\/candas365.es\/noticias\/wp-content\/uploads\/2017\/07\/1500532995_TDAH_en_ninos-1068x712.jpg 1068w, https:\/\/candas365.es\/noticias\/wp-content\/uploads\/2017\/07\/1500532995_TDAH_en_ninos-630x420.jpg 630w, https:\/\/candas365.es\/noticias\/wp-content\/uploads\/2017\/07\/1500532995_TDAH_en_ninos-84x55.jpg 84w, https:\/\/candas365.es\/noticias\/wp-content\/uploads\/2017\/07\/1500532995_TDAH_en_ninos.jpg 1600w\" sizes=\"(max-width: 360px) 100vw, 360px\" \/>El n\u00famero total de diagn\u00f3sticos del trastorno por d\u00e9ficit de atenci\u00f3n e hiperactividad (TDAH) ha aumentado notablemente en los \u00faltimos a\u00f1os en Espa\u00f1a. Seg\u00fan la FEAADAH, alrededor de un 5 y un 7% de los ni\u00f1os y adolescentes espa\u00f1oles padecen este trastorno. Este dato supone un notable aumento en nuestro pa\u00eds. , sobre todo en la \u00faltima d\u00e9cada.<\/p>\n<p>Diferentes expertos en psicolog\u00eda infantil, como es el caso de <strong><a href=\"http:\/\/antonialozano.com\/\" target=\"_blank\" rel=\"follow noopener\"><span style=\"color: #ff0000;\">Antonia<\/span> <span style=\"color: #ff0000;\">Lozano<\/span><\/a><\/strong>, achacan este aumento a distintos factores,\u00bb como por ejemplo el hecho de contar con mejores herramientas para su detecci\u00f3n o a una mayor conciencia general del problema, aunque tambi\u00e9n es preciso apuntar a otro hecho que merece ser tomado en cuenta como es el sobrediagn\u00f3stico. As\u00ed, en no pocas ocasiones se impone a un ni\u00f1o la etiqueta de TDAH cuando en realidad solo se trata de un peque\u00f1o inquieto, movido, con ganas de jugar y que apenas tiene descanso durante su actividad.\u00bb<\/p>\n<p>Para poder hablar de d\u00e9ficit de atenci\u00f3n e hiperactividad (TDAH) es necesario detectar s\u00edntomas m\u00e1s precisos e inequ\u00edvocos en el peque\u00f1o o joven. Algunos de los signos m\u00e1s habituales y que se asocian directamente con este trastorno son la dificultad de concentraci\u00f3n, de seguir instrucciones u \u00f3rdenes, la imposibilidad de estar sentado m\u00e1s de 10 minutos, la aparici\u00f3n de muestras claras de impaciencia o la escasa tolerancia a la frustraci\u00f3n.<\/p>\n<p>Como indica Antonia Lozano, psic\u00f3loga infantil, \u00abpara pasar de los s\u00edntomas a un diagn\u00f3stico fiable es necesaria la participaci\u00f3n de un equipo multidisciplinar de profesionales y que estas conductas sean muy repetitivas\u00a0en el peque\u00f1o o en el adolescente. En este sentido, es muy posible que un joven sea realmente inquieto en el centro escolar pero no as\u00ed en su hogar, o viceversa. En esta clase de situaci\u00f3n, no se podr\u00eda hablar de TDAH.\u00bb<\/p>\n<p>La prevalencia de casos de este trastorno en ni\u00f1os ha aumentado de forma considerable en los \u00faltimos a\u00f1os. Adem\u00e1s, existen ciertos aspectos interesantes sobre este problema, como por ejemplo que los ni\u00f1os tienen muchas m\u00e1s posibilidades de padecer hiperactividad que las ni\u00f1as. La proporci\u00f3n actual se sit\u00faa en un 4 a 1. En cambio, son ellas las que presentan un mayor n\u00famero de casos global de d\u00e9ficit de atenci\u00f3n.<\/p>\n<p>En cualquier caso, para poder llevar a cabo un diagn\u00f3stico adecuado, es preciso acudir a profesionales especialistas capaces de realizar este procedimiento de una forma profesional y eficaz.<\/p>\n<p>&nbsp;<\/p>\n","protected":false},"excerpt":{"rendered":"<p>El n\u00famero total de diagn\u00f3sticos del trastorno por d\u00e9ficit de atenci\u00f3n e hiperactividad (TDAH) ha aumentado notablemente en los \u00faltimos a\u00f1os en Espa\u00f1a. Seg\u00fan la FEAADAH, alrededor de un 5 y un 7% de los ni\u00f1os y adolescentes espa\u00f1oles padecen este trastorno. Este dato supone un notable aumento en nuestro pa\u00eds. , sobre todo en<\/p>\n","protected":false},"author":1,"featured_media":76122,"comment_status":"closed","ping_status":"closed","sticky":false,"template":"","format":"standard","meta":{"footnotes":""},"categories":[143],"tags":[],"class_list":{"0":"post-76121","1":"post","2":"type-post","3":"status-publish","4":"format-standard","5":"has-post-thumbnail","7":"category-sociedad"},"aioseo_notices":[],"aioseo_head":"\n\t\t<!-- All in One SEO Pro 4.9.6.2 - aioseo.com -->\n\t<meta name=\"description\" content=\"El n\u00famero total de diagn\u00f3sticos del trastorno por d\u00e9ficit de atenci\u00f3n e hiperactividad (TDAH) ha aumentado notablemente en los \u00faltimos a\u00f1os en Espa\u00f1a. Seg\u00fan la FEAADAH, alrededor de un 5 y un 7% de los ni\u00f1os y adolescentes espa\u00f1oles padecen este trastorno. Este dato supone un notable aumento en nuestro pa\u00eds. , sobre todo en\" \/>\n\t<meta name=\"robots\" content=\"max-image-preview:large\" \/>\n\t<meta name=\"author\" content=\"Cand\u00e1s 365\"\/>\n\t<meta name=\"google-site-verification\" content=\"UA-32230408-1\" \/>\n\t<meta name=\"msvalidate.01\" content=\"354F3CDFB2DA171B47FBE9ABF1F88D5\" \/>\n\t<meta name=\"keywords\" content=\"sociedad\" \/>\n\t<link rel=\"canonical\" href=\"https:\/\/candas365.es\/noticias\/aumentan-en-espana-los-casos-de-ninos-que-sufren-tdah\/\" \/>\n\t<meta name=\"generator\" content=\"All in One SEO Pro (AIOSEO) 4.9.6.2\" \/>\n\t\t<meta property=\"og:locale\" content=\"es_ES\" \/>\n\t\t<meta property=\"og:site_name\" content=\"Cand\u00e1s 365\" \/>\n\t\t<meta property=\"og:type\" content=\"article\" \/>\n\t\t<meta property=\"og:title\" content=\"Aumentan en Espa\u00f1a los casos de ni\u00f1os que sufren TDAH | Cand\u00e1s 365\" \/>\n\t\t<meta property=\"og:description\" content=\"El n\u00famero total de diagn\u00f3sticos del trastorno por d\u00e9ficit de atenci\u00f3n e hiperactividad (TDAH) ha aumentado notablemente en los \u00faltimos a\u00f1os en Espa\u00f1a. Seg\u00fan la FEAADAH, alrededor de un 5 y un 7% de los ni\u00f1os y adolescentes espa\u00f1oles padecen este trastorno. Este dato supone un notable aumento en nuestro pa\u00eds. , sobre todo en\" \/>\n\t\t<meta property=\"og:url\" content=\"https:\/\/candas365.es\/noticias\/aumentan-en-espana-los-casos-de-ninos-que-sufren-tdah\/\" \/>\n\t\t<meta property=\"og:image\" content=\"https:\/\/candas365.es\/noticias\/wp-content\/uploads\/2017\/07\/1500532995_TDAH_en_ninos.jpg\" \/>\n\t\t<meta property=\"og:image:secure_url\" content=\"https:\/\/candas365.es\/noticias\/wp-content\/uploads\/2017\/07\/1500532995_TDAH_en_ninos.jpg\" \/>\n\t\t<meta property=\"og:image:width\" content=\"1600\" \/>\n\t\t<meta property=\"og:image:height\" content=\"1067\" \/>\n\t\t<meta property=\"article:published_time\" content=\"2017-07-21T07:19:44+00:00\" \/>\n\t\t<meta property=\"article:modified_time\" content=\"2017-07-21T07:19:44+00:00\" \/>\n\t\t<meta property=\"article:publisher\" content=\"https:\/\/www.facebook.com\/Nachofdezber\" \/>\n\t\t<meta property=\"article:author\" content=\"https:\/\/www.facebook.com\/carrenoactualidad\" \/>\n\t\t<meta name=\"twitter:card\" content=\"summary_large_image\" \/>\n\t\t<meta name=\"twitter:site\" content=\"@NabercoDigital\" \/>\n\t\t<meta name=\"twitter:title\" content=\"Aumentan en Espa\u00f1a los casos de ni\u00f1os que sufren TDAH | Cand\u00e1s 365\" \/>\n\t\t<meta name=\"twitter:description\" content=\"El n\u00famero total de diagn\u00f3sticos del trastorno por d\u00e9ficit de atenci\u00f3n e hiperactividad (TDAH) ha aumentado notablemente en los \u00faltimos a\u00f1os en Espa\u00f1a. Seg\u00fan la FEAADAH, alrededor de un 5 y un 7% de los ni\u00f1os y adolescentes espa\u00f1oles padecen este trastorno. Este dato supone un notable aumento en nuestro pa\u00eds. , sobre todo en\" \/>\n\t\t<meta name=\"twitter:creator\" content=\"@nbasturias\" \/>\n\t\t<meta name=\"twitter:image\" content=\"https:\/\/candas365.es\/noticias\/wp-content\/uploads\/2017\/07\/1500532995_TDAH_en_ninos.jpg\" \/>\n\t\t<meta name=\"twitter:label1\" content=\"Escrito por\" \/>\n\t\t<meta name=\"twitter:data1\" content=\"Cand\u00e1s 365\" \/>\n\t\t<meta name=\"twitter:label2\" content=\"Tiempo de lectura estimado\" \/>\n\t\t<meta name=\"twitter:data2\" content=\"2 minutos\" \/>\n\t\t<script type=\"application\/ld+json\" class=\"aioseo-schema\">\n\t\t\t{\"@context\":\"https:\\\/\\\/schema.org\",\"@graph\":[{\"@type\":\"BreadcrumbList\",\"@id\":\"https:\\\/\\\/candas365.es\\\/noticias\\\/aumentan-en-espana-los-casos-de-ninos-que-sufren-tdah\\\/#breadcrumblist\",\"itemListElement\":[{\"@type\":\"ListItem\",\"@id\":\"https:\\\/\\\/candas365.es\\\/noticias#listItem\",\"position\":1,\"name\":\"Home\",\"item\":\"https:\\\/\\\/candas365.es\\\/noticias\",\"nextItem\":{\"@type\":\"ListItem\",\"@id\":\"https:\\\/\\\/candas365.es\\\/noticias\\\/category\\\/sociedad\\\/#listItem\",\"name\":\"Sociedad\"}},{\"@type\":\"ListItem\",\"@id\":\"https:\\\/\\\/candas365.es\\\/noticias\\\/category\\\/sociedad\\\/#listItem\",\"position\":2,\"name\":\"Sociedad\",\"item\":\"https:\\\/\\\/candas365.es\\\/noticias\\\/category\\\/sociedad\\\/\",\"nextItem\":{\"@type\":\"ListItem\",\"@id\":\"https:\\\/\\\/candas365.es\\\/noticias\\\/aumentan-en-espana-los-casos-de-ninos-que-sufren-tdah\\\/#listItem\",\"name\":\"Aumentan en Espa\\u00f1a los casos de ni\\u00f1os que sufren TDAH\"},\"previousItem\":{\"@type\":\"ListItem\",\"@id\":\"https:\\\/\\\/candas365.es\\\/noticias#listItem\",\"name\":\"Home\"}},{\"@type\":\"ListItem\",\"@id\":\"https:\\\/\\\/candas365.es\\\/noticias\\\/aumentan-en-espana-los-casos-de-ninos-que-sufren-tdah\\\/#listItem\",\"position\":3,\"name\":\"Aumentan en Espa\\u00f1a los casos de ni\\u00f1os que sufren TDAH\",\"previousItem\":{\"@type\":\"ListItem\",\"@id\":\"https:\\\/\\\/candas365.es\\\/noticias\\\/category\\\/sociedad\\\/#listItem\",\"name\":\"Sociedad\"}}]},{\"@type\":\"NewsArticle\",\"@id\":\"https:\\\/\\\/candas365.es\\\/noticias\\\/aumentan-en-espana-los-casos-de-ninos-que-sufren-tdah\\\/#newsarticle\",\"name\":\"Aumentan en Espa\\u00f1a los casos de ni\\u00f1os que sufren TDAH | Cand\\u00e1s 365\",\"headline\":\"Aumentan en Espa\\u00f1a los casos de ni\\u00f1os que sufren TDAH\",\"author\":{\"@id\":\"https:\\\/\\\/candas365.es\\\/noticias\\\/author\\\/admin\\\/#author\"},\"publisher\":{\"@id\":\"https:\\\/\\\/candas365.es\\\/noticias\\\/#organization\"},\"image\":{\"@type\":\"ImageObject\",\"url\":\"https:\\\/\\\/candas365.es\\\/noticias\\\/wp-content\\\/uploads\\\/2017\\\/07\\\/1500532995_TDAH_en_ninos.jpg\",\"width\":1600,\"height\":1067},\"datePublished\":\"2017-07-21T07:19:44+02:00\",\"dateModified\":\"2017-07-21T07:19:44+02:00\",\"inLanguage\":\"es-ES\",\"mainEntityOfPage\":{\"@id\":\"https:\\\/\\\/candas365.es\\\/noticias\\\/aumentan-en-espana-los-casos-de-ninos-que-sufren-tdah\\\/#webpage\"},\"isPartOf\":{\"@id\":\"https:\\\/\\\/candas365.es\\\/noticias\\\/aumentan-en-espana-los-casos-de-ninos-que-sufren-tdah\\\/#webpage\"},\"articleSection\":\"Sociedad\",\"dateline\":\"Publicado el julio 21, 2017.\"},{\"@type\":\"Organization\",\"@id\":\"https:\\\/\\\/candas365.es\\\/noticias\\\/#organization\",\"name\":\"Cand\\u00e1s 365\",\"description\":\"Cand\\u00e1s 365 es un diario digital independiente, fundado en 2012, con base en Asturias. Informamos con rigor sobre actualidad, sociedad, cultura y ocio, con una mirada local y global.\",\"url\":\"https:\\\/\\\/candas365.es\\\/noticias\\\/\",\"email\":\"info@candas365.es\",\"telephone\":\"+34652131393\",\"foundingDate\":\"2012-06-10\",\"logo\":{\"@type\":\"ImageObject\",\"url\":\"https:\\\/\\\/candas365.es\\\/noticias\\\/wp-content\\\/uploads\\\/2024\\\/09\\\/Candas-365-Redes.jpg\",\"@id\":\"https:\\\/\\\/candas365.es\\\/noticias\\\/aumentan-en-espana-los-casos-de-ninos-que-sufren-tdah\\\/#organizationLogo\",\"width\":1152,\"height\":864,\"caption\":\"Cand\\u00e1s 365 Redes\"},\"image\":{\"@id\":\"https:\\\/\\\/candas365.es\\\/noticias\\\/aumentan-en-espana-los-casos-de-ninos-que-sufren-tdah\\\/#organizationLogo\"},\"sameAs\":[\"https:\\\/\\\/www.facebook.com\\\/Nachofdezber\",\"https:\\\/\\\/x.com\\\/NabercoDigital\",\"https:\\\/\\\/www.instagram.com\\\/nachofdezber\\\/\",\"https:\\\/\\\/www.youtube.com\\\/channel\\\/UCZP-2wLEB9Rv6erhFmqVnvg\"],\"address\":{\"@id\":\"https:\\\/\\\/candas365.es\\\/noticias\\\/#postaladdress\",\"@type\":\"PostalAddress\",\"streetAddress\":\"san antonio 4, san antonio 4\",\"postalCode\":\"33430\",\"addressLocality\":\"Cand\\u00e1s\",\"addressRegion\":\"Asturias\",\"addressCountry\":\"ES\"}},{\"@type\":\"Person\",\"@id\":\"https:\\\/\\\/candas365.es\\\/noticias\\\/author\\\/admin\\\/#author\",\"url\":\"https:\\\/\\\/candas365.es\\\/noticias\\\/author\\\/admin\\\/\",\"name\":\"Cand\\u00e1s 365\",\"image\":{\"@type\":\"ImageObject\",\"@id\":\"https:\\\/\\\/candas365.es\\\/noticias\\\/aumentan-en-espana-los-casos-de-ninos-que-sufren-tdah\\\/#authorImage\",\"url\":\"https:\\\/\\\/secure.gravatar.com\\\/avatar\\\/496a8e03d0c493ede1718b7934145dbdf8d89be1036b0eec9544e1094c9de390?s=96&d=mm&r=g\",\"width\":96,\"height\":96,\"caption\":\"Cand\\u00e1s 365\"},\"sameAs\":[\"https:\\\/\\\/www.facebook.com\\\/carrenoactualidad\",\"https:\\\/\\\/twitter.com\\\/nbasturias\",\"https:\\\/\\\/www.instagram.com\\\/nachofdezber\\\/\",\"https:\\\/\\\/www.youtube.com\\\/channel\\\/UCZP-2wLEB9Rv6erhFmqVnvg\"]},{\"@type\":\"WebPage\",\"@id\":\"https:\\\/\\\/candas365.es\\\/noticias\\\/aumentan-en-espana-los-casos-de-ninos-que-sufren-tdah\\\/#webpage\",\"url\":\"https:\\\/\\\/candas365.es\\\/noticias\\\/aumentan-en-espana-los-casos-de-ninos-que-sufren-tdah\\\/\",\"name\":\"Aumentan en Espa\\u00f1a los casos de ni\\u00f1os que sufren TDAH | Cand\\u00e1s 365\",\"description\":\"El n\\u00famero total de diagn\\u00f3sticos del trastorno por d\\u00e9ficit de atenci\\u00f3n e hiperactividad (TDAH) ha aumentado notablemente en los \\u00faltimos a\\u00f1os en Espa\\u00f1a. Seg\\u00fan la FEAADAH, alrededor de un 5 y un 7% de los ni\\u00f1os y adolescentes espa\\u00f1oles padecen este trastorno. Este dato supone un notable aumento en nuestro pa\\u00eds. , sobre todo en\",\"inLanguage\":\"es-ES\",\"isPartOf\":{\"@id\":\"https:\\\/\\\/candas365.es\\\/noticias\\\/#website\"},\"breadcrumb\":{\"@id\":\"https:\\\/\\\/candas365.es\\\/noticias\\\/aumentan-en-espana-los-casos-de-ninos-que-sufren-tdah\\\/#breadcrumblist\"},\"author\":{\"@id\":\"https:\\\/\\\/candas365.es\\\/noticias\\\/author\\\/admin\\\/#author\"},\"creator\":{\"@id\":\"https:\\\/\\\/candas365.es\\\/noticias\\\/author\\\/admin\\\/#author\"},\"image\":{\"@type\":\"ImageObject\",\"url\":\"https:\\\/\\\/candas365.es\\\/noticias\\\/wp-content\\\/uploads\\\/2017\\\/07\\\/1500532995_TDAH_en_ninos.jpg\",\"@id\":\"https:\\\/\\\/candas365.es\\\/noticias\\\/aumentan-en-espana-los-casos-de-ninos-que-sufren-tdah\\\/#mainImage\",\"width\":1600,\"height\":1067},\"primaryImageOfPage\":{\"@id\":\"https:\\\/\\\/candas365.es\\\/noticias\\\/aumentan-en-espana-los-casos-de-ninos-que-sufren-tdah\\\/#mainImage\"},\"datePublished\":\"2017-07-21T07:19:44+02:00\",\"dateModified\":\"2017-07-21T07:19:44+02:00\"},{\"@type\":\"WebSite\",\"@id\":\"https:\\\/\\\/candas365.es\\\/noticias\\\/#website\",\"url\":\"https:\\\/\\\/candas365.es\\\/noticias\\\/\",\"name\":\"Cand\\u00e1s 365\",\"alternateName\":\"Cand\\u00e1s 365 Noticias\",\"description\":\"Actualidad desde Carre\\u00f1o para el mundo\",\"inLanguage\":\"es-ES\",\"publisher\":{\"@id\":\"https:\\\/\\\/candas365.es\\\/noticias\\\/#organization\"}}]}\n\t\t<\/script>\n\t\t<!-- All in One SEO Pro -->\r\n\t\t<title>Aumentan en Espa\u00f1a los casos de ni\u00f1os que sufren TDAH | Cand\u00e1s 365<\/title>\n\n","aioseo_head_json":{"title":"Aumentan en Espa\u00f1a los casos de ni\u00f1os que sufren TDAH | Cand\u00e1s 365","description":"El n\u00famero total de diagn\u00f3sticos del trastorno por d\u00e9ficit de atenci\u00f3n e hiperactividad (TDAH) ha aumentado notablemente en los \u00faltimos a\u00f1os en Espa\u00f1a. Seg\u00fan la FEAADAH, alrededor de un 5 y un 7% de los ni\u00f1os y adolescentes espa\u00f1oles padecen este trastorno. Este dato supone un notable aumento en nuestro pa\u00eds. , sobre todo en","canonical_url":"https:\/\/candas365.es\/noticias\/aumentan-en-espana-los-casos-de-ninos-que-sufren-tdah\/","robots":"max-image-preview:large","keywords":"sociedad","webmasterTools":{"google-site-verification":"UA-32230408-1","msvalidate.01":"354F3CDFB2DA171B47FBE9ABF1F88D5","miscellaneous":""},"schema":{"@context":"https:\/\/schema.org","@graph":[{"@type":"BreadcrumbList","@id":"https:\/\/candas365.es\/noticias\/aumentan-en-espana-los-casos-de-ninos-que-sufren-tdah\/#breadcrumblist","itemListElement":[{"@type":"ListItem","@id":"https:\/\/candas365.es\/noticias#listItem","position":1,"name":"Home","item":"https:\/\/candas365.es\/noticias","nextItem":{"@type":"ListItem","@id":"https:\/\/candas365.es\/noticias\/category\/sociedad\/#listItem","name":"Sociedad"}},{"@type":"ListItem","@id":"https:\/\/candas365.es\/noticias\/category\/sociedad\/#listItem","position":2,"name":"Sociedad","item":"https:\/\/candas365.es\/noticias\/category\/sociedad\/","nextItem":{"@type":"ListItem","@id":"https:\/\/candas365.es\/noticias\/aumentan-en-espana-los-casos-de-ninos-que-sufren-tdah\/#listItem","name":"Aumentan en Espa\u00f1a los casos de ni\u00f1os que sufren TDAH"},"previousItem":{"@type":"ListItem","@id":"https:\/\/candas365.es\/noticias#listItem","name":"Home"}},{"@type":"ListItem","@id":"https:\/\/candas365.es\/noticias\/aumentan-en-espana-los-casos-de-ninos-que-sufren-tdah\/#listItem","position":3,"name":"Aumentan en Espa\u00f1a los casos de ni\u00f1os que sufren TDAH","previousItem":{"@type":"ListItem","@id":"https:\/\/candas365.es\/noticias\/category\/sociedad\/#listItem","name":"Sociedad"}}]},{"@type":"NewsArticle","@id":"https:\/\/candas365.es\/noticias\/aumentan-en-espana-los-casos-de-ninos-que-sufren-tdah\/#newsarticle","name":"Aumentan en Espa\u00f1a los casos de ni\u00f1os que sufren TDAH | Cand\u00e1s 365","headline":"Aumentan en Espa\u00f1a los casos de ni\u00f1os que sufren TDAH","author":{"@id":"https:\/\/candas365.es\/noticias\/author\/admin\/#author"},"publisher":{"@id":"https:\/\/candas365.es\/noticias\/#organization"},"image":{"@type":"ImageObject","url":"https:\/\/candas365.es\/noticias\/wp-content\/uploads\/2017\/07\/1500532995_TDAH_en_ninos.jpg","width":1600,"height":1067},"datePublished":"2017-07-21T07:19:44+02:00","dateModified":"2017-07-21T07:19:44+02:00","inLanguage":"es-ES","mainEntityOfPage":{"@id":"https:\/\/candas365.es\/noticias\/aumentan-en-espana-los-casos-de-ninos-que-sufren-tdah\/#webpage"},"isPartOf":{"@id":"https:\/\/candas365.es\/noticias\/aumentan-en-espana-los-casos-de-ninos-que-sufren-tdah\/#webpage"},"articleSection":"Sociedad","dateline":"Publicado el julio 21, 2017."},{"@type":"Organization","@id":"https:\/\/candas365.es\/noticias\/#organization","name":"Cand\u00e1s 365","description":"Cand\u00e1s 365 es un diario digital independiente, fundado en 2012, con base en Asturias. Informamos con rigor sobre actualidad, sociedad, cultura y ocio, con una mirada local y global.","url":"https:\/\/candas365.es\/noticias\/","email":"info@candas365.es","telephone":"+34652131393","foundingDate":"2012-06-10","logo":{"@type":"ImageObject","url":"https:\/\/candas365.es\/noticias\/wp-content\/uploads\/2024\/09\/Candas-365-Redes.jpg","@id":"https:\/\/candas365.es\/noticias\/aumentan-en-espana-los-casos-de-ninos-que-sufren-tdah\/#organizationLogo","width":1152,"height":864,"caption":"Cand\u00e1s 365 Redes"},"image":{"@id":"https:\/\/candas365.es\/noticias\/aumentan-en-espana-los-casos-de-ninos-que-sufren-tdah\/#organizationLogo"},"sameAs":["https:\/\/www.facebook.com\/Nachofdezber","https:\/\/x.com\/NabercoDigital","https:\/\/www.instagram.com\/nachofdezber\/","https:\/\/www.youtube.com\/channel\/UCZP-2wLEB9Rv6erhFmqVnvg"],"address":{"@id":"https:\/\/candas365.es\/noticias\/#postaladdress","@type":"PostalAddress","streetAddress":"san antonio 4, san antonio 4","postalCode":"33430","addressLocality":"Cand\u00e1s","addressRegion":"Asturias","addressCountry":"ES"}},{"@type":"Person","@id":"https:\/\/candas365.es\/noticias\/author\/admin\/#author","url":"https:\/\/candas365.es\/noticias\/author\/admin\/","name":"Cand\u00e1s 365","image":{"@type":"ImageObject","@id":"https:\/\/candas365.es\/noticias\/aumentan-en-espana-los-casos-de-ninos-que-sufren-tdah\/#authorImage","url":"https:\/\/secure.gravatar.com\/avatar\/496a8e03d0c493ede1718b7934145dbdf8d89be1036b0eec9544e1094c9de390?s=96&d=mm&r=g","width":96,"height":96,"caption":"Cand\u00e1s 365"},"sameAs":["https:\/\/www.facebook.com\/carrenoactualidad","https:\/\/twitter.com\/nbasturias","https:\/\/www.instagram.com\/nachofdezber\/","https:\/\/www.youtube.com\/channel\/UCZP-2wLEB9Rv6erhFmqVnvg"]},{"@type":"WebPage","@id":"https:\/\/candas365.es\/noticias\/aumentan-en-espana-los-casos-de-ninos-que-sufren-tdah\/#webpage","url":"https:\/\/candas365.es\/noticias\/aumentan-en-espana-los-casos-de-ninos-que-sufren-tdah\/","name":"Aumentan en Espa\u00f1a los casos de ni\u00f1os que sufren TDAH | Cand\u00e1s 365","description":"El n\u00famero total de diagn\u00f3sticos del trastorno por d\u00e9ficit de atenci\u00f3n e hiperactividad (TDAH) ha aumentado notablemente en los \u00faltimos a\u00f1os en Espa\u00f1a. Seg\u00fan la FEAADAH, alrededor de un 5 y un 7% de los ni\u00f1os y adolescentes espa\u00f1oles padecen este trastorno. Este dato supone un notable aumento en nuestro pa\u00eds. , sobre todo en","inLanguage":"es-ES","isPartOf":{"@id":"https:\/\/candas365.es\/noticias\/#website"},"breadcrumb":{"@id":"https:\/\/candas365.es\/noticias\/aumentan-en-espana-los-casos-de-ninos-que-sufren-tdah\/#breadcrumblist"},"author":{"@id":"https:\/\/candas365.es\/noticias\/author\/admin\/#author"},"creator":{"@id":"https:\/\/candas365.es\/noticias\/author\/admin\/#author"},"image":{"@type":"ImageObject","url":"https:\/\/candas365.es\/noticias\/wp-content\/uploads\/2017\/07\/1500532995_TDAH_en_ninos.jpg","@id":"https:\/\/candas365.es\/noticias\/aumentan-en-espana-los-casos-de-ninos-que-sufren-tdah\/#mainImage","width":1600,"height":1067},"primaryImageOfPage":{"@id":"https:\/\/candas365.es\/noticias\/aumentan-en-espana-los-casos-de-ninos-que-sufren-tdah\/#mainImage"},"datePublished":"2017-07-21T07:19:44+02:00","dateModified":"2017-07-21T07:19:44+02:00"},{"@type":"WebSite","@id":"https:\/\/candas365.es\/noticias\/#website","url":"https:\/\/candas365.es\/noticias\/","name":"Cand\u00e1s 365","alternateName":"Cand\u00e1s 365 Noticias","description":"Actualidad desde Carre\u00f1o para el mundo","inLanguage":"es-ES","publisher":{"@id":"https:\/\/candas365.es\/noticias\/#organization"}}]},"og:locale":"es_ES","og:site_name":"Cand\u00e1s 365","og:type":"article","og:title":"Aumentan en Espa\u00f1a los casos de ni\u00f1os que sufren TDAH | Cand\u00e1s 365","og:description":"El n\u00famero total de diagn\u00f3sticos del trastorno por d\u00e9ficit de atenci\u00f3n e hiperactividad (TDAH) ha aumentado notablemente en los \u00faltimos a\u00f1os en Espa\u00f1a. Seg\u00fan la FEAADAH, alrededor de un 5 y un 7% de los ni\u00f1os y adolescentes espa\u00f1oles padecen este trastorno. Este dato supone un notable aumento en nuestro pa\u00eds. , sobre todo en","og:url":"https:\/\/candas365.es\/noticias\/aumentan-en-espana-los-casos-de-ninos-que-sufren-tdah\/","og:image":"https:\/\/candas365.es\/noticias\/wp-content\/uploads\/2017\/07\/1500532995_TDAH_en_ninos.jpg","og:image:secure_url":"https:\/\/candas365.es\/noticias\/wp-content\/uploads\/2017\/07\/1500532995_TDAH_en_ninos.jpg","og:image:width":1600,"og:image:height":1067,"article:published_time":"2017-07-21T07:19:44+00:00","article:modified_time":"2017-07-21T07:19:44+00:00","article:publisher":"https:\/\/www.facebook.com\/Nachofdezber","article:author":"https:\/\/www.facebook.com\/carrenoactualidad","twitter:card":"summary_large_image","twitter:site":"@NabercoDigital","twitter:title":"Aumentan en Espa\u00f1a los casos de ni\u00f1os que sufren TDAH | Cand\u00e1s 365","twitter:description":"El n\u00famero total de diagn\u00f3sticos del trastorno por d\u00e9ficit de atenci\u00f3n e hiperactividad (TDAH) ha aumentado notablemente en los \u00faltimos a\u00f1os en Espa\u00f1a. Seg\u00fan la FEAADAH, alrededor de un 5 y un 7% de los ni\u00f1os y adolescentes espa\u00f1oles padecen este trastorno. Este dato supone un notable aumento en nuestro pa\u00eds. , sobre todo en","twitter:creator":"@nbasturias","twitter:image":"https:\/\/candas365.es\/noticias\/wp-content\/uploads\/2017\/07\/1500532995_TDAH_en_ninos.jpg","twitter:label1":"Escrito por","twitter:data1":"Cand\u00e1s 365","twitter:label2":"Tiempo de lectura estimado","twitter:data2":"2 minutos"},"aioseo_meta_data":{"post_id":"76121","title":null,"description":null,"keywords":null,"keyphrases":null,"primary_term":null,"canonical_url":null,"og_title":null,"og_description":null,"og_object_type":"default","og_image_type":"default","og_image_url":null,"og_image_width":null,"og_image_height":null,"og_image_custom_url":null,"og_image_custom_fields":null,"og_video":null,"og_custom_url":null,"og_article_section":null,"og_article_tags":null,"twitter_use_og":false,"twitter_card":"default","twitter_image_type":"default","twitter_image_url":null,"twitter_image_custom_url":null,"twitter_image_custom_fields":null,"twitter_title":null,"twitter_description":null,"schema":{"blockGraphs":[],"customGraphs":[],"default":{"data":{"Article":[],"Course":[],"Dataset":[],"FAQPage":[],"Movie":[],"Person":[],"Product":[],"ProductReview":[],"Car":[],"Recipe":[],"Service":[],"SoftwareApplication":[],"WebPage":[]},"graphName":"","isEnabled":true},"graphs":[],"defaultGraph":"","defaultPostTypeGraph":""},"schema_type":null,"schema_type_options":null,"pillar_content":false,"robots_default":true,"robots_noindex":false,"robots_noarchive":false,"robots_nosnippet":false,"robots_nofollow":false,"robots_noimageindex":false,"robots_noodp":false,"robots_notranslate":false,"robots_max_snippet":null,"robots_max_videopreview":null,"robots_max_imagepreview":"large","priority":null,"frequency":null,"location":null,"local_seo":null,"seo_analyzer_scan_date":"2025-08-25 18:55:25","breadcrumb_settings":null,"limit_modified_date":false,"reviewed_by":null,"open_ai":null,"ai":null,"created":"2020-12-21 12:56:16","updated":"2025-08-25 18:55:25"},"aioseo_breadcrumb":"<div class=\"aioseo-breadcrumbs\"><span class=\"aioseo-breadcrumb\">\n\t<a href=\"https:\/\/candas365.es\/noticias\" title=\"Home\">Home<\/a>\n<\/span><span class=\"aioseo-breadcrumb-separator\">&ndash;<\/span><span class=\"aioseo-breadcrumb\">\n\t<a href=\"https:\/\/candas365.es\/noticias\/category\/sociedad\/\" title=\"Sociedad\">Sociedad<\/a>\n<\/span><span class=\"aioseo-breadcrumb-separator\">&ndash;<\/span><span class=\"aioseo-breadcrumb\">\n\tAumentan en Espa\u00f1a los casos de ni\u00f1os que sufren TDAH\n<\/span><\/div>","aioseo_breadcrumb_json":[{"label":"Home","link":"https:\/\/candas365.es\/noticias"},{"label":"Sociedad","link":"https:\/\/candas365.es\/noticias\/category\/sociedad\/"},{"label":"Aumentan en Espa\u00f1a los casos de ni\u00f1os que sufren TDAH","link":"https:\/\/candas365.es\/noticias\/aumentan-en-espana-los-casos-de-ninos-que-sufren-tdah\/"}],"_links":{"self":[{"href":"https:\/\/candas365.es\/noticias\/wp-json\/wp\/v2\/posts\/76121","targetHints":{"allow":["GET"]}}],"collection":[{"href":"https:\/\/candas365.es\/noticias\/wp-json\/wp\/v2\/posts"}],"about":[{"href":"https:\/\/candas365.es\/noticias\/wp-json\/wp\/v2\/types\/post"}],"author":[{"embeddable":true,"href":"https:\/\/candas365.es\/noticias\/wp-json\/wp\/v2\/users\/1"}],"replies":[{"embeddable":true,"href":"https:\/\/candas365.es\/noticias\/wp-json\/wp\/v2\/comments?post=76121"}],"version-history":[{"count":0,"href":"https:\/\/candas365.es\/noticias\/wp-json\/wp\/v2\/posts\/76121\/revisions"}],"wp:featuredmedia":[{"embeddable":true,"href":"https:\/\/candas365.es\/noticias\/wp-json\/wp\/v2\/media\/76122"}],"wp:attachment":[{"href":"https:\/\/candas365.es\/noticias\/wp-json\/wp\/v2\/media?parent=76121"}],"wp:term":[{"taxonomy":"category","embeddable":true,"href":"https:\/\/candas365.es\/noticias\/wp-json\/wp\/v2\/categories?post=76121"},{"taxonomy":"post_tag","embeddable":true,"href":"https:\/\/candas365.es\/noticias\/wp-json\/wp\/v2\/tags?post=76121"}],"curies":[{"name":"wp","href":"https:\/\/api.w.org\/{rel}","templated":true}]}}