{"id":76118,"date":"2017-07-21T07:14:48","date_gmt":"2017-07-21T07:14:48","guid":{"rendered":"http:\/\/candas365.es\/noticias\/?p=76118"},"modified":"2017-07-21T07:14:48","modified_gmt":"2017-07-21T07:14:48","slug":"coinsol-dental-responde-que-dieta-llevar-cuando-se-tienen-brackets","status":"publish","type":"post","link":"https:\/\/candas365.es\/noticias\/coinsol-dental-responde-que-dieta-llevar-cuando-se-tienen-brackets\/","title":{"rendered":"Coinsol Dental responde: \u00bfqu\u00e9 dieta llevar cuando se tienen brackets?"},"content":{"rendered":"<p><img fetchpriority=\"high\" decoding=\"async\" class=\"alignleft size-medium wp-image-76119\" src=\"https:\/\/candas365.es\/noticias\/wp-content\/uploads\/2017\/07\/1500532415_2017_M07-360x176.png\" alt=\"\" width=\"360\" height=\"176\" srcset=\"https:\/\/candas365.es\/noticias\/wp-content\/uploads\/2017\/07\/1500532415_2017_M07-360x176.png 360w, https:\/\/candas365.es\/noticias\/wp-content\/uploads\/2017\/07\/1500532415_2017_M07-768x375.png 768w, https:\/\/candas365.es\/noticias\/wp-content\/uploads\/2017\/07\/1500532415_2017_M07-655x320.png 655w, https:\/\/candas365.es\/noticias\/wp-content\/uploads\/2017\/07\/1500532415_2017_M07-533x261.png 533w, https:\/\/candas365.es\/noticias\/wp-content\/uploads\/2017\/07\/1500532415_2017_M07-696x340.png 696w, https:\/\/candas365.es\/noticias\/wp-content\/uploads\/2017\/07\/1500532415_2017_M07.png 823w\" sizes=\"(max-width: 360px) 100vw, 360px\" \/>Cuando colocamos ortodoncia con brackets a nuestros pacientes, siempre les damos unas pautas de alimentaci\u00f3n\u00bb. Seg\u00fan explican, es conveniente adaptar la dieta en determinados momentos en los que la ortodoncia puede ser molesta, ya sea por aftas o por dolores en los dientes. Sin embargo, mantienen que este proceso solo suele durar las primeras semanas de tratamiento.<\/p>\n<p>Dicho cambio en la dieta se enfoca principalmente en la textura de los alimentos as\u00ed como en ciertas restricciones, requiriendo de una nueva rutina en la forma de cocinar y comer.<\/p>\n<p><strong>Alimentos adecuados. Primeras semanas<\/strong><\/p>\n<p>Dieta de f\u00e1cil masticaci\u00f3n, con texturas y consistencias suaves que se deshagan en la boca. Alimentos tiernos y triturados que faciliten la masticaci\u00f3n, para aquellos momentos en los que aparecen llagas. Lista de opciones:<\/p>\n<ul>\n<li>Cremas<\/li>\n<li>Verduras asadas<\/li>\n<li>Sopas<\/li>\n<li>Gazpacho<\/li>\n<li>Pescado blando<\/li>\n<li>Carnes no fibrosas como el pollo<\/li>\n<li>Ensaladas (si hay aftas no se recomienda usar vinagre)<\/li>\n<li>Arroz<\/li>\n<li>Fruta<\/li>\n<li>Batidos<\/li>\n<\/ul>\n<p><strong>Alimentos a evitar<\/strong><\/p>\n<ul>\n<li>Carnes fibrosas<\/li>\n<li>Mariscos con caparaz\u00f3n<\/li>\n<li>Alimentos crujientes como los picos o los quicos<\/li>\n<li>Alimentos pegajosos como las gominolas o los chicles<\/li>\n<\/ul>\n<p><strong>Recomendaciones alimentarias para curar las llagas<\/strong><\/p>\n<ul>\n<li>Alimentos con vitamina A, ya que esta vitamina ayuda a la regeneraci\u00f3n de la mucosa y acelera la cicatrizaci\u00f3n<\/li>\n<li>Leche y derivados<\/li>\n<li>Vegetales de color naranja no c\u00edtricos (calabaza, melocot\u00f3n, mango&#8230;)<\/li>\n<\/ul>\n<p>Adem\u00e1s, para aliviar el dolor conviene usar Perio Aid gel o Perio Kin, ambos disponibles en farmacia.<\/p>\n<p><strong>Higiene bucal tras las comidas<\/strong><\/p>\n<p>Al llevar brackets se es m\u00e1s propenso a tener mayor c\u00famulo de residuos entre los dientes o los propios aparatos, por lo que es muy importante llevar una correcta higiene bucal despu\u00e9s de cada comida. Imprescindibles los cepillos interdentales.<\/p>\n<p>En <a href=\"http:\/\/www.clinicadentalcoinsol.com\/\" target=\"_blank\" rel=\"nofollow noopener\"><span style=\"color: #ff0000;\">Coinsol Dental<\/span><\/a> cuentan con grandes especialistas en la t\u00e9cnica de ortodoncia con brackets, adem\u00e1s de en otras m\u00e1s novedosas. Los Dres. Enrique Solano, Beatriz Solano y Patricia G\u00f3mez estudiar\u00e1n cada caso y fabricar\u00e1n un tratamiento a su medida.<\/p>\n<p><em>Si se desea, se puede solicitar una cita llamando al (95) 4273717 o rellenando su <span style=\"color: #ff0000;\"><a href=\"http:\/\/www.clinicadentalcoinsol.com\/contacto\/\" target=\"_blank\" rel=\"nofollow noopener\"><span style=\"color: #ff0000;\">formulario<\/span> <span style=\"color: #ff0000;\">de contacto<\/span><\/a><\/span>.<\/em><\/p>\n","protected":false},"excerpt":{"rendered":"<p>Cuando colocamos ortodoncia con brackets a nuestros pacientes, siempre les damos unas pautas de alimentaci\u00f3n\u00bb. Seg\u00fan explican, es conveniente adaptar la dieta en determinados momentos en los que la ortodoncia puede ser molesta, ya sea por aftas o por dolores en los dientes. Sin embargo, mantienen que este proceso solo suele durar las primeras semanas<\/p>\n","protected":false},"author":1,"featured_media":76119,"comment_status":"closed","ping_status":"closed","sticky":false,"template":"","format":"standard","meta":{"footnotes":""},"categories":[143],"tags":[],"class_list":{"0":"post-76118","1":"post","2":"type-post","3":"status-publish","4":"format-standard","5":"has-post-thumbnail","7":"category-sociedad"},"aioseo_notices":[],"aioseo_head":"\n\t\t<!-- All in One SEO Pro 4.9.6.2 - aioseo.com -->\n\t<meta name=\"description\" content=\"Cuando colocamos ortodoncia con brackets a nuestros pacientes, siempre les damos unas pautas de alimentaci\u00f3n&quot;. Seg\u00fan explican, es conveniente adaptar la dieta en determinados momentos en los que la ortodoncia puede ser molesta, ya sea por aftas o por dolores en los dientes. Sin embargo, mantienen que este proceso solo suele durar las primeras semanas\" \/>\n\t<meta name=\"robots\" content=\"max-image-preview:large\" \/>\n\t<meta name=\"author\" content=\"Cand\u00e1s 365\"\/>\n\t<meta name=\"google-site-verification\" content=\"UA-32230408-1\" \/>\n\t<meta name=\"msvalidate.01\" content=\"354F3CDFB2DA171B47FBE9ABF1F88D5\" \/>\n\t<meta name=\"keywords\" content=\"sociedad\" \/>\n\t<link rel=\"canonical\" href=\"https:\/\/candas365.es\/noticias\/coinsol-dental-responde-que-dieta-llevar-cuando-se-tienen-brackets\/\" \/>\n\t<meta name=\"generator\" content=\"All in One SEO Pro (AIOSEO) 4.9.6.2\" \/>\n\t\t<meta property=\"og:locale\" content=\"es_ES\" \/>\n\t\t<meta property=\"og:site_name\" content=\"Cand\u00e1s 365\" \/>\n\t\t<meta property=\"og:type\" content=\"article\" \/>\n\t\t<meta property=\"og:title\" content=\"Coinsol Dental responde: \u00bfqu\u00e9 dieta llevar cuando se tienen brackets? | Cand\u00e1s 365\" \/>\n\t\t<meta property=\"og:description\" content=\"Cuando colocamos ortodoncia con brackets a nuestros pacientes, siempre les damos unas pautas de alimentaci\u00f3n&quot;. Seg\u00fan explican, es conveniente adaptar la dieta en determinados momentos en los que la ortodoncia puede ser molesta, ya sea por aftas o por dolores en los dientes. Sin embargo, mantienen que este proceso solo suele durar las primeras semanas\" \/>\n\t\t<meta property=\"og:url\" content=\"https:\/\/candas365.es\/noticias\/coinsol-dental-responde-que-dieta-llevar-cuando-se-tienen-brackets\/\" \/>\n\t\t<meta property=\"og:image\" content=\"https:\/\/candas365.es\/noticias\/wp-content\/uploads\/2017\/07\/1500532415_2017_M07.png\" \/>\n\t\t<meta property=\"og:image:secure_url\" content=\"https:\/\/candas365.es\/noticias\/wp-content\/uploads\/2017\/07\/1500532415_2017_M07.png\" \/>\n\t\t<meta property=\"og:image:width\" content=\"823\" \/>\n\t\t<meta property=\"og:image:height\" content=\"402\" \/>\n\t\t<meta property=\"article:published_time\" content=\"2017-07-21T07:14:48+00:00\" \/>\n\t\t<meta property=\"article:modified_time\" content=\"2017-07-21T07:14:48+00:00\" \/>\n\t\t<meta property=\"article:publisher\" content=\"https:\/\/www.facebook.com\/Nachofdezber\" \/>\n\t\t<meta property=\"article:author\" content=\"https:\/\/www.facebook.com\/carrenoactualidad\" \/>\n\t\t<meta name=\"twitter:card\" content=\"summary_large_image\" \/>\n\t\t<meta name=\"twitter:site\" content=\"@NabercoDigital\" \/>\n\t\t<meta name=\"twitter:title\" content=\"Coinsol Dental responde: \u00bfqu\u00e9 dieta llevar cuando se tienen brackets? | Cand\u00e1s 365\" \/>\n\t\t<meta name=\"twitter:description\" content=\"Cuando colocamos ortodoncia con brackets a nuestros pacientes, siempre les damos unas pautas de alimentaci\u00f3n&quot;. Seg\u00fan explican, es conveniente adaptar la dieta en determinados momentos en los que la ortodoncia puede ser molesta, ya sea por aftas o por dolores en los dientes. Sin embargo, mantienen que este proceso solo suele durar las primeras semanas\" \/>\n\t\t<meta name=\"twitter:creator\" content=\"@nbasturias\" \/>\n\t\t<meta name=\"twitter:image\" content=\"https:\/\/candas365.es\/noticias\/wp-content\/uploads\/2017\/07\/1500532415_2017_M07.png\" \/>\n\t\t<meta name=\"twitter:label1\" content=\"Escrito por\" \/>\n\t\t<meta name=\"twitter:data1\" content=\"Cand\u00e1s 365\" \/>\n\t\t<meta name=\"twitter:label2\" content=\"Tiempo de lectura estimado\" \/>\n\t\t<meta name=\"twitter:data2\" content=\"2 minutos\" \/>\n\t\t<script type=\"application\/ld+json\" class=\"aioseo-schema\">\n\t\t\t{\"@context\":\"https:\\\/\\\/schema.org\",\"@graph\":[{\"@type\":\"BreadcrumbList\",\"@id\":\"https:\\\/\\\/candas365.es\\\/noticias\\\/coinsol-dental-responde-que-dieta-llevar-cuando-se-tienen-brackets\\\/#breadcrumblist\",\"itemListElement\":[{\"@type\":\"ListItem\",\"@id\":\"https:\\\/\\\/candas365.es\\\/noticias#listItem\",\"position\":1,\"name\":\"Home\",\"item\":\"https:\\\/\\\/candas365.es\\\/noticias\",\"nextItem\":{\"@type\":\"ListItem\",\"@id\":\"https:\\\/\\\/candas365.es\\\/noticias\\\/category\\\/sociedad\\\/#listItem\",\"name\":\"Sociedad\"}},{\"@type\":\"ListItem\",\"@id\":\"https:\\\/\\\/candas365.es\\\/noticias\\\/category\\\/sociedad\\\/#listItem\",\"position\":2,\"name\":\"Sociedad\",\"item\":\"https:\\\/\\\/candas365.es\\\/noticias\\\/category\\\/sociedad\\\/\",\"nextItem\":{\"@type\":\"ListItem\",\"@id\":\"https:\\\/\\\/candas365.es\\\/noticias\\\/coinsol-dental-responde-que-dieta-llevar-cuando-se-tienen-brackets\\\/#listItem\",\"name\":\"Coinsol Dental responde: \\u00bfqu\\u00e9 dieta llevar cuando se tienen brackets?\"},\"previousItem\":{\"@type\":\"ListItem\",\"@id\":\"https:\\\/\\\/candas365.es\\\/noticias#listItem\",\"name\":\"Home\"}},{\"@type\":\"ListItem\",\"@id\":\"https:\\\/\\\/candas365.es\\\/noticias\\\/coinsol-dental-responde-que-dieta-llevar-cuando-se-tienen-brackets\\\/#listItem\",\"position\":3,\"name\":\"Coinsol Dental responde: \\u00bfqu\\u00e9 dieta llevar cuando se tienen brackets?\",\"previousItem\":{\"@type\":\"ListItem\",\"@id\":\"https:\\\/\\\/candas365.es\\\/noticias\\\/category\\\/sociedad\\\/#listItem\",\"name\":\"Sociedad\"}}]},{\"@type\":\"NewsArticle\",\"@id\":\"https:\\\/\\\/candas365.es\\\/noticias\\\/coinsol-dental-responde-que-dieta-llevar-cuando-se-tienen-brackets\\\/#newsarticle\",\"name\":\"Coinsol Dental responde: \\u00bfqu\\u00e9 dieta llevar cuando se tienen brackets? | Cand\\u00e1s 365\",\"headline\":\"Coinsol Dental responde: \\u00bfqu\\u00e9 dieta llevar cuando se tienen brackets?\",\"author\":{\"@id\":\"https:\\\/\\\/candas365.es\\\/noticias\\\/author\\\/admin\\\/#author\"},\"publisher\":{\"@id\":\"https:\\\/\\\/candas365.es\\\/noticias\\\/#organization\"},\"image\":{\"@type\":\"ImageObject\",\"url\":\"https:\\\/\\\/candas365.es\\\/noticias\\\/wp-content\\\/uploads\\\/2017\\\/07\\\/1500532415_2017_M07.png\",\"width\":823,\"height\":402},\"datePublished\":\"2017-07-21T07:14:48+02:00\",\"dateModified\":\"2017-07-21T07:14:48+02:00\",\"inLanguage\":\"es-ES\",\"mainEntityOfPage\":{\"@id\":\"https:\\\/\\\/candas365.es\\\/noticias\\\/coinsol-dental-responde-que-dieta-llevar-cuando-se-tienen-brackets\\\/#webpage\"},\"isPartOf\":{\"@id\":\"https:\\\/\\\/candas365.es\\\/noticias\\\/coinsol-dental-responde-que-dieta-llevar-cuando-se-tienen-brackets\\\/#webpage\"},\"articleSection\":\"Sociedad\",\"dateline\":\"Publicado el julio 21, 2017.\"},{\"@type\":\"Organization\",\"@id\":\"https:\\\/\\\/candas365.es\\\/noticias\\\/#organization\",\"name\":\"Cand\\u00e1s 365\",\"description\":\"Cand\\u00e1s 365 es un diario digital independiente, fundado en 2012, con base en Asturias. Informamos con rigor sobre actualidad, sociedad, cultura y ocio, con una mirada local y global.\",\"url\":\"https:\\\/\\\/candas365.es\\\/noticias\\\/\",\"email\":\"info@candas365.es\",\"telephone\":\"+34652131393\",\"foundingDate\":\"2012-06-10\",\"logo\":{\"@type\":\"ImageObject\",\"url\":\"https:\\\/\\\/candas365.es\\\/noticias\\\/wp-content\\\/uploads\\\/2024\\\/09\\\/Candas-365-Redes.jpg\",\"@id\":\"https:\\\/\\\/candas365.es\\\/noticias\\\/coinsol-dental-responde-que-dieta-llevar-cuando-se-tienen-brackets\\\/#organizationLogo\",\"width\":1152,\"height\":864,\"caption\":\"Cand\\u00e1s 365 Redes\"},\"image\":{\"@id\":\"https:\\\/\\\/candas365.es\\\/noticias\\\/coinsol-dental-responde-que-dieta-llevar-cuando-se-tienen-brackets\\\/#organizationLogo\"},\"sameAs\":[\"https:\\\/\\\/www.facebook.com\\\/Nachofdezber\",\"https:\\\/\\\/x.com\\\/NabercoDigital\",\"https:\\\/\\\/www.instagram.com\\\/nachofdezber\\\/\",\"https:\\\/\\\/www.youtube.com\\\/channel\\\/UCZP-2wLEB9Rv6erhFmqVnvg\"],\"address\":{\"@id\":\"https:\\\/\\\/candas365.es\\\/noticias\\\/#postaladdress\",\"@type\":\"PostalAddress\",\"streetAddress\":\"san antonio 4, san antonio 4\",\"postalCode\":\"33430\",\"addressLocality\":\"Cand\\u00e1s\",\"addressRegion\":\"Asturias\",\"addressCountry\":\"ES\"}},{\"@type\":\"Person\",\"@id\":\"https:\\\/\\\/candas365.es\\\/noticias\\\/author\\\/admin\\\/#author\",\"url\":\"https:\\\/\\\/candas365.es\\\/noticias\\\/author\\\/admin\\\/\",\"name\":\"Cand\\u00e1s 365\",\"image\":{\"@type\":\"ImageObject\",\"@id\":\"https:\\\/\\\/candas365.es\\\/noticias\\\/coinsol-dental-responde-que-dieta-llevar-cuando-se-tienen-brackets\\\/#authorImage\",\"url\":\"https:\\\/\\\/secure.gravatar.com\\\/avatar\\\/496a8e03d0c493ede1718b7934145dbdf8d89be1036b0eec9544e1094c9de390?s=96&d=mm&r=g\",\"width\":96,\"height\":96,\"caption\":\"Cand\\u00e1s 365\"},\"sameAs\":[\"https:\\\/\\\/www.facebook.com\\\/carrenoactualidad\",\"https:\\\/\\\/twitter.com\\\/nbasturias\",\"https:\\\/\\\/www.instagram.com\\\/nachofdezber\\\/\",\"https:\\\/\\\/www.youtube.com\\\/channel\\\/UCZP-2wLEB9Rv6erhFmqVnvg\"]},{\"@type\":\"WebPage\",\"@id\":\"https:\\\/\\\/candas365.es\\\/noticias\\\/coinsol-dental-responde-que-dieta-llevar-cuando-se-tienen-brackets\\\/#webpage\",\"url\":\"https:\\\/\\\/candas365.es\\\/noticias\\\/coinsol-dental-responde-que-dieta-llevar-cuando-se-tienen-brackets\\\/\",\"name\":\"Coinsol Dental responde: \\u00bfqu\\u00e9 dieta llevar cuando se tienen brackets? | Cand\\u00e1s 365\",\"description\":\"Cuando colocamos ortodoncia con brackets a nuestros pacientes, siempre les damos unas pautas de alimentaci\\u00f3n\\\". Seg\\u00fan explican, es conveniente adaptar la dieta en determinados momentos en los que la ortodoncia puede ser molesta, ya sea por aftas o por dolores en los dientes. Sin embargo, mantienen que este proceso solo suele durar las primeras semanas\",\"inLanguage\":\"es-ES\",\"isPartOf\":{\"@id\":\"https:\\\/\\\/candas365.es\\\/noticias\\\/#website\"},\"breadcrumb\":{\"@id\":\"https:\\\/\\\/candas365.es\\\/noticias\\\/coinsol-dental-responde-que-dieta-llevar-cuando-se-tienen-brackets\\\/#breadcrumblist\"},\"author\":{\"@id\":\"https:\\\/\\\/candas365.es\\\/noticias\\\/author\\\/admin\\\/#author\"},\"creator\":{\"@id\":\"https:\\\/\\\/candas365.es\\\/noticias\\\/author\\\/admin\\\/#author\"},\"image\":{\"@type\":\"ImageObject\",\"url\":\"https:\\\/\\\/candas365.es\\\/noticias\\\/wp-content\\\/uploads\\\/2017\\\/07\\\/1500532415_2017_M07.png\",\"@id\":\"https:\\\/\\\/candas365.es\\\/noticias\\\/coinsol-dental-responde-que-dieta-llevar-cuando-se-tienen-brackets\\\/#mainImage\",\"width\":823,\"height\":402},\"primaryImageOfPage\":{\"@id\":\"https:\\\/\\\/candas365.es\\\/noticias\\\/coinsol-dental-responde-que-dieta-llevar-cuando-se-tienen-brackets\\\/#mainImage\"},\"datePublished\":\"2017-07-21T07:14:48+02:00\",\"dateModified\":\"2017-07-21T07:14:48+02:00\"},{\"@type\":\"WebSite\",\"@id\":\"https:\\\/\\\/candas365.es\\\/noticias\\\/#website\",\"url\":\"https:\\\/\\\/candas365.es\\\/noticias\\\/\",\"name\":\"Cand\\u00e1s 365\",\"alternateName\":\"Cand\\u00e1s 365 Noticias\",\"description\":\"Actualidad desde Carre\\u00f1o para el mundo\",\"inLanguage\":\"es-ES\",\"publisher\":{\"@id\":\"https:\\\/\\\/candas365.es\\\/noticias\\\/#organization\"}}]}\n\t\t<\/script>\n\t\t<!-- All in One SEO Pro -->\r\n\t\t<title>Coinsol Dental responde: \u00bfqu\u00e9 dieta llevar cuando se tienen brackets? | Cand\u00e1s 365<\/title>\n\n","aioseo_head_json":{"title":"Coinsol Dental responde: \u00bfqu\u00e9 dieta llevar cuando se tienen brackets? | Cand\u00e1s 365","description":"Cuando colocamos ortodoncia con brackets a nuestros pacientes, siempre les damos unas pautas de alimentaci\u00f3n\". Seg\u00fan explican, es conveniente adaptar la dieta en determinados momentos en los que la ortodoncia puede ser molesta, ya sea por aftas o por dolores en los dientes. Sin embargo, mantienen que este proceso solo suele durar las primeras semanas","canonical_url":"https:\/\/candas365.es\/noticias\/coinsol-dental-responde-que-dieta-llevar-cuando-se-tienen-brackets\/","robots":"max-image-preview:large","keywords":"sociedad","webmasterTools":{"google-site-verification":"UA-32230408-1","msvalidate.01":"354F3CDFB2DA171B47FBE9ABF1F88D5","miscellaneous":""},"schema":{"@context":"https:\/\/schema.org","@graph":[{"@type":"BreadcrumbList","@id":"https:\/\/candas365.es\/noticias\/coinsol-dental-responde-que-dieta-llevar-cuando-se-tienen-brackets\/#breadcrumblist","itemListElement":[{"@type":"ListItem","@id":"https:\/\/candas365.es\/noticias#listItem","position":1,"name":"Home","item":"https:\/\/candas365.es\/noticias","nextItem":{"@type":"ListItem","@id":"https:\/\/candas365.es\/noticias\/category\/sociedad\/#listItem","name":"Sociedad"}},{"@type":"ListItem","@id":"https:\/\/candas365.es\/noticias\/category\/sociedad\/#listItem","position":2,"name":"Sociedad","item":"https:\/\/candas365.es\/noticias\/category\/sociedad\/","nextItem":{"@type":"ListItem","@id":"https:\/\/candas365.es\/noticias\/coinsol-dental-responde-que-dieta-llevar-cuando-se-tienen-brackets\/#listItem","name":"Coinsol Dental responde: \u00bfqu\u00e9 dieta llevar cuando se tienen brackets?"},"previousItem":{"@type":"ListItem","@id":"https:\/\/candas365.es\/noticias#listItem","name":"Home"}},{"@type":"ListItem","@id":"https:\/\/candas365.es\/noticias\/coinsol-dental-responde-que-dieta-llevar-cuando-se-tienen-brackets\/#listItem","position":3,"name":"Coinsol Dental responde: \u00bfqu\u00e9 dieta llevar cuando se tienen brackets?","previousItem":{"@type":"ListItem","@id":"https:\/\/candas365.es\/noticias\/category\/sociedad\/#listItem","name":"Sociedad"}}]},{"@type":"NewsArticle","@id":"https:\/\/candas365.es\/noticias\/coinsol-dental-responde-que-dieta-llevar-cuando-se-tienen-brackets\/#newsarticle","name":"Coinsol Dental responde: \u00bfqu\u00e9 dieta llevar cuando se tienen brackets? | Cand\u00e1s 365","headline":"Coinsol Dental responde: \u00bfqu\u00e9 dieta llevar cuando se tienen brackets?","author":{"@id":"https:\/\/candas365.es\/noticias\/author\/admin\/#author"},"publisher":{"@id":"https:\/\/candas365.es\/noticias\/#organization"},"image":{"@type":"ImageObject","url":"https:\/\/candas365.es\/noticias\/wp-content\/uploads\/2017\/07\/1500532415_2017_M07.png","width":823,"height":402},"datePublished":"2017-07-21T07:14:48+02:00","dateModified":"2017-07-21T07:14:48+02:00","inLanguage":"es-ES","mainEntityOfPage":{"@id":"https:\/\/candas365.es\/noticias\/coinsol-dental-responde-que-dieta-llevar-cuando-se-tienen-brackets\/#webpage"},"isPartOf":{"@id":"https:\/\/candas365.es\/noticias\/coinsol-dental-responde-que-dieta-llevar-cuando-se-tienen-brackets\/#webpage"},"articleSection":"Sociedad","dateline":"Publicado el julio 21, 2017."},{"@type":"Organization","@id":"https:\/\/candas365.es\/noticias\/#organization","name":"Cand\u00e1s 365","description":"Cand\u00e1s 365 es un diario digital independiente, fundado en 2012, con base en Asturias. Informamos con rigor sobre actualidad, sociedad, cultura y ocio, con una mirada local y global.","url":"https:\/\/candas365.es\/noticias\/","email":"info@candas365.es","telephone":"+34652131393","foundingDate":"2012-06-10","logo":{"@type":"ImageObject","url":"https:\/\/candas365.es\/noticias\/wp-content\/uploads\/2024\/09\/Candas-365-Redes.jpg","@id":"https:\/\/candas365.es\/noticias\/coinsol-dental-responde-que-dieta-llevar-cuando-se-tienen-brackets\/#organizationLogo","width":1152,"height":864,"caption":"Cand\u00e1s 365 Redes"},"image":{"@id":"https:\/\/candas365.es\/noticias\/coinsol-dental-responde-que-dieta-llevar-cuando-se-tienen-brackets\/#organizationLogo"},"sameAs":["https:\/\/www.facebook.com\/Nachofdezber","https:\/\/x.com\/NabercoDigital","https:\/\/www.instagram.com\/nachofdezber\/","https:\/\/www.youtube.com\/channel\/UCZP-2wLEB9Rv6erhFmqVnvg"],"address":{"@id":"https:\/\/candas365.es\/noticias\/#postaladdress","@type":"PostalAddress","streetAddress":"san antonio 4, san antonio 4","postalCode":"33430","addressLocality":"Cand\u00e1s","addressRegion":"Asturias","addressCountry":"ES"}},{"@type":"Person","@id":"https:\/\/candas365.es\/noticias\/author\/admin\/#author","url":"https:\/\/candas365.es\/noticias\/author\/admin\/","name":"Cand\u00e1s 365","image":{"@type":"ImageObject","@id":"https:\/\/candas365.es\/noticias\/coinsol-dental-responde-que-dieta-llevar-cuando-se-tienen-brackets\/#authorImage","url":"https:\/\/secure.gravatar.com\/avatar\/496a8e03d0c493ede1718b7934145dbdf8d89be1036b0eec9544e1094c9de390?s=96&d=mm&r=g","width":96,"height":96,"caption":"Cand\u00e1s 365"},"sameAs":["https:\/\/www.facebook.com\/carrenoactualidad","https:\/\/twitter.com\/nbasturias","https:\/\/www.instagram.com\/nachofdezber\/","https:\/\/www.youtube.com\/channel\/UCZP-2wLEB9Rv6erhFmqVnvg"]},{"@type":"WebPage","@id":"https:\/\/candas365.es\/noticias\/coinsol-dental-responde-que-dieta-llevar-cuando-se-tienen-brackets\/#webpage","url":"https:\/\/candas365.es\/noticias\/coinsol-dental-responde-que-dieta-llevar-cuando-se-tienen-brackets\/","name":"Coinsol Dental responde: \u00bfqu\u00e9 dieta llevar cuando se tienen brackets? | Cand\u00e1s 365","description":"Cuando colocamos ortodoncia con brackets a nuestros pacientes, siempre les damos unas pautas de alimentaci\u00f3n\". Seg\u00fan explican, es conveniente adaptar la dieta en determinados momentos en los que la ortodoncia puede ser molesta, ya sea por aftas o por dolores en los dientes. Sin embargo, mantienen que este proceso solo suele durar las primeras semanas","inLanguage":"es-ES","isPartOf":{"@id":"https:\/\/candas365.es\/noticias\/#website"},"breadcrumb":{"@id":"https:\/\/candas365.es\/noticias\/coinsol-dental-responde-que-dieta-llevar-cuando-se-tienen-brackets\/#breadcrumblist"},"author":{"@id":"https:\/\/candas365.es\/noticias\/author\/admin\/#author"},"creator":{"@id":"https:\/\/candas365.es\/noticias\/author\/admin\/#author"},"image":{"@type":"ImageObject","url":"https:\/\/candas365.es\/noticias\/wp-content\/uploads\/2017\/07\/1500532415_2017_M07.png","@id":"https:\/\/candas365.es\/noticias\/coinsol-dental-responde-que-dieta-llevar-cuando-se-tienen-brackets\/#mainImage","width":823,"height":402},"primaryImageOfPage":{"@id":"https:\/\/candas365.es\/noticias\/coinsol-dental-responde-que-dieta-llevar-cuando-se-tienen-brackets\/#mainImage"},"datePublished":"2017-07-21T07:14:48+02:00","dateModified":"2017-07-21T07:14:48+02:00"},{"@type":"WebSite","@id":"https:\/\/candas365.es\/noticias\/#website","url":"https:\/\/candas365.es\/noticias\/","name":"Cand\u00e1s 365","alternateName":"Cand\u00e1s 365 Noticias","description":"Actualidad desde Carre\u00f1o para el mundo","inLanguage":"es-ES","publisher":{"@id":"https:\/\/candas365.es\/noticias\/#organization"}}]},"og:locale":"es_ES","og:site_name":"Cand\u00e1s 365","og:type":"article","og:title":"Coinsol Dental responde: \u00bfqu\u00e9 dieta llevar cuando se tienen brackets? | Cand\u00e1s 365","og:description":"Cuando colocamos ortodoncia con brackets a nuestros pacientes, siempre les damos unas pautas de alimentaci\u00f3n&quot;. Seg\u00fan explican, es conveniente adaptar la dieta en determinados momentos en los que la ortodoncia puede ser molesta, ya sea por aftas o por dolores en los dientes. Sin embargo, mantienen que este proceso solo suele durar las primeras semanas","og:url":"https:\/\/candas365.es\/noticias\/coinsol-dental-responde-que-dieta-llevar-cuando-se-tienen-brackets\/","og:image":"https:\/\/candas365.es\/noticias\/wp-content\/uploads\/2017\/07\/1500532415_2017_M07.png","og:image:secure_url":"https:\/\/candas365.es\/noticias\/wp-content\/uploads\/2017\/07\/1500532415_2017_M07.png","og:image:width":823,"og:image:height":402,"article:published_time":"2017-07-21T07:14:48+00:00","article:modified_time":"2017-07-21T07:14:48+00:00","article:publisher":"https:\/\/www.facebook.com\/Nachofdezber","article:author":"https:\/\/www.facebook.com\/carrenoactualidad","twitter:card":"summary_large_image","twitter:site":"@NabercoDigital","twitter:title":"Coinsol Dental responde: \u00bfqu\u00e9 dieta llevar cuando se tienen brackets? | Cand\u00e1s 365","twitter:description":"Cuando colocamos ortodoncia con brackets a nuestros pacientes, siempre les damos unas pautas de alimentaci\u00f3n&quot;. Seg\u00fan explican, es conveniente adaptar la dieta en determinados momentos en los que la ortodoncia puede ser molesta, ya sea por aftas o por dolores en los dientes. Sin embargo, mantienen que este proceso solo suele durar las primeras semanas","twitter:creator":"@nbasturias","twitter:image":"https:\/\/candas365.es\/noticias\/wp-content\/uploads\/2017\/07\/1500532415_2017_M07.png","twitter:label1":"Escrito por","twitter:data1":"Cand\u00e1s 365","twitter:label2":"Tiempo de lectura estimado","twitter:data2":"2 minutos"},"aioseo_meta_data":{"post_id":"76118","title":null,"description":null,"keywords":null,"keyphrases":null,"primary_term":null,"canonical_url":null,"og_title":null,"og_description":null,"og_object_type":"default","og_image_type":"default","og_image_url":null,"og_image_width":null,"og_image_height":null,"og_image_custom_url":null,"og_image_custom_fields":null,"og_video":null,"og_custom_url":null,"og_article_section":null,"og_article_tags":null,"twitter_use_og":false,"twitter_card":"default","twitter_image_type":"default","twitter_image_url":null,"twitter_image_custom_url":null,"twitter_image_custom_fields":null,"twitter_title":null,"twitter_description":null,"schema":{"blockGraphs":[],"customGraphs":[],"default":{"data":{"Article":[],"Course":[],"Dataset":[],"FAQPage":[],"Movie":[],"Person":[],"Product":[],"ProductReview":[],"Car":[],"Recipe":[],"Service":[],"SoftwareApplication":[],"WebPage":[]},"graphName":"","isEnabled":true},"graphs":[],"defaultGraph":"","defaultPostTypeGraph":""},"schema_type":null,"schema_type_options":null,"pillar_content":false,"robots_default":true,"robots_noindex":false,"robots_noarchive":false,"robots_nosnippet":false,"robots_nofollow":false,"robots_noimageindex":false,"robots_noodp":false,"robots_notranslate":false,"robots_max_snippet":null,"robots_max_videopreview":null,"robots_max_imagepreview":"large","priority":null,"frequency":null,"location":null,"local_seo":null,"seo_analyzer_scan_date":"2025-08-25 18:55:25","breadcrumb_settings":null,"limit_modified_date":false,"reviewed_by":null,"open_ai":null,"ai":null,"created":"2020-12-21 12:56:16","updated":"2025-08-25 18:55:25"},"aioseo_breadcrumb":"<div class=\"aioseo-breadcrumbs\"><span class=\"aioseo-breadcrumb\">\n\t<a href=\"https:\/\/candas365.es\/noticias\" title=\"Home\">Home<\/a>\n<\/span><span class=\"aioseo-breadcrumb-separator\">&ndash;<\/span><span class=\"aioseo-breadcrumb\">\n\t<a href=\"https:\/\/candas365.es\/noticias\/category\/sociedad\/\" title=\"Sociedad\">Sociedad<\/a>\n<\/span><span class=\"aioseo-breadcrumb-separator\">&ndash;<\/span><span class=\"aioseo-breadcrumb\">\n\tCoinsol Dental responde: \u00bfqu\u00e9 dieta llevar cuando se tienen brackets?\n<\/span><\/div>","aioseo_breadcrumb_json":[{"label":"Home","link":"https:\/\/candas365.es\/noticias"},{"label":"Sociedad","link":"https:\/\/candas365.es\/noticias\/category\/sociedad\/"},{"label":"Coinsol Dental responde: \u00bfqu\u00e9 dieta llevar cuando se tienen brackets?","link":"https:\/\/candas365.es\/noticias\/coinsol-dental-responde-que-dieta-llevar-cuando-se-tienen-brackets\/"}],"_links":{"self":[{"href":"https:\/\/candas365.es\/noticias\/wp-json\/wp\/v2\/posts\/76118","targetHints":{"allow":["GET"]}}],"collection":[{"href":"https:\/\/candas365.es\/noticias\/wp-json\/wp\/v2\/posts"}],"about":[{"href":"https:\/\/candas365.es\/noticias\/wp-json\/wp\/v2\/types\/post"}],"author":[{"embeddable":true,"href":"https:\/\/candas365.es\/noticias\/wp-json\/wp\/v2\/users\/1"}],"replies":[{"embeddable":true,"href":"https:\/\/candas365.es\/noticias\/wp-json\/wp\/v2\/comments?post=76118"}],"version-history":[{"count":0,"href":"https:\/\/candas365.es\/noticias\/wp-json\/wp\/v2\/posts\/76118\/revisions"}],"wp:featuredmedia":[{"embeddable":true,"href":"https:\/\/candas365.es\/noticias\/wp-json\/wp\/v2\/media\/76119"}],"wp:attachment":[{"href":"https:\/\/candas365.es\/noticias\/wp-json\/wp\/v2\/media?parent=76118"}],"wp:term":[{"taxonomy":"category","embeddable":true,"href":"https:\/\/candas365.es\/noticias\/wp-json\/wp\/v2\/categories?post=76118"},{"taxonomy":"post_tag","embeddable":true,"href":"https:\/\/candas365.es\/noticias\/wp-json\/wp\/v2\/tags?post=76118"}],"curies":[{"name":"wp","href":"https:\/\/api.w.org\/{rel}","templated":true}]}}