{"id":76108,"date":"2017-07-21T02:59:15","date_gmt":"2017-07-21T02:59:15","guid":{"rendered":"http:\/\/candas365.es\/noticias\/?p=76108"},"modified":"2017-07-21T02:59:15","modified_gmt":"2017-07-21T02:59:15","slug":"cospedal-agradezco-a-los-ciudadanos-del-archipielago-canario-el-apoyo-que-dan-al-ejercito-del-aire-y-a-las-fas","status":"publish","type":"post","link":"https:\/\/candas365.es\/noticias\/cospedal-agradezco-a-los-ciudadanos-del-archipielago-canario-el-apoyo-que-dan-al-ejercito-del-aire-y-a-las-fas\/","title":{"rendered":"Cospedal: \u00abAgradezco a los ciudadanos del archipi\u00e9lago canario el apoyo que dan al Ej\u00e9rcito del Aire y a las FAS\u00bb"},"content":{"rendered":"<p><img fetchpriority=\"high\" decoding=\"async\" class=\"alignleft size-medium wp-image-76109\" src=\"https:\/\/candas365.es\/noticias\/wp-content\/uploads\/2017\/07\/200717-lanzarote-360x239.jpg\" alt=\"\" width=\"360\" height=\"239\" srcset=\"https:\/\/candas365.es\/noticias\/wp-content\/uploads\/2017\/07\/200717-lanzarote-360x239.jpg 360w, https:\/\/candas365.es\/noticias\/wp-content\/uploads\/2017\/07\/200717-lanzarote-84x55.jpg 84w, https:\/\/candas365.es\/noticias\/wp-content\/uploads\/2017\/07\/200717-lanzarote.jpg 496w\" sizes=\"(max-width: 360px) 100vw, 360px\" \/>La ministra de Defensa, Mar\u00eda Dolores de Cospedal, ha visitado el Aer\u00f3dromo Militar de Lanzarote y culmina un viaje en el que ha visitado cuatro islas del Archipi\u00e9lago Canario.<\/p>\n<p>\u200b\u200b\u00bbAgradezco a los ciudadanos del archipi\u00e9lago canario el apoyo que dan al Ej\u00e9rcito del Aire y a las FAS\u00bb, as\u00ed lo ha asegurado hoy la ministra de Defensa, Mar\u00eda Dolores de Cospedal, durante su visita al Aer\u00f3dromo militar de Lanzarote.<\/p>\n<p>Adem\u00e1s, la ministra ha destacado que las Fuerzas Armadas tienen la misi\u00f3n de defender a todos los espa\u00f1oles y a nuestra soberan\u00eda y, el Ej\u00e9rcito del Aire, en concreto, lo hace desde el espacio a\u00e9reo.\u00bb \u00abAl estar en unas islas, la defensa en el espacio a\u00e9reo es vital y trascendental y tiene que ser inmediata, por eso es importante destacar el elevad\u00edsimo grado de preparaci\u00f3n y adiestramiento que deben tener todos ustedes\u00bb.<\/p>\n<p>Para finalizar Cospedal les ha instado a seguir trabajando, como hasta ahora, con esa vocaci\u00f3n de servicio, y conservando ese esp\u00edritu expedicionario que imprime car\u00e1cter a las Fuerzas Armadas espa\u00f1olas.<\/p>\n<p>Mar\u00eda Dolores de Cospedal ha visitado esta tarde el Aer\u00f3dromo Militar de Lanzarote, acompa\u00f1ada por el jefe de Estado Mayor del Ej\u00e9rcito del Aire, general del Aire Javier Salto Mart\u00ednez-Avial y el general jefe del Mando A\u00e9reo de Canarias, general de divisi\u00f3n Fernando de la Cruz. Con este encuentro, la ministra ha culminado un viaje de d\u00eda y medio a las Islas Canarias en el que ha visitado instalaciones militares de los tres ej\u00e9rcitos en cuatro islas diferentes.<\/p>\n<p><strong>El Ej\u00e9rcito del Aire en Lanzarote<\/strong><\/p>\n<p>El Aer\u00f3dromo Militar de Lanzarote es el alternativo principal del Ala 46, basada en la isla de Gran Canaria (en la Base A\u00e9rea de Gando). Asimismo, se trata de una unidad de despliegue, cuya misi\u00f3n principal es la de proporcionar apoyo operativo y log\u00edstico a cualquier unidad del Ej\u00e9rcito del Aire que opere desde la misma.<\/p>\n<p>A trav\u00e9s de su estructura de Mando y Control (Base Operation Center), puede ejercer la funci\u00f3n de Puesto de Mando A\u00e9reo Avanzado, enlazando directamente con el Air Operation Center (AOC) del Mando A\u00e9reo de Combate, MACOM.<\/p>\n<p>El jefe del Aer\u00f3dromo Militar de Lanzarote, el coronel Alejandro Garc\u00eda Sipols, depende org\u00e1nicamente del general jefe del Mando A\u00e9reo de Canarias (GJMACAN), y ejerce la representaci\u00f3n institucional del Ej\u00e9rcito del Aire como Comandante Militar A\u00e9reo de Lanzarote y Fuerteventura.<\/p>\n","protected":false},"excerpt":{"rendered":"<p>La ministra de Defensa, Mar\u00eda Dolores de Cospedal, ha visitado el Aer\u00f3dromo Militar de Lanzarote y culmina un viaje en el que ha visitado cuatro islas del Archipi\u00e9lago Canario. \u200b\u200b\u00bbAgradezco a los ciudadanos del archipi\u00e9lago canario el apoyo que dan al Ej\u00e9rcito del Aire y a las FAS\u00bb, as\u00ed lo ha asegurado hoy la ministra<\/p>\n","protected":false},"author":1,"featured_media":76109,"comment_status":"closed","ping_status":"closed","sticky":false,"template":"","format":"standard","meta":{"footnotes":""},"categories":[343],"tags":[],"class_list":{"0":"post-76108","1":"post","2":"type-post","3":"status-publish","4":"format-standard","5":"has-post-thumbnail","7":"category-actualidad"},"aioseo_notices":[],"aioseo_head":"\n\t\t<!-- All in One SEO Pro 4.9.6.2 - aioseo.com -->\n\t<meta name=\"description\" content=\"La ministra de Defensa, Mar\u00eda Dolores de Cospedal, ha visitado el Aer\u00f3dromo Militar de Lanzarote y culmina un viaje en el que ha visitado cuatro islas del Archipi\u00e9lago Canario. \u200b\u200b&quot;Agradezco a los ciudadanos del archipi\u00e9lago canario el apoyo que dan al Ej\u00e9rcito del Aire y a las FAS&quot;, as\u00ed lo ha asegurado hoy la ministra\" \/>\n\t<meta name=\"robots\" content=\"max-image-preview:large\" \/>\n\t<meta name=\"author\" content=\"Cand\u00e1s 365\"\/>\n\t<meta name=\"google-site-verification\" content=\"UA-32230408-1\" \/>\n\t<meta name=\"msvalidate.01\" content=\"354F3CDFB2DA171B47FBE9ABF1F88D5\" \/>\n\t<meta name=\"keywords\" content=\"actualidad\" \/>\n\t<link rel=\"canonical\" href=\"https:\/\/candas365.es\/noticias\/cospedal-agradezco-a-los-ciudadanos-del-archipielago-canario-el-apoyo-que-dan-al-ejercito-del-aire-y-a-las-fas\/\" \/>\n\t<meta name=\"generator\" content=\"All in One SEO Pro (AIOSEO) 4.9.6.2\" \/>\n\t\t<meta property=\"og:locale\" content=\"es_ES\" \/>\n\t\t<meta property=\"og:site_name\" content=\"Cand\u00e1s 365\" \/>\n\t\t<meta property=\"og:type\" content=\"article\" \/>\n\t\t<meta property=\"og:title\" content=\"Cospedal: \u00abAgradezco a los ciudadanos del archipi\u00e9lago canario el apoyo que dan al Ej\u00e9rcito del Aire y a las FAS\u00bb | Cand\u00e1s 365\" \/>\n\t\t<meta property=\"og:description\" content=\"La ministra de Defensa, Mar\u00eda Dolores de Cospedal, ha visitado el Aer\u00f3dromo Militar de Lanzarote y culmina un viaje en el que ha visitado cuatro islas del Archipi\u00e9lago Canario. \u200b\u200b&quot;Agradezco a los ciudadanos del archipi\u00e9lago canario el apoyo que dan al Ej\u00e9rcito del Aire y a las FAS&quot;, as\u00ed lo ha asegurado hoy la ministra\" \/>\n\t\t<meta property=\"og:url\" content=\"https:\/\/candas365.es\/noticias\/cospedal-agradezco-a-los-ciudadanos-del-archipielago-canario-el-apoyo-que-dan-al-ejercito-del-aire-y-a-las-fas\/\" \/>\n\t\t<meta property=\"og:image\" content=\"https:\/\/candas365.es\/noticias\/wp-content\/uploads\/2017\/07\/200717-lanzarote.jpg\" \/>\n\t\t<meta property=\"og:image:secure_url\" content=\"https:\/\/candas365.es\/noticias\/wp-content\/uploads\/2017\/07\/200717-lanzarote.jpg\" \/>\n\t\t<meta property=\"og:image:width\" content=\"496\" \/>\n\t\t<meta property=\"og:image:height\" content=\"329\" \/>\n\t\t<meta property=\"article:published_time\" content=\"2017-07-21T02:59:15+00:00\" \/>\n\t\t<meta property=\"article:modified_time\" content=\"2017-07-21T02:59:15+00:00\" \/>\n\t\t<meta property=\"article:publisher\" content=\"https:\/\/www.facebook.com\/Nachofdezber\" \/>\n\t\t<meta property=\"article:author\" content=\"https:\/\/www.facebook.com\/carrenoactualidad\" \/>\n\t\t<meta name=\"twitter:card\" content=\"summary_large_image\" \/>\n\t\t<meta name=\"twitter:site\" content=\"@NabercoDigital\" \/>\n\t\t<meta name=\"twitter:title\" content=\"Cospedal: \u00abAgradezco a los ciudadanos del archipi\u00e9lago canario el apoyo que dan al Ej\u00e9rcito del Aire y a las FAS\u00bb | Cand\u00e1s 365\" \/>\n\t\t<meta name=\"twitter:description\" content=\"La ministra de Defensa, Mar\u00eda Dolores de Cospedal, ha visitado el Aer\u00f3dromo Militar de Lanzarote y culmina un viaje en el que ha visitado cuatro islas del Archipi\u00e9lago Canario. \u200b\u200b&quot;Agradezco a los ciudadanos del archipi\u00e9lago canario el apoyo que dan al Ej\u00e9rcito del Aire y a las FAS&quot;, as\u00ed lo ha asegurado hoy la ministra\" \/>\n\t\t<meta name=\"twitter:creator\" content=\"@nbasturias\" \/>\n\t\t<meta name=\"twitter:image\" content=\"https:\/\/candas365.es\/noticias\/wp-content\/uploads\/2017\/07\/200717-lanzarote.jpg\" \/>\n\t\t<meta name=\"twitter:label1\" content=\"Escrito por\" \/>\n\t\t<meta name=\"twitter:data1\" content=\"Cand\u00e1s 365\" \/>\n\t\t<meta name=\"twitter:label2\" content=\"Tiempo de lectura estimado\" \/>\n\t\t<meta name=\"twitter:data2\" content=\"2 minutos\" \/>\n\t\t<script type=\"application\/ld+json\" class=\"aioseo-schema\">\n\t\t\t{\"@context\":\"https:\\\/\\\/schema.org\",\"@graph\":[{\"@type\":\"BreadcrumbList\",\"@id\":\"https:\\\/\\\/candas365.es\\\/noticias\\\/cospedal-agradezco-a-los-ciudadanos-del-archipielago-canario-el-apoyo-que-dan-al-ejercito-del-aire-y-a-las-fas\\\/#breadcrumblist\",\"itemListElement\":[{\"@type\":\"ListItem\",\"@id\":\"https:\\\/\\\/candas365.es\\\/noticias#listItem\",\"position\":1,\"name\":\"Home\",\"item\":\"https:\\\/\\\/candas365.es\\\/noticias\",\"nextItem\":{\"@type\":\"ListItem\",\"@id\":\"https:\\\/\\\/candas365.es\\\/noticias\\\/category\\\/actualidad\\\/#listItem\",\"name\":\"Actualidad\"}},{\"@type\":\"ListItem\",\"@id\":\"https:\\\/\\\/candas365.es\\\/noticias\\\/category\\\/actualidad\\\/#listItem\",\"position\":2,\"name\":\"Actualidad\",\"item\":\"https:\\\/\\\/candas365.es\\\/noticias\\\/category\\\/actualidad\\\/\",\"nextItem\":{\"@type\":\"ListItem\",\"@id\":\"https:\\\/\\\/candas365.es\\\/noticias\\\/cospedal-agradezco-a-los-ciudadanos-del-archipielago-canario-el-apoyo-que-dan-al-ejercito-del-aire-y-a-las-fas\\\/#listItem\",\"name\":\"Cospedal: \\u00abAgradezco a los ciudadanos del archipi\\u00e9lago canario el apoyo que dan al Ej\\u00e9rcito del Aire y a las FAS\\u00bb\"},\"previousItem\":{\"@type\":\"ListItem\",\"@id\":\"https:\\\/\\\/candas365.es\\\/noticias#listItem\",\"name\":\"Home\"}},{\"@type\":\"ListItem\",\"@id\":\"https:\\\/\\\/candas365.es\\\/noticias\\\/cospedal-agradezco-a-los-ciudadanos-del-archipielago-canario-el-apoyo-que-dan-al-ejercito-del-aire-y-a-las-fas\\\/#listItem\",\"position\":3,\"name\":\"Cospedal: \\u00abAgradezco a los ciudadanos del archipi\\u00e9lago canario el apoyo que dan al Ej\\u00e9rcito del Aire y a las FAS\\u00bb\",\"previousItem\":{\"@type\":\"ListItem\",\"@id\":\"https:\\\/\\\/candas365.es\\\/noticias\\\/category\\\/actualidad\\\/#listItem\",\"name\":\"Actualidad\"}}]},{\"@type\":\"NewsArticle\",\"@id\":\"https:\\\/\\\/candas365.es\\\/noticias\\\/cospedal-agradezco-a-los-ciudadanos-del-archipielago-canario-el-apoyo-que-dan-al-ejercito-del-aire-y-a-las-fas\\\/#newsarticle\",\"name\":\"Cospedal: \\u00abAgradezco a los ciudadanos del archipi\\u00e9lago canario el apoyo que dan al Ej\\u00e9rcito del Aire y a las FAS\\u00bb | Cand\\u00e1s 365\",\"headline\":\"Cospedal: \\u00abAgradezco a los ciudadanos del archipi\\u00e9lago canario el apoyo que dan al Ej\\u00e9rcito del Aire y a las FAS\\u00bb\",\"author\":{\"@id\":\"https:\\\/\\\/candas365.es\\\/noticias\\\/author\\\/admin\\\/#author\"},\"publisher\":{\"@id\":\"https:\\\/\\\/candas365.es\\\/noticias\\\/#organization\"},\"image\":{\"@type\":\"ImageObject\",\"url\":\"https:\\\/\\\/candas365.es\\\/noticias\\\/wp-content\\\/uploads\\\/2017\\\/07\\\/200717-lanzarote.jpg\",\"width\":496,\"height\":329},\"datePublished\":\"2017-07-21T02:59:15+02:00\",\"dateModified\":\"2017-07-21T02:59:15+02:00\",\"inLanguage\":\"es-ES\",\"mainEntityOfPage\":{\"@id\":\"https:\\\/\\\/candas365.es\\\/noticias\\\/cospedal-agradezco-a-los-ciudadanos-del-archipielago-canario-el-apoyo-que-dan-al-ejercito-del-aire-y-a-las-fas\\\/#webpage\"},\"isPartOf\":{\"@id\":\"https:\\\/\\\/candas365.es\\\/noticias\\\/cospedal-agradezco-a-los-ciudadanos-del-archipielago-canario-el-apoyo-que-dan-al-ejercito-del-aire-y-a-las-fas\\\/#webpage\"},\"articleSection\":\"Actualidad\",\"dateline\":\"Publicado el julio 21, 2017.\"},{\"@type\":\"Organization\",\"@id\":\"https:\\\/\\\/candas365.es\\\/noticias\\\/#organization\",\"name\":\"Cand\\u00e1s 365\",\"description\":\"Cand\\u00e1s 365 es un diario digital independiente, fundado en 2012, con base en Asturias. Informamos con rigor sobre actualidad, sociedad, cultura y ocio, con una mirada local y global.\",\"url\":\"https:\\\/\\\/candas365.es\\\/noticias\\\/\",\"email\":\"info@candas365.es\",\"telephone\":\"+34652131393\",\"foundingDate\":\"2012-06-10\",\"logo\":{\"@type\":\"ImageObject\",\"url\":\"https:\\\/\\\/candas365.es\\\/noticias\\\/wp-content\\\/uploads\\\/2024\\\/09\\\/Candas-365-Redes.jpg\",\"@id\":\"https:\\\/\\\/candas365.es\\\/noticias\\\/cospedal-agradezco-a-los-ciudadanos-del-archipielago-canario-el-apoyo-que-dan-al-ejercito-del-aire-y-a-las-fas\\\/#organizationLogo\",\"width\":1152,\"height\":864,\"caption\":\"Cand\\u00e1s 365 Redes\"},\"image\":{\"@id\":\"https:\\\/\\\/candas365.es\\\/noticias\\\/cospedal-agradezco-a-los-ciudadanos-del-archipielago-canario-el-apoyo-que-dan-al-ejercito-del-aire-y-a-las-fas\\\/#organizationLogo\"},\"sameAs\":[\"https:\\\/\\\/www.facebook.com\\\/Nachofdezber\",\"https:\\\/\\\/x.com\\\/NabercoDigital\",\"https:\\\/\\\/www.instagram.com\\\/nachofdezber\\\/\",\"https:\\\/\\\/www.youtube.com\\\/channel\\\/UCZP-2wLEB9Rv6erhFmqVnvg\"],\"address\":{\"@id\":\"https:\\\/\\\/candas365.es\\\/noticias\\\/#postaladdress\",\"@type\":\"PostalAddress\",\"streetAddress\":\"san antonio 4, san antonio 4\",\"postalCode\":\"33430\",\"addressLocality\":\"Cand\\u00e1s\",\"addressRegion\":\"Asturias\",\"addressCountry\":\"ES\"}},{\"@type\":\"Person\",\"@id\":\"https:\\\/\\\/candas365.es\\\/noticias\\\/author\\\/admin\\\/#author\",\"url\":\"https:\\\/\\\/candas365.es\\\/noticias\\\/author\\\/admin\\\/\",\"name\":\"Cand\\u00e1s 365\",\"image\":{\"@type\":\"ImageObject\",\"@id\":\"https:\\\/\\\/candas365.es\\\/noticias\\\/cospedal-agradezco-a-los-ciudadanos-del-archipielago-canario-el-apoyo-que-dan-al-ejercito-del-aire-y-a-las-fas\\\/#authorImage\",\"url\":\"https:\\\/\\\/secure.gravatar.com\\\/avatar\\\/496a8e03d0c493ede1718b7934145dbdf8d89be1036b0eec9544e1094c9de390?s=96&d=mm&r=g\",\"width\":96,\"height\":96,\"caption\":\"Cand\\u00e1s 365\"},\"sameAs\":[\"https:\\\/\\\/www.facebook.com\\\/carrenoactualidad\",\"https:\\\/\\\/twitter.com\\\/nbasturias\",\"https:\\\/\\\/www.instagram.com\\\/nachofdezber\\\/\",\"https:\\\/\\\/www.youtube.com\\\/channel\\\/UCZP-2wLEB9Rv6erhFmqVnvg\"]},{\"@type\":\"WebPage\",\"@id\":\"https:\\\/\\\/candas365.es\\\/noticias\\\/cospedal-agradezco-a-los-ciudadanos-del-archipielago-canario-el-apoyo-que-dan-al-ejercito-del-aire-y-a-las-fas\\\/#webpage\",\"url\":\"https:\\\/\\\/candas365.es\\\/noticias\\\/cospedal-agradezco-a-los-ciudadanos-del-archipielago-canario-el-apoyo-que-dan-al-ejercito-del-aire-y-a-las-fas\\\/\",\"name\":\"Cospedal: \\u00abAgradezco a los ciudadanos del archipi\\u00e9lago canario el apoyo que dan al Ej\\u00e9rcito del Aire y a las FAS\\u00bb | Cand\\u00e1s 365\",\"description\":\"La ministra de Defensa, Mar\\u00eda Dolores de Cospedal, ha visitado el Aer\\u00f3dromo Militar de Lanzarote y culmina un viaje en el que ha visitado cuatro islas del Archipi\\u00e9lago Canario. \\u200b\\u200b\\\"Agradezco a los ciudadanos del archipi\\u00e9lago canario el apoyo que dan al Ej\\u00e9rcito del Aire y a las FAS\\\", as\\u00ed lo ha asegurado hoy la ministra\",\"inLanguage\":\"es-ES\",\"isPartOf\":{\"@id\":\"https:\\\/\\\/candas365.es\\\/noticias\\\/#website\"},\"breadcrumb\":{\"@id\":\"https:\\\/\\\/candas365.es\\\/noticias\\\/cospedal-agradezco-a-los-ciudadanos-del-archipielago-canario-el-apoyo-que-dan-al-ejercito-del-aire-y-a-las-fas\\\/#breadcrumblist\"},\"author\":{\"@id\":\"https:\\\/\\\/candas365.es\\\/noticias\\\/author\\\/admin\\\/#author\"},\"creator\":{\"@id\":\"https:\\\/\\\/candas365.es\\\/noticias\\\/author\\\/admin\\\/#author\"},\"image\":{\"@type\":\"ImageObject\",\"url\":\"https:\\\/\\\/candas365.es\\\/noticias\\\/wp-content\\\/uploads\\\/2017\\\/07\\\/200717-lanzarote.jpg\",\"@id\":\"https:\\\/\\\/candas365.es\\\/noticias\\\/cospedal-agradezco-a-los-ciudadanos-del-archipielago-canario-el-apoyo-que-dan-al-ejercito-del-aire-y-a-las-fas\\\/#mainImage\",\"width\":496,\"height\":329},\"primaryImageOfPage\":{\"@id\":\"https:\\\/\\\/candas365.es\\\/noticias\\\/cospedal-agradezco-a-los-ciudadanos-del-archipielago-canario-el-apoyo-que-dan-al-ejercito-del-aire-y-a-las-fas\\\/#mainImage\"},\"datePublished\":\"2017-07-21T02:59:15+02:00\",\"dateModified\":\"2017-07-21T02:59:15+02:00\"},{\"@type\":\"WebSite\",\"@id\":\"https:\\\/\\\/candas365.es\\\/noticias\\\/#website\",\"url\":\"https:\\\/\\\/candas365.es\\\/noticias\\\/\",\"name\":\"Cand\\u00e1s 365\",\"alternateName\":\"Cand\\u00e1s 365 Noticias\",\"description\":\"Actualidad desde Carre\\u00f1o para el mundo\",\"inLanguage\":\"es-ES\",\"publisher\":{\"@id\":\"https:\\\/\\\/candas365.es\\\/noticias\\\/#organization\"}}]}\n\t\t<\/script>\n\t\t<!-- All in One SEO Pro -->\r\n\t\t<title>Cospedal: \u00abAgradezco a los ciudadanos del archipi\u00e9lago canario el apoyo que dan al Ej\u00e9rcito del Aire y a las FAS\u00bb | Cand\u00e1s 365<\/title>\n\n","aioseo_head_json":{"title":"Cospedal: \u00abAgradezco a los ciudadanos del archipi\u00e9lago canario el apoyo que dan al Ej\u00e9rcito del Aire y a las FAS\u00bb | Cand\u00e1s 365","description":"La ministra de Defensa, Mar\u00eda Dolores de Cospedal, ha visitado el Aer\u00f3dromo Militar de Lanzarote y culmina un viaje en el que ha visitado cuatro islas del Archipi\u00e9lago Canario. \u200b\u200b\"Agradezco a los ciudadanos del archipi\u00e9lago canario el apoyo que dan al Ej\u00e9rcito del Aire y a las FAS\", as\u00ed lo ha asegurado hoy la ministra","canonical_url":"https:\/\/candas365.es\/noticias\/cospedal-agradezco-a-los-ciudadanos-del-archipielago-canario-el-apoyo-que-dan-al-ejercito-del-aire-y-a-las-fas\/","robots":"max-image-preview:large","keywords":"actualidad","webmasterTools":{"google-site-verification":"UA-32230408-1","msvalidate.01":"354F3CDFB2DA171B47FBE9ABF1F88D5","miscellaneous":""},"schema":{"@context":"https:\/\/schema.org","@graph":[{"@type":"BreadcrumbList","@id":"https:\/\/candas365.es\/noticias\/cospedal-agradezco-a-los-ciudadanos-del-archipielago-canario-el-apoyo-que-dan-al-ejercito-del-aire-y-a-las-fas\/#breadcrumblist","itemListElement":[{"@type":"ListItem","@id":"https:\/\/candas365.es\/noticias#listItem","position":1,"name":"Home","item":"https:\/\/candas365.es\/noticias","nextItem":{"@type":"ListItem","@id":"https:\/\/candas365.es\/noticias\/category\/actualidad\/#listItem","name":"Actualidad"}},{"@type":"ListItem","@id":"https:\/\/candas365.es\/noticias\/category\/actualidad\/#listItem","position":2,"name":"Actualidad","item":"https:\/\/candas365.es\/noticias\/category\/actualidad\/","nextItem":{"@type":"ListItem","@id":"https:\/\/candas365.es\/noticias\/cospedal-agradezco-a-los-ciudadanos-del-archipielago-canario-el-apoyo-que-dan-al-ejercito-del-aire-y-a-las-fas\/#listItem","name":"Cospedal: \u00abAgradezco a los ciudadanos del archipi\u00e9lago canario el apoyo que dan al Ej\u00e9rcito del Aire y a las FAS\u00bb"},"previousItem":{"@type":"ListItem","@id":"https:\/\/candas365.es\/noticias#listItem","name":"Home"}},{"@type":"ListItem","@id":"https:\/\/candas365.es\/noticias\/cospedal-agradezco-a-los-ciudadanos-del-archipielago-canario-el-apoyo-que-dan-al-ejercito-del-aire-y-a-las-fas\/#listItem","position":3,"name":"Cospedal: \u00abAgradezco a los ciudadanos del archipi\u00e9lago canario el apoyo que dan al Ej\u00e9rcito del Aire y a las FAS\u00bb","previousItem":{"@type":"ListItem","@id":"https:\/\/candas365.es\/noticias\/category\/actualidad\/#listItem","name":"Actualidad"}}]},{"@type":"NewsArticle","@id":"https:\/\/candas365.es\/noticias\/cospedal-agradezco-a-los-ciudadanos-del-archipielago-canario-el-apoyo-que-dan-al-ejercito-del-aire-y-a-las-fas\/#newsarticle","name":"Cospedal: \u00abAgradezco a los ciudadanos del archipi\u00e9lago canario el apoyo que dan al Ej\u00e9rcito del Aire y a las FAS\u00bb | Cand\u00e1s 365","headline":"Cospedal: \u00abAgradezco a los ciudadanos del archipi\u00e9lago canario el apoyo que dan al Ej\u00e9rcito del Aire y a las FAS\u00bb","author":{"@id":"https:\/\/candas365.es\/noticias\/author\/admin\/#author"},"publisher":{"@id":"https:\/\/candas365.es\/noticias\/#organization"},"image":{"@type":"ImageObject","url":"https:\/\/candas365.es\/noticias\/wp-content\/uploads\/2017\/07\/200717-lanzarote.jpg","width":496,"height":329},"datePublished":"2017-07-21T02:59:15+02:00","dateModified":"2017-07-21T02:59:15+02:00","inLanguage":"es-ES","mainEntityOfPage":{"@id":"https:\/\/candas365.es\/noticias\/cospedal-agradezco-a-los-ciudadanos-del-archipielago-canario-el-apoyo-que-dan-al-ejercito-del-aire-y-a-las-fas\/#webpage"},"isPartOf":{"@id":"https:\/\/candas365.es\/noticias\/cospedal-agradezco-a-los-ciudadanos-del-archipielago-canario-el-apoyo-que-dan-al-ejercito-del-aire-y-a-las-fas\/#webpage"},"articleSection":"Actualidad","dateline":"Publicado el julio 21, 2017."},{"@type":"Organization","@id":"https:\/\/candas365.es\/noticias\/#organization","name":"Cand\u00e1s 365","description":"Cand\u00e1s 365 es un diario digital independiente, fundado en 2012, con base en Asturias. Informamos con rigor sobre actualidad, sociedad, cultura y ocio, con una mirada local y global.","url":"https:\/\/candas365.es\/noticias\/","email":"info@candas365.es","telephone":"+34652131393","foundingDate":"2012-06-10","logo":{"@type":"ImageObject","url":"https:\/\/candas365.es\/noticias\/wp-content\/uploads\/2024\/09\/Candas-365-Redes.jpg","@id":"https:\/\/candas365.es\/noticias\/cospedal-agradezco-a-los-ciudadanos-del-archipielago-canario-el-apoyo-que-dan-al-ejercito-del-aire-y-a-las-fas\/#organizationLogo","width":1152,"height":864,"caption":"Cand\u00e1s 365 Redes"},"image":{"@id":"https:\/\/candas365.es\/noticias\/cospedal-agradezco-a-los-ciudadanos-del-archipielago-canario-el-apoyo-que-dan-al-ejercito-del-aire-y-a-las-fas\/#organizationLogo"},"sameAs":["https:\/\/www.facebook.com\/Nachofdezber","https:\/\/x.com\/NabercoDigital","https:\/\/www.instagram.com\/nachofdezber\/","https:\/\/www.youtube.com\/channel\/UCZP-2wLEB9Rv6erhFmqVnvg"],"address":{"@id":"https:\/\/candas365.es\/noticias\/#postaladdress","@type":"PostalAddress","streetAddress":"san antonio 4, san antonio 4","postalCode":"33430","addressLocality":"Cand\u00e1s","addressRegion":"Asturias","addressCountry":"ES"}},{"@type":"Person","@id":"https:\/\/candas365.es\/noticias\/author\/admin\/#author","url":"https:\/\/candas365.es\/noticias\/author\/admin\/","name":"Cand\u00e1s 365","image":{"@type":"ImageObject","@id":"https:\/\/candas365.es\/noticias\/cospedal-agradezco-a-los-ciudadanos-del-archipielago-canario-el-apoyo-que-dan-al-ejercito-del-aire-y-a-las-fas\/#authorImage","url":"https:\/\/secure.gravatar.com\/avatar\/496a8e03d0c493ede1718b7934145dbdf8d89be1036b0eec9544e1094c9de390?s=96&d=mm&r=g","width":96,"height":96,"caption":"Cand\u00e1s 365"},"sameAs":["https:\/\/www.facebook.com\/carrenoactualidad","https:\/\/twitter.com\/nbasturias","https:\/\/www.instagram.com\/nachofdezber\/","https:\/\/www.youtube.com\/channel\/UCZP-2wLEB9Rv6erhFmqVnvg"]},{"@type":"WebPage","@id":"https:\/\/candas365.es\/noticias\/cospedal-agradezco-a-los-ciudadanos-del-archipielago-canario-el-apoyo-que-dan-al-ejercito-del-aire-y-a-las-fas\/#webpage","url":"https:\/\/candas365.es\/noticias\/cospedal-agradezco-a-los-ciudadanos-del-archipielago-canario-el-apoyo-que-dan-al-ejercito-del-aire-y-a-las-fas\/","name":"Cospedal: \u00abAgradezco a los ciudadanos del archipi\u00e9lago canario el apoyo que dan al Ej\u00e9rcito del Aire y a las FAS\u00bb | Cand\u00e1s 365","description":"La ministra de Defensa, Mar\u00eda Dolores de Cospedal, ha visitado el Aer\u00f3dromo Militar de Lanzarote y culmina un viaje en el que ha visitado cuatro islas del Archipi\u00e9lago Canario. \u200b\u200b\"Agradezco a los ciudadanos del archipi\u00e9lago canario el apoyo que dan al Ej\u00e9rcito del Aire y a las FAS\", as\u00ed lo ha asegurado hoy la ministra","inLanguage":"es-ES","isPartOf":{"@id":"https:\/\/candas365.es\/noticias\/#website"},"breadcrumb":{"@id":"https:\/\/candas365.es\/noticias\/cospedal-agradezco-a-los-ciudadanos-del-archipielago-canario-el-apoyo-que-dan-al-ejercito-del-aire-y-a-las-fas\/#breadcrumblist"},"author":{"@id":"https:\/\/candas365.es\/noticias\/author\/admin\/#author"},"creator":{"@id":"https:\/\/candas365.es\/noticias\/author\/admin\/#author"},"image":{"@type":"ImageObject","url":"https:\/\/candas365.es\/noticias\/wp-content\/uploads\/2017\/07\/200717-lanzarote.jpg","@id":"https:\/\/candas365.es\/noticias\/cospedal-agradezco-a-los-ciudadanos-del-archipielago-canario-el-apoyo-que-dan-al-ejercito-del-aire-y-a-las-fas\/#mainImage","width":496,"height":329},"primaryImageOfPage":{"@id":"https:\/\/candas365.es\/noticias\/cospedal-agradezco-a-los-ciudadanos-del-archipielago-canario-el-apoyo-que-dan-al-ejercito-del-aire-y-a-las-fas\/#mainImage"},"datePublished":"2017-07-21T02:59:15+02:00","dateModified":"2017-07-21T02:59:15+02:00"},{"@type":"WebSite","@id":"https:\/\/candas365.es\/noticias\/#website","url":"https:\/\/candas365.es\/noticias\/","name":"Cand\u00e1s 365","alternateName":"Cand\u00e1s 365 Noticias","description":"Actualidad desde Carre\u00f1o para el mundo","inLanguage":"es-ES","publisher":{"@id":"https:\/\/candas365.es\/noticias\/#organization"}}]},"og:locale":"es_ES","og:site_name":"Cand\u00e1s 365","og:type":"article","og:title":"Cospedal: \u00abAgradezco a los ciudadanos del archipi\u00e9lago canario el apoyo que dan al Ej\u00e9rcito del Aire y a las FAS\u00bb | Cand\u00e1s 365","og:description":"La ministra de Defensa, Mar\u00eda Dolores de Cospedal, ha visitado el Aer\u00f3dromo Militar de Lanzarote y culmina un viaje en el que ha visitado cuatro islas del Archipi\u00e9lago Canario. \u200b\u200b&quot;Agradezco a los ciudadanos del archipi\u00e9lago canario el apoyo que dan al Ej\u00e9rcito del Aire y a las FAS&quot;, as\u00ed lo ha asegurado hoy la ministra","og:url":"https:\/\/candas365.es\/noticias\/cospedal-agradezco-a-los-ciudadanos-del-archipielago-canario-el-apoyo-que-dan-al-ejercito-del-aire-y-a-las-fas\/","og:image":"https:\/\/candas365.es\/noticias\/wp-content\/uploads\/2017\/07\/200717-lanzarote.jpg","og:image:secure_url":"https:\/\/candas365.es\/noticias\/wp-content\/uploads\/2017\/07\/200717-lanzarote.jpg","og:image:width":496,"og:image:height":329,"article:published_time":"2017-07-21T02:59:15+00:00","article:modified_time":"2017-07-21T02:59:15+00:00","article:publisher":"https:\/\/www.facebook.com\/Nachofdezber","article:author":"https:\/\/www.facebook.com\/carrenoactualidad","twitter:card":"summary_large_image","twitter:site":"@NabercoDigital","twitter:title":"Cospedal: \u00abAgradezco a los ciudadanos del archipi\u00e9lago canario el apoyo que dan al Ej\u00e9rcito del Aire y a las FAS\u00bb | Cand\u00e1s 365","twitter:description":"La ministra de Defensa, Mar\u00eda Dolores de Cospedal, ha visitado el Aer\u00f3dromo Militar de Lanzarote y culmina un viaje en el que ha visitado cuatro islas del Archipi\u00e9lago Canario. \u200b\u200b&quot;Agradezco a los ciudadanos del archipi\u00e9lago canario el apoyo que dan al Ej\u00e9rcito del Aire y a las FAS&quot;, as\u00ed lo ha asegurado hoy la ministra","twitter:creator":"@nbasturias","twitter:image":"https:\/\/candas365.es\/noticias\/wp-content\/uploads\/2017\/07\/200717-lanzarote.jpg","twitter:label1":"Escrito por","twitter:data1":"Cand\u00e1s 365","twitter:label2":"Tiempo de lectura estimado","twitter:data2":"2 minutos"},"aioseo_meta_data":{"post_id":"76108","title":null,"description":null,"keywords":null,"keyphrases":null,"primary_term":null,"canonical_url":null,"og_title":null,"og_description":null,"og_object_type":"default","og_image_type":"default","og_image_url":null,"og_image_width":null,"og_image_height":null,"og_image_custom_url":null,"og_image_custom_fields":null,"og_video":null,"og_custom_url":null,"og_article_section":null,"og_article_tags":null,"twitter_use_og":false,"twitter_card":"default","twitter_image_type":"default","twitter_image_url":null,"twitter_image_custom_url":null,"twitter_image_custom_fields":null,"twitter_title":null,"twitter_description":null,"schema":{"blockGraphs":[],"customGraphs":[],"default":{"data":{"Article":[],"Course":[],"Dataset":[],"FAQPage":[],"Movie":[],"Person":[],"Product":[],"ProductReview":[],"Car":[],"Recipe":[],"Service":[],"SoftwareApplication":[],"WebPage":[]},"graphName":"","isEnabled":true},"graphs":[],"defaultGraph":"","defaultPostTypeGraph":""},"schema_type":null,"schema_type_options":null,"pillar_content":false,"robots_default":true,"robots_noindex":false,"robots_noarchive":false,"robots_nosnippet":false,"robots_nofollow":false,"robots_noimageindex":false,"robots_noodp":false,"robots_notranslate":false,"robots_max_snippet":null,"robots_max_videopreview":null,"robots_max_imagepreview":"large","priority":null,"frequency":null,"location":null,"local_seo":null,"seo_analyzer_scan_date":"2025-08-25 18:55:14","breadcrumb_settings":null,"limit_modified_date":false,"reviewed_by":null,"open_ai":null,"ai":null,"created":"2020-12-21 12:56:16","updated":"2025-08-25 18:55:14"},"aioseo_breadcrumb":"<div class=\"aioseo-breadcrumbs\"><span class=\"aioseo-breadcrumb\">\n\t<a href=\"https:\/\/candas365.es\/noticias\" title=\"Home\">Home<\/a>\n<\/span><span class=\"aioseo-breadcrumb-separator\">&ndash;<\/span><span class=\"aioseo-breadcrumb\">\n\t<a href=\"https:\/\/candas365.es\/noticias\/category\/actualidad\/\" title=\"Actualidad\">Actualidad<\/a>\n<\/span><span class=\"aioseo-breadcrumb-separator\">&ndash;<\/span><span class=\"aioseo-breadcrumb\">\n\tCospedal: \u00abAgradezco a los ciudadanos del archipi\u00e9lago canario el apoyo que dan al Ej\u00e9rcito del Aire y a las FAS\u00bb\n<\/span><\/div>","aioseo_breadcrumb_json":[{"label":"Home","link":"https:\/\/candas365.es\/noticias"},{"label":"Actualidad","link":"https:\/\/candas365.es\/noticias\/category\/actualidad\/"},{"label":"Cospedal: \u00abAgradezco a los ciudadanos del archipi\u00e9lago canario el apoyo que dan al Ej\u00e9rcito del Aire y a las FAS\u00bb","link":"https:\/\/candas365.es\/noticias\/cospedal-agradezco-a-los-ciudadanos-del-archipielago-canario-el-apoyo-que-dan-al-ejercito-del-aire-y-a-las-fas\/"}],"_links":{"self":[{"href":"https:\/\/candas365.es\/noticias\/wp-json\/wp\/v2\/posts\/76108","targetHints":{"allow":["GET"]}}],"collection":[{"href":"https:\/\/candas365.es\/noticias\/wp-json\/wp\/v2\/posts"}],"about":[{"href":"https:\/\/candas365.es\/noticias\/wp-json\/wp\/v2\/types\/post"}],"author":[{"embeddable":true,"href":"https:\/\/candas365.es\/noticias\/wp-json\/wp\/v2\/users\/1"}],"replies":[{"embeddable":true,"href":"https:\/\/candas365.es\/noticias\/wp-json\/wp\/v2\/comments?post=76108"}],"version-history":[{"count":0,"href":"https:\/\/candas365.es\/noticias\/wp-json\/wp\/v2\/posts\/76108\/revisions"}],"wp:featuredmedia":[{"embeddable":true,"href":"https:\/\/candas365.es\/noticias\/wp-json\/wp\/v2\/media\/76109"}],"wp:attachment":[{"href":"https:\/\/candas365.es\/noticias\/wp-json\/wp\/v2\/media?parent=76108"}],"wp:term":[{"taxonomy":"category","embeddable":true,"href":"https:\/\/candas365.es\/noticias\/wp-json\/wp\/v2\/categories?post=76108"},{"taxonomy":"post_tag","embeddable":true,"href":"https:\/\/candas365.es\/noticias\/wp-json\/wp\/v2\/tags?post=76108"}],"curies":[{"name":"wp","href":"https:\/\/api.w.org\/{rel}","templated":true}]}}