{"id":76102,"date":"2017-07-21T01:57:59","date_gmt":"2017-07-21T01:57:59","guid":{"rendered":"http:\/\/candas365.es\/noticias\/?p=76102"},"modified":"2017-07-21T01:57:59","modified_gmt":"2017-07-21T01:57:59","slug":"fatima-banez-entrega-dos-medallas-de-honor-de-la-emigracion","status":"publish","type":"post","link":"https:\/\/candas365.es\/noticias\/fatima-banez-entrega-dos-medallas-de-honor-de-la-emigracion\/","title":{"rendered":"F\u00e1tima B\u00e1\u00f1ez entrega dos Medallas de Honor de la Emigraci\u00f3n"},"content":{"rendered":"<p><img fetchpriority=\"high\" decoding=\"async\" class=\"alignleft size-medium wp-image-76103\" src=\"https:\/\/candas365.es\/noticias\/wp-content\/uploads\/2017\/07\/190717-banez-360x239.jpg\" alt=\"\" width=\"360\" height=\"239\" srcset=\"https:\/\/candas365.es\/noticias\/wp-content\/uploads\/2017\/07\/190717-banez-360x239.jpg 360w, https:\/\/candas365.es\/noticias\/wp-content\/uploads\/2017\/07\/190717-banez-84x55.jpg 84w, https:\/\/candas365.es\/noticias\/wp-content\/uploads\/2017\/07\/190717-banez.jpg 496w\" sizes=\"(max-width: 360px) 100vw, 360px\" \/>La ministra de Empleo y Seguridad Social, F\u00e1tima B\u00e1\u00f1ez, ha hecho entrega, junto al presidente de la Xunta de Galicia, Alberto N\u00fa\u00f1ez Feij\u00f3o, de dos Medallas de Honor de la Emigraci\u00f3n, en su categor\u00eda de Oro, en un acto que ha tenido lugar en el Pazo de Raxoi.<\/p>\n<p>\u200bF\u00e1tima B\u00e1\u00f1ez comenz\u00f3 su intervenci\u00f3n resaltando la importancia de esta distinci\u00f3n, creada por \u00abhaber destacado por su abnegaci\u00f3n, esfuerzo y trabajo personal en favor del emigrante espa\u00f1ol\u00bb.<\/p>\n<p>\u00abHoy vamos a hacer entrega de este galard\u00f3n en su calidad de Oro a dos gallegos ilustres, dos personas que han dedicado su vida a los emigrantes espa\u00f1oles desde diferentes puestos de responsabilidad tanto en la Administraci\u00f3n General del Estado como en la auton\u00f3mica\u00bb, afirm\u00f3 la ministra.<\/p>\n<p>Los condecorados son Fernando Amarelo de Castro, a t\u00edtulo p\u00f3stumo, y Aurelio Miras Portugal, gallegos comprometidos con Galicia y con la Espa\u00f1a exterior, y que \u00absupieron trasladar al \u00e1mbito de las administraciones auton\u00f3micas y general del Estado esos valores adquiridos y que ya son parte del ADN de todos los emigrantes: solidaridad, responsabilidad, sensatez en la gesti\u00f3n y un esp\u00edritu de trabajo inquebrantable\u00bb, subray\u00f3 F\u00e1tima B\u00e1\u00f1ez.<\/p>\n<p>Fernando Amarelo de Castro hoy no est\u00e1 con nosotros, pero s\u00ed su familia, expres\u00f3 la ministra, que va a recibir en su nombre esta medalla y \u00abcon ella nuestro reconocimiento a toda una vida ejemplar, cimentada en la responsabilidad y construida con el compromiso con sus paisanos de ambas orillas\u00bb.<\/p>\n<p>El trabajo de Fernando Amarelo se centr\u00f3 en fomentar la integraci\u00f3n y la equiparaci\u00f3n de los gallegos del exterior con los gallegos del interior, impulsando programas destinados a mejorar sus condiciones de vida, mediante ayudas sociales y asistenciales, a la vez que reforzaba los lazos de los emigrantes con su tierra de origen.<\/p>\n<p>Aurelio Miras Portugal, de quien destac\u00f3 la ministra que \u00absiempre dio lo mejor de s\u00ed mismo para mejorar las condiciones de vida de nuestros paisanos en el exterior, cuidando especialmente de los m\u00e1s vulnerables, de nuestros mayores y de los que por una raz\u00f3n u otra, quedaron apartados del \u00e9xito en su vida migratoria\u00bb.<\/p>\n<p>Adem\u00e1s, destac\u00f3 la responsable del Departamento, \u00abha conocido a fondo los problemas de la emigraci\u00f3n, con empat\u00eda y humanidad hasta casi convertirse en emigrante \u00e9l mismo\u00bb. Y por eso ha logrado que esta medalla cuente con el apoyo un\u00e1nime del Consejo General de la Ciudadan\u00eda Espa\u00f1ola en el Exterior.<\/p>\n<p>F\u00e1tima B\u00e1\u00f1ez finaliz\u00f3 su intervenci\u00f3n resaltando que estas medallas son un premio impulsado desde la propia emigraci\u00f3n, destinadas a quienes supieron construir puentes de afecto, de solidaridad y de compromiso. Y a los premiados \u00abpor esas trayectorias llenas de valores humanos, que son la verdadera raz\u00f3n por la que ambos reciben la Medalla de Honor de la Emigraci\u00f3n en su categor\u00eda de Oro\u00bb.<\/p>\n","protected":false},"excerpt":{"rendered":"<p>La ministra de Empleo y Seguridad Social, F\u00e1tima B\u00e1\u00f1ez, ha hecho entrega, junto al presidente de la Xunta de Galicia, Alberto N\u00fa\u00f1ez Feij\u00f3o, de dos Medallas de Honor de la Emigraci\u00f3n, en su categor\u00eda de Oro, en un acto que ha tenido lugar en el Pazo de Raxoi. \u200bF\u00e1tima B\u00e1\u00f1ez comenz\u00f3 su intervenci\u00f3n resaltando la<\/p>\n","protected":false},"author":1,"featured_media":76103,"comment_status":"closed","ping_status":"closed","sticky":false,"template":"","format":"standard","meta":{"footnotes":""},"categories":[343],"tags":[],"class_list":{"0":"post-76102","1":"post","2":"type-post","3":"status-publish","4":"format-standard","5":"has-post-thumbnail","7":"category-actualidad"},"aioseo_notices":[],"aioseo_head":"\n\t\t<!-- All in One SEO Pro 4.9.6.2 - aioseo.com -->\n\t<meta name=\"description\" content=\"La ministra de Empleo y Seguridad Social, F\u00e1tima B\u00e1\u00f1ez, ha hecho entrega, junto al presidente de la Xunta de Galicia, Alberto N\u00fa\u00f1ez Feij\u00f3o, de dos Medallas de Honor de la Emigraci\u00f3n, en su categor\u00eda de Oro, en un acto que ha tenido lugar en el Pazo de Raxoi. \u200bF\u00e1tima B\u00e1\u00f1ez comenz\u00f3 su intervenci\u00f3n resaltando la\" \/>\n\t<meta name=\"robots\" content=\"max-image-preview:large\" \/>\n\t<meta name=\"author\" content=\"Cand\u00e1s 365\"\/>\n\t<meta name=\"google-site-verification\" content=\"UA-32230408-1\" \/>\n\t<meta name=\"msvalidate.01\" content=\"354F3CDFB2DA171B47FBE9ABF1F88D5\" \/>\n\t<meta name=\"keywords\" content=\"actualidad\" \/>\n\t<link rel=\"canonical\" href=\"https:\/\/candas365.es\/noticias\/fatima-banez-entrega-dos-medallas-de-honor-de-la-emigracion\/\" \/>\n\t<meta name=\"generator\" content=\"All in One SEO Pro (AIOSEO) 4.9.6.2\" \/>\n\t\t<meta property=\"og:locale\" content=\"es_ES\" \/>\n\t\t<meta property=\"og:site_name\" content=\"Cand\u00e1s 365\" \/>\n\t\t<meta property=\"og:type\" content=\"article\" \/>\n\t\t<meta property=\"og:title\" content=\"F\u00e1tima B\u00e1\u00f1ez entrega dos Medallas de Honor de la Emigraci\u00f3n | Cand\u00e1s 365\" \/>\n\t\t<meta property=\"og:description\" content=\"La ministra de Empleo y Seguridad Social, F\u00e1tima B\u00e1\u00f1ez, ha hecho entrega, junto al presidente de la Xunta de Galicia, Alberto N\u00fa\u00f1ez Feij\u00f3o, de dos Medallas de Honor de la Emigraci\u00f3n, en su categor\u00eda de Oro, en un acto que ha tenido lugar en el Pazo de Raxoi. \u200bF\u00e1tima B\u00e1\u00f1ez comenz\u00f3 su intervenci\u00f3n resaltando la\" \/>\n\t\t<meta property=\"og:url\" content=\"https:\/\/candas365.es\/noticias\/fatima-banez-entrega-dos-medallas-de-honor-de-la-emigracion\/\" \/>\n\t\t<meta property=\"og:image\" content=\"https:\/\/candas365.es\/noticias\/wp-content\/uploads\/2017\/07\/190717-banez.jpg\" \/>\n\t\t<meta property=\"og:image:secure_url\" content=\"https:\/\/candas365.es\/noticias\/wp-content\/uploads\/2017\/07\/190717-banez.jpg\" \/>\n\t\t<meta property=\"og:image:width\" content=\"496\" \/>\n\t\t<meta property=\"og:image:height\" content=\"329\" \/>\n\t\t<meta property=\"article:published_time\" content=\"2017-07-21T01:57:59+00:00\" \/>\n\t\t<meta property=\"article:modified_time\" content=\"2017-07-21T01:57:59+00:00\" \/>\n\t\t<meta property=\"article:publisher\" content=\"https:\/\/www.facebook.com\/Nachofdezber\" \/>\n\t\t<meta property=\"article:author\" content=\"https:\/\/www.facebook.com\/carrenoactualidad\" \/>\n\t\t<meta name=\"twitter:card\" content=\"summary_large_image\" \/>\n\t\t<meta name=\"twitter:site\" content=\"@NabercoDigital\" \/>\n\t\t<meta name=\"twitter:title\" content=\"F\u00e1tima B\u00e1\u00f1ez entrega dos Medallas de Honor de la Emigraci\u00f3n | Cand\u00e1s 365\" \/>\n\t\t<meta name=\"twitter:description\" content=\"La ministra de Empleo y Seguridad Social, F\u00e1tima B\u00e1\u00f1ez, ha hecho entrega, junto al presidente de la Xunta de Galicia, Alberto N\u00fa\u00f1ez Feij\u00f3o, de dos Medallas de Honor de la Emigraci\u00f3n, en su categor\u00eda de Oro, en un acto que ha tenido lugar en el Pazo de Raxoi. \u200bF\u00e1tima B\u00e1\u00f1ez comenz\u00f3 su intervenci\u00f3n resaltando la\" \/>\n\t\t<meta name=\"twitter:creator\" content=\"@nbasturias\" \/>\n\t\t<meta name=\"twitter:image\" content=\"https:\/\/candas365.es\/noticias\/wp-content\/uploads\/2017\/07\/190717-banez.jpg\" \/>\n\t\t<meta name=\"twitter:label1\" content=\"Escrito por\" \/>\n\t\t<meta name=\"twitter:data1\" content=\"Cand\u00e1s 365\" \/>\n\t\t<meta name=\"twitter:label2\" content=\"Tiempo de lectura estimado\" \/>\n\t\t<meta name=\"twitter:data2\" content=\"2 minutos\" \/>\n\t\t<script type=\"application\/ld+json\" class=\"aioseo-schema\">\n\t\t\t{\"@context\":\"https:\\\/\\\/schema.org\",\"@graph\":[{\"@type\":\"BreadcrumbList\",\"@id\":\"https:\\\/\\\/candas365.es\\\/noticias\\\/fatima-banez-entrega-dos-medallas-de-honor-de-la-emigracion\\\/#breadcrumblist\",\"itemListElement\":[{\"@type\":\"ListItem\",\"@id\":\"https:\\\/\\\/candas365.es\\\/noticias#listItem\",\"position\":1,\"name\":\"Home\",\"item\":\"https:\\\/\\\/candas365.es\\\/noticias\",\"nextItem\":{\"@type\":\"ListItem\",\"@id\":\"https:\\\/\\\/candas365.es\\\/noticias\\\/category\\\/actualidad\\\/#listItem\",\"name\":\"Actualidad\"}},{\"@type\":\"ListItem\",\"@id\":\"https:\\\/\\\/candas365.es\\\/noticias\\\/category\\\/actualidad\\\/#listItem\",\"position\":2,\"name\":\"Actualidad\",\"item\":\"https:\\\/\\\/candas365.es\\\/noticias\\\/category\\\/actualidad\\\/\",\"nextItem\":{\"@type\":\"ListItem\",\"@id\":\"https:\\\/\\\/candas365.es\\\/noticias\\\/fatima-banez-entrega-dos-medallas-de-honor-de-la-emigracion\\\/#listItem\",\"name\":\"F\\u00e1tima B\\u00e1\\u00f1ez entrega dos Medallas de Honor de la Emigraci\\u00f3n\"},\"previousItem\":{\"@type\":\"ListItem\",\"@id\":\"https:\\\/\\\/candas365.es\\\/noticias#listItem\",\"name\":\"Home\"}},{\"@type\":\"ListItem\",\"@id\":\"https:\\\/\\\/candas365.es\\\/noticias\\\/fatima-banez-entrega-dos-medallas-de-honor-de-la-emigracion\\\/#listItem\",\"position\":3,\"name\":\"F\\u00e1tima B\\u00e1\\u00f1ez entrega dos Medallas de Honor de la Emigraci\\u00f3n\",\"previousItem\":{\"@type\":\"ListItem\",\"@id\":\"https:\\\/\\\/candas365.es\\\/noticias\\\/category\\\/actualidad\\\/#listItem\",\"name\":\"Actualidad\"}}]},{\"@type\":\"NewsArticle\",\"@id\":\"https:\\\/\\\/candas365.es\\\/noticias\\\/fatima-banez-entrega-dos-medallas-de-honor-de-la-emigracion\\\/#newsarticle\",\"name\":\"F\\u00e1tima B\\u00e1\\u00f1ez entrega dos Medallas de Honor de la Emigraci\\u00f3n | Cand\\u00e1s 365\",\"headline\":\"F\\u00e1tima B\\u00e1\\u00f1ez entrega dos Medallas de Honor de la Emigraci\\u00f3n\",\"author\":{\"@id\":\"https:\\\/\\\/candas365.es\\\/noticias\\\/author\\\/admin\\\/#author\"},\"publisher\":{\"@id\":\"https:\\\/\\\/candas365.es\\\/noticias\\\/#organization\"},\"image\":{\"@type\":\"ImageObject\",\"url\":\"https:\\\/\\\/candas365.es\\\/noticias\\\/wp-content\\\/uploads\\\/2017\\\/07\\\/190717-banez.jpg\",\"width\":496,\"height\":329},\"datePublished\":\"2017-07-21T01:57:59+02:00\",\"dateModified\":\"2017-07-21T01:57:59+02:00\",\"inLanguage\":\"es-ES\",\"mainEntityOfPage\":{\"@id\":\"https:\\\/\\\/candas365.es\\\/noticias\\\/fatima-banez-entrega-dos-medallas-de-honor-de-la-emigracion\\\/#webpage\"},\"isPartOf\":{\"@id\":\"https:\\\/\\\/candas365.es\\\/noticias\\\/fatima-banez-entrega-dos-medallas-de-honor-de-la-emigracion\\\/#webpage\"},\"articleSection\":\"Actualidad\",\"dateline\":\"Publicado el julio 21, 2017.\"},{\"@type\":\"Organization\",\"@id\":\"https:\\\/\\\/candas365.es\\\/noticias\\\/#organization\",\"name\":\"Cand\\u00e1s 365\",\"description\":\"Cand\\u00e1s 365 es un diario digital independiente, fundado en 2012, con base en Asturias. Informamos con rigor sobre actualidad, sociedad, cultura y ocio, con una mirada local y global.\",\"url\":\"https:\\\/\\\/candas365.es\\\/noticias\\\/\",\"email\":\"info@candas365.es\",\"telephone\":\"+34652131393\",\"foundingDate\":\"2012-06-10\",\"logo\":{\"@type\":\"ImageObject\",\"url\":\"https:\\\/\\\/candas365.es\\\/noticias\\\/wp-content\\\/uploads\\\/2024\\\/09\\\/Candas-365-Redes.jpg\",\"@id\":\"https:\\\/\\\/candas365.es\\\/noticias\\\/fatima-banez-entrega-dos-medallas-de-honor-de-la-emigracion\\\/#organizationLogo\",\"width\":1152,\"height\":864,\"caption\":\"Cand\\u00e1s 365 Redes\"},\"image\":{\"@id\":\"https:\\\/\\\/candas365.es\\\/noticias\\\/fatima-banez-entrega-dos-medallas-de-honor-de-la-emigracion\\\/#organizationLogo\"},\"sameAs\":[\"https:\\\/\\\/www.facebook.com\\\/Nachofdezber\",\"https:\\\/\\\/x.com\\\/NabercoDigital\",\"https:\\\/\\\/www.instagram.com\\\/nachofdezber\\\/\",\"https:\\\/\\\/www.youtube.com\\\/channel\\\/UCZP-2wLEB9Rv6erhFmqVnvg\"],\"address\":{\"@id\":\"https:\\\/\\\/candas365.es\\\/noticias\\\/#postaladdress\",\"@type\":\"PostalAddress\",\"streetAddress\":\"san antonio 4, san antonio 4\",\"postalCode\":\"33430\",\"addressLocality\":\"Cand\\u00e1s\",\"addressRegion\":\"Asturias\",\"addressCountry\":\"ES\"}},{\"@type\":\"Person\",\"@id\":\"https:\\\/\\\/candas365.es\\\/noticias\\\/author\\\/admin\\\/#author\",\"url\":\"https:\\\/\\\/candas365.es\\\/noticias\\\/author\\\/admin\\\/\",\"name\":\"Cand\\u00e1s 365\",\"image\":{\"@type\":\"ImageObject\",\"@id\":\"https:\\\/\\\/candas365.es\\\/noticias\\\/fatima-banez-entrega-dos-medallas-de-honor-de-la-emigracion\\\/#authorImage\",\"url\":\"https:\\\/\\\/secure.gravatar.com\\\/avatar\\\/496a8e03d0c493ede1718b7934145dbdf8d89be1036b0eec9544e1094c9de390?s=96&d=mm&r=g\",\"width\":96,\"height\":96,\"caption\":\"Cand\\u00e1s 365\"},\"sameAs\":[\"https:\\\/\\\/www.facebook.com\\\/carrenoactualidad\",\"https:\\\/\\\/twitter.com\\\/nbasturias\",\"https:\\\/\\\/www.instagram.com\\\/nachofdezber\\\/\",\"https:\\\/\\\/www.youtube.com\\\/channel\\\/UCZP-2wLEB9Rv6erhFmqVnvg\"]},{\"@type\":\"WebPage\",\"@id\":\"https:\\\/\\\/candas365.es\\\/noticias\\\/fatima-banez-entrega-dos-medallas-de-honor-de-la-emigracion\\\/#webpage\",\"url\":\"https:\\\/\\\/candas365.es\\\/noticias\\\/fatima-banez-entrega-dos-medallas-de-honor-de-la-emigracion\\\/\",\"name\":\"F\\u00e1tima B\\u00e1\\u00f1ez entrega dos Medallas de Honor de la Emigraci\\u00f3n | Cand\\u00e1s 365\",\"description\":\"La ministra de Empleo y Seguridad Social, F\\u00e1tima B\\u00e1\\u00f1ez, ha hecho entrega, junto al presidente de la Xunta de Galicia, Alberto N\\u00fa\\u00f1ez Feij\\u00f3o, de dos Medallas de Honor de la Emigraci\\u00f3n, en su categor\\u00eda de Oro, en un acto que ha tenido lugar en el Pazo de Raxoi. \\u200bF\\u00e1tima B\\u00e1\\u00f1ez comenz\\u00f3 su intervenci\\u00f3n resaltando la\",\"inLanguage\":\"es-ES\",\"isPartOf\":{\"@id\":\"https:\\\/\\\/candas365.es\\\/noticias\\\/#website\"},\"breadcrumb\":{\"@id\":\"https:\\\/\\\/candas365.es\\\/noticias\\\/fatima-banez-entrega-dos-medallas-de-honor-de-la-emigracion\\\/#breadcrumblist\"},\"author\":{\"@id\":\"https:\\\/\\\/candas365.es\\\/noticias\\\/author\\\/admin\\\/#author\"},\"creator\":{\"@id\":\"https:\\\/\\\/candas365.es\\\/noticias\\\/author\\\/admin\\\/#author\"},\"image\":{\"@type\":\"ImageObject\",\"url\":\"https:\\\/\\\/candas365.es\\\/noticias\\\/wp-content\\\/uploads\\\/2017\\\/07\\\/190717-banez.jpg\",\"@id\":\"https:\\\/\\\/candas365.es\\\/noticias\\\/fatima-banez-entrega-dos-medallas-de-honor-de-la-emigracion\\\/#mainImage\",\"width\":496,\"height\":329},\"primaryImageOfPage\":{\"@id\":\"https:\\\/\\\/candas365.es\\\/noticias\\\/fatima-banez-entrega-dos-medallas-de-honor-de-la-emigracion\\\/#mainImage\"},\"datePublished\":\"2017-07-21T01:57:59+02:00\",\"dateModified\":\"2017-07-21T01:57:59+02:00\"},{\"@type\":\"WebSite\",\"@id\":\"https:\\\/\\\/candas365.es\\\/noticias\\\/#website\",\"url\":\"https:\\\/\\\/candas365.es\\\/noticias\\\/\",\"name\":\"Cand\\u00e1s 365\",\"alternateName\":\"Cand\\u00e1s 365 Noticias\",\"description\":\"Actualidad desde Carre\\u00f1o para el mundo\",\"inLanguage\":\"es-ES\",\"publisher\":{\"@id\":\"https:\\\/\\\/candas365.es\\\/noticias\\\/#organization\"}}]}\n\t\t<\/script>\n\t\t<!-- All in One SEO Pro -->\r\n\t\t<title>F\u00e1tima B\u00e1\u00f1ez entrega dos Medallas de Honor de la Emigraci\u00f3n | Cand\u00e1s 365<\/title>\n\n","aioseo_head_json":{"title":"F\u00e1tima B\u00e1\u00f1ez entrega dos Medallas de Honor de la Emigraci\u00f3n | Cand\u00e1s 365","description":"La ministra de Empleo y Seguridad Social, F\u00e1tima B\u00e1\u00f1ez, ha hecho entrega, junto al presidente de la Xunta de Galicia, Alberto N\u00fa\u00f1ez Feij\u00f3o, de dos Medallas de Honor de la Emigraci\u00f3n, en su categor\u00eda de Oro, en un acto que ha tenido lugar en el Pazo de Raxoi. \u200bF\u00e1tima B\u00e1\u00f1ez comenz\u00f3 su intervenci\u00f3n resaltando la","canonical_url":"https:\/\/candas365.es\/noticias\/fatima-banez-entrega-dos-medallas-de-honor-de-la-emigracion\/","robots":"max-image-preview:large","keywords":"actualidad","webmasterTools":{"google-site-verification":"UA-32230408-1","msvalidate.01":"354F3CDFB2DA171B47FBE9ABF1F88D5","miscellaneous":""},"schema":{"@context":"https:\/\/schema.org","@graph":[{"@type":"BreadcrumbList","@id":"https:\/\/candas365.es\/noticias\/fatima-banez-entrega-dos-medallas-de-honor-de-la-emigracion\/#breadcrumblist","itemListElement":[{"@type":"ListItem","@id":"https:\/\/candas365.es\/noticias#listItem","position":1,"name":"Home","item":"https:\/\/candas365.es\/noticias","nextItem":{"@type":"ListItem","@id":"https:\/\/candas365.es\/noticias\/category\/actualidad\/#listItem","name":"Actualidad"}},{"@type":"ListItem","@id":"https:\/\/candas365.es\/noticias\/category\/actualidad\/#listItem","position":2,"name":"Actualidad","item":"https:\/\/candas365.es\/noticias\/category\/actualidad\/","nextItem":{"@type":"ListItem","@id":"https:\/\/candas365.es\/noticias\/fatima-banez-entrega-dos-medallas-de-honor-de-la-emigracion\/#listItem","name":"F\u00e1tima B\u00e1\u00f1ez entrega dos Medallas de Honor de la Emigraci\u00f3n"},"previousItem":{"@type":"ListItem","@id":"https:\/\/candas365.es\/noticias#listItem","name":"Home"}},{"@type":"ListItem","@id":"https:\/\/candas365.es\/noticias\/fatima-banez-entrega-dos-medallas-de-honor-de-la-emigracion\/#listItem","position":3,"name":"F\u00e1tima B\u00e1\u00f1ez entrega dos Medallas de Honor de la Emigraci\u00f3n","previousItem":{"@type":"ListItem","@id":"https:\/\/candas365.es\/noticias\/category\/actualidad\/#listItem","name":"Actualidad"}}]},{"@type":"NewsArticle","@id":"https:\/\/candas365.es\/noticias\/fatima-banez-entrega-dos-medallas-de-honor-de-la-emigracion\/#newsarticle","name":"F\u00e1tima B\u00e1\u00f1ez entrega dos Medallas de Honor de la Emigraci\u00f3n | Cand\u00e1s 365","headline":"F\u00e1tima B\u00e1\u00f1ez entrega dos Medallas de Honor de la Emigraci\u00f3n","author":{"@id":"https:\/\/candas365.es\/noticias\/author\/admin\/#author"},"publisher":{"@id":"https:\/\/candas365.es\/noticias\/#organization"},"image":{"@type":"ImageObject","url":"https:\/\/candas365.es\/noticias\/wp-content\/uploads\/2017\/07\/190717-banez.jpg","width":496,"height":329},"datePublished":"2017-07-21T01:57:59+02:00","dateModified":"2017-07-21T01:57:59+02:00","inLanguage":"es-ES","mainEntityOfPage":{"@id":"https:\/\/candas365.es\/noticias\/fatima-banez-entrega-dos-medallas-de-honor-de-la-emigracion\/#webpage"},"isPartOf":{"@id":"https:\/\/candas365.es\/noticias\/fatima-banez-entrega-dos-medallas-de-honor-de-la-emigracion\/#webpage"},"articleSection":"Actualidad","dateline":"Publicado el julio 21, 2017."},{"@type":"Organization","@id":"https:\/\/candas365.es\/noticias\/#organization","name":"Cand\u00e1s 365","description":"Cand\u00e1s 365 es un diario digital independiente, fundado en 2012, con base en Asturias. Informamos con rigor sobre actualidad, sociedad, cultura y ocio, con una mirada local y global.","url":"https:\/\/candas365.es\/noticias\/","email":"info@candas365.es","telephone":"+34652131393","foundingDate":"2012-06-10","logo":{"@type":"ImageObject","url":"https:\/\/candas365.es\/noticias\/wp-content\/uploads\/2024\/09\/Candas-365-Redes.jpg","@id":"https:\/\/candas365.es\/noticias\/fatima-banez-entrega-dos-medallas-de-honor-de-la-emigracion\/#organizationLogo","width":1152,"height":864,"caption":"Cand\u00e1s 365 Redes"},"image":{"@id":"https:\/\/candas365.es\/noticias\/fatima-banez-entrega-dos-medallas-de-honor-de-la-emigracion\/#organizationLogo"},"sameAs":["https:\/\/www.facebook.com\/Nachofdezber","https:\/\/x.com\/NabercoDigital","https:\/\/www.instagram.com\/nachofdezber\/","https:\/\/www.youtube.com\/channel\/UCZP-2wLEB9Rv6erhFmqVnvg"],"address":{"@id":"https:\/\/candas365.es\/noticias\/#postaladdress","@type":"PostalAddress","streetAddress":"san antonio 4, san antonio 4","postalCode":"33430","addressLocality":"Cand\u00e1s","addressRegion":"Asturias","addressCountry":"ES"}},{"@type":"Person","@id":"https:\/\/candas365.es\/noticias\/author\/admin\/#author","url":"https:\/\/candas365.es\/noticias\/author\/admin\/","name":"Cand\u00e1s 365","image":{"@type":"ImageObject","@id":"https:\/\/candas365.es\/noticias\/fatima-banez-entrega-dos-medallas-de-honor-de-la-emigracion\/#authorImage","url":"https:\/\/secure.gravatar.com\/avatar\/496a8e03d0c493ede1718b7934145dbdf8d89be1036b0eec9544e1094c9de390?s=96&d=mm&r=g","width":96,"height":96,"caption":"Cand\u00e1s 365"},"sameAs":["https:\/\/www.facebook.com\/carrenoactualidad","https:\/\/twitter.com\/nbasturias","https:\/\/www.instagram.com\/nachofdezber\/","https:\/\/www.youtube.com\/channel\/UCZP-2wLEB9Rv6erhFmqVnvg"]},{"@type":"WebPage","@id":"https:\/\/candas365.es\/noticias\/fatima-banez-entrega-dos-medallas-de-honor-de-la-emigracion\/#webpage","url":"https:\/\/candas365.es\/noticias\/fatima-banez-entrega-dos-medallas-de-honor-de-la-emigracion\/","name":"F\u00e1tima B\u00e1\u00f1ez entrega dos Medallas de Honor de la Emigraci\u00f3n | Cand\u00e1s 365","description":"La ministra de Empleo y Seguridad Social, F\u00e1tima B\u00e1\u00f1ez, ha hecho entrega, junto al presidente de la Xunta de Galicia, Alberto N\u00fa\u00f1ez Feij\u00f3o, de dos Medallas de Honor de la Emigraci\u00f3n, en su categor\u00eda de Oro, en un acto que ha tenido lugar en el Pazo de Raxoi. \u200bF\u00e1tima B\u00e1\u00f1ez comenz\u00f3 su intervenci\u00f3n resaltando la","inLanguage":"es-ES","isPartOf":{"@id":"https:\/\/candas365.es\/noticias\/#website"},"breadcrumb":{"@id":"https:\/\/candas365.es\/noticias\/fatima-banez-entrega-dos-medallas-de-honor-de-la-emigracion\/#breadcrumblist"},"author":{"@id":"https:\/\/candas365.es\/noticias\/author\/admin\/#author"},"creator":{"@id":"https:\/\/candas365.es\/noticias\/author\/admin\/#author"},"image":{"@type":"ImageObject","url":"https:\/\/candas365.es\/noticias\/wp-content\/uploads\/2017\/07\/190717-banez.jpg","@id":"https:\/\/candas365.es\/noticias\/fatima-banez-entrega-dos-medallas-de-honor-de-la-emigracion\/#mainImage","width":496,"height":329},"primaryImageOfPage":{"@id":"https:\/\/candas365.es\/noticias\/fatima-banez-entrega-dos-medallas-de-honor-de-la-emigracion\/#mainImage"},"datePublished":"2017-07-21T01:57:59+02:00","dateModified":"2017-07-21T01:57:59+02:00"},{"@type":"WebSite","@id":"https:\/\/candas365.es\/noticias\/#website","url":"https:\/\/candas365.es\/noticias\/","name":"Cand\u00e1s 365","alternateName":"Cand\u00e1s 365 Noticias","description":"Actualidad desde Carre\u00f1o para el mundo","inLanguage":"es-ES","publisher":{"@id":"https:\/\/candas365.es\/noticias\/#organization"}}]},"og:locale":"es_ES","og:site_name":"Cand\u00e1s 365","og:type":"article","og:title":"F\u00e1tima B\u00e1\u00f1ez entrega dos Medallas de Honor de la Emigraci\u00f3n | Cand\u00e1s 365","og:description":"La ministra de Empleo y Seguridad Social, F\u00e1tima B\u00e1\u00f1ez, ha hecho entrega, junto al presidente de la Xunta de Galicia, Alberto N\u00fa\u00f1ez Feij\u00f3o, de dos Medallas de Honor de la Emigraci\u00f3n, en su categor\u00eda de Oro, en un acto que ha tenido lugar en el Pazo de Raxoi. \u200bF\u00e1tima B\u00e1\u00f1ez comenz\u00f3 su intervenci\u00f3n resaltando la","og:url":"https:\/\/candas365.es\/noticias\/fatima-banez-entrega-dos-medallas-de-honor-de-la-emigracion\/","og:image":"https:\/\/candas365.es\/noticias\/wp-content\/uploads\/2017\/07\/190717-banez.jpg","og:image:secure_url":"https:\/\/candas365.es\/noticias\/wp-content\/uploads\/2017\/07\/190717-banez.jpg","og:image:width":496,"og:image:height":329,"article:published_time":"2017-07-21T01:57:59+00:00","article:modified_time":"2017-07-21T01:57:59+00:00","article:publisher":"https:\/\/www.facebook.com\/Nachofdezber","article:author":"https:\/\/www.facebook.com\/carrenoactualidad","twitter:card":"summary_large_image","twitter:site":"@NabercoDigital","twitter:title":"F\u00e1tima B\u00e1\u00f1ez entrega dos Medallas de Honor de la Emigraci\u00f3n | Cand\u00e1s 365","twitter:description":"La ministra de Empleo y Seguridad Social, F\u00e1tima B\u00e1\u00f1ez, ha hecho entrega, junto al presidente de la Xunta de Galicia, Alberto N\u00fa\u00f1ez Feij\u00f3o, de dos Medallas de Honor de la Emigraci\u00f3n, en su categor\u00eda de Oro, en un acto que ha tenido lugar en el Pazo de Raxoi. \u200bF\u00e1tima B\u00e1\u00f1ez comenz\u00f3 su intervenci\u00f3n resaltando la","twitter:creator":"@nbasturias","twitter:image":"https:\/\/candas365.es\/noticias\/wp-content\/uploads\/2017\/07\/190717-banez.jpg","twitter:label1":"Escrito por","twitter:data1":"Cand\u00e1s 365","twitter:label2":"Tiempo de lectura estimado","twitter:data2":"2 minutos"},"aioseo_meta_data":{"post_id":"76102","title":null,"description":null,"keywords":null,"keyphrases":null,"primary_term":null,"canonical_url":null,"og_title":null,"og_description":null,"og_object_type":"default","og_image_type":"default","og_image_url":null,"og_image_width":null,"og_image_height":null,"og_image_custom_url":null,"og_image_custom_fields":null,"og_video":null,"og_custom_url":null,"og_article_section":null,"og_article_tags":null,"twitter_use_og":false,"twitter_card":"default","twitter_image_type":"default","twitter_image_url":null,"twitter_image_custom_url":null,"twitter_image_custom_fields":null,"twitter_title":null,"twitter_description":null,"schema":{"blockGraphs":[],"customGraphs":[],"default":{"data":{"Article":[],"Course":[],"Dataset":[],"FAQPage":[],"Movie":[],"Person":[],"Product":[],"ProductReview":[],"Car":[],"Recipe":[],"Service":[],"SoftwareApplication":[],"WebPage":[]},"graphName":"","isEnabled":true},"graphs":[],"defaultGraph":"","defaultPostTypeGraph":""},"schema_type":null,"schema_type_options":null,"pillar_content":false,"robots_default":true,"robots_noindex":false,"robots_noarchive":false,"robots_nosnippet":false,"robots_nofollow":false,"robots_noimageindex":false,"robots_noodp":false,"robots_notranslate":false,"robots_max_snippet":null,"robots_max_videopreview":null,"robots_max_imagepreview":"large","priority":null,"frequency":null,"location":null,"local_seo":null,"seo_analyzer_scan_date":"2025-08-25 18:55:12","breadcrumb_settings":null,"limit_modified_date":false,"reviewed_by":null,"open_ai":null,"ai":null,"created":"2020-12-21 12:56:16","updated":"2025-08-25 18:55:12"},"aioseo_breadcrumb":"<div class=\"aioseo-breadcrumbs\"><span class=\"aioseo-breadcrumb\">\n\t<a href=\"https:\/\/candas365.es\/noticias\" title=\"Home\">Home<\/a>\n<\/span><span class=\"aioseo-breadcrumb-separator\">&ndash;<\/span><span class=\"aioseo-breadcrumb\">\n\t<a href=\"https:\/\/candas365.es\/noticias\/category\/actualidad\/\" title=\"Actualidad\">Actualidad<\/a>\n<\/span><span class=\"aioseo-breadcrumb-separator\">&ndash;<\/span><span class=\"aioseo-breadcrumb\">\n\tF\u00e1tima B\u00e1\u00f1ez entrega dos Medallas de Honor de la Emigraci\u00f3n\n<\/span><\/div>","aioseo_breadcrumb_json":[{"label":"Home","link":"https:\/\/candas365.es\/noticias"},{"label":"Actualidad","link":"https:\/\/candas365.es\/noticias\/category\/actualidad\/"},{"label":"F\u00e1tima B\u00e1\u00f1ez entrega dos Medallas de Honor de la Emigraci\u00f3n","link":"https:\/\/candas365.es\/noticias\/fatima-banez-entrega-dos-medallas-de-honor-de-la-emigracion\/"}],"_links":{"self":[{"href":"https:\/\/candas365.es\/noticias\/wp-json\/wp\/v2\/posts\/76102","targetHints":{"allow":["GET"]}}],"collection":[{"href":"https:\/\/candas365.es\/noticias\/wp-json\/wp\/v2\/posts"}],"about":[{"href":"https:\/\/candas365.es\/noticias\/wp-json\/wp\/v2\/types\/post"}],"author":[{"embeddable":true,"href":"https:\/\/candas365.es\/noticias\/wp-json\/wp\/v2\/users\/1"}],"replies":[{"embeddable":true,"href":"https:\/\/candas365.es\/noticias\/wp-json\/wp\/v2\/comments?post=76102"}],"version-history":[{"count":0,"href":"https:\/\/candas365.es\/noticias\/wp-json\/wp\/v2\/posts\/76102\/revisions"}],"wp:featuredmedia":[{"embeddable":true,"href":"https:\/\/candas365.es\/noticias\/wp-json\/wp\/v2\/media\/76103"}],"wp:attachment":[{"href":"https:\/\/candas365.es\/noticias\/wp-json\/wp\/v2\/media?parent=76102"}],"wp:term":[{"taxonomy":"category","embeddable":true,"href":"https:\/\/candas365.es\/noticias\/wp-json\/wp\/v2\/categories?post=76102"},{"taxonomy":"post_tag","embeddable":true,"href":"https:\/\/candas365.es\/noticias\/wp-json\/wp\/v2\/tags?post=76102"}],"curies":[{"name":"wp","href":"https:\/\/api.w.org\/{rel}","templated":true}]}}