{"id":76099,"date":"2017-07-21T01:56:35","date_gmt":"2017-07-21T01:56:35","guid":{"rendered":"http:\/\/candas365.es\/noticias\/?p=76099"},"modified":"2017-07-21T01:56:35","modified_gmt":"2017-07-21T01:56:35","slug":"el-estado-y-el-pais-vasco-acuerdan-la-nueva-ley-del-cupo","status":"publish","type":"post","link":"https:\/\/candas365.es\/noticias\/el-estado-y-el-pais-vasco-acuerdan-la-nueva-ley-del-cupo\/","title":{"rendered":"El Estado y el Pa\u00eds Vasco acuerdan la nueva Ley del Cupo"},"content":{"rendered":"<p><img fetchpriority=\"high\" decoding=\"async\" class=\"alignleft size-medium wp-image-76100\" src=\"https:\/\/candas365.es\/noticias\/wp-content\/uploads\/2017\/07\/190717-montoro-360x239.jpg\" alt=\"\" width=\"360\" height=\"239\" srcset=\"https:\/\/candas365.es\/noticias\/wp-content\/uploads\/2017\/07\/190717-montoro-360x239.jpg 360w, https:\/\/candas365.es\/noticias\/wp-content\/uploads\/2017\/07\/190717-montoro-84x55.jpg 84w, https:\/\/candas365.es\/noticias\/wp-content\/uploads\/2017\/07\/190717-montoro.jpg 496w\" sizes=\"(max-width: 360px) 100vw, 360px\" \/>Los representantes de la Administraci\u00f3n General del Estado (AGE) y del Pa\u00eds Vasco en la Comisi\u00f3n Mixta del Concierto Econ\u00f3mico han alcanzado varios acuerdos relativos a la actualizaci\u00f3n de la Ley del Cupo para el quinquenio 2017-2021, los objetivos de estabilidad presupuestaria y deuda p\u00fablica para la Comunidad Aut\u00f3noma y varias modificaciones del Concierto Econ\u00f3mico en sus aspectos tributarios.<\/p>\n<p>En el acto han participado en representaci\u00f3n del Estado el ministro de Hacienda y Funci\u00f3n P\u00fablica, Crist\u00f3bal Montoro, los secretarios de Estado de Hacienda y de Presupuestos y Gastos, el secretario de Estado para las Administraciones Territoriales, la secretaria general de Financiaci\u00f3n Auton\u00f3mica y Local y el director general de Relaciones con las Comunidades Aut\u00f3nomas y Entidades Locales.<\/p>\n<p>La representaci\u00f3n del Pa\u00eds Vasco ha estado encabezada por el consejero de Hacienda y Econom\u00eda, Pedro Azpiazu, y el consejero de Gobernanza P\u00fablica y Autogobierno, Josu Erkoreka, acompa\u00f1ados por los diputados generales de \u00c1lava, Bizkaia y Guipuzkoa y por el viceconsejero de Hacienda.<\/p>\n<p>La Comisi\u00f3n ha fijado el cupo base para el a\u00f1o 2017 en 1.300 millones de euros y mantiene el \u00edndice de imputaci\u00f3n en el 6,24% para este quinquenio.<\/p>\n<p>El texto, que ser\u00e1 remitido a las Cortes Generales como proyecto de ley, determina tambi\u00e9n los \u00edndices de consumo y de recaudaci\u00f3n aplicables a los ajustes forales a consumo correspondientes a los impuestos indirectos (IVA e IIEE), manteniendo los valores del quinquenio anterior e introduciendo en la redacci\u00f3n alguna adaptaci\u00f3n t\u00e9cnica para precisar el procedimiento de regularizaci\u00f3n de flujos correspondientes a los tipos auton\u00f3micos del Impuesto sobre Hidrocarburos.<\/p>\n<p>La redacci\u00f3n de la Ley del Cupo se simplifica respecto a la anterior (Ley 29\/2007) con la finalidad de evitar que surjan discrepancias como las derivadas de los quinquenios anteriores. Con ello, con el acuerdo alcanzado se dota de mayor claridad y estabilidad a las relaciones financieras entre ambas Administraciones de cara al pr\u00f3ximo quinquenio.<\/p>\n<p><strong>Modificaciones del Concierto Econ\u00f3mico<\/strong><\/p>\n<p>La Comisi\u00f3n Mixta tambi\u00e9n ha acordado introducir algunas modificaciones que vienen a adaptar el Concierto a determinados cambios legislativos que se han producido en la normativa estatal y que estaban pendientes de incorporarse en el mismo.<\/p>\n<p>As\u00ed, entre otros, se modifican los preceptos relativos a grupos fiscales, al Impuesto sobre la Electricidad y a la opci\u00f3n de los no residentes para tributar por el IRPF al tiempo que se adapta la regulaci\u00f3n del Delito Fiscal de acuerdo con el nuevo r\u00e9gimen establecido en el C\u00f3digo Penal. Tambi\u00e9n se ha acordado la concertaci\u00f3n del Impuesto sobre el valor de la extracci\u00f3n del gas, petr\u00f3leo y condensados, creado con posterioridad a la \u00faltima actualizaci\u00f3n del Concierto<\/p>\n<p>Por otra parte, se introducen mejoras en la gesti\u00f3n tributaria y en la coordinaci\u00f3n entre Administraciones, acordando un nuevo procedimiento para la regularizaci\u00f3n de cuotas de IVA devueltas en los supuestos de inicio de actividad, suscribiendo las reglas para la asignaci\u00f3n y revocaci\u00f3n del NIF e introduciendo nuevas reglas de coordinaci\u00f3n de competencias exaccionadoras e inspectoras entre Administraciones en supuestos de regularizaci\u00f3n de operaciones entre personas o entidades vinculadas.<\/p>\n<p>Otras medidas introducidas conciernen al IRPF, al Impuesto de Sociedades e IVA y al de Sucesiones y Donaciones e implican la optimizaci\u00f3n de la capacidad de la gesti\u00f3n tributaria de estos impuestos por parte de las diputaciones forales.<\/p>\n<p><strong>Senda de estabilidad<\/strong><\/p>\n<p>La Comisi\u00f3n ha ratificado tambi\u00e9n los nuevos objetivos de estabilidad presupuestaria y deuda p\u00fablica para el Pa\u00eds Vasco de cara al periodo 2018-2020, estableciendo los valores de d\u00e9ficit en el 0,4% en 2018, el 0,1% en 2019 y el 0,0% en 2020, mientras que el objetivo de deuda p\u00fablica queda fijado en el 14,2% para 2018, el 13,8% para 2019 y el 13,2% para 2020.<\/p>\n<p><strong>Grupo de trabajo<\/strong><\/p>\n<p>Otro de los acuerdos alcanzados en la Comisi\u00f3n celebrada en la tarde de hoy prev\u00e9 la creaci\u00f3n de un grupo de trabajo para analizar el r\u00e9gimen especial de los servicios de telecomunicaciones, radiodifusi\u00f3n o televisi\u00f3n y los prestados por v\u00eda electr\u00f3nica en el IVA (\u00abMini One-Stop Shop\u00bb MOSS) y su aplicaci\u00f3n en el marco del Concierto. Estar\u00e1 compuesto por cuatro representantes de la Administraci\u00f3n General del Estado y cuatro del Gobierno Vasco.<\/p>\n","protected":false},"excerpt":{"rendered":"<p>Los representantes de la Administraci\u00f3n General del Estado (AGE) y del Pa\u00eds Vasco en la Comisi\u00f3n Mixta del Concierto Econ\u00f3mico han alcanzado varios acuerdos relativos a la actualizaci\u00f3n de la Ley del Cupo para el quinquenio 2017-2021, los objetivos de estabilidad presupuestaria y deuda p\u00fablica para la Comunidad Aut\u00f3noma y varias modificaciones del Concierto Econ\u00f3mico<\/p>\n","protected":false},"author":1,"featured_media":76100,"comment_status":"closed","ping_status":"closed","sticky":false,"template":"","format":"standard","meta":{"footnotes":""},"categories":[343],"tags":[],"class_list":{"0":"post-76099","1":"post","2":"type-post","3":"status-publish","4":"format-standard","5":"has-post-thumbnail","7":"category-actualidad"},"aioseo_notices":[],"aioseo_head":"\n\t\t<!-- All in One SEO Pro 4.9.6.2 - aioseo.com -->\n\t<meta name=\"description\" content=\"Los representantes de la Administraci\u00f3n General del Estado (AGE) y del Pa\u00eds Vasco en la Comisi\u00f3n Mixta del Concierto Econ\u00f3mico han alcanzado varios acuerdos relativos a la actualizaci\u00f3n de la Ley del Cupo para el quinquenio 2017-2021, los objetivos de estabilidad presupuestaria y deuda p\u00fablica para la Comunidad Aut\u00f3noma y varias modificaciones del Concierto Econ\u00f3mico\" \/>\n\t<meta name=\"robots\" content=\"max-image-preview:large\" \/>\n\t<meta name=\"author\" content=\"Cand\u00e1s 365\"\/>\n\t<meta name=\"google-site-verification\" content=\"UA-32230408-1\" \/>\n\t<meta name=\"msvalidate.01\" content=\"354F3CDFB2DA171B47FBE9ABF1F88D5\" \/>\n\t<meta name=\"keywords\" content=\"actualidad\" \/>\n\t<link rel=\"canonical\" href=\"https:\/\/candas365.es\/noticias\/el-estado-y-el-pais-vasco-acuerdan-la-nueva-ley-del-cupo\/\" \/>\n\t<meta name=\"generator\" content=\"All in One SEO Pro (AIOSEO) 4.9.6.2\" \/>\n\t\t<meta property=\"og:locale\" content=\"es_ES\" \/>\n\t\t<meta property=\"og:site_name\" content=\"Cand\u00e1s 365\" \/>\n\t\t<meta property=\"og:type\" content=\"article\" \/>\n\t\t<meta property=\"og:title\" content=\"El Estado y el Pa\u00eds Vasco acuerdan la nueva Ley del Cupo | Cand\u00e1s 365\" \/>\n\t\t<meta property=\"og:description\" content=\"Los representantes de la Administraci\u00f3n General del Estado (AGE) y del Pa\u00eds Vasco en la Comisi\u00f3n Mixta del Concierto Econ\u00f3mico han alcanzado varios acuerdos relativos a la actualizaci\u00f3n de la Ley del Cupo para el quinquenio 2017-2021, los objetivos de estabilidad presupuestaria y deuda p\u00fablica para la Comunidad Aut\u00f3noma y varias modificaciones del Concierto Econ\u00f3mico\" \/>\n\t\t<meta property=\"og:url\" content=\"https:\/\/candas365.es\/noticias\/el-estado-y-el-pais-vasco-acuerdan-la-nueva-ley-del-cupo\/\" \/>\n\t\t<meta property=\"og:image\" content=\"https:\/\/candas365.es\/noticias\/wp-content\/uploads\/2017\/07\/190717-montoro.jpg\" \/>\n\t\t<meta property=\"og:image:secure_url\" content=\"https:\/\/candas365.es\/noticias\/wp-content\/uploads\/2017\/07\/190717-montoro.jpg\" \/>\n\t\t<meta property=\"og:image:width\" content=\"496\" \/>\n\t\t<meta property=\"og:image:height\" content=\"329\" \/>\n\t\t<meta property=\"article:published_time\" content=\"2017-07-21T01:56:35+00:00\" \/>\n\t\t<meta property=\"article:modified_time\" content=\"2017-07-21T01:56:35+00:00\" \/>\n\t\t<meta property=\"article:publisher\" content=\"https:\/\/www.facebook.com\/Nachofdezber\" \/>\n\t\t<meta property=\"article:author\" content=\"https:\/\/www.facebook.com\/carrenoactualidad\" \/>\n\t\t<meta name=\"twitter:card\" content=\"summary_large_image\" \/>\n\t\t<meta name=\"twitter:site\" content=\"@NabercoDigital\" \/>\n\t\t<meta name=\"twitter:title\" content=\"El Estado y el Pa\u00eds Vasco acuerdan la nueva Ley del Cupo | Cand\u00e1s 365\" \/>\n\t\t<meta name=\"twitter:description\" content=\"Los representantes de la Administraci\u00f3n General del Estado (AGE) y del Pa\u00eds Vasco en la Comisi\u00f3n Mixta del Concierto Econ\u00f3mico han alcanzado varios acuerdos relativos a la actualizaci\u00f3n de la Ley del Cupo para el quinquenio 2017-2021, los objetivos de estabilidad presupuestaria y deuda p\u00fablica para la Comunidad Aut\u00f3noma y varias modificaciones del Concierto Econ\u00f3mico\" \/>\n\t\t<meta name=\"twitter:creator\" content=\"@nbasturias\" \/>\n\t\t<meta name=\"twitter:image\" content=\"https:\/\/candas365.es\/noticias\/wp-content\/uploads\/2017\/07\/190717-montoro.jpg\" \/>\n\t\t<meta name=\"twitter:label1\" content=\"Escrito por\" \/>\n\t\t<meta name=\"twitter:data1\" content=\"Cand\u00e1s 365\" \/>\n\t\t<meta name=\"twitter:label2\" content=\"Tiempo de lectura estimado\" \/>\n\t\t<meta name=\"twitter:data2\" content=\"4 minutos\" \/>\n\t\t<script type=\"application\/ld+json\" class=\"aioseo-schema\">\n\t\t\t{\"@context\":\"https:\\\/\\\/schema.org\",\"@graph\":[{\"@type\":\"BreadcrumbList\",\"@id\":\"https:\\\/\\\/candas365.es\\\/noticias\\\/el-estado-y-el-pais-vasco-acuerdan-la-nueva-ley-del-cupo\\\/#breadcrumblist\",\"itemListElement\":[{\"@type\":\"ListItem\",\"@id\":\"https:\\\/\\\/candas365.es\\\/noticias#listItem\",\"position\":1,\"name\":\"Home\",\"item\":\"https:\\\/\\\/candas365.es\\\/noticias\",\"nextItem\":{\"@type\":\"ListItem\",\"@id\":\"https:\\\/\\\/candas365.es\\\/noticias\\\/category\\\/actualidad\\\/#listItem\",\"name\":\"Actualidad\"}},{\"@type\":\"ListItem\",\"@id\":\"https:\\\/\\\/candas365.es\\\/noticias\\\/category\\\/actualidad\\\/#listItem\",\"position\":2,\"name\":\"Actualidad\",\"item\":\"https:\\\/\\\/candas365.es\\\/noticias\\\/category\\\/actualidad\\\/\",\"nextItem\":{\"@type\":\"ListItem\",\"@id\":\"https:\\\/\\\/candas365.es\\\/noticias\\\/el-estado-y-el-pais-vasco-acuerdan-la-nueva-ley-del-cupo\\\/#listItem\",\"name\":\"El Estado y el Pa\\u00eds Vasco acuerdan la nueva Ley del Cupo\"},\"previousItem\":{\"@type\":\"ListItem\",\"@id\":\"https:\\\/\\\/candas365.es\\\/noticias#listItem\",\"name\":\"Home\"}},{\"@type\":\"ListItem\",\"@id\":\"https:\\\/\\\/candas365.es\\\/noticias\\\/el-estado-y-el-pais-vasco-acuerdan-la-nueva-ley-del-cupo\\\/#listItem\",\"position\":3,\"name\":\"El Estado y el Pa\\u00eds Vasco acuerdan la nueva Ley del Cupo\",\"previousItem\":{\"@type\":\"ListItem\",\"@id\":\"https:\\\/\\\/candas365.es\\\/noticias\\\/category\\\/actualidad\\\/#listItem\",\"name\":\"Actualidad\"}}]},{\"@type\":\"NewsArticle\",\"@id\":\"https:\\\/\\\/candas365.es\\\/noticias\\\/el-estado-y-el-pais-vasco-acuerdan-la-nueva-ley-del-cupo\\\/#newsarticle\",\"name\":\"El Estado y el Pa\\u00eds Vasco acuerdan la nueva Ley del Cupo | Cand\\u00e1s 365\",\"headline\":\"El Estado y el Pa\\u00eds Vasco acuerdan la nueva Ley del Cupo\",\"author\":{\"@id\":\"https:\\\/\\\/candas365.es\\\/noticias\\\/author\\\/admin\\\/#author\"},\"publisher\":{\"@id\":\"https:\\\/\\\/candas365.es\\\/noticias\\\/#organization\"},\"image\":{\"@type\":\"ImageObject\",\"url\":\"https:\\\/\\\/candas365.es\\\/noticias\\\/wp-content\\\/uploads\\\/2017\\\/07\\\/190717-montoro.jpg\",\"width\":496,\"height\":329},\"datePublished\":\"2017-07-21T01:56:35+02:00\",\"dateModified\":\"2017-07-21T01:56:35+02:00\",\"inLanguage\":\"es-ES\",\"mainEntityOfPage\":{\"@id\":\"https:\\\/\\\/candas365.es\\\/noticias\\\/el-estado-y-el-pais-vasco-acuerdan-la-nueva-ley-del-cupo\\\/#webpage\"},\"isPartOf\":{\"@id\":\"https:\\\/\\\/candas365.es\\\/noticias\\\/el-estado-y-el-pais-vasco-acuerdan-la-nueva-ley-del-cupo\\\/#webpage\"},\"articleSection\":\"Actualidad\",\"dateline\":\"Publicado el julio 21, 2017.\"},{\"@type\":\"Organization\",\"@id\":\"https:\\\/\\\/candas365.es\\\/noticias\\\/#organization\",\"name\":\"Cand\\u00e1s 365\",\"description\":\"Cand\\u00e1s 365 es un diario digital independiente, fundado en 2012, con base en Asturias. Informamos con rigor sobre actualidad, sociedad, cultura y ocio, con una mirada local y global.\",\"url\":\"https:\\\/\\\/candas365.es\\\/noticias\\\/\",\"email\":\"info@candas365.es\",\"telephone\":\"+34652131393\",\"foundingDate\":\"2012-06-10\",\"logo\":{\"@type\":\"ImageObject\",\"url\":\"https:\\\/\\\/candas365.es\\\/noticias\\\/wp-content\\\/uploads\\\/2024\\\/09\\\/Candas-365-Redes.jpg\",\"@id\":\"https:\\\/\\\/candas365.es\\\/noticias\\\/el-estado-y-el-pais-vasco-acuerdan-la-nueva-ley-del-cupo\\\/#organizationLogo\",\"width\":1152,\"height\":864,\"caption\":\"Cand\\u00e1s 365 Redes\"},\"image\":{\"@id\":\"https:\\\/\\\/candas365.es\\\/noticias\\\/el-estado-y-el-pais-vasco-acuerdan-la-nueva-ley-del-cupo\\\/#organizationLogo\"},\"sameAs\":[\"https:\\\/\\\/www.facebook.com\\\/Nachofdezber\",\"https:\\\/\\\/x.com\\\/NabercoDigital\",\"https:\\\/\\\/www.instagram.com\\\/nachofdezber\\\/\",\"https:\\\/\\\/www.youtube.com\\\/channel\\\/UCZP-2wLEB9Rv6erhFmqVnvg\"],\"address\":{\"@id\":\"https:\\\/\\\/candas365.es\\\/noticias\\\/#postaladdress\",\"@type\":\"PostalAddress\",\"streetAddress\":\"san antonio 4, san antonio 4\",\"postalCode\":\"33430\",\"addressLocality\":\"Cand\\u00e1s\",\"addressRegion\":\"Asturias\",\"addressCountry\":\"ES\"}},{\"@type\":\"Person\",\"@id\":\"https:\\\/\\\/candas365.es\\\/noticias\\\/author\\\/admin\\\/#author\",\"url\":\"https:\\\/\\\/candas365.es\\\/noticias\\\/author\\\/admin\\\/\",\"name\":\"Cand\\u00e1s 365\",\"image\":{\"@type\":\"ImageObject\",\"@id\":\"https:\\\/\\\/candas365.es\\\/noticias\\\/el-estado-y-el-pais-vasco-acuerdan-la-nueva-ley-del-cupo\\\/#authorImage\",\"url\":\"https:\\\/\\\/secure.gravatar.com\\\/avatar\\\/496a8e03d0c493ede1718b7934145dbdf8d89be1036b0eec9544e1094c9de390?s=96&d=mm&r=g\",\"width\":96,\"height\":96,\"caption\":\"Cand\\u00e1s 365\"},\"sameAs\":[\"https:\\\/\\\/www.facebook.com\\\/carrenoactualidad\",\"https:\\\/\\\/twitter.com\\\/nbasturias\",\"https:\\\/\\\/www.instagram.com\\\/nachofdezber\\\/\",\"https:\\\/\\\/www.youtube.com\\\/channel\\\/UCZP-2wLEB9Rv6erhFmqVnvg\"]},{\"@type\":\"WebPage\",\"@id\":\"https:\\\/\\\/candas365.es\\\/noticias\\\/el-estado-y-el-pais-vasco-acuerdan-la-nueva-ley-del-cupo\\\/#webpage\",\"url\":\"https:\\\/\\\/candas365.es\\\/noticias\\\/el-estado-y-el-pais-vasco-acuerdan-la-nueva-ley-del-cupo\\\/\",\"name\":\"El Estado y el Pa\\u00eds Vasco acuerdan la nueva Ley del Cupo | Cand\\u00e1s 365\",\"description\":\"Los representantes de la Administraci\\u00f3n General del Estado (AGE) y del Pa\\u00eds Vasco en la Comisi\\u00f3n Mixta del Concierto Econ\\u00f3mico han alcanzado varios acuerdos relativos a la actualizaci\\u00f3n de la Ley del Cupo para el quinquenio 2017-2021, los objetivos de estabilidad presupuestaria y deuda p\\u00fablica para la Comunidad Aut\\u00f3noma y varias modificaciones del Concierto Econ\\u00f3mico\",\"inLanguage\":\"es-ES\",\"isPartOf\":{\"@id\":\"https:\\\/\\\/candas365.es\\\/noticias\\\/#website\"},\"breadcrumb\":{\"@id\":\"https:\\\/\\\/candas365.es\\\/noticias\\\/el-estado-y-el-pais-vasco-acuerdan-la-nueva-ley-del-cupo\\\/#breadcrumblist\"},\"author\":{\"@id\":\"https:\\\/\\\/candas365.es\\\/noticias\\\/author\\\/admin\\\/#author\"},\"creator\":{\"@id\":\"https:\\\/\\\/candas365.es\\\/noticias\\\/author\\\/admin\\\/#author\"},\"image\":{\"@type\":\"ImageObject\",\"url\":\"https:\\\/\\\/candas365.es\\\/noticias\\\/wp-content\\\/uploads\\\/2017\\\/07\\\/190717-montoro.jpg\",\"@id\":\"https:\\\/\\\/candas365.es\\\/noticias\\\/el-estado-y-el-pais-vasco-acuerdan-la-nueva-ley-del-cupo\\\/#mainImage\",\"width\":496,\"height\":329},\"primaryImageOfPage\":{\"@id\":\"https:\\\/\\\/candas365.es\\\/noticias\\\/el-estado-y-el-pais-vasco-acuerdan-la-nueva-ley-del-cupo\\\/#mainImage\"},\"datePublished\":\"2017-07-21T01:56:35+02:00\",\"dateModified\":\"2017-07-21T01:56:35+02:00\"},{\"@type\":\"WebSite\",\"@id\":\"https:\\\/\\\/candas365.es\\\/noticias\\\/#website\",\"url\":\"https:\\\/\\\/candas365.es\\\/noticias\\\/\",\"name\":\"Cand\\u00e1s 365\",\"alternateName\":\"Cand\\u00e1s 365 Noticias\",\"description\":\"Actualidad desde Carre\\u00f1o para el mundo\",\"inLanguage\":\"es-ES\",\"publisher\":{\"@id\":\"https:\\\/\\\/candas365.es\\\/noticias\\\/#organization\"}}]}\n\t\t<\/script>\n\t\t<!-- All in One SEO Pro -->\r\n\t\t<title>El Estado y el Pa\u00eds Vasco acuerdan la nueva Ley del Cupo | Cand\u00e1s 365<\/title>\n\n","aioseo_head_json":{"title":"El Estado y el Pa\u00eds Vasco acuerdan la nueva Ley del Cupo | Cand\u00e1s 365","description":"Los representantes de la Administraci\u00f3n General del Estado (AGE) y del Pa\u00eds Vasco en la Comisi\u00f3n Mixta del Concierto Econ\u00f3mico han alcanzado varios acuerdos relativos a la actualizaci\u00f3n de la Ley del Cupo para el quinquenio 2017-2021, los objetivos de estabilidad presupuestaria y deuda p\u00fablica para la Comunidad Aut\u00f3noma y varias modificaciones del Concierto Econ\u00f3mico","canonical_url":"https:\/\/candas365.es\/noticias\/el-estado-y-el-pais-vasco-acuerdan-la-nueva-ley-del-cupo\/","robots":"max-image-preview:large","keywords":"actualidad","webmasterTools":{"google-site-verification":"UA-32230408-1","msvalidate.01":"354F3CDFB2DA171B47FBE9ABF1F88D5","miscellaneous":""},"schema":{"@context":"https:\/\/schema.org","@graph":[{"@type":"BreadcrumbList","@id":"https:\/\/candas365.es\/noticias\/el-estado-y-el-pais-vasco-acuerdan-la-nueva-ley-del-cupo\/#breadcrumblist","itemListElement":[{"@type":"ListItem","@id":"https:\/\/candas365.es\/noticias#listItem","position":1,"name":"Home","item":"https:\/\/candas365.es\/noticias","nextItem":{"@type":"ListItem","@id":"https:\/\/candas365.es\/noticias\/category\/actualidad\/#listItem","name":"Actualidad"}},{"@type":"ListItem","@id":"https:\/\/candas365.es\/noticias\/category\/actualidad\/#listItem","position":2,"name":"Actualidad","item":"https:\/\/candas365.es\/noticias\/category\/actualidad\/","nextItem":{"@type":"ListItem","@id":"https:\/\/candas365.es\/noticias\/el-estado-y-el-pais-vasco-acuerdan-la-nueva-ley-del-cupo\/#listItem","name":"El Estado y el Pa\u00eds Vasco acuerdan la nueva Ley del Cupo"},"previousItem":{"@type":"ListItem","@id":"https:\/\/candas365.es\/noticias#listItem","name":"Home"}},{"@type":"ListItem","@id":"https:\/\/candas365.es\/noticias\/el-estado-y-el-pais-vasco-acuerdan-la-nueva-ley-del-cupo\/#listItem","position":3,"name":"El Estado y el Pa\u00eds Vasco acuerdan la nueva Ley del Cupo","previousItem":{"@type":"ListItem","@id":"https:\/\/candas365.es\/noticias\/category\/actualidad\/#listItem","name":"Actualidad"}}]},{"@type":"NewsArticle","@id":"https:\/\/candas365.es\/noticias\/el-estado-y-el-pais-vasco-acuerdan-la-nueva-ley-del-cupo\/#newsarticle","name":"El Estado y el Pa\u00eds Vasco acuerdan la nueva Ley del Cupo | Cand\u00e1s 365","headline":"El Estado y el Pa\u00eds Vasco acuerdan la nueva Ley del Cupo","author":{"@id":"https:\/\/candas365.es\/noticias\/author\/admin\/#author"},"publisher":{"@id":"https:\/\/candas365.es\/noticias\/#organization"},"image":{"@type":"ImageObject","url":"https:\/\/candas365.es\/noticias\/wp-content\/uploads\/2017\/07\/190717-montoro.jpg","width":496,"height":329},"datePublished":"2017-07-21T01:56:35+02:00","dateModified":"2017-07-21T01:56:35+02:00","inLanguage":"es-ES","mainEntityOfPage":{"@id":"https:\/\/candas365.es\/noticias\/el-estado-y-el-pais-vasco-acuerdan-la-nueva-ley-del-cupo\/#webpage"},"isPartOf":{"@id":"https:\/\/candas365.es\/noticias\/el-estado-y-el-pais-vasco-acuerdan-la-nueva-ley-del-cupo\/#webpage"},"articleSection":"Actualidad","dateline":"Publicado el julio 21, 2017."},{"@type":"Organization","@id":"https:\/\/candas365.es\/noticias\/#organization","name":"Cand\u00e1s 365","description":"Cand\u00e1s 365 es un diario digital independiente, fundado en 2012, con base en Asturias. Informamos con rigor sobre actualidad, sociedad, cultura y ocio, con una mirada local y global.","url":"https:\/\/candas365.es\/noticias\/","email":"info@candas365.es","telephone":"+34652131393","foundingDate":"2012-06-10","logo":{"@type":"ImageObject","url":"https:\/\/candas365.es\/noticias\/wp-content\/uploads\/2024\/09\/Candas-365-Redes.jpg","@id":"https:\/\/candas365.es\/noticias\/el-estado-y-el-pais-vasco-acuerdan-la-nueva-ley-del-cupo\/#organizationLogo","width":1152,"height":864,"caption":"Cand\u00e1s 365 Redes"},"image":{"@id":"https:\/\/candas365.es\/noticias\/el-estado-y-el-pais-vasco-acuerdan-la-nueva-ley-del-cupo\/#organizationLogo"},"sameAs":["https:\/\/www.facebook.com\/Nachofdezber","https:\/\/x.com\/NabercoDigital","https:\/\/www.instagram.com\/nachofdezber\/","https:\/\/www.youtube.com\/channel\/UCZP-2wLEB9Rv6erhFmqVnvg"],"address":{"@id":"https:\/\/candas365.es\/noticias\/#postaladdress","@type":"PostalAddress","streetAddress":"san antonio 4, san antonio 4","postalCode":"33430","addressLocality":"Cand\u00e1s","addressRegion":"Asturias","addressCountry":"ES"}},{"@type":"Person","@id":"https:\/\/candas365.es\/noticias\/author\/admin\/#author","url":"https:\/\/candas365.es\/noticias\/author\/admin\/","name":"Cand\u00e1s 365","image":{"@type":"ImageObject","@id":"https:\/\/candas365.es\/noticias\/el-estado-y-el-pais-vasco-acuerdan-la-nueva-ley-del-cupo\/#authorImage","url":"https:\/\/secure.gravatar.com\/avatar\/496a8e03d0c493ede1718b7934145dbdf8d89be1036b0eec9544e1094c9de390?s=96&d=mm&r=g","width":96,"height":96,"caption":"Cand\u00e1s 365"},"sameAs":["https:\/\/www.facebook.com\/carrenoactualidad","https:\/\/twitter.com\/nbasturias","https:\/\/www.instagram.com\/nachofdezber\/","https:\/\/www.youtube.com\/channel\/UCZP-2wLEB9Rv6erhFmqVnvg"]},{"@type":"WebPage","@id":"https:\/\/candas365.es\/noticias\/el-estado-y-el-pais-vasco-acuerdan-la-nueva-ley-del-cupo\/#webpage","url":"https:\/\/candas365.es\/noticias\/el-estado-y-el-pais-vasco-acuerdan-la-nueva-ley-del-cupo\/","name":"El Estado y el Pa\u00eds Vasco acuerdan la nueva Ley del Cupo | Cand\u00e1s 365","description":"Los representantes de la Administraci\u00f3n General del Estado (AGE) y del Pa\u00eds Vasco en la Comisi\u00f3n Mixta del Concierto Econ\u00f3mico han alcanzado varios acuerdos relativos a la actualizaci\u00f3n de la Ley del Cupo para el quinquenio 2017-2021, los objetivos de estabilidad presupuestaria y deuda p\u00fablica para la Comunidad Aut\u00f3noma y varias modificaciones del Concierto Econ\u00f3mico","inLanguage":"es-ES","isPartOf":{"@id":"https:\/\/candas365.es\/noticias\/#website"},"breadcrumb":{"@id":"https:\/\/candas365.es\/noticias\/el-estado-y-el-pais-vasco-acuerdan-la-nueva-ley-del-cupo\/#breadcrumblist"},"author":{"@id":"https:\/\/candas365.es\/noticias\/author\/admin\/#author"},"creator":{"@id":"https:\/\/candas365.es\/noticias\/author\/admin\/#author"},"image":{"@type":"ImageObject","url":"https:\/\/candas365.es\/noticias\/wp-content\/uploads\/2017\/07\/190717-montoro.jpg","@id":"https:\/\/candas365.es\/noticias\/el-estado-y-el-pais-vasco-acuerdan-la-nueva-ley-del-cupo\/#mainImage","width":496,"height":329},"primaryImageOfPage":{"@id":"https:\/\/candas365.es\/noticias\/el-estado-y-el-pais-vasco-acuerdan-la-nueva-ley-del-cupo\/#mainImage"},"datePublished":"2017-07-21T01:56:35+02:00","dateModified":"2017-07-21T01:56:35+02:00"},{"@type":"WebSite","@id":"https:\/\/candas365.es\/noticias\/#website","url":"https:\/\/candas365.es\/noticias\/","name":"Cand\u00e1s 365","alternateName":"Cand\u00e1s 365 Noticias","description":"Actualidad desde Carre\u00f1o para el mundo","inLanguage":"es-ES","publisher":{"@id":"https:\/\/candas365.es\/noticias\/#organization"}}]},"og:locale":"es_ES","og:site_name":"Cand\u00e1s 365","og:type":"article","og:title":"El Estado y el Pa\u00eds Vasco acuerdan la nueva Ley del Cupo | Cand\u00e1s 365","og:description":"Los representantes de la Administraci\u00f3n General del Estado (AGE) y del Pa\u00eds Vasco en la Comisi\u00f3n Mixta del Concierto Econ\u00f3mico han alcanzado varios acuerdos relativos a la actualizaci\u00f3n de la Ley del Cupo para el quinquenio 2017-2021, los objetivos de estabilidad presupuestaria y deuda p\u00fablica para la Comunidad Aut\u00f3noma y varias modificaciones del Concierto Econ\u00f3mico","og:url":"https:\/\/candas365.es\/noticias\/el-estado-y-el-pais-vasco-acuerdan-la-nueva-ley-del-cupo\/","og:image":"https:\/\/candas365.es\/noticias\/wp-content\/uploads\/2017\/07\/190717-montoro.jpg","og:image:secure_url":"https:\/\/candas365.es\/noticias\/wp-content\/uploads\/2017\/07\/190717-montoro.jpg","og:image:width":496,"og:image:height":329,"article:published_time":"2017-07-21T01:56:35+00:00","article:modified_time":"2017-07-21T01:56:35+00:00","article:publisher":"https:\/\/www.facebook.com\/Nachofdezber","article:author":"https:\/\/www.facebook.com\/carrenoactualidad","twitter:card":"summary_large_image","twitter:site":"@NabercoDigital","twitter:title":"El Estado y el Pa\u00eds Vasco acuerdan la nueva Ley del Cupo | Cand\u00e1s 365","twitter:description":"Los representantes de la Administraci\u00f3n General del Estado (AGE) y del Pa\u00eds Vasco en la Comisi\u00f3n Mixta del Concierto Econ\u00f3mico han alcanzado varios acuerdos relativos a la actualizaci\u00f3n de la Ley del Cupo para el quinquenio 2017-2021, los objetivos de estabilidad presupuestaria y deuda p\u00fablica para la Comunidad Aut\u00f3noma y varias modificaciones del Concierto Econ\u00f3mico","twitter:creator":"@nbasturias","twitter:image":"https:\/\/candas365.es\/noticias\/wp-content\/uploads\/2017\/07\/190717-montoro.jpg","twitter:label1":"Escrito por","twitter:data1":"Cand\u00e1s 365","twitter:label2":"Tiempo de lectura estimado","twitter:data2":"4 minutos"},"aioseo_meta_data":{"post_id":"76099","title":null,"description":null,"keywords":null,"keyphrases":null,"primary_term":null,"canonical_url":null,"og_title":null,"og_description":null,"og_object_type":"default","og_image_type":"default","og_image_url":null,"og_image_width":null,"og_image_height":null,"og_image_custom_url":null,"og_image_custom_fields":null,"og_video":null,"og_custom_url":null,"og_article_section":null,"og_article_tags":null,"twitter_use_og":false,"twitter_card":"default","twitter_image_type":"default","twitter_image_url":null,"twitter_image_custom_url":null,"twitter_image_custom_fields":null,"twitter_title":null,"twitter_description":null,"schema":{"blockGraphs":[],"customGraphs":[],"default":{"data":{"Article":[],"Course":[],"Dataset":[],"FAQPage":[],"Movie":[],"Person":[],"Product":[],"ProductReview":[],"Car":[],"Recipe":[],"Service":[],"SoftwareApplication":[],"WebPage":[]},"graphName":"","isEnabled":true},"graphs":[],"defaultGraph":"","defaultPostTypeGraph":""},"schema_type":null,"schema_type_options":null,"pillar_content":false,"robots_default":true,"robots_noindex":false,"robots_noarchive":false,"robots_nosnippet":false,"robots_nofollow":false,"robots_noimageindex":false,"robots_noodp":false,"robots_notranslate":false,"robots_max_snippet":null,"robots_max_videopreview":null,"robots_max_imagepreview":"large","priority":null,"frequency":null,"location":null,"local_seo":null,"seo_analyzer_scan_date":"2025-08-25 18:54:15","breadcrumb_settings":null,"limit_modified_date":false,"reviewed_by":null,"open_ai":null,"ai":null,"created":"2020-12-21 12:56:16","updated":"2025-08-25 18:54:15"},"aioseo_breadcrumb":"<div class=\"aioseo-breadcrumbs\"><span class=\"aioseo-breadcrumb\">\n\t<a href=\"https:\/\/candas365.es\/noticias\" title=\"Home\">Home<\/a>\n<\/span><span class=\"aioseo-breadcrumb-separator\">&ndash;<\/span><span class=\"aioseo-breadcrumb\">\n\t<a href=\"https:\/\/candas365.es\/noticias\/category\/actualidad\/\" title=\"Actualidad\">Actualidad<\/a>\n<\/span><span class=\"aioseo-breadcrumb-separator\">&ndash;<\/span><span class=\"aioseo-breadcrumb\">\n\tEl Estado y el Pa\u00eds Vasco acuerdan la nueva Ley del Cupo\n<\/span><\/div>","aioseo_breadcrumb_json":[{"label":"Home","link":"https:\/\/candas365.es\/noticias"},{"label":"Actualidad","link":"https:\/\/candas365.es\/noticias\/category\/actualidad\/"},{"label":"El Estado y el Pa\u00eds Vasco acuerdan la nueva Ley del Cupo","link":"https:\/\/candas365.es\/noticias\/el-estado-y-el-pais-vasco-acuerdan-la-nueva-ley-del-cupo\/"}],"_links":{"self":[{"href":"https:\/\/candas365.es\/noticias\/wp-json\/wp\/v2\/posts\/76099","targetHints":{"allow":["GET"]}}],"collection":[{"href":"https:\/\/candas365.es\/noticias\/wp-json\/wp\/v2\/posts"}],"about":[{"href":"https:\/\/candas365.es\/noticias\/wp-json\/wp\/v2\/types\/post"}],"author":[{"embeddable":true,"href":"https:\/\/candas365.es\/noticias\/wp-json\/wp\/v2\/users\/1"}],"replies":[{"embeddable":true,"href":"https:\/\/candas365.es\/noticias\/wp-json\/wp\/v2\/comments?post=76099"}],"version-history":[{"count":0,"href":"https:\/\/candas365.es\/noticias\/wp-json\/wp\/v2\/posts\/76099\/revisions"}],"wp:featuredmedia":[{"embeddable":true,"href":"https:\/\/candas365.es\/noticias\/wp-json\/wp\/v2\/media\/76100"}],"wp:attachment":[{"href":"https:\/\/candas365.es\/noticias\/wp-json\/wp\/v2\/media?parent=76099"}],"wp:term":[{"taxonomy":"category","embeddable":true,"href":"https:\/\/candas365.es\/noticias\/wp-json\/wp\/v2\/categories?post=76099"},{"taxonomy":"post_tag","embeddable":true,"href":"https:\/\/candas365.es\/noticias\/wp-json\/wp\/v2\/tags?post=76099"}],"curies":[{"name":"wp","href":"https:\/\/api.w.org\/{rel}","templated":true}]}}