{"id":76096,"date":"2017-07-21T01:54:14","date_gmt":"2017-07-21T01:54:14","guid":{"rendered":"http:\/\/candas365.es\/noticias\/?p=76096"},"modified":"2017-07-21T01:54:14","modified_gmt":"2017-07-21T01:54:14","slug":"cospedal-los-militares-pasean-el-nombre-de-canarias-por-todo-el-mundo","status":"publish","type":"post","link":"https:\/\/candas365.es\/noticias\/cospedal-los-militares-pasean-el-nombre-de-canarias-por-todo-el-mundo\/","title":{"rendered":"Cospedal: \u00abLos militares pasean el nombre de Canarias por todo el mundo\u00bb"},"content":{"rendered":"<p><img fetchpriority=\"high\" decoding=\"async\" class=\"alignleft size-medium wp-image-76097\" src=\"https:\/\/candas365.es\/noticias\/wp-content\/uploads\/2017\/07\/190717-canarias-360x239.jpg\" alt=\"\" width=\"360\" height=\"239\" srcset=\"https:\/\/candas365.es\/noticias\/wp-content\/uploads\/2017\/07\/190717-canarias-360x239.jpg 360w, https:\/\/candas365.es\/noticias\/wp-content\/uploads\/2017\/07\/190717-canarias-84x55.jpg 84w, https:\/\/candas365.es\/noticias\/wp-content\/uploads\/2017\/07\/190717-canarias.jpg 496w\" sizes=\"(max-width: 360px) 100vw, 360px\" \/>La ministra de Defensa, Mar\u00eda Dolores de Cospedal, ha visitado el Cuartel General del Mando de Canarias (MCANA), del Ej\u00e9rcito de Tierra, en Santa Cruz de Tenerife. \u00abHe venido aqu\u00ed para poderles conocer de primera mano, y para que todos los espa\u00f1oles puedan reconocer la importancia de nuestras Fuerzas Armadas a la hora de defender la libertad y la seguridad de nuestras familias y los derechos y libertades por los que tanto hemos luchado en nuestro pa\u00eds\u00bb, ha manifestado.<\/p>\n<p>\u200bCospedal record\u00f3 que \u00abhay representaci\u00f3n de las Fuerzas Armadas en todas las Islas Canarias, ese pedazo de tierra que, como dijo P\u00e9rez Gald\u00f3s, est\u00e1 tan lejos pero tan cerca del coraz\u00f3n de la Patria\u00bb. La ministra record\u00f3 que m\u00e1s de ocho mil hombres y mujeres est\u00e1n destinados en el archipi\u00e9lago.<\/p>\n<p>Tambi\u00e9n record\u00f3 que militares del Mando de Canarias han prestado servicios en Bosnia, Afganist\u00e1n y Mali, ejercicios biliterales en Mauritania o actualmente en el L\u00edbano. \u00abCon ello conseguimos que se reconozca el ser espa\u00f1ol y que los militares paseen el nombre de Tenerife y de Canarias por todo el mundo, que para los canarios es muy importante\u00bb asegur\u00f3 la ministra.<\/p>\n<p><strong>Visita a Canarias<\/strong><\/p>\n<p>La ministra proced\u00eda de Fuerteventura, en donde ha iniciado esta ma\u00f1ana su visita de trabajo al archipi\u00e9lago. A su llegada a Tenerife, Cospedal se ha entrevistado con el presidente del Gobierno de Canarias, Fernando Clavijo.<\/p>\n<p>A continuaci\u00f3n se ha trasladado al Palacio de Capitan\u00eda, donde ha sido recibida por el jefe de Estado Mayor de Ej\u00e9rcito de Tierra, general de Ej\u00e9rcito Francisco Javier Varela Salas y por el jefe del MCANA, teniente general Pedro Agust\u00edn Gal\u00e1n.<\/p>\n<p>En Capitan\u00eda, la ministra ha recibido Honores de Ordenanza a cargo de una Compa\u00f1\u00eda de Honores del Regimiento de Infanter\u00eda &#8216;Tenerife&#8217; n\u00ba49, compuesta por una Escuadra de Gastadores, la Bandera del Regimiento, banda y m\u00fasica y la Compa\u00f1\u00eda de Infanter\u00eda. Seguidamente ha asistido a una presentaci\u00f3n a cargo del general Gal\u00e1n sobre el despliegue y las capacidades del Mando de Canarias.<\/p>\n<p><strong>Cuartel General del Mando de Canarias<\/strong><\/p>\n<p>El Cuartel General del Mando de Canarias engloba las funciones de ejercer el mando org\u00e1nico de todas las Unidades y Organismos que forman parte del Mando de Canarias; participar en el planeamiento de todas aquellas operaciones en las que intervengan Unidades del Mando de Canarias y ejercer el mando operativo de las organizaciones que, en su caso, se determinen.<\/p>\n<p>Adem\u00e1s, constituye una organizaci\u00f3n apta para ser utilizada en la estructura de mando operativo que en cada momento se precise y dispone de capacidad para participar en el planeamiento, conducci\u00f3n y ejecuci\u00f3n de las actividades derivadas de las misiones espec\u00edficas que con car\u00e1cter permanente se le asignen.<\/p>\n<p>&nbsp;<\/p>\n","protected":false},"excerpt":{"rendered":"<p>La ministra de Defensa, Mar\u00eda Dolores de Cospedal, ha visitado el Cuartel General del Mando de Canarias (MCANA), del Ej\u00e9rcito de Tierra, en Santa Cruz de Tenerife. \u00abHe venido aqu\u00ed para poderles conocer de primera mano, y para que todos los espa\u00f1oles puedan reconocer la importancia de nuestras Fuerzas Armadas a la hora de defender<\/p>\n","protected":false},"author":1,"featured_media":76097,"comment_status":"closed","ping_status":"closed","sticky":false,"template":"","format":"standard","meta":{"footnotes":""},"categories":[343],"tags":[],"class_list":{"0":"post-76096","1":"post","2":"type-post","3":"status-publish","4":"format-standard","5":"has-post-thumbnail","7":"category-actualidad"},"aioseo_notices":[],"aioseo_head":"\n\t\t<!-- All in One SEO Pro 4.9.6.2 - aioseo.com -->\n\t<meta name=\"description\" content=\"La ministra de Defensa, Mar\u00eda Dolores de Cospedal, ha visitado el Cuartel General del Mando de Canarias (MCANA), del Ej\u00e9rcito de Tierra, en Santa Cruz de Tenerife. &quot;He venido aqu\u00ed para poderles conocer de primera mano, y para que todos los espa\u00f1oles puedan reconocer la importancia de nuestras Fuerzas Armadas a la hora de defender\" \/>\n\t<meta name=\"robots\" content=\"max-image-preview:large\" \/>\n\t<meta name=\"author\" content=\"Cand\u00e1s 365\"\/>\n\t<meta name=\"google-site-verification\" content=\"UA-32230408-1\" \/>\n\t<meta name=\"msvalidate.01\" content=\"354F3CDFB2DA171B47FBE9ABF1F88D5\" \/>\n\t<meta name=\"keywords\" content=\"actualidad\" \/>\n\t<link rel=\"canonical\" href=\"https:\/\/candas365.es\/noticias\/cospedal-los-militares-pasean-el-nombre-de-canarias-por-todo-el-mundo\/\" \/>\n\t<meta name=\"generator\" content=\"All in One SEO Pro (AIOSEO) 4.9.6.2\" \/>\n\t\t<meta property=\"og:locale\" content=\"es_ES\" \/>\n\t\t<meta property=\"og:site_name\" content=\"Cand\u00e1s 365\" \/>\n\t\t<meta property=\"og:type\" content=\"article\" \/>\n\t\t<meta property=\"og:title\" content=\"Cospedal: \u00abLos militares pasean el nombre de Canarias por todo el mundo\u00bb | Cand\u00e1s 365\" \/>\n\t\t<meta property=\"og:description\" content=\"La ministra de Defensa, Mar\u00eda Dolores de Cospedal, ha visitado el Cuartel General del Mando de Canarias (MCANA), del Ej\u00e9rcito de Tierra, en Santa Cruz de Tenerife. &quot;He venido aqu\u00ed para poderles conocer de primera mano, y para que todos los espa\u00f1oles puedan reconocer la importancia de nuestras Fuerzas Armadas a la hora de defender\" \/>\n\t\t<meta property=\"og:url\" content=\"https:\/\/candas365.es\/noticias\/cospedal-los-militares-pasean-el-nombre-de-canarias-por-todo-el-mundo\/\" \/>\n\t\t<meta property=\"og:image\" content=\"https:\/\/candas365.es\/noticias\/wp-content\/uploads\/2017\/07\/190717-canarias.jpg\" \/>\n\t\t<meta property=\"og:image:secure_url\" content=\"https:\/\/candas365.es\/noticias\/wp-content\/uploads\/2017\/07\/190717-canarias.jpg\" \/>\n\t\t<meta property=\"og:image:width\" content=\"496\" \/>\n\t\t<meta property=\"og:image:height\" content=\"329\" \/>\n\t\t<meta property=\"article:published_time\" content=\"2017-07-21T01:54:14+00:00\" \/>\n\t\t<meta property=\"article:modified_time\" content=\"2017-07-21T01:54:14+00:00\" \/>\n\t\t<meta property=\"article:publisher\" content=\"https:\/\/www.facebook.com\/Nachofdezber\" \/>\n\t\t<meta property=\"article:author\" content=\"https:\/\/www.facebook.com\/carrenoactualidad\" \/>\n\t\t<meta name=\"twitter:card\" content=\"summary_large_image\" \/>\n\t\t<meta name=\"twitter:site\" content=\"@NabercoDigital\" \/>\n\t\t<meta name=\"twitter:title\" content=\"Cospedal: \u00abLos militares pasean el nombre de Canarias por todo el mundo\u00bb | Cand\u00e1s 365\" \/>\n\t\t<meta name=\"twitter:description\" content=\"La ministra de Defensa, Mar\u00eda Dolores de Cospedal, ha visitado el Cuartel General del Mando de Canarias (MCANA), del Ej\u00e9rcito de Tierra, en Santa Cruz de Tenerife. &quot;He venido aqu\u00ed para poderles conocer de primera mano, y para que todos los espa\u00f1oles puedan reconocer la importancia de nuestras Fuerzas Armadas a la hora de defender\" \/>\n\t\t<meta name=\"twitter:creator\" content=\"@nbasturias\" \/>\n\t\t<meta name=\"twitter:image\" content=\"https:\/\/candas365.es\/noticias\/wp-content\/uploads\/2017\/07\/190717-canarias.jpg\" \/>\n\t\t<meta name=\"twitter:label1\" content=\"Escrito por\" \/>\n\t\t<meta name=\"twitter:data1\" content=\"Cand\u00e1s 365\" \/>\n\t\t<meta name=\"twitter:label2\" content=\"Tiempo de lectura estimado\" \/>\n\t\t<meta name=\"twitter:data2\" content=\"2 minutos\" \/>\n\t\t<script type=\"application\/ld+json\" class=\"aioseo-schema\">\n\t\t\t{\"@context\":\"https:\\\/\\\/schema.org\",\"@graph\":[{\"@type\":\"BreadcrumbList\",\"@id\":\"https:\\\/\\\/candas365.es\\\/noticias\\\/cospedal-los-militares-pasean-el-nombre-de-canarias-por-todo-el-mundo\\\/#breadcrumblist\",\"itemListElement\":[{\"@type\":\"ListItem\",\"@id\":\"https:\\\/\\\/candas365.es\\\/noticias#listItem\",\"position\":1,\"name\":\"Home\",\"item\":\"https:\\\/\\\/candas365.es\\\/noticias\",\"nextItem\":{\"@type\":\"ListItem\",\"@id\":\"https:\\\/\\\/candas365.es\\\/noticias\\\/category\\\/actualidad\\\/#listItem\",\"name\":\"Actualidad\"}},{\"@type\":\"ListItem\",\"@id\":\"https:\\\/\\\/candas365.es\\\/noticias\\\/category\\\/actualidad\\\/#listItem\",\"position\":2,\"name\":\"Actualidad\",\"item\":\"https:\\\/\\\/candas365.es\\\/noticias\\\/category\\\/actualidad\\\/\",\"nextItem\":{\"@type\":\"ListItem\",\"@id\":\"https:\\\/\\\/candas365.es\\\/noticias\\\/cospedal-los-militares-pasean-el-nombre-de-canarias-por-todo-el-mundo\\\/#listItem\",\"name\":\"Cospedal: \\u00abLos militares pasean el nombre de Canarias por todo el mundo\\u00bb\"},\"previousItem\":{\"@type\":\"ListItem\",\"@id\":\"https:\\\/\\\/candas365.es\\\/noticias#listItem\",\"name\":\"Home\"}},{\"@type\":\"ListItem\",\"@id\":\"https:\\\/\\\/candas365.es\\\/noticias\\\/cospedal-los-militares-pasean-el-nombre-de-canarias-por-todo-el-mundo\\\/#listItem\",\"position\":3,\"name\":\"Cospedal: \\u00abLos militares pasean el nombre de Canarias por todo el mundo\\u00bb\",\"previousItem\":{\"@type\":\"ListItem\",\"@id\":\"https:\\\/\\\/candas365.es\\\/noticias\\\/category\\\/actualidad\\\/#listItem\",\"name\":\"Actualidad\"}}]},{\"@type\":\"NewsArticle\",\"@id\":\"https:\\\/\\\/candas365.es\\\/noticias\\\/cospedal-los-militares-pasean-el-nombre-de-canarias-por-todo-el-mundo\\\/#newsarticle\",\"name\":\"Cospedal: \\u00abLos militares pasean el nombre de Canarias por todo el mundo\\u00bb | Cand\\u00e1s 365\",\"headline\":\"Cospedal: \\u00abLos militares pasean el nombre de Canarias por todo el mundo\\u00bb\",\"author\":{\"@id\":\"https:\\\/\\\/candas365.es\\\/noticias\\\/author\\\/admin\\\/#author\"},\"publisher\":{\"@id\":\"https:\\\/\\\/candas365.es\\\/noticias\\\/#organization\"},\"image\":{\"@type\":\"ImageObject\",\"url\":\"https:\\\/\\\/candas365.es\\\/noticias\\\/wp-content\\\/uploads\\\/2017\\\/07\\\/190717-canarias.jpg\",\"width\":496,\"height\":329},\"datePublished\":\"2017-07-21T01:54:14+02:00\",\"dateModified\":\"2017-07-21T01:54:14+02:00\",\"inLanguage\":\"es-ES\",\"mainEntityOfPage\":{\"@id\":\"https:\\\/\\\/candas365.es\\\/noticias\\\/cospedal-los-militares-pasean-el-nombre-de-canarias-por-todo-el-mundo\\\/#webpage\"},\"isPartOf\":{\"@id\":\"https:\\\/\\\/candas365.es\\\/noticias\\\/cospedal-los-militares-pasean-el-nombre-de-canarias-por-todo-el-mundo\\\/#webpage\"},\"articleSection\":\"Actualidad\",\"dateline\":\"Publicado el julio 21, 2017.\"},{\"@type\":\"Organization\",\"@id\":\"https:\\\/\\\/candas365.es\\\/noticias\\\/#organization\",\"name\":\"Cand\\u00e1s 365\",\"description\":\"Cand\\u00e1s 365 es un diario digital independiente, fundado en 2012, con base en Asturias. Informamos con rigor sobre actualidad, sociedad, cultura y ocio, con una mirada local y global.\",\"url\":\"https:\\\/\\\/candas365.es\\\/noticias\\\/\",\"email\":\"info@candas365.es\",\"telephone\":\"+34652131393\",\"foundingDate\":\"2012-06-10\",\"logo\":{\"@type\":\"ImageObject\",\"url\":\"https:\\\/\\\/candas365.es\\\/noticias\\\/wp-content\\\/uploads\\\/2024\\\/09\\\/Candas-365-Redes.jpg\",\"@id\":\"https:\\\/\\\/candas365.es\\\/noticias\\\/cospedal-los-militares-pasean-el-nombre-de-canarias-por-todo-el-mundo\\\/#organizationLogo\",\"width\":1152,\"height\":864,\"caption\":\"Cand\\u00e1s 365 Redes\"},\"image\":{\"@id\":\"https:\\\/\\\/candas365.es\\\/noticias\\\/cospedal-los-militares-pasean-el-nombre-de-canarias-por-todo-el-mundo\\\/#organizationLogo\"},\"sameAs\":[\"https:\\\/\\\/www.facebook.com\\\/Nachofdezber\",\"https:\\\/\\\/x.com\\\/NabercoDigital\",\"https:\\\/\\\/www.instagram.com\\\/nachofdezber\\\/\",\"https:\\\/\\\/www.youtube.com\\\/channel\\\/UCZP-2wLEB9Rv6erhFmqVnvg\"],\"address\":{\"@id\":\"https:\\\/\\\/candas365.es\\\/noticias\\\/#postaladdress\",\"@type\":\"PostalAddress\",\"streetAddress\":\"san antonio 4, san antonio 4\",\"postalCode\":\"33430\",\"addressLocality\":\"Cand\\u00e1s\",\"addressRegion\":\"Asturias\",\"addressCountry\":\"ES\"}},{\"@type\":\"Person\",\"@id\":\"https:\\\/\\\/candas365.es\\\/noticias\\\/author\\\/admin\\\/#author\",\"url\":\"https:\\\/\\\/candas365.es\\\/noticias\\\/author\\\/admin\\\/\",\"name\":\"Cand\\u00e1s 365\",\"image\":{\"@type\":\"ImageObject\",\"@id\":\"https:\\\/\\\/candas365.es\\\/noticias\\\/cospedal-los-militares-pasean-el-nombre-de-canarias-por-todo-el-mundo\\\/#authorImage\",\"url\":\"https:\\\/\\\/secure.gravatar.com\\\/avatar\\\/496a8e03d0c493ede1718b7934145dbdf8d89be1036b0eec9544e1094c9de390?s=96&d=mm&r=g\",\"width\":96,\"height\":96,\"caption\":\"Cand\\u00e1s 365\"},\"sameAs\":[\"https:\\\/\\\/www.facebook.com\\\/carrenoactualidad\",\"https:\\\/\\\/twitter.com\\\/nbasturias\",\"https:\\\/\\\/www.instagram.com\\\/nachofdezber\\\/\",\"https:\\\/\\\/www.youtube.com\\\/channel\\\/UCZP-2wLEB9Rv6erhFmqVnvg\"]},{\"@type\":\"WebPage\",\"@id\":\"https:\\\/\\\/candas365.es\\\/noticias\\\/cospedal-los-militares-pasean-el-nombre-de-canarias-por-todo-el-mundo\\\/#webpage\",\"url\":\"https:\\\/\\\/candas365.es\\\/noticias\\\/cospedal-los-militares-pasean-el-nombre-de-canarias-por-todo-el-mundo\\\/\",\"name\":\"Cospedal: \\u00abLos militares pasean el nombre de Canarias por todo el mundo\\u00bb | Cand\\u00e1s 365\",\"description\":\"La ministra de Defensa, Mar\\u00eda Dolores de Cospedal, ha visitado el Cuartel General del Mando de Canarias (MCANA), del Ej\\u00e9rcito de Tierra, en Santa Cruz de Tenerife. \\\"He venido aqu\\u00ed para poderles conocer de primera mano, y para que todos los espa\\u00f1oles puedan reconocer la importancia de nuestras Fuerzas Armadas a la hora de defender\",\"inLanguage\":\"es-ES\",\"isPartOf\":{\"@id\":\"https:\\\/\\\/candas365.es\\\/noticias\\\/#website\"},\"breadcrumb\":{\"@id\":\"https:\\\/\\\/candas365.es\\\/noticias\\\/cospedal-los-militares-pasean-el-nombre-de-canarias-por-todo-el-mundo\\\/#breadcrumblist\"},\"author\":{\"@id\":\"https:\\\/\\\/candas365.es\\\/noticias\\\/author\\\/admin\\\/#author\"},\"creator\":{\"@id\":\"https:\\\/\\\/candas365.es\\\/noticias\\\/author\\\/admin\\\/#author\"},\"image\":{\"@type\":\"ImageObject\",\"url\":\"https:\\\/\\\/candas365.es\\\/noticias\\\/wp-content\\\/uploads\\\/2017\\\/07\\\/190717-canarias.jpg\",\"@id\":\"https:\\\/\\\/candas365.es\\\/noticias\\\/cospedal-los-militares-pasean-el-nombre-de-canarias-por-todo-el-mundo\\\/#mainImage\",\"width\":496,\"height\":329},\"primaryImageOfPage\":{\"@id\":\"https:\\\/\\\/candas365.es\\\/noticias\\\/cospedal-los-militares-pasean-el-nombre-de-canarias-por-todo-el-mundo\\\/#mainImage\"},\"datePublished\":\"2017-07-21T01:54:14+02:00\",\"dateModified\":\"2017-07-21T01:54:14+02:00\"},{\"@type\":\"WebSite\",\"@id\":\"https:\\\/\\\/candas365.es\\\/noticias\\\/#website\",\"url\":\"https:\\\/\\\/candas365.es\\\/noticias\\\/\",\"name\":\"Cand\\u00e1s 365\",\"alternateName\":\"Cand\\u00e1s 365 Noticias\",\"description\":\"Actualidad desde Carre\\u00f1o para el mundo\",\"inLanguage\":\"es-ES\",\"publisher\":{\"@id\":\"https:\\\/\\\/candas365.es\\\/noticias\\\/#organization\"}}]}\n\t\t<\/script>\n\t\t<!-- All in One SEO Pro -->\r\n\t\t<title>Cospedal: \u00abLos militares pasean el nombre de Canarias por todo el mundo\u00bb | Cand\u00e1s 365<\/title>\n\n","aioseo_head_json":{"title":"Cospedal: \u00abLos militares pasean el nombre de Canarias por todo el mundo\u00bb | Cand\u00e1s 365","description":"La ministra de Defensa, Mar\u00eda Dolores de Cospedal, ha visitado el Cuartel General del Mando de Canarias (MCANA), del Ej\u00e9rcito de Tierra, en Santa Cruz de Tenerife. \"He venido aqu\u00ed para poderles conocer de primera mano, y para que todos los espa\u00f1oles puedan reconocer la importancia de nuestras Fuerzas Armadas a la hora de defender","canonical_url":"https:\/\/candas365.es\/noticias\/cospedal-los-militares-pasean-el-nombre-de-canarias-por-todo-el-mundo\/","robots":"max-image-preview:large","keywords":"actualidad","webmasterTools":{"google-site-verification":"UA-32230408-1","msvalidate.01":"354F3CDFB2DA171B47FBE9ABF1F88D5","miscellaneous":""},"schema":{"@context":"https:\/\/schema.org","@graph":[{"@type":"BreadcrumbList","@id":"https:\/\/candas365.es\/noticias\/cospedal-los-militares-pasean-el-nombre-de-canarias-por-todo-el-mundo\/#breadcrumblist","itemListElement":[{"@type":"ListItem","@id":"https:\/\/candas365.es\/noticias#listItem","position":1,"name":"Home","item":"https:\/\/candas365.es\/noticias","nextItem":{"@type":"ListItem","@id":"https:\/\/candas365.es\/noticias\/category\/actualidad\/#listItem","name":"Actualidad"}},{"@type":"ListItem","@id":"https:\/\/candas365.es\/noticias\/category\/actualidad\/#listItem","position":2,"name":"Actualidad","item":"https:\/\/candas365.es\/noticias\/category\/actualidad\/","nextItem":{"@type":"ListItem","@id":"https:\/\/candas365.es\/noticias\/cospedal-los-militares-pasean-el-nombre-de-canarias-por-todo-el-mundo\/#listItem","name":"Cospedal: \u00abLos militares pasean el nombre de Canarias por todo el mundo\u00bb"},"previousItem":{"@type":"ListItem","@id":"https:\/\/candas365.es\/noticias#listItem","name":"Home"}},{"@type":"ListItem","@id":"https:\/\/candas365.es\/noticias\/cospedal-los-militares-pasean-el-nombre-de-canarias-por-todo-el-mundo\/#listItem","position":3,"name":"Cospedal: \u00abLos militares pasean el nombre de Canarias por todo el mundo\u00bb","previousItem":{"@type":"ListItem","@id":"https:\/\/candas365.es\/noticias\/category\/actualidad\/#listItem","name":"Actualidad"}}]},{"@type":"NewsArticle","@id":"https:\/\/candas365.es\/noticias\/cospedal-los-militares-pasean-el-nombre-de-canarias-por-todo-el-mundo\/#newsarticle","name":"Cospedal: \u00abLos militares pasean el nombre de Canarias por todo el mundo\u00bb | Cand\u00e1s 365","headline":"Cospedal: \u00abLos militares pasean el nombre de Canarias por todo el mundo\u00bb","author":{"@id":"https:\/\/candas365.es\/noticias\/author\/admin\/#author"},"publisher":{"@id":"https:\/\/candas365.es\/noticias\/#organization"},"image":{"@type":"ImageObject","url":"https:\/\/candas365.es\/noticias\/wp-content\/uploads\/2017\/07\/190717-canarias.jpg","width":496,"height":329},"datePublished":"2017-07-21T01:54:14+02:00","dateModified":"2017-07-21T01:54:14+02:00","inLanguage":"es-ES","mainEntityOfPage":{"@id":"https:\/\/candas365.es\/noticias\/cospedal-los-militares-pasean-el-nombre-de-canarias-por-todo-el-mundo\/#webpage"},"isPartOf":{"@id":"https:\/\/candas365.es\/noticias\/cospedal-los-militares-pasean-el-nombre-de-canarias-por-todo-el-mundo\/#webpage"},"articleSection":"Actualidad","dateline":"Publicado el julio 21, 2017."},{"@type":"Organization","@id":"https:\/\/candas365.es\/noticias\/#organization","name":"Cand\u00e1s 365","description":"Cand\u00e1s 365 es un diario digital independiente, fundado en 2012, con base en Asturias. Informamos con rigor sobre actualidad, sociedad, cultura y ocio, con una mirada local y global.","url":"https:\/\/candas365.es\/noticias\/","email":"info@candas365.es","telephone":"+34652131393","foundingDate":"2012-06-10","logo":{"@type":"ImageObject","url":"https:\/\/candas365.es\/noticias\/wp-content\/uploads\/2024\/09\/Candas-365-Redes.jpg","@id":"https:\/\/candas365.es\/noticias\/cospedal-los-militares-pasean-el-nombre-de-canarias-por-todo-el-mundo\/#organizationLogo","width":1152,"height":864,"caption":"Cand\u00e1s 365 Redes"},"image":{"@id":"https:\/\/candas365.es\/noticias\/cospedal-los-militares-pasean-el-nombre-de-canarias-por-todo-el-mundo\/#organizationLogo"},"sameAs":["https:\/\/www.facebook.com\/Nachofdezber","https:\/\/x.com\/NabercoDigital","https:\/\/www.instagram.com\/nachofdezber\/","https:\/\/www.youtube.com\/channel\/UCZP-2wLEB9Rv6erhFmqVnvg"],"address":{"@id":"https:\/\/candas365.es\/noticias\/#postaladdress","@type":"PostalAddress","streetAddress":"san antonio 4, san antonio 4","postalCode":"33430","addressLocality":"Cand\u00e1s","addressRegion":"Asturias","addressCountry":"ES"}},{"@type":"Person","@id":"https:\/\/candas365.es\/noticias\/author\/admin\/#author","url":"https:\/\/candas365.es\/noticias\/author\/admin\/","name":"Cand\u00e1s 365","image":{"@type":"ImageObject","@id":"https:\/\/candas365.es\/noticias\/cospedal-los-militares-pasean-el-nombre-de-canarias-por-todo-el-mundo\/#authorImage","url":"https:\/\/secure.gravatar.com\/avatar\/496a8e03d0c493ede1718b7934145dbdf8d89be1036b0eec9544e1094c9de390?s=96&d=mm&r=g","width":96,"height":96,"caption":"Cand\u00e1s 365"},"sameAs":["https:\/\/www.facebook.com\/carrenoactualidad","https:\/\/twitter.com\/nbasturias","https:\/\/www.instagram.com\/nachofdezber\/","https:\/\/www.youtube.com\/channel\/UCZP-2wLEB9Rv6erhFmqVnvg"]},{"@type":"WebPage","@id":"https:\/\/candas365.es\/noticias\/cospedal-los-militares-pasean-el-nombre-de-canarias-por-todo-el-mundo\/#webpage","url":"https:\/\/candas365.es\/noticias\/cospedal-los-militares-pasean-el-nombre-de-canarias-por-todo-el-mundo\/","name":"Cospedal: \u00abLos militares pasean el nombre de Canarias por todo el mundo\u00bb | Cand\u00e1s 365","description":"La ministra de Defensa, Mar\u00eda Dolores de Cospedal, ha visitado el Cuartel General del Mando de Canarias (MCANA), del Ej\u00e9rcito de Tierra, en Santa Cruz de Tenerife. \"He venido aqu\u00ed para poderles conocer de primera mano, y para que todos los espa\u00f1oles puedan reconocer la importancia de nuestras Fuerzas Armadas a la hora de defender","inLanguage":"es-ES","isPartOf":{"@id":"https:\/\/candas365.es\/noticias\/#website"},"breadcrumb":{"@id":"https:\/\/candas365.es\/noticias\/cospedal-los-militares-pasean-el-nombre-de-canarias-por-todo-el-mundo\/#breadcrumblist"},"author":{"@id":"https:\/\/candas365.es\/noticias\/author\/admin\/#author"},"creator":{"@id":"https:\/\/candas365.es\/noticias\/author\/admin\/#author"},"image":{"@type":"ImageObject","url":"https:\/\/candas365.es\/noticias\/wp-content\/uploads\/2017\/07\/190717-canarias.jpg","@id":"https:\/\/candas365.es\/noticias\/cospedal-los-militares-pasean-el-nombre-de-canarias-por-todo-el-mundo\/#mainImage","width":496,"height":329},"primaryImageOfPage":{"@id":"https:\/\/candas365.es\/noticias\/cospedal-los-militares-pasean-el-nombre-de-canarias-por-todo-el-mundo\/#mainImage"},"datePublished":"2017-07-21T01:54:14+02:00","dateModified":"2017-07-21T01:54:14+02:00"},{"@type":"WebSite","@id":"https:\/\/candas365.es\/noticias\/#website","url":"https:\/\/candas365.es\/noticias\/","name":"Cand\u00e1s 365","alternateName":"Cand\u00e1s 365 Noticias","description":"Actualidad desde Carre\u00f1o para el mundo","inLanguage":"es-ES","publisher":{"@id":"https:\/\/candas365.es\/noticias\/#organization"}}]},"og:locale":"es_ES","og:site_name":"Cand\u00e1s 365","og:type":"article","og:title":"Cospedal: \u00abLos militares pasean el nombre de Canarias por todo el mundo\u00bb | Cand\u00e1s 365","og:description":"La ministra de Defensa, Mar\u00eda Dolores de Cospedal, ha visitado el Cuartel General del Mando de Canarias (MCANA), del Ej\u00e9rcito de Tierra, en Santa Cruz de Tenerife. &quot;He venido aqu\u00ed para poderles conocer de primera mano, y para que todos los espa\u00f1oles puedan reconocer la importancia de nuestras Fuerzas Armadas a la hora de defender","og:url":"https:\/\/candas365.es\/noticias\/cospedal-los-militares-pasean-el-nombre-de-canarias-por-todo-el-mundo\/","og:image":"https:\/\/candas365.es\/noticias\/wp-content\/uploads\/2017\/07\/190717-canarias.jpg","og:image:secure_url":"https:\/\/candas365.es\/noticias\/wp-content\/uploads\/2017\/07\/190717-canarias.jpg","og:image:width":496,"og:image:height":329,"article:published_time":"2017-07-21T01:54:14+00:00","article:modified_time":"2017-07-21T01:54:14+00:00","article:publisher":"https:\/\/www.facebook.com\/Nachofdezber","article:author":"https:\/\/www.facebook.com\/carrenoactualidad","twitter:card":"summary_large_image","twitter:site":"@NabercoDigital","twitter:title":"Cospedal: \u00abLos militares pasean el nombre de Canarias por todo el mundo\u00bb | Cand\u00e1s 365","twitter:description":"La ministra de Defensa, Mar\u00eda Dolores de Cospedal, ha visitado el Cuartel General del Mando de Canarias (MCANA), del Ej\u00e9rcito de Tierra, en Santa Cruz de Tenerife. &quot;He venido aqu\u00ed para poderles conocer de primera mano, y para que todos los espa\u00f1oles puedan reconocer la importancia de nuestras Fuerzas Armadas a la hora de defender","twitter:creator":"@nbasturias","twitter:image":"https:\/\/candas365.es\/noticias\/wp-content\/uploads\/2017\/07\/190717-canarias.jpg","twitter:label1":"Escrito por","twitter:data1":"Cand\u00e1s 365","twitter:label2":"Tiempo de lectura estimado","twitter:data2":"2 minutos"},"aioseo_meta_data":{"post_id":"76096","title":null,"description":null,"keywords":null,"keyphrases":null,"primary_term":null,"canonical_url":null,"og_title":null,"og_description":null,"og_object_type":"default","og_image_type":"default","og_image_url":null,"og_image_width":null,"og_image_height":null,"og_image_custom_url":null,"og_image_custom_fields":null,"og_video":null,"og_custom_url":null,"og_article_section":null,"og_article_tags":null,"twitter_use_og":false,"twitter_card":"default","twitter_image_type":"default","twitter_image_url":null,"twitter_image_custom_url":null,"twitter_image_custom_fields":null,"twitter_title":null,"twitter_description":null,"schema":{"blockGraphs":[],"customGraphs":[],"default":{"data":{"Article":[],"Course":[],"Dataset":[],"FAQPage":[],"Movie":[],"Person":[],"Product":[],"ProductReview":[],"Car":[],"Recipe":[],"Service":[],"SoftwareApplication":[],"WebPage":[]},"graphName":"","isEnabled":true},"graphs":[]},"schema_type":null,"schema_type_options":null,"pillar_content":false,"robots_default":true,"robots_noindex":false,"robots_noarchive":false,"robots_nosnippet":false,"robots_nofollow":false,"robots_noimageindex":false,"robots_noodp":false,"robots_notranslate":false,"robots_max_snippet":null,"robots_max_videopreview":null,"robots_max_imagepreview":"large","priority":null,"frequency":null,"location":null,"local_seo":null,"seo_analyzer_scan_date":"2025-08-25 18:54:14","breadcrumb_settings":null,"limit_modified_date":false,"reviewed_by":null,"open_ai":null,"ai":null,"created":"2020-12-21 12:56:16","updated":"2025-08-25 18:54:14"},"aioseo_breadcrumb":"<div class=\"aioseo-breadcrumbs\"><span class=\"aioseo-breadcrumb\">\n\t<a href=\"https:\/\/candas365.es\/noticias\" title=\"Home\">Home<\/a>\n<\/span><span class=\"aioseo-breadcrumb-separator\">&ndash;<\/span><span class=\"aioseo-breadcrumb\">\n\t<a href=\"https:\/\/candas365.es\/noticias\/category\/actualidad\/\" title=\"Actualidad\">Actualidad<\/a>\n<\/span><span class=\"aioseo-breadcrumb-separator\">&ndash;<\/span><span class=\"aioseo-breadcrumb\">\n\tCospedal: \u00abLos militares pasean el nombre de Canarias por todo el mundo\u00bb\n<\/span><\/div>","aioseo_breadcrumb_json":[{"label":"Home","link":"https:\/\/candas365.es\/noticias"},{"label":"Actualidad","link":"https:\/\/candas365.es\/noticias\/category\/actualidad\/"},{"label":"Cospedal: \u00abLos militares pasean el nombre de Canarias por todo el mundo\u00bb","link":"https:\/\/candas365.es\/noticias\/cospedal-los-militares-pasean-el-nombre-de-canarias-por-todo-el-mundo\/"}],"_links":{"self":[{"href":"https:\/\/candas365.es\/noticias\/wp-json\/wp\/v2\/posts\/76096","targetHints":{"allow":["GET"]}}],"collection":[{"href":"https:\/\/candas365.es\/noticias\/wp-json\/wp\/v2\/posts"}],"about":[{"href":"https:\/\/candas365.es\/noticias\/wp-json\/wp\/v2\/types\/post"}],"author":[{"embeddable":true,"href":"https:\/\/candas365.es\/noticias\/wp-json\/wp\/v2\/users\/1"}],"replies":[{"embeddable":true,"href":"https:\/\/candas365.es\/noticias\/wp-json\/wp\/v2\/comments?post=76096"}],"version-history":[{"count":0,"href":"https:\/\/candas365.es\/noticias\/wp-json\/wp\/v2\/posts\/76096\/revisions"}],"wp:featuredmedia":[{"embeddable":true,"href":"https:\/\/candas365.es\/noticias\/wp-json\/wp\/v2\/media\/76097"}],"wp:attachment":[{"href":"https:\/\/candas365.es\/noticias\/wp-json\/wp\/v2\/media?parent=76096"}],"wp:term":[{"taxonomy":"category","embeddable":true,"href":"https:\/\/candas365.es\/noticias\/wp-json\/wp\/v2\/categories?post=76096"},{"taxonomy":"post_tag","embeddable":true,"href":"https:\/\/candas365.es\/noticias\/wp-json\/wp\/v2\/tags?post=76096"}],"curies":[{"name":"wp","href":"https:\/\/api.w.org\/{rel}","templated":true}]}}