{"id":76090,"date":"2017-07-21T01:44:14","date_gmt":"2017-07-21T01:44:14","guid":{"rendered":"http:\/\/candas365.es\/noticias\/?p=76090"},"modified":"2017-07-21T01:44:14","modified_gmt":"2017-07-21T01:44:14","slug":"isabel-garcia-tejerina-la-continuidad-de-la-pac-no-es-negociable","status":"publish","type":"post","link":"https:\/\/candas365.es\/noticias\/isabel-garcia-tejerina-la-continuidad-de-la-pac-no-es-negociable\/","title":{"rendered":"Isabel Garc\u00eda Tejerina: \u00abLa continuidad de la PAC no es negociable\u00bb"},"content":{"rendered":"<p><img fetchpriority=\"high\" decoding=\"async\" class=\"alignleft size-medium wp-image-76091\" src=\"https:\/\/candas365.es\/noticias\/wp-content\/uploads\/2017\/07\/190717-360x239.jpg\" alt=\"\" width=\"360\" height=\"239\" srcset=\"https:\/\/candas365.es\/noticias\/wp-content\/uploads\/2017\/07\/190717-360x239.jpg 360w, https:\/\/candas365.es\/noticias\/wp-content\/uploads\/2017\/07\/190717-84x55.jpg 84w, https:\/\/candas365.es\/noticias\/wp-content\/uploads\/2017\/07\/190717.jpg 496w\" sizes=\"(max-width: 360px) 100vw, 360px\" \/>La ministra de Agricultura y Pesca, Alimentaci\u00f3n y Medio Ambiente, Isabel Garc\u00eda Tejerina, ha subrayado que la continuidad de la Pol\u00edtica Agr\u00edcola Com\u00fan (PAC) no es negociable para Espa\u00f1a y que el Gobierno est\u00e1 ya involucrado en el proceso de revisi\u00f3n de esta pol\u00edtica m\u00e1s all\u00e1 de 2020.<\/p>\n<p>Isabel Garc\u00eda Tejerina ha intervenido hoy en el desayuno coloquio del Foro Ideal, en Granada, donde ha subrayado que gracias al esfuerzo de este Gobierno y del conjunto de los espa\u00f1oles, Espa\u00f1a est\u00e1 saliendo de la crisis, como as\u00ed lo apuntan los indicadores de crecimiento econ\u00f3mico, los datos de recuperaci\u00f3n de empleo o la reducci\u00f3n del d\u00e9ficit p\u00fablico.<\/p>\n<p>No obstante, la ministra ha destacado la necesidad de lograr que la recuperaci\u00f3n llegue a toda la sociedad, a trav\u00e9s del crecimiento econ\u00f3mico, el trabajo y el rigor. Para Garc\u00eda Tejerina, no hay buena pol\u00edtica social sin una buena pol\u00edtica econ\u00f3mica.<\/p>\n<p>En este contexto, Garc\u00eda Tejerina ha asegurado que todos los sectores econ\u00f3micos han contribuido a esta favorable evoluci\u00f3n de la econom\u00eda espa\u00f1ola, entre ellos el sector agroalimentario. De hecho, la agricultura, la ganader\u00eda, la pesca y la industria de la alimentaci\u00f3n son un firme soporte para la econom\u00eda del medio rural.<\/p>\n<p>En concreto, en 2016 la producci\u00f3n de la rama agraria ascendi\u00f3 a 46.807 millones de euros, lo que constituye su r\u00e9cord hist\u00f3rico. Y la renta agraria se increment\u00f3 un 6,9%, alcanzando 25.688 millones de euros, casi un 15% m\u00e1s que en el a\u00f1o 2011.<\/p>\n<p>Adem\u00e1s, la ministra ha mencionado el crecimiento de las exportaciones de productos agroalimentarios que, en el \u00faltimo a\u00f1o m\u00f3vil, alcanzaron un r\u00e9cord hist\u00f3rico de 48.300 millones de euros, un 56% m\u00e1s que en 2011. En definitiva, el sector agroalimentario espa\u00f1ol crea hoy m\u00e1s riqueza en el medio rural y es cada vez m\u00e1s competitivo en los mercados internacionales.<\/p>\n<p>En el caso de Andaluc\u00eda, Garc\u00eda Tejerina ha puesto en valor la contribuci\u00f3n del sector olivarero a estos buenos resultados, sector al que Granada dedica el 35% de su superficie de cultivo con casi 200.000 hect\u00e1reas. Tambi\u00e9n ha mencionado la importancia de la fruticultura subtropical y la producci\u00f3n hort\u00edcola bajo invernadero de esta provincia. En concreto, las producciones de frutas tropicales contribuyen a situar a Andaluc\u00eda, con 10.305 millones de euros exportados en 2016, a la cabeza de las exportaciones agroalimentarias de Espa\u00f1a.<\/p>\n<p><strong>Estabilidad de las rentas<\/strong><\/p>\n<p>Por lo tanto, la ministra entiende que la d\u00e9cima legislatura ha sido muy productiva, con la puesta en marcha de muchas iniciativas cuyo desarrollo debemos culminar y completar con otras.<\/p>\n<p>Para dar estabilidad a las rentas del sector agrario, Garc\u00eda Tejerina ha se\u00f1alado como pilares de actuaci\u00f3n de su Departamento la Pol\u00edtica Agr\u00edcola Com\u00fan, la Pol\u00edtica de Seguros Agrarios y la Pol\u00edtica Fiscal.<\/p>\n<p>En relaci\u00f3n con la futura PAC, Garc\u00eda Tejerina ha asegurado que las pol\u00edticas comunitarias deben dotarse de los necesarios recursos para ello. Ante la posibilidad de contar con una menor dotaci\u00f3n presupuestaria, la ministra ha afirmado que el Gobierno de Espa\u00f1a rechaza el copago como posibilidad para las ayudas directas en el pr\u00f3ximo marco financiero. Seg\u00fan ha recalcado, Espa\u00f1a no debe aceptar una reducci\u00f3n del presupuesto de la PAC ni tampoco la posibilidad de cofinanciar una parte del gasto correspondiente a las ayudas directas.<\/p>\n<p>Dada la importancia que la PAC tiene para el conjunto del sector agroalimentario y para la econom\u00eda espa\u00f1ola, Garc\u00eda Tejerina ha apuntado que Espa\u00f1a sit\u00faa el mantenimiento del presupuesto de la PAC en el primer nivel de sus prioridades de cara al futuro de la financiaci\u00f3n comunitaria.<\/p>\n<p><strong>Ingresos procedentes del mercado<\/strong><\/p>\n<p>Adem\u00e1s de la PAC, la ministra entiende que el elemento central de los ingresos de las explotaciones ha de ser cada vez m\u00e1s el mercado. Para ello, el Gobierno propiciar\u00e1 una agricultura m\u00e1s competitiva e internacionalizada, m\u00e1s innovadora, con m\u00e1s presencia de j\u00f3venes y mujeres, y m\u00e1s respetuosa con el medio ambiente y el clima.<\/p>\n<p>A este respecto, el Ministerio est\u00e1 trabajando en la puesta en marcha de un Plan Estrat\u00e9gico Global para el Sector Agroalimentario Espa\u00f1ol, Horizonte 2030. Tambi\u00e9n se impulsar\u00e1 un Programa para la excelencia de la Calidad Alimentaria.<\/p>\n<p>De igual forma, Garc\u00eda Tejerina ha comentado que el Ministerio est\u00e1 abriendo una l\u00ednea de apoyo a la innovaci\u00f3n en los \u00e1mbitos agrario, agroalimentario y forestal en el Programa de Desarrollo Rural, a trav\u00e9s de la medida de cooperaci\u00f3n, destinando inicialmente 47 millones de euros de gasto p\u00fablico total.<\/p>\n<p>&nbsp;<\/p>\n","protected":false},"excerpt":{"rendered":"<p>La ministra de Agricultura y Pesca, Alimentaci\u00f3n y Medio Ambiente, Isabel Garc\u00eda Tejerina, ha subrayado que la continuidad de la Pol\u00edtica Agr\u00edcola Com\u00fan (PAC) no es negociable para Espa\u00f1a y que el Gobierno est\u00e1 ya involucrado en el proceso de revisi\u00f3n de esta pol\u00edtica m\u00e1s all\u00e1 de 2020. Isabel Garc\u00eda Tejerina ha intervenido hoy en<\/p>\n","protected":false},"author":1,"featured_media":76091,"comment_status":"closed","ping_status":"closed","sticky":false,"template":"","format":"standard","meta":{"footnotes":""},"categories":[343],"tags":[],"class_list":{"0":"post-76090","1":"post","2":"type-post","3":"status-publish","4":"format-standard","5":"has-post-thumbnail","7":"category-actualidad"},"aioseo_notices":[],"aioseo_head":"\n\t\t<!-- All in One SEO Pro 4.9.6.2 - aioseo.com -->\n\t<meta name=\"description\" content=\"La ministra de Agricultura y Pesca, Alimentaci\u00f3n y Medio Ambiente, Isabel Garc\u00eda Tejerina, ha subrayado que la continuidad de la Pol\u00edtica Agr\u00edcola Com\u00fan (PAC) no es negociable para Espa\u00f1a y que el Gobierno est\u00e1 ya involucrado en el proceso de revisi\u00f3n de esta pol\u00edtica m\u00e1s all\u00e1 de 2020. Isabel Garc\u00eda Tejerina ha intervenido hoy en\" \/>\n\t<meta name=\"robots\" content=\"max-image-preview:large\" \/>\n\t<meta name=\"author\" content=\"Cand\u00e1s 365\"\/>\n\t<meta name=\"google-site-verification\" content=\"UA-32230408-1\" \/>\n\t<meta name=\"msvalidate.01\" content=\"354F3CDFB2DA171B47FBE9ABF1F88D5\" \/>\n\t<meta name=\"keywords\" content=\"actualidad\" \/>\n\t<link rel=\"canonical\" href=\"https:\/\/candas365.es\/noticias\/isabel-garcia-tejerina-la-continuidad-de-la-pac-no-es-negociable\/\" \/>\n\t<meta name=\"generator\" content=\"All in One SEO Pro (AIOSEO) 4.9.6.2\" \/>\n\t\t<meta property=\"og:locale\" content=\"es_ES\" \/>\n\t\t<meta property=\"og:site_name\" content=\"Cand\u00e1s 365\" \/>\n\t\t<meta property=\"og:type\" content=\"article\" \/>\n\t\t<meta property=\"og:title\" content=\"Isabel Garc\u00eda Tejerina: \u00abLa continuidad de la PAC no es negociable\u00bb | Cand\u00e1s 365\" \/>\n\t\t<meta property=\"og:description\" content=\"La ministra de Agricultura y Pesca, Alimentaci\u00f3n y Medio Ambiente, Isabel Garc\u00eda Tejerina, ha subrayado que la continuidad de la Pol\u00edtica Agr\u00edcola Com\u00fan (PAC) no es negociable para Espa\u00f1a y que el Gobierno est\u00e1 ya involucrado en el proceso de revisi\u00f3n de esta pol\u00edtica m\u00e1s all\u00e1 de 2020. Isabel Garc\u00eda Tejerina ha intervenido hoy en\" \/>\n\t\t<meta property=\"og:url\" content=\"https:\/\/candas365.es\/noticias\/isabel-garcia-tejerina-la-continuidad-de-la-pac-no-es-negociable\/\" \/>\n\t\t<meta property=\"og:image\" content=\"https:\/\/candas365.es\/noticias\/wp-content\/uploads\/2017\/07\/190717.jpg\" \/>\n\t\t<meta property=\"og:image:secure_url\" content=\"https:\/\/candas365.es\/noticias\/wp-content\/uploads\/2017\/07\/190717.jpg\" \/>\n\t\t<meta property=\"og:image:width\" content=\"496\" \/>\n\t\t<meta property=\"og:image:height\" content=\"329\" \/>\n\t\t<meta property=\"article:published_time\" content=\"2017-07-21T01:44:14+00:00\" \/>\n\t\t<meta property=\"article:modified_time\" content=\"2017-07-21T01:44:14+00:00\" \/>\n\t\t<meta property=\"article:publisher\" content=\"https:\/\/www.facebook.com\/Nachofdezber\" \/>\n\t\t<meta property=\"article:author\" content=\"https:\/\/www.facebook.com\/carrenoactualidad\" \/>\n\t\t<meta name=\"twitter:card\" content=\"summary_large_image\" \/>\n\t\t<meta name=\"twitter:site\" content=\"@NabercoDigital\" \/>\n\t\t<meta name=\"twitter:title\" content=\"Isabel Garc\u00eda Tejerina: \u00abLa continuidad de la PAC no es negociable\u00bb | Cand\u00e1s 365\" \/>\n\t\t<meta name=\"twitter:description\" content=\"La ministra de Agricultura y Pesca, Alimentaci\u00f3n y Medio Ambiente, Isabel Garc\u00eda Tejerina, ha subrayado que la continuidad de la Pol\u00edtica Agr\u00edcola Com\u00fan (PAC) no es negociable para Espa\u00f1a y que el Gobierno est\u00e1 ya involucrado en el proceso de revisi\u00f3n de esta pol\u00edtica m\u00e1s all\u00e1 de 2020. Isabel Garc\u00eda Tejerina ha intervenido hoy en\" \/>\n\t\t<meta name=\"twitter:creator\" content=\"@nbasturias\" \/>\n\t\t<meta name=\"twitter:image\" content=\"https:\/\/candas365.es\/noticias\/wp-content\/uploads\/2017\/07\/190717.jpg\" \/>\n\t\t<meta name=\"twitter:label1\" content=\"Escrito por\" \/>\n\t\t<meta name=\"twitter:data1\" content=\"Cand\u00e1s 365\" \/>\n\t\t<meta name=\"twitter:label2\" content=\"Tiempo de lectura estimado\" \/>\n\t\t<meta name=\"twitter:data2\" content=\"4 minutos\" \/>\n\t\t<script type=\"application\/ld+json\" class=\"aioseo-schema\">\n\t\t\t{\"@context\":\"https:\\\/\\\/schema.org\",\"@graph\":[{\"@type\":\"BreadcrumbList\",\"@id\":\"https:\\\/\\\/candas365.es\\\/noticias\\\/isabel-garcia-tejerina-la-continuidad-de-la-pac-no-es-negociable\\\/#breadcrumblist\",\"itemListElement\":[{\"@type\":\"ListItem\",\"@id\":\"https:\\\/\\\/candas365.es\\\/noticias#listItem\",\"position\":1,\"name\":\"Home\",\"item\":\"https:\\\/\\\/candas365.es\\\/noticias\",\"nextItem\":{\"@type\":\"ListItem\",\"@id\":\"https:\\\/\\\/candas365.es\\\/noticias\\\/category\\\/actualidad\\\/#listItem\",\"name\":\"Actualidad\"}},{\"@type\":\"ListItem\",\"@id\":\"https:\\\/\\\/candas365.es\\\/noticias\\\/category\\\/actualidad\\\/#listItem\",\"position\":2,\"name\":\"Actualidad\",\"item\":\"https:\\\/\\\/candas365.es\\\/noticias\\\/category\\\/actualidad\\\/\",\"nextItem\":{\"@type\":\"ListItem\",\"@id\":\"https:\\\/\\\/candas365.es\\\/noticias\\\/isabel-garcia-tejerina-la-continuidad-de-la-pac-no-es-negociable\\\/#listItem\",\"name\":\"Isabel Garc\\u00eda Tejerina: \\u00abLa continuidad de la PAC no es negociable\\u00bb\"},\"previousItem\":{\"@type\":\"ListItem\",\"@id\":\"https:\\\/\\\/candas365.es\\\/noticias#listItem\",\"name\":\"Home\"}},{\"@type\":\"ListItem\",\"@id\":\"https:\\\/\\\/candas365.es\\\/noticias\\\/isabel-garcia-tejerina-la-continuidad-de-la-pac-no-es-negociable\\\/#listItem\",\"position\":3,\"name\":\"Isabel Garc\\u00eda Tejerina: \\u00abLa continuidad de la PAC no es negociable\\u00bb\",\"previousItem\":{\"@type\":\"ListItem\",\"@id\":\"https:\\\/\\\/candas365.es\\\/noticias\\\/category\\\/actualidad\\\/#listItem\",\"name\":\"Actualidad\"}}]},{\"@type\":\"NewsArticle\",\"@id\":\"https:\\\/\\\/candas365.es\\\/noticias\\\/isabel-garcia-tejerina-la-continuidad-de-la-pac-no-es-negociable\\\/#newsarticle\",\"name\":\"Isabel Garc\\u00eda Tejerina: \\u00abLa continuidad de la PAC no es negociable\\u00bb | Cand\\u00e1s 365\",\"headline\":\"Isabel Garc\\u00eda Tejerina: \\u00abLa continuidad de la PAC no es negociable\\u00bb\",\"author\":{\"@id\":\"https:\\\/\\\/candas365.es\\\/noticias\\\/author\\\/admin\\\/#author\"},\"publisher\":{\"@id\":\"https:\\\/\\\/candas365.es\\\/noticias\\\/#organization\"},\"image\":{\"@type\":\"ImageObject\",\"url\":\"https:\\\/\\\/candas365.es\\\/noticias\\\/wp-content\\\/uploads\\\/2017\\\/07\\\/190717.jpg\",\"width\":496,\"height\":329},\"datePublished\":\"2017-07-21T01:44:14+02:00\",\"dateModified\":\"2017-07-21T01:44:14+02:00\",\"inLanguage\":\"es-ES\",\"mainEntityOfPage\":{\"@id\":\"https:\\\/\\\/candas365.es\\\/noticias\\\/isabel-garcia-tejerina-la-continuidad-de-la-pac-no-es-negociable\\\/#webpage\"},\"isPartOf\":{\"@id\":\"https:\\\/\\\/candas365.es\\\/noticias\\\/isabel-garcia-tejerina-la-continuidad-de-la-pac-no-es-negociable\\\/#webpage\"},\"articleSection\":\"Actualidad\",\"dateline\":\"Publicado el julio 21, 2017.\"},{\"@type\":\"Organization\",\"@id\":\"https:\\\/\\\/candas365.es\\\/noticias\\\/#organization\",\"name\":\"Cand\\u00e1s 365\",\"description\":\"Cand\\u00e1s 365 es un diario digital independiente, fundado en 2012, con base en Asturias. Informamos con rigor sobre actualidad, sociedad, cultura y ocio, con una mirada local y global.\",\"url\":\"https:\\\/\\\/candas365.es\\\/noticias\\\/\",\"email\":\"info@candas365.es\",\"telephone\":\"+34652131393\",\"foundingDate\":\"2012-06-10\",\"logo\":{\"@type\":\"ImageObject\",\"url\":\"https:\\\/\\\/candas365.es\\\/noticias\\\/wp-content\\\/uploads\\\/2024\\\/09\\\/Candas-365-Redes.jpg\",\"@id\":\"https:\\\/\\\/candas365.es\\\/noticias\\\/isabel-garcia-tejerina-la-continuidad-de-la-pac-no-es-negociable\\\/#organizationLogo\",\"width\":1152,\"height\":864,\"caption\":\"Cand\\u00e1s 365 Redes\"},\"image\":{\"@id\":\"https:\\\/\\\/candas365.es\\\/noticias\\\/isabel-garcia-tejerina-la-continuidad-de-la-pac-no-es-negociable\\\/#organizationLogo\"},\"sameAs\":[\"https:\\\/\\\/www.facebook.com\\\/Nachofdezber\",\"https:\\\/\\\/x.com\\\/NabercoDigital\",\"https:\\\/\\\/www.instagram.com\\\/nachofdezber\\\/\",\"https:\\\/\\\/www.youtube.com\\\/channel\\\/UCZP-2wLEB9Rv6erhFmqVnvg\"],\"address\":{\"@id\":\"https:\\\/\\\/candas365.es\\\/noticias\\\/#postaladdress\",\"@type\":\"PostalAddress\",\"streetAddress\":\"san antonio 4, san antonio 4\",\"postalCode\":\"33430\",\"addressLocality\":\"Cand\\u00e1s\",\"addressRegion\":\"Asturias\",\"addressCountry\":\"ES\"}},{\"@type\":\"Person\",\"@id\":\"https:\\\/\\\/candas365.es\\\/noticias\\\/author\\\/admin\\\/#author\",\"url\":\"https:\\\/\\\/candas365.es\\\/noticias\\\/author\\\/admin\\\/\",\"name\":\"Cand\\u00e1s 365\",\"image\":{\"@type\":\"ImageObject\",\"@id\":\"https:\\\/\\\/candas365.es\\\/noticias\\\/isabel-garcia-tejerina-la-continuidad-de-la-pac-no-es-negociable\\\/#authorImage\",\"url\":\"https:\\\/\\\/secure.gravatar.com\\\/avatar\\\/496a8e03d0c493ede1718b7934145dbdf8d89be1036b0eec9544e1094c9de390?s=96&d=mm&r=g\",\"width\":96,\"height\":96,\"caption\":\"Cand\\u00e1s 365\"},\"sameAs\":[\"https:\\\/\\\/www.facebook.com\\\/carrenoactualidad\",\"https:\\\/\\\/twitter.com\\\/nbasturias\",\"https:\\\/\\\/www.instagram.com\\\/nachofdezber\\\/\",\"https:\\\/\\\/www.youtube.com\\\/channel\\\/UCZP-2wLEB9Rv6erhFmqVnvg\"]},{\"@type\":\"WebPage\",\"@id\":\"https:\\\/\\\/candas365.es\\\/noticias\\\/isabel-garcia-tejerina-la-continuidad-de-la-pac-no-es-negociable\\\/#webpage\",\"url\":\"https:\\\/\\\/candas365.es\\\/noticias\\\/isabel-garcia-tejerina-la-continuidad-de-la-pac-no-es-negociable\\\/\",\"name\":\"Isabel Garc\\u00eda Tejerina: \\u00abLa continuidad de la PAC no es negociable\\u00bb | Cand\\u00e1s 365\",\"description\":\"La ministra de Agricultura y Pesca, Alimentaci\\u00f3n y Medio Ambiente, Isabel Garc\\u00eda Tejerina, ha subrayado que la continuidad de la Pol\\u00edtica Agr\\u00edcola Com\\u00fan (PAC) no es negociable para Espa\\u00f1a y que el Gobierno est\\u00e1 ya involucrado en el proceso de revisi\\u00f3n de esta pol\\u00edtica m\\u00e1s all\\u00e1 de 2020. Isabel Garc\\u00eda Tejerina ha intervenido hoy en\",\"inLanguage\":\"es-ES\",\"isPartOf\":{\"@id\":\"https:\\\/\\\/candas365.es\\\/noticias\\\/#website\"},\"breadcrumb\":{\"@id\":\"https:\\\/\\\/candas365.es\\\/noticias\\\/isabel-garcia-tejerina-la-continuidad-de-la-pac-no-es-negociable\\\/#breadcrumblist\"},\"author\":{\"@id\":\"https:\\\/\\\/candas365.es\\\/noticias\\\/author\\\/admin\\\/#author\"},\"creator\":{\"@id\":\"https:\\\/\\\/candas365.es\\\/noticias\\\/author\\\/admin\\\/#author\"},\"image\":{\"@type\":\"ImageObject\",\"url\":\"https:\\\/\\\/candas365.es\\\/noticias\\\/wp-content\\\/uploads\\\/2017\\\/07\\\/190717.jpg\",\"@id\":\"https:\\\/\\\/candas365.es\\\/noticias\\\/isabel-garcia-tejerina-la-continuidad-de-la-pac-no-es-negociable\\\/#mainImage\",\"width\":496,\"height\":329},\"primaryImageOfPage\":{\"@id\":\"https:\\\/\\\/candas365.es\\\/noticias\\\/isabel-garcia-tejerina-la-continuidad-de-la-pac-no-es-negociable\\\/#mainImage\"},\"datePublished\":\"2017-07-21T01:44:14+02:00\",\"dateModified\":\"2017-07-21T01:44:14+02:00\"},{\"@type\":\"WebSite\",\"@id\":\"https:\\\/\\\/candas365.es\\\/noticias\\\/#website\",\"url\":\"https:\\\/\\\/candas365.es\\\/noticias\\\/\",\"name\":\"Cand\\u00e1s 365\",\"alternateName\":\"Cand\\u00e1s 365 Noticias\",\"description\":\"Actualidad desde Carre\\u00f1o para el mundo\",\"inLanguage\":\"es-ES\",\"publisher\":{\"@id\":\"https:\\\/\\\/candas365.es\\\/noticias\\\/#organization\"}}]}\n\t\t<\/script>\n\t\t<!-- All in One SEO Pro -->\r\n\t\t<title>Isabel Garc\u00eda Tejerina: \u00abLa continuidad de la PAC no es negociable\u00bb | Cand\u00e1s 365<\/title>\n\n","aioseo_head_json":{"title":"Isabel Garc\u00eda Tejerina: \u00abLa continuidad de la PAC no es negociable\u00bb | Cand\u00e1s 365","description":"La ministra de Agricultura y Pesca, Alimentaci\u00f3n y Medio Ambiente, Isabel Garc\u00eda Tejerina, ha subrayado que la continuidad de la Pol\u00edtica Agr\u00edcola Com\u00fan (PAC) no es negociable para Espa\u00f1a y que el Gobierno est\u00e1 ya involucrado en el proceso de revisi\u00f3n de esta pol\u00edtica m\u00e1s all\u00e1 de 2020. Isabel Garc\u00eda Tejerina ha intervenido hoy en","canonical_url":"https:\/\/candas365.es\/noticias\/isabel-garcia-tejerina-la-continuidad-de-la-pac-no-es-negociable\/","robots":"max-image-preview:large","keywords":"actualidad","webmasterTools":{"google-site-verification":"UA-32230408-1","msvalidate.01":"354F3CDFB2DA171B47FBE9ABF1F88D5","miscellaneous":""},"schema":{"@context":"https:\/\/schema.org","@graph":[{"@type":"BreadcrumbList","@id":"https:\/\/candas365.es\/noticias\/isabel-garcia-tejerina-la-continuidad-de-la-pac-no-es-negociable\/#breadcrumblist","itemListElement":[{"@type":"ListItem","@id":"https:\/\/candas365.es\/noticias#listItem","position":1,"name":"Home","item":"https:\/\/candas365.es\/noticias","nextItem":{"@type":"ListItem","@id":"https:\/\/candas365.es\/noticias\/category\/actualidad\/#listItem","name":"Actualidad"}},{"@type":"ListItem","@id":"https:\/\/candas365.es\/noticias\/category\/actualidad\/#listItem","position":2,"name":"Actualidad","item":"https:\/\/candas365.es\/noticias\/category\/actualidad\/","nextItem":{"@type":"ListItem","@id":"https:\/\/candas365.es\/noticias\/isabel-garcia-tejerina-la-continuidad-de-la-pac-no-es-negociable\/#listItem","name":"Isabel Garc\u00eda Tejerina: \u00abLa continuidad de la PAC no es negociable\u00bb"},"previousItem":{"@type":"ListItem","@id":"https:\/\/candas365.es\/noticias#listItem","name":"Home"}},{"@type":"ListItem","@id":"https:\/\/candas365.es\/noticias\/isabel-garcia-tejerina-la-continuidad-de-la-pac-no-es-negociable\/#listItem","position":3,"name":"Isabel Garc\u00eda Tejerina: \u00abLa continuidad de la PAC no es negociable\u00bb","previousItem":{"@type":"ListItem","@id":"https:\/\/candas365.es\/noticias\/category\/actualidad\/#listItem","name":"Actualidad"}}]},{"@type":"NewsArticle","@id":"https:\/\/candas365.es\/noticias\/isabel-garcia-tejerina-la-continuidad-de-la-pac-no-es-negociable\/#newsarticle","name":"Isabel Garc\u00eda Tejerina: \u00abLa continuidad de la PAC no es negociable\u00bb | Cand\u00e1s 365","headline":"Isabel Garc\u00eda Tejerina: \u00abLa continuidad de la PAC no es negociable\u00bb","author":{"@id":"https:\/\/candas365.es\/noticias\/author\/admin\/#author"},"publisher":{"@id":"https:\/\/candas365.es\/noticias\/#organization"},"image":{"@type":"ImageObject","url":"https:\/\/candas365.es\/noticias\/wp-content\/uploads\/2017\/07\/190717.jpg","width":496,"height":329},"datePublished":"2017-07-21T01:44:14+02:00","dateModified":"2017-07-21T01:44:14+02:00","inLanguage":"es-ES","mainEntityOfPage":{"@id":"https:\/\/candas365.es\/noticias\/isabel-garcia-tejerina-la-continuidad-de-la-pac-no-es-negociable\/#webpage"},"isPartOf":{"@id":"https:\/\/candas365.es\/noticias\/isabel-garcia-tejerina-la-continuidad-de-la-pac-no-es-negociable\/#webpage"},"articleSection":"Actualidad","dateline":"Publicado el julio 21, 2017."},{"@type":"Organization","@id":"https:\/\/candas365.es\/noticias\/#organization","name":"Cand\u00e1s 365","description":"Cand\u00e1s 365 es un diario digital independiente, fundado en 2012, con base en Asturias. Informamos con rigor sobre actualidad, sociedad, cultura y ocio, con una mirada local y global.","url":"https:\/\/candas365.es\/noticias\/","email":"info@candas365.es","telephone":"+34652131393","foundingDate":"2012-06-10","logo":{"@type":"ImageObject","url":"https:\/\/candas365.es\/noticias\/wp-content\/uploads\/2024\/09\/Candas-365-Redes.jpg","@id":"https:\/\/candas365.es\/noticias\/isabel-garcia-tejerina-la-continuidad-de-la-pac-no-es-negociable\/#organizationLogo","width":1152,"height":864,"caption":"Cand\u00e1s 365 Redes"},"image":{"@id":"https:\/\/candas365.es\/noticias\/isabel-garcia-tejerina-la-continuidad-de-la-pac-no-es-negociable\/#organizationLogo"},"sameAs":["https:\/\/www.facebook.com\/Nachofdezber","https:\/\/x.com\/NabercoDigital","https:\/\/www.instagram.com\/nachofdezber\/","https:\/\/www.youtube.com\/channel\/UCZP-2wLEB9Rv6erhFmqVnvg"],"address":{"@id":"https:\/\/candas365.es\/noticias\/#postaladdress","@type":"PostalAddress","streetAddress":"san antonio 4, san antonio 4","postalCode":"33430","addressLocality":"Cand\u00e1s","addressRegion":"Asturias","addressCountry":"ES"}},{"@type":"Person","@id":"https:\/\/candas365.es\/noticias\/author\/admin\/#author","url":"https:\/\/candas365.es\/noticias\/author\/admin\/","name":"Cand\u00e1s 365","image":{"@type":"ImageObject","@id":"https:\/\/candas365.es\/noticias\/isabel-garcia-tejerina-la-continuidad-de-la-pac-no-es-negociable\/#authorImage","url":"https:\/\/secure.gravatar.com\/avatar\/496a8e03d0c493ede1718b7934145dbdf8d89be1036b0eec9544e1094c9de390?s=96&d=mm&r=g","width":96,"height":96,"caption":"Cand\u00e1s 365"},"sameAs":["https:\/\/www.facebook.com\/carrenoactualidad","https:\/\/twitter.com\/nbasturias","https:\/\/www.instagram.com\/nachofdezber\/","https:\/\/www.youtube.com\/channel\/UCZP-2wLEB9Rv6erhFmqVnvg"]},{"@type":"WebPage","@id":"https:\/\/candas365.es\/noticias\/isabel-garcia-tejerina-la-continuidad-de-la-pac-no-es-negociable\/#webpage","url":"https:\/\/candas365.es\/noticias\/isabel-garcia-tejerina-la-continuidad-de-la-pac-no-es-negociable\/","name":"Isabel Garc\u00eda Tejerina: \u00abLa continuidad de la PAC no es negociable\u00bb | Cand\u00e1s 365","description":"La ministra de Agricultura y Pesca, Alimentaci\u00f3n y Medio Ambiente, Isabel Garc\u00eda Tejerina, ha subrayado que la continuidad de la Pol\u00edtica Agr\u00edcola Com\u00fan (PAC) no es negociable para Espa\u00f1a y que el Gobierno est\u00e1 ya involucrado en el proceso de revisi\u00f3n de esta pol\u00edtica m\u00e1s all\u00e1 de 2020. Isabel Garc\u00eda Tejerina ha intervenido hoy en","inLanguage":"es-ES","isPartOf":{"@id":"https:\/\/candas365.es\/noticias\/#website"},"breadcrumb":{"@id":"https:\/\/candas365.es\/noticias\/isabel-garcia-tejerina-la-continuidad-de-la-pac-no-es-negociable\/#breadcrumblist"},"author":{"@id":"https:\/\/candas365.es\/noticias\/author\/admin\/#author"},"creator":{"@id":"https:\/\/candas365.es\/noticias\/author\/admin\/#author"},"image":{"@type":"ImageObject","url":"https:\/\/candas365.es\/noticias\/wp-content\/uploads\/2017\/07\/190717.jpg","@id":"https:\/\/candas365.es\/noticias\/isabel-garcia-tejerina-la-continuidad-de-la-pac-no-es-negociable\/#mainImage","width":496,"height":329},"primaryImageOfPage":{"@id":"https:\/\/candas365.es\/noticias\/isabel-garcia-tejerina-la-continuidad-de-la-pac-no-es-negociable\/#mainImage"},"datePublished":"2017-07-21T01:44:14+02:00","dateModified":"2017-07-21T01:44:14+02:00"},{"@type":"WebSite","@id":"https:\/\/candas365.es\/noticias\/#website","url":"https:\/\/candas365.es\/noticias\/","name":"Cand\u00e1s 365","alternateName":"Cand\u00e1s 365 Noticias","description":"Actualidad desde Carre\u00f1o para el mundo","inLanguage":"es-ES","publisher":{"@id":"https:\/\/candas365.es\/noticias\/#organization"}}]},"og:locale":"es_ES","og:site_name":"Cand\u00e1s 365","og:type":"article","og:title":"Isabel Garc\u00eda Tejerina: \u00abLa continuidad de la PAC no es negociable\u00bb | Cand\u00e1s 365","og:description":"La ministra de Agricultura y Pesca, Alimentaci\u00f3n y Medio Ambiente, Isabel Garc\u00eda Tejerina, ha subrayado que la continuidad de la Pol\u00edtica Agr\u00edcola Com\u00fan (PAC) no es negociable para Espa\u00f1a y que el Gobierno est\u00e1 ya involucrado en el proceso de revisi\u00f3n de esta pol\u00edtica m\u00e1s all\u00e1 de 2020. Isabel Garc\u00eda Tejerina ha intervenido hoy en","og:url":"https:\/\/candas365.es\/noticias\/isabel-garcia-tejerina-la-continuidad-de-la-pac-no-es-negociable\/","og:image":"https:\/\/candas365.es\/noticias\/wp-content\/uploads\/2017\/07\/190717.jpg","og:image:secure_url":"https:\/\/candas365.es\/noticias\/wp-content\/uploads\/2017\/07\/190717.jpg","og:image:width":496,"og:image:height":329,"article:published_time":"2017-07-21T01:44:14+00:00","article:modified_time":"2017-07-21T01:44:14+00:00","article:publisher":"https:\/\/www.facebook.com\/Nachofdezber","article:author":"https:\/\/www.facebook.com\/carrenoactualidad","twitter:card":"summary_large_image","twitter:site":"@NabercoDigital","twitter:title":"Isabel Garc\u00eda Tejerina: \u00abLa continuidad de la PAC no es negociable\u00bb | Cand\u00e1s 365","twitter:description":"La ministra de Agricultura y Pesca, Alimentaci\u00f3n y Medio Ambiente, Isabel Garc\u00eda Tejerina, ha subrayado que la continuidad de la Pol\u00edtica Agr\u00edcola Com\u00fan (PAC) no es negociable para Espa\u00f1a y que el Gobierno est\u00e1 ya involucrado en el proceso de revisi\u00f3n de esta pol\u00edtica m\u00e1s all\u00e1 de 2020. Isabel Garc\u00eda Tejerina ha intervenido hoy en","twitter:creator":"@nbasturias","twitter:image":"https:\/\/candas365.es\/noticias\/wp-content\/uploads\/2017\/07\/190717.jpg","twitter:label1":"Escrito por","twitter:data1":"Cand\u00e1s 365","twitter:label2":"Tiempo de lectura estimado","twitter:data2":"4 minutos"},"aioseo_meta_data":{"post_id":"76090","title":null,"description":null,"keywords":null,"keyphrases":null,"primary_term":null,"canonical_url":null,"og_title":null,"og_description":null,"og_object_type":"default","og_image_type":"default","og_image_url":null,"og_image_width":null,"og_image_height":null,"og_image_custom_url":null,"og_image_custom_fields":null,"og_video":null,"og_custom_url":null,"og_article_section":null,"og_article_tags":null,"twitter_use_og":false,"twitter_card":"default","twitter_image_type":"default","twitter_image_url":null,"twitter_image_custom_url":null,"twitter_image_custom_fields":null,"twitter_title":null,"twitter_description":null,"schema":{"blockGraphs":[],"customGraphs":[],"default":{"data":{"Article":[],"Course":[],"Dataset":[],"FAQPage":[],"Movie":[],"Person":[],"Product":[],"ProductReview":[],"Car":[],"Recipe":[],"Service":[],"SoftwareApplication":[],"WebPage":[]},"graphName":"","isEnabled":true},"graphs":[],"defaultGraph":"","defaultPostTypeGraph":""},"schema_type":null,"schema_type_options":null,"pillar_content":false,"robots_default":true,"robots_noindex":false,"robots_noarchive":false,"robots_nosnippet":false,"robots_nofollow":false,"robots_noimageindex":false,"robots_noodp":false,"robots_notranslate":false,"robots_max_snippet":null,"robots_max_videopreview":null,"robots_max_imagepreview":"large","priority":null,"frequency":null,"location":null,"local_seo":null,"seo_analyzer_scan_date":"2025-08-25 18:54:12","breadcrumb_settings":null,"limit_modified_date":false,"reviewed_by":null,"open_ai":null,"ai":null,"created":"2020-12-21 12:56:16","updated":"2025-08-25 18:54:12"},"aioseo_breadcrumb":"<div class=\"aioseo-breadcrumbs\"><span class=\"aioseo-breadcrumb\">\n\t<a href=\"https:\/\/candas365.es\/noticias\" title=\"Home\">Home<\/a>\n<\/span><span class=\"aioseo-breadcrumb-separator\">&ndash;<\/span><span class=\"aioseo-breadcrumb\">\n\t<a href=\"https:\/\/candas365.es\/noticias\/category\/actualidad\/\" title=\"Actualidad\">Actualidad<\/a>\n<\/span><span class=\"aioseo-breadcrumb-separator\">&ndash;<\/span><span class=\"aioseo-breadcrumb\">\n\tIsabel Garc\u00eda Tejerina: \u00abLa continuidad de la PAC no es negociable\u00bb\n<\/span><\/div>","aioseo_breadcrumb_json":[{"label":"Home","link":"https:\/\/candas365.es\/noticias"},{"label":"Actualidad","link":"https:\/\/candas365.es\/noticias\/category\/actualidad\/"},{"label":"Isabel Garc\u00eda Tejerina: \u00abLa continuidad de la PAC no es negociable\u00bb","link":"https:\/\/candas365.es\/noticias\/isabel-garcia-tejerina-la-continuidad-de-la-pac-no-es-negociable\/"}],"_links":{"self":[{"href":"https:\/\/candas365.es\/noticias\/wp-json\/wp\/v2\/posts\/76090","targetHints":{"allow":["GET"]}}],"collection":[{"href":"https:\/\/candas365.es\/noticias\/wp-json\/wp\/v2\/posts"}],"about":[{"href":"https:\/\/candas365.es\/noticias\/wp-json\/wp\/v2\/types\/post"}],"author":[{"embeddable":true,"href":"https:\/\/candas365.es\/noticias\/wp-json\/wp\/v2\/users\/1"}],"replies":[{"embeddable":true,"href":"https:\/\/candas365.es\/noticias\/wp-json\/wp\/v2\/comments?post=76090"}],"version-history":[{"count":0,"href":"https:\/\/candas365.es\/noticias\/wp-json\/wp\/v2\/posts\/76090\/revisions"}],"wp:featuredmedia":[{"embeddable":true,"href":"https:\/\/candas365.es\/noticias\/wp-json\/wp\/v2\/media\/76091"}],"wp:attachment":[{"href":"https:\/\/candas365.es\/noticias\/wp-json\/wp\/v2\/media?parent=76090"}],"wp:term":[{"taxonomy":"category","embeddable":true,"href":"https:\/\/candas365.es\/noticias\/wp-json\/wp\/v2\/categories?post=76090"},{"taxonomy":"post_tag","embeddable":true,"href":"https:\/\/candas365.es\/noticias\/wp-json\/wp\/v2\/tags?post=76090"}],"curies":[{"name":"wp","href":"https:\/\/api.w.org\/{rel}","templated":true}]}}