{"id":76028,"date":"2017-07-19T22:16:39","date_gmt":"2017-07-19T22:16:39","guid":{"rendered":"http:\/\/candas365.es\/noticias\/?p=76028"},"modified":"2017-07-19T22:21:40","modified_gmt":"2017-07-19T22:21:40","slug":"la-feria-de-la-conserva-de-candas-celebra-su-xxviii-edicion","status":"publish","type":"post","link":"https:\/\/candas365.es\/noticias\/la-feria-de-la-conserva-de-candas-celebra-su-xxviii-edicion\/","title":{"rendered":"La feria de la Conserva de Cand\u00e1s celebra su XXVIII edici\u00f3n"},"content":{"rendered":"<p><img fetchpriority=\"high\" decoding=\"async\" class=\"alignleft size-medium wp-image-76030\" src=\"https:\/\/candas365.es\/noticias\/wp-content\/uploads\/2017\/07\/FeriaConserva2017-212x300.jpg\" alt=\"\" width=\"212\" height=\"300\" srcset=\"https:\/\/candas365.es\/noticias\/wp-content\/uploads\/2017\/07\/FeriaConserva2017-212x300.jpg 212w, https:\/\/candas365.es\/noticias\/wp-content\/uploads\/2017\/07\/FeriaConserva2017-696x984.jpg 696w, https:\/\/candas365.es\/noticias\/wp-content\/uploads\/2017\/07\/FeriaConserva2017-297x420.jpg 297w, https:\/\/candas365.es\/noticias\/wp-content\/uploads\/2017\/07\/FeriaConserva2017-768x1086.jpg 768w, https:\/\/candas365.es\/noticias\/wp-content\/uploads\/2017\/07\/FeriaConserva2017-339x480.jpg 339w, https:\/\/candas365.es\/noticias\/wp-content\/uploads\/2017\/07\/FeriaConserva2017.jpg 905w\" sizes=\"(max-width: 212px) 100vw, 212px\" \/>El 20 de julio de 2017 se inaugura la XXVIII edici\u00f3n de la feria de la Conserva de Cand\u00e1s, que comenzar\u00e1 con recorrido institucional amenizado por la Banda Gaites de Cand\u00e1s y en el que estar\u00e1 presente el Director General de Pesca del Principado de Asturias, Alberto Vizca\u00edno.<\/p>\n<p>El viernes, d\u00eda 21 a las 19 horas actuara la Bandina d\u2019Escolinos de la Banda Gaites Cand\u00e1s, y el S\u00e1bado, d\u00eda 22 de julio a las 12:30 horas. Se celebrar\u00e1 el TALLER INFANTIL \u201cCOCINA DIVERTIDA CON CONSERVAS\u201d. A cargo de Huber y Ana Animaci\u00f3n. (Inscripciones en el punto de informaci\u00f3n tur\u00edstica. plazas limitadas)<\/p>\n<p>En este taller se elaborar\u00e1n tres platos con conserva:<\/p>\n<p>\u2022 Ensalada de tomates y pescados en conserva<br \/>\n\u2022 Pat\u00e9 de sardinillas<br \/>\n\u2022 Bocaditos de mejill\u00f3n con crema de queso<\/p>\n<p>El Domingo, d\u00eda 23 a eso de las 12:30 horas habr\u00e1 un TALLER INFANTIL \u201cELABOREMOS NUESTRA PROPIA LATA DE CONSERVAS\u201d. A cargo de Huber y Ana Animaci\u00f3n.(Inscripciones en el punto de informaci\u00f3n tur\u00edstica. plazas limitadas) y a\u00a0las 19:30 horas actuar\u00e1 el grupo de Baile San F\u00e9lix de Cand\u00e1s.<\/p>\n<p>Tambi\u00e9n habr\u00e1 visitas guiadas en la Exposici\u00f3n Permanente de la Industria Conservera (informaci\u00f3n y reservas en el punto de informaci\u00f3n tur\u00edstica)<\/p>\n<p>\u2022 Viernes 21 de julio de 17 a 19 horas<br \/>\n\u2022 S\u00e1bado 22 de julio de 17 a 19 horas<br \/>\n\u2022 Domingo 23 de julio de 18 a 20 horas<\/p>\n<p>Adem\u00e1s Feria se celebran las II Jornadas gastron\u00f3micas \u201c CAND\u00c1S TE DA LA LATA\u201d con aperitivos a base de conserva en los establecimientos participantes.<\/p>\n","protected":false},"excerpt":{"rendered":"<p>El 20 de julio de 2017 se inaugura la XXVIII edici\u00f3n de la feria de la Conserva de Cand\u00e1s, que comenzar\u00e1 con recorrido institucional amenizado por la Banda Gaites de Cand\u00e1s y en el que estar\u00e1 presente el Director General de Pesca del Principado de Asturias, Alberto Vizca\u00edno. El viernes, d\u00eda 21 a las 19<\/p>\n","protected":false},"author":1,"featured_media":30104,"comment_status":"closed","ping_status":"closed","sticky":false,"template":"","format":"standard","meta":{"footnotes":""},"categories":[2],"tags":[],"class_list":{"0":"post-76028","1":"post","2":"type-post","3":"status-publish","4":"format-standard","5":"has-post-thumbnail","7":"category-noticias-carreno"},"aioseo_notices":[],"aioseo_head":"\n\t\t<!-- All in One SEO Pro 4.9.6.2 - aioseo.com -->\n\t<meta name=\"description\" content=\"El 20 de julio de 2017 se inaugura la XXVIII edici\u00f3n de la feria de la Conserva de Cand\u00e1s, que comenzar\u00e1 con recorrido institucional amenizado por la Banda Gaites de Cand\u00e1s y en el que estar\u00e1 presente el Director General de Pesca del Principado de Asturias, Alberto Vizca\u00edno. El viernes, d\u00eda 21 a las 19\" \/>\n\t<meta name=\"robots\" content=\"max-image-preview:large\" \/>\n\t<meta name=\"author\" content=\"Cand\u00e1s 365\"\/>\n\t<meta name=\"google-site-verification\" content=\"UA-32230408-1\" \/>\n\t<meta name=\"msvalidate.01\" content=\"354F3CDFB2DA171B47FBE9ABF1F88D5\" \/>\n\t<meta name=\"keywords\" content=\"noticias carre\u00f1o\" \/>\n\t<link rel=\"canonical\" href=\"https:\/\/candas365.es\/noticias\/la-feria-de-la-conserva-de-candas-celebra-su-xxviii-edicion\/\" \/>\n\t<meta name=\"generator\" content=\"All in One SEO Pro (AIOSEO) 4.9.6.2\" \/>\n\t\t<meta property=\"og:locale\" content=\"es_ES\" \/>\n\t\t<meta property=\"og:site_name\" content=\"Cand\u00e1s 365\" \/>\n\t\t<meta property=\"og:type\" content=\"article\" \/>\n\t\t<meta property=\"og:title\" content=\"La feria de la Conserva de Cand\u00e1s celebra su XXVIII edici\u00f3n | Cand\u00e1s 365\" \/>\n\t\t<meta property=\"og:description\" content=\"El 20 de julio de 2017 se inaugura la XXVIII edici\u00f3n de la feria de la Conserva de Cand\u00e1s, que comenzar\u00e1 con recorrido institucional amenizado por la Banda Gaites de Cand\u00e1s y en el que estar\u00e1 presente el Director General de Pesca del Principado de Asturias, Alberto Vizca\u00edno. El viernes, d\u00eda 21 a las 19\" \/>\n\t\t<meta property=\"og:url\" content=\"https:\/\/candas365.es\/noticias\/la-feria-de-la-conserva-de-candas-celebra-su-xxviii-edicion\/\" \/>\n\t\t<meta property=\"og:image\" content=\"https:\/\/candas365.es\/noticias\/wp-content\/uploads\/2016\/06\/puerto-de-cand\u00e1s.jpg\" \/>\n\t\t<meta property=\"og:image:secure_url\" content=\"https:\/\/candas365.es\/noticias\/wp-content\/uploads\/2016\/06\/puerto-de-cand\u00e1s.jpg\" \/>\n\t\t<meta property=\"og:image:width\" content=\"911\" \/>\n\t\t<meta property=\"og:image:height\" content=\"479\" \/>\n\t\t<meta property=\"article:published_time\" content=\"2017-07-19T22:16:39+00:00\" \/>\n\t\t<meta property=\"article:modified_time\" content=\"2017-07-19T22:21:40+00:00\" \/>\n\t\t<meta property=\"article:publisher\" content=\"https:\/\/www.facebook.com\/Nachofdezber\" \/>\n\t\t<meta property=\"article:author\" content=\"https:\/\/www.facebook.com\/carrenoactualidad\" \/>\n\t\t<meta name=\"twitter:card\" content=\"summary_large_image\" \/>\n\t\t<meta name=\"twitter:site\" content=\"@NabercoDigital\" \/>\n\t\t<meta name=\"twitter:title\" content=\"La feria de la Conserva de Cand\u00e1s celebra su XXVIII edici\u00f3n | Cand\u00e1s 365\" \/>\n\t\t<meta name=\"twitter:description\" content=\"El 20 de julio de 2017 se inaugura la XXVIII edici\u00f3n de la feria de la Conserva de Cand\u00e1s, que comenzar\u00e1 con recorrido institucional amenizado por la Banda Gaites de Cand\u00e1s y en el que estar\u00e1 presente el Director General de Pesca del Principado de Asturias, Alberto Vizca\u00edno. El viernes, d\u00eda 21 a las 19\" \/>\n\t\t<meta name=\"twitter:creator\" content=\"@nbasturias\" \/>\n\t\t<meta name=\"twitter:image\" content=\"https:\/\/candas365.es\/noticias\/wp-content\/uploads\/2016\/06\/puerto-de-cand\u00e1s.jpg\" \/>\n\t\t<meta name=\"twitter:label1\" content=\"Escrito por\" \/>\n\t\t<meta name=\"twitter:data1\" content=\"Cand\u00e1s 365\" \/>\n\t\t<meta name=\"twitter:label2\" content=\"Tiempo de lectura estimado\" \/>\n\t\t<meta name=\"twitter:data2\" content=\"1 minuto\" \/>\n\t\t<script type=\"application\/ld+json\" class=\"aioseo-schema\">\n\t\t\t{\"@context\":\"https:\\\/\\\/schema.org\",\"@graph\":[{\"@type\":\"BreadcrumbList\",\"@id\":\"https:\\\/\\\/candas365.es\\\/noticias\\\/la-feria-de-la-conserva-de-candas-celebra-su-xxviii-edicion\\\/#breadcrumblist\",\"itemListElement\":[{\"@type\":\"ListItem\",\"@id\":\"https:\\\/\\\/candas365.es\\\/noticias#listItem\",\"position\":1,\"name\":\"Home\",\"item\":\"https:\\\/\\\/candas365.es\\\/noticias\",\"nextItem\":{\"@type\":\"ListItem\",\"@id\":\"https:\\\/\\\/candas365.es\\\/noticias\\\/category\\\/noticias-carreno\\\/#listItem\",\"name\":\"Noticias Carre\\u00f1o\"}},{\"@type\":\"ListItem\",\"@id\":\"https:\\\/\\\/candas365.es\\\/noticias\\\/category\\\/noticias-carreno\\\/#listItem\",\"position\":2,\"name\":\"Noticias Carre\\u00f1o\",\"item\":\"https:\\\/\\\/candas365.es\\\/noticias\\\/category\\\/noticias-carreno\\\/\",\"nextItem\":{\"@type\":\"ListItem\",\"@id\":\"https:\\\/\\\/candas365.es\\\/noticias\\\/la-feria-de-la-conserva-de-candas-celebra-su-xxviii-edicion\\\/#listItem\",\"name\":\"La feria de la Conserva de Cand\\u00e1s celebra su XXVIII edici\\u00f3n\"},\"previousItem\":{\"@type\":\"ListItem\",\"@id\":\"https:\\\/\\\/candas365.es\\\/noticias#listItem\",\"name\":\"Home\"}},{\"@type\":\"ListItem\",\"@id\":\"https:\\\/\\\/candas365.es\\\/noticias\\\/la-feria-de-la-conserva-de-candas-celebra-su-xxviii-edicion\\\/#listItem\",\"position\":3,\"name\":\"La feria de la Conserva de Cand\\u00e1s celebra su XXVIII edici\\u00f3n\",\"previousItem\":{\"@type\":\"ListItem\",\"@id\":\"https:\\\/\\\/candas365.es\\\/noticias\\\/category\\\/noticias-carreno\\\/#listItem\",\"name\":\"Noticias Carre\\u00f1o\"}}]},{\"@type\":\"NewsArticle\",\"@id\":\"https:\\\/\\\/candas365.es\\\/noticias\\\/la-feria-de-la-conserva-de-candas-celebra-su-xxviii-edicion\\\/#newsarticle\",\"name\":\"La feria de la Conserva de Cand\\u00e1s celebra su XXVIII edici\\u00f3n | Cand\\u00e1s 365\",\"headline\":\"La feria de la Conserva de Cand\\u00e1s celebra su XXVIII edici\\u00f3n\",\"author\":{\"@id\":\"https:\\\/\\\/candas365.es\\\/noticias\\\/author\\\/admin\\\/#author\"},\"publisher\":{\"@id\":\"https:\\\/\\\/candas365.es\\\/noticias\\\/#organization\"},\"image\":{\"@type\":\"ImageObject\",\"url\":\"https:\\\/\\\/candas365.es\\\/noticias\\\/wp-content\\\/uploads\\\/2016\\\/06\\\/puerto-de-cand\\u00e1s.jpg\",\"width\":911,\"height\":479},\"datePublished\":\"2017-07-19T22:16:39+02:00\",\"dateModified\":\"2017-07-19T22:21:40+02:00\",\"inLanguage\":\"es-ES\",\"mainEntityOfPage\":{\"@id\":\"https:\\\/\\\/candas365.es\\\/noticias\\\/la-feria-de-la-conserva-de-candas-celebra-su-xxviii-edicion\\\/#webpage\"},\"isPartOf\":{\"@id\":\"https:\\\/\\\/candas365.es\\\/noticias\\\/la-feria-de-la-conserva-de-candas-celebra-su-xxviii-edicion\\\/#webpage\"},\"articleSection\":\"Noticias Carre\\u00f1o\",\"dateline\":\"Publicado el julio 19, 2017.\"},{\"@type\":\"Organization\",\"@id\":\"https:\\\/\\\/candas365.es\\\/noticias\\\/#organization\",\"name\":\"Cand\\u00e1s 365\",\"description\":\"Cand\\u00e1s 365 es un diario digital independiente, fundado en 2012, con base en Asturias. Informamos con rigor sobre actualidad, sociedad, cultura y ocio, con una mirada local y global.\",\"url\":\"https:\\\/\\\/candas365.es\\\/noticias\\\/\",\"email\":\"info@candas365.es\",\"telephone\":\"+34652131393\",\"foundingDate\":\"2012-06-10\",\"logo\":{\"@type\":\"ImageObject\",\"url\":\"https:\\\/\\\/candas365.es\\\/noticias\\\/wp-content\\\/uploads\\\/2024\\\/09\\\/Candas-365-Redes.jpg\",\"@id\":\"https:\\\/\\\/candas365.es\\\/noticias\\\/la-feria-de-la-conserva-de-candas-celebra-su-xxviii-edicion\\\/#organizationLogo\",\"width\":1152,\"height\":864,\"caption\":\"Cand\\u00e1s 365 Redes\"},\"image\":{\"@id\":\"https:\\\/\\\/candas365.es\\\/noticias\\\/la-feria-de-la-conserva-de-candas-celebra-su-xxviii-edicion\\\/#organizationLogo\"},\"sameAs\":[\"https:\\\/\\\/www.facebook.com\\\/Nachofdezber\",\"https:\\\/\\\/x.com\\\/NabercoDigital\",\"https:\\\/\\\/www.instagram.com\\\/nachofdezber\\\/\",\"https:\\\/\\\/www.youtube.com\\\/channel\\\/UCZP-2wLEB9Rv6erhFmqVnvg\"],\"address\":{\"@id\":\"https:\\\/\\\/candas365.es\\\/noticias\\\/#postaladdress\",\"@type\":\"PostalAddress\",\"streetAddress\":\"san antonio 4, san antonio 4\",\"postalCode\":\"33430\",\"addressLocality\":\"Cand\\u00e1s\",\"addressRegion\":\"Asturias\",\"addressCountry\":\"ES\"}},{\"@type\":\"Person\",\"@id\":\"https:\\\/\\\/candas365.es\\\/noticias\\\/author\\\/admin\\\/#author\",\"url\":\"https:\\\/\\\/candas365.es\\\/noticias\\\/author\\\/admin\\\/\",\"name\":\"Cand\\u00e1s 365\",\"image\":{\"@type\":\"ImageObject\",\"@id\":\"https:\\\/\\\/candas365.es\\\/noticias\\\/la-feria-de-la-conserva-de-candas-celebra-su-xxviii-edicion\\\/#authorImage\",\"url\":\"https:\\\/\\\/secure.gravatar.com\\\/avatar\\\/496a8e03d0c493ede1718b7934145dbdf8d89be1036b0eec9544e1094c9de390?s=96&d=mm&r=g\",\"width\":96,\"height\":96,\"caption\":\"Cand\\u00e1s 365\"},\"sameAs\":[\"https:\\\/\\\/www.facebook.com\\\/carrenoactualidad\",\"https:\\\/\\\/twitter.com\\\/nbasturias\",\"https:\\\/\\\/www.instagram.com\\\/nachofdezber\\\/\",\"https:\\\/\\\/www.youtube.com\\\/channel\\\/UCZP-2wLEB9Rv6erhFmqVnvg\"]},{\"@type\":\"WebPage\",\"@id\":\"https:\\\/\\\/candas365.es\\\/noticias\\\/la-feria-de-la-conserva-de-candas-celebra-su-xxviii-edicion\\\/#webpage\",\"url\":\"https:\\\/\\\/candas365.es\\\/noticias\\\/la-feria-de-la-conserva-de-candas-celebra-su-xxviii-edicion\\\/\",\"name\":\"La feria de la Conserva de Cand\\u00e1s celebra su XXVIII edici\\u00f3n | Cand\\u00e1s 365\",\"description\":\"El 20 de julio de 2017 se inaugura la XXVIII edici\\u00f3n de la feria de la Conserva de Cand\\u00e1s, que comenzar\\u00e1 con recorrido institucional amenizado por la Banda Gaites de Cand\\u00e1s y en el que estar\\u00e1 presente el Director General de Pesca del Principado de Asturias, Alberto Vizca\\u00edno. El viernes, d\\u00eda 21 a las 19\",\"inLanguage\":\"es-ES\",\"isPartOf\":{\"@id\":\"https:\\\/\\\/candas365.es\\\/noticias\\\/#website\"},\"breadcrumb\":{\"@id\":\"https:\\\/\\\/candas365.es\\\/noticias\\\/la-feria-de-la-conserva-de-candas-celebra-su-xxviii-edicion\\\/#breadcrumblist\"},\"author\":{\"@id\":\"https:\\\/\\\/candas365.es\\\/noticias\\\/author\\\/admin\\\/#author\"},\"creator\":{\"@id\":\"https:\\\/\\\/candas365.es\\\/noticias\\\/author\\\/admin\\\/#author\"},\"image\":{\"@type\":\"ImageObject\",\"url\":\"https:\\\/\\\/candas365.es\\\/noticias\\\/wp-content\\\/uploads\\\/2016\\\/06\\\/puerto-de-cand\\u00e1s.jpg\",\"@id\":\"https:\\\/\\\/candas365.es\\\/noticias\\\/la-feria-de-la-conserva-de-candas-celebra-su-xxviii-edicion\\\/#mainImage\",\"width\":911,\"height\":479},\"primaryImageOfPage\":{\"@id\":\"https:\\\/\\\/candas365.es\\\/noticias\\\/la-feria-de-la-conserva-de-candas-celebra-su-xxviii-edicion\\\/#mainImage\"},\"datePublished\":\"2017-07-19T22:16:39+02:00\",\"dateModified\":\"2017-07-19T22:21:40+02:00\"},{\"@type\":\"WebSite\",\"@id\":\"https:\\\/\\\/candas365.es\\\/noticias\\\/#website\",\"url\":\"https:\\\/\\\/candas365.es\\\/noticias\\\/\",\"name\":\"Cand\\u00e1s 365\",\"alternateName\":\"Cand\\u00e1s 365 Noticias\",\"description\":\"Actualidad desde Carre\\u00f1o para el mundo\",\"inLanguage\":\"es-ES\",\"publisher\":{\"@id\":\"https:\\\/\\\/candas365.es\\\/noticias\\\/#organization\"}}]}\n\t\t<\/script>\n\t\t<!-- All in One SEO Pro -->\r\n\t\t<title>La feria de la Conserva de Cand\u00e1s celebra su XXVIII edici\u00f3n | Cand\u00e1s 365<\/title>\n\n","aioseo_head_json":{"title":"La feria de la Conserva de Cand\u00e1s celebra su XXVIII edici\u00f3n | Cand\u00e1s 365","description":"El 20 de julio de 2017 se inaugura la XXVIII edici\u00f3n de la feria de la Conserva de Cand\u00e1s, que comenzar\u00e1 con recorrido institucional amenizado por la Banda Gaites de Cand\u00e1s y en el que estar\u00e1 presente el Director General de Pesca del Principado de Asturias, Alberto Vizca\u00edno. El viernes, d\u00eda 21 a las 19","canonical_url":"https:\/\/candas365.es\/noticias\/la-feria-de-la-conserva-de-candas-celebra-su-xxviii-edicion\/","robots":"max-image-preview:large","keywords":"noticias carre\u00f1o","webmasterTools":{"google-site-verification":"UA-32230408-1","msvalidate.01":"354F3CDFB2DA171B47FBE9ABF1F88D5","miscellaneous":""},"schema":{"@context":"https:\/\/schema.org","@graph":[{"@type":"BreadcrumbList","@id":"https:\/\/candas365.es\/noticias\/la-feria-de-la-conserva-de-candas-celebra-su-xxviii-edicion\/#breadcrumblist","itemListElement":[{"@type":"ListItem","@id":"https:\/\/candas365.es\/noticias#listItem","position":1,"name":"Home","item":"https:\/\/candas365.es\/noticias","nextItem":{"@type":"ListItem","@id":"https:\/\/candas365.es\/noticias\/category\/noticias-carreno\/#listItem","name":"Noticias Carre\u00f1o"}},{"@type":"ListItem","@id":"https:\/\/candas365.es\/noticias\/category\/noticias-carreno\/#listItem","position":2,"name":"Noticias Carre\u00f1o","item":"https:\/\/candas365.es\/noticias\/category\/noticias-carreno\/","nextItem":{"@type":"ListItem","@id":"https:\/\/candas365.es\/noticias\/la-feria-de-la-conserva-de-candas-celebra-su-xxviii-edicion\/#listItem","name":"La feria de la Conserva de Cand\u00e1s celebra su XXVIII edici\u00f3n"},"previousItem":{"@type":"ListItem","@id":"https:\/\/candas365.es\/noticias#listItem","name":"Home"}},{"@type":"ListItem","@id":"https:\/\/candas365.es\/noticias\/la-feria-de-la-conserva-de-candas-celebra-su-xxviii-edicion\/#listItem","position":3,"name":"La feria de la Conserva de Cand\u00e1s celebra su XXVIII edici\u00f3n","previousItem":{"@type":"ListItem","@id":"https:\/\/candas365.es\/noticias\/category\/noticias-carreno\/#listItem","name":"Noticias Carre\u00f1o"}}]},{"@type":"NewsArticle","@id":"https:\/\/candas365.es\/noticias\/la-feria-de-la-conserva-de-candas-celebra-su-xxviii-edicion\/#newsarticle","name":"La feria de la Conserva de Cand\u00e1s celebra su XXVIII edici\u00f3n | Cand\u00e1s 365","headline":"La feria de la Conserva de Cand\u00e1s celebra su XXVIII edici\u00f3n","author":{"@id":"https:\/\/candas365.es\/noticias\/author\/admin\/#author"},"publisher":{"@id":"https:\/\/candas365.es\/noticias\/#organization"},"image":{"@type":"ImageObject","url":"https:\/\/candas365.es\/noticias\/wp-content\/uploads\/2016\/06\/puerto-de-cand\u00e1s.jpg","width":911,"height":479},"datePublished":"2017-07-19T22:16:39+02:00","dateModified":"2017-07-19T22:21:40+02:00","inLanguage":"es-ES","mainEntityOfPage":{"@id":"https:\/\/candas365.es\/noticias\/la-feria-de-la-conserva-de-candas-celebra-su-xxviii-edicion\/#webpage"},"isPartOf":{"@id":"https:\/\/candas365.es\/noticias\/la-feria-de-la-conserva-de-candas-celebra-su-xxviii-edicion\/#webpage"},"articleSection":"Noticias Carre\u00f1o","dateline":"Publicado el julio 19, 2017."},{"@type":"Organization","@id":"https:\/\/candas365.es\/noticias\/#organization","name":"Cand\u00e1s 365","description":"Cand\u00e1s 365 es un diario digital independiente, fundado en 2012, con base en Asturias. Informamos con rigor sobre actualidad, sociedad, cultura y ocio, con una mirada local y global.","url":"https:\/\/candas365.es\/noticias\/","email":"info@candas365.es","telephone":"+34652131393","foundingDate":"2012-06-10","logo":{"@type":"ImageObject","url":"https:\/\/candas365.es\/noticias\/wp-content\/uploads\/2024\/09\/Candas-365-Redes.jpg","@id":"https:\/\/candas365.es\/noticias\/la-feria-de-la-conserva-de-candas-celebra-su-xxviii-edicion\/#organizationLogo","width":1152,"height":864,"caption":"Cand\u00e1s 365 Redes"},"image":{"@id":"https:\/\/candas365.es\/noticias\/la-feria-de-la-conserva-de-candas-celebra-su-xxviii-edicion\/#organizationLogo"},"sameAs":["https:\/\/www.facebook.com\/Nachofdezber","https:\/\/x.com\/NabercoDigital","https:\/\/www.instagram.com\/nachofdezber\/","https:\/\/www.youtube.com\/channel\/UCZP-2wLEB9Rv6erhFmqVnvg"],"address":{"@id":"https:\/\/candas365.es\/noticias\/#postaladdress","@type":"PostalAddress","streetAddress":"san antonio 4, san antonio 4","postalCode":"33430","addressLocality":"Cand\u00e1s","addressRegion":"Asturias","addressCountry":"ES"}},{"@type":"Person","@id":"https:\/\/candas365.es\/noticias\/author\/admin\/#author","url":"https:\/\/candas365.es\/noticias\/author\/admin\/","name":"Cand\u00e1s 365","image":{"@type":"ImageObject","@id":"https:\/\/candas365.es\/noticias\/la-feria-de-la-conserva-de-candas-celebra-su-xxviii-edicion\/#authorImage","url":"https:\/\/secure.gravatar.com\/avatar\/496a8e03d0c493ede1718b7934145dbdf8d89be1036b0eec9544e1094c9de390?s=96&d=mm&r=g","width":96,"height":96,"caption":"Cand\u00e1s 365"},"sameAs":["https:\/\/www.facebook.com\/carrenoactualidad","https:\/\/twitter.com\/nbasturias","https:\/\/www.instagram.com\/nachofdezber\/","https:\/\/www.youtube.com\/channel\/UCZP-2wLEB9Rv6erhFmqVnvg"]},{"@type":"WebPage","@id":"https:\/\/candas365.es\/noticias\/la-feria-de-la-conserva-de-candas-celebra-su-xxviii-edicion\/#webpage","url":"https:\/\/candas365.es\/noticias\/la-feria-de-la-conserva-de-candas-celebra-su-xxviii-edicion\/","name":"La feria de la Conserva de Cand\u00e1s celebra su XXVIII edici\u00f3n | Cand\u00e1s 365","description":"El 20 de julio de 2017 se inaugura la XXVIII edici\u00f3n de la feria de la Conserva de Cand\u00e1s, que comenzar\u00e1 con recorrido institucional amenizado por la Banda Gaites de Cand\u00e1s y en el que estar\u00e1 presente el Director General de Pesca del Principado de Asturias, Alberto Vizca\u00edno. El viernes, d\u00eda 21 a las 19","inLanguage":"es-ES","isPartOf":{"@id":"https:\/\/candas365.es\/noticias\/#website"},"breadcrumb":{"@id":"https:\/\/candas365.es\/noticias\/la-feria-de-la-conserva-de-candas-celebra-su-xxviii-edicion\/#breadcrumblist"},"author":{"@id":"https:\/\/candas365.es\/noticias\/author\/admin\/#author"},"creator":{"@id":"https:\/\/candas365.es\/noticias\/author\/admin\/#author"},"image":{"@type":"ImageObject","url":"https:\/\/candas365.es\/noticias\/wp-content\/uploads\/2016\/06\/puerto-de-cand\u00e1s.jpg","@id":"https:\/\/candas365.es\/noticias\/la-feria-de-la-conserva-de-candas-celebra-su-xxviii-edicion\/#mainImage","width":911,"height":479},"primaryImageOfPage":{"@id":"https:\/\/candas365.es\/noticias\/la-feria-de-la-conserva-de-candas-celebra-su-xxviii-edicion\/#mainImage"},"datePublished":"2017-07-19T22:16:39+02:00","dateModified":"2017-07-19T22:21:40+02:00"},{"@type":"WebSite","@id":"https:\/\/candas365.es\/noticias\/#website","url":"https:\/\/candas365.es\/noticias\/","name":"Cand\u00e1s 365","alternateName":"Cand\u00e1s 365 Noticias","description":"Actualidad desde Carre\u00f1o para el mundo","inLanguage":"es-ES","publisher":{"@id":"https:\/\/candas365.es\/noticias\/#organization"}}]},"og:locale":"es_ES","og:site_name":"Cand\u00e1s 365","og:type":"article","og:title":"La feria de la Conserva de Cand\u00e1s celebra su XXVIII edici\u00f3n | Cand\u00e1s 365","og:description":"El 20 de julio de 2017 se inaugura la XXVIII edici\u00f3n de la feria de la Conserva de Cand\u00e1s, que comenzar\u00e1 con recorrido institucional amenizado por la Banda Gaites de Cand\u00e1s y en el que estar\u00e1 presente el Director General de Pesca del Principado de Asturias, Alberto Vizca\u00edno. El viernes, d\u00eda 21 a las 19","og:url":"https:\/\/candas365.es\/noticias\/la-feria-de-la-conserva-de-candas-celebra-su-xxviii-edicion\/","og:image":"https:\/\/candas365.es\/noticias\/wp-content\/uploads\/2016\/06\/puerto-de-cand\u00e1s.jpg","og:image:secure_url":"https:\/\/candas365.es\/noticias\/wp-content\/uploads\/2016\/06\/puerto-de-cand\u00e1s.jpg","og:image:width":911,"og:image:height":479,"article:published_time":"2017-07-19T22:16:39+00:00","article:modified_time":"2017-07-19T22:21:40+00:00","article:publisher":"https:\/\/www.facebook.com\/Nachofdezber","article:author":"https:\/\/www.facebook.com\/carrenoactualidad","twitter:card":"summary_large_image","twitter:site":"@NabercoDigital","twitter:title":"La feria de la Conserva de Cand\u00e1s celebra su XXVIII edici\u00f3n | Cand\u00e1s 365","twitter:description":"El 20 de julio de 2017 se inaugura la XXVIII edici\u00f3n de la feria de la Conserva de Cand\u00e1s, que comenzar\u00e1 con recorrido institucional amenizado por la Banda Gaites de Cand\u00e1s y en el que estar\u00e1 presente el Director General de Pesca del Principado de Asturias, Alberto Vizca\u00edno. El viernes, d\u00eda 21 a las 19","twitter:creator":"@nbasturias","twitter:image":"https:\/\/candas365.es\/noticias\/wp-content\/uploads\/2016\/06\/puerto-de-cand\u00e1s.jpg","twitter:label1":"Escrito por","twitter:data1":"Cand\u00e1s 365","twitter:label2":"Tiempo de lectura estimado","twitter:data2":"1 minuto"},"aioseo_meta_data":{"post_id":"76028","title":null,"description":null,"keywords":null,"keyphrases":null,"primary_term":null,"canonical_url":null,"og_title":null,"og_description":null,"og_object_type":"default","og_image_type":"default","og_image_url":null,"og_image_width":null,"og_image_height":null,"og_image_custom_url":null,"og_image_custom_fields":null,"og_video":null,"og_custom_url":null,"og_article_section":null,"og_article_tags":null,"twitter_use_og":false,"twitter_card":"default","twitter_image_type":"default","twitter_image_url":null,"twitter_image_custom_url":null,"twitter_image_custom_fields":null,"twitter_title":null,"twitter_description":null,"schema":{"blockGraphs":[],"customGraphs":[],"default":{"data":{"Article":[],"Course":[],"Dataset":[],"FAQPage":[],"Movie":[],"Person":[],"Product":[],"ProductReview":[],"Car":[],"Recipe":[],"Service":[],"SoftwareApplication":[],"WebPage":[]},"graphName":"","isEnabled":true},"graphs":[],"defaultGraph":"","defaultPostTypeGraph":""},"schema_type":null,"schema_type_options":null,"pillar_content":false,"robots_default":true,"robots_noindex":false,"robots_noarchive":false,"robots_nosnippet":false,"robots_nofollow":false,"robots_noimageindex":false,"robots_noodp":false,"robots_notranslate":false,"robots_max_snippet":null,"robots_max_videopreview":null,"robots_max_imagepreview":"large","priority":null,"frequency":null,"location":null,"local_seo":null,"seo_analyzer_scan_date":"2025-08-25 18:50:09","breadcrumb_settings":null,"limit_modified_date":false,"reviewed_by":null,"open_ai":null,"ai":null,"created":"2020-12-21 11:57:59","updated":"2025-08-25 18:50:09"},"aioseo_breadcrumb":"<div class=\"aioseo-breadcrumbs\"><span class=\"aioseo-breadcrumb\">\n\t<a href=\"https:\/\/candas365.es\/noticias\" title=\"Home\">Home<\/a>\n<\/span><span class=\"aioseo-breadcrumb-separator\">&ndash;<\/span><span class=\"aioseo-breadcrumb\">\n\t<a href=\"https:\/\/candas365.es\/noticias\/category\/noticias-carreno\/\" title=\"Noticias Carre\u00f1o\">Noticias Carre\u00f1o<\/a>\n<\/span><span class=\"aioseo-breadcrumb-separator\">&ndash;<\/span><span class=\"aioseo-breadcrumb\">\n\tLa feria de la Conserva de Cand\u00e1s celebra su XXVIII edici\u00f3n\n<\/span><\/div>","aioseo_breadcrumb_json":[{"label":"Home","link":"https:\/\/candas365.es\/noticias"},{"label":"Noticias Carre\u00f1o","link":"https:\/\/candas365.es\/noticias\/category\/noticias-carreno\/"},{"label":"La feria de la Conserva de Cand\u00e1s celebra su XXVIII edici\u00f3n","link":"https:\/\/candas365.es\/noticias\/la-feria-de-la-conserva-de-candas-celebra-su-xxviii-edicion\/"}],"_links":{"self":[{"href":"https:\/\/candas365.es\/noticias\/wp-json\/wp\/v2\/posts\/76028","targetHints":{"allow":["GET"]}}],"collection":[{"href":"https:\/\/candas365.es\/noticias\/wp-json\/wp\/v2\/posts"}],"about":[{"href":"https:\/\/candas365.es\/noticias\/wp-json\/wp\/v2\/types\/post"}],"author":[{"embeddable":true,"href":"https:\/\/candas365.es\/noticias\/wp-json\/wp\/v2\/users\/1"}],"replies":[{"embeddable":true,"href":"https:\/\/candas365.es\/noticias\/wp-json\/wp\/v2\/comments?post=76028"}],"version-history":[{"count":0,"href":"https:\/\/candas365.es\/noticias\/wp-json\/wp\/v2\/posts\/76028\/revisions"}],"wp:featuredmedia":[{"embeddable":true,"href":"https:\/\/candas365.es\/noticias\/wp-json\/wp\/v2\/media\/30104"}],"wp:attachment":[{"href":"https:\/\/candas365.es\/noticias\/wp-json\/wp\/v2\/media?parent=76028"}],"wp:term":[{"taxonomy":"category","embeddable":true,"href":"https:\/\/candas365.es\/noticias\/wp-json\/wp\/v2\/categories?post=76028"},{"taxonomy":"post_tag","embeddable":true,"href":"https:\/\/candas365.es\/noticias\/wp-json\/wp\/v2\/tags?post=76028"}],"curies":[{"name":"wp","href":"https:\/\/api.w.org\/{rel}","templated":true}]}}