{"id":76017,"date":"2017-07-19T20:35:58","date_gmt":"2017-07-19T20:35:58","guid":{"rendered":"http:\/\/candas365.es\/noticias\/?p=76017"},"modified":"2017-07-19T20:35:58","modified_gmt":"2017-07-19T20:35:58","slug":"iu-apoyara-el-consorcio-para-la-creacion-y-gestion-de-un-albergue-de-animales","status":"publish","type":"post","link":"https:\/\/candas365.es\/noticias\/iu-apoyara-el-consorcio-para-la-creacion-y-gestion-de-un-albergue-de-animales\/","title":{"rendered":"IU apoyar\u00e1 el Consorcio para la creaci\u00f3n y gesti\u00f3n de un albergue de animales"},"content":{"rendered":"<p><img fetchpriority=\"high\" decoding=\"async\" class=\"alignleft size-medium wp-image-76018\" src=\"https:\/\/candas365.es\/noticias\/wp-content\/uploads\/2017\/07\/animal-1787835_960_720-360x239.jpg\" alt=\"\" width=\"360\" height=\"239\" srcset=\"https:\/\/candas365.es\/noticias\/wp-content\/uploads\/2017\/07\/animal-1787835_960_720-360x239.jpg 360w, https:\/\/candas365.es\/noticias\/wp-content\/uploads\/2017\/07\/animal-1787835_960_720-768x510.jpg 768w, https:\/\/candas365.es\/noticias\/wp-content\/uploads\/2017\/07\/animal-1787835_960_720-655x435.jpg 655w, https:\/\/candas365.es\/noticias\/wp-content\/uploads\/2017\/07\/animal-1787835_960_720-696x462.jpg 696w, https:\/\/candas365.es\/noticias\/wp-content\/uploads\/2017\/07\/animal-1787835_960_720-633x420.jpg 633w, https:\/\/candas365.es\/noticias\/wp-content\/uploads\/2017\/07\/animal-1787835_960_720-84x55.jpg 84w, https:\/\/candas365.es\/noticias\/wp-content\/uploads\/2017\/07\/animal-1787835_960_720.jpg 960w\" sizes=\"(max-width: 360px) 100vw, 360px\" \/>Izquierda Unida apoyar\u00e1 la constituci\u00f3n de un consorcio para la construcci\u00f3n y gesti\u00f3n de un <strong>albergue de animales de car\u00e1cter supramunicipal<\/strong>, que actualmente se trata de impulsar, entre otros, por Castrill\u00f3n, Avil\u00e9s, Corvera Illas, Soto del Barco, Muros y <strong>Carre\u00f1o<\/strong>.<\/p>\n<p>El objetivo debe ser dar respuesta a una carencia que desde hace al menos dos d\u00e9cadas permanece sin resolver, tanto desde un punto de vista local individual como desde la perspectiva auton\u00f3mica.<\/p>\n<p>Para IU, dada la importancia y las implicaciones de este proyecto, la gesti\u00f3n deber ser lo m\u00e1s participativa y representativa posible, tanto desde la l\u00f3gica territorial como pol\u00edtica.<\/p>\n<p>La Secretar\u00eda de pol\u00edtica municipal de la organizaci\u00f3n, Gabriela Alvarez se mostr\u00f3 convencida de la necesidad de apoyar este proyecto. Con el objetivo de cerrar una posici\u00f3n com\u00fan, esta ma\u00f1ana se reunieron en la sede de Avil\u00e9s representantes de IU en los distintos concejos concernidos por la iniciativa.<\/p>\n<p>&nbsp;<\/p>\n","protected":false},"excerpt":{"rendered":"<p>Izquierda Unida apoyar\u00e1 la constituci\u00f3n de un consorcio para la construcci\u00f3n y gesti\u00f3n de un albergue de animales de car\u00e1cter supramunicipal, que actualmente se trata de impulsar, entre otros, por Castrill\u00f3n, Avil\u00e9s, Corvera Illas, Soto del Barco, Muros y Carre\u00f1o. El objetivo debe ser dar respuesta a una carencia que desde hace al menos dos<\/p>\n","protected":false},"author":1,"featured_media":76018,"comment_status":"closed","ping_status":"closed","sticky":false,"template":"","format":"standard","meta":{"footnotes":""},"categories":[2],"tags":[],"class_list":{"0":"post-76017","1":"post","2":"type-post","3":"status-publish","4":"format-standard","5":"has-post-thumbnail","7":"category-noticias-carreno"},"aioseo_notices":[],"aioseo_head":"\n\t\t<!-- All in One SEO Pro 4.9.6.2 - aioseo.com -->\n\t<meta name=\"description\" content=\"Izquierda Unida apoyar\u00e1 la constituci\u00f3n de un consorcio para la construcci\u00f3n y gesti\u00f3n de un albergue de animales de car\u00e1cter supramunicipal, que actualmente se trata de impulsar, entre otros, por Castrill\u00f3n, Avil\u00e9s, Corvera Illas, Soto del Barco, Muros y Carre\u00f1o. El objetivo debe ser dar respuesta a una carencia que desde hace al menos dos\" \/>\n\t<meta name=\"robots\" content=\"max-image-preview:large\" \/>\n\t<meta name=\"author\" content=\"Cand\u00e1s 365\"\/>\n\t<meta name=\"google-site-verification\" content=\"UA-32230408-1\" \/>\n\t<meta name=\"msvalidate.01\" content=\"354F3CDFB2DA171B47FBE9ABF1F88D5\" \/>\n\t<meta name=\"keywords\" content=\"noticias carre\u00f1o\" \/>\n\t<link rel=\"canonical\" href=\"https:\/\/candas365.es\/noticias\/iu-apoyara-el-consorcio-para-la-creacion-y-gestion-de-un-albergue-de-animales\/\" \/>\n\t<meta name=\"generator\" content=\"All in One SEO Pro (AIOSEO) 4.9.6.2\" \/>\n\t\t<meta property=\"og:locale\" content=\"es_ES\" \/>\n\t\t<meta property=\"og:site_name\" content=\"Cand\u00e1s 365\" \/>\n\t\t<meta property=\"og:type\" content=\"article\" \/>\n\t\t<meta property=\"og:title\" content=\"IU apoyar\u00e1 el Consorcio para la creaci\u00f3n y gesti\u00f3n de un albergue de animales | Cand\u00e1s 365\" \/>\n\t\t<meta property=\"og:description\" content=\"Izquierda Unida apoyar\u00e1 la constituci\u00f3n de un consorcio para la construcci\u00f3n y gesti\u00f3n de un albergue de animales de car\u00e1cter supramunicipal, que actualmente se trata de impulsar, entre otros, por Castrill\u00f3n, Avil\u00e9s, Corvera Illas, Soto del Barco, Muros y Carre\u00f1o. El objetivo debe ser dar respuesta a una carencia que desde hace al menos dos\" \/>\n\t\t<meta property=\"og:url\" content=\"https:\/\/candas365.es\/noticias\/iu-apoyara-el-consorcio-para-la-creacion-y-gestion-de-un-albergue-de-animales\/\" \/>\n\t\t<meta property=\"og:image\" content=\"https:\/\/candas365.es\/noticias\/wp-content\/uploads\/2017\/07\/animal-1787835_960_720.jpg\" \/>\n\t\t<meta property=\"og:image:secure_url\" content=\"https:\/\/candas365.es\/noticias\/wp-content\/uploads\/2017\/07\/animal-1787835_960_720.jpg\" \/>\n\t\t<meta property=\"og:image:width\" content=\"960\" \/>\n\t\t<meta property=\"og:image:height\" content=\"637\" \/>\n\t\t<meta property=\"article:published_time\" content=\"2017-07-19T20:35:58+00:00\" \/>\n\t\t<meta property=\"article:modified_time\" content=\"2017-07-19T20:35:58+00:00\" \/>\n\t\t<meta property=\"article:publisher\" content=\"https:\/\/www.facebook.com\/Nachofdezber\" \/>\n\t\t<meta property=\"article:author\" content=\"https:\/\/www.facebook.com\/carrenoactualidad\" \/>\n\t\t<meta name=\"twitter:card\" content=\"summary_large_image\" \/>\n\t\t<meta name=\"twitter:site\" content=\"@NabercoDigital\" \/>\n\t\t<meta name=\"twitter:title\" content=\"IU apoyar\u00e1 el Consorcio para la creaci\u00f3n y gesti\u00f3n de un albergue de animales | Cand\u00e1s 365\" \/>\n\t\t<meta name=\"twitter:description\" content=\"Izquierda Unida apoyar\u00e1 la constituci\u00f3n de un consorcio para la construcci\u00f3n y gesti\u00f3n de un albergue de animales de car\u00e1cter supramunicipal, que actualmente se trata de impulsar, entre otros, por Castrill\u00f3n, Avil\u00e9s, Corvera Illas, Soto del Barco, Muros y Carre\u00f1o. El objetivo debe ser dar respuesta a una carencia que desde hace al menos dos\" \/>\n\t\t<meta name=\"twitter:creator\" content=\"@nbasturias\" \/>\n\t\t<meta name=\"twitter:image\" content=\"https:\/\/candas365.es\/noticias\/wp-content\/uploads\/2017\/07\/animal-1787835_960_720.jpg\" \/>\n\t\t<meta name=\"twitter:label1\" content=\"Escrito por\" \/>\n\t\t<meta name=\"twitter:data1\" content=\"Cand\u00e1s 365\" \/>\n\t\t<meta name=\"twitter:label2\" content=\"Tiempo de lectura estimado\" \/>\n\t\t<meta name=\"twitter:data2\" content=\"1 minuto\" \/>\n\t\t<script type=\"application\/ld+json\" class=\"aioseo-schema\">\n\t\t\t{\"@context\":\"https:\\\/\\\/schema.org\",\"@graph\":[{\"@type\":\"BreadcrumbList\",\"@id\":\"https:\\\/\\\/candas365.es\\\/noticias\\\/iu-apoyara-el-consorcio-para-la-creacion-y-gestion-de-un-albergue-de-animales\\\/#breadcrumblist\",\"itemListElement\":[{\"@type\":\"ListItem\",\"@id\":\"https:\\\/\\\/candas365.es\\\/noticias#listItem\",\"position\":1,\"name\":\"Home\",\"item\":\"https:\\\/\\\/candas365.es\\\/noticias\",\"nextItem\":{\"@type\":\"ListItem\",\"@id\":\"https:\\\/\\\/candas365.es\\\/noticias\\\/category\\\/noticias-carreno\\\/#listItem\",\"name\":\"Noticias Carre\\u00f1o\"}},{\"@type\":\"ListItem\",\"@id\":\"https:\\\/\\\/candas365.es\\\/noticias\\\/category\\\/noticias-carreno\\\/#listItem\",\"position\":2,\"name\":\"Noticias Carre\\u00f1o\",\"item\":\"https:\\\/\\\/candas365.es\\\/noticias\\\/category\\\/noticias-carreno\\\/\",\"nextItem\":{\"@type\":\"ListItem\",\"@id\":\"https:\\\/\\\/candas365.es\\\/noticias\\\/iu-apoyara-el-consorcio-para-la-creacion-y-gestion-de-un-albergue-de-animales\\\/#listItem\",\"name\":\"IU apoyar\\u00e1 el Consorcio para la creaci\\u00f3n y gesti\\u00f3n de un albergue de animales\"},\"previousItem\":{\"@type\":\"ListItem\",\"@id\":\"https:\\\/\\\/candas365.es\\\/noticias#listItem\",\"name\":\"Home\"}},{\"@type\":\"ListItem\",\"@id\":\"https:\\\/\\\/candas365.es\\\/noticias\\\/iu-apoyara-el-consorcio-para-la-creacion-y-gestion-de-un-albergue-de-animales\\\/#listItem\",\"position\":3,\"name\":\"IU apoyar\\u00e1 el Consorcio para la creaci\\u00f3n y gesti\\u00f3n de un albergue de animales\",\"previousItem\":{\"@type\":\"ListItem\",\"@id\":\"https:\\\/\\\/candas365.es\\\/noticias\\\/category\\\/noticias-carreno\\\/#listItem\",\"name\":\"Noticias Carre\\u00f1o\"}}]},{\"@type\":\"NewsArticle\",\"@id\":\"https:\\\/\\\/candas365.es\\\/noticias\\\/iu-apoyara-el-consorcio-para-la-creacion-y-gestion-de-un-albergue-de-animales\\\/#newsarticle\",\"name\":\"IU apoyar\\u00e1 el Consorcio para la creaci\\u00f3n y gesti\\u00f3n de un albergue de animales | Cand\\u00e1s 365\",\"headline\":\"IU apoyar\\u00e1 el Consorcio para la creaci\\u00f3n y gesti\\u00f3n de un albergue de animales\",\"author\":{\"@id\":\"https:\\\/\\\/candas365.es\\\/noticias\\\/author\\\/admin\\\/#author\"},\"publisher\":{\"@id\":\"https:\\\/\\\/candas365.es\\\/noticias\\\/#organization\"},\"image\":{\"@type\":\"ImageObject\",\"url\":\"https:\\\/\\\/candas365.es\\\/noticias\\\/wp-content\\\/uploads\\\/2017\\\/07\\\/animal-1787835_960_720.jpg\",\"width\":960,\"height\":637},\"datePublished\":\"2017-07-19T20:35:58+02:00\",\"dateModified\":\"2017-07-19T20:35:58+02:00\",\"inLanguage\":\"es-ES\",\"mainEntityOfPage\":{\"@id\":\"https:\\\/\\\/candas365.es\\\/noticias\\\/iu-apoyara-el-consorcio-para-la-creacion-y-gestion-de-un-albergue-de-animales\\\/#webpage\"},\"isPartOf\":{\"@id\":\"https:\\\/\\\/candas365.es\\\/noticias\\\/iu-apoyara-el-consorcio-para-la-creacion-y-gestion-de-un-albergue-de-animales\\\/#webpage\"},\"articleSection\":\"Noticias Carre\\u00f1o\",\"dateline\":\"Publicado el julio 19, 2017.\"},{\"@type\":\"Organization\",\"@id\":\"https:\\\/\\\/candas365.es\\\/noticias\\\/#organization\",\"name\":\"Cand\\u00e1s 365\",\"description\":\"Cand\\u00e1s 365 es un diario digital independiente, fundado en 2012, con base en Asturias. Informamos con rigor sobre actualidad, sociedad, cultura y ocio, con una mirada local y global.\",\"url\":\"https:\\\/\\\/candas365.es\\\/noticias\\\/\",\"email\":\"info@candas365.es\",\"telephone\":\"+34652131393\",\"foundingDate\":\"2012-06-10\",\"logo\":{\"@type\":\"ImageObject\",\"url\":\"https:\\\/\\\/candas365.es\\\/noticias\\\/wp-content\\\/uploads\\\/2024\\\/09\\\/Candas-365-Redes.jpg\",\"@id\":\"https:\\\/\\\/candas365.es\\\/noticias\\\/iu-apoyara-el-consorcio-para-la-creacion-y-gestion-de-un-albergue-de-animales\\\/#organizationLogo\",\"width\":1152,\"height\":864,\"caption\":\"Cand\\u00e1s 365 Redes\"},\"image\":{\"@id\":\"https:\\\/\\\/candas365.es\\\/noticias\\\/iu-apoyara-el-consorcio-para-la-creacion-y-gestion-de-un-albergue-de-animales\\\/#organizationLogo\"},\"sameAs\":[\"https:\\\/\\\/www.facebook.com\\\/Nachofdezber\",\"https:\\\/\\\/x.com\\\/NabercoDigital\",\"https:\\\/\\\/www.instagram.com\\\/nachofdezber\\\/\",\"https:\\\/\\\/www.youtube.com\\\/channel\\\/UCZP-2wLEB9Rv6erhFmqVnvg\"],\"address\":{\"@id\":\"https:\\\/\\\/candas365.es\\\/noticias\\\/#postaladdress\",\"@type\":\"PostalAddress\",\"streetAddress\":\"san antonio 4, san antonio 4\",\"postalCode\":\"33430\",\"addressLocality\":\"Cand\\u00e1s\",\"addressRegion\":\"Asturias\",\"addressCountry\":\"ES\"}},{\"@type\":\"Person\",\"@id\":\"https:\\\/\\\/candas365.es\\\/noticias\\\/author\\\/admin\\\/#author\",\"url\":\"https:\\\/\\\/candas365.es\\\/noticias\\\/author\\\/admin\\\/\",\"name\":\"Cand\\u00e1s 365\",\"image\":{\"@type\":\"ImageObject\",\"@id\":\"https:\\\/\\\/candas365.es\\\/noticias\\\/iu-apoyara-el-consorcio-para-la-creacion-y-gestion-de-un-albergue-de-animales\\\/#authorImage\",\"url\":\"https:\\\/\\\/secure.gravatar.com\\\/avatar\\\/496a8e03d0c493ede1718b7934145dbdf8d89be1036b0eec9544e1094c9de390?s=96&d=mm&r=g\",\"width\":96,\"height\":96,\"caption\":\"Cand\\u00e1s 365\"},\"sameAs\":[\"https:\\\/\\\/www.facebook.com\\\/carrenoactualidad\",\"https:\\\/\\\/twitter.com\\\/nbasturias\",\"https:\\\/\\\/www.instagram.com\\\/nachofdezber\\\/\",\"https:\\\/\\\/www.youtube.com\\\/channel\\\/UCZP-2wLEB9Rv6erhFmqVnvg\"]},{\"@type\":\"WebPage\",\"@id\":\"https:\\\/\\\/candas365.es\\\/noticias\\\/iu-apoyara-el-consorcio-para-la-creacion-y-gestion-de-un-albergue-de-animales\\\/#webpage\",\"url\":\"https:\\\/\\\/candas365.es\\\/noticias\\\/iu-apoyara-el-consorcio-para-la-creacion-y-gestion-de-un-albergue-de-animales\\\/\",\"name\":\"IU apoyar\\u00e1 el Consorcio para la creaci\\u00f3n y gesti\\u00f3n de un albergue de animales | Cand\\u00e1s 365\",\"description\":\"Izquierda Unida apoyar\\u00e1 la constituci\\u00f3n de un consorcio para la construcci\\u00f3n y gesti\\u00f3n de un albergue de animales de car\\u00e1cter supramunicipal, que actualmente se trata de impulsar, entre otros, por Castrill\\u00f3n, Avil\\u00e9s, Corvera Illas, Soto del Barco, Muros y Carre\\u00f1o. El objetivo debe ser dar respuesta a una carencia que desde hace al menos dos\",\"inLanguage\":\"es-ES\",\"isPartOf\":{\"@id\":\"https:\\\/\\\/candas365.es\\\/noticias\\\/#website\"},\"breadcrumb\":{\"@id\":\"https:\\\/\\\/candas365.es\\\/noticias\\\/iu-apoyara-el-consorcio-para-la-creacion-y-gestion-de-un-albergue-de-animales\\\/#breadcrumblist\"},\"author\":{\"@id\":\"https:\\\/\\\/candas365.es\\\/noticias\\\/author\\\/admin\\\/#author\"},\"creator\":{\"@id\":\"https:\\\/\\\/candas365.es\\\/noticias\\\/author\\\/admin\\\/#author\"},\"image\":{\"@type\":\"ImageObject\",\"url\":\"https:\\\/\\\/candas365.es\\\/noticias\\\/wp-content\\\/uploads\\\/2017\\\/07\\\/animal-1787835_960_720.jpg\",\"@id\":\"https:\\\/\\\/candas365.es\\\/noticias\\\/iu-apoyara-el-consorcio-para-la-creacion-y-gestion-de-un-albergue-de-animales\\\/#mainImage\",\"width\":960,\"height\":637},\"primaryImageOfPage\":{\"@id\":\"https:\\\/\\\/candas365.es\\\/noticias\\\/iu-apoyara-el-consorcio-para-la-creacion-y-gestion-de-un-albergue-de-animales\\\/#mainImage\"},\"datePublished\":\"2017-07-19T20:35:58+02:00\",\"dateModified\":\"2017-07-19T20:35:58+02:00\"},{\"@type\":\"WebSite\",\"@id\":\"https:\\\/\\\/candas365.es\\\/noticias\\\/#website\",\"url\":\"https:\\\/\\\/candas365.es\\\/noticias\\\/\",\"name\":\"Cand\\u00e1s 365\",\"alternateName\":\"Cand\\u00e1s 365 Noticias\",\"description\":\"Actualidad desde Carre\\u00f1o para el mundo\",\"inLanguage\":\"es-ES\",\"publisher\":{\"@id\":\"https:\\\/\\\/candas365.es\\\/noticias\\\/#organization\"}}]}\n\t\t<\/script>\n\t\t<!-- All in One SEO Pro -->\r\n\t\t<title>IU apoyar\u00e1 el Consorcio para la creaci\u00f3n y gesti\u00f3n de un albergue de animales | Cand\u00e1s 365<\/title>\n\n","aioseo_head_json":{"title":"IU apoyar\u00e1 el Consorcio para la creaci\u00f3n y gesti\u00f3n de un albergue de animales | Cand\u00e1s 365","description":"Izquierda Unida apoyar\u00e1 la constituci\u00f3n de un consorcio para la construcci\u00f3n y gesti\u00f3n de un albergue de animales de car\u00e1cter supramunicipal, que actualmente se trata de impulsar, entre otros, por Castrill\u00f3n, Avil\u00e9s, Corvera Illas, Soto del Barco, Muros y Carre\u00f1o. El objetivo debe ser dar respuesta a una carencia que desde hace al menos dos","canonical_url":"https:\/\/candas365.es\/noticias\/iu-apoyara-el-consorcio-para-la-creacion-y-gestion-de-un-albergue-de-animales\/","robots":"max-image-preview:large","keywords":"noticias carre\u00f1o","webmasterTools":{"google-site-verification":"UA-32230408-1","msvalidate.01":"354F3CDFB2DA171B47FBE9ABF1F88D5","miscellaneous":""},"schema":{"@context":"https:\/\/schema.org","@graph":[{"@type":"BreadcrumbList","@id":"https:\/\/candas365.es\/noticias\/iu-apoyara-el-consorcio-para-la-creacion-y-gestion-de-un-albergue-de-animales\/#breadcrumblist","itemListElement":[{"@type":"ListItem","@id":"https:\/\/candas365.es\/noticias#listItem","position":1,"name":"Home","item":"https:\/\/candas365.es\/noticias","nextItem":{"@type":"ListItem","@id":"https:\/\/candas365.es\/noticias\/category\/noticias-carreno\/#listItem","name":"Noticias Carre\u00f1o"}},{"@type":"ListItem","@id":"https:\/\/candas365.es\/noticias\/category\/noticias-carreno\/#listItem","position":2,"name":"Noticias Carre\u00f1o","item":"https:\/\/candas365.es\/noticias\/category\/noticias-carreno\/","nextItem":{"@type":"ListItem","@id":"https:\/\/candas365.es\/noticias\/iu-apoyara-el-consorcio-para-la-creacion-y-gestion-de-un-albergue-de-animales\/#listItem","name":"IU apoyar\u00e1 el Consorcio para la creaci\u00f3n y gesti\u00f3n de un albergue de animales"},"previousItem":{"@type":"ListItem","@id":"https:\/\/candas365.es\/noticias#listItem","name":"Home"}},{"@type":"ListItem","@id":"https:\/\/candas365.es\/noticias\/iu-apoyara-el-consorcio-para-la-creacion-y-gestion-de-un-albergue-de-animales\/#listItem","position":3,"name":"IU apoyar\u00e1 el Consorcio para la creaci\u00f3n y gesti\u00f3n de un albergue de animales","previousItem":{"@type":"ListItem","@id":"https:\/\/candas365.es\/noticias\/category\/noticias-carreno\/#listItem","name":"Noticias Carre\u00f1o"}}]},{"@type":"NewsArticle","@id":"https:\/\/candas365.es\/noticias\/iu-apoyara-el-consorcio-para-la-creacion-y-gestion-de-un-albergue-de-animales\/#newsarticle","name":"IU apoyar\u00e1 el Consorcio para la creaci\u00f3n y gesti\u00f3n de un albergue de animales | Cand\u00e1s 365","headline":"IU apoyar\u00e1 el Consorcio para la creaci\u00f3n y gesti\u00f3n de un albergue de animales","author":{"@id":"https:\/\/candas365.es\/noticias\/author\/admin\/#author"},"publisher":{"@id":"https:\/\/candas365.es\/noticias\/#organization"},"image":{"@type":"ImageObject","url":"https:\/\/candas365.es\/noticias\/wp-content\/uploads\/2017\/07\/animal-1787835_960_720.jpg","width":960,"height":637},"datePublished":"2017-07-19T20:35:58+02:00","dateModified":"2017-07-19T20:35:58+02:00","inLanguage":"es-ES","mainEntityOfPage":{"@id":"https:\/\/candas365.es\/noticias\/iu-apoyara-el-consorcio-para-la-creacion-y-gestion-de-un-albergue-de-animales\/#webpage"},"isPartOf":{"@id":"https:\/\/candas365.es\/noticias\/iu-apoyara-el-consorcio-para-la-creacion-y-gestion-de-un-albergue-de-animales\/#webpage"},"articleSection":"Noticias Carre\u00f1o","dateline":"Publicado el julio 19, 2017."},{"@type":"Organization","@id":"https:\/\/candas365.es\/noticias\/#organization","name":"Cand\u00e1s 365","description":"Cand\u00e1s 365 es un diario digital independiente, fundado en 2012, con base en Asturias. Informamos con rigor sobre actualidad, sociedad, cultura y ocio, con una mirada local y global.","url":"https:\/\/candas365.es\/noticias\/","email":"info@candas365.es","telephone":"+34652131393","foundingDate":"2012-06-10","logo":{"@type":"ImageObject","url":"https:\/\/candas365.es\/noticias\/wp-content\/uploads\/2024\/09\/Candas-365-Redes.jpg","@id":"https:\/\/candas365.es\/noticias\/iu-apoyara-el-consorcio-para-la-creacion-y-gestion-de-un-albergue-de-animales\/#organizationLogo","width":1152,"height":864,"caption":"Cand\u00e1s 365 Redes"},"image":{"@id":"https:\/\/candas365.es\/noticias\/iu-apoyara-el-consorcio-para-la-creacion-y-gestion-de-un-albergue-de-animales\/#organizationLogo"},"sameAs":["https:\/\/www.facebook.com\/Nachofdezber","https:\/\/x.com\/NabercoDigital","https:\/\/www.instagram.com\/nachofdezber\/","https:\/\/www.youtube.com\/channel\/UCZP-2wLEB9Rv6erhFmqVnvg"],"address":{"@id":"https:\/\/candas365.es\/noticias\/#postaladdress","@type":"PostalAddress","streetAddress":"san antonio 4, san antonio 4","postalCode":"33430","addressLocality":"Cand\u00e1s","addressRegion":"Asturias","addressCountry":"ES"}},{"@type":"Person","@id":"https:\/\/candas365.es\/noticias\/author\/admin\/#author","url":"https:\/\/candas365.es\/noticias\/author\/admin\/","name":"Cand\u00e1s 365","image":{"@type":"ImageObject","@id":"https:\/\/candas365.es\/noticias\/iu-apoyara-el-consorcio-para-la-creacion-y-gestion-de-un-albergue-de-animales\/#authorImage","url":"https:\/\/secure.gravatar.com\/avatar\/496a8e03d0c493ede1718b7934145dbdf8d89be1036b0eec9544e1094c9de390?s=96&d=mm&r=g","width":96,"height":96,"caption":"Cand\u00e1s 365"},"sameAs":["https:\/\/www.facebook.com\/carrenoactualidad","https:\/\/twitter.com\/nbasturias","https:\/\/www.instagram.com\/nachofdezber\/","https:\/\/www.youtube.com\/channel\/UCZP-2wLEB9Rv6erhFmqVnvg"]},{"@type":"WebPage","@id":"https:\/\/candas365.es\/noticias\/iu-apoyara-el-consorcio-para-la-creacion-y-gestion-de-un-albergue-de-animales\/#webpage","url":"https:\/\/candas365.es\/noticias\/iu-apoyara-el-consorcio-para-la-creacion-y-gestion-de-un-albergue-de-animales\/","name":"IU apoyar\u00e1 el Consorcio para la creaci\u00f3n y gesti\u00f3n de un albergue de animales | Cand\u00e1s 365","description":"Izquierda Unida apoyar\u00e1 la constituci\u00f3n de un consorcio para la construcci\u00f3n y gesti\u00f3n de un albergue de animales de car\u00e1cter supramunicipal, que actualmente se trata de impulsar, entre otros, por Castrill\u00f3n, Avil\u00e9s, Corvera Illas, Soto del Barco, Muros y Carre\u00f1o. El objetivo debe ser dar respuesta a una carencia que desde hace al menos dos","inLanguage":"es-ES","isPartOf":{"@id":"https:\/\/candas365.es\/noticias\/#website"},"breadcrumb":{"@id":"https:\/\/candas365.es\/noticias\/iu-apoyara-el-consorcio-para-la-creacion-y-gestion-de-un-albergue-de-animales\/#breadcrumblist"},"author":{"@id":"https:\/\/candas365.es\/noticias\/author\/admin\/#author"},"creator":{"@id":"https:\/\/candas365.es\/noticias\/author\/admin\/#author"},"image":{"@type":"ImageObject","url":"https:\/\/candas365.es\/noticias\/wp-content\/uploads\/2017\/07\/animal-1787835_960_720.jpg","@id":"https:\/\/candas365.es\/noticias\/iu-apoyara-el-consorcio-para-la-creacion-y-gestion-de-un-albergue-de-animales\/#mainImage","width":960,"height":637},"primaryImageOfPage":{"@id":"https:\/\/candas365.es\/noticias\/iu-apoyara-el-consorcio-para-la-creacion-y-gestion-de-un-albergue-de-animales\/#mainImage"},"datePublished":"2017-07-19T20:35:58+02:00","dateModified":"2017-07-19T20:35:58+02:00"},{"@type":"WebSite","@id":"https:\/\/candas365.es\/noticias\/#website","url":"https:\/\/candas365.es\/noticias\/","name":"Cand\u00e1s 365","alternateName":"Cand\u00e1s 365 Noticias","description":"Actualidad desde Carre\u00f1o para el mundo","inLanguage":"es-ES","publisher":{"@id":"https:\/\/candas365.es\/noticias\/#organization"}}]},"og:locale":"es_ES","og:site_name":"Cand\u00e1s 365","og:type":"article","og:title":"IU apoyar\u00e1 el Consorcio para la creaci\u00f3n y gesti\u00f3n de un albergue de animales | Cand\u00e1s 365","og:description":"Izquierda Unida apoyar\u00e1 la constituci\u00f3n de un consorcio para la construcci\u00f3n y gesti\u00f3n de un albergue de animales de car\u00e1cter supramunicipal, que actualmente se trata de impulsar, entre otros, por Castrill\u00f3n, Avil\u00e9s, Corvera Illas, Soto del Barco, Muros y Carre\u00f1o. El objetivo debe ser dar respuesta a una carencia que desde hace al menos dos","og:url":"https:\/\/candas365.es\/noticias\/iu-apoyara-el-consorcio-para-la-creacion-y-gestion-de-un-albergue-de-animales\/","og:image":"https:\/\/candas365.es\/noticias\/wp-content\/uploads\/2017\/07\/animal-1787835_960_720.jpg","og:image:secure_url":"https:\/\/candas365.es\/noticias\/wp-content\/uploads\/2017\/07\/animal-1787835_960_720.jpg","og:image:width":960,"og:image:height":637,"article:published_time":"2017-07-19T20:35:58+00:00","article:modified_time":"2017-07-19T20:35:58+00:00","article:publisher":"https:\/\/www.facebook.com\/Nachofdezber","article:author":"https:\/\/www.facebook.com\/carrenoactualidad","twitter:card":"summary_large_image","twitter:site":"@NabercoDigital","twitter:title":"IU apoyar\u00e1 el Consorcio para la creaci\u00f3n y gesti\u00f3n de un albergue de animales | Cand\u00e1s 365","twitter:description":"Izquierda Unida apoyar\u00e1 la constituci\u00f3n de un consorcio para la construcci\u00f3n y gesti\u00f3n de un albergue de animales de car\u00e1cter supramunicipal, que actualmente se trata de impulsar, entre otros, por Castrill\u00f3n, Avil\u00e9s, Corvera Illas, Soto del Barco, Muros y Carre\u00f1o. El objetivo debe ser dar respuesta a una carencia que desde hace al menos dos","twitter:creator":"@nbasturias","twitter:image":"https:\/\/candas365.es\/noticias\/wp-content\/uploads\/2017\/07\/animal-1787835_960_720.jpg","twitter:label1":"Escrito por","twitter:data1":"Cand\u00e1s 365","twitter:label2":"Tiempo de lectura estimado","twitter:data2":"1 minuto"},"aioseo_meta_data":{"post_id":"76017","title":null,"description":null,"keywords":null,"keyphrases":null,"primary_term":null,"canonical_url":null,"og_title":null,"og_description":null,"og_object_type":"default","og_image_type":"default","og_image_url":null,"og_image_width":null,"og_image_height":null,"og_image_custom_url":null,"og_image_custom_fields":null,"og_video":null,"og_custom_url":null,"og_article_section":null,"og_article_tags":null,"twitter_use_og":false,"twitter_card":"default","twitter_image_type":"default","twitter_image_url":null,"twitter_image_custom_url":null,"twitter_image_custom_fields":null,"twitter_title":null,"twitter_description":null,"schema":{"blockGraphs":[],"customGraphs":[],"default":{"data":{"Article":[],"Course":[],"Dataset":[],"FAQPage":[],"Movie":[],"Person":[],"Product":[],"ProductReview":[],"Car":[],"Recipe":[],"Service":[],"SoftwareApplication":[],"WebPage":[]},"graphName":"","isEnabled":true},"graphs":[]},"schema_type":null,"schema_type_options":null,"pillar_content":false,"robots_default":true,"robots_noindex":false,"robots_noarchive":false,"robots_nosnippet":false,"robots_nofollow":false,"robots_noimageindex":false,"robots_noodp":false,"robots_notranslate":false,"robots_max_snippet":null,"robots_max_videopreview":null,"robots_max_imagepreview":"large","priority":null,"frequency":null,"location":null,"local_seo":null,"seo_analyzer_scan_date":"2025-08-25 18:49:22","breadcrumb_settings":null,"limit_modified_date":false,"reviewed_by":null,"open_ai":null,"ai":null,"created":"2020-12-21 12:56:22","updated":"2025-08-25 18:49:22"},"aioseo_breadcrumb":"<div class=\"aioseo-breadcrumbs\"><span class=\"aioseo-breadcrumb\">\n\t<a href=\"https:\/\/candas365.es\/noticias\" title=\"Home\">Home<\/a>\n<\/span><span class=\"aioseo-breadcrumb-separator\">&ndash;<\/span><span class=\"aioseo-breadcrumb\">\n\t<a href=\"https:\/\/candas365.es\/noticias\/category\/noticias-carreno\/\" title=\"Noticias Carre\u00f1o\">Noticias Carre\u00f1o<\/a>\n<\/span><span class=\"aioseo-breadcrumb-separator\">&ndash;<\/span><span class=\"aioseo-breadcrumb\">\n\tIU apoyar\u00e1 el Consorcio para la creaci\u00f3n y gesti\u00f3n de un albergue de animales\n<\/span><\/div>","aioseo_breadcrumb_json":[{"label":"Home","link":"https:\/\/candas365.es\/noticias"},{"label":"Noticias Carre\u00f1o","link":"https:\/\/candas365.es\/noticias\/category\/noticias-carreno\/"},{"label":"IU apoyar\u00e1 el Consorcio para la creaci\u00f3n y gesti\u00f3n de un albergue de animales","link":"https:\/\/candas365.es\/noticias\/iu-apoyara-el-consorcio-para-la-creacion-y-gestion-de-un-albergue-de-animales\/"}],"_links":{"self":[{"href":"https:\/\/candas365.es\/noticias\/wp-json\/wp\/v2\/posts\/76017","targetHints":{"allow":["GET"]}}],"collection":[{"href":"https:\/\/candas365.es\/noticias\/wp-json\/wp\/v2\/posts"}],"about":[{"href":"https:\/\/candas365.es\/noticias\/wp-json\/wp\/v2\/types\/post"}],"author":[{"embeddable":true,"href":"https:\/\/candas365.es\/noticias\/wp-json\/wp\/v2\/users\/1"}],"replies":[{"embeddable":true,"href":"https:\/\/candas365.es\/noticias\/wp-json\/wp\/v2\/comments?post=76017"}],"version-history":[{"count":0,"href":"https:\/\/candas365.es\/noticias\/wp-json\/wp\/v2\/posts\/76017\/revisions"}],"wp:featuredmedia":[{"embeddable":true,"href":"https:\/\/candas365.es\/noticias\/wp-json\/wp\/v2\/media\/76018"}],"wp:attachment":[{"href":"https:\/\/candas365.es\/noticias\/wp-json\/wp\/v2\/media?parent=76017"}],"wp:term":[{"taxonomy":"category","embeddable":true,"href":"https:\/\/candas365.es\/noticias\/wp-json\/wp\/v2\/categories?post=76017"},{"taxonomy":"post_tag","embeddable":true,"href":"https:\/\/candas365.es\/noticias\/wp-json\/wp\/v2\/tags?post=76017"}],"curies":[{"name":"wp","href":"https:\/\/api.w.org\/{rel}","templated":true}]}}