{"id":76003,"date":"2017-07-19T19:41:40","date_gmt":"2017-07-19T19:41:40","guid":{"rendered":"http:\/\/candas365.es\/noticias\/?p=76003"},"modified":"2017-07-19T19:41:40","modified_gmt":"2017-07-19T19:41:40","slug":"joven-publicista-cantabro-gana-beca-para-trabajar-y-aprender-ingles-en-australia","status":"publish","type":"post","link":"https:\/\/candas365.es\/noticias\/joven-publicista-cantabro-gana-beca-para-trabajar-y-aprender-ingles-en-australia\/","title":{"rendered":"Joven publicista c\u00e1ntabro gana beca para trabajar y aprender ingl\u00e9s en Australia"},"content":{"rendered":"<p><img fetchpriority=\"high\" decoding=\"async\" class=\"alignleft size-medium wp-image-76004\" src=\"https:\/\/candas365.es\/noticias\/wp-content\/uploads\/2017\/07\/1500378798_Foto_03-360x300.jpg\" alt=\"\" width=\"360\" height=\"300\" srcset=\"https:\/\/candas365.es\/noticias\/wp-content\/uploads\/2017\/07\/1500378798_Foto_03-360x300.jpg 360w, https:\/\/candas365.es\/noticias\/wp-content\/uploads\/2017\/07\/1500378798_Foto_03-768x642.jpg 768w, https:\/\/candas365.es\/noticias\/wp-content\/uploads\/2017\/07\/1500378798_Foto_03-574x480.jpg 574w, https:\/\/candas365.es\/noticias\/wp-content\/uploads\/2017\/07\/1500378798_Foto_03-696x582.jpg 696w, https:\/\/candas365.es\/noticias\/wp-content\/uploads\/2017\/07\/1500378798_Foto_03-1068x893.jpg 1068w, https:\/\/candas365.es\/noticias\/wp-content\/uploads\/2017\/07\/1500378798_Foto_03-502x420.jpg 502w, https:\/\/candas365.es\/noticias\/wp-content\/uploads\/2017\/07\/1500378798_Foto_03.jpg 1725w\" sizes=\"(max-width: 360px) 100vw, 360px\" \/>Luis Garc\u00eda tiene 25 a\u00f1os y es natural de Santander. Hace dos a\u00f1os se traslad\u00f3 a Barcelona con el objetivo de seguir desarroll\u00e1ndose profesionalmente. Curs\u00f3 estudios de Comunicaci\u00f3n y Publicidad y esos conocimientos, unidos a su perfil creativo, le han convertido hoy en el ganador de #LaBecaDeMiVida, gracias a una propuesta brillante que ha superado a las m\u00e1s de 240 candidaturas.<\/p>\n<p>Se trata de un certamen que <a href=\"http:\/\/www.aussieyoutoo.com\/\" target=\"_blank\" rel=\"nofollow noopener\"><span style=\"color: #ff0000;\">AUssieYouTOO<\/span><\/a>, grupo de apoyo online para espa\u00f1oles que quieren estudiar en Australia, y Adecco, l\u00edder mundial en la gesti\u00f3n de Recursos Humanos, convocan para encontrar a un \u201cdiamante en bruto\u201d.<\/p>\n<p>#LaBecaDeMiVida, valorada en 8.000\u20ac, incluye billetes de avi\u00f3n ida y vuelta, curso intensivo de ingl\u00e9s en la prestigiosa escuela Byron Bay English Language School, tres meses de pr\u00e1cticas remuneradas en el equipo de Marketing de AUssieYouTOO, seguro de m\u00e9dico obligatorio, alojamiento durante el primer mes y asesoramiento continuo durante el viaje por parte de los expertos en Australia.<\/p>\n<p>Con el fin de ofrecer una oportunidad atractiva al candidato, las pr\u00e1cticas tendr\u00e1n un sueldo mensual de $1400 AUD por 3-4 horas de trabajo diarias y, dependiendo de su desempe\u00f1o, Luis Garc\u00eda tendr\u00e1 la oportunidad de incorporarse a t\u00e9rmino indefinido en la empresa.<\/p>\n<p>Para ganar, Garc\u00eda cre\u00f3 una campa\u00f1a de marketing para Adecco y AUssieYouTOO llamada <em>El clic que necesitas, <\/em>en la cual detalla motivos para estimular a los j\u00f3venes a cambiar de vida y decidirse a viajar. Precisamente la experiencia que vivir\u00e1 durante las pr\u00f3ximas semanas.<\/p>\n<p>Marta Caparr\u00f3s, fundadora de AUssieYouTOO, explica: \u201cLa decisi\u00f3n ha sido extremadamente dif\u00edcil, ya que recibimos cientos de propuestas de muchos j\u00f3venes interesados en ganar #LaBecaDeMiVida. La campa\u00f1a de Luis destac\u00f3 por su originalidad y afinidad con ambas marcas. Sin duda alguna, el ganador tiene un talento para el Marketing y la Comunicaci\u00f3n y estamos muy orgullosos de que a partir de septiembre forme parte de nuestro equipo\u201d.<\/p>\n<p>Esta uni\u00f3n de Adecco con AUssieYouTOO no solamente involucra el apoyo econ\u00f3mico para financiar la beca del ganador, sino que adem\u00e1s permitir\u00e1 que la multinacional de recursos humanos preste asesor\u00eda personalizada y orientaci\u00f3n laboral a los 9 finalistas.<\/p>\n<p>#LaBecaDeMiVida ha permitido en cada una de sus ediciones dotar de oportunidades laborales y acad\u00e9micas a j\u00f3venes con talento que quieran vivir experiencias innovadoras en Australia. As\u00ed, el desaf\u00edo siguiente de Luis no solo ser\u00e1 el viajar y trabajar en las ant\u00edpodas, sino que adem\u00e1s podr\u00e1 hacer realidad su proyecto.<\/p>\n","protected":false},"excerpt":{"rendered":"<p>Luis Garc\u00eda tiene 25 a\u00f1os y es natural de Santander. Hace dos a\u00f1os se traslad\u00f3 a Barcelona con el objetivo de seguir desarroll\u00e1ndose profesionalmente. Curs\u00f3 estudios de Comunicaci\u00f3n y Publicidad y esos conocimientos, unidos a su perfil creativo, le han convertido hoy en el ganador de #LaBecaDeMiVida, gracias a una propuesta brillante que ha superado<\/p>\n","protected":false},"author":1,"featured_media":76004,"comment_status":"closed","ping_status":"closed","sticky":false,"template":"","format":"standard","meta":{"footnotes":""},"categories":[343],"tags":[],"class_list":{"0":"post-76003","1":"post","2":"type-post","3":"status-publish","4":"format-standard","5":"has-post-thumbnail","7":"category-actualidad"},"aioseo_notices":[],"aioseo_head":"\n\t\t<!-- All in One SEO Pro 4.9.6.2 - aioseo.com -->\n\t<meta name=\"description\" content=\"Luis Garc\u00eda tiene 25 a\u00f1os y es natural de Santander. Hace dos a\u00f1os se traslad\u00f3 a Barcelona con el objetivo de seguir desarroll\u00e1ndose profesionalmente. Curs\u00f3 estudios de Comunicaci\u00f3n y Publicidad y esos conocimientos, unidos a su perfil creativo, le han convertido hoy en el ganador de #LaBecaDeMiVida, gracias a una propuesta brillante que ha superado\" \/>\n\t<meta name=\"robots\" content=\"max-image-preview:large\" \/>\n\t<meta name=\"author\" content=\"Cand\u00e1s 365\"\/>\n\t<meta name=\"google-site-verification\" content=\"UA-32230408-1\" \/>\n\t<meta name=\"msvalidate.01\" content=\"354F3CDFB2DA171B47FBE9ABF1F88D5\" \/>\n\t<meta name=\"keywords\" content=\"actualidad\" \/>\n\t<link rel=\"canonical\" href=\"https:\/\/candas365.es\/noticias\/joven-publicista-cantabro-gana-beca-para-trabajar-y-aprender-ingles-en-australia\/\" \/>\n\t<meta name=\"generator\" content=\"All in One SEO Pro (AIOSEO) 4.9.6.2\" \/>\n\t\t<meta property=\"og:locale\" content=\"es_ES\" \/>\n\t\t<meta property=\"og:site_name\" content=\"Cand\u00e1s 365\" \/>\n\t\t<meta property=\"og:type\" content=\"article\" \/>\n\t\t<meta property=\"og:title\" content=\"Joven publicista c\u00e1ntabro gana beca para trabajar y aprender ingl\u00e9s en Australia | Cand\u00e1s 365\" \/>\n\t\t<meta property=\"og:description\" content=\"Luis Garc\u00eda tiene 25 a\u00f1os y es natural de Santander. Hace dos a\u00f1os se traslad\u00f3 a Barcelona con el objetivo de seguir desarroll\u00e1ndose profesionalmente. Curs\u00f3 estudios de Comunicaci\u00f3n y Publicidad y esos conocimientos, unidos a su perfil creativo, le han convertido hoy en el ganador de #LaBecaDeMiVida, gracias a una propuesta brillante que ha superado\" \/>\n\t\t<meta property=\"og:url\" content=\"https:\/\/candas365.es\/noticias\/joven-publicista-cantabro-gana-beca-para-trabajar-y-aprender-ingles-en-australia\/\" \/>\n\t\t<meta property=\"og:image\" content=\"https:\/\/candas365.es\/noticias\/wp-content\/uploads\/2017\/07\/1500378798_Foto_03.jpg\" \/>\n\t\t<meta property=\"og:image:secure_url\" content=\"https:\/\/candas365.es\/noticias\/wp-content\/uploads\/2017\/07\/1500378798_Foto_03.jpg\" \/>\n\t\t<meta property=\"og:image:width\" content=\"1725\" \/>\n\t\t<meta property=\"og:image:height\" content=\"1442\" \/>\n\t\t<meta property=\"article:published_time\" content=\"2017-07-19T19:41:40+00:00\" \/>\n\t\t<meta property=\"article:modified_time\" content=\"2017-07-19T19:41:40+00:00\" \/>\n\t\t<meta property=\"article:publisher\" content=\"https:\/\/www.facebook.com\/Nachofdezber\" \/>\n\t\t<meta property=\"article:author\" content=\"https:\/\/www.facebook.com\/carrenoactualidad\" \/>\n\t\t<meta name=\"twitter:card\" content=\"summary_large_image\" \/>\n\t\t<meta name=\"twitter:site\" content=\"@NabercoDigital\" \/>\n\t\t<meta name=\"twitter:title\" content=\"Joven publicista c\u00e1ntabro gana beca para trabajar y aprender ingl\u00e9s en Australia | Cand\u00e1s 365\" \/>\n\t\t<meta name=\"twitter:description\" content=\"Luis Garc\u00eda tiene 25 a\u00f1os y es natural de Santander. Hace dos a\u00f1os se traslad\u00f3 a Barcelona con el objetivo de seguir desarroll\u00e1ndose profesionalmente. Curs\u00f3 estudios de Comunicaci\u00f3n y Publicidad y esos conocimientos, unidos a su perfil creativo, le han convertido hoy en el ganador de #LaBecaDeMiVida, gracias a una propuesta brillante que ha superado\" \/>\n\t\t<meta name=\"twitter:creator\" content=\"@nbasturias\" \/>\n\t\t<meta name=\"twitter:image\" content=\"https:\/\/candas365.es\/noticias\/wp-content\/uploads\/2017\/07\/1500378798_Foto_03.jpg\" \/>\n\t\t<meta name=\"twitter:label1\" content=\"Escrito por\" \/>\n\t\t<meta name=\"twitter:data1\" content=\"Cand\u00e1s 365\" \/>\n\t\t<meta name=\"twitter:label2\" content=\"Tiempo de lectura estimado\" \/>\n\t\t<meta name=\"twitter:data2\" content=\"2 minutos\" \/>\n\t\t<script type=\"application\/ld+json\" class=\"aioseo-schema\">\n\t\t\t{\"@context\":\"https:\\\/\\\/schema.org\",\"@graph\":[{\"@type\":\"BreadcrumbList\",\"@id\":\"https:\\\/\\\/candas365.es\\\/noticias\\\/joven-publicista-cantabro-gana-beca-para-trabajar-y-aprender-ingles-en-australia\\\/#breadcrumblist\",\"itemListElement\":[{\"@type\":\"ListItem\",\"@id\":\"https:\\\/\\\/candas365.es\\\/noticias#listItem\",\"position\":1,\"name\":\"Home\",\"item\":\"https:\\\/\\\/candas365.es\\\/noticias\",\"nextItem\":{\"@type\":\"ListItem\",\"@id\":\"https:\\\/\\\/candas365.es\\\/noticias\\\/category\\\/actualidad\\\/#listItem\",\"name\":\"Actualidad\"}},{\"@type\":\"ListItem\",\"@id\":\"https:\\\/\\\/candas365.es\\\/noticias\\\/category\\\/actualidad\\\/#listItem\",\"position\":2,\"name\":\"Actualidad\",\"item\":\"https:\\\/\\\/candas365.es\\\/noticias\\\/category\\\/actualidad\\\/\",\"nextItem\":{\"@type\":\"ListItem\",\"@id\":\"https:\\\/\\\/candas365.es\\\/noticias\\\/joven-publicista-cantabro-gana-beca-para-trabajar-y-aprender-ingles-en-australia\\\/#listItem\",\"name\":\"Joven publicista c\\u00e1ntabro gana beca para trabajar y aprender ingl\\u00e9s en Australia\"},\"previousItem\":{\"@type\":\"ListItem\",\"@id\":\"https:\\\/\\\/candas365.es\\\/noticias#listItem\",\"name\":\"Home\"}},{\"@type\":\"ListItem\",\"@id\":\"https:\\\/\\\/candas365.es\\\/noticias\\\/joven-publicista-cantabro-gana-beca-para-trabajar-y-aprender-ingles-en-australia\\\/#listItem\",\"position\":3,\"name\":\"Joven publicista c\\u00e1ntabro gana beca para trabajar y aprender ingl\\u00e9s en Australia\",\"previousItem\":{\"@type\":\"ListItem\",\"@id\":\"https:\\\/\\\/candas365.es\\\/noticias\\\/category\\\/actualidad\\\/#listItem\",\"name\":\"Actualidad\"}}]},{\"@type\":\"NewsArticle\",\"@id\":\"https:\\\/\\\/candas365.es\\\/noticias\\\/joven-publicista-cantabro-gana-beca-para-trabajar-y-aprender-ingles-en-australia\\\/#newsarticle\",\"name\":\"Joven publicista c\\u00e1ntabro gana beca para trabajar y aprender ingl\\u00e9s en Australia | Cand\\u00e1s 365\",\"headline\":\"Joven publicista c\\u00e1ntabro gana beca para trabajar y aprender ingl\\u00e9s en Australia\",\"author\":{\"@id\":\"https:\\\/\\\/candas365.es\\\/noticias\\\/author\\\/admin\\\/#author\"},\"publisher\":{\"@id\":\"https:\\\/\\\/candas365.es\\\/noticias\\\/#organization\"},\"image\":{\"@type\":\"ImageObject\",\"url\":\"https:\\\/\\\/candas365.es\\\/noticias\\\/wp-content\\\/uploads\\\/2017\\\/07\\\/1500378798_Foto_03.jpg\",\"width\":1725,\"height\":1442},\"datePublished\":\"2017-07-19T19:41:40+02:00\",\"dateModified\":\"2017-07-19T19:41:40+02:00\",\"inLanguage\":\"es-ES\",\"mainEntityOfPage\":{\"@id\":\"https:\\\/\\\/candas365.es\\\/noticias\\\/joven-publicista-cantabro-gana-beca-para-trabajar-y-aprender-ingles-en-australia\\\/#webpage\"},\"isPartOf\":{\"@id\":\"https:\\\/\\\/candas365.es\\\/noticias\\\/joven-publicista-cantabro-gana-beca-para-trabajar-y-aprender-ingles-en-australia\\\/#webpage\"},\"articleSection\":\"Actualidad\",\"dateline\":\"Publicado el julio 19, 2017.\"},{\"@type\":\"Organization\",\"@id\":\"https:\\\/\\\/candas365.es\\\/noticias\\\/#organization\",\"name\":\"Cand\\u00e1s 365\",\"description\":\"Cand\\u00e1s 365 es un diario digital independiente, fundado en 2012, con base en Asturias. Informamos con rigor sobre actualidad, sociedad, cultura y ocio, con una mirada local y global.\",\"url\":\"https:\\\/\\\/candas365.es\\\/noticias\\\/\",\"email\":\"info@candas365.es\",\"telephone\":\"+34652131393\",\"foundingDate\":\"2012-06-10\",\"logo\":{\"@type\":\"ImageObject\",\"url\":\"https:\\\/\\\/candas365.es\\\/noticias\\\/wp-content\\\/uploads\\\/2024\\\/09\\\/Candas-365-Redes.jpg\",\"@id\":\"https:\\\/\\\/candas365.es\\\/noticias\\\/joven-publicista-cantabro-gana-beca-para-trabajar-y-aprender-ingles-en-australia\\\/#organizationLogo\",\"width\":1152,\"height\":864,\"caption\":\"Cand\\u00e1s 365 Redes\"},\"image\":{\"@id\":\"https:\\\/\\\/candas365.es\\\/noticias\\\/joven-publicista-cantabro-gana-beca-para-trabajar-y-aprender-ingles-en-australia\\\/#organizationLogo\"},\"sameAs\":[\"https:\\\/\\\/www.facebook.com\\\/Nachofdezber\",\"https:\\\/\\\/x.com\\\/NabercoDigital\",\"https:\\\/\\\/www.instagram.com\\\/nachofdezber\\\/\",\"https:\\\/\\\/www.youtube.com\\\/channel\\\/UCZP-2wLEB9Rv6erhFmqVnvg\"],\"address\":{\"@id\":\"https:\\\/\\\/candas365.es\\\/noticias\\\/#postaladdress\",\"@type\":\"PostalAddress\",\"streetAddress\":\"san antonio 4, san antonio 4\",\"postalCode\":\"33430\",\"addressLocality\":\"Cand\\u00e1s\",\"addressRegion\":\"Asturias\",\"addressCountry\":\"ES\"}},{\"@type\":\"Person\",\"@id\":\"https:\\\/\\\/candas365.es\\\/noticias\\\/author\\\/admin\\\/#author\",\"url\":\"https:\\\/\\\/candas365.es\\\/noticias\\\/author\\\/admin\\\/\",\"name\":\"Cand\\u00e1s 365\",\"image\":{\"@type\":\"ImageObject\",\"@id\":\"https:\\\/\\\/candas365.es\\\/noticias\\\/joven-publicista-cantabro-gana-beca-para-trabajar-y-aprender-ingles-en-australia\\\/#authorImage\",\"url\":\"https:\\\/\\\/secure.gravatar.com\\\/avatar\\\/496a8e03d0c493ede1718b7934145dbdf8d89be1036b0eec9544e1094c9de390?s=96&d=mm&r=g\",\"width\":96,\"height\":96,\"caption\":\"Cand\\u00e1s 365\"},\"sameAs\":[\"https:\\\/\\\/www.facebook.com\\\/carrenoactualidad\",\"https:\\\/\\\/twitter.com\\\/nbasturias\",\"https:\\\/\\\/www.instagram.com\\\/nachofdezber\\\/\",\"https:\\\/\\\/www.youtube.com\\\/channel\\\/UCZP-2wLEB9Rv6erhFmqVnvg\"]},{\"@type\":\"WebPage\",\"@id\":\"https:\\\/\\\/candas365.es\\\/noticias\\\/joven-publicista-cantabro-gana-beca-para-trabajar-y-aprender-ingles-en-australia\\\/#webpage\",\"url\":\"https:\\\/\\\/candas365.es\\\/noticias\\\/joven-publicista-cantabro-gana-beca-para-trabajar-y-aprender-ingles-en-australia\\\/\",\"name\":\"Joven publicista c\\u00e1ntabro gana beca para trabajar y aprender ingl\\u00e9s en Australia | Cand\\u00e1s 365\",\"description\":\"Luis Garc\\u00eda tiene 25 a\\u00f1os y es natural de Santander. Hace dos a\\u00f1os se traslad\\u00f3 a Barcelona con el objetivo de seguir desarroll\\u00e1ndose profesionalmente. Curs\\u00f3 estudios de Comunicaci\\u00f3n y Publicidad y esos conocimientos, unidos a su perfil creativo, le han convertido hoy en el ganador de #LaBecaDeMiVida, gracias a una propuesta brillante que ha superado\",\"inLanguage\":\"es-ES\",\"isPartOf\":{\"@id\":\"https:\\\/\\\/candas365.es\\\/noticias\\\/#website\"},\"breadcrumb\":{\"@id\":\"https:\\\/\\\/candas365.es\\\/noticias\\\/joven-publicista-cantabro-gana-beca-para-trabajar-y-aprender-ingles-en-australia\\\/#breadcrumblist\"},\"author\":{\"@id\":\"https:\\\/\\\/candas365.es\\\/noticias\\\/author\\\/admin\\\/#author\"},\"creator\":{\"@id\":\"https:\\\/\\\/candas365.es\\\/noticias\\\/author\\\/admin\\\/#author\"},\"image\":{\"@type\":\"ImageObject\",\"url\":\"https:\\\/\\\/candas365.es\\\/noticias\\\/wp-content\\\/uploads\\\/2017\\\/07\\\/1500378798_Foto_03.jpg\",\"@id\":\"https:\\\/\\\/candas365.es\\\/noticias\\\/joven-publicista-cantabro-gana-beca-para-trabajar-y-aprender-ingles-en-australia\\\/#mainImage\",\"width\":1725,\"height\":1442},\"primaryImageOfPage\":{\"@id\":\"https:\\\/\\\/candas365.es\\\/noticias\\\/joven-publicista-cantabro-gana-beca-para-trabajar-y-aprender-ingles-en-australia\\\/#mainImage\"},\"datePublished\":\"2017-07-19T19:41:40+02:00\",\"dateModified\":\"2017-07-19T19:41:40+02:00\"},{\"@type\":\"WebSite\",\"@id\":\"https:\\\/\\\/candas365.es\\\/noticias\\\/#website\",\"url\":\"https:\\\/\\\/candas365.es\\\/noticias\\\/\",\"name\":\"Cand\\u00e1s 365\",\"alternateName\":\"Cand\\u00e1s 365 Noticias\",\"description\":\"Actualidad desde Carre\\u00f1o para el mundo\",\"inLanguage\":\"es-ES\",\"publisher\":{\"@id\":\"https:\\\/\\\/candas365.es\\\/noticias\\\/#organization\"}}]}\n\t\t<\/script>\n\t\t<!-- All in One SEO Pro -->\r\n\t\t<title>Joven publicista c\u00e1ntabro gana beca para trabajar y aprender ingl\u00e9s en Australia | Cand\u00e1s 365<\/title>\n\n","aioseo_head_json":{"title":"Joven publicista c\u00e1ntabro gana beca para trabajar y aprender ingl\u00e9s en Australia | Cand\u00e1s 365","description":"Luis Garc\u00eda tiene 25 a\u00f1os y es natural de Santander. Hace dos a\u00f1os se traslad\u00f3 a Barcelona con el objetivo de seguir desarroll\u00e1ndose profesionalmente. Curs\u00f3 estudios de Comunicaci\u00f3n y Publicidad y esos conocimientos, unidos a su perfil creativo, le han convertido hoy en el ganador de #LaBecaDeMiVida, gracias a una propuesta brillante que ha superado","canonical_url":"https:\/\/candas365.es\/noticias\/joven-publicista-cantabro-gana-beca-para-trabajar-y-aprender-ingles-en-australia\/","robots":"max-image-preview:large","keywords":"actualidad","webmasterTools":{"google-site-verification":"UA-32230408-1","msvalidate.01":"354F3CDFB2DA171B47FBE9ABF1F88D5","miscellaneous":""},"schema":{"@context":"https:\/\/schema.org","@graph":[{"@type":"BreadcrumbList","@id":"https:\/\/candas365.es\/noticias\/joven-publicista-cantabro-gana-beca-para-trabajar-y-aprender-ingles-en-australia\/#breadcrumblist","itemListElement":[{"@type":"ListItem","@id":"https:\/\/candas365.es\/noticias#listItem","position":1,"name":"Home","item":"https:\/\/candas365.es\/noticias","nextItem":{"@type":"ListItem","@id":"https:\/\/candas365.es\/noticias\/category\/actualidad\/#listItem","name":"Actualidad"}},{"@type":"ListItem","@id":"https:\/\/candas365.es\/noticias\/category\/actualidad\/#listItem","position":2,"name":"Actualidad","item":"https:\/\/candas365.es\/noticias\/category\/actualidad\/","nextItem":{"@type":"ListItem","@id":"https:\/\/candas365.es\/noticias\/joven-publicista-cantabro-gana-beca-para-trabajar-y-aprender-ingles-en-australia\/#listItem","name":"Joven publicista c\u00e1ntabro gana beca para trabajar y aprender ingl\u00e9s en Australia"},"previousItem":{"@type":"ListItem","@id":"https:\/\/candas365.es\/noticias#listItem","name":"Home"}},{"@type":"ListItem","@id":"https:\/\/candas365.es\/noticias\/joven-publicista-cantabro-gana-beca-para-trabajar-y-aprender-ingles-en-australia\/#listItem","position":3,"name":"Joven publicista c\u00e1ntabro gana beca para trabajar y aprender ingl\u00e9s en Australia","previousItem":{"@type":"ListItem","@id":"https:\/\/candas365.es\/noticias\/category\/actualidad\/#listItem","name":"Actualidad"}}]},{"@type":"NewsArticle","@id":"https:\/\/candas365.es\/noticias\/joven-publicista-cantabro-gana-beca-para-trabajar-y-aprender-ingles-en-australia\/#newsarticle","name":"Joven publicista c\u00e1ntabro gana beca para trabajar y aprender ingl\u00e9s en Australia | Cand\u00e1s 365","headline":"Joven publicista c\u00e1ntabro gana beca para trabajar y aprender ingl\u00e9s en Australia","author":{"@id":"https:\/\/candas365.es\/noticias\/author\/admin\/#author"},"publisher":{"@id":"https:\/\/candas365.es\/noticias\/#organization"},"image":{"@type":"ImageObject","url":"https:\/\/candas365.es\/noticias\/wp-content\/uploads\/2017\/07\/1500378798_Foto_03.jpg","width":1725,"height":1442},"datePublished":"2017-07-19T19:41:40+02:00","dateModified":"2017-07-19T19:41:40+02:00","inLanguage":"es-ES","mainEntityOfPage":{"@id":"https:\/\/candas365.es\/noticias\/joven-publicista-cantabro-gana-beca-para-trabajar-y-aprender-ingles-en-australia\/#webpage"},"isPartOf":{"@id":"https:\/\/candas365.es\/noticias\/joven-publicista-cantabro-gana-beca-para-trabajar-y-aprender-ingles-en-australia\/#webpage"},"articleSection":"Actualidad","dateline":"Publicado el julio 19, 2017."},{"@type":"Organization","@id":"https:\/\/candas365.es\/noticias\/#organization","name":"Cand\u00e1s 365","description":"Cand\u00e1s 365 es un diario digital independiente, fundado en 2012, con base en Asturias. Informamos con rigor sobre actualidad, sociedad, cultura y ocio, con una mirada local y global.","url":"https:\/\/candas365.es\/noticias\/","email":"info@candas365.es","telephone":"+34652131393","foundingDate":"2012-06-10","logo":{"@type":"ImageObject","url":"https:\/\/candas365.es\/noticias\/wp-content\/uploads\/2024\/09\/Candas-365-Redes.jpg","@id":"https:\/\/candas365.es\/noticias\/joven-publicista-cantabro-gana-beca-para-trabajar-y-aprender-ingles-en-australia\/#organizationLogo","width":1152,"height":864,"caption":"Cand\u00e1s 365 Redes"},"image":{"@id":"https:\/\/candas365.es\/noticias\/joven-publicista-cantabro-gana-beca-para-trabajar-y-aprender-ingles-en-australia\/#organizationLogo"},"sameAs":["https:\/\/www.facebook.com\/Nachofdezber","https:\/\/x.com\/NabercoDigital","https:\/\/www.instagram.com\/nachofdezber\/","https:\/\/www.youtube.com\/channel\/UCZP-2wLEB9Rv6erhFmqVnvg"],"address":{"@id":"https:\/\/candas365.es\/noticias\/#postaladdress","@type":"PostalAddress","streetAddress":"san antonio 4, san antonio 4","postalCode":"33430","addressLocality":"Cand\u00e1s","addressRegion":"Asturias","addressCountry":"ES"}},{"@type":"Person","@id":"https:\/\/candas365.es\/noticias\/author\/admin\/#author","url":"https:\/\/candas365.es\/noticias\/author\/admin\/","name":"Cand\u00e1s 365","image":{"@type":"ImageObject","@id":"https:\/\/candas365.es\/noticias\/joven-publicista-cantabro-gana-beca-para-trabajar-y-aprender-ingles-en-australia\/#authorImage","url":"https:\/\/secure.gravatar.com\/avatar\/496a8e03d0c493ede1718b7934145dbdf8d89be1036b0eec9544e1094c9de390?s=96&d=mm&r=g","width":96,"height":96,"caption":"Cand\u00e1s 365"},"sameAs":["https:\/\/www.facebook.com\/carrenoactualidad","https:\/\/twitter.com\/nbasturias","https:\/\/www.instagram.com\/nachofdezber\/","https:\/\/www.youtube.com\/channel\/UCZP-2wLEB9Rv6erhFmqVnvg"]},{"@type":"WebPage","@id":"https:\/\/candas365.es\/noticias\/joven-publicista-cantabro-gana-beca-para-trabajar-y-aprender-ingles-en-australia\/#webpage","url":"https:\/\/candas365.es\/noticias\/joven-publicista-cantabro-gana-beca-para-trabajar-y-aprender-ingles-en-australia\/","name":"Joven publicista c\u00e1ntabro gana beca para trabajar y aprender ingl\u00e9s en Australia | Cand\u00e1s 365","description":"Luis Garc\u00eda tiene 25 a\u00f1os y es natural de Santander. Hace dos a\u00f1os se traslad\u00f3 a Barcelona con el objetivo de seguir desarroll\u00e1ndose profesionalmente. Curs\u00f3 estudios de Comunicaci\u00f3n y Publicidad y esos conocimientos, unidos a su perfil creativo, le han convertido hoy en el ganador de #LaBecaDeMiVida, gracias a una propuesta brillante que ha superado","inLanguage":"es-ES","isPartOf":{"@id":"https:\/\/candas365.es\/noticias\/#website"},"breadcrumb":{"@id":"https:\/\/candas365.es\/noticias\/joven-publicista-cantabro-gana-beca-para-trabajar-y-aprender-ingles-en-australia\/#breadcrumblist"},"author":{"@id":"https:\/\/candas365.es\/noticias\/author\/admin\/#author"},"creator":{"@id":"https:\/\/candas365.es\/noticias\/author\/admin\/#author"},"image":{"@type":"ImageObject","url":"https:\/\/candas365.es\/noticias\/wp-content\/uploads\/2017\/07\/1500378798_Foto_03.jpg","@id":"https:\/\/candas365.es\/noticias\/joven-publicista-cantabro-gana-beca-para-trabajar-y-aprender-ingles-en-australia\/#mainImage","width":1725,"height":1442},"primaryImageOfPage":{"@id":"https:\/\/candas365.es\/noticias\/joven-publicista-cantabro-gana-beca-para-trabajar-y-aprender-ingles-en-australia\/#mainImage"},"datePublished":"2017-07-19T19:41:40+02:00","dateModified":"2017-07-19T19:41:40+02:00"},{"@type":"WebSite","@id":"https:\/\/candas365.es\/noticias\/#website","url":"https:\/\/candas365.es\/noticias\/","name":"Cand\u00e1s 365","alternateName":"Cand\u00e1s 365 Noticias","description":"Actualidad desde Carre\u00f1o para el mundo","inLanguage":"es-ES","publisher":{"@id":"https:\/\/candas365.es\/noticias\/#organization"}}]},"og:locale":"es_ES","og:site_name":"Cand\u00e1s 365","og:type":"article","og:title":"Joven publicista c\u00e1ntabro gana beca para trabajar y aprender ingl\u00e9s en Australia | Cand\u00e1s 365","og:description":"Luis Garc\u00eda tiene 25 a\u00f1os y es natural de Santander. Hace dos a\u00f1os se traslad\u00f3 a Barcelona con el objetivo de seguir desarroll\u00e1ndose profesionalmente. Curs\u00f3 estudios de Comunicaci\u00f3n y Publicidad y esos conocimientos, unidos a su perfil creativo, le han convertido hoy en el ganador de #LaBecaDeMiVida, gracias a una propuesta brillante que ha superado","og:url":"https:\/\/candas365.es\/noticias\/joven-publicista-cantabro-gana-beca-para-trabajar-y-aprender-ingles-en-australia\/","og:image":"https:\/\/candas365.es\/noticias\/wp-content\/uploads\/2017\/07\/1500378798_Foto_03.jpg","og:image:secure_url":"https:\/\/candas365.es\/noticias\/wp-content\/uploads\/2017\/07\/1500378798_Foto_03.jpg","og:image:width":1725,"og:image:height":1442,"article:published_time":"2017-07-19T19:41:40+00:00","article:modified_time":"2017-07-19T19:41:40+00:00","article:publisher":"https:\/\/www.facebook.com\/Nachofdezber","article:author":"https:\/\/www.facebook.com\/carrenoactualidad","twitter:card":"summary_large_image","twitter:site":"@NabercoDigital","twitter:title":"Joven publicista c\u00e1ntabro gana beca para trabajar y aprender ingl\u00e9s en Australia | Cand\u00e1s 365","twitter:description":"Luis Garc\u00eda tiene 25 a\u00f1os y es natural de Santander. Hace dos a\u00f1os se traslad\u00f3 a Barcelona con el objetivo de seguir desarroll\u00e1ndose profesionalmente. Curs\u00f3 estudios de Comunicaci\u00f3n y Publicidad y esos conocimientos, unidos a su perfil creativo, le han convertido hoy en el ganador de #LaBecaDeMiVida, gracias a una propuesta brillante que ha superado","twitter:creator":"@nbasturias","twitter:image":"https:\/\/candas365.es\/noticias\/wp-content\/uploads\/2017\/07\/1500378798_Foto_03.jpg","twitter:label1":"Escrito por","twitter:data1":"Cand\u00e1s 365","twitter:label2":"Tiempo de lectura estimado","twitter:data2":"2 minutos"},"aioseo_meta_data":{"post_id":"76003","title":null,"description":null,"keywords":null,"keyphrases":null,"primary_term":null,"canonical_url":null,"og_title":null,"og_description":null,"og_object_type":"default","og_image_type":"default","og_image_url":null,"og_image_width":null,"og_image_height":null,"og_image_custom_url":null,"og_image_custom_fields":null,"og_video":null,"og_custom_url":null,"og_article_section":null,"og_article_tags":null,"twitter_use_og":false,"twitter_card":"default","twitter_image_type":"default","twitter_image_url":null,"twitter_image_custom_url":null,"twitter_image_custom_fields":null,"twitter_title":null,"twitter_description":null,"schema":{"blockGraphs":[],"customGraphs":[],"default":{"data":{"Article":[],"Course":[],"Dataset":[],"FAQPage":[],"Movie":[],"Person":[],"Product":[],"ProductReview":[],"Car":[],"Recipe":[],"Service":[],"SoftwareApplication":[],"WebPage":[]},"graphName":"","isEnabled":true},"graphs":[],"defaultGraph":"","defaultPostTypeGraph":""},"schema_type":null,"schema_type_options":null,"pillar_content":false,"robots_default":true,"robots_noindex":false,"robots_noarchive":false,"robots_nosnippet":false,"robots_nofollow":false,"robots_noimageindex":false,"robots_noodp":false,"robots_notranslate":false,"robots_max_snippet":null,"robots_max_videopreview":null,"robots_max_imagepreview":"large","priority":null,"frequency":null,"location":null,"local_seo":null,"seo_analyzer_scan_date":"2025-08-25 18:47:20","breadcrumb_settings":null,"limit_modified_date":false,"reviewed_by":null,"open_ai":null,"ai":null,"created":"2020-12-21 12:56:22","updated":"2025-08-25 18:47:20"},"aioseo_breadcrumb":"<div class=\"aioseo-breadcrumbs\"><span class=\"aioseo-breadcrumb\">\n\t<a href=\"https:\/\/candas365.es\/noticias\" title=\"Home\">Home<\/a>\n<\/span><span class=\"aioseo-breadcrumb-separator\">&ndash;<\/span><span class=\"aioseo-breadcrumb\">\n\t<a href=\"https:\/\/candas365.es\/noticias\/category\/actualidad\/\" title=\"Actualidad\">Actualidad<\/a>\n<\/span><span class=\"aioseo-breadcrumb-separator\">&ndash;<\/span><span class=\"aioseo-breadcrumb\">\n\tJoven publicista c\u00e1ntabro gana beca para trabajar y aprender ingl\u00e9s en Australia\n<\/span><\/div>","aioseo_breadcrumb_json":[{"label":"Home","link":"https:\/\/candas365.es\/noticias"},{"label":"Actualidad","link":"https:\/\/candas365.es\/noticias\/category\/actualidad\/"},{"label":"Joven publicista c\u00e1ntabro gana beca para trabajar y aprender ingl\u00e9s en Australia","link":"https:\/\/candas365.es\/noticias\/joven-publicista-cantabro-gana-beca-para-trabajar-y-aprender-ingles-en-australia\/"}],"_links":{"self":[{"href":"https:\/\/candas365.es\/noticias\/wp-json\/wp\/v2\/posts\/76003","targetHints":{"allow":["GET"]}}],"collection":[{"href":"https:\/\/candas365.es\/noticias\/wp-json\/wp\/v2\/posts"}],"about":[{"href":"https:\/\/candas365.es\/noticias\/wp-json\/wp\/v2\/types\/post"}],"author":[{"embeddable":true,"href":"https:\/\/candas365.es\/noticias\/wp-json\/wp\/v2\/users\/1"}],"replies":[{"embeddable":true,"href":"https:\/\/candas365.es\/noticias\/wp-json\/wp\/v2\/comments?post=76003"}],"version-history":[{"count":0,"href":"https:\/\/candas365.es\/noticias\/wp-json\/wp\/v2\/posts\/76003\/revisions"}],"wp:featuredmedia":[{"embeddable":true,"href":"https:\/\/candas365.es\/noticias\/wp-json\/wp\/v2\/media\/76004"}],"wp:attachment":[{"href":"https:\/\/candas365.es\/noticias\/wp-json\/wp\/v2\/media?parent=76003"}],"wp:term":[{"taxonomy":"category","embeddable":true,"href":"https:\/\/candas365.es\/noticias\/wp-json\/wp\/v2\/categories?post=76003"},{"taxonomy":"post_tag","embeddable":true,"href":"https:\/\/candas365.es\/noticias\/wp-json\/wp\/v2\/tags?post=76003"}],"curies":[{"name":"wp","href":"https:\/\/api.w.org\/{rel}","templated":true}]}}