{"id":75929,"date":"2017-07-18T19:40:50","date_gmt":"2017-07-18T19:40:50","guid":{"rendered":"http:\/\/candas365.es\/noticias\/?p=75929"},"modified":"2017-07-18T21:41:32","modified_gmt":"2017-07-18T21:41:32","slug":"labores-de-limpieza-y-mantenimiento-de-las-areas-verdes-de-carreno","status":"publish","type":"post","link":"https:\/\/candas365.es\/noticias\/labores-de-limpieza-y-mantenimiento-de-las-areas-verdes-de-carreno\/","title":{"rendered":"Labores de limpieza y mantenimiento de las \u00e1reas verdes de Carre\u00f1o"},"content":{"rendered":"<p><img fetchpriority=\"high\" decoding=\"async\" class=\"alignleft size-medium wp-image-75930\" src=\"https:\/\/candas365.es\/noticias\/wp-content\/uploads\/2017\/07\/MantenimientoFuentedelValleenPrevera-360x270.jpg\" alt=\"\" width=\"360\" height=\"270\" srcset=\"https:\/\/candas365.es\/noticias\/wp-content\/uploads\/2017\/07\/MantenimientoFuentedelValleenPrevera-360x270.jpg 360w, https:\/\/candas365.es\/noticias\/wp-content\/uploads\/2017\/07\/MantenimientoFuentedelValleenPrevera-768x576.jpg 768w, https:\/\/candas365.es\/noticias\/wp-content\/uploads\/2017\/07\/MantenimientoFuentedelValleenPrevera-640x480.jpg 640w, https:\/\/candas365.es\/noticias\/wp-content\/uploads\/2017\/07\/MantenimientoFuentedelValleenPrevera-80x60.jpg 80w, https:\/\/candas365.es\/noticias\/wp-content\/uploads\/2017\/07\/MantenimientoFuentedelValleenPrevera-265x198.jpg 265w, https:\/\/candas365.es\/noticias\/wp-content\/uploads\/2017\/07\/MantenimientoFuentedelValleenPrevera-696x522.jpg 696w, https:\/\/candas365.es\/noticias\/wp-content\/uploads\/2017\/07\/MantenimientoFuentedelValleenPrevera-1068x801.jpg 1068w, https:\/\/candas365.es\/noticias\/wp-content\/uploads\/2017\/07\/MantenimientoFuentedelValleenPrevera-560x420.jpg 560w, https:\/\/candas365.es\/noticias\/wp-content\/uploads\/2017\/07\/MantenimientoFuentedelValleenPrevera-90x67.jpg 90w, https:\/\/candas365.es\/noticias\/wp-content\/uploads\/2017\/07\/MantenimientoFuentedelValleenPrevera.jpg 1280w\" sizes=\"(max-width: 360px) 100vw, 360px\" \/>\u201cEn el marco del proyecto de formaci\u00f3n y empleo, enmarcado en el programa \u201cACT\u00cdVATE DLD\u201d, se procedi\u00f3 a la contrataci\u00f3n de 8 trabajadores\/as desempleados\/as de larga duraci\u00f3n, un monitor docente y una mentora coordinadora del proyecto. Al tratarse de un proyecto de Empleo \u2013 Formaci\u00f3n, las 8 personas seleccionadas como alumnado reciben una formaci\u00f3n profesional espec\u00edfica de la especialidad \u201cInstalaci\u00f3n y mantenimiento de jardines y zonas verdes\u201d, que les permitir\u00e1, en su caso, la consecuci\u00f3n del Certificado de Profesionalidad en dicha especialidad\u201d \u2013 explic\u00f3 Manuel Noceda, edil de Medio Rural.<\/p>\n<p>El proyecto tiene una duraci\u00f3n de 6 meses, y se prev\u00e9 que genere una inversi\u00f3n total de 87.041,52 \u20ac. El proyecto cuenta con una cofinanciaci\u00f3n total del Servicio P\u00fablico de Empleo del Principado de Asturias de 76.514,52 \u20ac.<\/p>\n<p>\u201c Entre las labores que acomete el personal del proyecto se encuentra la limpieza y mantenimiento de las \u00e1reas verdes habilitadas en torno a los m\u00e1s de 70 elementos de Patrimonio etnogr\u00e1fico (fuentes, lavaderos y abrevaderos) recuperados por el Ayuntamiento de Carre\u00f1o desde 2003, y que se encuentran diseminados por las parroquias rurales del concejo. Recientemente han trabajado en el entorno de la Fuente del Valle en la parroquia de Prevera. Las labores realizadas en dicha fuente y lavadero fueron las siguientes: Desbroce y recogida de residuos, limpieza de los muros, desatasco del desag\u00fces, limpieza de las cunetas y limpieza del pavimento de hormig\u00f3n, ya que ten\u00eda encima una capa de tierra de unos 15 cm\u201d \u2013 prosigui\u00f3 el concejal.<\/p>\n<p>\u201cCon acciones de formaci\u00f3n y empleo como \u00e9sta, se trata de preservar la conservaci\u00f3n del patrimonio rural, al a vez que se capacita a las personas que anteriormente estaban en situaci\u00f3n de desempleo. En cuanto a los contenidos impartidos, hasta la fecha, por el monitor y la mentora, correspondientes al Certificado indicar que son los siguientes: Certificado de Profesionalidad: Denominaci\u00f3n: Instalaci\u00f3n y Mantenimiento de Jardines y Zonas Verdes C\u00f3digo: AAO0208 Familia Profesional: Agraria. \u00c1rea Profesional: Jardiner\u00eda. Nivel de Cualificaci\u00f3n Profesional: 2. Duraci\u00f3n total de los m\u00f3dulos formativos: 390 horas. La formaci\u00f3n se imparte conforme a la Programaci\u00f3n Did\u00e1ctica dise\u00f1ada en base al RD 1375\/2008, de 1 de agosto, que regula el Certificado de Profesionalidad \u201cInstalaci\u00f3n y mantenimiento de jardines y zonas verdes (AAO0208)\u201d \u2013 a\u00f1adi\u00f3 el edil.<\/p>\n<p>Dicho certificado consta de los siguientes contenidos:<\/p>\n<p>Unidades de Competencia:<\/p>\n<ul>\n<li>UC0531_2: Instalar jardines de interior, exterior y zonas verdes<\/li>\n<li>UC0532_2: Mantener y mejoras jardines de interior, exterior y zonas verdes<\/li>\n<li>UC0525_2: Controlar las plagas, enfermedades, malas hierbas y fisiopat\u00edas<\/li>\n<\/ul>\n<p>M\u00f3dulos Formativos del Certificado:<\/p>\n<ul>\n<li>MF0531_2: Instalaci\u00f3n de jardines y zonas verdes. (150 horas)<\/li>\n<li>MF0532_2: Mantenimiento y mejora de jardines y zonas verdes. (120 horas)<\/li>\n<li>MF0525_2: Control fitosanitario. (120 horas)<\/li>\n<\/ul>\n<p>\u201cAhora mismo, est\u00e1n trabajando en este tercer m\u00f3dulo formativo, concretamente en la Unidad Formativa 0007 que lleva por t\u00edtulo \u201cAplicaci\u00f3n de m\u00e9todos de control fitosanitarios en plantas, suelo e instalaciones\u201d. (60 horas) que finalizar\u00e1 el d\u00eda 25\/07\/2017, es decir, la pr\u00f3xima semana\u201d \u2013 se\u00f1al\u00f3 Noceda.<\/p>\n<p>Adem\u00e1s de la formaci\u00f3n se ha trabajado con el alumnado una serie de contenidos transversales relacionados con:<\/p>\n<p>\u00b7 las habilidades en las tecnolog\u00edas de la informaci\u00f3n y la comunicaci\u00f3n, obtenci\u00f3n del certificado digital, c\u00f3mo realizar tr\u00e1mites electr\u00f3nicos con las diferentes administraciones, crear una p\u00e1gina web, etc,<\/p>\n<p>\u00b7 Formaci\u00f3n en Igualdad de Oportunidades<\/p>\n<p>\u00b7 Sensibilizaci\u00f3n Medioambiental<\/p>\n<p>\u00b7 Formaci\u00f3n en Prevenci\u00f3n de Riesgos Laborales. Se ha impartido el m\u00f3dulo formativo en Prevenci\u00f3n de Riesgos Laborales adaptado al perfil profesional de la familia Agraria y de la especialidad formativa de \u201cInstalaci\u00f3n y mantenimiento de jardines y zonas verdes\u201d.<\/p>\n<p>Pr\u00f3ximamente, se profundizar\u00e1 en la orientaci\u00f3n laboral hasta finalizar el proyecto.<\/p>\n<p>\u201c El balance de esta acci\u00f3n de formaci\u00f3n ocupacional, no puede ser m\u00e1s satisfactorio. El rendimiento del alumnado trabajador y del equipo docente es bueno. A d\u00eda de hoy, contin\u00faan 7 Trabajadores\/as Participantes. Uno de ellos, se incorpor\u00f3 al mercado laboral causando baja el d\u00eda 21 de junio de 2017. No se pudo llamar a nadie para sustituirle porque, a estas alturas del programa, a la persona que se contratase ya no podr\u00eda realizar un m\u00f3dulo formativo completo. Al estar ya muy avanzado el programa formativo, en el \u00faltimo m\u00f3dulo de la formaci\u00f3n obligatoria no proced\u00eda incorporar a nadie puesto que no dar\u00eda tiempo a capacitarle para alcanzar el certificado\u201d \u2013 concluy\u00f3 el concejal.<\/p>\n<p>&nbsp;<\/p>\n<p>&nbsp;<\/p>\n","protected":false},"excerpt":{"rendered":"<p>\u201cEn el marco del proyecto de formaci\u00f3n y empleo, enmarcado en el programa \u201cACT\u00cdVATE DLD\u201d, se procedi\u00f3 a la contrataci\u00f3n de 8 trabajadores\/as desempleados\/as de larga duraci\u00f3n, un monitor docente y una mentora coordinadora del proyecto. Al tratarse de un proyecto de Empleo \u2013 Formaci\u00f3n, las 8 personas seleccionadas como alumnado reciben una formaci\u00f3n profesional<\/p>\n","protected":false},"author":1,"featured_media":75930,"comment_status":"closed","ping_status":"closed","sticky":false,"template":"","format":"standard","meta":{"footnotes":""},"categories":[2],"tags":[],"class_list":{"0":"post-75929","1":"post","2":"type-post","3":"status-publish","4":"format-standard","5":"has-post-thumbnail","7":"category-noticias-carreno"},"aioseo_notices":[],"aioseo_head":"\n\t\t<!-- All in One SEO Pro 4.9.6.2 - aioseo.com -->\n\t<meta name=\"description\" content=\"\u201cEn el marco del proyecto de formaci\u00f3n y empleo, enmarcado en el programa \u201cACT\u00cdVATE DLD\u201d, se procedi\u00f3 a la contrataci\u00f3n de 8 trabajadores\/as desempleados\/as de larga duraci\u00f3n, un monitor docente y una mentora coordinadora del proyecto. Al tratarse de un proyecto de Empleo \u2013 Formaci\u00f3n, las 8 personas seleccionadas como alumnado reciben una formaci\u00f3n profesional\" \/>\n\t<meta name=\"robots\" content=\"max-image-preview:large\" \/>\n\t<meta name=\"author\" content=\"Cand\u00e1s 365\"\/>\n\t<meta name=\"google-site-verification\" content=\"UA-32230408-1\" \/>\n\t<meta name=\"msvalidate.01\" content=\"354F3CDFB2DA171B47FBE9ABF1F88D5\" \/>\n\t<meta name=\"keywords\" content=\"noticias carre\u00f1o\" \/>\n\t<link rel=\"canonical\" href=\"https:\/\/candas365.es\/noticias\/labores-de-limpieza-y-mantenimiento-de-las-areas-verdes-de-carreno\/\" \/>\n\t<meta name=\"generator\" content=\"All in One SEO Pro (AIOSEO) 4.9.6.2\" \/>\n\t\t<meta property=\"og:locale\" content=\"es_ES\" \/>\n\t\t<meta property=\"og:site_name\" content=\"Cand\u00e1s 365\" \/>\n\t\t<meta property=\"og:type\" content=\"article\" \/>\n\t\t<meta property=\"og:title\" content=\"Labores de limpieza y mantenimiento de las \u00e1reas verdes de Carre\u00f1o | Cand\u00e1s 365\" \/>\n\t\t<meta property=\"og:description\" content=\"\u201cEn el marco del proyecto de formaci\u00f3n y empleo, enmarcado en el programa \u201cACT\u00cdVATE DLD\u201d, se procedi\u00f3 a la contrataci\u00f3n de 8 trabajadores\/as desempleados\/as de larga duraci\u00f3n, un monitor docente y una mentora coordinadora del proyecto. Al tratarse de un proyecto de Empleo \u2013 Formaci\u00f3n, las 8 personas seleccionadas como alumnado reciben una formaci\u00f3n profesional\" \/>\n\t\t<meta property=\"og:url\" content=\"https:\/\/candas365.es\/noticias\/labores-de-limpieza-y-mantenimiento-de-las-areas-verdes-de-carreno\/\" \/>\n\t\t<meta property=\"og:image\" content=\"https:\/\/candas365.es\/noticias\/wp-content\/uploads\/2017\/07\/MantenimientoFuentedelValleenPrevera.jpg\" \/>\n\t\t<meta property=\"og:image:secure_url\" content=\"https:\/\/candas365.es\/noticias\/wp-content\/uploads\/2017\/07\/MantenimientoFuentedelValleenPrevera.jpg\" \/>\n\t\t<meta property=\"og:image:width\" content=\"1280\" \/>\n\t\t<meta property=\"og:image:height\" content=\"960\" \/>\n\t\t<meta property=\"article:published_time\" content=\"2017-07-18T19:40:50+00:00\" \/>\n\t\t<meta property=\"article:modified_time\" content=\"2017-07-18T21:41:32+00:00\" \/>\n\t\t<meta property=\"article:publisher\" content=\"https:\/\/www.facebook.com\/Nachofdezber\" \/>\n\t\t<meta property=\"article:author\" content=\"https:\/\/www.facebook.com\/carrenoactualidad\" \/>\n\t\t<meta name=\"twitter:card\" content=\"summary_large_image\" \/>\n\t\t<meta name=\"twitter:site\" content=\"@NabercoDigital\" \/>\n\t\t<meta name=\"twitter:title\" content=\"Labores de limpieza y mantenimiento de las \u00e1reas verdes de Carre\u00f1o | Cand\u00e1s 365\" \/>\n\t\t<meta name=\"twitter:description\" content=\"\u201cEn el marco del proyecto de formaci\u00f3n y empleo, enmarcado en el programa \u201cACT\u00cdVATE DLD\u201d, se procedi\u00f3 a la contrataci\u00f3n de 8 trabajadores\/as desempleados\/as de larga duraci\u00f3n, un monitor docente y una mentora coordinadora del proyecto. Al tratarse de un proyecto de Empleo \u2013 Formaci\u00f3n, las 8 personas seleccionadas como alumnado reciben una formaci\u00f3n profesional\" \/>\n\t\t<meta name=\"twitter:creator\" content=\"@nbasturias\" \/>\n\t\t<meta name=\"twitter:image\" content=\"https:\/\/candas365.es\/noticias\/wp-content\/uploads\/2017\/07\/MantenimientoFuentedelValleenPrevera.jpg\" \/>\n\t\t<meta name=\"twitter:label1\" content=\"Escrito por\" \/>\n\t\t<meta name=\"twitter:data1\" content=\"Cand\u00e1s 365\" \/>\n\t\t<meta name=\"twitter:label2\" content=\"Tiempo de lectura estimado\" \/>\n\t\t<meta name=\"twitter:data2\" content=\"4 minutos\" \/>\n\t\t<script type=\"application\/ld+json\" class=\"aioseo-schema\">\n\t\t\t{\"@context\":\"https:\\\/\\\/schema.org\",\"@graph\":[{\"@type\":\"BreadcrumbList\",\"@id\":\"https:\\\/\\\/candas365.es\\\/noticias\\\/labores-de-limpieza-y-mantenimiento-de-las-areas-verdes-de-carreno\\\/#breadcrumblist\",\"itemListElement\":[{\"@type\":\"ListItem\",\"@id\":\"https:\\\/\\\/candas365.es\\\/noticias#listItem\",\"position\":1,\"name\":\"Home\",\"item\":\"https:\\\/\\\/candas365.es\\\/noticias\",\"nextItem\":{\"@type\":\"ListItem\",\"@id\":\"https:\\\/\\\/candas365.es\\\/noticias\\\/category\\\/noticias-carreno\\\/#listItem\",\"name\":\"Noticias Carre\\u00f1o\"}},{\"@type\":\"ListItem\",\"@id\":\"https:\\\/\\\/candas365.es\\\/noticias\\\/category\\\/noticias-carreno\\\/#listItem\",\"position\":2,\"name\":\"Noticias Carre\\u00f1o\",\"item\":\"https:\\\/\\\/candas365.es\\\/noticias\\\/category\\\/noticias-carreno\\\/\",\"nextItem\":{\"@type\":\"ListItem\",\"@id\":\"https:\\\/\\\/candas365.es\\\/noticias\\\/labores-de-limpieza-y-mantenimiento-de-las-areas-verdes-de-carreno\\\/#listItem\",\"name\":\"Labores de limpieza y mantenimiento de las \\u00e1reas verdes de Carre\\u00f1o\"},\"previousItem\":{\"@type\":\"ListItem\",\"@id\":\"https:\\\/\\\/candas365.es\\\/noticias#listItem\",\"name\":\"Home\"}},{\"@type\":\"ListItem\",\"@id\":\"https:\\\/\\\/candas365.es\\\/noticias\\\/labores-de-limpieza-y-mantenimiento-de-las-areas-verdes-de-carreno\\\/#listItem\",\"position\":3,\"name\":\"Labores de limpieza y mantenimiento de las \\u00e1reas verdes de Carre\\u00f1o\",\"previousItem\":{\"@type\":\"ListItem\",\"@id\":\"https:\\\/\\\/candas365.es\\\/noticias\\\/category\\\/noticias-carreno\\\/#listItem\",\"name\":\"Noticias Carre\\u00f1o\"}}]},{\"@type\":\"NewsArticle\",\"@id\":\"https:\\\/\\\/candas365.es\\\/noticias\\\/labores-de-limpieza-y-mantenimiento-de-las-areas-verdes-de-carreno\\\/#newsarticle\",\"name\":\"Labores de limpieza y mantenimiento de las \\u00e1reas verdes de Carre\\u00f1o | Cand\\u00e1s 365\",\"headline\":\"Labores de limpieza y mantenimiento de las \\u00e1reas verdes de Carre\\u00f1o\",\"author\":{\"@id\":\"https:\\\/\\\/candas365.es\\\/noticias\\\/author\\\/admin\\\/#author\"},\"publisher\":{\"@id\":\"https:\\\/\\\/candas365.es\\\/noticias\\\/#organization\"},\"image\":{\"@type\":\"ImageObject\",\"url\":\"https:\\\/\\\/candas365.es\\\/noticias\\\/wp-content\\\/uploads\\\/2017\\\/07\\\/MantenimientoFuentedelValleenPrevera.jpg\",\"width\":1280,\"height\":960},\"datePublished\":\"2017-07-18T19:40:50+02:00\",\"dateModified\":\"2017-07-18T21:41:32+02:00\",\"inLanguage\":\"es-ES\",\"mainEntityOfPage\":{\"@id\":\"https:\\\/\\\/candas365.es\\\/noticias\\\/labores-de-limpieza-y-mantenimiento-de-las-areas-verdes-de-carreno\\\/#webpage\"},\"isPartOf\":{\"@id\":\"https:\\\/\\\/candas365.es\\\/noticias\\\/labores-de-limpieza-y-mantenimiento-de-las-areas-verdes-de-carreno\\\/#webpage\"},\"articleSection\":\"Noticias Carre\\u00f1o\",\"dateline\":\"Publicado el julio 18, 2017.\"},{\"@type\":\"Organization\",\"@id\":\"https:\\\/\\\/candas365.es\\\/noticias\\\/#organization\",\"name\":\"Cand\\u00e1s 365\",\"description\":\"Cand\\u00e1s 365 es un diario digital independiente, fundado en 2012, con base en Asturias. Informamos con rigor sobre actualidad, sociedad, cultura y ocio, con una mirada local y global.\",\"url\":\"https:\\\/\\\/candas365.es\\\/noticias\\\/\",\"email\":\"info@candas365.es\",\"telephone\":\"+34652131393\",\"foundingDate\":\"2012-06-10\",\"logo\":{\"@type\":\"ImageObject\",\"url\":\"https:\\\/\\\/candas365.es\\\/noticias\\\/wp-content\\\/uploads\\\/2024\\\/09\\\/Candas-365-Redes.jpg\",\"@id\":\"https:\\\/\\\/candas365.es\\\/noticias\\\/labores-de-limpieza-y-mantenimiento-de-las-areas-verdes-de-carreno\\\/#organizationLogo\",\"width\":1152,\"height\":864,\"caption\":\"Cand\\u00e1s 365 Redes\"},\"image\":{\"@id\":\"https:\\\/\\\/candas365.es\\\/noticias\\\/labores-de-limpieza-y-mantenimiento-de-las-areas-verdes-de-carreno\\\/#organizationLogo\"},\"sameAs\":[\"https:\\\/\\\/www.facebook.com\\\/Nachofdezber\",\"https:\\\/\\\/x.com\\\/NabercoDigital\",\"https:\\\/\\\/www.instagram.com\\\/nachofdezber\\\/\",\"https:\\\/\\\/www.youtube.com\\\/channel\\\/UCZP-2wLEB9Rv6erhFmqVnvg\"],\"address\":{\"@id\":\"https:\\\/\\\/candas365.es\\\/noticias\\\/#postaladdress\",\"@type\":\"PostalAddress\",\"streetAddress\":\"san antonio 4, san antonio 4\",\"postalCode\":\"33430\",\"addressLocality\":\"Cand\\u00e1s\",\"addressRegion\":\"Asturias\",\"addressCountry\":\"ES\"}},{\"@type\":\"Person\",\"@id\":\"https:\\\/\\\/candas365.es\\\/noticias\\\/author\\\/admin\\\/#author\",\"url\":\"https:\\\/\\\/candas365.es\\\/noticias\\\/author\\\/admin\\\/\",\"name\":\"Cand\\u00e1s 365\",\"image\":{\"@type\":\"ImageObject\",\"@id\":\"https:\\\/\\\/candas365.es\\\/noticias\\\/labores-de-limpieza-y-mantenimiento-de-las-areas-verdes-de-carreno\\\/#authorImage\",\"url\":\"https:\\\/\\\/secure.gravatar.com\\\/avatar\\\/496a8e03d0c493ede1718b7934145dbdf8d89be1036b0eec9544e1094c9de390?s=96&d=mm&r=g\",\"width\":96,\"height\":96,\"caption\":\"Cand\\u00e1s 365\"},\"sameAs\":[\"https:\\\/\\\/www.facebook.com\\\/carrenoactualidad\",\"https:\\\/\\\/twitter.com\\\/nbasturias\",\"https:\\\/\\\/www.instagram.com\\\/nachofdezber\\\/\",\"https:\\\/\\\/www.youtube.com\\\/channel\\\/UCZP-2wLEB9Rv6erhFmqVnvg\"]},{\"@type\":\"WebPage\",\"@id\":\"https:\\\/\\\/candas365.es\\\/noticias\\\/labores-de-limpieza-y-mantenimiento-de-las-areas-verdes-de-carreno\\\/#webpage\",\"url\":\"https:\\\/\\\/candas365.es\\\/noticias\\\/labores-de-limpieza-y-mantenimiento-de-las-areas-verdes-de-carreno\\\/\",\"name\":\"Labores de limpieza y mantenimiento de las \\u00e1reas verdes de Carre\\u00f1o | Cand\\u00e1s 365\",\"description\":\"\\u201cEn el marco del proyecto de formaci\\u00f3n y empleo, enmarcado en el programa \\u201cACT\\u00cdVATE DLD\\u201d, se procedi\\u00f3 a la contrataci\\u00f3n de 8 trabajadores\\\/as desempleados\\\/as de larga duraci\\u00f3n, un monitor docente y una mentora coordinadora del proyecto. Al tratarse de un proyecto de Empleo \\u2013 Formaci\\u00f3n, las 8 personas seleccionadas como alumnado reciben una formaci\\u00f3n profesional\",\"inLanguage\":\"es-ES\",\"isPartOf\":{\"@id\":\"https:\\\/\\\/candas365.es\\\/noticias\\\/#website\"},\"breadcrumb\":{\"@id\":\"https:\\\/\\\/candas365.es\\\/noticias\\\/labores-de-limpieza-y-mantenimiento-de-las-areas-verdes-de-carreno\\\/#breadcrumblist\"},\"author\":{\"@id\":\"https:\\\/\\\/candas365.es\\\/noticias\\\/author\\\/admin\\\/#author\"},\"creator\":{\"@id\":\"https:\\\/\\\/candas365.es\\\/noticias\\\/author\\\/admin\\\/#author\"},\"image\":{\"@type\":\"ImageObject\",\"url\":\"https:\\\/\\\/candas365.es\\\/noticias\\\/wp-content\\\/uploads\\\/2017\\\/07\\\/MantenimientoFuentedelValleenPrevera.jpg\",\"@id\":\"https:\\\/\\\/candas365.es\\\/noticias\\\/labores-de-limpieza-y-mantenimiento-de-las-areas-verdes-de-carreno\\\/#mainImage\",\"width\":1280,\"height\":960},\"primaryImageOfPage\":{\"@id\":\"https:\\\/\\\/candas365.es\\\/noticias\\\/labores-de-limpieza-y-mantenimiento-de-las-areas-verdes-de-carreno\\\/#mainImage\"},\"datePublished\":\"2017-07-18T19:40:50+02:00\",\"dateModified\":\"2017-07-18T21:41:32+02:00\"},{\"@type\":\"WebSite\",\"@id\":\"https:\\\/\\\/candas365.es\\\/noticias\\\/#website\",\"url\":\"https:\\\/\\\/candas365.es\\\/noticias\\\/\",\"name\":\"Cand\\u00e1s 365\",\"alternateName\":\"Cand\\u00e1s 365 Noticias\",\"description\":\"Actualidad desde Carre\\u00f1o para el mundo\",\"inLanguage\":\"es-ES\",\"publisher\":{\"@id\":\"https:\\\/\\\/candas365.es\\\/noticias\\\/#organization\"}}]}\n\t\t<\/script>\n\t\t<!-- All in One SEO Pro -->\r\n\t\t<title>Labores de limpieza y mantenimiento de las \u00e1reas verdes de Carre\u00f1o | Cand\u00e1s 365<\/title>\n\n","aioseo_head_json":{"title":"Labores de limpieza y mantenimiento de las \u00e1reas verdes de Carre\u00f1o | Cand\u00e1s 365","description":"\u201cEn el marco del proyecto de formaci\u00f3n y empleo, enmarcado en el programa \u201cACT\u00cdVATE DLD\u201d, se procedi\u00f3 a la contrataci\u00f3n de 8 trabajadores\/as desempleados\/as de larga duraci\u00f3n, un monitor docente y una mentora coordinadora del proyecto. Al tratarse de un proyecto de Empleo \u2013 Formaci\u00f3n, las 8 personas seleccionadas como alumnado reciben una formaci\u00f3n profesional","canonical_url":"https:\/\/candas365.es\/noticias\/labores-de-limpieza-y-mantenimiento-de-las-areas-verdes-de-carreno\/","robots":"max-image-preview:large","keywords":"noticias carre\u00f1o","webmasterTools":{"google-site-verification":"UA-32230408-1","msvalidate.01":"354F3CDFB2DA171B47FBE9ABF1F88D5","miscellaneous":""},"schema":{"@context":"https:\/\/schema.org","@graph":[{"@type":"BreadcrumbList","@id":"https:\/\/candas365.es\/noticias\/labores-de-limpieza-y-mantenimiento-de-las-areas-verdes-de-carreno\/#breadcrumblist","itemListElement":[{"@type":"ListItem","@id":"https:\/\/candas365.es\/noticias#listItem","position":1,"name":"Home","item":"https:\/\/candas365.es\/noticias","nextItem":{"@type":"ListItem","@id":"https:\/\/candas365.es\/noticias\/category\/noticias-carreno\/#listItem","name":"Noticias Carre\u00f1o"}},{"@type":"ListItem","@id":"https:\/\/candas365.es\/noticias\/category\/noticias-carreno\/#listItem","position":2,"name":"Noticias Carre\u00f1o","item":"https:\/\/candas365.es\/noticias\/category\/noticias-carreno\/","nextItem":{"@type":"ListItem","@id":"https:\/\/candas365.es\/noticias\/labores-de-limpieza-y-mantenimiento-de-las-areas-verdes-de-carreno\/#listItem","name":"Labores de limpieza y mantenimiento de las \u00e1reas verdes de Carre\u00f1o"},"previousItem":{"@type":"ListItem","@id":"https:\/\/candas365.es\/noticias#listItem","name":"Home"}},{"@type":"ListItem","@id":"https:\/\/candas365.es\/noticias\/labores-de-limpieza-y-mantenimiento-de-las-areas-verdes-de-carreno\/#listItem","position":3,"name":"Labores de limpieza y mantenimiento de las \u00e1reas verdes de Carre\u00f1o","previousItem":{"@type":"ListItem","@id":"https:\/\/candas365.es\/noticias\/category\/noticias-carreno\/#listItem","name":"Noticias Carre\u00f1o"}}]},{"@type":"NewsArticle","@id":"https:\/\/candas365.es\/noticias\/labores-de-limpieza-y-mantenimiento-de-las-areas-verdes-de-carreno\/#newsarticle","name":"Labores de limpieza y mantenimiento de las \u00e1reas verdes de Carre\u00f1o | Cand\u00e1s 365","headline":"Labores de limpieza y mantenimiento de las \u00e1reas verdes de Carre\u00f1o","author":{"@id":"https:\/\/candas365.es\/noticias\/author\/admin\/#author"},"publisher":{"@id":"https:\/\/candas365.es\/noticias\/#organization"},"image":{"@type":"ImageObject","url":"https:\/\/candas365.es\/noticias\/wp-content\/uploads\/2017\/07\/MantenimientoFuentedelValleenPrevera.jpg","width":1280,"height":960},"datePublished":"2017-07-18T19:40:50+02:00","dateModified":"2017-07-18T21:41:32+02:00","inLanguage":"es-ES","mainEntityOfPage":{"@id":"https:\/\/candas365.es\/noticias\/labores-de-limpieza-y-mantenimiento-de-las-areas-verdes-de-carreno\/#webpage"},"isPartOf":{"@id":"https:\/\/candas365.es\/noticias\/labores-de-limpieza-y-mantenimiento-de-las-areas-verdes-de-carreno\/#webpage"},"articleSection":"Noticias Carre\u00f1o","dateline":"Publicado el julio 18, 2017."},{"@type":"Organization","@id":"https:\/\/candas365.es\/noticias\/#organization","name":"Cand\u00e1s 365","description":"Cand\u00e1s 365 es un diario digital independiente, fundado en 2012, con base en Asturias. Informamos con rigor sobre actualidad, sociedad, cultura y ocio, con una mirada local y global.","url":"https:\/\/candas365.es\/noticias\/","email":"info@candas365.es","telephone":"+34652131393","foundingDate":"2012-06-10","logo":{"@type":"ImageObject","url":"https:\/\/candas365.es\/noticias\/wp-content\/uploads\/2024\/09\/Candas-365-Redes.jpg","@id":"https:\/\/candas365.es\/noticias\/labores-de-limpieza-y-mantenimiento-de-las-areas-verdes-de-carreno\/#organizationLogo","width":1152,"height":864,"caption":"Cand\u00e1s 365 Redes"},"image":{"@id":"https:\/\/candas365.es\/noticias\/labores-de-limpieza-y-mantenimiento-de-las-areas-verdes-de-carreno\/#organizationLogo"},"sameAs":["https:\/\/www.facebook.com\/Nachofdezber","https:\/\/x.com\/NabercoDigital","https:\/\/www.instagram.com\/nachofdezber\/","https:\/\/www.youtube.com\/channel\/UCZP-2wLEB9Rv6erhFmqVnvg"],"address":{"@id":"https:\/\/candas365.es\/noticias\/#postaladdress","@type":"PostalAddress","streetAddress":"san antonio 4, san antonio 4","postalCode":"33430","addressLocality":"Cand\u00e1s","addressRegion":"Asturias","addressCountry":"ES"}},{"@type":"Person","@id":"https:\/\/candas365.es\/noticias\/author\/admin\/#author","url":"https:\/\/candas365.es\/noticias\/author\/admin\/","name":"Cand\u00e1s 365","image":{"@type":"ImageObject","@id":"https:\/\/candas365.es\/noticias\/labores-de-limpieza-y-mantenimiento-de-las-areas-verdes-de-carreno\/#authorImage","url":"https:\/\/secure.gravatar.com\/avatar\/496a8e03d0c493ede1718b7934145dbdf8d89be1036b0eec9544e1094c9de390?s=96&d=mm&r=g","width":96,"height":96,"caption":"Cand\u00e1s 365"},"sameAs":["https:\/\/www.facebook.com\/carrenoactualidad","https:\/\/twitter.com\/nbasturias","https:\/\/www.instagram.com\/nachofdezber\/","https:\/\/www.youtube.com\/channel\/UCZP-2wLEB9Rv6erhFmqVnvg"]},{"@type":"WebPage","@id":"https:\/\/candas365.es\/noticias\/labores-de-limpieza-y-mantenimiento-de-las-areas-verdes-de-carreno\/#webpage","url":"https:\/\/candas365.es\/noticias\/labores-de-limpieza-y-mantenimiento-de-las-areas-verdes-de-carreno\/","name":"Labores de limpieza y mantenimiento de las \u00e1reas verdes de Carre\u00f1o | Cand\u00e1s 365","description":"\u201cEn el marco del proyecto de formaci\u00f3n y empleo, enmarcado en el programa \u201cACT\u00cdVATE DLD\u201d, se procedi\u00f3 a la contrataci\u00f3n de 8 trabajadores\/as desempleados\/as de larga duraci\u00f3n, un monitor docente y una mentora coordinadora del proyecto. Al tratarse de un proyecto de Empleo \u2013 Formaci\u00f3n, las 8 personas seleccionadas como alumnado reciben una formaci\u00f3n profesional","inLanguage":"es-ES","isPartOf":{"@id":"https:\/\/candas365.es\/noticias\/#website"},"breadcrumb":{"@id":"https:\/\/candas365.es\/noticias\/labores-de-limpieza-y-mantenimiento-de-las-areas-verdes-de-carreno\/#breadcrumblist"},"author":{"@id":"https:\/\/candas365.es\/noticias\/author\/admin\/#author"},"creator":{"@id":"https:\/\/candas365.es\/noticias\/author\/admin\/#author"},"image":{"@type":"ImageObject","url":"https:\/\/candas365.es\/noticias\/wp-content\/uploads\/2017\/07\/MantenimientoFuentedelValleenPrevera.jpg","@id":"https:\/\/candas365.es\/noticias\/labores-de-limpieza-y-mantenimiento-de-las-areas-verdes-de-carreno\/#mainImage","width":1280,"height":960},"primaryImageOfPage":{"@id":"https:\/\/candas365.es\/noticias\/labores-de-limpieza-y-mantenimiento-de-las-areas-verdes-de-carreno\/#mainImage"},"datePublished":"2017-07-18T19:40:50+02:00","dateModified":"2017-07-18T21:41:32+02:00"},{"@type":"WebSite","@id":"https:\/\/candas365.es\/noticias\/#website","url":"https:\/\/candas365.es\/noticias\/","name":"Cand\u00e1s 365","alternateName":"Cand\u00e1s 365 Noticias","description":"Actualidad desde Carre\u00f1o para el mundo","inLanguage":"es-ES","publisher":{"@id":"https:\/\/candas365.es\/noticias\/#organization"}}]},"og:locale":"es_ES","og:site_name":"Cand\u00e1s 365","og:type":"article","og:title":"Labores de limpieza y mantenimiento de las \u00e1reas verdes de Carre\u00f1o | Cand\u00e1s 365","og:description":"\u201cEn el marco del proyecto de formaci\u00f3n y empleo, enmarcado en el programa \u201cACT\u00cdVATE DLD\u201d, se procedi\u00f3 a la contrataci\u00f3n de 8 trabajadores\/as desempleados\/as de larga duraci\u00f3n, un monitor docente y una mentora coordinadora del proyecto. Al tratarse de un proyecto de Empleo \u2013 Formaci\u00f3n, las 8 personas seleccionadas como alumnado reciben una formaci\u00f3n profesional","og:url":"https:\/\/candas365.es\/noticias\/labores-de-limpieza-y-mantenimiento-de-las-areas-verdes-de-carreno\/","og:image":"https:\/\/candas365.es\/noticias\/wp-content\/uploads\/2017\/07\/MantenimientoFuentedelValleenPrevera.jpg","og:image:secure_url":"https:\/\/candas365.es\/noticias\/wp-content\/uploads\/2017\/07\/MantenimientoFuentedelValleenPrevera.jpg","og:image:width":1280,"og:image:height":960,"article:published_time":"2017-07-18T19:40:50+00:00","article:modified_time":"2017-07-18T21:41:32+00:00","article:publisher":"https:\/\/www.facebook.com\/Nachofdezber","article:author":"https:\/\/www.facebook.com\/carrenoactualidad","twitter:card":"summary_large_image","twitter:site":"@NabercoDigital","twitter:title":"Labores de limpieza y mantenimiento de las \u00e1reas verdes de Carre\u00f1o | Cand\u00e1s 365","twitter:description":"\u201cEn el marco del proyecto de formaci\u00f3n y empleo, enmarcado en el programa \u201cACT\u00cdVATE DLD\u201d, se procedi\u00f3 a la contrataci\u00f3n de 8 trabajadores\/as desempleados\/as de larga duraci\u00f3n, un monitor docente y una mentora coordinadora del proyecto. Al tratarse de un proyecto de Empleo \u2013 Formaci\u00f3n, las 8 personas seleccionadas como alumnado reciben una formaci\u00f3n profesional","twitter:creator":"@nbasturias","twitter:image":"https:\/\/candas365.es\/noticias\/wp-content\/uploads\/2017\/07\/MantenimientoFuentedelValleenPrevera.jpg","twitter:label1":"Escrito por","twitter:data1":"Cand\u00e1s 365","twitter:label2":"Tiempo de lectura estimado","twitter:data2":"4 minutos"},"aioseo_meta_data":{"post_id":"75929","title":null,"description":null,"keywords":null,"keyphrases":null,"primary_term":null,"canonical_url":null,"og_title":null,"og_description":null,"og_object_type":"default","og_image_type":"default","og_image_url":null,"og_image_width":null,"og_image_height":null,"og_image_custom_url":null,"og_image_custom_fields":null,"og_video":null,"og_custom_url":null,"og_article_section":null,"og_article_tags":null,"twitter_use_og":false,"twitter_card":"default","twitter_image_type":"default","twitter_image_url":null,"twitter_image_custom_url":null,"twitter_image_custom_fields":null,"twitter_title":null,"twitter_description":null,"schema":{"blockGraphs":[],"customGraphs":[],"default":{"data":{"Article":[],"Course":[],"Dataset":[],"FAQPage":[],"Movie":[],"Person":[],"Product":[],"ProductReview":[],"Car":[],"Recipe":[],"Service":[],"SoftwareApplication":[],"WebPage":[]},"graphName":"","isEnabled":true},"graphs":[],"defaultGraph":"","defaultPostTypeGraph":""},"schema_type":null,"schema_type_options":null,"pillar_content":false,"robots_default":true,"robots_noindex":false,"robots_noarchive":false,"robots_nosnippet":false,"robots_nofollow":false,"robots_noimageindex":false,"robots_noodp":false,"robots_notranslate":false,"robots_max_snippet":null,"robots_max_videopreview":null,"robots_max_imagepreview":"large","priority":null,"frequency":null,"location":null,"local_seo":null,"seo_analyzer_scan_date":"2025-08-25 18:42:23","breadcrumb_settings":null,"limit_modified_date":false,"reviewed_by":null,"open_ai":null,"ai":null,"created":"2020-12-21 12:56:22","updated":"2025-08-25 18:42:23"},"aioseo_breadcrumb":"<div class=\"aioseo-breadcrumbs\"><span class=\"aioseo-breadcrumb\">\n\t<a href=\"https:\/\/candas365.es\/noticias\" title=\"Home\">Home<\/a>\n<\/span><span class=\"aioseo-breadcrumb-separator\">&ndash;<\/span><span class=\"aioseo-breadcrumb\">\n\t<a href=\"https:\/\/candas365.es\/noticias\/category\/noticias-carreno\/\" title=\"Noticias Carre\u00f1o\">Noticias Carre\u00f1o<\/a>\n<\/span><span class=\"aioseo-breadcrumb-separator\">&ndash;<\/span><span class=\"aioseo-breadcrumb\">\n\tLabores de limpieza y mantenimiento de las \u00e1reas verdes de Carre\u00f1o\n<\/span><\/div>","aioseo_breadcrumb_json":[{"label":"Home","link":"https:\/\/candas365.es\/noticias"},{"label":"Noticias Carre\u00f1o","link":"https:\/\/candas365.es\/noticias\/category\/noticias-carreno\/"},{"label":"Labores de limpieza y mantenimiento de las \u00e1reas verdes de Carre\u00f1o","link":"https:\/\/candas365.es\/noticias\/labores-de-limpieza-y-mantenimiento-de-las-areas-verdes-de-carreno\/"}],"_links":{"self":[{"href":"https:\/\/candas365.es\/noticias\/wp-json\/wp\/v2\/posts\/75929","targetHints":{"allow":["GET"]}}],"collection":[{"href":"https:\/\/candas365.es\/noticias\/wp-json\/wp\/v2\/posts"}],"about":[{"href":"https:\/\/candas365.es\/noticias\/wp-json\/wp\/v2\/types\/post"}],"author":[{"embeddable":true,"href":"https:\/\/candas365.es\/noticias\/wp-json\/wp\/v2\/users\/1"}],"replies":[{"embeddable":true,"href":"https:\/\/candas365.es\/noticias\/wp-json\/wp\/v2\/comments?post=75929"}],"version-history":[{"count":0,"href":"https:\/\/candas365.es\/noticias\/wp-json\/wp\/v2\/posts\/75929\/revisions"}],"wp:featuredmedia":[{"embeddable":true,"href":"https:\/\/candas365.es\/noticias\/wp-json\/wp\/v2\/media\/75930"}],"wp:attachment":[{"href":"https:\/\/candas365.es\/noticias\/wp-json\/wp\/v2\/media?parent=75929"}],"wp:term":[{"taxonomy":"category","embeddable":true,"href":"https:\/\/candas365.es\/noticias\/wp-json\/wp\/v2\/categories?post=75929"},{"taxonomy":"post_tag","embeddable":true,"href":"https:\/\/candas365.es\/noticias\/wp-json\/wp\/v2\/tags?post=75929"}],"curies":[{"name":"wp","href":"https:\/\/api.w.org\/{rel}","templated":true}]}}