{"id":75919,"date":"2017-07-18T18:13:38","date_gmt":"2017-07-18T18:13:38","guid":{"rendered":"http:\/\/candas365.es\/noticias\/?p=75919"},"modified":"2017-07-18T18:13:38","modified_gmt":"2017-07-18T18:13:38","slug":"quedada-nacional-de-profesionales-del-autocar-y-el-autobus-en-candas","status":"publish","type":"post","link":"https:\/\/candas365.es\/noticias\/quedada-nacional-de-profesionales-del-autocar-y-el-autobus-en-candas\/","title":{"rendered":"\u00abQuedada nacional\u00bb de profesionales del autocar y el autob\u00fas en Cand\u00e1s"},"content":{"rendered":"<p><img fetchpriority=\"high\" decoding=\"async\" class=\"alignleft size-medium wp-image-75920\" src=\"https:\/\/candas365.es\/noticias\/wp-content\/uploads\/2017\/07\/bus-1678945_960_720-360x240.jpg\" alt=\"\" width=\"360\" height=\"240\" srcset=\"https:\/\/candas365.es\/noticias\/wp-content\/uploads\/2017\/07\/bus-1678945_960_720-360x240.jpg 360w, https:\/\/candas365.es\/noticias\/wp-content\/uploads\/2017\/07\/bus-1678945_960_720-768x512.jpg 768w, https:\/\/candas365.es\/noticias\/wp-content\/uploads\/2017\/07\/bus-1678945_960_720-655x437.jpg 655w, https:\/\/candas365.es\/noticias\/wp-content\/uploads\/2017\/07\/bus-1678945_960_720-696x464.jpg 696w, https:\/\/candas365.es\/noticias\/wp-content\/uploads\/2017\/07\/bus-1678945_960_720-630x420.jpg 630w, https:\/\/candas365.es\/noticias\/wp-content\/uploads\/2017\/07\/bus-1678945_960_720-84x55.jpg 84w, https:\/\/candas365.es\/noticias\/wp-content\/uploads\/2017\/07\/bus-1678945_960_720.jpg 960w\" sizes=\"(max-width: 360px) 100vw, 360px\" \/>La villa marinera acoger\u00e1, este fin de semana, una \u00bb Quedada nacional\u00bb de profesionales del autocar y el autob\u00fas.<\/p>\n<p>Casi un centenar de profesionales de toda Espa\u00f1a se dar\u00e1n cita este fin de semana en Cand\u00e1s para celebrar el segundo encuentro presencial del colectivo en una iniciativa que surje inicialmente en las redes sociales. El primer encuentro fue en Vigo.<\/p>\n<p>\u201cBuseros, S.L. &amp; y CIA es el nombre de un grupo de Facebook creado hace menos de un a\u00f1o por profesionales del transporte deseosos de contactar con compa\u00f1eros y compa\u00f1eras de trabajo superando los l\u00edmites de las fronteras y los idiomas. Este incipiente grupo de Facebook cuenta, en estos momentos, con unos 337 integrantes. Desde \u00e9l, su equipo de coordinaci\u00f3n, contact\u00f3 con el \u00e1rea de Turismo municipal. Nos trasladaron su intenci\u00f3n de celebrar el encuentro anual y r\u00e1pidamente les elaboramos una propuesta de paquete tur\u00edstico de estancia y actividades en nuestro concejo\u00bb- explic\u00f3 la concejala de Turismo.<\/p>\n<p>\u00bb La vida de los y las profesionales del transporte transcurre buena parte del tiempo ante un gran volante y cada a\u00f1o conducen a muchas personas a su destino, pero no son gu\u00edas espirituales precisamente, sino conductores y conductoras de autobuses y autocares. Trabajan en el transporte urbano y en el transporte discrecional de pasajeros\/as. Este a\u00f1o, nos han elegido como destino de su descanso y ocio lo cu\u00e1l es motivo de satisfaci\u00f3n para nuestro municipio por el impacto que genera en la econom\u00eda local . Casi un centenar de ellos y ellas se dar\u00e1n cita este fin de semana en Cand\u00e1s para celebrar un original encuentro. Esa primera intenci\u00f3n de encontrarse presencialmente, conocer nuestro territorio, disfrutar de la gastronom\u00eda y actividades la concretamos en una oferta de calidad que aceptaron\u00bb- explic\u00f3 Paula Cuervo, edil de Turismo.<\/p>\n<p>\u201c Cand\u00e1s, es el destino tur\u00edstico elegido para su segunda quedada. Disfrutar\u00e1n de la feria de la conserva, las jornadas gastron\u00f3micas y el festival de bandas de gaitas, entre otras cuestiones. El s\u00e1bado d\u00eda 22 de Julio a las 19 horas en el Centro Polivalente \u201cBaraga\u00f1a\u201d de Cand\u00e1s les recibir\u00e1 la Alcaldesa. trav\u00e9s, de las redes mantienen contactos entre s\u00ed profesionales de toda Espa\u00f1a (Madrid, Coru\u00f1a, Barcelona, Bilbao, etc). Para este encuentro en Carre\u00f1o, el colectivo internauta design\u00f3 un equipo de coordinaci\u00f3n. Dicho equipo lo integran 7 profesionales de Asturias: Beatriz J.F, Susana Garc\u00eda, Alberto Urbano, Noelia Fern\u00e1ndez, Silvia Casta\u00f1o, Bel\u00e9n Garc\u00eda y Triki. Con dicha coordinacion hemos venido trabajando para ultimar su estancia en Carre\u00f1o\u00bb &#8211; concluy\u00f3 la edil.<\/p>\n<p>&nbsp;<\/p>\n","protected":false},"excerpt":{"rendered":"<p>La villa marinera acoger\u00e1, este fin de semana, una \u00bb Quedada nacional\u00bb de profesionales del autocar y el autob\u00fas. Casi un centenar de profesionales de toda Espa\u00f1a se dar\u00e1n cita este fin de semana en Cand\u00e1s para celebrar el segundo encuentro presencial del colectivo en una iniciativa que surje inicialmente en las redes sociales. El<\/p>\n","protected":false},"author":1,"featured_media":75920,"comment_status":"closed","ping_status":"closed","sticky":false,"template":"","format":"standard","meta":{"footnotes":""},"categories":[2],"tags":[],"class_list":{"0":"post-75919","1":"post","2":"type-post","3":"status-publish","4":"format-standard","5":"has-post-thumbnail","7":"category-noticias-carreno"},"aioseo_notices":[],"aioseo_head":"\n\t\t<!-- All in One SEO Pro 4.9.6.2 - aioseo.com -->\n\t<meta name=\"description\" content=\"La villa marinera acoger\u00e1, este fin de semana, una &quot; Quedada nacional&quot; de profesionales del autocar y el autob\u00fas. Casi un centenar de profesionales de toda Espa\u00f1a se dar\u00e1n cita este fin de semana en Cand\u00e1s para celebrar el segundo encuentro presencial del colectivo en una iniciativa que surje inicialmente en las redes sociales. El\" \/>\n\t<meta name=\"robots\" content=\"max-image-preview:large\" \/>\n\t<meta name=\"author\" content=\"Cand\u00e1s 365\"\/>\n\t<meta name=\"google-site-verification\" content=\"UA-32230408-1\" \/>\n\t<meta name=\"msvalidate.01\" content=\"354F3CDFB2DA171B47FBE9ABF1F88D5\" \/>\n\t<meta name=\"keywords\" content=\"noticias carre\u00f1o\" \/>\n\t<link rel=\"canonical\" href=\"https:\/\/candas365.es\/noticias\/quedada-nacional-de-profesionales-del-autocar-y-el-autobus-en-candas\/\" \/>\n\t<meta name=\"generator\" content=\"All in One SEO Pro (AIOSEO) 4.9.6.2\" \/>\n\t\t<meta property=\"og:locale\" content=\"es_ES\" \/>\n\t\t<meta property=\"og:site_name\" content=\"Cand\u00e1s 365\" \/>\n\t\t<meta property=\"og:type\" content=\"article\" \/>\n\t\t<meta property=\"og:title\" content=\"\u00abQuedada nacional\u00bb de profesionales del autocar y el autob\u00fas en Cand\u00e1s | Cand\u00e1s 365\" \/>\n\t\t<meta property=\"og:description\" content=\"La villa marinera acoger\u00e1, este fin de semana, una &quot; Quedada nacional&quot; de profesionales del autocar y el autob\u00fas. Casi un centenar de profesionales de toda Espa\u00f1a se dar\u00e1n cita este fin de semana en Cand\u00e1s para celebrar el segundo encuentro presencial del colectivo en una iniciativa que surje inicialmente en las redes sociales. El\" \/>\n\t\t<meta property=\"og:url\" content=\"https:\/\/candas365.es\/noticias\/quedada-nacional-de-profesionales-del-autocar-y-el-autobus-en-candas\/\" \/>\n\t\t<meta property=\"og:image\" content=\"https:\/\/candas365.es\/noticias\/wp-content\/uploads\/2017\/07\/bus-1678945_960_720.jpg\" \/>\n\t\t<meta property=\"og:image:secure_url\" content=\"https:\/\/candas365.es\/noticias\/wp-content\/uploads\/2017\/07\/bus-1678945_960_720.jpg\" \/>\n\t\t<meta property=\"og:image:width\" content=\"960\" \/>\n\t\t<meta property=\"og:image:height\" content=\"640\" \/>\n\t\t<meta property=\"article:published_time\" content=\"2017-07-18T18:13:38+00:00\" \/>\n\t\t<meta property=\"article:modified_time\" content=\"2017-07-18T18:13:38+00:00\" \/>\n\t\t<meta property=\"article:publisher\" content=\"https:\/\/www.facebook.com\/Nachofdezber\" \/>\n\t\t<meta property=\"article:author\" content=\"https:\/\/www.facebook.com\/carrenoactualidad\" \/>\n\t\t<meta name=\"twitter:card\" content=\"summary_large_image\" \/>\n\t\t<meta name=\"twitter:site\" content=\"@NabercoDigital\" \/>\n\t\t<meta name=\"twitter:title\" content=\"\u00abQuedada nacional\u00bb de profesionales del autocar y el autob\u00fas en Cand\u00e1s | Cand\u00e1s 365\" \/>\n\t\t<meta name=\"twitter:description\" content=\"La villa marinera acoger\u00e1, este fin de semana, una &quot; Quedada nacional&quot; de profesionales del autocar y el autob\u00fas. Casi un centenar de profesionales de toda Espa\u00f1a se dar\u00e1n cita este fin de semana en Cand\u00e1s para celebrar el segundo encuentro presencial del colectivo en una iniciativa que surje inicialmente en las redes sociales. El\" \/>\n\t\t<meta name=\"twitter:creator\" content=\"@nbasturias\" \/>\n\t\t<meta name=\"twitter:image\" content=\"https:\/\/candas365.es\/noticias\/wp-content\/uploads\/2017\/07\/bus-1678945_960_720.jpg\" \/>\n\t\t<meta name=\"twitter:label1\" content=\"Escrito por\" \/>\n\t\t<meta name=\"twitter:data1\" content=\"Cand\u00e1s 365\" \/>\n\t\t<meta name=\"twitter:label2\" content=\"Tiempo de lectura estimado\" \/>\n\t\t<meta name=\"twitter:data2\" content=\"2 minutos\" \/>\n\t\t<script type=\"application\/ld+json\" class=\"aioseo-schema\">\n\t\t\t{\"@context\":\"https:\\\/\\\/schema.org\",\"@graph\":[{\"@type\":\"BreadcrumbList\",\"@id\":\"https:\\\/\\\/candas365.es\\\/noticias\\\/quedada-nacional-de-profesionales-del-autocar-y-el-autobus-en-candas\\\/#breadcrumblist\",\"itemListElement\":[{\"@type\":\"ListItem\",\"@id\":\"https:\\\/\\\/candas365.es\\\/noticias#listItem\",\"position\":1,\"name\":\"Home\",\"item\":\"https:\\\/\\\/candas365.es\\\/noticias\",\"nextItem\":{\"@type\":\"ListItem\",\"@id\":\"https:\\\/\\\/candas365.es\\\/noticias\\\/category\\\/noticias-carreno\\\/#listItem\",\"name\":\"Noticias Carre\\u00f1o\"}},{\"@type\":\"ListItem\",\"@id\":\"https:\\\/\\\/candas365.es\\\/noticias\\\/category\\\/noticias-carreno\\\/#listItem\",\"position\":2,\"name\":\"Noticias Carre\\u00f1o\",\"item\":\"https:\\\/\\\/candas365.es\\\/noticias\\\/category\\\/noticias-carreno\\\/\",\"nextItem\":{\"@type\":\"ListItem\",\"@id\":\"https:\\\/\\\/candas365.es\\\/noticias\\\/quedada-nacional-de-profesionales-del-autocar-y-el-autobus-en-candas\\\/#listItem\",\"name\":\"\\u00abQuedada nacional\\u00bb de profesionales del autocar y el autob\\u00fas en Cand\\u00e1s\"},\"previousItem\":{\"@type\":\"ListItem\",\"@id\":\"https:\\\/\\\/candas365.es\\\/noticias#listItem\",\"name\":\"Home\"}},{\"@type\":\"ListItem\",\"@id\":\"https:\\\/\\\/candas365.es\\\/noticias\\\/quedada-nacional-de-profesionales-del-autocar-y-el-autobus-en-candas\\\/#listItem\",\"position\":3,\"name\":\"\\u00abQuedada nacional\\u00bb de profesionales del autocar y el autob\\u00fas en Cand\\u00e1s\",\"previousItem\":{\"@type\":\"ListItem\",\"@id\":\"https:\\\/\\\/candas365.es\\\/noticias\\\/category\\\/noticias-carreno\\\/#listItem\",\"name\":\"Noticias Carre\\u00f1o\"}}]},{\"@type\":\"NewsArticle\",\"@id\":\"https:\\\/\\\/candas365.es\\\/noticias\\\/quedada-nacional-de-profesionales-del-autocar-y-el-autobus-en-candas\\\/#newsarticle\",\"name\":\"\\u00abQuedada nacional\\u00bb de profesionales del autocar y el autob\\u00fas en Cand\\u00e1s | Cand\\u00e1s 365\",\"headline\":\"\\u00abQuedada nacional\\u00bb de profesionales del autocar y el autob\\u00fas en Cand\\u00e1s\",\"author\":{\"@id\":\"https:\\\/\\\/candas365.es\\\/noticias\\\/author\\\/admin\\\/#author\"},\"publisher\":{\"@id\":\"https:\\\/\\\/candas365.es\\\/noticias\\\/#organization\"},\"image\":{\"@type\":\"ImageObject\",\"url\":\"https:\\\/\\\/candas365.es\\\/noticias\\\/wp-content\\\/uploads\\\/2017\\\/07\\\/bus-1678945_960_720.jpg\",\"width\":960,\"height\":640},\"datePublished\":\"2017-07-18T18:13:38+02:00\",\"dateModified\":\"2017-07-18T18:13:38+02:00\",\"inLanguage\":\"es-ES\",\"mainEntityOfPage\":{\"@id\":\"https:\\\/\\\/candas365.es\\\/noticias\\\/quedada-nacional-de-profesionales-del-autocar-y-el-autobus-en-candas\\\/#webpage\"},\"isPartOf\":{\"@id\":\"https:\\\/\\\/candas365.es\\\/noticias\\\/quedada-nacional-de-profesionales-del-autocar-y-el-autobus-en-candas\\\/#webpage\"},\"articleSection\":\"Noticias Carre\\u00f1o\",\"dateline\":\"Publicado el julio 18, 2017.\"},{\"@type\":\"Organization\",\"@id\":\"https:\\\/\\\/candas365.es\\\/noticias\\\/#organization\",\"name\":\"Cand\\u00e1s 365\",\"description\":\"Cand\\u00e1s 365 es un diario digital independiente, fundado en 2012, con base en Asturias. Informamos con rigor sobre actualidad, sociedad, cultura y ocio, con una mirada local y global.\",\"url\":\"https:\\\/\\\/candas365.es\\\/noticias\\\/\",\"email\":\"info@candas365.es\",\"telephone\":\"+34652131393\",\"foundingDate\":\"2012-06-10\",\"logo\":{\"@type\":\"ImageObject\",\"url\":\"https:\\\/\\\/candas365.es\\\/noticias\\\/wp-content\\\/uploads\\\/2024\\\/09\\\/Candas-365-Redes.jpg\",\"@id\":\"https:\\\/\\\/candas365.es\\\/noticias\\\/quedada-nacional-de-profesionales-del-autocar-y-el-autobus-en-candas\\\/#organizationLogo\",\"width\":1152,\"height\":864,\"caption\":\"Cand\\u00e1s 365 Redes\"},\"image\":{\"@id\":\"https:\\\/\\\/candas365.es\\\/noticias\\\/quedada-nacional-de-profesionales-del-autocar-y-el-autobus-en-candas\\\/#organizationLogo\"},\"sameAs\":[\"https:\\\/\\\/www.facebook.com\\\/Nachofdezber\",\"https:\\\/\\\/x.com\\\/NabercoDigital\",\"https:\\\/\\\/www.instagram.com\\\/nachofdezber\\\/\",\"https:\\\/\\\/www.youtube.com\\\/channel\\\/UCZP-2wLEB9Rv6erhFmqVnvg\"],\"address\":{\"@id\":\"https:\\\/\\\/candas365.es\\\/noticias\\\/#postaladdress\",\"@type\":\"PostalAddress\",\"streetAddress\":\"san antonio 4, san antonio 4\",\"postalCode\":\"33430\",\"addressLocality\":\"Cand\\u00e1s\",\"addressRegion\":\"Asturias\",\"addressCountry\":\"ES\"}},{\"@type\":\"Person\",\"@id\":\"https:\\\/\\\/candas365.es\\\/noticias\\\/author\\\/admin\\\/#author\",\"url\":\"https:\\\/\\\/candas365.es\\\/noticias\\\/author\\\/admin\\\/\",\"name\":\"Cand\\u00e1s 365\",\"image\":{\"@type\":\"ImageObject\",\"@id\":\"https:\\\/\\\/candas365.es\\\/noticias\\\/quedada-nacional-de-profesionales-del-autocar-y-el-autobus-en-candas\\\/#authorImage\",\"url\":\"https:\\\/\\\/secure.gravatar.com\\\/avatar\\\/496a8e03d0c493ede1718b7934145dbdf8d89be1036b0eec9544e1094c9de390?s=96&d=mm&r=g\",\"width\":96,\"height\":96,\"caption\":\"Cand\\u00e1s 365\"},\"sameAs\":[\"https:\\\/\\\/www.facebook.com\\\/carrenoactualidad\",\"https:\\\/\\\/twitter.com\\\/nbasturias\",\"https:\\\/\\\/www.instagram.com\\\/nachofdezber\\\/\",\"https:\\\/\\\/www.youtube.com\\\/channel\\\/UCZP-2wLEB9Rv6erhFmqVnvg\"]},{\"@type\":\"WebPage\",\"@id\":\"https:\\\/\\\/candas365.es\\\/noticias\\\/quedada-nacional-de-profesionales-del-autocar-y-el-autobus-en-candas\\\/#webpage\",\"url\":\"https:\\\/\\\/candas365.es\\\/noticias\\\/quedada-nacional-de-profesionales-del-autocar-y-el-autobus-en-candas\\\/\",\"name\":\"\\u00abQuedada nacional\\u00bb de profesionales del autocar y el autob\\u00fas en Cand\\u00e1s | Cand\\u00e1s 365\",\"description\":\"La villa marinera acoger\\u00e1, este fin de semana, una \\\" Quedada nacional\\\" de profesionales del autocar y el autob\\u00fas. Casi un centenar de profesionales de toda Espa\\u00f1a se dar\\u00e1n cita este fin de semana en Cand\\u00e1s para celebrar el segundo encuentro presencial del colectivo en una iniciativa que surje inicialmente en las redes sociales. El\",\"inLanguage\":\"es-ES\",\"isPartOf\":{\"@id\":\"https:\\\/\\\/candas365.es\\\/noticias\\\/#website\"},\"breadcrumb\":{\"@id\":\"https:\\\/\\\/candas365.es\\\/noticias\\\/quedada-nacional-de-profesionales-del-autocar-y-el-autobus-en-candas\\\/#breadcrumblist\"},\"author\":{\"@id\":\"https:\\\/\\\/candas365.es\\\/noticias\\\/author\\\/admin\\\/#author\"},\"creator\":{\"@id\":\"https:\\\/\\\/candas365.es\\\/noticias\\\/author\\\/admin\\\/#author\"},\"image\":{\"@type\":\"ImageObject\",\"url\":\"https:\\\/\\\/candas365.es\\\/noticias\\\/wp-content\\\/uploads\\\/2017\\\/07\\\/bus-1678945_960_720.jpg\",\"@id\":\"https:\\\/\\\/candas365.es\\\/noticias\\\/quedada-nacional-de-profesionales-del-autocar-y-el-autobus-en-candas\\\/#mainImage\",\"width\":960,\"height\":640},\"primaryImageOfPage\":{\"@id\":\"https:\\\/\\\/candas365.es\\\/noticias\\\/quedada-nacional-de-profesionales-del-autocar-y-el-autobus-en-candas\\\/#mainImage\"},\"datePublished\":\"2017-07-18T18:13:38+02:00\",\"dateModified\":\"2017-07-18T18:13:38+02:00\"},{\"@type\":\"WebSite\",\"@id\":\"https:\\\/\\\/candas365.es\\\/noticias\\\/#website\",\"url\":\"https:\\\/\\\/candas365.es\\\/noticias\\\/\",\"name\":\"Cand\\u00e1s 365\",\"alternateName\":\"Cand\\u00e1s 365 Noticias\",\"description\":\"Actualidad desde Carre\\u00f1o para el mundo\",\"inLanguage\":\"es-ES\",\"publisher\":{\"@id\":\"https:\\\/\\\/candas365.es\\\/noticias\\\/#organization\"}}]}\n\t\t<\/script>\n\t\t<!-- All in One SEO Pro -->\r\n\t\t<title>\u00abQuedada nacional\u00bb de profesionales del autocar y el autob\u00fas en Cand\u00e1s | Cand\u00e1s 365<\/title>\n\n","aioseo_head_json":{"title":"\u00abQuedada nacional\u00bb de profesionales del autocar y el autob\u00fas en Cand\u00e1s | Cand\u00e1s 365","description":"La villa marinera acoger\u00e1, este fin de semana, una \" Quedada nacional\" de profesionales del autocar y el autob\u00fas. Casi un centenar de profesionales de toda Espa\u00f1a se dar\u00e1n cita este fin de semana en Cand\u00e1s para celebrar el segundo encuentro presencial del colectivo en una iniciativa que surje inicialmente en las redes sociales. El","canonical_url":"https:\/\/candas365.es\/noticias\/quedada-nacional-de-profesionales-del-autocar-y-el-autobus-en-candas\/","robots":"max-image-preview:large","keywords":"noticias carre\u00f1o","webmasterTools":{"google-site-verification":"UA-32230408-1","msvalidate.01":"354F3CDFB2DA171B47FBE9ABF1F88D5","miscellaneous":""},"schema":{"@context":"https:\/\/schema.org","@graph":[{"@type":"BreadcrumbList","@id":"https:\/\/candas365.es\/noticias\/quedada-nacional-de-profesionales-del-autocar-y-el-autobus-en-candas\/#breadcrumblist","itemListElement":[{"@type":"ListItem","@id":"https:\/\/candas365.es\/noticias#listItem","position":1,"name":"Home","item":"https:\/\/candas365.es\/noticias","nextItem":{"@type":"ListItem","@id":"https:\/\/candas365.es\/noticias\/category\/noticias-carreno\/#listItem","name":"Noticias Carre\u00f1o"}},{"@type":"ListItem","@id":"https:\/\/candas365.es\/noticias\/category\/noticias-carreno\/#listItem","position":2,"name":"Noticias Carre\u00f1o","item":"https:\/\/candas365.es\/noticias\/category\/noticias-carreno\/","nextItem":{"@type":"ListItem","@id":"https:\/\/candas365.es\/noticias\/quedada-nacional-de-profesionales-del-autocar-y-el-autobus-en-candas\/#listItem","name":"\u00abQuedada nacional\u00bb de profesionales del autocar y el autob\u00fas en Cand\u00e1s"},"previousItem":{"@type":"ListItem","@id":"https:\/\/candas365.es\/noticias#listItem","name":"Home"}},{"@type":"ListItem","@id":"https:\/\/candas365.es\/noticias\/quedada-nacional-de-profesionales-del-autocar-y-el-autobus-en-candas\/#listItem","position":3,"name":"\u00abQuedada nacional\u00bb de profesionales del autocar y el autob\u00fas en Cand\u00e1s","previousItem":{"@type":"ListItem","@id":"https:\/\/candas365.es\/noticias\/category\/noticias-carreno\/#listItem","name":"Noticias Carre\u00f1o"}}]},{"@type":"NewsArticle","@id":"https:\/\/candas365.es\/noticias\/quedada-nacional-de-profesionales-del-autocar-y-el-autobus-en-candas\/#newsarticle","name":"\u00abQuedada nacional\u00bb de profesionales del autocar y el autob\u00fas en Cand\u00e1s | Cand\u00e1s 365","headline":"\u00abQuedada nacional\u00bb de profesionales del autocar y el autob\u00fas en Cand\u00e1s","author":{"@id":"https:\/\/candas365.es\/noticias\/author\/admin\/#author"},"publisher":{"@id":"https:\/\/candas365.es\/noticias\/#organization"},"image":{"@type":"ImageObject","url":"https:\/\/candas365.es\/noticias\/wp-content\/uploads\/2017\/07\/bus-1678945_960_720.jpg","width":960,"height":640},"datePublished":"2017-07-18T18:13:38+02:00","dateModified":"2017-07-18T18:13:38+02:00","inLanguage":"es-ES","mainEntityOfPage":{"@id":"https:\/\/candas365.es\/noticias\/quedada-nacional-de-profesionales-del-autocar-y-el-autobus-en-candas\/#webpage"},"isPartOf":{"@id":"https:\/\/candas365.es\/noticias\/quedada-nacional-de-profesionales-del-autocar-y-el-autobus-en-candas\/#webpage"},"articleSection":"Noticias Carre\u00f1o","dateline":"Publicado el julio 18, 2017."},{"@type":"Organization","@id":"https:\/\/candas365.es\/noticias\/#organization","name":"Cand\u00e1s 365","description":"Cand\u00e1s 365 es un diario digital independiente, fundado en 2012, con base en Asturias. Informamos con rigor sobre actualidad, sociedad, cultura y ocio, con una mirada local y global.","url":"https:\/\/candas365.es\/noticias\/","email":"info@candas365.es","telephone":"+34652131393","foundingDate":"2012-06-10","logo":{"@type":"ImageObject","url":"https:\/\/candas365.es\/noticias\/wp-content\/uploads\/2024\/09\/Candas-365-Redes.jpg","@id":"https:\/\/candas365.es\/noticias\/quedada-nacional-de-profesionales-del-autocar-y-el-autobus-en-candas\/#organizationLogo","width":1152,"height":864,"caption":"Cand\u00e1s 365 Redes"},"image":{"@id":"https:\/\/candas365.es\/noticias\/quedada-nacional-de-profesionales-del-autocar-y-el-autobus-en-candas\/#organizationLogo"},"sameAs":["https:\/\/www.facebook.com\/Nachofdezber","https:\/\/x.com\/NabercoDigital","https:\/\/www.instagram.com\/nachofdezber\/","https:\/\/www.youtube.com\/channel\/UCZP-2wLEB9Rv6erhFmqVnvg"],"address":{"@id":"https:\/\/candas365.es\/noticias\/#postaladdress","@type":"PostalAddress","streetAddress":"san antonio 4, san antonio 4","postalCode":"33430","addressLocality":"Cand\u00e1s","addressRegion":"Asturias","addressCountry":"ES"}},{"@type":"Person","@id":"https:\/\/candas365.es\/noticias\/author\/admin\/#author","url":"https:\/\/candas365.es\/noticias\/author\/admin\/","name":"Cand\u00e1s 365","image":{"@type":"ImageObject","@id":"https:\/\/candas365.es\/noticias\/quedada-nacional-de-profesionales-del-autocar-y-el-autobus-en-candas\/#authorImage","url":"https:\/\/secure.gravatar.com\/avatar\/496a8e03d0c493ede1718b7934145dbdf8d89be1036b0eec9544e1094c9de390?s=96&d=mm&r=g","width":96,"height":96,"caption":"Cand\u00e1s 365"},"sameAs":["https:\/\/www.facebook.com\/carrenoactualidad","https:\/\/twitter.com\/nbasturias","https:\/\/www.instagram.com\/nachofdezber\/","https:\/\/www.youtube.com\/channel\/UCZP-2wLEB9Rv6erhFmqVnvg"]},{"@type":"WebPage","@id":"https:\/\/candas365.es\/noticias\/quedada-nacional-de-profesionales-del-autocar-y-el-autobus-en-candas\/#webpage","url":"https:\/\/candas365.es\/noticias\/quedada-nacional-de-profesionales-del-autocar-y-el-autobus-en-candas\/","name":"\u00abQuedada nacional\u00bb de profesionales del autocar y el autob\u00fas en Cand\u00e1s | Cand\u00e1s 365","description":"La villa marinera acoger\u00e1, este fin de semana, una \" Quedada nacional\" de profesionales del autocar y el autob\u00fas. Casi un centenar de profesionales de toda Espa\u00f1a se dar\u00e1n cita este fin de semana en Cand\u00e1s para celebrar el segundo encuentro presencial del colectivo en una iniciativa que surje inicialmente en las redes sociales. El","inLanguage":"es-ES","isPartOf":{"@id":"https:\/\/candas365.es\/noticias\/#website"},"breadcrumb":{"@id":"https:\/\/candas365.es\/noticias\/quedada-nacional-de-profesionales-del-autocar-y-el-autobus-en-candas\/#breadcrumblist"},"author":{"@id":"https:\/\/candas365.es\/noticias\/author\/admin\/#author"},"creator":{"@id":"https:\/\/candas365.es\/noticias\/author\/admin\/#author"},"image":{"@type":"ImageObject","url":"https:\/\/candas365.es\/noticias\/wp-content\/uploads\/2017\/07\/bus-1678945_960_720.jpg","@id":"https:\/\/candas365.es\/noticias\/quedada-nacional-de-profesionales-del-autocar-y-el-autobus-en-candas\/#mainImage","width":960,"height":640},"primaryImageOfPage":{"@id":"https:\/\/candas365.es\/noticias\/quedada-nacional-de-profesionales-del-autocar-y-el-autobus-en-candas\/#mainImage"},"datePublished":"2017-07-18T18:13:38+02:00","dateModified":"2017-07-18T18:13:38+02:00"},{"@type":"WebSite","@id":"https:\/\/candas365.es\/noticias\/#website","url":"https:\/\/candas365.es\/noticias\/","name":"Cand\u00e1s 365","alternateName":"Cand\u00e1s 365 Noticias","description":"Actualidad desde Carre\u00f1o para el mundo","inLanguage":"es-ES","publisher":{"@id":"https:\/\/candas365.es\/noticias\/#organization"}}]},"og:locale":"es_ES","og:site_name":"Cand\u00e1s 365","og:type":"article","og:title":"\u00abQuedada nacional\u00bb de profesionales del autocar y el autob\u00fas en Cand\u00e1s | Cand\u00e1s 365","og:description":"La villa marinera acoger\u00e1, este fin de semana, una &quot; Quedada nacional&quot; de profesionales del autocar y el autob\u00fas. Casi un centenar de profesionales de toda Espa\u00f1a se dar\u00e1n cita este fin de semana en Cand\u00e1s para celebrar el segundo encuentro presencial del colectivo en una iniciativa que surje inicialmente en las redes sociales. El","og:url":"https:\/\/candas365.es\/noticias\/quedada-nacional-de-profesionales-del-autocar-y-el-autobus-en-candas\/","og:image":"https:\/\/candas365.es\/noticias\/wp-content\/uploads\/2017\/07\/bus-1678945_960_720.jpg","og:image:secure_url":"https:\/\/candas365.es\/noticias\/wp-content\/uploads\/2017\/07\/bus-1678945_960_720.jpg","og:image:width":960,"og:image:height":640,"article:published_time":"2017-07-18T18:13:38+00:00","article:modified_time":"2017-07-18T18:13:38+00:00","article:publisher":"https:\/\/www.facebook.com\/Nachofdezber","article:author":"https:\/\/www.facebook.com\/carrenoactualidad","twitter:card":"summary_large_image","twitter:site":"@NabercoDigital","twitter:title":"\u00abQuedada nacional\u00bb de profesionales del autocar y el autob\u00fas en Cand\u00e1s | Cand\u00e1s 365","twitter:description":"La villa marinera acoger\u00e1, este fin de semana, una &quot; Quedada nacional&quot; de profesionales del autocar y el autob\u00fas. Casi un centenar de profesionales de toda Espa\u00f1a se dar\u00e1n cita este fin de semana en Cand\u00e1s para celebrar el segundo encuentro presencial del colectivo en una iniciativa que surje inicialmente en las redes sociales. El","twitter:creator":"@nbasturias","twitter:image":"https:\/\/candas365.es\/noticias\/wp-content\/uploads\/2017\/07\/bus-1678945_960_720.jpg","twitter:label1":"Escrito por","twitter:data1":"Cand\u00e1s 365","twitter:label2":"Tiempo de lectura estimado","twitter:data2":"2 minutos"},"aioseo_meta_data":{"post_id":"75919","title":null,"description":null,"keywords":null,"keyphrases":null,"primary_term":null,"canonical_url":null,"og_title":null,"og_description":null,"og_object_type":"default","og_image_type":"default","og_image_url":null,"og_image_width":null,"og_image_height":null,"og_image_custom_url":null,"og_image_custom_fields":null,"og_video":null,"og_custom_url":null,"og_article_section":null,"og_article_tags":null,"twitter_use_og":false,"twitter_card":"default","twitter_image_type":"default","twitter_image_url":null,"twitter_image_custom_url":null,"twitter_image_custom_fields":null,"twitter_title":null,"twitter_description":null,"schema":{"blockGraphs":[],"customGraphs":[],"default":{"data":{"Article":[],"Course":[],"Dataset":[],"FAQPage":[],"Movie":[],"Person":[],"Product":[],"ProductReview":[],"Car":[],"Recipe":[],"Service":[],"SoftwareApplication":[],"WebPage":[]},"graphName":"","isEnabled":true},"graphs":[]},"schema_type":null,"schema_type_options":null,"pillar_content":false,"robots_default":true,"robots_noindex":false,"robots_noarchive":false,"robots_nosnippet":false,"robots_nofollow":false,"robots_noimageindex":false,"robots_noodp":false,"robots_notranslate":false,"robots_max_snippet":null,"robots_max_videopreview":null,"robots_max_imagepreview":"large","priority":null,"frequency":null,"location":null,"local_seo":null,"seo_analyzer_scan_date":"2025-08-25 18:42:19","breadcrumb_settings":null,"limit_modified_date":false,"reviewed_by":null,"open_ai":null,"ai":null,"created":"2020-12-21 12:56:22","updated":"2025-08-25 18:42:19"},"aioseo_breadcrumb":"<div class=\"aioseo-breadcrumbs\"><span class=\"aioseo-breadcrumb\">\n\t<a href=\"https:\/\/candas365.es\/noticias\" title=\"Home\">Home<\/a>\n<\/span><span class=\"aioseo-breadcrumb-separator\">&ndash;<\/span><span class=\"aioseo-breadcrumb\">\n\t<a href=\"https:\/\/candas365.es\/noticias\/category\/noticias-carreno\/\" title=\"Noticias Carre\u00f1o\">Noticias Carre\u00f1o<\/a>\n<\/span><span class=\"aioseo-breadcrumb-separator\">&ndash;<\/span><span class=\"aioseo-breadcrumb\">\n\t\u00abQuedada nacional\u00bb de profesionales del autocar y el autob\u00fas en Cand\u00e1s\n<\/span><\/div>","aioseo_breadcrumb_json":[{"label":"Home","link":"https:\/\/candas365.es\/noticias"},{"label":"Noticias Carre\u00f1o","link":"https:\/\/candas365.es\/noticias\/category\/noticias-carreno\/"},{"label":"\u00abQuedada nacional\u00bb de profesionales del autocar y el autob\u00fas en Cand\u00e1s","link":"https:\/\/candas365.es\/noticias\/quedada-nacional-de-profesionales-del-autocar-y-el-autobus-en-candas\/"}],"_links":{"self":[{"href":"https:\/\/candas365.es\/noticias\/wp-json\/wp\/v2\/posts\/75919","targetHints":{"allow":["GET"]}}],"collection":[{"href":"https:\/\/candas365.es\/noticias\/wp-json\/wp\/v2\/posts"}],"about":[{"href":"https:\/\/candas365.es\/noticias\/wp-json\/wp\/v2\/types\/post"}],"author":[{"embeddable":true,"href":"https:\/\/candas365.es\/noticias\/wp-json\/wp\/v2\/users\/1"}],"replies":[{"embeddable":true,"href":"https:\/\/candas365.es\/noticias\/wp-json\/wp\/v2\/comments?post=75919"}],"version-history":[{"count":0,"href":"https:\/\/candas365.es\/noticias\/wp-json\/wp\/v2\/posts\/75919\/revisions"}],"wp:featuredmedia":[{"embeddable":true,"href":"https:\/\/candas365.es\/noticias\/wp-json\/wp\/v2\/media\/75920"}],"wp:attachment":[{"href":"https:\/\/candas365.es\/noticias\/wp-json\/wp\/v2\/media?parent=75919"}],"wp:term":[{"taxonomy":"category","embeddable":true,"href":"https:\/\/candas365.es\/noticias\/wp-json\/wp\/v2\/categories?post=75919"},{"taxonomy":"post_tag","embeddable":true,"href":"https:\/\/candas365.es\/noticias\/wp-json\/wp\/v2\/tags?post=75919"}],"curies":[{"name":"wp","href":"https:\/\/api.w.org\/{rel}","templated":true}]}}