{"id":75893,"date":"2017-07-18T17:52:33","date_gmt":"2017-07-18T17:52:33","guid":{"rendered":"http:\/\/candas365.es\/noticias\/?p=75893"},"modified":"2017-07-18T17:52:33","modified_gmt":"2017-07-18T17:52:33","slug":"catala-apuesta-por-la-reforma-de-los-procesos-penal-y-civil-para-la-agilizacion-de-la-justicia","status":"publish","type":"post","link":"https:\/\/candas365.es\/noticias\/catala-apuesta-por-la-reforma-de-los-procesos-penal-y-civil-para-la-agilizacion-de-la-justicia\/","title":{"rendered":"Catal\u00e1 apuesta por la reforma de los procesos penal y civil para la agilizaci\u00f3n de la Justicia"},"content":{"rendered":"<p><img fetchpriority=\"high\" decoding=\"async\" class=\"alignleft size-medium wp-image-75894\" src=\"https:\/\/candas365.es\/noticias\/wp-content\/uploads\/2017\/07\/170717-catala-360x239.jpg\" alt=\"\" width=\"360\" height=\"239\" srcset=\"https:\/\/candas365.es\/noticias\/wp-content\/uploads\/2017\/07\/170717-catala-360x239.jpg 360w, https:\/\/candas365.es\/noticias\/wp-content\/uploads\/2017\/07\/170717-catala-84x55.jpg 84w, https:\/\/candas365.es\/noticias\/wp-content\/uploads\/2017\/07\/170717-catala.jpg 496w\" sizes=\"(max-width: 360px) 100vw, 360px\" \/>El ministro de Justicia, Rafael Catal\u00e1, ha defendido en la Universidad Internacional Men\u00e9ndez Pelayo de Santander que el futuro de la Justicia requiere medidas urgentes como la reforma de la Ley de Enjuiciamiento Criminal (LECrim) y la agilizaci\u00f3n de los procedimientos en el \u00e1mbito civil para dar las respuestas que la sociedad necesita.<\/p>\n<p>\u200bCatal\u00e1, que ha inaugurado el curso Una Justicia de futuro organizado por el Ministerio de Justicia por tercer a\u00f1o consecutivo, ha subrayado que la necesidad de un nuevo marco regulador del proceso penal es una demanda hist\u00f3rica de los profesionales del sector y de las fuerzas pol\u00edticas. Tras la reforma de la LECrim de 2015, toca ahora revisar de manera integral el proceso penal para otorgar al Ministerio Fiscal la direcci\u00f3n de la investigaci\u00f3n y fijar nuevas reglas que inyecten mayor eficacia, eficiencia y agilidad en la persecuci\u00f3n del delito. Una reforma que ha de acometerse en paralelo a la reforma del Estatuto Fiscal, que atienda a las necesidades formativas y operativas del Cuerpo, a su profesionalizaci\u00f3n y especializaci\u00f3n y que refuerce su autonom\u00eda en el ejercicio de sus funciones.<\/p>\n<p>En cuanto al procedimiento civil, el objetivo es mejorar la ejecuci\u00f3n de las sentencias. El ministro ha indicado que en esta tarea la Oficina Judicial tiene que desempe\u00f1ar un papel fundamental ya que en aquellos territorios donde est\u00e1 implantada esta organizaci\u00f3n se resuelve un 73% m\u00e1s que cuando funcionaban bajo el modelo tradicional de juzgados y tribunales. Se trata tambi\u00e9n de agilizar el r\u00e9gimen de comunicaciones y notificaciones y de analizar otras posibles medidas que perfeccionen el actual proceso civil, reduzcan plazos e introduzcan mejoras t\u00e9cnicas procesales. El ministro ha apostado tambi\u00e9n por la mediaci\u00f3n, no solo en los procedimientos declarativos, sino tambi\u00e9n en los de ejecuci\u00f3n.<\/p>\n<p>Otro de los retos para una Justicia de futuro es seguir trabajando en la l\u00ednea de la transformaci\u00f3n tecnol\u00f3gica con la que est\u00e1 comprometida la Administraci\u00f3n P\u00fablica en su conjunto. En el \u00e1mbito de Justicia el proceso de digitalizaci\u00f3n es imparable, ha dicho Catal\u00e1, que ha llamado la atenci\u00f3n sobre los casi 125 millones de comunicaciones electr\u00f3nicas que han realizado \u00f3rganos judiciales y operadores jur\u00eddicos desde enero de 2016. Con los 139 millones que destinan este a\u00f1o los presupuestos del Ministerio a la modernizaci\u00f3n tecnol\u00f3gica se duplican los cr\u00e9ditos para hacer posible este cambio cultural que permitir\u00e1 la extensi\u00f3n de Justicia y Fiscal\u00eda digital, renovar el parque inform\u00e1tico, poner en marcha un nuevo Registro Civil digital y sentar las bases de un sistema de gesti\u00f3n procesal com\u00fan en todo el territorio en colaboraci\u00f3n con las comunidades aut\u00f3nomas.<\/p>\n<p>El reto de la tecnolog\u00eda, ha subrayado el ministro, nos compromete tambi\u00e9n a avanzar en las respuestas que debe dar la Justicia para defender los derechos y libertades de los ciudadanos en el mundo digital desde la colaboraci\u00f3n entre administraciones y pa\u00edses que comparten un espacio com\u00fan. El Gobierno est\u00e1 trabajando, por ejemplo, en la transposici\u00f3n a nuestro derecho del nuevo marco jur\u00eddico europeo en materia de protecci\u00f3n de datos personales y de resoluci\u00f3n alternativa de litigios en materia de consumo.<\/p>\n<p>Rafael Catal\u00e1 ha defendido el papel de las leyes en un Estado de Derecho que ha de velar especialmente por quienes m\u00e1s lo necesitan y se ha referido a la necesidad de perfeccionar nuestro modelo de lucha contra la violencia de g\u00e9nero y la protecci\u00f3n a los menores y a las v\u00edctimas del delito. Un paquete de medidas que podr\u00eda completarse con una Ley Org\u00e1nica de Derecho a la Defensa que convertir\u00eda a Espa\u00f1a en un referente mundial en la defensa de los derechos de los ciudadanos ante la Justicia.<\/p>\n<p>El ministro se ha referido tambi\u00e9n a la indisoluble relaci\u00f3n entre Justicia y Econom\u00eda en un mundo global de mercados interconectados donde la seguridad jur\u00eddica es clave para el progreso. En ese sentido, ha subrayado que gracias a las reformas emprendidas en la X Legislatura Espa\u00f1a ha recuperado la credibilidad y fiabilidad ante la inversi\u00f3n y ha apostado por un conjunto de iniciativas que ayuden a reforzar esta seguridad jur\u00eddica de la que gozamos: mejorar nuestra regulaci\u00f3n hipotecaria para garantizar los derechos de los consumidores, revisar el derecho espa\u00f1ol de obligaciones y contratos, impulsar un nuevo C\u00f3digo de Comercio y redactar un nuevo Texto Refundido de Ley Concursal.<\/p>\n<p>Por \u00faltimo, Catal\u00e1 ha hecho alusi\u00f3n al debate abierto en la sociedad sobre la independencia de la Justicia y la percepci\u00f3n que de \u00e9sta tienen los ciudadanos. El ministro se ha comprometido a buscar los consensos necesarios para plantear entre otras cuestiones, un nuevo modelo de elecci\u00f3n de vocales del Consejo General del Poder Judicial y la regulaci\u00f3n del tr\u00e1nsito profesional entre la Justicia y la pol\u00edtica. Llevar a cabo estas medidas ayudar\u00e1, ha se\u00f1alado, a reforzar la independencia de los funcionarios p\u00fablicos, que ha defendido por su profesionalidad y compromiso con el Estado de Derecho.<\/p>\n","protected":false},"excerpt":{"rendered":"<p>El ministro de Justicia, Rafael Catal\u00e1, ha defendido en la Universidad Internacional Men\u00e9ndez Pelayo de Santander que el futuro de la Justicia requiere medidas urgentes como la reforma de la Ley de Enjuiciamiento Criminal (LECrim) y la agilizaci\u00f3n de los procedimientos en el \u00e1mbito civil para dar las respuestas que la sociedad necesita. \u200bCatal\u00e1, que<\/p>\n","protected":false},"author":1,"featured_media":75894,"comment_status":"closed","ping_status":"closed","sticky":false,"template":"","format":"standard","meta":{"footnotes":""},"categories":[343],"tags":[],"class_list":{"0":"post-75893","1":"post","2":"type-post","3":"status-publish","4":"format-standard","5":"has-post-thumbnail","7":"category-actualidad"},"aioseo_notices":[],"aioseo_head":"\n\t\t<!-- All in One SEO Pro 4.9.6.2 - aioseo.com -->\n\t<meta name=\"description\" content=\"El ministro de Justicia, Rafael Catal\u00e1, ha defendido en la Universidad Internacional Men\u00e9ndez Pelayo de Santander que el futuro de la Justicia requiere medidas urgentes como la reforma de la Ley de Enjuiciamiento Criminal (LECrim) y la agilizaci\u00f3n de los procedimientos en el \u00e1mbito civil para dar las respuestas que la sociedad necesita. \u200bCatal\u00e1, que\" \/>\n\t<meta name=\"robots\" content=\"max-image-preview:large\" \/>\n\t<meta name=\"author\" content=\"Cand\u00e1s 365\"\/>\n\t<meta name=\"google-site-verification\" content=\"UA-32230408-1\" \/>\n\t<meta name=\"msvalidate.01\" content=\"354F3CDFB2DA171B47FBE9ABF1F88D5\" \/>\n\t<meta name=\"keywords\" content=\"actualidad\" \/>\n\t<link rel=\"canonical\" href=\"https:\/\/candas365.es\/noticias\/catala-apuesta-por-la-reforma-de-los-procesos-penal-y-civil-para-la-agilizacion-de-la-justicia\/\" \/>\n\t<meta name=\"generator\" content=\"All in One SEO Pro (AIOSEO) 4.9.6.2\" \/>\n\t\t<meta property=\"og:locale\" content=\"es_ES\" \/>\n\t\t<meta property=\"og:site_name\" content=\"Cand\u00e1s 365\" \/>\n\t\t<meta property=\"og:type\" content=\"article\" \/>\n\t\t<meta property=\"og:title\" content=\"Catal\u00e1 apuesta por la reforma de los procesos penal y civil para la agilizaci\u00f3n de la Justicia | Cand\u00e1s 365\" \/>\n\t\t<meta property=\"og:description\" content=\"El ministro de Justicia, Rafael Catal\u00e1, ha defendido en la Universidad Internacional Men\u00e9ndez Pelayo de Santander que el futuro de la Justicia requiere medidas urgentes como la reforma de la Ley de Enjuiciamiento Criminal (LECrim) y la agilizaci\u00f3n de los procedimientos en el \u00e1mbito civil para dar las respuestas que la sociedad necesita. \u200bCatal\u00e1, que\" \/>\n\t\t<meta property=\"og:url\" content=\"https:\/\/candas365.es\/noticias\/catala-apuesta-por-la-reforma-de-los-procesos-penal-y-civil-para-la-agilizacion-de-la-justicia\/\" \/>\n\t\t<meta property=\"og:image\" content=\"https:\/\/candas365.es\/noticias\/wp-content\/uploads\/2017\/07\/170717-catala.jpg\" \/>\n\t\t<meta property=\"og:image:secure_url\" content=\"https:\/\/candas365.es\/noticias\/wp-content\/uploads\/2017\/07\/170717-catala.jpg\" \/>\n\t\t<meta property=\"og:image:width\" content=\"496\" \/>\n\t\t<meta property=\"og:image:height\" content=\"329\" \/>\n\t\t<meta property=\"article:published_time\" content=\"2017-07-18T17:52:33+00:00\" \/>\n\t\t<meta property=\"article:modified_time\" content=\"2017-07-18T17:52:33+00:00\" \/>\n\t\t<meta property=\"article:publisher\" content=\"https:\/\/www.facebook.com\/Nachofdezber\" \/>\n\t\t<meta property=\"article:author\" content=\"https:\/\/www.facebook.com\/carrenoactualidad\" \/>\n\t\t<meta name=\"twitter:card\" content=\"summary_large_image\" \/>\n\t\t<meta name=\"twitter:site\" content=\"@NabercoDigital\" \/>\n\t\t<meta name=\"twitter:title\" content=\"Catal\u00e1 apuesta por la reforma de los procesos penal y civil para la agilizaci\u00f3n de la Justicia | Cand\u00e1s 365\" \/>\n\t\t<meta name=\"twitter:description\" content=\"El ministro de Justicia, Rafael Catal\u00e1, ha defendido en la Universidad Internacional Men\u00e9ndez Pelayo de Santander que el futuro de la Justicia requiere medidas urgentes como la reforma de la Ley de Enjuiciamiento Criminal (LECrim) y la agilizaci\u00f3n de los procedimientos en el \u00e1mbito civil para dar las respuestas que la sociedad necesita. \u200bCatal\u00e1, que\" \/>\n\t\t<meta name=\"twitter:creator\" content=\"@nbasturias\" \/>\n\t\t<meta name=\"twitter:image\" content=\"https:\/\/candas365.es\/noticias\/wp-content\/uploads\/2017\/07\/170717-catala.jpg\" \/>\n\t\t<meta name=\"twitter:label1\" content=\"Escrito por\" \/>\n\t\t<meta name=\"twitter:data1\" content=\"Cand\u00e1s 365\" \/>\n\t\t<meta name=\"twitter:label2\" content=\"Tiempo de lectura estimado\" \/>\n\t\t<meta name=\"twitter:data2\" content=\"4 minutos\" \/>\n\t\t<script type=\"application\/ld+json\" class=\"aioseo-schema\">\n\t\t\t{\"@context\":\"https:\\\/\\\/schema.org\",\"@graph\":[{\"@type\":\"BreadcrumbList\",\"@id\":\"https:\\\/\\\/candas365.es\\\/noticias\\\/catala-apuesta-por-la-reforma-de-los-procesos-penal-y-civil-para-la-agilizacion-de-la-justicia\\\/#breadcrumblist\",\"itemListElement\":[{\"@type\":\"ListItem\",\"@id\":\"https:\\\/\\\/candas365.es\\\/noticias#listItem\",\"position\":1,\"name\":\"Home\",\"item\":\"https:\\\/\\\/candas365.es\\\/noticias\",\"nextItem\":{\"@type\":\"ListItem\",\"@id\":\"https:\\\/\\\/candas365.es\\\/noticias\\\/category\\\/actualidad\\\/#listItem\",\"name\":\"Actualidad\"}},{\"@type\":\"ListItem\",\"@id\":\"https:\\\/\\\/candas365.es\\\/noticias\\\/category\\\/actualidad\\\/#listItem\",\"position\":2,\"name\":\"Actualidad\",\"item\":\"https:\\\/\\\/candas365.es\\\/noticias\\\/category\\\/actualidad\\\/\",\"nextItem\":{\"@type\":\"ListItem\",\"@id\":\"https:\\\/\\\/candas365.es\\\/noticias\\\/catala-apuesta-por-la-reforma-de-los-procesos-penal-y-civil-para-la-agilizacion-de-la-justicia\\\/#listItem\",\"name\":\"Catal\\u00e1 apuesta por la reforma de los procesos penal y civil para la agilizaci\\u00f3n de la Justicia\"},\"previousItem\":{\"@type\":\"ListItem\",\"@id\":\"https:\\\/\\\/candas365.es\\\/noticias#listItem\",\"name\":\"Home\"}},{\"@type\":\"ListItem\",\"@id\":\"https:\\\/\\\/candas365.es\\\/noticias\\\/catala-apuesta-por-la-reforma-de-los-procesos-penal-y-civil-para-la-agilizacion-de-la-justicia\\\/#listItem\",\"position\":3,\"name\":\"Catal\\u00e1 apuesta por la reforma de los procesos penal y civil para la agilizaci\\u00f3n de la Justicia\",\"previousItem\":{\"@type\":\"ListItem\",\"@id\":\"https:\\\/\\\/candas365.es\\\/noticias\\\/category\\\/actualidad\\\/#listItem\",\"name\":\"Actualidad\"}}]},{\"@type\":\"NewsArticle\",\"@id\":\"https:\\\/\\\/candas365.es\\\/noticias\\\/catala-apuesta-por-la-reforma-de-los-procesos-penal-y-civil-para-la-agilizacion-de-la-justicia\\\/#newsarticle\",\"name\":\"Catal\\u00e1 apuesta por la reforma de los procesos penal y civil para la agilizaci\\u00f3n de la Justicia | Cand\\u00e1s 365\",\"headline\":\"Catal\\u00e1 apuesta por la reforma de los procesos penal y civil para la agilizaci\\u00f3n de la Justicia\",\"author\":{\"@id\":\"https:\\\/\\\/candas365.es\\\/noticias\\\/author\\\/admin\\\/#author\"},\"publisher\":{\"@id\":\"https:\\\/\\\/candas365.es\\\/noticias\\\/#organization\"},\"image\":{\"@type\":\"ImageObject\",\"url\":\"https:\\\/\\\/candas365.es\\\/noticias\\\/wp-content\\\/uploads\\\/2017\\\/07\\\/170717-catala.jpg\",\"width\":496,\"height\":329},\"datePublished\":\"2017-07-18T17:52:33+02:00\",\"dateModified\":\"2017-07-18T17:52:33+02:00\",\"inLanguage\":\"es-ES\",\"mainEntityOfPage\":{\"@id\":\"https:\\\/\\\/candas365.es\\\/noticias\\\/catala-apuesta-por-la-reforma-de-los-procesos-penal-y-civil-para-la-agilizacion-de-la-justicia\\\/#webpage\"},\"isPartOf\":{\"@id\":\"https:\\\/\\\/candas365.es\\\/noticias\\\/catala-apuesta-por-la-reforma-de-los-procesos-penal-y-civil-para-la-agilizacion-de-la-justicia\\\/#webpage\"},\"articleSection\":\"Actualidad\",\"dateline\":\"Publicado el julio 18, 2017.\"},{\"@type\":\"Organization\",\"@id\":\"https:\\\/\\\/candas365.es\\\/noticias\\\/#organization\",\"name\":\"Cand\\u00e1s 365\",\"description\":\"Cand\\u00e1s 365 es un diario digital independiente, fundado en 2012, con base en Asturias. Informamos con rigor sobre actualidad, sociedad, cultura y ocio, con una mirada local y global.\",\"url\":\"https:\\\/\\\/candas365.es\\\/noticias\\\/\",\"email\":\"info@candas365.es\",\"telephone\":\"+34652131393\",\"foundingDate\":\"2012-06-10\",\"logo\":{\"@type\":\"ImageObject\",\"url\":\"https:\\\/\\\/candas365.es\\\/noticias\\\/wp-content\\\/uploads\\\/2024\\\/09\\\/Candas-365-Redes.jpg\",\"@id\":\"https:\\\/\\\/candas365.es\\\/noticias\\\/catala-apuesta-por-la-reforma-de-los-procesos-penal-y-civil-para-la-agilizacion-de-la-justicia\\\/#organizationLogo\",\"width\":1152,\"height\":864,\"caption\":\"Cand\\u00e1s 365 Redes\"},\"image\":{\"@id\":\"https:\\\/\\\/candas365.es\\\/noticias\\\/catala-apuesta-por-la-reforma-de-los-procesos-penal-y-civil-para-la-agilizacion-de-la-justicia\\\/#organizationLogo\"},\"sameAs\":[\"https:\\\/\\\/www.facebook.com\\\/Nachofdezber\",\"https:\\\/\\\/x.com\\\/NabercoDigital\",\"https:\\\/\\\/www.instagram.com\\\/nachofdezber\\\/\",\"https:\\\/\\\/www.youtube.com\\\/channel\\\/UCZP-2wLEB9Rv6erhFmqVnvg\"],\"address\":{\"@id\":\"https:\\\/\\\/candas365.es\\\/noticias\\\/#postaladdress\",\"@type\":\"PostalAddress\",\"streetAddress\":\"san antonio 4, san antonio 4\",\"postalCode\":\"33430\",\"addressLocality\":\"Cand\\u00e1s\",\"addressRegion\":\"Asturias\",\"addressCountry\":\"ES\"}},{\"@type\":\"Person\",\"@id\":\"https:\\\/\\\/candas365.es\\\/noticias\\\/author\\\/admin\\\/#author\",\"url\":\"https:\\\/\\\/candas365.es\\\/noticias\\\/author\\\/admin\\\/\",\"name\":\"Cand\\u00e1s 365\",\"image\":{\"@type\":\"ImageObject\",\"@id\":\"https:\\\/\\\/candas365.es\\\/noticias\\\/catala-apuesta-por-la-reforma-de-los-procesos-penal-y-civil-para-la-agilizacion-de-la-justicia\\\/#authorImage\",\"url\":\"https:\\\/\\\/secure.gravatar.com\\\/avatar\\\/496a8e03d0c493ede1718b7934145dbdf8d89be1036b0eec9544e1094c9de390?s=96&d=mm&r=g\",\"width\":96,\"height\":96,\"caption\":\"Cand\\u00e1s 365\"},\"sameAs\":[\"https:\\\/\\\/www.facebook.com\\\/carrenoactualidad\",\"https:\\\/\\\/twitter.com\\\/nbasturias\",\"https:\\\/\\\/www.instagram.com\\\/nachofdezber\\\/\",\"https:\\\/\\\/www.youtube.com\\\/channel\\\/UCZP-2wLEB9Rv6erhFmqVnvg\"]},{\"@type\":\"WebPage\",\"@id\":\"https:\\\/\\\/candas365.es\\\/noticias\\\/catala-apuesta-por-la-reforma-de-los-procesos-penal-y-civil-para-la-agilizacion-de-la-justicia\\\/#webpage\",\"url\":\"https:\\\/\\\/candas365.es\\\/noticias\\\/catala-apuesta-por-la-reforma-de-los-procesos-penal-y-civil-para-la-agilizacion-de-la-justicia\\\/\",\"name\":\"Catal\\u00e1 apuesta por la reforma de los procesos penal y civil para la agilizaci\\u00f3n de la Justicia | Cand\\u00e1s 365\",\"description\":\"El ministro de Justicia, Rafael Catal\\u00e1, ha defendido en la Universidad Internacional Men\\u00e9ndez Pelayo de Santander que el futuro de la Justicia requiere medidas urgentes como la reforma de la Ley de Enjuiciamiento Criminal (LECrim) y la agilizaci\\u00f3n de los procedimientos en el \\u00e1mbito civil para dar las respuestas que la sociedad necesita. \\u200bCatal\\u00e1, que\",\"inLanguage\":\"es-ES\",\"isPartOf\":{\"@id\":\"https:\\\/\\\/candas365.es\\\/noticias\\\/#website\"},\"breadcrumb\":{\"@id\":\"https:\\\/\\\/candas365.es\\\/noticias\\\/catala-apuesta-por-la-reforma-de-los-procesos-penal-y-civil-para-la-agilizacion-de-la-justicia\\\/#breadcrumblist\"},\"author\":{\"@id\":\"https:\\\/\\\/candas365.es\\\/noticias\\\/author\\\/admin\\\/#author\"},\"creator\":{\"@id\":\"https:\\\/\\\/candas365.es\\\/noticias\\\/author\\\/admin\\\/#author\"},\"image\":{\"@type\":\"ImageObject\",\"url\":\"https:\\\/\\\/candas365.es\\\/noticias\\\/wp-content\\\/uploads\\\/2017\\\/07\\\/170717-catala.jpg\",\"@id\":\"https:\\\/\\\/candas365.es\\\/noticias\\\/catala-apuesta-por-la-reforma-de-los-procesos-penal-y-civil-para-la-agilizacion-de-la-justicia\\\/#mainImage\",\"width\":496,\"height\":329},\"primaryImageOfPage\":{\"@id\":\"https:\\\/\\\/candas365.es\\\/noticias\\\/catala-apuesta-por-la-reforma-de-los-procesos-penal-y-civil-para-la-agilizacion-de-la-justicia\\\/#mainImage\"},\"datePublished\":\"2017-07-18T17:52:33+02:00\",\"dateModified\":\"2017-07-18T17:52:33+02:00\"},{\"@type\":\"WebSite\",\"@id\":\"https:\\\/\\\/candas365.es\\\/noticias\\\/#website\",\"url\":\"https:\\\/\\\/candas365.es\\\/noticias\\\/\",\"name\":\"Cand\\u00e1s 365\",\"alternateName\":\"Cand\\u00e1s 365 Noticias\",\"description\":\"Actualidad desde Carre\\u00f1o para el mundo\",\"inLanguage\":\"es-ES\",\"publisher\":{\"@id\":\"https:\\\/\\\/candas365.es\\\/noticias\\\/#organization\"}}]}\n\t\t<\/script>\n\t\t<!-- All in One SEO Pro -->\r\n\t\t<title>Catal\u00e1 apuesta por la reforma de los procesos penal y civil para la agilizaci\u00f3n de la Justicia | Cand\u00e1s 365<\/title>\n\n","aioseo_head_json":{"title":"Catal\u00e1 apuesta por la reforma de los procesos penal y civil para la agilizaci\u00f3n de la Justicia | Cand\u00e1s 365","description":"El ministro de Justicia, Rafael Catal\u00e1, ha defendido en la Universidad Internacional Men\u00e9ndez Pelayo de Santander que el futuro de la Justicia requiere medidas urgentes como la reforma de la Ley de Enjuiciamiento Criminal (LECrim) y la agilizaci\u00f3n de los procedimientos en el \u00e1mbito civil para dar las respuestas que la sociedad necesita. \u200bCatal\u00e1, que","canonical_url":"https:\/\/candas365.es\/noticias\/catala-apuesta-por-la-reforma-de-los-procesos-penal-y-civil-para-la-agilizacion-de-la-justicia\/","robots":"max-image-preview:large","keywords":"actualidad","webmasterTools":{"google-site-verification":"UA-32230408-1","msvalidate.01":"354F3CDFB2DA171B47FBE9ABF1F88D5","miscellaneous":""},"schema":{"@context":"https:\/\/schema.org","@graph":[{"@type":"BreadcrumbList","@id":"https:\/\/candas365.es\/noticias\/catala-apuesta-por-la-reforma-de-los-procesos-penal-y-civil-para-la-agilizacion-de-la-justicia\/#breadcrumblist","itemListElement":[{"@type":"ListItem","@id":"https:\/\/candas365.es\/noticias#listItem","position":1,"name":"Home","item":"https:\/\/candas365.es\/noticias","nextItem":{"@type":"ListItem","@id":"https:\/\/candas365.es\/noticias\/category\/actualidad\/#listItem","name":"Actualidad"}},{"@type":"ListItem","@id":"https:\/\/candas365.es\/noticias\/category\/actualidad\/#listItem","position":2,"name":"Actualidad","item":"https:\/\/candas365.es\/noticias\/category\/actualidad\/","nextItem":{"@type":"ListItem","@id":"https:\/\/candas365.es\/noticias\/catala-apuesta-por-la-reforma-de-los-procesos-penal-y-civil-para-la-agilizacion-de-la-justicia\/#listItem","name":"Catal\u00e1 apuesta por la reforma de los procesos penal y civil para la agilizaci\u00f3n de la Justicia"},"previousItem":{"@type":"ListItem","@id":"https:\/\/candas365.es\/noticias#listItem","name":"Home"}},{"@type":"ListItem","@id":"https:\/\/candas365.es\/noticias\/catala-apuesta-por-la-reforma-de-los-procesos-penal-y-civil-para-la-agilizacion-de-la-justicia\/#listItem","position":3,"name":"Catal\u00e1 apuesta por la reforma de los procesos penal y civil para la agilizaci\u00f3n de la Justicia","previousItem":{"@type":"ListItem","@id":"https:\/\/candas365.es\/noticias\/category\/actualidad\/#listItem","name":"Actualidad"}}]},{"@type":"NewsArticle","@id":"https:\/\/candas365.es\/noticias\/catala-apuesta-por-la-reforma-de-los-procesos-penal-y-civil-para-la-agilizacion-de-la-justicia\/#newsarticle","name":"Catal\u00e1 apuesta por la reforma de los procesos penal y civil para la agilizaci\u00f3n de la Justicia | Cand\u00e1s 365","headline":"Catal\u00e1 apuesta por la reforma de los procesos penal y civil para la agilizaci\u00f3n de la Justicia","author":{"@id":"https:\/\/candas365.es\/noticias\/author\/admin\/#author"},"publisher":{"@id":"https:\/\/candas365.es\/noticias\/#organization"},"image":{"@type":"ImageObject","url":"https:\/\/candas365.es\/noticias\/wp-content\/uploads\/2017\/07\/170717-catala.jpg","width":496,"height":329},"datePublished":"2017-07-18T17:52:33+02:00","dateModified":"2017-07-18T17:52:33+02:00","inLanguage":"es-ES","mainEntityOfPage":{"@id":"https:\/\/candas365.es\/noticias\/catala-apuesta-por-la-reforma-de-los-procesos-penal-y-civil-para-la-agilizacion-de-la-justicia\/#webpage"},"isPartOf":{"@id":"https:\/\/candas365.es\/noticias\/catala-apuesta-por-la-reforma-de-los-procesos-penal-y-civil-para-la-agilizacion-de-la-justicia\/#webpage"},"articleSection":"Actualidad","dateline":"Publicado el julio 18, 2017."},{"@type":"Organization","@id":"https:\/\/candas365.es\/noticias\/#organization","name":"Cand\u00e1s 365","description":"Cand\u00e1s 365 es un diario digital independiente, fundado en 2012, con base en Asturias. Informamos con rigor sobre actualidad, sociedad, cultura y ocio, con una mirada local y global.","url":"https:\/\/candas365.es\/noticias\/","email":"info@candas365.es","telephone":"+34652131393","foundingDate":"2012-06-10","logo":{"@type":"ImageObject","url":"https:\/\/candas365.es\/noticias\/wp-content\/uploads\/2024\/09\/Candas-365-Redes.jpg","@id":"https:\/\/candas365.es\/noticias\/catala-apuesta-por-la-reforma-de-los-procesos-penal-y-civil-para-la-agilizacion-de-la-justicia\/#organizationLogo","width":1152,"height":864,"caption":"Cand\u00e1s 365 Redes"},"image":{"@id":"https:\/\/candas365.es\/noticias\/catala-apuesta-por-la-reforma-de-los-procesos-penal-y-civil-para-la-agilizacion-de-la-justicia\/#organizationLogo"},"sameAs":["https:\/\/www.facebook.com\/Nachofdezber","https:\/\/x.com\/NabercoDigital","https:\/\/www.instagram.com\/nachofdezber\/","https:\/\/www.youtube.com\/channel\/UCZP-2wLEB9Rv6erhFmqVnvg"],"address":{"@id":"https:\/\/candas365.es\/noticias\/#postaladdress","@type":"PostalAddress","streetAddress":"san antonio 4, san antonio 4","postalCode":"33430","addressLocality":"Cand\u00e1s","addressRegion":"Asturias","addressCountry":"ES"}},{"@type":"Person","@id":"https:\/\/candas365.es\/noticias\/author\/admin\/#author","url":"https:\/\/candas365.es\/noticias\/author\/admin\/","name":"Cand\u00e1s 365","image":{"@type":"ImageObject","@id":"https:\/\/candas365.es\/noticias\/catala-apuesta-por-la-reforma-de-los-procesos-penal-y-civil-para-la-agilizacion-de-la-justicia\/#authorImage","url":"https:\/\/secure.gravatar.com\/avatar\/496a8e03d0c493ede1718b7934145dbdf8d89be1036b0eec9544e1094c9de390?s=96&d=mm&r=g","width":96,"height":96,"caption":"Cand\u00e1s 365"},"sameAs":["https:\/\/www.facebook.com\/carrenoactualidad","https:\/\/twitter.com\/nbasturias","https:\/\/www.instagram.com\/nachofdezber\/","https:\/\/www.youtube.com\/channel\/UCZP-2wLEB9Rv6erhFmqVnvg"]},{"@type":"WebPage","@id":"https:\/\/candas365.es\/noticias\/catala-apuesta-por-la-reforma-de-los-procesos-penal-y-civil-para-la-agilizacion-de-la-justicia\/#webpage","url":"https:\/\/candas365.es\/noticias\/catala-apuesta-por-la-reforma-de-los-procesos-penal-y-civil-para-la-agilizacion-de-la-justicia\/","name":"Catal\u00e1 apuesta por la reforma de los procesos penal y civil para la agilizaci\u00f3n de la Justicia | Cand\u00e1s 365","description":"El ministro de Justicia, Rafael Catal\u00e1, ha defendido en la Universidad Internacional Men\u00e9ndez Pelayo de Santander que el futuro de la Justicia requiere medidas urgentes como la reforma de la Ley de Enjuiciamiento Criminal (LECrim) y la agilizaci\u00f3n de los procedimientos en el \u00e1mbito civil para dar las respuestas que la sociedad necesita. \u200bCatal\u00e1, que","inLanguage":"es-ES","isPartOf":{"@id":"https:\/\/candas365.es\/noticias\/#website"},"breadcrumb":{"@id":"https:\/\/candas365.es\/noticias\/catala-apuesta-por-la-reforma-de-los-procesos-penal-y-civil-para-la-agilizacion-de-la-justicia\/#breadcrumblist"},"author":{"@id":"https:\/\/candas365.es\/noticias\/author\/admin\/#author"},"creator":{"@id":"https:\/\/candas365.es\/noticias\/author\/admin\/#author"},"image":{"@type":"ImageObject","url":"https:\/\/candas365.es\/noticias\/wp-content\/uploads\/2017\/07\/170717-catala.jpg","@id":"https:\/\/candas365.es\/noticias\/catala-apuesta-por-la-reforma-de-los-procesos-penal-y-civil-para-la-agilizacion-de-la-justicia\/#mainImage","width":496,"height":329},"primaryImageOfPage":{"@id":"https:\/\/candas365.es\/noticias\/catala-apuesta-por-la-reforma-de-los-procesos-penal-y-civil-para-la-agilizacion-de-la-justicia\/#mainImage"},"datePublished":"2017-07-18T17:52:33+02:00","dateModified":"2017-07-18T17:52:33+02:00"},{"@type":"WebSite","@id":"https:\/\/candas365.es\/noticias\/#website","url":"https:\/\/candas365.es\/noticias\/","name":"Cand\u00e1s 365","alternateName":"Cand\u00e1s 365 Noticias","description":"Actualidad desde Carre\u00f1o para el mundo","inLanguage":"es-ES","publisher":{"@id":"https:\/\/candas365.es\/noticias\/#organization"}}]},"og:locale":"es_ES","og:site_name":"Cand\u00e1s 365","og:type":"article","og:title":"Catal\u00e1 apuesta por la reforma de los procesos penal y civil para la agilizaci\u00f3n de la Justicia | Cand\u00e1s 365","og:description":"El ministro de Justicia, Rafael Catal\u00e1, ha defendido en la Universidad Internacional Men\u00e9ndez Pelayo de Santander que el futuro de la Justicia requiere medidas urgentes como la reforma de la Ley de Enjuiciamiento Criminal (LECrim) y la agilizaci\u00f3n de los procedimientos en el \u00e1mbito civil para dar las respuestas que la sociedad necesita. \u200bCatal\u00e1, que","og:url":"https:\/\/candas365.es\/noticias\/catala-apuesta-por-la-reforma-de-los-procesos-penal-y-civil-para-la-agilizacion-de-la-justicia\/","og:image":"https:\/\/candas365.es\/noticias\/wp-content\/uploads\/2017\/07\/170717-catala.jpg","og:image:secure_url":"https:\/\/candas365.es\/noticias\/wp-content\/uploads\/2017\/07\/170717-catala.jpg","og:image:width":496,"og:image:height":329,"article:published_time":"2017-07-18T17:52:33+00:00","article:modified_time":"2017-07-18T17:52:33+00:00","article:publisher":"https:\/\/www.facebook.com\/Nachofdezber","article:author":"https:\/\/www.facebook.com\/carrenoactualidad","twitter:card":"summary_large_image","twitter:site":"@NabercoDigital","twitter:title":"Catal\u00e1 apuesta por la reforma de los procesos penal y civil para la agilizaci\u00f3n de la Justicia | Cand\u00e1s 365","twitter:description":"El ministro de Justicia, Rafael Catal\u00e1, ha defendido en la Universidad Internacional Men\u00e9ndez Pelayo de Santander que el futuro de la Justicia requiere medidas urgentes como la reforma de la Ley de Enjuiciamiento Criminal (LECrim) y la agilizaci\u00f3n de los procedimientos en el \u00e1mbito civil para dar las respuestas que la sociedad necesita. \u200bCatal\u00e1, que","twitter:creator":"@nbasturias","twitter:image":"https:\/\/candas365.es\/noticias\/wp-content\/uploads\/2017\/07\/170717-catala.jpg","twitter:label1":"Escrito por","twitter:data1":"Cand\u00e1s 365","twitter:label2":"Tiempo de lectura estimado","twitter:data2":"4 minutos"},"aioseo_meta_data":{"post_id":"75893","title":null,"description":null,"keywords":null,"keyphrases":null,"primary_term":null,"canonical_url":null,"og_title":null,"og_description":null,"og_object_type":"default","og_image_type":"default","og_image_url":null,"og_image_width":null,"og_image_height":null,"og_image_custom_url":null,"og_image_custom_fields":null,"og_video":null,"og_custom_url":null,"og_article_section":null,"og_article_tags":null,"twitter_use_og":false,"twitter_card":"default","twitter_image_type":"default","twitter_image_url":null,"twitter_image_custom_url":null,"twitter_image_custom_fields":null,"twitter_title":null,"twitter_description":null,"schema":{"blockGraphs":[],"customGraphs":[],"default":{"data":{"Article":[],"Course":[],"Dataset":[],"FAQPage":[],"Movie":[],"Person":[],"Product":[],"ProductReview":[],"Car":[],"Recipe":[],"Service":[],"SoftwareApplication":[],"WebPage":[]},"graphName":"","isEnabled":true},"graphs":[],"defaultGraph":"","defaultPostTypeGraph":""},"schema_type":null,"schema_type_options":null,"pillar_content":false,"robots_default":true,"robots_noindex":false,"robots_noarchive":false,"robots_nosnippet":false,"robots_nofollow":false,"robots_noimageindex":false,"robots_noodp":false,"robots_notranslate":false,"robots_max_snippet":null,"robots_max_videopreview":null,"robots_max_imagepreview":"large","priority":null,"frequency":null,"location":null,"local_seo":null,"seo_analyzer_scan_date":"2025-08-25 18:39:27","breadcrumb_settings":null,"limit_modified_date":false,"reviewed_by":null,"open_ai":null,"ai":null,"created":"2020-12-21 12:56:22","updated":"2025-08-25 18:39:27"},"aioseo_breadcrumb":"<div class=\"aioseo-breadcrumbs\"><span class=\"aioseo-breadcrumb\">\n\t<a href=\"https:\/\/candas365.es\/noticias\" title=\"Home\">Home<\/a>\n<\/span><span class=\"aioseo-breadcrumb-separator\">&ndash;<\/span><span class=\"aioseo-breadcrumb\">\n\t<a href=\"https:\/\/candas365.es\/noticias\/category\/actualidad\/\" title=\"Actualidad\">Actualidad<\/a>\n<\/span><span class=\"aioseo-breadcrumb-separator\">&ndash;<\/span><span class=\"aioseo-breadcrumb\">\n\tCatal\u00e1 apuesta por la reforma de los procesos penal y civil para la agilizaci\u00f3n de la Justicia\n<\/span><\/div>","aioseo_breadcrumb_json":[{"label":"Home","link":"https:\/\/candas365.es\/noticias"},{"label":"Actualidad","link":"https:\/\/candas365.es\/noticias\/category\/actualidad\/"},{"label":"Catal\u00e1 apuesta por la reforma de los procesos penal y civil para la agilizaci\u00f3n de la Justicia","link":"https:\/\/candas365.es\/noticias\/catala-apuesta-por-la-reforma-de-los-procesos-penal-y-civil-para-la-agilizacion-de-la-justicia\/"}],"_links":{"self":[{"href":"https:\/\/candas365.es\/noticias\/wp-json\/wp\/v2\/posts\/75893","targetHints":{"allow":["GET"]}}],"collection":[{"href":"https:\/\/candas365.es\/noticias\/wp-json\/wp\/v2\/posts"}],"about":[{"href":"https:\/\/candas365.es\/noticias\/wp-json\/wp\/v2\/types\/post"}],"author":[{"embeddable":true,"href":"https:\/\/candas365.es\/noticias\/wp-json\/wp\/v2\/users\/1"}],"replies":[{"embeddable":true,"href":"https:\/\/candas365.es\/noticias\/wp-json\/wp\/v2\/comments?post=75893"}],"version-history":[{"count":0,"href":"https:\/\/candas365.es\/noticias\/wp-json\/wp\/v2\/posts\/75893\/revisions"}],"wp:featuredmedia":[{"embeddable":true,"href":"https:\/\/candas365.es\/noticias\/wp-json\/wp\/v2\/media\/75894"}],"wp:attachment":[{"href":"https:\/\/candas365.es\/noticias\/wp-json\/wp\/v2\/media?parent=75893"}],"wp:term":[{"taxonomy":"category","embeddable":true,"href":"https:\/\/candas365.es\/noticias\/wp-json\/wp\/v2\/categories?post=75893"},{"taxonomy":"post_tag","embeddable":true,"href":"https:\/\/candas365.es\/noticias\/wp-json\/wp\/v2\/tags?post=75893"}],"curies":[{"name":"wp","href":"https:\/\/api.w.org\/{rel}","templated":true}]}}