{"id":75887,"date":"2017-07-18T17:50:47","date_gmt":"2017-07-18T17:50:47","guid":{"rendered":"http:\/\/candas365.es\/noticias\/?p=75887"},"modified":"2017-07-18T17:50:47","modified_gmt":"2017-07-18T17:50:47","slug":"garcia-tejerina-senala-la-disposicion-favorable-de-la-comision-a-autorizar-el-adelanto-de-los-pagos-de-la-pac","status":"publish","type":"post","link":"https:\/\/candas365.es\/noticias\/garcia-tejerina-senala-la-disposicion-favorable-de-la-comision-a-autorizar-el-adelanto-de-los-pagos-de-la-pac\/","title":{"rendered":"Garc\u00eda Tejerina se\u00f1ala la disposici\u00f3n favorable de la Comisi\u00f3n a autorizar el adelanto de los pagos de la PAC"},"content":{"rendered":"<p><img fetchpriority=\"high\" decoding=\"async\" class=\"alignleft size-medium wp-image-75888\" src=\"https:\/\/candas365.es\/noticias\/wp-content\/uploads\/2017\/07\/17072017-tejerina-360x239.jpg\" alt=\"\" width=\"360\" height=\"239\" srcset=\"https:\/\/candas365.es\/noticias\/wp-content\/uploads\/2017\/07\/17072017-tejerina-360x239.jpg 360w, https:\/\/candas365.es\/noticias\/wp-content\/uploads\/2017\/07\/17072017-tejerina-84x55.jpg 84w, https:\/\/candas365.es\/noticias\/wp-content\/uploads\/2017\/07\/17072017-tejerina.jpg 496w\" sizes=\"(max-width: 360px) 100vw, 360px\" \/>La ministra de Agricultura y Pesca, Alimentaci\u00f3n y Medio Ambiente, Isabel Garc\u00eda Tejerina, ha se\u00f1alado la disposici\u00f3n favorable de la Comisi\u00f3n Europea a autorizar el incremento en el porcentaje de ayudas de la Pol\u00edtica Agr\u00edcola Com\u00fan que podr\u00e1 abonarse a partir del pr\u00f3ximo 16 de octubre, con el objetivo de mejorar la liquidez de las explotaciones afectadas por la situaci\u00f3n de sequ\u00eda. El objetivo es que se puedan pagar el 70% de las ayudas del primer pilar y hasta el 85% en las medidas de desarrollo rural.<\/p>\n<p>\u200bIsabel Garc\u00eda Tejerina hac\u00eda estas manifestaciones a la entrada del Consejo de Ministros de Agricultura y Pesca de la Uni\u00f3n Europea, que se celebra en Bruselas. En declaraciones a los medios, la ministra ha apuntado que va a trasladar a la Comisi\u00f3n la preocupaci\u00f3n de Espa\u00f1a sobre el futuro de la PAC, ya que en cuatro de los cinco escenarios presentados en el documento de reflexi\u00f3n de la Comisi\u00f3n se plantea la cofinanciaci\u00f3n, \u00abalgo a lo que Espa\u00f1a se opone frontalmente\u00bb.<\/p>\n<p>En este sentido, Garc\u00eda Tejerina ha indicado que, a pesar de que se trata de una reforma a aplicar en la pr\u00f3xima d\u00e9cada, se debe comenzar a trabajar ya en el rechazo a esa cofinanciaci\u00f3n y en la necesidad de defender un presupuesto importante para \u00abuna pol\u00edtica que vertebra Europa, que hace de Europa la principal potencia exportadora de alimentos y que debe dar estabilidad a los agricultores\u00bb.<\/p>\n<p>En relaci\u00f3n a la consulta p\u00fablica sobre a la reforma de la PAC, Garc\u00eda Tejerina ha puesto en valor el proceso participativo de la Comisi\u00f3n, ya que se ha producido una participaci\u00f3n muy importante. De esta consulta, la ministra ha destacado la consideraci\u00f3n que hacen los ciudadanos de que la PAC es una de las grandes pol\u00edticas europeas, y que el sector alimentario, el medio rural y su despoblamiento preocupan en Europa.<\/p>\n<p><strong>Stocks de pesca<\/strong><\/p>\n<p>Sobre la comunicaci\u00f3n que la Comisi\u00f3n Europea va a presentar sobre el estado de los stocks de pesca, Garc\u00eda Tejerina ha asegurado que plantear\u00e1 en el Consejo que \u00ablas especies que se est\u00e1n recuperando deben tener un reconocimiento expreso como tal\u00bb.<\/p>\n<p>Para la ministra, el trabajo realizado en el marco de la pol\u00edtica pesquera com\u00fan y el esfuerzo realizado por los pescadores europeos para la recuperaci\u00f3n de las especies debe quedar plasmado en la comunicaci\u00f3n de la Comisi\u00f3n y, sobre todo, en la asignaci\u00f3n final de los totales admisibles de capturas (TAC) que se aprueben en el mes de diciembre.<\/p>\n<p>En este sentido, Garc\u00eda Tejerina ha destacado la pol\u00edtica pesquera llevada a cabo en Espa\u00f1a, basada en unos controles rigurosos y en disponer de la mejor informaci\u00f3n cient\u00edfica, \u00abpara dar as\u00ed las mayores posibilidades a nuestros pescadores\u00bb.<\/p>\n<p>En todo caso, la ministra ha recalcado que Espa\u00f1a persigue el objetivo irrenunciable de alcanzar el rendimiento m\u00e1ximo sostenible sin afectar a los stocks, pero que eso se pueda alcanzar, si las condiciones lo requieren, en el a\u00f1o 2020. Para ello, el Gobierno de Espa\u00f1a ha comenzado a trabajar con la Comisi\u00f3n, apoy\u00e1ndose tambi\u00e9n en informes socioecon\u00f3micos como en a\u00f1os anteriores, \u00aby que nos ha dado como resultado un aumento importante sobre la propuesta de la Comisi\u00f3n de las posibilidades finales de capturas\u00bb.<\/p>\n<p>En relaci\u00f3n con las especies de estrangulamiento, Garc\u00eda Tejerina se ha referido a un reciente encuentro con el comisario de Pesca, Karmenu Vella, donde una de las prioridades de Espa\u00f1a era la necesidad de flexibilizar y dar la interpretaci\u00f3n m\u00e1s favorable a los reglamentos, o incluso, modificarlos.<\/p>\n<p>De lo contrario, la ministra entiende que nos podemos encontrar con que, como consecuencia de las capturas de especies accesorias, se pueda tener que paralizar la flota para las capturas principales.<\/p>\n<p>Tambi\u00e9n ha recordado que Espa\u00f1a fue quien introdujo las flexibilidades en la reforma de la Pol\u00edtica Com\u00fan Pesquera, \u00aby el resto de los pa\u00edses se va dando cuenta de que ni siquiera estas flexibilidades van a ser suficientes para un normal funcionamiento de la pesca\u00bb.<\/p>\n<p>A este respecto, ha a\u00f1adido, la Comisi\u00f3n se ha comprometido a presentar un documento en los meses de septiembre y octubre, y a partir de ah\u00ed Espa\u00f1a analizar\u00e1 la oferta y valorar\u00e1 si es suficiente. De no ser as\u00ed, \u00abseguiremos pidiendo un nuevo margen de maniobra\u00bb, porque una de las principales preocupaciones espa\u00f1olas es que en 2019 las especies de estrangulamiento no provoquen la parada de la flota para las especies principales.<\/p>\n","protected":false},"excerpt":{"rendered":"<p>La ministra de Agricultura y Pesca, Alimentaci\u00f3n y Medio Ambiente, Isabel Garc\u00eda Tejerina, ha se\u00f1alado la disposici\u00f3n favorable de la Comisi\u00f3n Europea a autorizar el incremento en el porcentaje de ayudas de la Pol\u00edtica Agr\u00edcola Com\u00fan que podr\u00e1 abonarse a partir del pr\u00f3ximo 16 de octubre, con el objetivo de mejorar la liquidez de las<\/p>\n","protected":false},"author":1,"featured_media":75888,"comment_status":"closed","ping_status":"closed","sticky":false,"template":"","format":"standard","meta":{"footnotes":""},"categories":[343],"tags":[],"class_list":{"0":"post-75887","1":"post","2":"type-post","3":"status-publish","4":"format-standard","5":"has-post-thumbnail","7":"category-actualidad"},"aioseo_notices":[],"aioseo_head":"\n\t\t<!-- All in One SEO Pro 4.9.6.2 - aioseo.com -->\n\t<meta name=\"description\" content=\"La ministra de Agricultura y Pesca, Alimentaci\u00f3n y Medio Ambiente, Isabel Garc\u00eda Tejerina, ha se\u00f1alado la disposici\u00f3n favorable de la Comisi\u00f3n Europea a autorizar el incremento en el porcentaje de ayudas de la Pol\u00edtica Agr\u00edcola Com\u00fan que podr\u00e1 abonarse a partir del pr\u00f3ximo 16 de octubre, con el objetivo de mejorar la liquidez de las\" \/>\n\t<meta name=\"robots\" content=\"max-image-preview:large\" \/>\n\t<meta name=\"author\" content=\"Cand\u00e1s 365\"\/>\n\t<meta name=\"google-site-verification\" content=\"UA-32230408-1\" \/>\n\t<meta name=\"msvalidate.01\" content=\"354F3CDFB2DA171B47FBE9ABF1F88D5\" \/>\n\t<meta name=\"keywords\" content=\"actualidad\" \/>\n\t<link rel=\"canonical\" href=\"https:\/\/candas365.es\/noticias\/garcia-tejerina-senala-la-disposicion-favorable-de-la-comision-a-autorizar-el-adelanto-de-los-pagos-de-la-pac\/\" \/>\n\t<meta name=\"generator\" content=\"All in One SEO Pro (AIOSEO) 4.9.6.2\" \/>\n\t\t<meta property=\"og:locale\" content=\"es_ES\" \/>\n\t\t<meta property=\"og:site_name\" content=\"Cand\u00e1s 365\" \/>\n\t\t<meta property=\"og:type\" content=\"article\" \/>\n\t\t<meta property=\"og:title\" content=\"Garc\u00eda Tejerina se\u00f1ala la disposici\u00f3n favorable de la Comisi\u00f3n a autorizar el adelanto de los pagos de la PAC | Cand\u00e1s 365\" \/>\n\t\t<meta property=\"og:description\" content=\"La ministra de Agricultura y Pesca, Alimentaci\u00f3n y Medio Ambiente, Isabel Garc\u00eda Tejerina, ha se\u00f1alado la disposici\u00f3n favorable de la Comisi\u00f3n Europea a autorizar el incremento en el porcentaje de ayudas de la Pol\u00edtica Agr\u00edcola Com\u00fan que podr\u00e1 abonarse a partir del pr\u00f3ximo 16 de octubre, con el objetivo de mejorar la liquidez de las\" \/>\n\t\t<meta property=\"og:url\" content=\"https:\/\/candas365.es\/noticias\/garcia-tejerina-senala-la-disposicion-favorable-de-la-comision-a-autorizar-el-adelanto-de-los-pagos-de-la-pac\/\" \/>\n\t\t<meta property=\"og:image\" content=\"https:\/\/candas365.es\/noticias\/wp-content\/uploads\/2017\/07\/17072017-tejerina.jpg\" \/>\n\t\t<meta property=\"og:image:secure_url\" content=\"https:\/\/candas365.es\/noticias\/wp-content\/uploads\/2017\/07\/17072017-tejerina.jpg\" \/>\n\t\t<meta property=\"og:image:width\" content=\"496\" \/>\n\t\t<meta property=\"og:image:height\" content=\"329\" \/>\n\t\t<meta property=\"article:published_time\" content=\"2017-07-18T17:50:47+00:00\" \/>\n\t\t<meta property=\"article:modified_time\" content=\"2017-07-18T17:50:47+00:00\" \/>\n\t\t<meta property=\"article:publisher\" content=\"https:\/\/www.facebook.com\/Nachofdezber\" \/>\n\t\t<meta property=\"article:author\" content=\"https:\/\/www.facebook.com\/carrenoactualidad\" \/>\n\t\t<meta name=\"twitter:card\" content=\"summary_large_image\" \/>\n\t\t<meta name=\"twitter:site\" content=\"@NabercoDigital\" \/>\n\t\t<meta name=\"twitter:title\" content=\"Garc\u00eda Tejerina se\u00f1ala la disposici\u00f3n favorable de la Comisi\u00f3n a autorizar el adelanto de los pagos de la PAC | Cand\u00e1s 365\" \/>\n\t\t<meta name=\"twitter:description\" content=\"La ministra de Agricultura y Pesca, Alimentaci\u00f3n y Medio Ambiente, Isabel Garc\u00eda Tejerina, ha se\u00f1alado la disposici\u00f3n favorable de la Comisi\u00f3n Europea a autorizar el incremento en el porcentaje de ayudas de la Pol\u00edtica Agr\u00edcola Com\u00fan que podr\u00e1 abonarse a partir del pr\u00f3ximo 16 de octubre, con el objetivo de mejorar la liquidez de las\" \/>\n\t\t<meta name=\"twitter:creator\" content=\"@nbasturias\" \/>\n\t\t<meta name=\"twitter:image\" content=\"https:\/\/candas365.es\/noticias\/wp-content\/uploads\/2017\/07\/17072017-tejerina.jpg\" \/>\n\t\t<meta name=\"twitter:label1\" content=\"Escrito por\" \/>\n\t\t<meta name=\"twitter:data1\" content=\"Cand\u00e1s 365\" \/>\n\t\t<meta name=\"twitter:label2\" content=\"Tiempo de lectura estimado\" \/>\n\t\t<meta name=\"twitter:data2\" content=\"4 minutos\" \/>\n\t\t<script type=\"application\/ld+json\" class=\"aioseo-schema\">\n\t\t\t{\"@context\":\"https:\\\/\\\/schema.org\",\"@graph\":[{\"@type\":\"BreadcrumbList\",\"@id\":\"https:\\\/\\\/candas365.es\\\/noticias\\\/garcia-tejerina-senala-la-disposicion-favorable-de-la-comision-a-autorizar-el-adelanto-de-los-pagos-de-la-pac\\\/#breadcrumblist\",\"itemListElement\":[{\"@type\":\"ListItem\",\"@id\":\"https:\\\/\\\/candas365.es\\\/noticias#listItem\",\"position\":1,\"name\":\"Home\",\"item\":\"https:\\\/\\\/candas365.es\\\/noticias\",\"nextItem\":{\"@type\":\"ListItem\",\"@id\":\"https:\\\/\\\/candas365.es\\\/noticias\\\/category\\\/actualidad\\\/#listItem\",\"name\":\"Actualidad\"}},{\"@type\":\"ListItem\",\"@id\":\"https:\\\/\\\/candas365.es\\\/noticias\\\/category\\\/actualidad\\\/#listItem\",\"position\":2,\"name\":\"Actualidad\",\"item\":\"https:\\\/\\\/candas365.es\\\/noticias\\\/category\\\/actualidad\\\/\",\"nextItem\":{\"@type\":\"ListItem\",\"@id\":\"https:\\\/\\\/candas365.es\\\/noticias\\\/garcia-tejerina-senala-la-disposicion-favorable-de-la-comision-a-autorizar-el-adelanto-de-los-pagos-de-la-pac\\\/#listItem\",\"name\":\"Garc\\u00eda Tejerina se\\u00f1ala la disposici\\u00f3n favorable de la Comisi\\u00f3n a autorizar el adelanto de los pagos de la PAC\"},\"previousItem\":{\"@type\":\"ListItem\",\"@id\":\"https:\\\/\\\/candas365.es\\\/noticias#listItem\",\"name\":\"Home\"}},{\"@type\":\"ListItem\",\"@id\":\"https:\\\/\\\/candas365.es\\\/noticias\\\/garcia-tejerina-senala-la-disposicion-favorable-de-la-comision-a-autorizar-el-adelanto-de-los-pagos-de-la-pac\\\/#listItem\",\"position\":3,\"name\":\"Garc\\u00eda Tejerina se\\u00f1ala la disposici\\u00f3n favorable de la Comisi\\u00f3n a autorizar el adelanto de los pagos de la PAC\",\"previousItem\":{\"@type\":\"ListItem\",\"@id\":\"https:\\\/\\\/candas365.es\\\/noticias\\\/category\\\/actualidad\\\/#listItem\",\"name\":\"Actualidad\"}}]},{\"@type\":\"NewsArticle\",\"@id\":\"https:\\\/\\\/candas365.es\\\/noticias\\\/garcia-tejerina-senala-la-disposicion-favorable-de-la-comision-a-autorizar-el-adelanto-de-los-pagos-de-la-pac\\\/#newsarticle\",\"name\":\"Garc\\u00eda Tejerina se\\u00f1ala la disposici\\u00f3n favorable de la Comisi\\u00f3n a autorizar el adelanto de los pagos de la PAC | Cand\\u00e1s 365\",\"headline\":\"Garc\\u00eda Tejerina se\\u00f1ala la disposici\\u00f3n favorable de la Comisi\\u00f3n a autorizar el adelanto de los pagos de la PAC\",\"author\":{\"@id\":\"https:\\\/\\\/candas365.es\\\/noticias\\\/author\\\/admin\\\/#author\"},\"publisher\":{\"@id\":\"https:\\\/\\\/candas365.es\\\/noticias\\\/#organization\"},\"image\":{\"@type\":\"ImageObject\",\"url\":\"https:\\\/\\\/candas365.es\\\/noticias\\\/wp-content\\\/uploads\\\/2017\\\/07\\\/17072017-tejerina.jpg\",\"width\":496,\"height\":329},\"datePublished\":\"2017-07-18T17:50:47+02:00\",\"dateModified\":\"2017-07-18T17:50:47+02:00\",\"inLanguage\":\"es-ES\",\"mainEntityOfPage\":{\"@id\":\"https:\\\/\\\/candas365.es\\\/noticias\\\/garcia-tejerina-senala-la-disposicion-favorable-de-la-comision-a-autorizar-el-adelanto-de-los-pagos-de-la-pac\\\/#webpage\"},\"isPartOf\":{\"@id\":\"https:\\\/\\\/candas365.es\\\/noticias\\\/garcia-tejerina-senala-la-disposicion-favorable-de-la-comision-a-autorizar-el-adelanto-de-los-pagos-de-la-pac\\\/#webpage\"},\"articleSection\":\"Actualidad\",\"dateline\":\"Publicado el julio 18, 2017.\"},{\"@type\":\"Organization\",\"@id\":\"https:\\\/\\\/candas365.es\\\/noticias\\\/#organization\",\"name\":\"Cand\\u00e1s 365\",\"description\":\"Cand\\u00e1s 365 es un diario digital independiente, fundado en 2012, con base en Asturias. Informamos con rigor sobre actualidad, sociedad, cultura y ocio, con una mirada local y global.\",\"url\":\"https:\\\/\\\/candas365.es\\\/noticias\\\/\",\"email\":\"info@candas365.es\",\"telephone\":\"+34652131393\",\"foundingDate\":\"2012-06-10\",\"logo\":{\"@type\":\"ImageObject\",\"url\":\"https:\\\/\\\/candas365.es\\\/noticias\\\/wp-content\\\/uploads\\\/2024\\\/09\\\/Candas-365-Redes.jpg\",\"@id\":\"https:\\\/\\\/candas365.es\\\/noticias\\\/garcia-tejerina-senala-la-disposicion-favorable-de-la-comision-a-autorizar-el-adelanto-de-los-pagos-de-la-pac\\\/#organizationLogo\",\"width\":1152,\"height\":864,\"caption\":\"Cand\\u00e1s 365 Redes\"},\"image\":{\"@id\":\"https:\\\/\\\/candas365.es\\\/noticias\\\/garcia-tejerina-senala-la-disposicion-favorable-de-la-comision-a-autorizar-el-adelanto-de-los-pagos-de-la-pac\\\/#organizationLogo\"},\"sameAs\":[\"https:\\\/\\\/www.facebook.com\\\/Nachofdezber\",\"https:\\\/\\\/x.com\\\/NabercoDigital\",\"https:\\\/\\\/www.instagram.com\\\/nachofdezber\\\/\",\"https:\\\/\\\/www.youtube.com\\\/channel\\\/UCZP-2wLEB9Rv6erhFmqVnvg\"],\"address\":{\"@id\":\"https:\\\/\\\/candas365.es\\\/noticias\\\/#postaladdress\",\"@type\":\"PostalAddress\",\"streetAddress\":\"san antonio 4, san antonio 4\",\"postalCode\":\"33430\",\"addressLocality\":\"Cand\\u00e1s\",\"addressRegion\":\"Asturias\",\"addressCountry\":\"ES\"}},{\"@type\":\"Person\",\"@id\":\"https:\\\/\\\/candas365.es\\\/noticias\\\/author\\\/admin\\\/#author\",\"url\":\"https:\\\/\\\/candas365.es\\\/noticias\\\/author\\\/admin\\\/\",\"name\":\"Cand\\u00e1s 365\",\"image\":{\"@type\":\"ImageObject\",\"@id\":\"https:\\\/\\\/candas365.es\\\/noticias\\\/garcia-tejerina-senala-la-disposicion-favorable-de-la-comision-a-autorizar-el-adelanto-de-los-pagos-de-la-pac\\\/#authorImage\",\"url\":\"https:\\\/\\\/secure.gravatar.com\\\/avatar\\\/496a8e03d0c493ede1718b7934145dbdf8d89be1036b0eec9544e1094c9de390?s=96&d=mm&r=g\",\"width\":96,\"height\":96,\"caption\":\"Cand\\u00e1s 365\"},\"sameAs\":[\"https:\\\/\\\/www.facebook.com\\\/carrenoactualidad\",\"https:\\\/\\\/twitter.com\\\/nbasturias\",\"https:\\\/\\\/www.instagram.com\\\/nachofdezber\\\/\",\"https:\\\/\\\/www.youtube.com\\\/channel\\\/UCZP-2wLEB9Rv6erhFmqVnvg\"]},{\"@type\":\"WebPage\",\"@id\":\"https:\\\/\\\/candas365.es\\\/noticias\\\/garcia-tejerina-senala-la-disposicion-favorable-de-la-comision-a-autorizar-el-adelanto-de-los-pagos-de-la-pac\\\/#webpage\",\"url\":\"https:\\\/\\\/candas365.es\\\/noticias\\\/garcia-tejerina-senala-la-disposicion-favorable-de-la-comision-a-autorizar-el-adelanto-de-los-pagos-de-la-pac\\\/\",\"name\":\"Garc\\u00eda Tejerina se\\u00f1ala la disposici\\u00f3n favorable de la Comisi\\u00f3n a autorizar el adelanto de los pagos de la PAC | Cand\\u00e1s 365\",\"description\":\"La ministra de Agricultura y Pesca, Alimentaci\\u00f3n y Medio Ambiente, Isabel Garc\\u00eda Tejerina, ha se\\u00f1alado la disposici\\u00f3n favorable de la Comisi\\u00f3n Europea a autorizar el incremento en el porcentaje de ayudas de la Pol\\u00edtica Agr\\u00edcola Com\\u00fan que podr\\u00e1 abonarse a partir del pr\\u00f3ximo 16 de octubre, con el objetivo de mejorar la liquidez de las\",\"inLanguage\":\"es-ES\",\"isPartOf\":{\"@id\":\"https:\\\/\\\/candas365.es\\\/noticias\\\/#website\"},\"breadcrumb\":{\"@id\":\"https:\\\/\\\/candas365.es\\\/noticias\\\/garcia-tejerina-senala-la-disposicion-favorable-de-la-comision-a-autorizar-el-adelanto-de-los-pagos-de-la-pac\\\/#breadcrumblist\"},\"author\":{\"@id\":\"https:\\\/\\\/candas365.es\\\/noticias\\\/author\\\/admin\\\/#author\"},\"creator\":{\"@id\":\"https:\\\/\\\/candas365.es\\\/noticias\\\/author\\\/admin\\\/#author\"},\"image\":{\"@type\":\"ImageObject\",\"url\":\"https:\\\/\\\/candas365.es\\\/noticias\\\/wp-content\\\/uploads\\\/2017\\\/07\\\/17072017-tejerina.jpg\",\"@id\":\"https:\\\/\\\/candas365.es\\\/noticias\\\/garcia-tejerina-senala-la-disposicion-favorable-de-la-comision-a-autorizar-el-adelanto-de-los-pagos-de-la-pac\\\/#mainImage\",\"width\":496,\"height\":329},\"primaryImageOfPage\":{\"@id\":\"https:\\\/\\\/candas365.es\\\/noticias\\\/garcia-tejerina-senala-la-disposicion-favorable-de-la-comision-a-autorizar-el-adelanto-de-los-pagos-de-la-pac\\\/#mainImage\"},\"datePublished\":\"2017-07-18T17:50:47+02:00\",\"dateModified\":\"2017-07-18T17:50:47+02:00\"},{\"@type\":\"WebSite\",\"@id\":\"https:\\\/\\\/candas365.es\\\/noticias\\\/#website\",\"url\":\"https:\\\/\\\/candas365.es\\\/noticias\\\/\",\"name\":\"Cand\\u00e1s 365\",\"alternateName\":\"Cand\\u00e1s 365 Noticias\",\"description\":\"Actualidad desde Carre\\u00f1o para el mundo\",\"inLanguage\":\"es-ES\",\"publisher\":{\"@id\":\"https:\\\/\\\/candas365.es\\\/noticias\\\/#organization\"}}]}\n\t\t<\/script>\n\t\t<!-- All in One SEO Pro -->\r\n\t\t<title>Garc\u00eda Tejerina se\u00f1ala la disposici\u00f3n favorable de la Comisi\u00f3n a autorizar el adelanto de los pagos de la PAC | Cand\u00e1s 365<\/title>\n\n","aioseo_head_json":{"title":"Garc\u00eda Tejerina se\u00f1ala la disposici\u00f3n favorable de la Comisi\u00f3n a autorizar el adelanto de los pagos de la PAC | Cand\u00e1s 365","description":"La ministra de Agricultura y Pesca, Alimentaci\u00f3n y Medio Ambiente, Isabel Garc\u00eda Tejerina, ha se\u00f1alado la disposici\u00f3n favorable de la Comisi\u00f3n Europea a autorizar el incremento en el porcentaje de ayudas de la Pol\u00edtica Agr\u00edcola Com\u00fan que podr\u00e1 abonarse a partir del pr\u00f3ximo 16 de octubre, con el objetivo de mejorar la liquidez de las","canonical_url":"https:\/\/candas365.es\/noticias\/garcia-tejerina-senala-la-disposicion-favorable-de-la-comision-a-autorizar-el-adelanto-de-los-pagos-de-la-pac\/","robots":"max-image-preview:large","keywords":"actualidad","webmasterTools":{"google-site-verification":"UA-32230408-1","msvalidate.01":"354F3CDFB2DA171B47FBE9ABF1F88D5","miscellaneous":""},"schema":{"@context":"https:\/\/schema.org","@graph":[{"@type":"BreadcrumbList","@id":"https:\/\/candas365.es\/noticias\/garcia-tejerina-senala-la-disposicion-favorable-de-la-comision-a-autorizar-el-adelanto-de-los-pagos-de-la-pac\/#breadcrumblist","itemListElement":[{"@type":"ListItem","@id":"https:\/\/candas365.es\/noticias#listItem","position":1,"name":"Home","item":"https:\/\/candas365.es\/noticias","nextItem":{"@type":"ListItem","@id":"https:\/\/candas365.es\/noticias\/category\/actualidad\/#listItem","name":"Actualidad"}},{"@type":"ListItem","@id":"https:\/\/candas365.es\/noticias\/category\/actualidad\/#listItem","position":2,"name":"Actualidad","item":"https:\/\/candas365.es\/noticias\/category\/actualidad\/","nextItem":{"@type":"ListItem","@id":"https:\/\/candas365.es\/noticias\/garcia-tejerina-senala-la-disposicion-favorable-de-la-comision-a-autorizar-el-adelanto-de-los-pagos-de-la-pac\/#listItem","name":"Garc\u00eda Tejerina se\u00f1ala la disposici\u00f3n favorable de la Comisi\u00f3n a autorizar el adelanto de los pagos de la PAC"},"previousItem":{"@type":"ListItem","@id":"https:\/\/candas365.es\/noticias#listItem","name":"Home"}},{"@type":"ListItem","@id":"https:\/\/candas365.es\/noticias\/garcia-tejerina-senala-la-disposicion-favorable-de-la-comision-a-autorizar-el-adelanto-de-los-pagos-de-la-pac\/#listItem","position":3,"name":"Garc\u00eda Tejerina se\u00f1ala la disposici\u00f3n favorable de la Comisi\u00f3n a autorizar el adelanto de los pagos de la PAC","previousItem":{"@type":"ListItem","@id":"https:\/\/candas365.es\/noticias\/category\/actualidad\/#listItem","name":"Actualidad"}}]},{"@type":"NewsArticle","@id":"https:\/\/candas365.es\/noticias\/garcia-tejerina-senala-la-disposicion-favorable-de-la-comision-a-autorizar-el-adelanto-de-los-pagos-de-la-pac\/#newsarticle","name":"Garc\u00eda Tejerina se\u00f1ala la disposici\u00f3n favorable de la Comisi\u00f3n a autorizar el adelanto de los pagos de la PAC | Cand\u00e1s 365","headline":"Garc\u00eda Tejerina se\u00f1ala la disposici\u00f3n favorable de la Comisi\u00f3n a autorizar el adelanto de los pagos de la PAC","author":{"@id":"https:\/\/candas365.es\/noticias\/author\/admin\/#author"},"publisher":{"@id":"https:\/\/candas365.es\/noticias\/#organization"},"image":{"@type":"ImageObject","url":"https:\/\/candas365.es\/noticias\/wp-content\/uploads\/2017\/07\/17072017-tejerina.jpg","width":496,"height":329},"datePublished":"2017-07-18T17:50:47+02:00","dateModified":"2017-07-18T17:50:47+02:00","inLanguage":"es-ES","mainEntityOfPage":{"@id":"https:\/\/candas365.es\/noticias\/garcia-tejerina-senala-la-disposicion-favorable-de-la-comision-a-autorizar-el-adelanto-de-los-pagos-de-la-pac\/#webpage"},"isPartOf":{"@id":"https:\/\/candas365.es\/noticias\/garcia-tejerina-senala-la-disposicion-favorable-de-la-comision-a-autorizar-el-adelanto-de-los-pagos-de-la-pac\/#webpage"},"articleSection":"Actualidad","dateline":"Publicado el julio 18, 2017."},{"@type":"Organization","@id":"https:\/\/candas365.es\/noticias\/#organization","name":"Cand\u00e1s 365","description":"Cand\u00e1s 365 es un diario digital independiente, fundado en 2012, con base en Asturias. Informamos con rigor sobre actualidad, sociedad, cultura y ocio, con una mirada local y global.","url":"https:\/\/candas365.es\/noticias\/","email":"info@candas365.es","telephone":"+34652131393","foundingDate":"2012-06-10","logo":{"@type":"ImageObject","url":"https:\/\/candas365.es\/noticias\/wp-content\/uploads\/2024\/09\/Candas-365-Redes.jpg","@id":"https:\/\/candas365.es\/noticias\/garcia-tejerina-senala-la-disposicion-favorable-de-la-comision-a-autorizar-el-adelanto-de-los-pagos-de-la-pac\/#organizationLogo","width":1152,"height":864,"caption":"Cand\u00e1s 365 Redes"},"image":{"@id":"https:\/\/candas365.es\/noticias\/garcia-tejerina-senala-la-disposicion-favorable-de-la-comision-a-autorizar-el-adelanto-de-los-pagos-de-la-pac\/#organizationLogo"},"sameAs":["https:\/\/www.facebook.com\/Nachofdezber","https:\/\/x.com\/NabercoDigital","https:\/\/www.instagram.com\/nachofdezber\/","https:\/\/www.youtube.com\/channel\/UCZP-2wLEB9Rv6erhFmqVnvg"],"address":{"@id":"https:\/\/candas365.es\/noticias\/#postaladdress","@type":"PostalAddress","streetAddress":"san antonio 4, san antonio 4","postalCode":"33430","addressLocality":"Cand\u00e1s","addressRegion":"Asturias","addressCountry":"ES"}},{"@type":"Person","@id":"https:\/\/candas365.es\/noticias\/author\/admin\/#author","url":"https:\/\/candas365.es\/noticias\/author\/admin\/","name":"Cand\u00e1s 365","image":{"@type":"ImageObject","@id":"https:\/\/candas365.es\/noticias\/garcia-tejerina-senala-la-disposicion-favorable-de-la-comision-a-autorizar-el-adelanto-de-los-pagos-de-la-pac\/#authorImage","url":"https:\/\/secure.gravatar.com\/avatar\/496a8e03d0c493ede1718b7934145dbdf8d89be1036b0eec9544e1094c9de390?s=96&d=mm&r=g","width":96,"height":96,"caption":"Cand\u00e1s 365"},"sameAs":["https:\/\/www.facebook.com\/carrenoactualidad","https:\/\/twitter.com\/nbasturias","https:\/\/www.instagram.com\/nachofdezber\/","https:\/\/www.youtube.com\/channel\/UCZP-2wLEB9Rv6erhFmqVnvg"]},{"@type":"WebPage","@id":"https:\/\/candas365.es\/noticias\/garcia-tejerina-senala-la-disposicion-favorable-de-la-comision-a-autorizar-el-adelanto-de-los-pagos-de-la-pac\/#webpage","url":"https:\/\/candas365.es\/noticias\/garcia-tejerina-senala-la-disposicion-favorable-de-la-comision-a-autorizar-el-adelanto-de-los-pagos-de-la-pac\/","name":"Garc\u00eda Tejerina se\u00f1ala la disposici\u00f3n favorable de la Comisi\u00f3n a autorizar el adelanto de los pagos de la PAC | Cand\u00e1s 365","description":"La ministra de Agricultura y Pesca, Alimentaci\u00f3n y Medio Ambiente, Isabel Garc\u00eda Tejerina, ha se\u00f1alado la disposici\u00f3n favorable de la Comisi\u00f3n Europea a autorizar el incremento en el porcentaje de ayudas de la Pol\u00edtica Agr\u00edcola Com\u00fan que podr\u00e1 abonarse a partir del pr\u00f3ximo 16 de octubre, con el objetivo de mejorar la liquidez de las","inLanguage":"es-ES","isPartOf":{"@id":"https:\/\/candas365.es\/noticias\/#website"},"breadcrumb":{"@id":"https:\/\/candas365.es\/noticias\/garcia-tejerina-senala-la-disposicion-favorable-de-la-comision-a-autorizar-el-adelanto-de-los-pagos-de-la-pac\/#breadcrumblist"},"author":{"@id":"https:\/\/candas365.es\/noticias\/author\/admin\/#author"},"creator":{"@id":"https:\/\/candas365.es\/noticias\/author\/admin\/#author"},"image":{"@type":"ImageObject","url":"https:\/\/candas365.es\/noticias\/wp-content\/uploads\/2017\/07\/17072017-tejerina.jpg","@id":"https:\/\/candas365.es\/noticias\/garcia-tejerina-senala-la-disposicion-favorable-de-la-comision-a-autorizar-el-adelanto-de-los-pagos-de-la-pac\/#mainImage","width":496,"height":329},"primaryImageOfPage":{"@id":"https:\/\/candas365.es\/noticias\/garcia-tejerina-senala-la-disposicion-favorable-de-la-comision-a-autorizar-el-adelanto-de-los-pagos-de-la-pac\/#mainImage"},"datePublished":"2017-07-18T17:50:47+02:00","dateModified":"2017-07-18T17:50:47+02:00"},{"@type":"WebSite","@id":"https:\/\/candas365.es\/noticias\/#website","url":"https:\/\/candas365.es\/noticias\/","name":"Cand\u00e1s 365","alternateName":"Cand\u00e1s 365 Noticias","description":"Actualidad desde Carre\u00f1o para el mundo","inLanguage":"es-ES","publisher":{"@id":"https:\/\/candas365.es\/noticias\/#organization"}}]},"og:locale":"es_ES","og:site_name":"Cand\u00e1s 365","og:type":"article","og:title":"Garc\u00eda Tejerina se\u00f1ala la disposici\u00f3n favorable de la Comisi\u00f3n a autorizar el adelanto de los pagos de la PAC | Cand\u00e1s 365","og:description":"La ministra de Agricultura y Pesca, Alimentaci\u00f3n y Medio Ambiente, Isabel Garc\u00eda Tejerina, ha se\u00f1alado la disposici\u00f3n favorable de la Comisi\u00f3n Europea a autorizar el incremento en el porcentaje de ayudas de la Pol\u00edtica Agr\u00edcola Com\u00fan que podr\u00e1 abonarse a partir del pr\u00f3ximo 16 de octubre, con el objetivo de mejorar la liquidez de las","og:url":"https:\/\/candas365.es\/noticias\/garcia-tejerina-senala-la-disposicion-favorable-de-la-comision-a-autorizar-el-adelanto-de-los-pagos-de-la-pac\/","og:image":"https:\/\/candas365.es\/noticias\/wp-content\/uploads\/2017\/07\/17072017-tejerina.jpg","og:image:secure_url":"https:\/\/candas365.es\/noticias\/wp-content\/uploads\/2017\/07\/17072017-tejerina.jpg","og:image:width":496,"og:image:height":329,"article:published_time":"2017-07-18T17:50:47+00:00","article:modified_time":"2017-07-18T17:50:47+00:00","article:publisher":"https:\/\/www.facebook.com\/Nachofdezber","article:author":"https:\/\/www.facebook.com\/carrenoactualidad","twitter:card":"summary_large_image","twitter:site":"@NabercoDigital","twitter:title":"Garc\u00eda Tejerina se\u00f1ala la disposici\u00f3n favorable de la Comisi\u00f3n a autorizar el adelanto de los pagos de la PAC | Cand\u00e1s 365","twitter:description":"La ministra de Agricultura y Pesca, Alimentaci\u00f3n y Medio Ambiente, Isabel Garc\u00eda Tejerina, ha se\u00f1alado la disposici\u00f3n favorable de la Comisi\u00f3n Europea a autorizar el incremento en el porcentaje de ayudas de la Pol\u00edtica Agr\u00edcola Com\u00fan que podr\u00e1 abonarse a partir del pr\u00f3ximo 16 de octubre, con el objetivo de mejorar la liquidez de las","twitter:creator":"@nbasturias","twitter:image":"https:\/\/candas365.es\/noticias\/wp-content\/uploads\/2017\/07\/17072017-tejerina.jpg","twitter:label1":"Escrito por","twitter:data1":"Cand\u00e1s 365","twitter:label2":"Tiempo de lectura estimado","twitter:data2":"4 minutos"},"aioseo_meta_data":{"post_id":"75887","title":null,"description":null,"keywords":null,"keyphrases":null,"primary_term":null,"canonical_url":null,"og_title":null,"og_description":null,"og_object_type":"default","og_image_type":"default","og_image_url":null,"og_image_width":null,"og_image_height":null,"og_image_custom_url":null,"og_image_custom_fields":null,"og_video":null,"og_custom_url":null,"og_article_section":null,"og_article_tags":null,"twitter_use_og":false,"twitter_card":"default","twitter_image_type":"default","twitter_image_url":null,"twitter_image_custom_url":null,"twitter_image_custom_fields":null,"twitter_title":null,"twitter_description":null,"schema":{"blockGraphs":[],"customGraphs":[],"default":{"data":{"Article":[],"Course":[],"Dataset":[],"FAQPage":[],"Movie":[],"Person":[],"Product":[],"ProductReview":[],"Car":[],"Recipe":[],"Service":[],"SoftwareApplication":[],"WebPage":[]},"graphName":"","isEnabled":true},"graphs":[]},"schema_type":null,"schema_type_options":null,"pillar_content":false,"robots_default":true,"robots_noindex":false,"robots_noarchive":false,"robots_nosnippet":false,"robots_nofollow":false,"robots_noimageindex":false,"robots_noodp":false,"robots_notranslate":false,"robots_max_snippet":null,"robots_max_videopreview":null,"robots_max_imagepreview":"large","priority":null,"frequency":null,"location":null,"local_seo":null,"seo_analyzer_scan_date":"2025-08-25 18:39:25","breadcrumb_settings":null,"limit_modified_date":false,"reviewed_by":null,"open_ai":null,"ai":null,"created":"2020-12-21 12:56:22","updated":"2025-08-25 18:39:25"},"aioseo_breadcrumb":"<div class=\"aioseo-breadcrumbs\"><span class=\"aioseo-breadcrumb\">\n\t<a href=\"https:\/\/candas365.es\/noticias\" title=\"Home\">Home<\/a>\n<\/span><span class=\"aioseo-breadcrumb-separator\">&ndash;<\/span><span class=\"aioseo-breadcrumb\">\n\t<a href=\"https:\/\/candas365.es\/noticias\/category\/actualidad\/\" title=\"Actualidad\">Actualidad<\/a>\n<\/span><span class=\"aioseo-breadcrumb-separator\">&ndash;<\/span><span class=\"aioseo-breadcrumb\">\n\tGarc\u00eda Tejerina se\u00f1ala la disposici\u00f3n favorable de la Comisi\u00f3n a autorizar el adelanto de los pagos de la PAC\n<\/span><\/div>","aioseo_breadcrumb_json":[{"label":"Home","link":"https:\/\/candas365.es\/noticias"},{"label":"Actualidad","link":"https:\/\/candas365.es\/noticias\/category\/actualidad\/"},{"label":"Garc\u00eda Tejerina se\u00f1ala la disposici\u00f3n favorable de la Comisi\u00f3n a autorizar el adelanto de los pagos de la PAC","link":"https:\/\/candas365.es\/noticias\/garcia-tejerina-senala-la-disposicion-favorable-de-la-comision-a-autorizar-el-adelanto-de-los-pagos-de-la-pac\/"}],"_links":{"self":[{"href":"https:\/\/candas365.es\/noticias\/wp-json\/wp\/v2\/posts\/75887","targetHints":{"allow":["GET"]}}],"collection":[{"href":"https:\/\/candas365.es\/noticias\/wp-json\/wp\/v2\/posts"}],"about":[{"href":"https:\/\/candas365.es\/noticias\/wp-json\/wp\/v2\/types\/post"}],"author":[{"embeddable":true,"href":"https:\/\/candas365.es\/noticias\/wp-json\/wp\/v2\/users\/1"}],"replies":[{"embeddable":true,"href":"https:\/\/candas365.es\/noticias\/wp-json\/wp\/v2\/comments?post=75887"}],"version-history":[{"count":0,"href":"https:\/\/candas365.es\/noticias\/wp-json\/wp\/v2\/posts\/75887\/revisions"}],"wp:featuredmedia":[{"embeddable":true,"href":"https:\/\/candas365.es\/noticias\/wp-json\/wp\/v2\/media\/75888"}],"wp:attachment":[{"href":"https:\/\/candas365.es\/noticias\/wp-json\/wp\/v2\/media?parent=75887"}],"wp:term":[{"taxonomy":"category","embeddable":true,"href":"https:\/\/candas365.es\/noticias\/wp-json\/wp\/v2\/categories?post=75887"},{"taxonomy":"post_tag","embeddable":true,"href":"https:\/\/candas365.es\/noticias\/wp-json\/wp\/v2\/tags?post=75887"}],"curies":[{"name":"wp","href":"https:\/\/api.w.org\/{rel}","templated":true}]}}