{"id":75879,"date":"2017-07-18T17:44:34","date_gmt":"2017-07-18T17:44:34","guid":{"rendered":"http:\/\/candas365.es\/noticias\/?p=75879"},"modified":"2017-07-18T17:44:34","modified_gmt":"2017-07-18T17:44:34","slug":"ciudadanos-reclama-medidas-efectivas-para-el-control-de-la-poblacion-de-gaviotas-en-gijon","status":"publish","type":"post","link":"https:\/\/candas365.es\/noticias\/ciudadanos-reclama-medidas-efectivas-para-el-control-de-la-poblacion-de-gaviotas-en-gijon\/","title":{"rendered":"Ciudadanos reclama medidas efectivas para el control de la poblaci\u00f3n de gaviotas en Gij\u00f3n"},"content":{"rendered":"<p><img fetchpriority=\"high\" decoding=\"async\" class=\"alignleft size-medium wp-image-36778\" src=\"https:\/\/candas365.es\/noticias\/wp-content\/uploads\/2016\/11\/gijon-ayto-360x198.jpg\" alt=\"\" width=\"360\" height=\"198\" srcset=\"https:\/\/candas365.es\/noticias\/wp-content\/uploads\/2016\/11\/gijon-ayto-360x198.jpg 360w, https:\/\/candas365.es\/noticias\/wp-content\/uploads\/2016\/11\/gijon-ayto-650x357.jpg 650w, https:\/\/candas365.es\/noticias\/wp-content\/uploads\/2016\/11\/gijon-ayto-150x82.jpg 150w, https:\/\/candas365.es\/noticias\/wp-content\/uploads\/2016\/11\/gijon-ayto-450x247.jpg 450w, https:\/\/candas365.es\/noticias\/wp-content\/uploads\/2016\/11\/gijon-ayto.jpg 655w\" sizes=\"(max-width: 360px) 100vw, 360px\" \/>El portavoz del Grupo Municipal de Ciudadanos, Jos\u00e9 Carlos Fern\u00e1ndez Sarasola, quiere conocer los resultados de la campa\u00f1a de control de gaviotas de este a\u00f1o, as\u00ed como las estimaciones sobre su censo y su evoluci\u00f3n en los \u00faltimos a\u00f1os.<\/p>\n<p>\u201cQueremos conocer el resultado de la campa\u00f1a de este a\u00f1o, desarrollada durante los meses de mayo y junio, y saber si el Ayuntamiento se plantea poner en marcha otras medidas adicionales, ya que el problema sigue estando ah\u00ed\u201d, afirm\u00f3 Fern\u00e1ndez Sarasola.<\/p>\n<p>En ese sentido record\u00f3 que el Ayuntamiento de Gij\u00f3n lleva desde hace veinte a\u00f1os desarrollando campa\u00f1as anuales de retirada de nidos y huevos de gaviotas en el caso urbano como m\u00e9todo para intentar contener su expansi\u00f3n y reducir su poblaci\u00f3n a nivel local.<\/p>\n<p>\u201cA pesar de todos los esfuerzos que realiza el Ayuntamiento, la tozuda realidad demuestra que la poblaci\u00f3n, en el mejor de los casos, se estanca en algunas zonas mientras que en otras contin\u00faa creciendo. Las gaviotas han colonizado la totalidad del casco urbano lo que continua generando numerosas quejas vecinales\u201d, a\u00f1adi\u00f3.<\/p>\n<p>Ante esta situaci\u00f3n desde Ciudadanos se reclama la puesta en marcha de medidas alternativas que puedan resultar m\u00e1s efectivas que la sola retirada de nidos y contribuyan a solventar algunos de los problemas que el exceso de poblaci\u00f3n de gaviotas ocasiona a los ciudadanos de Gij\u00f3n como son la suciedad de la v\u00eda p\u00fablica, el deterioro de edificios y mobiliario urbano, y, muy especialmente, el molesto ruido que producen durante la \u00e9poca de reproducci\u00f3n<\/p>\n<p>&nbsp;<\/p>\n","protected":false},"excerpt":{"rendered":"<p>El portavoz del Grupo Municipal de Ciudadanos, Jos\u00e9 Carlos Fern\u00e1ndez Sarasola, quiere conocer los resultados de la campa\u00f1a de control de gaviotas de este a\u00f1o, as\u00ed como las estimaciones sobre su censo y su evoluci\u00f3n en los \u00faltimos a\u00f1os. \u201cQueremos conocer el resultado de la campa\u00f1a de este a\u00f1o, desarrollada durante los meses de mayo<\/p>\n","protected":false},"author":1,"featured_media":36778,"comment_status":"closed","ping_status":"closed","sticky":false,"template":"","format":"standard","meta":{"footnotes":""},"categories":[7],"tags":[],"class_list":{"0":"post-75879","1":"post","2":"type-post","3":"status-publish","4":"format-standard","5":"has-post-thumbnail","7":"category-asturias"},"aioseo_notices":[],"aioseo_head":"\n\t\t<!-- All in One SEO Pro 4.9.6.2 - aioseo.com -->\n\t<meta name=\"description\" content=\"El portavoz del Grupo Municipal de Ciudadanos, Jos\u00e9 Carlos Fern\u00e1ndez Sarasola, quiere conocer los resultados de la campa\u00f1a de control de gaviotas de este a\u00f1o, as\u00ed como las estimaciones sobre su censo y su evoluci\u00f3n en los \u00faltimos a\u00f1os. \u201cQueremos conocer el resultado de la campa\u00f1a de este a\u00f1o, desarrollada durante los meses de mayo\" \/>\n\t<meta name=\"robots\" content=\"max-image-preview:large\" \/>\n\t<meta name=\"author\" content=\"Cand\u00e1s 365\"\/>\n\t<meta name=\"google-site-verification\" content=\"UA-32230408-1\" \/>\n\t<meta name=\"msvalidate.01\" content=\"354F3CDFB2DA171B47FBE9ABF1F88D5\" \/>\n\t<meta name=\"keywords\" content=\"asturias\" \/>\n\t<link rel=\"canonical\" href=\"https:\/\/candas365.es\/noticias\/ciudadanos-reclama-medidas-efectivas-para-el-control-de-la-poblacion-de-gaviotas-en-gijon\/\" \/>\n\t<meta name=\"generator\" content=\"All in One SEO Pro (AIOSEO) 4.9.6.2\" \/>\n\t\t<meta property=\"og:locale\" content=\"es_ES\" \/>\n\t\t<meta property=\"og:site_name\" content=\"Cand\u00e1s 365\" \/>\n\t\t<meta property=\"og:type\" content=\"article\" \/>\n\t\t<meta property=\"og:title\" content=\"Ciudadanos reclama medidas efectivas para el control de la poblaci\u00f3n de gaviotas en Gij\u00f3n | Cand\u00e1s 365\" \/>\n\t\t<meta property=\"og:description\" content=\"El portavoz del Grupo Municipal de Ciudadanos, Jos\u00e9 Carlos Fern\u00e1ndez Sarasola, quiere conocer los resultados de la campa\u00f1a de control de gaviotas de este a\u00f1o, as\u00ed como las estimaciones sobre su censo y su evoluci\u00f3n en los \u00faltimos a\u00f1os. \u201cQueremos conocer el resultado de la campa\u00f1a de este a\u00f1o, desarrollada durante los meses de mayo\" \/>\n\t\t<meta property=\"og:url\" content=\"https:\/\/candas365.es\/noticias\/ciudadanos-reclama-medidas-efectivas-para-el-control-de-la-poblacion-de-gaviotas-en-gijon\/\" \/>\n\t\t<meta property=\"og:image\" content=\"https:\/\/candas365.es\/noticias\/wp-content\/uploads\/2016\/11\/gijon-ayto.jpg\" \/>\n\t\t<meta property=\"og:image:secure_url\" content=\"https:\/\/candas365.es\/noticias\/wp-content\/uploads\/2016\/11\/gijon-ayto.jpg\" \/>\n\t\t<meta property=\"og:image:width\" content=\"655\" \/>\n\t\t<meta property=\"og:image:height\" content=\"360\" \/>\n\t\t<meta property=\"article:published_time\" content=\"2017-07-18T17:44:34+00:00\" \/>\n\t\t<meta property=\"article:modified_time\" content=\"2017-07-18T17:44:34+00:00\" \/>\n\t\t<meta property=\"article:publisher\" content=\"https:\/\/www.facebook.com\/Nachofdezber\" \/>\n\t\t<meta property=\"article:author\" content=\"https:\/\/www.facebook.com\/carrenoactualidad\" \/>\n\t\t<meta name=\"twitter:card\" content=\"summary_large_image\" \/>\n\t\t<meta name=\"twitter:site\" content=\"@NabercoDigital\" \/>\n\t\t<meta name=\"twitter:title\" content=\"Ciudadanos reclama medidas efectivas para el control de la poblaci\u00f3n de gaviotas en Gij\u00f3n | Cand\u00e1s 365\" \/>\n\t\t<meta name=\"twitter:description\" content=\"El portavoz del Grupo Municipal de Ciudadanos, Jos\u00e9 Carlos Fern\u00e1ndez Sarasola, quiere conocer los resultados de la campa\u00f1a de control de gaviotas de este a\u00f1o, as\u00ed como las estimaciones sobre su censo y su evoluci\u00f3n en los \u00faltimos a\u00f1os. \u201cQueremos conocer el resultado de la campa\u00f1a de este a\u00f1o, desarrollada durante los meses de mayo\" \/>\n\t\t<meta name=\"twitter:creator\" content=\"@nbasturias\" \/>\n\t\t<meta name=\"twitter:image\" content=\"https:\/\/candas365.es\/noticias\/wp-content\/uploads\/2016\/11\/gijon-ayto.jpg\" \/>\n\t\t<meta name=\"twitter:label1\" content=\"Escrito por\" \/>\n\t\t<meta name=\"twitter:data1\" content=\"Cand\u00e1s 365\" \/>\n\t\t<meta name=\"twitter:label2\" content=\"Tiempo de lectura estimado\" \/>\n\t\t<meta name=\"twitter:data2\" content=\"1 minuto\" \/>\n\t\t<script type=\"application\/ld+json\" class=\"aioseo-schema\">\n\t\t\t{\"@context\":\"https:\\\/\\\/schema.org\",\"@graph\":[{\"@type\":\"BreadcrumbList\",\"@id\":\"https:\\\/\\\/candas365.es\\\/noticias\\\/ciudadanos-reclama-medidas-efectivas-para-el-control-de-la-poblacion-de-gaviotas-en-gijon\\\/#breadcrumblist\",\"itemListElement\":[{\"@type\":\"ListItem\",\"@id\":\"https:\\\/\\\/candas365.es\\\/noticias#listItem\",\"position\":1,\"name\":\"Home\",\"item\":\"https:\\\/\\\/candas365.es\\\/noticias\",\"nextItem\":{\"@type\":\"ListItem\",\"@id\":\"https:\\\/\\\/candas365.es\\\/noticias\\\/category\\\/asturias\\\/#listItem\",\"name\":\"Asturias\"}},{\"@type\":\"ListItem\",\"@id\":\"https:\\\/\\\/candas365.es\\\/noticias\\\/category\\\/asturias\\\/#listItem\",\"position\":2,\"name\":\"Asturias\",\"item\":\"https:\\\/\\\/candas365.es\\\/noticias\\\/category\\\/asturias\\\/\",\"nextItem\":{\"@type\":\"ListItem\",\"@id\":\"https:\\\/\\\/candas365.es\\\/noticias\\\/ciudadanos-reclama-medidas-efectivas-para-el-control-de-la-poblacion-de-gaviotas-en-gijon\\\/#listItem\",\"name\":\"Ciudadanos reclama medidas efectivas para el control de la poblaci\\u00f3n de gaviotas en Gij\\u00f3n\"},\"previousItem\":{\"@type\":\"ListItem\",\"@id\":\"https:\\\/\\\/candas365.es\\\/noticias#listItem\",\"name\":\"Home\"}},{\"@type\":\"ListItem\",\"@id\":\"https:\\\/\\\/candas365.es\\\/noticias\\\/ciudadanos-reclama-medidas-efectivas-para-el-control-de-la-poblacion-de-gaviotas-en-gijon\\\/#listItem\",\"position\":3,\"name\":\"Ciudadanos reclama medidas efectivas para el control de la poblaci\\u00f3n de gaviotas en Gij\\u00f3n\",\"previousItem\":{\"@type\":\"ListItem\",\"@id\":\"https:\\\/\\\/candas365.es\\\/noticias\\\/category\\\/asturias\\\/#listItem\",\"name\":\"Asturias\"}}]},{\"@type\":\"NewsArticle\",\"@id\":\"https:\\\/\\\/candas365.es\\\/noticias\\\/ciudadanos-reclama-medidas-efectivas-para-el-control-de-la-poblacion-de-gaviotas-en-gijon\\\/#newsarticle\",\"name\":\"Ciudadanos reclama medidas efectivas para el control de la poblaci\\u00f3n de gaviotas en Gij\\u00f3n | Cand\\u00e1s 365\",\"headline\":\"Ciudadanos reclama medidas efectivas para el control de la poblaci\\u00f3n de gaviotas en Gij\\u00f3n\",\"author\":{\"@id\":\"https:\\\/\\\/candas365.es\\\/noticias\\\/author\\\/admin\\\/#author\"},\"publisher\":{\"@id\":\"https:\\\/\\\/candas365.es\\\/noticias\\\/#organization\"},\"image\":{\"@type\":\"ImageObject\",\"url\":\"https:\\\/\\\/candas365.es\\\/noticias\\\/wp-content\\\/uploads\\\/2016\\\/11\\\/gijon-ayto.jpg\",\"width\":655,\"height\":360},\"datePublished\":\"2017-07-18T17:44:34+02:00\",\"dateModified\":\"2017-07-18T17:44:34+02:00\",\"inLanguage\":\"es-ES\",\"mainEntityOfPage\":{\"@id\":\"https:\\\/\\\/candas365.es\\\/noticias\\\/ciudadanos-reclama-medidas-efectivas-para-el-control-de-la-poblacion-de-gaviotas-en-gijon\\\/#webpage\"},\"isPartOf\":{\"@id\":\"https:\\\/\\\/candas365.es\\\/noticias\\\/ciudadanos-reclama-medidas-efectivas-para-el-control-de-la-poblacion-de-gaviotas-en-gijon\\\/#webpage\"},\"articleSection\":\"Asturias\",\"dateline\":\"Publicado el julio 18, 2017.\"},{\"@type\":\"Organization\",\"@id\":\"https:\\\/\\\/candas365.es\\\/noticias\\\/#organization\",\"name\":\"Cand\\u00e1s 365\",\"description\":\"Cand\\u00e1s 365 es un diario digital independiente, fundado en 2012, con base en Asturias. Informamos con rigor sobre actualidad, sociedad, cultura y ocio, con una mirada local y global.\",\"url\":\"https:\\\/\\\/candas365.es\\\/noticias\\\/\",\"email\":\"info@candas365.es\",\"telephone\":\"+34652131393\",\"foundingDate\":\"2012-06-10\",\"logo\":{\"@type\":\"ImageObject\",\"url\":\"https:\\\/\\\/candas365.es\\\/noticias\\\/wp-content\\\/uploads\\\/2024\\\/09\\\/Candas-365-Redes.jpg\",\"@id\":\"https:\\\/\\\/candas365.es\\\/noticias\\\/ciudadanos-reclama-medidas-efectivas-para-el-control-de-la-poblacion-de-gaviotas-en-gijon\\\/#organizationLogo\",\"width\":1152,\"height\":864,\"caption\":\"Cand\\u00e1s 365 Redes\"},\"image\":{\"@id\":\"https:\\\/\\\/candas365.es\\\/noticias\\\/ciudadanos-reclama-medidas-efectivas-para-el-control-de-la-poblacion-de-gaviotas-en-gijon\\\/#organizationLogo\"},\"sameAs\":[\"https:\\\/\\\/www.facebook.com\\\/Nachofdezber\",\"https:\\\/\\\/x.com\\\/NabercoDigital\",\"https:\\\/\\\/www.instagram.com\\\/nachofdezber\\\/\",\"https:\\\/\\\/www.youtube.com\\\/channel\\\/UCZP-2wLEB9Rv6erhFmqVnvg\"],\"address\":{\"@id\":\"https:\\\/\\\/candas365.es\\\/noticias\\\/#postaladdress\",\"@type\":\"PostalAddress\",\"streetAddress\":\"san antonio 4, san antonio 4\",\"postalCode\":\"33430\",\"addressLocality\":\"Cand\\u00e1s\",\"addressRegion\":\"Asturias\",\"addressCountry\":\"ES\"}},{\"@type\":\"Person\",\"@id\":\"https:\\\/\\\/candas365.es\\\/noticias\\\/author\\\/admin\\\/#author\",\"url\":\"https:\\\/\\\/candas365.es\\\/noticias\\\/author\\\/admin\\\/\",\"name\":\"Cand\\u00e1s 365\",\"image\":{\"@type\":\"ImageObject\",\"@id\":\"https:\\\/\\\/candas365.es\\\/noticias\\\/ciudadanos-reclama-medidas-efectivas-para-el-control-de-la-poblacion-de-gaviotas-en-gijon\\\/#authorImage\",\"url\":\"https:\\\/\\\/secure.gravatar.com\\\/avatar\\\/496a8e03d0c493ede1718b7934145dbdf8d89be1036b0eec9544e1094c9de390?s=96&d=mm&r=g\",\"width\":96,\"height\":96,\"caption\":\"Cand\\u00e1s 365\"},\"sameAs\":[\"https:\\\/\\\/www.facebook.com\\\/carrenoactualidad\",\"https:\\\/\\\/twitter.com\\\/nbasturias\",\"https:\\\/\\\/www.instagram.com\\\/nachofdezber\\\/\",\"https:\\\/\\\/www.youtube.com\\\/channel\\\/UCZP-2wLEB9Rv6erhFmqVnvg\"]},{\"@type\":\"WebPage\",\"@id\":\"https:\\\/\\\/candas365.es\\\/noticias\\\/ciudadanos-reclama-medidas-efectivas-para-el-control-de-la-poblacion-de-gaviotas-en-gijon\\\/#webpage\",\"url\":\"https:\\\/\\\/candas365.es\\\/noticias\\\/ciudadanos-reclama-medidas-efectivas-para-el-control-de-la-poblacion-de-gaviotas-en-gijon\\\/\",\"name\":\"Ciudadanos reclama medidas efectivas para el control de la poblaci\\u00f3n de gaviotas en Gij\\u00f3n | Cand\\u00e1s 365\",\"description\":\"El portavoz del Grupo Municipal de Ciudadanos, Jos\\u00e9 Carlos Fern\\u00e1ndez Sarasola, quiere conocer los resultados de la campa\\u00f1a de control de gaviotas de este a\\u00f1o, as\\u00ed como las estimaciones sobre su censo y su evoluci\\u00f3n en los \\u00faltimos a\\u00f1os. \\u201cQueremos conocer el resultado de la campa\\u00f1a de este a\\u00f1o, desarrollada durante los meses de mayo\",\"inLanguage\":\"es-ES\",\"isPartOf\":{\"@id\":\"https:\\\/\\\/candas365.es\\\/noticias\\\/#website\"},\"breadcrumb\":{\"@id\":\"https:\\\/\\\/candas365.es\\\/noticias\\\/ciudadanos-reclama-medidas-efectivas-para-el-control-de-la-poblacion-de-gaviotas-en-gijon\\\/#breadcrumblist\"},\"author\":{\"@id\":\"https:\\\/\\\/candas365.es\\\/noticias\\\/author\\\/admin\\\/#author\"},\"creator\":{\"@id\":\"https:\\\/\\\/candas365.es\\\/noticias\\\/author\\\/admin\\\/#author\"},\"image\":{\"@type\":\"ImageObject\",\"url\":\"https:\\\/\\\/candas365.es\\\/noticias\\\/wp-content\\\/uploads\\\/2016\\\/11\\\/gijon-ayto.jpg\",\"@id\":\"https:\\\/\\\/candas365.es\\\/noticias\\\/ciudadanos-reclama-medidas-efectivas-para-el-control-de-la-poblacion-de-gaviotas-en-gijon\\\/#mainImage\",\"width\":655,\"height\":360},\"primaryImageOfPage\":{\"@id\":\"https:\\\/\\\/candas365.es\\\/noticias\\\/ciudadanos-reclama-medidas-efectivas-para-el-control-de-la-poblacion-de-gaviotas-en-gijon\\\/#mainImage\"},\"datePublished\":\"2017-07-18T17:44:34+02:00\",\"dateModified\":\"2017-07-18T17:44:34+02:00\"},{\"@type\":\"WebSite\",\"@id\":\"https:\\\/\\\/candas365.es\\\/noticias\\\/#website\",\"url\":\"https:\\\/\\\/candas365.es\\\/noticias\\\/\",\"name\":\"Cand\\u00e1s 365\",\"alternateName\":\"Cand\\u00e1s 365 Noticias\",\"description\":\"Actualidad desde Carre\\u00f1o para el mundo\",\"inLanguage\":\"es-ES\",\"publisher\":{\"@id\":\"https:\\\/\\\/candas365.es\\\/noticias\\\/#organization\"}}]}\n\t\t<\/script>\n\t\t<!-- All in One SEO Pro -->\r\n\t\t<title>Ciudadanos reclama medidas efectivas para el control de la poblaci\u00f3n de gaviotas en Gij\u00f3n | Cand\u00e1s 365<\/title>\n\n","aioseo_head_json":{"title":"Ciudadanos reclama medidas efectivas para el control de la poblaci\u00f3n de gaviotas en Gij\u00f3n | Cand\u00e1s 365","description":"El portavoz del Grupo Municipal de Ciudadanos, Jos\u00e9 Carlos Fern\u00e1ndez Sarasola, quiere conocer los resultados de la campa\u00f1a de control de gaviotas de este a\u00f1o, as\u00ed como las estimaciones sobre su censo y su evoluci\u00f3n en los \u00faltimos a\u00f1os. \u201cQueremos conocer el resultado de la campa\u00f1a de este a\u00f1o, desarrollada durante los meses de mayo","canonical_url":"https:\/\/candas365.es\/noticias\/ciudadanos-reclama-medidas-efectivas-para-el-control-de-la-poblacion-de-gaviotas-en-gijon\/","robots":"max-image-preview:large","keywords":"asturias","webmasterTools":{"google-site-verification":"UA-32230408-1","msvalidate.01":"354F3CDFB2DA171B47FBE9ABF1F88D5","miscellaneous":""},"schema":{"@context":"https:\/\/schema.org","@graph":[{"@type":"BreadcrumbList","@id":"https:\/\/candas365.es\/noticias\/ciudadanos-reclama-medidas-efectivas-para-el-control-de-la-poblacion-de-gaviotas-en-gijon\/#breadcrumblist","itemListElement":[{"@type":"ListItem","@id":"https:\/\/candas365.es\/noticias#listItem","position":1,"name":"Home","item":"https:\/\/candas365.es\/noticias","nextItem":{"@type":"ListItem","@id":"https:\/\/candas365.es\/noticias\/category\/asturias\/#listItem","name":"Asturias"}},{"@type":"ListItem","@id":"https:\/\/candas365.es\/noticias\/category\/asturias\/#listItem","position":2,"name":"Asturias","item":"https:\/\/candas365.es\/noticias\/category\/asturias\/","nextItem":{"@type":"ListItem","@id":"https:\/\/candas365.es\/noticias\/ciudadanos-reclama-medidas-efectivas-para-el-control-de-la-poblacion-de-gaviotas-en-gijon\/#listItem","name":"Ciudadanos reclama medidas efectivas para el control de la poblaci\u00f3n de gaviotas en Gij\u00f3n"},"previousItem":{"@type":"ListItem","@id":"https:\/\/candas365.es\/noticias#listItem","name":"Home"}},{"@type":"ListItem","@id":"https:\/\/candas365.es\/noticias\/ciudadanos-reclama-medidas-efectivas-para-el-control-de-la-poblacion-de-gaviotas-en-gijon\/#listItem","position":3,"name":"Ciudadanos reclama medidas efectivas para el control de la poblaci\u00f3n de gaviotas en Gij\u00f3n","previousItem":{"@type":"ListItem","@id":"https:\/\/candas365.es\/noticias\/category\/asturias\/#listItem","name":"Asturias"}}]},{"@type":"NewsArticle","@id":"https:\/\/candas365.es\/noticias\/ciudadanos-reclama-medidas-efectivas-para-el-control-de-la-poblacion-de-gaviotas-en-gijon\/#newsarticle","name":"Ciudadanos reclama medidas efectivas para el control de la poblaci\u00f3n de gaviotas en Gij\u00f3n | Cand\u00e1s 365","headline":"Ciudadanos reclama medidas efectivas para el control de la poblaci\u00f3n de gaviotas en Gij\u00f3n","author":{"@id":"https:\/\/candas365.es\/noticias\/author\/admin\/#author"},"publisher":{"@id":"https:\/\/candas365.es\/noticias\/#organization"},"image":{"@type":"ImageObject","url":"https:\/\/candas365.es\/noticias\/wp-content\/uploads\/2016\/11\/gijon-ayto.jpg","width":655,"height":360},"datePublished":"2017-07-18T17:44:34+02:00","dateModified":"2017-07-18T17:44:34+02:00","inLanguage":"es-ES","mainEntityOfPage":{"@id":"https:\/\/candas365.es\/noticias\/ciudadanos-reclama-medidas-efectivas-para-el-control-de-la-poblacion-de-gaviotas-en-gijon\/#webpage"},"isPartOf":{"@id":"https:\/\/candas365.es\/noticias\/ciudadanos-reclama-medidas-efectivas-para-el-control-de-la-poblacion-de-gaviotas-en-gijon\/#webpage"},"articleSection":"Asturias","dateline":"Publicado el julio 18, 2017."},{"@type":"Organization","@id":"https:\/\/candas365.es\/noticias\/#organization","name":"Cand\u00e1s 365","description":"Cand\u00e1s 365 es un diario digital independiente, fundado en 2012, con base en Asturias. Informamos con rigor sobre actualidad, sociedad, cultura y ocio, con una mirada local y global.","url":"https:\/\/candas365.es\/noticias\/","email":"info@candas365.es","telephone":"+34652131393","foundingDate":"2012-06-10","logo":{"@type":"ImageObject","url":"https:\/\/candas365.es\/noticias\/wp-content\/uploads\/2024\/09\/Candas-365-Redes.jpg","@id":"https:\/\/candas365.es\/noticias\/ciudadanos-reclama-medidas-efectivas-para-el-control-de-la-poblacion-de-gaviotas-en-gijon\/#organizationLogo","width":1152,"height":864,"caption":"Cand\u00e1s 365 Redes"},"image":{"@id":"https:\/\/candas365.es\/noticias\/ciudadanos-reclama-medidas-efectivas-para-el-control-de-la-poblacion-de-gaviotas-en-gijon\/#organizationLogo"},"sameAs":["https:\/\/www.facebook.com\/Nachofdezber","https:\/\/x.com\/NabercoDigital","https:\/\/www.instagram.com\/nachofdezber\/","https:\/\/www.youtube.com\/channel\/UCZP-2wLEB9Rv6erhFmqVnvg"],"address":{"@id":"https:\/\/candas365.es\/noticias\/#postaladdress","@type":"PostalAddress","streetAddress":"san antonio 4, san antonio 4","postalCode":"33430","addressLocality":"Cand\u00e1s","addressRegion":"Asturias","addressCountry":"ES"}},{"@type":"Person","@id":"https:\/\/candas365.es\/noticias\/author\/admin\/#author","url":"https:\/\/candas365.es\/noticias\/author\/admin\/","name":"Cand\u00e1s 365","image":{"@type":"ImageObject","@id":"https:\/\/candas365.es\/noticias\/ciudadanos-reclama-medidas-efectivas-para-el-control-de-la-poblacion-de-gaviotas-en-gijon\/#authorImage","url":"https:\/\/secure.gravatar.com\/avatar\/496a8e03d0c493ede1718b7934145dbdf8d89be1036b0eec9544e1094c9de390?s=96&d=mm&r=g","width":96,"height":96,"caption":"Cand\u00e1s 365"},"sameAs":["https:\/\/www.facebook.com\/carrenoactualidad","https:\/\/twitter.com\/nbasturias","https:\/\/www.instagram.com\/nachofdezber\/","https:\/\/www.youtube.com\/channel\/UCZP-2wLEB9Rv6erhFmqVnvg"]},{"@type":"WebPage","@id":"https:\/\/candas365.es\/noticias\/ciudadanos-reclama-medidas-efectivas-para-el-control-de-la-poblacion-de-gaviotas-en-gijon\/#webpage","url":"https:\/\/candas365.es\/noticias\/ciudadanos-reclama-medidas-efectivas-para-el-control-de-la-poblacion-de-gaviotas-en-gijon\/","name":"Ciudadanos reclama medidas efectivas para el control de la poblaci\u00f3n de gaviotas en Gij\u00f3n | Cand\u00e1s 365","description":"El portavoz del Grupo Municipal de Ciudadanos, Jos\u00e9 Carlos Fern\u00e1ndez Sarasola, quiere conocer los resultados de la campa\u00f1a de control de gaviotas de este a\u00f1o, as\u00ed como las estimaciones sobre su censo y su evoluci\u00f3n en los \u00faltimos a\u00f1os. \u201cQueremos conocer el resultado de la campa\u00f1a de este a\u00f1o, desarrollada durante los meses de mayo","inLanguage":"es-ES","isPartOf":{"@id":"https:\/\/candas365.es\/noticias\/#website"},"breadcrumb":{"@id":"https:\/\/candas365.es\/noticias\/ciudadanos-reclama-medidas-efectivas-para-el-control-de-la-poblacion-de-gaviotas-en-gijon\/#breadcrumblist"},"author":{"@id":"https:\/\/candas365.es\/noticias\/author\/admin\/#author"},"creator":{"@id":"https:\/\/candas365.es\/noticias\/author\/admin\/#author"},"image":{"@type":"ImageObject","url":"https:\/\/candas365.es\/noticias\/wp-content\/uploads\/2016\/11\/gijon-ayto.jpg","@id":"https:\/\/candas365.es\/noticias\/ciudadanos-reclama-medidas-efectivas-para-el-control-de-la-poblacion-de-gaviotas-en-gijon\/#mainImage","width":655,"height":360},"primaryImageOfPage":{"@id":"https:\/\/candas365.es\/noticias\/ciudadanos-reclama-medidas-efectivas-para-el-control-de-la-poblacion-de-gaviotas-en-gijon\/#mainImage"},"datePublished":"2017-07-18T17:44:34+02:00","dateModified":"2017-07-18T17:44:34+02:00"},{"@type":"WebSite","@id":"https:\/\/candas365.es\/noticias\/#website","url":"https:\/\/candas365.es\/noticias\/","name":"Cand\u00e1s 365","alternateName":"Cand\u00e1s 365 Noticias","description":"Actualidad desde Carre\u00f1o para el mundo","inLanguage":"es-ES","publisher":{"@id":"https:\/\/candas365.es\/noticias\/#organization"}}]},"og:locale":"es_ES","og:site_name":"Cand\u00e1s 365","og:type":"article","og:title":"Ciudadanos reclama medidas efectivas para el control de la poblaci\u00f3n de gaviotas en Gij\u00f3n | Cand\u00e1s 365","og:description":"El portavoz del Grupo Municipal de Ciudadanos, Jos\u00e9 Carlos Fern\u00e1ndez Sarasola, quiere conocer los resultados de la campa\u00f1a de control de gaviotas de este a\u00f1o, as\u00ed como las estimaciones sobre su censo y su evoluci\u00f3n en los \u00faltimos a\u00f1os. \u201cQueremos conocer el resultado de la campa\u00f1a de este a\u00f1o, desarrollada durante los meses de mayo","og:url":"https:\/\/candas365.es\/noticias\/ciudadanos-reclama-medidas-efectivas-para-el-control-de-la-poblacion-de-gaviotas-en-gijon\/","og:image":"https:\/\/candas365.es\/noticias\/wp-content\/uploads\/2016\/11\/gijon-ayto.jpg","og:image:secure_url":"https:\/\/candas365.es\/noticias\/wp-content\/uploads\/2016\/11\/gijon-ayto.jpg","og:image:width":655,"og:image:height":360,"article:published_time":"2017-07-18T17:44:34+00:00","article:modified_time":"2017-07-18T17:44:34+00:00","article:publisher":"https:\/\/www.facebook.com\/Nachofdezber","article:author":"https:\/\/www.facebook.com\/carrenoactualidad","twitter:card":"summary_large_image","twitter:site":"@NabercoDigital","twitter:title":"Ciudadanos reclama medidas efectivas para el control de la poblaci\u00f3n de gaviotas en Gij\u00f3n | Cand\u00e1s 365","twitter:description":"El portavoz del Grupo Municipal de Ciudadanos, Jos\u00e9 Carlos Fern\u00e1ndez Sarasola, quiere conocer los resultados de la campa\u00f1a de control de gaviotas de este a\u00f1o, as\u00ed como las estimaciones sobre su censo y su evoluci\u00f3n en los \u00faltimos a\u00f1os. \u201cQueremos conocer el resultado de la campa\u00f1a de este a\u00f1o, desarrollada durante los meses de mayo","twitter:creator":"@nbasturias","twitter:image":"https:\/\/candas365.es\/noticias\/wp-content\/uploads\/2016\/11\/gijon-ayto.jpg","twitter:label1":"Escrito por","twitter:data1":"Cand\u00e1s 365","twitter:label2":"Tiempo de lectura estimado","twitter:data2":"1 minuto"},"aioseo_meta_data":{"post_id":"75879","title":null,"description":null,"keywords":null,"keyphrases":null,"primary_term":null,"canonical_url":null,"og_title":null,"og_description":null,"og_object_type":"default","og_image_type":"default","og_image_url":null,"og_image_width":null,"og_image_height":null,"og_image_custom_url":null,"og_image_custom_fields":null,"og_video":null,"og_custom_url":null,"og_article_section":null,"og_article_tags":null,"twitter_use_og":false,"twitter_card":"default","twitter_image_type":"default","twitter_image_url":null,"twitter_image_custom_url":null,"twitter_image_custom_fields":null,"twitter_title":null,"twitter_description":null,"schema":{"blockGraphs":[],"customGraphs":[],"default":{"data":{"Article":[],"Course":[],"Dataset":[],"FAQPage":[],"Movie":[],"Person":[],"Product":[],"ProductReview":[],"Car":[],"Recipe":[],"Service":[],"SoftwareApplication":[],"WebPage":[]},"graphName":"","isEnabled":true},"graphs":[],"defaultGraph":"","defaultPostTypeGraph":""},"schema_type":null,"schema_type_options":null,"pillar_content":false,"robots_default":true,"robots_noindex":false,"robots_noarchive":false,"robots_nosnippet":false,"robots_nofollow":false,"robots_noimageindex":false,"robots_noodp":false,"robots_notranslate":false,"robots_max_snippet":null,"robots_max_videopreview":null,"robots_max_imagepreview":"large","priority":null,"frequency":null,"location":null,"local_seo":null,"seo_analyzer_scan_date":"2025-08-25 18:39:09","breadcrumb_settings":null,"limit_modified_date":false,"reviewed_by":null,"open_ai":null,"ai":null,"created":"2020-12-21 12:56:31","updated":"2025-08-25 18:39:09"},"aioseo_breadcrumb":"<div class=\"aioseo-breadcrumbs\"><span class=\"aioseo-breadcrumb\">\n\t<a href=\"https:\/\/candas365.es\/noticias\" title=\"Home\">Home<\/a>\n<\/span><span class=\"aioseo-breadcrumb-separator\">&ndash;<\/span><span class=\"aioseo-breadcrumb\">\n\t<a href=\"https:\/\/candas365.es\/noticias\/category\/asturias\/\" title=\"Asturias\">Asturias<\/a>\n<\/span><span class=\"aioseo-breadcrumb-separator\">&ndash;<\/span><span class=\"aioseo-breadcrumb\">\n\tCiudadanos reclama medidas efectivas para el control de la poblaci\u00f3n de gaviotas en Gij\u00f3n\n<\/span><\/div>","aioseo_breadcrumb_json":[{"label":"Home","link":"https:\/\/candas365.es\/noticias"},{"label":"Asturias","link":"https:\/\/candas365.es\/noticias\/category\/asturias\/"},{"label":"Ciudadanos reclama medidas efectivas para el control de la poblaci\u00f3n de gaviotas en Gij\u00f3n","link":"https:\/\/candas365.es\/noticias\/ciudadanos-reclama-medidas-efectivas-para-el-control-de-la-poblacion-de-gaviotas-en-gijon\/"}],"_links":{"self":[{"href":"https:\/\/candas365.es\/noticias\/wp-json\/wp\/v2\/posts\/75879","targetHints":{"allow":["GET"]}}],"collection":[{"href":"https:\/\/candas365.es\/noticias\/wp-json\/wp\/v2\/posts"}],"about":[{"href":"https:\/\/candas365.es\/noticias\/wp-json\/wp\/v2\/types\/post"}],"author":[{"embeddable":true,"href":"https:\/\/candas365.es\/noticias\/wp-json\/wp\/v2\/users\/1"}],"replies":[{"embeddable":true,"href":"https:\/\/candas365.es\/noticias\/wp-json\/wp\/v2\/comments?post=75879"}],"version-history":[{"count":0,"href":"https:\/\/candas365.es\/noticias\/wp-json\/wp\/v2\/posts\/75879\/revisions"}],"wp:featuredmedia":[{"embeddable":true,"href":"https:\/\/candas365.es\/noticias\/wp-json\/wp\/v2\/media\/36778"}],"wp:attachment":[{"href":"https:\/\/candas365.es\/noticias\/wp-json\/wp\/v2\/media?parent=75879"}],"wp:term":[{"taxonomy":"category","embeddable":true,"href":"https:\/\/candas365.es\/noticias\/wp-json\/wp\/v2\/categories?post=75879"},{"taxonomy":"post_tag","embeddable":true,"href":"https:\/\/candas365.es\/noticias\/wp-json\/wp\/v2\/tags?post=75879"}],"curies":[{"name":"wp","href":"https:\/\/api.w.org\/{rel}","templated":true}]}}