{"id":75876,"date":"2017-07-18T17:43:16","date_gmt":"2017-07-18T17:43:16","guid":{"rendered":"http:\/\/candas365.es\/noticias\/?p=75876"},"modified":"2017-07-18T17:43:16","modified_gmt":"2017-07-18T17:43:16","slug":"el-principado-juzga-aceptables-los-plazos-del-adif-para-la-superestructura-del-soterramiento-ferroviario-de-langreo","status":"publish","type":"post","link":"https:\/\/candas365.es\/noticias\/el-principado-juzga-aceptables-los-plazos-del-adif-para-la-superestructura-del-soterramiento-ferroviario-de-langreo\/","title":{"rendered":"El Principado juzga \u00abaceptables\u00bb los plazos del Adif para la superestructura del soterramiento ferroviario de Langreo"},"content":{"rendered":"<p><img fetchpriority=\"high\" decoding=\"async\" class=\"alignleft size-medium wp-image-75877\" src=\"https:\/\/candas365.es\/noticias\/wp-content\/uploads\/2017\/07\/ReunionAdif1-360x203.jpg\" alt=\"\" width=\"360\" height=\"203\" srcset=\"https:\/\/candas365.es\/noticias\/wp-content\/uploads\/2017\/07\/ReunionAdif1-360x203.jpg 360w, https:\/\/candas365.es\/noticias\/wp-content\/uploads\/2017\/07\/ReunionAdif1-768x433.jpg 768w, https:\/\/candas365.es\/noticias\/wp-content\/uploads\/2017\/07\/ReunionAdif1-655x369.jpg 655w, https:\/\/candas365.es\/noticias\/wp-content\/uploads\/2017\/07\/ReunionAdif1-696x392.jpg 696w, https:\/\/candas365.es\/noticias\/wp-content\/uploads\/2017\/07\/ReunionAdif1-1068x602.jpg 1068w, https:\/\/candas365.es\/noticias\/wp-content\/uploads\/2017\/07\/ReunionAdif1-746x420.jpg 746w, https:\/\/candas365.es\/noticias\/wp-content\/uploads\/2017\/07\/ReunionAdif1-499x280.jpg 499w, https:\/\/candas365.es\/noticias\/wp-content\/uploads\/2017\/07\/ReunionAdif1.jpg 1280w\" sizes=\"(max-width: 360px) 100vw, 360px\" \/>El consejero de Infraestructuras, Ordenaci\u00f3n del Territorio y Medio Ambiente, Fernando Lastra, ha considerado hoy aceptables los plazos brindados por el presidente del Administrador de Infraestructuras Ferroviarias (Adif), Juan Bravo, para redactar el proyecto y ejecutar los trabajos que forman parte de la superestructura del soterramiento de las v\u00edas del tren en Langreo. Esta fase del proyecto, cuyo coste ronda los 20 millones, incluye v\u00edas, traviesas, catenarias, se\u00f1alizaci\u00f3n, sistemas de seguridad y el resto de elementos necesarios para permitir la circulaci\u00f3n de los convoyes.<\/p>\n<p>Lastra se ha reunido hoy en Madrid con el m\u00e1ximo responsable de Adif, en un encuentro al que tambi\u00e9n han asistido el alcalde de Langreo, Jes\u00fas S\u00e1nchez, y el director general de Infraestructuras y Transportes, Jos\u00e9 Mar\u00eda Pertierra. En la reuni\u00f3n, Bravo se ha comprometido a concluir el proyecto de obra en lo que resta de este a\u00f1o, para licitarlo en el primer trimestre de 2018 y poder comenzar las obras en el segundo semestre. Una vez finalizados los trabajos y superadas las preceptivas pruebas de seguridad, los trenes podr\u00edan comenzar a circular bajo tierra en 2019, siempre seg\u00fan las previsiones del Administrador.<\/p>\n<p>El presidente de la entidad tambi\u00e9n ha comunicado al consejero que viajar\u00e1 al Principado en septiembre, en una visita que el Gobierno de Asturias aprovechar\u00e1 para tratar otros temas de inter\u00e9s, como el plan de cercan\u00edas ferroviarias, la integraci\u00f3n del ferrocarril en Gij\u00f3n y Avil\u00e9s y la situaci\u00f3n de la variante de Pajares.<\/p>\n<p>La obra civil del soterramiento realizada por el Principado, de extraordinaria complejidad t\u00e9cnica, est\u00e1 ejecutada en m\u00e1s de un 98%, lo que permitir\u00e1 finalizarla en septiembre. El t\u00fanel est\u00e1 totalmente excavado y la nueva estaci\u00f3n de Los Llerones, tambi\u00e9n finalizada, a falta de los sistemas de control de accesos, que a\u00fan deben ser trasladados desde el apeadero que presta servicio en la actualidad. Por otra parte, la estaci\u00f3n subterr\u00e1nea de La Felguera tiene un porcentaje de ejecuci\u00f3n superior al 50%. Los trabajos se centran ahora en los revestimientos del edificio en superficie, algunos forjados y rampas.<\/p>\n<p>El consejero de Infraestructuras ha subrayado el compromiso del Ejecutivo auton\u00f3mico con una actuaci\u00f3n en la que ha invertido en solitario cerca de 80 millones de euros.<\/p>\n","protected":false},"excerpt":{"rendered":"<p>El consejero de Infraestructuras, Ordenaci\u00f3n del Territorio y Medio Ambiente, Fernando Lastra, ha considerado hoy aceptables los plazos brindados por el presidente del Administrador de Infraestructuras Ferroviarias (Adif), Juan Bravo, para redactar el proyecto y ejecutar los trabajos que forman parte de la superestructura del soterramiento de las v\u00edas del tren en Langreo. Esta fase<\/p>\n","protected":false},"author":1,"featured_media":75877,"comment_status":"closed","ping_status":"closed","sticky":false,"template":"","format":"standard","meta":{"footnotes":""},"categories":[7],"tags":[],"class_list":{"0":"post-75876","1":"post","2":"type-post","3":"status-publish","4":"format-standard","5":"has-post-thumbnail","7":"category-asturias"},"aioseo_notices":[],"aioseo_head":"\n\t\t<!-- All in One SEO Pro 4.9.6.2 - aioseo.com -->\n\t<meta name=\"description\" content=\"El consejero de Infraestructuras, Ordenaci\u00f3n del Territorio y Medio Ambiente, Fernando Lastra, ha considerado hoy aceptables los plazos brindados por el presidente del Administrador de Infraestructuras Ferroviarias (Adif), Juan Bravo, para redactar el proyecto y ejecutar los trabajos que forman parte de la superestructura del soterramiento de las v\u00edas del tren en Langreo. Esta fase\" \/>\n\t<meta name=\"robots\" content=\"max-image-preview:large\" \/>\n\t<meta name=\"author\" content=\"Cand\u00e1s 365\"\/>\n\t<meta name=\"google-site-verification\" content=\"UA-32230408-1\" \/>\n\t<meta name=\"msvalidate.01\" content=\"354F3CDFB2DA171B47FBE9ABF1F88D5\" \/>\n\t<meta name=\"keywords\" content=\"asturias\" \/>\n\t<link rel=\"canonical\" href=\"https:\/\/candas365.es\/noticias\/el-principado-juzga-aceptables-los-plazos-del-adif-para-la-superestructura-del-soterramiento-ferroviario-de-langreo\/\" \/>\n\t<meta name=\"generator\" content=\"All in One SEO Pro (AIOSEO) 4.9.6.2\" \/>\n\t\t<meta property=\"og:locale\" content=\"es_ES\" \/>\n\t\t<meta property=\"og:site_name\" content=\"Cand\u00e1s 365\" \/>\n\t\t<meta property=\"og:type\" content=\"article\" \/>\n\t\t<meta property=\"og:title\" content=\"El Principado juzga \u00abaceptables\u00bb los plazos del Adif para la superestructura del soterramiento ferroviario de Langreo | Cand\u00e1s 365\" \/>\n\t\t<meta property=\"og:description\" content=\"El consejero de Infraestructuras, Ordenaci\u00f3n del Territorio y Medio Ambiente, Fernando Lastra, ha considerado hoy aceptables los plazos brindados por el presidente del Administrador de Infraestructuras Ferroviarias (Adif), Juan Bravo, para redactar el proyecto y ejecutar los trabajos que forman parte de la superestructura del soterramiento de las v\u00edas del tren en Langreo. Esta fase\" \/>\n\t\t<meta property=\"og:url\" content=\"https:\/\/candas365.es\/noticias\/el-principado-juzga-aceptables-los-plazos-del-adif-para-la-superestructura-del-soterramiento-ferroviario-de-langreo\/\" \/>\n\t\t<meta property=\"og:image\" content=\"https:\/\/candas365.es\/noticias\/wp-content\/uploads\/2017\/07\/ReunionAdif1.jpg\" \/>\n\t\t<meta property=\"og:image:secure_url\" content=\"https:\/\/candas365.es\/noticias\/wp-content\/uploads\/2017\/07\/ReunionAdif1.jpg\" \/>\n\t\t<meta property=\"og:image:width\" content=\"1280\" \/>\n\t\t<meta property=\"og:image:height\" content=\"721\" \/>\n\t\t<meta property=\"article:published_time\" content=\"2017-07-18T17:43:16+00:00\" \/>\n\t\t<meta property=\"article:modified_time\" content=\"2017-07-18T17:43:16+00:00\" \/>\n\t\t<meta property=\"article:publisher\" content=\"https:\/\/www.facebook.com\/Nachofdezber\" \/>\n\t\t<meta property=\"article:author\" content=\"https:\/\/www.facebook.com\/carrenoactualidad\" \/>\n\t\t<meta name=\"twitter:card\" content=\"summary_large_image\" \/>\n\t\t<meta name=\"twitter:site\" content=\"@NabercoDigital\" \/>\n\t\t<meta name=\"twitter:title\" content=\"El Principado juzga \u00abaceptables\u00bb los plazos del Adif para la superestructura del soterramiento ferroviario de Langreo | Cand\u00e1s 365\" \/>\n\t\t<meta name=\"twitter:description\" content=\"El consejero de Infraestructuras, Ordenaci\u00f3n del Territorio y Medio Ambiente, Fernando Lastra, ha considerado hoy aceptables los plazos brindados por el presidente del Administrador de Infraestructuras Ferroviarias (Adif), Juan Bravo, para redactar el proyecto y ejecutar los trabajos que forman parte de la superestructura del soterramiento de las v\u00edas del tren en Langreo. Esta fase\" \/>\n\t\t<meta name=\"twitter:creator\" content=\"@nbasturias\" \/>\n\t\t<meta name=\"twitter:image\" content=\"https:\/\/candas365.es\/noticias\/wp-content\/uploads\/2017\/07\/ReunionAdif1.jpg\" \/>\n\t\t<meta name=\"twitter:label1\" content=\"Escrito por\" \/>\n\t\t<meta name=\"twitter:data1\" content=\"Cand\u00e1s 365\" \/>\n\t\t<meta name=\"twitter:label2\" content=\"Tiempo de lectura estimado\" \/>\n\t\t<meta name=\"twitter:data2\" content=\"2 minutos\" \/>\n\t\t<script type=\"application\/ld+json\" class=\"aioseo-schema\">\n\t\t\t{\"@context\":\"https:\\\/\\\/schema.org\",\"@graph\":[{\"@type\":\"BreadcrumbList\",\"@id\":\"https:\\\/\\\/candas365.es\\\/noticias\\\/el-principado-juzga-aceptables-los-plazos-del-adif-para-la-superestructura-del-soterramiento-ferroviario-de-langreo\\\/#breadcrumblist\",\"itemListElement\":[{\"@type\":\"ListItem\",\"@id\":\"https:\\\/\\\/candas365.es\\\/noticias#listItem\",\"position\":1,\"name\":\"Home\",\"item\":\"https:\\\/\\\/candas365.es\\\/noticias\",\"nextItem\":{\"@type\":\"ListItem\",\"@id\":\"https:\\\/\\\/candas365.es\\\/noticias\\\/category\\\/asturias\\\/#listItem\",\"name\":\"Asturias\"}},{\"@type\":\"ListItem\",\"@id\":\"https:\\\/\\\/candas365.es\\\/noticias\\\/category\\\/asturias\\\/#listItem\",\"position\":2,\"name\":\"Asturias\",\"item\":\"https:\\\/\\\/candas365.es\\\/noticias\\\/category\\\/asturias\\\/\",\"nextItem\":{\"@type\":\"ListItem\",\"@id\":\"https:\\\/\\\/candas365.es\\\/noticias\\\/el-principado-juzga-aceptables-los-plazos-del-adif-para-la-superestructura-del-soterramiento-ferroviario-de-langreo\\\/#listItem\",\"name\":\"El Principado juzga \\u00abaceptables\\u00bb los plazos del Adif para la superestructura del soterramiento ferroviario de Langreo\"},\"previousItem\":{\"@type\":\"ListItem\",\"@id\":\"https:\\\/\\\/candas365.es\\\/noticias#listItem\",\"name\":\"Home\"}},{\"@type\":\"ListItem\",\"@id\":\"https:\\\/\\\/candas365.es\\\/noticias\\\/el-principado-juzga-aceptables-los-plazos-del-adif-para-la-superestructura-del-soterramiento-ferroviario-de-langreo\\\/#listItem\",\"position\":3,\"name\":\"El Principado juzga \\u00abaceptables\\u00bb los plazos del Adif para la superestructura del soterramiento ferroviario de Langreo\",\"previousItem\":{\"@type\":\"ListItem\",\"@id\":\"https:\\\/\\\/candas365.es\\\/noticias\\\/category\\\/asturias\\\/#listItem\",\"name\":\"Asturias\"}}]},{\"@type\":\"NewsArticle\",\"@id\":\"https:\\\/\\\/candas365.es\\\/noticias\\\/el-principado-juzga-aceptables-los-plazos-del-adif-para-la-superestructura-del-soterramiento-ferroviario-de-langreo\\\/#newsarticle\",\"name\":\"El Principado juzga \\u00abaceptables\\u00bb los plazos del Adif para la superestructura del soterramiento ferroviario de Langreo | Cand\\u00e1s 365\",\"headline\":\"El Principado juzga \\u00abaceptables\\u00bb los plazos del Adif para la superestructura del soterramiento ferroviario de Langreo\",\"author\":{\"@id\":\"https:\\\/\\\/candas365.es\\\/noticias\\\/author\\\/admin\\\/#author\"},\"publisher\":{\"@id\":\"https:\\\/\\\/candas365.es\\\/noticias\\\/#organization\"},\"image\":{\"@type\":\"ImageObject\",\"url\":\"https:\\\/\\\/candas365.es\\\/noticias\\\/wp-content\\\/uploads\\\/2017\\\/07\\\/ReunionAdif1.jpg\",\"width\":1280,\"height\":721},\"datePublished\":\"2017-07-18T17:43:16+02:00\",\"dateModified\":\"2017-07-18T17:43:16+02:00\",\"inLanguage\":\"es-ES\",\"mainEntityOfPage\":{\"@id\":\"https:\\\/\\\/candas365.es\\\/noticias\\\/el-principado-juzga-aceptables-los-plazos-del-adif-para-la-superestructura-del-soterramiento-ferroviario-de-langreo\\\/#webpage\"},\"isPartOf\":{\"@id\":\"https:\\\/\\\/candas365.es\\\/noticias\\\/el-principado-juzga-aceptables-los-plazos-del-adif-para-la-superestructura-del-soterramiento-ferroviario-de-langreo\\\/#webpage\"},\"articleSection\":\"Asturias\",\"dateline\":\"Publicado el julio 18, 2017.\"},{\"@type\":\"Organization\",\"@id\":\"https:\\\/\\\/candas365.es\\\/noticias\\\/#organization\",\"name\":\"Cand\\u00e1s 365\",\"description\":\"Cand\\u00e1s 365 es un diario digital independiente, fundado en 2012, con base en Asturias. Informamos con rigor sobre actualidad, sociedad, cultura y ocio, con una mirada local y global.\",\"url\":\"https:\\\/\\\/candas365.es\\\/noticias\\\/\",\"email\":\"info@candas365.es\",\"telephone\":\"+34652131393\",\"foundingDate\":\"2012-06-10\",\"logo\":{\"@type\":\"ImageObject\",\"url\":\"https:\\\/\\\/candas365.es\\\/noticias\\\/wp-content\\\/uploads\\\/2024\\\/09\\\/Candas-365-Redes.jpg\",\"@id\":\"https:\\\/\\\/candas365.es\\\/noticias\\\/el-principado-juzga-aceptables-los-plazos-del-adif-para-la-superestructura-del-soterramiento-ferroviario-de-langreo\\\/#organizationLogo\",\"width\":1152,\"height\":864,\"caption\":\"Cand\\u00e1s 365 Redes\"},\"image\":{\"@id\":\"https:\\\/\\\/candas365.es\\\/noticias\\\/el-principado-juzga-aceptables-los-plazos-del-adif-para-la-superestructura-del-soterramiento-ferroviario-de-langreo\\\/#organizationLogo\"},\"sameAs\":[\"https:\\\/\\\/www.facebook.com\\\/Nachofdezber\",\"https:\\\/\\\/x.com\\\/NabercoDigital\",\"https:\\\/\\\/www.instagram.com\\\/nachofdezber\\\/\",\"https:\\\/\\\/www.youtube.com\\\/channel\\\/UCZP-2wLEB9Rv6erhFmqVnvg\"],\"address\":{\"@id\":\"https:\\\/\\\/candas365.es\\\/noticias\\\/#postaladdress\",\"@type\":\"PostalAddress\",\"streetAddress\":\"san antonio 4, san antonio 4\",\"postalCode\":\"33430\",\"addressLocality\":\"Cand\\u00e1s\",\"addressRegion\":\"Asturias\",\"addressCountry\":\"ES\"}},{\"@type\":\"Person\",\"@id\":\"https:\\\/\\\/candas365.es\\\/noticias\\\/author\\\/admin\\\/#author\",\"url\":\"https:\\\/\\\/candas365.es\\\/noticias\\\/author\\\/admin\\\/\",\"name\":\"Cand\\u00e1s 365\",\"image\":{\"@type\":\"ImageObject\",\"@id\":\"https:\\\/\\\/candas365.es\\\/noticias\\\/el-principado-juzga-aceptables-los-plazos-del-adif-para-la-superestructura-del-soterramiento-ferroviario-de-langreo\\\/#authorImage\",\"url\":\"https:\\\/\\\/secure.gravatar.com\\\/avatar\\\/496a8e03d0c493ede1718b7934145dbdf8d89be1036b0eec9544e1094c9de390?s=96&d=mm&r=g\",\"width\":96,\"height\":96,\"caption\":\"Cand\\u00e1s 365\"},\"sameAs\":[\"https:\\\/\\\/www.facebook.com\\\/carrenoactualidad\",\"https:\\\/\\\/twitter.com\\\/nbasturias\",\"https:\\\/\\\/www.instagram.com\\\/nachofdezber\\\/\",\"https:\\\/\\\/www.youtube.com\\\/channel\\\/UCZP-2wLEB9Rv6erhFmqVnvg\"]},{\"@type\":\"WebPage\",\"@id\":\"https:\\\/\\\/candas365.es\\\/noticias\\\/el-principado-juzga-aceptables-los-plazos-del-adif-para-la-superestructura-del-soterramiento-ferroviario-de-langreo\\\/#webpage\",\"url\":\"https:\\\/\\\/candas365.es\\\/noticias\\\/el-principado-juzga-aceptables-los-plazos-del-adif-para-la-superestructura-del-soterramiento-ferroviario-de-langreo\\\/\",\"name\":\"El Principado juzga \\u00abaceptables\\u00bb los plazos del Adif para la superestructura del soterramiento ferroviario de Langreo | Cand\\u00e1s 365\",\"description\":\"El consejero de Infraestructuras, Ordenaci\\u00f3n del Territorio y Medio Ambiente, Fernando Lastra, ha considerado hoy aceptables los plazos brindados por el presidente del Administrador de Infraestructuras Ferroviarias (Adif), Juan Bravo, para redactar el proyecto y ejecutar los trabajos que forman parte de la superestructura del soterramiento de las v\\u00edas del tren en Langreo. Esta fase\",\"inLanguage\":\"es-ES\",\"isPartOf\":{\"@id\":\"https:\\\/\\\/candas365.es\\\/noticias\\\/#website\"},\"breadcrumb\":{\"@id\":\"https:\\\/\\\/candas365.es\\\/noticias\\\/el-principado-juzga-aceptables-los-plazos-del-adif-para-la-superestructura-del-soterramiento-ferroviario-de-langreo\\\/#breadcrumblist\"},\"author\":{\"@id\":\"https:\\\/\\\/candas365.es\\\/noticias\\\/author\\\/admin\\\/#author\"},\"creator\":{\"@id\":\"https:\\\/\\\/candas365.es\\\/noticias\\\/author\\\/admin\\\/#author\"},\"image\":{\"@type\":\"ImageObject\",\"url\":\"https:\\\/\\\/candas365.es\\\/noticias\\\/wp-content\\\/uploads\\\/2017\\\/07\\\/ReunionAdif1.jpg\",\"@id\":\"https:\\\/\\\/candas365.es\\\/noticias\\\/el-principado-juzga-aceptables-los-plazos-del-adif-para-la-superestructura-del-soterramiento-ferroviario-de-langreo\\\/#mainImage\",\"width\":1280,\"height\":721},\"primaryImageOfPage\":{\"@id\":\"https:\\\/\\\/candas365.es\\\/noticias\\\/el-principado-juzga-aceptables-los-plazos-del-adif-para-la-superestructura-del-soterramiento-ferroviario-de-langreo\\\/#mainImage\"},\"datePublished\":\"2017-07-18T17:43:16+02:00\",\"dateModified\":\"2017-07-18T17:43:16+02:00\"},{\"@type\":\"WebSite\",\"@id\":\"https:\\\/\\\/candas365.es\\\/noticias\\\/#website\",\"url\":\"https:\\\/\\\/candas365.es\\\/noticias\\\/\",\"name\":\"Cand\\u00e1s 365\",\"alternateName\":\"Cand\\u00e1s 365 Noticias\",\"description\":\"Actualidad desde Carre\\u00f1o para el mundo\",\"inLanguage\":\"es-ES\",\"publisher\":{\"@id\":\"https:\\\/\\\/candas365.es\\\/noticias\\\/#organization\"}}]}\n\t\t<\/script>\n\t\t<!-- All in One SEO Pro -->\r\n\t\t<title>El Principado juzga \u00abaceptables\u00bb los plazos del Adif para la superestructura del soterramiento ferroviario de Langreo | Cand\u00e1s 365<\/title>\n\n","aioseo_head_json":{"title":"El Principado juzga \u00abaceptables\u00bb los plazos del Adif para la superestructura del soterramiento ferroviario de Langreo | Cand\u00e1s 365","description":"El consejero de Infraestructuras, Ordenaci\u00f3n del Territorio y Medio Ambiente, Fernando Lastra, ha considerado hoy aceptables los plazos brindados por el presidente del Administrador de Infraestructuras Ferroviarias (Adif), Juan Bravo, para redactar el proyecto y ejecutar los trabajos que forman parte de la superestructura del soterramiento de las v\u00edas del tren en Langreo. Esta fase","canonical_url":"https:\/\/candas365.es\/noticias\/el-principado-juzga-aceptables-los-plazos-del-adif-para-la-superestructura-del-soterramiento-ferroviario-de-langreo\/","robots":"max-image-preview:large","keywords":"asturias","webmasterTools":{"google-site-verification":"UA-32230408-1","msvalidate.01":"354F3CDFB2DA171B47FBE9ABF1F88D5","miscellaneous":""},"schema":{"@context":"https:\/\/schema.org","@graph":[{"@type":"BreadcrumbList","@id":"https:\/\/candas365.es\/noticias\/el-principado-juzga-aceptables-los-plazos-del-adif-para-la-superestructura-del-soterramiento-ferroviario-de-langreo\/#breadcrumblist","itemListElement":[{"@type":"ListItem","@id":"https:\/\/candas365.es\/noticias#listItem","position":1,"name":"Home","item":"https:\/\/candas365.es\/noticias","nextItem":{"@type":"ListItem","@id":"https:\/\/candas365.es\/noticias\/category\/asturias\/#listItem","name":"Asturias"}},{"@type":"ListItem","@id":"https:\/\/candas365.es\/noticias\/category\/asturias\/#listItem","position":2,"name":"Asturias","item":"https:\/\/candas365.es\/noticias\/category\/asturias\/","nextItem":{"@type":"ListItem","@id":"https:\/\/candas365.es\/noticias\/el-principado-juzga-aceptables-los-plazos-del-adif-para-la-superestructura-del-soterramiento-ferroviario-de-langreo\/#listItem","name":"El Principado juzga \u00abaceptables\u00bb los plazos del Adif para la superestructura del soterramiento ferroviario de Langreo"},"previousItem":{"@type":"ListItem","@id":"https:\/\/candas365.es\/noticias#listItem","name":"Home"}},{"@type":"ListItem","@id":"https:\/\/candas365.es\/noticias\/el-principado-juzga-aceptables-los-plazos-del-adif-para-la-superestructura-del-soterramiento-ferroviario-de-langreo\/#listItem","position":3,"name":"El Principado juzga \u00abaceptables\u00bb los plazos del Adif para la superestructura del soterramiento ferroviario de Langreo","previousItem":{"@type":"ListItem","@id":"https:\/\/candas365.es\/noticias\/category\/asturias\/#listItem","name":"Asturias"}}]},{"@type":"NewsArticle","@id":"https:\/\/candas365.es\/noticias\/el-principado-juzga-aceptables-los-plazos-del-adif-para-la-superestructura-del-soterramiento-ferroviario-de-langreo\/#newsarticle","name":"El Principado juzga \u00abaceptables\u00bb los plazos del Adif para la superestructura del soterramiento ferroviario de Langreo | Cand\u00e1s 365","headline":"El Principado juzga \u00abaceptables\u00bb los plazos del Adif para la superestructura del soterramiento ferroviario de Langreo","author":{"@id":"https:\/\/candas365.es\/noticias\/author\/admin\/#author"},"publisher":{"@id":"https:\/\/candas365.es\/noticias\/#organization"},"image":{"@type":"ImageObject","url":"https:\/\/candas365.es\/noticias\/wp-content\/uploads\/2017\/07\/ReunionAdif1.jpg","width":1280,"height":721},"datePublished":"2017-07-18T17:43:16+02:00","dateModified":"2017-07-18T17:43:16+02:00","inLanguage":"es-ES","mainEntityOfPage":{"@id":"https:\/\/candas365.es\/noticias\/el-principado-juzga-aceptables-los-plazos-del-adif-para-la-superestructura-del-soterramiento-ferroviario-de-langreo\/#webpage"},"isPartOf":{"@id":"https:\/\/candas365.es\/noticias\/el-principado-juzga-aceptables-los-plazos-del-adif-para-la-superestructura-del-soterramiento-ferroviario-de-langreo\/#webpage"},"articleSection":"Asturias","dateline":"Publicado el julio 18, 2017."},{"@type":"Organization","@id":"https:\/\/candas365.es\/noticias\/#organization","name":"Cand\u00e1s 365","description":"Cand\u00e1s 365 es un diario digital independiente, fundado en 2012, con base en Asturias. Informamos con rigor sobre actualidad, sociedad, cultura y ocio, con una mirada local y global.","url":"https:\/\/candas365.es\/noticias\/","email":"info@candas365.es","telephone":"+34652131393","foundingDate":"2012-06-10","logo":{"@type":"ImageObject","url":"https:\/\/candas365.es\/noticias\/wp-content\/uploads\/2024\/09\/Candas-365-Redes.jpg","@id":"https:\/\/candas365.es\/noticias\/el-principado-juzga-aceptables-los-plazos-del-adif-para-la-superestructura-del-soterramiento-ferroviario-de-langreo\/#organizationLogo","width":1152,"height":864,"caption":"Cand\u00e1s 365 Redes"},"image":{"@id":"https:\/\/candas365.es\/noticias\/el-principado-juzga-aceptables-los-plazos-del-adif-para-la-superestructura-del-soterramiento-ferroviario-de-langreo\/#organizationLogo"},"sameAs":["https:\/\/www.facebook.com\/Nachofdezber","https:\/\/x.com\/NabercoDigital","https:\/\/www.instagram.com\/nachofdezber\/","https:\/\/www.youtube.com\/channel\/UCZP-2wLEB9Rv6erhFmqVnvg"],"address":{"@id":"https:\/\/candas365.es\/noticias\/#postaladdress","@type":"PostalAddress","streetAddress":"san antonio 4, san antonio 4","postalCode":"33430","addressLocality":"Cand\u00e1s","addressRegion":"Asturias","addressCountry":"ES"}},{"@type":"Person","@id":"https:\/\/candas365.es\/noticias\/author\/admin\/#author","url":"https:\/\/candas365.es\/noticias\/author\/admin\/","name":"Cand\u00e1s 365","image":{"@type":"ImageObject","@id":"https:\/\/candas365.es\/noticias\/el-principado-juzga-aceptables-los-plazos-del-adif-para-la-superestructura-del-soterramiento-ferroviario-de-langreo\/#authorImage","url":"https:\/\/secure.gravatar.com\/avatar\/496a8e03d0c493ede1718b7934145dbdf8d89be1036b0eec9544e1094c9de390?s=96&d=mm&r=g","width":96,"height":96,"caption":"Cand\u00e1s 365"},"sameAs":["https:\/\/www.facebook.com\/carrenoactualidad","https:\/\/twitter.com\/nbasturias","https:\/\/www.instagram.com\/nachofdezber\/","https:\/\/www.youtube.com\/channel\/UCZP-2wLEB9Rv6erhFmqVnvg"]},{"@type":"WebPage","@id":"https:\/\/candas365.es\/noticias\/el-principado-juzga-aceptables-los-plazos-del-adif-para-la-superestructura-del-soterramiento-ferroviario-de-langreo\/#webpage","url":"https:\/\/candas365.es\/noticias\/el-principado-juzga-aceptables-los-plazos-del-adif-para-la-superestructura-del-soterramiento-ferroviario-de-langreo\/","name":"El Principado juzga \u00abaceptables\u00bb los plazos del Adif para la superestructura del soterramiento ferroviario de Langreo | Cand\u00e1s 365","description":"El consejero de Infraestructuras, Ordenaci\u00f3n del Territorio y Medio Ambiente, Fernando Lastra, ha considerado hoy aceptables los plazos brindados por el presidente del Administrador de Infraestructuras Ferroviarias (Adif), Juan Bravo, para redactar el proyecto y ejecutar los trabajos que forman parte de la superestructura del soterramiento de las v\u00edas del tren en Langreo. Esta fase","inLanguage":"es-ES","isPartOf":{"@id":"https:\/\/candas365.es\/noticias\/#website"},"breadcrumb":{"@id":"https:\/\/candas365.es\/noticias\/el-principado-juzga-aceptables-los-plazos-del-adif-para-la-superestructura-del-soterramiento-ferroviario-de-langreo\/#breadcrumblist"},"author":{"@id":"https:\/\/candas365.es\/noticias\/author\/admin\/#author"},"creator":{"@id":"https:\/\/candas365.es\/noticias\/author\/admin\/#author"},"image":{"@type":"ImageObject","url":"https:\/\/candas365.es\/noticias\/wp-content\/uploads\/2017\/07\/ReunionAdif1.jpg","@id":"https:\/\/candas365.es\/noticias\/el-principado-juzga-aceptables-los-plazos-del-adif-para-la-superestructura-del-soterramiento-ferroviario-de-langreo\/#mainImage","width":1280,"height":721},"primaryImageOfPage":{"@id":"https:\/\/candas365.es\/noticias\/el-principado-juzga-aceptables-los-plazos-del-adif-para-la-superestructura-del-soterramiento-ferroviario-de-langreo\/#mainImage"},"datePublished":"2017-07-18T17:43:16+02:00","dateModified":"2017-07-18T17:43:16+02:00"},{"@type":"WebSite","@id":"https:\/\/candas365.es\/noticias\/#website","url":"https:\/\/candas365.es\/noticias\/","name":"Cand\u00e1s 365","alternateName":"Cand\u00e1s 365 Noticias","description":"Actualidad desde Carre\u00f1o para el mundo","inLanguage":"es-ES","publisher":{"@id":"https:\/\/candas365.es\/noticias\/#organization"}}]},"og:locale":"es_ES","og:site_name":"Cand\u00e1s 365","og:type":"article","og:title":"El Principado juzga \u00abaceptables\u00bb los plazos del Adif para la superestructura del soterramiento ferroviario de Langreo | Cand\u00e1s 365","og:description":"El consejero de Infraestructuras, Ordenaci\u00f3n del Territorio y Medio Ambiente, Fernando Lastra, ha considerado hoy aceptables los plazos brindados por el presidente del Administrador de Infraestructuras Ferroviarias (Adif), Juan Bravo, para redactar el proyecto y ejecutar los trabajos que forman parte de la superestructura del soterramiento de las v\u00edas del tren en Langreo. Esta fase","og:url":"https:\/\/candas365.es\/noticias\/el-principado-juzga-aceptables-los-plazos-del-adif-para-la-superestructura-del-soterramiento-ferroviario-de-langreo\/","og:image":"https:\/\/candas365.es\/noticias\/wp-content\/uploads\/2017\/07\/ReunionAdif1.jpg","og:image:secure_url":"https:\/\/candas365.es\/noticias\/wp-content\/uploads\/2017\/07\/ReunionAdif1.jpg","og:image:width":1280,"og:image:height":721,"article:published_time":"2017-07-18T17:43:16+00:00","article:modified_time":"2017-07-18T17:43:16+00:00","article:publisher":"https:\/\/www.facebook.com\/Nachofdezber","article:author":"https:\/\/www.facebook.com\/carrenoactualidad","twitter:card":"summary_large_image","twitter:site":"@NabercoDigital","twitter:title":"El Principado juzga \u00abaceptables\u00bb los plazos del Adif para la superestructura del soterramiento ferroviario de Langreo | Cand\u00e1s 365","twitter:description":"El consejero de Infraestructuras, Ordenaci\u00f3n del Territorio y Medio Ambiente, Fernando Lastra, ha considerado hoy aceptables los plazos brindados por el presidente del Administrador de Infraestructuras Ferroviarias (Adif), Juan Bravo, para redactar el proyecto y ejecutar los trabajos que forman parte de la superestructura del soterramiento de las v\u00edas del tren en Langreo. Esta fase","twitter:creator":"@nbasturias","twitter:image":"https:\/\/candas365.es\/noticias\/wp-content\/uploads\/2017\/07\/ReunionAdif1.jpg","twitter:label1":"Escrito por","twitter:data1":"Cand\u00e1s 365","twitter:label2":"Tiempo de lectura estimado","twitter:data2":"2 minutos"},"aioseo_meta_data":{"post_id":"75876","title":null,"description":null,"keywords":null,"keyphrases":null,"primary_term":null,"canonical_url":null,"og_title":null,"og_description":null,"og_object_type":"default","og_image_type":"default","og_image_url":null,"og_image_width":null,"og_image_height":null,"og_image_custom_url":null,"og_image_custom_fields":null,"og_video":null,"og_custom_url":null,"og_article_section":null,"og_article_tags":null,"twitter_use_og":false,"twitter_card":"default","twitter_image_type":"default","twitter_image_url":null,"twitter_image_custom_url":null,"twitter_image_custom_fields":null,"twitter_title":null,"twitter_description":null,"schema":{"blockGraphs":[],"customGraphs":[],"default":{"data":{"Article":[],"Course":[],"Dataset":[],"FAQPage":[],"Movie":[],"Person":[],"Product":[],"ProductReview":[],"Car":[],"Recipe":[],"Service":[],"SoftwareApplication":[],"WebPage":[]},"graphName":"","isEnabled":true},"graphs":[],"defaultGraph":"","defaultPostTypeGraph":""},"schema_type":null,"schema_type_options":null,"pillar_content":false,"robots_default":true,"robots_noindex":false,"robots_noarchive":false,"robots_nosnippet":false,"robots_nofollow":false,"robots_noimageindex":false,"robots_noodp":false,"robots_notranslate":false,"robots_max_snippet":null,"robots_max_videopreview":null,"robots_max_imagepreview":"large","priority":null,"frequency":null,"location":null,"local_seo":null,"seo_analyzer_scan_date":"2025-08-25 18:39:08","breadcrumb_settings":null,"limit_modified_date":false,"reviewed_by":null,"open_ai":null,"ai":null,"created":"2020-12-21 12:56:31","updated":"2025-08-25 18:39:08"},"aioseo_breadcrumb":"<div class=\"aioseo-breadcrumbs\"><span class=\"aioseo-breadcrumb\">\n\t<a href=\"https:\/\/candas365.es\/noticias\" title=\"Home\">Home<\/a>\n<\/span><span class=\"aioseo-breadcrumb-separator\">&ndash;<\/span><span class=\"aioseo-breadcrumb\">\n\t<a href=\"https:\/\/candas365.es\/noticias\/category\/asturias\/\" title=\"Asturias\">Asturias<\/a>\n<\/span><span class=\"aioseo-breadcrumb-separator\">&ndash;<\/span><span class=\"aioseo-breadcrumb\">\n\tEl Principado juzga \u00abaceptables\u00bb los plazos del Adif para la superestructura del soterramiento ferroviario de Langreo\n<\/span><\/div>","aioseo_breadcrumb_json":[{"label":"Home","link":"https:\/\/candas365.es\/noticias"},{"label":"Asturias","link":"https:\/\/candas365.es\/noticias\/category\/asturias\/"},{"label":"El Principado juzga \u00abaceptables\u00bb los plazos del Adif para la superestructura del soterramiento ferroviario de Langreo","link":"https:\/\/candas365.es\/noticias\/el-principado-juzga-aceptables-los-plazos-del-adif-para-la-superestructura-del-soterramiento-ferroviario-de-langreo\/"}],"_links":{"self":[{"href":"https:\/\/candas365.es\/noticias\/wp-json\/wp\/v2\/posts\/75876","targetHints":{"allow":["GET"]}}],"collection":[{"href":"https:\/\/candas365.es\/noticias\/wp-json\/wp\/v2\/posts"}],"about":[{"href":"https:\/\/candas365.es\/noticias\/wp-json\/wp\/v2\/types\/post"}],"author":[{"embeddable":true,"href":"https:\/\/candas365.es\/noticias\/wp-json\/wp\/v2\/users\/1"}],"replies":[{"embeddable":true,"href":"https:\/\/candas365.es\/noticias\/wp-json\/wp\/v2\/comments?post=75876"}],"version-history":[{"count":0,"href":"https:\/\/candas365.es\/noticias\/wp-json\/wp\/v2\/posts\/75876\/revisions"}],"wp:featuredmedia":[{"embeddable":true,"href":"https:\/\/candas365.es\/noticias\/wp-json\/wp\/v2\/media\/75877"}],"wp:attachment":[{"href":"https:\/\/candas365.es\/noticias\/wp-json\/wp\/v2\/media?parent=75876"}],"wp:term":[{"taxonomy":"category","embeddable":true,"href":"https:\/\/candas365.es\/noticias\/wp-json\/wp\/v2\/categories?post=75876"},{"taxonomy":"post_tag","embeddable":true,"href":"https:\/\/candas365.es\/noticias\/wp-json\/wp\/v2\/tags?post=75876"}],"curies":[{"name":"wp","href":"https:\/\/api.w.org\/{rel}","templated":true}]}}