{"id":75874,"date":"2017-07-18T17:41:56","date_gmt":"2017-07-18T17:41:56","guid":{"rendered":"http:\/\/candas365.es\/noticias\/?p=75874"},"modified":"2017-07-18T17:41:56","modified_gmt":"2017-07-18T17:41:56","slug":"zapico-pide-a-pola-un-cambio-de-actitud-sobre-la-situacion-de-los-falsos-autonomos-y-las-camareras-de-pisos","status":"publish","type":"post","link":"https:\/\/candas365.es\/noticias\/zapico-pide-a-pola-un-cambio-de-actitud-sobre-la-situacion-de-los-falsos-autonomos-y-las-camareras-de-pisos\/","title":{"rendered":"Zapico pide a Pola un cambio de actitud sobre la situaci\u00f3n de los falsos aut\u00f3nomos y las camareras de pisos"},"content":{"rendered":"<p><img fetchpriority=\"high\" decoding=\"async\" class=\"alignleft size-medium wp-image-40315\" src=\"https:\/\/candas365.es\/noticias\/wp-content\/uploads\/2017\/01\/ovidio-360x198.jpg\" alt=\"\" width=\"360\" height=\"198\" srcset=\"https:\/\/candas365.es\/noticias\/wp-content\/uploads\/2017\/01\/ovidio-360x198.jpg 360w, https:\/\/candas365.es\/noticias\/wp-content\/uploads\/2017\/01\/ovidio-650x357.jpg 650w, https:\/\/candas365.es\/noticias\/wp-content\/uploads\/2017\/01\/ovidio-150x82.jpg 150w, https:\/\/candas365.es\/noticias\/wp-content\/uploads\/2017\/01\/ovidio-450x247.jpg 450w, https:\/\/candas365.es\/noticias\/wp-content\/uploads\/2017\/01\/ovidio.jpg 655w\" sizes=\"(max-width: 360px) 100vw, 360px\" \/>Ovidio Zapico, diputado de IU en la Junta General, pidi\u00f3 esta ma\u00f1ana un cambio de actitud al nuevo consejero de Industria, Empleo y Turismo, Isaac Pola ante la actitud que demuestran dos respuestas recientes a preguntas de IU sobre los falsos aut\u00f3nomos y la situaci\u00f3n de las camareras de piso en Asturias.<\/p>\n<p>IU pregunt\u00f3 por la ejecuci\u00f3n de las medidas aprobadas en una Proposici\u00f3n No de Ley de la Junta General sobre la situaci\u00f3n laboral de las camareras de piso, que trabajan limpiando habitaciones en hoteles, en una situaci\u00f3n de extrema precariedad y en jornadas maratonianas y con contratos auspiciados por empresas de trabajo temporal y, un a\u00f1o despu\u00e9s, denunci\u00f3 Zapico, \u201cno se ha hecho nada\u201d. Es m\u00e1s el Consejero tambi\u00e9n dice que la vigilancia de las condiciones laborales y la prevenci\u00f3n de riesgos se realizan de manera generalizada respecto a todos los trabajadores de todos los sectores. La PNL aprobada por PSOE, Podemos e IU instaba al Gobierno a \u201cintensificar, tanto a trav\u00e9s del Instituto de Prevenci\u00f3n de Riesgos Laborales como mediante programas de inspecci\u00f3n espec\u00edficos, la vigilancia sobre la carga de trabajo de las camareras; poniendo en marcha un conjunto de actuaciones sobre seguridad laboral y prevenci\u00f3n de riesgos laborales y sobre las condiciones de trabajo que afecten a las camareras de pisos, haciendo especial hincapi\u00e9 en la periodicidad con que se imparten los cursos de formaci\u00f3n\u201d.<\/p>\n<p>Respecto a los falsos aut\u00f3nomos, IU expres\u00f3 en el momento de la aprobaci\u00f3n del cr\u00e9dito extraordinario que la bonificaci\u00f3n de 50 euros de la comunidad para aut\u00f3nomos que conten\u00eda, podr\u00eda terminar generando un mayor n\u00famero de falsos aut\u00f3nomos, vulnerando la ley. En ese momento, como record\u00f3 el diputado esta ma\u00f1ana, el anterior Consejero, Francisco Blanco, asegur\u00f3 compartir la preocupaci\u00f3n y comprometi\u00f3 realiza la hacer la labor de inspecci\u00f3n. Sin embargo, recientemente el nuevo consejero se desentiende por completo del compromiso y remite el seguimiento a la Seguridad Social.<\/p>\n<p>\u201cEntendemos que el primer cometido de un gobierno de izquierdas debe ser evitar casos de explotaci\u00f3n laboral y el generar y buscar condiciones id\u00f3neas para los trabajadores y, si es necesario destinar m\u00e1s recursos a inspecci\u00f3n laboral se haga, o se firme un convenio entre la direcci\u00f3n de Trabajo y la inspecci\u00f3n, como hab\u00edamos propuesto nosotros\u201d, advirti\u00f3 el diputado de IU. Para finalizar explic\u00f3 que IU ha pasado \u201cde escuchar buenas palabras sin hechos del anterior consejero a malas palabras ante las que no se puede esperar nada bueno de los hechos, si no hay un giro de tim\u00f3n\u201d.<\/p>\n<p>IU anuncia interpelaciones para el pr\u00f3ximo periodo de sesiones sobre lo que va a hacer con la vigilancia de las ayudas para que no terminen como falsos aut\u00f3nomos y para terminar con la situaci\u00f3n de las camareras de piso que, a juicio del diputado, \u201csufren una situaci\u00f3n que no es propia del siglo XXI\u201d. Zapico explic\u00f3 que el turismo de calidad debe empezar por la calidad del trabajo de las personas.<\/p>\n","protected":false},"excerpt":{"rendered":"<p>Ovidio Zapico, diputado de IU en la Junta General, pidi\u00f3 esta ma\u00f1ana un cambio de actitud al nuevo consejero de Industria, Empleo y Turismo, Isaac Pola ante la actitud que demuestran dos respuestas recientes a preguntas de IU sobre los falsos aut\u00f3nomos y la situaci\u00f3n de las camareras de piso en Asturias. IU pregunt\u00f3 por<\/p>\n","protected":false},"author":1,"featured_media":72648,"comment_status":"closed","ping_status":"closed","sticky":false,"template":"","format":"standard","meta":{"footnotes":""},"categories":[7],"tags":[],"class_list":{"0":"post-75874","1":"post","2":"type-post","3":"status-publish","4":"format-standard","5":"has-post-thumbnail","7":"category-asturias"},"aioseo_notices":[],"aioseo_head":"\n\t\t<!-- All in One SEO Pro 4.9.6.2 - aioseo.com -->\n\t<meta name=\"description\" content=\"Ovidio Zapico, diputado de IU en la Junta General, pidi\u00f3 esta ma\u00f1ana un cambio de actitud al nuevo consejero de Industria, Empleo y Turismo, Isaac Pola ante la actitud que demuestran dos respuestas recientes a preguntas de IU sobre los falsos aut\u00f3nomos y la situaci\u00f3n de las camareras de piso en Asturias. IU pregunt\u00f3 por\" \/>\n\t<meta name=\"robots\" content=\"max-image-preview:large\" \/>\n\t<meta name=\"author\" content=\"Cand\u00e1s 365\"\/>\n\t<meta name=\"google-site-verification\" content=\"UA-32230408-1\" \/>\n\t<meta name=\"msvalidate.01\" content=\"354F3CDFB2DA171B47FBE9ABF1F88D5\" \/>\n\t<meta name=\"keywords\" content=\"asturias\" \/>\n\t<link rel=\"canonical\" href=\"https:\/\/candas365.es\/noticias\/zapico-pide-a-pola-un-cambio-de-actitud-sobre-la-situacion-de-los-falsos-autonomos-y-las-camareras-de-pisos\/\" \/>\n\t<meta name=\"generator\" content=\"All in One SEO Pro (AIOSEO) 4.9.6.2\" \/>\n\t\t<meta property=\"og:locale\" content=\"es_ES\" \/>\n\t\t<meta property=\"og:site_name\" content=\"Cand\u00e1s 365\" \/>\n\t\t<meta property=\"og:type\" content=\"article\" \/>\n\t\t<meta property=\"og:title\" content=\"Zapico pide a Pola un cambio de actitud sobre la situaci\u00f3n de los falsos aut\u00f3nomos y las camareras de pisos | Cand\u00e1s 365\" \/>\n\t\t<meta property=\"og:description\" content=\"Ovidio Zapico, diputado de IU en la Junta General, pidi\u00f3 esta ma\u00f1ana un cambio de actitud al nuevo consejero de Industria, Empleo y Turismo, Isaac Pola ante la actitud que demuestran dos respuestas recientes a preguntas de IU sobre los falsos aut\u00f3nomos y la situaci\u00f3n de las camareras de piso en Asturias. IU pregunt\u00f3 por\" \/>\n\t\t<meta property=\"og:url\" content=\"https:\/\/candas365.es\/noticias\/zapico-pide-a-pola-un-cambio-de-actitud-sobre-la-situacion-de-los-falsos-autonomos-y-las-camareras-de-pisos\/\" \/>\n\t\t<meta property=\"og:image\" content=\"https:\/\/candas365.es\/noticias\/wp-content\/uploads\/2017\/06\/zapico.jpg\" \/>\n\t\t<meta property=\"og:image:secure_url\" content=\"https:\/\/candas365.es\/noticias\/wp-content\/uploads\/2017\/06\/zapico.jpg\" \/>\n\t\t<meta property=\"og:image:width\" content=\"640\" \/>\n\t\t<meta property=\"og:image:height\" content=\"429\" \/>\n\t\t<meta property=\"article:published_time\" content=\"2017-07-18T17:41:56+00:00\" \/>\n\t\t<meta property=\"article:modified_time\" content=\"2017-07-18T17:41:56+00:00\" \/>\n\t\t<meta property=\"article:publisher\" content=\"https:\/\/www.facebook.com\/Nachofdezber\" \/>\n\t\t<meta property=\"article:author\" content=\"https:\/\/www.facebook.com\/carrenoactualidad\" \/>\n\t\t<meta name=\"twitter:card\" content=\"summary_large_image\" \/>\n\t\t<meta name=\"twitter:site\" content=\"@NabercoDigital\" \/>\n\t\t<meta name=\"twitter:title\" content=\"Zapico pide a Pola un cambio de actitud sobre la situaci\u00f3n de los falsos aut\u00f3nomos y las camareras de pisos | Cand\u00e1s 365\" \/>\n\t\t<meta name=\"twitter:description\" content=\"Ovidio Zapico, diputado de IU en la Junta General, pidi\u00f3 esta ma\u00f1ana un cambio de actitud al nuevo consejero de Industria, Empleo y Turismo, Isaac Pola ante la actitud que demuestran dos respuestas recientes a preguntas de IU sobre los falsos aut\u00f3nomos y la situaci\u00f3n de las camareras de piso en Asturias. IU pregunt\u00f3 por\" \/>\n\t\t<meta name=\"twitter:creator\" content=\"@nbasturias\" \/>\n\t\t<meta name=\"twitter:image\" content=\"https:\/\/candas365.es\/noticias\/wp-content\/uploads\/2017\/06\/zapico.jpg\" \/>\n\t\t<meta name=\"twitter:label1\" content=\"Escrito por\" \/>\n\t\t<meta name=\"twitter:data1\" content=\"Cand\u00e1s 365\" \/>\n\t\t<meta name=\"twitter:label2\" content=\"Tiempo de lectura estimado\" \/>\n\t\t<meta name=\"twitter:data2\" content=\"3 minutos\" \/>\n\t\t<script type=\"application\/ld+json\" class=\"aioseo-schema\">\n\t\t\t{\"@context\":\"https:\\\/\\\/schema.org\",\"@graph\":[{\"@type\":\"BreadcrumbList\",\"@id\":\"https:\\\/\\\/candas365.es\\\/noticias\\\/zapico-pide-a-pola-un-cambio-de-actitud-sobre-la-situacion-de-los-falsos-autonomos-y-las-camareras-de-pisos\\\/#breadcrumblist\",\"itemListElement\":[{\"@type\":\"ListItem\",\"@id\":\"https:\\\/\\\/candas365.es\\\/noticias#listItem\",\"position\":1,\"name\":\"Home\",\"item\":\"https:\\\/\\\/candas365.es\\\/noticias\",\"nextItem\":{\"@type\":\"ListItem\",\"@id\":\"https:\\\/\\\/candas365.es\\\/noticias\\\/category\\\/asturias\\\/#listItem\",\"name\":\"Asturias\"}},{\"@type\":\"ListItem\",\"@id\":\"https:\\\/\\\/candas365.es\\\/noticias\\\/category\\\/asturias\\\/#listItem\",\"position\":2,\"name\":\"Asturias\",\"item\":\"https:\\\/\\\/candas365.es\\\/noticias\\\/category\\\/asturias\\\/\",\"nextItem\":{\"@type\":\"ListItem\",\"@id\":\"https:\\\/\\\/candas365.es\\\/noticias\\\/zapico-pide-a-pola-un-cambio-de-actitud-sobre-la-situacion-de-los-falsos-autonomos-y-las-camareras-de-pisos\\\/#listItem\",\"name\":\"Zapico pide a Pola un cambio de actitud sobre la situaci\\u00f3n de los falsos aut\\u00f3nomos y las camareras de pisos\"},\"previousItem\":{\"@type\":\"ListItem\",\"@id\":\"https:\\\/\\\/candas365.es\\\/noticias#listItem\",\"name\":\"Home\"}},{\"@type\":\"ListItem\",\"@id\":\"https:\\\/\\\/candas365.es\\\/noticias\\\/zapico-pide-a-pola-un-cambio-de-actitud-sobre-la-situacion-de-los-falsos-autonomos-y-las-camareras-de-pisos\\\/#listItem\",\"position\":3,\"name\":\"Zapico pide a Pola un cambio de actitud sobre la situaci\\u00f3n de los falsos aut\\u00f3nomos y las camareras de pisos\",\"previousItem\":{\"@type\":\"ListItem\",\"@id\":\"https:\\\/\\\/candas365.es\\\/noticias\\\/category\\\/asturias\\\/#listItem\",\"name\":\"Asturias\"}}]},{\"@type\":\"NewsArticle\",\"@id\":\"https:\\\/\\\/candas365.es\\\/noticias\\\/zapico-pide-a-pola-un-cambio-de-actitud-sobre-la-situacion-de-los-falsos-autonomos-y-las-camareras-de-pisos\\\/#newsarticle\",\"name\":\"Zapico pide a Pola un cambio de actitud sobre la situaci\\u00f3n de los falsos aut\\u00f3nomos y las camareras de pisos | Cand\\u00e1s 365\",\"headline\":\"Zapico pide a Pola un cambio de actitud sobre la situaci\\u00f3n de los falsos aut\\u00f3nomos y las camareras de pisos\",\"author\":{\"@id\":\"https:\\\/\\\/candas365.es\\\/noticias\\\/author\\\/admin\\\/#author\"},\"publisher\":{\"@id\":\"https:\\\/\\\/candas365.es\\\/noticias\\\/#organization\"},\"image\":{\"@type\":\"ImageObject\",\"url\":\"https:\\\/\\\/candas365.es\\\/noticias\\\/wp-content\\\/uploads\\\/2017\\\/06\\\/zapico.jpg\",\"width\":640,\"height\":429},\"datePublished\":\"2017-07-18T17:41:56+02:00\",\"dateModified\":\"2017-07-18T17:41:56+02:00\",\"inLanguage\":\"es-ES\",\"mainEntityOfPage\":{\"@id\":\"https:\\\/\\\/candas365.es\\\/noticias\\\/zapico-pide-a-pola-un-cambio-de-actitud-sobre-la-situacion-de-los-falsos-autonomos-y-las-camareras-de-pisos\\\/#webpage\"},\"isPartOf\":{\"@id\":\"https:\\\/\\\/candas365.es\\\/noticias\\\/zapico-pide-a-pola-un-cambio-de-actitud-sobre-la-situacion-de-los-falsos-autonomos-y-las-camareras-de-pisos\\\/#webpage\"},\"articleSection\":\"Asturias\",\"dateline\":\"Publicado el julio 18, 2017.\"},{\"@type\":\"Organization\",\"@id\":\"https:\\\/\\\/candas365.es\\\/noticias\\\/#organization\",\"name\":\"Cand\\u00e1s 365\",\"description\":\"Cand\\u00e1s 365 es un diario digital independiente, fundado en 2012, con base en Asturias. Informamos con rigor sobre actualidad, sociedad, cultura y ocio, con una mirada local y global.\",\"url\":\"https:\\\/\\\/candas365.es\\\/noticias\\\/\",\"email\":\"info@candas365.es\",\"telephone\":\"+34652131393\",\"foundingDate\":\"2012-06-10\",\"logo\":{\"@type\":\"ImageObject\",\"url\":\"https:\\\/\\\/candas365.es\\\/noticias\\\/wp-content\\\/uploads\\\/2024\\\/09\\\/Candas-365-Redes.jpg\",\"@id\":\"https:\\\/\\\/candas365.es\\\/noticias\\\/zapico-pide-a-pola-un-cambio-de-actitud-sobre-la-situacion-de-los-falsos-autonomos-y-las-camareras-de-pisos\\\/#organizationLogo\",\"width\":1152,\"height\":864,\"caption\":\"Cand\\u00e1s 365 Redes\"},\"image\":{\"@id\":\"https:\\\/\\\/candas365.es\\\/noticias\\\/zapico-pide-a-pola-un-cambio-de-actitud-sobre-la-situacion-de-los-falsos-autonomos-y-las-camareras-de-pisos\\\/#organizationLogo\"},\"sameAs\":[\"https:\\\/\\\/www.facebook.com\\\/Nachofdezber\",\"https:\\\/\\\/x.com\\\/NabercoDigital\",\"https:\\\/\\\/www.instagram.com\\\/nachofdezber\\\/\",\"https:\\\/\\\/www.youtube.com\\\/channel\\\/UCZP-2wLEB9Rv6erhFmqVnvg\"],\"address\":{\"@id\":\"https:\\\/\\\/candas365.es\\\/noticias\\\/#postaladdress\",\"@type\":\"PostalAddress\",\"streetAddress\":\"san antonio 4, san antonio 4\",\"postalCode\":\"33430\",\"addressLocality\":\"Cand\\u00e1s\",\"addressRegion\":\"Asturias\",\"addressCountry\":\"ES\"}},{\"@type\":\"Person\",\"@id\":\"https:\\\/\\\/candas365.es\\\/noticias\\\/author\\\/admin\\\/#author\",\"url\":\"https:\\\/\\\/candas365.es\\\/noticias\\\/author\\\/admin\\\/\",\"name\":\"Cand\\u00e1s 365\",\"image\":{\"@type\":\"ImageObject\",\"@id\":\"https:\\\/\\\/candas365.es\\\/noticias\\\/zapico-pide-a-pola-un-cambio-de-actitud-sobre-la-situacion-de-los-falsos-autonomos-y-las-camareras-de-pisos\\\/#authorImage\",\"url\":\"https:\\\/\\\/secure.gravatar.com\\\/avatar\\\/496a8e03d0c493ede1718b7934145dbdf8d89be1036b0eec9544e1094c9de390?s=96&d=mm&r=g\",\"width\":96,\"height\":96,\"caption\":\"Cand\\u00e1s 365\"},\"sameAs\":[\"https:\\\/\\\/www.facebook.com\\\/carrenoactualidad\",\"https:\\\/\\\/twitter.com\\\/nbasturias\",\"https:\\\/\\\/www.instagram.com\\\/nachofdezber\\\/\",\"https:\\\/\\\/www.youtube.com\\\/channel\\\/UCZP-2wLEB9Rv6erhFmqVnvg\"]},{\"@type\":\"WebPage\",\"@id\":\"https:\\\/\\\/candas365.es\\\/noticias\\\/zapico-pide-a-pola-un-cambio-de-actitud-sobre-la-situacion-de-los-falsos-autonomos-y-las-camareras-de-pisos\\\/#webpage\",\"url\":\"https:\\\/\\\/candas365.es\\\/noticias\\\/zapico-pide-a-pola-un-cambio-de-actitud-sobre-la-situacion-de-los-falsos-autonomos-y-las-camareras-de-pisos\\\/\",\"name\":\"Zapico pide a Pola un cambio de actitud sobre la situaci\\u00f3n de los falsos aut\\u00f3nomos y las camareras de pisos | Cand\\u00e1s 365\",\"description\":\"Ovidio Zapico, diputado de IU en la Junta General, pidi\\u00f3 esta ma\\u00f1ana un cambio de actitud al nuevo consejero de Industria, Empleo y Turismo, Isaac Pola ante la actitud que demuestran dos respuestas recientes a preguntas de IU sobre los falsos aut\\u00f3nomos y la situaci\\u00f3n de las camareras de piso en Asturias. IU pregunt\\u00f3 por\",\"inLanguage\":\"es-ES\",\"isPartOf\":{\"@id\":\"https:\\\/\\\/candas365.es\\\/noticias\\\/#website\"},\"breadcrumb\":{\"@id\":\"https:\\\/\\\/candas365.es\\\/noticias\\\/zapico-pide-a-pola-un-cambio-de-actitud-sobre-la-situacion-de-los-falsos-autonomos-y-las-camareras-de-pisos\\\/#breadcrumblist\"},\"author\":{\"@id\":\"https:\\\/\\\/candas365.es\\\/noticias\\\/author\\\/admin\\\/#author\"},\"creator\":{\"@id\":\"https:\\\/\\\/candas365.es\\\/noticias\\\/author\\\/admin\\\/#author\"},\"image\":{\"@type\":\"ImageObject\",\"url\":\"https:\\\/\\\/candas365.es\\\/noticias\\\/wp-content\\\/uploads\\\/2017\\\/06\\\/zapico.jpg\",\"@id\":\"https:\\\/\\\/candas365.es\\\/noticias\\\/zapico-pide-a-pola-un-cambio-de-actitud-sobre-la-situacion-de-los-falsos-autonomos-y-las-camareras-de-pisos\\\/#mainImage\",\"width\":640,\"height\":429},\"primaryImageOfPage\":{\"@id\":\"https:\\\/\\\/candas365.es\\\/noticias\\\/zapico-pide-a-pola-un-cambio-de-actitud-sobre-la-situacion-de-los-falsos-autonomos-y-las-camareras-de-pisos\\\/#mainImage\"},\"datePublished\":\"2017-07-18T17:41:56+02:00\",\"dateModified\":\"2017-07-18T17:41:56+02:00\"},{\"@type\":\"WebSite\",\"@id\":\"https:\\\/\\\/candas365.es\\\/noticias\\\/#website\",\"url\":\"https:\\\/\\\/candas365.es\\\/noticias\\\/\",\"name\":\"Cand\\u00e1s 365\",\"alternateName\":\"Cand\\u00e1s 365 Noticias\",\"description\":\"Actualidad desde Carre\\u00f1o para el mundo\",\"inLanguage\":\"es-ES\",\"publisher\":{\"@id\":\"https:\\\/\\\/candas365.es\\\/noticias\\\/#organization\"}}]}\n\t\t<\/script>\n\t\t<!-- All in One SEO Pro -->\r\n\t\t<title>Zapico pide a Pola un cambio de actitud sobre la situaci\u00f3n de los falsos aut\u00f3nomos y las camareras de pisos | Cand\u00e1s 365<\/title>\n\n","aioseo_head_json":{"title":"Zapico pide a Pola un cambio de actitud sobre la situaci\u00f3n de los falsos aut\u00f3nomos y las camareras de pisos | Cand\u00e1s 365","description":"Ovidio Zapico, diputado de IU en la Junta General, pidi\u00f3 esta ma\u00f1ana un cambio de actitud al nuevo consejero de Industria, Empleo y Turismo, Isaac Pola ante la actitud que demuestran dos respuestas recientes a preguntas de IU sobre los falsos aut\u00f3nomos y la situaci\u00f3n de las camareras de piso en Asturias. IU pregunt\u00f3 por","canonical_url":"https:\/\/candas365.es\/noticias\/zapico-pide-a-pola-un-cambio-de-actitud-sobre-la-situacion-de-los-falsos-autonomos-y-las-camareras-de-pisos\/","robots":"max-image-preview:large","keywords":"asturias","webmasterTools":{"google-site-verification":"UA-32230408-1","msvalidate.01":"354F3CDFB2DA171B47FBE9ABF1F88D5","miscellaneous":""},"schema":{"@context":"https:\/\/schema.org","@graph":[{"@type":"BreadcrumbList","@id":"https:\/\/candas365.es\/noticias\/zapico-pide-a-pola-un-cambio-de-actitud-sobre-la-situacion-de-los-falsos-autonomos-y-las-camareras-de-pisos\/#breadcrumblist","itemListElement":[{"@type":"ListItem","@id":"https:\/\/candas365.es\/noticias#listItem","position":1,"name":"Home","item":"https:\/\/candas365.es\/noticias","nextItem":{"@type":"ListItem","@id":"https:\/\/candas365.es\/noticias\/category\/asturias\/#listItem","name":"Asturias"}},{"@type":"ListItem","@id":"https:\/\/candas365.es\/noticias\/category\/asturias\/#listItem","position":2,"name":"Asturias","item":"https:\/\/candas365.es\/noticias\/category\/asturias\/","nextItem":{"@type":"ListItem","@id":"https:\/\/candas365.es\/noticias\/zapico-pide-a-pola-un-cambio-de-actitud-sobre-la-situacion-de-los-falsos-autonomos-y-las-camareras-de-pisos\/#listItem","name":"Zapico pide a Pola un cambio de actitud sobre la situaci\u00f3n de los falsos aut\u00f3nomos y las camareras de pisos"},"previousItem":{"@type":"ListItem","@id":"https:\/\/candas365.es\/noticias#listItem","name":"Home"}},{"@type":"ListItem","@id":"https:\/\/candas365.es\/noticias\/zapico-pide-a-pola-un-cambio-de-actitud-sobre-la-situacion-de-los-falsos-autonomos-y-las-camareras-de-pisos\/#listItem","position":3,"name":"Zapico pide a Pola un cambio de actitud sobre la situaci\u00f3n de los falsos aut\u00f3nomos y las camareras de pisos","previousItem":{"@type":"ListItem","@id":"https:\/\/candas365.es\/noticias\/category\/asturias\/#listItem","name":"Asturias"}}]},{"@type":"NewsArticle","@id":"https:\/\/candas365.es\/noticias\/zapico-pide-a-pola-un-cambio-de-actitud-sobre-la-situacion-de-los-falsos-autonomos-y-las-camareras-de-pisos\/#newsarticle","name":"Zapico pide a Pola un cambio de actitud sobre la situaci\u00f3n de los falsos aut\u00f3nomos y las camareras de pisos | Cand\u00e1s 365","headline":"Zapico pide a Pola un cambio de actitud sobre la situaci\u00f3n de los falsos aut\u00f3nomos y las camareras de pisos","author":{"@id":"https:\/\/candas365.es\/noticias\/author\/admin\/#author"},"publisher":{"@id":"https:\/\/candas365.es\/noticias\/#organization"},"image":{"@type":"ImageObject","url":"https:\/\/candas365.es\/noticias\/wp-content\/uploads\/2017\/06\/zapico.jpg","width":640,"height":429},"datePublished":"2017-07-18T17:41:56+02:00","dateModified":"2017-07-18T17:41:56+02:00","inLanguage":"es-ES","mainEntityOfPage":{"@id":"https:\/\/candas365.es\/noticias\/zapico-pide-a-pola-un-cambio-de-actitud-sobre-la-situacion-de-los-falsos-autonomos-y-las-camareras-de-pisos\/#webpage"},"isPartOf":{"@id":"https:\/\/candas365.es\/noticias\/zapico-pide-a-pola-un-cambio-de-actitud-sobre-la-situacion-de-los-falsos-autonomos-y-las-camareras-de-pisos\/#webpage"},"articleSection":"Asturias","dateline":"Publicado el julio 18, 2017."},{"@type":"Organization","@id":"https:\/\/candas365.es\/noticias\/#organization","name":"Cand\u00e1s 365","description":"Cand\u00e1s 365 es un diario digital independiente, fundado en 2012, con base en Asturias. Informamos con rigor sobre actualidad, sociedad, cultura y ocio, con una mirada local y global.","url":"https:\/\/candas365.es\/noticias\/","email":"info@candas365.es","telephone":"+34652131393","foundingDate":"2012-06-10","logo":{"@type":"ImageObject","url":"https:\/\/candas365.es\/noticias\/wp-content\/uploads\/2024\/09\/Candas-365-Redes.jpg","@id":"https:\/\/candas365.es\/noticias\/zapico-pide-a-pola-un-cambio-de-actitud-sobre-la-situacion-de-los-falsos-autonomos-y-las-camareras-de-pisos\/#organizationLogo","width":1152,"height":864,"caption":"Cand\u00e1s 365 Redes"},"image":{"@id":"https:\/\/candas365.es\/noticias\/zapico-pide-a-pola-un-cambio-de-actitud-sobre-la-situacion-de-los-falsos-autonomos-y-las-camareras-de-pisos\/#organizationLogo"},"sameAs":["https:\/\/www.facebook.com\/Nachofdezber","https:\/\/x.com\/NabercoDigital","https:\/\/www.instagram.com\/nachofdezber\/","https:\/\/www.youtube.com\/channel\/UCZP-2wLEB9Rv6erhFmqVnvg"],"address":{"@id":"https:\/\/candas365.es\/noticias\/#postaladdress","@type":"PostalAddress","streetAddress":"san antonio 4, san antonio 4","postalCode":"33430","addressLocality":"Cand\u00e1s","addressRegion":"Asturias","addressCountry":"ES"}},{"@type":"Person","@id":"https:\/\/candas365.es\/noticias\/author\/admin\/#author","url":"https:\/\/candas365.es\/noticias\/author\/admin\/","name":"Cand\u00e1s 365","image":{"@type":"ImageObject","@id":"https:\/\/candas365.es\/noticias\/zapico-pide-a-pola-un-cambio-de-actitud-sobre-la-situacion-de-los-falsos-autonomos-y-las-camareras-de-pisos\/#authorImage","url":"https:\/\/secure.gravatar.com\/avatar\/496a8e03d0c493ede1718b7934145dbdf8d89be1036b0eec9544e1094c9de390?s=96&d=mm&r=g","width":96,"height":96,"caption":"Cand\u00e1s 365"},"sameAs":["https:\/\/www.facebook.com\/carrenoactualidad","https:\/\/twitter.com\/nbasturias","https:\/\/www.instagram.com\/nachofdezber\/","https:\/\/www.youtube.com\/channel\/UCZP-2wLEB9Rv6erhFmqVnvg"]},{"@type":"WebPage","@id":"https:\/\/candas365.es\/noticias\/zapico-pide-a-pola-un-cambio-de-actitud-sobre-la-situacion-de-los-falsos-autonomos-y-las-camareras-de-pisos\/#webpage","url":"https:\/\/candas365.es\/noticias\/zapico-pide-a-pola-un-cambio-de-actitud-sobre-la-situacion-de-los-falsos-autonomos-y-las-camareras-de-pisos\/","name":"Zapico pide a Pola un cambio de actitud sobre la situaci\u00f3n de los falsos aut\u00f3nomos y las camareras de pisos | Cand\u00e1s 365","description":"Ovidio Zapico, diputado de IU en la Junta General, pidi\u00f3 esta ma\u00f1ana un cambio de actitud al nuevo consejero de Industria, Empleo y Turismo, Isaac Pola ante la actitud que demuestran dos respuestas recientes a preguntas de IU sobre los falsos aut\u00f3nomos y la situaci\u00f3n de las camareras de piso en Asturias. IU pregunt\u00f3 por","inLanguage":"es-ES","isPartOf":{"@id":"https:\/\/candas365.es\/noticias\/#website"},"breadcrumb":{"@id":"https:\/\/candas365.es\/noticias\/zapico-pide-a-pola-un-cambio-de-actitud-sobre-la-situacion-de-los-falsos-autonomos-y-las-camareras-de-pisos\/#breadcrumblist"},"author":{"@id":"https:\/\/candas365.es\/noticias\/author\/admin\/#author"},"creator":{"@id":"https:\/\/candas365.es\/noticias\/author\/admin\/#author"},"image":{"@type":"ImageObject","url":"https:\/\/candas365.es\/noticias\/wp-content\/uploads\/2017\/06\/zapico.jpg","@id":"https:\/\/candas365.es\/noticias\/zapico-pide-a-pola-un-cambio-de-actitud-sobre-la-situacion-de-los-falsos-autonomos-y-las-camareras-de-pisos\/#mainImage","width":640,"height":429},"primaryImageOfPage":{"@id":"https:\/\/candas365.es\/noticias\/zapico-pide-a-pola-un-cambio-de-actitud-sobre-la-situacion-de-los-falsos-autonomos-y-las-camareras-de-pisos\/#mainImage"},"datePublished":"2017-07-18T17:41:56+02:00","dateModified":"2017-07-18T17:41:56+02:00"},{"@type":"WebSite","@id":"https:\/\/candas365.es\/noticias\/#website","url":"https:\/\/candas365.es\/noticias\/","name":"Cand\u00e1s 365","alternateName":"Cand\u00e1s 365 Noticias","description":"Actualidad desde Carre\u00f1o para el mundo","inLanguage":"es-ES","publisher":{"@id":"https:\/\/candas365.es\/noticias\/#organization"}}]},"og:locale":"es_ES","og:site_name":"Cand\u00e1s 365","og:type":"article","og:title":"Zapico pide a Pola un cambio de actitud sobre la situaci\u00f3n de los falsos aut\u00f3nomos y las camareras de pisos | Cand\u00e1s 365","og:description":"Ovidio Zapico, diputado de IU en la Junta General, pidi\u00f3 esta ma\u00f1ana un cambio de actitud al nuevo consejero de Industria, Empleo y Turismo, Isaac Pola ante la actitud que demuestran dos respuestas recientes a preguntas de IU sobre los falsos aut\u00f3nomos y la situaci\u00f3n de las camareras de piso en Asturias. IU pregunt\u00f3 por","og:url":"https:\/\/candas365.es\/noticias\/zapico-pide-a-pola-un-cambio-de-actitud-sobre-la-situacion-de-los-falsos-autonomos-y-las-camareras-de-pisos\/","og:image":"https:\/\/candas365.es\/noticias\/wp-content\/uploads\/2017\/06\/zapico.jpg","og:image:secure_url":"https:\/\/candas365.es\/noticias\/wp-content\/uploads\/2017\/06\/zapico.jpg","og:image:width":640,"og:image:height":429,"article:published_time":"2017-07-18T17:41:56+00:00","article:modified_time":"2017-07-18T17:41:56+00:00","article:publisher":"https:\/\/www.facebook.com\/Nachofdezber","article:author":"https:\/\/www.facebook.com\/carrenoactualidad","twitter:card":"summary_large_image","twitter:site":"@NabercoDigital","twitter:title":"Zapico pide a Pola un cambio de actitud sobre la situaci\u00f3n de los falsos aut\u00f3nomos y las camareras de pisos | Cand\u00e1s 365","twitter:description":"Ovidio Zapico, diputado de IU en la Junta General, pidi\u00f3 esta ma\u00f1ana un cambio de actitud al nuevo consejero de Industria, Empleo y Turismo, Isaac Pola ante la actitud que demuestran dos respuestas recientes a preguntas de IU sobre los falsos aut\u00f3nomos y la situaci\u00f3n de las camareras de piso en Asturias. IU pregunt\u00f3 por","twitter:creator":"@nbasturias","twitter:image":"https:\/\/candas365.es\/noticias\/wp-content\/uploads\/2017\/06\/zapico.jpg","twitter:label1":"Escrito por","twitter:data1":"Cand\u00e1s 365","twitter:label2":"Tiempo de lectura estimado","twitter:data2":"3 minutos"},"aioseo_meta_data":{"post_id":"75874","title":null,"description":null,"keywords":null,"keyphrases":null,"primary_term":null,"canonical_url":null,"og_title":null,"og_description":null,"og_object_type":"default","og_image_type":"default","og_image_url":null,"og_image_width":null,"og_image_height":null,"og_image_custom_url":null,"og_image_custom_fields":null,"og_video":null,"og_custom_url":null,"og_article_section":null,"og_article_tags":null,"twitter_use_og":false,"twitter_card":"default","twitter_image_type":"default","twitter_image_url":null,"twitter_image_custom_url":null,"twitter_image_custom_fields":null,"twitter_title":null,"twitter_description":null,"schema":{"blockGraphs":[],"customGraphs":[],"default":{"data":{"Article":[],"Course":[],"Dataset":[],"FAQPage":[],"Movie":[],"Person":[],"Product":[],"ProductReview":[],"Car":[],"Recipe":[],"Service":[],"SoftwareApplication":[],"WebPage":[]},"graphName":"","isEnabled":true},"graphs":[]},"schema_type":null,"schema_type_options":null,"pillar_content":false,"robots_default":true,"robots_noindex":false,"robots_noarchive":false,"robots_nosnippet":false,"robots_nofollow":false,"robots_noimageindex":false,"robots_noodp":false,"robots_notranslate":false,"robots_max_snippet":null,"robots_max_videopreview":null,"robots_max_imagepreview":"large","priority":null,"frequency":null,"location":null,"local_seo":null,"seo_analyzer_scan_date":"2025-08-25 18:38:18","breadcrumb_settings":null,"limit_modified_date":false,"reviewed_by":null,"open_ai":null,"ai":null,"created":"2020-12-21 12:56:31","updated":"2025-08-25 18:38:18"},"aioseo_breadcrumb":"<div class=\"aioseo-breadcrumbs\"><span class=\"aioseo-breadcrumb\">\n\t<a href=\"https:\/\/candas365.es\/noticias\" title=\"Home\">Home<\/a>\n<\/span><span class=\"aioseo-breadcrumb-separator\">&ndash;<\/span><span class=\"aioseo-breadcrumb\">\n\t<a href=\"https:\/\/candas365.es\/noticias\/category\/asturias\/\" title=\"Asturias\">Asturias<\/a>\n<\/span><span class=\"aioseo-breadcrumb-separator\">&ndash;<\/span><span class=\"aioseo-breadcrumb\">\n\tZapico pide a Pola un cambio de actitud sobre la situaci\u00f3n de los falsos aut\u00f3nomos y las camareras de pisos\n<\/span><\/div>","aioseo_breadcrumb_json":[{"label":"Home","link":"https:\/\/candas365.es\/noticias"},{"label":"Asturias","link":"https:\/\/candas365.es\/noticias\/category\/asturias\/"},{"label":"Zapico pide a Pola un cambio de actitud sobre la situaci\u00f3n de los falsos aut\u00f3nomos y las camareras de pisos","link":"https:\/\/candas365.es\/noticias\/zapico-pide-a-pola-un-cambio-de-actitud-sobre-la-situacion-de-los-falsos-autonomos-y-las-camareras-de-pisos\/"}],"_links":{"self":[{"href":"https:\/\/candas365.es\/noticias\/wp-json\/wp\/v2\/posts\/75874","targetHints":{"allow":["GET"]}}],"collection":[{"href":"https:\/\/candas365.es\/noticias\/wp-json\/wp\/v2\/posts"}],"about":[{"href":"https:\/\/candas365.es\/noticias\/wp-json\/wp\/v2\/types\/post"}],"author":[{"embeddable":true,"href":"https:\/\/candas365.es\/noticias\/wp-json\/wp\/v2\/users\/1"}],"replies":[{"embeddable":true,"href":"https:\/\/candas365.es\/noticias\/wp-json\/wp\/v2\/comments?post=75874"}],"version-history":[{"count":0,"href":"https:\/\/candas365.es\/noticias\/wp-json\/wp\/v2\/posts\/75874\/revisions"}],"wp:featuredmedia":[{"embeddable":true,"href":"https:\/\/candas365.es\/noticias\/wp-json\/wp\/v2\/media\/72648"}],"wp:attachment":[{"href":"https:\/\/candas365.es\/noticias\/wp-json\/wp\/v2\/media?parent=75874"}],"wp:term":[{"taxonomy":"category","embeddable":true,"href":"https:\/\/candas365.es\/noticias\/wp-json\/wp\/v2\/categories?post=75874"},{"taxonomy":"post_tag","embeddable":true,"href":"https:\/\/candas365.es\/noticias\/wp-json\/wp\/v2\/tags?post=75874"}],"curies":[{"name":"wp","href":"https:\/\/api.w.org\/{rel}","templated":true}]}}