{"id":75822,"date":"2017-07-17T18:31:03","date_gmt":"2017-07-17T18:31:03","guid":{"rendered":"http:\/\/candas365.es\/noticias\/?p=75822"},"modified":"2017-07-17T18:31:03","modified_gmt":"2017-07-17T18:31:03","slug":"vox-se-querella-contra-los-integrantes-del-sat-que-intentaron-agredir-a-javier-ortega","status":"publish","type":"post","link":"https:\/\/candas365.es\/noticias\/vox-se-querella-contra-los-integrantes-del-sat-que-intentaron-agredir-a-javier-ortega\/","title":{"rendered":"VOX se querella contra los integrantes del SAT que intentaron agredir a Javier Ortega"},"content":{"rendered":"<p><strong>Salud Anguita<\/strong>, concejal del Ayuntamiento de Ja\u00e9n e integrante de VOX, ha presentado ante el Juzgado de Instrucci\u00f3n de Ja\u00e9n <strong>una querella <\/strong>contra los integrantes del <strong>Sindicato Andaluz de Trabajadores (SAT)<\/strong> que interrumpieron el Pleno del Ayuntamiento de Ja\u00e9n del pasado 29 de junio e intentaron agredir durante el mismo al Secretario General de VOX Javier Ortega.<\/p>\n<p>Los hechos ocurrieron cuando Salud Anguita cedi\u00f3 su palabra a Javier Ortega para exponer en el pleno los motivos por los cuales se presentaba una moci\u00f3n para solicitar al Gobierno de Espa\u00f1a que aplique el art\u00edculo 155 de la Constituci\u00f3n en Catalu\u00f1a, ante el golpe de Estado institucional secesionista promovido desde la Generalidad de Catalu\u00f1a. \u00a0Durante la intervenci\u00f3n del Secretario General de VOX, los querellados interrumpieron con banderas separatistas y pancartas y no permitieron el normal desarrollo de su exposici\u00f3n con insultos de <strong>\u201cfascistas\u201d, \u201cmercenarios\u201d, \u201cgilipollas\u201d \u201ccome mierda\u201d con ademanes amenazantes e intimidatorios.<\/strong> Finalmente, cuando fueron desalojados por la Polic\u00eda Municipal, por petici\u00f3n del alcalde, Francisco Javier M\u00e1rquez S\u00e1nchez, uno de ellos <strong>intent\u00f3 golpearle con el pu\u00f1o en la cara a Javier Ortega,<\/strong> lo que fue evitado por dichos agentes.<\/p>\n<p>Los delitos que se les imputa a los querellados son de <strong>odio<\/strong> (art\u00edculo 510), de <strong>desobediencia grave <\/strong>(art\u00edculo 556), de <strong>atentado contra la autoridad<\/strong> (art\u00edculo 550), de<strong> des\u00f3rdenes p\u00fablicos<\/strong> (art\u00edculos. 557, 557.3 y 558), de<strong> injurias<\/strong> (art\u00edculos 208 y 209), de <strong>tentativa de lesiones<\/strong> (art\u00edculos 147 y 15), todos ellos del c\u00f3digo penal.<\/p>\n<p><strong>Javier Ortega<\/strong> ha manifestado que \u201cDesde VOX no vamos a tolerar que el fanatismo, el insulto y la amenaza de quienes desprecian nuestro Estado de derecho, nuestra Constituci\u00f3n y la indisoluble unidad de la Naci\u00f3n espa\u00f1ola, vayan a impedir que realicemos todas las acciones que creamos necesarias en su defensa. <strong>Esperamos que el Gobierno de Mariano Rajoy del Partido Popular no desoigas el acuerdo aprobado por el Pleno del Ayuntamiento de Ja\u00e9n y ponga de manera inmediata el mecanismo previsto en el art\u00edculo 155<\/strong> de nuestra Constituci\u00f3n. De lo contrario estar\u00e1 favoreciendo a los golpistas y a quienes act\u00faan con violencia e intimidaci\u00f3n\u00bb.<\/p>\n","protected":false},"excerpt":{"rendered":"<p>Salud Anguita, concejal del Ayuntamiento de Ja\u00e9n e integrante de VOX, ha presentado ante el Juzgado de Instrucci\u00f3n de Ja\u00e9n una querella contra los integrantes del Sindicato Andaluz de Trabajadores (SAT) que interrumpieron el Pleno del Ayuntamiento de Ja\u00e9n del pasado 29 de junio e intentaron agredir durante el mismo al Secretario General de VOX<\/p>\n","protected":false},"author":1,"featured_media":0,"comment_status":"closed","ping_status":"closed","sticky":false,"template":"","format":"standard","meta":{"footnotes":""},"categories":[343],"tags":[],"class_list":{"0":"post-75822","1":"post","2":"type-post","3":"status-publish","4":"format-standard","6":"category-actualidad"},"aioseo_notices":[],"aioseo_head":"\n\t\t<!-- All in One SEO Pro 4.9.6.2 - aioseo.com -->\n\t<meta name=\"description\" content=\"Salud Anguita, concejal del Ayuntamiento de Ja\u00e9n e integrante de VOX, ha presentado ante el Juzgado de Instrucci\u00f3n de Ja\u00e9n una querella contra los integrantes del Sindicato Andaluz de Trabajadores (SAT) que interrumpieron el Pleno del Ayuntamiento de Ja\u00e9n del pasado 29 de junio e intentaron agredir durante el mismo al Secretario General de VOX\" \/>\n\t<meta name=\"robots\" content=\"max-image-preview:large\" \/>\n\t<meta name=\"author\" content=\"Cand\u00e1s 365\"\/>\n\t<meta name=\"google-site-verification\" content=\"UA-32230408-1\" \/>\n\t<meta name=\"msvalidate.01\" content=\"354F3CDFB2DA171B47FBE9ABF1F88D5\" \/>\n\t<meta name=\"keywords\" content=\"actualidad\" \/>\n\t<link rel=\"canonical\" href=\"https:\/\/candas365.es\/noticias\/vox-se-querella-contra-los-integrantes-del-sat-que-intentaron-agredir-a-javier-ortega\/\" \/>\n\t<meta name=\"generator\" content=\"All in One SEO Pro (AIOSEO) 4.9.6.2\" \/>\n\t\t<meta property=\"og:locale\" content=\"es_ES\" \/>\n\t\t<meta property=\"og:site_name\" content=\"Cand\u00e1s 365\" \/>\n\t\t<meta property=\"og:type\" content=\"article\" \/>\n\t\t<meta property=\"og:title\" content=\"VOX se querella contra los integrantes del SAT que intentaron agredir a Javier Ortega | Cand\u00e1s 365\" \/>\n\t\t<meta property=\"og:description\" content=\"Salud Anguita, concejal del Ayuntamiento de Ja\u00e9n e integrante de VOX, ha presentado ante el Juzgado de Instrucci\u00f3n de Ja\u00e9n una querella contra los integrantes del Sindicato Andaluz de Trabajadores (SAT) que interrumpieron el Pleno del Ayuntamiento de Ja\u00e9n del pasado 29 de junio e intentaron agredir durante el mismo al Secretario General de VOX\" \/>\n\t\t<meta property=\"og:url\" content=\"https:\/\/candas365.es\/noticias\/vox-se-querella-contra-los-integrantes-del-sat-que-intentaron-agredir-a-javier-ortega\/\" \/>\n\t\t<meta property=\"og:image\" content=\"https:\/\/candas365.es\/noticias\/wp-content\/uploads\/2024\/09\/Candas-365-Redes.jpg\" \/>\n\t\t<meta property=\"og:image:secure_url\" content=\"https:\/\/candas365.es\/noticias\/wp-content\/uploads\/2024\/09\/Candas-365-Redes.jpg\" \/>\n\t\t<meta property=\"og:image:width\" content=\"1152\" \/>\n\t\t<meta property=\"og:image:height\" content=\"864\" \/>\n\t\t<meta property=\"article:published_time\" content=\"2017-07-17T18:31:03+00:00\" \/>\n\t\t<meta property=\"article:modified_time\" content=\"2017-07-17T18:31:03+00:00\" \/>\n\t\t<meta property=\"article:publisher\" content=\"https:\/\/www.facebook.com\/Nachofdezber\" \/>\n\t\t<meta property=\"article:author\" content=\"https:\/\/www.facebook.com\/carrenoactualidad\" \/>\n\t\t<meta name=\"twitter:card\" content=\"summary_large_image\" \/>\n\t\t<meta name=\"twitter:site\" content=\"@NabercoDigital\" \/>\n\t\t<meta name=\"twitter:title\" content=\"VOX se querella contra los integrantes del SAT que intentaron agredir a Javier Ortega | Cand\u00e1s 365\" \/>\n\t\t<meta name=\"twitter:description\" content=\"Salud Anguita, concejal del Ayuntamiento de Ja\u00e9n e integrante de VOX, ha presentado ante el Juzgado de Instrucci\u00f3n de Ja\u00e9n una querella contra los integrantes del Sindicato Andaluz de Trabajadores (SAT) que interrumpieron el Pleno del Ayuntamiento de Ja\u00e9n del pasado 29 de junio e intentaron agredir durante el mismo al Secretario General de VOX\" \/>\n\t\t<meta name=\"twitter:creator\" content=\"@nbasturias\" \/>\n\t\t<meta name=\"twitter:image\" content=\"https:\/\/candas365.es\/noticias\/wp-content\/uploads\/2024\/09\/Candas-365-Redes.jpg\" \/>\n\t\t<meta name=\"twitter:label1\" content=\"Escrito por\" \/>\n\t\t<meta name=\"twitter:data1\" content=\"Cand\u00e1s 365\" \/>\n\t\t<meta name=\"twitter:label2\" content=\"Tiempo de lectura estimado\" \/>\n\t\t<meta name=\"twitter:data2\" content=\"2 minutos\" \/>\n\t\t<script type=\"application\/ld+json\" class=\"aioseo-schema\">\n\t\t\t{\"@context\":\"https:\\\/\\\/schema.org\",\"@graph\":[{\"@type\":\"BreadcrumbList\",\"@id\":\"https:\\\/\\\/candas365.es\\\/noticias\\\/vox-se-querella-contra-los-integrantes-del-sat-que-intentaron-agredir-a-javier-ortega\\\/#breadcrumblist\",\"itemListElement\":[{\"@type\":\"ListItem\",\"@id\":\"https:\\\/\\\/candas365.es\\\/noticias#listItem\",\"position\":1,\"name\":\"Home\",\"item\":\"https:\\\/\\\/candas365.es\\\/noticias\",\"nextItem\":{\"@type\":\"ListItem\",\"@id\":\"https:\\\/\\\/candas365.es\\\/noticias\\\/category\\\/actualidad\\\/#listItem\",\"name\":\"Actualidad\"}},{\"@type\":\"ListItem\",\"@id\":\"https:\\\/\\\/candas365.es\\\/noticias\\\/category\\\/actualidad\\\/#listItem\",\"position\":2,\"name\":\"Actualidad\",\"item\":\"https:\\\/\\\/candas365.es\\\/noticias\\\/category\\\/actualidad\\\/\",\"nextItem\":{\"@type\":\"ListItem\",\"@id\":\"https:\\\/\\\/candas365.es\\\/noticias\\\/vox-se-querella-contra-los-integrantes-del-sat-que-intentaron-agredir-a-javier-ortega\\\/#listItem\",\"name\":\"VOX se querella contra los integrantes del SAT que intentaron agredir a Javier Ortega\"},\"previousItem\":{\"@type\":\"ListItem\",\"@id\":\"https:\\\/\\\/candas365.es\\\/noticias#listItem\",\"name\":\"Home\"}},{\"@type\":\"ListItem\",\"@id\":\"https:\\\/\\\/candas365.es\\\/noticias\\\/vox-se-querella-contra-los-integrantes-del-sat-que-intentaron-agredir-a-javier-ortega\\\/#listItem\",\"position\":3,\"name\":\"VOX se querella contra los integrantes del SAT que intentaron agredir a Javier Ortega\",\"previousItem\":{\"@type\":\"ListItem\",\"@id\":\"https:\\\/\\\/candas365.es\\\/noticias\\\/category\\\/actualidad\\\/#listItem\",\"name\":\"Actualidad\"}}]},{\"@type\":\"NewsArticle\",\"@id\":\"https:\\\/\\\/candas365.es\\\/noticias\\\/vox-se-querella-contra-los-integrantes-del-sat-que-intentaron-agredir-a-javier-ortega\\\/#newsarticle\",\"name\":\"VOX se querella contra los integrantes del SAT que intentaron agredir a Javier Ortega | Cand\\u00e1s 365\",\"headline\":\"VOX se querella contra los integrantes del SAT que intentaron agredir a Javier Ortega\",\"author\":{\"@id\":\"https:\\\/\\\/candas365.es\\\/noticias\\\/author\\\/admin\\\/#author\"},\"publisher\":{\"@id\":\"https:\\\/\\\/candas365.es\\\/noticias\\\/#organization\"},\"image\":{\"@type\":\"ImageObject\",\"url\":\"https:\\\/\\\/candas365.es\\\/noticias\\\/wp-content\\\/uploads\\\/2024\\\/09\\\/Candas-365-Redes.jpg\",\"@id\":\"https:\\\/\\\/candas365.es\\\/noticias\\\/#articleImage\",\"width\":1152,\"height\":864,\"caption\":\"Cand\\u00e1s 365 Redes\"},\"datePublished\":\"2017-07-17T18:31:03+02:00\",\"dateModified\":\"2017-07-17T18:31:03+02:00\",\"inLanguage\":\"es-ES\",\"mainEntityOfPage\":{\"@id\":\"https:\\\/\\\/candas365.es\\\/noticias\\\/vox-se-querella-contra-los-integrantes-del-sat-que-intentaron-agredir-a-javier-ortega\\\/#webpage\"},\"isPartOf\":{\"@id\":\"https:\\\/\\\/candas365.es\\\/noticias\\\/vox-se-querella-contra-los-integrantes-del-sat-que-intentaron-agredir-a-javier-ortega\\\/#webpage\"},\"articleSection\":\"Actualidad\",\"dateline\":\"Publicado el julio 17, 2017.\"},{\"@type\":\"Organization\",\"@id\":\"https:\\\/\\\/candas365.es\\\/noticias\\\/#organization\",\"name\":\"Cand\\u00e1s 365\",\"description\":\"Cand\\u00e1s 365 es un diario digital independiente, fundado en 2012, con base en Asturias. Informamos con rigor sobre actualidad, sociedad, cultura y ocio, con una mirada local y global.\",\"url\":\"https:\\\/\\\/candas365.es\\\/noticias\\\/\",\"email\":\"info@candas365.es\",\"telephone\":\"+34652131393\",\"foundingDate\":\"2012-06-10\",\"logo\":{\"@type\":\"ImageObject\",\"url\":\"https:\\\/\\\/candas365.es\\\/noticias\\\/wp-content\\\/uploads\\\/2024\\\/09\\\/Candas-365-Redes.jpg\",\"@id\":\"https:\\\/\\\/candas365.es\\\/noticias\\\/vox-se-querella-contra-los-integrantes-del-sat-que-intentaron-agredir-a-javier-ortega\\\/#organizationLogo\",\"width\":1152,\"height\":864,\"caption\":\"Cand\\u00e1s 365 Redes\"},\"image\":{\"@id\":\"https:\\\/\\\/candas365.es\\\/noticias\\\/vox-se-querella-contra-los-integrantes-del-sat-que-intentaron-agredir-a-javier-ortega\\\/#organizationLogo\"},\"sameAs\":[\"https:\\\/\\\/www.facebook.com\\\/Nachofdezber\",\"https:\\\/\\\/x.com\\\/NabercoDigital\",\"https:\\\/\\\/www.instagram.com\\\/nachofdezber\\\/\",\"https:\\\/\\\/www.youtube.com\\\/channel\\\/UCZP-2wLEB9Rv6erhFmqVnvg\"],\"address\":{\"@id\":\"https:\\\/\\\/candas365.es\\\/noticias\\\/#postaladdress\",\"@type\":\"PostalAddress\",\"streetAddress\":\"san antonio 4, san antonio 4\",\"postalCode\":\"33430\",\"addressLocality\":\"Cand\\u00e1s\",\"addressRegion\":\"Asturias\",\"addressCountry\":\"ES\"}},{\"@type\":\"Person\",\"@id\":\"https:\\\/\\\/candas365.es\\\/noticias\\\/author\\\/admin\\\/#author\",\"url\":\"https:\\\/\\\/candas365.es\\\/noticias\\\/author\\\/admin\\\/\",\"name\":\"Cand\\u00e1s 365\",\"image\":{\"@type\":\"ImageObject\",\"@id\":\"https:\\\/\\\/candas365.es\\\/noticias\\\/vox-se-querella-contra-los-integrantes-del-sat-que-intentaron-agredir-a-javier-ortega\\\/#authorImage\",\"url\":\"https:\\\/\\\/secure.gravatar.com\\\/avatar\\\/496a8e03d0c493ede1718b7934145dbdf8d89be1036b0eec9544e1094c9de390?s=96&d=mm&r=g\",\"width\":96,\"height\":96,\"caption\":\"Cand\\u00e1s 365\"},\"sameAs\":[\"https:\\\/\\\/www.facebook.com\\\/carrenoactualidad\",\"https:\\\/\\\/twitter.com\\\/nbasturias\",\"https:\\\/\\\/www.instagram.com\\\/nachofdezber\\\/\",\"https:\\\/\\\/www.youtube.com\\\/channel\\\/UCZP-2wLEB9Rv6erhFmqVnvg\"]},{\"@type\":\"WebPage\",\"@id\":\"https:\\\/\\\/candas365.es\\\/noticias\\\/vox-se-querella-contra-los-integrantes-del-sat-que-intentaron-agredir-a-javier-ortega\\\/#webpage\",\"url\":\"https:\\\/\\\/candas365.es\\\/noticias\\\/vox-se-querella-contra-los-integrantes-del-sat-que-intentaron-agredir-a-javier-ortega\\\/\",\"name\":\"VOX se querella contra los integrantes del SAT que intentaron agredir a Javier Ortega | Cand\\u00e1s 365\",\"description\":\"Salud Anguita, concejal del Ayuntamiento de Ja\\u00e9n e integrante de VOX, ha presentado ante el Juzgado de Instrucci\\u00f3n de Ja\\u00e9n una querella contra los integrantes del Sindicato Andaluz de Trabajadores (SAT) que interrumpieron el Pleno del Ayuntamiento de Ja\\u00e9n del pasado 29 de junio e intentaron agredir durante el mismo al Secretario General de VOX\",\"inLanguage\":\"es-ES\",\"isPartOf\":{\"@id\":\"https:\\\/\\\/candas365.es\\\/noticias\\\/#website\"},\"breadcrumb\":{\"@id\":\"https:\\\/\\\/candas365.es\\\/noticias\\\/vox-se-querella-contra-los-integrantes-del-sat-que-intentaron-agredir-a-javier-ortega\\\/#breadcrumblist\"},\"author\":{\"@id\":\"https:\\\/\\\/candas365.es\\\/noticias\\\/author\\\/admin\\\/#author\"},\"creator\":{\"@id\":\"https:\\\/\\\/candas365.es\\\/noticias\\\/author\\\/admin\\\/#author\"},\"datePublished\":\"2017-07-17T18:31:03+02:00\",\"dateModified\":\"2017-07-17T18:31:03+02:00\"},{\"@type\":\"WebSite\",\"@id\":\"https:\\\/\\\/candas365.es\\\/noticias\\\/#website\",\"url\":\"https:\\\/\\\/candas365.es\\\/noticias\\\/\",\"name\":\"Cand\\u00e1s 365\",\"alternateName\":\"Cand\\u00e1s 365 Noticias\",\"description\":\"Actualidad desde Carre\\u00f1o para el mundo\",\"inLanguage\":\"es-ES\",\"publisher\":{\"@id\":\"https:\\\/\\\/candas365.es\\\/noticias\\\/#organization\"}}]}\n\t\t<\/script>\n\t\t<!-- All in One SEO Pro -->\r\n\t\t<title>VOX se querella contra los integrantes del SAT que intentaron agredir a Javier Ortega | Cand\u00e1s 365<\/title>\n\n","aioseo_head_json":{"title":"VOX se querella contra los integrantes del SAT que intentaron agredir a Javier Ortega | Cand\u00e1s 365","description":"Salud Anguita, concejal del Ayuntamiento de Ja\u00e9n e integrante de VOX, ha presentado ante el Juzgado de Instrucci\u00f3n de Ja\u00e9n una querella contra los integrantes del Sindicato Andaluz de Trabajadores (SAT) que interrumpieron el Pleno del Ayuntamiento de Ja\u00e9n del pasado 29 de junio e intentaron agredir durante el mismo al Secretario General de VOX","canonical_url":"https:\/\/candas365.es\/noticias\/vox-se-querella-contra-los-integrantes-del-sat-que-intentaron-agredir-a-javier-ortega\/","robots":"max-image-preview:large","keywords":"actualidad","webmasterTools":{"google-site-verification":"UA-32230408-1","msvalidate.01":"354F3CDFB2DA171B47FBE9ABF1F88D5","miscellaneous":""},"schema":{"@context":"https:\/\/schema.org","@graph":[{"@type":"BreadcrumbList","@id":"https:\/\/candas365.es\/noticias\/vox-se-querella-contra-los-integrantes-del-sat-que-intentaron-agredir-a-javier-ortega\/#breadcrumblist","itemListElement":[{"@type":"ListItem","@id":"https:\/\/candas365.es\/noticias#listItem","position":1,"name":"Home","item":"https:\/\/candas365.es\/noticias","nextItem":{"@type":"ListItem","@id":"https:\/\/candas365.es\/noticias\/category\/actualidad\/#listItem","name":"Actualidad"}},{"@type":"ListItem","@id":"https:\/\/candas365.es\/noticias\/category\/actualidad\/#listItem","position":2,"name":"Actualidad","item":"https:\/\/candas365.es\/noticias\/category\/actualidad\/","nextItem":{"@type":"ListItem","@id":"https:\/\/candas365.es\/noticias\/vox-se-querella-contra-los-integrantes-del-sat-que-intentaron-agredir-a-javier-ortega\/#listItem","name":"VOX se querella contra los integrantes del SAT que intentaron agredir a Javier Ortega"},"previousItem":{"@type":"ListItem","@id":"https:\/\/candas365.es\/noticias#listItem","name":"Home"}},{"@type":"ListItem","@id":"https:\/\/candas365.es\/noticias\/vox-se-querella-contra-los-integrantes-del-sat-que-intentaron-agredir-a-javier-ortega\/#listItem","position":3,"name":"VOX se querella contra los integrantes del SAT que intentaron agredir a Javier Ortega","previousItem":{"@type":"ListItem","@id":"https:\/\/candas365.es\/noticias\/category\/actualidad\/#listItem","name":"Actualidad"}}]},{"@type":"NewsArticle","@id":"https:\/\/candas365.es\/noticias\/vox-se-querella-contra-los-integrantes-del-sat-que-intentaron-agredir-a-javier-ortega\/#newsarticle","name":"VOX se querella contra los integrantes del SAT que intentaron agredir a Javier Ortega | Cand\u00e1s 365","headline":"VOX se querella contra los integrantes del SAT que intentaron agredir a Javier Ortega","author":{"@id":"https:\/\/candas365.es\/noticias\/author\/admin\/#author"},"publisher":{"@id":"https:\/\/candas365.es\/noticias\/#organization"},"image":{"@type":"ImageObject","url":"https:\/\/candas365.es\/noticias\/wp-content\/uploads\/2024\/09\/Candas-365-Redes.jpg","@id":"https:\/\/candas365.es\/noticias\/#articleImage","width":1152,"height":864,"caption":"Cand\u00e1s 365 Redes"},"datePublished":"2017-07-17T18:31:03+02:00","dateModified":"2017-07-17T18:31:03+02:00","inLanguage":"es-ES","mainEntityOfPage":{"@id":"https:\/\/candas365.es\/noticias\/vox-se-querella-contra-los-integrantes-del-sat-que-intentaron-agredir-a-javier-ortega\/#webpage"},"isPartOf":{"@id":"https:\/\/candas365.es\/noticias\/vox-se-querella-contra-los-integrantes-del-sat-que-intentaron-agredir-a-javier-ortega\/#webpage"},"articleSection":"Actualidad","dateline":"Publicado el julio 17, 2017."},{"@type":"Organization","@id":"https:\/\/candas365.es\/noticias\/#organization","name":"Cand\u00e1s 365","description":"Cand\u00e1s 365 es un diario digital independiente, fundado en 2012, con base en Asturias. Informamos con rigor sobre actualidad, sociedad, cultura y ocio, con una mirada local y global.","url":"https:\/\/candas365.es\/noticias\/","email":"info@candas365.es","telephone":"+34652131393","foundingDate":"2012-06-10","logo":{"@type":"ImageObject","url":"https:\/\/candas365.es\/noticias\/wp-content\/uploads\/2024\/09\/Candas-365-Redes.jpg","@id":"https:\/\/candas365.es\/noticias\/vox-se-querella-contra-los-integrantes-del-sat-que-intentaron-agredir-a-javier-ortega\/#organizationLogo","width":1152,"height":864,"caption":"Cand\u00e1s 365 Redes"},"image":{"@id":"https:\/\/candas365.es\/noticias\/vox-se-querella-contra-los-integrantes-del-sat-que-intentaron-agredir-a-javier-ortega\/#organizationLogo"},"sameAs":["https:\/\/www.facebook.com\/Nachofdezber","https:\/\/x.com\/NabercoDigital","https:\/\/www.instagram.com\/nachofdezber\/","https:\/\/www.youtube.com\/channel\/UCZP-2wLEB9Rv6erhFmqVnvg"],"address":{"@id":"https:\/\/candas365.es\/noticias\/#postaladdress","@type":"PostalAddress","streetAddress":"san antonio 4, san antonio 4","postalCode":"33430","addressLocality":"Cand\u00e1s","addressRegion":"Asturias","addressCountry":"ES"}},{"@type":"Person","@id":"https:\/\/candas365.es\/noticias\/author\/admin\/#author","url":"https:\/\/candas365.es\/noticias\/author\/admin\/","name":"Cand\u00e1s 365","image":{"@type":"ImageObject","@id":"https:\/\/candas365.es\/noticias\/vox-se-querella-contra-los-integrantes-del-sat-que-intentaron-agredir-a-javier-ortega\/#authorImage","url":"https:\/\/secure.gravatar.com\/avatar\/496a8e03d0c493ede1718b7934145dbdf8d89be1036b0eec9544e1094c9de390?s=96&d=mm&r=g","width":96,"height":96,"caption":"Cand\u00e1s 365"},"sameAs":["https:\/\/www.facebook.com\/carrenoactualidad","https:\/\/twitter.com\/nbasturias","https:\/\/www.instagram.com\/nachofdezber\/","https:\/\/www.youtube.com\/channel\/UCZP-2wLEB9Rv6erhFmqVnvg"]},{"@type":"WebPage","@id":"https:\/\/candas365.es\/noticias\/vox-se-querella-contra-los-integrantes-del-sat-que-intentaron-agredir-a-javier-ortega\/#webpage","url":"https:\/\/candas365.es\/noticias\/vox-se-querella-contra-los-integrantes-del-sat-que-intentaron-agredir-a-javier-ortega\/","name":"VOX se querella contra los integrantes del SAT que intentaron agredir a Javier Ortega | Cand\u00e1s 365","description":"Salud Anguita, concejal del Ayuntamiento de Ja\u00e9n e integrante de VOX, ha presentado ante el Juzgado de Instrucci\u00f3n de Ja\u00e9n una querella contra los integrantes del Sindicato Andaluz de Trabajadores (SAT) que interrumpieron el Pleno del Ayuntamiento de Ja\u00e9n del pasado 29 de junio e intentaron agredir durante el mismo al Secretario General de VOX","inLanguage":"es-ES","isPartOf":{"@id":"https:\/\/candas365.es\/noticias\/#website"},"breadcrumb":{"@id":"https:\/\/candas365.es\/noticias\/vox-se-querella-contra-los-integrantes-del-sat-que-intentaron-agredir-a-javier-ortega\/#breadcrumblist"},"author":{"@id":"https:\/\/candas365.es\/noticias\/author\/admin\/#author"},"creator":{"@id":"https:\/\/candas365.es\/noticias\/author\/admin\/#author"},"datePublished":"2017-07-17T18:31:03+02:00","dateModified":"2017-07-17T18:31:03+02:00"},{"@type":"WebSite","@id":"https:\/\/candas365.es\/noticias\/#website","url":"https:\/\/candas365.es\/noticias\/","name":"Cand\u00e1s 365","alternateName":"Cand\u00e1s 365 Noticias","description":"Actualidad desde Carre\u00f1o para el mundo","inLanguage":"es-ES","publisher":{"@id":"https:\/\/candas365.es\/noticias\/#organization"}}]},"og:locale":"es_ES","og:site_name":"Cand\u00e1s 365","og:type":"article","og:title":"VOX se querella contra los integrantes del SAT que intentaron agredir a Javier Ortega | Cand\u00e1s 365","og:description":"Salud Anguita, concejal del Ayuntamiento de Ja\u00e9n e integrante de VOX, ha presentado ante el Juzgado de Instrucci\u00f3n de Ja\u00e9n una querella contra los integrantes del Sindicato Andaluz de Trabajadores (SAT) que interrumpieron el Pleno del Ayuntamiento de Ja\u00e9n del pasado 29 de junio e intentaron agredir durante el mismo al Secretario General de VOX","og:url":"https:\/\/candas365.es\/noticias\/vox-se-querella-contra-los-integrantes-del-sat-que-intentaron-agredir-a-javier-ortega\/","og:image":"https:\/\/candas365.es\/noticias\/wp-content\/uploads\/2024\/09\/Candas-365-Redes.jpg","og:image:secure_url":"https:\/\/candas365.es\/noticias\/wp-content\/uploads\/2024\/09\/Candas-365-Redes.jpg","og:image:width":1152,"og:image:height":864,"article:published_time":"2017-07-17T18:31:03+00:00","article:modified_time":"2017-07-17T18:31:03+00:00","article:publisher":"https:\/\/www.facebook.com\/Nachofdezber","article:author":"https:\/\/www.facebook.com\/carrenoactualidad","twitter:card":"summary_large_image","twitter:site":"@NabercoDigital","twitter:title":"VOX se querella contra los integrantes del SAT que intentaron agredir a Javier Ortega | Cand\u00e1s 365","twitter:description":"Salud Anguita, concejal del Ayuntamiento de Ja\u00e9n e integrante de VOX, ha presentado ante el Juzgado de Instrucci\u00f3n de Ja\u00e9n una querella contra los integrantes del Sindicato Andaluz de Trabajadores (SAT) que interrumpieron el Pleno del Ayuntamiento de Ja\u00e9n del pasado 29 de junio e intentaron agredir durante el mismo al Secretario General de VOX","twitter:creator":"@nbasturias","twitter:image":"https:\/\/candas365.es\/noticias\/wp-content\/uploads\/2024\/09\/Candas-365-Redes.jpg","twitter:label1":"Escrito por","twitter:data1":"Cand\u00e1s 365","twitter:label2":"Tiempo de lectura estimado","twitter:data2":"2 minutos"},"aioseo_meta_data":{"post_id":"75822","title":null,"description":null,"keywords":null,"keyphrases":null,"primary_term":null,"canonical_url":null,"og_title":null,"og_description":null,"og_object_type":"default","og_image_type":"default","og_image_url":null,"og_image_width":null,"og_image_height":null,"og_image_custom_url":null,"og_image_custom_fields":null,"og_video":null,"og_custom_url":null,"og_article_section":null,"og_article_tags":null,"twitter_use_og":false,"twitter_card":"default","twitter_image_type":"default","twitter_image_url":null,"twitter_image_custom_url":null,"twitter_image_custom_fields":null,"twitter_title":null,"twitter_description":null,"schema":{"blockGraphs":[],"customGraphs":[],"default":{"data":{"Article":[],"Course":[],"Dataset":[],"FAQPage":[],"Movie":[],"Person":[],"Product":[],"ProductReview":[],"Car":[],"Recipe":[],"Service":[],"SoftwareApplication":[],"WebPage":[]},"graphName":"","isEnabled":true},"graphs":[],"defaultGraph":"","defaultPostTypeGraph":""},"schema_type":null,"schema_type_options":null,"pillar_content":false,"robots_default":true,"robots_noindex":false,"robots_noarchive":false,"robots_nosnippet":false,"robots_nofollow":false,"robots_noimageindex":false,"robots_noodp":false,"robots_notranslate":false,"robots_max_snippet":null,"robots_max_videopreview":null,"robots_max_imagepreview":"large","priority":null,"frequency":null,"location":null,"local_seo":null,"seo_analyzer_scan_date":"2025-08-25 18:34:17","breadcrumb_settings":null,"limit_modified_date":false,"reviewed_by":null,"open_ai":null,"ai":null,"created":"2020-12-21 12:56:31","updated":"2025-08-25 18:34:17"},"aioseo_breadcrumb":"<div class=\"aioseo-breadcrumbs\"><span class=\"aioseo-breadcrumb\">\n\t<a href=\"https:\/\/candas365.es\/noticias\" title=\"Home\">Home<\/a>\n<\/span><span class=\"aioseo-breadcrumb-separator\">&ndash;<\/span><span class=\"aioseo-breadcrumb\">\n\t<a href=\"https:\/\/candas365.es\/noticias\/category\/actualidad\/\" title=\"Actualidad\">Actualidad<\/a>\n<\/span><span class=\"aioseo-breadcrumb-separator\">&ndash;<\/span><span class=\"aioseo-breadcrumb\">\n\tVOX se querella contra los integrantes del SAT que intentaron agredir a Javier Ortega\n<\/span><\/div>","aioseo_breadcrumb_json":[{"label":"Home","link":"https:\/\/candas365.es\/noticias"},{"label":"Actualidad","link":"https:\/\/candas365.es\/noticias\/category\/actualidad\/"},{"label":"VOX se querella contra los integrantes del SAT que intentaron agredir a Javier Ortega","link":"https:\/\/candas365.es\/noticias\/vox-se-querella-contra-los-integrantes-del-sat-que-intentaron-agredir-a-javier-ortega\/"}],"_links":{"self":[{"href":"https:\/\/candas365.es\/noticias\/wp-json\/wp\/v2\/posts\/75822","targetHints":{"allow":["GET"]}}],"collection":[{"href":"https:\/\/candas365.es\/noticias\/wp-json\/wp\/v2\/posts"}],"about":[{"href":"https:\/\/candas365.es\/noticias\/wp-json\/wp\/v2\/types\/post"}],"author":[{"embeddable":true,"href":"https:\/\/candas365.es\/noticias\/wp-json\/wp\/v2\/users\/1"}],"replies":[{"embeddable":true,"href":"https:\/\/candas365.es\/noticias\/wp-json\/wp\/v2\/comments?post=75822"}],"version-history":[{"count":0,"href":"https:\/\/candas365.es\/noticias\/wp-json\/wp\/v2\/posts\/75822\/revisions"}],"wp:attachment":[{"href":"https:\/\/candas365.es\/noticias\/wp-json\/wp\/v2\/media?parent=75822"}],"wp:term":[{"taxonomy":"category","embeddable":true,"href":"https:\/\/candas365.es\/noticias\/wp-json\/wp\/v2\/categories?post=75822"},{"taxonomy":"post_tag","embeddable":true,"href":"https:\/\/candas365.es\/noticias\/wp-json\/wp\/v2\/tags?post=75822"}],"curies":[{"name":"wp","href":"https:\/\/api.w.org\/{rel}","templated":true}]}}