{"id":75815,"date":"2017-07-17T18:15:25","date_gmt":"2017-07-17T18:15:25","guid":{"rendered":"http:\/\/candas365.es\/noticias\/?p=75815"},"modified":"2017-07-17T18:15:25","modified_gmt":"2017-07-17T18:15:25","slug":"sernauto-aplaude-la-nueva-campana-de-la-dgt-de-vigilancia-de-las-condiciones-del-vehiculo","status":"publish","type":"post","link":"https:\/\/candas365.es\/noticias\/sernauto-aplaude-la-nueva-campana-de-la-dgt-de-vigilancia-de-las-condiciones-del-vehiculo\/","title":{"rendered":"SERNAUTO aplaude la nueva campa\u00f1a de la DGT de vigilancia de las condiciones del veh\u00edculo"},"content":{"rendered":"<p><img fetchpriority=\"high\" decoding=\"async\" class=\"alignleft size-medium wp-image-4338\" src=\"https:\/\/candas365.es\/noticias\/wp-content\/uploads\/2014\/10\/carretera-360x185.jpg\" alt=\"\" width=\"360\" height=\"185\" srcset=\"https:\/\/candas365.es\/noticias\/wp-content\/uploads\/2014\/10\/carretera-360x185.jpg 360w, https:\/\/candas365.es\/noticias\/wp-content\/uploads\/2014\/10\/carretera-150x77.jpg 150w, https:\/\/candas365.es\/noticias\/wp-content\/uploads\/2014\/10\/carretera.jpg 418w\" sizes=\"(max-width: 360px) 100vw, 360px\" \/>Hoy, 17 de julio, ha dado comienzo una nueva campa\u00f1a de la Direcci\u00f3n General de Tr\u00e1fico (DGT) centrada espec\u00edficamente en la vigilancia y control de las condiciones de los veh\u00edculos que circulan por las carreteras. Durante una semana, se realizar\u00e1n inspecciones sobre los veh\u00edculos para verificar que su estado cumple con los requisitos establecidos en la legislaci\u00f3n vigente. Se prestar\u00e1 especial atenci\u00f3n al adecuado mantenimiento y a la puesta a punto de todos los elementos de seguridad del veh\u00edculo: neum\u00e1ticos, luces, se\u00f1alizaci\u00f3n, parabrisas, ITV\u2026<\/p>\n<p>Como pone de manifiesto Benito Tesier, presidente de la Comisi\u00f3n de Recambios de SERNAUTO: \u00abresulta imprescindible concienciarnos todos de la importancia del mantenimiento responsable de los veh\u00edculos no solo para nuestra seguridad y la de nuestros acompa\u00f1antes, sino tambi\u00e9n para el resto de usuarios\u00bb. De ah\u00ed que, contin\u00faa Tesier, sean tan relevantes campa\u00f1as como la puesta en marcha por la DGT para garantizar que los veh\u00edculos que circulan por nuestras carreteras cuentan con las condiciones b\u00e1sicas para hacerlo y evitar posibles accidentes. \u00abLa seguridad vial depende de todos nosotros y de un buen mantenimiento preventivo\u00bb, afirma.<\/p>\n<p>Cerca del 65% de los veh\u00edculos que circulan por Espa\u00f1a tiene m\u00e1s de 10 a\u00f1os, frente a un 35% de menos de 10 a\u00f1os. Una cifra que sit\u00faa a Espa\u00f1a como el pa\u00eds con el parque automovil\u00edstico m\u00e1s antiguo de los cinco mercados principales de Europa (Alemania, Reino Unido, Francia, Italia y Espa\u00f1a).<\/p>\n<p>Como destaca la DGT, la antig\u00fcedad media de los veh\u00edculos en los que viajaban las v\u00edctimas mortales de accidentes en carretera en 2016 fue de 12 a\u00f1os en turismo, 9 a\u00f1os en motocicleta y de 13 a\u00f1os en el caso de camiones de hasta 3.500 kg.<\/p>\n<p>Seg\u00fan el \u00faltimo estudio realizado por Tr\u00e1fico, el riesgo de fallecer o sufrir una lesi\u00f3n con hospitalizaci\u00f3n aumenta con la antig\u00fcedad del veh\u00edculo. En comparaci\u00f3n con los turismos de hasta 4 a\u00f1os, el riesgo de fallecimiento es 1,6 veces superior en los turismos de 10 a 14 a\u00f1os y 2,2 veces superior en los turismos de 15 a 19 a\u00f1os.<\/p>\n<p>\u00abTeniendo en cuenta esta relaci\u00f3n entre riesgo y antig\u00fcedad del veh\u00edculo, el mantenimiento adecuado de todos los elementos de seguridad se convierten en una actividad imprescindible para combatir la siniestralidad\u00bb, indican desde la DGT.<\/p>\n<p>Adem\u00e1s de la antig\u00fcedad del parque, Benito Tesier llama la atenci\u00f3n sobre la proliferaci\u00f3n de recambios que no cumplen las especificaciones t\u00e9cnicas y ponen en<\/p>\n<p>riesgo la seguridad vial. \u00abDesgraciadamente, existe hoy en el mercado una amplia oferta de equipos y componentes falsificados, no homologados o piezas usadas que no garantizan su seguridad, cuya utilizaci\u00f3n pone en grave peligro, no solo al conductor, sino tambi\u00e9n al resto de pasajeros y usuarios de las carreteras\u00bb.<\/p>\n<p>Desde la Comisi\u00f3n de Recambios de SERNAUTO seguiremos trabajando activamente tanto con la Administraci\u00f3n como con otras organizaciones y empresas del sector para promover la utilizaci\u00f3n de recambios de calidad y su correcta reposici\u00f3n como medida para garantizar la seguridad y reducir la siniestralidad en nuestras carreteras\u00bb.<\/p>\n<p>&nbsp;<\/p>\n","protected":false},"excerpt":{"rendered":"<p>Hoy, 17 de julio, ha dado comienzo una nueva campa\u00f1a de la Direcci\u00f3n General de Tr\u00e1fico (DGT) centrada espec\u00edficamente en la vigilancia y control de las condiciones de los veh\u00edculos que circulan por las carreteras. Durante una semana, se realizar\u00e1n inspecciones sobre los veh\u00edculos para verificar que su estado cumple con los requisitos establecidos en<\/p>\n","protected":false},"author":1,"featured_media":17598,"comment_status":"closed","ping_status":"closed","sticky":false,"template":"","format":"standard","meta":{"footnotes":""},"categories":[343],"tags":[],"class_list":{"0":"post-75815","1":"post","2":"type-post","3":"status-publish","4":"format-standard","5":"has-post-thumbnail","7":"category-actualidad"},"aioseo_notices":[],"aioseo_head":"\n\t\t<!-- All in One SEO Pro 4.9.6.2 - aioseo.com -->\n\t<meta name=\"description\" content=\"Hoy, 17 de julio, ha dado comienzo una nueva campa\u00f1a de la Direcci\u00f3n General de Tr\u00e1fico (DGT) centrada espec\u00edficamente en la vigilancia y control de las condiciones de los veh\u00edculos que circulan por las carreteras. Durante una semana, se realizar\u00e1n inspecciones sobre los veh\u00edculos para verificar que su estado cumple con los requisitos establecidos en\" \/>\n\t<meta name=\"robots\" content=\"max-image-preview:large\" \/>\n\t<meta name=\"author\" content=\"Cand\u00e1s 365\"\/>\n\t<meta name=\"google-site-verification\" content=\"UA-32230408-1\" \/>\n\t<meta name=\"msvalidate.01\" content=\"354F3CDFB2DA171B47FBE9ABF1F88D5\" \/>\n\t<meta name=\"keywords\" content=\"actualidad\" \/>\n\t<link rel=\"canonical\" href=\"https:\/\/candas365.es\/noticias\/sernauto-aplaude-la-nueva-campana-de-la-dgt-de-vigilancia-de-las-condiciones-del-vehiculo\/\" \/>\n\t<meta name=\"generator\" content=\"All in One SEO Pro (AIOSEO) 4.9.6.2\" \/>\n\t\t<meta property=\"og:locale\" content=\"es_ES\" \/>\n\t\t<meta property=\"og:site_name\" content=\"Cand\u00e1s 365\" \/>\n\t\t<meta property=\"og:type\" content=\"article\" \/>\n\t\t<meta property=\"og:title\" content=\"SERNAUTO aplaude la nueva campa\u00f1a de la DGT de vigilancia de las condiciones del veh\u00edculo | Cand\u00e1s 365\" \/>\n\t\t<meta property=\"og:description\" content=\"Hoy, 17 de julio, ha dado comienzo una nueva campa\u00f1a de la Direcci\u00f3n General de Tr\u00e1fico (DGT) centrada espec\u00edficamente en la vigilancia y control de las condiciones de los veh\u00edculos que circulan por las carreteras. Durante una semana, se realizar\u00e1n inspecciones sobre los veh\u00edculos para verificar que su estado cumple con los requisitos establecidos en\" \/>\n\t\t<meta property=\"og:url\" content=\"https:\/\/candas365.es\/noticias\/sernauto-aplaude-la-nueva-campana-de-la-dgt-de-vigilancia-de-las-condiciones-del-vehiculo\/\" \/>\n\t\t<meta property=\"og:image\" content=\"https:\/\/candas365.es\/noticias\/wp-content\/uploads\/2015\/10\/carretera.jpg\" \/>\n\t\t<meta property=\"og:image:secure_url\" content=\"https:\/\/candas365.es\/noticias\/wp-content\/uploads\/2015\/10\/carretera.jpg\" \/>\n\t\t<meta property=\"og:image:width\" content=\"800\" \/>\n\t\t<meta property=\"og:image:height\" content=\"450\" \/>\n\t\t<meta property=\"article:published_time\" content=\"2017-07-17T18:15:25+00:00\" \/>\n\t\t<meta property=\"article:modified_time\" content=\"2017-07-17T18:15:25+00:00\" \/>\n\t\t<meta property=\"article:publisher\" content=\"https:\/\/www.facebook.com\/Nachofdezber\" \/>\n\t\t<meta property=\"article:author\" content=\"https:\/\/www.facebook.com\/carrenoactualidad\" \/>\n\t\t<meta name=\"twitter:card\" content=\"summary_large_image\" \/>\n\t\t<meta name=\"twitter:site\" content=\"@NabercoDigital\" \/>\n\t\t<meta name=\"twitter:title\" content=\"SERNAUTO aplaude la nueva campa\u00f1a de la DGT de vigilancia de las condiciones del veh\u00edculo | Cand\u00e1s 365\" \/>\n\t\t<meta name=\"twitter:description\" content=\"Hoy, 17 de julio, ha dado comienzo una nueva campa\u00f1a de la Direcci\u00f3n General de Tr\u00e1fico (DGT) centrada espec\u00edficamente en la vigilancia y control de las condiciones de los veh\u00edculos que circulan por las carreteras. Durante una semana, se realizar\u00e1n inspecciones sobre los veh\u00edculos para verificar que su estado cumple con los requisitos establecidos en\" \/>\n\t\t<meta name=\"twitter:creator\" content=\"@nbasturias\" \/>\n\t\t<meta name=\"twitter:image\" content=\"https:\/\/candas365.es\/noticias\/wp-content\/uploads\/2015\/10\/carretera.jpg\" \/>\n\t\t<meta name=\"twitter:label1\" content=\"Escrito por\" \/>\n\t\t<meta name=\"twitter:data1\" content=\"Cand\u00e1s 365\" \/>\n\t\t<meta name=\"twitter:label2\" content=\"Tiempo de lectura estimado\" \/>\n\t\t<meta name=\"twitter:data2\" content=\"3 minutos\" \/>\n\t\t<script type=\"application\/ld+json\" class=\"aioseo-schema\">\n\t\t\t{\"@context\":\"https:\\\/\\\/schema.org\",\"@graph\":[{\"@type\":\"BreadcrumbList\",\"@id\":\"https:\\\/\\\/candas365.es\\\/noticias\\\/sernauto-aplaude-la-nueva-campana-de-la-dgt-de-vigilancia-de-las-condiciones-del-vehiculo\\\/#breadcrumblist\",\"itemListElement\":[{\"@type\":\"ListItem\",\"@id\":\"https:\\\/\\\/candas365.es\\\/noticias#listItem\",\"position\":1,\"name\":\"Home\",\"item\":\"https:\\\/\\\/candas365.es\\\/noticias\",\"nextItem\":{\"@type\":\"ListItem\",\"@id\":\"https:\\\/\\\/candas365.es\\\/noticias\\\/category\\\/actualidad\\\/#listItem\",\"name\":\"Actualidad\"}},{\"@type\":\"ListItem\",\"@id\":\"https:\\\/\\\/candas365.es\\\/noticias\\\/category\\\/actualidad\\\/#listItem\",\"position\":2,\"name\":\"Actualidad\",\"item\":\"https:\\\/\\\/candas365.es\\\/noticias\\\/category\\\/actualidad\\\/\",\"nextItem\":{\"@type\":\"ListItem\",\"@id\":\"https:\\\/\\\/candas365.es\\\/noticias\\\/sernauto-aplaude-la-nueva-campana-de-la-dgt-de-vigilancia-de-las-condiciones-del-vehiculo\\\/#listItem\",\"name\":\"SERNAUTO aplaude la nueva campa\\u00f1a de la DGT de vigilancia de las condiciones del veh\\u00edculo\"},\"previousItem\":{\"@type\":\"ListItem\",\"@id\":\"https:\\\/\\\/candas365.es\\\/noticias#listItem\",\"name\":\"Home\"}},{\"@type\":\"ListItem\",\"@id\":\"https:\\\/\\\/candas365.es\\\/noticias\\\/sernauto-aplaude-la-nueva-campana-de-la-dgt-de-vigilancia-de-las-condiciones-del-vehiculo\\\/#listItem\",\"position\":3,\"name\":\"SERNAUTO aplaude la nueva campa\\u00f1a de la DGT de vigilancia de las condiciones del veh\\u00edculo\",\"previousItem\":{\"@type\":\"ListItem\",\"@id\":\"https:\\\/\\\/candas365.es\\\/noticias\\\/category\\\/actualidad\\\/#listItem\",\"name\":\"Actualidad\"}}]},{\"@type\":\"NewsArticle\",\"@id\":\"https:\\\/\\\/candas365.es\\\/noticias\\\/sernauto-aplaude-la-nueva-campana-de-la-dgt-de-vigilancia-de-las-condiciones-del-vehiculo\\\/#newsarticle\",\"name\":\"SERNAUTO aplaude la nueva campa\\u00f1a de la DGT de vigilancia de las condiciones del veh\\u00edculo | Cand\\u00e1s 365\",\"headline\":\"SERNAUTO aplaude la nueva campa\\u00f1a de la DGT de vigilancia de las condiciones del veh\\u00edculo\",\"author\":{\"@id\":\"https:\\\/\\\/candas365.es\\\/noticias\\\/author\\\/admin\\\/#author\"},\"publisher\":{\"@id\":\"https:\\\/\\\/candas365.es\\\/noticias\\\/#organization\"},\"image\":{\"@type\":\"ImageObject\",\"url\":\"https:\\\/\\\/candas365.es\\\/noticias\\\/wp-content\\\/uploads\\\/2015\\\/10\\\/carretera.jpg\",\"width\":800,\"height\":450},\"datePublished\":\"2017-07-17T18:15:25+02:00\",\"dateModified\":\"2017-07-17T18:15:25+02:00\",\"inLanguage\":\"es-ES\",\"mainEntityOfPage\":{\"@id\":\"https:\\\/\\\/candas365.es\\\/noticias\\\/sernauto-aplaude-la-nueva-campana-de-la-dgt-de-vigilancia-de-las-condiciones-del-vehiculo\\\/#webpage\"},\"isPartOf\":{\"@id\":\"https:\\\/\\\/candas365.es\\\/noticias\\\/sernauto-aplaude-la-nueva-campana-de-la-dgt-de-vigilancia-de-las-condiciones-del-vehiculo\\\/#webpage\"},\"articleSection\":\"Actualidad\",\"dateline\":\"Publicado el julio 17, 2017.\"},{\"@type\":\"Organization\",\"@id\":\"https:\\\/\\\/candas365.es\\\/noticias\\\/#organization\",\"name\":\"Cand\\u00e1s 365\",\"description\":\"Cand\\u00e1s 365 es un diario digital independiente, fundado en 2012, con base en Asturias. Informamos con rigor sobre actualidad, sociedad, cultura y ocio, con una mirada local y global.\",\"url\":\"https:\\\/\\\/candas365.es\\\/noticias\\\/\",\"email\":\"info@candas365.es\",\"telephone\":\"+34652131393\",\"foundingDate\":\"2012-06-10\",\"logo\":{\"@type\":\"ImageObject\",\"url\":\"https:\\\/\\\/candas365.es\\\/noticias\\\/wp-content\\\/uploads\\\/2024\\\/09\\\/Candas-365-Redes.jpg\",\"@id\":\"https:\\\/\\\/candas365.es\\\/noticias\\\/sernauto-aplaude-la-nueva-campana-de-la-dgt-de-vigilancia-de-las-condiciones-del-vehiculo\\\/#organizationLogo\",\"width\":1152,\"height\":864,\"caption\":\"Cand\\u00e1s 365 Redes\"},\"image\":{\"@id\":\"https:\\\/\\\/candas365.es\\\/noticias\\\/sernauto-aplaude-la-nueva-campana-de-la-dgt-de-vigilancia-de-las-condiciones-del-vehiculo\\\/#organizationLogo\"},\"sameAs\":[\"https:\\\/\\\/www.facebook.com\\\/Nachofdezber\",\"https:\\\/\\\/x.com\\\/NabercoDigital\",\"https:\\\/\\\/www.instagram.com\\\/nachofdezber\\\/\",\"https:\\\/\\\/www.youtube.com\\\/channel\\\/UCZP-2wLEB9Rv6erhFmqVnvg\"],\"address\":{\"@id\":\"https:\\\/\\\/candas365.es\\\/noticias\\\/#postaladdress\",\"@type\":\"PostalAddress\",\"streetAddress\":\"san antonio 4, san antonio 4\",\"postalCode\":\"33430\",\"addressLocality\":\"Cand\\u00e1s\",\"addressRegion\":\"Asturias\",\"addressCountry\":\"ES\"}},{\"@type\":\"Person\",\"@id\":\"https:\\\/\\\/candas365.es\\\/noticias\\\/author\\\/admin\\\/#author\",\"url\":\"https:\\\/\\\/candas365.es\\\/noticias\\\/author\\\/admin\\\/\",\"name\":\"Cand\\u00e1s 365\",\"image\":{\"@type\":\"ImageObject\",\"@id\":\"https:\\\/\\\/candas365.es\\\/noticias\\\/sernauto-aplaude-la-nueva-campana-de-la-dgt-de-vigilancia-de-las-condiciones-del-vehiculo\\\/#authorImage\",\"url\":\"https:\\\/\\\/secure.gravatar.com\\\/avatar\\\/496a8e03d0c493ede1718b7934145dbdf8d89be1036b0eec9544e1094c9de390?s=96&d=mm&r=g\",\"width\":96,\"height\":96,\"caption\":\"Cand\\u00e1s 365\"},\"sameAs\":[\"https:\\\/\\\/www.facebook.com\\\/carrenoactualidad\",\"https:\\\/\\\/twitter.com\\\/nbasturias\",\"https:\\\/\\\/www.instagram.com\\\/nachofdezber\\\/\",\"https:\\\/\\\/www.youtube.com\\\/channel\\\/UCZP-2wLEB9Rv6erhFmqVnvg\"]},{\"@type\":\"WebPage\",\"@id\":\"https:\\\/\\\/candas365.es\\\/noticias\\\/sernauto-aplaude-la-nueva-campana-de-la-dgt-de-vigilancia-de-las-condiciones-del-vehiculo\\\/#webpage\",\"url\":\"https:\\\/\\\/candas365.es\\\/noticias\\\/sernauto-aplaude-la-nueva-campana-de-la-dgt-de-vigilancia-de-las-condiciones-del-vehiculo\\\/\",\"name\":\"SERNAUTO aplaude la nueva campa\\u00f1a de la DGT de vigilancia de las condiciones del veh\\u00edculo | Cand\\u00e1s 365\",\"description\":\"Hoy, 17 de julio, ha dado comienzo una nueva campa\\u00f1a de la Direcci\\u00f3n General de Tr\\u00e1fico (DGT) centrada espec\\u00edficamente en la vigilancia y control de las condiciones de los veh\\u00edculos que circulan por las carreteras. Durante una semana, se realizar\\u00e1n inspecciones sobre los veh\\u00edculos para verificar que su estado cumple con los requisitos establecidos en\",\"inLanguage\":\"es-ES\",\"isPartOf\":{\"@id\":\"https:\\\/\\\/candas365.es\\\/noticias\\\/#website\"},\"breadcrumb\":{\"@id\":\"https:\\\/\\\/candas365.es\\\/noticias\\\/sernauto-aplaude-la-nueva-campana-de-la-dgt-de-vigilancia-de-las-condiciones-del-vehiculo\\\/#breadcrumblist\"},\"author\":{\"@id\":\"https:\\\/\\\/candas365.es\\\/noticias\\\/author\\\/admin\\\/#author\"},\"creator\":{\"@id\":\"https:\\\/\\\/candas365.es\\\/noticias\\\/author\\\/admin\\\/#author\"},\"image\":{\"@type\":\"ImageObject\",\"url\":\"https:\\\/\\\/candas365.es\\\/noticias\\\/wp-content\\\/uploads\\\/2015\\\/10\\\/carretera.jpg\",\"@id\":\"https:\\\/\\\/candas365.es\\\/noticias\\\/sernauto-aplaude-la-nueva-campana-de-la-dgt-de-vigilancia-de-las-condiciones-del-vehiculo\\\/#mainImage\",\"width\":800,\"height\":450},\"primaryImageOfPage\":{\"@id\":\"https:\\\/\\\/candas365.es\\\/noticias\\\/sernauto-aplaude-la-nueva-campana-de-la-dgt-de-vigilancia-de-las-condiciones-del-vehiculo\\\/#mainImage\"},\"datePublished\":\"2017-07-17T18:15:25+02:00\",\"dateModified\":\"2017-07-17T18:15:25+02:00\"},{\"@type\":\"WebSite\",\"@id\":\"https:\\\/\\\/candas365.es\\\/noticias\\\/#website\",\"url\":\"https:\\\/\\\/candas365.es\\\/noticias\\\/\",\"name\":\"Cand\\u00e1s 365\",\"alternateName\":\"Cand\\u00e1s 365 Noticias\",\"description\":\"Actualidad desde Carre\\u00f1o para el mundo\",\"inLanguage\":\"es-ES\",\"publisher\":{\"@id\":\"https:\\\/\\\/candas365.es\\\/noticias\\\/#organization\"}}]}\n\t\t<\/script>\n\t\t<!-- All in One SEO Pro -->\r\n\t\t<title>SERNAUTO aplaude la nueva campa\u00f1a de la DGT de vigilancia de las condiciones del veh\u00edculo | Cand\u00e1s 365<\/title>\n\n","aioseo_head_json":{"title":"SERNAUTO aplaude la nueva campa\u00f1a de la DGT de vigilancia de las condiciones del veh\u00edculo | Cand\u00e1s 365","description":"Hoy, 17 de julio, ha dado comienzo una nueva campa\u00f1a de la Direcci\u00f3n General de Tr\u00e1fico (DGT) centrada espec\u00edficamente en la vigilancia y control de las condiciones de los veh\u00edculos que circulan por las carreteras. Durante una semana, se realizar\u00e1n inspecciones sobre los veh\u00edculos para verificar que su estado cumple con los requisitos establecidos en","canonical_url":"https:\/\/candas365.es\/noticias\/sernauto-aplaude-la-nueva-campana-de-la-dgt-de-vigilancia-de-las-condiciones-del-vehiculo\/","robots":"max-image-preview:large","keywords":"actualidad","webmasterTools":{"google-site-verification":"UA-32230408-1","msvalidate.01":"354F3CDFB2DA171B47FBE9ABF1F88D5","miscellaneous":""},"schema":{"@context":"https:\/\/schema.org","@graph":[{"@type":"BreadcrumbList","@id":"https:\/\/candas365.es\/noticias\/sernauto-aplaude-la-nueva-campana-de-la-dgt-de-vigilancia-de-las-condiciones-del-vehiculo\/#breadcrumblist","itemListElement":[{"@type":"ListItem","@id":"https:\/\/candas365.es\/noticias#listItem","position":1,"name":"Home","item":"https:\/\/candas365.es\/noticias","nextItem":{"@type":"ListItem","@id":"https:\/\/candas365.es\/noticias\/category\/actualidad\/#listItem","name":"Actualidad"}},{"@type":"ListItem","@id":"https:\/\/candas365.es\/noticias\/category\/actualidad\/#listItem","position":2,"name":"Actualidad","item":"https:\/\/candas365.es\/noticias\/category\/actualidad\/","nextItem":{"@type":"ListItem","@id":"https:\/\/candas365.es\/noticias\/sernauto-aplaude-la-nueva-campana-de-la-dgt-de-vigilancia-de-las-condiciones-del-vehiculo\/#listItem","name":"SERNAUTO aplaude la nueva campa\u00f1a de la DGT de vigilancia de las condiciones del veh\u00edculo"},"previousItem":{"@type":"ListItem","@id":"https:\/\/candas365.es\/noticias#listItem","name":"Home"}},{"@type":"ListItem","@id":"https:\/\/candas365.es\/noticias\/sernauto-aplaude-la-nueva-campana-de-la-dgt-de-vigilancia-de-las-condiciones-del-vehiculo\/#listItem","position":3,"name":"SERNAUTO aplaude la nueva campa\u00f1a de la DGT de vigilancia de las condiciones del veh\u00edculo","previousItem":{"@type":"ListItem","@id":"https:\/\/candas365.es\/noticias\/category\/actualidad\/#listItem","name":"Actualidad"}}]},{"@type":"NewsArticle","@id":"https:\/\/candas365.es\/noticias\/sernauto-aplaude-la-nueva-campana-de-la-dgt-de-vigilancia-de-las-condiciones-del-vehiculo\/#newsarticle","name":"SERNAUTO aplaude la nueva campa\u00f1a de la DGT de vigilancia de las condiciones del veh\u00edculo | Cand\u00e1s 365","headline":"SERNAUTO aplaude la nueva campa\u00f1a de la DGT de vigilancia de las condiciones del veh\u00edculo","author":{"@id":"https:\/\/candas365.es\/noticias\/author\/admin\/#author"},"publisher":{"@id":"https:\/\/candas365.es\/noticias\/#organization"},"image":{"@type":"ImageObject","url":"https:\/\/candas365.es\/noticias\/wp-content\/uploads\/2015\/10\/carretera.jpg","width":800,"height":450},"datePublished":"2017-07-17T18:15:25+02:00","dateModified":"2017-07-17T18:15:25+02:00","inLanguage":"es-ES","mainEntityOfPage":{"@id":"https:\/\/candas365.es\/noticias\/sernauto-aplaude-la-nueva-campana-de-la-dgt-de-vigilancia-de-las-condiciones-del-vehiculo\/#webpage"},"isPartOf":{"@id":"https:\/\/candas365.es\/noticias\/sernauto-aplaude-la-nueva-campana-de-la-dgt-de-vigilancia-de-las-condiciones-del-vehiculo\/#webpage"},"articleSection":"Actualidad","dateline":"Publicado el julio 17, 2017."},{"@type":"Organization","@id":"https:\/\/candas365.es\/noticias\/#organization","name":"Cand\u00e1s 365","description":"Cand\u00e1s 365 es un diario digital independiente, fundado en 2012, con base en Asturias. Informamos con rigor sobre actualidad, sociedad, cultura y ocio, con una mirada local y global.","url":"https:\/\/candas365.es\/noticias\/","email":"info@candas365.es","telephone":"+34652131393","foundingDate":"2012-06-10","logo":{"@type":"ImageObject","url":"https:\/\/candas365.es\/noticias\/wp-content\/uploads\/2024\/09\/Candas-365-Redes.jpg","@id":"https:\/\/candas365.es\/noticias\/sernauto-aplaude-la-nueva-campana-de-la-dgt-de-vigilancia-de-las-condiciones-del-vehiculo\/#organizationLogo","width":1152,"height":864,"caption":"Cand\u00e1s 365 Redes"},"image":{"@id":"https:\/\/candas365.es\/noticias\/sernauto-aplaude-la-nueva-campana-de-la-dgt-de-vigilancia-de-las-condiciones-del-vehiculo\/#organizationLogo"},"sameAs":["https:\/\/www.facebook.com\/Nachofdezber","https:\/\/x.com\/NabercoDigital","https:\/\/www.instagram.com\/nachofdezber\/","https:\/\/www.youtube.com\/channel\/UCZP-2wLEB9Rv6erhFmqVnvg"],"address":{"@id":"https:\/\/candas365.es\/noticias\/#postaladdress","@type":"PostalAddress","streetAddress":"san antonio 4, san antonio 4","postalCode":"33430","addressLocality":"Cand\u00e1s","addressRegion":"Asturias","addressCountry":"ES"}},{"@type":"Person","@id":"https:\/\/candas365.es\/noticias\/author\/admin\/#author","url":"https:\/\/candas365.es\/noticias\/author\/admin\/","name":"Cand\u00e1s 365","image":{"@type":"ImageObject","@id":"https:\/\/candas365.es\/noticias\/sernauto-aplaude-la-nueva-campana-de-la-dgt-de-vigilancia-de-las-condiciones-del-vehiculo\/#authorImage","url":"https:\/\/secure.gravatar.com\/avatar\/496a8e03d0c493ede1718b7934145dbdf8d89be1036b0eec9544e1094c9de390?s=96&d=mm&r=g","width":96,"height":96,"caption":"Cand\u00e1s 365"},"sameAs":["https:\/\/www.facebook.com\/carrenoactualidad","https:\/\/twitter.com\/nbasturias","https:\/\/www.instagram.com\/nachofdezber\/","https:\/\/www.youtube.com\/channel\/UCZP-2wLEB9Rv6erhFmqVnvg"]},{"@type":"WebPage","@id":"https:\/\/candas365.es\/noticias\/sernauto-aplaude-la-nueva-campana-de-la-dgt-de-vigilancia-de-las-condiciones-del-vehiculo\/#webpage","url":"https:\/\/candas365.es\/noticias\/sernauto-aplaude-la-nueva-campana-de-la-dgt-de-vigilancia-de-las-condiciones-del-vehiculo\/","name":"SERNAUTO aplaude la nueva campa\u00f1a de la DGT de vigilancia de las condiciones del veh\u00edculo | Cand\u00e1s 365","description":"Hoy, 17 de julio, ha dado comienzo una nueva campa\u00f1a de la Direcci\u00f3n General de Tr\u00e1fico (DGT) centrada espec\u00edficamente en la vigilancia y control de las condiciones de los veh\u00edculos que circulan por las carreteras. Durante una semana, se realizar\u00e1n inspecciones sobre los veh\u00edculos para verificar que su estado cumple con los requisitos establecidos en","inLanguage":"es-ES","isPartOf":{"@id":"https:\/\/candas365.es\/noticias\/#website"},"breadcrumb":{"@id":"https:\/\/candas365.es\/noticias\/sernauto-aplaude-la-nueva-campana-de-la-dgt-de-vigilancia-de-las-condiciones-del-vehiculo\/#breadcrumblist"},"author":{"@id":"https:\/\/candas365.es\/noticias\/author\/admin\/#author"},"creator":{"@id":"https:\/\/candas365.es\/noticias\/author\/admin\/#author"},"image":{"@type":"ImageObject","url":"https:\/\/candas365.es\/noticias\/wp-content\/uploads\/2015\/10\/carretera.jpg","@id":"https:\/\/candas365.es\/noticias\/sernauto-aplaude-la-nueva-campana-de-la-dgt-de-vigilancia-de-las-condiciones-del-vehiculo\/#mainImage","width":800,"height":450},"primaryImageOfPage":{"@id":"https:\/\/candas365.es\/noticias\/sernauto-aplaude-la-nueva-campana-de-la-dgt-de-vigilancia-de-las-condiciones-del-vehiculo\/#mainImage"},"datePublished":"2017-07-17T18:15:25+02:00","dateModified":"2017-07-17T18:15:25+02:00"},{"@type":"WebSite","@id":"https:\/\/candas365.es\/noticias\/#website","url":"https:\/\/candas365.es\/noticias\/","name":"Cand\u00e1s 365","alternateName":"Cand\u00e1s 365 Noticias","description":"Actualidad desde Carre\u00f1o para el mundo","inLanguage":"es-ES","publisher":{"@id":"https:\/\/candas365.es\/noticias\/#organization"}}]},"og:locale":"es_ES","og:site_name":"Cand\u00e1s 365","og:type":"article","og:title":"SERNAUTO aplaude la nueva campa\u00f1a de la DGT de vigilancia de las condiciones del veh\u00edculo | Cand\u00e1s 365","og:description":"Hoy, 17 de julio, ha dado comienzo una nueva campa\u00f1a de la Direcci\u00f3n General de Tr\u00e1fico (DGT) centrada espec\u00edficamente en la vigilancia y control de las condiciones de los veh\u00edculos que circulan por las carreteras. Durante una semana, se realizar\u00e1n inspecciones sobre los veh\u00edculos para verificar que su estado cumple con los requisitos establecidos en","og:url":"https:\/\/candas365.es\/noticias\/sernauto-aplaude-la-nueva-campana-de-la-dgt-de-vigilancia-de-las-condiciones-del-vehiculo\/","og:image":"https:\/\/candas365.es\/noticias\/wp-content\/uploads\/2015\/10\/carretera.jpg","og:image:secure_url":"https:\/\/candas365.es\/noticias\/wp-content\/uploads\/2015\/10\/carretera.jpg","og:image:width":800,"og:image:height":450,"article:published_time":"2017-07-17T18:15:25+00:00","article:modified_time":"2017-07-17T18:15:25+00:00","article:publisher":"https:\/\/www.facebook.com\/Nachofdezber","article:author":"https:\/\/www.facebook.com\/carrenoactualidad","twitter:card":"summary_large_image","twitter:site":"@NabercoDigital","twitter:title":"SERNAUTO aplaude la nueva campa\u00f1a de la DGT de vigilancia de las condiciones del veh\u00edculo | Cand\u00e1s 365","twitter:description":"Hoy, 17 de julio, ha dado comienzo una nueva campa\u00f1a de la Direcci\u00f3n General de Tr\u00e1fico (DGT) centrada espec\u00edficamente en la vigilancia y control de las condiciones de los veh\u00edculos que circulan por las carreteras. Durante una semana, se realizar\u00e1n inspecciones sobre los veh\u00edculos para verificar que su estado cumple con los requisitos establecidos en","twitter:creator":"@nbasturias","twitter:image":"https:\/\/candas365.es\/noticias\/wp-content\/uploads\/2015\/10\/carretera.jpg","twitter:label1":"Escrito por","twitter:data1":"Cand\u00e1s 365","twitter:label2":"Tiempo de lectura estimado","twitter:data2":"3 minutos"},"aioseo_meta_data":{"post_id":"75815","title":null,"description":null,"keywords":null,"keyphrases":null,"primary_term":null,"canonical_url":null,"og_title":null,"og_description":null,"og_object_type":"default","og_image_type":"default","og_image_url":null,"og_image_width":null,"og_image_height":null,"og_image_custom_url":null,"og_image_custom_fields":null,"og_video":null,"og_custom_url":null,"og_article_section":null,"og_article_tags":null,"twitter_use_og":false,"twitter_card":"default","twitter_image_type":"default","twitter_image_url":null,"twitter_image_custom_url":null,"twitter_image_custom_fields":null,"twitter_title":null,"twitter_description":null,"schema":{"blockGraphs":[],"customGraphs":[],"default":{"data":{"Article":[],"Course":[],"Dataset":[],"FAQPage":[],"Movie":[],"Person":[],"Product":[],"ProductReview":[],"Car":[],"Recipe":[],"Service":[],"SoftwareApplication":[],"WebPage":[]},"graphName":"","isEnabled":true},"graphs":[],"defaultGraph":"","defaultPostTypeGraph":""},"schema_type":null,"schema_type_options":null,"pillar_content":false,"robots_default":true,"robots_noindex":false,"robots_noarchive":false,"robots_nosnippet":false,"robots_nofollow":false,"robots_noimageindex":false,"robots_noodp":false,"robots_notranslate":false,"robots_max_snippet":null,"robots_max_videopreview":null,"robots_max_imagepreview":"large","priority":null,"frequency":null,"location":null,"local_seo":null,"seo_analyzer_scan_date":"2025-08-25 18:34:13","breadcrumb_settings":null,"limit_modified_date":false,"reviewed_by":null,"open_ai":null,"ai":null,"created":"2020-12-21 12:56:31","updated":"2025-08-25 18:34:13"},"aioseo_breadcrumb":"<div class=\"aioseo-breadcrumbs\"><span class=\"aioseo-breadcrumb\">\n\t<a href=\"https:\/\/candas365.es\/noticias\" title=\"Home\">Home<\/a>\n<\/span><span class=\"aioseo-breadcrumb-separator\">&ndash;<\/span><span class=\"aioseo-breadcrumb\">\n\t<a href=\"https:\/\/candas365.es\/noticias\/category\/actualidad\/\" title=\"Actualidad\">Actualidad<\/a>\n<\/span><span class=\"aioseo-breadcrumb-separator\">&ndash;<\/span><span class=\"aioseo-breadcrumb\">\n\tSERNAUTO aplaude la nueva campa\u00f1a de la DGT de vigilancia de las condiciones del veh\u00edculo\n<\/span><\/div>","aioseo_breadcrumb_json":[{"label":"Home","link":"https:\/\/candas365.es\/noticias"},{"label":"Actualidad","link":"https:\/\/candas365.es\/noticias\/category\/actualidad\/"},{"label":"SERNAUTO aplaude la nueva campa\u00f1a de la DGT de vigilancia de las condiciones del veh\u00edculo","link":"https:\/\/candas365.es\/noticias\/sernauto-aplaude-la-nueva-campana-de-la-dgt-de-vigilancia-de-las-condiciones-del-vehiculo\/"}],"_links":{"self":[{"href":"https:\/\/candas365.es\/noticias\/wp-json\/wp\/v2\/posts\/75815","targetHints":{"allow":["GET"]}}],"collection":[{"href":"https:\/\/candas365.es\/noticias\/wp-json\/wp\/v2\/posts"}],"about":[{"href":"https:\/\/candas365.es\/noticias\/wp-json\/wp\/v2\/types\/post"}],"author":[{"embeddable":true,"href":"https:\/\/candas365.es\/noticias\/wp-json\/wp\/v2\/users\/1"}],"replies":[{"embeddable":true,"href":"https:\/\/candas365.es\/noticias\/wp-json\/wp\/v2\/comments?post=75815"}],"version-history":[{"count":0,"href":"https:\/\/candas365.es\/noticias\/wp-json\/wp\/v2\/posts\/75815\/revisions"}],"wp:featuredmedia":[{"embeddable":true,"href":"https:\/\/candas365.es\/noticias\/wp-json\/wp\/v2\/media\/17598"}],"wp:attachment":[{"href":"https:\/\/candas365.es\/noticias\/wp-json\/wp\/v2\/media?parent=75815"}],"wp:term":[{"taxonomy":"category","embeddable":true,"href":"https:\/\/candas365.es\/noticias\/wp-json\/wp\/v2\/categories?post=75815"},{"taxonomy":"post_tag","embeddable":true,"href":"https:\/\/candas365.es\/noticias\/wp-json\/wp\/v2\/tags?post=75815"}],"curies":[{"name":"wp","href":"https:\/\/api.w.org\/{rel}","templated":true}]}}