{"id":75783,"date":"2017-07-17T17:17:30","date_gmt":"2017-07-17T17:17:30","guid":{"rendered":"http:\/\/candas365.es\/noticias\/?p=75783"},"modified":"2017-07-17T17:17:30","modified_gmt":"2017-07-17T17:17:30","slug":"el-movimiento-por-el-blindaje-constitucional-de-las-pensiones-defiende-su-alternativa-frente-a-las-predicciones-de-la-autoridad-fiscal","status":"publish","type":"post","link":"https:\/\/candas365.es\/noticias\/el-movimiento-por-el-blindaje-constitucional-de-las-pensiones-defiende-su-alternativa-frente-a-las-predicciones-de-la-autoridad-fiscal\/","title":{"rendered":"El movimiento por el blindaje constitucional de las pensiones defiende su alternativa frente a las predicciones de la Autoridad Fiscal"},"content":{"rendered":"<p><img fetchpriority=\"high\" decoding=\"async\" class=\"alignleft size-medium wp-image-75784\" src=\"https:\/\/candas365.es\/noticias\/wp-content\/uploads\/2017\/07\/MERP-13-julio-213x300.jpg\" alt=\"\" width=\"213\" height=\"300\" srcset=\"https:\/\/candas365.es\/noticias\/wp-content\/uploads\/2017\/07\/MERP-13-julio-213x300.jpg 213w, https:\/\/candas365.es\/noticias\/wp-content\/uploads\/2017\/07\/MERP-13-julio-768x1083.jpg 768w, https:\/\/candas365.es\/noticias\/wp-content\/uploads\/2017\/07\/MERP-13-julio-341x480.jpg 341w, https:\/\/candas365.es\/noticias\/wp-content\/uploads\/2017\/07\/MERP-13-julio-696x981.jpg 696w, https:\/\/candas365.es\/noticias\/wp-content\/uploads\/2017\/07\/MERP-13-julio-1068x1506.jpg 1068w, https:\/\/candas365.es\/noticias\/wp-content\/uploads\/2017\/07\/MERP-13-julio-298x420.jpg 298w, https:\/\/candas365.es\/noticias\/wp-content\/uploads\/2017\/07\/MERP-13-julio.jpg 1240w\" sizes=\"(max-width: 213px) 100vw, 213px\" \/>El mismo d\u00eda que la Autoridad Fiscal ha anunciado que la revalorizaci\u00f3n del 0,25% de las pensiones se extender\u00e1 hasta 2022 y que los pensionistas van a perder un 7% de poder adquisitivo, las 200 organizaciones que componen la MERP (Mesa Estatal por el Blindaje de las Pensiones), con el apoyo de otras 100, publicaron un manifiesto que insta al Gobierno y al Congreso de los Diputados a blindar las Pensiones en la Constituci\u00f3n. Al manifiesto se han adherido adem\u00e1s 80 personalidades y profesionales destacados.<\/p>\n<p>Desde su publicaci\u00f3n, diferentes personalidades se han hecho eco de la noticia y han trasladado su felicitaci\u00f3n a la MERP. Desde el presidente de Cantabria, Miguel \u00c1ngel Revilla que ha difundido el manifiesto en sus perfiles de las redes sociales, as\u00ed como el documento que firm\u00f3 para adherirse como promotor de la plataforma, a otros profesionales como los escritores Rosa Montero y Juan Jos\u00e9 Mill\u00e1s, los directores Jos\u00e9 Luis G\u00f3mez y Fernando Colomo, o las actrices Marisa Paredes y Mercedes Sampietro.<\/p>\n<p>Este movimiento que exige el blindaje constitucional de las pensiones, ha recogido ya 800 mil firmas que ha presentado a las defensor\u00edas del pueblo, y cuentan con otro medio mill\u00f3n para volver a presentar. La plataforma se ha propuesto, con esta nueva campa\u00f1a, llegar a los dos millones de firmas antes de Navidad.<\/p>\n<p>La MERP naci\u00f3 hace cuatro a\u00f1os y est\u00e1 formada por organizaciones muy diferentes, muchas de las cuales han participado en las ruedas de prensa que tuvieron lugar en Madrid y en Barcelona, y en los actos que se celebraron en 40 capitales el jueves pasado. En Oviedo, participaron USO, FAMPA, Asociaci\u00f3n de Pensionistas de Asturias, Asociaci\u00f3n de Pensionistas de Gij\u00f3n, ATTAC, Recortes Cero y Unificaci\u00f3n Comunista de Espa\u00f1a.<\/p>\n<p>El manifiesto ha sido apoyado por la Fundaci\u00f3n 26 de Diciembre (mayores LGTB), la FAMPA (Federaci\u00f3n de Asociaciones de Mayores del Principado de Asturias) que re\u00fane a 90 organizaciones y a m\u00e1s de 60.000 de jubilados y pensionistas asturianos; as\u00ed mismo por colectivos de la Iglesia cat\u00f3lica, como Justicia y Paz, federaciones de asociaciones de vecinos como las de M\u00e1laga, Valencia, Badalona, Viladecans o M\u00f3stoles, la popular asociaci\u00f3n Candela de Madrid, colectivos del movimiento LGTBI como Lambda, No te prives o Algarabia, los estibadores de Barcelona y Valencia, Las Kellys, Zaragoza en Com\u00fan o la Hermandad Obrera de Acci\u00f3n Cat\u00f3lica.<\/p>\n<p>A lo largo de los tres d\u00edas durante los que se ha prolongado la presentaci\u00f3n del manifiesto, Joanen Cunyat, miembro de la Portavoc\u00eda de la MERP, ha subrayado en varios medios que \u201ces importante preguntarse c\u00f3mo organizaciones tan diferentes estamos unidas en un solo objetivo\u201d, \u201cno hablamos de soluciones t\u00e9cnicas, negociaciones pol\u00edticas o alternativas de financiaci\u00f3n, porque se financien de donde se financien, queremos las pensiones p\u00fablicas blindadas en la Constituci\u00f3n. Primero blindar, despu\u00e9s lo dem\u00e1s. Que sea cual sea la esperanza de vida, los impuestos, o la natalidad, las pensiones p\u00fablicas no pueda privatizarse ni degradarse su poder adquisitivo\u201d.<\/p>\n<p>El manifiesto se ha presentado precisamente la semana en la que la Autoridad Fiscal ha anunciado su previsi\u00f3n de que las pensiones perder\u00e1n un 7% de poder adquisitivo los pr\u00f3ximos 5 a\u00f1os. Tal y como se ha publicado en varios medios, este a\u00f1os los pensionistas van a perder 235 euros.<\/p>\n<p>Por otra parte, Julio Salazar de la Uni\u00f3n Sindical Obrera y Teresa Rodr\u00edguez de Alternativa Sindical de Trabajadores, miembros del equipo que coordina la plataforma, han ofrecido el punto de vista desde el mundo sindical, defendiendo la importancia que tiene para las condiciones de vida de los trabajadores el blindaje constitucional de las pensiones, y el papel que juegan los fondos privados.<\/p>\n<p>Xavier Ca\u00f1o, representante de ATTAC ha recordado la trayectoria del concepto de \u201csostenibilidad\u201d a la hora de hablar de las pensiones y la intencionalidad de ese debate. Jos\u00e9 Mar\u00eda Mart\u00edn, de Coalici\u00f3n de Centro Democr\u00e1tico, ha felicitado a todas las organizaciones de la MERP por lo que \u201cconseguimos cuando nos unimos\u201d y ha insistido en que \u201csi otros aprendieran de esto, mejor nos ir\u00eda\u201d.<\/p>\n<p>Por su parte, Ana Mart\u00edn de PACMA ha trasladado el apoyo de la organizaci\u00f3n, mostr\u00e1ndose convencida de que se van a conseguir r\u00e1pido los dos millones de firmas, para as\u00ed \u201cir a por cuatro\u201d. Federico Armenteros, de la Fundaci\u00f3n 26 de Diciembre, ha agradecido a la MERP la visibilidad que les permite la plataforma a los mayores LGTB, \u201ccomo colectivo que hemos estado durante mucho tiempo silenciados en la sociedad\u201d, a\u00f1adiendo que \u201cresulta que los gays y las lesbianas tambi\u00e9n nos hacemos mayores\u201d.<\/p>\n<p>Adem\u00e1s de muchas otras intervenciones de diversos representantes de las organizaciones de la MERP, Maribel Mes\u00f3n, de AMAPACI (organizaci\u00f3n de mayores de San Sebasti\u00e1n de los Reyes) ha felicitado a la MERP por \u201cdesarrollar una nueva forma de trabajar, uniendo a gente tan distinta en un solo objetivo, con un estilo tan democr\u00e1tico y respetuoso\u201d, asegurando que en la construcci\u00f3n de la MERP, las organizaciones est\u00e1n aprendiendo \u201cotra forma de activismo que yo no he visto en ning\u00fan otro sitio, que pone por delante la unidad respetando e incluso potenciando las diferentes identidades de cada organizaci\u00f3n\u201d.<\/p>\n<p>Finalmente, la Portavoc\u00eda de la MERP, ha llamado a las 300 organizaciones que han suscrito el manifiesto (presentes en las 17 comunidades aut\u00f3nomas y en 221 poblaciones) as\u00ed como a toda la sociedad espa\u00f1ola, a impulsar la recogida de firmas, unir a m\u00e1s organizaciones al movimiento por el blindaje constitucional de las pensiones y a apoyar a la MERP en la presentaci\u00f3n de mociones que se est\u00e1 llevando a cabo en varios ayuntamientos. La plataforma ha conseguido ya el apoyo de 50 ayuntamientos y una declaraci\u00f3n institucional del Parlamento de Navarra. Estas instituciones representan a 12,7 millones de habitantes, lo que significa el 27% del censo.<\/p>\n<p><strong>FUENTE MERP<\/strong><\/p>\n","protected":false},"excerpt":{"rendered":"<p>El mismo d\u00eda que la Autoridad Fiscal ha anunciado que la revalorizaci\u00f3n del 0,25% de las pensiones se extender\u00e1 hasta 2022 y que los pensionistas van a perder un 7% de poder adquisitivo, las 200 organizaciones que componen la MERP (Mesa Estatal por el Blindaje de las Pensiones), con el apoyo de otras 100, publicaron<\/p>\n","protected":false},"author":1,"featured_media":75784,"comment_status":"closed","ping_status":"closed","sticky":false,"template":"","format":"standard","meta":{"footnotes":""},"categories":[343],"tags":[],"class_list":{"0":"post-75783","1":"post","2":"type-post","3":"status-publish","4":"format-standard","5":"has-post-thumbnail","7":"category-actualidad"},"aioseo_notices":[],"aioseo_head":"\n\t\t<!-- All in One SEO Pro 4.9.6.2 - aioseo.com -->\n\t<meta name=\"description\" content=\"El mismo d\u00eda que la Autoridad Fiscal ha anunciado que la revalorizaci\u00f3n del 0,25% de las pensiones se extender\u00e1 hasta 2022 y que los pensionistas van a perder un 7% de poder adquisitivo, las 200 organizaciones que componen la MERP (Mesa Estatal por el Blindaje de las Pensiones), con el apoyo de otras 100, publicaron\" \/>\n\t<meta name=\"robots\" content=\"max-image-preview:large\" \/>\n\t<meta name=\"author\" content=\"Cand\u00e1s 365\"\/>\n\t<meta name=\"google-site-verification\" content=\"UA-32230408-1\" \/>\n\t<meta name=\"msvalidate.01\" content=\"354F3CDFB2DA171B47FBE9ABF1F88D5\" \/>\n\t<meta name=\"keywords\" content=\"actualidad\" \/>\n\t<link rel=\"canonical\" href=\"https:\/\/candas365.es\/noticias\/el-movimiento-por-el-blindaje-constitucional-de-las-pensiones-defiende-su-alternativa-frente-a-las-predicciones-de-la-autoridad-fiscal\/\" \/>\n\t<meta name=\"generator\" content=\"All in One SEO Pro (AIOSEO) 4.9.6.2\" \/>\n\t\t<meta property=\"og:locale\" content=\"es_ES\" \/>\n\t\t<meta property=\"og:site_name\" content=\"Cand\u00e1s 365\" \/>\n\t\t<meta property=\"og:type\" content=\"article\" \/>\n\t\t<meta property=\"og:title\" content=\"El movimiento por el blindaje constitucional de las pensiones defiende su alternativa frente a las predicciones de la Autoridad Fiscal | Cand\u00e1s 365\" \/>\n\t\t<meta property=\"og:description\" content=\"El mismo d\u00eda que la Autoridad Fiscal ha anunciado que la revalorizaci\u00f3n del 0,25% de las pensiones se extender\u00e1 hasta 2022 y que los pensionistas van a perder un 7% de poder adquisitivo, las 200 organizaciones que componen la MERP (Mesa Estatal por el Blindaje de las Pensiones), con el apoyo de otras 100, publicaron\" \/>\n\t\t<meta property=\"og:url\" content=\"https:\/\/candas365.es\/noticias\/el-movimiento-por-el-blindaje-constitucional-de-las-pensiones-defiende-su-alternativa-frente-a-las-predicciones-de-la-autoridad-fiscal\/\" \/>\n\t\t<meta property=\"og:image\" content=\"https:\/\/candas365.es\/noticias\/wp-content\/uploads\/2017\/07\/MERP-13-julio.jpg\" \/>\n\t\t<meta property=\"og:image:secure_url\" content=\"https:\/\/candas365.es\/noticias\/wp-content\/uploads\/2017\/07\/MERP-13-julio.jpg\" \/>\n\t\t<meta property=\"og:image:width\" content=\"1240\" \/>\n\t\t<meta property=\"og:image:height\" content=\"1748\" \/>\n\t\t<meta property=\"article:published_time\" content=\"2017-07-17T17:17:30+00:00\" \/>\n\t\t<meta property=\"article:modified_time\" content=\"2017-07-17T17:17:30+00:00\" \/>\n\t\t<meta property=\"article:publisher\" content=\"https:\/\/www.facebook.com\/Nachofdezber\" \/>\n\t\t<meta property=\"article:author\" content=\"https:\/\/www.facebook.com\/carrenoactualidad\" \/>\n\t\t<meta name=\"twitter:card\" content=\"summary_large_image\" \/>\n\t\t<meta name=\"twitter:site\" content=\"@NabercoDigital\" \/>\n\t\t<meta name=\"twitter:title\" content=\"El movimiento por el blindaje constitucional de las pensiones defiende su alternativa frente a las predicciones de la Autoridad Fiscal | Cand\u00e1s 365\" \/>\n\t\t<meta name=\"twitter:description\" content=\"El mismo d\u00eda que la Autoridad Fiscal ha anunciado que la revalorizaci\u00f3n del 0,25% de las pensiones se extender\u00e1 hasta 2022 y que los pensionistas van a perder un 7% de poder adquisitivo, las 200 organizaciones que componen la MERP (Mesa Estatal por el Blindaje de las Pensiones), con el apoyo de otras 100, publicaron\" \/>\n\t\t<meta name=\"twitter:creator\" content=\"@nbasturias\" \/>\n\t\t<meta name=\"twitter:image\" content=\"https:\/\/candas365.es\/noticias\/wp-content\/uploads\/2017\/07\/MERP-13-julio.jpg\" \/>\n\t\t<meta name=\"twitter:label1\" content=\"Escrito por\" \/>\n\t\t<meta name=\"twitter:data1\" content=\"Cand\u00e1s 365\" \/>\n\t\t<meta name=\"twitter:label2\" content=\"Tiempo de lectura estimado\" \/>\n\t\t<meta name=\"twitter:data2\" content=\"5 minutos\" \/>\n\t\t<script type=\"application\/ld+json\" class=\"aioseo-schema\">\n\t\t\t{\"@context\":\"https:\\\/\\\/schema.org\",\"@graph\":[{\"@type\":\"BreadcrumbList\",\"@id\":\"https:\\\/\\\/candas365.es\\\/noticias\\\/el-movimiento-por-el-blindaje-constitucional-de-las-pensiones-defiende-su-alternativa-frente-a-las-predicciones-de-la-autoridad-fiscal\\\/#breadcrumblist\",\"itemListElement\":[{\"@type\":\"ListItem\",\"@id\":\"https:\\\/\\\/candas365.es\\\/noticias#listItem\",\"position\":1,\"name\":\"Home\",\"item\":\"https:\\\/\\\/candas365.es\\\/noticias\",\"nextItem\":{\"@type\":\"ListItem\",\"@id\":\"https:\\\/\\\/candas365.es\\\/noticias\\\/category\\\/actualidad\\\/#listItem\",\"name\":\"Actualidad\"}},{\"@type\":\"ListItem\",\"@id\":\"https:\\\/\\\/candas365.es\\\/noticias\\\/category\\\/actualidad\\\/#listItem\",\"position\":2,\"name\":\"Actualidad\",\"item\":\"https:\\\/\\\/candas365.es\\\/noticias\\\/category\\\/actualidad\\\/\",\"nextItem\":{\"@type\":\"ListItem\",\"@id\":\"https:\\\/\\\/candas365.es\\\/noticias\\\/el-movimiento-por-el-blindaje-constitucional-de-las-pensiones-defiende-su-alternativa-frente-a-las-predicciones-de-la-autoridad-fiscal\\\/#listItem\",\"name\":\"El movimiento por el blindaje constitucional de las pensiones defiende su alternativa frente a las predicciones de la Autoridad Fiscal\"},\"previousItem\":{\"@type\":\"ListItem\",\"@id\":\"https:\\\/\\\/candas365.es\\\/noticias#listItem\",\"name\":\"Home\"}},{\"@type\":\"ListItem\",\"@id\":\"https:\\\/\\\/candas365.es\\\/noticias\\\/el-movimiento-por-el-blindaje-constitucional-de-las-pensiones-defiende-su-alternativa-frente-a-las-predicciones-de-la-autoridad-fiscal\\\/#listItem\",\"position\":3,\"name\":\"El movimiento por el blindaje constitucional de las pensiones defiende su alternativa frente a las predicciones de la Autoridad Fiscal\",\"previousItem\":{\"@type\":\"ListItem\",\"@id\":\"https:\\\/\\\/candas365.es\\\/noticias\\\/category\\\/actualidad\\\/#listItem\",\"name\":\"Actualidad\"}}]},{\"@type\":\"NewsArticle\",\"@id\":\"https:\\\/\\\/candas365.es\\\/noticias\\\/el-movimiento-por-el-blindaje-constitucional-de-las-pensiones-defiende-su-alternativa-frente-a-las-predicciones-de-la-autoridad-fiscal\\\/#newsarticle\",\"name\":\"El movimiento por el blindaje constitucional de las pensiones defiende su alternativa frente a las predicciones de la Autoridad Fiscal | Cand\\u00e1s 365\",\"headline\":\"El movimiento por el blindaje constitucional de las pensiones defiende su alternativa frente a las predicciones de la Autoridad Fiscal\",\"author\":{\"@id\":\"https:\\\/\\\/candas365.es\\\/noticias\\\/author\\\/admin\\\/#author\"},\"publisher\":{\"@id\":\"https:\\\/\\\/candas365.es\\\/noticias\\\/#organization\"},\"image\":{\"@type\":\"ImageObject\",\"url\":\"https:\\\/\\\/candas365.es\\\/noticias\\\/wp-content\\\/uploads\\\/2017\\\/07\\\/MERP-13-julio.jpg\",\"width\":1240,\"height\":1748},\"datePublished\":\"2017-07-17T17:17:30+02:00\",\"dateModified\":\"2017-07-17T17:17:30+02:00\",\"inLanguage\":\"es-ES\",\"mainEntityOfPage\":{\"@id\":\"https:\\\/\\\/candas365.es\\\/noticias\\\/el-movimiento-por-el-blindaje-constitucional-de-las-pensiones-defiende-su-alternativa-frente-a-las-predicciones-de-la-autoridad-fiscal\\\/#webpage\"},\"isPartOf\":{\"@id\":\"https:\\\/\\\/candas365.es\\\/noticias\\\/el-movimiento-por-el-blindaje-constitucional-de-las-pensiones-defiende-su-alternativa-frente-a-las-predicciones-de-la-autoridad-fiscal\\\/#webpage\"},\"articleSection\":\"Actualidad\",\"dateline\":\"Publicado el julio 17, 2017.\"},{\"@type\":\"Organization\",\"@id\":\"https:\\\/\\\/candas365.es\\\/noticias\\\/#organization\",\"name\":\"Cand\\u00e1s 365\",\"description\":\"Cand\\u00e1s 365 es un diario digital independiente, fundado en 2012, con base en Asturias. Informamos con rigor sobre actualidad, sociedad, cultura y ocio, con una mirada local y global.\",\"url\":\"https:\\\/\\\/candas365.es\\\/noticias\\\/\",\"email\":\"info@candas365.es\",\"telephone\":\"+34652131393\",\"foundingDate\":\"2012-06-10\",\"logo\":{\"@type\":\"ImageObject\",\"url\":\"https:\\\/\\\/candas365.es\\\/noticias\\\/wp-content\\\/uploads\\\/2024\\\/09\\\/Candas-365-Redes.jpg\",\"@id\":\"https:\\\/\\\/candas365.es\\\/noticias\\\/el-movimiento-por-el-blindaje-constitucional-de-las-pensiones-defiende-su-alternativa-frente-a-las-predicciones-de-la-autoridad-fiscal\\\/#organizationLogo\",\"width\":1152,\"height\":864,\"caption\":\"Cand\\u00e1s 365 Redes\"},\"image\":{\"@id\":\"https:\\\/\\\/candas365.es\\\/noticias\\\/el-movimiento-por-el-blindaje-constitucional-de-las-pensiones-defiende-su-alternativa-frente-a-las-predicciones-de-la-autoridad-fiscal\\\/#organizationLogo\"},\"sameAs\":[\"https:\\\/\\\/www.facebook.com\\\/Nachofdezber\",\"https:\\\/\\\/x.com\\\/NabercoDigital\",\"https:\\\/\\\/www.instagram.com\\\/nachofdezber\\\/\",\"https:\\\/\\\/www.youtube.com\\\/channel\\\/UCZP-2wLEB9Rv6erhFmqVnvg\"],\"address\":{\"@id\":\"https:\\\/\\\/candas365.es\\\/noticias\\\/#postaladdress\",\"@type\":\"PostalAddress\",\"streetAddress\":\"san antonio 4, san antonio 4\",\"postalCode\":\"33430\",\"addressLocality\":\"Cand\\u00e1s\",\"addressRegion\":\"Asturias\",\"addressCountry\":\"ES\"}},{\"@type\":\"Person\",\"@id\":\"https:\\\/\\\/candas365.es\\\/noticias\\\/author\\\/admin\\\/#author\",\"url\":\"https:\\\/\\\/candas365.es\\\/noticias\\\/author\\\/admin\\\/\",\"name\":\"Cand\\u00e1s 365\",\"image\":{\"@type\":\"ImageObject\",\"@id\":\"https:\\\/\\\/candas365.es\\\/noticias\\\/el-movimiento-por-el-blindaje-constitucional-de-las-pensiones-defiende-su-alternativa-frente-a-las-predicciones-de-la-autoridad-fiscal\\\/#authorImage\",\"url\":\"https:\\\/\\\/secure.gravatar.com\\\/avatar\\\/496a8e03d0c493ede1718b7934145dbdf8d89be1036b0eec9544e1094c9de390?s=96&d=mm&r=g\",\"width\":96,\"height\":96,\"caption\":\"Cand\\u00e1s 365\"},\"sameAs\":[\"https:\\\/\\\/www.facebook.com\\\/carrenoactualidad\",\"https:\\\/\\\/twitter.com\\\/nbasturias\",\"https:\\\/\\\/www.instagram.com\\\/nachofdezber\\\/\",\"https:\\\/\\\/www.youtube.com\\\/channel\\\/UCZP-2wLEB9Rv6erhFmqVnvg\"]},{\"@type\":\"WebPage\",\"@id\":\"https:\\\/\\\/candas365.es\\\/noticias\\\/el-movimiento-por-el-blindaje-constitucional-de-las-pensiones-defiende-su-alternativa-frente-a-las-predicciones-de-la-autoridad-fiscal\\\/#webpage\",\"url\":\"https:\\\/\\\/candas365.es\\\/noticias\\\/el-movimiento-por-el-blindaje-constitucional-de-las-pensiones-defiende-su-alternativa-frente-a-las-predicciones-de-la-autoridad-fiscal\\\/\",\"name\":\"El movimiento por el blindaje constitucional de las pensiones defiende su alternativa frente a las predicciones de la Autoridad Fiscal | Cand\\u00e1s 365\",\"description\":\"El mismo d\\u00eda que la Autoridad Fiscal ha anunciado que la revalorizaci\\u00f3n del 0,25% de las pensiones se extender\\u00e1 hasta 2022 y que los pensionistas van a perder un 7% de poder adquisitivo, las 200 organizaciones que componen la MERP (Mesa Estatal por el Blindaje de las Pensiones), con el apoyo de otras 100, publicaron\",\"inLanguage\":\"es-ES\",\"isPartOf\":{\"@id\":\"https:\\\/\\\/candas365.es\\\/noticias\\\/#website\"},\"breadcrumb\":{\"@id\":\"https:\\\/\\\/candas365.es\\\/noticias\\\/el-movimiento-por-el-blindaje-constitucional-de-las-pensiones-defiende-su-alternativa-frente-a-las-predicciones-de-la-autoridad-fiscal\\\/#breadcrumblist\"},\"author\":{\"@id\":\"https:\\\/\\\/candas365.es\\\/noticias\\\/author\\\/admin\\\/#author\"},\"creator\":{\"@id\":\"https:\\\/\\\/candas365.es\\\/noticias\\\/author\\\/admin\\\/#author\"},\"image\":{\"@type\":\"ImageObject\",\"url\":\"https:\\\/\\\/candas365.es\\\/noticias\\\/wp-content\\\/uploads\\\/2017\\\/07\\\/MERP-13-julio.jpg\",\"@id\":\"https:\\\/\\\/candas365.es\\\/noticias\\\/el-movimiento-por-el-blindaje-constitucional-de-las-pensiones-defiende-su-alternativa-frente-a-las-predicciones-de-la-autoridad-fiscal\\\/#mainImage\",\"width\":1240,\"height\":1748},\"primaryImageOfPage\":{\"@id\":\"https:\\\/\\\/candas365.es\\\/noticias\\\/el-movimiento-por-el-blindaje-constitucional-de-las-pensiones-defiende-su-alternativa-frente-a-las-predicciones-de-la-autoridad-fiscal\\\/#mainImage\"},\"datePublished\":\"2017-07-17T17:17:30+02:00\",\"dateModified\":\"2017-07-17T17:17:30+02:00\"},{\"@type\":\"WebSite\",\"@id\":\"https:\\\/\\\/candas365.es\\\/noticias\\\/#website\",\"url\":\"https:\\\/\\\/candas365.es\\\/noticias\\\/\",\"name\":\"Cand\\u00e1s 365\",\"alternateName\":\"Cand\\u00e1s 365 Noticias\",\"description\":\"Actualidad desde Carre\\u00f1o para el mundo\",\"inLanguage\":\"es-ES\",\"publisher\":{\"@id\":\"https:\\\/\\\/candas365.es\\\/noticias\\\/#organization\"}}]}\n\t\t<\/script>\n\t\t<!-- All in One SEO Pro -->\r\n\t\t<title>El movimiento por el blindaje constitucional de las pensiones defiende su alternativa frente a las predicciones de la Autoridad Fiscal | Cand\u00e1s 365<\/title>\n\n","aioseo_head_json":{"title":"El movimiento por el blindaje constitucional de las pensiones defiende su alternativa frente a las predicciones de la Autoridad Fiscal | Cand\u00e1s 365","description":"El mismo d\u00eda que la Autoridad Fiscal ha anunciado que la revalorizaci\u00f3n del 0,25% de las pensiones se extender\u00e1 hasta 2022 y que los pensionistas van a perder un 7% de poder adquisitivo, las 200 organizaciones que componen la MERP (Mesa Estatal por el Blindaje de las Pensiones), con el apoyo de otras 100, publicaron","canonical_url":"https:\/\/candas365.es\/noticias\/el-movimiento-por-el-blindaje-constitucional-de-las-pensiones-defiende-su-alternativa-frente-a-las-predicciones-de-la-autoridad-fiscal\/","robots":"max-image-preview:large","keywords":"actualidad","webmasterTools":{"google-site-verification":"UA-32230408-1","msvalidate.01":"354F3CDFB2DA171B47FBE9ABF1F88D5","miscellaneous":""},"schema":{"@context":"https:\/\/schema.org","@graph":[{"@type":"BreadcrumbList","@id":"https:\/\/candas365.es\/noticias\/el-movimiento-por-el-blindaje-constitucional-de-las-pensiones-defiende-su-alternativa-frente-a-las-predicciones-de-la-autoridad-fiscal\/#breadcrumblist","itemListElement":[{"@type":"ListItem","@id":"https:\/\/candas365.es\/noticias#listItem","position":1,"name":"Home","item":"https:\/\/candas365.es\/noticias","nextItem":{"@type":"ListItem","@id":"https:\/\/candas365.es\/noticias\/category\/actualidad\/#listItem","name":"Actualidad"}},{"@type":"ListItem","@id":"https:\/\/candas365.es\/noticias\/category\/actualidad\/#listItem","position":2,"name":"Actualidad","item":"https:\/\/candas365.es\/noticias\/category\/actualidad\/","nextItem":{"@type":"ListItem","@id":"https:\/\/candas365.es\/noticias\/el-movimiento-por-el-blindaje-constitucional-de-las-pensiones-defiende-su-alternativa-frente-a-las-predicciones-de-la-autoridad-fiscal\/#listItem","name":"El movimiento por el blindaje constitucional de las pensiones defiende su alternativa frente a las predicciones de la Autoridad Fiscal"},"previousItem":{"@type":"ListItem","@id":"https:\/\/candas365.es\/noticias#listItem","name":"Home"}},{"@type":"ListItem","@id":"https:\/\/candas365.es\/noticias\/el-movimiento-por-el-blindaje-constitucional-de-las-pensiones-defiende-su-alternativa-frente-a-las-predicciones-de-la-autoridad-fiscal\/#listItem","position":3,"name":"El movimiento por el blindaje constitucional de las pensiones defiende su alternativa frente a las predicciones de la Autoridad Fiscal","previousItem":{"@type":"ListItem","@id":"https:\/\/candas365.es\/noticias\/category\/actualidad\/#listItem","name":"Actualidad"}}]},{"@type":"NewsArticle","@id":"https:\/\/candas365.es\/noticias\/el-movimiento-por-el-blindaje-constitucional-de-las-pensiones-defiende-su-alternativa-frente-a-las-predicciones-de-la-autoridad-fiscal\/#newsarticle","name":"El movimiento por el blindaje constitucional de las pensiones defiende su alternativa frente a las predicciones de la Autoridad Fiscal | Cand\u00e1s 365","headline":"El movimiento por el blindaje constitucional de las pensiones defiende su alternativa frente a las predicciones de la Autoridad Fiscal","author":{"@id":"https:\/\/candas365.es\/noticias\/author\/admin\/#author"},"publisher":{"@id":"https:\/\/candas365.es\/noticias\/#organization"},"image":{"@type":"ImageObject","url":"https:\/\/candas365.es\/noticias\/wp-content\/uploads\/2017\/07\/MERP-13-julio.jpg","width":1240,"height":1748},"datePublished":"2017-07-17T17:17:30+02:00","dateModified":"2017-07-17T17:17:30+02:00","inLanguage":"es-ES","mainEntityOfPage":{"@id":"https:\/\/candas365.es\/noticias\/el-movimiento-por-el-blindaje-constitucional-de-las-pensiones-defiende-su-alternativa-frente-a-las-predicciones-de-la-autoridad-fiscal\/#webpage"},"isPartOf":{"@id":"https:\/\/candas365.es\/noticias\/el-movimiento-por-el-blindaje-constitucional-de-las-pensiones-defiende-su-alternativa-frente-a-las-predicciones-de-la-autoridad-fiscal\/#webpage"},"articleSection":"Actualidad","dateline":"Publicado el julio 17, 2017."},{"@type":"Organization","@id":"https:\/\/candas365.es\/noticias\/#organization","name":"Cand\u00e1s 365","description":"Cand\u00e1s 365 es un diario digital independiente, fundado en 2012, con base en Asturias. Informamos con rigor sobre actualidad, sociedad, cultura y ocio, con una mirada local y global.","url":"https:\/\/candas365.es\/noticias\/","email":"info@candas365.es","telephone":"+34652131393","foundingDate":"2012-06-10","logo":{"@type":"ImageObject","url":"https:\/\/candas365.es\/noticias\/wp-content\/uploads\/2024\/09\/Candas-365-Redes.jpg","@id":"https:\/\/candas365.es\/noticias\/el-movimiento-por-el-blindaje-constitucional-de-las-pensiones-defiende-su-alternativa-frente-a-las-predicciones-de-la-autoridad-fiscal\/#organizationLogo","width":1152,"height":864,"caption":"Cand\u00e1s 365 Redes"},"image":{"@id":"https:\/\/candas365.es\/noticias\/el-movimiento-por-el-blindaje-constitucional-de-las-pensiones-defiende-su-alternativa-frente-a-las-predicciones-de-la-autoridad-fiscal\/#organizationLogo"},"sameAs":["https:\/\/www.facebook.com\/Nachofdezber","https:\/\/x.com\/NabercoDigital","https:\/\/www.instagram.com\/nachofdezber\/","https:\/\/www.youtube.com\/channel\/UCZP-2wLEB9Rv6erhFmqVnvg"],"address":{"@id":"https:\/\/candas365.es\/noticias\/#postaladdress","@type":"PostalAddress","streetAddress":"san antonio 4, san antonio 4","postalCode":"33430","addressLocality":"Cand\u00e1s","addressRegion":"Asturias","addressCountry":"ES"}},{"@type":"Person","@id":"https:\/\/candas365.es\/noticias\/author\/admin\/#author","url":"https:\/\/candas365.es\/noticias\/author\/admin\/","name":"Cand\u00e1s 365","image":{"@type":"ImageObject","@id":"https:\/\/candas365.es\/noticias\/el-movimiento-por-el-blindaje-constitucional-de-las-pensiones-defiende-su-alternativa-frente-a-las-predicciones-de-la-autoridad-fiscal\/#authorImage","url":"https:\/\/secure.gravatar.com\/avatar\/496a8e03d0c493ede1718b7934145dbdf8d89be1036b0eec9544e1094c9de390?s=96&d=mm&r=g","width":96,"height":96,"caption":"Cand\u00e1s 365"},"sameAs":["https:\/\/www.facebook.com\/carrenoactualidad","https:\/\/twitter.com\/nbasturias","https:\/\/www.instagram.com\/nachofdezber\/","https:\/\/www.youtube.com\/channel\/UCZP-2wLEB9Rv6erhFmqVnvg"]},{"@type":"WebPage","@id":"https:\/\/candas365.es\/noticias\/el-movimiento-por-el-blindaje-constitucional-de-las-pensiones-defiende-su-alternativa-frente-a-las-predicciones-de-la-autoridad-fiscal\/#webpage","url":"https:\/\/candas365.es\/noticias\/el-movimiento-por-el-blindaje-constitucional-de-las-pensiones-defiende-su-alternativa-frente-a-las-predicciones-de-la-autoridad-fiscal\/","name":"El movimiento por el blindaje constitucional de las pensiones defiende su alternativa frente a las predicciones de la Autoridad Fiscal | Cand\u00e1s 365","description":"El mismo d\u00eda que la Autoridad Fiscal ha anunciado que la revalorizaci\u00f3n del 0,25% de las pensiones se extender\u00e1 hasta 2022 y que los pensionistas van a perder un 7% de poder adquisitivo, las 200 organizaciones que componen la MERP (Mesa Estatal por el Blindaje de las Pensiones), con el apoyo de otras 100, publicaron","inLanguage":"es-ES","isPartOf":{"@id":"https:\/\/candas365.es\/noticias\/#website"},"breadcrumb":{"@id":"https:\/\/candas365.es\/noticias\/el-movimiento-por-el-blindaje-constitucional-de-las-pensiones-defiende-su-alternativa-frente-a-las-predicciones-de-la-autoridad-fiscal\/#breadcrumblist"},"author":{"@id":"https:\/\/candas365.es\/noticias\/author\/admin\/#author"},"creator":{"@id":"https:\/\/candas365.es\/noticias\/author\/admin\/#author"},"image":{"@type":"ImageObject","url":"https:\/\/candas365.es\/noticias\/wp-content\/uploads\/2017\/07\/MERP-13-julio.jpg","@id":"https:\/\/candas365.es\/noticias\/el-movimiento-por-el-blindaje-constitucional-de-las-pensiones-defiende-su-alternativa-frente-a-las-predicciones-de-la-autoridad-fiscal\/#mainImage","width":1240,"height":1748},"primaryImageOfPage":{"@id":"https:\/\/candas365.es\/noticias\/el-movimiento-por-el-blindaje-constitucional-de-las-pensiones-defiende-su-alternativa-frente-a-las-predicciones-de-la-autoridad-fiscal\/#mainImage"},"datePublished":"2017-07-17T17:17:30+02:00","dateModified":"2017-07-17T17:17:30+02:00"},{"@type":"WebSite","@id":"https:\/\/candas365.es\/noticias\/#website","url":"https:\/\/candas365.es\/noticias\/","name":"Cand\u00e1s 365","alternateName":"Cand\u00e1s 365 Noticias","description":"Actualidad desde Carre\u00f1o para el mundo","inLanguage":"es-ES","publisher":{"@id":"https:\/\/candas365.es\/noticias\/#organization"}}]},"og:locale":"es_ES","og:site_name":"Cand\u00e1s 365","og:type":"article","og:title":"El movimiento por el blindaje constitucional de las pensiones defiende su alternativa frente a las predicciones de la Autoridad Fiscal | Cand\u00e1s 365","og:description":"El mismo d\u00eda que la Autoridad Fiscal ha anunciado que la revalorizaci\u00f3n del 0,25% de las pensiones se extender\u00e1 hasta 2022 y que los pensionistas van a perder un 7% de poder adquisitivo, las 200 organizaciones que componen la MERP (Mesa Estatal por el Blindaje de las Pensiones), con el apoyo de otras 100, publicaron","og:url":"https:\/\/candas365.es\/noticias\/el-movimiento-por-el-blindaje-constitucional-de-las-pensiones-defiende-su-alternativa-frente-a-las-predicciones-de-la-autoridad-fiscal\/","og:image":"https:\/\/candas365.es\/noticias\/wp-content\/uploads\/2017\/07\/MERP-13-julio.jpg","og:image:secure_url":"https:\/\/candas365.es\/noticias\/wp-content\/uploads\/2017\/07\/MERP-13-julio.jpg","og:image:width":1240,"og:image:height":1748,"article:published_time":"2017-07-17T17:17:30+00:00","article:modified_time":"2017-07-17T17:17:30+00:00","article:publisher":"https:\/\/www.facebook.com\/Nachofdezber","article:author":"https:\/\/www.facebook.com\/carrenoactualidad","twitter:card":"summary_large_image","twitter:site":"@NabercoDigital","twitter:title":"El movimiento por el blindaje constitucional de las pensiones defiende su alternativa frente a las predicciones de la Autoridad Fiscal | Cand\u00e1s 365","twitter:description":"El mismo d\u00eda que la Autoridad Fiscal ha anunciado que la revalorizaci\u00f3n del 0,25% de las pensiones se extender\u00e1 hasta 2022 y que los pensionistas van a perder un 7% de poder adquisitivo, las 200 organizaciones que componen la MERP (Mesa Estatal por el Blindaje de las Pensiones), con el apoyo de otras 100, publicaron","twitter:creator":"@nbasturias","twitter:image":"https:\/\/candas365.es\/noticias\/wp-content\/uploads\/2017\/07\/MERP-13-julio.jpg","twitter:label1":"Escrito por","twitter:data1":"Cand\u00e1s 365","twitter:label2":"Tiempo de lectura estimado","twitter:data2":"5 minutos"},"aioseo_meta_data":{"post_id":"75783","title":null,"description":null,"keywords":null,"keyphrases":null,"primary_term":null,"canonical_url":null,"og_title":null,"og_description":null,"og_object_type":"default","og_image_type":"default","og_image_url":null,"og_image_width":null,"og_image_height":null,"og_image_custom_url":null,"og_image_custom_fields":null,"og_video":null,"og_custom_url":null,"og_article_section":null,"og_article_tags":null,"twitter_use_og":false,"twitter_card":"default","twitter_image_type":"default","twitter_image_url":null,"twitter_image_custom_url":null,"twitter_image_custom_fields":null,"twitter_title":null,"twitter_description":null,"schema":{"blockGraphs":[],"customGraphs":[],"default":{"data":{"Article":[],"Course":[],"Dataset":[],"FAQPage":[],"Movie":[],"Person":[],"Product":[],"ProductReview":[],"Car":[],"Recipe":[],"Service":[],"SoftwareApplication":[],"WebPage":[]},"graphName":"","isEnabled":true},"graphs":[]},"schema_type":null,"schema_type_options":null,"pillar_content":false,"robots_default":true,"robots_noindex":false,"robots_noarchive":false,"robots_nosnippet":false,"robots_nofollow":false,"robots_noimageindex":false,"robots_noodp":false,"robots_notranslate":false,"robots_max_snippet":null,"robots_max_videopreview":null,"robots_max_imagepreview":"large","priority":null,"frequency":null,"location":null,"local_seo":null,"seo_analyzer_scan_date":"2025-08-25 18:30:18","breadcrumb_settings":null,"limit_modified_date":false,"reviewed_by":null,"open_ai":null,"ai":null,"created":"2020-12-21 12:56:31","updated":"2025-08-25 18:30:18"},"aioseo_breadcrumb":"<div class=\"aioseo-breadcrumbs\"><span class=\"aioseo-breadcrumb\">\n\t<a href=\"https:\/\/candas365.es\/noticias\" title=\"Home\">Home<\/a>\n<\/span><span class=\"aioseo-breadcrumb-separator\">&ndash;<\/span><span class=\"aioseo-breadcrumb\">\n\t<a href=\"https:\/\/candas365.es\/noticias\/category\/actualidad\/\" title=\"Actualidad\">Actualidad<\/a>\n<\/span><span class=\"aioseo-breadcrumb-separator\">&ndash;<\/span><span class=\"aioseo-breadcrumb\">\n\tEl movimiento por el blindaje constitucional de las pensiones defiende su alternativa frente a las predicciones de la Autoridad Fiscal\n<\/span><\/div>","aioseo_breadcrumb_json":[{"label":"Home","link":"https:\/\/candas365.es\/noticias"},{"label":"Actualidad","link":"https:\/\/candas365.es\/noticias\/category\/actualidad\/"},{"label":"El movimiento por el blindaje constitucional de las pensiones defiende su alternativa frente a las predicciones de la Autoridad Fiscal","link":"https:\/\/candas365.es\/noticias\/el-movimiento-por-el-blindaje-constitucional-de-las-pensiones-defiende-su-alternativa-frente-a-las-predicciones-de-la-autoridad-fiscal\/"}],"_links":{"self":[{"href":"https:\/\/candas365.es\/noticias\/wp-json\/wp\/v2\/posts\/75783","targetHints":{"allow":["GET"]}}],"collection":[{"href":"https:\/\/candas365.es\/noticias\/wp-json\/wp\/v2\/posts"}],"about":[{"href":"https:\/\/candas365.es\/noticias\/wp-json\/wp\/v2\/types\/post"}],"author":[{"embeddable":true,"href":"https:\/\/candas365.es\/noticias\/wp-json\/wp\/v2\/users\/1"}],"replies":[{"embeddable":true,"href":"https:\/\/candas365.es\/noticias\/wp-json\/wp\/v2\/comments?post=75783"}],"version-history":[{"count":0,"href":"https:\/\/candas365.es\/noticias\/wp-json\/wp\/v2\/posts\/75783\/revisions"}],"wp:featuredmedia":[{"embeddable":true,"href":"https:\/\/candas365.es\/noticias\/wp-json\/wp\/v2\/media\/75784"}],"wp:attachment":[{"href":"https:\/\/candas365.es\/noticias\/wp-json\/wp\/v2\/media?parent=75783"}],"wp:term":[{"taxonomy":"category","embeddable":true,"href":"https:\/\/candas365.es\/noticias\/wp-json\/wp\/v2\/categories?post=75783"},{"taxonomy":"post_tag","embeddable":true,"href":"https:\/\/candas365.es\/noticias\/wp-json\/wp\/v2\/tags?post=75783"}],"curies":[{"name":"wp","href":"https:\/\/api.w.org\/{rel}","templated":true}]}}