{"id":75746,"date":"2017-07-15T20:41:15","date_gmt":"2017-07-15T20:41:15","guid":{"rendered":"http:\/\/candas365.es\/noticias\/?p=75746"},"modified":"2017-07-15T20:41:15","modified_gmt":"2017-07-15T20:41:15","slug":"banez-afirma-que-los-autonomos-sobrepasan-la-barrera-del-millon-de-asalariados-a-su-cargo","status":"publish","type":"post","link":"https:\/\/candas365.es\/noticias\/banez-afirma-que-los-autonomos-sobrepasan-la-barrera-del-millon-de-asalariados-a-su-cargo\/","title":{"rendered":"B\u00e1\u00f1ez afirma que los aut\u00f3nomos sobrepasan la barrera del mill\u00f3n de asalariados a su cargo"},"content":{"rendered":"<p><img fetchpriority=\"high\" decoding=\"async\" class=\"alignleft size-medium wp-image-75747\" src=\"https:\/\/candas365.es\/noticias\/wp-content\/uploads\/2017\/07\/140717-escorial-360x239.jpg\" alt=\"\" width=\"360\" height=\"239\" srcset=\"https:\/\/candas365.es\/noticias\/wp-content\/uploads\/2017\/07\/140717-escorial-360x239.jpg 360w, https:\/\/candas365.es\/noticias\/wp-content\/uploads\/2017\/07\/140717-escorial-84x55.jpg 84w, https:\/\/candas365.es\/noticias\/wp-content\/uploads\/2017\/07\/140717-escorial.jpg 496w\" sizes=\"(max-width: 360px) 100vw, 360px\" \/>\u00abEl n\u00famero de asalariados contratados por aut\u00f3nomos se ha incrementado un 53% desde 2011. Por primera vez los aut\u00f3nomos sobrepasan la barrera del mill\u00f3n de asalariados y ya son m\u00e1s de 1.040.000 los asalariados contratados por un aut\u00f3nomo\u00bb.<\/p>\n<p>\u200bCon estos datos la ministra de Empleo y Seguridad, F\u00e1tima B\u00e1\u00f1ez, ha querido poner de relieve que \u00ablos aut\u00f3nomos crean empleo\u00bb, durante el acto de clausura del curso de verano de la UCM \u00abNuevos Impulsos para Aut\u00f3nomos y Emprendedores\u00bb que hoy ha tenido lugar en San Lorenzo de El Escorial.<\/p>\n<p>B\u00e1\u00f1ez ha destacado que esta es la legislatura del \u00abpacto\u00bb, en la que se ha logrado \u00abun gran pacto por unanimidad por los aut\u00f3nomos\u00bb, que reconoce el papel imprescindible de su trabajo en el impulso al crecimiento y la creaci\u00f3n de empleo.<\/p>\n<p>Una prueba de ello es, seg\u00fan ha resaltado, que la contrataci\u00f3n por aut\u00f3nomos crece a un ritmo del 5,5%, y conjuntamente el empleo aut\u00f3nomo emplea ya a 4,2 millones de personas.<\/p>\n<p>Durante su intervenci\u00f3n la ministra ha hecho hincapi\u00e9 en que cuando se crea empleo aut\u00f3nomo y cuando los aut\u00f3nomos crean empleo, contribuyen a reforzar nuestro sistema p\u00fablico de pensiones. \u00abLa recaudaci\u00f3n por cuotas de los aut\u00f3nomos, ha a\u00f1adido, crece el triple que la afiliaci\u00f3n. Y los jubilados activos, aquellos que compatibilizan salarios y pensi\u00f3n, aportan ya m\u00e1s de 30 millones de euros a la Seguridad Social en forma de cotizaci\u00f3n de solidaridad\u00bb.<\/p>\n<p>Asimismo, B\u00e1\u00f1ez se ha referido a la recuperaci\u00f3n de empleos aut\u00f3nomos destruidos por la crisis, que ya alcanza la cifra de 312.000, y ha a\u00f1adido que se han creado 44.201 empleos en lo que llevamos de 2017, lo que supone un 6,8% m\u00e1s que el a\u00f1o pasado.<\/p>\n<p>La ministra ha reconocido la labor desempe\u00f1ada por los aut\u00f3nomos y ha precisado que son los grandes protagonistas de la recuperaci\u00f3n en nuestro pa\u00eds. \u00abHoy, ha dicho, Espa\u00f1a vuelve a generar confianza, es la econom\u00eda que m\u00e1s crece entre los pa\u00edses desarrollados de todo el mundo y registra los mejores datos de empleo de la historia\u00bb.<\/p>\n<p>La titular de Empleo se ha referido a algunas medidas que han favorecido la creaci\u00f3n de empleo como la tarifa plana de 50 euros, la capitalizaci\u00f3n del 100% de la prestaci\u00f3n por desempleo o su compatibilizaci\u00f3n con el inicio de la actividad emprendedora, y el contrato indefinido de apoyo a emprendedores, del que se han beneficiado ya m\u00e1s de 663.000 personas.<\/p>\n<p>Los aut\u00f3nomos han tenido para la ministra, un papel crucial en las grandes transformaciones estructurales que ha tenido el mercado laboral durante estos a\u00f1os, como en el empleo femenino: desde 2011, 6 de cada 10 nuevos aut\u00f3nomos son mujeres; y en el empleo juvenil, que crece al 10%.<\/p>\n<p>En relaci\u00f3n con la jubilaci\u00f3n activa B\u00e1\u00f1ez ha recordado que por primera vez en la pasada legislatura fue posible trabajar y cobrar el 50% de la pensi\u00f3n y ha dicho que el 85% de los jubilados activos son aut\u00f3nomos. En este sentido ha afirmado que el Pacto de Toledo ser\u00e1 quien determine si esta medida se ampl\u00eda al 100% de la pensi\u00f3n.<\/p>\n<p>Al t\u00e9rmino de su exposici\u00f3n B\u00e1\u00f1ez ha insistido en que la Ley de Aut\u00f3nomos ha generado un consenso important\u00edsimo, \u00abque refuerza lo que hemos demostrado que funciona\u00bb. \u00abPor todo ello, ha concluido, queremos seguir trabajando y construyendo en positivo para que la sociedad siga teniendo el papel protagonista en- la recuperaci\u00f3n y el crecimiento\u00bb.<\/p>\n<p>&nbsp;<\/p>\n","protected":false},"excerpt":{"rendered":"<p>\u00abEl n\u00famero de asalariados contratados por aut\u00f3nomos se ha incrementado un 53% desde 2011. Por primera vez los aut\u00f3nomos sobrepasan la barrera del mill\u00f3n de asalariados y ya son m\u00e1s de 1.040.000 los asalariados contratados por un aut\u00f3nomo\u00bb. \u200bCon estos datos la ministra de Empleo y Seguridad, F\u00e1tima B\u00e1\u00f1ez, ha querido poner de relieve que<\/p>\n","protected":false},"author":1,"featured_media":75747,"comment_status":"closed","ping_status":"closed","sticky":false,"template":"","format":"standard","meta":{"footnotes":""},"categories":[343],"tags":[],"class_list":{"0":"post-75746","1":"post","2":"type-post","3":"status-publish","4":"format-standard","5":"has-post-thumbnail","7":"category-actualidad"},"aioseo_notices":[],"aioseo_head":"\n\t\t<!-- All in One SEO Pro 4.9.6.2 - aioseo.com -->\n\t<meta name=\"description\" content=\"&quot;El n\u00famero de asalariados contratados por aut\u00f3nomos se ha incrementado un 53% desde 2011. Por primera vez los aut\u00f3nomos sobrepasan la barrera del mill\u00f3n de asalariados y ya son m\u00e1s de 1.040.000 los asalariados contratados por un aut\u00f3nomo&quot;. \u200bCon estos datos la ministra de Empleo y Seguridad, F\u00e1tima B\u00e1\u00f1ez, ha querido poner de relieve que\" \/>\n\t<meta name=\"robots\" content=\"max-image-preview:large\" \/>\n\t<meta name=\"author\" content=\"Cand\u00e1s 365\"\/>\n\t<meta name=\"google-site-verification\" content=\"UA-32230408-1\" \/>\n\t<meta name=\"msvalidate.01\" content=\"354F3CDFB2DA171B47FBE9ABF1F88D5\" \/>\n\t<meta name=\"keywords\" content=\"actualidad\" \/>\n\t<link rel=\"canonical\" href=\"https:\/\/candas365.es\/noticias\/banez-afirma-que-los-autonomos-sobrepasan-la-barrera-del-millon-de-asalariados-a-su-cargo\/\" \/>\n\t<meta name=\"generator\" content=\"All in One SEO Pro (AIOSEO) 4.9.6.2\" \/>\n\t\t<meta property=\"og:locale\" content=\"es_ES\" \/>\n\t\t<meta property=\"og:site_name\" content=\"Cand\u00e1s 365\" \/>\n\t\t<meta property=\"og:type\" content=\"article\" \/>\n\t\t<meta property=\"og:title\" content=\"B\u00e1\u00f1ez afirma que los aut\u00f3nomos sobrepasan la barrera del mill\u00f3n de asalariados a su cargo | Cand\u00e1s 365\" \/>\n\t\t<meta property=\"og:description\" content=\"&quot;El n\u00famero de asalariados contratados por aut\u00f3nomos se ha incrementado un 53% desde 2011. Por primera vez los aut\u00f3nomos sobrepasan la barrera del mill\u00f3n de asalariados y ya son m\u00e1s de 1.040.000 los asalariados contratados por un aut\u00f3nomo&quot;. \u200bCon estos datos la ministra de Empleo y Seguridad, F\u00e1tima B\u00e1\u00f1ez, ha querido poner de relieve que\" \/>\n\t\t<meta property=\"og:url\" content=\"https:\/\/candas365.es\/noticias\/banez-afirma-que-los-autonomos-sobrepasan-la-barrera-del-millon-de-asalariados-a-su-cargo\/\" \/>\n\t\t<meta property=\"og:image\" content=\"https:\/\/candas365.es\/noticias\/wp-content\/uploads\/2017\/07\/140717-escorial.jpg\" \/>\n\t\t<meta property=\"og:image:secure_url\" content=\"https:\/\/candas365.es\/noticias\/wp-content\/uploads\/2017\/07\/140717-escorial.jpg\" \/>\n\t\t<meta property=\"og:image:width\" content=\"496\" \/>\n\t\t<meta property=\"og:image:height\" content=\"329\" \/>\n\t\t<meta property=\"article:published_time\" content=\"2017-07-15T20:41:15+00:00\" \/>\n\t\t<meta property=\"article:modified_time\" content=\"2017-07-15T20:41:15+00:00\" \/>\n\t\t<meta property=\"article:publisher\" content=\"https:\/\/www.facebook.com\/Nachofdezber\" \/>\n\t\t<meta property=\"article:author\" content=\"https:\/\/www.facebook.com\/carrenoactualidad\" \/>\n\t\t<meta name=\"twitter:card\" content=\"summary_large_image\" \/>\n\t\t<meta name=\"twitter:site\" content=\"@NabercoDigital\" \/>\n\t\t<meta name=\"twitter:title\" content=\"B\u00e1\u00f1ez afirma que los aut\u00f3nomos sobrepasan la barrera del mill\u00f3n de asalariados a su cargo | Cand\u00e1s 365\" \/>\n\t\t<meta name=\"twitter:description\" content=\"&quot;El n\u00famero de asalariados contratados por aut\u00f3nomos se ha incrementado un 53% desde 2011. Por primera vez los aut\u00f3nomos sobrepasan la barrera del mill\u00f3n de asalariados y ya son m\u00e1s de 1.040.000 los asalariados contratados por un aut\u00f3nomo&quot;. \u200bCon estos datos la ministra de Empleo y Seguridad, F\u00e1tima B\u00e1\u00f1ez, ha querido poner de relieve que\" \/>\n\t\t<meta name=\"twitter:creator\" content=\"@nbasturias\" \/>\n\t\t<meta name=\"twitter:image\" content=\"https:\/\/candas365.es\/noticias\/wp-content\/uploads\/2017\/07\/140717-escorial.jpg\" \/>\n\t\t<meta name=\"twitter:label1\" content=\"Escrito por\" \/>\n\t\t<meta name=\"twitter:data1\" content=\"Cand\u00e1s 365\" \/>\n\t\t<meta name=\"twitter:label2\" content=\"Tiempo de lectura estimado\" \/>\n\t\t<meta name=\"twitter:data2\" content=\"3 minutos\" \/>\n\t\t<script type=\"application\/ld+json\" class=\"aioseo-schema\">\n\t\t\t{\"@context\":\"https:\\\/\\\/schema.org\",\"@graph\":[{\"@type\":\"BreadcrumbList\",\"@id\":\"https:\\\/\\\/candas365.es\\\/noticias\\\/banez-afirma-que-los-autonomos-sobrepasan-la-barrera-del-millon-de-asalariados-a-su-cargo\\\/#breadcrumblist\",\"itemListElement\":[{\"@type\":\"ListItem\",\"@id\":\"https:\\\/\\\/candas365.es\\\/noticias#listItem\",\"position\":1,\"name\":\"Home\",\"item\":\"https:\\\/\\\/candas365.es\\\/noticias\",\"nextItem\":{\"@type\":\"ListItem\",\"@id\":\"https:\\\/\\\/candas365.es\\\/noticias\\\/category\\\/actualidad\\\/#listItem\",\"name\":\"Actualidad\"}},{\"@type\":\"ListItem\",\"@id\":\"https:\\\/\\\/candas365.es\\\/noticias\\\/category\\\/actualidad\\\/#listItem\",\"position\":2,\"name\":\"Actualidad\",\"item\":\"https:\\\/\\\/candas365.es\\\/noticias\\\/category\\\/actualidad\\\/\",\"nextItem\":{\"@type\":\"ListItem\",\"@id\":\"https:\\\/\\\/candas365.es\\\/noticias\\\/banez-afirma-que-los-autonomos-sobrepasan-la-barrera-del-millon-de-asalariados-a-su-cargo\\\/#listItem\",\"name\":\"B\\u00e1\\u00f1ez afirma que los aut\\u00f3nomos sobrepasan la barrera del mill\\u00f3n de asalariados a su cargo\"},\"previousItem\":{\"@type\":\"ListItem\",\"@id\":\"https:\\\/\\\/candas365.es\\\/noticias#listItem\",\"name\":\"Home\"}},{\"@type\":\"ListItem\",\"@id\":\"https:\\\/\\\/candas365.es\\\/noticias\\\/banez-afirma-que-los-autonomos-sobrepasan-la-barrera-del-millon-de-asalariados-a-su-cargo\\\/#listItem\",\"position\":3,\"name\":\"B\\u00e1\\u00f1ez afirma que los aut\\u00f3nomos sobrepasan la barrera del mill\\u00f3n de asalariados a su cargo\",\"previousItem\":{\"@type\":\"ListItem\",\"@id\":\"https:\\\/\\\/candas365.es\\\/noticias\\\/category\\\/actualidad\\\/#listItem\",\"name\":\"Actualidad\"}}]},{\"@type\":\"NewsArticle\",\"@id\":\"https:\\\/\\\/candas365.es\\\/noticias\\\/banez-afirma-que-los-autonomos-sobrepasan-la-barrera-del-millon-de-asalariados-a-su-cargo\\\/#newsarticle\",\"name\":\"B\\u00e1\\u00f1ez afirma que los aut\\u00f3nomos sobrepasan la barrera del mill\\u00f3n de asalariados a su cargo | Cand\\u00e1s 365\",\"headline\":\"B\\u00e1\\u00f1ez afirma que los aut\\u00f3nomos sobrepasan la barrera del mill\\u00f3n de asalariados a su cargo\",\"author\":{\"@id\":\"https:\\\/\\\/candas365.es\\\/noticias\\\/author\\\/admin\\\/#author\"},\"publisher\":{\"@id\":\"https:\\\/\\\/candas365.es\\\/noticias\\\/#organization\"},\"image\":{\"@type\":\"ImageObject\",\"url\":\"https:\\\/\\\/candas365.es\\\/noticias\\\/wp-content\\\/uploads\\\/2017\\\/07\\\/140717-escorial.jpg\",\"width\":496,\"height\":329},\"datePublished\":\"2017-07-15T20:41:15+02:00\",\"dateModified\":\"2017-07-15T20:41:15+02:00\",\"inLanguage\":\"es-ES\",\"mainEntityOfPage\":{\"@id\":\"https:\\\/\\\/candas365.es\\\/noticias\\\/banez-afirma-que-los-autonomos-sobrepasan-la-barrera-del-millon-de-asalariados-a-su-cargo\\\/#webpage\"},\"isPartOf\":{\"@id\":\"https:\\\/\\\/candas365.es\\\/noticias\\\/banez-afirma-que-los-autonomos-sobrepasan-la-barrera-del-millon-de-asalariados-a-su-cargo\\\/#webpage\"},\"articleSection\":\"Actualidad\",\"dateline\":\"Publicado el julio 15, 2017.\"},{\"@type\":\"Organization\",\"@id\":\"https:\\\/\\\/candas365.es\\\/noticias\\\/#organization\",\"name\":\"Cand\\u00e1s 365\",\"description\":\"Cand\\u00e1s 365 es un diario digital independiente, fundado en 2012, con base en Asturias. Informamos con rigor sobre actualidad, sociedad, cultura y ocio, con una mirada local y global.\",\"url\":\"https:\\\/\\\/candas365.es\\\/noticias\\\/\",\"email\":\"info@candas365.es\",\"telephone\":\"+34652131393\",\"foundingDate\":\"2012-06-10\",\"logo\":{\"@type\":\"ImageObject\",\"url\":\"https:\\\/\\\/candas365.es\\\/noticias\\\/wp-content\\\/uploads\\\/2024\\\/09\\\/Candas-365-Redes.jpg\",\"@id\":\"https:\\\/\\\/candas365.es\\\/noticias\\\/banez-afirma-que-los-autonomos-sobrepasan-la-barrera-del-millon-de-asalariados-a-su-cargo\\\/#organizationLogo\",\"width\":1152,\"height\":864,\"caption\":\"Cand\\u00e1s 365 Redes\"},\"image\":{\"@id\":\"https:\\\/\\\/candas365.es\\\/noticias\\\/banez-afirma-que-los-autonomos-sobrepasan-la-barrera-del-millon-de-asalariados-a-su-cargo\\\/#organizationLogo\"},\"sameAs\":[\"https:\\\/\\\/www.facebook.com\\\/Nachofdezber\",\"https:\\\/\\\/x.com\\\/NabercoDigital\",\"https:\\\/\\\/www.instagram.com\\\/nachofdezber\\\/\",\"https:\\\/\\\/www.youtube.com\\\/channel\\\/UCZP-2wLEB9Rv6erhFmqVnvg\"],\"address\":{\"@id\":\"https:\\\/\\\/candas365.es\\\/noticias\\\/#postaladdress\",\"@type\":\"PostalAddress\",\"streetAddress\":\"san antonio 4, san antonio 4\",\"postalCode\":\"33430\",\"addressLocality\":\"Cand\\u00e1s\",\"addressRegion\":\"Asturias\",\"addressCountry\":\"ES\"}},{\"@type\":\"Person\",\"@id\":\"https:\\\/\\\/candas365.es\\\/noticias\\\/author\\\/admin\\\/#author\",\"url\":\"https:\\\/\\\/candas365.es\\\/noticias\\\/author\\\/admin\\\/\",\"name\":\"Cand\\u00e1s 365\",\"image\":{\"@type\":\"ImageObject\",\"@id\":\"https:\\\/\\\/candas365.es\\\/noticias\\\/banez-afirma-que-los-autonomos-sobrepasan-la-barrera-del-millon-de-asalariados-a-su-cargo\\\/#authorImage\",\"url\":\"https:\\\/\\\/secure.gravatar.com\\\/avatar\\\/496a8e03d0c493ede1718b7934145dbdf8d89be1036b0eec9544e1094c9de390?s=96&d=mm&r=g\",\"width\":96,\"height\":96,\"caption\":\"Cand\\u00e1s 365\"},\"sameAs\":[\"https:\\\/\\\/www.facebook.com\\\/carrenoactualidad\",\"https:\\\/\\\/twitter.com\\\/nbasturias\",\"https:\\\/\\\/www.instagram.com\\\/nachofdezber\\\/\",\"https:\\\/\\\/www.youtube.com\\\/channel\\\/UCZP-2wLEB9Rv6erhFmqVnvg\"]},{\"@type\":\"WebPage\",\"@id\":\"https:\\\/\\\/candas365.es\\\/noticias\\\/banez-afirma-que-los-autonomos-sobrepasan-la-barrera-del-millon-de-asalariados-a-su-cargo\\\/#webpage\",\"url\":\"https:\\\/\\\/candas365.es\\\/noticias\\\/banez-afirma-que-los-autonomos-sobrepasan-la-barrera-del-millon-de-asalariados-a-su-cargo\\\/\",\"name\":\"B\\u00e1\\u00f1ez afirma que los aut\\u00f3nomos sobrepasan la barrera del mill\\u00f3n de asalariados a su cargo | Cand\\u00e1s 365\",\"description\":\"\\\"El n\\u00famero de asalariados contratados por aut\\u00f3nomos se ha incrementado un 53% desde 2011. Por primera vez los aut\\u00f3nomos sobrepasan la barrera del mill\\u00f3n de asalariados y ya son m\\u00e1s de 1.040.000 los asalariados contratados por un aut\\u00f3nomo\\\". \\u200bCon estos datos la ministra de Empleo y Seguridad, F\\u00e1tima B\\u00e1\\u00f1ez, ha querido poner de relieve que\",\"inLanguage\":\"es-ES\",\"isPartOf\":{\"@id\":\"https:\\\/\\\/candas365.es\\\/noticias\\\/#website\"},\"breadcrumb\":{\"@id\":\"https:\\\/\\\/candas365.es\\\/noticias\\\/banez-afirma-que-los-autonomos-sobrepasan-la-barrera-del-millon-de-asalariados-a-su-cargo\\\/#breadcrumblist\"},\"author\":{\"@id\":\"https:\\\/\\\/candas365.es\\\/noticias\\\/author\\\/admin\\\/#author\"},\"creator\":{\"@id\":\"https:\\\/\\\/candas365.es\\\/noticias\\\/author\\\/admin\\\/#author\"},\"image\":{\"@type\":\"ImageObject\",\"url\":\"https:\\\/\\\/candas365.es\\\/noticias\\\/wp-content\\\/uploads\\\/2017\\\/07\\\/140717-escorial.jpg\",\"@id\":\"https:\\\/\\\/candas365.es\\\/noticias\\\/banez-afirma-que-los-autonomos-sobrepasan-la-barrera-del-millon-de-asalariados-a-su-cargo\\\/#mainImage\",\"width\":496,\"height\":329},\"primaryImageOfPage\":{\"@id\":\"https:\\\/\\\/candas365.es\\\/noticias\\\/banez-afirma-que-los-autonomos-sobrepasan-la-barrera-del-millon-de-asalariados-a-su-cargo\\\/#mainImage\"},\"datePublished\":\"2017-07-15T20:41:15+02:00\",\"dateModified\":\"2017-07-15T20:41:15+02:00\"},{\"@type\":\"WebSite\",\"@id\":\"https:\\\/\\\/candas365.es\\\/noticias\\\/#website\",\"url\":\"https:\\\/\\\/candas365.es\\\/noticias\\\/\",\"name\":\"Cand\\u00e1s 365\",\"alternateName\":\"Cand\\u00e1s 365 Noticias\",\"description\":\"Actualidad desde Carre\\u00f1o para el mundo\",\"inLanguage\":\"es-ES\",\"publisher\":{\"@id\":\"https:\\\/\\\/candas365.es\\\/noticias\\\/#organization\"}}]}\n\t\t<\/script>\n\t\t<!-- All in One SEO Pro -->\r\n\t\t<title>B\u00e1\u00f1ez afirma que los aut\u00f3nomos sobrepasan la barrera del mill\u00f3n de asalariados a su cargo | Cand\u00e1s 365<\/title>\n\n","aioseo_head_json":{"title":"B\u00e1\u00f1ez afirma que los aut\u00f3nomos sobrepasan la barrera del mill\u00f3n de asalariados a su cargo | Cand\u00e1s 365","description":"\"El n\u00famero de asalariados contratados por aut\u00f3nomos se ha incrementado un 53% desde 2011. Por primera vez los aut\u00f3nomos sobrepasan la barrera del mill\u00f3n de asalariados y ya son m\u00e1s de 1.040.000 los asalariados contratados por un aut\u00f3nomo\". \u200bCon estos datos la ministra de Empleo y Seguridad, F\u00e1tima B\u00e1\u00f1ez, ha querido poner de relieve que","canonical_url":"https:\/\/candas365.es\/noticias\/banez-afirma-que-los-autonomos-sobrepasan-la-barrera-del-millon-de-asalariados-a-su-cargo\/","robots":"max-image-preview:large","keywords":"actualidad","webmasterTools":{"google-site-verification":"UA-32230408-1","msvalidate.01":"354F3CDFB2DA171B47FBE9ABF1F88D5","miscellaneous":""},"schema":{"@context":"https:\/\/schema.org","@graph":[{"@type":"BreadcrumbList","@id":"https:\/\/candas365.es\/noticias\/banez-afirma-que-los-autonomos-sobrepasan-la-barrera-del-millon-de-asalariados-a-su-cargo\/#breadcrumblist","itemListElement":[{"@type":"ListItem","@id":"https:\/\/candas365.es\/noticias#listItem","position":1,"name":"Home","item":"https:\/\/candas365.es\/noticias","nextItem":{"@type":"ListItem","@id":"https:\/\/candas365.es\/noticias\/category\/actualidad\/#listItem","name":"Actualidad"}},{"@type":"ListItem","@id":"https:\/\/candas365.es\/noticias\/category\/actualidad\/#listItem","position":2,"name":"Actualidad","item":"https:\/\/candas365.es\/noticias\/category\/actualidad\/","nextItem":{"@type":"ListItem","@id":"https:\/\/candas365.es\/noticias\/banez-afirma-que-los-autonomos-sobrepasan-la-barrera-del-millon-de-asalariados-a-su-cargo\/#listItem","name":"B\u00e1\u00f1ez afirma que los aut\u00f3nomos sobrepasan la barrera del mill\u00f3n de asalariados a su cargo"},"previousItem":{"@type":"ListItem","@id":"https:\/\/candas365.es\/noticias#listItem","name":"Home"}},{"@type":"ListItem","@id":"https:\/\/candas365.es\/noticias\/banez-afirma-que-los-autonomos-sobrepasan-la-barrera-del-millon-de-asalariados-a-su-cargo\/#listItem","position":3,"name":"B\u00e1\u00f1ez afirma que los aut\u00f3nomos sobrepasan la barrera del mill\u00f3n de asalariados a su cargo","previousItem":{"@type":"ListItem","@id":"https:\/\/candas365.es\/noticias\/category\/actualidad\/#listItem","name":"Actualidad"}}]},{"@type":"NewsArticle","@id":"https:\/\/candas365.es\/noticias\/banez-afirma-que-los-autonomos-sobrepasan-la-barrera-del-millon-de-asalariados-a-su-cargo\/#newsarticle","name":"B\u00e1\u00f1ez afirma que los aut\u00f3nomos sobrepasan la barrera del mill\u00f3n de asalariados a su cargo | Cand\u00e1s 365","headline":"B\u00e1\u00f1ez afirma que los aut\u00f3nomos sobrepasan la barrera del mill\u00f3n de asalariados a su cargo","author":{"@id":"https:\/\/candas365.es\/noticias\/author\/admin\/#author"},"publisher":{"@id":"https:\/\/candas365.es\/noticias\/#organization"},"image":{"@type":"ImageObject","url":"https:\/\/candas365.es\/noticias\/wp-content\/uploads\/2017\/07\/140717-escorial.jpg","width":496,"height":329},"datePublished":"2017-07-15T20:41:15+02:00","dateModified":"2017-07-15T20:41:15+02:00","inLanguage":"es-ES","mainEntityOfPage":{"@id":"https:\/\/candas365.es\/noticias\/banez-afirma-que-los-autonomos-sobrepasan-la-barrera-del-millon-de-asalariados-a-su-cargo\/#webpage"},"isPartOf":{"@id":"https:\/\/candas365.es\/noticias\/banez-afirma-que-los-autonomos-sobrepasan-la-barrera-del-millon-de-asalariados-a-su-cargo\/#webpage"},"articleSection":"Actualidad","dateline":"Publicado el julio 15, 2017."},{"@type":"Organization","@id":"https:\/\/candas365.es\/noticias\/#organization","name":"Cand\u00e1s 365","description":"Cand\u00e1s 365 es un diario digital independiente, fundado en 2012, con base en Asturias. Informamos con rigor sobre actualidad, sociedad, cultura y ocio, con una mirada local y global.","url":"https:\/\/candas365.es\/noticias\/","email":"info@candas365.es","telephone":"+34652131393","foundingDate":"2012-06-10","logo":{"@type":"ImageObject","url":"https:\/\/candas365.es\/noticias\/wp-content\/uploads\/2024\/09\/Candas-365-Redes.jpg","@id":"https:\/\/candas365.es\/noticias\/banez-afirma-que-los-autonomos-sobrepasan-la-barrera-del-millon-de-asalariados-a-su-cargo\/#organizationLogo","width":1152,"height":864,"caption":"Cand\u00e1s 365 Redes"},"image":{"@id":"https:\/\/candas365.es\/noticias\/banez-afirma-que-los-autonomos-sobrepasan-la-barrera-del-millon-de-asalariados-a-su-cargo\/#organizationLogo"},"sameAs":["https:\/\/www.facebook.com\/Nachofdezber","https:\/\/x.com\/NabercoDigital","https:\/\/www.instagram.com\/nachofdezber\/","https:\/\/www.youtube.com\/channel\/UCZP-2wLEB9Rv6erhFmqVnvg"],"address":{"@id":"https:\/\/candas365.es\/noticias\/#postaladdress","@type":"PostalAddress","streetAddress":"san antonio 4, san antonio 4","postalCode":"33430","addressLocality":"Cand\u00e1s","addressRegion":"Asturias","addressCountry":"ES"}},{"@type":"Person","@id":"https:\/\/candas365.es\/noticias\/author\/admin\/#author","url":"https:\/\/candas365.es\/noticias\/author\/admin\/","name":"Cand\u00e1s 365","image":{"@type":"ImageObject","@id":"https:\/\/candas365.es\/noticias\/banez-afirma-que-los-autonomos-sobrepasan-la-barrera-del-millon-de-asalariados-a-su-cargo\/#authorImage","url":"https:\/\/secure.gravatar.com\/avatar\/496a8e03d0c493ede1718b7934145dbdf8d89be1036b0eec9544e1094c9de390?s=96&d=mm&r=g","width":96,"height":96,"caption":"Cand\u00e1s 365"},"sameAs":["https:\/\/www.facebook.com\/carrenoactualidad","https:\/\/twitter.com\/nbasturias","https:\/\/www.instagram.com\/nachofdezber\/","https:\/\/www.youtube.com\/channel\/UCZP-2wLEB9Rv6erhFmqVnvg"]},{"@type":"WebPage","@id":"https:\/\/candas365.es\/noticias\/banez-afirma-que-los-autonomos-sobrepasan-la-barrera-del-millon-de-asalariados-a-su-cargo\/#webpage","url":"https:\/\/candas365.es\/noticias\/banez-afirma-que-los-autonomos-sobrepasan-la-barrera-del-millon-de-asalariados-a-su-cargo\/","name":"B\u00e1\u00f1ez afirma que los aut\u00f3nomos sobrepasan la barrera del mill\u00f3n de asalariados a su cargo | Cand\u00e1s 365","description":"\"El n\u00famero de asalariados contratados por aut\u00f3nomos se ha incrementado un 53% desde 2011. Por primera vez los aut\u00f3nomos sobrepasan la barrera del mill\u00f3n de asalariados y ya son m\u00e1s de 1.040.000 los asalariados contratados por un aut\u00f3nomo\". \u200bCon estos datos la ministra de Empleo y Seguridad, F\u00e1tima B\u00e1\u00f1ez, ha querido poner de relieve que","inLanguage":"es-ES","isPartOf":{"@id":"https:\/\/candas365.es\/noticias\/#website"},"breadcrumb":{"@id":"https:\/\/candas365.es\/noticias\/banez-afirma-que-los-autonomos-sobrepasan-la-barrera-del-millon-de-asalariados-a-su-cargo\/#breadcrumblist"},"author":{"@id":"https:\/\/candas365.es\/noticias\/author\/admin\/#author"},"creator":{"@id":"https:\/\/candas365.es\/noticias\/author\/admin\/#author"},"image":{"@type":"ImageObject","url":"https:\/\/candas365.es\/noticias\/wp-content\/uploads\/2017\/07\/140717-escorial.jpg","@id":"https:\/\/candas365.es\/noticias\/banez-afirma-que-los-autonomos-sobrepasan-la-barrera-del-millon-de-asalariados-a-su-cargo\/#mainImage","width":496,"height":329},"primaryImageOfPage":{"@id":"https:\/\/candas365.es\/noticias\/banez-afirma-que-los-autonomos-sobrepasan-la-barrera-del-millon-de-asalariados-a-su-cargo\/#mainImage"},"datePublished":"2017-07-15T20:41:15+02:00","dateModified":"2017-07-15T20:41:15+02:00"},{"@type":"WebSite","@id":"https:\/\/candas365.es\/noticias\/#website","url":"https:\/\/candas365.es\/noticias\/","name":"Cand\u00e1s 365","alternateName":"Cand\u00e1s 365 Noticias","description":"Actualidad desde Carre\u00f1o para el mundo","inLanguage":"es-ES","publisher":{"@id":"https:\/\/candas365.es\/noticias\/#organization"}}]},"og:locale":"es_ES","og:site_name":"Cand\u00e1s 365","og:type":"article","og:title":"B\u00e1\u00f1ez afirma que los aut\u00f3nomos sobrepasan la barrera del mill\u00f3n de asalariados a su cargo | Cand\u00e1s 365","og:description":"&quot;El n\u00famero de asalariados contratados por aut\u00f3nomos se ha incrementado un 53% desde 2011. Por primera vez los aut\u00f3nomos sobrepasan la barrera del mill\u00f3n de asalariados y ya son m\u00e1s de 1.040.000 los asalariados contratados por un aut\u00f3nomo&quot;. \u200bCon estos datos la ministra de Empleo y Seguridad, F\u00e1tima B\u00e1\u00f1ez, ha querido poner de relieve que","og:url":"https:\/\/candas365.es\/noticias\/banez-afirma-que-los-autonomos-sobrepasan-la-barrera-del-millon-de-asalariados-a-su-cargo\/","og:image":"https:\/\/candas365.es\/noticias\/wp-content\/uploads\/2017\/07\/140717-escorial.jpg","og:image:secure_url":"https:\/\/candas365.es\/noticias\/wp-content\/uploads\/2017\/07\/140717-escorial.jpg","og:image:width":496,"og:image:height":329,"article:published_time":"2017-07-15T20:41:15+00:00","article:modified_time":"2017-07-15T20:41:15+00:00","article:publisher":"https:\/\/www.facebook.com\/Nachofdezber","article:author":"https:\/\/www.facebook.com\/carrenoactualidad","twitter:card":"summary_large_image","twitter:site":"@NabercoDigital","twitter:title":"B\u00e1\u00f1ez afirma que los aut\u00f3nomos sobrepasan la barrera del mill\u00f3n de asalariados a su cargo | Cand\u00e1s 365","twitter:description":"&quot;El n\u00famero de asalariados contratados por aut\u00f3nomos se ha incrementado un 53% desde 2011. Por primera vez los aut\u00f3nomos sobrepasan la barrera del mill\u00f3n de asalariados y ya son m\u00e1s de 1.040.000 los asalariados contratados por un aut\u00f3nomo&quot;. \u200bCon estos datos la ministra de Empleo y Seguridad, F\u00e1tima B\u00e1\u00f1ez, ha querido poner de relieve que","twitter:creator":"@nbasturias","twitter:image":"https:\/\/candas365.es\/noticias\/wp-content\/uploads\/2017\/07\/140717-escorial.jpg","twitter:label1":"Escrito por","twitter:data1":"Cand\u00e1s 365","twitter:label2":"Tiempo de lectura estimado","twitter:data2":"3 minutos"},"aioseo_meta_data":{"post_id":"75746","title":null,"description":null,"keywords":null,"keyphrases":null,"primary_term":null,"canonical_url":null,"og_title":null,"og_description":null,"og_object_type":"default","og_image_type":"default","og_image_url":null,"og_image_width":null,"og_image_height":null,"og_image_custom_url":null,"og_image_custom_fields":null,"og_video":null,"og_custom_url":null,"og_article_section":null,"og_article_tags":null,"twitter_use_og":false,"twitter_card":"default","twitter_image_type":"default","twitter_image_url":null,"twitter_image_custom_url":null,"twitter_image_custom_fields":null,"twitter_title":null,"twitter_description":null,"schema":{"blockGraphs":[],"customGraphs":[],"default":{"data":{"Article":[],"Course":[],"Dataset":[],"FAQPage":[],"Movie":[],"Person":[],"Product":[],"ProductReview":[],"Car":[],"Recipe":[],"Service":[],"SoftwareApplication":[],"WebPage":[]},"graphName":"","isEnabled":true},"graphs":[],"defaultGraph":"","defaultPostTypeGraph":""},"schema_type":null,"schema_type_options":null,"pillar_content":false,"robots_default":true,"robots_noindex":false,"robots_noarchive":false,"robots_nosnippet":false,"robots_nofollow":false,"robots_noimageindex":false,"robots_noodp":false,"robots_notranslate":false,"robots_max_snippet":null,"robots_max_videopreview":null,"robots_max_imagepreview":"large","priority":null,"frequency":null,"location":null,"local_seo":null,"seo_analyzer_scan_date":"2025-08-25 18:28:18","breadcrumb_settings":null,"limit_modified_date":false,"reviewed_by":null,"open_ai":null,"ai":null,"created":"2020-12-21 12:56:31","updated":"2025-08-25 18:28:18"},"aioseo_breadcrumb":"<div class=\"aioseo-breadcrumbs\"><span class=\"aioseo-breadcrumb\">\n\t<a href=\"https:\/\/candas365.es\/noticias\" title=\"Home\">Home<\/a>\n<\/span><span class=\"aioseo-breadcrumb-separator\">&ndash;<\/span><span class=\"aioseo-breadcrumb\">\n\t<a href=\"https:\/\/candas365.es\/noticias\/category\/actualidad\/\" title=\"Actualidad\">Actualidad<\/a>\n<\/span><span class=\"aioseo-breadcrumb-separator\">&ndash;<\/span><span class=\"aioseo-breadcrumb\">\n\tB\u00e1\u00f1ez afirma que los aut\u00f3nomos sobrepasan la barrera del mill\u00f3n de asalariados a su cargo\n<\/span><\/div>","aioseo_breadcrumb_json":[{"label":"Home","link":"https:\/\/candas365.es\/noticias"},{"label":"Actualidad","link":"https:\/\/candas365.es\/noticias\/category\/actualidad\/"},{"label":"B\u00e1\u00f1ez afirma que los aut\u00f3nomos sobrepasan la barrera del mill\u00f3n de asalariados a su cargo","link":"https:\/\/candas365.es\/noticias\/banez-afirma-que-los-autonomos-sobrepasan-la-barrera-del-millon-de-asalariados-a-su-cargo\/"}],"_links":{"self":[{"href":"https:\/\/candas365.es\/noticias\/wp-json\/wp\/v2\/posts\/75746","targetHints":{"allow":["GET"]}}],"collection":[{"href":"https:\/\/candas365.es\/noticias\/wp-json\/wp\/v2\/posts"}],"about":[{"href":"https:\/\/candas365.es\/noticias\/wp-json\/wp\/v2\/types\/post"}],"author":[{"embeddable":true,"href":"https:\/\/candas365.es\/noticias\/wp-json\/wp\/v2\/users\/1"}],"replies":[{"embeddable":true,"href":"https:\/\/candas365.es\/noticias\/wp-json\/wp\/v2\/comments?post=75746"}],"version-history":[{"count":0,"href":"https:\/\/candas365.es\/noticias\/wp-json\/wp\/v2\/posts\/75746\/revisions"}],"wp:featuredmedia":[{"embeddable":true,"href":"https:\/\/candas365.es\/noticias\/wp-json\/wp\/v2\/media\/75747"}],"wp:attachment":[{"href":"https:\/\/candas365.es\/noticias\/wp-json\/wp\/v2\/media?parent=75746"}],"wp:term":[{"taxonomy":"category","embeddable":true,"href":"https:\/\/candas365.es\/noticias\/wp-json\/wp\/v2\/categories?post=75746"},{"taxonomy":"post_tag","embeddable":true,"href":"https:\/\/candas365.es\/noticias\/wp-json\/wp\/v2\/tags?post=75746"}],"curies":[{"name":"wp","href":"https:\/\/api.w.org\/{rel}","templated":true}]}}