{"id":75740,"date":"2017-07-15T20:38:54","date_gmt":"2017-07-15T20:38:54","guid":{"rendered":"http:\/\/candas365.es\/noticias\/?p=75740"},"modified":"2017-07-15T20:38:54","modified_gmt":"2017-07-15T20:38:54","slug":"el-sector-asegurador-incrementa-un-137-el-volumen-de-primas","status":"publish","type":"post","link":"https:\/\/candas365.es\/noticias\/el-sector-asegurador-incrementa-un-137-el-volumen-de-primas\/","title":{"rendered":"El sector asegurador incrementa un 13,7% el volumen de primas"},"content":{"rendered":"<p><img fetchpriority=\"high\" decoding=\"async\" class=\"alignleft size-medium wp-image-75741\" src=\"https:\/\/candas365.es\/noticias\/wp-content\/uploads\/2017\/07\/MinisterioInterior-I-1-360x239.jpg\" alt=\"\" width=\"360\" height=\"239\" srcset=\"https:\/\/candas365.es\/noticias\/wp-content\/uploads\/2017\/07\/MinisterioInterior-I-1-360x239.jpg 360w, https:\/\/candas365.es\/noticias\/wp-content\/uploads\/2017\/07\/MinisterioInterior-I-1-84x55.jpg 84w, https:\/\/candas365.es\/noticias\/wp-content\/uploads\/2017\/07\/MinisterioInterior-I-1.jpg 496w\" sizes=\"(max-width: 360px) 100vw, 360px\" \/>El volumen de primas devengadas del sector asegurador experiment\u00f3 un crecimiento del 13,75% a cierre del a\u00f1o pasado, hasta los 57.073 millones de euros, tal y como se deprende del Informe de Seguros y Pensiones 2016 que ha hecho p\u00fablico hoy en su p\u00e1gina web la Direcci\u00f3n General de Seguros y Planes de Pensiones.<\/p>\n<p>\u200bEsta mejora del negocio ha venido motivada por el ramo de Vida, que ha experimentado un crecimiento del 21,39%, aunque el ramo de No Vida tambi\u00e9n ha registrado un buen comportamiento, con un aumento del 7,45%. Este importante crecimiento provoca que, por primera vez en los \u00faltimos a\u00f1os, crezca el porcentaje de primas sobre el PIB nacional alcanzando el 5,83%.<\/p>\n<p>La actividad del sector asegurador durante 2016 ha estado marcada por la entrada en vigor de Solvencia II. Los cambios en la medida de la solvencia se plasman en el informe: se ofrecen datos de margen de solvencia hasta 2015 y datos de cobertura del capital de solvencia obligatorio para 2016. Por otra parte, desaparece el estado de cobertura de provisiones t\u00e9cnicas.<\/p>\n<p>Pese a la entrada en vigor de esta nueva normativa m\u00e1s exigente, el ratio de solvencia global del sector se situ\u00f3 en 2,39 veces el SCR, con un exceso de 139% y un comportamiento alcista en los resultados trimestrales de 2016.<\/p>\n<p>El resultado t\u00e9cnico-financiero mejora en comparaci\u00f3n con el del a\u00f1o anterior tanto para el ramo de Vida (7,9% frente al 7,0% de 2015) como para No Vida (10,6% frente a 9,6% en 2015), en ambos casos motivado por la mejora en los resultados t\u00e9cnicos del negocio asegurador, y con empeoramientos en los resultados financieros por la menor rentabilidad de su cartera de inversiones debido al entorno de bajos tipos de inter\u00e9s. Ante este contexto las entidades est\u00e1n fortaleciendo el resultado t\u00e9cnico y logrando compensar los menores resultados financieros.<\/p>\n<p>En relaci\u00f3n a las inversiones, la renta fija p\u00fablica contin\u00faa siendo la categor\u00eda de activos de mayor peso en el total (53,04%) y la renta fija privada estabiliza su participaci\u00f3n en el total (21,72%) tras la reducci\u00f3n de su peso de los \u00faltimos a\u00f1os.<\/p>\n<p>El patrimonio gestionado en planes y fondos de pensiones fue de 106.466 millones de euros en 2016, lo que supone un incremento del 2,37% frente al ejercicio precedente. Este crecimiento en patrimonio gestionado contrasta con la tendencia decreciente del n\u00famero de cuentas de part\u00edcipes (descenso de 0,44%), que empez\u00f3 en 2011. Por su parte, el patrimonio en seguros colectivos se situ\u00f3 en 26.585 millones de euros; en PPAs, 12.293 millones de euros; en Planes de Previsi\u00f3n Social Empresarial, 317 millones de euros; y en seguros de dependencia, 18 millones de euros. En total, 145.679 millones de euros que representan casi el 8% del ahorro financiero de las familias espa\u00f1olas.<\/p>\n<p>&nbsp;<\/p>\n","protected":false},"excerpt":{"rendered":"<p>El volumen de primas devengadas del sector asegurador experiment\u00f3 un crecimiento del 13,75% a cierre del a\u00f1o pasado, hasta los 57.073 millones de euros, tal y como se deprende del Informe de Seguros y Pensiones 2016 que ha hecho p\u00fablico hoy en su p\u00e1gina web la Direcci\u00f3n General de Seguros y Planes de Pensiones. \u200bEsta<\/p>\n","protected":false},"author":1,"featured_media":75741,"comment_status":"closed","ping_status":"closed","sticky":false,"template":"","format":"standard","meta":{"footnotes":""},"categories":[343],"tags":[],"class_list":{"0":"post-75740","1":"post","2":"type-post","3":"status-publish","4":"format-standard","5":"has-post-thumbnail","7":"category-actualidad"},"aioseo_notices":[],"aioseo_head":"\n\t\t<!-- All in One SEO Pro 4.9.6.2 - aioseo.com -->\n\t<meta name=\"description\" content=\"El volumen de primas devengadas del sector asegurador experiment\u00f3 un crecimiento del 13,75% a cierre del a\u00f1o pasado, hasta los 57.073 millones de euros, tal y como se deprende del Informe de Seguros y Pensiones 2016 que ha hecho p\u00fablico hoy en su p\u00e1gina web la Direcci\u00f3n General de Seguros y Planes de Pensiones. \u200bEsta\" \/>\n\t<meta name=\"robots\" content=\"max-image-preview:large\" \/>\n\t<meta name=\"author\" content=\"Cand\u00e1s 365\"\/>\n\t<meta name=\"google-site-verification\" content=\"UA-32230408-1\" \/>\n\t<meta name=\"msvalidate.01\" content=\"354F3CDFB2DA171B47FBE9ABF1F88D5\" \/>\n\t<meta name=\"keywords\" content=\"actualidad\" \/>\n\t<link rel=\"canonical\" href=\"https:\/\/candas365.es\/noticias\/el-sector-asegurador-incrementa-un-137-el-volumen-de-primas\/\" \/>\n\t<meta name=\"generator\" content=\"All in One SEO Pro (AIOSEO) 4.9.6.2\" \/>\n\t\t<meta property=\"og:locale\" content=\"es_ES\" \/>\n\t\t<meta property=\"og:site_name\" content=\"Cand\u00e1s 365\" \/>\n\t\t<meta property=\"og:type\" content=\"article\" \/>\n\t\t<meta property=\"og:title\" content=\"El sector asegurador incrementa un 13,7% el volumen de primas | Cand\u00e1s 365\" \/>\n\t\t<meta property=\"og:description\" content=\"El volumen de primas devengadas del sector asegurador experiment\u00f3 un crecimiento del 13,75% a cierre del a\u00f1o pasado, hasta los 57.073 millones de euros, tal y como se deprende del Informe de Seguros y Pensiones 2016 que ha hecho p\u00fablico hoy en su p\u00e1gina web la Direcci\u00f3n General de Seguros y Planes de Pensiones. \u200bEsta\" \/>\n\t\t<meta property=\"og:url\" content=\"https:\/\/candas365.es\/noticias\/el-sector-asegurador-incrementa-un-137-el-volumen-de-primas\/\" \/>\n\t\t<meta property=\"og:image\" content=\"https:\/\/candas365.es\/noticias\/wp-content\/uploads\/2017\/07\/MinisterioInterior-I-1.jpg\" \/>\n\t\t<meta property=\"og:image:secure_url\" content=\"https:\/\/candas365.es\/noticias\/wp-content\/uploads\/2017\/07\/MinisterioInterior-I-1.jpg\" \/>\n\t\t<meta property=\"og:image:width\" content=\"496\" \/>\n\t\t<meta property=\"og:image:height\" content=\"329\" \/>\n\t\t<meta property=\"article:published_time\" content=\"2017-07-15T20:38:54+00:00\" \/>\n\t\t<meta property=\"article:modified_time\" content=\"2017-07-15T20:38:54+00:00\" \/>\n\t\t<meta property=\"article:publisher\" content=\"https:\/\/www.facebook.com\/Nachofdezber\" \/>\n\t\t<meta property=\"article:author\" content=\"https:\/\/www.facebook.com\/carrenoactualidad\" \/>\n\t\t<meta name=\"twitter:card\" content=\"summary_large_image\" \/>\n\t\t<meta name=\"twitter:site\" content=\"@NabercoDigital\" \/>\n\t\t<meta name=\"twitter:title\" content=\"El sector asegurador incrementa un 13,7% el volumen de primas | Cand\u00e1s 365\" \/>\n\t\t<meta name=\"twitter:description\" content=\"El volumen de primas devengadas del sector asegurador experiment\u00f3 un crecimiento del 13,75% a cierre del a\u00f1o pasado, hasta los 57.073 millones de euros, tal y como se deprende del Informe de Seguros y Pensiones 2016 que ha hecho p\u00fablico hoy en su p\u00e1gina web la Direcci\u00f3n General de Seguros y Planes de Pensiones. \u200bEsta\" \/>\n\t\t<meta name=\"twitter:creator\" content=\"@nbasturias\" \/>\n\t\t<meta name=\"twitter:image\" content=\"https:\/\/candas365.es\/noticias\/wp-content\/uploads\/2017\/07\/MinisterioInterior-I-1.jpg\" \/>\n\t\t<meta name=\"twitter:label1\" content=\"Escrito por\" \/>\n\t\t<meta name=\"twitter:data1\" content=\"Cand\u00e1s 365\" \/>\n\t\t<meta name=\"twitter:label2\" content=\"Tiempo de lectura estimado\" \/>\n\t\t<meta name=\"twitter:data2\" content=\"2 minutos\" \/>\n\t\t<script type=\"application\/ld+json\" class=\"aioseo-schema\">\n\t\t\t{\"@context\":\"https:\\\/\\\/schema.org\",\"@graph\":[{\"@type\":\"BreadcrumbList\",\"@id\":\"https:\\\/\\\/candas365.es\\\/noticias\\\/el-sector-asegurador-incrementa-un-137-el-volumen-de-primas\\\/#breadcrumblist\",\"itemListElement\":[{\"@type\":\"ListItem\",\"@id\":\"https:\\\/\\\/candas365.es\\\/noticias#listItem\",\"position\":1,\"name\":\"Home\",\"item\":\"https:\\\/\\\/candas365.es\\\/noticias\",\"nextItem\":{\"@type\":\"ListItem\",\"@id\":\"https:\\\/\\\/candas365.es\\\/noticias\\\/category\\\/actualidad\\\/#listItem\",\"name\":\"Actualidad\"}},{\"@type\":\"ListItem\",\"@id\":\"https:\\\/\\\/candas365.es\\\/noticias\\\/category\\\/actualidad\\\/#listItem\",\"position\":2,\"name\":\"Actualidad\",\"item\":\"https:\\\/\\\/candas365.es\\\/noticias\\\/category\\\/actualidad\\\/\",\"nextItem\":{\"@type\":\"ListItem\",\"@id\":\"https:\\\/\\\/candas365.es\\\/noticias\\\/el-sector-asegurador-incrementa-un-137-el-volumen-de-primas\\\/#listItem\",\"name\":\"El sector asegurador incrementa un 13,7% el volumen de primas\"},\"previousItem\":{\"@type\":\"ListItem\",\"@id\":\"https:\\\/\\\/candas365.es\\\/noticias#listItem\",\"name\":\"Home\"}},{\"@type\":\"ListItem\",\"@id\":\"https:\\\/\\\/candas365.es\\\/noticias\\\/el-sector-asegurador-incrementa-un-137-el-volumen-de-primas\\\/#listItem\",\"position\":3,\"name\":\"El sector asegurador incrementa un 13,7% el volumen de primas\",\"previousItem\":{\"@type\":\"ListItem\",\"@id\":\"https:\\\/\\\/candas365.es\\\/noticias\\\/category\\\/actualidad\\\/#listItem\",\"name\":\"Actualidad\"}}]},{\"@type\":\"NewsArticle\",\"@id\":\"https:\\\/\\\/candas365.es\\\/noticias\\\/el-sector-asegurador-incrementa-un-137-el-volumen-de-primas\\\/#newsarticle\",\"name\":\"El sector asegurador incrementa un 13,7% el volumen de primas | Cand\\u00e1s 365\",\"headline\":\"El sector asegurador incrementa un 13,7% el volumen de primas\",\"author\":{\"@id\":\"https:\\\/\\\/candas365.es\\\/noticias\\\/author\\\/admin\\\/#author\"},\"publisher\":{\"@id\":\"https:\\\/\\\/candas365.es\\\/noticias\\\/#organization\"},\"image\":{\"@type\":\"ImageObject\",\"url\":\"https:\\\/\\\/candas365.es\\\/noticias\\\/wp-content\\\/uploads\\\/2017\\\/07\\\/MinisterioInterior-I-1.jpg\",\"width\":496,\"height\":329},\"datePublished\":\"2017-07-15T20:38:54+02:00\",\"dateModified\":\"2017-07-15T20:38:54+02:00\",\"inLanguage\":\"es-ES\",\"mainEntityOfPage\":{\"@id\":\"https:\\\/\\\/candas365.es\\\/noticias\\\/el-sector-asegurador-incrementa-un-137-el-volumen-de-primas\\\/#webpage\"},\"isPartOf\":{\"@id\":\"https:\\\/\\\/candas365.es\\\/noticias\\\/el-sector-asegurador-incrementa-un-137-el-volumen-de-primas\\\/#webpage\"},\"articleSection\":\"Actualidad\",\"dateline\":\"Publicado el julio 15, 2017.\"},{\"@type\":\"Organization\",\"@id\":\"https:\\\/\\\/candas365.es\\\/noticias\\\/#organization\",\"name\":\"Cand\\u00e1s 365\",\"description\":\"Cand\\u00e1s 365 es un diario digital independiente, fundado en 2012, con base en Asturias. Informamos con rigor sobre actualidad, sociedad, cultura y ocio, con una mirada local y global.\",\"url\":\"https:\\\/\\\/candas365.es\\\/noticias\\\/\",\"email\":\"info@candas365.es\",\"telephone\":\"+34652131393\",\"foundingDate\":\"2012-06-10\",\"logo\":{\"@type\":\"ImageObject\",\"url\":\"https:\\\/\\\/candas365.es\\\/noticias\\\/wp-content\\\/uploads\\\/2024\\\/09\\\/Candas-365-Redes.jpg\",\"@id\":\"https:\\\/\\\/candas365.es\\\/noticias\\\/el-sector-asegurador-incrementa-un-137-el-volumen-de-primas\\\/#organizationLogo\",\"width\":1152,\"height\":864,\"caption\":\"Cand\\u00e1s 365 Redes\"},\"image\":{\"@id\":\"https:\\\/\\\/candas365.es\\\/noticias\\\/el-sector-asegurador-incrementa-un-137-el-volumen-de-primas\\\/#organizationLogo\"},\"sameAs\":[\"https:\\\/\\\/www.facebook.com\\\/Nachofdezber\",\"https:\\\/\\\/x.com\\\/NabercoDigital\",\"https:\\\/\\\/www.instagram.com\\\/nachofdezber\\\/\",\"https:\\\/\\\/www.youtube.com\\\/channel\\\/UCZP-2wLEB9Rv6erhFmqVnvg\"],\"address\":{\"@id\":\"https:\\\/\\\/candas365.es\\\/noticias\\\/#postaladdress\",\"@type\":\"PostalAddress\",\"streetAddress\":\"san antonio 4, san antonio 4\",\"postalCode\":\"33430\",\"addressLocality\":\"Cand\\u00e1s\",\"addressRegion\":\"Asturias\",\"addressCountry\":\"ES\"}},{\"@type\":\"Person\",\"@id\":\"https:\\\/\\\/candas365.es\\\/noticias\\\/author\\\/admin\\\/#author\",\"url\":\"https:\\\/\\\/candas365.es\\\/noticias\\\/author\\\/admin\\\/\",\"name\":\"Cand\\u00e1s 365\",\"image\":{\"@type\":\"ImageObject\",\"@id\":\"https:\\\/\\\/candas365.es\\\/noticias\\\/el-sector-asegurador-incrementa-un-137-el-volumen-de-primas\\\/#authorImage\",\"url\":\"https:\\\/\\\/secure.gravatar.com\\\/avatar\\\/496a8e03d0c493ede1718b7934145dbdf8d89be1036b0eec9544e1094c9de390?s=96&d=mm&r=g\",\"width\":96,\"height\":96,\"caption\":\"Cand\\u00e1s 365\"},\"sameAs\":[\"https:\\\/\\\/www.facebook.com\\\/carrenoactualidad\",\"https:\\\/\\\/twitter.com\\\/nbasturias\",\"https:\\\/\\\/www.instagram.com\\\/nachofdezber\\\/\",\"https:\\\/\\\/www.youtube.com\\\/channel\\\/UCZP-2wLEB9Rv6erhFmqVnvg\"]},{\"@type\":\"WebPage\",\"@id\":\"https:\\\/\\\/candas365.es\\\/noticias\\\/el-sector-asegurador-incrementa-un-137-el-volumen-de-primas\\\/#webpage\",\"url\":\"https:\\\/\\\/candas365.es\\\/noticias\\\/el-sector-asegurador-incrementa-un-137-el-volumen-de-primas\\\/\",\"name\":\"El sector asegurador incrementa un 13,7% el volumen de primas | Cand\\u00e1s 365\",\"description\":\"El volumen de primas devengadas del sector asegurador experiment\\u00f3 un crecimiento del 13,75% a cierre del a\\u00f1o pasado, hasta los 57.073 millones de euros, tal y como se deprende del Informe de Seguros y Pensiones 2016 que ha hecho p\\u00fablico hoy en su p\\u00e1gina web la Direcci\\u00f3n General de Seguros y Planes de Pensiones. \\u200bEsta\",\"inLanguage\":\"es-ES\",\"isPartOf\":{\"@id\":\"https:\\\/\\\/candas365.es\\\/noticias\\\/#website\"},\"breadcrumb\":{\"@id\":\"https:\\\/\\\/candas365.es\\\/noticias\\\/el-sector-asegurador-incrementa-un-137-el-volumen-de-primas\\\/#breadcrumblist\"},\"author\":{\"@id\":\"https:\\\/\\\/candas365.es\\\/noticias\\\/author\\\/admin\\\/#author\"},\"creator\":{\"@id\":\"https:\\\/\\\/candas365.es\\\/noticias\\\/author\\\/admin\\\/#author\"},\"image\":{\"@type\":\"ImageObject\",\"url\":\"https:\\\/\\\/candas365.es\\\/noticias\\\/wp-content\\\/uploads\\\/2017\\\/07\\\/MinisterioInterior-I-1.jpg\",\"@id\":\"https:\\\/\\\/candas365.es\\\/noticias\\\/el-sector-asegurador-incrementa-un-137-el-volumen-de-primas\\\/#mainImage\",\"width\":496,\"height\":329},\"primaryImageOfPage\":{\"@id\":\"https:\\\/\\\/candas365.es\\\/noticias\\\/el-sector-asegurador-incrementa-un-137-el-volumen-de-primas\\\/#mainImage\"},\"datePublished\":\"2017-07-15T20:38:54+02:00\",\"dateModified\":\"2017-07-15T20:38:54+02:00\"},{\"@type\":\"WebSite\",\"@id\":\"https:\\\/\\\/candas365.es\\\/noticias\\\/#website\",\"url\":\"https:\\\/\\\/candas365.es\\\/noticias\\\/\",\"name\":\"Cand\\u00e1s 365\",\"alternateName\":\"Cand\\u00e1s 365 Noticias\",\"description\":\"Actualidad desde Carre\\u00f1o para el mundo\",\"inLanguage\":\"es-ES\",\"publisher\":{\"@id\":\"https:\\\/\\\/candas365.es\\\/noticias\\\/#organization\"}}]}\n\t\t<\/script>\n\t\t<!-- All in One SEO Pro -->\r\n\t\t<title>El sector asegurador incrementa un 13,7% el volumen de primas | Cand\u00e1s 365<\/title>\n\n","aioseo_head_json":{"title":"El sector asegurador incrementa un 13,7% el volumen de primas | Cand\u00e1s 365","description":"El volumen de primas devengadas del sector asegurador experiment\u00f3 un crecimiento del 13,75% a cierre del a\u00f1o pasado, hasta los 57.073 millones de euros, tal y como se deprende del Informe de Seguros y Pensiones 2016 que ha hecho p\u00fablico hoy en su p\u00e1gina web la Direcci\u00f3n General de Seguros y Planes de Pensiones. \u200bEsta","canonical_url":"https:\/\/candas365.es\/noticias\/el-sector-asegurador-incrementa-un-137-el-volumen-de-primas\/","robots":"max-image-preview:large","keywords":"actualidad","webmasterTools":{"google-site-verification":"UA-32230408-1","msvalidate.01":"354F3CDFB2DA171B47FBE9ABF1F88D5","miscellaneous":""},"schema":{"@context":"https:\/\/schema.org","@graph":[{"@type":"BreadcrumbList","@id":"https:\/\/candas365.es\/noticias\/el-sector-asegurador-incrementa-un-137-el-volumen-de-primas\/#breadcrumblist","itemListElement":[{"@type":"ListItem","@id":"https:\/\/candas365.es\/noticias#listItem","position":1,"name":"Home","item":"https:\/\/candas365.es\/noticias","nextItem":{"@type":"ListItem","@id":"https:\/\/candas365.es\/noticias\/category\/actualidad\/#listItem","name":"Actualidad"}},{"@type":"ListItem","@id":"https:\/\/candas365.es\/noticias\/category\/actualidad\/#listItem","position":2,"name":"Actualidad","item":"https:\/\/candas365.es\/noticias\/category\/actualidad\/","nextItem":{"@type":"ListItem","@id":"https:\/\/candas365.es\/noticias\/el-sector-asegurador-incrementa-un-137-el-volumen-de-primas\/#listItem","name":"El sector asegurador incrementa un 13,7% el volumen de primas"},"previousItem":{"@type":"ListItem","@id":"https:\/\/candas365.es\/noticias#listItem","name":"Home"}},{"@type":"ListItem","@id":"https:\/\/candas365.es\/noticias\/el-sector-asegurador-incrementa-un-137-el-volumen-de-primas\/#listItem","position":3,"name":"El sector asegurador incrementa un 13,7% el volumen de primas","previousItem":{"@type":"ListItem","@id":"https:\/\/candas365.es\/noticias\/category\/actualidad\/#listItem","name":"Actualidad"}}]},{"@type":"NewsArticle","@id":"https:\/\/candas365.es\/noticias\/el-sector-asegurador-incrementa-un-137-el-volumen-de-primas\/#newsarticle","name":"El sector asegurador incrementa un 13,7% el volumen de primas | Cand\u00e1s 365","headline":"El sector asegurador incrementa un 13,7% el volumen de primas","author":{"@id":"https:\/\/candas365.es\/noticias\/author\/admin\/#author"},"publisher":{"@id":"https:\/\/candas365.es\/noticias\/#organization"},"image":{"@type":"ImageObject","url":"https:\/\/candas365.es\/noticias\/wp-content\/uploads\/2017\/07\/MinisterioInterior-I-1.jpg","width":496,"height":329},"datePublished":"2017-07-15T20:38:54+02:00","dateModified":"2017-07-15T20:38:54+02:00","inLanguage":"es-ES","mainEntityOfPage":{"@id":"https:\/\/candas365.es\/noticias\/el-sector-asegurador-incrementa-un-137-el-volumen-de-primas\/#webpage"},"isPartOf":{"@id":"https:\/\/candas365.es\/noticias\/el-sector-asegurador-incrementa-un-137-el-volumen-de-primas\/#webpage"},"articleSection":"Actualidad","dateline":"Publicado el julio 15, 2017."},{"@type":"Organization","@id":"https:\/\/candas365.es\/noticias\/#organization","name":"Cand\u00e1s 365","description":"Cand\u00e1s 365 es un diario digital independiente, fundado en 2012, con base en Asturias. Informamos con rigor sobre actualidad, sociedad, cultura y ocio, con una mirada local y global.","url":"https:\/\/candas365.es\/noticias\/","email":"info@candas365.es","telephone":"+34652131393","foundingDate":"2012-06-10","logo":{"@type":"ImageObject","url":"https:\/\/candas365.es\/noticias\/wp-content\/uploads\/2024\/09\/Candas-365-Redes.jpg","@id":"https:\/\/candas365.es\/noticias\/el-sector-asegurador-incrementa-un-137-el-volumen-de-primas\/#organizationLogo","width":1152,"height":864,"caption":"Cand\u00e1s 365 Redes"},"image":{"@id":"https:\/\/candas365.es\/noticias\/el-sector-asegurador-incrementa-un-137-el-volumen-de-primas\/#organizationLogo"},"sameAs":["https:\/\/www.facebook.com\/Nachofdezber","https:\/\/x.com\/NabercoDigital","https:\/\/www.instagram.com\/nachofdezber\/","https:\/\/www.youtube.com\/channel\/UCZP-2wLEB9Rv6erhFmqVnvg"],"address":{"@id":"https:\/\/candas365.es\/noticias\/#postaladdress","@type":"PostalAddress","streetAddress":"san antonio 4, san antonio 4","postalCode":"33430","addressLocality":"Cand\u00e1s","addressRegion":"Asturias","addressCountry":"ES"}},{"@type":"Person","@id":"https:\/\/candas365.es\/noticias\/author\/admin\/#author","url":"https:\/\/candas365.es\/noticias\/author\/admin\/","name":"Cand\u00e1s 365","image":{"@type":"ImageObject","@id":"https:\/\/candas365.es\/noticias\/el-sector-asegurador-incrementa-un-137-el-volumen-de-primas\/#authorImage","url":"https:\/\/secure.gravatar.com\/avatar\/496a8e03d0c493ede1718b7934145dbdf8d89be1036b0eec9544e1094c9de390?s=96&d=mm&r=g","width":96,"height":96,"caption":"Cand\u00e1s 365"},"sameAs":["https:\/\/www.facebook.com\/carrenoactualidad","https:\/\/twitter.com\/nbasturias","https:\/\/www.instagram.com\/nachofdezber\/","https:\/\/www.youtube.com\/channel\/UCZP-2wLEB9Rv6erhFmqVnvg"]},{"@type":"WebPage","@id":"https:\/\/candas365.es\/noticias\/el-sector-asegurador-incrementa-un-137-el-volumen-de-primas\/#webpage","url":"https:\/\/candas365.es\/noticias\/el-sector-asegurador-incrementa-un-137-el-volumen-de-primas\/","name":"El sector asegurador incrementa un 13,7% el volumen de primas | Cand\u00e1s 365","description":"El volumen de primas devengadas del sector asegurador experiment\u00f3 un crecimiento del 13,75% a cierre del a\u00f1o pasado, hasta los 57.073 millones de euros, tal y como se deprende del Informe de Seguros y Pensiones 2016 que ha hecho p\u00fablico hoy en su p\u00e1gina web la Direcci\u00f3n General de Seguros y Planes de Pensiones. \u200bEsta","inLanguage":"es-ES","isPartOf":{"@id":"https:\/\/candas365.es\/noticias\/#website"},"breadcrumb":{"@id":"https:\/\/candas365.es\/noticias\/el-sector-asegurador-incrementa-un-137-el-volumen-de-primas\/#breadcrumblist"},"author":{"@id":"https:\/\/candas365.es\/noticias\/author\/admin\/#author"},"creator":{"@id":"https:\/\/candas365.es\/noticias\/author\/admin\/#author"},"image":{"@type":"ImageObject","url":"https:\/\/candas365.es\/noticias\/wp-content\/uploads\/2017\/07\/MinisterioInterior-I-1.jpg","@id":"https:\/\/candas365.es\/noticias\/el-sector-asegurador-incrementa-un-137-el-volumen-de-primas\/#mainImage","width":496,"height":329},"primaryImageOfPage":{"@id":"https:\/\/candas365.es\/noticias\/el-sector-asegurador-incrementa-un-137-el-volumen-de-primas\/#mainImage"},"datePublished":"2017-07-15T20:38:54+02:00","dateModified":"2017-07-15T20:38:54+02:00"},{"@type":"WebSite","@id":"https:\/\/candas365.es\/noticias\/#website","url":"https:\/\/candas365.es\/noticias\/","name":"Cand\u00e1s 365","alternateName":"Cand\u00e1s 365 Noticias","description":"Actualidad desde Carre\u00f1o para el mundo","inLanguage":"es-ES","publisher":{"@id":"https:\/\/candas365.es\/noticias\/#organization"}}]},"og:locale":"es_ES","og:site_name":"Cand\u00e1s 365","og:type":"article","og:title":"El sector asegurador incrementa un 13,7% el volumen de primas | Cand\u00e1s 365","og:description":"El volumen de primas devengadas del sector asegurador experiment\u00f3 un crecimiento del 13,75% a cierre del a\u00f1o pasado, hasta los 57.073 millones de euros, tal y como se deprende del Informe de Seguros y Pensiones 2016 que ha hecho p\u00fablico hoy en su p\u00e1gina web la Direcci\u00f3n General de Seguros y Planes de Pensiones. \u200bEsta","og:url":"https:\/\/candas365.es\/noticias\/el-sector-asegurador-incrementa-un-137-el-volumen-de-primas\/","og:image":"https:\/\/candas365.es\/noticias\/wp-content\/uploads\/2017\/07\/MinisterioInterior-I-1.jpg","og:image:secure_url":"https:\/\/candas365.es\/noticias\/wp-content\/uploads\/2017\/07\/MinisterioInterior-I-1.jpg","og:image:width":496,"og:image:height":329,"article:published_time":"2017-07-15T20:38:54+00:00","article:modified_time":"2017-07-15T20:38:54+00:00","article:publisher":"https:\/\/www.facebook.com\/Nachofdezber","article:author":"https:\/\/www.facebook.com\/carrenoactualidad","twitter:card":"summary_large_image","twitter:site":"@NabercoDigital","twitter:title":"El sector asegurador incrementa un 13,7% el volumen de primas | Cand\u00e1s 365","twitter:description":"El volumen de primas devengadas del sector asegurador experiment\u00f3 un crecimiento del 13,75% a cierre del a\u00f1o pasado, hasta los 57.073 millones de euros, tal y como se deprende del Informe de Seguros y Pensiones 2016 que ha hecho p\u00fablico hoy en su p\u00e1gina web la Direcci\u00f3n General de Seguros y Planes de Pensiones. \u200bEsta","twitter:creator":"@nbasturias","twitter:image":"https:\/\/candas365.es\/noticias\/wp-content\/uploads\/2017\/07\/MinisterioInterior-I-1.jpg","twitter:label1":"Escrito por","twitter:data1":"Cand\u00e1s 365","twitter:label2":"Tiempo de lectura estimado","twitter:data2":"2 minutos"},"aioseo_meta_data":{"post_id":"75740","title":null,"description":null,"keywords":null,"keyphrases":null,"primary_term":null,"canonical_url":null,"og_title":null,"og_description":null,"og_object_type":"default","og_image_type":"default","og_image_url":null,"og_image_width":null,"og_image_height":null,"og_image_custom_url":null,"og_image_custom_fields":null,"og_video":null,"og_custom_url":null,"og_article_section":null,"og_article_tags":null,"twitter_use_og":false,"twitter_card":"default","twitter_image_type":"default","twitter_image_url":null,"twitter_image_custom_url":null,"twitter_image_custom_fields":null,"twitter_title":null,"twitter_description":null,"schema":{"blockGraphs":[],"customGraphs":[],"default":{"data":{"Article":[],"Course":[],"Dataset":[],"FAQPage":[],"Movie":[],"Person":[],"Product":[],"ProductReview":[],"Car":[],"Recipe":[],"Service":[],"SoftwareApplication":[],"WebPage":[]},"graphName":"","isEnabled":true},"graphs":[],"defaultGraph":"","defaultPostTypeGraph":""},"schema_type":null,"schema_type_options":null,"pillar_content":false,"robots_default":true,"robots_noindex":false,"robots_noarchive":false,"robots_nosnippet":false,"robots_nofollow":false,"robots_noimageindex":false,"robots_noodp":false,"robots_notranslate":false,"robots_max_snippet":null,"robots_max_videopreview":null,"robots_max_imagepreview":"large","priority":null,"frequency":null,"location":null,"local_seo":null,"seo_analyzer_scan_date":"2025-08-25 18:28:16","breadcrumb_settings":null,"limit_modified_date":false,"reviewed_by":null,"open_ai":null,"ai":null,"created":"2020-12-21 11:02:42","updated":"2025-08-25 18:28:16"},"aioseo_breadcrumb":"<div class=\"aioseo-breadcrumbs\"><span class=\"aioseo-breadcrumb\">\n\t<a href=\"https:\/\/candas365.es\/noticias\" title=\"Home\">Home<\/a>\n<\/span><span class=\"aioseo-breadcrumb-separator\">&ndash;<\/span><span class=\"aioseo-breadcrumb\">\n\t<a href=\"https:\/\/candas365.es\/noticias\/category\/actualidad\/\" title=\"Actualidad\">Actualidad<\/a>\n<\/span><span class=\"aioseo-breadcrumb-separator\">&ndash;<\/span><span class=\"aioseo-breadcrumb\">\n\tEl sector asegurador incrementa un 13,7% el volumen de primas\n<\/span><\/div>","aioseo_breadcrumb_json":[{"label":"Home","link":"https:\/\/candas365.es\/noticias"},{"label":"Actualidad","link":"https:\/\/candas365.es\/noticias\/category\/actualidad\/"},{"label":"El sector asegurador incrementa un 13,7% el volumen de primas","link":"https:\/\/candas365.es\/noticias\/el-sector-asegurador-incrementa-un-137-el-volumen-de-primas\/"}],"_links":{"self":[{"href":"https:\/\/candas365.es\/noticias\/wp-json\/wp\/v2\/posts\/75740","targetHints":{"allow":["GET"]}}],"collection":[{"href":"https:\/\/candas365.es\/noticias\/wp-json\/wp\/v2\/posts"}],"about":[{"href":"https:\/\/candas365.es\/noticias\/wp-json\/wp\/v2\/types\/post"}],"author":[{"embeddable":true,"href":"https:\/\/candas365.es\/noticias\/wp-json\/wp\/v2\/users\/1"}],"replies":[{"embeddable":true,"href":"https:\/\/candas365.es\/noticias\/wp-json\/wp\/v2\/comments?post=75740"}],"version-history":[{"count":0,"href":"https:\/\/candas365.es\/noticias\/wp-json\/wp\/v2\/posts\/75740\/revisions"}],"wp:featuredmedia":[{"embeddable":true,"href":"https:\/\/candas365.es\/noticias\/wp-json\/wp\/v2\/media\/75741"}],"wp:attachment":[{"href":"https:\/\/candas365.es\/noticias\/wp-json\/wp\/v2\/media?parent=75740"}],"wp:term":[{"taxonomy":"category","embeddable":true,"href":"https:\/\/candas365.es\/noticias\/wp-json\/wp\/v2\/categories?post=75740"},{"taxonomy":"post_tag","embeddable":true,"href":"https:\/\/candas365.es\/noticias\/wp-json\/wp\/v2\/tags?post=75740"}],"curies":[{"name":"wp","href":"https:\/\/api.w.org\/{rel}","templated":true}]}}