{"id":75738,"date":"2017-07-15T20:37:51","date_gmt":"2017-07-15T20:37:51","guid":{"rendered":"http:\/\/candas365.es\/noticias\/?p=75738"},"modified":"2017-07-15T20:37:51","modified_gmt":"2017-07-15T20:37:51","slug":"espana-mejora-sus-datos-de-produccion-ecologica","status":"publish","type":"post","link":"https:\/\/candas365.es\/noticias\/espana-mejora-sus-datos-de-produccion-ecologica\/","title":{"rendered":"Espa\u00f1a mejora sus datos de producci\u00f3n ecol\u00f3gica"},"content":{"rendered":"<p><img fetchpriority=\"high\" decoding=\"async\" class=\"alignleft size-medium wp-image-75300\" src=\"https:\/\/candas365.es\/noticias\/wp-content\/uploads\/2017\/07\/potatoes-1585057_960_720-360x236.jpg\" alt=\"\" width=\"360\" height=\"236\" srcset=\"https:\/\/candas365.es\/noticias\/wp-content\/uploads\/2017\/07\/potatoes-1585057_960_720-360x236.jpg 360w, https:\/\/candas365.es\/noticias\/wp-content\/uploads\/2017\/07\/potatoes-1585057_960_720-768x503.jpg 768w, https:\/\/candas365.es\/noticias\/wp-content\/uploads\/2017\/07\/potatoes-1585057_960_720-655x429.jpg 655w, https:\/\/candas365.es\/noticias\/wp-content\/uploads\/2017\/07\/potatoes-1585057_960_720-696x456.jpg 696w, https:\/\/candas365.es\/noticias\/wp-content\/uploads\/2017\/07\/potatoes-1585057_960_720-741x486.jpg 741w, https:\/\/candas365.es\/noticias\/wp-content\/uploads\/2017\/07\/potatoes-1585057_960_720-641x420.jpg 641w, https:\/\/candas365.es\/noticias\/wp-content\/uploads\/2017\/07\/potatoes-1585057_960_720-84x55.jpg 84w, https:\/\/candas365.es\/noticias\/wp-content\/uploads\/2017\/07\/potatoes-1585057_960_720.jpg 960w\" sizes=\"(max-width: 360px) 100vw, 360px\" \/>El Ministerio de Agricultura y Pesca, Alimentaci\u00f3n y Medio Ambiente dispone ya de los primeros datos de la producci\u00f3n ecol\u00f3gica en Espa\u00f1a correspondientes al a\u00f1o 2016, que confirman la tendencia de crecimiento sostenido y consolidaci\u00f3n del sector de la producci\u00f3n ecol\u00f3gica espa\u00f1ola. Unos datos que afianzan a Espa\u00f1a como el primer pa\u00eds de la Uni\u00f3n Europea por superficie y entre los cinco mayores productores del mundo.<\/p>\n<p>\u200bLa superficie dedicada a este tipo de producci\u00f3n ha aumentado un 2,5% respecto al a\u00f1o 2015, alcanzando casi las 2.019.000 Ha. La mitad se destina a pastos permanentes, una cuarta parte a cultivos de tierras arables y la otra cuarta parte a cultivos permanentes. Destaca la superficie calificada en conversi\u00f3n, que se ha triplicado respecto al a\u00f1o anterior, lo que muestra su potencial.<\/p>\n<p>Por lo que respecta a los operadores, su n\u00famero total se ha incrementado en un 5,3% hasta los 39.744, habiendo aumentado el n\u00famero en todas las categor\u00edas: productores (4,4%), industriales (9%), importadores (23%), exportadores (27%) y comercializadores (17%). Estos datos ponen de relieve el incremento del n\u00famero de operadores en las fases posteriores de la cadena alimentaria, por el incremento de la demanda.<\/p>\n<p>En producci\u00f3n vegetal destaca el aumento de hect\u00e1reas dedicadas a cereales, tub\u00e9rculos, hortalizas, frutales, frutos secos, c\u00edtricos y vi\u00f1edos.<\/p>\n<p>En cuanto a producci\u00f3n animal, aumenta el n\u00famero de explotaciones, destacando las de bovino de leche cuyo n\u00famero se duplica. Aumenta, en menor medida, el n\u00famero de explotaciones de bovino y ovino de carne, y de aves de corral. El n\u00famero de cabezas de ganado tambi\u00e9n se incrementa, destacando las aves de corral que han visto multiplicadas por dos sus cifras, y un incremento m\u00e1s suave en el n\u00famero de cabezas de bovino, caprino y gallinas de puesta.<\/p>\n<p>Por lo que a las industrias agroalimentarias se refiere, \u00e9stas han registrado un crecimiento positivo (9%) llegando a las 5.663 aquellas relacionadas con la producci\u00f3n vegetal y a 952 las relacionadas con la producci\u00f3n animal. Mientras el n\u00famero de las primeras ha aumentado en todas las categor\u00edas, entre las segundas ha disminuido las industrias l\u00e1cteas y aumentando el resto.<\/p>\n<p><strong>Controles<\/strong><\/p>\n<p>Los productos ecol\u00f3gicos, tambi\u00e9n llamados biol\u00f3gicos u org\u00e1nicos est\u00e1n sometidos a un sistema de control oficial regulado por normativa comunitaria, en el marco del Plan Nacional de Control Oficial de la Cadena Alimentaria. El programa de la producci\u00f3n agr\u00edcola ecol\u00f3gica tiene, entre otras exigencias, realizar al menos una visita anual a los distintos operadores de la producci\u00f3n ecol\u00f3gica (productores, transformadores o comercializadores).<\/p>\n<p>As\u00ed, el n\u00famero total de controles oficiales realizados en 2016 ha sido de 46.632. En el curso de estos controles, se han analizado 4.473 muestras, que suponen un 11% sobre el total. De \u00e9stas s\u00f3lo el 7% han tenido un resultado anal\u00edtico desfavorable.<\/p>\n<p>El n\u00famero de incumplimientos (irregularidades o infracciones) ascendi\u00f3 a 942 en el a\u00f1o 2016, frente a 965 en el a\u00f1o anterior. Estos datos demuestran que el nivel de cumplimiento es muy alto, situ\u00e1ndose s\u00f3lo en un 2% el porcentaje de operadores controlados con incumplimientos.<\/p>\n<p>&nbsp;<\/p>\n","protected":false},"excerpt":{"rendered":"<p>El Ministerio de Agricultura y Pesca, Alimentaci\u00f3n y Medio Ambiente dispone ya de los primeros datos de la producci\u00f3n ecol\u00f3gica en Espa\u00f1a correspondientes al a\u00f1o 2016, que confirman la tendencia de crecimiento sostenido y consolidaci\u00f3n del sector de la producci\u00f3n ecol\u00f3gica espa\u00f1ola. Unos datos que afianzan a Espa\u00f1a como el primer pa\u00eds de la Uni\u00f3n<\/p>\n","protected":false},"author":1,"featured_media":75300,"comment_status":"closed","ping_status":"closed","sticky":false,"template":"","format":"standard","meta":{"footnotes":""},"categories":[343],"tags":[],"class_list":{"0":"post-75738","1":"post","2":"type-post","3":"status-publish","4":"format-standard","5":"has-post-thumbnail","7":"category-actualidad"},"aioseo_notices":[],"aioseo_head":"\n\t\t<!-- All in One SEO Pro 4.9.6.2 - aioseo.com -->\n\t<meta name=\"description\" content=\"El Ministerio de Agricultura y Pesca, Alimentaci\u00f3n y Medio Ambiente dispone ya de los primeros datos de la producci\u00f3n ecol\u00f3gica en Espa\u00f1a correspondientes al a\u00f1o 2016, que confirman la tendencia de crecimiento sostenido y consolidaci\u00f3n del sector de la producci\u00f3n ecol\u00f3gica espa\u00f1ola. Unos datos que afianzan a Espa\u00f1a como el primer pa\u00eds de la Uni\u00f3n\" \/>\n\t<meta name=\"robots\" content=\"max-image-preview:large\" \/>\n\t<meta name=\"author\" content=\"Cand\u00e1s 365\"\/>\n\t<meta name=\"google-site-verification\" content=\"UA-32230408-1\" \/>\n\t<meta name=\"msvalidate.01\" content=\"354F3CDFB2DA171B47FBE9ABF1F88D5\" \/>\n\t<meta name=\"keywords\" content=\"actualidad\" \/>\n\t<link rel=\"canonical\" href=\"https:\/\/candas365.es\/noticias\/espana-mejora-sus-datos-de-produccion-ecologica\/\" \/>\n\t<meta name=\"generator\" content=\"All in One SEO Pro (AIOSEO) 4.9.6.2\" \/>\n\t\t<meta property=\"og:locale\" content=\"es_ES\" \/>\n\t\t<meta property=\"og:site_name\" content=\"Cand\u00e1s 365\" \/>\n\t\t<meta property=\"og:type\" content=\"article\" \/>\n\t\t<meta property=\"og:title\" content=\"Espa\u00f1a mejora sus datos de producci\u00f3n ecol\u00f3gica | Cand\u00e1s 365\" \/>\n\t\t<meta property=\"og:description\" content=\"El Ministerio de Agricultura y Pesca, Alimentaci\u00f3n y Medio Ambiente dispone ya de los primeros datos de la producci\u00f3n ecol\u00f3gica en Espa\u00f1a correspondientes al a\u00f1o 2016, que confirman la tendencia de crecimiento sostenido y consolidaci\u00f3n del sector de la producci\u00f3n ecol\u00f3gica espa\u00f1ola. Unos datos que afianzan a Espa\u00f1a como el primer pa\u00eds de la Uni\u00f3n\" \/>\n\t\t<meta property=\"og:url\" content=\"https:\/\/candas365.es\/noticias\/espana-mejora-sus-datos-de-produccion-ecologica\/\" \/>\n\t\t<meta property=\"og:image\" content=\"https:\/\/candas365.es\/noticias\/wp-content\/uploads\/2017\/07\/potatoes-1585057_960_720.jpg\" \/>\n\t\t<meta property=\"og:image:secure_url\" content=\"https:\/\/candas365.es\/noticias\/wp-content\/uploads\/2017\/07\/potatoes-1585057_960_720.jpg\" \/>\n\t\t<meta property=\"og:image:width\" content=\"960\" \/>\n\t\t<meta property=\"og:image:height\" content=\"629\" \/>\n\t\t<meta property=\"article:published_time\" content=\"2017-07-15T20:37:51+00:00\" \/>\n\t\t<meta property=\"article:modified_time\" content=\"2017-07-15T20:37:51+00:00\" \/>\n\t\t<meta property=\"article:publisher\" content=\"https:\/\/www.facebook.com\/Nachofdezber\" \/>\n\t\t<meta property=\"article:author\" content=\"https:\/\/www.facebook.com\/carrenoactualidad\" \/>\n\t\t<meta name=\"twitter:card\" content=\"summary_large_image\" \/>\n\t\t<meta name=\"twitter:site\" content=\"@NabercoDigital\" \/>\n\t\t<meta name=\"twitter:title\" content=\"Espa\u00f1a mejora sus datos de producci\u00f3n ecol\u00f3gica | Cand\u00e1s 365\" \/>\n\t\t<meta name=\"twitter:description\" content=\"El Ministerio de Agricultura y Pesca, Alimentaci\u00f3n y Medio Ambiente dispone ya de los primeros datos de la producci\u00f3n ecol\u00f3gica en Espa\u00f1a correspondientes al a\u00f1o 2016, que confirman la tendencia de crecimiento sostenido y consolidaci\u00f3n del sector de la producci\u00f3n ecol\u00f3gica espa\u00f1ola. Unos datos que afianzan a Espa\u00f1a como el primer pa\u00eds de la Uni\u00f3n\" \/>\n\t\t<meta name=\"twitter:creator\" content=\"@nbasturias\" \/>\n\t\t<meta name=\"twitter:image\" content=\"https:\/\/candas365.es\/noticias\/wp-content\/uploads\/2017\/07\/potatoes-1585057_960_720.jpg\" \/>\n\t\t<meta name=\"twitter:label1\" content=\"Escrito por\" \/>\n\t\t<meta name=\"twitter:data1\" content=\"Cand\u00e1s 365\" \/>\n\t\t<meta name=\"twitter:label2\" content=\"Tiempo de lectura estimado\" \/>\n\t\t<meta name=\"twitter:data2\" content=\"3 minutos\" \/>\n\t\t<script type=\"application\/ld+json\" class=\"aioseo-schema\">\n\t\t\t{\"@context\":\"https:\\\/\\\/schema.org\",\"@graph\":[{\"@type\":\"BreadcrumbList\",\"@id\":\"https:\\\/\\\/candas365.es\\\/noticias\\\/espana-mejora-sus-datos-de-produccion-ecologica\\\/#breadcrumblist\",\"itemListElement\":[{\"@type\":\"ListItem\",\"@id\":\"https:\\\/\\\/candas365.es\\\/noticias#listItem\",\"position\":1,\"name\":\"Home\",\"item\":\"https:\\\/\\\/candas365.es\\\/noticias\",\"nextItem\":{\"@type\":\"ListItem\",\"@id\":\"https:\\\/\\\/candas365.es\\\/noticias\\\/category\\\/actualidad\\\/#listItem\",\"name\":\"Actualidad\"}},{\"@type\":\"ListItem\",\"@id\":\"https:\\\/\\\/candas365.es\\\/noticias\\\/category\\\/actualidad\\\/#listItem\",\"position\":2,\"name\":\"Actualidad\",\"item\":\"https:\\\/\\\/candas365.es\\\/noticias\\\/category\\\/actualidad\\\/\",\"nextItem\":{\"@type\":\"ListItem\",\"@id\":\"https:\\\/\\\/candas365.es\\\/noticias\\\/espana-mejora-sus-datos-de-produccion-ecologica\\\/#listItem\",\"name\":\"Espa\\u00f1a mejora sus datos de producci\\u00f3n ecol\\u00f3gica\"},\"previousItem\":{\"@type\":\"ListItem\",\"@id\":\"https:\\\/\\\/candas365.es\\\/noticias#listItem\",\"name\":\"Home\"}},{\"@type\":\"ListItem\",\"@id\":\"https:\\\/\\\/candas365.es\\\/noticias\\\/espana-mejora-sus-datos-de-produccion-ecologica\\\/#listItem\",\"position\":3,\"name\":\"Espa\\u00f1a mejora sus datos de producci\\u00f3n ecol\\u00f3gica\",\"previousItem\":{\"@type\":\"ListItem\",\"@id\":\"https:\\\/\\\/candas365.es\\\/noticias\\\/category\\\/actualidad\\\/#listItem\",\"name\":\"Actualidad\"}}]},{\"@type\":\"NewsArticle\",\"@id\":\"https:\\\/\\\/candas365.es\\\/noticias\\\/espana-mejora-sus-datos-de-produccion-ecologica\\\/#newsarticle\",\"name\":\"Espa\\u00f1a mejora sus datos de producci\\u00f3n ecol\\u00f3gica | Cand\\u00e1s 365\",\"headline\":\"Espa\\u00f1a mejora sus datos de producci\\u00f3n ecol\\u00f3gica\",\"author\":{\"@id\":\"https:\\\/\\\/candas365.es\\\/noticias\\\/author\\\/admin\\\/#author\"},\"publisher\":{\"@id\":\"https:\\\/\\\/candas365.es\\\/noticias\\\/#organization\"},\"image\":{\"@type\":\"ImageObject\",\"url\":\"https:\\\/\\\/candas365.es\\\/noticias\\\/wp-content\\\/uploads\\\/2017\\\/07\\\/potatoes-1585057_960_720.jpg\",\"width\":960,\"height\":629},\"datePublished\":\"2017-07-15T20:37:51+02:00\",\"dateModified\":\"2017-07-15T20:37:51+02:00\",\"inLanguage\":\"es-ES\",\"mainEntityOfPage\":{\"@id\":\"https:\\\/\\\/candas365.es\\\/noticias\\\/espana-mejora-sus-datos-de-produccion-ecologica\\\/#webpage\"},\"isPartOf\":{\"@id\":\"https:\\\/\\\/candas365.es\\\/noticias\\\/espana-mejora-sus-datos-de-produccion-ecologica\\\/#webpage\"},\"articleSection\":\"Actualidad\",\"dateline\":\"Publicado el julio 15, 2017.\"},{\"@type\":\"Organization\",\"@id\":\"https:\\\/\\\/candas365.es\\\/noticias\\\/#organization\",\"name\":\"Cand\\u00e1s 365\",\"description\":\"Cand\\u00e1s 365 es un diario digital independiente, fundado en 2012, con base en Asturias. Informamos con rigor sobre actualidad, sociedad, cultura y ocio, con una mirada local y global.\",\"url\":\"https:\\\/\\\/candas365.es\\\/noticias\\\/\",\"email\":\"info@candas365.es\",\"telephone\":\"+34652131393\",\"foundingDate\":\"2012-06-10\",\"logo\":{\"@type\":\"ImageObject\",\"url\":\"https:\\\/\\\/candas365.es\\\/noticias\\\/wp-content\\\/uploads\\\/2024\\\/09\\\/Candas-365-Redes.jpg\",\"@id\":\"https:\\\/\\\/candas365.es\\\/noticias\\\/espana-mejora-sus-datos-de-produccion-ecologica\\\/#organizationLogo\",\"width\":1152,\"height\":864,\"caption\":\"Cand\\u00e1s 365 Redes\"},\"image\":{\"@id\":\"https:\\\/\\\/candas365.es\\\/noticias\\\/espana-mejora-sus-datos-de-produccion-ecologica\\\/#organizationLogo\"},\"sameAs\":[\"https:\\\/\\\/www.facebook.com\\\/Nachofdezber\",\"https:\\\/\\\/x.com\\\/NabercoDigital\",\"https:\\\/\\\/www.instagram.com\\\/nachofdezber\\\/\",\"https:\\\/\\\/www.youtube.com\\\/channel\\\/UCZP-2wLEB9Rv6erhFmqVnvg\"],\"address\":{\"@id\":\"https:\\\/\\\/candas365.es\\\/noticias\\\/#postaladdress\",\"@type\":\"PostalAddress\",\"streetAddress\":\"san antonio 4, san antonio 4\",\"postalCode\":\"33430\",\"addressLocality\":\"Cand\\u00e1s\",\"addressRegion\":\"Asturias\",\"addressCountry\":\"ES\"}},{\"@type\":\"Person\",\"@id\":\"https:\\\/\\\/candas365.es\\\/noticias\\\/author\\\/admin\\\/#author\",\"url\":\"https:\\\/\\\/candas365.es\\\/noticias\\\/author\\\/admin\\\/\",\"name\":\"Cand\\u00e1s 365\",\"image\":{\"@type\":\"ImageObject\",\"@id\":\"https:\\\/\\\/candas365.es\\\/noticias\\\/espana-mejora-sus-datos-de-produccion-ecologica\\\/#authorImage\",\"url\":\"https:\\\/\\\/secure.gravatar.com\\\/avatar\\\/496a8e03d0c493ede1718b7934145dbdf8d89be1036b0eec9544e1094c9de390?s=96&d=mm&r=g\",\"width\":96,\"height\":96,\"caption\":\"Cand\\u00e1s 365\"},\"sameAs\":[\"https:\\\/\\\/www.facebook.com\\\/carrenoactualidad\",\"https:\\\/\\\/twitter.com\\\/nbasturias\",\"https:\\\/\\\/www.instagram.com\\\/nachofdezber\\\/\",\"https:\\\/\\\/www.youtube.com\\\/channel\\\/UCZP-2wLEB9Rv6erhFmqVnvg\"]},{\"@type\":\"WebPage\",\"@id\":\"https:\\\/\\\/candas365.es\\\/noticias\\\/espana-mejora-sus-datos-de-produccion-ecologica\\\/#webpage\",\"url\":\"https:\\\/\\\/candas365.es\\\/noticias\\\/espana-mejora-sus-datos-de-produccion-ecologica\\\/\",\"name\":\"Espa\\u00f1a mejora sus datos de producci\\u00f3n ecol\\u00f3gica | Cand\\u00e1s 365\",\"description\":\"El Ministerio de Agricultura y Pesca, Alimentaci\\u00f3n y Medio Ambiente dispone ya de los primeros datos de la producci\\u00f3n ecol\\u00f3gica en Espa\\u00f1a correspondientes al a\\u00f1o 2016, que confirman la tendencia de crecimiento sostenido y consolidaci\\u00f3n del sector de la producci\\u00f3n ecol\\u00f3gica espa\\u00f1ola. Unos datos que afianzan a Espa\\u00f1a como el primer pa\\u00eds de la Uni\\u00f3n\",\"inLanguage\":\"es-ES\",\"isPartOf\":{\"@id\":\"https:\\\/\\\/candas365.es\\\/noticias\\\/#website\"},\"breadcrumb\":{\"@id\":\"https:\\\/\\\/candas365.es\\\/noticias\\\/espana-mejora-sus-datos-de-produccion-ecologica\\\/#breadcrumblist\"},\"author\":{\"@id\":\"https:\\\/\\\/candas365.es\\\/noticias\\\/author\\\/admin\\\/#author\"},\"creator\":{\"@id\":\"https:\\\/\\\/candas365.es\\\/noticias\\\/author\\\/admin\\\/#author\"},\"image\":{\"@type\":\"ImageObject\",\"url\":\"https:\\\/\\\/candas365.es\\\/noticias\\\/wp-content\\\/uploads\\\/2017\\\/07\\\/potatoes-1585057_960_720.jpg\",\"@id\":\"https:\\\/\\\/candas365.es\\\/noticias\\\/espana-mejora-sus-datos-de-produccion-ecologica\\\/#mainImage\",\"width\":960,\"height\":629},\"primaryImageOfPage\":{\"@id\":\"https:\\\/\\\/candas365.es\\\/noticias\\\/espana-mejora-sus-datos-de-produccion-ecologica\\\/#mainImage\"},\"datePublished\":\"2017-07-15T20:37:51+02:00\",\"dateModified\":\"2017-07-15T20:37:51+02:00\"},{\"@type\":\"WebSite\",\"@id\":\"https:\\\/\\\/candas365.es\\\/noticias\\\/#website\",\"url\":\"https:\\\/\\\/candas365.es\\\/noticias\\\/\",\"name\":\"Cand\\u00e1s 365\",\"alternateName\":\"Cand\\u00e1s 365 Noticias\",\"description\":\"Actualidad desde Carre\\u00f1o para el mundo\",\"inLanguage\":\"es-ES\",\"publisher\":{\"@id\":\"https:\\\/\\\/candas365.es\\\/noticias\\\/#organization\"}}]}\n\t\t<\/script>\n\t\t<!-- All in One SEO Pro -->\r\n\t\t<title>Espa\u00f1a mejora sus datos de producci\u00f3n ecol\u00f3gica | Cand\u00e1s 365<\/title>\n\n","aioseo_head_json":{"title":"Espa\u00f1a mejora sus datos de producci\u00f3n ecol\u00f3gica | Cand\u00e1s 365","description":"El Ministerio de Agricultura y Pesca, Alimentaci\u00f3n y Medio Ambiente dispone ya de los primeros datos de la producci\u00f3n ecol\u00f3gica en Espa\u00f1a correspondientes al a\u00f1o 2016, que confirman la tendencia de crecimiento sostenido y consolidaci\u00f3n del sector de la producci\u00f3n ecol\u00f3gica espa\u00f1ola. Unos datos que afianzan a Espa\u00f1a como el primer pa\u00eds de la Uni\u00f3n","canonical_url":"https:\/\/candas365.es\/noticias\/espana-mejora-sus-datos-de-produccion-ecologica\/","robots":"max-image-preview:large","keywords":"actualidad","webmasterTools":{"google-site-verification":"UA-32230408-1","msvalidate.01":"354F3CDFB2DA171B47FBE9ABF1F88D5","miscellaneous":""},"schema":{"@context":"https:\/\/schema.org","@graph":[{"@type":"BreadcrumbList","@id":"https:\/\/candas365.es\/noticias\/espana-mejora-sus-datos-de-produccion-ecologica\/#breadcrumblist","itemListElement":[{"@type":"ListItem","@id":"https:\/\/candas365.es\/noticias#listItem","position":1,"name":"Home","item":"https:\/\/candas365.es\/noticias","nextItem":{"@type":"ListItem","@id":"https:\/\/candas365.es\/noticias\/category\/actualidad\/#listItem","name":"Actualidad"}},{"@type":"ListItem","@id":"https:\/\/candas365.es\/noticias\/category\/actualidad\/#listItem","position":2,"name":"Actualidad","item":"https:\/\/candas365.es\/noticias\/category\/actualidad\/","nextItem":{"@type":"ListItem","@id":"https:\/\/candas365.es\/noticias\/espana-mejora-sus-datos-de-produccion-ecologica\/#listItem","name":"Espa\u00f1a mejora sus datos de producci\u00f3n ecol\u00f3gica"},"previousItem":{"@type":"ListItem","@id":"https:\/\/candas365.es\/noticias#listItem","name":"Home"}},{"@type":"ListItem","@id":"https:\/\/candas365.es\/noticias\/espana-mejora-sus-datos-de-produccion-ecologica\/#listItem","position":3,"name":"Espa\u00f1a mejora sus datos de producci\u00f3n ecol\u00f3gica","previousItem":{"@type":"ListItem","@id":"https:\/\/candas365.es\/noticias\/category\/actualidad\/#listItem","name":"Actualidad"}}]},{"@type":"NewsArticle","@id":"https:\/\/candas365.es\/noticias\/espana-mejora-sus-datos-de-produccion-ecologica\/#newsarticle","name":"Espa\u00f1a mejora sus datos de producci\u00f3n ecol\u00f3gica | Cand\u00e1s 365","headline":"Espa\u00f1a mejora sus datos de producci\u00f3n ecol\u00f3gica","author":{"@id":"https:\/\/candas365.es\/noticias\/author\/admin\/#author"},"publisher":{"@id":"https:\/\/candas365.es\/noticias\/#organization"},"image":{"@type":"ImageObject","url":"https:\/\/candas365.es\/noticias\/wp-content\/uploads\/2017\/07\/potatoes-1585057_960_720.jpg","width":960,"height":629},"datePublished":"2017-07-15T20:37:51+02:00","dateModified":"2017-07-15T20:37:51+02:00","inLanguage":"es-ES","mainEntityOfPage":{"@id":"https:\/\/candas365.es\/noticias\/espana-mejora-sus-datos-de-produccion-ecologica\/#webpage"},"isPartOf":{"@id":"https:\/\/candas365.es\/noticias\/espana-mejora-sus-datos-de-produccion-ecologica\/#webpage"},"articleSection":"Actualidad","dateline":"Publicado el julio 15, 2017."},{"@type":"Organization","@id":"https:\/\/candas365.es\/noticias\/#organization","name":"Cand\u00e1s 365","description":"Cand\u00e1s 365 es un diario digital independiente, fundado en 2012, con base en Asturias. Informamos con rigor sobre actualidad, sociedad, cultura y ocio, con una mirada local y global.","url":"https:\/\/candas365.es\/noticias\/","email":"info@candas365.es","telephone":"+34652131393","foundingDate":"2012-06-10","logo":{"@type":"ImageObject","url":"https:\/\/candas365.es\/noticias\/wp-content\/uploads\/2024\/09\/Candas-365-Redes.jpg","@id":"https:\/\/candas365.es\/noticias\/espana-mejora-sus-datos-de-produccion-ecologica\/#organizationLogo","width":1152,"height":864,"caption":"Cand\u00e1s 365 Redes"},"image":{"@id":"https:\/\/candas365.es\/noticias\/espana-mejora-sus-datos-de-produccion-ecologica\/#organizationLogo"},"sameAs":["https:\/\/www.facebook.com\/Nachofdezber","https:\/\/x.com\/NabercoDigital","https:\/\/www.instagram.com\/nachofdezber\/","https:\/\/www.youtube.com\/channel\/UCZP-2wLEB9Rv6erhFmqVnvg"],"address":{"@id":"https:\/\/candas365.es\/noticias\/#postaladdress","@type":"PostalAddress","streetAddress":"san antonio 4, san antonio 4","postalCode":"33430","addressLocality":"Cand\u00e1s","addressRegion":"Asturias","addressCountry":"ES"}},{"@type":"Person","@id":"https:\/\/candas365.es\/noticias\/author\/admin\/#author","url":"https:\/\/candas365.es\/noticias\/author\/admin\/","name":"Cand\u00e1s 365","image":{"@type":"ImageObject","@id":"https:\/\/candas365.es\/noticias\/espana-mejora-sus-datos-de-produccion-ecologica\/#authorImage","url":"https:\/\/secure.gravatar.com\/avatar\/496a8e03d0c493ede1718b7934145dbdf8d89be1036b0eec9544e1094c9de390?s=96&d=mm&r=g","width":96,"height":96,"caption":"Cand\u00e1s 365"},"sameAs":["https:\/\/www.facebook.com\/carrenoactualidad","https:\/\/twitter.com\/nbasturias","https:\/\/www.instagram.com\/nachofdezber\/","https:\/\/www.youtube.com\/channel\/UCZP-2wLEB9Rv6erhFmqVnvg"]},{"@type":"WebPage","@id":"https:\/\/candas365.es\/noticias\/espana-mejora-sus-datos-de-produccion-ecologica\/#webpage","url":"https:\/\/candas365.es\/noticias\/espana-mejora-sus-datos-de-produccion-ecologica\/","name":"Espa\u00f1a mejora sus datos de producci\u00f3n ecol\u00f3gica | Cand\u00e1s 365","description":"El Ministerio de Agricultura y Pesca, Alimentaci\u00f3n y Medio Ambiente dispone ya de los primeros datos de la producci\u00f3n ecol\u00f3gica en Espa\u00f1a correspondientes al a\u00f1o 2016, que confirman la tendencia de crecimiento sostenido y consolidaci\u00f3n del sector de la producci\u00f3n ecol\u00f3gica espa\u00f1ola. Unos datos que afianzan a Espa\u00f1a como el primer pa\u00eds de la Uni\u00f3n","inLanguage":"es-ES","isPartOf":{"@id":"https:\/\/candas365.es\/noticias\/#website"},"breadcrumb":{"@id":"https:\/\/candas365.es\/noticias\/espana-mejora-sus-datos-de-produccion-ecologica\/#breadcrumblist"},"author":{"@id":"https:\/\/candas365.es\/noticias\/author\/admin\/#author"},"creator":{"@id":"https:\/\/candas365.es\/noticias\/author\/admin\/#author"},"image":{"@type":"ImageObject","url":"https:\/\/candas365.es\/noticias\/wp-content\/uploads\/2017\/07\/potatoes-1585057_960_720.jpg","@id":"https:\/\/candas365.es\/noticias\/espana-mejora-sus-datos-de-produccion-ecologica\/#mainImage","width":960,"height":629},"primaryImageOfPage":{"@id":"https:\/\/candas365.es\/noticias\/espana-mejora-sus-datos-de-produccion-ecologica\/#mainImage"},"datePublished":"2017-07-15T20:37:51+02:00","dateModified":"2017-07-15T20:37:51+02:00"},{"@type":"WebSite","@id":"https:\/\/candas365.es\/noticias\/#website","url":"https:\/\/candas365.es\/noticias\/","name":"Cand\u00e1s 365","alternateName":"Cand\u00e1s 365 Noticias","description":"Actualidad desde Carre\u00f1o para el mundo","inLanguage":"es-ES","publisher":{"@id":"https:\/\/candas365.es\/noticias\/#organization"}}]},"og:locale":"es_ES","og:site_name":"Cand\u00e1s 365","og:type":"article","og:title":"Espa\u00f1a mejora sus datos de producci\u00f3n ecol\u00f3gica | Cand\u00e1s 365","og:description":"El Ministerio de Agricultura y Pesca, Alimentaci\u00f3n y Medio Ambiente dispone ya de los primeros datos de la producci\u00f3n ecol\u00f3gica en Espa\u00f1a correspondientes al a\u00f1o 2016, que confirman la tendencia de crecimiento sostenido y consolidaci\u00f3n del sector de la producci\u00f3n ecol\u00f3gica espa\u00f1ola. Unos datos que afianzan a Espa\u00f1a como el primer pa\u00eds de la Uni\u00f3n","og:url":"https:\/\/candas365.es\/noticias\/espana-mejora-sus-datos-de-produccion-ecologica\/","og:image":"https:\/\/candas365.es\/noticias\/wp-content\/uploads\/2017\/07\/potatoes-1585057_960_720.jpg","og:image:secure_url":"https:\/\/candas365.es\/noticias\/wp-content\/uploads\/2017\/07\/potatoes-1585057_960_720.jpg","og:image:width":960,"og:image:height":629,"article:published_time":"2017-07-15T20:37:51+00:00","article:modified_time":"2017-07-15T20:37:51+00:00","article:publisher":"https:\/\/www.facebook.com\/Nachofdezber","article:author":"https:\/\/www.facebook.com\/carrenoactualidad","twitter:card":"summary_large_image","twitter:site":"@NabercoDigital","twitter:title":"Espa\u00f1a mejora sus datos de producci\u00f3n ecol\u00f3gica | Cand\u00e1s 365","twitter:description":"El Ministerio de Agricultura y Pesca, Alimentaci\u00f3n y Medio Ambiente dispone ya de los primeros datos de la producci\u00f3n ecol\u00f3gica en Espa\u00f1a correspondientes al a\u00f1o 2016, que confirman la tendencia de crecimiento sostenido y consolidaci\u00f3n del sector de la producci\u00f3n ecol\u00f3gica espa\u00f1ola. Unos datos que afianzan a Espa\u00f1a como el primer pa\u00eds de la Uni\u00f3n","twitter:creator":"@nbasturias","twitter:image":"https:\/\/candas365.es\/noticias\/wp-content\/uploads\/2017\/07\/potatoes-1585057_960_720.jpg","twitter:label1":"Escrito por","twitter:data1":"Cand\u00e1s 365","twitter:label2":"Tiempo de lectura estimado","twitter:data2":"3 minutos"},"aioseo_meta_data":{"post_id":"75738","title":null,"description":null,"keywords":null,"keyphrases":null,"primary_term":null,"canonical_url":null,"og_title":null,"og_description":null,"og_object_type":"default","og_image_type":"default","og_image_url":null,"og_image_width":null,"og_image_height":null,"og_image_custom_url":null,"og_image_custom_fields":null,"og_video":null,"og_custom_url":null,"og_article_section":null,"og_article_tags":null,"twitter_use_og":false,"twitter_card":"default","twitter_image_type":"default","twitter_image_url":null,"twitter_image_custom_url":null,"twitter_image_custom_fields":null,"twitter_title":null,"twitter_description":null,"schema":{"blockGraphs":[],"customGraphs":[],"default":{"data":{"Article":[],"Course":[],"Dataset":[],"FAQPage":[],"Movie":[],"Person":[],"Product":[],"ProductReview":[],"Car":[],"Recipe":[],"Service":[],"SoftwareApplication":[],"WebPage":[]},"graphName":"","isEnabled":true},"graphs":[],"defaultGraph":"","defaultPostTypeGraph":""},"schema_type":null,"schema_type_options":null,"pillar_content":false,"robots_default":true,"robots_noindex":false,"robots_noarchive":false,"robots_nosnippet":false,"robots_nofollow":false,"robots_noimageindex":false,"robots_noodp":false,"robots_notranslate":false,"robots_max_snippet":null,"robots_max_videopreview":null,"robots_max_imagepreview":"large","priority":null,"frequency":null,"location":null,"local_seo":null,"seo_analyzer_scan_date":"2025-08-25 18:28:15","breadcrumb_settings":null,"limit_modified_date":false,"reviewed_by":null,"open_ai":null,"ai":null,"created":"2020-12-21 12:56:31","updated":"2025-08-25 18:28:15"},"aioseo_breadcrumb":"<div class=\"aioseo-breadcrumbs\"><span class=\"aioseo-breadcrumb\">\n\t<a href=\"https:\/\/candas365.es\/noticias\" title=\"Home\">Home<\/a>\n<\/span><span class=\"aioseo-breadcrumb-separator\">&ndash;<\/span><span class=\"aioseo-breadcrumb\">\n\t<a href=\"https:\/\/candas365.es\/noticias\/category\/actualidad\/\" title=\"Actualidad\">Actualidad<\/a>\n<\/span><span class=\"aioseo-breadcrumb-separator\">&ndash;<\/span><span class=\"aioseo-breadcrumb\">\n\tEspa\u00f1a mejora sus datos de producci\u00f3n ecol\u00f3gica\n<\/span><\/div>","aioseo_breadcrumb_json":[{"label":"Home","link":"https:\/\/candas365.es\/noticias"},{"label":"Actualidad","link":"https:\/\/candas365.es\/noticias\/category\/actualidad\/"},{"label":"Espa\u00f1a mejora sus datos de producci\u00f3n ecol\u00f3gica","link":"https:\/\/candas365.es\/noticias\/espana-mejora-sus-datos-de-produccion-ecologica\/"}],"_links":{"self":[{"href":"https:\/\/candas365.es\/noticias\/wp-json\/wp\/v2\/posts\/75738","targetHints":{"allow":["GET"]}}],"collection":[{"href":"https:\/\/candas365.es\/noticias\/wp-json\/wp\/v2\/posts"}],"about":[{"href":"https:\/\/candas365.es\/noticias\/wp-json\/wp\/v2\/types\/post"}],"author":[{"embeddable":true,"href":"https:\/\/candas365.es\/noticias\/wp-json\/wp\/v2\/users\/1"}],"replies":[{"embeddable":true,"href":"https:\/\/candas365.es\/noticias\/wp-json\/wp\/v2\/comments?post=75738"}],"version-history":[{"count":0,"href":"https:\/\/candas365.es\/noticias\/wp-json\/wp\/v2\/posts\/75738\/revisions"}],"wp:featuredmedia":[{"embeddable":true,"href":"https:\/\/candas365.es\/noticias\/wp-json\/wp\/v2\/media\/75300"}],"wp:attachment":[{"href":"https:\/\/candas365.es\/noticias\/wp-json\/wp\/v2\/media?parent=75738"}],"wp:term":[{"taxonomy":"category","embeddable":true,"href":"https:\/\/candas365.es\/noticias\/wp-json\/wp\/v2\/categories?post=75738"},{"taxonomy":"post_tag","embeddable":true,"href":"https:\/\/candas365.es\/noticias\/wp-json\/wp\/v2\/tags?post=75738"}],"curies":[{"name":"wp","href":"https:\/\/api.w.org\/{rel}","templated":true}]}}