{"id":75641,"date":"2017-07-14T16:52:32","date_gmt":"2017-07-14T16:52:32","guid":{"rendered":"http:\/\/candas365.es\/noticias\/?p=75641"},"modified":"2017-07-14T18:17:43","modified_gmt":"2017-07-14T18:17:43","slug":"candas-y-castropol-unidos-por-la-escritora-inglesa-jane-austen","status":"publish","type":"post","link":"https:\/\/candas365.es\/noticias\/candas-y-castropol-unidos-por-la-escritora-inglesa-jane-austen\/","title":{"rendered":"Cand\u00e1s y Castropol unidos por la escritora inglesa Jane Austen"},"content":{"rendered":"<p><img fetchpriority=\"high\" decoding=\"async\" class=\"alignleft size-medium wp-image-22984\" src=\"https:\/\/candas365.es\/noticias\/wp-content\/uploads\/2015\/12\/libro1-360x198.jpg\" alt=\"\" width=\"360\" height=\"198\" srcset=\"https:\/\/candas365.es\/noticias\/wp-content\/uploads\/2015\/12\/libro1-360x198.jpg 360w, https:\/\/candas365.es\/noticias\/wp-content\/uploads\/2015\/12\/libro1-650x357.jpg 650w, https:\/\/candas365.es\/noticias\/wp-content\/uploads\/2015\/12\/libro1-150x82.jpg 150w, https:\/\/candas365.es\/noticias\/wp-content\/uploads\/2015\/12\/libro1-450x247.jpg 450w, https:\/\/candas365.es\/noticias\/wp-content\/uploads\/2015\/12\/libro1.jpg 655w\" sizes=\"(max-width: 360px) 100vw, 360px\" \/>El Club de Lectura de la Biblioteca Municipal \u201cCarlos Gonz\u00e1lez Posada\u201d de Cand\u00e1s participar\u00e1 activamente, el s\u00e1bado 15 de julio, en los actos conmemorativos del Bicentenario del fallecimiento de la escritora inglesa Jane Austen en Castropol.<\/p>\n<p>El 18 de julio de 1817 fallec\u00eda a los 41 a\u00f1os la conocida novelista brit\u00e1nica. Vivi\u00f3 durante la \u00e9poca georgiana, cuya ficci\u00f3n sat\u00edrica y su sensibilidad hacia patrones universales de la conducta humana, la convierten en una de las m\u00e1s grandes escritoras de la Historia de la Literatura.<\/p>\n<p>Entre sus obras destacan 6 novelas, algunas de las cuales han sido llevadas al cine: Orgullo y Prejuicio; Persuasi\u00f3n; Sentido y Sensibilidad; Enma; Mansfield Park y La Abad\u00eda de Northanguer.<\/p>\n<p>El Club de Lectura de la Biblioteca Municipal \u201cMen\u00e9ndez Pelayo\u201d ha organizado una jornada conmemorativa y de homenaje a la escritora inglesa, invitando al Club Candas\u00edn a participar activamente en las actividades sobre su vida y obra. La jornada dar\u00e1 comienzo a las 17:30 horas en la Casa de la Cultura de Castropol, contando con las siguientes actividades:<\/p>\n<p>\u00b7 Proyecci\u00f3n de unos minutos del documental sobre la vida de la autora \u201cTras los pasos de Jane Austen y Persuasi\u00f3n.<\/p>\n<p>\u00b7 Presentaci\u00f3n de la Edici\u00f3n Conmemorativa de sus Cartas.<\/p>\n<p>\u00b7 Ponencia y coloquio sobre la vida y obra de la autora.<\/p>\n<p>\u00b7 Lectura de pasajes de su obra.<\/p>\n<p>Tras estas actividades tendr\u00e1 lugar en el Parque Vicente Loriente una Recreaci\u00f3n Hist\u00f3rica a cargo de los dos clubs de lectura. Se recrear\u00e1n los usos y costumbres de la \u00e9poca de la Regencia. Juegos, picnics, modos de relacionarse en sociedad, hora del t\u00e9,\u2026traslad\u00e1ndonos por unas horas a principios del siglo XIX. Todo ello ataviados con los ropajes de la \u00e9poca.<\/p>\n<p>Tras el primer viaje en el mes de mayo del Club de Lectura de Cand\u00e1s a Castropol, y viceversa, esta ser\u00e1 la tercera ocasi\u00f3n en el que los dos Clubs de Lectura comparten una jornada literaria de hermanamiento.<\/p>\n<p>&nbsp;<\/p>\n","protected":false},"excerpt":{"rendered":"<p>El Club de Lectura de la Biblioteca Municipal \u201cCarlos Gonz\u00e1lez Posada\u201d de Cand\u00e1s participar\u00e1 activamente, el s\u00e1bado 15 de julio, en los actos conmemorativos del Bicentenario del fallecimiento de la escritora inglesa Jane Austen en Castropol. El 18 de julio de 1817 fallec\u00eda a los 41 a\u00f1os la conocida novelista brit\u00e1nica. Vivi\u00f3 durante la \u00e9poca<\/p>\n","protected":false},"author":1,"featured_media":22984,"comment_status":"closed","ping_status":"closed","sticky":false,"template":"","format":"standard","meta":{"footnotes":""},"categories":[2],"tags":[],"class_list":{"0":"post-75641","1":"post","2":"type-post","3":"status-publish","4":"format-standard","5":"has-post-thumbnail","7":"category-noticias-carreno"},"aioseo_notices":[],"aioseo_head":"\n\t\t<!-- All in One SEO Pro 4.9.6.2 - aioseo.com -->\n\t<meta name=\"description\" content=\"El Club de Lectura de la Biblioteca Municipal \u201cCarlos Gonz\u00e1lez Posada\u201d de Cand\u00e1s participar\u00e1 activamente, el s\u00e1bado 15 de julio, en los actos conmemorativos del Bicentenario del fallecimiento de la escritora inglesa Jane Austen en Castropol. El 18 de julio de 1817 fallec\u00eda a los 41 a\u00f1os la conocida novelista brit\u00e1nica. Vivi\u00f3 durante la \u00e9poca\" \/>\n\t<meta name=\"robots\" content=\"max-image-preview:large\" \/>\n\t<meta name=\"author\" content=\"Cand\u00e1s 365\"\/>\n\t<meta name=\"google-site-verification\" content=\"UA-32230408-1\" \/>\n\t<meta name=\"msvalidate.01\" content=\"354F3CDFB2DA171B47FBE9ABF1F88D5\" \/>\n\t<meta name=\"keywords\" content=\"noticias carre\u00f1o\" \/>\n\t<link rel=\"canonical\" href=\"https:\/\/candas365.es\/noticias\/candas-y-castropol-unidos-por-la-escritora-inglesa-jane-austen\/\" \/>\n\t<meta name=\"generator\" content=\"All in One SEO Pro (AIOSEO) 4.9.6.2\" \/>\n\t\t<meta property=\"og:locale\" content=\"es_ES\" \/>\n\t\t<meta property=\"og:site_name\" content=\"Cand\u00e1s 365\" \/>\n\t\t<meta property=\"og:type\" content=\"article\" \/>\n\t\t<meta property=\"og:title\" content=\"Cand\u00e1s y Castropol unidos por la escritora inglesa Jane Austen | Cand\u00e1s 365\" \/>\n\t\t<meta property=\"og:description\" content=\"El Club de Lectura de la Biblioteca Municipal \u201cCarlos Gonz\u00e1lez Posada\u201d de Cand\u00e1s participar\u00e1 activamente, el s\u00e1bado 15 de julio, en los actos conmemorativos del Bicentenario del fallecimiento de la escritora inglesa Jane Austen en Castropol. El 18 de julio de 1817 fallec\u00eda a los 41 a\u00f1os la conocida novelista brit\u00e1nica. Vivi\u00f3 durante la \u00e9poca\" \/>\n\t\t<meta property=\"og:url\" content=\"https:\/\/candas365.es\/noticias\/candas-y-castropol-unidos-por-la-escritora-inglesa-jane-austen\/\" \/>\n\t\t<meta property=\"og:image\" content=\"https:\/\/candas365.es\/noticias\/wp-content\/uploads\/2015\/12\/libro1.jpg\" \/>\n\t\t<meta property=\"og:image:secure_url\" content=\"https:\/\/candas365.es\/noticias\/wp-content\/uploads\/2015\/12\/libro1.jpg\" \/>\n\t\t<meta property=\"og:image:width\" content=\"655\" \/>\n\t\t<meta property=\"og:image:height\" content=\"360\" \/>\n\t\t<meta property=\"article:published_time\" content=\"2017-07-14T16:52:32+00:00\" \/>\n\t\t<meta property=\"article:modified_time\" content=\"2017-07-14T18:17:43+00:00\" \/>\n\t\t<meta property=\"article:publisher\" content=\"https:\/\/www.facebook.com\/Nachofdezber\" \/>\n\t\t<meta property=\"article:author\" content=\"https:\/\/www.facebook.com\/carrenoactualidad\" \/>\n\t\t<meta name=\"twitter:card\" content=\"summary_large_image\" \/>\n\t\t<meta name=\"twitter:site\" content=\"@NabercoDigital\" \/>\n\t\t<meta name=\"twitter:title\" content=\"Cand\u00e1s y Castropol unidos por la escritora inglesa Jane Austen | Cand\u00e1s 365\" \/>\n\t\t<meta name=\"twitter:description\" content=\"El Club de Lectura de la Biblioteca Municipal \u201cCarlos Gonz\u00e1lez Posada\u201d de Cand\u00e1s participar\u00e1 activamente, el s\u00e1bado 15 de julio, en los actos conmemorativos del Bicentenario del fallecimiento de la escritora inglesa Jane Austen en Castropol. El 18 de julio de 1817 fallec\u00eda a los 41 a\u00f1os la conocida novelista brit\u00e1nica. Vivi\u00f3 durante la \u00e9poca\" \/>\n\t\t<meta name=\"twitter:creator\" content=\"@nbasturias\" \/>\n\t\t<meta name=\"twitter:image\" content=\"https:\/\/candas365.es\/noticias\/wp-content\/uploads\/2015\/12\/libro1.jpg\" \/>\n\t\t<meta name=\"twitter:label1\" content=\"Escrito por\" \/>\n\t\t<meta name=\"twitter:data1\" content=\"Cand\u00e1s 365\" \/>\n\t\t<meta name=\"twitter:label2\" content=\"Tiempo de lectura estimado\" \/>\n\t\t<meta name=\"twitter:data2\" content=\"2 minutos\" \/>\n\t\t<script type=\"application\/ld+json\" class=\"aioseo-schema\">\n\t\t\t{\"@context\":\"https:\\\/\\\/schema.org\",\"@graph\":[{\"@type\":\"BreadcrumbList\",\"@id\":\"https:\\\/\\\/candas365.es\\\/noticias\\\/candas-y-castropol-unidos-por-la-escritora-inglesa-jane-austen\\\/#breadcrumblist\",\"itemListElement\":[{\"@type\":\"ListItem\",\"@id\":\"https:\\\/\\\/candas365.es\\\/noticias#listItem\",\"position\":1,\"name\":\"Home\",\"item\":\"https:\\\/\\\/candas365.es\\\/noticias\",\"nextItem\":{\"@type\":\"ListItem\",\"@id\":\"https:\\\/\\\/candas365.es\\\/noticias\\\/category\\\/noticias-carreno\\\/#listItem\",\"name\":\"Noticias Carre\\u00f1o\"}},{\"@type\":\"ListItem\",\"@id\":\"https:\\\/\\\/candas365.es\\\/noticias\\\/category\\\/noticias-carreno\\\/#listItem\",\"position\":2,\"name\":\"Noticias Carre\\u00f1o\",\"item\":\"https:\\\/\\\/candas365.es\\\/noticias\\\/category\\\/noticias-carreno\\\/\",\"nextItem\":{\"@type\":\"ListItem\",\"@id\":\"https:\\\/\\\/candas365.es\\\/noticias\\\/candas-y-castropol-unidos-por-la-escritora-inglesa-jane-austen\\\/#listItem\",\"name\":\"Cand\\u00e1s y Castropol unidos por la escritora inglesa Jane Austen\"},\"previousItem\":{\"@type\":\"ListItem\",\"@id\":\"https:\\\/\\\/candas365.es\\\/noticias#listItem\",\"name\":\"Home\"}},{\"@type\":\"ListItem\",\"@id\":\"https:\\\/\\\/candas365.es\\\/noticias\\\/candas-y-castropol-unidos-por-la-escritora-inglesa-jane-austen\\\/#listItem\",\"position\":3,\"name\":\"Cand\\u00e1s y Castropol unidos por la escritora inglesa Jane Austen\",\"previousItem\":{\"@type\":\"ListItem\",\"@id\":\"https:\\\/\\\/candas365.es\\\/noticias\\\/category\\\/noticias-carreno\\\/#listItem\",\"name\":\"Noticias Carre\\u00f1o\"}}]},{\"@type\":\"NewsArticle\",\"@id\":\"https:\\\/\\\/candas365.es\\\/noticias\\\/candas-y-castropol-unidos-por-la-escritora-inglesa-jane-austen\\\/#newsarticle\",\"name\":\"Cand\\u00e1s y Castropol unidos por la escritora inglesa Jane Austen | Cand\\u00e1s 365\",\"headline\":\"Cand\\u00e1s y Castropol unidos por la escritora inglesa Jane Austen\",\"author\":{\"@id\":\"https:\\\/\\\/candas365.es\\\/noticias\\\/author\\\/admin\\\/#author\"},\"publisher\":{\"@id\":\"https:\\\/\\\/candas365.es\\\/noticias\\\/#organization\"},\"image\":{\"@type\":\"ImageObject\",\"url\":\"https:\\\/\\\/candas365.es\\\/noticias\\\/wp-content\\\/uploads\\\/2015\\\/12\\\/libro1.jpg\",\"width\":655,\"height\":360},\"datePublished\":\"2017-07-14T16:52:32+02:00\",\"dateModified\":\"2017-07-14T18:17:43+02:00\",\"inLanguage\":\"es-ES\",\"mainEntityOfPage\":{\"@id\":\"https:\\\/\\\/candas365.es\\\/noticias\\\/candas-y-castropol-unidos-por-la-escritora-inglesa-jane-austen\\\/#webpage\"},\"isPartOf\":{\"@id\":\"https:\\\/\\\/candas365.es\\\/noticias\\\/candas-y-castropol-unidos-por-la-escritora-inglesa-jane-austen\\\/#webpage\"},\"articleSection\":\"Noticias Carre\\u00f1o\",\"dateline\":\"Publicado el julio 14, 2017.\"},{\"@type\":\"Organization\",\"@id\":\"https:\\\/\\\/candas365.es\\\/noticias\\\/#organization\",\"name\":\"Cand\\u00e1s 365\",\"description\":\"Cand\\u00e1s 365 es un diario digital independiente, fundado en 2012, con base en Asturias. Informamos con rigor sobre actualidad, sociedad, cultura y ocio, con una mirada local y global.\",\"url\":\"https:\\\/\\\/candas365.es\\\/noticias\\\/\",\"email\":\"info@candas365.es\",\"telephone\":\"+34652131393\",\"foundingDate\":\"2012-06-10\",\"logo\":{\"@type\":\"ImageObject\",\"url\":\"https:\\\/\\\/candas365.es\\\/noticias\\\/wp-content\\\/uploads\\\/2024\\\/09\\\/Candas-365-Redes.jpg\",\"@id\":\"https:\\\/\\\/candas365.es\\\/noticias\\\/candas-y-castropol-unidos-por-la-escritora-inglesa-jane-austen\\\/#organizationLogo\",\"width\":1152,\"height\":864,\"caption\":\"Cand\\u00e1s 365 Redes\"},\"image\":{\"@id\":\"https:\\\/\\\/candas365.es\\\/noticias\\\/candas-y-castropol-unidos-por-la-escritora-inglesa-jane-austen\\\/#organizationLogo\"},\"sameAs\":[\"https:\\\/\\\/www.facebook.com\\\/Nachofdezber\",\"https:\\\/\\\/x.com\\\/NabercoDigital\",\"https:\\\/\\\/www.instagram.com\\\/nachofdezber\\\/\",\"https:\\\/\\\/www.youtube.com\\\/channel\\\/UCZP-2wLEB9Rv6erhFmqVnvg\"],\"address\":{\"@id\":\"https:\\\/\\\/candas365.es\\\/noticias\\\/#postaladdress\",\"@type\":\"PostalAddress\",\"streetAddress\":\"san antonio 4, san antonio 4\",\"postalCode\":\"33430\",\"addressLocality\":\"Cand\\u00e1s\",\"addressRegion\":\"Asturias\",\"addressCountry\":\"ES\"}},{\"@type\":\"Person\",\"@id\":\"https:\\\/\\\/candas365.es\\\/noticias\\\/author\\\/admin\\\/#author\",\"url\":\"https:\\\/\\\/candas365.es\\\/noticias\\\/author\\\/admin\\\/\",\"name\":\"Cand\\u00e1s 365\",\"image\":{\"@type\":\"ImageObject\",\"@id\":\"https:\\\/\\\/candas365.es\\\/noticias\\\/candas-y-castropol-unidos-por-la-escritora-inglesa-jane-austen\\\/#authorImage\",\"url\":\"https:\\\/\\\/secure.gravatar.com\\\/avatar\\\/496a8e03d0c493ede1718b7934145dbdf8d89be1036b0eec9544e1094c9de390?s=96&d=mm&r=g\",\"width\":96,\"height\":96,\"caption\":\"Cand\\u00e1s 365\"},\"sameAs\":[\"https:\\\/\\\/www.facebook.com\\\/carrenoactualidad\",\"https:\\\/\\\/twitter.com\\\/nbasturias\",\"https:\\\/\\\/www.instagram.com\\\/nachofdezber\\\/\",\"https:\\\/\\\/www.youtube.com\\\/channel\\\/UCZP-2wLEB9Rv6erhFmqVnvg\"]},{\"@type\":\"WebPage\",\"@id\":\"https:\\\/\\\/candas365.es\\\/noticias\\\/candas-y-castropol-unidos-por-la-escritora-inglesa-jane-austen\\\/#webpage\",\"url\":\"https:\\\/\\\/candas365.es\\\/noticias\\\/candas-y-castropol-unidos-por-la-escritora-inglesa-jane-austen\\\/\",\"name\":\"Cand\\u00e1s y Castropol unidos por la escritora inglesa Jane Austen | Cand\\u00e1s 365\",\"description\":\"El Club de Lectura de la Biblioteca Municipal \\u201cCarlos Gonz\\u00e1lez Posada\\u201d de Cand\\u00e1s participar\\u00e1 activamente, el s\\u00e1bado 15 de julio, en los actos conmemorativos del Bicentenario del fallecimiento de la escritora inglesa Jane Austen en Castropol. El 18 de julio de 1817 fallec\\u00eda a los 41 a\\u00f1os la conocida novelista brit\\u00e1nica. Vivi\\u00f3 durante la \\u00e9poca\",\"inLanguage\":\"es-ES\",\"isPartOf\":{\"@id\":\"https:\\\/\\\/candas365.es\\\/noticias\\\/#website\"},\"breadcrumb\":{\"@id\":\"https:\\\/\\\/candas365.es\\\/noticias\\\/candas-y-castropol-unidos-por-la-escritora-inglesa-jane-austen\\\/#breadcrumblist\"},\"author\":{\"@id\":\"https:\\\/\\\/candas365.es\\\/noticias\\\/author\\\/admin\\\/#author\"},\"creator\":{\"@id\":\"https:\\\/\\\/candas365.es\\\/noticias\\\/author\\\/admin\\\/#author\"},\"image\":{\"@type\":\"ImageObject\",\"url\":\"https:\\\/\\\/candas365.es\\\/noticias\\\/wp-content\\\/uploads\\\/2015\\\/12\\\/libro1.jpg\",\"@id\":\"https:\\\/\\\/candas365.es\\\/noticias\\\/candas-y-castropol-unidos-por-la-escritora-inglesa-jane-austen\\\/#mainImage\",\"width\":655,\"height\":360},\"primaryImageOfPage\":{\"@id\":\"https:\\\/\\\/candas365.es\\\/noticias\\\/candas-y-castropol-unidos-por-la-escritora-inglesa-jane-austen\\\/#mainImage\"},\"datePublished\":\"2017-07-14T16:52:32+02:00\",\"dateModified\":\"2017-07-14T18:17:43+02:00\"},{\"@type\":\"WebSite\",\"@id\":\"https:\\\/\\\/candas365.es\\\/noticias\\\/#website\",\"url\":\"https:\\\/\\\/candas365.es\\\/noticias\\\/\",\"name\":\"Cand\\u00e1s 365\",\"alternateName\":\"Cand\\u00e1s 365 Noticias\",\"description\":\"Actualidad desde Carre\\u00f1o para el mundo\",\"inLanguage\":\"es-ES\",\"publisher\":{\"@id\":\"https:\\\/\\\/candas365.es\\\/noticias\\\/#organization\"}}]}\n\t\t<\/script>\n\t\t<!-- All in One SEO Pro -->\r\n\t\t<title>Cand\u00e1s y Castropol unidos por la escritora inglesa Jane Austen | Cand\u00e1s 365<\/title>\n\n","aioseo_head_json":{"title":"Cand\u00e1s y Castropol unidos por la escritora inglesa Jane Austen | Cand\u00e1s 365","description":"El Club de Lectura de la Biblioteca Municipal \u201cCarlos Gonz\u00e1lez Posada\u201d de Cand\u00e1s participar\u00e1 activamente, el s\u00e1bado 15 de julio, en los actos conmemorativos del Bicentenario del fallecimiento de la escritora inglesa Jane Austen en Castropol. El 18 de julio de 1817 fallec\u00eda a los 41 a\u00f1os la conocida novelista brit\u00e1nica. Vivi\u00f3 durante la \u00e9poca","canonical_url":"https:\/\/candas365.es\/noticias\/candas-y-castropol-unidos-por-la-escritora-inglesa-jane-austen\/","robots":"max-image-preview:large","keywords":"noticias carre\u00f1o","webmasterTools":{"google-site-verification":"UA-32230408-1","msvalidate.01":"354F3CDFB2DA171B47FBE9ABF1F88D5","miscellaneous":""},"schema":{"@context":"https:\/\/schema.org","@graph":[{"@type":"BreadcrumbList","@id":"https:\/\/candas365.es\/noticias\/candas-y-castropol-unidos-por-la-escritora-inglesa-jane-austen\/#breadcrumblist","itemListElement":[{"@type":"ListItem","@id":"https:\/\/candas365.es\/noticias#listItem","position":1,"name":"Home","item":"https:\/\/candas365.es\/noticias","nextItem":{"@type":"ListItem","@id":"https:\/\/candas365.es\/noticias\/category\/noticias-carreno\/#listItem","name":"Noticias Carre\u00f1o"}},{"@type":"ListItem","@id":"https:\/\/candas365.es\/noticias\/category\/noticias-carreno\/#listItem","position":2,"name":"Noticias Carre\u00f1o","item":"https:\/\/candas365.es\/noticias\/category\/noticias-carreno\/","nextItem":{"@type":"ListItem","@id":"https:\/\/candas365.es\/noticias\/candas-y-castropol-unidos-por-la-escritora-inglesa-jane-austen\/#listItem","name":"Cand\u00e1s y Castropol unidos por la escritora inglesa Jane Austen"},"previousItem":{"@type":"ListItem","@id":"https:\/\/candas365.es\/noticias#listItem","name":"Home"}},{"@type":"ListItem","@id":"https:\/\/candas365.es\/noticias\/candas-y-castropol-unidos-por-la-escritora-inglesa-jane-austen\/#listItem","position":3,"name":"Cand\u00e1s y Castropol unidos por la escritora inglesa Jane Austen","previousItem":{"@type":"ListItem","@id":"https:\/\/candas365.es\/noticias\/category\/noticias-carreno\/#listItem","name":"Noticias Carre\u00f1o"}}]},{"@type":"NewsArticle","@id":"https:\/\/candas365.es\/noticias\/candas-y-castropol-unidos-por-la-escritora-inglesa-jane-austen\/#newsarticle","name":"Cand\u00e1s y Castropol unidos por la escritora inglesa Jane Austen | Cand\u00e1s 365","headline":"Cand\u00e1s y Castropol unidos por la escritora inglesa Jane Austen","author":{"@id":"https:\/\/candas365.es\/noticias\/author\/admin\/#author"},"publisher":{"@id":"https:\/\/candas365.es\/noticias\/#organization"},"image":{"@type":"ImageObject","url":"https:\/\/candas365.es\/noticias\/wp-content\/uploads\/2015\/12\/libro1.jpg","width":655,"height":360},"datePublished":"2017-07-14T16:52:32+02:00","dateModified":"2017-07-14T18:17:43+02:00","inLanguage":"es-ES","mainEntityOfPage":{"@id":"https:\/\/candas365.es\/noticias\/candas-y-castropol-unidos-por-la-escritora-inglesa-jane-austen\/#webpage"},"isPartOf":{"@id":"https:\/\/candas365.es\/noticias\/candas-y-castropol-unidos-por-la-escritora-inglesa-jane-austen\/#webpage"},"articleSection":"Noticias Carre\u00f1o","dateline":"Publicado el julio 14, 2017."},{"@type":"Organization","@id":"https:\/\/candas365.es\/noticias\/#organization","name":"Cand\u00e1s 365","description":"Cand\u00e1s 365 es un diario digital independiente, fundado en 2012, con base en Asturias. Informamos con rigor sobre actualidad, sociedad, cultura y ocio, con una mirada local y global.","url":"https:\/\/candas365.es\/noticias\/","email":"info@candas365.es","telephone":"+34652131393","foundingDate":"2012-06-10","logo":{"@type":"ImageObject","url":"https:\/\/candas365.es\/noticias\/wp-content\/uploads\/2024\/09\/Candas-365-Redes.jpg","@id":"https:\/\/candas365.es\/noticias\/candas-y-castropol-unidos-por-la-escritora-inglesa-jane-austen\/#organizationLogo","width":1152,"height":864,"caption":"Cand\u00e1s 365 Redes"},"image":{"@id":"https:\/\/candas365.es\/noticias\/candas-y-castropol-unidos-por-la-escritora-inglesa-jane-austen\/#organizationLogo"},"sameAs":["https:\/\/www.facebook.com\/Nachofdezber","https:\/\/x.com\/NabercoDigital","https:\/\/www.instagram.com\/nachofdezber\/","https:\/\/www.youtube.com\/channel\/UCZP-2wLEB9Rv6erhFmqVnvg"],"address":{"@id":"https:\/\/candas365.es\/noticias\/#postaladdress","@type":"PostalAddress","streetAddress":"san antonio 4, san antonio 4","postalCode":"33430","addressLocality":"Cand\u00e1s","addressRegion":"Asturias","addressCountry":"ES"}},{"@type":"Person","@id":"https:\/\/candas365.es\/noticias\/author\/admin\/#author","url":"https:\/\/candas365.es\/noticias\/author\/admin\/","name":"Cand\u00e1s 365","image":{"@type":"ImageObject","@id":"https:\/\/candas365.es\/noticias\/candas-y-castropol-unidos-por-la-escritora-inglesa-jane-austen\/#authorImage","url":"https:\/\/secure.gravatar.com\/avatar\/496a8e03d0c493ede1718b7934145dbdf8d89be1036b0eec9544e1094c9de390?s=96&d=mm&r=g","width":96,"height":96,"caption":"Cand\u00e1s 365"},"sameAs":["https:\/\/www.facebook.com\/carrenoactualidad","https:\/\/twitter.com\/nbasturias","https:\/\/www.instagram.com\/nachofdezber\/","https:\/\/www.youtube.com\/channel\/UCZP-2wLEB9Rv6erhFmqVnvg"]},{"@type":"WebPage","@id":"https:\/\/candas365.es\/noticias\/candas-y-castropol-unidos-por-la-escritora-inglesa-jane-austen\/#webpage","url":"https:\/\/candas365.es\/noticias\/candas-y-castropol-unidos-por-la-escritora-inglesa-jane-austen\/","name":"Cand\u00e1s y Castropol unidos por la escritora inglesa Jane Austen | Cand\u00e1s 365","description":"El Club de Lectura de la Biblioteca Municipal \u201cCarlos Gonz\u00e1lez Posada\u201d de Cand\u00e1s participar\u00e1 activamente, el s\u00e1bado 15 de julio, en los actos conmemorativos del Bicentenario del fallecimiento de la escritora inglesa Jane Austen en Castropol. El 18 de julio de 1817 fallec\u00eda a los 41 a\u00f1os la conocida novelista brit\u00e1nica. Vivi\u00f3 durante la \u00e9poca","inLanguage":"es-ES","isPartOf":{"@id":"https:\/\/candas365.es\/noticias\/#website"},"breadcrumb":{"@id":"https:\/\/candas365.es\/noticias\/candas-y-castropol-unidos-por-la-escritora-inglesa-jane-austen\/#breadcrumblist"},"author":{"@id":"https:\/\/candas365.es\/noticias\/author\/admin\/#author"},"creator":{"@id":"https:\/\/candas365.es\/noticias\/author\/admin\/#author"},"image":{"@type":"ImageObject","url":"https:\/\/candas365.es\/noticias\/wp-content\/uploads\/2015\/12\/libro1.jpg","@id":"https:\/\/candas365.es\/noticias\/candas-y-castropol-unidos-por-la-escritora-inglesa-jane-austen\/#mainImage","width":655,"height":360},"primaryImageOfPage":{"@id":"https:\/\/candas365.es\/noticias\/candas-y-castropol-unidos-por-la-escritora-inglesa-jane-austen\/#mainImage"},"datePublished":"2017-07-14T16:52:32+02:00","dateModified":"2017-07-14T18:17:43+02:00"},{"@type":"WebSite","@id":"https:\/\/candas365.es\/noticias\/#website","url":"https:\/\/candas365.es\/noticias\/","name":"Cand\u00e1s 365","alternateName":"Cand\u00e1s 365 Noticias","description":"Actualidad desde Carre\u00f1o para el mundo","inLanguage":"es-ES","publisher":{"@id":"https:\/\/candas365.es\/noticias\/#organization"}}]},"og:locale":"es_ES","og:site_name":"Cand\u00e1s 365","og:type":"article","og:title":"Cand\u00e1s y Castropol unidos por la escritora inglesa Jane Austen | Cand\u00e1s 365","og:description":"El Club de Lectura de la Biblioteca Municipal \u201cCarlos Gonz\u00e1lez Posada\u201d de Cand\u00e1s participar\u00e1 activamente, el s\u00e1bado 15 de julio, en los actos conmemorativos del Bicentenario del fallecimiento de la escritora inglesa Jane Austen en Castropol. El 18 de julio de 1817 fallec\u00eda a los 41 a\u00f1os la conocida novelista brit\u00e1nica. Vivi\u00f3 durante la \u00e9poca","og:url":"https:\/\/candas365.es\/noticias\/candas-y-castropol-unidos-por-la-escritora-inglesa-jane-austen\/","og:image":"https:\/\/candas365.es\/noticias\/wp-content\/uploads\/2015\/12\/libro1.jpg","og:image:secure_url":"https:\/\/candas365.es\/noticias\/wp-content\/uploads\/2015\/12\/libro1.jpg","og:image:width":655,"og:image:height":360,"article:published_time":"2017-07-14T16:52:32+00:00","article:modified_time":"2017-07-14T18:17:43+00:00","article:publisher":"https:\/\/www.facebook.com\/Nachofdezber","article:author":"https:\/\/www.facebook.com\/carrenoactualidad","twitter:card":"summary_large_image","twitter:site":"@NabercoDigital","twitter:title":"Cand\u00e1s y Castropol unidos por la escritora inglesa Jane Austen | Cand\u00e1s 365","twitter:description":"El Club de Lectura de la Biblioteca Municipal \u201cCarlos Gonz\u00e1lez Posada\u201d de Cand\u00e1s participar\u00e1 activamente, el s\u00e1bado 15 de julio, en los actos conmemorativos del Bicentenario del fallecimiento de la escritora inglesa Jane Austen en Castropol. El 18 de julio de 1817 fallec\u00eda a los 41 a\u00f1os la conocida novelista brit\u00e1nica. Vivi\u00f3 durante la \u00e9poca","twitter:creator":"@nbasturias","twitter:image":"https:\/\/candas365.es\/noticias\/wp-content\/uploads\/2015\/12\/libro1.jpg","twitter:label1":"Escrito por","twitter:data1":"Cand\u00e1s 365","twitter:label2":"Tiempo de lectura estimado","twitter:data2":"2 minutos"},"aioseo_meta_data":{"post_id":"75641","title":null,"description":null,"keywords":null,"keyphrases":null,"primary_term":null,"canonical_url":null,"og_title":null,"og_description":null,"og_object_type":"default","og_image_type":"default","og_image_url":null,"og_image_width":null,"og_image_height":null,"og_image_custom_url":null,"og_image_custom_fields":null,"og_video":null,"og_custom_url":null,"og_article_section":null,"og_article_tags":null,"twitter_use_og":false,"twitter_card":"default","twitter_image_type":"default","twitter_image_url":null,"twitter_image_custom_url":null,"twitter_image_custom_fields":null,"twitter_title":null,"twitter_description":null,"schema":{"blockGraphs":[],"customGraphs":[],"default":{"data":{"Article":[],"Course":[],"Dataset":[],"FAQPage":[],"Movie":[],"Person":[],"Product":[],"ProductReview":[],"Car":[],"Recipe":[],"Service":[],"SoftwareApplication":[],"WebPage":[]},"graphName":"","isEnabled":true},"graphs":[]},"schema_type":null,"schema_type_options":null,"pillar_content":false,"robots_default":true,"robots_noindex":false,"robots_noarchive":false,"robots_nosnippet":false,"robots_nofollow":false,"robots_noimageindex":false,"robots_noodp":false,"robots_notranslate":false,"robots_max_snippet":null,"robots_max_videopreview":null,"robots_max_imagepreview":"large","priority":null,"frequency":null,"location":null,"local_seo":null,"seo_analyzer_scan_date":"2025-08-25 18:22:08","breadcrumb_settings":null,"limit_modified_date":false,"reviewed_by":null,"open_ai":null,"ai":null,"created":"2020-12-21 12:56:38","updated":"2025-08-25 18:22:08"},"aioseo_breadcrumb":"<div class=\"aioseo-breadcrumbs\"><span class=\"aioseo-breadcrumb\">\n\t<a href=\"https:\/\/candas365.es\/noticias\" title=\"Home\">Home<\/a>\n<\/span><span class=\"aioseo-breadcrumb-separator\">&ndash;<\/span><span class=\"aioseo-breadcrumb\">\n\t<a href=\"https:\/\/candas365.es\/noticias\/category\/noticias-carreno\/\" title=\"Noticias Carre\u00f1o\">Noticias Carre\u00f1o<\/a>\n<\/span><span class=\"aioseo-breadcrumb-separator\">&ndash;<\/span><span class=\"aioseo-breadcrumb\">\n\tCand\u00e1s y Castropol unidos por la escritora inglesa Jane Austen\n<\/span><\/div>","aioseo_breadcrumb_json":[{"label":"Home","link":"https:\/\/candas365.es\/noticias"},{"label":"Noticias Carre\u00f1o","link":"https:\/\/candas365.es\/noticias\/category\/noticias-carreno\/"},{"label":"Cand\u00e1s y Castropol unidos por la escritora inglesa Jane Austen","link":"https:\/\/candas365.es\/noticias\/candas-y-castropol-unidos-por-la-escritora-inglesa-jane-austen\/"}],"_links":{"self":[{"href":"https:\/\/candas365.es\/noticias\/wp-json\/wp\/v2\/posts\/75641","targetHints":{"allow":["GET"]}}],"collection":[{"href":"https:\/\/candas365.es\/noticias\/wp-json\/wp\/v2\/posts"}],"about":[{"href":"https:\/\/candas365.es\/noticias\/wp-json\/wp\/v2\/types\/post"}],"author":[{"embeddable":true,"href":"https:\/\/candas365.es\/noticias\/wp-json\/wp\/v2\/users\/1"}],"replies":[{"embeddable":true,"href":"https:\/\/candas365.es\/noticias\/wp-json\/wp\/v2\/comments?post=75641"}],"version-history":[{"count":0,"href":"https:\/\/candas365.es\/noticias\/wp-json\/wp\/v2\/posts\/75641\/revisions"}],"wp:featuredmedia":[{"embeddable":true,"href":"https:\/\/candas365.es\/noticias\/wp-json\/wp\/v2\/media\/22984"}],"wp:attachment":[{"href":"https:\/\/candas365.es\/noticias\/wp-json\/wp\/v2\/media?parent=75641"}],"wp:term":[{"taxonomy":"category","embeddable":true,"href":"https:\/\/candas365.es\/noticias\/wp-json\/wp\/v2\/categories?post=75641"},{"taxonomy":"post_tag","embeddable":true,"href":"https:\/\/candas365.es\/noticias\/wp-json\/wp\/v2\/tags?post=75641"}],"curies":[{"name":"wp","href":"https:\/\/api.w.org\/{rel}","templated":true}]}}