{"id":75639,"date":"2017-07-14T15:46:51","date_gmt":"2017-07-14T15:46:51","guid":{"rendered":"http:\/\/candas365.es\/noticias\/?p=75639"},"modified":"2017-07-14T15:46:51","modified_gmt":"2017-07-14T15:46:51","slug":"aprobadas-en-carreno-las-subvenciones-a-asociaciones-vecinales-y-entidades-y-programas-de-festejos","status":"publish","type":"post","link":"https:\/\/candas365.es\/noticias\/aprobadas-en-carreno-las-subvenciones-a-asociaciones-vecinales-y-entidades-y-programas-de-festejos\/","title":{"rendered":"Aprobadas en Carre\u00f1o las subvenciones a Asociaciones Vecinales y Entidades y programas de festejos"},"content":{"rendered":"<p><img fetchpriority=\"high\" decoding=\"async\" class=\"alignleft size-medium wp-image-6453\" src=\"https:\/\/candas365.es\/noticias\/wp-content\/uploads\/2015\/01\/ayuntamiento-360x270.jpg\" alt=\"\" width=\"360\" height=\"270\" srcset=\"https:\/\/candas365.es\/noticias\/wp-content\/uploads\/2015\/01\/ayuntamiento-360x270.jpg 360w, https:\/\/candas365.es\/noticias\/wp-content\/uploads\/2015\/01\/ayuntamiento-640x480.jpg 640w, https:\/\/candas365.es\/noticias\/wp-content\/uploads\/2015\/01\/ayuntamiento-768x576.jpg 768w, https:\/\/candas365.es\/noticias\/wp-content\/uploads\/2015\/01\/ayuntamiento-150x113.jpg 150w, https:\/\/candas365.es\/noticias\/wp-content\/uploads\/2015\/01\/ayuntamiento-450x338.jpg 450w, https:\/\/candas365.es\/noticias\/wp-content\/uploads\/2015\/01\/ayuntamiento-80x60.jpg 80w, https:\/\/candas365.es\/noticias\/wp-content\/uploads\/2015\/01\/ayuntamiento-265x198.jpg 265w, https:\/\/candas365.es\/noticias\/wp-content\/uploads\/2015\/01\/ayuntamiento-696x522.jpg 696w, https:\/\/candas365.es\/noticias\/wp-content\/uploads\/2015\/01\/ayuntamiento-560x420.jpg 560w, https:\/\/candas365.es\/noticias\/wp-content\/uploads\/2015\/01\/ayuntamiento-90x67.jpg 90w, https:\/\/candas365.es\/noticias\/wp-content\/uploads\/2015\/01\/ayuntamiento.jpg 800w\" sizes=\"(max-width: 360px) 100vw, 360px\" \/>El equipo de gobierno del Ayuntamiento de Carre\u00f1o aprob\u00f3 en la Junta de gobierno celebrada este jueves, 13 de julio, las subvenciones a Asociaciones Vecinales y Entidades y programas de festejos.<\/p>\n<p>\u201cLas solicitudes para ambas convocatorias se estudiaron y valoraron, con el resto de grupos pol\u00edticos, en una comisi\u00f3n ordinaria de Festejos, Turismo, Juventud y Participaci\u00f3n Ciudadana que se celebr\u00f3 el pasado jueves d\u00eda 6 a las 9 horas. Tras una mesa de trabajo conjunta el Partido Socialista, Somos e Izquierda Unida aprobamos por unanimidad las subvenciones para las entidades de festejos y vecinales que realizan actividades en el concejo. El PP de Carre\u00f1o no acudi\u00f3 a la citada comisi\u00f3n\u201d \u2013 explic\u00f3 la concejala del \u00e1rea Paula Cuervo.<\/p>\n<p>Para subvencionar a entidades y programas de festejos existe una partida presupuestaria de 32. 000 euros, present\u00e1ndose a la convocatoria de la subvenci\u00f3n nueve entidades del concejo:<\/p>\n<p>AA.VV LOGREZANA EXISTE, COMISI\u00d3N DE FESTEJOS DE PERLORA, COMISI\u00d3N DE FESTEJOS DE EL VALLE, SOCIEDAD DE FESTEJOS Y CULTURA DE AMB\u00c1S, AA.VV SAN JUAN DE PERVERA, AA.VV DE ALBANDI, ASOCIACI\u00d3N DE GANADEROS DE PIEDELORO, ASOCIACI\u00d3N DE FESTEJOS EL PEGOYU DE GUIMAR\u00c1N Y AA.VV SAN JUAN DE TAM\u00d3N.<\/p>\n<p>\u201cLa puntuaci\u00f3n m\u00e1xima posible por entidad de cien puntos, otorg\u00e1ndose hasta un m\u00e1ximo de cincuenta puntos a la variedad y calidad de programa festivo programado. Los otros cincuenta puntos se dividen en destinatarios\/as a los cuales van dirigidos los programas festivos, actuaciones de grupos del concejo, participaci\u00f3n e implicaci\u00f3n y autofinanciaci\u00f3n del programa presentado. Conforme a las bases y criterios establecidos se baremaron las solicitudes recibidas\u201d \u2013 argument\u00f3 la edil.<\/p>\n<p>Las puntuaciones y la subvenci\u00f3n, en base a ello, finalmente que recibir\u00e1n por entidad son las que siguen de m\u00e1s a menos cuant\u00eda y puntuaci\u00f3n:<\/p>\n<p>\u00b7 Comisi\u00f3n de Festejos de Perlora: 6.613 euros con un total de 99 puntos.<\/p>\n<p>\u00b7 Asociaci\u00f3n de Festejos El Pegoyu de Guimar\u00e1n: 5.345 euros con un total de 80 puntos. Organiza la celebraci\u00f3n entorno a la Patrona de Carre\u00f1o.<\/p>\n<p>\u00b7 Asociaci\u00f3n de Ganaderos de Piedeloro: 3.474 euros con un total de 52 puntos. Adem\u00e1s de la tradicional romer\u00eda, celebra el certamen de ganado y arrastre de bueyes.<\/p>\n<p>\u00b7 Comisi\u00f3n de Festejos de El Valle: 3.407 euros con un total de 51 puntos. Romer\u00eda y Certamen hortofrut\u00edcola de la huerta de Carre\u00f1o.<\/p>\n<p>\u00b7 Sociedad de Festejos y Cultura de Amb\u00e1s: 2, 673 euros con un total de 40 puntos.<\/p>\n<p>\u00b7 AA.VV San Juan de Pervera: 2.939 euros con un total de 44 puntos.<\/p>\n<p>\u00b7 AA.VV de Logrezana: 2.873 euros con un total de 43 puntos.<\/p>\n<p>\u00b7 AA.VV de Albandi: 3.006 euros con un total de 45 puntos.<\/p>\n<p>\u00b7 AA.VV San Juan de Tam\u00f3n: 1.670 euros con un total de 25 puntos.<\/p>\n<p>Para colaborar a sufragar los gastos de funcionamiento de Asociaciones Vecinales de Barrio o Parroquia en el Ayuntamiento de Carre\u00f1o, adem\u00e1s de la cesi\u00f3n gratuita de los locales, se dispone una partida presupuestaria de 6142. 50 euros para tal fin, present\u00e1ndose a la convocatoria, aprobada en concurrencia competitiva, de la subvenci\u00f3n once entidades vecinales del concejo:<\/p>\n<p>ASOCIACI\u00d3N VECINAL AMIGOS DE CAND\u00c1S, AA.VV SAN JUAN DE PERVERA, AA,VV SANTIAGO DE ALBANDI, AA.VV DE POAL, AA.VV DE XIVARES \u201cEL TRANQUERU\u201d, AA.VV SAN JUAN DE TAM\u00d3N, AA.VV \u201cEL XOL\u00cdN\u201d DE TAM\u00d3N, AA.VV LOGREZANA EXISTE, AA.VV LA MATIELLA, AA.VV RIO ESPASA DE PERLORA, AA.VV DE PIEDELORO.<\/p>\n<p>\u201cLa puntuaci\u00f3n m\u00e1xima posible en el caso de las entidades vecinales es de ocho puntos, con un m\u00e1ximo de dos puntos tanto en la calidad e inter\u00e9s de las actividades programadas como en la dinamizaci\u00f3n del barrio y el vecindario de la zona, adem\u00e1s se punt\u00faa la variedad en las actividades, las caracter\u00edsticas del barrio y n\u00famero de socios, y los gastos de las actividades programadas por cada entidad\u201d \u2013 explic\u00f3 la edil Paula Cuervo.<\/p>\n<p>Las puntuaciones asignadas tras la baremaci\u00f3n y la subvenci\u00f3n finalmente recibida por entidad son de mayor a menor puntuaci\u00f3n y cuant\u00eda las que siguen:<\/p>\n<p>\u00b7 AA.VV Santiago de Albandi: 650,60 euros con una puntuaci\u00f3n total de 6\u201925 puntos.<\/p>\n<p>\u00b7 AA.VV Amigos de Cand\u00e1s: 598,60 euros con una puntuaci\u00f3n total de 5\u201975 puntos.<\/p>\n<p>\u00b7 AA.VV San Juan de Tam\u00f3n: 598,60 euros con un total de 5\u201975 puntos.<\/p>\n<p>\u00b7 AA.VV Logrezana Existe: 598,60 euros con un total de 5\u201975 puntos.<\/p>\n<p>\u00b7 AA.VV La Matiella: 598,60 euros con un total de 5\u201975 puntos.<\/p>\n<p>\u00b7 AA.VV \u201cEl Xol\u00edn\u201c de Tam\u00f3n: 572,50 euros con un total de 5\u201950 puntos.<\/p>\n<p>\u00b7 AA.VV San Juan de Pervera: 520,50 euros con una puntuaci\u00f3n total de 5 puntos.<\/p>\n<p>\u00b7 AA.VV de POAL: 520,50 euros con una puntuaci\u00f3n total de 5 puntos.<\/p>\n<p>\u00b7 AA.VV de Xivares \u201cEl Tranqueru\u201d: 520,50 euros con un total de 5 puntos.<\/p>\n<p>\u00b7 AA.VV Rio Espasa de Perlora: 520,50 euros con un total de 5 puntos.<\/p>\n<p>\u00b7 AA.VV Piedeloro: 442,40 euros con un total de 4\u201925 puntos.<\/p>\n<p>&nbsp;<\/p>\n","protected":false},"excerpt":{"rendered":"<p>El equipo de gobierno del Ayuntamiento de Carre\u00f1o aprob\u00f3 en la Junta de gobierno celebrada este jueves, 13 de julio, las subvenciones a Asociaciones Vecinales y Entidades y programas de festejos. \u201cLas solicitudes para ambas convocatorias se estudiaron y valoraron, con el resto de grupos pol\u00edticos, en una comisi\u00f3n ordinaria de Festejos, Turismo, Juventud y<\/p>\n","protected":false},"author":1,"featured_media":6453,"comment_status":"closed","ping_status":"closed","sticky":false,"template":"","format":"standard","meta":{"footnotes":""},"categories":[2],"tags":[],"class_list":{"0":"post-75639","1":"post","2":"type-post","3":"status-publish","4":"format-standard","5":"has-post-thumbnail","7":"category-noticias-carreno"},"aioseo_notices":[],"aioseo_head":"\n\t\t<!-- All in One SEO Pro 4.9.6.2 - aioseo.com -->\n\t<meta name=\"description\" content=\"El equipo de gobierno del Ayuntamiento de Carre\u00f1o aprob\u00f3 en la Junta de gobierno celebrada este jueves, 13 de julio, las subvenciones a Asociaciones Vecinales y Entidades y programas de festejos. \u201cLas solicitudes para ambas convocatorias se estudiaron y valoraron, con el resto de grupos pol\u00edticos, en una comisi\u00f3n ordinaria de Festejos, Turismo, Juventud y\" \/>\n\t<meta name=\"robots\" content=\"max-image-preview:large\" \/>\n\t<meta name=\"author\" content=\"Cand\u00e1s 365\"\/>\n\t<meta name=\"google-site-verification\" content=\"UA-32230408-1\" \/>\n\t<meta name=\"msvalidate.01\" content=\"354F3CDFB2DA171B47FBE9ABF1F88D5\" \/>\n\t<meta name=\"keywords\" content=\"noticias carre\u00f1o\" \/>\n\t<link rel=\"canonical\" href=\"https:\/\/candas365.es\/noticias\/aprobadas-en-carreno-las-subvenciones-a-asociaciones-vecinales-y-entidades-y-programas-de-festejos\/\" \/>\n\t<meta name=\"generator\" content=\"All in One SEO Pro (AIOSEO) 4.9.6.2\" \/>\n\t\t<meta property=\"og:locale\" content=\"es_ES\" \/>\n\t\t<meta property=\"og:site_name\" content=\"Cand\u00e1s 365\" \/>\n\t\t<meta property=\"og:type\" content=\"article\" \/>\n\t\t<meta property=\"og:title\" content=\"Aprobadas en Carre\u00f1o las subvenciones a Asociaciones Vecinales y Entidades y programas de festejos | Cand\u00e1s 365\" \/>\n\t\t<meta property=\"og:description\" content=\"El equipo de gobierno del Ayuntamiento de Carre\u00f1o aprob\u00f3 en la Junta de gobierno celebrada este jueves, 13 de julio, las subvenciones a Asociaciones Vecinales y Entidades y programas de festejos. \u201cLas solicitudes para ambas convocatorias se estudiaron y valoraron, con el resto de grupos pol\u00edticos, en una comisi\u00f3n ordinaria de Festejos, Turismo, Juventud y\" \/>\n\t\t<meta property=\"og:url\" content=\"https:\/\/candas365.es\/noticias\/aprobadas-en-carreno-las-subvenciones-a-asociaciones-vecinales-y-entidades-y-programas-de-festejos\/\" \/>\n\t\t<meta property=\"og:image\" content=\"https:\/\/candas365.es\/noticias\/wp-content\/uploads\/2015\/01\/ayuntamiento.jpg\" \/>\n\t\t<meta property=\"og:image:secure_url\" content=\"https:\/\/candas365.es\/noticias\/wp-content\/uploads\/2015\/01\/ayuntamiento.jpg\" \/>\n\t\t<meta property=\"og:image:width\" content=\"800\" \/>\n\t\t<meta property=\"og:image:height\" content=\"600\" \/>\n\t\t<meta property=\"article:published_time\" content=\"2017-07-14T15:46:51+00:00\" \/>\n\t\t<meta property=\"article:modified_time\" content=\"2017-07-14T15:46:51+00:00\" \/>\n\t\t<meta property=\"article:publisher\" content=\"https:\/\/www.facebook.com\/Nachofdezber\" \/>\n\t\t<meta property=\"article:author\" content=\"https:\/\/www.facebook.com\/carrenoactualidad\" \/>\n\t\t<meta name=\"twitter:card\" content=\"summary_large_image\" \/>\n\t\t<meta name=\"twitter:site\" content=\"@NabercoDigital\" \/>\n\t\t<meta name=\"twitter:title\" content=\"Aprobadas en Carre\u00f1o las subvenciones a Asociaciones Vecinales y Entidades y programas de festejos | Cand\u00e1s 365\" \/>\n\t\t<meta name=\"twitter:description\" content=\"El equipo de gobierno del Ayuntamiento de Carre\u00f1o aprob\u00f3 en la Junta de gobierno celebrada este jueves, 13 de julio, las subvenciones a Asociaciones Vecinales y Entidades y programas de festejos. \u201cLas solicitudes para ambas convocatorias se estudiaron y valoraron, con el resto de grupos pol\u00edticos, en una comisi\u00f3n ordinaria de Festejos, Turismo, Juventud y\" \/>\n\t\t<meta name=\"twitter:creator\" content=\"@nbasturias\" \/>\n\t\t<meta name=\"twitter:image\" content=\"https:\/\/candas365.es\/noticias\/wp-content\/uploads\/2015\/01\/ayuntamiento.jpg\" \/>\n\t\t<meta name=\"twitter:label1\" content=\"Escrito por\" \/>\n\t\t<meta name=\"twitter:data1\" content=\"Cand\u00e1s 365\" \/>\n\t\t<meta name=\"twitter:label2\" content=\"Tiempo de lectura estimado\" \/>\n\t\t<meta name=\"twitter:data2\" content=\"4 minutos\" \/>\n\t\t<script type=\"application\/ld+json\" class=\"aioseo-schema\">\n\t\t\t{\"@context\":\"https:\\\/\\\/schema.org\",\"@graph\":[{\"@type\":\"BreadcrumbList\",\"@id\":\"https:\\\/\\\/candas365.es\\\/noticias\\\/aprobadas-en-carreno-las-subvenciones-a-asociaciones-vecinales-y-entidades-y-programas-de-festejos\\\/#breadcrumblist\",\"itemListElement\":[{\"@type\":\"ListItem\",\"@id\":\"https:\\\/\\\/candas365.es\\\/noticias#listItem\",\"position\":1,\"name\":\"Home\",\"item\":\"https:\\\/\\\/candas365.es\\\/noticias\",\"nextItem\":{\"@type\":\"ListItem\",\"@id\":\"https:\\\/\\\/candas365.es\\\/noticias\\\/category\\\/noticias-carreno\\\/#listItem\",\"name\":\"Noticias Carre\\u00f1o\"}},{\"@type\":\"ListItem\",\"@id\":\"https:\\\/\\\/candas365.es\\\/noticias\\\/category\\\/noticias-carreno\\\/#listItem\",\"position\":2,\"name\":\"Noticias Carre\\u00f1o\",\"item\":\"https:\\\/\\\/candas365.es\\\/noticias\\\/category\\\/noticias-carreno\\\/\",\"nextItem\":{\"@type\":\"ListItem\",\"@id\":\"https:\\\/\\\/candas365.es\\\/noticias\\\/aprobadas-en-carreno-las-subvenciones-a-asociaciones-vecinales-y-entidades-y-programas-de-festejos\\\/#listItem\",\"name\":\"Aprobadas en Carre\\u00f1o las subvenciones a Asociaciones Vecinales y Entidades y programas de festejos\"},\"previousItem\":{\"@type\":\"ListItem\",\"@id\":\"https:\\\/\\\/candas365.es\\\/noticias#listItem\",\"name\":\"Home\"}},{\"@type\":\"ListItem\",\"@id\":\"https:\\\/\\\/candas365.es\\\/noticias\\\/aprobadas-en-carreno-las-subvenciones-a-asociaciones-vecinales-y-entidades-y-programas-de-festejos\\\/#listItem\",\"position\":3,\"name\":\"Aprobadas en Carre\\u00f1o las subvenciones a Asociaciones Vecinales y Entidades y programas de festejos\",\"previousItem\":{\"@type\":\"ListItem\",\"@id\":\"https:\\\/\\\/candas365.es\\\/noticias\\\/category\\\/noticias-carreno\\\/#listItem\",\"name\":\"Noticias Carre\\u00f1o\"}}]},{\"@type\":\"NewsArticle\",\"@id\":\"https:\\\/\\\/candas365.es\\\/noticias\\\/aprobadas-en-carreno-las-subvenciones-a-asociaciones-vecinales-y-entidades-y-programas-de-festejos\\\/#newsarticle\",\"name\":\"Aprobadas en Carre\\u00f1o las subvenciones a Asociaciones Vecinales y Entidades y programas de festejos | Cand\\u00e1s 365\",\"headline\":\"Aprobadas en Carre\\u00f1o las subvenciones a Asociaciones Vecinales y Entidades y programas de festejos\",\"author\":{\"@id\":\"https:\\\/\\\/candas365.es\\\/noticias\\\/author\\\/admin\\\/#author\"},\"publisher\":{\"@id\":\"https:\\\/\\\/candas365.es\\\/noticias\\\/#organization\"},\"image\":{\"@type\":\"ImageObject\",\"url\":\"https:\\\/\\\/candas365.es\\\/noticias\\\/wp-content\\\/uploads\\\/2015\\\/01\\\/ayuntamiento.jpg\",\"width\":800,\"height\":600,\"caption\":\"Carre\\u00f1o\"},\"datePublished\":\"2017-07-14T15:46:51+02:00\",\"dateModified\":\"2017-07-14T15:46:51+02:00\",\"inLanguage\":\"es-ES\",\"mainEntityOfPage\":{\"@id\":\"https:\\\/\\\/candas365.es\\\/noticias\\\/aprobadas-en-carreno-las-subvenciones-a-asociaciones-vecinales-y-entidades-y-programas-de-festejos\\\/#webpage\"},\"isPartOf\":{\"@id\":\"https:\\\/\\\/candas365.es\\\/noticias\\\/aprobadas-en-carreno-las-subvenciones-a-asociaciones-vecinales-y-entidades-y-programas-de-festejos\\\/#webpage\"},\"articleSection\":\"Noticias Carre\\u00f1o\",\"dateline\":\"Publicado el julio 14, 2017.\"},{\"@type\":\"Organization\",\"@id\":\"https:\\\/\\\/candas365.es\\\/noticias\\\/#organization\",\"name\":\"Cand\\u00e1s 365\",\"description\":\"Cand\\u00e1s 365 es un diario digital independiente, fundado en 2012, con base en Asturias. Informamos con rigor sobre actualidad, sociedad, cultura y ocio, con una mirada local y global.\",\"url\":\"https:\\\/\\\/candas365.es\\\/noticias\\\/\",\"email\":\"info@candas365.es\",\"telephone\":\"+34652131393\",\"foundingDate\":\"2012-06-10\",\"logo\":{\"@type\":\"ImageObject\",\"url\":\"https:\\\/\\\/candas365.es\\\/noticias\\\/wp-content\\\/uploads\\\/2024\\\/09\\\/Candas-365-Redes.jpg\",\"@id\":\"https:\\\/\\\/candas365.es\\\/noticias\\\/aprobadas-en-carreno-las-subvenciones-a-asociaciones-vecinales-y-entidades-y-programas-de-festejos\\\/#organizationLogo\",\"width\":1152,\"height\":864,\"caption\":\"Cand\\u00e1s 365 Redes\"},\"image\":{\"@id\":\"https:\\\/\\\/candas365.es\\\/noticias\\\/aprobadas-en-carreno-las-subvenciones-a-asociaciones-vecinales-y-entidades-y-programas-de-festejos\\\/#organizationLogo\"},\"sameAs\":[\"https:\\\/\\\/www.facebook.com\\\/Nachofdezber\",\"https:\\\/\\\/x.com\\\/NabercoDigital\",\"https:\\\/\\\/www.instagram.com\\\/nachofdezber\\\/\",\"https:\\\/\\\/www.youtube.com\\\/channel\\\/UCZP-2wLEB9Rv6erhFmqVnvg\"],\"address\":{\"@id\":\"https:\\\/\\\/candas365.es\\\/noticias\\\/#postaladdress\",\"@type\":\"PostalAddress\",\"streetAddress\":\"san antonio 4, san antonio 4\",\"postalCode\":\"33430\",\"addressLocality\":\"Cand\\u00e1s\",\"addressRegion\":\"Asturias\",\"addressCountry\":\"ES\"}},{\"@type\":\"Person\",\"@id\":\"https:\\\/\\\/candas365.es\\\/noticias\\\/author\\\/admin\\\/#author\",\"url\":\"https:\\\/\\\/candas365.es\\\/noticias\\\/author\\\/admin\\\/\",\"name\":\"Cand\\u00e1s 365\",\"image\":{\"@type\":\"ImageObject\",\"@id\":\"https:\\\/\\\/candas365.es\\\/noticias\\\/aprobadas-en-carreno-las-subvenciones-a-asociaciones-vecinales-y-entidades-y-programas-de-festejos\\\/#authorImage\",\"url\":\"https:\\\/\\\/secure.gravatar.com\\\/avatar\\\/496a8e03d0c493ede1718b7934145dbdf8d89be1036b0eec9544e1094c9de390?s=96&d=mm&r=g\",\"width\":96,\"height\":96,\"caption\":\"Cand\\u00e1s 365\"},\"sameAs\":[\"https:\\\/\\\/www.facebook.com\\\/carrenoactualidad\",\"https:\\\/\\\/twitter.com\\\/nbasturias\",\"https:\\\/\\\/www.instagram.com\\\/nachofdezber\\\/\",\"https:\\\/\\\/www.youtube.com\\\/channel\\\/UCZP-2wLEB9Rv6erhFmqVnvg\"]},{\"@type\":\"WebPage\",\"@id\":\"https:\\\/\\\/candas365.es\\\/noticias\\\/aprobadas-en-carreno-las-subvenciones-a-asociaciones-vecinales-y-entidades-y-programas-de-festejos\\\/#webpage\",\"url\":\"https:\\\/\\\/candas365.es\\\/noticias\\\/aprobadas-en-carreno-las-subvenciones-a-asociaciones-vecinales-y-entidades-y-programas-de-festejos\\\/\",\"name\":\"Aprobadas en Carre\\u00f1o las subvenciones a Asociaciones Vecinales y Entidades y programas de festejos | Cand\\u00e1s 365\",\"description\":\"El equipo de gobierno del Ayuntamiento de Carre\\u00f1o aprob\\u00f3 en la Junta de gobierno celebrada este jueves, 13 de julio, las subvenciones a Asociaciones Vecinales y Entidades y programas de festejos. \\u201cLas solicitudes para ambas convocatorias se estudiaron y valoraron, con el resto de grupos pol\\u00edticos, en una comisi\\u00f3n ordinaria de Festejos, Turismo, Juventud y\",\"inLanguage\":\"es-ES\",\"isPartOf\":{\"@id\":\"https:\\\/\\\/candas365.es\\\/noticias\\\/#website\"},\"breadcrumb\":{\"@id\":\"https:\\\/\\\/candas365.es\\\/noticias\\\/aprobadas-en-carreno-las-subvenciones-a-asociaciones-vecinales-y-entidades-y-programas-de-festejos\\\/#breadcrumblist\"},\"author\":{\"@id\":\"https:\\\/\\\/candas365.es\\\/noticias\\\/author\\\/admin\\\/#author\"},\"creator\":{\"@id\":\"https:\\\/\\\/candas365.es\\\/noticias\\\/author\\\/admin\\\/#author\"},\"image\":{\"@type\":\"ImageObject\",\"url\":\"https:\\\/\\\/candas365.es\\\/noticias\\\/wp-content\\\/uploads\\\/2015\\\/01\\\/ayuntamiento.jpg\",\"@id\":\"https:\\\/\\\/candas365.es\\\/noticias\\\/aprobadas-en-carreno-las-subvenciones-a-asociaciones-vecinales-y-entidades-y-programas-de-festejos\\\/#mainImage\",\"width\":800,\"height\":600,\"caption\":\"Carre\\u00f1o\"},\"primaryImageOfPage\":{\"@id\":\"https:\\\/\\\/candas365.es\\\/noticias\\\/aprobadas-en-carreno-las-subvenciones-a-asociaciones-vecinales-y-entidades-y-programas-de-festejos\\\/#mainImage\"},\"datePublished\":\"2017-07-14T15:46:51+02:00\",\"dateModified\":\"2017-07-14T15:46:51+02:00\"},{\"@type\":\"WebSite\",\"@id\":\"https:\\\/\\\/candas365.es\\\/noticias\\\/#website\",\"url\":\"https:\\\/\\\/candas365.es\\\/noticias\\\/\",\"name\":\"Cand\\u00e1s 365\",\"alternateName\":\"Cand\\u00e1s 365 Noticias\",\"description\":\"Actualidad desde Carre\\u00f1o para el mundo\",\"inLanguage\":\"es-ES\",\"publisher\":{\"@id\":\"https:\\\/\\\/candas365.es\\\/noticias\\\/#organization\"}}]}\n\t\t<\/script>\n\t\t<!-- All in One SEO Pro -->\r\n\t\t<title>Aprobadas en Carre\u00f1o las subvenciones a Asociaciones Vecinales y Entidades y programas de festejos | Cand\u00e1s 365<\/title>\n\n","aioseo_head_json":{"title":"Aprobadas en Carre\u00f1o las subvenciones a Asociaciones Vecinales y Entidades y programas de festejos | Cand\u00e1s 365","description":"El equipo de gobierno del Ayuntamiento de Carre\u00f1o aprob\u00f3 en la Junta de gobierno celebrada este jueves, 13 de julio, las subvenciones a Asociaciones Vecinales y Entidades y programas de festejos. \u201cLas solicitudes para ambas convocatorias se estudiaron y valoraron, con el resto de grupos pol\u00edticos, en una comisi\u00f3n ordinaria de Festejos, Turismo, Juventud y","canonical_url":"https:\/\/candas365.es\/noticias\/aprobadas-en-carreno-las-subvenciones-a-asociaciones-vecinales-y-entidades-y-programas-de-festejos\/","robots":"max-image-preview:large","keywords":"noticias carre\u00f1o","webmasterTools":{"google-site-verification":"UA-32230408-1","msvalidate.01":"354F3CDFB2DA171B47FBE9ABF1F88D5","miscellaneous":""},"schema":{"@context":"https:\/\/schema.org","@graph":[{"@type":"BreadcrumbList","@id":"https:\/\/candas365.es\/noticias\/aprobadas-en-carreno-las-subvenciones-a-asociaciones-vecinales-y-entidades-y-programas-de-festejos\/#breadcrumblist","itemListElement":[{"@type":"ListItem","@id":"https:\/\/candas365.es\/noticias#listItem","position":1,"name":"Home","item":"https:\/\/candas365.es\/noticias","nextItem":{"@type":"ListItem","@id":"https:\/\/candas365.es\/noticias\/category\/noticias-carreno\/#listItem","name":"Noticias Carre\u00f1o"}},{"@type":"ListItem","@id":"https:\/\/candas365.es\/noticias\/category\/noticias-carreno\/#listItem","position":2,"name":"Noticias Carre\u00f1o","item":"https:\/\/candas365.es\/noticias\/category\/noticias-carreno\/","nextItem":{"@type":"ListItem","@id":"https:\/\/candas365.es\/noticias\/aprobadas-en-carreno-las-subvenciones-a-asociaciones-vecinales-y-entidades-y-programas-de-festejos\/#listItem","name":"Aprobadas en Carre\u00f1o las subvenciones a Asociaciones Vecinales y Entidades y programas de festejos"},"previousItem":{"@type":"ListItem","@id":"https:\/\/candas365.es\/noticias#listItem","name":"Home"}},{"@type":"ListItem","@id":"https:\/\/candas365.es\/noticias\/aprobadas-en-carreno-las-subvenciones-a-asociaciones-vecinales-y-entidades-y-programas-de-festejos\/#listItem","position":3,"name":"Aprobadas en Carre\u00f1o las subvenciones a Asociaciones Vecinales y Entidades y programas de festejos","previousItem":{"@type":"ListItem","@id":"https:\/\/candas365.es\/noticias\/category\/noticias-carreno\/#listItem","name":"Noticias Carre\u00f1o"}}]},{"@type":"NewsArticle","@id":"https:\/\/candas365.es\/noticias\/aprobadas-en-carreno-las-subvenciones-a-asociaciones-vecinales-y-entidades-y-programas-de-festejos\/#newsarticle","name":"Aprobadas en Carre\u00f1o las subvenciones a Asociaciones Vecinales y Entidades y programas de festejos | Cand\u00e1s 365","headline":"Aprobadas en Carre\u00f1o las subvenciones a Asociaciones Vecinales y Entidades y programas de festejos","author":{"@id":"https:\/\/candas365.es\/noticias\/author\/admin\/#author"},"publisher":{"@id":"https:\/\/candas365.es\/noticias\/#organization"},"image":{"@type":"ImageObject","url":"https:\/\/candas365.es\/noticias\/wp-content\/uploads\/2015\/01\/ayuntamiento.jpg","width":800,"height":600,"caption":"Carre\u00f1o"},"datePublished":"2017-07-14T15:46:51+02:00","dateModified":"2017-07-14T15:46:51+02:00","inLanguage":"es-ES","mainEntityOfPage":{"@id":"https:\/\/candas365.es\/noticias\/aprobadas-en-carreno-las-subvenciones-a-asociaciones-vecinales-y-entidades-y-programas-de-festejos\/#webpage"},"isPartOf":{"@id":"https:\/\/candas365.es\/noticias\/aprobadas-en-carreno-las-subvenciones-a-asociaciones-vecinales-y-entidades-y-programas-de-festejos\/#webpage"},"articleSection":"Noticias Carre\u00f1o","dateline":"Publicado el julio 14, 2017."},{"@type":"Organization","@id":"https:\/\/candas365.es\/noticias\/#organization","name":"Cand\u00e1s 365","description":"Cand\u00e1s 365 es un diario digital independiente, fundado en 2012, con base en Asturias. Informamos con rigor sobre actualidad, sociedad, cultura y ocio, con una mirada local y global.","url":"https:\/\/candas365.es\/noticias\/","email":"info@candas365.es","telephone":"+34652131393","foundingDate":"2012-06-10","logo":{"@type":"ImageObject","url":"https:\/\/candas365.es\/noticias\/wp-content\/uploads\/2024\/09\/Candas-365-Redes.jpg","@id":"https:\/\/candas365.es\/noticias\/aprobadas-en-carreno-las-subvenciones-a-asociaciones-vecinales-y-entidades-y-programas-de-festejos\/#organizationLogo","width":1152,"height":864,"caption":"Cand\u00e1s 365 Redes"},"image":{"@id":"https:\/\/candas365.es\/noticias\/aprobadas-en-carreno-las-subvenciones-a-asociaciones-vecinales-y-entidades-y-programas-de-festejos\/#organizationLogo"},"sameAs":["https:\/\/www.facebook.com\/Nachofdezber","https:\/\/x.com\/NabercoDigital","https:\/\/www.instagram.com\/nachofdezber\/","https:\/\/www.youtube.com\/channel\/UCZP-2wLEB9Rv6erhFmqVnvg"],"address":{"@id":"https:\/\/candas365.es\/noticias\/#postaladdress","@type":"PostalAddress","streetAddress":"san antonio 4, san antonio 4","postalCode":"33430","addressLocality":"Cand\u00e1s","addressRegion":"Asturias","addressCountry":"ES"}},{"@type":"Person","@id":"https:\/\/candas365.es\/noticias\/author\/admin\/#author","url":"https:\/\/candas365.es\/noticias\/author\/admin\/","name":"Cand\u00e1s 365","image":{"@type":"ImageObject","@id":"https:\/\/candas365.es\/noticias\/aprobadas-en-carreno-las-subvenciones-a-asociaciones-vecinales-y-entidades-y-programas-de-festejos\/#authorImage","url":"https:\/\/secure.gravatar.com\/avatar\/496a8e03d0c493ede1718b7934145dbdf8d89be1036b0eec9544e1094c9de390?s=96&d=mm&r=g","width":96,"height":96,"caption":"Cand\u00e1s 365"},"sameAs":["https:\/\/www.facebook.com\/carrenoactualidad","https:\/\/twitter.com\/nbasturias","https:\/\/www.instagram.com\/nachofdezber\/","https:\/\/www.youtube.com\/channel\/UCZP-2wLEB9Rv6erhFmqVnvg"]},{"@type":"WebPage","@id":"https:\/\/candas365.es\/noticias\/aprobadas-en-carreno-las-subvenciones-a-asociaciones-vecinales-y-entidades-y-programas-de-festejos\/#webpage","url":"https:\/\/candas365.es\/noticias\/aprobadas-en-carreno-las-subvenciones-a-asociaciones-vecinales-y-entidades-y-programas-de-festejos\/","name":"Aprobadas en Carre\u00f1o las subvenciones a Asociaciones Vecinales y Entidades y programas de festejos | Cand\u00e1s 365","description":"El equipo de gobierno del Ayuntamiento de Carre\u00f1o aprob\u00f3 en la Junta de gobierno celebrada este jueves, 13 de julio, las subvenciones a Asociaciones Vecinales y Entidades y programas de festejos. \u201cLas solicitudes para ambas convocatorias se estudiaron y valoraron, con el resto de grupos pol\u00edticos, en una comisi\u00f3n ordinaria de Festejos, Turismo, Juventud y","inLanguage":"es-ES","isPartOf":{"@id":"https:\/\/candas365.es\/noticias\/#website"},"breadcrumb":{"@id":"https:\/\/candas365.es\/noticias\/aprobadas-en-carreno-las-subvenciones-a-asociaciones-vecinales-y-entidades-y-programas-de-festejos\/#breadcrumblist"},"author":{"@id":"https:\/\/candas365.es\/noticias\/author\/admin\/#author"},"creator":{"@id":"https:\/\/candas365.es\/noticias\/author\/admin\/#author"},"image":{"@type":"ImageObject","url":"https:\/\/candas365.es\/noticias\/wp-content\/uploads\/2015\/01\/ayuntamiento.jpg","@id":"https:\/\/candas365.es\/noticias\/aprobadas-en-carreno-las-subvenciones-a-asociaciones-vecinales-y-entidades-y-programas-de-festejos\/#mainImage","width":800,"height":600,"caption":"Carre\u00f1o"},"primaryImageOfPage":{"@id":"https:\/\/candas365.es\/noticias\/aprobadas-en-carreno-las-subvenciones-a-asociaciones-vecinales-y-entidades-y-programas-de-festejos\/#mainImage"},"datePublished":"2017-07-14T15:46:51+02:00","dateModified":"2017-07-14T15:46:51+02:00"},{"@type":"WebSite","@id":"https:\/\/candas365.es\/noticias\/#website","url":"https:\/\/candas365.es\/noticias\/","name":"Cand\u00e1s 365","alternateName":"Cand\u00e1s 365 Noticias","description":"Actualidad desde Carre\u00f1o para el mundo","inLanguage":"es-ES","publisher":{"@id":"https:\/\/candas365.es\/noticias\/#organization"}}]},"og:locale":"es_ES","og:site_name":"Cand\u00e1s 365","og:type":"article","og:title":"Aprobadas en Carre\u00f1o las subvenciones a Asociaciones Vecinales y Entidades y programas de festejos | Cand\u00e1s 365","og:description":"El equipo de gobierno del Ayuntamiento de Carre\u00f1o aprob\u00f3 en la Junta de gobierno celebrada este jueves, 13 de julio, las subvenciones a Asociaciones Vecinales y Entidades y programas de festejos. \u201cLas solicitudes para ambas convocatorias se estudiaron y valoraron, con el resto de grupos pol\u00edticos, en una comisi\u00f3n ordinaria de Festejos, Turismo, Juventud y","og:url":"https:\/\/candas365.es\/noticias\/aprobadas-en-carreno-las-subvenciones-a-asociaciones-vecinales-y-entidades-y-programas-de-festejos\/","og:image":"https:\/\/candas365.es\/noticias\/wp-content\/uploads\/2015\/01\/ayuntamiento.jpg","og:image:secure_url":"https:\/\/candas365.es\/noticias\/wp-content\/uploads\/2015\/01\/ayuntamiento.jpg","og:image:width":800,"og:image:height":600,"article:published_time":"2017-07-14T15:46:51+00:00","article:modified_time":"2017-07-14T15:46:51+00:00","article:publisher":"https:\/\/www.facebook.com\/Nachofdezber","article:author":"https:\/\/www.facebook.com\/carrenoactualidad","twitter:card":"summary_large_image","twitter:site":"@NabercoDigital","twitter:title":"Aprobadas en Carre\u00f1o las subvenciones a Asociaciones Vecinales y Entidades y programas de festejos | Cand\u00e1s 365","twitter:description":"El equipo de gobierno del Ayuntamiento de Carre\u00f1o aprob\u00f3 en la Junta de gobierno celebrada este jueves, 13 de julio, las subvenciones a Asociaciones Vecinales y Entidades y programas de festejos. \u201cLas solicitudes para ambas convocatorias se estudiaron y valoraron, con el resto de grupos pol\u00edticos, en una comisi\u00f3n ordinaria de Festejos, Turismo, Juventud y","twitter:creator":"@nbasturias","twitter:image":"https:\/\/candas365.es\/noticias\/wp-content\/uploads\/2015\/01\/ayuntamiento.jpg","twitter:label1":"Escrito por","twitter:data1":"Cand\u00e1s 365","twitter:label2":"Tiempo de lectura estimado","twitter:data2":"4 minutos"},"aioseo_meta_data":{"post_id":"75639","title":null,"description":null,"keywords":null,"keyphrases":null,"primary_term":null,"canonical_url":null,"og_title":null,"og_description":null,"og_object_type":"default","og_image_type":"default","og_image_url":null,"og_image_width":null,"og_image_height":null,"og_image_custom_url":null,"og_image_custom_fields":null,"og_video":null,"og_custom_url":null,"og_article_section":null,"og_article_tags":null,"twitter_use_og":false,"twitter_card":"default","twitter_image_type":"default","twitter_image_url":null,"twitter_image_custom_url":null,"twitter_image_custom_fields":null,"twitter_title":null,"twitter_description":null,"schema":{"blockGraphs":[],"customGraphs":[],"default":{"data":{"Article":[],"Course":[],"Dataset":[],"FAQPage":[],"Movie":[],"Person":[],"Product":[],"ProductReview":[],"Car":[],"Recipe":[],"Service":[],"SoftwareApplication":[],"WebPage":[]},"graphName":"","isEnabled":true},"graphs":[],"defaultGraph":"","defaultPostTypeGraph":""},"schema_type":null,"schema_type_options":null,"pillar_content":false,"robots_default":true,"robots_noindex":false,"robots_noarchive":false,"robots_nosnippet":false,"robots_nofollow":false,"robots_noimageindex":false,"robots_noodp":false,"robots_notranslate":false,"robots_max_snippet":null,"robots_max_videopreview":null,"robots_max_imagepreview":"large","priority":null,"frequency":null,"location":null,"local_seo":null,"seo_analyzer_scan_date":"2025-08-25 18:20:56","breadcrumb_settings":null,"limit_modified_date":false,"reviewed_by":null,"open_ai":null,"ai":null,"created":"2020-12-21 12:56:38","updated":"2025-08-25 18:20:57"},"aioseo_breadcrumb":"<div class=\"aioseo-breadcrumbs\"><span class=\"aioseo-breadcrumb\">\n\t<a href=\"https:\/\/candas365.es\/noticias\" title=\"Home\">Home<\/a>\n<\/span><span class=\"aioseo-breadcrumb-separator\">&ndash;<\/span><span class=\"aioseo-breadcrumb\">\n\t<a href=\"https:\/\/candas365.es\/noticias\/category\/noticias-carreno\/\" title=\"Noticias Carre\u00f1o\">Noticias Carre\u00f1o<\/a>\n<\/span><span class=\"aioseo-breadcrumb-separator\">&ndash;<\/span><span class=\"aioseo-breadcrumb\">\n\tAprobadas en Carre\u00f1o las subvenciones a Asociaciones Vecinales y Entidades y programas de festejos\n<\/span><\/div>","aioseo_breadcrumb_json":[{"label":"Home","link":"https:\/\/candas365.es\/noticias"},{"label":"Noticias Carre\u00f1o","link":"https:\/\/candas365.es\/noticias\/category\/noticias-carreno\/"},{"label":"Aprobadas en Carre\u00f1o las subvenciones a Asociaciones Vecinales y Entidades y programas de festejos","link":"https:\/\/candas365.es\/noticias\/aprobadas-en-carreno-las-subvenciones-a-asociaciones-vecinales-y-entidades-y-programas-de-festejos\/"}],"_links":{"self":[{"href":"https:\/\/candas365.es\/noticias\/wp-json\/wp\/v2\/posts\/75639","targetHints":{"allow":["GET"]}}],"collection":[{"href":"https:\/\/candas365.es\/noticias\/wp-json\/wp\/v2\/posts"}],"about":[{"href":"https:\/\/candas365.es\/noticias\/wp-json\/wp\/v2\/types\/post"}],"author":[{"embeddable":true,"href":"https:\/\/candas365.es\/noticias\/wp-json\/wp\/v2\/users\/1"}],"replies":[{"embeddable":true,"href":"https:\/\/candas365.es\/noticias\/wp-json\/wp\/v2\/comments?post=75639"}],"version-history":[{"count":0,"href":"https:\/\/candas365.es\/noticias\/wp-json\/wp\/v2\/posts\/75639\/revisions"}],"wp:featuredmedia":[{"embeddable":true,"href":"https:\/\/candas365.es\/noticias\/wp-json\/wp\/v2\/media\/6453"}],"wp:attachment":[{"href":"https:\/\/candas365.es\/noticias\/wp-json\/wp\/v2\/media?parent=75639"}],"wp:term":[{"taxonomy":"category","embeddable":true,"href":"https:\/\/candas365.es\/noticias\/wp-json\/wp\/v2\/categories?post=75639"},{"taxonomy":"post_tag","embeddable":true,"href":"https:\/\/candas365.es\/noticias\/wp-json\/wp\/v2\/tags?post=75639"}],"curies":[{"name":"wp","href":"https:\/\/api.w.org\/{rel}","templated":true}]}}