{"id":75636,"date":"2017-07-13T15:01:25","date_gmt":"2017-07-13T15:01:25","guid":{"rendered":"http:\/\/candas365.es\/noticias\/?p=75636"},"modified":"2017-07-13T15:01:25","modified_gmt":"2017-07-13T15:01:25","slug":"uno-de-cada-siete-vehiculos-circula-sin-la-itv-en-vigor","status":"publish","type":"post","link":"https:\/\/candas365.es\/noticias\/uno-de-cada-siete-vehiculos-circula-sin-la-itv-en-vigor\/","title":{"rendered":"Uno de cada siete veh\u00edculos circula sin la ITV en vigor"},"content":{"rendered":"<p><img decoding=\"async\" class=\"alignleft size-medium wp-image-75637\" src=\"https:\/\/candas365.es\/noticias\/wp-content\/uploads\/2017\/07\/1499843656_precio_itv-360x121.jpg\" alt=\"\" width=\"360\" height=\"121\" srcset=\"https:\/\/candas365.es\/noticias\/wp-content\/uploads\/2017\/07\/1499843656_precio_itv-360x121.jpg 360w, https:\/\/candas365.es\/noticias\/wp-content\/uploads\/2017\/07\/1499843656_precio_itv-655x221.jpg 655w, https:\/\/candas365.es\/noticias\/wp-content\/uploads\/2017\/07\/1499843656_precio_itv-696x235.jpg 696w, https:\/\/candas365.es\/noticias\/wp-content\/uploads\/2017\/07\/1499843656_precio_itv.jpg 724w\" sizes=\"(max-width: 360px) 100vw, 360px\" \/>Uno de cada siete veh\u00edculos circula por las carreteras espa\u00f1olas sin la ITV en vigor incurriendo en una infracci\u00f3n grave. El precio de la ITV en Legan\u00e9s es algo a asumir por los conductores si no quieren exponerse a las consecuencias de saltarse la ley en este sentido. En concreto, circular con la ITV caducada puede suponer multas de 200 euros. En el caso de que se haga con ella denegada, la cantidad puede ascender a los 500 euros.<\/p>\n<p>En Espa\u00f1a, seg\u00fan datos facilitados por el Ministerio del Interior, hay m\u00e1s de 2 millones de veh\u00edculos con la ITV caducada por un plazo superior a 30 d\u00edas. Por eso mismo y teniendo en cuenta el peligro que ello supone, la Direcci\u00f3n General de Tr\u00e1fico tiene previsto redoblar las campa\u00f1as para detectar si los veh\u00edculos circulan sin la ITV en vigor. Se har\u00e1 \u201cgracias a lectores de matr\u00edcula situados en las carreteras\u201d, reconocen desde centros donde se acomete esta inspecci\u00f3n t\u00e9cnica como ITV Villaviciosa. Tras detectar una infracci\u00f3n, \u201cprimero se advertir\u00e1 a los conductores y, si no solventan la situaci\u00f3n, se les impondr\u00e1 una sanci\u00f3n\u201d, advierten desde el centro.<\/p>\n<p>Lo cierto es que es algo que se lleva haciendo a\u00f1os, pero la DGT incrementar\u00e1 ahora sus esfuerzos al respecto. Estos lectores de matr\u00edcula estar\u00e1n activos durante campa\u00f1as peri\u00f3dicas de Tr\u00e1fico. Tambi\u00e9n habr\u00e1 mensajes en los paneles de informaci\u00f3n variable de las carreteras espa\u00f1olas recordando la importancia de no desatender el tema de la ITV para asegurarse de que el coche circula siempre en las mejores condiciones posibles.<\/p>\n<p>Adem\u00e1s de incrementar la actividad de los lectores de matr\u00edcula, la Direcci\u00f3n General de Tr\u00e1fico prev\u00e9 la creaci\u00f3n de un historial de los veh\u00edculos. Un documento digitalizado en el que se vayan incluyendo las reparaciones, accidentes y dem\u00e1s cuestiones relativas al mantenimiento del veh\u00edculo. Algo que de hecho \u201cagilizar\u00e1 la tarea en los centros autorizados en Espa\u00f1a para acometer la Inspecci\u00f3n T\u00e9cnica de Veh\u00edculos\u201d, reconocen desde ITV Villaviciosa.<\/p>\n","protected":false},"excerpt":{"rendered":"<p>Uno de cada siete veh\u00edculos circula por las carreteras espa\u00f1olas sin la ITV en vigor incurriendo en una infracci\u00f3n grave. El precio de la ITV en Legan\u00e9s es algo a asumir por los conductores si no quieren exponerse a las consecuencias de saltarse la ley en este sentido. En concreto, circular con la ITV caducada<\/p>\n","protected":false},"author":1,"featured_media":75637,"comment_status":"closed","ping_status":"closed","sticky":false,"template":"","format":"standard","meta":{"footnotes":""},"categories":[343],"tags":[],"class_list":{"0":"post-75636","1":"post","2":"type-post","3":"status-publish","4":"format-standard","5":"has-post-thumbnail","7":"category-actualidad"},"aioseo_notices":[],"aioseo_head":"\n\t\t<!-- All in One SEO Pro 4.9.6.2 - aioseo.com -->\n\t<meta name=\"description\" content=\"Uno de cada siete veh\u00edculos circula por las carreteras espa\u00f1olas sin la ITV en vigor incurriendo en una infracci\u00f3n grave. El precio de la ITV en Legan\u00e9s es algo a asumir por los conductores si no quieren exponerse a las consecuencias de saltarse la ley en este sentido. En concreto, circular con la ITV caducada\" \/>\n\t<meta name=\"robots\" content=\"max-image-preview:large\" \/>\n\t<meta name=\"author\" content=\"Cand\u00e1s 365\"\/>\n\t<meta name=\"google-site-verification\" content=\"UA-32230408-1\" \/>\n\t<meta name=\"msvalidate.01\" content=\"354F3CDFB2DA171B47FBE9ABF1F88D5\" \/>\n\t<meta name=\"keywords\" content=\"actualidad\" \/>\n\t<link rel=\"canonical\" href=\"https:\/\/candas365.es\/noticias\/uno-de-cada-siete-vehiculos-circula-sin-la-itv-en-vigor\/\" \/>\n\t<meta name=\"generator\" content=\"All in One SEO Pro (AIOSEO) 4.9.6.2\" \/>\n\t\t<meta property=\"og:locale\" content=\"es_ES\" \/>\n\t\t<meta property=\"og:site_name\" content=\"Cand\u00e1s 365\" \/>\n\t\t<meta property=\"og:type\" content=\"article\" \/>\n\t\t<meta property=\"og:title\" content=\"Uno de cada siete veh\u00edculos circula sin la ITV en vigor | Cand\u00e1s 365\" \/>\n\t\t<meta property=\"og:description\" content=\"Uno de cada siete veh\u00edculos circula por las carreteras espa\u00f1olas sin la ITV en vigor incurriendo en una infracci\u00f3n grave. El precio de la ITV en Legan\u00e9s es algo a asumir por los conductores si no quieren exponerse a las consecuencias de saltarse la ley en este sentido. En concreto, circular con la ITV caducada\" \/>\n\t\t<meta property=\"og:url\" content=\"https:\/\/candas365.es\/noticias\/uno-de-cada-siete-vehiculos-circula-sin-la-itv-en-vigor\/\" \/>\n\t\t<meta property=\"og:image\" content=\"https:\/\/candas365.es\/noticias\/wp-content\/uploads\/2017\/07\/1499843656_precio_itv.jpg\" \/>\n\t\t<meta property=\"og:image:secure_url\" content=\"https:\/\/candas365.es\/noticias\/wp-content\/uploads\/2017\/07\/1499843656_precio_itv.jpg\" \/>\n\t\t<meta property=\"og:image:width\" content=\"724\" \/>\n\t\t<meta property=\"og:image:height\" content=\"244\" \/>\n\t\t<meta property=\"article:published_time\" content=\"2017-07-13T15:01:25+00:00\" \/>\n\t\t<meta property=\"article:modified_time\" content=\"2017-07-13T15:01:25+00:00\" \/>\n\t\t<meta property=\"article:publisher\" content=\"https:\/\/www.facebook.com\/Nachofdezber\" \/>\n\t\t<meta property=\"article:author\" content=\"https:\/\/www.facebook.com\/carrenoactualidad\" \/>\n\t\t<meta name=\"twitter:card\" content=\"summary_large_image\" \/>\n\t\t<meta name=\"twitter:site\" content=\"@NabercoDigital\" \/>\n\t\t<meta name=\"twitter:title\" content=\"Uno de cada siete veh\u00edculos circula sin la ITV en vigor | Cand\u00e1s 365\" \/>\n\t\t<meta name=\"twitter:description\" content=\"Uno de cada siete veh\u00edculos circula por las carreteras espa\u00f1olas sin la ITV en vigor incurriendo en una infracci\u00f3n grave. El precio de la ITV en Legan\u00e9s es algo a asumir por los conductores si no quieren exponerse a las consecuencias de saltarse la ley en este sentido. En concreto, circular con la ITV caducada\" \/>\n\t\t<meta name=\"twitter:creator\" content=\"@nbasturias\" \/>\n\t\t<meta name=\"twitter:image\" content=\"https:\/\/candas365.es\/noticias\/wp-content\/uploads\/2017\/07\/1499843656_precio_itv.jpg\" \/>\n\t\t<meta name=\"twitter:label1\" content=\"Escrito por\" \/>\n\t\t<meta name=\"twitter:data1\" content=\"Cand\u00e1s 365\" \/>\n\t\t<meta name=\"twitter:label2\" content=\"Tiempo de lectura estimado\" \/>\n\t\t<meta name=\"twitter:data2\" content=\"2 minutos\" \/>\n\t\t<script type=\"application\/ld+json\" class=\"aioseo-schema\">\n\t\t\t{\"@context\":\"https:\\\/\\\/schema.org\",\"@graph\":[{\"@type\":\"BreadcrumbList\",\"@id\":\"https:\\\/\\\/candas365.es\\\/noticias\\\/uno-de-cada-siete-vehiculos-circula-sin-la-itv-en-vigor\\\/#breadcrumblist\",\"itemListElement\":[{\"@type\":\"ListItem\",\"@id\":\"https:\\\/\\\/candas365.es\\\/noticias#listItem\",\"position\":1,\"name\":\"Home\",\"item\":\"https:\\\/\\\/candas365.es\\\/noticias\",\"nextItem\":{\"@type\":\"ListItem\",\"@id\":\"https:\\\/\\\/candas365.es\\\/noticias\\\/category\\\/actualidad\\\/#listItem\",\"name\":\"Actualidad\"}},{\"@type\":\"ListItem\",\"@id\":\"https:\\\/\\\/candas365.es\\\/noticias\\\/category\\\/actualidad\\\/#listItem\",\"position\":2,\"name\":\"Actualidad\",\"item\":\"https:\\\/\\\/candas365.es\\\/noticias\\\/category\\\/actualidad\\\/\",\"nextItem\":{\"@type\":\"ListItem\",\"@id\":\"https:\\\/\\\/candas365.es\\\/noticias\\\/uno-de-cada-siete-vehiculos-circula-sin-la-itv-en-vigor\\\/#listItem\",\"name\":\"Uno de cada siete veh\\u00edculos circula sin la ITV en vigor\"},\"previousItem\":{\"@type\":\"ListItem\",\"@id\":\"https:\\\/\\\/candas365.es\\\/noticias#listItem\",\"name\":\"Home\"}},{\"@type\":\"ListItem\",\"@id\":\"https:\\\/\\\/candas365.es\\\/noticias\\\/uno-de-cada-siete-vehiculos-circula-sin-la-itv-en-vigor\\\/#listItem\",\"position\":3,\"name\":\"Uno de cada siete veh\\u00edculos circula sin la ITV en vigor\",\"previousItem\":{\"@type\":\"ListItem\",\"@id\":\"https:\\\/\\\/candas365.es\\\/noticias\\\/category\\\/actualidad\\\/#listItem\",\"name\":\"Actualidad\"}}]},{\"@type\":\"NewsArticle\",\"@id\":\"https:\\\/\\\/candas365.es\\\/noticias\\\/uno-de-cada-siete-vehiculos-circula-sin-la-itv-en-vigor\\\/#newsarticle\",\"name\":\"Uno de cada siete veh\\u00edculos circula sin la ITV en vigor | Cand\\u00e1s 365\",\"headline\":\"Uno de cada siete veh\\u00edculos circula sin la ITV en vigor\",\"author\":{\"@id\":\"https:\\\/\\\/candas365.es\\\/noticias\\\/author\\\/admin\\\/#author\"},\"publisher\":{\"@id\":\"https:\\\/\\\/candas365.es\\\/noticias\\\/#organization\"},\"image\":{\"@type\":\"ImageObject\",\"url\":\"https:\\\/\\\/candas365.es\\\/noticias\\\/wp-content\\\/uploads\\\/2017\\\/07\\\/1499843656_precio_itv.jpg\",\"width\":724,\"height\":244},\"datePublished\":\"2017-07-13T15:01:25+02:00\",\"dateModified\":\"2017-07-13T15:01:25+02:00\",\"inLanguage\":\"es-ES\",\"mainEntityOfPage\":{\"@id\":\"https:\\\/\\\/candas365.es\\\/noticias\\\/uno-de-cada-siete-vehiculos-circula-sin-la-itv-en-vigor\\\/#webpage\"},\"isPartOf\":{\"@id\":\"https:\\\/\\\/candas365.es\\\/noticias\\\/uno-de-cada-siete-vehiculos-circula-sin-la-itv-en-vigor\\\/#webpage\"},\"articleSection\":\"Actualidad\",\"dateline\":\"Publicado el julio 13, 2017.\"},{\"@type\":\"Organization\",\"@id\":\"https:\\\/\\\/candas365.es\\\/noticias\\\/#organization\",\"name\":\"Cand\\u00e1s 365\",\"description\":\"Cand\\u00e1s 365 es un diario digital independiente, fundado en 2012, con base en Asturias. Informamos con rigor sobre actualidad, sociedad, cultura y ocio, con una mirada local y global.\",\"url\":\"https:\\\/\\\/candas365.es\\\/noticias\\\/\",\"email\":\"info@candas365.es\",\"telephone\":\"+34652131393\",\"foundingDate\":\"2012-06-10\",\"logo\":{\"@type\":\"ImageObject\",\"url\":\"https:\\\/\\\/candas365.es\\\/noticias\\\/wp-content\\\/uploads\\\/2024\\\/09\\\/Candas-365-Redes.jpg\",\"@id\":\"https:\\\/\\\/candas365.es\\\/noticias\\\/uno-de-cada-siete-vehiculos-circula-sin-la-itv-en-vigor\\\/#organizationLogo\",\"width\":1152,\"height\":864,\"caption\":\"Cand\\u00e1s 365 Redes\"},\"image\":{\"@id\":\"https:\\\/\\\/candas365.es\\\/noticias\\\/uno-de-cada-siete-vehiculos-circula-sin-la-itv-en-vigor\\\/#organizationLogo\"},\"sameAs\":[\"https:\\\/\\\/www.facebook.com\\\/Nachofdezber\",\"https:\\\/\\\/x.com\\\/NabercoDigital\",\"https:\\\/\\\/www.instagram.com\\\/nachofdezber\\\/\",\"https:\\\/\\\/www.youtube.com\\\/channel\\\/UCZP-2wLEB9Rv6erhFmqVnvg\"],\"address\":{\"@id\":\"https:\\\/\\\/candas365.es\\\/noticias\\\/#postaladdress\",\"@type\":\"PostalAddress\",\"streetAddress\":\"san antonio 4, san antonio 4\",\"postalCode\":\"33430\",\"addressLocality\":\"Cand\\u00e1s\",\"addressRegion\":\"Asturias\",\"addressCountry\":\"ES\"}},{\"@type\":\"Person\",\"@id\":\"https:\\\/\\\/candas365.es\\\/noticias\\\/author\\\/admin\\\/#author\",\"url\":\"https:\\\/\\\/candas365.es\\\/noticias\\\/author\\\/admin\\\/\",\"name\":\"Cand\\u00e1s 365\",\"image\":{\"@type\":\"ImageObject\",\"@id\":\"https:\\\/\\\/candas365.es\\\/noticias\\\/uno-de-cada-siete-vehiculos-circula-sin-la-itv-en-vigor\\\/#authorImage\",\"url\":\"https:\\\/\\\/secure.gravatar.com\\\/avatar\\\/496a8e03d0c493ede1718b7934145dbdf8d89be1036b0eec9544e1094c9de390?s=96&d=mm&r=g\",\"width\":96,\"height\":96,\"caption\":\"Cand\\u00e1s 365\"},\"sameAs\":[\"https:\\\/\\\/www.facebook.com\\\/carrenoactualidad\",\"https:\\\/\\\/twitter.com\\\/nbasturias\",\"https:\\\/\\\/www.instagram.com\\\/nachofdezber\\\/\",\"https:\\\/\\\/www.youtube.com\\\/channel\\\/UCZP-2wLEB9Rv6erhFmqVnvg\"]},{\"@type\":\"WebPage\",\"@id\":\"https:\\\/\\\/candas365.es\\\/noticias\\\/uno-de-cada-siete-vehiculos-circula-sin-la-itv-en-vigor\\\/#webpage\",\"url\":\"https:\\\/\\\/candas365.es\\\/noticias\\\/uno-de-cada-siete-vehiculos-circula-sin-la-itv-en-vigor\\\/\",\"name\":\"Uno de cada siete veh\\u00edculos circula sin la ITV en vigor | Cand\\u00e1s 365\",\"description\":\"Uno de cada siete veh\\u00edculos circula por las carreteras espa\\u00f1olas sin la ITV en vigor incurriendo en una infracci\\u00f3n grave. El precio de la ITV en Legan\\u00e9s es algo a asumir por los conductores si no quieren exponerse a las consecuencias de saltarse la ley en este sentido. En concreto, circular con la ITV caducada\",\"inLanguage\":\"es-ES\",\"isPartOf\":{\"@id\":\"https:\\\/\\\/candas365.es\\\/noticias\\\/#website\"},\"breadcrumb\":{\"@id\":\"https:\\\/\\\/candas365.es\\\/noticias\\\/uno-de-cada-siete-vehiculos-circula-sin-la-itv-en-vigor\\\/#breadcrumblist\"},\"author\":{\"@id\":\"https:\\\/\\\/candas365.es\\\/noticias\\\/author\\\/admin\\\/#author\"},\"creator\":{\"@id\":\"https:\\\/\\\/candas365.es\\\/noticias\\\/author\\\/admin\\\/#author\"},\"image\":{\"@type\":\"ImageObject\",\"url\":\"https:\\\/\\\/candas365.es\\\/noticias\\\/wp-content\\\/uploads\\\/2017\\\/07\\\/1499843656_precio_itv.jpg\",\"@id\":\"https:\\\/\\\/candas365.es\\\/noticias\\\/uno-de-cada-siete-vehiculos-circula-sin-la-itv-en-vigor\\\/#mainImage\",\"width\":724,\"height\":244},\"primaryImageOfPage\":{\"@id\":\"https:\\\/\\\/candas365.es\\\/noticias\\\/uno-de-cada-siete-vehiculos-circula-sin-la-itv-en-vigor\\\/#mainImage\"},\"datePublished\":\"2017-07-13T15:01:25+02:00\",\"dateModified\":\"2017-07-13T15:01:25+02:00\"},{\"@type\":\"WebSite\",\"@id\":\"https:\\\/\\\/candas365.es\\\/noticias\\\/#website\",\"url\":\"https:\\\/\\\/candas365.es\\\/noticias\\\/\",\"name\":\"Cand\\u00e1s 365\",\"alternateName\":\"Cand\\u00e1s 365 Noticias\",\"description\":\"Actualidad desde Carre\\u00f1o para el mundo\",\"inLanguage\":\"es-ES\",\"publisher\":{\"@id\":\"https:\\\/\\\/candas365.es\\\/noticias\\\/#organization\"}}]}\n\t\t<\/script>\n\t\t<!-- All in One SEO Pro -->\r\n\t\t<title>Uno de cada siete veh\u00edculos circula sin la ITV en vigor | Cand\u00e1s 365<\/title>\n\n","aioseo_head_json":{"title":"Uno de cada siete veh\u00edculos circula sin la ITV en vigor | Cand\u00e1s 365","description":"Uno de cada siete veh\u00edculos circula por las carreteras espa\u00f1olas sin la ITV en vigor incurriendo en una infracci\u00f3n grave. El precio de la ITV en Legan\u00e9s es algo a asumir por los conductores si no quieren exponerse a las consecuencias de saltarse la ley en este sentido. En concreto, circular con la ITV caducada","canonical_url":"https:\/\/candas365.es\/noticias\/uno-de-cada-siete-vehiculos-circula-sin-la-itv-en-vigor\/","robots":"max-image-preview:large","keywords":"actualidad","webmasterTools":{"google-site-verification":"UA-32230408-1","msvalidate.01":"354F3CDFB2DA171B47FBE9ABF1F88D5","miscellaneous":""},"schema":{"@context":"https:\/\/schema.org","@graph":[{"@type":"BreadcrumbList","@id":"https:\/\/candas365.es\/noticias\/uno-de-cada-siete-vehiculos-circula-sin-la-itv-en-vigor\/#breadcrumblist","itemListElement":[{"@type":"ListItem","@id":"https:\/\/candas365.es\/noticias#listItem","position":1,"name":"Home","item":"https:\/\/candas365.es\/noticias","nextItem":{"@type":"ListItem","@id":"https:\/\/candas365.es\/noticias\/category\/actualidad\/#listItem","name":"Actualidad"}},{"@type":"ListItem","@id":"https:\/\/candas365.es\/noticias\/category\/actualidad\/#listItem","position":2,"name":"Actualidad","item":"https:\/\/candas365.es\/noticias\/category\/actualidad\/","nextItem":{"@type":"ListItem","@id":"https:\/\/candas365.es\/noticias\/uno-de-cada-siete-vehiculos-circula-sin-la-itv-en-vigor\/#listItem","name":"Uno de cada siete veh\u00edculos circula sin la ITV en vigor"},"previousItem":{"@type":"ListItem","@id":"https:\/\/candas365.es\/noticias#listItem","name":"Home"}},{"@type":"ListItem","@id":"https:\/\/candas365.es\/noticias\/uno-de-cada-siete-vehiculos-circula-sin-la-itv-en-vigor\/#listItem","position":3,"name":"Uno de cada siete veh\u00edculos circula sin la ITV en vigor","previousItem":{"@type":"ListItem","@id":"https:\/\/candas365.es\/noticias\/category\/actualidad\/#listItem","name":"Actualidad"}}]},{"@type":"NewsArticle","@id":"https:\/\/candas365.es\/noticias\/uno-de-cada-siete-vehiculos-circula-sin-la-itv-en-vigor\/#newsarticle","name":"Uno de cada siete veh\u00edculos circula sin la ITV en vigor | Cand\u00e1s 365","headline":"Uno de cada siete veh\u00edculos circula sin la ITV en vigor","author":{"@id":"https:\/\/candas365.es\/noticias\/author\/admin\/#author"},"publisher":{"@id":"https:\/\/candas365.es\/noticias\/#organization"},"image":{"@type":"ImageObject","url":"https:\/\/candas365.es\/noticias\/wp-content\/uploads\/2017\/07\/1499843656_precio_itv.jpg","width":724,"height":244},"datePublished":"2017-07-13T15:01:25+02:00","dateModified":"2017-07-13T15:01:25+02:00","inLanguage":"es-ES","mainEntityOfPage":{"@id":"https:\/\/candas365.es\/noticias\/uno-de-cada-siete-vehiculos-circula-sin-la-itv-en-vigor\/#webpage"},"isPartOf":{"@id":"https:\/\/candas365.es\/noticias\/uno-de-cada-siete-vehiculos-circula-sin-la-itv-en-vigor\/#webpage"},"articleSection":"Actualidad","dateline":"Publicado el julio 13, 2017."},{"@type":"Organization","@id":"https:\/\/candas365.es\/noticias\/#organization","name":"Cand\u00e1s 365","description":"Cand\u00e1s 365 es un diario digital independiente, fundado en 2012, con base en Asturias. Informamos con rigor sobre actualidad, sociedad, cultura y ocio, con una mirada local y global.","url":"https:\/\/candas365.es\/noticias\/","email":"info@candas365.es","telephone":"+34652131393","foundingDate":"2012-06-10","logo":{"@type":"ImageObject","url":"https:\/\/candas365.es\/noticias\/wp-content\/uploads\/2024\/09\/Candas-365-Redes.jpg","@id":"https:\/\/candas365.es\/noticias\/uno-de-cada-siete-vehiculos-circula-sin-la-itv-en-vigor\/#organizationLogo","width":1152,"height":864,"caption":"Cand\u00e1s 365 Redes"},"image":{"@id":"https:\/\/candas365.es\/noticias\/uno-de-cada-siete-vehiculos-circula-sin-la-itv-en-vigor\/#organizationLogo"},"sameAs":["https:\/\/www.facebook.com\/Nachofdezber","https:\/\/x.com\/NabercoDigital","https:\/\/www.instagram.com\/nachofdezber\/","https:\/\/www.youtube.com\/channel\/UCZP-2wLEB9Rv6erhFmqVnvg"],"address":{"@id":"https:\/\/candas365.es\/noticias\/#postaladdress","@type":"PostalAddress","streetAddress":"san antonio 4, san antonio 4","postalCode":"33430","addressLocality":"Cand\u00e1s","addressRegion":"Asturias","addressCountry":"ES"}},{"@type":"Person","@id":"https:\/\/candas365.es\/noticias\/author\/admin\/#author","url":"https:\/\/candas365.es\/noticias\/author\/admin\/","name":"Cand\u00e1s 365","image":{"@type":"ImageObject","@id":"https:\/\/candas365.es\/noticias\/uno-de-cada-siete-vehiculos-circula-sin-la-itv-en-vigor\/#authorImage","url":"https:\/\/secure.gravatar.com\/avatar\/496a8e03d0c493ede1718b7934145dbdf8d89be1036b0eec9544e1094c9de390?s=96&d=mm&r=g","width":96,"height":96,"caption":"Cand\u00e1s 365"},"sameAs":["https:\/\/www.facebook.com\/carrenoactualidad","https:\/\/twitter.com\/nbasturias","https:\/\/www.instagram.com\/nachofdezber\/","https:\/\/www.youtube.com\/channel\/UCZP-2wLEB9Rv6erhFmqVnvg"]},{"@type":"WebPage","@id":"https:\/\/candas365.es\/noticias\/uno-de-cada-siete-vehiculos-circula-sin-la-itv-en-vigor\/#webpage","url":"https:\/\/candas365.es\/noticias\/uno-de-cada-siete-vehiculos-circula-sin-la-itv-en-vigor\/","name":"Uno de cada siete veh\u00edculos circula sin la ITV en vigor | Cand\u00e1s 365","description":"Uno de cada siete veh\u00edculos circula por las carreteras espa\u00f1olas sin la ITV en vigor incurriendo en una infracci\u00f3n grave. El precio de la ITV en Legan\u00e9s es algo a asumir por los conductores si no quieren exponerse a las consecuencias de saltarse la ley en este sentido. En concreto, circular con la ITV caducada","inLanguage":"es-ES","isPartOf":{"@id":"https:\/\/candas365.es\/noticias\/#website"},"breadcrumb":{"@id":"https:\/\/candas365.es\/noticias\/uno-de-cada-siete-vehiculos-circula-sin-la-itv-en-vigor\/#breadcrumblist"},"author":{"@id":"https:\/\/candas365.es\/noticias\/author\/admin\/#author"},"creator":{"@id":"https:\/\/candas365.es\/noticias\/author\/admin\/#author"},"image":{"@type":"ImageObject","url":"https:\/\/candas365.es\/noticias\/wp-content\/uploads\/2017\/07\/1499843656_precio_itv.jpg","@id":"https:\/\/candas365.es\/noticias\/uno-de-cada-siete-vehiculos-circula-sin-la-itv-en-vigor\/#mainImage","width":724,"height":244},"primaryImageOfPage":{"@id":"https:\/\/candas365.es\/noticias\/uno-de-cada-siete-vehiculos-circula-sin-la-itv-en-vigor\/#mainImage"},"datePublished":"2017-07-13T15:01:25+02:00","dateModified":"2017-07-13T15:01:25+02:00"},{"@type":"WebSite","@id":"https:\/\/candas365.es\/noticias\/#website","url":"https:\/\/candas365.es\/noticias\/","name":"Cand\u00e1s 365","alternateName":"Cand\u00e1s 365 Noticias","description":"Actualidad desde Carre\u00f1o para el mundo","inLanguage":"es-ES","publisher":{"@id":"https:\/\/candas365.es\/noticias\/#organization"}}]},"og:locale":"es_ES","og:site_name":"Cand\u00e1s 365","og:type":"article","og:title":"Uno de cada siete veh\u00edculos circula sin la ITV en vigor | Cand\u00e1s 365","og:description":"Uno de cada siete veh\u00edculos circula por las carreteras espa\u00f1olas sin la ITV en vigor incurriendo en una infracci\u00f3n grave. El precio de la ITV en Legan\u00e9s es algo a asumir por los conductores si no quieren exponerse a las consecuencias de saltarse la ley en este sentido. En concreto, circular con la ITV caducada","og:url":"https:\/\/candas365.es\/noticias\/uno-de-cada-siete-vehiculos-circula-sin-la-itv-en-vigor\/","og:image":"https:\/\/candas365.es\/noticias\/wp-content\/uploads\/2017\/07\/1499843656_precio_itv.jpg","og:image:secure_url":"https:\/\/candas365.es\/noticias\/wp-content\/uploads\/2017\/07\/1499843656_precio_itv.jpg","og:image:width":724,"og:image:height":244,"article:published_time":"2017-07-13T15:01:25+00:00","article:modified_time":"2017-07-13T15:01:25+00:00","article:publisher":"https:\/\/www.facebook.com\/Nachofdezber","article:author":"https:\/\/www.facebook.com\/carrenoactualidad","twitter:card":"summary_large_image","twitter:site":"@NabercoDigital","twitter:title":"Uno de cada siete veh\u00edculos circula sin la ITV en vigor | Cand\u00e1s 365","twitter:description":"Uno de cada siete veh\u00edculos circula por las carreteras espa\u00f1olas sin la ITV en vigor incurriendo en una infracci\u00f3n grave. El precio de la ITV en Legan\u00e9s es algo a asumir por los conductores si no quieren exponerse a las consecuencias de saltarse la ley en este sentido. En concreto, circular con la ITV caducada","twitter:creator":"@nbasturias","twitter:image":"https:\/\/candas365.es\/noticias\/wp-content\/uploads\/2017\/07\/1499843656_precio_itv.jpg","twitter:label1":"Escrito por","twitter:data1":"Cand\u00e1s 365","twitter:label2":"Tiempo de lectura estimado","twitter:data2":"2 minutos"},"aioseo_meta_data":{"post_id":"75636","title":null,"description":null,"keywords":null,"keyphrases":null,"primary_term":null,"canonical_url":null,"og_title":null,"og_description":null,"og_object_type":"default","og_image_type":"default","og_image_url":null,"og_image_width":null,"og_image_height":null,"og_image_custom_url":null,"og_image_custom_fields":null,"og_video":null,"og_custom_url":null,"og_article_section":null,"og_article_tags":null,"twitter_use_og":false,"twitter_card":"default","twitter_image_type":"default","twitter_image_url":null,"twitter_image_custom_url":null,"twitter_image_custom_fields":null,"twitter_title":null,"twitter_description":null,"schema":{"blockGraphs":[],"customGraphs":[],"default":{"data":{"Article":[],"Course":[],"Dataset":[],"FAQPage":[],"Movie":[],"Person":[],"Product":[],"ProductReview":[],"Car":[],"Recipe":[],"Service":[],"SoftwareApplication":[],"WebPage":[]},"graphName":"","isEnabled":true},"graphs":[]},"schema_type":null,"schema_type_options":null,"pillar_content":false,"robots_default":true,"robots_noindex":false,"robots_noarchive":false,"robots_nosnippet":false,"robots_nofollow":false,"robots_noimageindex":false,"robots_noodp":false,"robots_notranslate":false,"robots_max_snippet":null,"robots_max_videopreview":null,"robots_max_imagepreview":"large","priority":null,"frequency":null,"location":null,"local_seo":null,"seo_analyzer_scan_date":"2025-08-25 18:20:55","breadcrumb_settings":null,"limit_modified_date":false,"reviewed_by":null,"open_ai":null,"ai":null,"created":"2020-12-21 12:56:38","updated":"2025-08-25 18:20:55"},"aioseo_breadcrumb":"<div class=\"aioseo-breadcrumbs\"><span class=\"aioseo-breadcrumb\">\n\t<a href=\"https:\/\/candas365.es\/noticias\" title=\"Home\">Home<\/a>\n<\/span><span class=\"aioseo-breadcrumb-separator\">&ndash;<\/span><span class=\"aioseo-breadcrumb\">\n\t<a href=\"https:\/\/candas365.es\/noticias\/category\/actualidad\/\" title=\"Actualidad\">Actualidad<\/a>\n<\/span><span class=\"aioseo-breadcrumb-separator\">&ndash;<\/span><span class=\"aioseo-breadcrumb\">\n\tUno de cada siete veh\u00edculos circula sin la ITV en vigor\n<\/span><\/div>","aioseo_breadcrumb_json":[{"label":"Home","link":"https:\/\/candas365.es\/noticias"},{"label":"Actualidad","link":"https:\/\/candas365.es\/noticias\/category\/actualidad\/"},{"label":"Uno de cada siete veh\u00edculos circula sin la ITV en vigor","link":"https:\/\/candas365.es\/noticias\/uno-de-cada-siete-vehiculos-circula-sin-la-itv-en-vigor\/"}],"_links":{"self":[{"href":"https:\/\/candas365.es\/noticias\/wp-json\/wp\/v2\/posts\/75636","targetHints":{"allow":["GET"]}}],"collection":[{"href":"https:\/\/candas365.es\/noticias\/wp-json\/wp\/v2\/posts"}],"about":[{"href":"https:\/\/candas365.es\/noticias\/wp-json\/wp\/v2\/types\/post"}],"author":[{"embeddable":true,"href":"https:\/\/candas365.es\/noticias\/wp-json\/wp\/v2\/users\/1"}],"replies":[{"embeddable":true,"href":"https:\/\/candas365.es\/noticias\/wp-json\/wp\/v2\/comments?post=75636"}],"version-history":[{"count":0,"href":"https:\/\/candas365.es\/noticias\/wp-json\/wp\/v2\/posts\/75636\/revisions"}],"wp:featuredmedia":[{"embeddable":true,"href":"https:\/\/candas365.es\/noticias\/wp-json\/wp\/v2\/media\/75637"}],"wp:attachment":[{"href":"https:\/\/candas365.es\/noticias\/wp-json\/wp\/v2\/media?parent=75636"}],"wp:term":[{"taxonomy":"category","embeddable":true,"href":"https:\/\/candas365.es\/noticias\/wp-json\/wp\/v2\/categories?post=75636"},{"taxonomy":"post_tag","embeddable":true,"href":"https:\/\/candas365.es\/noticias\/wp-json\/wp\/v2\/tags?post=75636"}],"curies":[{"name":"wp","href":"https:\/\/api.w.org\/{rel}","templated":true}]}}