{"id":75633,"date":"2017-07-13T15:00:18","date_gmt":"2017-07-13T15:00:18","guid":{"rendered":"http:\/\/candas365.es\/noticias\/?p=75633"},"modified":"2017-07-13T15:00:18","modified_gmt":"2017-07-13T15:00:18","slug":"estudiar-moda-el-sueno-de-muchos-jovenes","status":"publish","type":"post","link":"https:\/\/candas365.es\/noticias\/estudiar-moda-el-sueno-de-muchos-jovenes\/","title":{"rendered":"Estudiar moda, el sue\u00f1o de muchos j\u00f3venes"},"content":{"rendered":"<p><img fetchpriority=\"high\" decoding=\"async\" class=\"alignleft size-medium wp-image-75634\" src=\"https:\/\/candas365.es\/noticias\/wp-content\/uploads\/2017\/07\/1499858254_IED_Madrid_58_-199x300.jpg\" alt=\"\" width=\"199\" height=\"300\" srcset=\"https:\/\/candas365.es\/noticias\/wp-content\/uploads\/2017\/07\/1499858254_IED_Madrid_58_-199x300.jpg 199w, https:\/\/candas365.es\/noticias\/wp-content\/uploads\/2017\/07\/1499858254_IED_Madrid_58_-319x480.jpg 319w, https:\/\/candas365.es\/noticias\/wp-content\/uploads\/2017\/07\/1499858254_IED_Madrid_58_-279x420.jpg 279w, https:\/\/candas365.es\/noticias\/wp-content\/uploads\/2017\/07\/1499858254_IED_Madrid_58_.jpg 680w\" sizes=\"(max-width: 199px) 100vw, 199px\" \/>Trabajar en la industria textil es, desde hace aproximadamente un lustro, una tendencia en alza entre las encuestas que preguntan a j\u00f3venes preuniversitarios a qu\u00e9 querr\u00edan dedicarse en el futuro<\/p>\n<p>Estudiar dise\u00f1o de moda es clave para formarse como dise\u00f1ador y poder acceder tanto a crear una colecci\u00f3n propia como a trabajar para una de las empresas creadoras de moda que existen en Espa\u00f1a &#8211; La moda contin\u00faa ganando peso en la econom\u00eda espa\u00f1ola y alcanza actualmente el 2,9% del PIB, siendo uno de los sectores econ\u00f3micos m\u00e1s importantes de Espa\u00f1a, con una contribuci\u00f3n a la renta del pa\u00eds semejante, por ejemplo, a la del sector primario, o la banca y los seguros. Alrededor de un 5% de la poblaci\u00f3n de nuestro pa\u00eds est\u00e1 empleada en este campo: da trabajo tanto a modistas, dise\u00f1adores, curtidores, patronistas y jefes de compras, entre otros, en las m\u00e1s de 6.800 empresas y marcas espa\u00f1olas dedicadas a la moda, el calzado y los accesorios.<\/p>\n<p>Entre las filas de grandes marcas espa\u00f1olas como Zara, Mando, Loewe, Cortefiel, Adolfo Dominguez o El Ganso, se encuentran alumnos formados por escuelas y profesores que han hecho posible que nuestro pa\u00eds sea l\u00edder en un sector que no deja de demandar cada vez m\u00e1s profesionales y, sobre todo, cada vez m\u00e1s cualificados. Tanto as\u00ed que a la moda se le ha concedido rango de Grado en la universidad.<\/p>\n<p><strong>Amplia oferta de programas<\/strong><\/p>\n<p>La oferta acad\u00e9mica de especializaci\u00f3n en Moda a nivel nacional es amplia, y se divide en carreras de grado, formaci\u00f3n profesional, m\u00e1steres y cursos especializados. Algunos de los centros m\u00e1s prestigiosos del pa\u00eds son el IED Madrid, Elisava en Barcelona, o Goymar en Galicia.<\/p>\n<p>El IED Madrid ofrece grados, formaci\u00f3n profesional, m\u00e1steres y cursos de especializaci\u00f3n. Tiene un grado oficial de 4 a\u00f1os en Dise\u00f1o de Moda, centrado en el trabajo y la experiencia en talleres de dise\u00f1o, para \u201caprender haciendo\u201d. Cuenta con acuerdos con algunas de las m\u00e1s importantes firmas espa\u00f1olas, con las que colaboran habitualmente. Sus alumnos siempre est\u00e1n entre los ganadores o finalistas de concursos como el Samsung EGO de la MBFW, Elle Fashion Show o Vogue Who\u2019s on Next. Tambi\u00e9n tiene un curso de formaci\u00f3n profesional de Patronaje y Moda, o un curso de un a\u00f1o de Sastrer\u00eda, as\u00ed como cursos m\u00e1s cortos de especializaciones espec\u00edficas. Sus m\u00e1steres van desde el Dise\u00f1o de Moda, a la Comunicaci\u00f3n, Estilismo o Direcci\u00f3n y Gesti\u00f3n de Empresas de Moda.<\/p>\n<p>La escuela barcelonesa Institut Catal\u00e1 de la Moda ofrece estudios superiores en Dise\u00f1o de Moda y tambi\u00e9n en Patronaje Industrial. Cuenta tambi\u00e9n con programas de Postgrado de car\u00e1cter profesionalizador y su oferta se complementa con variado abanico de cursos de especializaci\u00f3n, workshops y cursos intensivos de verano.<\/p>\n<p>La escuela de Dise\u00f1o y Moda Goymar, en La Coru\u00f1a, tiene cursos de 3 a\u00f1os en Dise\u00f1o de Moda, bienales de Patronaje, y varios cursos de especializaci\u00f3n. Se instruye en La Coru\u00f1a, y se centra en el proceso de creaci\u00f3n y desarrollo de una colecci\u00f3n, desde la interpretaci\u00f3n de las tendencias a la presentaci\u00f3n del resultado. Es ideal para trabajar como t\u00e9cnico en producci\u00f3n en un taller de dise\u00f1o o en una agencia de publicidad.<\/p>\n","protected":false},"excerpt":{"rendered":"<p>Trabajar en la industria textil es, desde hace aproximadamente un lustro, una tendencia en alza entre las encuestas que preguntan a j\u00f3venes preuniversitarios a qu\u00e9 querr\u00edan dedicarse en el futuro Estudiar dise\u00f1o de moda es clave para formarse como dise\u00f1ador y poder acceder tanto a crear una colecci\u00f3n propia como a trabajar para una de<\/p>\n","protected":false},"author":1,"featured_media":75634,"comment_status":"closed","ping_status":"closed","sticky":false,"template":"","format":"standard","meta":{"footnotes":""},"categories":[143],"tags":[],"class_list":{"0":"post-75633","1":"post","2":"type-post","3":"status-publish","4":"format-standard","5":"has-post-thumbnail","7":"category-sociedad"},"aioseo_notices":[],"aioseo_head":"\n\t\t<!-- All in One SEO Pro 4.9.6.2 - aioseo.com -->\n\t<meta name=\"description\" content=\"Trabajar en la industria textil es, desde hace aproximadamente un lustro, una tendencia en alza entre las encuestas que preguntan a j\u00f3venes preuniversitarios a qu\u00e9 querr\u00edan dedicarse en el futuro Estudiar dise\u00f1o de moda es clave para formarse como dise\u00f1ador y poder acceder tanto a crear una colecci\u00f3n propia como a trabajar para una de\" \/>\n\t<meta name=\"robots\" content=\"max-image-preview:large\" \/>\n\t<meta name=\"author\" content=\"Cand\u00e1s 365\"\/>\n\t<meta name=\"google-site-verification\" content=\"UA-32230408-1\" \/>\n\t<meta name=\"msvalidate.01\" content=\"354F3CDFB2DA171B47FBE9ABF1F88D5\" \/>\n\t<meta name=\"keywords\" content=\"sociedad\" \/>\n\t<link rel=\"canonical\" href=\"https:\/\/candas365.es\/noticias\/estudiar-moda-el-sueno-de-muchos-jovenes\/\" \/>\n\t<meta name=\"generator\" content=\"All in One SEO Pro (AIOSEO) 4.9.6.2\" \/>\n\t\t<meta property=\"og:locale\" content=\"es_ES\" \/>\n\t\t<meta property=\"og:site_name\" content=\"Cand\u00e1s 365\" \/>\n\t\t<meta property=\"og:type\" content=\"article\" \/>\n\t\t<meta property=\"og:title\" content=\"Estudiar moda, el sue\u00f1o de muchos j\u00f3venes | Cand\u00e1s 365\" \/>\n\t\t<meta property=\"og:description\" content=\"Trabajar en la industria textil es, desde hace aproximadamente un lustro, una tendencia en alza entre las encuestas que preguntan a j\u00f3venes preuniversitarios a qu\u00e9 querr\u00edan dedicarse en el futuro Estudiar dise\u00f1o de moda es clave para formarse como dise\u00f1ador y poder acceder tanto a crear una colecci\u00f3n propia como a trabajar para una de\" \/>\n\t\t<meta property=\"og:url\" content=\"https:\/\/candas365.es\/noticias\/estudiar-moda-el-sueno-de-muchos-jovenes\/\" \/>\n\t\t<meta property=\"og:image\" content=\"https:\/\/candas365.es\/noticias\/wp-content\/uploads\/2017\/07\/1499858254_IED_Madrid_58_.jpg\" \/>\n\t\t<meta property=\"og:image:secure_url\" content=\"https:\/\/candas365.es\/noticias\/wp-content\/uploads\/2017\/07\/1499858254_IED_Madrid_58_.jpg\" \/>\n\t\t<meta property=\"og:image:width\" content=\"680\" \/>\n\t\t<meta property=\"og:image:height\" content=\"1024\" \/>\n\t\t<meta property=\"article:published_time\" content=\"2017-07-13T15:00:18+00:00\" \/>\n\t\t<meta property=\"article:modified_time\" content=\"2017-07-13T15:00:18+00:00\" \/>\n\t\t<meta property=\"article:publisher\" content=\"https:\/\/www.facebook.com\/Nachofdezber\" \/>\n\t\t<meta property=\"article:author\" content=\"https:\/\/www.facebook.com\/carrenoactualidad\" \/>\n\t\t<meta name=\"twitter:card\" content=\"summary_large_image\" \/>\n\t\t<meta name=\"twitter:site\" content=\"@NabercoDigital\" \/>\n\t\t<meta name=\"twitter:title\" content=\"Estudiar moda, el sue\u00f1o de muchos j\u00f3venes | Cand\u00e1s 365\" \/>\n\t\t<meta name=\"twitter:description\" content=\"Trabajar en la industria textil es, desde hace aproximadamente un lustro, una tendencia en alza entre las encuestas que preguntan a j\u00f3venes preuniversitarios a qu\u00e9 querr\u00edan dedicarse en el futuro Estudiar dise\u00f1o de moda es clave para formarse como dise\u00f1ador y poder acceder tanto a crear una colecci\u00f3n propia como a trabajar para una de\" \/>\n\t\t<meta name=\"twitter:creator\" content=\"@nbasturias\" \/>\n\t\t<meta name=\"twitter:image\" content=\"https:\/\/candas365.es\/noticias\/wp-content\/uploads\/2017\/07\/1499858254_IED_Madrid_58_.jpg\" \/>\n\t\t<meta name=\"twitter:label1\" content=\"Escrito por\" \/>\n\t\t<meta name=\"twitter:data1\" content=\"Cand\u00e1s 365\" \/>\n\t\t<meta name=\"twitter:label2\" content=\"Tiempo de lectura estimado\" \/>\n\t\t<meta name=\"twitter:data2\" content=\"3 minutos\" \/>\n\t\t<script type=\"application\/ld+json\" class=\"aioseo-schema\">\n\t\t\t{\"@context\":\"https:\\\/\\\/schema.org\",\"@graph\":[{\"@type\":\"BreadcrumbList\",\"@id\":\"https:\\\/\\\/candas365.es\\\/noticias\\\/estudiar-moda-el-sueno-de-muchos-jovenes\\\/#breadcrumblist\",\"itemListElement\":[{\"@type\":\"ListItem\",\"@id\":\"https:\\\/\\\/candas365.es\\\/noticias#listItem\",\"position\":1,\"name\":\"Home\",\"item\":\"https:\\\/\\\/candas365.es\\\/noticias\",\"nextItem\":{\"@type\":\"ListItem\",\"@id\":\"https:\\\/\\\/candas365.es\\\/noticias\\\/category\\\/sociedad\\\/#listItem\",\"name\":\"Sociedad\"}},{\"@type\":\"ListItem\",\"@id\":\"https:\\\/\\\/candas365.es\\\/noticias\\\/category\\\/sociedad\\\/#listItem\",\"position\":2,\"name\":\"Sociedad\",\"item\":\"https:\\\/\\\/candas365.es\\\/noticias\\\/category\\\/sociedad\\\/\",\"nextItem\":{\"@type\":\"ListItem\",\"@id\":\"https:\\\/\\\/candas365.es\\\/noticias\\\/estudiar-moda-el-sueno-de-muchos-jovenes\\\/#listItem\",\"name\":\"Estudiar moda, el sue\\u00f1o de muchos j\\u00f3venes\"},\"previousItem\":{\"@type\":\"ListItem\",\"@id\":\"https:\\\/\\\/candas365.es\\\/noticias#listItem\",\"name\":\"Home\"}},{\"@type\":\"ListItem\",\"@id\":\"https:\\\/\\\/candas365.es\\\/noticias\\\/estudiar-moda-el-sueno-de-muchos-jovenes\\\/#listItem\",\"position\":3,\"name\":\"Estudiar moda, el sue\\u00f1o de muchos j\\u00f3venes\",\"previousItem\":{\"@type\":\"ListItem\",\"@id\":\"https:\\\/\\\/candas365.es\\\/noticias\\\/category\\\/sociedad\\\/#listItem\",\"name\":\"Sociedad\"}}]},{\"@type\":\"NewsArticle\",\"@id\":\"https:\\\/\\\/candas365.es\\\/noticias\\\/estudiar-moda-el-sueno-de-muchos-jovenes\\\/#newsarticle\",\"name\":\"Estudiar moda, el sue\\u00f1o de muchos j\\u00f3venes | Cand\\u00e1s 365\",\"headline\":\"Estudiar moda, el sue\\u00f1o de muchos j\\u00f3venes\",\"author\":{\"@id\":\"https:\\\/\\\/candas365.es\\\/noticias\\\/author\\\/admin\\\/#author\"},\"publisher\":{\"@id\":\"https:\\\/\\\/candas365.es\\\/noticias\\\/#organization\"},\"image\":{\"@type\":\"ImageObject\",\"url\":\"https:\\\/\\\/candas365.es\\\/noticias\\\/wp-content\\\/uploads\\\/2017\\\/07\\\/1499858254_IED_Madrid_58_.jpg\",\"width\":680,\"height\":1024},\"datePublished\":\"2017-07-13T15:00:18+02:00\",\"dateModified\":\"2017-07-13T15:00:18+02:00\",\"inLanguage\":\"es-ES\",\"mainEntityOfPage\":{\"@id\":\"https:\\\/\\\/candas365.es\\\/noticias\\\/estudiar-moda-el-sueno-de-muchos-jovenes\\\/#webpage\"},\"isPartOf\":{\"@id\":\"https:\\\/\\\/candas365.es\\\/noticias\\\/estudiar-moda-el-sueno-de-muchos-jovenes\\\/#webpage\"},\"articleSection\":\"Sociedad\",\"dateline\":\"Publicado el julio 13, 2017.\"},{\"@type\":\"Organization\",\"@id\":\"https:\\\/\\\/candas365.es\\\/noticias\\\/#organization\",\"name\":\"Cand\\u00e1s 365\",\"description\":\"Cand\\u00e1s 365 es un diario digital independiente, fundado en 2012, con base en Asturias. Informamos con rigor sobre actualidad, sociedad, cultura y ocio, con una mirada local y global.\",\"url\":\"https:\\\/\\\/candas365.es\\\/noticias\\\/\",\"email\":\"info@candas365.es\",\"telephone\":\"+34652131393\",\"foundingDate\":\"2012-06-10\",\"logo\":{\"@type\":\"ImageObject\",\"url\":\"https:\\\/\\\/candas365.es\\\/noticias\\\/wp-content\\\/uploads\\\/2024\\\/09\\\/Candas-365-Redes.jpg\",\"@id\":\"https:\\\/\\\/candas365.es\\\/noticias\\\/estudiar-moda-el-sueno-de-muchos-jovenes\\\/#organizationLogo\",\"width\":1152,\"height\":864,\"caption\":\"Cand\\u00e1s 365 Redes\"},\"image\":{\"@id\":\"https:\\\/\\\/candas365.es\\\/noticias\\\/estudiar-moda-el-sueno-de-muchos-jovenes\\\/#organizationLogo\"},\"sameAs\":[\"https:\\\/\\\/www.facebook.com\\\/Nachofdezber\",\"https:\\\/\\\/x.com\\\/NabercoDigital\",\"https:\\\/\\\/www.instagram.com\\\/nachofdezber\\\/\",\"https:\\\/\\\/www.youtube.com\\\/channel\\\/UCZP-2wLEB9Rv6erhFmqVnvg\"],\"address\":{\"@id\":\"https:\\\/\\\/candas365.es\\\/noticias\\\/#postaladdress\",\"@type\":\"PostalAddress\",\"streetAddress\":\"san antonio 4, san antonio 4\",\"postalCode\":\"33430\",\"addressLocality\":\"Cand\\u00e1s\",\"addressRegion\":\"Asturias\",\"addressCountry\":\"ES\"}},{\"@type\":\"Person\",\"@id\":\"https:\\\/\\\/candas365.es\\\/noticias\\\/author\\\/admin\\\/#author\",\"url\":\"https:\\\/\\\/candas365.es\\\/noticias\\\/author\\\/admin\\\/\",\"name\":\"Cand\\u00e1s 365\",\"image\":{\"@type\":\"ImageObject\",\"@id\":\"https:\\\/\\\/candas365.es\\\/noticias\\\/estudiar-moda-el-sueno-de-muchos-jovenes\\\/#authorImage\",\"url\":\"https:\\\/\\\/secure.gravatar.com\\\/avatar\\\/496a8e03d0c493ede1718b7934145dbdf8d89be1036b0eec9544e1094c9de390?s=96&d=mm&r=g\",\"width\":96,\"height\":96,\"caption\":\"Cand\\u00e1s 365\"},\"sameAs\":[\"https:\\\/\\\/www.facebook.com\\\/carrenoactualidad\",\"https:\\\/\\\/twitter.com\\\/nbasturias\",\"https:\\\/\\\/www.instagram.com\\\/nachofdezber\\\/\",\"https:\\\/\\\/www.youtube.com\\\/channel\\\/UCZP-2wLEB9Rv6erhFmqVnvg\"]},{\"@type\":\"WebPage\",\"@id\":\"https:\\\/\\\/candas365.es\\\/noticias\\\/estudiar-moda-el-sueno-de-muchos-jovenes\\\/#webpage\",\"url\":\"https:\\\/\\\/candas365.es\\\/noticias\\\/estudiar-moda-el-sueno-de-muchos-jovenes\\\/\",\"name\":\"Estudiar moda, el sue\\u00f1o de muchos j\\u00f3venes | Cand\\u00e1s 365\",\"description\":\"Trabajar en la industria textil es, desde hace aproximadamente un lustro, una tendencia en alza entre las encuestas que preguntan a j\\u00f3venes preuniversitarios a qu\\u00e9 querr\\u00edan dedicarse en el futuro Estudiar dise\\u00f1o de moda es clave para formarse como dise\\u00f1ador y poder acceder tanto a crear una colecci\\u00f3n propia como a trabajar para una de\",\"inLanguage\":\"es-ES\",\"isPartOf\":{\"@id\":\"https:\\\/\\\/candas365.es\\\/noticias\\\/#website\"},\"breadcrumb\":{\"@id\":\"https:\\\/\\\/candas365.es\\\/noticias\\\/estudiar-moda-el-sueno-de-muchos-jovenes\\\/#breadcrumblist\"},\"author\":{\"@id\":\"https:\\\/\\\/candas365.es\\\/noticias\\\/author\\\/admin\\\/#author\"},\"creator\":{\"@id\":\"https:\\\/\\\/candas365.es\\\/noticias\\\/author\\\/admin\\\/#author\"},\"image\":{\"@type\":\"ImageObject\",\"url\":\"https:\\\/\\\/candas365.es\\\/noticias\\\/wp-content\\\/uploads\\\/2017\\\/07\\\/1499858254_IED_Madrid_58_.jpg\",\"@id\":\"https:\\\/\\\/candas365.es\\\/noticias\\\/estudiar-moda-el-sueno-de-muchos-jovenes\\\/#mainImage\",\"width\":680,\"height\":1024},\"primaryImageOfPage\":{\"@id\":\"https:\\\/\\\/candas365.es\\\/noticias\\\/estudiar-moda-el-sueno-de-muchos-jovenes\\\/#mainImage\"},\"datePublished\":\"2017-07-13T15:00:18+02:00\",\"dateModified\":\"2017-07-13T15:00:18+02:00\"},{\"@type\":\"WebSite\",\"@id\":\"https:\\\/\\\/candas365.es\\\/noticias\\\/#website\",\"url\":\"https:\\\/\\\/candas365.es\\\/noticias\\\/\",\"name\":\"Cand\\u00e1s 365\",\"alternateName\":\"Cand\\u00e1s 365 Noticias\",\"description\":\"Actualidad desde Carre\\u00f1o para el mundo\",\"inLanguage\":\"es-ES\",\"publisher\":{\"@id\":\"https:\\\/\\\/candas365.es\\\/noticias\\\/#organization\"}}]}\n\t\t<\/script>\n\t\t<!-- All in One SEO Pro -->\r\n\t\t<title>Estudiar moda, el sue\u00f1o de muchos j\u00f3venes | Cand\u00e1s 365<\/title>\n\n","aioseo_head_json":{"title":"Estudiar moda, el sue\u00f1o de muchos j\u00f3venes | Cand\u00e1s 365","description":"Trabajar en la industria textil es, desde hace aproximadamente un lustro, una tendencia en alza entre las encuestas que preguntan a j\u00f3venes preuniversitarios a qu\u00e9 querr\u00edan dedicarse en el futuro Estudiar dise\u00f1o de moda es clave para formarse como dise\u00f1ador y poder acceder tanto a crear una colecci\u00f3n propia como a trabajar para una de","canonical_url":"https:\/\/candas365.es\/noticias\/estudiar-moda-el-sueno-de-muchos-jovenes\/","robots":"max-image-preview:large","keywords":"sociedad","webmasterTools":{"google-site-verification":"UA-32230408-1","msvalidate.01":"354F3CDFB2DA171B47FBE9ABF1F88D5","miscellaneous":""},"schema":{"@context":"https:\/\/schema.org","@graph":[{"@type":"BreadcrumbList","@id":"https:\/\/candas365.es\/noticias\/estudiar-moda-el-sueno-de-muchos-jovenes\/#breadcrumblist","itemListElement":[{"@type":"ListItem","@id":"https:\/\/candas365.es\/noticias#listItem","position":1,"name":"Home","item":"https:\/\/candas365.es\/noticias","nextItem":{"@type":"ListItem","@id":"https:\/\/candas365.es\/noticias\/category\/sociedad\/#listItem","name":"Sociedad"}},{"@type":"ListItem","@id":"https:\/\/candas365.es\/noticias\/category\/sociedad\/#listItem","position":2,"name":"Sociedad","item":"https:\/\/candas365.es\/noticias\/category\/sociedad\/","nextItem":{"@type":"ListItem","@id":"https:\/\/candas365.es\/noticias\/estudiar-moda-el-sueno-de-muchos-jovenes\/#listItem","name":"Estudiar moda, el sue\u00f1o de muchos j\u00f3venes"},"previousItem":{"@type":"ListItem","@id":"https:\/\/candas365.es\/noticias#listItem","name":"Home"}},{"@type":"ListItem","@id":"https:\/\/candas365.es\/noticias\/estudiar-moda-el-sueno-de-muchos-jovenes\/#listItem","position":3,"name":"Estudiar moda, el sue\u00f1o de muchos j\u00f3venes","previousItem":{"@type":"ListItem","@id":"https:\/\/candas365.es\/noticias\/category\/sociedad\/#listItem","name":"Sociedad"}}]},{"@type":"NewsArticle","@id":"https:\/\/candas365.es\/noticias\/estudiar-moda-el-sueno-de-muchos-jovenes\/#newsarticle","name":"Estudiar moda, el sue\u00f1o de muchos j\u00f3venes | Cand\u00e1s 365","headline":"Estudiar moda, el sue\u00f1o de muchos j\u00f3venes","author":{"@id":"https:\/\/candas365.es\/noticias\/author\/admin\/#author"},"publisher":{"@id":"https:\/\/candas365.es\/noticias\/#organization"},"image":{"@type":"ImageObject","url":"https:\/\/candas365.es\/noticias\/wp-content\/uploads\/2017\/07\/1499858254_IED_Madrid_58_.jpg","width":680,"height":1024},"datePublished":"2017-07-13T15:00:18+02:00","dateModified":"2017-07-13T15:00:18+02:00","inLanguage":"es-ES","mainEntityOfPage":{"@id":"https:\/\/candas365.es\/noticias\/estudiar-moda-el-sueno-de-muchos-jovenes\/#webpage"},"isPartOf":{"@id":"https:\/\/candas365.es\/noticias\/estudiar-moda-el-sueno-de-muchos-jovenes\/#webpage"},"articleSection":"Sociedad","dateline":"Publicado el julio 13, 2017."},{"@type":"Organization","@id":"https:\/\/candas365.es\/noticias\/#organization","name":"Cand\u00e1s 365","description":"Cand\u00e1s 365 es un diario digital independiente, fundado en 2012, con base en Asturias. Informamos con rigor sobre actualidad, sociedad, cultura y ocio, con una mirada local y global.","url":"https:\/\/candas365.es\/noticias\/","email":"info@candas365.es","telephone":"+34652131393","foundingDate":"2012-06-10","logo":{"@type":"ImageObject","url":"https:\/\/candas365.es\/noticias\/wp-content\/uploads\/2024\/09\/Candas-365-Redes.jpg","@id":"https:\/\/candas365.es\/noticias\/estudiar-moda-el-sueno-de-muchos-jovenes\/#organizationLogo","width":1152,"height":864,"caption":"Cand\u00e1s 365 Redes"},"image":{"@id":"https:\/\/candas365.es\/noticias\/estudiar-moda-el-sueno-de-muchos-jovenes\/#organizationLogo"},"sameAs":["https:\/\/www.facebook.com\/Nachofdezber","https:\/\/x.com\/NabercoDigital","https:\/\/www.instagram.com\/nachofdezber\/","https:\/\/www.youtube.com\/channel\/UCZP-2wLEB9Rv6erhFmqVnvg"],"address":{"@id":"https:\/\/candas365.es\/noticias\/#postaladdress","@type":"PostalAddress","streetAddress":"san antonio 4, san antonio 4","postalCode":"33430","addressLocality":"Cand\u00e1s","addressRegion":"Asturias","addressCountry":"ES"}},{"@type":"Person","@id":"https:\/\/candas365.es\/noticias\/author\/admin\/#author","url":"https:\/\/candas365.es\/noticias\/author\/admin\/","name":"Cand\u00e1s 365","image":{"@type":"ImageObject","@id":"https:\/\/candas365.es\/noticias\/estudiar-moda-el-sueno-de-muchos-jovenes\/#authorImage","url":"https:\/\/secure.gravatar.com\/avatar\/496a8e03d0c493ede1718b7934145dbdf8d89be1036b0eec9544e1094c9de390?s=96&d=mm&r=g","width":96,"height":96,"caption":"Cand\u00e1s 365"},"sameAs":["https:\/\/www.facebook.com\/carrenoactualidad","https:\/\/twitter.com\/nbasturias","https:\/\/www.instagram.com\/nachofdezber\/","https:\/\/www.youtube.com\/channel\/UCZP-2wLEB9Rv6erhFmqVnvg"]},{"@type":"WebPage","@id":"https:\/\/candas365.es\/noticias\/estudiar-moda-el-sueno-de-muchos-jovenes\/#webpage","url":"https:\/\/candas365.es\/noticias\/estudiar-moda-el-sueno-de-muchos-jovenes\/","name":"Estudiar moda, el sue\u00f1o de muchos j\u00f3venes | Cand\u00e1s 365","description":"Trabajar en la industria textil es, desde hace aproximadamente un lustro, una tendencia en alza entre las encuestas que preguntan a j\u00f3venes preuniversitarios a qu\u00e9 querr\u00edan dedicarse en el futuro Estudiar dise\u00f1o de moda es clave para formarse como dise\u00f1ador y poder acceder tanto a crear una colecci\u00f3n propia como a trabajar para una de","inLanguage":"es-ES","isPartOf":{"@id":"https:\/\/candas365.es\/noticias\/#website"},"breadcrumb":{"@id":"https:\/\/candas365.es\/noticias\/estudiar-moda-el-sueno-de-muchos-jovenes\/#breadcrumblist"},"author":{"@id":"https:\/\/candas365.es\/noticias\/author\/admin\/#author"},"creator":{"@id":"https:\/\/candas365.es\/noticias\/author\/admin\/#author"},"image":{"@type":"ImageObject","url":"https:\/\/candas365.es\/noticias\/wp-content\/uploads\/2017\/07\/1499858254_IED_Madrid_58_.jpg","@id":"https:\/\/candas365.es\/noticias\/estudiar-moda-el-sueno-de-muchos-jovenes\/#mainImage","width":680,"height":1024},"primaryImageOfPage":{"@id":"https:\/\/candas365.es\/noticias\/estudiar-moda-el-sueno-de-muchos-jovenes\/#mainImage"},"datePublished":"2017-07-13T15:00:18+02:00","dateModified":"2017-07-13T15:00:18+02:00"},{"@type":"WebSite","@id":"https:\/\/candas365.es\/noticias\/#website","url":"https:\/\/candas365.es\/noticias\/","name":"Cand\u00e1s 365","alternateName":"Cand\u00e1s 365 Noticias","description":"Actualidad desde Carre\u00f1o para el mundo","inLanguage":"es-ES","publisher":{"@id":"https:\/\/candas365.es\/noticias\/#organization"}}]},"og:locale":"es_ES","og:site_name":"Cand\u00e1s 365","og:type":"article","og:title":"Estudiar moda, el sue\u00f1o de muchos j\u00f3venes | Cand\u00e1s 365","og:description":"Trabajar en la industria textil es, desde hace aproximadamente un lustro, una tendencia en alza entre las encuestas que preguntan a j\u00f3venes preuniversitarios a qu\u00e9 querr\u00edan dedicarse en el futuro Estudiar dise\u00f1o de moda es clave para formarse como dise\u00f1ador y poder acceder tanto a crear una colecci\u00f3n propia como a trabajar para una de","og:url":"https:\/\/candas365.es\/noticias\/estudiar-moda-el-sueno-de-muchos-jovenes\/","og:image":"https:\/\/candas365.es\/noticias\/wp-content\/uploads\/2017\/07\/1499858254_IED_Madrid_58_.jpg","og:image:secure_url":"https:\/\/candas365.es\/noticias\/wp-content\/uploads\/2017\/07\/1499858254_IED_Madrid_58_.jpg","og:image:width":680,"og:image:height":1024,"article:published_time":"2017-07-13T15:00:18+00:00","article:modified_time":"2017-07-13T15:00:18+00:00","article:publisher":"https:\/\/www.facebook.com\/Nachofdezber","article:author":"https:\/\/www.facebook.com\/carrenoactualidad","twitter:card":"summary_large_image","twitter:site":"@NabercoDigital","twitter:title":"Estudiar moda, el sue\u00f1o de muchos j\u00f3venes | Cand\u00e1s 365","twitter:description":"Trabajar en la industria textil es, desde hace aproximadamente un lustro, una tendencia en alza entre las encuestas que preguntan a j\u00f3venes preuniversitarios a qu\u00e9 querr\u00edan dedicarse en el futuro Estudiar dise\u00f1o de moda es clave para formarse como dise\u00f1ador y poder acceder tanto a crear una colecci\u00f3n propia como a trabajar para una de","twitter:creator":"@nbasturias","twitter:image":"https:\/\/candas365.es\/noticias\/wp-content\/uploads\/2017\/07\/1499858254_IED_Madrid_58_.jpg","twitter:label1":"Escrito por","twitter:data1":"Cand\u00e1s 365","twitter:label2":"Tiempo de lectura estimado","twitter:data2":"3 minutos"},"aioseo_meta_data":{"post_id":"75633","title":null,"description":null,"keywords":null,"keyphrases":null,"primary_term":null,"canonical_url":null,"og_title":null,"og_description":null,"og_object_type":"default","og_image_type":"default","og_image_url":null,"og_image_width":null,"og_image_height":null,"og_image_custom_url":null,"og_image_custom_fields":null,"og_video":null,"og_custom_url":null,"og_article_section":null,"og_article_tags":null,"twitter_use_og":false,"twitter_card":"default","twitter_image_type":"default","twitter_image_url":null,"twitter_image_custom_url":null,"twitter_image_custom_fields":null,"twitter_title":null,"twitter_description":null,"schema":{"blockGraphs":[],"customGraphs":[],"default":{"data":{"Article":[],"Course":[],"Dataset":[],"FAQPage":[],"Movie":[],"Person":[],"Product":[],"ProductReview":[],"Car":[],"Recipe":[],"Service":[],"SoftwareApplication":[],"WebPage":[]},"graphName":"","isEnabled":true},"graphs":[]},"schema_type":null,"schema_type_options":null,"pillar_content":false,"robots_default":true,"robots_noindex":false,"robots_noarchive":false,"robots_nosnippet":false,"robots_nofollow":false,"robots_noimageindex":false,"robots_noodp":false,"robots_notranslate":false,"robots_max_snippet":null,"robots_max_videopreview":null,"robots_max_imagepreview":"large","priority":null,"frequency":null,"location":null,"local_seo":null,"seo_analyzer_scan_date":"2025-08-25 18:20:15","breadcrumb_settings":null,"limit_modified_date":false,"reviewed_by":null,"open_ai":null,"ai":null,"created":"2020-12-21 12:56:38","updated":"2025-08-25 18:20:15"},"aioseo_breadcrumb":"<div class=\"aioseo-breadcrumbs\"><span class=\"aioseo-breadcrumb\">\n\t<a href=\"https:\/\/candas365.es\/noticias\" title=\"Home\">Home<\/a>\n<\/span><span class=\"aioseo-breadcrumb-separator\">&ndash;<\/span><span class=\"aioseo-breadcrumb\">\n\t<a href=\"https:\/\/candas365.es\/noticias\/category\/sociedad\/\" title=\"Sociedad\">Sociedad<\/a>\n<\/span><span class=\"aioseo-breadcrumb-separator\">&ndash;<\/span><span class=\"aioseo-breadcrumb\">\n\tEstudiar moda, el sue\u00f1o de muchos j\u00f3venes\n<\/span><\/div>","aioseo_breadcrumb_json":[{"label":"Home","link":"https:\/\/candas365.es\/noticias"},{"label":"Sociedad","link":"https:\/\/candas365.es\/noticias\/category\/sociedad\/"},{"label":"Estudiar moda, el sue\u00f1o de muchos j\u00f3venes","link":"https:\/\/candas365.es\/noticias\/estudiar-moda-el-sueno-de-muchos-jovenes\/"}],"_links":{"self":[{"href":"https:\/\/candas365.es\/noticias\/wp-json\/wp\/v2\/posts\/75633","targetHints":{"allow":["GET"]}}],"collection":[{"href":"https:\/\/candas365.es\/noticias\/wp-json\/wp\/v2\/posts"}],"about":[{"href":"https:\/\/candas365.es\/noticias\/wp-json\/wp\/v2\/types\/post"}],"author":[{"embeddable":true,"href":"https:\/\/candas365.es\/noticias\/wp-json\/wp\/v2\/users\/1"}],"replies":[{"embeddable":true,"href":"https:\/\/candas365.es\/noticias\/wp-json\/wp\/v2\/comments?post=75633"}],"version-history":[{"count":0,"href":"https:\/\/candas365.es\/noticias\/wp-json\/wp\/v2\/posts\/75633\/revisions"}],"wp:featuredmedia":[{"embeddable":true,"href":"https:\/\/candas365.es\/noticias\/wp-json\/wp\/v2\/media\/75634"}],"wp:attachment":[{"href":"https:\/\/candas365.es\/noticias\/wp-json\/wp\/v2\/media?parent=75633"}],"wp:term":[{"taxonomy":"category","embeddable":true,"href":"https:\/\/candas365.es\/noticias\/wp-json\/wp\/v2\/categories?post=75633"},{"taxonomy":"post_tag","embeddable":true,"href":"https:\/\/candas365.es\/noticias\/wp-json\/wp\/v2\/tags?post=75633"}],"curies":[{"name":"wp","href":"https:\/\/api.w.org\/{rel}","templated":true}]}}