{"id":75497,"date":"2017-07-11T20:01:34","date_gmt":"2017-07-11T20:01:34","guid":{"rendered":"http:\/\/candas365.es\/noticias\/?p=75497"},"modified":"2017-07-11T20:01:34","modified_gmt":"2017-07-11T20:01:34","slug":"la-conferencia-sectorial-de-cultura-aprueba-un-plan-de-trabajo-para-luchar-contra-la-reventa-masiva-de-entradas-a-traves-de-internet","status":"publish","type":"post","link":"https:\/\/candas365.es\/noticias\/la-conferencia-sectorial-de-cultura-aprueba-un-plan-de-trabajo-para-luchar-contra-la-reventa-masiva-de-entradas-a-traves-de-internet\/","title":{"rendered":"La Conferencia Sectorial de Cultura aprueba un plan de trabajo para luchar contra la reventa masiva de entradas a trav\u00e9s de Internet"},"content":{"rendered":"<p><img fetchpriority=\"high\" decoding=\"async\" class=\"alignleft size-medium wp-image-75498\" src=\"https:\/\/candas365.es\/noticias\/wp-content\/uploads\/2017\/07\/100717-mesa-360x239.jpg\" alt=\"\" width=\"360\" height=\"239\" srcset=\"https:\/\/candas365.es\/noticias\/wp-content\/uploads\/2017\/07\/100717-mesa-360x239.jpg 360w, https:\/\/candas365.es\/noticias\/wp-content\/uploads\/2017\/07\/100717-mesa-84x55.jpg 84w, https:\/\/candas365.es\/noticias\/wp-content\/uploads\/2017\/07\/100717-mesa.jpg 496w\" sizes=\"(max-width: 360px) 100vw, 360px\" \/>El ministro de Educaci\u00f3n, Cultura y Deporte, \u00cd\u00f1igo M\u00e9ndez de Vigo, ha presidido en el Museo Nacional del Prado la reuni\u00f3n plenaria de la Conferencia Sectorial de Cultura, el \u00f3rgano de cooperaci\u00f3n entre la Administraci\u00f3n General del Estado y las Comunidades Aut\u00f3nomas en materia de cultura.<\/p>\n<p>\u200bSiguiendo con el compromiso que adopt\u00f3 el ministro M\u00e9ndez de Vigo tras conocer la problem\u00e1tica que generaba a la industria cultural la reventa masiva de entradas de espect\u00e1culos por Internet, el Pleno de la Conferencia Sectorial ha aprobado un plan de trabajo para la definici\u00f3n de las medidas necesarias, a desarrollar por las Comunidades Aut\u00f3nomas, con las que dentro de las respectivas competencias, se subsane la situaci\u00f3n:<\/p>\n<ul>\n<li>Colaborar entre los departamentos competentes en la materia, tanto en la Administraci\u00f3n General del Estado como en la de las Comunidades Aut\u00f3nomas, para la adopci\u00f3n de las medidas normativas y ejecutivas que resulten necesarias para frenar los efectos negativos de la reventa y tutelar los intereses p\u00fablicos afectados.<\/li>\n<li>Trabajar en la definici\u00f3n de estas medidas en colaboraci\u00f3n con todos los sectores interesados.<\/li>\n<li>Dadas sus importantes competencias en esta materia, se debe trabajar juntos para la obtenci\u00f3n de informaci\u00f3n sobre el mercado, y los consumidores, la ejecuci\u00f3n de medidas y cuestiones pr\u00e1cticas muy relevantes como la determinaci\u00f3n del punto de conexi\u00f3n para adoptar esas medidas, dado el \u00e1mbito virtual en el que se desarrolla la reventa .<\/li>\n<li>Realizar consultas p\u00fablicas o estudios espec\u00edficos, en el \u00e1mbito de sus competencias, que permitan valorar la dimensi\u00f3n del fen\u00f3meno de la reventa electr\u00f3nica de entradas y de su posible impacto en la limitaci\u00f3n del acceso a espect\u00e1culos culturales.<\/li>\n<li>Evaluar peri\u00f3dicamente con todos los sectores interesados el funcionamiento de dichas medidas en el tiempo, con el fin de poder acometer aquellas nuevas que pudieran ser necesarias.<\/li>\n<\/ul>\n<p><strong>Plan de desarrollo y creaci\u00f3n y producci\u00f3n del videojuego<\/strong><\/p>\n<p>El Pleno de la Conferencia ha aprobado tambi\u00e9n la creaci\u00f3n de un grupo de trabajo, que entre otros asuntos y en colaboraci\u00f3n con la industria del videojuego, elaborar\u00e1 un plan espec\u00edfico de desarrollo y creaci\u00f3n y producci\u00f3n del videojuego en Espa\u00f1a.<\/p>\n<p>El Plan abordar\u00e1 medidas destinadas a establecer y fortalecer el crecimiento de los estudios espa\u00f1oles, acciones para asegurar el acceso a la financiaci\u00f3n, y medidas en el \u00e1mbito formativo para adaptar la oferta reglada a la demanda de profesionales para el tejido industrial.<\/p>\n<p>Adem\u00e1s, se impulsar\u00e1n medidas fiscales similares a las ya adoptadas en otros pa\u00edses miembros de la Uni\u00f3n Europea.<\/p>\n<p><strong>La Biblioteca Nacional cede m\u00e1s de 1 mill\u00f3n de ejemplares a las bibliotecas de las Comunidades Aut\u00f3nomas<\/strong><\/p>\n<p>La BNE ha puesto a disposici\u00f3n de las bibliotecas de las Comunidades Aut\u00f3nomas m\u00e1s de un mill\u00f3n de ejemplares de las primeras ediciones publicadas con anterioridad a 2011 para el enriquecimiento de las colecciones de las bibliotecas de sus territorios.<\/p>\n<p>Estos fondos, constituidos por t\u00edtulos de toda \u00edndole, muchos de ellos ya descatalogados, completar\u00e1n los cat\u00e1logos de las bibliotecas de todo el territorio que los reciban en dep\u00f3sito.<\/p>\n<p>El fondo bibliogr\u00e1fico ofrecido est\u00e1 formado por los terceros ejemplares de cada primera edici\u00f3n depositado en la BNE desde 1958 hasta 2011, cuando la nueva Ley de Dep\u00f3sito Legal estableci\u00f3 que la instituci\u00f3n debe conservar al menos dos ejemplares, frente a los tres recogidos en la normativa anterior.<\/p>\n<p>&nbsp;<\/p>\n","protected":false},"excerpt":{"rendered":"<p>El ministro de Educaci\u00f3n, Cultura y Deporte, \u00cd\u00f1igo M\u00e9ndez de Vigo, ha presidido en el Museo Nacional del Prado la reuni\u00f3n plenaria de la Conferencia Sectorial de Cultura, el \u00f3rgano de cooperaci\u00f3n entre la Administraci\u00f3n General del Estado y las Comunidades Aut\u00f3nomas en materia de cultura. \u200bSiguiendo con el compromiso que adopt\u00f3 el ministro M\u00e9ndez<\/p>\n","protected":false},"author":1,"featured_media":75498,"comment_status":"closed","ping_status":"closed","sticky":false,"template":"","format":"standard","meta":{"footnotes":""},"categories":[343],"tags":[],"class_list":{"0":"post-75497","1":"post","2":"type-post","3":"status-publish","4":"format-standard","5":"has-post-thumbnail","7":"category-actualidad"},"aioseo_notices":[],"aioseo_head":"\n\t\t<!-- All in One SEO Pro 4.9.6.2 - aioseo.com -->\n\t<meta name=\"description\" content=\"El ministro de Educaci\u00f3n, Cultura y Deporte, \u00cd\u00f1igo M\u00e9ndez de Vigo, ha presidido en el Museo Nacional del Prado la reuni\u00f3n plenaria de la Conferencia Sectorial de Cultura, el \u00f3rgano de cooperaci\u00f3n entre la Administraci\u00f3n General del Estado y las Comunidades Aut\u00f3nomas en materia de cultura. \u200bSiguiendo con el compromiso que adopt\u00f3 el ministro M\u00e9ndez\" \/>\n\t<meta name=\"robots\" content=\"max-image-preview:large\" \/>\n\t<meta name=\"author\" content=\"Cand\u00e1s 365\"\/>\n\t<meta name=\"google-site-verification\" content=\"UA-32230408-1\" \/>\n\t<meta name=\"msvalidate.01\" content=\"354F3CDFB2DA171B47FBE9ABF1F88D5\" \/>\n\t<meta name=\"keywords\" content=\"actualidad\" \/>\n\t<link rel=\"canonical\" href=\"https:\/\/candas365.es\/noticias\/la-conferencia-sectorial-de-cultura-aprueba-un-plan-de-trabajo-para-luchar-contra-la-reventa-masiva-de-entradas-a-traves-de-internet\/\" \/>\n\t<meta name=\"generator\" content=\"All in One SEO Pro (AIOSEO) 4.9.6.2\" \/>\n\t\t<meta property=\"og:locale\" content=\"es_ES\" \/>\n\t\t<meta property=\"og:site_name\" content=\"Cand\u00e1s 365\" \/>\n\t\t<meta property=\"og:type\" content=\"article\" \/>\n\t\t<meta property=\"og:title\" content=\"La Conferencia Sectorial de Cultura aprueba un plan de trabajo para luchar contra la reventa masiva de entradas a trav\u00e9s de Internet | Cand\u00e1s 365\" \/>\n\t\t<meta property=\"og:description\" content=\"El ministro de Educaci\u00f3n, Cultura y Deporte, \u00cd\u00f1igo M\u00e9ndez de Vigo, ha presidido en el Museo Nacional del Prado la reuni\u00f3n plenaria de la Conferencia Sectorial de Cultura, el \u00f3rgano de cooperaci\u00f3n entre la Administraci\u00f3n General del Estado y las Comunidades Aut\u00f3nomas en materia de cultura. \u200bSiguiendo con el compromiso que adopt\u00f3 el ministro M\u00e9ndez\" \/>\n\t\t<meta property=\"og:url\" content=\"https:\/\/candas365.es\/noticias\/la-conferencia-sectorial-de-cultura-aprueba-un-plan-de-trabajo-para-luchar-contra-la-reventa-masiva-de-entradas-a-traves-de-internet\/\" \/>\n\t\t<meta property=\"og:image\" content=\"https:\/\/candas365.es\/noticias\/wp-content\/uploads\/2017\/07\/100717-mesa.jpg\" \/>\n\t\t<meta property=\"og:image:secure_url\" content=\"https:\/\/candas365.es\/noticias\/wp-content\/uploads\/2017\/07\/100717-mesa.jpg\" \/>\n\t\t<meta property=\"og:image:width\" content=\"496\" \/>\n\t\t<meta property=\"og:image:height\" content=\"329\" \/>\n\t\t<meta property=\"article:published_time\" content=\"2017-07-11T20:01:34+00:00\" \/>\n\t\t<meta property=\"article:modified_time\" content=\"2017-07-11T20:01:34+00:00\" \/>\n\t\t<meta property=\"article:publisher\" content=\"https:\/\/www.facebook.com\/Nachofdezber\" \/>\n\t\t<meta property=\"article:author\" content=\"https:\/\/www.facebook.com\/carrenoactualidad\" \/>\n\t\t<meta name=\"twitter:card\" content=\"summary_large_image\" \/>\n\t\t<meta name=\"twitter:site\" content=\"@NabercoDigital\" \/>\n\t\t<meta name=\"twitter:title\" content=\"La Conferencia Sectorial de Cultura aprueba un plan de trabajo para luchar contra la reventa masiva de entradas a trav\u00e9s de Internet | Cand\u00e1s 365\" \/>\n\t\t<meta name=\"twitter:description\" content=\"El ministro de Educaci\u00f3n, Cultura y Deporte, \u00cd\u00f1igo M\u00e9ndez de Vigo, ha presidido en el Museo Nacional del Prado la reuni\u00f3n plenaria de la Conferencia Sectorial de Cultura, el \u00f3rgano de cooperaci\u00f3n entre la Administraci\u00f3n General del Estado y las Comunidades Aut\u00f3nomas en materia de cultura. \u200bSiguiendo con el compromiso que adopt\u00f3 el ministro M\u00e9ndez\" \/>\n\t\t<meta name=\"twitter:creator\" content=\"@nbasturias\" \/>\n\t\t<meta name=\"twitter:image\" content=\"https:\/\/candas365.es\/noticias\/wp-content\/uploads\/2017\/07\/100717-mesa.jpg\" \/>\n\t\t<meta name=\"twitter:label1\" content=\"Escrito por\" \/>\n\t\t<meta name=\"twitter:data1\" content=\"Cand\u00e1s 365\" \/>\n\t\t<meta name=\"twitter:label2\" content=\"Tiempo de lectura estimado\" \/>\n\t\t<meta name=\"twitter:data2\" content=\"3 minutos\" \/>\n\t\t<script type=\"application\/ld+json\" class=\"aioseo-schema\">\n\t\t\t{\"@context\":\"https:\\\/\\\/schema.org\",\"@graph\":[{\"@type\":\"BreadcrumbList\",\"@id\":\"https:\\\/\\\/candas365.es\\\/noticias\\\/la-conferencia-sectorial-de-cultura-aprueba-un-plan-de-trabajo-para-luchar-contra-la-reventa-masiva-de-entradas-a-traves-de-internet\\\/#breadcrumblist\",\"itemListElement\":[{\"@type\":\"ListItem\",\"@id\":\"https:\\\/\\\/candas365.es\\\/noticias#listItem\",\"position\":1,\"name\":\"Home\",\"item\":\"https:\\\/\\\/candas365.es\\\/noticias\",\"nextItem\":{\"@type\":\"ListItem\",\"@id\":\"https:\\\/\\\/candas365.es\\\/noticias\\\/category\\\/actualidad\\\/#listItem\",\"name\":\"Actualidad\"}},{\"@type\":\"ListItem\",\"@id\":\"https:\\\/\\\/candas365.es\\\/noticias\\\/category\\\/actualidad\\\/#listItem\",\"position\":2,\"name\":\"Actualidad\",\"item\":\"https:\\\/\\\/candas365.es\\\/noticias\\\/category\\\/actualidad\\\/\",\"nextItem\":{\"@type\":\"ListItem\",\"@id\":\"https:\\\/\\\/candas365.es\\\/noticias\\\/la-conferencia-sectorial-de-cultura-aprueba-un-plan-de-trabajo-para-luchar-contra-la-reventa-masiva-de-entradas-a-traves-de-internet\\\/#listItem\",\"name\":\"La Conferencia Sectorial de Cultura aprueba un plan de trabajo para luchar contra la reventa masiva de entradas a trav\\u00e9s de Internet\"},\"previousItem\":{\"@type\":\"ListItem\",\"@id\":\"https:\\\/\\\/candas365.es\\\/noticias#listItem\",\"name\":\"Home\"}},{\"@type\":\"ListItem\",\"@id\":\"https:\\\/\\\/candas365.es\\\/noticias\\\/la-conferencia-sectorial-de-cultura-aprueba-un-plan-de-trabajo-para-luchar-contra-la-reventa-masiva-de-entradas-a-traves-de-internet\\\/#listItem\",\"position\":3,\"name\":\"La Conferencia Sectorial de Cultura aprueba un plan de trabajo para luchar contra la reventa masiva de entradas a trav\\u00e9s de Internet\",\"previousItem\":{\"@type\":\"ListItem\",\"@id\":\"https:\\\/\\\/candas365.es\\\/noticias\\\/category\\\/actualidad\\\/#listItem\",\"name\":\"Actualidad\"}}]},{\"@type\":\"NewsArticle\",\"@id\":\"https:\\\/\\\/candas365.es\\\/noticias\\\/la-conferencia-sectorial-de-cultura-aprueba-un-plan-de-trabajo-para-luchar-contra-la-reventa-masiva-de-entradas-a-traves-de-internet\\\/#newsarticle\",\"name\":\"La Conferencia Sectorial de Cultura aprueba un plan de trabajo para luchar contra la reventa masiva de entradas a trav\\u00e9s de Internet | Cand\\u00e1s 365\",\"headline\":\"La Conferencia Sectorial de Cultura aprueba un plan de trabajo para luchar contra la reventa masiva de entradas a trav\\u00e9s de Internet\",\"author\":{\"@id\":\"https:\\\/\\\/candas365.es\\\/noticias\\\/author\\\/admin\\\/#author\"},\"publisher\":{\"@id\":\"https:\\\/\\\/candas365.es\\\/noticias\\\/#organization\"},\"image\":{\"@type\":\"ImageObject\",\"url\":\"https:\\\/\\\/candas365.es\\\/noticias\\\/wp-content\\\/uploads\\\/2017\\\/07\\\/100717-mesa.jpg\",\"width\":496,\"height\":329},\"datePublished\":\"2017-07-11T20:01:34+02:00\",\"dateModified\":\"2017-07-11T20:01:34+02:00\",\"inLanguage\":\"es-ES\",\"mainEntityOfPage\":{\"@id\":\"https:\\\/\\\/candas365.es\\\/noticias\\\/la-conferencia-sectorial-de-cultura-aprueba-un-plan-de-trabajo-para-luchar-contra-la-reventa-masiva-de-entradas-a-traves-de-internet\\\/#webpage\"},\"isPartOf\":{\"@id\":\"https:\\\/\\\/candas365.es\\\/noticias\\\/la-conferencia-sectorial-de-cultura-aprueba-un-plan-de-trabajo-para-luchar-contra-la-reventa-masiva-de-entradas-a-traves-de-internet\\\/#webpage\"},\"articleSection\":\"Actualidad\",\"dateline\":\"Publicado el julio 11, 2017.\"},{\"@type\":\"Organization\",\"@id\":\"https:\\\/\\\/candas365.es\\\/noticias\\\/#organization\",\"name\":\"Cand\\u00e1s 365\",\"description\":\"Cand\\u00e1s 365 es un diario digital independiente, fundado en 2012, con base en Asturias. Informamos con rigor sobre actualidad, sociedad, cultura y ocio, con una mirada local y global.\",\"url\":\"https:\\\/\\\/candas365.es\\\/noticias\\\/\",\"email\":\"info@candas365.es\",\"telephone\":\"+34652131393\",\"foundingDate\":\"2012-06-10\",\"logo\":{\"@type\":\"ImageObject\",\"url\":\"https:\\\/\\\/candas365.es\\\/noticias\\\/wp-content\\\/uploads\\\/2024\\\/09\\\/Candas-365-Redes.jpg\",\"@id\":\"https:\\\/\\\/candas365.es\\\/noticias\\\/la-conferencia-sectorial-de-cultura-aprueba-un-plan-de-trabajo-para-luchar-contra-la-reventa-masiva-de-entradas-a-traves-de-internet\\\/#organizationLogo\",\"width\":1152,\"height\":864,\"caption\":\"Cand\\u00e1s 365 Redes\"},\"image\":{\"@id\":\"https:\\\/\\\/candas365.es\\\/noticias\\\/la-conferencia-sectorial-de-cultura-aprueba-un-plan-de-trabajo-para-luchar-contra-la-reventa-masiva-de-entradas-a-traves-de-internet\\\/#organizationLogo\"},\"sameAs\":[\"https:\\\/\\\/www.facebook.com\\\/Nachofdezber\",\"https:\\\/\\\/x.com\\\/NabercoDigital\",\"https:\\\/\\\/www.instagram.com\\\/nachofdezber\\\/\",\"https:\\\/\\\/www.youtube.com\\\/channel\\\/UCZP-2wLEB9Rv6erhFmqVnvg\"],\"address\":{\"@id\":\"https:\\\/\\\/candas365.es\\\/noticias\\\/#postaladdress\",\"@type\":\"PostalAddress\",\"streetAddress\":\"san antonio 4, san antonio 4\",\"postalCode\":\"33430\",\"addressLocality\":\"Cand\\u00e1s\",\"addressRegion\":\"Asturias\",\"addressCountry\":\"ES\"}},{\"@type\":\"Person\",\"@id\":\"https:\\\/\\\/candas365.es\\\/noticias\\\/author\\\/admin\\\/#author\",\"url\":\"https:\\\/\\\/candas365.es\\\/noticias\\\/author\\\/admin\\\/\",\"name\":\"Cand\\u00e1s 365\",\"image\":{\"@type\":\"ImageObject\",\"@id\":\"https:\\\/\\\/candas365.es\\\/noticias\\\/la-conferencia-sectorial-de-cultura-aprueba-un-plan-de-trabajo-para-luchar-contra-la-reventa-masiva-de-entradas-a-traves-de-internet\\\/#authorImage\",\"url\":\"https:\\\/\\\/secure.gravatar.com\\\/avatar\\\/496a8e03d0c493ede1718b7934145dbdf8d89be1036b0eec9544e1094c9de390?s=96&d=mm&r=g\",\"width\":96,\"height\":96,\"caption\":\"Cand\\u00e1s 365\"},\"sameAs\":[\"https:\\\/\\\/www.facebook.com\\\/carrenoactualidad\",\"https:\\\/\\\/twitter.com\\\/nbasturias\",\"https:\\\/\\\/www.instagram.com\\\/nachofdezber\\\/\",\"https:\\\/\\\/www.youtube.com\\\/channel\\\/UCZP-2wLEB9Rv6erhFmqVnvg\"]},{\"@type\":\"WebPage\",\"@id\":\"https:\\\/\\\/candas365.es\\\/noticias\\\/la-conferencia-sectorial-de-cultura-aprueba-un-plan-de-trabajo-para-luchar-contra-la-reventa-masiva-de-entradas-a-traves-de-internet\\\/#webpage\",\"url\":\"https:\\\/\\\/candas365.es\\\/noticias\\\/la-conferencia-sectorial-de-cultura-aprueba-un-plan-de-trabajo-para-luchar-contra-la-reventa-masiva-de-entradas-a-traves-de-internet\\\/\",\"name\":\"La Conferencia Sectorial de Cultura aprueba un plan de trabajo para luchar contra la reventa masiva de entradas a trav\\u00e9s de Internet | Cand\\u00e1s 365\",\"description\":\"El ministro de Educaci\\u00f3n, Cultura y Deporte, \\u00cd\\u00f1igo M\\u00e9ndez de Vigo, ha presidido en el Museo Nacional del Prado la reuni\\u00f3n plenaria de la Conferencia Sectorial de Cultura, el \\u00f3rgano de cooperaci\\u00f3n entre la Administraci\\u00f3n General del Estado y las Comunidades Aut\\u00f3nomas en materia de cultura. \\u200bSiguiendo con el compromiso que adopt\\u00f3 el ministro M\\u00e9ndez\",\"inLanguage\":\"es-ES\",\"isPartOf\":{\"@id\":\"https:\\\/\\\/candas365.es\\\/noticias\\\/#website\"},\"breadcrumb\":{\"@id\":\"https:\\\/\\\/candas365.es\\\/noticias\\\/la-conferencia-sectorial-de-cultura-aprueba-un-plan-de-trabajo-para-luchar-contra-la-reventa-masiva-de-entradas-a-traves-de-internet\\\/#breadcrumblist\"},\"author\":{\"@id\":\"https:\\\/\\\/candas365.es\\\/noticias\\\/author\\\/admin\\\/#author\"},\"creator\":{\"@id\":\"https:\\\/\\\/candas365.es\\\/noticias\\\/author\\\/admin\\\/#author\"},\"image\":{\"@type\":\"ImageObject\",\"url\":\"https:\\\/\\\/candas365.es\\\/noticias\\\/wp-content\\\/uploads\\\/2017\\\/07\\\/100717-mesa.jpg\",\"@id\":\"https:\\\/\\\/candas365.es\\\/noticias\\\/la-conferencia-sectorial-de-cultura-aprueba-un-plan-de-trabajo-para-luchar-contra-la-reventa-masiva-de-entradas-a-traves-de-internet\\\/#mainImage\",\"width\":496,\"height\":329},\"primaryImageOfPage\":{\"@id\":\"https:\\\/\\\/candas365.es\\\/noticias\\\/la-conferencia-sectorial-de-cultura-aprueba-un-plan-de-trabajo-para-luchar-contra-la-reventa-masiva-de-entradas-a-traves-de-internet\\\/#mainImage\"},\"datePublished\":\"2017-07-11T20:01:34+02:00\",\"dateModified\":\"2017-07-11T20:01:34+02:00\"},{\"@type\":\"WebSite\",\"@id\":\"https:\\\/\\\/candas365.es\\\/noticias\\\/#website\",\"url\":\"https:\\\/\\\/candas365.es\\\/noticias\\\/\",\"name\":\"Cand\\u00e1s 365\",\"alternateName\":\"Cand\\u00e1s 365 Noticias\",\"description\":\"Actualidad desde Carre\\u00f1o para el mundo\",\"inLanguage\":\"es-ES\",\"publisher\":{\"@id\":\"https:\\\/\\\/candas365.es\\\/noticias\\\/#organization\"}}]}\n\t\t<\/script>\n\t\t<!-- All in One SEO Pro -->\r\n\t\t<title>La Conferencia Sectorial de Cultura aprueba un plan de trabajo para luchar contra la reventa masiva de entradas a trav\u00e9s de Internet | Cand\u00e1s 365<\/title>\n\n","aioseo_head_json":{"title":"La Conferencia Sectorial de Cultura aprueba un plan de trabajo para luchar contra la reventa masiva de entradas a trav\u00e9s de Internet | Cand\u00e1s 365","description":"El ministro de Educaci\u00f3n, Cultura y Deporte, \u00cd\u00f1igo M\u00e9ndez de Vigo, ha presidido en el Museo Nacional del Prado la reuni\u00f3n plenaria de la Conferencia Sectorial de Cultura, el \u00f3rgano de cooperaci\u00f3n entre la Administraci\u00f3n General del Estado y las Comunidades Aut\u00f3nomas en materia de cultura. \u200bSiguiendo con el compromiso que adopt\u00f3 el ministro M\u00e9ndez","canonical_url":"https:\/\/candas365.es\/noticias\/la-conferencia-sectorial-de-cultura-aprueba-un-plan-de-trabajo-para-luchar-contra-la-reventa-masiva-de-entradas-a-traves-de-internet\/","robots":"max-image-preview:large","keywords":"actualidad","webmasterTools":{"google-site-verification":"UA-32230408-1","msvalidate.01":"354F3CDFB2DA171B47FBE9ABF1F88D5","miscellaneous":""},"schema":{"@context":"https:\/\/schema.org","@graph":[{"@type":"BreadcrumbList","@id":"https:\/\/candas365.es\/noticias\/la-conferencia-sectorial-de-cultura-aprueba-un-plan-de-trabajo-para-luchar-contra-la-reventa-masiva-de-entradas-a-traves-de-internet\/#breadcrumblist","itemListElement":[{"@type":"ListItem","@id":"https:\/\/candas365.es\/noticias#listItem","position":1,"name":"Home","item":"https:\/\/candas365.es\/noticias","nextItem":{"@type":"ListItem","@id":"https:\/\/candas365.es\/noticias\/category\/actualidad\/#listItem","name":"Actualidad"}},{"@type":"ListItem","@id":"https:\/\/candas365.es\/noticias\/category\/actualidad\/#listItem","position":2,"name":"Actualidad","item":"https:\/\/candas365.es\/noticias\/category\/actualidad\/","nextItem":{"@type":"ListItem","@id":"https:\/\/candas365.es\/noticias\/la-conferencia-sectorial-de-cultura-aprueba-un-plan-de-trabajo-para-luchar-contra-la-reventa-masiva-de-entradas-a-traves-de-internet\/#listItem","name":"La Conferencia Sectorial de Cultura aprueba un plan de trabajo para luchar contra la reventa masiva de entradas a trav\u00e9s de Internet"},"previousItem":{"@type":"ListItem","@id":"https:\/\/candas365.es\/noticias#listItem","name":"Home"}},{"@type":"ListItem","@id":"https:\/\/candas365.es\/noticias\/la-conferencia-sectorial-de-cultura-aprueba-un-plan-de-trabajo-para-luchar-contra-la-reventa-masiva-de-entradas-a-traves-de-internet\/#listItem","position":3,"name":"La Conferencia Sectorial de Cultura aprueba un plan de trabajo para luchar contra la reventa masiva de entradas a trav\u00e9s de Internet","previousItem":{"@type":"ListItem","@id":"https:\/\/candas365.es\/noticias\/category\/actualidad\/#listItem","name":"Actualidad"}}]},{"@type":"NewsArticle","@id":"https:\/\/candas365.es\/noticias\/la-conferencia-sectorial-de-cultura-aprueba-un-plan-de-trabajo-para-luchar-contra-la-reventa-masiva-de-entradas-a-traves-de-internet\/#newsarticle","name":"La Conferencia Sectorial de Cultura aprueba un plan de trabajo para luchar contra la reventa masiva de entradas a trav\u00e9s de Internet | Cand\u00e1s 365","headline":"La Conferencia Sectorial de Cultura aprueba un plan de trabajo para luchar contra la reventa masiva de entradas a trav\u00e9s de Internet","author":{"@id":"https:\/\/candas365.es\/noticias\/author\/admin\/#author"},"publisher":{"@id":"https:\/\/candas365.es\/noticias\/#organization"},"image":{"@type":"ImageObject","url":"https:\/\/candas365.es\/noticias\/wp-content\/uploads\/2017\/07\/100717-mesa.jpg","width":496,"height":329},"datePublished":"2017-07-11T20:01:34+02:00","dateModified":"2017-07-11T20:01:34+02:00","inLanguage":"es-ES","mainEntityOfPage":{"@id":"https:\/\/candas365.es\/noticias\/la-conferencia-sectorial-de-cultura-aprueba-un-plan-de-trabajo-para-luchar-contra-la-reventa-masiva-de-entradas-a-traves-de-internet\/#webpage"},"isPartOf":{"@id":"https:\/\/candas365.es\/noticias\/la-conferencia-sectorial-de-cultura-aprueba-un-plan-de-trabajo-para-luchar-contra-la-reventa-masiva-de-entradas-a-traves-de-internet\/#webpage"},"articleSection":"Actualidad","dateline":"Publicado el julio 11, 2017."},{"@type":"Organization","@id":"https:\/\/candas365.es\/noticias\/#organization","name":"Cand\u00e1s 365","description":"Cand\u00e1s 365 es un diario digital independiente, fundado en 2012, con base en Asturias. Informamos con rigor sobre actualidad, sociedad, cultura y ocio, con una mirada local y global.","url":"https:\/\/candas365.es\/noticias\/","email":"info@candas365.es","telephone":"+34652131393","foundingDate":"2012-06-10","logo":{"@type":"ImageObject","url":"https:\/\/candas365.es\/noticias\/wp-content\/uploads\/2024\/09\/Candas-365-Redes.jpg","@id":"https:\/\/candas365.es\/noticias\/la-conferencia-sectorial-de-cultura-aprueba-un-plan-de-trabajo-para-luchar-contra-la-reventa-masiva-de-entradas-a-traves-de-internet\/#organizationLogo","width":1152,"height":864,"caption":"Cand\u00e1s 365 Redes"},"image":{"@id":"https:\/\/candas365.es\/noticias\/la-conferencia-sectorial-de-cultura-aprueba-un-plan-de-trabajo-para-luchar-contra-la-reventa-masiva-de-entradas-a-traves-de-internet\/#organizationLogo"},"sameAs":["https:\/\/www.facebook.com\/Nachofdezber","https:\/\/x.com\/NabercoDigital","https:\/\/www.instagram.com\/nachofdezber\/","https:\/\/www.youtube.com\/channel\/UCZP-2wLEB9Rv6erhFmqVnvg"],"address":{"@id":"https:\/\/candas365.es\/noticias\/#postaladdress","@type":"PostalAddress","streetAddress":"san antonio 4, san antonio 4","postalCode":"33430","addressLocality":"Cand\u00e1s","addressRegion":"Asturias","addressCountry":"ES"}},{"@type":"Person","@id":"https:\/\/candas365.es\/noticias\/author\/admin\/#author","url":"https:\/\/candas365.es\/noticias\/author\/admin\/","name":"Cand\u00e1s 365","image":{"@type":"ImageObject","@id":"https:\/\/candas365.es\/noticias\/la-conferencia-sectorial-de-cultura-aprueba-un-plan-de-trabajo-para-luchar-contra-la-reventa-masiva-de-entradas-a-traves-de-internet\/#authorImage","url":"https:\/\/secure.gravatar.com\/avatar\/496a8e03d0c493ede1718b7934145dbdf8d89be1036b0eec9544e1094c9de390?s=96&d=mm&r=g","width":96,"height":96,"caption":"Cand\u00e1s 365"},"sameAs":["https:\/\/www.facebook.com\/carrenoactualidad","https:\/\/twitter.com\/nbasturias","https:\/\/www.instagram.com\/nachofdezber\/","https:\/\/www.youtube.com\/channel\/UCZP-2wLEB9Rv6erhFmqVnvg"]},{"@type":"WebPage","@id":"https:\/\/candas365.es\/noticias\/la-conferencia-sectorial-de-cultura-aprueba-un-plan-de-trabajo-para-luchar-contra-la-reventa-masiva-de-entradas-a-traves-de-internet\/#webpage","url":"https:\/\/candas365.es\/noticias\/la-conferencia-sectorial-de-cultura-aprueba-un-plan-de-trabajo-para-luchar-contra-la-reventa-masiva-de-entradas-a-traves-de-internet\/","name":"La Conferencia Sectorial de Cultura aprueba un plan de trabajo para luchar contra la reventa masiva de entradas a trav\u00e9s de Internet | Cand\u00e1s 365","description":"El ministro de Educaci\u00f3n, Cultura y Deporte, \u00cd\u00f1igo M\u00e9ndez de Vigo, ha presidido en el Museo Nacional del Prado la reuni\u00f3n plenaria de la Conferencia Sectorial de Cultura, el \u00f3rgano de cooperaci\u00f3n entre la Administraci\u00f3n General del Estado y las Comunidades Aut\u00f3nomas en materia de cultura. \u200bSiguiendo con el compromiso que adopt\u00f3 el ministro M\u00e9ndez","inLanguage":"es-ES","isPartOf":{"@id":"https:\/\/candas365.es\/noticias\/#website"},"breadcrumb":{"@id":"https:\/\/candas365.es\/noticias\/la-conferencia-sectorial-de-cultura-aprueba-un-plan-de-trabajo-para-luchar-contra-la-reventa-masiva-de-entradas-a-traves-de-internet\/#breadcrumblist"},"author":{"@id":"https:\/\/candas365.es\/noticias\/author\/admin\/#author"},"creator":{"@id":"https:\/\/candas365.es\/noticias\/author\/admin\/#author"},"image":{"@type":"ImageObject","url":"https:\/\/candas365.es\/noticias\/wp-content\/uploads\/2017\/07\/100717-mesa.jpg","@id":"https:\/\/candas365.es\/noticias\/la-conferencia-sectorial-de-cultura-aprueba-un-plan-de-trabajo-para-luchar-contra-la-reventa-masiva-de-entradas-a-traves-de-internet\/#mainImage","width":496,"height":329},"primaryImageOfPage":{"@id":"https:\/\/candas365.es\/noticias\/la-conferencia-sectorial-de-cultura-aprueba-un-plan-de-trabajo-para-luchar-contra-la-reventa-masiva-de-entradas-a-traves-de-internet\/#mainImage"},"datePublished":"2017-07-11T20:01:34+02:00","dateModified":"2017-07-11T20:01:34+02:00"},{"@type":"WebSite","@id":"https:\/\/candas365.es\/noticias\/#website","url":"https:\/\/candas365.es\/noticias\/","name":"Cand\u00e1s 365","alternateName":"Cand\u00e1s 365 Noticias","description":"Actualidad desde Carre\u00f1o para el mundo","inLanguage":"es-ES","publisher":{"@id":"https:\/\/candas365.es\/noticias\/#organization"}}]},"og:locale":"es_ES","og:site_name":"Cand\u00e1s 365","og:type":"article","og:title":"La Conferencia Sectorial de Cultura aprueba un plan de trabajo para luchar contra la reventa masiva de entradas a trav\u00e9s de Internet | Cand\u00e1s 365","og:description":"El ministro de Educaci\u00f3n, Cultura y Deporte, \u00cd\u00f1igo M\u00e9ndez de Vigo, ha presidido en el Museo Nacional del Prado la reuni\u00f3n plenaria de la Conferencia Sectorial de Cultura, el \u00f3rgano de cooperaci\u00f3n entre la Administraci\u00f3n General del Estado y las Comunidades Aut\u00f3nomas en materia de cultura. \u200bSiguiendo con el compromiso que adopt\u00f3 el ministro M\u00e9ndez","og:url":"https:\/\/candas365.es\/noticias\/la-conferencia-sectorial-de-cultura-aprueba-un-plan-de-trabajo-para-luchar-contra-la-reventa-masiva-de-entradas-a-traves-de-internet\/","og:image":"https:\/\/candas365.es\/noticias\/wp-content\/uploads\/2017\/07\/100717-mesa.jpg","og:image:secure_url":"https:\/\/candas365.es\/noticias\/wp-content\/uploads\/2017\/07\/100717-mesa.jpg","og:image:width":496,"og:image:height":329,"article:published_time":"2017-07-11T20:01:34+00:00","article:modified_time":"2017-07-11T20:01:34+00:00","article:publisher":"https:\/\/www.facebook.com\/Nachofdezber","article:author":"https:\/\/www.facebook.com\/carrenoactualidad","twitter:card":"summary_large_image","twitter:site":"@NabercoDigital","twitter:title":"La Conferencia Sectorial de Cultura aprueba un plan de trabajo para luchar contra la reventa masiva de entradas a trav\u00e9s de Internet | Cand\u00e1s 365","twitter:description":"El ministro de Educaci\u00f3n, Cultura y Deporte, \u00cd\u00f1igo M\u00e9ndez de Vigo, ha presidido en el Museo Nacional del Prado la reuni\u00f3n plenaria de la Conferencia Sectorial de Cultura, el \u00f3rgano de cooperaci\u00f3n entre la Administraci\u00f3n General del Estado y las Comunidades Aut\u00f3nomas en materia de cultura. \u200bSiguiendo con el compromiso que adopt\u00f3 el ministro M\u00e9ndez","twitter:creator":"@nbasturias","twitter:image":"https:\/\/candas365.es\/noticias\/wp-content\/uploads\/2017\/07\/100717-mesa.jpg","twitter:label1":"Escrito por","twitter:data1":"Cand\u00e1s 365","twitter:label2":"Tiempo de lectura estimado","twitter:data2":"3 minutos"},"aioseo_meta_data":{"post_id":"75497","title":null,"description":null,"keywords":null,"keyphrases":null,"primary_term":null,"canonical_url":null,"og_title":null,"og_description":null,"og_object_type":"default","og_image_type":"default","og_image_url":null,"og_image_width":null,"og_image_height":null,"og_image_custom_url":null,"og_image_custom_fields":null,"og_video":null,"og_custom_url":null,"og_article_section":null,"og_article_tags":null,"twitter_use_og":false,"twitter_card":"default","twitter_image_type":"default","twitter_image_url":null,"twitter_image_custom_url":null,"twitter_image_custom_fields":null,"twitter_title":null,"twitter_description":null,"schema":{"blockGraphs":[],"customGraphs":[],"default":{"data":{"Article":[],"Course":[],"Dataset":[],"FAQPage":[],"Movie":[],"Person":[],"Product":[],"ProductReview":[],"Car":[],"Recipe":[],"Service":[],"SoftwareApplication":[],"WebPage":[]},"graphName":"","isEnabled":true},"graphs":[],"defaultGraph":"","defaultPostTypeGraph":""},"schema_type":null,"schema_type_options":null,"pillar_content":false,"robots_default":true,"robots_noindex":false,"robots_noarchive":false,"robots_nosnippet":false,"robots_nofollow":false,"robots_noimageindex":false,"robots_noodp":false,"robots_notranslate":false,"robots_max_snippet":null,"robots_max_videopreview":null,"robots_max_imagepreview":"large","priority":null,"frequency":null,"location":null,"local_seo":null,"seo_analyzer_scan_date":"2025-08-25 18:08:53","breadcrumb_settings":null,"limit_modified_date":false,"reviewed_by":null,"open_ai":null,"ai":null,"created":"2020-12-21 12:56:47","updated":"2025-08-25 18:08:53"},"aioseo_breadcrumb":"<div class=\"aioseo-breadcrumbs\"><span class=\"aioseo-breadcrumb\">\n\t<a href=\"https:\/\/candas365.es\/noticias\" title=\"Home\">Home<\/a>\n<\/span><span class=\"aioseo-breadcrumb-separator\">&ndash;<\/span><span class=\"aioseo-breadcrumb\">\n\t<a href=\"https:\/\/candas365.es\/noticias\/category\/actualidad\/\" title=\"Actualidad\">Actualidad<\/a>\n<\/span><span class=\"aioseo-breadcrumb-separator\">&ndash;<\/span><span class=\"aioseo-breadcrumb\">\n\tLa Conferencia Sectorial de Cultura aprueba un plan de trabajo para luchar contra la reventa masiva de entradas a trav\u00e9s de Internet\n<\/span><\/div>","aioseo_breadcrumb_json":[{"label":"Home","link":"https:\/\/candas365.es\/noticias"},{"label":"Actualidad","link":"https:\/\/candas365.es\/noticias\/category\/actualidad\/"},{"label":"La Conferencia Sectorial de Cultura aprueba un plan de trabajo para luchar contra la reventa masiva de entradas a trav\u00e9s de Internet","link":"https:\/\/candas365.es\/noticias\/la-conferencia-sectorial-de-cultura-aprueba-un-plan-de-trabajo-para-luchar-contra-la-reventa-masiva-de-entradas-a-traves-de-internet\/"}],"_links":{"self":[{"href":"https:\/\/candas365.es\/noticias\/wp-json\/wp\/v2\/posts\/75497","targetHints":{"allow":["GET"]}}],"collection":[{"href":"https:\/\/candas365.es\/noticias\/wp-json\/wp\/v2\/posts"}],"about":[{"href":"https:\/\/candas365.es\/noticias\/wp-json\/wp\/v2\/types\/post"}],"author":[{"embeddable":true,"href":"https:\/\/candas365.es\/noticias\/wp-json\/wp\/v2\/users\/1"}],"replies":[{"embeddable":true,"href":"https:\/\/candas365.es\/noticias\/wp-json\/wp\/v2\/comments?post=75497"}],"version-history":[{"count":0,"href":"https:\/\/candas365.es\/noticias\/wp-json\/wp\/v2\/posts\/75497\/revisions"}],"wp:featuredmedia":[{"embeddable":true,"href":"https:\/\/candas365.es\/noticias\/wp-json\/wp\/v2\/media\/75498"}],"wp:attachment":[{"href":"https:\/\/candas365.es\/noticias\/wp-json\/wp\/v2\/media?parent=75497"}],"wp:term":[{"taxonomy":"category","embeddable":true,"href":"https:\/\/candas365.es\/noticias\/wp-json\/wp\/v2\/categories?post=75497"},{"taxonomy":"post_tag","embeddable":true,"href":"https:\/\/candas365.es\/noticias\/wp-json\/wp\/v2\/tags?post=75497"}],"curies":[{"name":"wp","href":"https:\/\/api.w.org\/{rel}","templated":true}]}}