{"id":75481,"date":"2017-07-11T14:13:49","date_gmt":"2017-07-11T14:13:49","guid":{"rendered":"http:\/\/candas365.es\/noticias\/?p=75481"},"modified":"2017-07-11T14:13:49","modified_gmt":"2017-07-11T14:13:49","slug":"mercado-artesanal-de-mujeres-en-candas-durante-el-fin-de-semana","status":"publish","type":"post","link":"https:\/\/candas365.es\/noticias\/mercado-artesanal-de-mujeres-en-candas-durante-el-fin-de-semana\/","title":{"rendered":"Mercado Artesanal de Mujeres en Cand\u00e1s durante el fin de semana"},"content":{"rendered":"<p><img fetchpriority=\"high\" decoding=\"async\" class=\"alignleft size-medium wp-image-75482\" src=\"https:\/\/candas365.es\/noticias\/wp-content\/uploads\/2017\/07\/2434980_960_720-360x240.jpg\" alt=\"\" width=\"360\" height=\"240\" srcset=\"https:\/\/candas365.es\/noticias\/wp-content\/uploads\/2017\/07\/2434980_960_720-360x240.jpg 360w, https:\/\/candas365.es\/noticias\/wp-content\/uploads\/2017\/07\/2434980_960_720-768x512.jpg 768w, https:\/\/candas365.es\/noticias\/wp-content\/uploads\/2017\/07\/2434980_960_720-655x437.jpg 655w, https:\/\/candas365.es\/noticias\/wp-content\/uploads\/2017\/07\/2434980_960_720-696x464.jpg 696w, https:\/\/candas365.es\/noticias\/wp-content\/uploads\/2017\/07\/2434980_960_720-630x420.jpg 630w, https:\/\/candas365.es\/noticias\/wp-content\/uploads\/2017\/07\/2434980_960_720-84x55.jpg 84w, https:\/\/candas365.es\/noticias\/wp-content\/uploads\/2017\/07\/2434980_960_720.jpg 960w\" sizes=\"(max-width: 360px) 100vw, 360px\" \/>La Asociaci\u00f3n Cultural D&#8217;Aky, en colaboraci\u00f3n con la concejal\u00eda de Turismo del Ayuntamiento de Carre\u00f1o, promueve este fin de semana, el segundo Mercado Artesanal de Mujeres en la Plaza de los Hermanos Helio en Cand\u00e1s.<\/p>\n<p>Veinticinco stands acoger\u00e1n a las artesanas que ofertan productos de todo tipo: ropa infantil, bisuter\u00eda en arcilla polim\u00e9rica y vidrio reciclado, joyas, craft, reposter\u00eda, sombreros, bolsos, madera, cuero, costura, punto y crochet.<\/p>\n<blockquote><p><strong><em>El horario ser\u00e1 ininterrumpido de 11 a 2\u00ba horas y tambi\u00e9n habr\u00e1 animaci\u00f3n infantil.<\/em><\/strong><\/p><\/blockquote>\n<p>La Asociaci\u00f3n Cultura D\u2019AKY est\u00e1 constituida por mujeres con una especial sensibilidad hacia la situaci\u00f3n de desigualdad de g\u00e9nero que a\u00fan se puede percibir, a d\u00eda de hoy en diferentes \u00e1mbitos de la vida. Su propia experiencia vital y el contacto diario con mujeres trabajadoras (empresarias y artesanas, entre otras) muestra una realidad muy diferente a la que pueden vivir los hombres en su misma situaci\u00f3n.<\/p>\n<p>Conscientes de esta realidad, y para hace m\u00e1s visible su trabajo, surge la idea de organizar un Mercado Artesanal de Mujeres, donde mujeres del municipio de Gij\u00f3n y tambi\u00e9n de Asturias expongan sus productos como mecanismo para dinamizar la actividad artesanal entre las mujeres y dar a conocer su trabajo.<\/p>\n<p>PARTICIPANTES DEL PRIMER MERCADO ARTESANAL:<\/p>\n<p>Amisil,\u00a0 B\u2019Vara (artesan\u00eda contempor\u00e1nea),\u00a0 Beova,\u00a0 Artesan\u00eda Jardon,\u00a0 Cuerokas (productos de cuero),\u00a0 Caritademono,\u00a0 Coses Lindes,\u00a0 Lula Primorosa (bisuter\u00eda y complementos),\u00a0 Doni Mercer\u00eda,\u00a0 Florea,\u00a0 La Cala (bolsos hechos a mano), La casita de Ari (broches),\u00a0 Loquina por la sidra,\u00a0 Colonnettas,\u00a0 Las puntaditas de Gui,\u00a0 Marj\u00fas,\u00a0 Nudos de Muniellos,\u00a0 Lavandera y Florez,\u00a0 M.J.B. Artesan\u00eda (bisuter\u00eda),\u00a0 Orgonites Paola\u00a0 Le\u00f3n,\u00a0 Recuperarte.\u00a0 Secretos del Bosque (bisuter\u00eda) y\u00a0 Luc\u00eda<\/p>\n","protected":false},"excerpt":{"rendered":"<p>La Asociaci\u00f3n Cultural D&#8217;Aky, en colaboraci\u00f3n con la concejal\u00eda de Turismo del Ayuntamiento de Carre\u00f1o, promueve este fin de semana, el segundo Mercado Artesanal de Mujeres en la Plaza de los Hermanos Helio en Cand\u00e1s. Veinticinco stands acoger\u00e1n a las artesanas que ofertan productos de todo tipo: ropa infantil, bisuter\u00eda en arcilla polim\u00e9rica y vidrio<\/p>\n","protected":false},"author":1,"featured_media":75482,"comment_status":"closed","ping_status":"closed","sticky":false,"template":"","format":"standard","meta":{"footnotes":""},"categories":[2],"tags":[],"class_list":{"0":"post-75481","1":"post","2":"type-post","3":"status-publish","4":"format-standard","5":"has-post-thumbnail","7":"category-noticias-carreno"},"aioseo_notices":[],"aioseo_head":"\n\t\t<!-- All in One SEO Pro 4.9.6.2 - aioseo.com -->\n\t<meta name=\"description\" content=\"La Asociaci\u00f3n Cultural D&#039;Aky, en colaboraci\u00f3n con la concejal\u00eda de Turismo del Ayuntamiento de Carre\u00f1o, promueve este fin de semana, el segundo Mercado Artesanal de Mujeres en la Plaza de los Hermanos Helio en Cand\u00e1s. Veinticinco stands acoger\u00e1n a las artesanas que ofertan productos de todo tipo: ropa infantil, bisuter\u00eda en arcilla polim\u00e9rica y vidrio\" \/>\n\t<meta name=\"robots\" content=\"max-image-preview:large\" \/>\n\t<meta name=\"author\" content=\"Cand\u00e1s 365\"\/>\n\t<meta name=\"google-site-verification\" content=\"UA-32230408-1\" \/>\n\t<meta name=\"msvalidate.01\" content=\"354F3CDFB2DA171B47FBE9ABF1F88D5\" \/>\n\t<meta name=\"keywords\" content=\"noticias carre\u00f1o\" \/>\n\t<link rel=\"canonical\" href=\"https:\/\/candas365.es\/noticias\/mercado-artesanal-de-mujeres-en-candas-durante-el-fin-de-semana\/\" \/>\n\t<meta name=\"generator\" content=\"All in One SEO Pro (AIOSEO) 4.9.6.2\" \/>\n\t\t<meta property=\"og:locale\" content=\"es_ES\" \/>\n\t\t<meta property=\"og:site_name\" content=\"Cand\u00e1s 365\" \/>\n\t\t<meta property=\"og:type\" content=\"article\" \/>\n\t\t<meta property=\"og:title\" content=\"Mercado Artesanal de Mujeres en Cand\u00e1s durante el fin de semana | Cand\u00e1s 365\" \/>\n\t\t<meta property=\"og:description\" content=\"La Asociaci\u00f3n Cultural D&#039;Aky, en colaboraci\u00f3n con la concejal\u00eda de Turismo del Ayuntamiento de Carre\u00f1o, promueve este fin de semana, el segundo Mercado Artesanal de Mujeres en la Plaza de los Hermanos Helio en Cand\u00e1s. Veinticinco stands acoger\u00e1n a las artesanas que ofertan productos de todo tipo: ropa infantil, bisuter\u00eda en arcilla polim\u00e9rica y vidrio\" \/>\n\t\t<meta property=\"og:url\" content=\"https:\/\/candas365.es\/noticias\/mercado-artesanal-de-mujeres-en-candas-durante-el-fin-de-semana\/\" \/>\n\t\t<meta property=\"og:image\" content=\"https:\/\/candas365.es\/noticias\/wp-content\/uploads\/2017\/07\/2434980_960_720.jpg\" \/>\n\t\t<meta property=\"og:image:secure_url\" content=\"https:\/\/candas365.es\/noticias\/wp-content\/uploads\/2017\/07\/2434980_960_720.jpg\" \/>\n\t\t<meta property=\"og:image:width\" content=\"960\" \/>\n\t\t<meta property=\"og:image:height\" content=\"640\" \/>\n\t\t<meta property=\"article:published_time\" content=\"2017-07-11T14:13:49+00:00\" \/>\n\t\t<meta property=\"article:modified_time\" content=\"2017-07-11T14:13:49+00:00\" \/>\n\t\t<meta property=\"article:publisher\" content=\"https:\/\/www.facebook.com\/Nachofdezber\" \/>\n\t\t<meta property=\"article:author\" content=\"https:\/\/www.facebook.com\/carrenoactualidad\" \/>\n\t\t<meta name=\"twitter:card\" content=\"summary_large_image\" \/>\n\t\t<meta name=\"twitter:site\" content=\"@NabercoDigital\" \/>\n\t\t<meta name=\"twitter:title\" content=\"Mercado Artesanal de Mujeres en Cand\u00e1s durante el fin de semana | Cand\u00e1s 365\" \/>\n\t\t<meta name=\"twitter:description\" content=\"La Asociaci\u00f3n Cultural D&#039;Aky, en colaboraci\u00f3n con la concejal\u00eda de Turismo del Ayuntamiento de Carre\u00f1o, promueve este fin de semana, el segundo Mercado Artesanal de Mujeres en la Plaza de los Hermanos Helio en Cand\u00e1s. Veinticinco stands acoger\u00e1n a las artesanas que ofertan productos de todo tipo: ropa infantil, bisuter\u00eda en arcilla polim\u00e9rica y vidrio\" \/>\n\t\t<meta name=\"twitter:creator\" content=\"@nbasturias\" \/>\n\t\t<meta name=\"twitter:image\" content=\"https:\/\/candas365.es\/noticias\/wp-content\/uploads\/2017\/07\/2434980_960_720.jpg\" \/>\n\t\t<meta name=\"twitter:label1\" content=\"Escrito por\" \/>\n\t\t<meta name=\"twitter:data1\" content=\"Cand\u00e1s 365\" \/>\n\t\t<meta name=\"twitter:label2\" content=\"Tiempo de lectura estimado\" \/>\n\t\t<meta name=\"twitter:data2\" content=\"1 minuto\" \/>\n\t\t<script type=\"application\/ld+json\" class=\"aioseo-schema\">\n\t\t\t{\"@context\":\"https:\\\/\\\/schema.org\",\"@graph\":[{\"@type\":\"BreadcrumbList\",\"@id\":\"https:\\\/\\\/candas365.es\\\/noticias\\\/mercado-artesanal-de-mujeres-en-candas-durante-el-fin-de-semana\\\/#breadcrumblist\",\"itemListElement\":[{\"@type\":\"ListItem\",\"@id\":\"https:\\\/\\\/candas365.es\\\/noticias#listItem\",\"position\":1,\"name\":\"Home\",\"item\":\"https:\\\/\\\/candas365.es\\\/noticias\",\"nextItem\":{\"@type\":\"ListItem\",\"@id\":\"https:\\\/\\\/candas365.es\\\/noticias\\\/category\\\/noticias-carreno\\\/#listItem\",\"name\":\"Noticias Carre\\u00f1o\"}},{\"@type\":\"ListItem\",\"@id\":\"https:\\\/\\\/candas365.es\\\/noticias\\\/category\\\/noticias-carreno\\\/#listItem\",\"position\":2,\"name\":\"Noticias Carre\\u00f1o\",\"item\":\"https:\\\/\\\/candas365.es\\\/noticias\\\/category\\\/noticias-carreno\\\/\",\"nextItem\":{\"@type\":\"ListItem\",\"@id\":\"https:\\\/\\\/candas365.es\\\/noticias\\\/mercado-artesanal-de-mujeres-en-candas-durante-el-fin-de-semana\\\/#listItem\",\"name\":\"Mercado Artesanal de Mujeres en Cand\\u00e1s durante el fin de semana\"},\"previousItem\":{\"@type\":\"ListItem\",\"@id\":\"https:\\\/\\\/candas365.es\\\/noticias#listItem\",\"name\":\"Home\"}},{\"@type\":\"ListItem\",\"@id\":\"https:\\\/\\\/candas365.es\\\/noticias\\\/mercado-artesanal-de-mujeres-en-candas-durante-el-fin-de-semana\\\/#listItem\",\"position\":3,\"name\":\"Mercado Artesanal de Mujeres en Cand\\u00e1s durante el fin de semana\",\"previousItem\":{\"@type\":\"ListItem\",\"@id\":\"https:\\\/\\\/candas365.es\\\/noticias\\\/category\\\/noticias-carreno\\\/#listItem\",\"name\":\"Noticias Carre\\u00f1o\"}}]},{\"@type\":\"NewsArticle\",\"@id\":\"https:\\\/\\\/candas365.es\\\/noticias\\\/mercado-artesanal-de-mujeres-en-candas-durante-el-fin-de-semana\\\/#newsarticle\",\"name\":\"Mercado Artesanal de Mujeres en Cand\\u00e1s durante el fin de semana | Cand\\u00e1s 365\",\"headline\":\"Mercado Artesanal de Mujeres en Cand\\u00e1s durante el fin de semana\",\"author\":{\"@id\":\"https:\\\/\\\/candas365.es\\\/noticias\\\/author\\\/admin\\\/#author\"},\"publisher\":{\"@id\":\"https:\\\/\\\/candas365.es\\\/noticias\\\/#organization\"},\"image\":{\"@type\":\"ImageObject\",\"url\":\"https:\\\/\\\/candas365.es\\\/noticias\\\/wp-content\\\/uploads\\\/2017\\\/07\\\/2434980_960_720.jpg\",\"width\":960,\"height\":640},\"datePublished\":\"2017-07-11T14:13:49+02:00\",\"dateModified\":\"2017-07-11T14:13:49+02:00\",\"inLanguage\":\"es-ES\",\"mainEntityOfPage\":{\"@id\":\"https:\\\/\\\/candas365.es\\\/noticias\\\/mercado-artesanal-de-mujeres-en-candas-durante-el-fin-de-semana\\\/#webpage\"},\"isPartOf\":{\"@id\":\"https:\\\/\\\/candas365.es\\\/noticias\\\/mercado-artesanal-de-mujeres-en-candas-durante-el-fin-de-semana\\\/#webpage\"},\"articleSection\":\"Noticias Carre\\u00f1o\",\"dateline\":\"Publicado el julio 11, 2017.\"},{\"@type\":\"Organization\",\"@id\":\"https:\\\/\\\/candas365.es\\\/noticias\\\/#organization\",\"name\":\"Cand\\u00e1s 365\",\"description\":\"Cand\\u00e1s 365 es un diario digital independiente, fundado en 2012, con base en Asturias. Informamos con rigor sobre actualidad, sociedad, cultura y ocio, con una mirada local y global.\",\"url\":\"https:\\\/\\\/candas365.es\\\/noticias\\\/\",\"email\":\"info@candas365.es\",\"telephone\":\"+34652131393\",\"foundingDate\":\"2012-06-10\",\"logo\":{\"@type\":\"ImageObject\",\"url\":\"https:\\\/\\\/candas365.es\\\/noticias\\\/wp-content\\\/uploads\\\/2024\\\/09\\\/Candas-365-Redes.jpg\",\"@id\":\"https:\\\/\\\/candas365.es\\\/noticias\\\/mercado-artesanal-de-mujeres-en-candas-durante-el-fin-de-semana\\\/#organizationLogo\",\"width\":1152,\"height\":864,\"caption\":\"Cand\\u00e1s 365 Redes\"},\"image\":{\"@id\":\"https:\\\/\\\/candas365.es\\\/noticias\\\/mercado-artesanal-de-mujeres-en-candas-durante-el-fin-de-semana\\\/#organizationLogo\"},\"sameAs\":[\"https:\\\/\\\/www.facebook.com\\\/Nachofdezber\",\"https:\\\/\\\/x.com\\\/NabercoDigital\",\"https:\\\/\\\/www.instagram.com\\\/nachofdezber\\\/\",\"https:\\\/\\\/www.youtube.com\\\/channel\\\/UCZP-2wLEB9Rv6erhFmqVnvg\"],\"address\":{\"@id\":\"https:\\\/\\\/candas365.es\\\/noticias\\\/#postaladdress\",\"@type\":\"PostalAddress\",\"streetAddress\":\"san antonio 4, san antonio 4\",\"postalCode\":\"33430\",\"addressLocality\":\"Cand\\u00e1s\",\"addressRegion\":\"Asturias\",\"addressCountry\":\"ES\"}},{\"@type\":\"Person\",\"@id\":\"https:\\\/\\\/candas365.es\\\/noticias\\\/author\\\/admin\\\/#author\",\"url\":\"https:\\\/\\\/candas365.es\\\/noticias\\\/author\\\/admin\\\/\",\"name\":\"Cand\\u00e1s 365\",\"image\":{\"@type\":\"ImageObject\",\"@id\":\"https:\\\/\\\/candas365.es\\\/noticias\\\/mercado-artesanal-de-mujeres-en-candas-durante-el-fin-de-semana\\\/#authorImage\",\"url\":\"https:\\\/\\\/secure.gravatar.com\\\/avatar\\\/496a8e03d0c493ede1718b7934145dbdf8d89be1036b0eec9544e1094c9de390?s=96&d=mm&r=g\",\"width\":96,\"height\":96,\"caption\":\"Cand\\u00e1s 365\"},\"sameAs\":[\"https:\\\/\\\/www.facebook.com\\\/carrenoactualidad\",\"https:\\\/\\\/twitter.com\\\/nbasturias\",\"https:\\\/\\\/www.instagram.com\\\/nachofdezber\\\/\",\"https:\\\/\\\/www.youtube.com\\\/channel\\\/UCZP-2wLEB9Rv6erhFmqVnvg\"]},{\"@type\":\"WebPage\",\"@id\":\"https:\\\/\\\/candas365.es\\\/noticias\\\/mercado-artesanal-de-mujeres-en-candas-durante-el-fin-de-semana\\\/#webpage\",\"url\":\"https:\\\/\\\/candas365.es\\\/noticias\\\/mercado-artesanal-de-mujeres-en-candas-durante-el-fin-de-semana\\\/\",\"name\":\"Mercado Artesanal de Mujeres en Cand\\u00e1s durante el fin de semana | Cand\\u00e1s 365\",\"description\":\"La Asociaci\\u00f3n Cultural D'Aky, en colaboraci\\u00f3n con la concejal\\u00eda de Turismo del Ayuntamiento de Carre\\u00f1o, promueve este fin de semana, el segundo Mercado Artesanal de Mujeres en la Plaza de los Hermanos Helio en Cand\\u00e1s. Veinticinco stands acoger\\u00e1n a las artesanas que ofertan productos de todo tipo: ropa infantil, bisuter\\u00eda en arcilla polim\\u00e9rica y vidrio\",\"inLanguage\":\"es-ES\",\"isPartOf\":{\"@id\":\"https:\\\/\\\/candas365.es\\\/noticias\\\/#website\"},\"breadcrumb\":{\"@id\":\"https:\\\/\\\/candas365.es\\\/noticias\\\/mercado-artesanal-de-mujeres-en-candas-durante-el-fin-de-semana\\\/#breadcrumblist\"},\"author\":{\"@id\":\"https:\\\/\\\/candas365.es\\\/noticias\\\/author\\\/admin\\\/#author\"},\"creator\":{\"@id\":\"https:\\\/\\\/candas365.es\\\/noticias\\\/author\\\/admin\\\/#author\"},\"image\":{\"@type\":\"ImageObject\",\"url\":\"https:\\\/\\\/candas365.es\\\/noticias\\\/wp-content\\\/uploads\\\/2017\\\/07\\\/2434980_960_720.jpg\",\"@id\":\"https:\\\/\\\/candas365.es\\\/noticias\\\/mercado-artesanal-de-mujeres-en-candas-durante-el-fin-de-semana\\\/#mainImage\",\"width\":960,\"height\":640},\"primaryImageOfPage\":{\"@id\":\"https:\\\/\\\/candas365.es\\\/noticias\\\/mercado-artesanal-de-mujeres-en-candas-durante-el-fin-de-semana\\\/#mainImage\"},\"datePublished\":\"2017-07-11T14:13:49+02:00\",\"dateModified\":\"2017-07-11T14:13:49+02:00\"},{\"@type\":\"WebSite\",\"@id\":\"https:\\\/\\\/candas365.es\\\/noticias\\\/#website\",\"url\":\"https:\\\/\\\/candas365.es\\\/noticias\\\/\",\"name\":\"Cand\\u00e1s 365\",\"alternateName\":\"Cand\\u00e1s 365 Noticias\",\"description\":\"Actualidad desde Carre\\u00f1o para el mundo\",\"inLanguage\":\"es-ES\",\"publisher\":{\"@id\":\"https:\\\/\\\/candas365.es\\\/noticias\\\/#organization\"}}]}\n\t\t<\/script>\n\t\t<!-- All in One SEO Pro -->\r\n\t\t<title>Mercado Artesanal de Mujeres en Cand\u00e1s durante el fin de semana | Cand\u00e1s 365<\/title>\n\n","aioseo_head_json":{"title":"Mercado Artesanal de Mujeres en Cand\u00e1s durante el fin de semana | Cand\u00e1s 365","description":"La Asociaci\u00f3n Cultural D'Aky, en colaboraci\u00f3n con la concejal\u00eda de Turismo del Ayuntamiento de Carre\u00f1o, promueve este fin de semana, el segundo Mercado Artesanal de Mujeres en la Plaza de los Hermanos Helio en Cand\u00e1s. Veinticinco stands acoger\u00e1n a las artesanas que ofertan productos de todo tipo: ropa infantil, bisuter\u00eda en arcilla polim\u00e9rica y vidrio","canonical_url":"https:\/\/candas365.es\/noticias\/mercado-artesanal-de-mujeres-en-candas-durante-el-fin-de-semana\/","robots":"max-image-preview:large","keywords":"noticias carre\u00f1o","webmasterTools":{"google-site-verification":"UA-32230408-1","msvalidate.01":"354F3CDFB2DA171B47FBE9ABF1F88D5","miscellaneous":""},"schema":{"@context":"https:\/\/schema.org","@graph":[{"@type":"BreadcrumbList","@id":"https:\/\/candas365.es\/noticias\/mercado-artesanal-de-mujeres-en-candas-durante-el-fin-de-semana\/#breadcrumblist","itemListElement":[{"@type":"ListItem","@id":"https:\/\/candas365.es\/noticias#listItem","position":1,"name":"Home","item":"https:\/\/candas365.es\/noticias","nextItem":{"@type":"ListItem","@id":"https:\/\/candas365.es\/noticias\/category\/noticias-carreno\/#listItem","name":"Noticias Carre\u00f1o"}},{"@type":"ListItem","@id":"https:\/\/candas365.es\/noticias\/category\/noticias-carreno\/#listItem","position":2,"name":"Noticias Carre\u00f1o","item":"https:\/\/candas365.es\/noticias\/category\/noticias-carreno\/","nextItem":{"@type":"ListItem","@id":"https:\/\/candas365.es\/noticias\/mercado-artesanal-de-mujeres-en-candas-durante-el-fin-de-semana\/#listItem","name":"Mercado Artesanal de Mujeres en Cand\u00e1s durante el fin de semana"},"previousItem":{"@type":"ListItem","@id":"https:\/\/candas365.es\/noticias#listItem","name":"Home"}},{"@type":"ListItem","@id":"https:\/\/candas365.es\/noticias\/mercado-artesanal-de-mujeres-en-candas-durante-el-fin-de-semana\/#listItem","position":3,"name":"Mercado Artesanal de Mujeres en Cand\u00e1s durante el fin de semana","previousItem":{"@type":"ListItem","@id":"https:\/\/candas365.es\/noticias\/category\/noticias-carreno\/#listItem","name":"Noticias Carre\u00f1o"}}]},{"@type":"NewsArticle","@id":"https:\/\/candas365.es\/noticias\/mercado-artesanal-de-mujeres-en-candas-durante-el-fin-de-semana\/#newsarticle","name":"Mercado Artesanal de Mujeres en Cand\u00e1s durante el fin de semana | Cand\u00e1s 365","headline":"Mercado Artesanal de Mujeres en Cand\u00e1s durante el fin de semana","author":{"@id":"https:\/\/candas365.es\/noticias\/author\/admin\/#author"},"publisher":{"@id":"https:\/\/candas365.es\/noticias\/#organization"},"image":{"@type":"ImageObject","url":"https:\/\/candas365.es\/noticias\/wp-content\/uploads\/2017\/07\/2434980_960_720.jpg","width":960,"height":640},"datePublished":"2017-07-11T14:13:49+02:00","dateModified":"2017-07-11T14:13:49+02:00","inLanguage":"es-ES","mainEntityOfPage":{"@id":"https:\/\/candas365.es\/noticias\/mercado-artesanal-de-mujeres-en-candas-durante-el-fin-de-semana\/#webpage"},"isPartOf":{"@id":"https:\/\/candas365.es\/noticias\/mercado-artesanal-de-mujeres-en-candas-durante-el-fin-de-semana\/#webpage"},"articleSection":"Noticias Carre\u00f1o","dateline":"Publicado el julio 11, 2017."},{"@type":"Organization","@id":"https:\/\/candas365.es\/noticias\/#organization","name":"Cand\u00e1s 365","description":"Cand\u00e1s 365 es un diario digital independiente, fundado en 2012, con base en Asturias. Informamos con rigor sobre actualidad, sociedad, cultura y ocio, con una mirada local y global.","url":"https:\/\/candas365.es\/noticias\/","email":"info@candas365.es","telephone":"+34652131393","foundingDate":"2012-06-10","logo":{"@type":"ImageObject","url":"https:\/\/candas365.es\/noticias\/wp-content\/uploads\/2024\/09\/Candas-365-Redes.jpg","@id":"https:\/\/candas365.es\/noticias\/mercado-artesanal-de-mujeres-en-candas-durante-el-fin-de-semana\/#organizationLogo","width":1152,"height":864,"caption":"Cand\u00e1s 365 Redes"},"image":{"@id":"https:\/\/candas365.es\/noticias\/mercado-artesanal-de-mujeres-en-candas-durante-el-fin-de-semana\/#organizationLogo"},"sameAs":["https:\/\/www.facebook.com\/Nachofdezber","https:\/\/x.com\/NabercoDigital","https:\/\/www.instagram.com\/nachofdezber\/","https:\/\/www.youtube.com\/channel\/UCZP-2wLEB9Rv6erhFmqVnvg"],"address":{"@id":"https:\/\/candas365.es\/noticias\/#postaladdress","@type":"PostalAddress","streetAddress":"san antonio 4, san antonio 4","postalCode":"33430","addressLocality":"Cand\u00e1s","addressRegion":"Asturias","addressCountry":"ES"}},{"@type":"Person","@id":"https:\/\/candas365.es\/noticias\/author\/admin\/#author","url":"https:\/\/candas365.es\/noticias\/author\/admin\/","name":"Cand\u00e1s 365","image":{"@type":"ImageObject","@id":"https:\/\/candas365.es\/noticias\/mercado-artesanal-de-mujeres-en-candas-durante-el-fin-de-semana\/#authorImage","url":"https:\/\/secure.gravatar.com\/avatar\/496a8e03d0c493ede1718b7934145dbdf8d89be1036b0eec9544e1094c9de390?s=96&d=mm&r=g","width":96,"height":96,"caption":"Cand\u00e1s 365"},"sameAs":["https:\/\/www.facebook.com\/carrenoactualidad","https:\/\/twitter.com\/nbasturias","https:\/\/www.instagram.com\/nachofdezber\/","https:\/\/www.youtube.com\/channel\/UCZP-2wLEB9Rv6erhFmqVnvg"]},{"@type":"WebPage","@id":"https:\/\/candas365.es\/noticias\/mercado-artesanal-de-mujeres-en-candas-durante-el-fin-de-semana\/#webpage","url":"https:\/\/candas365.es\/noticias\/mercado-artesanal-de-mujeres-en-candas-durante-el-fin-de-semana\/","name":"Mercado Artesanal de Mujeres en Cand\u00e1s durante el fin de semana | Cand\u00e1s 365","description":"La Asociaci\u00f3n Cultural D'Aky, en colaboraci\u00f3n con la concejal\u00eda de Turismo del Ayuntamiento de Carre\u00f1o, promueve este fin de semana, el segundo Mercado Artesanal de Mujeres en la Plaza de los Hermanos Helio en Cand\u00e1s. Veinticinco stands acoger\u00e1n a las artesanas que ofertan productos de todo tipo: ropa infantil, bisuter\u00eda en arcilla polim\u00e9rica y vidrio","inLanguage":"es-ES","isPartOf":{"@id":"https:\/\/candas365.es\/noticias\/#website"},"breadcrumb":{"@id":"https:\/\/candas365.es\/noticias\/mercado-artesanal-de-mujeres-en-candas-durante-el-fin-de-semana\/#breadcrumblist"},"author":{"@id":"https:\/\/candas365.es\/noticias\/author\/admin\/#author"},"creator":{"@id":"https:\/\/candas365.es\/noticias\/author\/admin\/#author"},"image":{"@type":"ImageObject","url":"https:\/\/candas365.es\/noticias\/wp-content\/uploads\/2017\/07\/2434980_960_720.jpg","@id":"https:\/\/candas365.es\/noticias\/mercado-artesanal-de-mujeres-en-candas-durante-el-fin-de-semana\/#mainImage","width":960,"height":640},"primaryImageOfPage":{"@id":"https:\/\/candas365.es\/noticias\/mercado-artesanal-de-mujeres-en-candas-durante-el-fin-de-semana\/#mainImage"},"datePublished":"2017-07-11T14:13:49+02:00","dateModified":"2017-07-11T14:13:49+02:00"},{"@type":"WebSite","@id":"https:\/\/candas365.es\/noticias\/#website","url":"https:\/\/candas365.es\/noticias\/","name":"Cand\u00e1s 365","alternateName":"Cand\u00e1s 365 Noticias","description":"Actualidad desde Carre\u00f1o para el mundo","inLanguage":"es-ES","publisher":{"@id":"https:\/\/candas365.es\/noticias\/#organization"}}]},"og:locale":"es_ES","og:site_name":"Cand\u00e1s 365","og:type":"article","og:title":"Mercado Artesanal de Mujeres en Cand\u00e1s durante el fin de semana | Cand\u00e1s 365","og:description":"La Asociaci\u00f3n Cultural D'Aky, en colaboraci\u00f3n con la concejal\u00eda de Turismo del Ayuntamiento de Carre\u00f1o, promueve este fin de semana, el segundo Mercado Artesanal de Mujeres en la Plaza de los Hermanos Helio en Cand\u00e1s. Veinticinco stands acoger\u00e1n a las artesanas que ofertan productos de todo tipo: ropa infantil, bisuter\u00eda en arcilla polim\u00e9rica y vidrio","og:url":"https:\/\/candas365.es\/noticias\/mercado-artesanal-de-mujeres-en-candas-durante-el-fin-de-semana\/","og:image":"https:\/\/candas365.es\/noticias\/wp-content\/uploads\/2017\/07\/2434980_960_720.jpg","og:image:secure_url":"https:\/\/candas365.es\/noticias\/wp-content\/uploads\/2017\/07\/2434980_960_720.jpg","og:image:width":960,"og:image:height":640,"article:published_time":"2017-07-11T14:13:49+00:00","article:modified_time":"2017-07-11T14:13:49+00:00","article:publisher":"https:\/\/www.facebook.com\/Nachofdezber","article:author":"https:\/\/www.facebook.com\/carrenoactualidad","twitter:card":"summary_large_image","twitter:site":"@NabercoDigital","twitter:title":"Mercado Artesanal de Mujeres en Cand\u00e1s durante el fin de semana | Cand\u00e1s 365","twitter:description":"La Asociaci\u00f3n Cultural D'Aky, en colaboraci\u00f3n con la concejal\u00eda de Turismo del Ayuntamiento de Carre\u00f1o, promueve este fin de semana, el segundo Mercado Artesanal de Mujeres en la Plaza de los Hermanos Helio en Cand\u00e1s. Veinticinco stands acoger\u00e1n a las artesanas que ofertan productos de todo tipo: ropa infantil, bisuter\u00eda en arcilla polim\u00e9rica y vidrio","twitter:creator":"@nbasturias","twitter:image":"https:\/\/candas365.es\/noticias\/wp-content\/uploads\/2017\/07\/2434980_960_720.jpg","twitter:label1":"Escrito por","twitter:data1":"Cand\u00e1s 365","twitter:label2":"Tiempo de lectura estimado","twitter:data2":"1 minuto"},"aioseo_meta_data":{"post_id":"75481","title":null,"description":null,"keywords":null,"keyphrases":null,"primary_term":null,"canonical_url":null,"og_title":null,"og_description":null,"og_object_type":"default","og_image_type":"default","og_image_url":null,"og_image_width":null,"og_image_height":null,"og_image_custom_url":null,"og_image_custom_fields":null,"og_video":null,"og_custom_url":null,"og_article_section":null,"og_article_tags":null,"twitter_use_og":false,"twitter_card":"default","twitter_image_type":"default","twitter_image_url":null,"twitter_image_custom_url":null,"twitter_image_custom_fields":null,"twitter_title":null,"twitter_description":null,"schema":{"blockGraphs":[],"customGraphs":[],"default":{"data":{"Article":[],"Course":[],"Dataset":[],"FAQPage":[],"Movie":[],"Person":[],"Product":[],"ProductReview":[],"Car":[],"Recipe":[],"Service":[],"SoftwareApplication":[],"WebPage":[]},"graphName":"","isEnabled":true},"graphs":[],"defaultGraph":"","defaultPostTypeGraph":""},"schema_type":null,"schema_type_options":null,"pillar_content":false,"robots_default":true,"robots_noindex":false,"robots_noarchive":false,"robots_nosnippet":false,"robots_nofollow":false,"robots_noimageindex":false,"robots_noodp":false,"robots_notranslate":false,"robots_max_snippet":null,"robots_max_videopreview":null,"robots_max_imagepreview":"large","priority":null,"frequency":null,"location":null,"local_seo":null,"seo_analyzer_scan_date":"2025-08-25 18:08:11","breadcrumb_settings":null,"limit_modified_date":false,"reviewed_by":null,"open_ai":null,"ai":null,"created":"2020-12-21 12:56:47","updated":"2025-08-25 18:08:11"},"aioseo_breadcrumb":"<div class=\"aioseo-breadcrumbs\"><span class=\"aioseo-breadcrumb\">\n\t<a href=\"https:\/\/candas365.es\/noticias\" title=\"Home\">Home<\/a>\n<\/span><span class=\"aioseo-breadcrumb-separator\">&ndash;<\/span><span class=\"aioseo-breadcrumb\">\n\t<a href=\"https:\/\/candas365.es\/noticias\/category\/noticias-carreno\/\" title=\"Noticias Carre\u00f1o\">Noticias Carre\u00f1o<\/a>\n<\/span><span class=\"aioseo-breadcrumb-separator\">&ndash;<\/span><span class=\"aioseo-breadcrumb\">\n\tMercado Artesanal de Mujeres en Cand\u00e1s durante el fin de semana\n<\/span><\/div>","aioseo_breadcrumb_json":[{"label":"Home","link":"https:\/\/candas365.es\/noticias"},{"label":"Noticias Carre\u00f1o","link":"https:\/\/candas365.es\/noticias\/category\/noticias-carreno\/"},{"label":"Mercado Artesanal de Mujeres en Cand\u00e1s durante el fin de semana","link":"https:\/\/candas365.es\/noticias\/mercado-artesanal-de-mujeres-en-candas-durante-el-fin-de-semana\/"}],"_links":{"self":[{"href":"https:\/\/candas365.es\/noticias\/wp-json\/wp\/v2\/posts\/75481","targetHints":{"allow":["GET"]}}],"collection":[{"href":"https:\/\/candas365.es\/noticias\/wp-json\/wp\/v2\/posts"}],"about":[{"href":"https:\/\/candas365.es\/noticias\/wp-json\/wp\/v2\/types\/post"}],"author":[{"embeddable":true,"href":"https:\/\/candas365.es\/noticias\/wp-json\/wp\/v2\/users\/1"}],"replies":[{"embeddable":true,"href":"https:\/\/candas365.es\/noticias\/wp-json\/wp\/v2\/comments?post=75481"}],"version-history":[{"count":0,"href":"https:\/\/candas365.es\/noticias\/wp-json\/wp\/v2\/posts\/75481\/revisions"}],"wp:featuredmedia":[{"embeddable":true,"href":"https:\/\/candas365.es\/noticias\/wp-json\/wp\/v2\/media\/75482"}],"wp:attachment":[{"href":"https:\/\/candas365.es\/noticias\/wp-json\/wp\/v2\/media?parent=75481"}],"wp:term":[{"taxonomy":"category","embeddable":true,"href":"https:\/\/candas365.es\/noticias\/wp-json\/wp\/v2\/categories?post=75481"},{"taxonomy":"post_tag","embeddable":true,"href":"https:\/\/candas365.es\/noticias\/wp-json\/wp\/v2\/tags?post=75481"}],"curies":[{"name":"wp","href":"https:\/\/api.w.org\/{rel}","templated":true}]}}