{"id":75263,"date":"2017-07-07T01:18:49","date_gmt":"2017-07-07T01:18:49","guid":{"rendered":"http:\/\/candas365.es\/noticias\/?p=75263"},"modified":"2017-07-07T01:18:49","modified_gmt":"2017-07-07T01:18:49","slug":"los-profesionales-de-la-justicia-recuperaran-de-forma-integra-los-derechos-laborales-en-materia-de-vacaciones-y-permisos","status":"publish","type":"post","link":"https:\/\/candas365.es\/noticias\/los-profesionales-de-la-justicia-recuperaran-de-forma-integra-los-derechos-laborales-en-materia-de-vacaciones-y-permisos\/","title":{"rendered":"Los profesionales de la Justicia recuperar\u00e1n de forma \u00edntegra los derechos laborales en materia de vacaciones y permisos"},"content":{"rendered":"<p><img fetchpriority=\"high\" decoding=\"async\" class=\"alignleft size-medium wp-image-75264\" src=\"https:\/\/candas365.es\/noticias\/wp-content\/uploads\/2017\/07\/050717-justicia-360x239.jpg\" alt=\"\" width=\"360\" height=\"239\" srcset=\"https:\/\/candas365.es\/noticias\/wp-content\/uploads\/2017\/07\/050717-justicia-360x239.jpg 360w, https:\/\/candas365.es\/noticias\/wp-content\/uploads\/2017\/07\/050717-justicia-84x55.jpg 84w, https:\/\/candas365.es\/noticias\/wp-content\/uploads\/2017\/07\/050717-justicia.jpg 496w\" sizes=\"(max-width: 360px) 100vw, 360px\" \/>El ministro de Justicia, Rafael Catal\u00e1, se ha reunido con los representantes de las principales asociaciones de jueces y magistrados, con quienes ha abordado asuntos como el despliegue de Justicia digital, la implantaci\u00f3n de nuevas tecnolog\u00edas y la recuperaci\u00f3n de derechos por parte de este colectivo.<\/p>\n<p>\u200bEn el encuentro, al que han asistido el presidente de la Asociaci\u00f3n Profesional de la Magistratura, Manuel Almenar, el representante de la Asociaci\u00f3n Judicial Francisco de Vitoria, Raimundo Prado, el portavoz nacional de Jueces para la Democracia, Ignacio Gonz\u00e1lez, y la presidenta del Foro Judicial Independiente, Concepci\u00f3n Rodr\u00edguez, se han evaluado las medidas adoptadas en materia de Justicia digital y la implantaci\u00f3n de las nuevas tecnolog\u00edas en los tribunales de Justicia, entre las que destaca el desarrollo del sistema de gesti\u00f3n procesal com\u00fan y del expediente judicial electr\u00f3nico.<\/p>\n<p>En esa l\u00ednea, los Presupuestos Generales del Estado para 2017 destinan cantidades adicionales a la transformaci\u00f3n digital del sistema de Justicia y de los registros civiles, lo que supone un significativo incremento respecto al ejercicio anterior. El Ministerio se ha comprometido a abrir una l\u00ednea de trabajo con las asociaciones de jueces y magistrados en relaci\u00f3n con las mejoras de los sistemas y aplicaciones inform\u00e1ticas que faciliten su trabajo diario.<\/p>\n<p>El ministro ha adelantado que pr\u00f3ximamente se proceder\u00e1 a la creaci\u00f3n de nuevos \u00f3rganos judiciales, entre los que se prestar\u00e1 especial atenci\u00f3n a los juzgados de primera instancia, de lo mercantil, de lo social y de lo penal. Durante los \u00faltimos meses se han realizado gestiones con las comunidades aut\u00f3nomas y con el Consejo General del Poder Judicial para poder detectar aquellos \u00e1mbitos donde existe una mayor necesidad de nuevos juzgados. En el mes de septiembre, una vez realizado ese trabajo preparatorio, se aprobar\u00e1 el Real Decreto por el que se proceder\u00e1 a su creaci\u00f3n.<\/p>\n<p>Adem\u00e1s, el ministro ha presentado a las asociaciones una nueva iniciativa que se registrar\u00e1 la pr\u00f3xima semana en el Congreso de los Diputados, por la que se modificar\u00e1n los d\u00edas de vacaciones y de permiso de jueces y fiscales, as\u00ed como del resto del personal de la Administraci\u00f3n de Justicia de forma que vuelvan a disponer de los mismos d\u00edas de los que disfrutaban antes de las medidas adoptadas en 2012 para cumplir con los objetivos de austeridad y eficiencia.<\/p>\n<p>En concreto, dicha iniciativa recoge las siguientes medidas:<\/p>\n<ul>\n<li>Jueces y fiscales disfrutar\u00e1n de los mismos d\u00edas de vacaciones y permisos de que disfrutaban con anterioridad, incluidos los d\u00edas adicionales por antig\u00fcedad.<\/li>\n<li>Se repondr\u00e1n los tres d\u00edas adicionales que la Ley Org\u00e1nica del Poder Judicial (LOPJ) reconoc\u00eda al personal de la Administraci\u00f3n de Justicia antes de su reforma.<\/li>\n<li>Una nueva redacci\u00f3n de la LOPJ permitir\u00e1 a jueces y fiscales disfrutar del permiso de paternidad en las mismas condiciones que el resto del personal que presta sus servicios al Estado. De esta manera dispondr\u00e1n de cuatro semanas en lugar de las dos actuales.<\/li>\n<\/ul>\n<p>El ministro se ha comprometido a mantener contacto y di\u00e1logo permanente con las asociaciones de jueces y magistrados en relaci\u00f3n con las medidas que para la mejora y profesionalizaci\u00f3n de la Justicia sea preciso abordar en el marco de la reforma de la Ley Org\u00e1nica del Poder Judicial.<\/p>\n<p>En relaci\u00f3n con la Oferta de Empleo P\u00fablico correspondiente a 2017 para las carreras judicial y fiscal, el Ministerio de Justicia ha informado a las asociaciones que este mismo mes se publicar\u00e1 en el Bolet\u00edn Oficial del Estado la convocatoria para la provisi\u00f3n de 100 nuevas plazas.<\/p>\n<p>Por \u00faltimo, Catal\u00e1 ha anunciado que en septiembre se proceder\u00e1 a convocar la Mesa de Retribuciones y que en la n\u00f3mina del mes de julio se abonar\u00e1 el 1% de incremento en las retribuciones, as\u00ed como las cantidades que correspondan a esa actualizaci\u00f3n desde el mes de enero.<\/p>\n<p>&nbsp;<\/p>\n","protected":false},"excerpt":{"rendered":"<p>El ministro de Justicia, Rafael Catal\u00e1, se ha reunido con los representantes de las principales asociaciones de jueces y magistrados, con quienes ha abordado asuntos como el despliegue de Justicia digital, la implantaci\u00f3n de nuevas tecnolog\u00edas y la recuperaci\u00f3n de derechos por parte de este colectivo. \u200bEn el encuentro, al que han asistido el presidente<\/p>\n","protected":false},"author":1,"featured_media":75264,"comment_status":"closed","ping_status":"closed","sticky":false,"template":"","format":"standard","meta":{"footnotes":""},"categories":[343],"tags":[],"class_list":{"0":"post-75263","1":"post","2":"type-post","3":"status-publish","4":"format-standard","5":"has-post-thumbnail","7":"category-actualidad"},"aioseo_notices":[],"aioseo_head":"\n\t\t<!-- All in One SEO Pro 4.9.6.2 - aioseo.com -->\n\t<meta name=\"description\" content=\"El ministro de Justicia, Rafael Catal\u00e1, se ha reunido con los representantes de las principales asociaciones de jueces y magistrados, con quienes ha abordado asuntos como el despliegue de Justicia digital, la implantaci\u00f3n de nuevas tecnolog\u00edas y la recuperaci\u00f3n de derechos por parte de este colectivo. \u200bEn el encuentro, al que han asistido el presidente\" \/>\n\t<meta name=\"robots\" content=\"max-image-preview:large\" \/>\n\t<meta name=\"author\" content=\"Cand\u00e1s 365\"\/>\n\t<meta name=\"google-site-verification\" content=\"UA-32230408-1\" \/>\n\t<meta name=\"msvalidate.01\" content=\"354F3CDFB2DA171B47FBE9ABF1F88D5\" \/>\n\t<meta name=\"keywords\" content=\"actualidad\" \/>\n\t<link rel=\"canonical\" href=\"https:\/\/candas365.es\/noticias\/los-profesionales-de-la-justicia-recuperaran-de-forma-integra-los-derechos-laborales-en-materia-de-vacaciones-y-permisos\/\" \/>\n\t<meta name=\"generator\" content=\"All in One SEO Pro (AIOSEO) 4.9.6.2\" \/>\n\t\t<meta property=\"og:locale\" content=\"es_ES\" \/>\n\t\t<meta property=\"og:site_name\" content=\"Cand\u00e1s 365\" \/>\n\t\t<meta property=\"og:type\" content=\"article\" \/>\n\t\t<meta property=\"og:title\" content=\"Los profesionales de la Justicia recuperar\u00e1n de forma \u00edntegra los derechos laborales en materia de vacaciones y permisos | Cand\u00e1s 365\" \/>\n\t\t<meta property=\"og:description\" content=\"El ministro de Justicia, Rafael Catal\u00e1, se ha reunido con los representantes de las principales asociaciones de jueces y magistrados, con quienes ha abordado asuntos como el despliegue de Justicia digital, la implantaci\u00f3n de nuevas tecnolog\u00edas y la recuperaci\u00f3n de derechos por parte de este colectivo. \u200bEn el encuentro, al que han asistido el presidente\" \/>\n\t\t<meta property=\"og:url\" content=\"https:\/\/candas365.es\/noticias\/los-profesionales-de-la-justicia-recuperaran-de-forma-integra-los-derechos-laborales-en-materia-de-vacaciones-y-permisos\/\" \/>\n\t\t<meta property=\"og:image\" content=\"https:\/\/candas365.es\/noticias\/wp-content\/uploads\/2017\/07\/050717-justicia.jpg\" \/>\n\t\t<meta property=\"og:image:secure_url\" content=\"https:\/\/candas365.es\/noticias\/wp-content\/uploads\/2017\/07\/050717-justicia.jpg\" \/>\n\t\t<meta property=\"og:image:width\" content=\"496\" \/>\n\t\t<meta property=\"og:image:height\" content=\"329\" \/>\n\t\t<meta property=\"article:published_time\" content=\"2017-07-07T01:18:49+00:00\" \/>\n\t\t<meta property=\"article:modified_time\" content=\"2017-07-07T01:18:49+00:00\" \/>\n\t\t<meta property=\"article:publisher\" content=\"https:\/\/www.facebook.com\/Nachofdezber\" \/>\n\t\t<meta property=\"article:author\" content=\"https:\/\/www.facebook.com\/carrenoactualidad\" \/>\n\t\t<meta name=\"twitter:card\" content=\"summary_large_image\" \/>\n\t\t<meta name=\"twitter:site\" content=\"@NabercoDigital\" \/>\n\t\t<meta name=\"twitter:title\" content=\"Los profesionales de la Justicia recuperar\u00e1n de forma \u00edntegra los derechos laborales en materia de vacaciones y permisos | Cand\u00e1s 365\" \/>\n\t\t<meta name=\"twitter:description\" content=\"El ministro de Justicia, Rafael Catal\u00e1, se ha reunido con los representantes de las principales asociaciones de jueces y magistrados, con quienes ha abordado asuntos como el despliegue de Justicia digital, la implantaci\u00f3n de nuevas tecnolog\u00edas y la recuperaci\u00f3n de derechos por parte de este colectivo. \u200bEn el encuentro, al que han asistido el presidente\" \/>\n\t\t<meta name=\"twitter:creator\" content=\"@nbasturias\" \/>\n\t\t<meta name=\"twitter:image\" content=\"https:\/\/candas365.es\/noticias\/wp-content\/uploads\/2017\/07\/050717-justicia.jpg\" \/>\n\t\t<meta name=\"twitter:label1\" content=\"Escrito por\" \/>\n\t\t<meta name=\"twitter:data1\" content=\"Cand\u00e1s 365\" \/>\n\t\t<meta name=\"twitter:label2\" content=\"Tiempo de lectura estimado\" \/>\n\t\t<meta name=\"twitter:data2\" content=\"3 minutos\" \/>\n\t\t<script type=\"application\/ld+json\" class=\"aioseo-schema\">\n\t\t\t{\"@context\":\"https:\\\/\\\/schema.org\",\"@graph\":[{\"@type\":\"BreadcrumbList\",\"@id\":\"https:\\\/\\\/candas365.es\\\/noticias\\\/los-profesionales-de-la-justicia-recuperaran-de-forma-integra-los-derechos-laborales-en-materia-de-vacaciones-y-permisos\\\/#breadcrumblist\",\"itemListElement\":[{\"@type\":\"ListItem\",\"@id\":\"https:\\\/\\\/candas365.es\\\/noticias#listItem\",\"position\":1,\"name\":\"Home\",\"item\":\"https:\\\/\\\/candas365.es\\\/noticias\",\"nextItem\":{\"@type\":\"ListItem\",\"@id\":\"https:\\\/\\\/candas365.es\\\/noticias\\\/category\\\/actualidad\\\/#listItem\",\"name\":\"Actualidad\"}},{\"@type\":\"ListItem\",\"@id\":\"https:\\\/\\\/candas365.es\\\/noticias\\\/category\\\/actualidad\\\/#listItem\",\"position\":2,\"name\":\"Actualidad\",\"item\":\"https:\\\/\\\/candas365.es\\\/noticias\\\/category\\\/actualidad\\\/\",\"nextItem\":{\"@type\":\"ListItem\",\"@id\":\"https:\\\/\\\/candas365.es\\\/noticias\\\/los-profesionales-de-la-justicia-recuperaran-de-forma-integra-los-derechos-laborales-en-materia-de-vacaciones-y-permisos\\\/#listItem\",\"name\":\"Los profesionales de la Justicia recuperar\\u00e1n de forma \\u00edntegra los derechos laborales en materia de vacaciones y permisos\"},\"previousItem\":{\"@type\":\"ListItem\",\"@id\":\"https:\\\/\\\/candas365.es\\\/noticias#listItem\",\"name\":\"Home\"}},{\"@type\":\"ListItem\",\"@id\":\"https:\\\/\\\/candas365.es\\\/noticias\\\/los-profesionales-de-la-justicia-recuperaran-de-forma-integra-los-derechos-laborales-en-materia-de-vacaciones-y-permisos\\\/#listItem\",\"position\":3,\"name\":\"Los profesionales de la Justicia recuperar\\u00e1n de forma \\u00edntegra los derechos laborales en materia de vacaciones y permisos\",\"previousItem\":{\"@type\":\"ListItem\",\"@id\":\"https:\\\/\\\/candas365.es\\\/noticias\\\/category\\\/actualidad\\\/#listItem\",\"name\":\"Actualidad\"}}]},{\"@type\":\"NewsArticle\",\"@id\":\"https:\\\/\\\/candas365.es\\\/noticias\\\/los-profesionales-de-la-justicia-recuperaran-de-forma-integra-los-derechos-laborales-en-materia-de-vacaciones-y-permisos\\\/#newsarticle\",\"name\":\"Los profesionales de la Justicia recuperar\\u00e1n de forma \\u00edntegra los derechos laborales en materia de vacaciones y permisos | Cand\\u00e1s 365\",\"headline\":\"Los profesionales de la Justicia recuperar\\u00e1n de forma \\u00edntegra los derechos laborales en materia de vacaciones y permisos\",\"author\":{\"@id\":\"https:\\\/\\\/candas365.es\\\/noticias\\\/author\\\/admin\\\/#author\"},\"publisher\":{\"@id\":\"https:\\\/\\\/candas365.es\\\/noticias\\\/#organization\"},\"image\":{\"@type\":\"ImageObject\",\"url\":\"https:\\\/\\\/candas365.es\\\/noticias\\\/wp-content\\\/uploads\\\/2017\\\/07\\\/050717-justicia.jpg\",\"width\":496,\"height\":329},\"datePublished\":\"2017-07-07T01:18:49+02:00\",\"dateModified\":\"2017-07-07T01:18:49+02:00\",\"inLanguage\":\"es-ES\",\"mainEntityOfPage\":{\"@id\":\"https:\\\/\\\/candas365.es\\\/noticias\\\/los-profesionales-de-la-justicia-recuperaran-de-forma-integra-los-derechos-laborales-en-materia-de-vacaciones-y-permisos\\\/#webpage\"},\"isPartOf\":{\"@id\":\"https:\\\/\\\/candas365.es\\\/noticias\\\/los-profesionales-de-la-justicia-recuperaran-de-forma-integra-los-derechos-laborales-en-materia-de-vacaciones-y-permisos\\\/#webpage\"},\"articleSection\":\"Actualidad\",\"dateline\":\"Publicado el julio 7, 2017.\"},{\"@type\":\"Organization\",\"@id\":\"https:\\\/\\\/candas365.es\\\/noticias\\\/#organization\",\"name\":\"Cand\\u00e1s 365\",\"description\":\"Cand\\u00e1s 365 es un diario digital independiente, fundado en 2012, con base en Asturias. Informamos con rigor sobre actualidad, sociedad, cultura y ocio, con una mirada local y global.\",\"url\":\"https:\\\/\\\/candas365.es\\\/noticias\\\/\",\"email\":\"info@candas365.es\",\"telephone\":\"+34652131393\",\"foundingDate\":\"2012-06-10\",\"logo\":{\"@type\":\"ImageObject\",\"url\":\"https:\\\/\\\/candas365.es\\\/noticias\\\/wp-content\\\/uploads\\\/2024\\\/09\\\/Candas-365-Redes.jpg\",\"@id\":\"https:\\\/\\\/candas365.es\\\/noticias\\\/los-profesionales-de-la-justicia-recuperaran-de-forma-integra-los-derechos-laborales-en-materia-de-vacaciones-y-permisos\\\/#organizationLogo\",\"width\":1152,\"height\":864,\"caption\":\"Cand\\u00e1s 365 Redes\"},\"image\":{\"@id\":\"https:\\\/\\\/candas365.es\\\/noticias\\\/los-profesionales-de-la-justicia-recuperaran-de-forma-integra-los-derechos-laborales-en-materia-de-vacaciones-y-permisos\\\/#organizationLogo\"},\"sameAs\":[\"https:\\\/\\\/www.facebook.com\\\/Nachofdezber\",\"https:\\\/\\\/x.com\\\/NabercoDigital\",\"https:\\\/\\\/www.instagram.com\\\/nachofdezber\\\/\",\"https:\\\/\\\/www.youtube.com\\\/channel\\\/UCZP-2wLEB9Rv6erhFmqVnvg\"],\"address\":{\"@id\":\"https:\\\/\\\/candas365.es\\\/noticias\\\/#postaladdress\",\"@type\":\"PostalAddress\",\"streetAddress\":\"san antonio 4, san antonio 4\",\"postalCode\":\"33430\",\"addressLocality\":\"Cand\\u00e1s\",\"addressRegion\":\"Asturias\",\"addressCountry\":\"ES\"}},{\"@type\":\"Person\",\"@id\":\"https:\\\/\\\/candas365.es\\\/noticias\\\/author\\\/admin\\\/#author\",\"url\":\"https:\\\/\\\/candas365.es\\\/noticias\\\/author\\\/admin\\\/\",\"name\":\"Cand\\u00e1s 365\",\"image\":{\"@type\":\"ImageObject\",\"@id\":\"https:\\\/\\\/candas365.es\\\/noticias\\\/los-profesionales-de-la-justicia-recuperaran-de-forma-integra-los-derechos-laborales-en-materia-de-vacaciones-y-permisos\\\/#authorImage\",\"url\":\"https:\\\/\\\/secure.gravatar.com\\\/avatar\\\/496a8e03d0c493ede1718b7934145dbdf8d89be1036b0eec9544e1094c9de390?s=96&d=mm&r=g\",\"width\":96,\"height\":96,\"caption\":\"Cand\\u00e1s 365\"},\"sameAs\":[\"https:\\\/\\\/www.facebook.com\\\/carrenoactualidad\",\"https:\\\/\\\/twitter.com\\\/nbasturias\",\"https:\\\/\\\/www.instagram.com\\\/nachofdezber\\\/\",\"https:\\\/\\\/www.youtube.com\\\/channel\\\/UCZP-2wLEB9Rv6erhFmqVnvg\"]},{\"@type\":\"WebPage\",\"@id\":\"https:\\\/\\\/candas365.es\\\/noticias\\\/los-profesionales-de-la-justicia-recuperaran-de-forma-integra-los-derechos-laborales-en-materia-de-vacaciones-y-permisos\\\/#webpage\",\"url\":\"https:\\\/\\\/candas365.es\\\/noticias\\\/los-profesionales-de-la-justicia-recuperaran-de-forma-integra-los-derechos-laborales-en-materia-de-vacaciones-y-permisos\\\/\",\"name\":\"Los profesionales de la Justicia recuperar\\u00e1n de forma \\u00edntegra los derechos laborales en materia de vacaciones y permisos | Cand\\u00e1s 365\",\"description\":\"El ministro de Justicia, Rafael Catal\\u00e1, se ha reunido con los representantes de las principales asociaciones de jueces y magistrados, con quienes ha abordado asuntos como el despliegue de Justicia digital, la implantaci\\u00f3n de nuevas tecnolog\\u00edas y la recuperaci\\u00f3n de derechos por parte de este colectivo. \\u200bEn el encuentro, al que han asistido el presidente\",\"inLanguage\":\"es-ES\",\"isPartOf\":{\"@id\":\"https:\\\/\\\/candas365.es\\\/noticias\\\/#website\"},\"breadcrumb\":{\"@id\":\"https:\\\/\\\/candas365.es\\\/noticias\\\/los-profesionales-de-la-justicia-recuperaran-de-forma-integra-los-derechos-laborales-en-materia-de-vacaciones-y-permisos\\\/#breadcrumblist\"},\"author\":{\"@id\":\"https:\\\/\\\/candas365.es\\\/noticias\\\/author\\\/admin\\\/#author\"},\"creator\":{\"@id\":\"https:\\\/\\\/candas365.es\\\/noticias\\\/author\\\/admin\\\/#author\"},\"image\":{\"@type\":\"ImageObject\",\"url\":\"https:\\\/\\\/candas365.es\\\/noticias\\\/wp-content\\\/uploads\\\/2017\\\/07\\\/050717-justicia.jpg\",\"@id\":\"https:\\\/\\\/candas365.es\\\/noticias\\\/los-profesionales-de-la-justicia-recuperaran-de-forma-integra-los-derechos-laborales-en-materia-de-vacaciones-y-permisos\\\/#mainImage\",\"width\":496,\"height\":329},\"primaryImageOfPage\":{\"@id\":\"https:\\\/\\\/candas365.es\\\/noticias\\\/los-profesionales-de-la-justicia-recuperaran-de-forma-integra-los-derechos-laborales-en-materia-de-vacaciones-y-permisos\\\/#mainImage\"},\"datePublished\":\"2017-07-07T01:18:49+02:00\",\"dateModified\":\"2017-07-07T01:18:49+02:00\"},{\"@type\":\"WebSite\",\"@id\":\"https:\\\/\\\/candas365.es\\\/noticias\\\/#website\",\"url\":\"https:\\\/\\\/candas365.es\\\/noticias\\\/\",\"name\":\"Cand\\u00e1s 365\",\"alternateName\":\"Cand\\u00e1s 365 Noticias\",\"description\":\"Actualidad desde Carre\\u00f1o para el mundo\",\"inLanguage\":\"es-ES\",\"publisher\":{\"@id\":\"https:\\\/\\\/candas365.es\\\/noticias\\\/#organization\"}}]}\n\t\t<\/script>\n\t\t<!-- All in One SEO Pro -->\r\n\t\t<title>Los profesionales de la Justicia recuperar\u00e1n de forma \u00edntegra los derechos laborales en materia de vacaciones y permisos | Cand\u00e1s 365<\/title>\n\n","aioseo_head_json":{"title":"Los profesionales de la Justicia recuperar\u00e1n de forma \u00edntegra los derechos laborales en materia de vacaciones y permisos | Cand\u00e1s 365","description":"El ministro de Justicia, Rafael Catal\u00e1, se ha reunido con los representantes de las principales asociaciones de jueces y magistrados, con quienes ha abordado asuntos como el despliegue de Justicia digital, la implantaci\u00f3n de nuevas tecnolog\u00edas y la recuperaci\u00f3n de derechos por parte de este colectivo. \u200bEn el encuentro, al que han asistido el presidente","canonical_url":"https:\/\/candas365.es\/noticias\/los-profesionales-de-la-justicia-recuperaran-de-forma-integra-los-derechos-laborales-en-materia-de-vacaciones-y-permisos\/","robots":"max-image-preview:large","keywords":"actualidad","webmasterTools":{"google-site-verification":"UA-32230408-1","msvalidate.01":"354F3CDFB2DA171B47FBE9ABF1F88D5","miscellaneous":""},"schema":{"@context":"https:\/\/schema.org","@graph":[{"@type":"BreadcrumbList","@id":"https:\/\/candas365.es\/noticias\/los-profesionales-de-la-justicia-recuperaran-de-forma-integra-los-derechos-laborales-en-materia-de-vacaciones-y-permisos\/#breadcrumblist","itemListElement":[{"@type":"ListItem","@id":"https:\/\/candas365.es\/noticias#listItem","position":1,"name":"Home","item":"https:\/\/candas365.es\/noticias","nextItem":{"@type":"ListItem","@id":"https:\/\/candas365.es\/noticias\/category\/actualidad\/#listItem","name":"Actualidad"}},{"@type":"ListItem","@id":"https:\/\/candas365.es\/noticias\/category\/actualidad\/#listItem","position":2,"name":"Actualidad","item":"https:\/\/candas365.es\/noticias\/category\/actualidad\/","nextItem":{"@type":"ListItem","@id":"https:\/\/candas365.es\/noticias\/los-profesionales-de-la-justicia-recuperaran-de-forma-integra-los-derechos-laborales-en-materia-de-vacaciones-y-permisos\/#listItem","name":"Los profesionales de la Justicia recuperar\u00e1n de forma \u00edntegra los derechos laborales en materia de vacaciones y permisos"},"previousItem":{"@type":"ListItem","@id":"https:\/\/candas365.es\/noticias#listItem","name":"Home"}},{"@type":"ListItem","@id":"https:\/\/candas365.es\/noticias\/los-profesionales-de-la-justicia-recuperaran-de-forma-integra-los-derechos-laborales-en-materia-de-vacaciones-y-permisos\/#listItem","position":3,"name":"Los profesionales de la Justicia recuperar\u00e1n de forma \u00edntegra los derechos laborales en materia de vacaciones y permisos","previousItem":{"@type":"ListItem","@id":"https:\/\/candas365.es\/noticias\/category\/actualidad\/#listItem","name":"Actualidad"}}]},{"@type":"NewsArticle","@id":"https:\/\/candas365.es\/noticias\/los-profesionales-de-la-justicia-recuperaran-de-forma-integra-los-derechos-laborales-en-materia-de-vacaciones-y-permisos\/#newsarticle","name":"Los profesionales de la Justicia recuperar\u00e1n de forma \u00edntegra los derechos laborales en materia de vacaciones y permisos | Cand\u00e1s 365","headline":"Los profesionales de la Justicia recuperar\u00e1n de forma \u00edntegra los derechos laborales en materia de vacaciones y permisos","author":{"@id":"https:\/\/candas365.es\/noticias\/author\/admin\/#author"},"publisher":{"@id":"https:\/\/candas365.es\/noticias\/#organization"},"image":{"@type":"ImageObject","url":"https:\/\/candas365.es\/noticias\/wp-content\/uploads\/2017\/07\/050717-justicia.jpg","width":496,"height":329},"datePublished":"2017-07-07T01:18:49+02:00","dateModified":"2017-07-07T01:18:49+02:00","inLanguage":"es-ES","mainEntityOfPage":{"@id":"https:\/\/candas365.es\/noticias\/los-profesionales-de-la-justicia-recuperaran-de-forma-integra-los-derechos-laborales-en-materia-de-vacaciones-y-permisos\/#webpage"},"isPartOf":{"@id":"https:\/\/candas365.es\/noticias\/los-profesionales-de-la-justicia-recuperaran-de-forma-integra-los-derechos-laborales-en-materia-de-vacaciones-y-permisos\/#webpage"},"articleSection":"Actualidad","dateline":"Publicado el julio 7, 2017."},{"@type":"Organization","@id":"https:\/\/candas365.es\/noticias\/#organization","name":"Cand\u00e1s 365","description":"Cand\u00e1s 365 es un diario digital independiente, fundado en 2012, con base en Asturias. Informamos con rigor sobre actualidad, sociedad, cultura y ocio, con una mirada local y global.","url":"https:\/\/candas365.es\/noticias\/","email":"info@candas365.es","telephone":"+34652131393","foundingDate":"2012-06-10","logo":{"@type":"ImageObject","url":"https:\/\/candas365.es\/noticias\/wp-content\/uploads\/2024\/09\/Candas-365-Redes.jpg","@id":"https:\/\/candas365.es\/noticias\/los-profesionales-de-la-justicia-recuperaran-de-forma-integra-los-derechos-laborales-en-materia-de-vacaciones-y-permisos\/#organizationLogo","width":1152,"height":864,"caption":"Cand\u00e1s 365 Redes"},"image":{"@id":"https:\/\/candas365.es\/noticias\/los-profesionales-de-la-justicia-recuperaran-de-forma-integra-los-derechos-laborales-en-materia-de-vacaciones-y-permisos\/#organizationLogo"},"sameAs":["https:\/\/www.facebook.com\/Nachofdezber","https:\/\/x.com\/NabercoDigital","https:\/\/www.instagram.com\/nachofdezber\/","https:\/\/www.youtube.com\/channel\/UCZP-2wLEB9Rv6erhFmqVnvg"],"address":{"@id":"https:\/\/candas365.es\/noticias\/#postaladdress","@type":"PostalAddress","streetAddress":"san antonio 4, san antonio 4","postalCode":"33430","addressLocality":"Cand\u00e1s","addressRegion":"Asturias","addressCountry":"ES"}},{"@type":"Person","@id":"https:\/\/candas365.es\/noticias\/author\/admin\/#author","url":"https:\/\/candas365.es\/noticias\/author\/admin\/","name":"Cand\u00e1s 365","image":{"@type":"ImageObject","@id":"https:\/\/candas365.es\/noticias\/los-profesionales-de-la-justicia-recuperaran-de-forma-integra-los-derechos-laborales-en-materia-de-vacaciones-y-permisos\/#authorImage","url":"https:\/\/secure.gravatar.com\/avatar\/496a8e03d0c493ede1718b7934145dbdf8d89be1036b0eec9544e1094c9de390?s=96&d=mm&r=g","width":96,"height":96,"caption":"Cand\u00e1s 365"},"sameAs":["https:\/\/www.facebook.com\/carrenoactualidad","https:\/\/twitter.com\/nbasturias","https:\/\/www.instagram.com\/nachofdezber\/","https:\/\/www.youtube.com\/channel\/UCZP-2wLEB9Rv6erhFmqVnvg"]},{"@type":"WebPage","@id":"https:\/\/candas365.es\/noticias\/los-profesionales-de-la-justicia-recuperaran-de-forma-integra-los-derechos-laborales-en-materia-de-vacaciones-y-permisos\/#webpage","url":"https:\/\/candas365.es\/noticias\/los-profesionales-de-la-justicia-recuperaran-de-forma-integra-los-derechos-laborales-en-materia-de-vacaciones-y-permisos\/","name":"Los profesionales de la Justicia recuperar\u00e1n de forma \u00edntegra los derechos laborales en materia de vacaciones y permisos | Cand\u00e1s 365","description":"El ministro de Justicia, Rafael Catal\u00e1, se ha reunido con los representantes de las principales asociaciones de jueces y magistrados, con quienes ha abordado asuntos como el despliegue de Justicia digital, la implantaci\u00f3n de nuevas tecnolog\u00edas y la recuperaci\u00f3n de derechos por parte de este colectivo. \u200bEn el encuentro, al que han asistido el presidente","inLanguage":"es-ES","isPartOf":{"@id":"https:\/\/candas365.es\/noticias\/#website"},"breadcrumb":{"@id":"https:\/\/candas365.es\/noticias\/los-profesionales-de-la-justicia-recuperaran-de-forma-integra-los-derechos-laborales-en-materia-de-vacaciones-y-permisos\/#breadcrumblist"},"author":{"@id":"https:\/\/candas365.es\/noticias\/author\/admin\/#author"},"creator":{"@id":"https:\/\/candas365.es\/noticias\/author\/admin\/#author"},"image":{"@type":"ImageObject","url":"https:\/\/candas365.es\/noticias\/wp-content\/uploads\/2017\/07\/050717-justicia.jpg","@id":"https:\/\/candas365.es\/noticias\/los-profesionales-de-la-justicia-recuperaran-de-forma-integra-los-derechos-laborales-en-materia-de-vacaciones-y-permisos\/#mainImage","width":496,"height":329},"primaryImageOfPage":{"@id":"https:\/\/candas365.es\/noticias\/los-profesionales-de-la-justicia-recuperaran-de-forma-integra-los-derechos-laborales-en-materia-de-vacaciones-y-permisos\/#mainImage"},"datePublished":"2017-07-07T01:18:49+02:00","dateModified":"2017-07-07T01:18:49+02:00"},{"@type":"WebSite","@id":"https:\/\/candas365.es\/noticias\/#website","url":"https:\/\/candas365.es\/noticias\/","name":"Cand\u00e1s 365","alternateName":"Cand\u00e1s 365 Noticias","description":"Actualidad desde Carre\u00f1o para el mundo","inLanguage":"es-ES","publisher":{"@id":"https:\/\/candas365.es\/noticias\/#organization"}}]},"og:locale":"es_ES","og:site_name":"Cand\u00e1s 365","og:type":"article","og:title":"Los profesionales de la Justicia recuperar\u00e1n de forma \u00edntegra los derechos laborales en materia de vacaciones y permisos | Cand\u00e1s 365","og:description":"El ministro de Justicia, Rafael Catal\u00e1, se ha reunido con los representantes de las principales asociaciones de jueces y magistrados, con quienes ha abordado asuntos como el despliegue de Justicia digital, la implantaci\u00f3n de nuevas tecnolog\u00edas y la recuperaci\u00f3n de derechos por parte de este colectivo. \u200bEn el encuentro, al que han asistido el presidente","og:url":"https:\/\/candas365.es\/noticias\/los-profesionales-de-la-justicia-recuperaran-de-forma-integra-los-derechos-laborales-en-materia-de-vacaciones-y-permisos\/","og:image":"https:\/\/candas365.es\/noticias\/wp-content\/uploads\/2017\/07\/050717-justicia.jpg","og:image:secure_url":"https:\/\/candas365.es\/noticias\/wp-content\/uploads\/2017\/07\/050717-justicia.jpg","og:image:width":496,"og:image:height":329,"article:published_time":"2017-07-07T01:18:49+00:00","article:modified_time":"2017-07-07T01:18:49+00:00","article:publisher":"https:\/\/www.facebook.com\/Nachofdezber","article:author":"https:\/\/www.facebook.com\/carrenoactualidad","twitter:card":"summary_large_image","twitter:site":"@NabercoDigital","twitter:title":"Los profesionales de la Justicia recuperar\u00e1n de forma \u00edntegra los derechos laborales en materia de vacaciones y permisos | Cand\u00e1s 365","twitter:description":"El ministro de Justicia, Rafael Catal\u00e1, se ha reunido con los representantes de las principales asociaciones de jueces y magistrados, con quienes ha abordado asuntos como el despliegue de Justicia digital, la implantaci\u00f3n de nuevas tecnolog\u00edas y la recuperaci\u00f3n de derechos por parte de este colectivo. \u200bEn el encuentro, al que han asistido el presidente","twitter:creator":"@nbasturias","twitter:image":"https:\/\/candas365.es\/noticias\/wp-content\/uploads\/2017\/07\/050717-justicia.jpg","twitter:label1":"Escrito por","twitter:data1":"Cand\u00e1s 365","twitter:label2":"Tiempo de lectura estimado","twitter:data2":"3 minutos"},"aioseo_meta_data":{"post_id":"75263","title":null,"description":null,"keywords":null,"keyphrases":null,"primary_term":null,"canonical_url":null,"og_title":null,"og_description":null,"og_object_type":"default","og_image_type":"default","og_image_url":null,"og_image_width":null,"og_image_height":null,"og_image_custom_url":null,"og_image_custom_fields":null,"og_video":null,"og_custom_url":null,"og_article_section":null,"og_article_tags":null,"twitter_use_og":false,"twitter_card":"default","twitter_image_type":"default","twitter_image_url":null,"twitter_image_custom_url":null,"twitter_image_custom_fields":null,"twitter_title":null,"twitter_description":null,"schema":{"blockGraphs":[],"customGraphs":[],"default":{"data":{"Article":[],"Course":[],"Dataset":[],"FAQPage":[],"Movie":[],"Person":[],"Product":[],"ProductReview":[],"Car":[],"Recipe":[],"Service":[],"SoftwareApplication":[],"WebPage":[]},"graphName":"","isEnabled":true},"graphs":[],"defaultGraph":"","defaultPostTypeGraph":""},"schema_type":null,"schema_type_options":null,"pillar_content":false,"robots_default":true,"robots_noindex":false,"robots_noarchive":false,"robots_nosnippet":false,"robots_nofollow":false,"robots_noimageindex":false,"robots_noodp":false,"robots_notranslate":false,"robots_max_snippet":null,"robots_max_videopreview":null,"robots_max_imagepreview":"large","priority":null,"frequency":null,"location":null,"local_seo":null,"seo_analyzer_scan_date":"2025-08-25 17:50:16","breadcrumb_settings":null,"limit_modified_date":false,"reviewed_by":null,"open_ai":null,"ai":null,"created":"2020-12-21 12:56:53","updated":"2025-08-25 17:50:16"},"aioseo_breadcrumb":"<div class=\"aioseo-breadcrumbs\"><span class=\"aioseo-breadcrumb\">\n\t<a href=\"https:\/\/candas365.es\/noticias\" title=\"Home\">Home<\/a>\n<\/span><span class=\"aioseo-breadcrumb-separator\">&ndash;<\/span><span class=\"aioseo-breadcrumb\">\n\t<a href=\"https:\/\/candas365.es\/noticias\/category\/actualidad\/\" title=\"Actualidad\">Actualidad<\/a>\n<\/span><span class=\"aioseo-breadcrumb-separator\">&ndash;<\/span><span class=\"aioseo-breadcrumb\">\n\tLos profesionales de la Justicia recuperar\u00e1n de forma \u00edntegra los derechos laborales en materia de vacaciones y permisos\n<\/span><\/div>","aioseo_breadcrumb_json":[{"label":"Home","link":"https:\/\/candas365.es\/noticias"},{"label":"Actualidad","link":"https:\/\/candas365.es\/noticias\/category\/actualidad\/"},{"label":"Los profesionales de la Justicia recuperar\u00e1n de forma \u00edntegra los derechos laborales en materia de vacaciones y permisos","link":"https:\/\/candas365.es\/noticias\/los-profesionales-de-la-justicia-recuperaran-de-forma-integra-los-derechos-laborales-en-materia-de-vacaciones-y-permisos\/"}],"_links":{"self":[{"href":"https:\/\/candas365.es\/noticias\/wp-json\/wp\/v2\/posts\/75263","targetHints":{"allow":["GET"]}}],"collection":[{"href":"https:\/\/candas365.es\/noticias\/wp-json\/wp\/v2\/posts"}],"about":[{"href":"https:\/\/candas365.es\/noticias\/wp-json\/wp\/v2\/types\/post"}],"author":[{"embeddable":true,"href":"https:\/\/candas365.es\/noticias\/wp-json\/wp\/v2\/users\/1"}],"replies":[{"embeddable":true,"href":"https:\/\/candas365.es\/noticias\/wp-json\/wp\/v2\/comments?post=75263"}],"version-history":[{"count":0,"href":"https:\/\/candas365.es\/noticias\/wp-json\/wp\/v2\/posts\/75263\/revisions"}],"wp:featuredmedia":[{"embeddable":true,"href":"https:\/\/candas365.es\/noticias\/wp-json\/wp\/v2\/media\/75264"}],"wp:attachment":[{"href":"https:\/\/candas365.es\/noticias\/wp-json\/wp\/v2\/media?parent=75263"}],"wp:term":[{"taxonomy":"category","embeddable":true,"href":"https:\/\/candas365.es\/noticias\/wp-json\/wp\/v2\/categories?post=75263"},{"taxonomy":"post_tag","embeddable":true,"href":"https:\/\/candas365.es\/noticias\/wp-json\/wp\/v2\/tags?post=75263"}],"curies":[{"name":"wp","href":"https:\/\/api.w.org\/{rel}","templated":true}]}}