{"id":75260,"date":"2017-07-07T01:15:50","date_gmt":"2017-07-07T01:15:50","guid":{"rendered":"http:\/\/candas365.es\/noticias\/?p=75260"},"modified":"2017-07-07T01:15:50","modified_gmt":"2017-07-07T01:15:50","slug":"catala-se-reune-con-su-homologa-peruana-para-tratar-la-cooperacion-juridica-entre-ambos-paises","status":"publish","type":"post","link":"https:\/\/candas365.es\/noticias\/catala-se-reune-con-su-homologa-peruana-para-tratar-la-cooperacion-juridica-entre-ambos-paises\/","title":{"rendered":"Catal\u00e1 se re\u00fane con su hom\u00f3loga peruana para tratar la cooperaci\u00f3n jur\u00eddica entre ambos pa\u00edses"},"content":{"rendered":"<p><img fetchpriority=\"high\" decoding=\"async\" class=\"alignleft size-medium wp-image-75261\" src=\"https:\/\/candas365.es\/noticias\/wp-content\/uploads\/2017\/07\/05072017-catala-360x239.jpg\" alt=\"\" width=\"360\" height=\"239\" srcset=\"https:\/\/candas365.es\/noticias\/wp-content\/uploads\/2017\/07\/05072017-catala-360x239.jpg 360w, https:\/\/candas365.es\/noticias\/wp-content\/uploads\/2017\/07\/05072017-catala-84x55.jpg 84w, https:\/\/candas365.es\/noticias\/wp-content\/uploads\/2017\/07\/05072017-catala.jpg 496w\" sizes=\"(max-width: 360px) 100vw, 360px\" \/>El ministro de Justicia, Rafael Catal\u00e1, se ha reunido con su hom\u00f3loga de Per\u00fa, Mar\u00eda Soledad P\u00e9rez Tello, con quien ha analizado el marco de las relaciones bilaterales y los diferentes tratados y convenios internacionales que sirven como base jur\u00eddica para mantener una eficaz colaboraci\u00f3n entre ambos pa\u00edses en diversos campos, como el relativo al traslado de personas condenadas, las extradiciones y la asistencia judicial civil y penal.<\/p>\n<p>\u200bPer\u00fa es en estos momentos el pa\u00eds del mundo en que hay un mayor n\u00famero de ciudadanos espa\u00f1oles encarcelados, un total de 191. En los \u00faltimos meses se ha constatado un claro impulso por parte de las autoridades peruanas para agilizar la aprobaci\u00f3n de numerosos expedientes de traslado, lo que ha permitido a las autoridades espa\u00f1olas efectuar traslados masivos de condenados para que contin\u00faen el cumplimiento de su pena en Espa\u00f1a, cerca de su entorno familiar y social.<\/p>\n<p>Entre ellos, destaca el de 31 espa\u00f1oles presos que se efectu\u00f3 el pasado mes de marzo y que incluy\u00f3 a otros 19 espa\u00f1oles que ya hab\u00edan terminado de cumplir sus condenas pero que se encontraban en situaci\u00f3n de especial precariedad. De los restantes detenidos que permanecen encarcelados en Per\u00fa, hay cerca de un centenar de casos cuyo traslado ya ha sido autorizado por Espa\u00f1a y est\u00e1n pendientes de que las autoridades peruanas finalicen la tramitaci\u00f3n interna que permita hacerlos efectivos.<\/p>\n<p>En esa l\u00ednea de colaboraci\u00f3n, ambos ministros han firmado hoy un Memorando de Entendimiento que tiene como objetivo facilitar la armonizaci\u00f3n de normas y procedimientos en materia de pol\u00edticas p\u00fablicas en el \u00e1mbito de la Justicia y los derechos humanos. Para ello, Espa\u00f1a y Per\u00fa se comprometen a intercambiar informaci\u00f3n en materia de cooperaci\u00f3n jur\u00eddica internacional y de modernizaci\u00f3n, as\u00ed como de tecnolog\u00edas de la informaci\u00f3n aplicadas a la Justicia. Adem\u00e1s, se compartir\u00e1n experiencias en materia de normativa relativa a la lucha contra la corrupci\u00f3n, la delincuencia organizada, trata de seres humanos, ciberdelito, lavado de dinero y terrorismo.<\/p>\n<p>Mediante este Memorando se intercambiar\u00e1 tambi\u00e9n informaci\u00f3n que contribuya a la protecci\u00f3n de los colectivos m\u00e1s vulnerables, particularmente menores, mujeres y personas con discapacidad, y se promover\u00e1 la formaci\u00f3n en materia de medicina legal y forense.<\/p>\n<p>Asimismo, se compartir\u00e1n experiencias y buenas pr\u00e1cticas en torno a la formaci\u00f3n de profesionales de la Justicia y operadores jur\u00eddicos en general, as\u00ed como en materia de comisiones rogatorias y exhortos internacionales, extradiciones y traslados de condenados, todo ello con la finalidad de agilizar y hacer m\u00e1s eficaces estos \u00e1mbitos de la cooperaci\u00f3n bilateral.<\/p>\n<p>Tras el reciente viaje oficial a nuestro pa\u00eds del presidente de Per\u00fa, Pedro Pablo Kuczynski, esta visita de la ministra de Justicia demuestra el excelente estado de las relaciones entre Espa\u00f1a y uno de los pa\u00edses m\u00e1s pujantes y con mayor crecimiento de Iberoam\u00e9rica.<\/p>\n","protected":false},"excerpt":{"rendered":"<p>El ministro de Justicia, Rafael Catal\u00e1, se ha reunido con su hom\u00f3loga de Per\u00fa, Mar\u00eda Soledad P\u00e9rez Tello, con quien ha analizado el marco de las relaciones bilaterales y los diferentes tratados y convenios internacionales que sirven como base jur\u00eddica para mantener una eficaz colaboraci\u00f3n entre ambos pa\u00edses en diversos campos, como el relativo al<\/p>\n","protected":false},"author":1,"featured_media":75261,"comment_status":"closed","ping_status":"closed","sticky":false,"template":"","format":"standard","meta":{"footnotes":""},"categories":[343],"tags":[],"class_list":{"0":"post-75260","1":"post","2":"type-post","3":"status-publish","4":"format-standard","5":"has-post-thumbnail","7":"category-actualidad"},"aioseo_notices":[],"aioseo_head":"\n\t\t<!-- All in One SEO Pro 4.9.6.2 - aioseo.com -->\n\t<meta name=\"description\" content=\"El ministro de Justicia, Rafael Catal\u00e1, se ha reunido con su hom\u00f3loga de Per\u00fa, Mar\u00eda Soledad P\u00e9rez Tello, con quien ha analizado el marco de las relaciones bilaterales y los diferentes tratados y convenios internacionales que sirven como base jur\u00eddica para mantener una eficaz colaboraci\u00f3n entre ambos pa\u00edses en diversos campos, como el relativo al\" \/>\n\t<meta name=\"robots\" content=\"max-image-preview:large\" \/>\n\t<meta name=\"author\" content=\"Cand\u00e1s 365\"\/>\n\t<meta name=\"google-site-verification\" content=\"UA-32230408-1\" \/>\n\t<meta name=\"msvalidate.01\" content=\"354F3CDFB2DA171B47FBE9ABF1F88D5\" \/>\n\t<meta name=\"keywords\" content=\"actualidad\" \/>\n\t<link rel=\"canonical\" href=\"https:\/\/candas365.es\/noticias\/catala-se-reune-con-su-homologa-peruana-para-tratar-la-cooperacion-juridica-entre-ambos-paises\/\" \/>\n\t<meta name=\"generator\" content=\"All in One SEO Pro (AIOSEO) 4.9.6.2\" \/>\n\t\t<meta property=\"og:locale\" content=\"es_ES\" \/>\n\t\t<meta property=\"og:site_name\" content=\"Cand\u00e1s 365\" \/>\n\t\t<meta property=\"og:type\" content=\"article\" \/>\n\t\t<meta property=\"og:title\" content=\"Catal\u00e1 se re\u00fane con su hom\u00f3loga peruana para tratar la cooperaci\u00f3n jur\u00eddica entre ambos pa\u00edses | Cand\u00e1s 365\" \/>\n\t\t<meta property=\"og:description\" content=\"El ministro de Justicia, Rafael Catal\u00e1, se ha reunido con su hom\u00f3loga de Per\u00fa, Mar\u00eda Soledad P\u00e9rez Tello, con quien ha analizado el marco de las relaciones bilaterales y los diferentes tratados y convenios internacionales que sirven como base jur\u00eddica para mantener una eficaz colaboraci\u00f3n entre ambos pa\u00edses en diversos campos, como el relativo al\" \/>\n\t\t<meta property=\"og:url\" content=\"https:\/\/candas365.es\/noticias\/catala-se-reune-con-su-homologa-peruana-para-tratar-la-cooperacion-juridica-entre-ambos-paises\/\" \/>\n\t\t<meta property=\"og:image\" content=\"https:\/\/candas365.es\/noticias\/wp-content\/uploads\/2017\/07\/05072017-catala.jpg\" \/>\n\t\t<meta property=\"og:image:secure_url\" content=\"https:\/\/candas365.es\/noticias\/wp-content\/uploads\/2017\/07\/05072017-catala.jpg\" \/>\n\t\t<meta property=\"og:image:width\" content=\"496\" \/>\n\t\t<meta property=\"og:image:height\" content=\"329\" \/>\n\t\t<meta property=\"article:published_time\" content=\"2017-07-07T01:15:50+00:00\" \/>\n\t\t<meta property=\"article:modified_time\" content=\"2017-07-07T01:15:50+00:00\" \/>\n\t\t<meta property=\"article:publisher\" content=\"https:\/\/www.facebook.com\/Nachofdezber\" \/>\n\t\t<meta property=\"article:author\" content=\"https:\/\/www.facebook.com\/carrenoactualidad\" \/>\n\t\t<meta name=\"twitter:card\" content=\"summary_large_image\" \/>\n\t\t<meta name=\"twitter:site\" content=\"@NabercoDigital\" \/>\n\t\t<meta name=\"twitter:title\" content=\"Catal\u00e1 se re\u00fane con su hom\u00f3loga peruana para tratar la cooperaci\u00f3n jur\u00eddica entre ambos pa\u00edses | Cand\u00e1s 365\" \/>\n\t\t<meta name=\"twitter:description\" content=\"El ministro de Justicia, Rafael Catal\u00e1, se ha reunido con su hom\u00f3loga de Per\u00fa, Mar\u00eda Soledad P\u00e9rez Tello, con quien ha analizado el marco de las relaciones bilaterales y los diferentes tratados y convenios internacionales que sirven como base jur\u00eddica para mantener una eficaz colaboraci\u00f3n entre ambos pa\u00edses en diversos campos, como el relativo al\" \/>\n\t\t<meta name=\"twitter:creator\" content=\"@nbasturias\" \/>\n\t\t<meta name=\"twitter:image\" content=\"https:\/\/candas365.es\/noticias\/wp-content\/uploads\/2017\/07\/05072017-catala.jpg\" \/>\n\t\t<meta name=\"twitter:label1\" content=\"Escrito por\" \/>\n\t\t<meta name=\"twitter:data1\" content=\"Cand\u00e1s 365\" \/>\n\t\t<meta name=\"twitter:label2\" content=\"Tiempo de lectura estimado\" \/>\n\t\t<meta name=\"twitter:data2\" content=\"3 minutos\" \/>\n\t\t<script type=\"application\/ld+json\" class=\"aioseo-schema\">\n\t\t\t{\"@context\":\"https:\\\/\\\/schema.org\",\"@graph\":[{\"@type\":\"BreadcrumbList\",\"@id\":\"https:\\\/\\\/candas365.es\\\/noticias\\\/catala-se-reune-con-su-homologa-peruana-para-tratar-la-cooperacion-juridica-entre-ambos-paises\\\/#breadcrumblist\",\"itemListElement\":[{\"@type\":\"ListItem\",\"@id\":\"https:\\\/\\\/candas365.es\\\/noticias#listItem\",\"position\":1,\"name\":\"Home\",\"item\":\"https:\\\/\\\/candas365.es\\\/noticias\",\"nextItem\":{\"@type\":\"ListItem\",\"@id\":\"https:\\\/\\\/candas365.es\\\/noticias\\\/category\\\/actualidad\\\/#listItem\",\"name\":\"Actualidad\"}},{\"@type\":\"ListItem\",\"@id\":\"https:\\\/\\\/candas365.es\\\/noticias\\\/category\\\/actualidad\\\/#listItem\",\"position\":2,\"name\":\"Actualidad\",\"item\":\"https:\\\/\\\/candas365.es\\\/noticias\\\/category\\\/actualidad\\\/\",\"nextItem\":{\"@type\":\"ListItem\",\"@id\":\"https:\\\/\\\/candas365.es\\\/noticias\\\/catala-se-reune-con-su-homologa-peruana-para-tratar-la-cooperacion-juridica-entre-ambos-paises\\\/#listItem\",\"name\":\"Catal\\u00e1 se re\\u00fane con su hom\\u00f3loga peruana para tratar la cooperaci\\u00f3n jur\\u00eddica entre ambos pa\\u00edses\"},\"previousItem\":{\"@type\":\"ListItem\",\"@id\":\"https:\\\/\\\/candas365.es\\\/noticias#listItem\",\"name\":\"Home\"}},{\"@type\":\"ListItem\",\"@id\":\"https:\\\/\\\/candas365.es\\\/noticias\\\/catala-se-reune-con-su-homologa-peruana-para-tratar-la-cooperacion-juridica-entre-ambos-paises\\\/#listItem\",\"position\":3,\"name\":\"Catal\\u00e1 se re\\u00fane con su hom\\u00f3loga peruana para tratar la cooperaci\\u00f3n jur\\u00eddica entre ambos pa\\u00edses\",\"previousItem\":{\"@type\":\"ListItem\",\"@id\":\"https:\\\/\\\/candas365.es\\\/noticias\\\/category\\\/actualidad\\\/#listItem\",\"name\":\"Actualidad\"}}]},{\"@type\":\"NewsArticle\",\"@id\":\"https:\\\/\\\/candas365.es\\\/noticias\\\/catala-se-reune-con-su-homologa-peruana-para-tratar-la-cooperacion-juridica-entre-ambos-paises\\\/#newsarticle\",\"name\":\"Catal\\u00e1 se re\\u00fane con su hom\\u00f3loga peruana para tratar la cooperaci\\u00f3n jur\\u00eddica entre ambos pa\\u00edses | Cand\\u00e1s 365\",\"headline\":\"Catal\\u00e1 se re\\u00fane con su hom\\u00f3loga peruana para tratar la cooperaci\\u00f3n jur\\u00eddica entre ambos pa\\u00edses\",\"author\":{\"@id\":\"https:\\\/\\\/candas365.es\\\/noticias\\\/author\\\/admin\\\/#author\"},\"publisher\":{\"@id\":\"https:\\\/\\\/candas365.es\\\/noticias\\\/#organization\"},\"image\":{\"@type\":\"ImageObject\",\"url\":\"https:\\\/\\\/candas365.es\\\/noticias\\\/wp-content\\\/uploads\\\/2017\\\/07\\\/05072017-catala.jpg\",\"width\":496,\"height\":329},\"datePublished\":\"2017-07-07T01:15:50+02:00\",\"dateModified\":\"2017-07-07T01:15:50+02:00\",\"inLanguage\":\"es-ES\",\"mainEntityOfPage\":{\"@id\":\"https:\\\/\\\/candas365.es\\\/noticias\\\/catala-se-reune-con-su-homologa-peruana-para-tratar-la-cooperacion-juridica-entre-ambos-paises\\\/#webpage\"},\"isPartOf\":{\"@id\":\"https:\\\/\\\/candas365.es\\\/noticias\\\/catala-se-reune-con-su-homologa-peruana-para-tratar-la-cooperacion-juridica-entre-ambos-paises\\\/#webpage\"},\"articleSection\":\"Actualidad\",\"dateline\":\"Publicado el julio 7, 2017.\"},{\"@type\":\"Organization\",\"@id\":\"https:\\\/\\\/candas365.es\\\/noticias\\\/#organization\",\"name\":\"Cand\\u00e1s 365\",\"description\":\"Cand\\u00e1s 365 es un diario digital independiente, fundado en 2012, con base en Asturias. Informamos con rigor sobre actualidad, sociedad, cultura y ocio, con una mirada local y global.\",\"url\":\"https:\\\/\\\/candas365.es\\\/noticias\\\/\",\"email\":\"info@candas365.es\",\"telephone\":\"+34652131393\",\"foundingDate\":\"2012-06-10\",\"logo\":{\"@type\":\"ImageObject\",\"url\":\"https:\\\/\\\/candas365.es\\\/noticias\\\/wp-content\\\/uploads\\\/2024\\\/09\\\/Candas-365-Redes.jpg\",\"@id\":\"https:\\\/\\\/candas365.es\\\/noticias\\\/catala-se-reune-con-su-homologa-peruana-para-tratar-la-cooperacion-juridica-entre-ambos-paises\\\/#organizationLogo\",\"width\":1152,\"height\":864,\"caption\":\"Cand\\u00e1s 365 Redes\"},\"image\":{\"@id\":\"https:\\\/\\\/candas365.es\\\/noticias\\\/catala-se-reune-con-su-homologa-peruana-para-tratar-la-cooperacion-juridica-entre-ambos-paises\\\/#organizationLogo\"},\"sameAs\":[\"https:\\\/\\\/www.facebook.com\\\/Nachofdezber\",\"https:\\\/\\\/x.com\\\/NabercoDigital\",\"https:\\\/\\\/www.instagram.com\\\/nachofdezber\\\/\",\"https:\\\/\\\/www.youtube.com\\\/channel\\\/UCZP-2wLEB9Rv6erhFmqVnvg\"],\"address\":{\"@id\":\"https:\\\/\\\/candas365.es\\\/noticias\\\/#postaladdress\",\"@type\":\"PostalAddress\",\"streetAddress\":\"san antonio 4, san antonio 4\",\"postalCode\":\"33430\",\"addressLocality\":\"Cand\\u00e1s\",\"addressRegion\":\"Asturias\",\"addressCountry\":\"ES\"}},{\"@type\":\"Person\",\"@id\":\"https:\\\/\\\/candas365.es\\\/noticias\\\/author\\\/admin\\\/#author\",\"url\":\"https:\\\/\\\/candas365.es\\\/noticias\\\/author\\\/admin\\\/\",\"name\":\"Cand\\u00e1s 365\",\"image\":{\"@type\":\"ImageObject\",\"@id\":\"https:\\\/\\\/candas365.es\\\/noticias\\\/catala-se-reune-con-su-homologa-peruana-para-tratar-la-cooperacion-juridica-entre-ambos-paises\\\/#authorImage\",\"url\":\"https:\\\/\\\/secure.gravatar.com\\\/avatar\\\/496a8e03d0c493ede1718b7934145dbdf8d89be1036b0eec9544e1094c9de390?s=96&d=mm&r=g\",\"width\":96,\"height\":96,\"caption\":\"Cand\\u00e1s 365\"},\"sameAs\":[\"https:\\\/\\\/www.facebook.com\\\/carrenoactualidad\",\"https:\\\/\\\/twitter.com\\\/nbasturias\",\"https:\\\/\\\/www.instagram.com\\\/nachofdezber\\\/\",\"https:\\\/\\\/www.youtube.com\\\/channel\\\/UCZP-2wLEB9Rv6erhFmqVnvg\"]},{\"@type\":\"WebPage\",\"@id\":\"https:\\\/\\\/candas365.es\\\/noticias\\\/catala-se-reune-con-su-homologa-peruana-para-tratar-la-cooperacion-juridica-entre-ambos-paises\\\/#webpage\",\"url\":\"https:\\\/\\\/candas365.es\\\/noticias\\\/catala-se-reune-con-su-homologa-peruana-para-tratar-la-cooperacion-juridica-entre-ambos-paises\\\/\",\"name\":\"Catal\\u00e1 se re\\u00fane con su hom\\u00f3loga peruana para tratar la cooperaci\\u00f3n jur\\u00eddica entre ambos pa\\u00edses | Cand\\u00e1s 365\",\"description\":\"El ministro de Justicia, Rafael Catal\\u00e1, se ha reunido con su hom\\u00f3loga de Per\\u00fa, Mar\\u00eda Soledad P\\u00e9rez Tello, con quien ha analizado el marco de las relaciones bilaterales y los diferentes tratados y convenios internacionales que sirven como base jur\\u00eddica para mantener una eficaz colaboraci\\u00f3n entre ambos pa\\u00edses en diversos campos, como el relativo al\",\"inLanguage\":\"es-ES\",\"isPartOf\":{\"@id\":\"https:\\\/\\\/candas365.es\\\/noticias\\\/#website\"},\"breadcrumb\":{\"@id\":\"https:\\\/\\\/candas365.es\\\/noticias\\\/catala-se-reune-con-su-homologa-peruana-para-tratar-la-cooperacion-juridica-entre-ambos-paises\\\/#breadcrumblist\"},\"author\":{\"@id\":\"https:\\\/\\\/candas365.es\\\/noticias\\\/author\\\/admin\\\/#author\"},\"creator\":{\"@id\":\"https:\\\/\\\/candas365.es\\\/noticias\\\/author\\\/admin\\\/#author\"},\"image\":{\"@type\":\"ImageObject\",\"url\":\"https:\\\/\\\/candas365.es\\\/noticias\\\/wp-content\\\/uploads\\\/2017\\\/07\\\/05072017-catala.jpg\",\"@id\":\"https:\\\/\\\/candas365.es\\\/noticias\\\/catala-se-reune-con-su-homologa-peruana-para-tratar-la-cooperacion-juridica-entre-ambos-paises\\\/#mainImage\",\"width\":496,\"height\":329},\"primaryImageOfPage\":{\"@id\":\"https:\\\/\\\/candas365.es\\\/noticias\\\/catala-se-reune-con-su-homologa-peruana-para-tratar-la-cooperacion-juridica-entre-ambos-paises\\\/#mainImage\"},\"datePublished\":\"2017-07-07T01:15:50+02:00\",\"dateModified\":\"2017-07-07T01:15:50+02:00\"},{\"@type\":\"WebSite\",\"@id\":\"https:\\\/\\\/candas365.es\\\/noticias\\\/#website\",\"url\":\"https:\\\/\\\/candas365.es\\\/noticias\\\/\",\"name\":\"Cand\\u00e1s 365\",\"alternateName\":\"Cand\\u00e1s 365 Noticias\",\"description\":\"Actualidad desde Carre\\u00f1o para el mundo\",\"inLanguage\":\"es-ES\",\"publisher\":{\"@id\":\"https:\\\/\\\/candas365.es\\\/noticias\\\/#organization\"}}]}\n\t\t<\/script>\n\t\t<!-- All in One SEO Pro -->\r\n\t\t<title>Catal\u00e1 se re\u00fane con su hom\u00f3loga peruana para tratar la cooperaci\u00f3n jur\u00eddica entre ambos pa\u00edses | Cand\u00e1s 365<\/title>\n\n","aioseo_head_json":{"title":"Catal\u00e1 se re\u00fane con su hom\u00f3loga peruana para tratar la cooperaci\u00f3n jur\u00eddica entre ambos pa\u00edses | Cand\u00e1s 365","description":"El ministro de Justicia, Rafael Catal\u00e1, se ha reunido con su hom\u00f3loga de Per\u00fa, Mar\u00eda Soledad P\u00e9rez Tello, con quien ha analizado el marco de las relaciones bilaterales y los diferentes tratados y convenios internacionales que sirven como base jur\u00eddica para mantener una eficaz colaboraci\u00f3n entre ambos pa\u00edses en diversos campos, como el relativo al","canonical_url":"https:\/\/candas365.es\/noticias\/catala-se-reune-con-su-homologa-peruana-para-tratar-la-cooperacion-juridica-entre-ambos-paises\/","robots":"max-image-preview:large","keywords":"actualidad","webmasterTools":{"google-site-verification":"UA-32230408-1","msvalidate.01":"354F3CDFB2DA171B47FBE9ABF1F88D5","miscellaneous":""},"schema":{"@context":"https:\/\/schema.org","@graph":[{"@type":"BreadcrumbList","@id":"https:\/\/candas365.es\/noticias\/catala-se-reune-con-su-homologa-peruana-para-tratar-la-cooperacion-juridica-entre-ambos-paises\/#breadcrumblist","itemListElement":[{"@type":"ListItem","@id":"https:\/\/candas365.es\/noticias#listItem","position":1,"name":"Home","item":"https:\/\/candas365.es\/noticias","nextItem":{"@type":"ListItem","@id":"https:\/\/candas365.es\/noticias\/category\/actualidad\/#listItem","name":"Actualidad"}},{"@type":"ListItem","@id":"https:\/\/candas365.es\/noticias\/category\/actualidad\/#listItem","position":2,"name":"Actualidad","item":"https:\/\/candas365.es\/noticias\/category\/actualidad\/","nextItem":{"@type":"ListItem","@id":"https:\/\/candas365.es\/noticias\/catala-se-reune-con-su-homologa-peruana-para-tratar-la-cooperacion-juridica-entre-ambos-paises\/#listItem","name":"Catal\u00e1 se re\u00fane con su hom\u00f3loga peruana para tratar la cooperaci\u00f3n jur\u00eddica entre ambos pa\u00edses"},"previousItem":{"@type":"ListItem","@id":"https:\/\/candas365.es\/noticias#listItem","name":"Home"}},{"@type":"ListItem","@id":"https:\/\/candas365.es\/noticias\/catala-se-reune-con-su-homologa-peruana-para-tratar-la-cooperacion-juridica-entre-ambos-paises\/#listItem","position":3,"name":"Catal\u00e1 se re\u00fane con su hom\u00f3loga peruana para tratar la cooperaci\u00f3n jur\u00eddica entre ambos pa\u00edses","previousItem":{"@type":"ListItem","@id":"https:\/\/candas365.es\/noticias\/category\/actualidad\/#listItem","name":"Actualidad"}}]},{"@type":"NewsArticle","@id":"https:\/\/candas365.es\/noticias\/catala-se-reune-con-su-homologa-peruana-para-tratar-la-cooperacion-juridica-entre-ambos-paises\/#newsarticle","name":"Catal\u00e1 se re\u00fane con su hom\u00f3loga peruana para tratar la cooperaci\u00f3n jur\u00eddica entre ambos pa\u00edses | Cand\u00e1s 365","headline":"Catal\u00e1 se re\u00fane con su hom\u00f3loga peruana para tratar la cooperaci\u00f3n jur\u00eddica entre ambos pa\u00edses","author":{"@id":"https:\/\/candas365.es\/noticias\/author\/admin\/#author"},"publisher":{"@id":"https:\/\/candas365.es\/noticias\/#organization"},"image":{"@type":"ImageObject","url":"https:\/\/candas365.es\/noticias\/wp-content\/uploads\/2017\/07\/05072017-catala.jpg","width":496,"height":329},"datePublished":"2017-07-07T01:15:50+02:00","dateModified":"2017-07-07T01:15:50+02:00","inLanguage":"es-ES","mainEntityOfPage":{"@id":"https:\/\/candas365.es\/noticias\/catala-se-reune-con-su-homologa-peruana-para-tratar-la-cooperacion-juridica-entre-ambos-paises\/#webpage"},"isPartOf":{"@id":"https:\/\/candas365.es\/noticias\/catala-se-reune-con-su-homologa-peruana-para-tratar-la-cooperacion-juridica-entre-ambos-paises\/#webpage"},"articleSection":"Actualidad","dateline":"Publicado el julio 7, 2017."},{"@type":"Organization","@id":"https:\/\/candas365.es\/noticias\/#organization","name":"Cand\u00e1s 365","description":"Cand\u00e1s 365 es un diario digital independiente, fundado en 2012, con base en Asturias. Informamos con rigor sobre actualidad, sociedad, cultura y ocio, con una mirada local y global.","url":"https:\/\/candas365.es\/noticias\/","email":"info@candas365.es","telephone":"+34652131393","foundingDate":"2012-06-10","logo":{"@type":"ImageObject","url":"https:\/\/candas365.es\/noticias\/wp-content\/uploads\/2024\/09\/Candas-365-Redes.jpg","@id":"https:\/\/candas365.es\/noticias\/catala-se-reune-con-su-homologa-peruana-para-tratar-la-cooperacion-juridica-entre-ambos-paises\/#organizationLogo","width":1152,"height":864,"caption":"Cand\u00e1s 365 Redes"},"image":{"@id":"https:\/\/candas365.es\/noticias\/catala-se-reune-con-su-homologa-peruana-para-tratar-la-cooperacion-juridica-entre-ambos-paises\/#organizationLogo"},"sameAs":["https:\/\/www.facebook.com\/Nachofdezber","https:\/\/x.com\/NabercoDigital","https:\/\/www.instagram.com\/nachofdezber\/","https:\/\/www.youtube.com\/channel\/UCZP-2wLEB9Rv6erhFmqVnvg"],"address":{"@id":"https:\/\/candas365.es\/noticias\/#postaladdress","@type":"PostalAddress","streetAddress":"san antonio 4, san antonio 4","postalCode":"33430","addressLocality":"Cand\u00e1s","addressRegion":"Asturias","addressCountry":"ES"}},{"@type":"Person","@id":"https:\/\/candas365.es\/noticias\/author\/admin\/#author","url":"https:\/\/candas365.es\/noticias\/author\/admin\/","name":"Cand\u00e1s 365","image":{"@type":"ImageObject","@id":"https:\/\/candas365.es\/noticias\/catala-se-reune-con-su-homologa-peruana-para-tratar-la-cooperacion-juridica-entre-ambos-paises\/#authorImage","url":"https:\/\/secure.gravatar.com\/avatar\/496a8e03d0c493ede1718b7934145dbdf8d89be1036b0eec9544e1094c9de390?s=96&d=mm&r=g","width":96,"height":96,"caption":"Cand\u00e1s 365"},"sameAs":["https:\/\/www.facebook.com\/carrenoactualidad","https:\/\/twitter.com\/nbasturias","https:\/\/www.instagram.com\/nachofdezber\/","https:\/\/www.youtube.com\/channel\/UCZP-2wLEB9Rv6erhFmqVnvg"]},{"@type":"WebPage","@id":"https:\/\/candas365.es\/noticias\/catala-se-reune-con-su-homologa-peruana-para-tratar-la-cooperacion-juridica-entre-ambos-paises\/#webpage","url":"https:\/\/candas365.es\/noticias\/catala-se-reune-con-su-homologa-peruana-para-tratar-la-cooperacion-juridica-entre-ambos-paises\/","name":"Catal\u00e1 se re\u00fane con su hom\u00f3loga peruana para tratar la cooperaci\u00f3n jur\u00eddica entre ambos pa\u00edses | Cand\u00e1s 365","description":"El ministro de Justicia, Rafael Catal\u00e1, se ha reunido con su hom\u00f3loga de Per\u00fa, Mar\u00eda Soledad P\u00e9rez Tello, con quien ha analizado el marco de las relaciones bilaterales y los diferentes tratados y convenios internacionales que sirven como base jur\u00eddica para mantener una eficaz colaboraci\u00f3n entre ambos pa\u00edses en diversos campos, como el relativo al","inLanguage":"es-ES","isPartOf":{"@id":"https:\/\/candas365.es\/noticias\/#website"},"breadcrumb":{"@id":"https:\/\/candas365.es\/noticias\/catala-se-reune-con-su-homologa-peruana-para-tratar-la-cooperacion-juridica-entre-ambos-paises\/#breadcrumblist"},"author":{"@id":"https:\/\/candas365.es\/noticias\/author\/admin\/#author"},"creator":{"@id":"https:\/\/candas365.es\/noticias\/author\/admin\/#author"},"image":{"@type":"ImageObject","url":"https:\/\/candas365.es\/noticias\/wp-content\/uploads\/2017\/07\/05072017-catala.jpg","@id":"https:\/\/candas365.es\/noticias\/catala-se-reune-con-su-homologa-peruana-para-tratar-la-cooperacion-juridica-entre-ambos-paises\/#mainImage","width":496,"height":329},"primaryImageOfPage":{"@id":"https:\/\/candas365.es\/noticias\/catala-se-reune-con-su-homologa-peruana-para-tratar-la-cooperacion-juridica-entre-ambos-paises\/#mainImage"},"datePublished":"2017-07-07T01:15:50+02:00","dateModified":"2017-07-07T01:15:50+02:00"},{"@type":"WebSite","@id":"https:\/\/candas365.es\/noticias\/#website","url":"https:\/\/candas365.es\/noticias\/","name":"Cand\u00e1s 365","alternateName":"Cand\u00e1s 365 Noticias","description":"Actualidad desde Carre\u00f1o para el mundo","inLanguage":"es-ES","publisher":{"@id":"https:\/\/candas365.es\/noticias\/#organization"}}]},"og:locale":"es_ES","og:site_name":"Cand\u00e1s 365","og:type":"article","og:title":"Catal\u00e1 se re\u00fane con su hom\u00f3loga peruana para tratar la cooperaci\u00f3n jur\u00eddica entre ambos pa\u00edses | Cand\u00e1s 365","og:description":"El ministro de Justicia, Rafael Catal\u00e1, se ha reunido con su hom\u00f3loga de Per\u00fa, Mar\u00eda Soledad P\u00e9rez Tello, con quien ha analizado el marco de las relaciones bilaterales y los diferentes tratados y convenios internacionales que sirven como base jur\u00eddica para mantener una eficaz colaboraci\u00f3n entre ambos pa\u00edses en diversos campos, como el relativo al","og:url":"https:\/\/candas365.es\/noticias\/catala-se-reune-con-su-homologa-peruana-para-tratar-la-cooperacion-juridica-entre-ambos-paises\/","og:image":"https:\/\/candas365.es\/noticias\/wp-content\/uploads\/2017\/07\/05072017-catala.jpg","og:image:secure_url":"https:\/\/candas365.es\/noticias\/wp-content\/uploads\/2017\/07\/05072017-catala.jpg","og:image:width":496,"og:image:height":329,"article:published_time":"2017-07-07T01:15:50+00:00","article:modified_time":"2017-07-07T01:15:50+00:00","article:publisher":"https:\/\/www.facebook.com\/Nachofdezber","article:author":"https:\/\/www.facebook.com\/carrenoactualidad","twitter:card":"summary_large_image","twitter:site":"@NabercoDigital","twitter:title":"Catal\u00e1 se re\u00fane con su hom\u00f3loga peruana para tratar la cooperaci\u00f3n jur\u00eddica entre ambos pa\u00edses | Cand\u00e1s 365","twitter:description":"El ministro de Justicia, Rafael Catal\u00e1, se ha reunido con su hom\u00f3loga de Per\u00fa, Mar\u00eda Soledad P\u00e9rez Tello, con quien ha analizado el marco de las relaciones bilaterales y los diferentes tratados y convenios internacionales que sirven como base jur\u00eddica para mantener una eficaz colaboraci\u00f3n entre ambos pa\u00edses en diversos campos, como el relativo al","twitter:creator":"@nbasturias","twitter:image":"https:\/\/candas365.es\/noticias\/wp-content\/uploads\/2017\/07\/05072017-catala.jpg","twitter:label1":"Escrito por","twitter:data1":"Cand\u00e1s 365","twitter:label2":"Tiempo de lectura estimado","twitter:data2":"3 minutos"},"aioseo_meta_data":{"post_id":"75260","title":null,"description":null,"keywords":null,"keyphrases":null,"primary_term":null,"canonical_url":null,"og_title":null,"og_description":null,"og_object_type":"default","og_image_type":"default","og_image_url":null,"og_image_width":null,"og_image_height":null,"og_image_custom_url":null,"og_image_custom_fields":null,"og_video":null,"og_custom_url":null,"og_article_section":null,"og_article_tags":null,"twitter_use_og":false,"twitter_card":"default","twitter_image_type":"default","twitter_image_url":null,"twitter_image_custom_url":null,"twitter_image_custom_fields":null,"twitter_title":null,"twitter_description":null,"schema":{"blockGraphs":[],"customGraphs":[],"default":{"data":{"Article":[],"Course":[],"Dataset":[],"FAQPage":[],"Movie":[],"Person":[],"Product":[],"ProductReview":[],"Car":[],"Recipe":[],"Service":[],"SoftwareApplication":[],"WebPage":[]},"graphName":"","isEnabled":true},"graphs":[]},"schema_type":null,"schema_type_options":null,"pillar_content":false,"robots_default":true,"robots_noindex":false,"robots_noarchive":false,"robots_nosnippet":false,"robots_nofollow":false,"robots_noimageindex":false,"robots_noodp":false,"robots_notranslate":false,"robots_max_snippet":null,"robots_max_videopreview":null,"robots_max_imagepreview":"large","priority":null,"frequency":null,"location":null,"local_seo":null,"seo_analyzer_scan_date":"2025-08-25 17:50:15","breadcrumb_settings":null,"limit_modified_date":false,"reviewed_by":null,"open_ai":null,"ai":null,"created":"2020-12-21 12:56:53","updated":"2025-08-25 17:50:15"},"aioseo_breadcrumb":"<div class=\"aioseo-breadcrumbs\"><span class=\"aioseo-breadcrumb\">\n\t<a href=\"https:\/\/candas365.es\/noticias\" title=\"Home\">Home<\/a>\n<\/span><span class=\"aioseo-breadcrumb-separator\">&ndash;<\/span><span class=\"aioseo-breadcrumb\">\n\t<a href=\"https:\/\/candas365.es\/noticias\/category\/actualidad\/\" title=\"Actualidad\">Actualidad<\/a>\n<\/span><span class=\"aioseo-breadcrumb-separator\">&ndash;<\/span><span class=\"aioseo-breadcrumb\">\n\tCatal\u00e1 se re\u00fane con su hom\u00f3loga peruana para tratar la cooperaci\u00f3n jur\u00eddica entre ambos pa\u00edses\n<\/span><\/div>","aioseo_breadcrumb_json":[{"label":"Home","link":"https:\/\/candas365.es\/noticias"},{"label":"Actualidad","link":"https:\/\/candas365.es\/noticias\/category\/actualidad\/"},{"label":"Catal\u00e1 se re\u00fane con su hom\u00f3loga peruana para tratar la cooperaci\u00f3n jur\u00eddica entre ambos pa\u00edses","link":"https:\/\/candas365.es\/noticias\/catala-se-reune-con-su-homologa-peruana-para-tratar-la-cooperacion-juridica-entre-ambos-paises\/"}],"_links":{"self":[{"href":"https:\/\/candas365.es\/noticias\/wp-json\/wp\/v2\/posts\/75260","targetHints":{"allow":["GET"]}}],"collection":[{"href":"https:\/\/candas365.es\/noticias\/wp-json\/wp\/v2\/posts"}],"about":[{"href":"https:\/\/candas365.es\/noticias\/wp-json\/wp\/v2\/types\/post"}],"author":[{"embeddable":true,"href":"https:\/\/candas365.es\/noticias\/wp-json\/wp\/v2\/users\/1"}],"replies":[{"embeddable":true,"href":"https:\/\/candas365.es\/noticias\/wp-json\/wp\/v2\/comments?post=75260"}],"version-history":[{"count":0,"href":"https:\/\/candas365.es\/noticias\/wp-json\/wp\/v2\/posts\/75260\/revisions"}],"wp:featuredmedia":[{"embeddable":true,"href":"https:\/\/candas365.es\/noticias\/wp-json\/wp\/v2\/media\/75261"}],"wp:attachment":[{"href":"https:\/\/candas365.es\/noticias\/wp-json\/wp\/v2\/media?parent=75260"}],"wp:term":[{"taxonomy":"category","embeddable":true,"href":"https:\/\/candas365.es\/noticias\/wp-json\/wp\/v2\/categories?post=75260"},{"taxonomy":"post_tag","embeddable":true,"href":"https:\/\/candas365.es\/noticias\/wp-json\/wp\/v2\/tags?post=75260"}],"curies":[{"name":"wp","href":"https:\/\/api.w.org\/{rel}","templated":true}]}}