{"id":75250,"date":"2017-07-06T19:24:54","date_gmt":"2017-07-06T19:24:54","guid":{"rendered":"http:\/\/candas365.es\/noticias\/?p=75250"},"modified":"2017-07-06T19:24:54","modified_gmt":"2017-07-06T19:24:54","slug":"candas-suena-a-verano","status":"publish","type":"post","link":"https:\/\/candas365.es\/noticias\/candas-suena-a-verano\/","title":{"rendered":"Cand\u00e1s \u201csuena\u201d a verano"},"content":{"rendered":"<p><img fetchpriority=\"high\" decoding=\"async\" class=\"alignleft size-medium wp-image-75251\" src=\"https:\/\/candas365.es\/noticias\/wp-content\/uploads\/2017\/07\/music-278795_960_720-360x254.jpg\" alt=\"\" width=\"360\" height=\"254\" srcset=\"https:\/\/candas365.es\/noticias\/wp-content\/uploads\/2017\/07\/music-278795_960_720-360x254.jpg 360w, https:\/\/candas365.es\/noticias\/wp-content\/uploads\/2017\/07\/music-278795_960_720-768x542.jpg 768w, https:\/\/candas365.es\/noticias\/wp-content\/uploads\/2017\/07\/music-278795_960_720-655x463.jpg 655w, https:\/\/candas365.es\/noticias\/wp-content\/uploads\/2017\/07\/music-278795_960_720-100x70.jpg 100w, https:\/\/candas365.es\/noticias\/wp-content\/uploads\/2017\/07\/music-278795_960_720-696x492.jpg 696w, https:\/\/candas365.es\/noticias\/wp-content\/uploads\/2017\/07\/music-278795_960_720-595x420.jpg 595w, https:\/\/candas365.es\/noticias\/wp-content\/uploads\/2017\/07\/music-278795_960_720.jpg 960w\" sizes=\"(max-width: 360px) 100vw, 360px\" \/>Desde hace 2 a\u00f1os, el Ayuntamiento de Carre\u00f1o, en su apoyo a las asociaciones locales, convoca una l\u00ednea de subvenciones, en concurrencia competitiva, cuya finalidad es la de ayudar en la promoci\u00f3n y difusi\u00f3n de la cultura, con el fin de mejorar la oferta de actividades musicales y consolidar una red de festivales que sean un complemento adecuado a las programaciones que tienen lugar en Carre\u00f1o.<\/p>\n<p>En la Comisi\u00f3n ordinaria de Cultura, Educaci\u00f3n y Deportes, correspondiente al mes de junio fueron presentados y estudiados los proyectos presentados. Para a continuaci\u00f3n la Concejal\u00eda de Cultura dar a conocer la propuesta del Equipo de Gobierno para la concesi\u00f3n de las subvenciones para Actividades de Fomento y Promoci\u00f3n de Eventos Musicales en concurrencia competitiva para el a\u00f1o 2017. La cual fue apoyada por unanimidad de todos los grupo pol\u00edticos con representaci\u00f3n en el Consistorio carre\u00f1ense.<\/p>\n<p>\u201cPod\u00edan ser beneficiarias, de estas ayudas, las asociaciones culturales sin \u00e1nimo de lucro que programasen y realizasen actividades en el t\u00e9rmino municipal de Carre\u00f1o. El fin de esta ayuda es la de apoyar y completar la acci\u00f3n de las entidades, como queda reflejado en las bases, nunca la de financiar en su totalidad los gastos derivados de la ejecuci\u00f3n de la actividad\u201d coment\u00f3 Cecilia Tasc\u00f3n- Concejala de Cultura-<\/p>\n<p>El importe total de la presente convocatoria ascendi\u00f3 a 22.800\u20ac. Los proyectos presentados a dicha convocatoria han sido dos:<\/p>\n<p>&#8211; La \u201cSemana del Jazz\u201d organizado por Cuatronotes.<\/p>\n<p>&#8211; El Festival Internacional de Piano \u201c Jos\u00e9 Luis Vega, Pelis\u201d organizado por la Banda de M\u00fasica de Cand\u00e1s.<\/p>\n<p>La base sexta de la convocatoria establec\u00eda los criterios de valoraci\u00f3n de las propuestas; el desarrollo t\u00e9cnico del proyecto, el nivel art\u00edstico y procedencia de las actuaciones, la continuidad y per\u00edodo de desarrollo o el inter\u00e9s social y cultural, los costes de los proyectos y f\u00f3rmulas de financiaci\u00f3n. Destacando la valoraci\u00f3n de la repercusi\u00f3n socioecon\u00f3mico de la actividad en la econom\u00eda local y la inclusi\u00f3n de acciones en la programaci\u00f3n que contribuyan al uso, prestigio y visibilidad del asturiano.<\/p>\n<p>Como ya ocurriera en la anterior convocatoria, los concejales y concejalas para el estudio de los proyectos han contado con el asesoramiento t\u00e9cnico de personas expertas en materia musical, con la Agencia de Desarrollo Local y con una experta en Llingua Asturiana. Estas tres personas, tras el estudio de la documentaci\u00f3n presentada por las entidades, han sido las encargadas de valorar las propuestas y realizar los informes pertinentes.<\/p>\n<p>\u201cLa Cultura es uno de los medios para conseguir el desarrollo personal y colectivo de la poblaci\u00f3n. Desde las instituciones p\u00fablicas tenemos la obligaci\u00f3n de potenciar el acceso a la misma como una v\u00eda para el desarrollo y cohesi\u00f3n social. La promoci\u00f3n de la Cultura constituye una actividad que genera riqueza y empleo en nuestra sociedad. Seguimos y seguiremos colaborando con aquellas instituciones que invierten su tiempo y trabajo en nuestro Concejo, para hacerlo m\u00e1s rico culturalmente \u201d se\u00f1al\u00f3 Tasc\u00f3n.<\/p>\n<p>Tras el informe emitido por los t\u00e9cnicos, la Comisi\u00f3n de Cultura ha dictaminado conceder para la celebraci\u00f3n y organizaci\u00f3n de los siguientes eventos musicales una ayuda cuantificada en:<\/p>\n<p>\u00b7 Celebraci\u00f3n del 31 de julio al 5 de agosto \u201cSemana del Jazz\u201d 8.544,5 \u20ac<\/p>\n<p>\u00b7 Del 9 al 13 de agosto \u201cFestival Internacional de Piano Jos\u00e9 Luis Vega Pel\u00eds\u201d 6.365,25 \u20ac<\/p>\n","protected":false},"excerpt":{"rendered":"<p>Desde hace 2 a\u00f1os, el Ayuntamiento de Carre\u00f1o, en su apoyo a las asociaciones locales, convoca una l\u00ednea de subvenciones, en concurrencia competitiva, cuya finalidad es la de ayudar en la promoci\u00f3n y difusi\u00f3n de la cultura, con el fin de mejorar la oferta de actividades musicales y consolidar una red de festivales que sean<\/p>\n","protected":false},"author":1,"featured_media":75251,"comment_status":"closed","ping_status":"closed","sticky":false,"template":"","format":"standard","meta":{"footnotes":""},"categories":[2],"tags":[],"class_list":{"0":"post-75250","1":"post","2":"type-post","3":"status-publish","4":"format-standard","5":"has-post-thumbnail","7":"category-noticias-carreno"},"aioseo_notices":[],"aioseo_head":"\n\t\t<!-- All in One SEO Pro 4.9.6.2 - aioseo.com -->\n\t<meta name=\"description\" content=\"Desde hace 2 a\u00f1os, el Ayuntamiento de Carre\u00f1o, en su apoyo a las asociaciones locales, convoca una l\u00ednea de subvenciones, en concurrencia competitiva, cuya finalidad es la de ayudar en la promoci\u00f3n y difusi\u00f3n de la cultura, con el fin de mejorar la oferta de actividades musicales y consolidar una red de festivales que sean\" \/>\n\t<meta name=\"robots\" content=\"max-image-preview:large\" \/>\n\t<meta name=\"author\" content=\"Cand\u00e1s 365\"\/>\n\t<meta name=\"google-site-verification\" content=\"UA-32230408-1\" \/>\n\t<meta name=\"msvalidate.01\" content=\"354F3CDFB2DA171B47FBE9ABF1F88D5\" \/>\n\t<meta name=\"keywords\" content=\"noticias carre\u00f1o\" \/>\n\t<link rel=\"canonical\" href=\"https:\/\/candas365.es\/noticias\/candas-suena-a-verano\/\" \/>\n\t<meta name=\"generator\" content=\"All in One SEO Pro (AIOSEO) 4.9.6.2\" \/>\n\t\t<meta property=\"og:locale\" content=\"es_ES\" \/>\n\t\t<meta property=\"og:site_name\" content=\"Cand\u00e1s 365\" \/>\n\t\t<meta property=\"og:type\" content=\"article\" \/>\n\t\t<meta property=\"og:title\" content=\"Cand\u00e1s \u201csuena\u201d a verano | Cand\u00e1s 365\" \/>\n\t\t<meta property=\"og:description\" content=\"Desde hace 2 a\u00f1os, el Ayuntamiento de Carre\u00f1o, en su apoyo a las asociaciones locales, convoca una l\u00ednea de subvenciones, en concurrencia competitiva, cuya finalidad es la de ayudar en la promoci\u00f3n y difusi\u00f3n de la cultura, con el fin de mejorar la oferta de actividades musicales y consolidar una red de festivales que sean\" \/>\n\t\t<meta property=\"og:url\" content=\"https:\/\/candas365.es\/noticias\/candas-suena-a-verano\/\" \/>\n\t\t<meta property=\"og:image\" content=\"https:\/\/candas365.es\/noticias\/wp-content\/uploads\/2017\/07\/music-278795_960_720.jpg\" \/>\n\t\t<meta property=\"og:image:secure_url\" content=\"https:\/\/candas365.es\/noticias\/wp-content\/uploads\/2017\/07\/music-278795_960_720.jpg\" \/>\n\t\t<meta property=\"og:image:width\" content=\"960\" \/>\n\t\t<meta property=\"og:image:height\" content=\"678\" \/>\n\t\t<meta property=\"article:published_time\" content=\"2017-07-06T19:24:54+00:00\" \/>\n\t\t<meta property=\"article:modified_time\" content=\"2017-07-06T19:24:54+00:00\" \/>\n\t\t<meta property=\"article:publisher\" content=\"https:\/\/www.facebook.com\/Nachofdezber\" \/>\n\t\t<meta property=\"article:author\" content=\"https:\/\/www.facebook.com\/carrenoactualidad\" \/>\n\t\t<meta name=\"twitter:card\" content=\"summary_large_image\" \/>\n\t\t<meta name=\"twitter:site\" content=\"@NabercoDigital\" \/>\n\t\t<meta name=\"twitter:title\" content=\"Cand\u00e1s \u201csuena\u201d a verano | Cand\u00e1s 365\" \/>\n\t\t<meta name=\"twitter:description\" content=\"Desde hace 2 a\u00f1os, el Ayuntamiento de Carre\u00f1o, en su apoyo a las asociaciones locales, convoca una l\u00ednea de subvenciones, en concurrencia competitiva, cuya finalidad es la de ayudar en la promoci\u00f3n y difusi\u00f3n de la cultura, con el fin de mejorar la oferta de actividades musicales y consolidar una red de festivales que sean\" \/>\n\t\t<meta name=\"twitter:creator\" content=\"@nbasturias\" \/>\n\t\t<meta name=\"twitter:image\" content=\"https:\/\/candas365.es\/noticias\/wp-content\/uploads\/2017\/07\/music-278795_960_720.jpg\" \/>\n\t\t<meta name=\"twitter:label1\" content=\"Escrito por\" \/>\n\t\t<meta name=\"twitter:data1\" content=\"Cand\u00e1s 365\" \/>\n\t\t<meta name=\"twitter:label2\" content=\"Tiempo de lectura estimado\" \/>\n\t\t<meta name=\"twitter:data2\" content=\"3 minutos\" \/>\n\t\t<script type=\"application\/ld+json\" class=\"aioseo-schema\">\n\t\t\t{\"@context\":\"https:\\\/\\\/schema.org\",\"@graph\":[{\"@type\":\"BreadcrumbList\",\"@id\":\"https:\\\/\\\/candas365.es\\\/noticias\\\/candas-suena-a-verano\\\/#breadcrumblist\",\"itemListElement\":[{\"@type\":\"ListItem\",\"@id\":\"https:\\\/\\\/candas365.es\\\/noticias#listItem\",\"position\":1,\"name\":\"Home\",\"item\":\"https:\\\/\\\/candas365.es\\\/noticias\",\"nextItem\":{\"@type\":\"ListItem\",\"@id\":\"https:\\\/\\\/candas365.es\\\/noticias\\\/category\\\/noticias-carreno\\\/#listItem\",\"name\":\"Noticias Carre\\u00f1o\"}},{\"@type\":\"ListItem\",\"@id\":\"https:\\\/\\\/candas365.es\\\/noticias\\\/category\\\/noticias-carreno\\\/#listItem\",\"position\":2,\"name\":\"Noticias Carre\\u00f1o\",\"item\":\"https:\\\/\\\/candas365.es\\\/noticias\\\/category\\\/noticias-carreno\\\/\",\"nextItem\":{\"@type\":\"ListItem\",\"@id\":\"https:\\\/\\\/candas365.es\\\/noticias\\\/candas-suena-a-verano\\\/#listItem\",\"name\":\"Cand\\u00e1s \\u201csuena\\u201d a verano\"},\"previousItem\":{\"@type\":\"ListItem\",\"@id\":\"https:\\\/\\\/candas365.es\\\/noticias#listItem\",\"name\":\"Home\"}},{\"@type\":\"ListItem\",\"@id\":\"https:\\\/\\\/candas365.es\\\/noticias\\\/candas-suena-a-verano\\\/#listItem\",\"position\":3,\"name\":\"Cand\\u00e1s \\u201csuena\\u201d a verano\",\"previousItem\":{\"@type\":\"ListItem\",\"@id\":\"https:\\\/\\\/candas365.es\\\/noticias\\\/category\\\/noticias-carreno\\\/#listItem\",\"name\":\"Noticias Carre\\u00f1o\"}}]},{\"@type\":\"NewsArticle\",\"@id\":\"https:\\\/\\\/candas365.es\\\/noticias\\\/candas-suena-a-verano\\\/#newsarticle\",\"name\":\"Cand\\u00e1s \\u201csuena\\u201d a verano | Cand\\u00e1s 365\",\"headline\":\"Cand\\u00e1s \\u201csuena\\u201d a verano\",\"author\":{\"@id\":\"https:\\\/\\\/candas365.es\\\/noticias\\\/author\\\/admin\\\/#author\"},\"publisher\":{\"@id\":\"https:\\\/\\\/candas365.es\\\/noticias\\\/#organization\"},\"image\":{\"@type\":\"ImageObject\",\"url\":\"https:\\\/\\\/candas365.es\\\/noticias\\\/wp-content\\\/uploads\\\/2017\\\/07\\\/music-278795_960_720.jpg\",\"width\":960,\"height\":678},\"datePublished\":\"2017-07-06T19:24:54+02:00\",\"dateModified\":\"2017-07-06T19:24:54+02:00\",\"inLanguage\":\"es-ES\",\"mainEntityOfPage\":{\"@id\":\"https:\\\/\\\/candas365.es\\\/noticias\\\/candas-suena-a-verano\\\/#webpage\"},\"isPartOf\":{\"@id\":\"https:\\\/\\\/candas365.es\\\/noticias\\\/candas-suena-a-verano\\\/#webpage\"},\"articleSection\":\"Noticias Carre\\u00f1o\",\"dateline\":\"Publicado el julio 6, 2017.\"},{\"@type\":\"Organization\",\"@id\":\"https:\\\/\\\/candas365.es\\\/noticias\\\/#organization\",\"name\":\"Cand\\u00e1s 365\",\"description\":\"Cand\\u00e1s 365 es un diario digital independiente, fundado en 2012, con base en Asturias. Informamos con rigor sobre actualidad, sociedad, cultura y ocio, con una mirada local y global.\",\"url\":\"https:\\\/\\\/candas365.es\\\/noticias\\\/\",\"email\":\"info@candas365.es\",\"telephone\":\"+34652131393\",\"foundingDate\":\"2012-06-10\",\"logo\":{\"@type\":\"ImageObject\",\"url\":\"https:\\\/\\\/candas365.es\\\/noticias\\\/wp-content\\\/uploads\\\/2024\\\/09\\\/Candas-365-Redes.jpg\",\"@id\":\"https:\\\/\\\/candas365.es\\\/noticias\\\/candas-suena-a-verano\\\/#organizationLogo\",\"width\":1152,\"height\":864,\"caption\":\"Cand\\u00e1s 365 Redes\"},\"image\":{\"@id\":\"https:\\\/\\\/candas365.es\\\/noticias\\\/candas-suena-a-verano\\\/#organizationLogo\"},\"sameAs\":[\"https:\\\/\\\/www.facebook.com\\\/Nachofdezber\",\"https:\\\/\\\/x.com\\\/NabercoDigital\",\"https:\\\/\\\/www.instagram.com\\\/nachofdezber\\\/\",\"https:\\\/\\\/www.youtube.com\\\/channel\\\/UCZP-2wLEB9Rv6erhFmqVnvg\"],\"address\":{\"@id\":\"https:\\\/\\\/candas365.es\\\/noticias\\\/#postaladdress\",\"@type\":\"PostalAddress\",\"streetAddress\":\"san antonio 4, san antonio 4\",\"postalCode\":\"33430\",\"addressLocality\":\"Cand\\u00e1s\",\"addressRegion\":\"Asturias\",\"addressCountry\":\"ES\"}},{\"@type\":\"Person\",\"@id\":\"https:\\\/\\\/candas365.es\\\/noticias\\\/author\\\/admin\\\/#author\",\"url\":\"https:\\\/\\\/candas365.es\\\/noticias\\\/author\\\/admin\\\/\",\"name\":\"Cand\\u00e1s 365\",\"image\":{\"@type\":\"ImageObject\",\"@id\":\"https:\\\/\\\/candas365.es\\\/noticias\\\/candas-suena-a-verano\\\/#authorImage\",\"url\":\"https:\\\/\\\/secure.gravatar.com\\\/avatar\\\/496a8e03d0c493ede1718b7934145dbdf8d89be1036b0eec9544e1094c9de390?s=96&d=mm&r=g\",\"width\":96,\"height\":96,\"caption\":\"Cand\\u00e1s 365\"},\"sameAs\":[\"https:\\\/\\\/www.facebook.com\\\/carrenoactualidad\",\"https:\\\/\\\/twitter.com\\\/nbasturias\",\"https:\\\/\\\/www.instagram.com\\\/nachofdezber\\\/\",\"https:\\\/\\\/www.youtube.com\\\/channel\\\/UCZP-2wLEB9Rv6erhFmqVnvg\"]},{\"@type\":\"WebPage\",\"@id\":\"https:\\\/\\\/candas365.es\\\/noticias\\\/candas-suena-a-verano\\\/#webpage\",\"url\":\"https:\\\/\\\/candas365.es\\\/noticias\\\/candas-suena-a-verano\\\/\",\"name\":\"Cand\\u00e1s \\u201csuena\\u201d a verano | Cand\\u00e1s 365\",\"description\":\"Desde hace 2 a\\u00f1os, el Ayuntamiento de Carre\\u00f1o, en su apoyo a las asociaciones locales, convoca una l\\u00ednea de subvenciones, en concurrencia competitiva, cuya finalidad es la de ayudar en la promoci\\u00f3n y difusi\\u00f3n de la cultura, con el fin de mejorar la oferta de actividades musicales y consolidar una red de festivales que sean\",\"inLanguage\":\"es-ES\",\"isPartOf\":{\"@id\":\"https:\\\/\\\/candas365.es\\\/noticias\\\/#website\"},\"breadcrumb\":{\"@id\":\"https:\\\/\\\/candas365.es\\\/noticias\\\/candas-suena-a-verano\\\/#breadcrumblist\"},\"author\":{\"@id\":\"https:\\\/\\\/candas365.es\\\/noticias\\\/author\\\/admin\\\/#author\"},\"creator\":{\"@id\":\"https:\\\/\\\/candas365.es\\\/noticias\\\/author\\\/admin\\\/#author\"},\"image\":{\"@type\":\"ImageObject\",\"url\":\"https:\\\/\\\/candas365.es\\\/noticias\\\/wp-content\\\/uploads\\\/2017\\\/07\\\/music-278795_960_720.jpg\",\"@id\":\"https:\\\/\\\/candas365.es\\\/noticias\\\/candas-suena-a-verano\\\/#mainImage\",\"width\":960,\"height\":678},\"primaryImageOfPage\":{\"@id\":\"https:\\\/\\\/candas365.es\\\/noticias\\\/candas-suena-a-verano\\\/#mainImage\"},\"datePublished\":\"2017-07-06T19:24:54+02:00\",\"dateModified\":\"2017-07-06T19:24:54+02:00\"},{\"@type\":\"WebSite\",\"@id\":\"https:\\\/\\\/candas365.es\\\/noticias\\\/#website\",\"url\":\"https:\\\/\\\/candas365.es\\\/noticias\\\/\",\"name\":\"Cand\\u00e1s 365\",\"alternateName\":\"Cand\\u00e1s 365 Noticias\",\"description\":\"Actualidad desde Carre\\u00f1o para el mundo\",\"inLanguage\":\"es-ES\",\"publisher\":{\"@id\":\"https:\\\/\\\/candas365.es\\\/noticias\\\/#organization\"}}]}\n\t\t<\/script>\n\t\t<!-- All in One SEO Pro -->\r\n\t\t<title>Cand\u00e1s \u201csuena\u201d a verano | Cand\u00e1s 365<\/title>\n\n","aioseo_head_json":{"title":"Cand\u00e1s \u201csuena\u201d a verano | Cand\u00e1s 365","description":"Desde hace 2 a\u00f1os, el Ayuntamiento de Carre\u00f1o, en su apoyo a las asociaciones locales, convoca una l\u00ednea de subvenciones, en concurrencia competitiva, cuya finalidad es la de ayudar en la promoci\u00f3n y difusi\u00f3n de la cultura, con el fin de mejorar la oferta de actividades musicales y consolidar una red de festivales que sean","canonical_url":"https:\/\/candas365.es\/noticias\/candas-suena-a-verano\/","robots":"max-image-preview:large","keywords":"noticias carre\u00f1o","webmasterTools":{"google-site-verification":"UA-32230408-1","msvalidate.01":"354F3CDFB2DA171B47FBE9ABF1F88D5","miscellaneous":""},"schema":{"@context":"https:\/\/schema.org","@graph":[{"@type":"BreadcrumbList","@id":"https:\/\/candas365.es\/noticias\/candas-suena-a-verano\/#breadcrumblist","itemListElement":[{"@type":"ListItem","@id":"https:\/\/candas365.es\/noticias#listItem","position":1,"name":"Home","item":"https:\/\/candas365.es\/noticias","nextItem":{"@type":"ListItem","@id":"https:\/\/candas365.es\/noticias\/category\/noticias-carreno\/#listItem","name":"Noticias Carre\u00f1o"}},{"@type":"ListItem","@id":"https:\/\/candas365.es\/noticias\/category\/noticias-carreno\/#listItem","position":2,"name":"Noticias Carre\u00f1o","item":"https:\/\/candas365.es\/noticias\/category\/noticias-carreno\/","nextItem":{"@type":"ListItem","@id":"https:\/\/candas365.es\/noticias\/candas-suena-a-verano\/#listItem","name":"Cand\u00e1s \u201csuena\u201d a verano"},"previousItem":{"@type":"ListItem","@id":"https:\/\/candas365.es\/noticias#listItem","name":"Home"}},{"@type":"ListItem","@id":"https:\/\/candas365.es\/noticias\/candas-suena-a-verano\/#listItem","position":3,"name":"Cand\u00e1s \u201csuena\u201d a verano","previousItem":{"@type":"ListItem","@id":"https:\/\/candas365.es\/noticias\/category\/noticias-carreno\/#listItem","name":"Noticias Carre\u00f1o"}}]},{"@type":"NewsArticle","@id":"https:\/\/candas365.es\/noticias\/candas-suena-a-verano\/#newsarticle","name":"Cand\u00e1s \u201csuena\u201d a verano | Cand\u00e1s 365","headline":"Cand\u00e1s \u201csuena\u201d a verano","author":{"@id":"https:\/\/candas365.es\/noticias\/author\/admin\/#author"},"publisher":{"@id":"https:\/\/candas365.es\/noticias\/#organization"},"image":{"@type":"ImageObject","url":"https:\/\/candas365.es\/noticias\/wp-content\/uploads\/2017\/07\/music-278795_960_720.jpg","width":960,"height":678},"datePublished":"2017-07-06T19:24:54+02:00","dateModified":"2017-07-06T19:24:54+02:00","inLanguage":"es-ES","mainEntityOfPage":{"@id":"https:\/\/candas365.es\/noticias\/candas-suena-a-verano\/#webpage"},"isPartOf":{"@id":"https:\/\/candas365.es\/noticias\/candas-suena-a-verano\/#webpage"},"articleSection":"Noticias Carre\u00f1o","dateline":"Publicado el julio 6, 2017."},{"@type":"Organization","@id":"https:\/\/candas365.es\/noticias\/#organization","name":"Cand\u00e1s 365","description":"Cand\u00e1s 365 es un diario digital independiente, fundado en 2012, con base en Asturias. Informamos con rigor sobre actualidad, sociedad, cultura y ocio, con una mirada local y global.","url":"https:\/\/candas365.es\/noticias\/","email":"info@candas365.es","telephone":"+34652131393","foundingDate":"2012-06-10","logo":{"@type":"ImageObject","url":"https:\/\/candas365.es\/noticias\/wp-content\/uploads\/2024\/09\/Candas-365-Redes.jpg","@id":"https:\/\/candas365.es\/noticias\/candas-suena-a-verano\/#organizationLogo","width":1152,"height":864,"caption":"Cand\u00e1s 365 Redes"},"image":{"@id":"https:\/\/candas365.es\/noticias\/candas-suena-a-verano\/#organizationLogo"},"sameAs":["https:\/\/www.facebook.com\/Nachofdezber","https:\/\/x.com\/NabercoDigital","https:\/\/www.instagram.com\/nachofdezber\/","https:\/\/www.youtube.com\/channel\/UCZP-2wLEB9Rv6erhFmqVnvg"],"address":{"@id":"https:\/\/candas365.es\/noticias\/#postaladdress","@type":"PostalAddress","streetAddress":"san antonio 4, san antonio 4","postalCode":"33430","addressLocality":"Cand\u00e1s","addressRegion":"Asturias","addressCountry":"ES"}},{"@type":"Person","@id":"https:\/\/candas365.es\/noticias\/author\/admin\/#author","url":"https:\/\/candas365.es\/noticias\/author\/admin\/","name":"Cand\u00e1s 365","image":{"@type":"ImageObject","@id":"https:\/\/candas365.es\/noticias\/candas-suena-a-verano\/#authorImage","url":"https:\/\/secure.gravatar.com\/avatar\/496a8e03d0c493ede1718b7934145dbdf8d89be1036b0eec9544e1094c9de390?s=96&d=mm&r=g","width":96,"height":96,"caption":"Cand\u00e1s 365"},"sameAs":["https:\/\/www.facebook.com\/carrenoactualidad","https:\/\/twitter.com\/nbasturias","https:\/\/www.instagram.com\/nachofdezber\/","https:\/\/www.youtube.com\/channel\/UCZP-2wLEB9Rv6erhFmqVnvg"]},{"@type":"WebPage","@id":"https:\/\/candas365.es\/noticias\/candas-suena-a-verano\/#webpage","url":"https:\/\/candas365.es\/noticias\/candas-suena-a-verano\/","name":"Cand\u00e1s \u201csuena\u201d a verano | Cand\u00e1s 365","description":"Desde hace 2 a\u00f1os, el Ayuntamiento de Carre\u00f1o, en su apoyo a las asociaciones locales, convoca una l\u00ednea de subvenciones, en concurrencia competitiva, cuya finalidad es la de ayudar en la promoci\u00f3n y difusi\u00f3n de la cultura, con el fin de mejorar la oferta de actividades musicales y consolidar una red de festivales que sean","inLanguage":"es-ES","isPartOf":{"@id":"https:\/\/candas365.es\/noticias\/#website"},"breadcrumb":{"@id":"https:\/\/candas365.es\/noticias\/candas-suena-a-verano\/#breadcrumblist"},"author":{"@id":"https:\/\/candas365.es\/noticias\/author\/admin\/#author"},"creator":{"@id":"https:\/\/candas365.es\/noticias\/author\/admin\/#author"},"image":{"@type":"ImageObject","url":"https:\/\/candas365.es\/noticias\/wp-content\/uploads\/2017\/07\/music-278795_960_720.jpg","@id":"https:\/\/candas365.es\/noticias\/candas-suena-a-verano\/#mainImage","width":960,"height":678},"primaryImageOfPage":{"@id":"https:\/\/candas365.es\/noticias\/candas-suena-a-verano\/#mainImage"},"datePublished":"2017-07-06T19:24:54+02:00","dateModified":"2017-07-06T19:24:54+02:00"},{"@type":"WebSite","@id":"https:\/\/candas365.es\/noticias\/#website","url":"https:\/\/candas365.es\/noticias\/","name":"Cand\u00e1s 365","alternateName":"Cand\u00e1s 365 Noticias","description":"Actualidad desde Carre\u00f1o para el mundo","inLanguage":"es-ES","publisher":{"@id":"https:\/\/candas365.es\/noticias\/#organization"}}]},"og:locale":"es_ES","og:site_name":"Cand\u00e1s 365","og:type":"article","og:title":"Cand\u00e1s \u201csuena\u201d a verano | Cand\u00e1s 365","og:description":"Desde hace 2 a\u00f1os, el Ayuntamiento de Carre\u00f1o, en su apoyo a las asociaciones locales, convoca una l\u00ednea de subvenciones, en concurrencia competitiva, cuya finalidad es la de ayudar en la promoci\u00f3n y difusi\u00f3n de la cultura, con el fin de mejorar la oferta de actividades musicales y consolidar una red de festivales que sean","og:url":"https:\/\/candas365.es\/noticias\/candas-suena-a-verano\/","og:image":"https:\/\/candas365.es\/noticias\/wp-content\/uploads\/2017\/07\/music-278795_960_720.jpg","og:image:secure_url":"https:\/\/candas365.es\/noticias\/wp-content\/uploads\/2017\/07\/music-278795_960_720.jpg","og:image:width":960,"og:image:height":678,"article:published_time":"2017-07-06T19:24:54+00:00","article:modified_time":"2017-07-06T19:24:54+00:00","article:publisher":"https:\/\/www.facebook.com\/Nachofdezber","article:author":"https:\/\/www.facebook.com\/carrenoactualidad","twitter:card":"summary_large_image","twitter:site":"@NabercoDigital","twitter:title":"Cand\u00e1s \u201csuena\u201d a verano | Cand\u00e1s 365","twitter:description":"Desde hace 2 a\u00f1os, el Ayuntamiento de Carre\u00f1o, en su apoyo a las asociaciones locales, convoca una l\u00ednea de subvenciones, en concurrencia competitiva, cuya finalidad es la de ayudar en la promoci\u00f3n y difusi\u00f3n de la cultura, con el fin de mejorar la oferta de actividades musicales y consolidar una red de festivales que sean","twitter:creator":"@nbasturias","twitter:image":"https:\/\/candas365.es\/noticias\/wp-content\/uploads\/2017\/07\/music-278795_960_720.jpg","twitter:label1":"Escrito por","twitter:data1":"Cand\u00e1s 365","twitter:label2":"Tiempo de lectura estimado","twitter:data2":"3 minutos"},"aioseo_meta_data":{"post_id":"75250","title":null,"description":null,"keywords":null,"keyphrases":null,"primary_term":null,"canonical_url":null,"og_title":null,"og_description":null,"og_object_type":"default","og_image_type":"default","og_image_url":null,"og_image_width":null,"og_image_height":null,"og_image_custom_url":null,"og_image_custom_fields":null,"og_video":null,"og_custom_url":null,"og_article_section":null,"og_article_tags":null,"twitter_use_og":false,"twitter_card":"default","twitter_image_type":"default","twitter_image_url":null,"twitter_image_custom_url":null,"twitter_image_custom_fields":null,"twitter_title":null,"twitter_description":null,"schema":{"blockGraphs":[],"customGraphs":[],"default":{"data":{"Article":[],"Course":[],"Dataset":[],"FAQPage":[],"Movie":[],"Person":[],"Product":[],"ProductReview":[],"Car":[],"Recipe":[],"Service":[],"SoftwareApplication":[],"WebPage":[]},"graphName":"","isEnabled":true},"graphs":[]},"schema_type":null,"schema_type_options":null,"pillar_content":false,"robots_default":true,"robots_noindex":false,"robots_noarchive":false,"robots_nosnippet":false,"robots_nofollow":false,"robots_noimageindex":false,"robots_noodp":false,"robots_notranslate":false,"robots_max_snippet":null,"robots_max_videopreview":null,"robots_max_imagepreview":"large","priority":null,"frequency":null,"location":null,"local_seo":null,"seo_analyzer_scan_date":"2025-08-25 17:48:41","breadcrumb_settings":null,"limit_modified_date":false,"reviewed_by":null,"open_ai":null,"ai":null,"created":"2020-12-21 12:56:53","updated":"2025-08-25 17:48:41"},"aioseo_breadcrumb":"<div class=\"aioseo-breadcrumbs\"><span class=\"aioseo-breadcrumb\">\n\t<a href=\"https:\/\/candas365.es\/noticias\" title=\"Home\">Home<\/a>\n<\/span><span class=\"aioseo-breadcrumb-separator\">&ndash;<\/span><span class=\"aioseo-breadcrumb\">\n\t<a href=\"https:\/\/candas365.es\/noticias\/category\/noticias-carreno\/\" title=\"Noticias Carre\u00f1o\">Noticias Carre\u00f1o<\/a>\n<\/span><span class=\"aioseo-breadcrumb-separator\">&ndash;<\/span><span class=\"aioseo-breadcrumb\">\n\tCand\u00e1s \u201csuena\u201d a verano\n<\/span><\/div>","aioseo_breadcrumb_json":[{"label":"Home","link":"https:\/\/candas365.es\/noticias"},{"label":"Noticias Carre\u00f1o","link":"https:\/\/candas365.es\/noticias\/category\/noticias-carreno\/"},{"label":"Cand\u00e1s \u201csuena\u201d a verano","link":"https:\/\/candas365.es\/noticias\/candas-suena-a-verano\/"}],"_links":{"self":[{"href":"https:\/\/candas365.es\/noticias\/wp-json\/wp\/v2\/posts\/75250","targetHints":{"allow":["GET"]}}],"collection":[{"href":"https:\/\/candas365.es\/noticias\/wp-json\/wp\/v2\/posts"}],"about":[{"href":"https:\/\/candas365.es\/noticias\/wp-json\/wp\/v2\/types\/post"}],"author":[{"embeddable":true,"href":"https:\/\/candas365.es\/noticias\/wp-json\/wp\/v2\/users\/1"}],"replies":[{"embeddable":true,"href":"https:\/\/candas365.es\/noticias\/wp-json\/wp\/v2\/comments?post=75250"}],"version-history":[{"count":0,"href":"https:\/\/candas365.es\/noticias\/wp-json\/wp\/v2\/posts\/75250\/revisions"}],"wp:featuredmedia":[{"embeddable":true,"href":"https:\/\/candas365.es\/noticias\/wp-json\/wp\/v2\/media\/75251"}],"wp:attachment":[{"href":"https:\/\/candas365.es\/noticias\/wp-json\/wp\/v2\/media?parent=75250"}],"wp:term":[{"taxonomy":"category","embeddable":true,"href":"https:\/\/candas365.es\/noticias\/wp-json\/wp\/v2\/categories?post=75250"},{"taxonomy":"post_tag","embeddable":true,"href":"https:\/\/candas365.es\/noticias\/wp-json\/wp\/v2\/tags?post=75250"}],"curies":[{"name":"wp","href":"https:\/\/api.w.org\/{rel}","templated":true}]}}