{"id":75246,"date":"2017-07-06T19:22:02","date_gmt":"2017-07-06T19:22:02","guid":{"rendered":"http:\/\/candas365.es\/noticias\/?p=75246"},"modified":"2017-07-06T19:22:02","modified_gmt":"2017-07-06T19:22:02","slug":"encuentro-de-docentes-internacionales-en-candas","status":"publish","type":"post","link":"https:\/\/candas365.es\/noticias\/encuentro-de-docentes-internacionales-en-candas\/","title":{"rendered":"Encuentro de docentes internacionales en Cand\u00e1s"},"content":{"rendered":"<p><img fetchpriority=\"high\" decoding=\"async\" class=\"alignleft size-medium wp-image-75247\" src=\"https:\/\/candas365.es\/noticias\/wp-content\/uploads\/2017\/07\/Recepci\u00f3n-Cand\u00e1s-360x270.jpg\" alt=\"\" width=\"360\" height=\"270\" srcset=\"https:\/\/candas365.es\/noticias\/wp-content\/uploads\/2017\/07\/Recepci\u00f3n-Cand\u00e1s-360x270.jpg 360w, https:\/\/candas365.es\/noticias\/wp-content\/uploads\/2017\/07\/Recepci\u00f3n-Cand\u00e1s-768x576.jpg 768w, https:\/\/candas365.es\/noticias\/wp-content\/uploads\/2017\/07\/Recepci\u00f3n-Cand\u00e1s-640x480.jpg 640w, https:\/\/candas365.es\/noticias\/wp-content\/uploads\/2017\/07\/Recepci\u00f3n-Cand\u00e1s-80x60.jpg 80w, https:\/\/candas365.es\/noticias\/wp-content\/uploads\/2017\/07\/Recepci\u00f3n-Cand\u00e1s-265x198.jpg 265w, https:\/\/candas365.es\/noticias\/wp-content\/uploads\/2017\/07\/Recepci\u00f3n-Cand\u00e1s-696x522.jpg 696w, https:\/\/candas365.es\/noticias\/wp-content\/uploads\/2017\/07\/Recepci\u00f3n-Cand\u00e1s-1068x801.jpg 1068w, https:\/\/candas365.es\/noticias\/wp-content\/uploads\/2017\/07\/Recepci\u00f3n-Cand\u00e1s-560x420.jpg 560w, https:\/\/candas365.es\/noticias\/wp-content\/uploads\/2017\/07\/Recepci\u00f3n-Cand\u00e1s-90x67.jpg 90w, https:\/\/candas365.es\/noticias\/wp-content\/uploads\/2017\/07\/Recepci\u00f3n-Cand\u00e1s.jpg 1280w\" sizes=\"(max-width: 360px) 100vw, 360px\" \/>En Cand\u00e1s, hoy se desarroll\u00f3 una intensa jornada en el marco del 2\u00ba Evento Internacional de para Docentes de Personas Adultas. Encuentro que se celebra desde el lunes 3 de Julio hasta el viernes 7 de Julio, para todos los integrantes del Proyecto Erasmus y dentro, el curso de verano de la Universidad de Oviedo. As\u00ed los y las docentes trabajar\u00e1n in situ en Asturias desarrollando competencias para la b\u00fasqueda de empleo y la inclusi\u00f3n, una perspectiva internacional.<\/p>\n<p>En la ma\u00f1ana de hoy, representantes de Italia, Francia, Portugal y Asturias visitaron La Furta en Dupont, el Aula de personas adultas de Cand\u00e1s, el Centro de Escultura Museo Ant\u00f3n y fueron recibidos por la Alcaldesa de Carre\u00f1o. A lo largo del encuentro en Asturias estos profesionales de la Educaci\u00f3n abordar\u00e1n experiencias en la planificaci\u00f3n de la educaci\u00f3n y la ense\u00f1anza de personas adultas y profundizar\u00e1n en el proyecto europeo ERASMUS sobre formaci\u00f3n de personas en riesgo de exclusi\u00f3n.<\/p>\n<p>\u201cQuienes nos visitan son socios del Proyecto Europeo Erasmus KA2, que tiene como objetivo el dise\u00f1o, aplicaci\u00f3n, evaluaci\u00f3n y sistematizaci\u00f3n de un programa de formaci\u00f3n en competencias transversales para el empleo y la inclusi\u00f3n de personas vulnerables\u201d \u2013 explic\u00f3 la alcaldesa.<\/p>\n<p>Tras un encuentro presentaci\u00f3n en la Universidad de Oviedo, la delegaci\u00f3n europea visit\u00f3 Cand\u00e1s.<\/p>\n<p>Concretamente participaron en la visita a Carre\u00f1o una representaci\u00f3n de la Asociaci\u00f3n francesa de ense\u00f1anzas a mayores, tambi\u00e9n del Centro italiano de adultos de Padua, representantes de la Universidad Abierta de Portugal, integrantes del programa para mayores, Gema Alonso Mart\u00ednez, Coordinadora Pruebas libres ESO, Julia Magdalena Garc\u00eda, y la Directora del CEPA de Gij\u00f3n de quien depende el aula de Cand\u00e1s.<\/p>\n<p>\u201cAgradecemos la oportunidad que nos bridan desde el CEPA de Gij\u00f3n de que el aula de Personas Adultas de Cand\u00e1s trabaje con profesionales europeos en la programaci\u00f3n de competencias para el empleo y la inclusi\u00f3n de personas vulnerables. Confiamos que el resultado de este proyecto concluya con una buena gu\u00eda metodol\u00f3gica para el personal docente y avanzar en la formaci\u00f3n de personas m\u00e1s vulnerables\u201d \u2013 concluy\u00f3 la Alcaldesa.<\/p>\n<p>&nbsp;<\/p>\n<p>&nbsp;<\/p>\n<p>&nbsp;<\/p>\n","protected":false},"excerpt":{"rendered":"<p>En Cand\u00e1s, hoy se desarroll\u00f3 una intensa jornada en el marco del 2\u00ba Evento Internacional de para Docentes de Personas Adultas. Encuentro que se celebra desde el lunes 3 de Julio hasta el viernes 7 de Julio, para todos los integrantes del Proyecto Erasmus y dentro, el curso de verano de la Universidad de Oviedo.<\/p>\n","protected":false},"author":1,"featured_media":75247,"comment_status":"closed","ping_status":"closed","sticky":false,"template":"","format":"standard","meta":{"footnotes":""},"categories":[2],"tags":[],"class_list":{"0":"post-75246","1":"post","2":"type-post","3":"status-publish","4":"format-standard","5":"has-post-thumbnail","7":"category-noticias-carreno"},"aioseo_notices":[],"aioseo_head":"\n\t\t<!-- All in One SEO Pro 4.9.6.2 - aioseo.com -->\n\t<meta name=\"description\" content=\"En Cand\u00e1s, hoy se desarroll\u00f3 una intensa jornada en el marco del 2\u00ba Evento Internacional de para Docentes de Personas Adultas. Encuentro que se celebra desde el lunes 3 de Julio hasta el viernes 7 de Julio, para todos los integrantes del Proyecto Erasmus y dentro, el curso de verano de la Universidad de Oviedo.\" \/>\n\t<meta name=\"robots\" content=\"max-image-preview:large\" \/>\n\t<meta name=\"author\" content=\"Cand\u00e1s 365\"\/>\n\t<meta name=\"google-site-verification\" content=\"UA-32230408-1\" \/>\n\t<meta name=\"msvalidate.01\" content=\"354F3CDFB2DA171B47FBE9ABF1F88D5\" \/>\n\t<meta name=\"keywords\" content=\"noticias carre\u00f1o\" \/>\n\t<link rel=\"canonical\" href=\"https:\/\/candas365.es\/noticias\/encuentro-de-docentes-internacionales-en-candas\/\" \/>\n\t<meta name=\"generator\" content=\"All in One SEO Pro (AIOSEO) 4.9.6.2\" \/>\n\t\t<meta property=\"og:locale\" content=\"es_ES\" \/>\n\t\t<meta property=\"og:site_name\" content=\"Cand\u00e1s 365\" \/>\n\t\t<meta property=\"og:type\" content=\"article\" \/>\n\t\t<meta property=\"og:title\" content=\"Encuentro de docentes internacionales en Cand\u00e1s | Cand\u00e1s 365\" \/>\n\t\t<meta property=\"og:description\" content=\"En Cand\u00e1s, hoy se desarroll\u00f3 una intensa jornada en el marco del 2\u00ba Evento Internacional de para Docentes de Personas Adultas. Encuentro que se celebra desde el lunes 3 de Julio hasta el viernes 7 de Julio, para todos los integrantes del Proyecto Erasmus y dentro, el curso de verano de la Universidad de Oviedo.\" \/>\n\t\t<meta property=\"og:url\" content=\"https:\/\/candas365.es\/noticias\/encuentro-de-docentes-internacionales-en-candas\/\" \/>\n\t\t<meta property=\"og:image\" content=\"https:\/\/candas365.es\/noticias\/wp-content\/uploads\/2017\/07\/Recepci\u00f3n-Cand\u00e1s.jpg\" \/>\n\t\t<meta property=\"og:image:secure_url\" content=\"https:\/\/candas365.es\/noticias\/wp-content\/uploads\/2017\/07\/Recepci\u00f3n-Cand\u00e1s.jpg\" \/>\n\t\t<meta property=\"og:image:width\" content=\"1280\" \/>\n\t\t<meta property=\"og:image:height\" content=\"960\" \/>\n\t\t<meta property=\"article:published_time\" content=\"2017-07-06T19:22:02+00:00\" \/>\n\t\t<meta property=\"article:modified_time\" content=\"2017-07-06T19:22:02+00:00\" \/>\n\t\t<meta property=\"article:publisher\" content=\"https:\/\/www.facebook.com\/Nachofdezber\" \/>\n\t\t<meta property=\"article:author\" content=\"https:\/\/www.facebook.com\/carrenoactualidad\" \/>\n\t\t<meta name=\"twitter:card\" content=\"summary_large_image\" \/>\n\t\t<meta name=\"twitter:site\" content=\"@NabercoDigital\" \/>\n\t\t<meta name=\"twitter:title\" content=\"Encuentro de docentes internacionales en Cand\u00e1s | Cand\u00e1s 365\" \/>\n\t\t<meta name=\"twitter:description\" content=\"En Cand\u00e1s, hoy se desarroll\u00f3 una intensa jornada en el marco del 2\u00ba Evento Internacional de para Docentes de Personas Adultas. Encuentro que se celebra desde el lunes 3 de Julio hasta el viernes 7 de Julio, para todos los integrantes del Proyecto Erasmus y dentro, el curso de verano de la Universidad de Oviedo.\" \/>\n\t\t<meta name=\"twitter:creator\" content=\"@nbasturias\" \/>\n\t\t<meta name=\"twitter:image\" content=\"https:\/\/candas365.es\/noticias\/wp-content\/uploads\/2017\/07\/Recepci\u00f3n-Cand\u00e1s.jpg\" \/>\n\t\t<meta name=\"twitter:label1\" content=\"Escrito por\" \/>\n\t\t<meta name=\"twitter:data1\" content=\"Cand\u00e1s 365\" \/>\n\t\t<meta name=\"twitter:label2\" content=\"Tiempo de lectura estimado\" \/>\n\t\t<meta name=\"twitter:data2\" content=\"2 minutos\" \/>\n\t\t<script type=\"application\/ld+json\" class=\"aioseo-schema\">\n\t\t\t{\"@context\":\"https:\\\/\\\/schema.org\",\"@graph\":[{\"@type\":\"BreadcrumbList\",\"@id\":\"https:\\\/\\\/candas365.es\\\/noticias\\\/encuentro-de-docentes-internacionales-en-candas\\\/#breadcrumblist\",\"itemListElement\":[{\"@type\":\"ListItem\",\"@id\":\"https:\\\/\\\/candas365.es\\\/noticias#listItem\",\"position\":1,\"name\":\"Home\",\"item\":\"https:\\\/\\\/candas365.es\\\/noticias\",\"nextItem\":{\"@type\":\"ListItem\",\"@id\":\"https:\\\/\\\/candas365.es\\\/noticias\\\/category\\\/noticias-carreno\\\/#listItem\",\"name\":\"Noticias Carre\\u00f1o\"}},{\"@type\":\"ListItem\",\"@id\":\"https:\\\/\\\/candas365.es\\\/noticias\\\/category\\\/noticias-carreno\\\/#listItem\",\"position\":2,\"name\":\"Noticias Carre\\u00f1o\",\"item\":\"https:\\\/\\\/candas365.es\\\/noticias\\\/category\\\/noticias-carreno\\\/\",\"nextItem\":{\"@type\":\"ListItem\",\"@id\":\"https:\\\/\\\/candas365.es\\\/noticias\\\/encuentro-de-docentes-internacionales-en-candas\\\/#listItem\",\"name\":\"Encuentro de docentes internacionales en Cand\\u00e1s\"},\"previousItem\":{\"@type\":\"ListItem\",\"@id\":\"https:\\\/\\\/candas365.es\\\/noticias#listItem\",\"name\":\"Home\"}},{\"@type\":\"ListItem\",\"@id\":\"https:\\\/\\\/candas365.es\\\/noticias\\\/encuentro-de-docentes-internacionales-en-candas\\\/#listItem\",\"position\":3,\"name\":\"Encuentro de docentes internacionales en Cand\\u00e1s\",\"previousItem\":{\"@type\":\"ListItem\",\"@id\":\"https:\\\/\\\/candas365.es\\\/noticias\\\/category\\\/noticias-carreno\\\/#listItem\",\"name\":\"Noticias Carre\\u00f1o\"}}]},{\"@type\":\"NewsArticle\",\"@id\":\"https:\\\/\\\/candas365.es\\\/noticias\\\/encuentro-de-docentes-internacionales-en-candas\\\/#newsarticle\",\"name\":\"Encuentro de docentes internacionales en Cand\\u00e1s | Cand\\u00e1s 365\",\"headline\":\"Encuentro de docentes internacionales en Cand\\u00e1s\",\"author\":{\"@id\":\"https:\\\/\\\/candas365.es\\\/noticias\\\/author\\\/admin\\\/#author\"},\"publisher\":{\"@id\":\"https:\\\/\\\/candas365.es\\\/noticias\\\/#organization\"},\"image\":{\"@type\":\"ImageObject\",\"url\":\"https:\\\/\\\/candas365.es\\\/noticias\\\/wp-content\\\/uploads\\\/2017\\\/07\\\/Recepci\\u00f3n-Cand\\u00e1s.jpg\",\"width\":1280,\"height\":960},\"datePublished\":\"2017-07-06T19:22:02+02:00\",\"dateModified\":\"2017-07-06T19:22:02+02:00\",\"inLanguage\":\"es-ES\",\"mainEntityOfPage\":{\"@id\":\"https:\\\/\\\/candas365.es\\\/noticias\\\/encuentro-de-docentes-internacionales-en-candas\\\/#webpage\"},\"isPartOf\":{\"@id\":\"https:\\\/\\\/candas365.es\\\/noticias\\\/encuentro-de-docentes-internacionales-en-candas\\\/#webpage\"},\"articleSection\":\"Noticias Carre\\u00f1o\",\"dateline\":\"Publicado el julio 6, 2017.\"},{\"@type\":\"Organization\",\"@id\":\"https:\\\/\\\/candas365.es\\\/noticias\\\/#organization\",\"name\":\"Cand\\u00e1s 365\",\"description\":\"Cand\\u00e1s 365 es un diario digital independiente, fundado en 2012, con base en Asturias. Informamos con rigor sobre actualidad, sociedad, cultura y ocio, con una mirada local y global.\",\"url\":\"https:\\\/\\\/candas365.es\\\/noticias\\\/\",\"email\":\"info@candas365.es\",\"telephone\":\"+34652131393\",\"foundingDate\":\"2012-06-10\",\"logo\":{\"@type\":\"ImageObject\",\"url\":\"https:\\\/\\\/candas365.es\\\/noticias\\\/wp-content\\\/uploads\\\/2024\\\/09\\\/Candas-365-Redes.jpg\",\"@id\":\"https:\\\/\\\/candas365.es\\\/noticias\\\/encuentro-de-docentes-internacionales-en-candas\\\/#organizationLogo\",\"width\":1152,\"height\":864,\"caption\":\"Cand\\u00e1s 365 Redes\"},\"image\":{\"@id\":\"https:\\\/\\\/candas365.es\\\/noticias\\\/encuentro-de-docentes-internacionales-en-candas\\\/#organizationLogo\"},\"sameAs\":[\"https:\\\/\\\/www.facebook.com\\\/Nachofdezber\",\"https:\\\/\\\/x.com\\\/NabercoDigital\",\"https:\\\/\\\/www.instagram.com\\\/nachofdezber\\\/\",\"https:\\\/\\\/www.youtube.com\\\/channel\\\/UCZP-2wLEB9Rv6erhFmqVnvg\"],\"address\":{\"@id\":\"https:\\\/\\\/candas365.es\\\/noticias\\\/#postaladdress\",\"@type\":\"PostalAddress\",\"streetAddress\":\"san antonio 4, san antonio 4\",\"postalCode\":\"33430\",\"addressLocality\":\"Cand\\u00e1s\",\"addressRegion\":\"Asturias\",\"addressCountry\":\"ES\"}},{\"@type\":\"Person\",\"@id\":\"https:\\\/\\\/candas365.es\\\/noticias\\\/author\\\/admin\\\/#author\",\"url\":\"https:\\\/\\\/candas365.es\\\/noticias\\\/author\\\/admin\\\/\",\"name\":\"Cand\\u00e1s 365\",\"image\":{\"@type\":\"ImageObject\",\"@id\":\"https:\\\/\\\/candas365.es\\\/noticias\\\/encuentro-de-docentes-internacionales-en-candas\\\/#authorImage\",\"url\":\"https:\\\/\\\/secure.gravatar.com\\\/avatar\\\/496a8e03d0c493ede1718b7934145dbdf8d89be1036b0eec9544e1094c9de390?s=96&d=mm&r=g\",\"width\":96,\"height\":96,\"caption\":\"Cand\\u00e1s 365\"},\"sameAs\":[\"https:\\\/\\\/www.facebook.com\\\/carrenoactualidad\",\"https:\\\/\\\/twitter.com\\\/nbasturias\",\"https:\\\/\\\/www.instagram.com\\\/nachofdezber\\\/\",\"https:\\\/\\\/www.youtube.com\\\/channel\\\/UCZP-2wLEB9Rv6erhFmqVnvg\"]},{\"@type\":\"WebPage\",\"@id\":\"https:\\\/\\\/candas365.es\\\/noticias\\\/encuentro-de-docentes-internacionales-en-candas\\\/#webpage\",\"url\":\"https:\\\/\\\/candas365.es\\\/noticias\\\/encuentro-de-docentes-internacionales-en-candas\\\/\",\"name\":\"Encuentro de docentes internacionales en Cand\\u00e1s | Cand\\u00e1s 365\",\"description\":\"En Cand\\u00e1s, hoy se desarroll\\u00f3 una intensa jornada en el marco del 2\\u00ba Evento Internacional de para Docentes de Personas Adultas. Encuentro que se celebra desde el lunes 3 de Julio hasta el viernes 7 de Julio, para todos los integrantes del Proyecto Erasmus y dentro, el curso de verano de la Universidad de Oviedo.\",\"inLanguage\":\"es-ES\",\"isPartOf\":{\"@id\":\"https:\\\/\\\/candas365.es\\\/noticias\\\/#website\"},\"breadcrumb\":{\"@id\":\"https:\\\/\\\/candas365.es\\\/noticias\\\/encuentro-de-docentes-internacionales-en-candas\\\/#breadcrumblist\"},\"author\":{\"@id\":\"https:\\\/\\\/candas365.es\\\/noticias\\\/author\\\/admin\\\/#author\"},\"creator\":{\"@id\":\"https:\\\/\\\/candas365.es\\\/noticias\\\/author\\\/admin\\\/#author\"},\"image\":{\"@type\":\"ImageObject\",\"url\":\"https:\\\/\\\/candas365.es\\\/noticias\\\/wp-content\\\/uploads\\\/2017\\\/07\\\/Recepci\\u00f3n-Cand\\u00e1s.jpg\",\"@id\":\"https:\\\/\\\/candas365.es\\\/noticias\\\/encuentro-de-docentes-internacionales-en-candas\\\/#mainImage\",\"width\":1280,\"height\":960},\"primaryImageOfPage\":{\"@id\":\"https:\\\/\\\/candas365.es\\\/noticias\\\/encuentro-de-docentes-internacionales-en-candas\\\/#mainImage\"},\"datePublished\":\"2017-07-06T19:22:02+02:00\",\"dateModified\":\"2017-07-06T19:22:02+02:00\"},{\"@type\":\"WebSite\",\"@id\":\"https:\\\/\\\/candas365.es\\\/noticias\\\/#website\",\"url\":\"https:\\\/\\\/candas365.es\\\/noticias\\\/\",\"name\":\"Cand\\u00e1s 365\",\"alternateName\":\"Cand\\u00e1s 365 Noticias\",\"description\":\"Actualidad desde Carre\\u00f1o para el mundo\",\"inLanguage\":\"es-ES\",\"publisher\":{\"@id\":\"https:\\\/\\\/candas365.es\\\/noticias\\\/#organization\"}}]}\n\t\t<\/script>\n\t\t<!-- All in One SEO Pro -->\r\n\t\t<title>Encuentro de docentes internacionales en Cand\u00e1s | Cand\u00e1s 365<\/title>\n\n","aioseo_head_json":{"title":"Encuentro de docentes internacionales en Cand\u00e1s | Cand\u00e1s 365","description":"En Cand\u00e1s, hoy se desarroll\u00f3 una intensa jornada en el marco del 2\u00ba Evento Internacional de para Docentes de Personas Adultas. Encuentro que se celebra desde el lunes 3 de Julio hasta el viernes 7 de Julio, para todos los integrantes del Proyecto Erasmus y dentro, el curso de verano de la Universidad de Oviedo.","canonical_url":"https:\/\/candas365.es\/noticias\/encuentro-de-docentes-internacionales-en-candas\/","robots":"max-image-preview:large","keywords":"noticias carre\u00f1o","webmasterTools":{"google-site-verification":"UA-32230408-1","msvalidate.01":"354F3CDFB2DA171B47FBE9ABF1F88D5","miscellaneous":""},"schema":{"@context":"https:\/\/schema.org","@graph":[{"@type":"BreadcrumbList","@id":"https:\/\/candas365.es\/noticias\/encuentro-de-docentes-internacionales-en-candas\/#breadcrumblist","itemListElement":[{"@type":"ListItem","@id":"https:\/\/candas365.es\/noticias#listItem","position":1,"name":"Home","item":"https:\/\/candas365.es\/noticias","nextItem":{"@type":"ListItem","@id":"https:\/\/candas365.es\/noticias\/category\/noticias-carreno\/#listItem","name":"Noticias Carre\u00f1o"}},{"@type":"ListItem","@id":"https:\/\/candas365.es\/noticias\/category\/noticias-carreno\/#listItem","position":2,"name":"Noticias Carre\u00f1o","item":"https:\/\/candas365.es\/noticias\/category\/noticias-carreno\/","nextItem":{"@type":"ListItem","@id":"https:\/\/candas365.es\/noticias\/encuentro-de-docentes-internacionales-en-candas\/#listItem","name":"Encuentro de docentes internacionales en Cand\u00e1s"},"previousItem":{"@type":"ListItem","@id":"https:\/\/candas365.es\/noticias#listItem","name":"Home"}},{"@type":"ListItem","@id":"https:\/\/candas365.es\/noticias\/encuentro-de-docentes-internacionales-en-candas\/#listItem","position":3,"name":"Encuentro de docentes internacionales en Cand\u00e1s","previousItem":{"@type":"ListItem","@id":"https:\/\/candas365.es\/noticias\/category\/noticias-carreno\/#listItem","name":"Noticias Carre\u00f1o"}}]},{"@type":"NewsArticle","@id":"https:\/\/candas365.es\/noticias\/encuentro-de-docentes-internacionales-en-candas\/#newsarticle","name":"Encuentro de docentes internacionales en Cand\u00e1s | Cand\u00e1s 365","headline":"Encuentro de docentes internacionales en Cand\u00e1s","author":{"@id":"https:\/\/candas365.es\/noticias\/author\/admin\/#author"},"publisher":{"@id":"https:\/\/candas365.es\/noticias\/#organization"},"image":{"@type":"ImageObject","url":"https:\/\/candas365.es\/noticias\/wp-content\/uploads\/2017\/07\/Recepci\u00f3n-Cand\u00e1s.jpg","width":1280,"height":960},"datePublished":"2017-07-06T19:22:02+02:00","dateModified":"2017-07-06T19:22:02+02:00","inLanguage":"es-ES","mainEntityOfPage":{"@id":"https:\/\/candas365.es\/noticias\/encuentro-de-docentes-internacionales-en-candas\/#webpage"},"isPartOf":{"@id":"https:\/\/candas365.es\/noticias\/encuentro-de-docentes-internacionales-en-candas\/#webpage"},"articleSection":"Noticias Carre\u00f1o","dateline":"Publicado el julio 6, 2017."},{"@type":"Organization","@id":"https:\/\/candas365.es\/noticias\/#organization","name":"Cand\u00e1s 365","description":"Cand\u00e1s 365 es un diario digital independiente, fundado en 2012, con base en Asturias. Informamos con rigor sobre actualidad, sociedad, cultura y ocio, con una mirada local y global.","url":"https:\/\/candas365.es\/noticias\/","email":"info@candas365.es","telephone":"+34652131393","foundingDate":"2012-06-10","logo":{"@type":"ImageObject","url":"https:\/\/candas365.es\/noticias\/wp-content\/uploads\/2024\/09\/Candas-365-Redes.jpg","@id":"https:\/\/candas365.es\/noticias\/encuentro-de-docentes-internacionales-en-candas\/#organizationLogo","width":1152,"height":864,"caption":"Cand\u00e1s 365 Redes"},"image":{"@id":"https:\/\/candas365.es\/noticias\/encuentro-de-docentes-internacionales-en-candas\/#organizationLogo"},"sameAs":["https:\/\/www.facebook.com\/Nachofdezber","https:\/\/x.com\/NabercoDigital","https:\/\/www.instagram.com\/nachofdezber\/","https:\/\/www.youtube.com\/channel\/UCZP-2wLEB9Rv6erhFmqVnvg"],"address":{"@id":"https:\/\/candas365.es\/noticias\/#postaladdress","@type":"PostalAddress","streetAddress":"san antonio 4, san antonio 4","postalCode":"33430","addressLocality":"Cand\u00e1s","addressRegion":"Asturias","addressCountry":"ES"}},{"@type":"Person","@id":"https:\/\/candas365.es\/noticias\/author\/admin\/#author","url":"https:\/\/candas365.es\/noticias\/author\/admin\/","name":"Cand\u00e1s 365","image":{"@type":"ImageObject","@id":"https:\/\/candas365.es\/noticias\/encuentro-de-docentes-internacionales-en-candas\/#authorImage","url":"https:\/\/secure.gravatar.com\/avatar\/496a8e03d0c493ede1718b7934145dbdf8d89be1036b0eec9544e1094c9de390?s=96&d=mm&r=g","width":96,"height":96,"caption":"Cand\u00e1s 365"},"sameAs":["https:\/\/www.facebook.com\/carrenoactualidad","https:\/\/twitter.com\/nbasturias","https:\/\/www.instagram.com\/nachofdezber\/","https:\/\/www.youtube.com\/channel\/UCZP-2wLEB9Rv6erhFmqVnvg"]},{"@type":"WebPage","@id":"https:\/\/candas365.es\/noticias\/encuentro-de-docentes-internacionales-en-candas\/#webpage","url":"https:\/\/candas365.es\/noticias\/encuentro-de-docentes-internacionales-en-candas\/","name":"Encuentro de docentes internacionales en Cand\u00e1s | Cand\u00e1s 365","description":"En Cand\u00e1s, hoy se desarroll\u00f3 una intensa jornada en el marco del 2\u00ba Evento Internacional de para Docentes de Personas Adultas. Encuentro que se celebra desde el lunes 3 de Julio hasta el viernes 7 de Julio, para todos los integrantes del Proyecto Erasmus y dentro, el curso de verano de la Universidad de Oviedo.","inLanguage":"es-ES","isPartOf":{"@id":"https:\/\/candas365.es\/noticias\/#website"},"breadcrumb":{"@id":"https:\/\/candas365.es\/noticias\/encuentro-de-docentes-internacionales-en-candas\/#breadcrumblist"},"author":{"@id":"https:\/\/candas365.es\/noticias\/author\/admin\/#author"},"creator":{"@id":"https:\/\/candas365.es\/noticias\/author\/admin\/#author"},"image":{"@type":"ImageObject","url":"https:\/\/candas365.es\/noticias\/wp-content\/uploads\/2017\/07\/Recepci\u00f3n-Cand\u00e1s.jpg","@id":"https:\/\/candas365.es\/noticias\/encuentro-de-docentes-internacionales-en-candas\/#mainImage","width":1280,"height":960},"primaryImageOfPage":{"@id":"https:\/\/candas365.es\/noticias\/encuentro-de-docentes-internacionales-en-candas\/#mainImage"},"datePublished":"2017-07-06T19:22:02+02:00","dateModified":"2017-07-06T19:22:02+02:00"},{"@type":"WebSite","@id":"https:\/\/candas365.es\/noticias\/#website","url":"https:\/\/candas365.es\/noticias\/","name":"Cand\u00e1s 365","alternateName":"Cand\u00e1s 365 Noticias","description":"Actualidad desde Carre\u00f1o para el mundo","inLanguage":"es-ES","publisher":{"@id":"https:\/\/candas365.es\/noticias\/#organization"}}]},"og:locale":"es_ES","og:site_name":"Cand\u00e1s 365","og:type":"article","og:title":"Encuentro de docentes internacionales en Cand\u00e1s | Cand\u00e1s 365","og:description":"En Cand\u00e1s, hoy se desarroll\u00f3 una intensa jornada en el marco del 2\u00ba Evento Internacional de para Docentes de Personas Adultas. Encuentro que se celebra desde el lunes 3 de Julio hasta el viernes 7 de Julio, para todos los integrantes del Proyecto Erasmus y dentro, el curso de verano de la Universidad de Oviedo.","og:url":"https:\/\/candas365.es\/noticias\/encuentro-de-docentes-internacionales-en-candas\/","og:image":"https:\/\/candas365.es\/noticias\/wp-content\/uploads\/2017\/07\/Recepci\u00f3n-Cand\u00e1s.jpg","og:image:secure_url":"https:\/\/candas365.es\/noticias\/wp-content\/uploads\/2017\/07\/Recepci\u00f3n-Cand\u00e1s.jpg","og:image:width":1280,"og:image:height":960,"article:published_time":"2017-07-06T19:22:02+00:00","article:modified_time":"2017-07-06T19:22:02+00:00","article:publisher":"https:\/\/www.facebook.com\/Nachofdezber","article:author":"https:\/\/www.facebook.com\/carrenoactualidad","twitter:card":"summary_large_image","twitter:site":"@NabercoDigital","twitter:title":"Encuentro de docentes internacionales en Cand\u00e1s | Cand\u00e1s 365","twitter:description":"En Cand\u00e1s, hoy se desarroll\u00f3 una intensa jornada en el marco del 2\u00ba Evento Internacional de para Docentes de Personas Adultas. Encuentro que se celebra desde el lunes 3 de Julio hasta el viernes 7 de Julio, para todos los integrantes del Proyecto Erasmus y dentro, el curso de verano de la Universidad de Oviedo.","twitter:creator":"@nbasturias","twitter:image":"https:\/\/candas365.es\/noticias\/wp-content\/uploads\/2017\/07\/Recepci\u00f3n-Cand\u00e1s.jpg","twitter:label1":"Escrito por","twitter:data1":"Cand\u00e1s 365","twitter:label2":"Tiempo de lectura estimado","twitter:data2":"2 minutos"},"aioseo_meta_data":{"post_id":"75246","title":null,"description":null,"keywords":null,"keyphrases":null,"primary_term":null,"canonical_url":null,"og_title":null,"og_description":null,"og_object_type":"default","og_image_type":"default","og_image_url":null,"og_image_width":null,"og_image_height":null,"og_image_custom_url":null,"og_image_custom_fields":null,"og_video":null,"og_custom_url":null,"og_article_section":null,"og_article_tags":null,"twitter_use_og":false,"twitter_card":"default","twitter_image_type":"default","twitter_image_url":null,"twitter_image_custom_url":null,"twitter_image_custom_fields":null,"twitter_title":null,"twitter_description":null,"schema":{"blockGraphs":[],"customGraphs":[],"default":{"data":{"Article":[],"Course":[],"Dataset":[],"FAQPage":[],"Movie":[],"Person":[],"Product":[],"ProductReview":[],"Car":[],"Recipe":[],"Service":[],"SoftwareApplication":[],"WebPage":[]},"graphName":"","isEnabled":true},"graphs":[]},"schema_type":null,"schema_type_options":null,"pillar_content":false,"robots_default":true,"robots_noindex":false,"robots_noarchive":false,"robots_nosnippet":false,"robots_nofollow":false,"robots_noimageindex":false,"robots_noodp":false,"robots_notranslate":false,"robots_max_snippet":null,"robots_max_videopreview":null,"robots_max_imagepreview":"large","priority":null,"frequency":null,"location":null,"local_seo":null,"seo_analyzer_scan_date":"2025-08-25 17:48:40","breadcrumb_settings":null,"limit_modified_date":false,"reviewed_by":null,"open_ai":null,"ai":null,"created":"2020-12-21 12:56:53","updated":"2025-08-25 17:48:40"},"aioseo_breadcrumb":"<div class=\"aioseo-breadcrumbs\"><span class=\"aioseo-breadcrumb\">\n\t<a href=\"https:\/\/candas365.es\/noticias\" title=\"Home\">Home<\/a>\n<\/span><span class=\"aioseo-breadcrumb-separator\">&ndash;<\/span><span class=\"aioseo-breadcrumb\">\n\t<a href=\"https:\/\/candas365.es\/noticias\/category\/noticias-carreno\/\" title=\"Noticias Carre\u00f1o\">Noticias Carre\u00f1o<\/a>\n<\/span><span class=\"aioseo-breadcrumb-separator\">&ndash;<\/span><span class=\"aioseo-breadcrumb\">\n\tEncuentro de docentes internacionales en Cand\u00e1s\n<\/span><\/div>","aioseo_breadcrumb_json":[{"label":"Home","link":"https:\/\/candas365.es\/noticias"},{"label":"Noticias Carre\u00f1o","link":"https:\/\/candas365.es\/noticias\/category\/noticias-carreno\/"},{"label":"Encuentro de docentes internacionales en Cand\u00e1s","link":"https:\/\/candas365.es\/noticias\/encuentro-de-docentes-internacionales-en-candas\/"}],"_links":{"self":[{"href":"https:\/\/candas365.es\/noticias\/wp-json\/wp\/v2\/posts\/75246","targetHints":{"allow":["GET"]}}],"collection":[{"href":"https:\/\/candas365.es\/noticias\/wp-json\/wp\/v2\/posts"}],"about":[{"href":"https:\/\/candas365.es\/noticias\/wp-json\/wp\/v2\/types\/post"}],"author":[{"embeddable":true,"href":"https:\/\/candas365.es\/noticias\/wp-json\/wp\/v2\/users\/1"}],"replies":[{"embeddable":true,"href":"https:\/\/candas365.es\/noticias\/wp-json\/wp\/v2\/comments?post=75246"}],"version-history":[{"count":0,"href":"https:\/\/candas365.es\/noticias\/wp-json\/wp\/v2\/posts\/75246\/revisions"}],"wp:featuredmedia":[{"embeddable":true,"href":"https:\/\/candas365.es\/noticias\/wp-json\/wp\/v2\/media\/75247"}],"wp:attachment":[{"href":"https:\/\/candas365.es\/noticias\/wp-json\/wp\/v2\/media?parent=75246"}],"wp:term":[{"taxonomy":"category","embeddable":true,"href":"https:\/\/candas365.es\/noticias\/wp-json\/wp\/v2\/categories?post=75246"},{"taxonomy":"post_tag","embeddable":true,"href":"https:\/\/candas365.es\/noticias\/wp-json\/wp\/v2\/tags?post=75246"}],"curies":[{"name":"wp","href":"https:\/\/api.w.org\/{rel}","templated":true}]}}